{"id":612,"date":"2020-03-13T19:35:12","date_gmt":"2020-03-13T19:35:12","guid":{"rendered":"https:\/\/www.affinite.fr\/index.php\/2020\/03\/13\/free-mobile-offre-1-go-de-donnees-aux-abonnes-a-0-et-2-euros-jusqua-fin-avril\/"},"modified":"2020-03-13T19:35:12","modified_gmt":"2020-03-13T19:35:12","slug":"free-mobile-offre-1-go-de-donnees-aux-abonnes-a-0-et-2-euros-jusqua-fin-avril","status":"publish","type":"post","link":"http:\/\/www.affinite.fr\/index.php\/2020\/03\/13\/free-mobile-offre-1-go-de-donnees-aux-abonnes-a-0-et-2-euros-jusqua-fin-avril\/","title":{"rendered":"Free Mobile offre 1 Go de donn\u00e9es aux abonn\u00e9s \u00e0 0 et 2 euros jusqu\u2019\u00e0 fin avril"},"content":{"rendered":"<p> [ad_1]<br \/>\n<br \/><img decoding=\"async\" src=\"https:\/\/img.bfmtv.com\/i\/0\/0\/7be\/f29f48b6f00e77a43ff1ee48e3851.jpg\" \/><\/p>\n<div itemprop=\"articleBody\">\n<p>La branche mobile de l\u2019op\u00e9rateur Free fait un petit <a href=\"http:\/\/www.affinite.fr\/index.php\/2024\/12\/08\/chere-maman-et-si-ce-noel-vous-offriez-a-votre-ado-un-avenir-%f0%9f%8e%84%e2%9c%a8\/\">cadeau<\/a> \u00e0 ses souscripteurs des petits forfaits : tous les abonn\u00e9s aux offres mobiles \u00e0 0 et 2 euros vont voir leur enveloppe de donn\u00e9es passer de 50 Mo \u00e0 1 Go jusqu\u2019\u00e0 fin avril, et ce gratuitement.<\/p>\n<p>En r\u00e9action \u00e0 la fermeture des \u00e9coles annonc\u00e9es par le pr\u00e9sident de la R\u00e9publique hier soir, Free Mobile entend ici aider les \u00ab <em>coll\u00e9giens, lyc\u00e9ens et \u00e9tudiants fortement repr\u00e9sent\u00e9s parmi [leurs] abonn\u00e9s 0 et 2 euros<\/em>. \u00bb Free pr\u00e9cise qu\u2019aucune op\u00e9ration n\u2019est \u00e0 r\u00e9aliser c\u00f4t\u00e9 client, \u00ab <em>l\u2019ajustement de leur forfait se fait sans surco\u00fbt, automatiquement et imm\u00e9diatement<\/em> \u00bb, dixit le communiqu\u00e9 de presse.<\/p>\n<aside class=\"bg-color-0 padding-inside-all-s bloc border-s\">\n<h4 class=\"box-txt-normal\">\n<div class=\"\">\n<p><strong>\u00c0 d\u00e9couvrir aussi en vid\u00e9o<\/strong><\/p>\n<\/div>\n<\/h4>\n<\/aside>\n<p>Une bonne op\u00e9ration de communication pour Free, mais aussi un vrai cadeau pour les usagers, notamment les plus modestes qui ne b\u00e9n\u00e9ficient pas d\u2019une ligne de connexion \u00e0 Internet fixe \u00e0 leur domicile.<\/p>\n<p><strong>Source <\/strong>: <a href=\"https:\/\/www.iliad.fr\/presse\/2020\/CP_130320.pdf\" target=\"_blank\" rel=\"noopener noreferrer\">communiqu\u00e9 de presse<\/a><\/p>\n<\/p><\/div>\n<p><script>\n         !function(f,b,e,v,n,t,s){if(f.fbq)return;n=f.fbq=function()\n         {n.callMethod? n.callMethod.apply(n,arguments):n.queue.push(arguments)}\n         ;if(!f._fbq)f._fbq=n;\n             n.push=n;n.loaded=!0;n.version='2.0';n.queue=[];t=b.createElement(e);t.async=!0;\n             t.src=v;s=b.getElementsByTagName(e)[0];s.parentNode.insertBefore(t,s)}(window,\n                 document,'script','https:\/\/connect.facebook.net\/en_US\/fbevents.js');\n         fbq('init', '1065890633454496');\n         fbq('track', 'PageView');\n     <\/script><br \/>\n<br \/>[ad_2]<br \/>\n<br \/><a href=\"https:\/\/www.01net.com\/actualites\/fermeture-des-ecoles-free-mobile-offre-1go-de-donnees-aux-abonnees-a-0euro-et-2euro-jusqu-a-fin-avril-1874239.html\">Source link <\/a><\/p>\n","protected":false},"excerpt":{"rendered":"<p>[ad_1] La branche mobile de l\u2019op\u00e9rateur Free fait un petit cadeau \u00e0 ses souscripteurs des petits forfaits : tous les &hellip; <a href=\"http:\/\/www.affinite.fr\/index.php\/2020\/03\/13\/free-mobile-offre-1-go-de-donnees-aux-abonnes-a-0-et-2-euros-jusqua-fin-avril\/\" class=\"more-link\">Plus <span class=\"screen-reader-text\">Free Mobile offre 1 Go de donn\u00e9es aux abonn\u00e9s \u00e0 0 et 2 euros jusqu\u2019\u00e0 fin avril<\/span> <span class=\"meta-nav\">&rarr;<\/span><\/a><\/p>\n","protected":false},"author":1,"featured_media":613,"comment_status":"open","ping_status":"open","sticky":false,"template":"","format":"standard","meta":{"_sitemap_exclude":false,"_sitemap_priority":"","_sitemap_frequency":"","footnotes":""},"categories":[1],"tags":[],"class_list":["post-612","post","type-post","status-publish","format-standard","has-post-thumbnail","hentry","category-tous"],"_links":{"self":[{"href":"http:\/\/www.affinite.fr\/index.php\/wp-json\/wp\/v2\/posts\/612"}],"collection":[{"href":"http:\/\/www.affinite.fr\/index.php\/wp-json\/wp\/v2\/posts"}],"about":[{"href":"http:\/\/www.affinite.fr\/index.php\/wp-json\/wp\/v2\/types\/post"}],"author":[{"embeddable":true,"href":"http:\/\/www.affinite.fr\/index.php\/wp-json\/wp\/v2\/users\/1"}],"replies":[{"embeddable":true,"href":"http:\/\/www.affinite.fr\/index.php\/wp-json\/wp\/v2\/comments?post=612"}],"version-history":[{"count":0,"href":"http:\/\/www.affinite.fr\/index.php\/wp-json\/wp\/v2\/posts\/612\/revisions"}],"wp:featuredmedia":[{"embeddable":true,"href":"http:\/\/www.affinite.fr\/index.php\/wp-json\/wp\/v2\/media\/613"}],"wp:attachment":[{"href":"http:\/\/www.affinite.fr\/index.php\/wp-json\/wp\/v2\/media?parent=612"}],"wp:term":[{"taxonomy":"category","embeddable":true,"href":"http:\/\/www.affinite.fr\/index.php\/wp-json\/wp\/v2\/categories?post=612"},{"taxonomy":"post_tag","embeddable":true,"href":"http:\/\/www.affinite.fr\/index.php\/wp-json\/wp\/v2\/tags?post=612"}],"curies":[{"name":"wp","href":"https:\/\/api.w.org\/{rel}","templated":true}]}}