{"id":6109,"date":"2021-03-22T20:19:08","date_gmt":"2021-03-22T20:19:08","guid":{"rendered":"https:\/\/www.affinite.fr\/index.php\/2021\/03\/22\/bruno-le-maire-explique-les-restrictions-et-envisage-des-soldes-de-printemps\/"},"modified":"2021-03-22T20:19:08","modified_gmt":"2021-03-22T20:19:08","slug":"bruno-le-maire-explique-les-restrictions-et-envisage-des-soldes-de-printemps","status":"publish","type":"post","link":"http:\/\/www.affinite.fr\/index.php\/2021\/03\/22\/bruno-le-maire-explique-les-restrictions-et-envisage-des-soldes-de-printemps\/","title":{"rendered":"Bruno Le Maire explique les restrictions et envisage des \u00ab\u00a0soldes de printemps\u00a0\u00bb"},"content":{"rendered":"<p> [ad_1]<br \/>\n<br \/><img decoding=\"async\" src=\"https:\/\/img-3.journaldesfemmes.fr\/LP07A_vbqEmWoiMpOP4Rrj8_vHw=\/1280x\/smart\/40fc2ca3c583439a9099e2408606225d\/ccmcms-jdf\/23348038.jpg\" \/><\/p>\n<p>\n                \u00ab\u00a0Je ne dis pas que c&rsquo;est parfait&#8230;\u00a0\u00bb. Le ministre de l&rsquo;\u00c9conomie Bruno Le Maire \u00e9tait l&rsquo;invit\u00e9 de RTL ce lundi 22\u00a0mars. L&rsquo;occasion pour lui de d\u00e9fendre la ligne du gouvernement face aux incompr\u00e9hensions suscit\u00e9es par les nouvelles mesures de restriction.            <\/p>\n<div>\n<p>Invit\u00e9 de la <strong>matinale de RTL<\/strong>, le ministre de l&rsquo;\u00e9conomie <strong>Bruno Lemaire<\/strong> est notamment revenu sur <strong>l&rsquo;incompr\u00e9hension qu&rsquo;ont pu susciter les nouvelles mesures de restrictions prises par l&rsquo;ex\u00e9cutif jeudi 18\u00a0mars<\/strong>. Mal comprises, ces mesures ont \u00e9t\u00e9 l&rsquo;objet durant tout le week-end d&rsquo;interrogations en tous genres.<br \/>Quels magasins restent ouverts ?\u00a0Lesquels ferment ?\u00a0Peut-on aller \u00e0 dix ou bien \u00e0 trente kilom\u00e8tres de son domicile pour effectuer ses achats si l&rsquo;on se trouve dans l&rsquo;un des seize d\u00e9partements concern\u00e9s par les nouvelles mesures ?\u00a0L&rsquo;ex\u00e9cutif a sembl\u00e9 dans la difficult\u00e9 de clarifier la situation, en plus de celle sur l&rsquo;attestation, pendant le weekend.\u00a0<\/p>\n<h2>Les Fran\u00e7ais sont invit\u00e9s \u00e0 passer le plus de temps possible \u00e0 l&rsquo;ext\u00e9rieur<\/h2>\n<p>Le Maire a tenu a rappeler\u00a0un message d\u00e9j\u00e0 r\u00e9p\u00e9t\u00e9 plusieurs fois depuis le 18\u00a0mars.\u00a0<strong>Il est pr\u00e9f\u00e9rable de passer le plus de temps possible dehors<\/strong>, o\u00f9 les risques de contamination sont moindres afin de <em>\u00ab\u00a0limiter la circulation des personnes dans des lieux clos\u00a0\u00bb<\/em> comme l&rsquo;a r\u00e9p\u00e9t\u00e9 le ministre de l&rsquo;\u00e9conomie.\u00a0Il en a profit\u00e9 pour une nouvelle\u00a0fois exhorter les\u00a0Fran\u00e7ais \u00e0 faire preuve de solidarit\u00e9 dans la p\u00e9riode en respectant ces consignes.\u00a0<\/p>\n<div class=\"ccminsert\">\n<blockquote class=\"twitter-tweet\">\n<p dir=\"ltr\" lang=\"fr\">Nous sommes dans une p\u00e9riode tr\u00e8s difficile.<br \/>Nous ne nous en sortirons quensemble. Il faut que collectivement nous soyons responsables.<br \/>La France ne sen sortira quunie et rassembl\u00e9e. <a href=\"https:\/\/twitter.com\/hashtag\/RTLMatin?src=hash&amp;ref_src=twsrc%5Etfw\">#RTLMatin<\/a> <a href=\"https:\/\/t.co\/S8c9g3sktD\">pic.twitter.com\/S8c9g3sktD<\/a><\/p>\n<p>\u2014 Bruno Le Maire (@BrunoLeMaire) <a href=\"https:\/\/twitter.com\/BrunoLeMaire\/status\/1373904981183565825?ref_src=twsrc%5Etfw\">March 22, 2021<\/a><\/p><\/blockquote>\n<\/div>\n<h2>Encore du flou sur la liste des commerces essentiels<\/h2>\n<p>Mais Bruno Le Maire a aussi avou\u00e9 que <strong>ce n&rsquo;\u00e9tait pas la solution id\u00e9ale<\/strong>. Il s&rsquo;est expliqu\u00e9 sur la liste de commerces jug\u00e9s essentiels rendue publique vendredi 19 mars.\u00a0<\/p>\n<p><strong>Les fleuristes, qui peuvent rester ouverts, font la moiti\u00e9 de leur chiffre d&rsquo;affaire au printemps<\/strong> et allaient p\u00e2tir de ces nouvelles restrictions.\u00a0<\/p>\n<p>Il subsiste encore quelques paradoxes, comme le fait que <strong>les cordonniers puissent rester ouverts tandis que les magasins de chaussures sont ferm\u00e9s<\/strong> dans les 16\u00a0d\u00e9partements concern\u00e9s.\u00a0Il s&rsquo;est d&rsquo;ailleurs dit ouvert \u00e0 analyser toutes les situations qui feraient d\u00e9bat.\u00a0<\/p>\n<h2>Soldes de printemps<\/h2>\n<p>Face aux critiques de l&rsquo;opposition qui accusent le gouvernement de ne pas nommer les choses, <strong>Bruno Le Maire reste persuad\u00e9 que ces nouvelles mesures auront un impact sur la situation<\/strong>, sans savoir n\u00e9anmoins si cela sera suffisant.\u00a0<\/p>\n<p>Il en a \u00e9galement profit\u00e9 pour \u00e9voquer la <strong>possibilit\u00e9 de \u00ab\u00a0soldes de printemps\u00a0\u00bb.<\/strong>\u00a0<\/p>\n<aside id=\"NL_1998109944\" class=\"newsletter_subscription jNlBlock\"><noscript><br \/>\n            <\/noscript><\/p>\n<h3 class=\"newsletter_subscription-title\">Newsletter <\/h3>\n<p><a href=\"\/\/mailing.ccmbg.com\/archive\/last-85\" target=\"_blank\" class=\"a_hover\" rel=\"noopener noreferrer\">Voir un exemple<\/a><\/p>\n<\/aside>\n<p>Soldes qui permettraient\u00a0de liquider les stocks des commer\u00e7ants ferm\u00e9s, des magasins qui ont d\u00e9j\u00e0 connu\u00a0une p\u00e9riode de\u00a0soldes d&rsquo;hiver compliqu\u00e9e \u00e0 cause du <a href=\"https:\/\/www.journaldesfemmes.fr\/societe\/actu\/2667169-couvre-feu-19h-castex-droit-attestation-permis-autorise-courses-ecole-travail-commerces-magasins\/\" title=\"Couvre-feu\">couvre-feu<\/a> \u00e0 18h.\u00a0<\/p>\n<p>Les soldes d&rsquo;\u00e9t\u00e9 sont eux\u00a0toujours\u00a0pr\u00e9vus du 23\u00a0juin au 20\u00a0juillet.<\/p>\n<\/p><\/div>\n<p><script async src=\"http:\/\/platform.twitter.com\/widgets.js\" charset=\"utf-8\"><\/script><br \/>\n<br \/>[ad_2]<br \/>\n<br \/><a href=\"https:\/\/www.journaldesfemmes.fr\/societe\/actu\/2704705-bruno-le-maire-confinement-commerces-magasins-fleuristes-soldes-liquidations\/\">Source link <\/a><\/p>\n","protected":false},"excerpt":{"rendered":"<p>[ad_1] \u00ab\u00a0Je ne dis pas que c&rsquo;est parfait&#8230;\u00a0\u00bb. Le ministre de l&rsquo;\u00c9conomie Bruno Le Maire \u00e9tait l&rsquo;invit\u00e9 de RTL ce &hellip; <a href=\"http:\/\/www.affinite.fr\/index.php\/2021\/03\/22\/bruno-le-maire-explique-les-restrictions-et-envisage-des-soldes-de-printemps\/\" class=\"more-link\">Plus <span class=\"screen-reader-text\">Bruno Le Maire explique les restrictions et envisage des \u00ab\u00a0soldes de printemps\u00a0\u00bb<\/span> <span class=\"meta-nav\">&rarr;<\/span><\/a><\/p>\n","protected":false},"author":1,"featured_media":6110,"comment_status":"open","ping_status":"open","sticky":false,"template":"","format":"standard","meta":{"_sitemap_exclude":false,"_sitemap_priority":"","_sitemap_frequency":"","footnotes":""},"categories":[1],"tags":[],"class_list":["post-6109","post","type-post","status-publish","format-standard","has-post-thumbnail","hentry","category-tous"],"_links":{"self":[{"href":"http:\/\/www.affinite.fr\/index.php\/wp-json\/wp\/v2\/posts\/6109"}],"collection":[{"href":"http:\/\/www.affinite.fr\/index.php\/wp-json\/wp\/v2\/posts"}],"about":[{"href":"http:\/\/www.affinite.fr\/index.php\/wp-json\/wp\/v2\/types\/post"}],"author":[{"embeddable":true,"href":"http:\/\/www.affinite.fr\/index.php\/wp-json\/wp\/v2\/users\/1"}],"replies":[{"embeddable":true,"href":"http:\/\/www.affinite.fr\/index.php\/wp-json\/wp\/v2\/comments?post=6109"}],"version-history":[{"count":0,"href":"http:\/\/www.affinite.fr\/index.php\/wp-json\/wp\/v2\/posts\/6109\/revisions"}],"wp:featuredmedia":[{"embeddable":true,"href":"http:\/\/www.affinite.fr\/index.php\/wp-json\/wp\/v2\/media\/6110"}],"wp:attachment":[{"href":"http:\/\/www.affinite.fr\/index.php\/wp-json\/wp\/v2\/media?parent=6109"}],"wp:term":[{"taxonomy":"category","embeddable":true,"href":"http:\/\/www.affinite.fr\/index.php\/wp-json\/wp\/v2\/categories?post=6109"},{"taxonomy":"post_tag","embeddable":true,"href":"http:\/\/www.affinite.fr\/index.php\/wp-json\/wp\/v2\/tags?post=6109"}],"curies":[{"name":"wp","href":"https:\/\/api.w.org\/{rel}","templated":true}]}}