{"id":6103,"date":"2021-03-20T23:58:30","date_gmt":"2021-03-20T23:58:30","guid":{"rendered":"https:\/\/www.affinite.fr\/index.php\/2021\/03\/20\/il-etait-une-fois-la-patisserie-91\/"},"modified":"2021-03-20T23:58:30","modified_gmt":"2021-03-20T23:58:30","slug":"il-etait-une-fois-la-patisserie-91","status":"publish","type":"post","link":"http:\/\/www.affinite.fr\/index.php\/2021\/03\/20\/il-etait-une-fois-la-patisserie-91\/","title":{"rendered":"Il \u00e9tait une fois la p\u00e2tisserie"},"content":{"rendered":"<p> [ad_1]<br \/>\n<\/p>\n<div>\nLe 20 mars, c&rsquo;est la journ\u00e9e internationale des macarons ! Je n&rsquo;ai donc pas le choix que de vous proposer une nouvelle recette avec des <span style=\"font-size: large;\"><b><span class=\"fn\">macarons vanille et caramel<\/span><\/b><\/span>. Et pour changer un peu, j&rsquo;ai poch\u00e9 ma ganache vanille en forme de fleurs&#8230; Voici donc des macarons aussi beaux que bons !<\/p>\n<p>La recette en vid\u00e9o est ici : <span class=\"lienamazon\"><a href=\"https:\/\/youtu.be\/2oRyzAQyZ5s\" target=\"_blank\" rel=\"noopener noreferrer\">macarons vanille caramel en vid\u00e9o<\/a><\/span>.<\/p>\n<div class=\"separator\" style=\"clear: both; text-align: center;\">\n<a href=\"https:\/\/www.iletaitunefoislapatisserie.com\/2021\/03\/macarons-ganache-vanille-et-caramel.html\"><img decoding=\"async\" alt=\"macarons-vanille-caramel\" border=\"0\" data-original-height=\"725\" data-original-width=\"1200\" src=\"https:\/\/1.bp.blogspot.com\/-akRu8b1owvo\/YFYSVu7U1eI\/AAAAAAABZvc\/YPy7seVOU0MRkXKhudbqxjuR4iSucKg-ACLcBGAsYHQ\/s16000\/macarons-fleurs.jpg\" title=\"Macarons ganache vanille\" width=\"100%\"\/><\/a><\/div>\n<p><a name=\"more\"\/>J&rsquo;ai d\u00e9j\u00e0 post\u00e9 sur le blog une recette de <a href=\"https:\/\/www.iletaitunefoislapatisserie.com\/2013\/10\/macarons-la-vanille.html\">macarons \u00e0 la vanille<\/a>, garnis avec une <b>cr\u00e8me p\u00e2tissi\u00e8re<\/b>. Cette recette avec <b>ganache <\/b>est tr\u00e8s diff\u00e9rente au go\u00fbt et se conserve mieux (m\u00eame si l&rsquo;autre reste d\u00e9licieuse mais, malheureusement, les macarons prennent vite l&rsquo;humidit\u00e9 \u00e0 cause la cr\u00e8me p\u00e2tissi\u00e8re).<\/p>\n<p>Et puis la petite pointe de <a href=\"https:\/\/www.iletaitunefoislapatisserie.com\/2014\/07\/le-caramel-au-beurre-sale.html\">caramel au beurre sal\u00e9<\/a> ajoute pas mal de gourmandise, c&rsquo;est certain !<\/p>\n<div style=\"text-align: center;\"><img decoding=\"async\" alt=\"macarons-vanille\" border=\"0\" data-original-height=\"900\" data-original-width=\"650\" src=\"https:\/\/1.bp.blogspot.com\/-awVs85sa7XY\/YFYSWV6es0I\/AAAAAAABZvs\/r7_EPdl9TyEadeMXC3zNEwmMytJjNc1bwCLcBGAsYHQ\/s16000\/recette-macarons-vanille-caramel.jpg\" title=\"Macarons vanille caramel\"\/><\/div>\n<p><\/p>\n<div style=\"text-align: left;\">Aucune difficult\u00e9 pour r\u00e9aliser les fleurs : il suffit d&rsquo;avoir la bonne douille, et le coup de main viendra tr\u00e8s vite ! Vous raterez peut-\u00eatre les 2 premi\u00e8res, et ensuite \u00e7a ira tout seul. regardez bien <a href=\"https:\/\/youtu.be\/2oRyzAQyZ5s\">la vid\u00e9o<\/a>, j&rsquo;en ai poch\u00e9es plusieurs pour que vous puissiez bien voir comment faire.<\/div>\n<p>Comme d&rsquo;habitude, j&rsquo;ai pr\u00e9par\u00e9 des coques \u00e0 macarons avec une <a href=\"https:\/\/www.iletaitunefoislapatisserie.com\/2017\/08\/la-meringue-italienne.html\" target=\"_blank\" rel=\"noopener noreferrer\">meringue italienne<\/a>. Je les r\u00e9ussis toujours mieux qu&rsquo;avec la meringue fran\u00e7aise dont la cuisson est tr\u00e8s d\u00e9licate.<\/p>\n<p>Si vous avez des questions sur les coques, n&rsquo;h\u00e9sitez pas \u00e0 consulter cet article : <a href=\"https:\/\/www.iletaitunefoislapatisserie.com\/2014\/01\/10-conseils-et-astuces-pour-reussir-ses.html\" target=\"_blank\" rel=\"noopener noreferrer\">10 trucs et astuces pour r\u00e9ussir ses macarons<\/a>.<\/p>\n<div style=\"text-align: center;\"><img decoding=\"async\" alt=\"macarons-fleurs\" border=\"0\" data-original-height=\"806\" data-original-width=\"650\" src=\"https:\/\/1.bp.blogspot.com\/-rNyjxzGYrTM\/YFYSWE_xD_I\/AAAAAAABZvk\/zD_NpU4-dFsW59Zws96QJX-KdHwrRgvWgCLcBGAsYHQ\/s16000\/macarons-vanille-caramel.jpg\" title=\"Macarons ganache fleurs\"\/><\/div>\n<p>\n  Je vous conseille de commencer cette recette la veille afin de laisser la ganache une nuit au frigo avant de la monter. C&rsquo;est le mieux !<\/p>\n<p><b><span style=\"font-size: large;\">D&rsquo;autres recettes de macarons ?<\/span><\/b><\/p>\n<p>Retrouvez ici toutes mes <a href=\"https:\/\/www.iletaitunefoislapatisserie.com\/p\/macarons.html\" target=\"_blank\" rel=\"noopener noreferrer\">recettes de macarons.<\/a><\/p>\n<p><b><u>INFOS RECETTE :<\/u><\/b><\/p>\n<p>\n<i class=\"fas fa-user\"\/>\u00a0 Parts : <b><span class=\"yield\">30 \u00e0 35 macarons<\/span><\/b><br \/>\u00a0 Pr\u00e9paration : <b><span class=\"preptime\">1 heure<\/span><\/b><span class=\"preptime\"> (davantage si vous faites des fleurs)<\/span><br \/>\u00a0 Cuisson : <b><span class=\"cooktime\">15 mn par plaque de macarons <\/span><\/b><span class=\"cooktime\">(j&rsquo;ai fait 3 plaques)<\/span><br \/><i class=\"far fa-clock\"\/>\u00a0 Total : <b><span class=\"duration\">1 h 15 mn<span class=\"value-title\" title=\"PT01H15M\"\/><\/span><\/b>\n<\/p>\n<div class=\"quantite\" style=\"text-align: left;\">\n<p>\n<b><u>INGR\u00c9DIENTS POUR ENVIRON 30 MACARONS VANILLE CARAMEL<i> <\/i>:<\/u><\/b><u><br \/><\/u><\/p>\n<p><u><span class=\"ingredient\">Ganache <\/span>vanille :<\/u> (si vous voulez r\u00e9aliser des fleurs sur l&rsquo;ensemble des macarons, il faudra doubler les quantit\u00e9s de ganache)<\/p>\n<ul style=\"text-align: left;\">\n<li><span class=\"ingredient\">1 gousse de vanille<br \/><\/span><\/li>\n<li><span class=\"ingredient\">165 ml de cr\u00e8me liquide enti\u00e8re<br \/><\/span><\/li>\n<li><span class=\"ingredient\">150 g de <a href=\"http:\/\/www.affinite.fr\/index.php\/2025\/02\/27\/le-chocolat-et-le-materiel-indispensable-pour-reussir-vos-creations-gourmandes\/\">chocolat<\/a> blanc <\/span><span class=\"ingredient\"><span class=\"ingredient\"><span class=\"ingredient\"><span class=\"ingredient\">(<\/span><\/span><\/span><span class=\"ingredient\">le <a href=\"https:\/\/moninstantgourmand.fr\/christelle-106319\/276179\" rel=\"nofollow noopener noreferrer\" target=\"_blank\">chocolat blanc Zephyr<\/a> est parfait, moins sucr\u00e9 que ceux du commerce et \u00e0 un prix correct. Si \u00e7a vous int\u00e9resse, vous pouvez <\/span><span class=\"ingredient\">compl\u00e9ter <a href=\"http:\/\/eepurl.com\/hgoRZf\" rel=\"nofollow noopener noreferrer\" target=\"_blank\">ce formulaire<\/a>, et je vous enverrai un <b>bon de 5 \u20ac sur la boutique Guy Demarle<\/b> pour en acheter (seulement si vous \u00eates nouveau client)).<\/span><\/span><\/li>\n<li><span class=\"ingredient\"><span class=\"ingredient\">Caramel au beurre sal\u00e9 (la recette est ici : <a href=\"https:\/\/www.iletaitunefoislapatisserie.com\/2014\/07\/le-caramel-au-beurre-sale.html\">caramel au beurre sal\u00e9 maison<\/a>) <br \/><\/span><\/span><\/li>\n<\/ul>\n<p><u><span class=\"ingredient\">Coques \u00e0 macarons <\/span>:<\/u><\/p>\n<ul style=\"text-align: left;\">\n<li><span class=\"ingredient\">125 g de poudre d&rsquo;amande<\/span><\/li>\n<li><span class=\"ingredient\">125 g de sucre <a href=\"http:\/\/www.affinite.fr\/index.php\/2022\/10\/22\/la-creme-glacee-la-nouvelle-culture-commerciale\/\">glace<\/a><\/span><\/li>\n<li><span class=\"ingredient\">2 x 42 g de blancs d\u2019\u0153ufs<\/span><\/li>\n<li><span class=\"ingredient\">125 g de sucre en poudre<\/span><\/li>\n<li><span class=\"ingredient\">35 g d&rsquo;eau<\/span> <\/li>\n<\/ul>\n<p><\/div>\n<p><!--Dans l'article--><\/p>\n<p>\n<br \/><b><u>PR\u00c9PARATION :<\/u><\/b><\/p>\n<p>La recette en vid\u00e9o <a href=\"https:\/\/youtu.be\/2oRyzAQyZ5s\" rel=\"noopener noreferrer\" target=\"_blank\">est ici<\/a> :<\/p>\n<p>\n<iframe loading=\"lazy\" allow=\"autoplay; encrypted-media\" allowfullscreen=\"\" frameborder=\"0\" height=\"360\" src=\"https:\/\/www.youtube.com\/embed\/2oRyzAQyZ5s\" width=\"650\"><\/iframe><\/p>\n<h3 style=\"text-align: left;\">\n<span class=\"instructions\">Ganache \u00e0 la vanille<br \/><\/span><\/h3>\n<p><span class=\"instructions\"><br \/>On commence par la <b>ganache <\/b>car il faudra lui laisser le temps de refroidir.<\/span><\/p>\n<p><span class=\"instructions\">1. Ouvrez la <b>vanille <\/b>en deux. Avec la lame d&rsquo;un couteau, grattez les graines et placez la gousse et les graines dans une casserole avec la cr\u00e8me liquide.<\/span><\/p>\n<p><span class=\"instructions\">2. Portez \u00e0 \u00e9bullition. Retirez du feu, couvrez et laissez infuser 1 heure hors du feu.<\/span><\/p>\n<p>3<span class=\"instructions\">. Coupez le<br \/>\n<a href=\"https:\/\/moninstantgourmand.fr\/christelle-106319\/276179\" rel=\"nofollow noopener noreferrer\" target=\"_blank\">chocolat blanc<\/a> en <b>petits morceaux<\/b> (sauf si vous utilisez des pistoles<br \/>\ncomme moi, ce n&rsquo;est pas la peine). Placez-le dans un r\u00e9cipient.<\/span><\/p>\n<p><span class=\"instructions\">4. \u00d4tez la gousse de vanille de la cr\u00e8me, et refaite chauffer.<\/span><\/p>\n<p><span class=\"instructions\">5. <\/span><span class=\"instructions\">Faites<br \/>\nchauffer la cr\u00e8me et versez-la bien chaude sur le chocolat. M\u00e9langez<br \/>\navec un fouet \u00e0 main jusqu&rsquo;\u00e0 ce que le chocolat soit bien fondu.<\/span><\/p>\n<p>6. <span class=\"instructions\">Filmez <b>au contact<\/b>, c&rsquo;est-\u00e0-dire en collant le film alimentaire \u00e0 la ganache, afin d&rsquo;\u00e9viter qu&rsquo;une cro\u00fbte ne se forme. Placez <b>4 h au r\u00e9frig\u00e9rateur<\/b> (m\u00eame une nuit dans l&rsquo;id\u00e9al). Vous pouvez mettre 1 h au cong\u00e9l si vous n&rsquo;avez pas le temps mais la ganache aura davantage tendance \u00e0 grainer.<\/span><\/p>\n<div style=\"text-align: center;\"><img decoding=\"async\" alt=\"ganache-vanille\" border=\"0\" data-original-height=\"351\" data-original-width=\"400\" src=\"https:\/\/1.bp.blogspot.com\/-pK3ewDh4anw\/YFYSUMu6fmI\/AAAAAAABZvA\/MRi61aLHfQw04W91Ql0WL9ohkM60NqG-ACLcBGAsYHQ\/s16000\/IMG_0838.jpg\" title=\"Ganache vanille\"\/><\/div>\n<h3 style=\"text-align: left;\">\n<span class=\"instructions\">Coques \u00e0 macarons<\/span><\/h3>\n<p><span class=\"instructions\"><br \/>\n1. Mixez ensemble la <b>poudre d&rsquo;amande<\/b> et le <b>sucre glace<\/b>. C&rsquo;est important de mixer pour avoir des coques bien lisses. <br \/><\/span><br \/><span class=\"instructions\">2. Passez ce m\u00e9lange <b>au tamis ou \u00e0 la passoire<\/b>.<\/span><\/p>\n<p><span class=\"instructions\">3. Ajoutez les premiers 42 g de blancs d\u2019\u0153ufs et m\u00e9langez jusqu&rsquo;\u00e0 obtenir<br \/>\nune <b>p\u00e2te d&rsquo;amande<\/b> bien homog\u00e8ne.<\/span><\/p>\n<div class=\"separator\" style=\"clear: both; text-align: center;\"><a href=\"https:\/\/1.bp.blogspot.com\/-WaKwoF-FT_o\/YFYST4N3pcI\/AAAAAAABZu8\/2rXuUxaH9S0S8STSD2yoFhrTc1NGRE2gwCLcBGAsYHQ\/s400\/IMG_0840.jpg\" style=\"margin-left: 1em; margin-right: 1em;\"><img decoding=\"async\" alt=\"pate-amande\" border=\"0\" data-original-height=\"349\" data-original-width=\"400\" src=\"https:\/\/1.bp.blogspot.com\/-WaKwoF-FT_o\/YFYST4N3pcI\/AAAAAAABZu8\/2rXuUxaH9S0S8STSD2yoFhrTc1NGRE2gwCLcBGAsYHQ\/s16000\/IMG_0840.jpg\" title=\"Pate d'amande\"\/><\/a><\/div>\n<p><span class=\"instructions\"><br \/>\n<br \/>4. Pour la <b>meringue italienne<\/b>, placez 100 g de sucre en poudre<br \/>\ndans une casserole et recouvrez<br \/>\nd&rsquo;eau. Faites chauffer jusqu&rsquo;\u00e0 ce que la temp\u00e9rature atteigne 118\u00b0C. Surveillez le <span class=\"lienamazon\"><a href=\"https:\/\/www.amazon.fr\/gp\/product\/B000W02F0G\/ref=as_li_ss_tl?ie=UTF8&amp;linkCode=ll1&amp;tag=iletaitunefoislapatisserie-21&amp;linkId=ef5cb3b130b8656114b297aa9b63389c&amp;language=fr_FR\" rel=\"nofollow noopener noreferrer\" target=\"_blank\">thermom\u00e8tre<\/a><\/span>, et quand vous \u00eates \u00e0 114\u00b0C, commencez \u00e0\u00a0 monter les autres 42 g de blancs en neige en y ajoutant<br \/>\nprogressivement 25 g de sucre en poudre.<\/span><\/p>\n<p><span class=\"instructions\">5. Quand les <b>118\u00b0C sont atteints<\/b>, versez le sirop sur les blancs sans cesser de fouetter,<br \/>\net en \u00e9vitant de verser le sirop sur le fouet.<\/span><\/p>\n<p><span class=\"instructions\">6. Fouettez jusqu&rsquo;\u00e0 ce que la temp\u00e9rature redescende \u00e0 environ 50\u00b0C. Vous devez obtenir un joli <b>bec d&rsquo;oiseau<\/b> quand vous soulevez votre fouet hors de la meringue.<\/span><\/p>\n<p>7. Ajoutez le colorant et m\u00e9langez quelques secondes.<\/p>\n<div class=\"separator\" style=\"clear: both; text-align: center;\">\n<a href=\"https:\/\/1.bp.blogspot.com\/-X9Ea3HXJ57c\/YFYSUs5SN1I\/AAAAAAABZvI\/VAqN-NXL5oQwghxKTDxvcL3v2dTcm3rXQCLcBGAsYHQ\/s512\/IMG_0841.jpg\" style=\"margin-left: 1em; margin-right: 1em;\"><img decoding=\"async\" alt=\"meringue-italienne\" border=\"0\" data-original-height=\"512\" data-original-width=\"400\" src=\"https:\/\/1.bp.blogspot.com\/-X9Ea3HXJ57c\/YFYSUs5SN1I\/AAAAAAABZvI\/VAqN-NXL5oQwghxKTDxvcL3v2dTcm3rXQCLcBGAsYHQ\/s16000\/IMG_0841.jpg\" title=\"Meringue italienne\"\/><\/a><\/div>\n<p><span class=\"instructions\"><\/p>\n<p>8. Incorporez la meringue italienne \u00e0 la p\u00e2te d&rsquo;amande.<\/span><\/p>\n<div style=\"text-align: center;\"><img decoding=\"async\" border=\"0\" data-original-height=\"366\" data-original-width=\"400\" src=\"https:\/\/1.bp.blogspot.com\/-MqnTsZwBDkg\/YFYSUzOnVWI\/AAAAAAABZvM\/guooOcwItiM7qo8uuLJKxVPB067ukgARACLcBGAsYHQ\/s16000\/IMG_0842.jpg\"\/><\/div>\n<p><span class=\"instructions\">9. Avec une maryse,<br \/>\nm\u00e9langez la pr\u00e9paration en \u00ab\u00a0\u00e9crasant\u00a0\u00bb la p\u00e2te contre les parois du r\u00e9cipient. C&rsquo;est le <b>macaronnage <\/b>! Continuez jusqu&rsquo;\u00e0 ce que le m\u00e9lange devienne lisse,<br \/>\nbrillant, et forme un <b>ruban<\/b> lorsque l&rsquo;on soul\u00e8ve la maryse.<\/span><\/p>\n<p><span class=\"instructions\">10. Pour gagner du temps, vous pouvez effectuer le macaronnage avec la <b>feuille du robot<\/b>. <\/span><\/p>\n<div class=\"separator\" style=\"clear: both; text-align: center;\">\n<a href=\"https:\/\/1.bp.blogspot.com\/-HHywtWB7atE\/YFYSVGmENzI\/AAAAAAABZvQ\/vrDxM7nXeMEnEmvwg7ZV0Ht3nIq6ihXawCLcBGAsYHQ\/s400\/IMG_0843.jpg\" style=\"margin-left: 1em; margin-right: 1em;\"><img decoding=\"async\" border=\"0\" data-original-height=\"344\" data-original-width=\"400\" src=\"https:\/\/1.bp.blogspot.com\/-HHywtWB7atE\/YFYSVGmENzI\/AAAAAAABZvQ\/vrDxM7nXeMEnEmvwg7ZV0Ht3nIq6ihXawCLcBGAsYHQ\/s16000\/IMG_0843.jpg\"\/><\/a><\/div>\n<p><span class=\"instructions\"><br \/>\n<br \/>11. Placez la pr\u00e9paration dans une <b>poche \u00e0 douille<\/b> munie d&rsquo;une <a href=\"https:\/\/amzn.to\/3c2TYL7\" rel=\"nofollow noopener noreferrer\" target=\"_blank\">douille lisse taille 10<\/a>.<br \/>\n<br \/><\/span><br \/><span class=\"instructions\">12. Pr\u00e9chauffez le four \u00e0 <b>150\u00b0C<\/b> (ou \u00e0 la temp\u00e9rature \u00e0 laquelle vous avez<br \/>\nl&rsquo;habitude de cuire vos macarons, chaque four \u00e9tant diff\u00e9rent). Formez<br \/>\ndes disques d&rsquo;environ <b>3 cm de<br \/>\ndiam\u00e8tre<\/b> sur une plaque recouverte de papier sulfuris\u00e9, en les espa\u00e7ant<br \/>\nl\u00e9g\u00e8rement.<\/span><\/p>\n<div style=\"text-align: center;\"><img decoding=\"async\" border=\"0\" data-original-height=\"287\" data-original-width=\"400\" src=\"https:\/\/1.bp.blogspot.com\/-jhm1y3MxWHM\/YFYSVOYGzlI\/AAAAAAABZvU\/2ejmZsrC_Ss4BVTDB4tRgGzCceqZNOFKQCLcBGAsYHQ\/s16000\/IMG_0845.jpg\"\/><\/div>\n<p><span class=\"instructions\">13. Laissez cro\u00fbter (reposer) \u00e0 l&rsquo;air libre environ 1 heure.<\/span><\/p>\n<p><span class=\"instructions\">14. Enfournez 15 minutes, en ouvrant le<br \/>\nfour \u00e0 mi-cuisson pour laisser s&rsquo;\u00e9chapper l&rsquo;humidit\u00e9. Si tout va bien,<br \/>\nune <b>collerette <\/b>se forme \u00e0 mi-cuisson.<\/span><\/p>\n<p>15. Renouvelez l&rsquo;op\u00e9ration avec chaque plaque. Vous pouvez cuire <b>2 plaques en m\u00eame temps<\/b> si vous le souhaitez.<\/p>\n<p><span class=\"instructions\"\/>Si vous utilisez 2 fois la m\u00eame plaque, refroidissez-la bien avant de pocher la 2\u00e8me fourn\u00e9e de macarons dessus.<\/p>\n<h3 style=\"text-align: left;\">\n<span class=\"instructions\">Montage<\/span><\/h3>\n<p><span class=\"instructions\"><br \/>\n1. Fouettez la ganache, sur <b>vitesse lente<\/b>, pendant quelques minutes, jusqu&rsquo;\u00e0 ce qu&rsquo;elle \u00e9paississe. Attention, \u00e7a va tr\u00e8s vite car cette recette de ganache est tr\u00e8s <b>\u00e9paisse<\/b>.<\/span><\/p>\n<p><span class=\"instructions\">2. Placez la ganache dans une poche \u00e0 douille munie d&rsquo;une douille lisse.<\/span><\/p>\n<p>3. Pochez la ganache sur la moiti\u00e9 des coques.<\/p>\n<p>4. Si vous souhaitez faire des fleurs, placez la ganache dans une poche \u00e0 douille munie d&rsquo;une douille p\u00e9tales. R\u00e9alisez vos fleurs en regardant la vid\u00e9o (c&rsquo;est impossible d&rsquo;expliquer la technique par \u00e9crit). Placez les fleurs 1 heure au cong\u00e9lateur.<\/p>\n<p>5. R\u00e9partissez les fleurs autour de la ganache. Pochez un peu de caramel au beurre sal\u00e9 et refermez les macarons avec le reste des coques.<\/p>\n<\/div>\n<p>[ad_2]<br \/>\n<br \/><a href=\"https:\/\/www.iletaitunefoislapatisserie.com\/2021\/03\/macarons-ganache-vanille-et-caramel.html\">Source link <\/a><\/p>\n","protected":false},"excerpt":{"rendered":"<p>[ad_1] Le 20 mars, c&rsquo;est la journ\u00e9e internationale des macarons ! Je n&rsquo;ai donc pas le choix que de vous &hellip; <a href=\"http:\/\/www.affinite.fr\/index.php\/2021\/03\/20\/il-etait-une-fois-la-patisserie-91\/\" class=\"more-link\">Plus <span class=\"screen-reader-text\">Il \u00e9tait une fois la p\u00e2tisserie<\/span> <span class=\"meta-nav\">&rarr;<\/span><\/a><\/p>\n","protected":false},"author":1,"featured_media":6104,"comment_status":"open","ping_status":"open","sticky":false,"template":"","format":"standard","meta":{"_sitemap_exclude":false,"_sitemap_priority":"","_sitemap_frequency":"","footnotes":""},"categories":[1],"tags":[],"class_list":["post-6103","post","type-post","status-publish","format-standard","has-post-thumbnail","hentry","category-tous"],"_links":{"self":[{"href":"http:\/\/www.affinite.fr\/index.php\/wp-json\/wp\/v2\/posts\/6103"}],"collection":[{"href":"http:\/\/www.affinite.fr\/index.php\/wp-json\/wp\/v2\/posts"}],"about":[{"href":"http:\/\/www.affinite.fr\/index.php\/wp-json\/wp\/v2\/types\/post"}],"author":[{"embeddable":true,"href":"http:\/\/www.affinite.fr\/index.php\/wp-json\/wp\/v2\/users\/1"}],"replies":[{"embeddable":true,"href":"http:\/\/www.affinite.fr\/index.php\/wp-json\/wp\/v2\/comments?post=6103"}],"version-history":[{"count":0,"href":"http:\/\/www.affinite.fr\/index.php\/wp-json\/wp\/v2\/posts\/6103\/revisions"}],"wp:featuredmedia":[{"embeddable":true,"href":"http:\/\/www.affinite.fr\/index.php\/wp-json\/wp\/v2\/media\/6104"}],"wp:attachment":[{"href":"http:\/\/www.affinite.fr\/index.php\/wp-json\/wp\/v2\/media?parent=6103"}],"wp:term":[{"taxonomy":"category","embeddable":true,"href":"http:\/\/www.affinite.fr\/index.php\/wp-json\/wp\/v2\/categories?post=6103"},{"taxonomy":"post_tag","embeddable":true,"href":"http:\/\/www.affinite.fr\/index.php\/wp-json\/wp\/v2\/tags?post=6103"}],"curies":[{"name":"wp","href":"https:\/\/api.w.org\/{rel}","templated":true}]}}