{"id":610,"date":"2020-03-13T18:31:42","date_gmt":"2020-03-13T18:31:42","guid":{"rendered":"https:\/\/www.affinite.fr\/index.php\/2020\/03\/13\/la-build-2020-de-microsoft-sera-remplacee-par-des-videoconferences\/"},"modified":"2020-03-13T18:31:42","modified_gmt":"2020-03-13T18:31:42","slug":"la-build-2020-de-microsoft-sera-remplacee-par-des-videoconferences","status":"publish","type":"post","link":"http:\/\/www.affinite.fr\/index.php\/2020\/03\/13\/la-build-2020-de-microsoft-sera-remplacee-par-des-videoconferences\/","title":{"rendered":"la Build 2020 de Microsoft sera remplac\u00e9e par des vid\u00e9oconf\u00e9rences"},"content":{"rendered":"<p> [ad_1]<br \/>\n<br \/><img decoding=\"async\" src=\"https:\/\/img.bfmtv.com\/i\/0\/0\/26e\/e0f61903af093be5c7e126cea77a5.jpg\" \/><\/p>\n<div itemprop=\"articleBody\">\n<p>C&rsquo;\u00e9tait pr\u00e9visible : \u00e0 cause du coronavirus, Microsoft se voit contraint de modifier le format de sa conf\u00e9rence pour les professionnels et les d\u00e9veloppeurs, la Build 2020. Elle devait se tenir du 19 au 21 mai, \u00e0 Seattle, aux Etats-Unis et regrouper des milliers de personnes. Pas de regroupement ni de grande sc\u00e8ne pour Satya Nadella (le CEO de Microsoft) mais des conf\u00e9rences vid\u00e9os. C&rsquo;est le site am\u00e9ricain <em>The Verge<\/em> qui a eu la fra\u00eecheur de l&rsquo;information, communiqu\u00e9e par l&rsquo;un des porte-parole de Microsoft.<\/p>\n<blockquote>\n<p>\u00ab <em>La s\u00e9curit\u00e9 de notre communaut\u00e9 est notre priorit\u00e9 absolue.<\/em> <em>A la lumi\u00e8re des r\u00e9cents \u00e9v\u00e9nements sanitaires<\/em>, <em>nous tiendrons notre conf\u00e9rence annuelle pour les d\u00e9veloppeurs, la Build, sous un format digital et non sous forme d&rsquo;un \u00e9v\u00e9nement rassemblant des milliers de personnes au m\u00eame endroit. Nous sommes tr\u00e8s enthousiastes \u00e0 l&rsquo;id\u00e9e d&rsquo;inaugurer cette nouvelle forme de regroupement de notre communaut\u00e9 de d\u00e9veloppeurs afin d&rsquo;\u00e9changer, partager et <a href=\"http:\/\/www.affinite.fr\/index.php\/2022\/11\/09\/formation-de-glacier-apprenez-le-metier-de-glacier-et-changez-votre-vie\/\">apprendre<\/a> ensemble.<\/em> \u00bb<\/p>\n<\/blockquote>\n<aside class=\"bg-color-0 padding-inside-all-s bloc border-s\">\n<h4 class=\"box-txt-normal\">\n<p><strong>\u00c0 d\u00e9couvrir aussi en vid\u00e9o :<\/strong><\/p>\n<\/h4>\n<\/aside>\n<blockquote>\n<p><strong>\u00c0 lire aussi &#8211;<\/strong> <a href=\"https:\/\/www.01net.com\/actualites\/windows-10-microsoft-devoile-la-nouvelle-interface-de-son-menu-demarrer-1868859.html\" target=\"_blank\" rel=\"noopener noreferrer\">Windows 10 : Microsoft d\u00e9voile la nouvelle interface de son menu D\u00e9marrer<\/a><\/p>\n<\/blockquote>\n<h3 style=\"color:#333; font-family:arial,helvetica,sans-serif; font-size:23px; font-weight:700\">Le Windows 10 de demain, la version X et les interfaces double \u00e9cran<\/h3>\n<p>Les conf\u00e9rences vid\u00e9os de cette \u00e9dition devraient logiquement porter sur le futur de Windows 10, Office et l&rsquo;arriv\u00e9e de <a href=\"https:\/\/www.01net.com\/actualites\/microsoft-annonce-windows-10x-concu-pour-les-pc-a-deux-ecrans-1779322.html\" target=\"_blank\" rel=\"noopener noreferrer\">Windows 10X<\/a>. D\u00e9veloppement encore, avec le d\u00e9tail complet des optimisations \u00e0 faire pour que les interfaces des applis soient compatibles avec les futurs <a href=\"https:\/\/www.01net.com\/actualites\/surface-neo-microsoft-devoile-son-etonnante-tablette-a-deux-ecrans-1779316.html\" target=\"_blank\" rel=\"noopener noreferrer\">Surface Neo<\/a> et <a href=\"https:\/\/www.01net.com\/actualites\/microsoft-surface-duo-voila-a-quoi-ressemble-l-interface-d-android-sur-le-futur-smartphone-a-deux-ecrans-1846522.html\" target=\"_blank\" rel=\"noopener noreferrer\">Surface Duo<\/a> de Microsoft. Ce sont deux des appareils, de taille diff\u00e9rente mais chacun \u00e0 double \u00e9cran, qui avaient cr\u00e9\u00e9 <a href=\"https:\/\/www.01net.com\/actualites\/microsoft-suivez-en-direct-toutes-les-annonces-surface-et-windows-1779233.html\" target=\"_blank\" rel=\"noopener noreferrer\">la surprise en fin d&rsquo;ann\u00e9e derni\u00e8re<\/a> et dont la disponibilit\u00e9 est maintenue pour la fin de l&rsquo;ann\u00e9e. Jusqu&rsquo;\u00e0 nouvel ordre.<\/p>\n<p><strong>Source :<\/strong><em> <\/em><a href=\"https:\/\/www.theverge.com\/2020\/3\/12\/21163586\/microsoft-build-2020-virtual-event-cancel-online-coronavirus\" target=\"_blank\" rel=\"noopener noreferrer\">The Verge<\/a><\/p>\n<\/p><\/div>\n<p><script>\n         !function(f,b,e,v,n,t,s){if(f.fbq)return;n=f.fbq=function()\n         {n.callMethod? n.callMethod.apply(n,arguments):n.queue.push(arguments)}\n         ;if(!f._fbq)f._fbq=n;\n             n.push=n;n.loaded=!0;n.version='2.0';n.queue=[];t=b.createElement(e);t.async=!0;\n             t.src=v;s=b.getElementsByTagName(e)[0];s.parentNode.insertBefore(t,s)}(window,\n                 document,'script','https:\/\/connect.facebook.net\/en_US\/fbevents.js');\n         fbq('init', '1065890633454496');\n         fbq('track', 'PageView');\n     <\/script><br \/>\n<br \/>[ad_2]<br \/>\n<br \/><a href=\"https:\/\/www.01net.com\/actualites\/coronavirus-la-build-2020-de-microsoft-sera-remplacee-par-des-videoconferences-1874277.html\">Source link <\/a><\/p>\n","protected":false},"excerpt":{"rendered":"<p>[ad_1] C&rsquo;\u00e9tait pr\u00e9visible : \u00e0 cause du coronavirus, Microsoft se voit contraint de modifier le format de sa conf\u00e9rence pour &hellip; <a href=\"http:\/\/www.affinite.fr\/index.php\/2020\/03\/13\/la-build-2020-de-microsoft-sera-remplacee-par-des-videoconferences\/\" class=\"more-link\">Plus <span class=\"screen-reader-text\">la Build 2020 de Microsoft sera remplac\u00e9e par des vid\u00e9oconf\u00e9rences<\/span> <span class=\"meta-nav\">&rarr;<\/span><\/a><\/p>\n","protected":false},"author":1,"featured_media":611,"comment_status":"open","ping_status":"open","sticky":false,"template":"","format":"standard","meta":{"_sitemap_exclude":false,"_sitemap_priority":"","_sitemap_frequency":"","footnotes":""},"categories":[1],"tags":[],"class_list":["post-610","post","type-post","status-publish","format-standard","has-post-thumbnail","hentry","category-tous"],"_links":{"self":[{"href":"http:\/\/www.affinite.fr\/index.php\/wp-json\/wp\/v2\/posts\/610"}],"collection":[{"href":"http:\/\/www.affinite.fr\/index.php\/wp-json\/wp\/v2\/posts"}],"about":[{"href":"http:\/\/www.affinite.fr\/index.php\/wp-json\/wp\/v2\/types\/post"}],"author":[{"embeddable":true,"href":"http:\/\/www.affinite.fr\/index.php\/wp-json\/wp\/v2\/users\/1"}],"replies":[{"embeddable":true,"href":"http:\/\/www.affinite.fr\/index.php\/wp-json\/wp\/v2\/comments?post=610"}],"version-history":[{"count":0,"href":"http:\/\/www.affinite.fr\/index.php\/wp-json\/wp\/v2\/posts\/610\/revisions"}],"wp:featuredmedia":[{"embeddable":true,"href":"http:\/\/www.affinite.fr\/index.php\/wp-json\/wp\/v2\/media\/611"}],"wp:attachment":[{"href":"http:\/\/www.affinite.fr\/index.php\/wp-json\/wp\/v2\/media?parent=610"}],"wp:term":[{"taxonomy":"category","embeddable":true,"href":"http:\/\/www.affinite.fr\/index.php\/wp-json\/wp\/v2\/categories?post=610"},{"taxonomy":"post_tag","embeddable":true,"href":"http:\/\/www.affinite.fr\/index.php\/wp-json\/wp\/v2\/tags?post=610"}],"curies":[{"name":"wp","href":"https:\/\/api.w.org\/{rel}","templated":true}]}}