{"id":6097,"date":"2021-03-20T14:39:12","date_gmt":"2021-03-20T14:39:12","guid":{"rendered":"https:\/\/www.affinite.fr\/index.php\/2021\/03\/20\/en-corps-de-cedric-klapisch-on-etait-sur-le-tournage-festif-de-ce-film-sur-la-danse-actus-cine\/"},"modified":"2021-03-20T14:39:12","modified_gmt":"2021-03-20T14:39:12","slug":"en-corps-de-cedric-klapisch-on-etait-sur-le-tournage-festif-de-ce-film-sur-la-danse-actus-cine","status":"publish","type":"post","link":"http:\/\/www.affinite.fr\/index.php\/2021\/03\/20\/en-corps-de-cedric-klapisch-on-etait-sur-le-tournage-festif-de-ce-film-sur-la-danse-actus-cine\/","title":{"rendered":"En corps de C\u00e9dric Klapisch : on \u00e9tait sur le tournage festif de ce film sur la danse &#8211; Actus Cin\u00e9"},"content":{"rendered":"<p> [ad_1]<br \/>\n<br \/><img decoding=\"async\" src=\"http:\/\/fr.web.img1.acsta.net\/newsv7\/21\/03\/19\/15\/08\/4465638.jpg\" \/><\/p>\n<div id=\"article-container\">\n<p class=\"article-lead\">De la danse, de la joie et une r\u00e9alisateur heureux de tourner : C\u00e9dric Klapisch nous a accueillis sur le tournage de \u00ab\u00a0En corps\u00a0\u00bb, son prochain long m\u00e9trage, alors que l&rsquo;avenir des cin\u00e9mas est encore flou.<\/p>\n<div id=\"article-content\">\n<figure class=\"player player-auto-play js-player\" data-model=\"{&quot;context&quot;:&quot;newspage_news&quot;,&quot;launch&quot;:&quot;auto-play&quot;,&quot;followScroll&quot;:true,&quot;editorialContent&quot;:&quot;18697927-en_corps_de_cedric_klapisch_on_etait_sur_le_tournage_festif_de_ce_film_sur_la_danse&quot;,&quot;endScreen&quot;:true,&quot;disableAutoPause&quot;:true,&quot;player_position&quot;:&quot;playertop&quot;,&quot;videos&quot;:[{&quot;id&quot;:19591652,&quot;sources&quot;:{&quot;medium&quot;:&quot;\/\/fr.vid.web.acsta.net\/nmedia\/33\/21\/03\/18\/12\/19591652_sd_013.mp4&quot;,&quot;high&quot;:&quot;\/\/fr.vid.web.acsta.net\/nmedia\/33\/21\/03\/18\/12\/19591652_hd_013.mp4&quot;},&quot;image&quot;:&quot;\/videothumbnails\/21\/03\/18\/12\/47\/4967455.jpg&quot;,&quot;title&quot;:&quot;En corps : sur le tournage du nouveau film de Cu00e9dric Klapisch&quot;,&quot;trackingIdentifier&quot;:&quot;19591652-en_corps_sur_le_tournage_du_nouveau_film_de_cedric_klapisch&quot;,&quot;embedUrl&quot;:&quot;ACraHRACr0cHM6Ly9wbGF5ZXIuYWxsb2NpbmUuZnIvMTk1OTE2NTIuaHRtbA==&quot;,&quot;id_type&quot;:31007,&quot;file_type&quot;:&quot;interview&quot;,&quot;description&quot;:&quot;En corps : sur le tournage du nouveau film de Cu00e9dric Klapisch&quot;,&quot;duration&quot;:184,&quot;view_count&quot;:8,&quot;added_at&quot;:{&quot;date&quot;:&quot;2021-03-18 12:43:00.000000&quot;,&quot;timezone_type&quot;:3,&quot;timezone&quot;:&quot;Europe\/Paris&quot;},&quot;metas&quot;:{&quot;genre_main_movie&quot;:[{&quot;name&quot;:&quot;Comu00e9die dramatique&quot;,&quot;id&quot;:&quot;13002&quot;}],&quot;id_main_movie&quot;:287738,&quot;id_main_person&quot;:11124,&quot;id_meta_category&quot;:158006,&quot;image_main_movie&quot;:&quot;\/pictures\/21\/01\/21\/16\/25\/1080929.jpg&quot;,&quot;image_main_person&quot;:&quot;\/pictures\/16\/02\/17\/11\/09\/434466.jpg&quot;,&quot;localized_file_type&quot;:&quot;interview&quot;,&quot;main_movie_type&quot;:4002,&quot;name_main_movie&quot;:&quot;En corps&quot;,&quot;name_main_person&quot;:&quot;Cu00e9dric Klapisch&quot;,&quot;name_meta_category&quot;:&quot;Stars&quot;,&quot;release_status_movie&quot;:&quot;Prochainement sans date connue&quot;,&quot;trans_file_type&quot;:&quot;Interview&quot;},&quot;relatedEntityDistributor&quot;:&quot;StudioCanal&quot;,&quot;relatedEntityDistributorId&quot;:3532,&quot;relatedEntityType&quot;:&quot;movie&quot;,&quot;relatedEntityTrackingIdentifier&quot;:&quot;287738-en_corps&quot;,&quot;relatedEntityTitle&quot;:&quot;En corps&quot;,&quot;relatedEntityId&quot;:287738,&quot;genres&quot;:[{&quot;id&quot;:&quot;13002&quot;,&quot;name&quot;:&quot;Comu00e9die dramatique&quot;}],&quot;relatedEntityUrl&quot;:&quot;ACraHRACr0cHM6Ly93d3cuYWxsb2NpbmUuZnIvZmlsbS9maWNoZWZpbG1fZ2VuX2NmaWxtPTI4NzczOC5odG1s&quot;,&quot;mediaUrl&quot;:&quot;ACraHRACr0cHM6Ly93d3cuYWxsb2NpbmUuZnIvdmlkZW8vcGxheWVyX2dlbl9jbWVkaWE9MTk1OTE2NTImY2ZpbG09Mjg3NzM4Lmh0bWw=&quot;}],&quot;disablePreroll&quot;:false,&quot;disablePostroll&quot;:false}\" data-thumb=\"https:\/\/fr.web.img2.acsta.net\/r_640_360\/videothumbnails\/21\/03\/18\/12\/47\/4967455.jpg\">\n<\/figure>\n<p>Dans son dernier long m\u00e9trage en date, <a title=\"Deux Moi (France) - 2018 (Drame)\" href=\"http:\/\/www.allocine.fr\/film\/fichefilm_gen_cfilm=268136.html\">Deux moi<\/a>,\u00a0<a title=\"C\u00e9dric Klapisch (France) (R\u00e9alisateur,Sc\u00e9nariste,Acteur)\" href=\"http:\/\/www.allocine.fr\/personne\/fichepersonne_gen_cpersonne=11124.html\">C\u00e9dric Klapisch<\/a> filmait la solitude de deux trentenaires dans la capitale fran\u00e7aise. Et il reconna\u00eet que l&rsquo;histoire pr\u00e9figurait ce que nous vivons depuis maintenant un an, avec les confinements et autres couvres-feu. Une situation qui l&rsquo;a cependant inspir\u00e9 et motiv\u00e9 \u00e0 reprendre le chemin des plateaux malgr\u00e9 les mesures sanitaires, pour r\u00e9aliser <a title=\"En corps (France) - 2021 (Com\u00e9die dramatique)\" href=\"http:\/\/www.allocine.fr\/film\/fichefilm_gen_cfilm=287738.html\">En corps<\/a>, situ\u00e9 dans le milieu de la danse.<\/p>\n<p>Lorsqu&rsquo;il nous accueille au Centquatre, \u00e9tablissement public de coop\u00e9ration culturelle \u00e0 Paris, en ce lundi 1er mars, il tourne une sc\u00e8ne de battle danse, qu&rsquo;il nous pr\u00e9sente comme une r\u00e9v\u00e9lation pour son h\u00e9ro\u00efne, Elise (<a title=\"Marion Barbeau (France) (Acteur)\" href=\"http:\/\/www.allocine.fr\/personne\/fichepersonne_gen_cpersonne=920476.html\">Marion Barbeau<\/a>).<\/p>\n<p>Danseuse classique tr\u00e8s prometteuse, cette derni\u00e8re se blesse lors d\u2019un spectacle, et apprend qu\u2019elle ne pourra plus danser. Elle s\u2019essaye alors \u00e0 une nouvelle carri\u00e8re, mais va rena\u00eetre et d\u00e9couvrir une nouvelle vie en abordant la danse contemporaine.<\/p>\n<p>Comme souvent chez C\u00e9dric Klapisch, En corps fera se rencontrer deux univers. Et ce sera autour de la danse, qui occupait d\u00e9j\u00e0 une place importante dans son cin\u00e9ma, <i>via<\/i> le personnage de\u00a0<a title=\"Romain Duris (France) (Acteur)\" href=\"http:\/\/www.allocine.fr\/personne\/fichepersonne_gen_cpersonne=17028.html\">Romain Duris<\/a> dans\u00a0<a title=\"Paris (France) - 2008 (Com\u00e9die dramatique,Romance)\" href=\"http:\/\/www.allocine.fr\/film\/fichefilm_gen_cfilm=114860.html\">Paris<\/a> ou le\u00a0<a title=\"Aur\u00e9lie Dupont danse, l'espace d'un instant (France) - 2010 (Documentaire)\" href=\"http:\/\/www.allocine.fr\/film\/fichefilm_gen_cfilm=178538.html\">documentaire sur la danseuse \u00e9toile Aur\u00e9lie Dupont<\/a> qu&rsquo;il a r\u00e9alis\u00e9 en 2010.<\/p>\n<p>\u00c9galement port\u00e9 par <a title=\"Pio Marmai (France) (Acteur)\" href=\"http:\/\/www.allocine.fr\/personne\/fichepersonne_gen_cpersonne=194479.html\">Pio Marma\u00ef<\/a>, <a title=\"Fran\u00e7ois Civil (France) (Acteur)\" href=\"http:\/\/www.allocine.fr\/personne\/fichepersonne_gen_cpersonne=198048.html\">Fran\u00e7ois Civil<\/a>,\u00a0<a title=\"Denis Podalyd\u00e8s (France) (Acteur,R\u00e9alisateur,Sc\u00e9nariste)\" href=\"http:\/\/www.allocine.fr\/personne\/fichepersonne_gen_cpersonne=2078.html\">Denis Podalyd\u00e8s<\/a> ou <a title=\"Muriel Robin (France) (Acteur,R\u00e9alisateur)\" href=\"http:\/\/www.allocine.fr\/personne\/fichepersonne_gen_cpersonne=5120.html\">Muriel Robin<\/a>, le long m\u00e9trage n&rsquo;a \u00e9videmment pas de date de sortie pour le moment, alors que ses prises de vues touchent \u00e0 sa fin. Mais il est d&rsquo;ores et d\u00e9j\u00e0 temps de faire sa connaissance avec un r\u00e9alisateur enthousiaste et heureux de permettre \u00e0 cent-cinquante figurants de danser sans masque, comme il nous l&rsquo;explique avant d&rsquo;\u00e9voquer la situation de la culture.<\/p>\n<p><i>Propos recueillis par Maximilien Pierrette \u00e0 Paris le 1er mars 2021 &#8211; Cadre et montage : Constance Mathews<\/i><\/p>\n<\/p><\/div>\n<\/p><\/div>\n<p>[ad_2]<br \/>\n<br \/><a href=\"http:\/\/rss.allocine.fr\/~r\/ac\/actualites\/~3\/C_lA3gf81eY\/fichearticle_gen_carticle=18697927.html\">Source link <\/a><\/p>\n","protected":false},"excerpt":{"rendered":"<p>[ad_1] De la danse, de la joie et une r\u00e9alisateur heureux de tourner : C\u00e9dric Klapisch nous a accueillis sur &hellip; <a href=\"http:\/\/www.affinite.fr\/index.php\/2021\/03\/20\/en-corps-de-cedric-klapisch-on-etait-sur-le-tournage-festif-de-ce-film-sur-la-danse-actus-cine\/\" class=\"more-link\">Plus <span class=\"screen-reader-text\">En corps de C\u00e9dric Klapisch : on \u00e9tait sur le tournage festif de ce film sur la danse &#8211; Actus Cin\u00e9<\/span> <span class=\"meta-nav\">&rarr;<\/span><\/a><\/p>\n","protected":false},"author":1,"featured_media":6098,"comment_status":"open","ping_status":"open","sticky":false,"template":"","format":"standard","meta":{"_sitemap_exclude":false,"_sitemap_priority":"","_sitemap_frequency":"","footnotes":""},"categories":[1],"tags":[],"class_list":["post-6097","post","type-post","status-publish","format-standard","has-post-thumbnail","hentry","category-tous"],"_links":{"self":[{"href":"http:\/\/www.affinite.fr\/index.php\/wp-json\/wp\/v2\/posts\/6097"}],"collection":[{"href":"http:\/\/www.affinite.fr\/index.php\/wp-json\/wp\/v2\/posts"}],"about":[{"href":"http:\/\/www.affinite.fr\/index.php\/wp-json\/wp\/v2\/types\/post"}],"author":[{"embeddable":true,"href":"http:\/\/www.affinite.fr\/index.php\/wp-json\/wp\/v2\/users\/1"}],"replies":[{"embeddable":true,"href":"http:\/\/www.affinite.fr\/index.php\/wp-json\/wp\/v2\/comments?post=6097"}],"version-history":[{"count":0,"href":"http:\/\/www.affinite.fr\/index.php\/wp-json\/wp\/v2\/posts\/6097\/revisions"}],"wp:featuredmedia":[{"embeddable":true,"href":"http:\/\/www.affinite.fr\/index.php\/wp-json\/wp\/v2\/media\/6098"}],"wp:attachment":[{"href":"http:\/\/www.affinite.fr\/index.php\/wp-json\/wp\/v2\/media?parent=6097"}],"wp:term":[{"taxonomy":"category","embeddable":true,"href":"http:\/\/www.affinite.fr\/index.php\/wp-json\/wp\/v2\/categories?post=6097"},{"taxonomy":"post_tag","embeddable":true,"href":"http:\/\/www.affinite.fr\/index.php\/wp-json\/wp\/v2\/tags?post=6097"}],"curies":[{"name":"wp","href":"https:\/\/api.w.org\/{rel}","templated":true}]}}