{"id":6095,"date":"2021-03-19T20:16:08","date_gmt":"2021-03-19T20:16:08","guid":{"rendered":"https:\/\/www.affinite.fr\/index.php\/2021\/03\/19\/direct-nouvelle-attestation-bilan-cartes\/"},"modified":"2021-03-19T20:16:08","modified_gmt":"2021-03-19T20:16:08","slug":"direct-nouvelle-attestation-bilan-cartes","status":"publish","type":"post","link":"http:\/\/www.affinite.fr\/index.php\/2021\/03\/19\/direct-nouvelle-attestation-bilan-cartes\/","title":{"rendered":"direct, nouvelle attestation, bilan, cartes"},"content":{"rendered":"<p> [ad_1]<br \/>\n<\/p>\n<p>\n                CORONAVIRUS DIRECT &#8211; L&rsquo;\u00e9pid\u00e9mie progresse. En cons\u00e9quence, 16\u00a0d\u00e9partements sont confin\u00e9s pour 4\u00a0semaines \u00e0 compter de ce vendredi \u00e0 minuit. Dans ces zones, les d\u00e9placements doivent \u00e0 nouveau \u00eatre justifi\u00e9s par une attestation. Couvre-feu \u00e0 19\u00a0heures \u00e0 partir de samedi, derniers chiffres, carte des d\u00e9partements, infos.            <\/p>\n<div>\n<aside class=\"ccmsummary marqueur_module ccmcss_cms_summary ccmcss_cms_summary--right\">\n<p>\u00a0Sommaire<\/p>\n<\/aside>\n<p><strong>[Mis\u00a0\u00e0 jour le vendredi 19\u00a0mars \u00e0 20h58<\/strong><b>]\u00a0<\/b>La France affronte sa<strong> troisi\u00e8me vague<\/strong> \u00e9pid\u00e9mique du coronavirus, un an apr\u00e8s avoir act\u00e9 le premier confinement de la population sur tout le territoire national. Face aux variants (surtout le variant anglais) qui a entra\u00een\u00e9 une hausse des cas de Covid-19 (avec plus de 500 cas pour 100 000 habitants dans certaines zones) et mis les services de r\u00e9animation sous forte pression,<strong> 16 d\u00e9partements sont \u00e0 nouveaux confin\u00e9s <\/strong>\u00e0 compter de ce vendredi minuit pour une dur\u00e9e de 4 semaines, a annonc\u00e9 le Premier ministre Jean Castex, jeudi 18 mars.\u00a0Dans ces zones, les d\u00e9placements seront autoris\u00e9s en journ\u00e9e, dans un rayon de 10 km\u00a0autour de chez soi,\u00a0sans limite de dur\u00e9e. Seuls les<strong> commerces de premi\u00e8res n\u00e9cessit\u00e9s<\/strong> (dont les libraires, disquaires et coiffeurs) et les \u00e9coles et coll\u00e8ges pourront <strong>rester ouverts <\/strong>et fonctionner normalement. Le dispositif de<strong> couvre-feu<\/strong> est maintenu selon les m\u00eames r\u00e8gles qu&rsquo;aujourd&rsquo;hui, dans tous les d\u00e9partements, mais son heure de d\u00e9but passera de 18h00\u00a0\u00e0 19h00.\u00a0Le Premier ministre a \u00e9galement annonc\u00e9\u00a0la <strong>reprise <\/strong>de la <strong>vaccination avec AstraZeneca d\u00e8s vendredi apr\u00e8s-midi\u00a0<\/strong>apr\u00e8s les conclusions de\u00a0l&rsquo;<a href=\"https:\/\/www.ema.europa.eu\/en\/news\/covid-19-vaccine-astrazeneca-benefits-still-outweigh-risks-despite-possible-link-rare-blood-clots\" target=\"_blank\" rel=\"noopener noreferrer\">Agence europ\u00e9enne du m\u00e9dicament<\/a> qui confirment que ce vaccin est<strong><em> \u00ab\u00a0s\u00fbr et efficace\u00a0\u00bb <\/em><\/strong>et que\u00a0<strong><em>\u00ab\u00a0ses avantages l&#8217;emportent sur ses effets secondaires\u00a0\u00bb.<\/em> <\/strong>Quels sont les <strong>chiffres aujourd&rsquo;hui<\/strong> de l&rsquo;\u00e9pid\u00e9mie ? Combien d&rsquo;hospitalisations, de cas en <strong>r\u00e9animation<\/strong>, de <strong>d\u00e9c\u00e8s <\/strong>?\u00a0<span style=\"font-size: 1rem;\">Que disent les\u00a0<\/span><a data-auth=\"NotApplicable\" href=\"https:\/\/sante.journaldesfemmes.fr\/fiches-maladies\/2667643-carte-covid-19-france-departement-confine-rayon-10-km-temps-reel-monde-europe-zone-rouge-variant\/\" rel=\"noopener noreferrer\" style=\"font-size: 1rem; background-color: rgb(255, 255, 255);\" target=\"_blank\">cartes<\/a><span style=\"font-size: 1rem;\"> de suivi de l&rsquo;\u00e9pid\u00e9mie ? Quels sont les <\/span><a href=\"https:\/\/sante.journaldesfemmes.fr\/fiches-maladies\/2630075-symptomes-coronavirus-covid-19-mal-gorge-rhume-que-faire-variant-premier-apparition-nouveaux-duree\/\" style=\"font-size: 1rem; background-color: rgb(255, 255, 255);\" target=\"_blank\" rel=\"noopener noreferrer\">sympt\u00f4mes du coronavirus<\/a><span style=\"font-size: 1rem;\"> ? Quand <\/span><a href=\"https:\/\/sante.journaldesfemmes.fr\/fiches-maladies\/2621211-isolement-covid-19-coronavirus-duree-10-jours-positif-cas-contact-variant-certificat-attestation\/\" style=\"font-size: 1rem; background-color: rgb(255, 255, 255);\" target=\"_blank\" rel=\"noopener noreferrer\">s&rsquo;isoler et combien de temps<\/a><span style=\"font-size: 1rem;\"> ?\u00a0<\/span><a data-auth=\"NotApplicable\" href=\"https:\/\/sante.journaldesfemmes.fr\/fiches-maladies\/2629823-taux-de-reproduction-covid-france-coronavirus-r0-r-effectif-calcul-carte-evolution-aujourd-hui-definition\/\" rel=\"noopener noreferrer\" style=\"font-size: 1rem; background-color: rgb(255, 255, 255);\" target=\"_blank\">Quel est le taux de R0 du virus<\/a><span style=\"font-size: 1rem;\">\u00a0? Quand est-on <\/span><a href=\"https:\/\/sante.journaldesfemmes.fr\/fiches-maladies\/2679521-contagion-covid-19-combien-de-temps-jours-duree-asymptomatique-symptomes-incubation-contagieux\/\" style=\"font-size: 1rem; background-color: rgb(255, 255, 255);\" target=\"_blank\" rel=\"noopener noreferrer\">contagieux<\/a><span style=\"font-size: 1rem;\"> ? Que sait-on des\u00a0<\/span><a href=\"https:\/\/sante.journaldesfemmes.fr\/fiches-maladies\/2620433-vaccin-coronavirus-covid-19-pfizer-moderna-sanofi-spoutnik-johnson-astrazeneca-france-has\/\" style=\"font-size: 1rem; background-color: rgb(255, 255, 255);\" target=\"_blank\" rel=\"noopener noreferrer\">vaccins<\/a><span style=\"font-size: 1rem;\">\u00a0? Des\u00a0<\/span><a href=\"https:\/\/sante.journaldesfemmes.fr\/fiches-maladies\/2686947-effets-secondaires-indesirable-vaccin-covid-ansm-france-pfizer-moderna-astrazeneca-2-eme-injection\/\" style=\"font-size: 1rem; background-color: rgb(255, 255, 255);\" target=\"_blank\" rel=\"noopener noreferrer\">effets secondaires<\/a><span style=\"font-size: 1rem;\">\u00a0apr\u00e8s la vaccination ? Chiffres et infos du jour.<\/span><\/p>\n<ul>\n<li><strong>Fleuristes et jardineries restent ouverts.<\/strong> Dans les 16\u00a0d\u00e9partements concern\u00e9s par le \u00ab\u00a0nouveau\u00a0\u00bb confinement, les fleuristes et les jardineries sont autoris\u00e9s \u00e0 rester ouverts, a indiqu\u00e9\u00a0le gouvernement vendredi.<\/li>\n<li><strong>Bilan des vaccinations.\u00a0<\/strong>5\u00a0960\u00a0223\u00a0de personnes ont re\u00e7u au moins une injection (soit 8,9\u00a0% de la population totale et 11,3\u00a0% de la population majeure), depuis le d\u00e9but de la campagne de vaccination en France. Et 2\u00a0431\u00a0395\u00a0de personnes ont re\u00e7u deux injections (soit 3,6\u00a0% de la population totale et 4,6\u00a0% de la population majeure), a indiqu\u00e9 vendredi le minist\u00e8re de la sant\u00e9.<\/li>\n<li><strong>Le Stade de France en centre de vaccination.<\/strong>\u00a0Le\u00a0Stade de France \u00e0 Saint-Denis (Seine-Saint-Denis)\u00a0pourrait devenir un \u00ab\u00a0grand centre de vaccination\u00a0\u00bb contre le Covid-19\u00a0\u00ab\u00a0d\u00e9but avril\u00a0\u00bb, a appris l&rsquo;AFP vendredi, de source officielle. A l&rsquo;instar du\u00a0stade V\u00e9lodrome \u00e0 Marseille, qui accueille d\u00e9j\u00e0 depuis lundi, un centre de vaccination contre le Covid-19.<\/li>\n<li><strong>Surveillance des vaccins.<\/strong> Dans son rapport hebdomadaire, l&rsquo;agence de s\u00e9curit\u00e9 du\u00a0m\u00e9dicament\u00a0(ANSM) appuie\u00a0la d\u00e9cision de l&rsquo;agence europ\u00e9enne du m\u00e9dicament (EMA) : \u00ab\u00a0<em>la balance b\u00e9n\u00e9fice\/risque du vaccin AstraZeneca dans la pr\u00e9vention du Covid-19\u00a0est positive<\/em>\u00a0\u00bb souligne l&rsquo;agence.\u00a0\u00ab\u00a0<em>Le vaccin n&rsquo;est pas associ\u00e9 \u00e0 une augmentation du risque global de caillots sanguins (\u00e9v\u00e9nements thromboemboliques). Cependant, un lien possible avec deux formes tr\u00e8s rares de caillots sanguins (coagulation intravasculaire diss\u00e9min\u00e9e (CIVD) et thromboses des sinus veineux c\u00e9r\u00e9braux) associ\u00e9s \u00e0 un d\u00e9ficit en plaquettes sanguines ne peut pas \u00eatre exclu \u00e0 ce stade\u00a0\u00bb\u00a0<\/em>pr\u00e9cise t-elle. \u00ab\u00a0<em>La majorit\u00e9 de ces formes rares est survenue chez des femmes de moins de 55\u00a0ans. Les investigations se poursuivent et des informations concernant ce risque seront ajout\u00e9es dans le R\u00e9sum\u00e9 des Caract\u00e9ristiques du Produit (RCP) et la notice du vaccin. Par ailleurs, il n&rsquo;y a aucune preuve d&rsquo;un probl\u00e8me de qualit\u00e9 li\u00e9 \u00e0 des lots sp\u00e9cifiques du vaccin ou \u00e0 des sites de fabrication particuliers\u00a0\u00bb,\u00a0<\/em>a rapport\u00e9 l&rsquo;ANSM.<\/li>\n<li><strong>Nouvelles r\u00e8gles. <\/strong>Un d\u00e9cret devrait paraitre \u00ab\u00a0dans les prochaines heures\u00a0\u00bb a indiqu\u00e9 vendredi le ministre de l&rsquo;Int\u00e9rieur G\u00e9rald Darmanin, qui va permettre de cadrer tous les motifs d&rsquo;exception permettant aux Fran\u00e7ais \u00ab\u00a0<em>de bien savoir ce qu&rsquo;ils doivent ou ne doivent pas faire<\/em>\u00ab\u00a0. En attendant la parution du d\u00e9cret, le ministre a promis de \u00ab\u00a0la p\u00e9dagogie\u00a0\u00bb et de la \u00ab\u00a0compr\u00e9hension\u00a0\u00bb des forces de l&rsquo;ordre lors du\u00a0contr\u00f4le du respect du confinement.<\/li>\n<li><strong>T\u00e9l\u00e9travail<\/strong>.\u00a0Jeudi, le premier ministre Jean Castex \u00e0 inviter les entreprises \u00e0 recourir\u00a0\u00ab\u00a0au maximum\u00a0\u00bb au t\u00e9l\u00e9travail \u00ab\u00a0au moins 4 jours sur 5\u00a0\u00bb. Pour pousser \u00e0 l&rsquo;action, G\u00e9rald Darmanin (ministre de l&rsquo;Int\u00e9rieur), Elisabeth Borne (Travail) et Am\u00e9lie de Montchalin (Fonction publique) ont \u00e9crit\u00a0aux pr\u00e9fets pour leur demander d&rsquo;agir\u00a0: <em>\u00ab\u00a0Dans les d\u00e9partements en surveillance renforc\u00e9e, nous vous demandons de mettre en place un plan d&rsquo;action visant \u00e0 renforcer l&rsquo;effectivit\u00e9 du recours au t\u00e9l\u00e9travail\u00a0\u00bb<\/em>, rappelant\u00a0l&rsquo;existence du\u00a0protocole en entreprise.\u00a0Les pr\u00e9fets sont invit\u00e9s \u00e0 \u00ab\u00a0faire remonter\u00a0\u00bb les actions envisag\u00e9es d&rsquo;ici au 22\u00a0mars.\u00a0<\/li>\n<li><strong>Jean Castex vaccin\u00e9 avec AstraZeneca.<\/strong> Comme annonc\u00e9 lors de sa prise de parole jeudi 18 mars, le Premier ministre Jean Castex s&rsquo;est fait vacciner ce vendredi \u00e0 l&rsquo;h\u00f4pital B\u00e9gin de Saint-mand\u00e9 avec le vaccin AstraZeneca.<\/li>\n<li><strong>La HAS redonne son feu vert \u00e0 AstraZeneca. <em>\u00ab\u00a0<\/em><\/strong><em>Suite \u00e0 l&rsquo;avis de l&rsquo;EMA, la HAS donne son feu vert \u00e0 la reprise de la vaccination avec AstraZeneca pour les <strong>personnes \u00e2g\u00e9es de 55\u00a0ans et plus.<\/strong> Merci \u00e0 tous nos m\u00e9decins, pharmaciens qui d\u00e8s aujourd&rsquo;hui vont tous se mobiliser pour continuer la campagne vaccinale\u00a0\u00bb<\/em> a d\u00e9clar\u00e9 Olivier V\u00e9ran sur son compte <a href=\"https:\/\/twitter.com\/olivierveran\/status\/1372883854747389955\" target=\"_blank\" rel=\"noopener noreferrer\">Twitter<\/a> vendredi.\u00a0La Haute autorit\u00e9 de Sant\u00e9 (HAS) a donn\u00e9 son feu vert \u00e0 la reprise \u00ab\u00a0sans d\u00e9lai\u00a0\u00bb de la vaccination avec AstraZeneca, mais recommande de le r\u00e9server aux personnes de 55\u00a0ans et plus, dans un avis publi\u00e9 ce vendredi 19\u00a0mars.<\/li>\n<li><strong>Pic de cas de Covid dans les \u00e9coles. <\/strong>Selon le minist\u00e8re de l&rsquo;Education nationale, le nombre d&rsquo;\u00e9l\u00e8ves contamin\u00e9s par le coronavirus a fortement augment\u00e9 en une semaine, passant de 9.000\u00a0\u00e0 plus de 15.000 dans les \u00e9coles.\u00a0Dans le d\u00e9tail, 15.484\u00a0\u00e9l\u00e8ves ont \u00e9t\u00e9 contamin\u00e9s sur un total de 12.400.000, soit un taux de 0,13%.<\/li>\n<li><strong>Nouvelle attestation. <\/strong>Une nouvelle attestation va \u00eatre mise en ligne dans la journ\u00e9e sur le <a href=\"https:\/\/www.interieur.gouv.fr\/Actualites\/L-actu-du-Ministere\/Attestations-de-deplacement-couvre-feu\" target=\"_blank\" rel=\"noopener noreferrer\">site du minist\u00e8re de l&rsquo;Int\u00e9rieur<\/a> pour les habitants des 16 d\u00e9partements confin\u00e9s afin de pouvoir justifier de leur d\u00e9placement en dehors de leur domicile.\u00a0<\/li>\n<li><strong>Les coiffeurs restent ouverts. <\/strong>Le porte-parole du gouvernement, Gabriel Attal, a annonc\u00e9 vendredi matin sur RTL\u00a0que<em> \u00ab\u00a0les coiffeurs pourront rester ouverts\u00a0\u00bb<\/em>.\u00a0\u00a0<em>\u00ab\u00a0Il y a des conditions qui sont particuli\u00e8res. Il y a un d\u00e9cret qui va \u00eatre pr\u00e9sent\u00e9 qui indiquera quels sont les lieux, les\u00a0commerces qui peuvent rester ouverts et doivent fermer. On cherchera avec eux toujours les mani\u00e8res d&rsquo;am\u00e9liorer encore le protocole sanitaire et les r\u00e8gles pour limiter les transmissions\u00a0\u00bb,<\/em> indique-t-il.<\/li>\n<li><strong>La vaccination co\u00fbte entre 3 et 4 milliards.<\/strong> Invit\u00e9 sur Europe 1, vendredi matin, le ministre charg\u00e9 des comptes publics Olivier Dussopt a indiqu\u00e9 que <em>\u00ab\u00a0la vaccination a un co\u00fbt, comme les tests ont un co\u00fbt, les tests ont co\u00fbt\u00e9 \u00e0 l&rsquo;Etat en 2020 un peu plus de 2.6 milliards d&rsquo;euros. Pour la vaccination, nous penserons que \u00e7a co\u00fbtera entre 3 et 4 milliards d&rsquo;euros mais c&rsquo;est le meilleur investissement qui soit, pour la sant\u00e9, pour l&rsquo;\u00e9conomie et pour la France\u00a0\u00bb.<\/em><\/li>\n<li><strong>Le confinement de 16 d\u00e9partements co\u00fbtera 1.2 milliards d&rsquo;euros. <\/strong>Le ministre de l&rsquo;Economie Bruno Le Maire a annonc\u00e9 que les mesures pour soutenir les secteurs \u00e9conomiques des 16 d\u00e9partements reconfin\u00e9s pour 4 semaines co\u00fbteront 1.2 milliards d&rsquo;euros suppl\u00e9mentaires par mois <em>\u00ab\u00a0soit 7,2\u00a0milliards d&rsquo;euros en tout par mois<\/em>\u00ab\u00a0.<\/li>\n<li><strong>Le vaccin AstraZeneca \u00ab\u00a0s\u00fbr et efficace\u00a0\u00bb. <\/strong>L&rsquo;Agence europ\u00e9enne du m\u00e9dicament a conclu ce jeudi que le vaccin AstraZeneca est \u00ab\u00a0s\u00fbr et efficace\u00a0\u00bb selon les propos de la directrice de l&rsquo;EMA, Emer Cooke. <em>\u00ab\u00a0Les\u00a0avantages du vaccin dans la lutte contre la menace encore r\u00e9pandue du COVID-19\u00a0(qui lui-m\u00eame entra\u00eene des probl\u00e8mes de coagulation et peuvent \u00eatre mortels) continuent de l&#8217;emporter sur le risque d&rsquo;effets secondaires\u00a0\u00bb. <\/em>L&rsquo;EMA a reconnu qu&rsquo;il pouvait \u00eatre associ\u00e9 \u00e0 de <em>\u00ab\u00a0tr\u00e8s rares cas de caillots sanguins\u00a0\u00bb<\/em> et demandent ainsi aux patients vaccin\u00e9s de consulter leurs m\u00e9decins en cas de sympt\u00f4mes \u00e9vocateurs\u00a0:\u00a0<strong>essoufflement<\/strong>,\u00a0douleur \u00e0 la poitrine ou \u00e0 l&rsquo;estomac,<strong>\u00a0<\/strong><strong>gonflement ou froid dans un bras ou une jambe<\/strong>,\u00a0maux de t\u00eate s\u00e9v\u00e8res ou s&rsquo;aggravant ou vision trouble apr\u00e8s la vaccination,\u00a0saignement persistant,\u00a0multiples petites ecchymoses, des taches rouge\u00e2tres ou violac\u00e9es ou des cloques de sang sous la peau.\u00a0<\/li>\n<\/ul>\n<p><strong>Le 18 mars 2021, <\/strong>le Premier ministre Jean Castex et le ministre de la Sant\u00e9 Olivier V\u00e9ran ont annonc\u00e9 de nouvelles mesures de freinage de l&rsquo;\u00e9pid\u00e9mie de Covid-19\u00a0territorialis\u00e9es. <em>\u00ab\u00a0<strong>Les r\u00e8gles sont claires,<\/strong> a indiqu\u00e9 Jean Castex. Elle s&rsquo;appuient sur un principe de confiance et de responsabilit\u00e9, je dirais m\u00eame de bon sens et certainement pas d&rsquo;infantilisation\u00a0: profitons des espaces ext\u00e9rieurs mais soyons rigoureux pour proscrire les regroupements priv\u00e9s ou dans l&rsquo;espace public.\u00a0\u00bb<\/em><\/p>\n<ul>\n<li><strong>16\u00a0d\u00e9partements<\/strong>\u00a0<strong>sont confin\u00e9s pour 4 semaines\u00a0<\/strong>: les\u00a08\u00a0d\u00e9partements d&rsquo;Ile-de-France, les 5\u00a0d\u00e9partements des Hauts-de-France, les\u00a0Alpes-Maritimes, la Seine-Maritime et l&rsquo;Eure seront confin\u00e9s d\u00e8s vendredi soir minuit.\u00a0<\/li>\n<li><strong>Le dispositif de couvre-feu <\/strong>sera maintenu selon les m\u00eames r\u00e8gles qu&rsquo;aujourd&rsquo;hui, dans tous les d\u00e9partements, mais son heure de d\u00e9but passera de 18h00\u00a0<strong>\u00e0 19h00.<\/strong><\/li>\n<li><strong>La vaccination avec AstraZeneca va reprendre <\/strong>d\u00e8s \u00ab\u00a0vendredi apr\u00e8s-midi\u00a0\u00bb apr\u00e8s l&rsquo;avis favorable rendu par l&rsquo;EMA. D\u00e8s vendredi matin, \u00ab\u00a0<em>la Haute autorit\u00e9 de sant\u00e9 actualisera sa recommandation s&rsquo;agissant du vaccin AstraZeneca afin que nous puissions reprendre imm\u00e9diatement, dans la foul\u00e9e, la vaccination<\/em>\u00a0\u00bb a affirm\u00e9 le Premier ministre qui se fera vacciner d\u00e8s vendredi.<\/li>\n<li><strong>Le recours au t\u00e9l\u00e9travail<\/strong> est incit\u00e9 par le Premier ministre sur<em> <strong>\u00ab\u00a0au moins 4\u00a0jours sur 5\u00a0\u00bb\u00a0<\/strong><\/em>et sur tout le territoire.<\/li>\n<\/ul>\n<p>A compter de vendredi 19 mars \u00e0 minuit, les d\u00e9placements\u00a0doivent \u00e0 nouveau \u00eatre justifi\u00e9s par une attestation dans 16\u00a0d\u00e9partements. Il faudra \u00e9galement continuer de se munir d&rsquo;une attestation pour les d\u00e9placements apr\u00e8s 19 heures, nouvelle heure \u00e0 partir de laquelle s&rsquo;applique le couvre-feu.\u00a0Ces attestations seront mises en ligne ce vendredi <a href=\"https:\/\/www.interieur.gouv.fr\/Actualites\/Infos-pratiques\/Attestations-de-deplacement-couvre-feu\" target=\"_blank\" rel=\"noopener noreferrer\">sur le site du minist\u00e8re de l&rsquo;Int\u00e9rieur<\/a> o\u00f9 sont disponibles toutes les attestations.<\/p>\n<p>En raison de la forte progression de l&rsquo;\u00e9pid\u00e9mie de Covid-19\u00a0dans certains territoires, un confinement sept jours sur sept est d\u00e9cr\u00e9t\u00e9 pour 4\u00a0semaines dans les d\u00e9partements de l&rsquo;\u00cele-de-France et des Hauts-de-France, l&rsquo;Eure, la Seine-Maritime et les Alpes-Maritimes. Dans ces 16\u00a0d\u00e9partements, \u00e0 compter de vendredi 19\u00a0mars\u00a02021\u00a0\u00e0 minuit, seuls les commerces de premi\u00e8re n\u00e9cessit\u00e9 pourront ouvrir, les d\u00e9placements seront autoris\u00e9s dans une limite de 10\u00a0km, sans limite de dur\u00e9e. En revanche, les \u00e9coles resteront ouvertes. Dans le reste du pays, le couvre-feu est repouss\u00e9 \u00e0 19h. C&rsquo;est ce qu&rsquo;a annonc\u00e9 le Premier ministre dans sa conf\u00e9rence de presse du 18\u00a0mars\u00a02021.<\/p>\n<p><strong>Les d\u00e9partements concern\u00e9s par les mesures de confinement sont\u00a0:<\/strong><\/p>\n<ul>\n<li>les 8\u00a0d\u00e9partements d&rsquo;\u00cele-de-France\u00a0: Paris (75), Seine-et-Marne (77), Yvelines (78), Essonne (91), Hauts-de-Seine (92), Seine-Saint-Denis (93), Val-de-Marne (94), Val-d&rsquo;Oise (95).<\/li>\n<li>les 5\u00a0d\u00e9partements des Hauts-de-France\u00a0: Aisne (02), Nord (59), Oise (60), Pas-de-Calais (62), Somme (80).<\/li>\n<li>l&rsquo;Eure (27).<\/li>\n<li>la Seine-Maritime (76).<\/li>\n<li>les Alpes-Maritimes (06).<\/li>\n<\/ul>\n<h2 id=\"titreChapitre_-260721977518844391\">Les nouvelles mesures de confinement dans ces 16\u00a0d\u00e9partements<\/h2>\n<p>\u00c0 compter de vendredi 18\u00a0mars\u00a02021\u00a0\u00e0 minuit, les mesures de confinement seront les suivantes\u00a0:<\/p>\n<ul>\n<li>Les \u00e9coles maternelles, \u00e9l\u00e9mentaires et les coll\u00e8ges resteront ouverts.<\/li>\n<li>Les lyc\u00e9es basculeront tous en demi-jauge.<\/li>\n<li>Les universit\u00e9s continueront \u00e0 fonctionner selon le rythme actuellement en vigueur.<\/li>\n<li>L&rsquo;\u00e9ducation physique et sportive (EPS) sur le temps scolaire reprendra. Les activit\u00e9s sportives extrascolaires des mineurs seront maintenues.<\/li>\n<li><a data-xiti-name=\"Particuliers::Actualite::Navigation_Directe::Les_lieux_de_culte_resteront_accessibles_dans_les_m\u00eames_conditions\" data-xiti-type=\"exit\" href=\"https:\/\/www.service-public.fr\/particuliers\/actualites\/A14496\" rel=\"noopener noreferrer\" target=\"_blank\">Les lieux de culte resteront accessibles dans les m\u00eames conditions<\/a>\u00a0.<\/li>\n<li>Seuls les commerces vendant des biens et des services de premi\u00e8re n\u00e9cessit\u00e9 seront autoris\u00e9s \u00e0 ouvrir dont les libraires et les disquaires (et les rayons vendant ces produits culturels dans les supermarch\u00e9s).<\/li>\n<li>Les promenades autour de chez soi pour s&rsquo;a\u00e9rer ou faire du sport seront autoris\u00e9es sans aucune limitation de dur\u00e9e dans un rayon de 10\u00a0km et \u00e0 condition de se munir d&rsquo;une attestation.<\/li>\n<li>Les d\u00e9placements interr\u00e9gionaux seront interdits sauf motifs imp\u00e9rieux ou professionnels.<\/li>\n<\/ul>\n<h2 id=\"titreChapitre_-6579316438583473917\">Dans les autres d\u00e9partements<\/h2>\n<p>Le couvre-feu sera retard\u00e9 d&rsquo;une heure en m\u00e9tropole \u00e0 compter de samedi 19\u00a0mars\u00a02021\u00a0pour s&rsquo;adapter au passage \u00e0 l&rsquo;heure d&rsquo;\u00e9t\u00e9. Il passera de 18h \u00e0 19h. Apr\u00e8s 19 heures, il faudra se munir d&rsquo;une attestation pour justifier son d\u00e9placement.<\/p>\n<p><strong>Selon les derniers chiffres publi\u00e9s par <a href=\"https:\/\/dashboard.covid19.data.gouv.fr\/vue-d-ensemble?location=FRA\" target=\"_blank\" rel=\"noopener noreferrer\">le\u00a0gouvernement<\/a>, au jeudi 18\u00a0mars <\/strong>(derni\u00e8res donn\u00e9es disponibles)<strong>, en France\u00a0:<\/strong><\/p>\n<p>\u2022 4 181 607\u00a0personnes ont \u00e9t\u00e9 contamin\u00e9es par le coronavirus\u00a0<strong>(+34 998\u00a0en 24\u00a0heures).<\/strong><\/p>\n<p>\u2022 4 246 patients Covid-19 sont en r\u00e9animation (+27\u00a0en 24 heures).<\/p>\n<p>\u2022 25 389 patients Covid-19 sont hospitalis\u00e9s (+75\u00a0en 24 heures).<\/p>\n<p>\u2022 91 679 personnes sont d\u00e9c\u00e9d\u00e9es en France\u00a0<strong>(+268 en 24\u00a0heures),<\/strong><strong>\u00a0<\/strong>dont 66 274 \u00e0 l&rsquo;h\u00f4pital, auxquels se sont ajout\u00e9s 94\u00a0d\u00e9c\u00e8s en Ephad et ESMS entre le 10 et le 16 mars.<\/p>\n<blockquote>\n<p style=\"text-align: right;\">\u00a0<\/p>\n<\/blockquote>\n<blockquote>\n<p style=\"text-align: right;\">\u00a0<\/p>\n<\/blockquote>\n<p>Dans son dernier bilan hebdomadaire du 18 mars, <a href=\"https:\/\/www.santepubliquefrance.fr\/maladies-et-traumatismes\/maladies-et-infections-respiratoires\/infection-a-coronavirus\/documents\/bulletin-national\/covid-19-point-epidemiologique-du-18-mars-2021\" target=\"_blank\" rel=\"noopener noreferrer\">Sant\u00e9 Publique France<\/a> confirme la d\u00e9gradation de la situation \u00e9pid\u00e9mique en France. En semaine 10 (8-14 mars), l&rsquo;ensemble des indicateurs, d\u00e9j\u00e0 \u00e0 des niveaux \u00e9lev\u00e9s, \u00e9taient \u00e0 la hausse avec notamment une<strong> augmentation de 14% du nombre de nouvelles infections <\/strong>et ce, sur la majeure partie du territoire m\u00e9tropolitain. Elle rapporte :<\/p>\n<ul>\n<li>Augmentation du nombre de nouveaux cas, apr\u00e8s un plateau de deux semaines.<\/li>\n<li>Augmentation du nombre de patients en hospitalisation (+5%) et en services de soins critiques (+11%).<\/li>\n<li>Tendance \u00e0 la hausse de la proportion d&rsquo;hospitalisations et d&rsquo;admission en services de soins critiques chez les jeunes adultes.<\/li>\n<li>Augmentation de la proportion du variant anglais en France (72% des tests positifs \u00e0 un variant), stabilisation des suspicions de variant sud-africain et br\u00e9silien \u00e0 5%.<\/li>\n<li>Mortalit\u00e9 li\u00e9e \u00e0 la COVID-19\u00a0toujours \u00e9lev\u00e9e.<\/li>\n<\/ul>\n<p>Une bonne nouvelle cependant : la poursuite de l&rsquo;am\u00e9lioration de l&rsquo;ensemble des indicateurs chez les personnes de 75\u00a0ans et plus, en coh\u00e9rence avec l&rsquo;augmentation de la couverture vaccinale.<\/p>\n<h3 style=\"text-align: center;\">\u00c9volution des taux d&rsquo;incidence et taux de d\u00e9pistage par semaine, depuis la semaine 23-2020, France (donn\u00e9es au 17\u00a0mars 2021)<\/h3>\n<div style=\"text-align:center\">\n<figure class=\"image\" style=\"display:inline-block\"><a class=\"fancy\" href=\"https:\/\/img-3.journaldesfemmes.fr\/sy08fYoVDrcEtqDReuVlikKE34Y=\/1080x\/smart\/14e718c203b049bcbe4f82f9a4a7a85e\/ccmcms-jdf\/23260508.jpg\"><img decoding=\"async\" alt=\"\u00c9volution des taux d\u2019incidence et taux de d\u00e9pistage covid france\" src=\"https:\/\/img-3.journaldesfemmes.fr\/MBPpq3Kf7YR0QxTHJxsCya3kgyU=\/600x\/smart\/14e718c203b049bcbe4f82f9a4a7a85e\/ccmcms-jdf\/23260508.jpg\"\/><\/a><figcaption data-credit=\"Sant\u00e9 Publique France\" data-legend=\"\u00c9volution des taux d\u2019incidence et taux de d\u00e9pistage par semaine, depuis la semaine 23-2020, France (donn\u00e9es au 17 mars 2021)\">\u00c9volution des taux d\u2019incidence et taux de d\u00e9pistage par semaine, depuis la semaine 23-2020, France (donn\u00e9es au 17 mars 2021) <small>\u00a9\u00a0Sant\u00e9 Publique France<\/small><\/figcaption><\/figure>\n<\/div>\n<p>Le gouvernement suit \u00e9galement l&rsquo;\u00e9volution du taux d&rsquo;occupation des lits en r\u00e9animation par des patients Covid-19 (sur les capacit\u00e9s initiales). Ce taux met en lumi\u00e8re une \u00e9ventuelle tension hospitali\u00e8re.\u00a0<\/p>\n<div style=\"text-align:center\">\n<figure class=\"image\" style=\"display:inline-block\"><a class=\"fancy\" href=\"https:\/\/img-3.journaldesfemmes.fr\/yJAH2ir48eH63iZ4jMg2A2p3K5w=\/1080x\/smart\/675f913f519a4050926e68cf3e32f05a\/ccmcms-jdf\/23241316.png\"><img decoding=\"async\" alt=\"Taux d'occupation des lits en r\u00e9animation au 18 mars par des patients Covid-19\" src=\"https:\/\/img-3.journaldesfemmes.fr\/XU5XKTTQZ3vtCg6cWQAvtk2kYwg=\/450x\/smart\/675f913f519a4050926e68cf3e32f05a\/ccmcms-jdf\/23241316.png\"\/><\/a><figcaption data-credit=\"Gouvernement.fr\" data-legend=\"Taux d'occupation des lits en r\u00e9animation au 18 mars par des patients Covid-19\">Taux d&rsquo;occupation des lits en r\u00e9animation au 18 mars par des patients Covid-19 <small>\u00a9\u00a0Gouvernement.fr<\/small><\/figcaption><\/figure>\n<\/div>\n<p>Le\u00a0<strong>pic \u00e9pid\u00e9mique<\/strong>\u00a0de la premi\u00e8re vague a \u00e9t\u00e9 observ\u00e9 la\u00a0<strong>semaine du 6\u00a0au 12\u00a0avril<\/strong>, soit 15\u00a0jours\u00a0apr\u00e8s la mise en \u0153uvre des mesures de confinement de la population g\u00e9n\u00e9rale, le 17\u00a0mars 2020. Le <strong>pic de la deuxi\u00e8me vague <\/strong>a eu lieu\u00a0du <strong>16\u00a0au 20\u00a0novembre,\u00a0<\/strong>trois semaines apr\u00e8s le deuxi\u00e8me confinement.<\/p>\n<p>Actuellement, 16 d\u00e9partements sont particuli\u00e8rement sous tension :\u00a0<\/p>\n<ul>\n<li>les 8\u00a0d\u00e9partements d&rsquo;\u00cele-de-France\u00a0: Paris (75), Seine-et-Marne (77), Yvelines (78), Essonne (91), Hauts-de-Seine (92), Seine-Saint-Denis (93), Val-de-Marne (94), Val-d&rsquo;Oise (95).<\/li>\n<li>les 5\u00a0d\u00e9partements des Hauts-de-France\u00a0: Aisne (02), Nord (59), Oise (60), Pas-de-Calais (62), Somme (80).<\/li>\n<li>l&rsquo;Eure (27).<\/li>\n<li>la Seine-Maritime (76).<\/li>\n<li>les Alpes-Maritimes (06).<\/li>\n<\/ul>\n<div style=\"text-align:center\">\n<figure class=\"image\" style=\"display:inline-block\"><a class=\"fancy\" href=\"https:\/\/img-3.journaldesfemmes.fr\/IVEra0TQR5Qp3Eg6O-uFlz2h05c=\/1080x\/smart\/6107b67b30f4441fbff3e6935eddd8ea\/ccmcms-jdf\/23259632.jpg\" target=\"_blank\" rel=\"noopener noreferrer\"><img decoding=\"async\" alt=\"d\u00e9partement confin\u00e9s mars 2021 france\" src=\"https:\/\/img-3.journaldesfemmes.fr\/IVEra0TQR5Qp3Eg6O-uFlz2h05c=\/1080x\/smart\/6107b67b30f4441fbff3e6935eddd8ea\/ccmcms-jdf\/23259632.jpg\"\/><\/a><figcaption data-credit=\"Twitter Jean Castex - 18 mars 2021\" data-legend=\"Carte des territoires confin\u00e9s \u00e0 compter du vendredi 19 mars \u00e0 minuit, pour une dur\u00e9e de 4 semaines.\">Carte des territoires confin\u00e9s \u00e0 compter du vendredi 19\u00a0mars \u00e0 minuit, pour une dur\u00e9e de 4\u00a0semaines. <small>\u00a9\u00a0Twitter Jean Castex &#8211; 18\u00a0mars 2021<\/small><\/figcaption><\/figure>\n<\/div>\n<p><iframe loading=\"lazy\" height=\"600\" src=\"https:\/\/geodes.santepubliquefrance.fr\/?view=map2&amp;indics=sp_ti_tp_7j.tx_pe_gliss&amp;serie=2021-02-15-2021-02-21&amp;lang=fr&amp;iframe=1\" width=\"600\"><\/iframe><\/p>\n<p>Au jeudi 18\u00a0mars 2021 (derni\u00e8res donn\u00e9es disponibles), un total de<strong>\u00a04 181 607\u00a0<\/strong><strong>cas\u00a0confirm\u00e9s\u00a0<\/strong>de coronavirus est rapport\u00e9 depuis le d\u00e9but de la pand\u00e9mie.<\/p>\n<p><strong>Sur la semaine 10 (8-14 mars) :<\/strong><\/p>\n<ul>\n<li>les nouveaux cas de Covid ont augment\u00e9 de +14% (169\u00a0470 vs 148\u00a0377 en semaine 9)<\/li>\n<li>le taux d&rsquo;incidence \u00e9tait en augmentation dans toutes les classes d&rsquo;\u00e2ge, except\u00e9 chez les 75\u00a0ans et plus, pour lesquels ce taux \u00e9tait stable. L&rsquo;<strong>augmentation la plus importante \u00e9tait observ\u00e9e chez les 0-14\u00a0ans (27%<\/strong>).<\/li>\n<li>Le taux de d\u00e9pistage \u00e9tait en forte augmentation chez les 0-14\u00a0ans (+65%).<\/li>\n<\/ul>\n<h3 style=\"text-align: center;\">Nombre incident de cas confirm\u00e9s de COVID-19\u00a0par semaine (date de pr\u00e9l\u00e8vement) rapport\u00e9s \u00e0 Sant\u00e9 publique France du 11\u00a0mai 2020\u00a0au 14\u00a0mars 2021, France (donn\u00e9es au 17\u00a0mars 2021)<\/h3>\n<div style=\"text-align:center\">\n<figure class=\"image\" style=\"display:inline-block\"><a class=\"fancy\" href=\"https:\/\/img-3.journaldesfemmes.fr\/1KA1hthqHIIftBL3i6BFsM_od2o=\/1080x\/smart\/b6396ea96de74ce9b1e7d02ddb33890a\/ccmcms-jdf\/23260506.jpg\"><img decoding=\"async\" alt=\"courbe cas covid france\" src=\"https:\/\/img-3.journaldesfemmes.fr\/zS17TRNoLwL0J4RLAoiJbVbtb7w=\/600x\/smart\/b6396ea96de74ce9b1e7d02ddb33890a\/ccmcms-jdf\/23260506.jpg\"\/><\/a><figcaption data-credit=\"Sant\u00e9 publique France\" data-legend=\"Nombre incident de cas confirm\u00e9s de COVID-19 par semaine (date de pr\u00e9l\u00e8vement) rapport\u00e9s \u00e0 Sant\u00e9 publique France du 11 mai 2020 au 14 mars 2021, France (donn\u00e9es au 17 mars 2021)\">Nombre incident de cas confirm\u00e9s de COVID-19 par semaine (date de pr\u00e9l\u00e8vement) rapport\u00e9s \u00e0 Sant\u00e9 publique France du 11 mai 2020 au 14 mars 2021, France (donn\u00e9es au 17 mars 2021) <small>\u00a9\u00a0Sant\u00e9 publique France<\/small><\/figcaption><\/figure>\n<\/div>\n<h3 style=\"text-align: center;\">\u00c9volution des taux d&rsquo;incidence des cas de Covid-19 selon les classes d&rsquo;\u00e2ge, depuis la semaine 23-2020, France (donn\u00e9es au 17\u00a0mars 2021)\u00a0<\/h3>\n<div style=\"text-align:center\">\n<figure class=\"image\" style=\"display:inline-block\"><a class=\"fancy\" href=\"https:\/\/img-3.journaldesfemmes.fr\/Jt5HmFUgODE90gq0VKtmcz6tHfw=\/1080x\/smart\/5bbe3c28a30f467fb6cdbadb85f5e205\/ccmcms-jdf\/23260591.jpg\"><img decoding=\"async\" alt=\"\u00c9volution des taux d\u2019incidence covid par \u00e2ge\" src=\"https:\/\/img-3.journaldesfemmes.fr\/QyzXKodYeIwhPmSXsnrlYZGm8_E=\/600x\/smart\/5bbe3c28a30f467fb6cdbadb85f5e205\/ccmcms-jdf\/23260591.jpg\"\/><\/a><figcaption data-credit=\"Sant\u00e9 Publique France\" data-legend=\"\u00c9volution des taux d\u2019incidence des cas de Covid-19 selon les classes d\u2019\u00e2ge, depuis la semaine 23-2020, France (donn\u00e9es au 17 mars 2021)\">\u00c9volution des taux d\u2019incidence des cas de Covid-19 selon les classes d\u2019\u00e2ge, depuis la semaine 23-2020, France (donn\u00e9es au 17 mars 2021) <small>\u00a9\u00a0Sant\u00e9 Publique France<\/small><\/figcaption><\/figure>\n<\/div>\n<p>Jeudi 18\u00a0mars (derni\u00e8res donn\u00e9es disponibles),<strong>\u00a0+34 998\u00a0nouvelles personnes<\/strong>\u00a0ont re\u00e7u un test positif au Covid-19 par rapport \u00e0 la veille.<\/p>\n<h3 style=\"text-align: center;\">Taux d&rsquo;incidence &#8211; quotidien &#8211; tous \u00e2ges jusqu&rsquo;au 15 mars<\/h3>\n<div style=\"text-align:center\">\n<figure class=\"image\" style=\"display:inline-block\"><a class=\"fancy\" href=\"https:\/\/img-3.journaldesfemmes.fr\/fbraY4aI5SImsQyBiyI0QSqgH_s=\/1080x\/smart\/18e5ab74668d4b03870c07e6f5d74545\/ccmcms-jdf\/23260634.jpg\"><img decoding=\"async\" alt=\"Taux d'incidence - quotidien - tous \u00e2ges\" src=\"https:\/\/img-3.journaldesfemmes.fr\/fbraY4aI5SImsQyBiyI0QSqgH_s=\/1080x\/smart\/18e5ab74668d4b03870c07e6f5d74545\/ccmcms-jdf\/23260634.jpg\"\/><\/a><figcaption data-credit=\"G\u00e9odes\" data-legend=\"Taux d'incidence - quotidien - tous \u00e2ges jusqu'au 15 mars\">Taux d&rsquo;incidence &#8211; quotidien &#8211; tous \u00e2ges jusqu&rsquo;au 15 mars <small>\u00a9\u00a0G\u00e9odes<\/small><\/figcaption><\/figure>\n<\/div>\n<p><strong>Jeudi 18\u00a0mars <\/strong>(derni\u00e8res donn\u00e9es disponibles)<strong>, 4 246\u00a0personnes sont\u00a0hospitalis\u00e9es\u00a0en\u00a0r\u00e9animation (+27\u00a0que la veille). <\/strong>La tension sur le syst\u00e8me hospitalier continue de s&rsquo;accentuer et est critique dans certaines r\u00e9gions, confirme Sant\u00e9 Publique France dans son point hebdomadaire du 18 mars. <em>\u00ab\u00a0On observe en particulier une tendance \u00e0 la hausse de la proportion d&rsquo;hospitalisations et d&rsquo;admission en services de soins critiques chez les jeunes adultes\u00a0\u00bb <\/em>pr\u00e9vient l&rsquo;agence.<\/p>\n<p><strong>En semaine 10 (8-14 mars) :\u00a0<\/strong><\/p>\n<ul>\n<li>Le taux hebdomadaire d&rsquo;hospitalisations augmentait \u00e0 nouveau de +5%\u00a0et le nombre de patients COVID-19.<\/li>\n<li>Le taux d&rsquo;admissions en services de soins critiques poursuit son augmentation de mani\u00e8re plus marqu\u00e9e : +11% par rapport \u00e0 la semaine 9. Cette tendance se traduit par une augmentation constante du nombre de personnes en cours d&rsquo;hospitalisation en services de soins critiques.<\/li>\n<li>Les plus fortes augmentations du taux hebdomadaire de nouvelles admissions en services de soins critiques \u00e9taient observ\u00e9es dans les r\u00e9gions Grand-Est (+24%), \u00cele-de-France (+21%), Centre-Val de Loire (+16%) et Occitanie (+16%).<\/li>\n<li>Les plus<strong> forts taux hebdomadaires d&rsquo;admissions en services de soins critiques<\/strong> en m\u00e9tropole \u00e9taient encore rapport\u00e9s en \u00cele-de-France (5,9), Provence-Alpes-C\u00f4te d&rsquo;Azur (5,1\/100\u00a0000\u00a0habitants), et Hauts-de-France.<\/li>\n<li>Les taux d&rsquo;incidence, d&rsquo;hospitalisations et d&rsquo;admissions en r\u00e9animation ont<strong> nettement diminu\u00e9 chez les personnes de 75\u00a0ans <\/strong>et plus, traduisant l&rsquo;impact du niveau de couverture vaccinale atteint dans ce groupe d&rsquo;\u00e2ge.\u00a0<\/li>\n<\/ul>\n<div style=\"text-align:center\">\n<figure class=\"image\" style=\"display:inline-block\"><a class=\"fancy\" href=\"https:\/\/img-3.journaldesfemmes.fr\/jegqXEisBMhFWbDeMXhp3QaTgyk=\/1080x\/smart\/947ce276717740449ec971381baf20ea\/ccmcms-jdf\/23260719.jpg\"><img decoding=\"async\" alt=\"Nombre de patients COVID-19 en services de r\u00e9animation, par date de d\u00e9claration, depuis le 23 mars 2020, France (donn\u00e9es au 16 mars 2021)\" src=\"https:\/\/img-3.journaldesfemmes.fr\/jegqXEisBMhFWbDeMXhp3QaTgyk=\/1080x\/smart\/947ce276717740449ec971381baf20ea\/ccmcms-jdf\/23260719.jpg\"\/><\/a><figcaption data-credit=\"Sant\u00e9 publique France\" data-legend=\"Nombre de patients COVID-19 en services de r\u00e9animation, par date de d\u00e9claration, depuis le 23 mars 2020, France (donn\u00e9es au 16 mars 2021)\">Nombre de patients COVID-19 en services de r\u00e9animation, par date de d\u00e9claration, depuis le 23 mars 2020, France (donn\u00e9es au 16 mars 2021) <small>\u00a9\u00a0Sant\u00e9 publique France<\/small><\/figcaption><\/figure>\n<\/div>\n<p>Selon les <a href=\"https:\/\/www.gouvernement.fr\/info-coronavirus\/carte-et-donnees\" target=\"_blank\" rel=\"noopener noreferrer\">chiffres communiqu\u00e9s par le gouvernement<\/a>, consolid\u00e9s avec l&rsquo;Agence Sant\u00e9 Publique France et\u00a0les ARS (Agences r\u00e9gionales de Sant\u00e9), voici l&rsquo;\u00e9volution des hospitalisations (dont la r\u00e9animation) et des d\u00e9c\u00e8s\u00a0en France par r\u00e9gion.<\/p>\n<h3><a id=\"cas-covid-19-tableau-par-region\" name=\"cas-covid-19-tableau-par-region\">Evolution des hospitalisations (dont en r\u00e9animation) et d\u00e9c\u00e8s \u00e0 l&rsquo;h\u00f4pital du Covid-19\u00a0par r\u00e9gion au 18\u00a0mars<\/a><\/h3>\n<table border=\"1\" cellpadding=\"1\" cellspacing=\"1\" style=\"width:100%;\">\n<thead>\n<tr>\n<th scope=\"col\" style=\"width: 199px;\">R\u00e9gions<\/th>\n<th scope=\"col\" style=\"width: 162px; text-align: center;\">Hospitalisations en cours<\/th>\n<th scope=\"col\" style=\"width: 143px; text-align: center;\">Evolution des nouveaux patients sur les\u00a0 derni\u00e8res 24\u00a0H<\/th>\n<th scope=\"col\" style=\"width: 149px; text-align: center;\">R\u00e9animation Soins intensif<\/th>\n<th scope=\"col\" style=\"width: 155px; text-align: center;\">Evolution des nouveaux patients sur les\u00a0 derni\u00e8res 24\u00a0H<\/th>\n<th scope=\"col\" style=\"width: 220px; text-align: center;\">D\u00e9c\u00e8s<\/th>\n<\/tr>\n<tr>\n<td style=\"width: 199px;\"><b>\u00cele-de-France<\/b><\/td>\n<td style=\"width: 162px;\">6 041<\/td>\n<td style=\"width: 143px;\">+36<\/td>\n<td style=\"width: 149px;\">1 201<\/td>\n<td style=\"width: 155px;\">+38<\/td>\n<td style=\"width: 220px;\">15 938<\/td>\n<\/tr>\n<tr>\n<td style=\"width: 199px;\"><strong>Grand Est<\/strong><\/td>\n<td style=\"width: 162px;\">2 311<\/td>\n<td style=\"width: 143px;\">-25<\/td>\n<td style=\"width: 149px;\">368<\/td>\n<td style=\"width: 155px;\">+2<\/td>\n<td style=\"width: 220px;\">8 505<\/td>\n<\/tr>\n<tr>\n<td style=\"width: 199px;\"><strong>Auvergne-Rh\u00f4ne-Alpes<\/strong><\/td>\n<td style=\"width: 162px;\">3 012<\/td>\n<td style=\"width: 143px;\">-45<\/td>\n<td style=\"width: 149px;\">444<\/td>\n<td style=\"width: 155px;\">-14<\/td>\n<td style=\"width: 220px;\">9 582<\/td>\n<\/tr>\n<tr>\n<td style=\"width: 199px;\"><strong>Hauts-de-France<\/strong><\/td>\n<td style=\"width: 162px;\">3 101<\/td>\n<td style=\"width: 143px;\">+7<\/td>\n<td style=\"width: 149px;\">510<\/td>\n<td style=\"width: 155px;\">+13<\/td>\n<td style=\"width: 220px;\">6 831<\/td>\n<\/tr>\n<tr>\n<td style=\"width: 199px;\"><strong>Bourgogne-Franche-Comt\u00e9<\/strong><\/td>\n<td style=\"width: 162px;\">1 172<\/td>\n<td style=\"width: 143px;\">+3<\/td>\n<td style=\"width: 149px;\">\n<p>150<\/p>\n<\/td>\n<td style=\"width: 155px;\">-5<\/td>\n<td style=\"width: 220px;\">3 971<\/td>\n<\/tr>\n<tr>\n<td style=\"width: 199px;\"><strong>Provence-Alpes-C\u00f4te d&rsquo;Azur<\/strong><\/td>\n<td style=\"width: 162px;\">3 097<\/td>\n<td style=\"width: 143px;\">-24<\/td>\n<td style=\"width: 149px;\">505<\/td>\n<td style=\"width: 155px;\">-10<\/td>\n<td style=\"width: 220px;\">6 319<\/td>\n<\/tr>\n<tr>\n<td style=\"width: 199px;\"><strong>Occitanie<\/strong><\/td>\n<td style=\"width: 162px;\">1 349<\/td>\n<td style=\"width: 143px;\">-23<\/td>\n<td style=\"width: 149px;\">266<\/td>\n<td style=\"width: 155px;\">-5<\/td>\n<td style=\"width: 220px;\">3 430<\/td>\n<\/tr>\n<tr>\n<td style=\"width: 199px;\"><strong>Bretagne<\/strong><\/td>\n<td style=\"width: 162px;\">651<\/td>\n<td style=\"width: 143px;\">-5<\/td>\n<td style=\"width: 149px;\">79<\/td>\n<td style=\"width: 155px;\">-4<\/td>\n<td style=\"width: 220px;\">1 248<\/td>\n<\/tr>\n<tr>\n<td style=\"width: 199px;\"><strong>Nouvelle-Aquitaine<\/strong><\/td>\n<td style=\"width: 162px;\">1 155<\/td>\n<td style=\"width: 143px;\">-1<\/td>\n<td style=\"width: 149px;\">198<\/td>\n<td style=\"width: 155px;\">-2<\/td>\n<td style=\"width: 220px;\">3 034<\/td>\n<\/tr>\n<tr>\n<td style=\"width: 199px;\"><strong><a href=\"http:\/\/www.affinite.fr\/index.php\/2024\/11\/21\/construire-votre-maison-en-normandie\/\">Normandie<\/a><\/strong><\/td>\n<td style=\"width: 162px;\">1 240<\/td>\n<td style=\"width: 143px;\">\n<p>-4<\/p>\n<\/td>\n<td style=\"width: 149px;\">172<\/td>\n<td style=\"width: 155px;\">+14<\/td>\n<td style=\"width: 220px;\">2 447<\/td>\n<\/tr>\n<tr>\n<td style=\"width: 199px;\"><strong>Centre Val-de-Loire<\/strong><\/td>\n<td style=\"width: 162px;\">975<\/td>\n<td style=\"width: 143px;\">-16<\/td>\n<td style=\"width: 149px;\">141<\/td>\n<td style=\"width: 155px;\">+1<\/td>\n<td style=\"width: 220px;\">2 138<\/td>\n<\/tr>\n<tr>\n<td style=\"width: 199px;\"><strong>Pays de la Loire<\/strong><\/td>\n<td style=\"width: 162px;\">842<\/td>\n<td style=\"width: 143px;\">-13<\/td>\n<td style=\"width: 149px;\">96<\/td>\n<td style=\"width: 155px;\">-3<\/td>\n<td style=\"width: 220px;\">2 153<\/td>\n<\/tr>\n<tr>\n<td style=\"width: 199px;\"><strong>Corse<\/strong><\/td>\n<td style=\"width: 162px;\">111<\/td>\n<td style=\"width: 143px;\">+5<\/td>\n<td style=\"width: 149px;\">14<\/td>\n<td style=\"width: 155px;\">NC<\/td>\n<td style=\"width: 220px;\">157<\/td>\n<\/tr>\n<tr>\n<td style=\"width: 199px;\"><strong>Martinique<\/strong><\/td>\n<td style=\"width: 162px;\">27<\/td>\n<td style=\"width: 143px;\">+4<\/td>\n<td style=\"width: 149px;\">7<\/td>\n<td style=\"width: 155px;\">+1<\/td>\n<td style=\"width: 220px;\">49<\/td>\n<\/tr>\n<tr>\n<td style=\"width: 199px;\"><strong>Guadeloupe<\/strong><\/td>\n<td style=\"width: 162px;\">38<\/td>\n<td style=\"width: 143px;\">+3<\/td>\n<td style=\"width: 149px;\">11<\/td>\n<td style=\"width: 155px;\">+1<\/td>\n<td style=\"width: 220px;\">183<\/td>\n<\/tr>\n<tr>\n<td style=\"width: 199px;\"><strong>La R\u00e9union<\/strong><\/td>\n<td style=\"width: 162px;\">160<\/td>\n<td style=\"width: 143px;\">+12<\/td>\n<td style=\"width: 149px;\">54<\/td>\n<td style=\"width: 155px;\">-4<\/td>\n<td style=\"width: 220px;\">100<\/td>\n<\/tr>\n<tr>\n<td style=\"width: 199px;\"><strong>Guyane<\/strong><\/td>\n<td style=\"width: 162px;\">18<\/td>\n<td style=\"width: 143px;\">-2<\/td>\n<td style=\"width: 149px;\">\n<p>9<\/p>\n<\/td>\n<td style=\"width: 155px;\">+2<\/td>\n<td style=\"width: 220px;\">84<\/td>\n<\/tr>\n<tr>\n<td style=\"width: 199px;\"><strong>Mayotte<\/strong><\/td>\n<td style=\"width: 162px;\">89<\/td>\n<td style=\"width: 143px;\">+4<\/td>\n<td style=\"width: 149px;\">21<\/td>\n<td style=\"width: 155px;\">\n<p>NC<\/p>\n<\/td>\n<td style=\"width: 220px;\">105<\/td>\n<\/tr>\n<tr>\n<td style=\"width: 199px;\"><strong>TOTAL<\/strong><\/td>\n<td style=\"width: 162px;\"><strong>25 389<\/strong><\/td>\n<td style=\"width: 143px;\">-84<\/td>\n<td style=\"width: 149px;\"><b>4 246<\/b><\/td>\n<td style=\"width: 155px;\">+25<\/td>\n<td style=\"width: 220px;\">\n<p><b>66 274<\/b><\/p>\n<\/td>\n<\/tr>\n<\/thead>\n<\/table>\n<p><strong>91 679 d\u00e9c\u00e8s sont recens\u00e9s au 18 mars\u00a0<\/strong>dont 66 274 \u00e0 l&rsquo;h\u00f4pital\u00a0(+268\u00a0que la veille), selon les chiffres de Sant\u00e9 publique France (derni\u00e8res donn\u00e9es disponibles).\u00a0En France, depuis le d\u00e9but de l&rsquo;\u00e9pid\u00e9mie, 1\u00a0personne sur 1000\u00a0est morte du fait de la Covid-19, indique la <a href=\"https:\/\/www.has-sante.fr\/jcms\/p_3234447\/fr\/covid-19-se-vacciner-decider-avec-son-medecin\" target=\"_blank\" rel=\"noopener noreferrer\">Haute Autorit\u00e9 de Sant\u00e9<\/a> le 29 janvier.\u00a0Les personnes les plus gravement touch\u00e9es par cette \u00e9pid\u00e9mie restent les personnes \u00e2g\u00e9es de 65\u00a0ans et plus ainsi que celles pr\u00e9sentant des comorbidit\u00e9s. 94% des cas de Covid-19\u00a0d\u00e9c\u00e9d\u00e9s \u00e9taient \u00e2g\u00e9s de 65\u00a0ans ou plus. Par ailleurs, la part des d\u00e9c\u00e8s Covid\u00a0est de 54% chez les hommes pour 46% chez les femmes.<\/p>\n<p><strong>En semaine 10\u00a0(8-14 mars) :<\/strong><\/p>\n<ul>\n<li>les plus forts taux de d\u00e9c\u00e8s dus \u00e0 la Covid-19\u00a0par r\u00e9gion rapport\u00e9s \u00e0 la population \u00e9taient observ\u00e9s en Provence-Alpes-C\u00f4te d&rsquo;Azur (5,1\/100\u00a0000\u00a0habitants), Hauts-de-France (4,0), \u00cele-de-France (3,3) et Grand Est (3,2).<\/li>\n<\/ul>\n<div style=\"text-align:center\">\n<figure class=\"image\" style=\"display:inline-block\"><a class=\"fancy\" href=\"https:\/\/img-3.journaldesfemmes.fr\/h-JUYKW66390SwTayyRLErsBs-4=\/1080x\/smart\/f3d06574103d4abd98f14fe6624a0e93\/ccmcms-jdf\/23260894.jpg\"><img decoding=\"async\" alt=\"Nombre hebdomadaire de nouveaux d\u00e9c\u00e8s de patients COVID-19 selon la date de d\u00e9claration, depuis le 23 mars 2020, France (donn\u00e9es au 28 f\u00e9vrier 2021)\" src=\"https:\/\/img-3.journaldesfemmes.fr\/h-JUYKW66390SwTayyRLErsBs-4=\/1080x\/smart\/f3d06574103d4abd98f14fe6624a0e93\/ccmcms-jdf\/23260894.jpg\"\/><\/a><figcaption data-credit=\"Sant\u00e9 publique France\" data-legend=\"Nombre hebdomadaire de nouveaux d\u00e9c\u00e8s de patients COVID-19 selon la date de d\u00e9claration, depuis le 23 mars 2020, France (donn\u00e9es au 14 mars 2021)\">Nombre hebdomadaire de nouveaux d\u00e9c\u00e8s de patients COVID-19 selon la date de d\u00e9claration, depuis le 23 mars 2020, France (donn\u00e9es au 14 mars 2021) <small>\u00a9\u00a0Sant\u00e9 publique France<\/small><\/figcaption><\/figure>\n<\/div>\n<aside id=\"NL_1383363947\" class=\"newsletter_subscription jNlBlock\"><noscript><br \/>\n            <\/noscript><\/p>\n<h3 class=\"newsletter_subscription-title\">Newsletter <\/h3>\n<p><a href=\"\/\/mailing.ccmbg.com\/archive\/last-85\" target=\"_blank\" class=\"a_hover\" rel=\"noopener noreferrer\">Voir un exemple<\/a><\/p>\n<\/aside>\n<p>La France a franchi la barre des 40 000 morts samedi 7 novembre 2020,\u00a0celle des 50 000 le 24 novembre,\u00a0celle des 60 000 le 18 d\u00e9cembre et celle des 90 000 le 12 mars 2021.\u00a0<strong>Un pic de mortalit\u00e9 a \u00e9t\u00e9 atteint\u00a0le 9\u00a0novembre 2020\u00a0<\/strong>(40 987\u00a0morts, dont 548 en 24 heures).\u00a0<\/p>\n<p><iframe loading=\"lazy\" height=\"1000\" src=\"https:\/\/mapthenews.maps.arcgis.com\/apps\/opsdashboard\/index.html#\/bae8aaa7a0b14261b4621c31db410c44\" style=\"border: 0px\" width=\"600\"><\/iframe><\/p>\n<section>\n<blockquote>\n<p style=\"text-align: right;\">\u00a0<\/p>\n<\/blockquote>\n<p>Le taux de reproduction du virus<strong> repasse au-dessus de 1<\/strong> : 1.12\u00a0le 13 mars ce qui signifie que l&rsquo;\u00e9pid\u00e9mie reste \u00e0 un niveau \u00e9lev\u00e9 puisqu&rsquo;un malade du Covid-19 en contamine plus d&rsquo;un. Les taux de reproduction du virus appel\u00e9s \u00ab\u00a0R-effectifs\u00a0\u00bb ou \u00ab\u00a0Reff\u00a0\u00bb\u00a0permettent de d\u00e9crire la dynamique de l&rsquo;\u00e9pid\u00e9mie\u00a0: lorsque le Reff est significativement sup\u00e9rieur \u00e0 1, ceci signifie que l&rsquo;\u00e9pid\u00e9mie est en progression, lorsqu&rsquo;il est \u00e9gal \u00e0 1, l&rsquo;\u00e9pid\u00e9mie se stabilise, lorsqu&rsquo;il est significativement inf\u00e9rieur \u00e0 1, l&rsquo;\u00e9pid\u00e9mie r\u00e9gresse.\u00a0<\/p>\n<p>Le d\u00e9pistage du Covid-19 est r\u00e9alis\u00e9 en France par RT-PCT et par tests antig\u00e9niques. Depuis le 11 f\u00e9vrier, les tests salivaires sont d\u00e9ploy\u00e9s dans les\u00a0\u00e9tablissements scolaires et peuvent \u00eatre utilis\u00e9s en premi\u00e8re intention pour d\u00e9pister la Covid-19, conform\u00e9ment aux recommandations de la <a href=\"https:\/\/www.has-sante.fr\/jcms\/p_3237053\/fr\/tests-rt-pcr-salivaires-la-has-etend-leur-utilisation-et-definit-les-modalites-pratiques-de-realisation\" target=\"_blank\" rel=\"noopener noreferrer\">HAS<\/a>. Au 18 mars, le taux de positivit\u00e9 national s&rsquo;\u00e9tablit \u00e0<strong>\u00a07,74 %.<\/strong>\u00a0<em>\u00ab\u00a0Il reste d\u00e9terminant que chaque personne pr\u00e9sentant des sympt\u00f4mes \u00e9vocateurs de COVID-19\u00a0s&rsquo;isole imm\u00e9diatement et r\u00e9alise un test diagnostique dans les plus brefs d\u00e9lais\u00a0\u00bb<\/em> rappelle Sant\u00e9 Publique France dans ses bulletins hebdomadaires.<\/p>\n<p>Si au d\u00e9but, on ne parlait que de fi\u00e8vre, toux s\u00e8che, rhume, \u00e9tat grippal et de fatigue, les sympt\u00f4mes de l&rsquo;infection par le coronavirus ont \u00e9volu\u00e9. On sait d\u00e9sormais que le virus peut avoir des <strong>effets sur la peau<\/strong> (urticaire, l\u00e9sions inflammatoires sur les orteils), la sph\u00e8re digestive (vomissements, diarrh\u00e9es&#8230;), <strong>l&rsquo;odorat<\/strong>, le <strong>go\u00fbt <\/strong>et m\u00eame le cerveau.<em> <\/em><\/p>\n<p>\u2192<strong> Chaque personne pr\u00e9sentant des sympt\u00f4mes \u00e9vocateurs de COVID-19 doit s&rsquo;isoler imm\u00e9diatement et r\u00e9aliser un test diagnostique<\/strong> dans les plus brefs d\u00e9lais (sans avoir d&rsquo;ordonnance).<\/p>\n<p>\u2192<strong> <\/strong><strong>Appeler le\u00a015\u00a0en cas de\u00a0difficult\u00e9s respiratoires\u00a0: \u00ab\u00a0<\/strong><em>Si la toux et la\u00a0fi\u00e8vre s&rsquo;accompagnent d&rsquo;une g\u00eane respiratoire qui devient permanente avec souffle court, difficult\u00e9 \u00e0 inspirer et \u00e0 expirer, d&rsquo;une aggravation importante de la toux, cela peut signifier une \u00e9volution de la maladie sous la forme d&rsquo;une pneumopathie. Il s&rsquo;agit alors d&rsquo;une urgence respiratoire potentielle et comme dans tous les cas d&rsquo;urgence, il faut alors appeler le 15\u00a0qui prendra les meilleures dispositions pour r\u00e9pondre \u00e0 la situation\u00a0\u00bb, <\/em>pr\u00e9vient le Dr\u00a0Patrick Aub\u00e9, m\u00e9decin g\u00e9n\u00e9raliste. \u00a0<\/p>\n<div class=\"ccminsert\">\n<aside class=\"app_widget_fo app_widget_fo--list app_widget_fo--list-2-col\">\n<ul>\n<li>\n<h3>\n                    <a href=\"https:\/\/sante.journaldesfemmes.fr\/fiches-maladies\/2701631-probleme-maladie-foie-covid-atteinte-cancer-complication-sequelles-symptomes-risque-vaccination\/\" class=\"jGTMWidgetGAEventClick\" data-gtmwidgetgaeventaction=\"clickWidgetListOnTwoColumns\" data-gtmwidgetgaeventlabel=\"Probl\u00e8me au foie et Covid\u00a0: risques, s\u00e9quelles, vaccination\"><br \/>\n                        Probl\u00e8me au foie et Covid\u00a0: risques, s\u00e9quelles, vaccination<br \/>\n                    <\/a><br \/>\n                <\/h3>\n<\/li>\n<li>\n<h3>\n                    <a href=\"https:\/\/sante.journaldesfemmes.fr\/fiches-maladies\/2701633-fievre-covid-duree-obligatoire-que-faire-que-prendre-combien-temperature\/\" class=\"jGTMWidgetGAEventClick\" data-gtmwidgetgaeventaction=\"clickWidgetListOnTwoColumns\" data-gtmwidgetgaeventlabel=\"Fi\u00e8vre et Covid\u00a0: dur\u00e9e, temp\u00e9rature, est-ce obligatoire\u00a0?\"><br \/>\n                        Fi\u00e8vre et Covid\u00a0: dur\u00e9e, temp\u00e9rature, est-ce obligatoire\u00a0?<br \/>\n                    <\/a><br \/>\n                <\/h3>\n<\/li>\n<li>\n<h3>\n                    <a href=\"https:\/\/sante.journaldesfemmes.fr\/fiches-maladies\/2696267-covid-long-c-est-quoi-symptomes-contagieux-fatigue-prise-en-charge-france-traitement\/\" class=\"jGTMWidgetGAEventClick\" data-gtmwidgetgaeventaction=\"clickWidgetListOnTwoColumns\" data-gtmwidgetgaeventlabel=\"Covid long\u00a0: sympt\u00f4mes, est-on contagieux, quel traitement\u00a0?\"><br \/>\n                        Covid long\u00a0: sympt\u00f4mes, est-on contagieux, quel traitement\u00a0?<br \/>\n                    <\/a><br \/>\n                <\/h3>\n<\/li>\n<li>\n<h3>\n                    <a href=\"https:\/\/sante.journaldesfemmes.fr\/fiches-maladies\/2661241-rhume-ou-covid-19-symptomes-tableau-differences-ecole-que-faire-comment-savoir-travail\/\" class=\"jGTMWidgetGAEventClick\" data-gtmwidgetgaeventaction=\"clickWidgetListOnTwoColumns\" data-gtmwidgetgaeventlabel=\"Rhume ou Covid-19\u00a0: sympt\u00f4mes, tableau, \u00e9cole, que faire\u00a0?\"><br \/>\n                        Rhume ou Covid-19\u00a0: sympt\u00f4mes, tableau, \u00e9cole, que faire\u00a0?<br \/>\n                    <\/a><br \/>\n                <\/h3>\n<\/li>\n<li>\n<h3>\n                    <a href=\"https:\/\/sante.journaldesfemmes.fr\/fiches-maladies\/2626825-covid-ou-allergie-pollen-coronavirus-asthme-symptomes-toux-yeux-traitement\/\" class=\"jGTMWidgetGAEventClick\" data-gtmwidgetgaeventaction=\"clickWidgetListOnTwoColumns\" data-gtmwidgetgaeventlabel=\"Covid ou allergie au pollen\u00a0: sympt\u00f4mes, diff\u00e9rences, traitements\"><br \/>\n                        Covid ou allergie au pollen\u00a0: sympt\u00f4mes, diff\u00e9rences, traitements<br \/>\n                    <\/a><br \/>\n                <\/h3>\n<\/li>\n<li>\n<h3>\n                    <a href=\"https:\/\/sante.journaldesfemmes.fr\/fiches-maladies\/2676955-covid-19-ou-gastro-enterite-difference-symptomes-fievre-diarrhee-que-faire-complications\/\" class=\"jGTMWidgetGAEventClick\" data-gtmwidgetgaeventaction=\"clickWidgetListOnTwoColumns\" data-gtmwidgetgaeventlabel=\"Covid\u00a0ou gastro-ent\u00e9rite\u00a0: sympt\u00f4mes, quelles diff\u00e9rences\u00a0?\"><br \/>\n                        Covid\u00a0ou gastro-ent\u00e9rite\u00a0: sympt\u00f4mes, quelles diff\u00e9rences\u00a0?<br \/>\n                    <\/a><br \/>\n                <\/h3>\n<\/li>\n<li>\n<h3>\n                    <a href=\"https:\/\/sante.journaldesfemmes.fr\/fiches-sante-du-quotidien\/2627543-perte-gout-agueusie-covid-19-def-duree-cause-partielle-traitement-soigner\/\" class=\"jGTMWidgetGAEventClick\" data-gtmwidgetgaeventaction=\"clickWidgetListOnTwoColumns\" data-gtmwidgetgaeventlabel=\"Perte du go\u00fbt (agueusie)\u00a0: dur\u00e9e, Covid, comment soigner\u00a0?\"><br \/>\n                        Perte du go\u00fbt (agueusie)\u00a0: dur\u00e9e, Covid, comment soigner\u00a0?<br \/>\n                    <\/a><br \/>\n                <\/h3>\n<\/li>\n<li>\n<h3>\n                    <a href=\"https:\/\/sante.journaldesfemmes.fr\/fiches-maladies\/2683439-symptomes-covid-19-coronavirus-boutons-visage-corps-dermatologiques-peau-bras-pieds-engelure\/\" class=\"jGTMWidgetGAEventClick\" data-gtmwidgetgaeventaction=\"clickWidgetListOnTwoColumns\" data-gtmwidgetgaeventlabel=\"Sympt\u00f4mes Covid sur la peau\u00a0: engelures, boutons, quand consulter\u00a0?\"><br \/>\n                        Sympt\u00f4mes Covid sur la peau\u00a0: engelures, boutons, quand consulter\u00a0?<br \/>\n                    <\/a><br \/>\n                <\/h3>\n<\/li>\n<li>\n<h3>\n                    <a href=\"https:\/\/sante.journaldesfemmes.fr\/fiches-maladies\/2630069-coronavirus-covid-19-cerveau-symptomes-sequelles-odorat-effet-lesion-attaque\/\" class=\"jGTMWidgetGAEventClick\" data-gtmwidgetgaeventaction=\"clickWidgetListOnTwoColumns\" data-gtmwidgetgaeventlabel=\"Coronavirus\u00a0et cerveau\u00a0: effets, quels sympt\u00f4mes\u00a0?\"><br \/>\n                        Coronavirus\u00a0et cerveau\u00a0: effets, quels sympt\u00f4mes\u00a0?<br \/>\n                    <\/a><br \/>\n                <\/h3>\n<\/li>\n<li>\n<h3>\n                    <a href=\"https:\/\/sante.journaldesfemmes.fr\/fiches-sante-du-quotidien\/2627657-perte-odorat-anosmie-symptome-covid-19-covidanosmie-duree-rhume-definition-cause-traitement\/\" class=\"jGTMWidgetGAEventClick\" data-gtmwidgetgaeventaction=\"clickWidgetListOnTwoColumns\" data-gtmwidgetgaeventlabel=\"Perte de l'odorat\u00a0(anosmie)\u00a0: sympt\u00f4mes du Covid, dur\u00e9e, r\u00e9\u00e9ducation\"><br \/>\n                        Perte de l&rsquo;odorat\u00a0(anosmie)\u00a0: sympt\u00f4mes du Covid, dur\u00e9e, r\u00e9\u00e9ducation<br \/>\n                    <\/a><br \/>\n                <\/h3>\n<\/li>\n<\/ul>\n<\/aside>\n<\/div>\n<p>La vaccination contre la Covid-19 se poursuit en France avec les vaccins Pfizer-BioNTech,\u00a0Moderna et AstraZeneca (chez les m\u00e9decins g\u00e9n\u00e9ralistes,\u00a0au travail et en pharmacie). La prise de<strong> rendez-vous<\/strong> est ouverte<b> <\/b>sur les sites Internet <strong>Doctolib, Maiia et KelDoc<\/strong> et peut aussi se faire en contactant par t\u00e9l\u00e9phone le <strong>centre de vaccination<\/strong> le plus proche de chez soi (liste disponible sur\u00a0<a href=\"https:\/\/www.sante.fr\/centres-vaccination-covid.html\" target=\"_blank\" rel=\"noopener noreferrer\">Sante.fr<\/a>).\u00a0En cas de difficult\u00e9, le num\u00e9ro vert national :<strong> 0\u00a0800\u00a0009\u00a0110<\/strong>,\u00a0permet d&rsquo;\u00eatre redirig\u00e9 vers le standard t\u00e9l\u00e9phonique d&rsquo;un centre ou d&rsquo;obtenir un accompagnement \u00e0 la prise de rendez-vous.<\/p>\n<p>Depuis le 1er mars, l&rsquo;Allemagne exige \u00ab\u00a0<em>un test PCR ou antig\u00e9nique\u00a0\u00bb<\/em>\u00a0de moins de 48\u00a0heures \u00e0 l&rsquo;entr\u00e9e sur son territoire depuis la Moselle, y compris pour les travailleurs fran\u00e7ais qui y travaillent quotidiennement.<\/p>\n<ul>\n<li>A partir du 12 mars, les conditions d&rsquo;acc\u00e8s \u00e0 7\u00a0pays hors UE s&rsquo;assouplissent. \u00ab\u00a0<em>Il ne sera plus n\u00e9cessaire de justifier d&rsquo;un motif imp\u00e9rieux pour les d\u00e9placements <strong>en provenance<\/strong> ou <strong>vers<\/strong> l&rsquo;<strong>Australie<\/strong>, la <strong>Cor\u00e9e du Sud<\/strong>,<strong> Isra\u00ebl<\/strong>, le <strong>Japon<\/strong>, la <strong>Nouvelle-Z\u00e9lande<\/strong>, le <strong>Royaume-Uni <\/strong>et <strong>Singapour<\/strong><\/em>\u00ab\u00a0, a indiqu\u00e9 le minist\u00e8re fran\u00e7ais des Affaires \u00e9trang\u00e8res. Pour les autres pays hors UE, il faut justifier d&rsquo;une raison imp\u00e9rieuse depuis\u00a0le 31\u00a0janvier 2021.\u00a0<\/li>\n<li>Depuis le dimanche 24\u00a0janvier, tous les voyageurs entrant en France et venant d&rsquo;un pays europ\u00e9en doivent pr\u00e9senter avant leur d\u00e9part pour l&rsquo;Hexagone un test PCR n\u00e9gatif de moins de 72\u00a0heures.<\/li>\n<li>Depuis le 18 janvier, les voyageurs entrant en France en provenance d&rsquo;un pays hors Union-Europ\u00e9enne doivent\u00a0pr\u00e9senter un test PCR n\u00e9gatif\u00a0 et s&rsquo;isoler pendant 7\u00a0jours une fois arriv\u00e9s en France et faire un 2<sup>e<\/sup>\u00a0test \u00e0 l&rsquo;issue de cette p\u00e9riode.\u00a0<\/li>\n<\/ul>\n<table border=\"1\" cellpadding=\"1\" cellspacing=\"1\" style=\"width:100%;\">\n<thead>\n<tr>\n<th scope=\"col\" style=\"text-align: center;\"><strong>DATES CL\u00c9S DE L&rsquo;\u00c9PID\u00c9MIE EN FRANCE<\/strong><\/th>\n<\/tr>\n<\/thead>\n<tbody>\n<tr>\n<td>\n<ul>\n<li><strong>31\u00a0d\u00e9cembre 2019,<\/strong> l&rsquo;Organisation mondiale de la Sant\u00e9 en Chine est inform\u00e9e de plusieurs cas de pneumonies dans la ville de Wuhan. 44\u00a0personnes sont infect\u00e9es entre cette date et le 3\u00a0janvier 2020.<\/li>\n<li><strong>7\u00a0janvier 2020, <\/strong>les autorit\u00e9s chinoises identifient un \u00ab\u00a0nouveau type de coronavirus\u00a0\u00bb.<\/li>\n<li><strong>13\u00a0janvier, <\/strong>un cas import\u00e9 est recens\u00e9 en Tha\u00eflande.<\/li>\n<li><strong>15\u00a0janvier<\/strong>, le virus cause\u00a0la mort d&rsquo;<strong>une premi\u00e8re\u00a0personne \u00e0 Wuhan<\/strong>, un homme de 69\u00a0ans.\u00a0<\/li>\n<li><strong>23\u00a0janvier,<\/strong> trois villes chinoises dont Wuhan sont plac\u00e9es en quarantaine.<\/li>\n<li><strong>25\u00a0janvier, trois personnes\u00a0contamin\u00e9es sont recens\u00e9es en France<\/strong>, deux \u00e0 Paris et une Bordeaux. Ce sont les premiers cas enregistr\u00e9s sur le continent europ\u00e9en.<\/li>\n<li><strong>30\u00a0janvier, <\/strong>l&rsquo;Organisation mondiale de la Sant\u00e9 <strong>d\u00e9cr\u00e8te\u00a0l&rsquo;<a href=\"https:\/\/sante.journaldesfemmes.fr\/fiches-maladies\/2608035-urgence-de-sante-publique-de-portee-internationale-definition-oms-coronavirus\/\" target=\"_blank\" rel=\"noopener noreferrer\">urgence de sant\u00e9 mondiale<\/a><\/strong>.\u00a0Cette mesure n&rsquo;avait \u00e9t\u00e9 d\u00e9cr\u00e9t\u00e9e que 5\u00a0fois depuis sa cr\u00e9ation (pour Ebola (deux fois), la grippe H1N1, Zika et la poliomy\u00e9lite).\u00a0<\/li>\n<li><strong>23\u00a0f\u00e9vrier, <\/strong>la France d\u00e9clenche le <a href=\"https:\/\/sante.journaldesfemmes.fr\/fiches-maladies\/2622449-plan-orsan-reb-definition-signification-qui-declenche-coronavirus-definition-duree\/\" target=\"_blank\" rel=\"noopener noreferrer\">plan ORSAN<\/a>, un dispositif exceptionnel d&rsquo;organisation des soins.<\/li>\n<li><strong>28\u00a0f\u00e9vrier,<\/strong> la France passe en stade 2\u00a0de l&rsquo;\u00e9pid\u00e9mie.<\/li>\n<li><strong>11\u00a0mars, <\/strong>l&rsquo;OMS classifie de <strong>pand\u00e9mie <\/strong>la diffusion de la maladie \u00e0 coronavirus Covid-19\u00a0dans le monde.<\/li>\n<li><strong>12\u00a0mars<\/strong>, le pr\u00e9sident de la R\u00e9publique Emmanuel Macron annonce la fermeture nationale des cr\u00e8ches et \u00e9tablissements scolaires de France \u00e0 compter du 16\u00a0mars et \u00ab\u00a0jusqu&rsquo;\u00e0 nouvel ordre\u00a0\u00bb.<\/li>\n<li><strong>14\u00a0mars<\/strong>, la France passe au <a href=\"https:\/\/sante.journaldesfemmes.fr\/fiches-maladies\/2625289-coronavirus-covid-19-stade-1-2-3-4-duree-mesure-france-signification-quand\/\" target=\"_blank\" rel=\"noopener noreferrer\"><strong>stade 3 <\/strong><\/a>de l&rsquo;\u00e9pid\u00e9mie.<\/li>\n<li><strong>16\u00a0mars\u00a0:<\/strong>\u00a0la France met en place un dispositif de confinement interdisant les d\u00e9placements.<\/li>\n<li><strong>18\u00a0mars<\/strong> le premier transfert de patients Covid-19\u00a0en France est r\u00e9alis\u00e9\u00a0gr\u00e2ce \u00e0 l&rsquo;Arm\u00e9e, par voie terrestre et a\u00e9rienne.\u00a0<\/li>\n<li><strong>26\u00a0mars<\/strong>, un premier cas jeune meurt en France, une adolescente de 16\u00a0ans, en Ile-de-France originaire de Morsang-sur-Orge.<\/li>\n<li><strong>27\u00a0mars,<\/strong> le confinement de la population fran\u00e7aise est renouvel\u00e9 jusqu&rsquo;au 15\u00a0avril.<\/li>\n<li><strong>13\u00a0avril,<\/strong> Emmanuel Macron annonce le prolongement du confinement jusqu&rsquo;au 11\u00a0mai.<\/li>\n<li><strong>11\u00a0mai, <\/strong>la France commence son d\u00e9confinement.<\/li>\n<li><strong>\u00a015\u00a0juin<\/strong>, toute la France passe en zone verte, sauf Mayotte et la Guyane. \u00c0\u00a0Paris, les restaurants et bars peuvent rouvrir compl\u00e8tement.<\/li>\n<li><strong>22\u00a0juin, <\/strong>les \u00e9coles sont de nouveaux obligatoires en France pour tous les \u00e9l\u00e8ves. Les cin\u00e9mas, salles de jeux, casinos rouvrent. Les sports collectifs peuvent \u00eatre autoris\u00e9s tout en respectant certaines conditions sanitaires.<\/li>\n<li><strong>10\u00a0juillet<\/strong>, la <strong>France <\/strong>a franchi la barre des 30\u00a0000\u00a0morts. Dans la nuit du 10\u00a0au 11\u00a0juillet \u00e0 minuit, l&rsquo;\u00e9tat d&rsquo;urgence sanitaire prend fin en France.<\/li>\n<li><strong>\u00a020\u00a0juillet,<\/strong>\u00a0le <strong>port du masque est obligatoire <\/strong>dans les lieux publics clos en France.<\/li>\n<li><strong>8 octobre, <\/strong>le<strong> plan blanc est r\u00e9activ\u00e9 <\/strong>dans les h\u00f4pitaux d&rsquo;Ile-de-France.<\/li>\n<li><strong>17 octobre \u00e0 0h01<\/strong>, la France repasse en \u00e9tat d&rsquo;urgence sanitaire et un <strong>couvre-feu <\/strong>est instaur\u00e9 dans 9 territoires\u00a0(Paris-Ile-de-France, Rouen, Grenoble, Lille, Lyon, Aix-Marseille, Montpellier, Saint-Etienne, Toulouse).<\/li>\n<li><strong>24 octobre \u00e0 0h01 :<\/strong> extension des mesures de couvre-feu \u00e0 38 nouveaux d\u00e9partements fran\u00e7ais.<\/li>\n<li><strong>29 octobre \u00e0 0h01<\/strong> : reconfinement national pour 4 semaines, jusqu&rsquo;au 1er d\u00e9cembre au minimum.<\/li>\n<li><strong>28 novembre : <\/strong>premi\u00e8re \u00e9tape d&rsquo;all\u00e8gement du confinement avec la r\u00e9ouverture des commerces non essentiels.<\/li>\n<li><strong>15 d\u00e9cembre : <\/strong>seconde \u00e9tape\u00a0d&rsquo;all\u00e8gement du confinement avec le passage \u00e0 un couvre-feu de 20 heures \u00e0 6 heures du matin.<\/li>\n<li><strong>31 d\u00e9cembre<\/strong> : couvre-feu impos\u00e9 le soir du 31 d\u00e9cembre, de 20 heures \u00e0 6 heures du matin.<\/li>\n<li><strong>21 d\u00e9cembre<\/strong> : autorisation du vaccin Pfizer en Europe.<\/li>\n<li><strong>24 d\u00e9cembre<\/strong> : autorisation du vaccin Pfizer BioNTech en France.<\/li>\n<li><strong>27 d\u00e9cembre :<\/strong> d\u00e9but de la vaccination en France et dans l&rsquo;Union europ\u00e9enne avec le vaccin Pfizer BioNTech.<\/li>\n<li><strong>8 janvier 2021<\/strong> :\u00a0autorisation du vaccin Moderna en France.<\/li>\n<li><strong>24 janvier 2021<\/strong> : un test PCR n\u00e9gatif est obligatoire pour rentrer en France par avion pour les voyageurs venant d&rsquo;un pays europ\u00e9en (sauf pour les travailleurs transfrontaliers et le transport terrestre).<\/li>\n<li><strong>31 janvier 2021<\/strong> : fermeture des fronti\u00e8res en France aux pays ext\u00e9rieurs \u00e0 l&rsquo;Union europ\u00e9enne<\/li>\n<li><strong>2 f\u00e9vrier 2021<\/strong> :\u00a0autorisation du vaccin de l&rsquo;Universit\u00e9 d&rsquo;Oxford et AstraZeneca en France, uniquement pour les personnes \u00e2g\u00e9es de moins de 65\u00a0ans.<\/li>\n<li><strong>11 f\u00e9vrier : <\/strong>d\u00e9ploiement des tests salivaires dans les \u00e9tablissements scolaires.<\/li>\n<li><strong>12 mars :\u00a0<\/strong>autorisation du\u00a0vaccin\u00a0Johnson&amp;Johnson,\u00a0\u00e0 injection unique, le 4e vaccin \u00e0 \u00eatre autoris\u00e9 en France.<\/li>\n<li><strong>16 mars <\/strong>: autorisation des autotests en France.<\/li>\n<li><strong>19 mars :<\/strong> confinement de 16 d\u00e9partements pour une dur\u00e9e de 4 semaines. Le couvre-feu repasse \u00e0 19 heures dans toute la France au lieu de 18 heures.<\/li>\n<\/ul>\n<\/td>\n<\/tr>\n<\/tbody>\n<\/table>\n<p><em>Cet article est mis \u00e0 jour quotidiennement par <a href=\"https:\/\/www.journaldesfemmes.fr\/account\/ablaize-11409696\" target=\"_blank\" rel=\"noopener noreferrer\">Aur\u00e9lie Blaize<\/a>, <a href=\"https:\/\/www.journaldesfemmes.fr\/account\/anaisthiebaux-10573564\" target=\"_blank\" rel=\"noopener noreferrer\">Ana\u00efs Thi\u00e9baux<\/a> et <a href=\"https:\/\/www.journaldesfemmes.fr\/account\/samanthapages-11598093\" target=\"_blank\" rel=\"noopener noreferrer\">Samantha Pag\u00e8s<\/a>.\u00a0<\/em><\/p>\n<\/section>\n<\/div>\n<p><script async src=\"http:\/\/platform.twitter.com\/widgets.js\" charset=\"utf-8\"><\/script><br \/>\n<br \/>[ad_2]<br \/>\n<br \/><a href=\"https:\/\/sante.journaldesfemmes.fr\/fiches-maladies\/2605417-covid-19-france-coronavirus-chiffres-bilan-nombre-morts-cas-attestation-restrictions\/\">Source link <\/a><\/p>\n","protected":false},"excerpt":{"rendered":"<p>[ad_1] CORONAVIRUS DIRECT &#8211; L&rsquo;\u00e9pid\u00e9mie progresse. En cons\u00e9quence, 16\u00a0d\u00e9partements sont confin\u00e9s pour 4\u00a0semaines \u00e0 compter de ce vendredi \u00e0 minuit. &hellip; <a href=\"http:\/\/www.affinite.fr\/index.php\/2021\/03\/19\/direct-nouvelle-attestation-bilan-cartes\/\" class=\"more-link\">Plus <span class=\"screen-reader-text\">direct, nouvelle attestation, bilan, cartes<\/span> <span class=\"meta-nav\">&rarr;<\/span><\/a><\/p>\n","protected":false},"author":1,"featured_media":6096,"comment_status":"open","ping_status":"open","sticky":false,"template":"","format":"standard","meta":{"_sitemap_exclude":false,"_sitemap_priority":"","_sitemap_frequency":"","footnotes":""},"categories":[1],"tags":[],"class_list":["post-6095","post","type-post","status-publish","format-standard","has-post-thumbnail","hentry","category-tous"],"_links":{"self":[{"href":"http:\/\/www.affinite.fr\/index.php\/wp-json\/wp\/v2\/posts\/6095"}],"collection":[{"href":"http:\/\/www.affinite.fr\/index.php\/wp-json\/wp\/v2\/posts"}],"about":[{"href":"http:\/\/www.affinite.fr\/index.php\/wp-json\/wp\/v2\/types\/post"}],"author":[{"embeddable":true,"href":"http:\/\/www.affinite.fr\/index.php\/wp-json\/wp\/v2\/users\/1"}],"replies":[{"embeddable":true,"href":"http:\/\/www.affinite.fr\/index.php\/wp-json\/wp\/v2\/comments?post=6095"}],"version-history":[{"count":0,"href":"http:\/\/www.affinite.fr\/index.php\/wp-json\/wp\/v2\/posts\/6095\/revisions"}],"wp:featuredmedia":[{"embeddable":true,"href":"http:\/\/www.affinite.fr\/index.php\/wp-json\/wp\/v2\/media\/6096"}],"wp:attachment":[{"href":"http:\/\/www.affinite.fr\/index.php\/wp-json\/wp\/v2\/media?parent=6095"}],"wp:term":[{"taxonomy":"category","embeddable":true,"href":"http:\/\/www.affinite.fr\/index.php\/wp-json\/wp\/v2\/categories?post=6095"},{"taxonomy":"post_tag","embeddable":true,"href":"http:\/\/www.affinite.fr\/index.php\/wp-json\/wp\/v2\/tags?post=6095"}],"curies":[{"name":"wp","href":"https:\/\/api.w.org\/{rel}","templated":true}]}}