{"id":6093,"date":"2021-03-18T20:15:09","date_gmt":"2021-03-18T20:15:09","guid":{"rendered":"https:\/\/www.affinite.fr\/index.php\/2021\/03\/18\/les-instituts-ferment-de-nouveau-dans-les-departements-confines\/"},"modified":"2021-03-18T20:15:09","modified_gmt":"2021-03-18T20:15:09","slug":"les-instituts-ferment-de-nouveau-dans-les-departements-confines","status":"publish","type":"post","link":"http:\/\/www.affinite.fr\/index.php\/2021\/03\/18\/les-instituts-ferment-de-nouveau-dans-les-departements-confines\/","title":{"rendered":"les instituts ferment de nouveau dans les d\u00e9partements confin\u00e9s"},"content":{"rendered":"<p> [ad_1]<br \/>\n<br \/><img decoding=\"async\" src=\"https:\/\/img-3.journaldesfemmes.fr\/2H0j4P2a3dnaqsqtTXBKEAovqnM=\/1280x\/smart\/16fdc3cf2f0c443598c8f46ffb6fab45\/ccmcms-jdf\/23242971.jpg\" \/><\/p>\n<p>\n                Ce jeudi 18\u00a0mars, le Premier ministre Jean Castex a annonc\u00e9 de nouvelles mesures pour ralentir l&rsquo;\u00e9pid\u00e9mie. Les commerces non essentiels vont devoir fermer leurs portes. C&rsquo;est le cas des instituts de beaut\u00e9 dans les 16\u00a0d\u00e9partements qui vont \u00eatre confin\u00e9s d\u00e8s ce week-end.            <\/p>\n<div>\n<aside class=\"ccmsummary marqueur_module ccmcss_cms_summary ccmcss_cms_summary--right\">\n<p>Sommaire<\/p>\n<\/aside>\n<p><strong>[ Mis \u00e0 jour le jeudi 18 mars\u00a0\u00e0\u00a021h10\u00a0] <\/strong>C&rsquo;est un nouveau coup dur pour la France. Apr\u00e8s un confinement en mars et en novembre 2020, un troisi\u00e8me <strong>confinement <\/strong>entrera en vigueur le samedi 20 mars 2021. C&rsquo;est lors d&rsquo;une conf\u00e9rence de presse sanitaire que\u00a0le Premier ministre Jean Castex a annonc\u00e9\u00a0un\u00a0reconfinement total\u00a0dans 16\u00a0d\u00e9partements et ce, pour une dur\u00e9e minimal de 4 semaines. Une fois encore,\u00a0les <strong>commerces \u00ab\u00a0non-essentiels\u00a0\u00bb <\/strong>fermeront, dont les<strong> instituts de beaut\u00e9 <\/strong>qui ne seront pas autoris\u00e9s \u00e0 accueillir des clients.<\/p>\n<aside id=\"NL_1295676011\" class=\"newsletter_subscription jNlBlock\"><noscript><br \/>\n            <\/noscript><\/p>\n<h3 class=\"newsletter_subscription-title\">Newsletter <\/h3>\n<p><a href=\"\/\/mailing.ccmbg.com\/archive\/last-85\" target=\"_blank\" class=\"a_hover\" rel=\"noopener noreferrer\">Voir un exemple<\/a><\/p>\n<\/aside>\n<p>Malgr\u00e9 plusieurs confinements, la France fait face \u00e0 une nouvelle aggravation de la situation \u00e9pid\u00e9mique. Seuls les commerces de premi\u00e8re n\u00e9cessit\u00e9 resteront ouverts et les <strong>instituts de beaut\u00e9 <\/strong>n&rsquo;en font \u00e9videmment pas partie. Ils fermeront donc leurs portes \u00e0 partir de vendredi minuit et ce, dans les 16 d\u00e9partements concern\u00e9s.<\/p>\n<h3>Ile de France<\/h3>\n<ul>\n<li data-insertor-excluded=\"1\">Val de Marne<\/li>\n<li data-insertor-excluded=\"1\">Yvelines\u00a0<\/li>\n<li data-insertor-excluded=\"1\">Hauts de Seine<\/li>\n<li data-insertor-excluded=\"1\">Paris\u00a0<\/li>\n<li data-insertor-excluded=\"1\">Val d&rsquo; Oise<\/li>\n<li data-insertor-excluded=\"1\">Essonne<\/li>\n<li data-insertor-excluded=\"1\">Seine Saint Denis<\/li>\n<li data-insertor-excluded=\"1\">Seine et Marne<\/li>\n<\/ul>\n<p><strong>Hauts de France\u00a0<\/strong><\/p>\n<ul>\n<li>Aisne\u00a0<\/li>\n<li>Nord\u00a0<\/li>\n<li>Oise\u00a0<\/li>\n<li>Pas-de-Calais\u00a0<\/li>\n<li>Somme\u00a0<\/li>\n<\/ul>\n<aside data-sponsor=\"Sponsoris\u00e9 par Mercedes-Benz Paris\" id=\"native_ba_native_mtf\">\u00a0<\/aside>\n<h3>Les autres d\u00e9partements<\/h3>\n<ul>\n<li data-insertor-excluded=\"1\">Seine Maritime<\/li>\n<li data-insertor-excluded=\"1\">Alpes Maritimes<\/li>\n<li data-insertor-excluded=\"1\">Eure\u00a0<\/li>\n<\/ul>\n<p>Dans les <strong>d\u00e9partements\u00a0de France non\u00a0<a href=\"https:\/\/www.journaldesfemmes.fr\/societe\/actu\/2670599-confinement-reconfinement-idf-paris-couvre-feu-mesure-annonces-castex-deplacementss-10km-commerces-magasins-ouverts-fermes\/\" target=\"_blank\" title=\"Confinement\" rel=\"noopener noreferrer\">confin\u00e9s<\/a><\/strong>, les instituts de beaut\u00e9 pourront rester ouverts.<\/p>\n<ul>\n<li data-insertor-excluded=\"1\">Les instituts de beaut\u00e9\u00a0dans les d\u00e9partements non confin\u00e9s\u00a0implant\u00e9s dans une ville ou un village.<\/li>\n<li data-insertor-excluded=\"1\">Les instituts de beaut\u00e9 dans les d\u00e9partements non confin\u00e9s implant\u00e9s dans un centre commercial de moins de 20\u00a0000\u00a0m2.\u00a0<\/li>\n<\/ul>\n<p>Tous doivent continuer \u00e0 respecter un\u00a0<strong>protocole sanitaire renforc\u00e9<\/strong>.<\/p>\n<section>\n<p data-original-fontsize=\"19px\" data-original-lineheight=\"30px\"><span style=\"font-size: 1rem;\">Si vous n&rsquo;avez pas envie d&rsquo;attendre la r\u00e9ouverture des instituts de beaut\u00e9 pour prendre soin de vous, sachez qu&rsquo;il existe des <strong>solutions et astuces faciles \u00e0 mettre en place \u00e0 la maison<\/strong>. Recr\u00e9ez-vous un espace cocooning dans votre salle de bains et prenez le temps de vous faire\u00a0un soin du visage, un gommage ou m\u00eame une <a href=\"https:\/\/www.journaldesfemmes.fr\/beaute\/soin-corps\/2053551-epilation-cire-methode-zone\/\" title=\"\u00e9piler\">\u00e9pilation<\/a>. <\/span><\/p>\n<p><span style=\"font-size: 1rem;\">Cela vous permettra d&rsquo;attendre avec un peu plus de patience que votre salon pr\u00e9f\u00e9r\u00e9 puisse vous accueillir de nouveau.<\/span><\/p>\n<\/section>\n<\/div>\n<p>[ad_2]<br \/>\n<br \/><a href=\"https:\/\/www.journaldesfemmes.fr\/beaute\/magazine\/2634009-institut-de-beaute-fermeture-confinement\/\">Source link <\/a><\/p>\n","protected":false},"excerpt":{"rendered":"<p>[ad_1] Ce jeudi 18\u00a0mars, le Premier ministre Jean Castex a annonc\u00e9 de nouvelles mesures pour ralentir l&rsquo;\u00e9pid\u00e9mie. Les commerces non &hellip; <a href=\"http:\/\/www.affinite.fr\/index.php\/2021\/03\/18\/les-instituts-ferment-de-nouveau-dans-les-departements-confines\/\" class=\"more-link\">Plus <span class=\"screen-reader-text\">les instituts ferment de nouveau dans les d\u00e9partements confin\u00e9s<\/span> <span class=\"meta-nav\">&rarr;<\/span><\/a><\/p>\n","protected":false},"author":1,"featured_media":6094,"comment_status":"open","ping_status":"open","sticky":false,"template":"","format":"standard","meta":{"_sitemap_exclude":false,"_sitemap_priority":"","_sitemap_frequency":"","footnotes":""},"categories":[1],"tags":[],"class_list":["post-6093","post","type-post","status-publish","format-standard","has-post-thumbnail","hentry","category-tous"],"_links":{"self":[{"href":"http:\/\/www.affinite.fr\/index.php\/wp-json\/wp\/v2\/posts\/6093"}],"collection":[{"href":"http:\/\/www.affinite.fr\/index.php\/wp-json\/wp\/v2\/posts"}],"about":[{"href":"http:\/\/www.affinite.fr\/index.php\/wp-json\/wp\/v2\/types\/post"}],"author":[{"embeddable":true,"href":"http:\/\/www.affinite.fr\/index.php\/wp-json\/wp\/v2\/users\/1"}],"replies":[{"embeddable":true,"href":"http:\/\/www.affinite.fr\/index.php\/wp-json\/wp\/v2\/comments?post=6093"}],"version-history":[{"count":0,"href":"http:\/\/www.affinite.fr\/index.php\/wp-json\/wp\/v2\/posts\/6093\/revisions"}],"wp:featuredmedia":[{"embeddable":true,"href":"http:\/\/www.affinite.fr\/index.php\/wp-json\/wp\/v2\/media\/6094"}],"wp:attachment":[{"href":"http:\/\/www.affinite.fr\/index.php\/wp-json\/wp\/v2\/media?parent=6093"}],"wp:term":[{"taxonomy":"category","embeddable":true,"href":"http:\/\/www.affinite.fr\/index.php\/wp-json\/wp\/v2\/categories?post=6093"},{"taxonomy":"post_tag","embeddable":true,"href":"http:\/\/www.affinite.fr\/index.php\/wp-json\/wp\/v2\/tags?post=6093"}],"curies":[{"name":"wp","href":"https:\/\/api.w.org\/{rel}","templated":true}]}}