{"id":608,"date":"2020-03-13T17:29:00","date_gmt":"2020-03-13T17:29:00","guid":{"rendered":"https:\/\/www.affinite.fr\/index.php\/2020\/03\/13\/le-cable-transatlantique-de-google-vient-detre-pose-sur-les-cotes-francaises\/"},"modified":"2020-03-13T17:29:00","modified_gmt":"2020-03-13T17:29:00","slug":"le-cable-transatlantique-de-google-vient-detre-pose-sur-les-cotes-francaises","status":"publish","type":"post","link":"http:\/\/www.affinite.fr\/index.php\/2020\/03\/13\/le-cable-transatlantique-de-google-vient-detre-pose-sur-les-cotes-francaises\/","title":{"rendered":"Le c\u00e2ble transatlantique de Google vient d\u2019\u00eatre pos\u00e9 sur les c\u00f4tes fran\u00e7aises"},"content":{"rendered":"<p> [ad_1]<br \/>\n<br \/><img decoding=\"async\" src=\"https:\/\/img.bfmtv.com\/i\/0\/0\/98c\/04e5996cec20d4af20132a6f74e8a.jpeg\" \/><\/p>\n<div itemprop=\"articleBody\">\n<p>Cela n\u2019\u00e9tait pas arriv\u00e9 depuis plus de 15 ans. Un nouveau c\u00e2ble sous-marin transatlantique va relier dans peu de temps les Etats-Unis \u00e0 la France. <a href=\"https:\/\/www.01net.com\/actualites\/orange-va-profiter-du-futur-cable-transatlantique-de-google-1543183.html\" target=\"_blank\" rel=\"noopener noreferrer\">Il est priv\u00e9, a \u00e9t\u00e9 baptis\u00e9 Dunant et appartient \u00e0 Google<\/a>.<br \/>Sa partie terminale, d\u2019environ 5 km de long, a \u00e9t\u00e9 pos\u00e9e ce matin par Orange sur la plage de Saint-Hilaire-de-Riez en Vend\u00e9e. Elle n\u2019est pas encore rattach\u00e9e \u00e0 la partie principale en haute mer.<br \/><a href=\"https:\/\/www.01net.com\/actualites\/exclusif-on-a-visite-le-qg-secret-du-reseau-mondial-d-orange-1519211.html#content\/contribution\/edit\" target=\"_blank\" rel=\"noopener noreferrer\">Jean-Luc Vuillemin, \u00a0le directeur g\u00e9n\u00e9ral d&rsquo;Orange International Networks<\/a>, a suivi l\u2019\u00e9v\u00e9nement sur twitter :<\/p>\n<p>L\u2019op\u00e9rateur fran\u00e7ais avait conclu un partenariat avec Google en 2018 pour se charger de la station d\u2019atterrissage et des liaisons terrestres. Le point de d\u00e9part aux Etats-Unis est Virginia Beach. Le c\u00e2ble mesurera au final 6 660 km.\u00a0<\/p>\n<div data-force-click=\"true\" class=\"bloc\">\n<blockquote class=\"twitter-tweet\">\n<p dir=\"ltr\" lang=\"fr\">Ce matin, Orange fait arriver sur la plage de Saint-Hilaire-de Riez, Dunant, le premier c\u00e2ble transatlantique reliant la France aux USA depuis plus de 15 ans.<br \/>Suivez avec moi les \u00e9tapes de l\u2019atterrissement de ce fantastique projet annonc\u00e9 en partenariat avec <a href=\"https:\/\/twitter.com\/Google?ref_src=twsrc%5Etfw\">@google<\/a> fin 2018. <a href=\"https:\/\/t.co\/0JKc0eZmo3\">pic.twitter.com\/0JKc0eZmo3<\/a><\/p>\n<p>\u2014 Jean-Luc Vuillemin (@jlvuillemin) <a href=\"https:\/\/twitter.com\/jlvuillemin\/status\/1238347019435020293?ref_src=twsrc%5Etfw\">March 13, 2020<\/a><\/p><\/blockquote><\/div>\n<p>                Avant de poser le c\u00e2ble sur la plage, il a fallu faire passer une charrue permettant de l&rsquo;ensouiller \u00e0 plusieurs m\u00e8tres de profondeur. Indispensable pour \u00e9viter d&rsquo;entrer en contact avec les bateaux.<\/p>\n<div data-force-click=\"true\" class=\"bloc\">\n<blockquote class=\"twitter-tweet\">\n<p dir=\"ltr\" lang=\"fr\">Et voici la charrue qui permettra d\u2019ensouiller le c\u00e2ble a plusieurs m\u00e8tres de profondeur pour \u00e9viter tout dommage potentiel li\u00e9 \u00e0 l&rsquo;activit\u00e9 c\u00f4ti\u00e8re. <br \/>Elle sera suivie de plongeurs qui v\u00e9rifieront \u00e0 chaque \u00e9tape si le trac\u00e9 du c\u00e2ble est bien respect\u00e9. <a href=\"https:\/\/t.co\/WiTZsuxbyA\">pic.twitter.com\/WiTZsuxbyA<\/a><\/p>\n<p>\u2014 Jean-Luc Vuillemin (@jlvuillemin) <a href=\"https:\/\/twitter.com\/jlvuillemin\/status\/1238349844407820288?ref_src=twsrc%5Etfw\">March 13, 2020<\/a><\/p><\/blockquote><\/div>\n<p>                Pendant les travaux d&rsquo;\u00e9claircissement des fonds marins, un quadrant est install\u00e9 pour guider la future pose du c\u00e2ble.<\/p>\n<div data-force-click=\"true\" class=\"bloc\">\n<blockquote class=\"twitter-tweet\">\n<p dir=\"ltr\" lang=\"fr\">A la lueur de l&rsquo;aube, le Nora B est \u00e0 l\u2019approche accompagn\u00e9 du Miniplomb qui proc\u00e8de aux travaux d\u2019\u00e9claircissement afin de pr\u00e9parer le fond marin pour l\u2019arriv\u00e9e du c\u00e2ble. <br \/>Une \u00e9tape indispensable dans la r\u00e9alisation de l\u2019atterrissage. On voit le quadrant qui guidera le c\u00e2ble. <a href=\"https:\/\/t.co\/hOZdDy0kS7\">pic.twitter.com\/hOZdDy0kS7<\/a><\/p>\n<p>\u2014 Jean-Luc Vuillemin (@jlvuillemin) <a href=\"https:\/\/twitter.com\/jlvuillemin\/status\/1238360234038562816?ref_src=twsrc%5Etfw\">March 13, 2020<\/a><\/p><\/blockquote><\/div>\n<p>                Une \u00ab\u00a0ligne de vie\u00a0\u00bb sur bou\u00e9e a ensuite \u00e9t\u00e9 tir\u00e9e pour indiquer le trac\u00e9 \u00e0 respecter depuis la barge jusqu&rsquo;\u00e0 la plage. <\/p>\n<div data-force-click=\"true\" class=\"bloc\">\n<blockquote class=\"twitter-tweet\">\n<p dir=\"ltr\" lang=\"fr\">Et voil\u00e0 !! la ligne de vie du c\u00e2ble est sur bou\u00e9es et relie d\u00e9sormais le Nora B \u00e0 la terre. Le c\u00e2ble Dunant va maintenant \u00eatre tir\u00e9 en flottant \u00e0 mar\u00e9e haute et rejoindre la tranch\u00e9e qui a \u00e9t\u00e9 creus\u00e9e en suivant la mar\u00e9e descendante. <a href=\"https:\/\/t.co\/141oiDo7QU\">pic.twitter.com\/141oiDo7QU<\/a><\/p>\n<p>\u2014 Jean-Luc Vuillemin (@jlvuillemin) <a href=\"https:\/\/twitter.com\/jlvuillemin\/status\/1238362428267728897?ref_src=twsrc%5Etfw\">March 13, 2020<\/a><\/p><\/blockquote><\/div>\n<p>                Et c&rsquo;est seulement apr\u00e8s cette \u00e9tape que le c\u00e2ble a pu \u00eatre tir\u00e9 en flottant \u00e0 mar\u00e9e haute. Il sera enfoui plus tard, \u00e0 mar\u00e9e basse, dans la tranch\u00e9e pr\u00e9par\u00e9e \u00e0 cet effet .<\/p>\n<div data-force-click=\"true\" class=\"bloc\">\n<blockquote class=\"twitter-tweet\">\n<p dir=\"ltr\" lang=\"fr\">Dunant a maintenant atterrit! Voici la 1ere bou\u00e9e ! <a href=\"https:\/\/twitter.com\/orange?ref_src=twsrc%5Etfw\">@Orange<\/a> est landing party pour le c\u00e2ble. Bravo aux \u00e9quipes <a href=\"https:\/\/twitter.com\/orange?ref_src=twsrc%5Etfw\">@Orange<\/a> sur place et \u00e0 nos experts <a href=\"https:\/\/twitter.com\/hashtag\/R%C3%A9seaux?src=hash&amp;ref_src=twsrc%5Etfw\">#R\u00e9seaux<\/a> internationaux. Bravo \u00e0 toutes les \u00e9quipes qui ont permis cette belle op\u00e9ration. Il ne reste plus qu&rsquo;\u00e0 prot\u00e9ger le c\u00e2ble. <a href=\"https:\/\/t.co\/yxdNNZEsw0\">pic.twitter.com\/yxdNNZEsw0<\/a><\/p>\n<p>\u2014 Jean-Luc Vuillemin (@jlvuillemin) <a href=\"https:\/\/twitter.com\/jlvuillemin\/status\/1238366641035063296?ref_src=twsrc%5Etfw\">March 13, 2020<\/a><\/p><\/blockquote><\/div>\n<aside class=\"bg-color-0 padding-inside-all-s bloc border-s\">\n<h4 class=\"box-txt-normal\">\n<p><strong>A d\u00e9couvrir aussi en vid\u00e9o<\/strong><\/p>\n<\/h4>\n<\/aside>\n<p>En contrepartie de cette installation, Orange va b\u00e9n\u00e9ficier d\u2019une capacit\u00e9 suppl\u00e9mentaire de 60 Tbit\/s fournie par ce c\u00e2ble.<\/p>\n<p>De son c\u00f4t\u00e9, Google a d\u00e9j\u00e0 des parts dans 12 autres projets de c\u00e2bles sous-marins, comme Havfrue (connexion avec le Danemark et l\u2019Irlande), HK-G (avec Hong-Kong), JGA (avec le Japon) et Curie (connexion avec le Chili). Dunant sera mis en service d\u2019ici la fin de l&rsquo;ann\u00e9e.<\/p>\n<\/p><\/div>\n<p><script async src=\"http:\/\/platform.twitter.com\/widgets.js\" charset=\"utf-8\"><\/script><script>\n         !function(f,b,e,v,n,t,s){if(f.fbq)return;n=f.fbq=function()\n         {n.callMethod? n.callMethod.apply(n,arguments):n.queue.push(arguments)}\n         ;if(!f._fbq)f._fbq=n;\n             n.push=n;n.loaded=!0;n.version='2.0';n.queue=[];t=b.createElement(e);t.async=!0;\n             t.src=v;s=b.getElementsByTagName(e)[0];s.parentNode.insertBefore(t,s)}(window,\n                 document,'script','https:\/\/connect.facebook.net\/en_US\/fbevents.js');\n         fbq('init', '1065890633454496');\n         fbq('track', 'PageView');\n     <\/script><br \/>\n<br \/>[ad_2]<br \/>\n<br \/><a href=\"https:\/\/www.01net.com\/actualites\/le-cable-transatlantique-de-google-vient-d-etre-pose-sur-les-cotes-francaises-1874307.html\">Source link <\/a><\/p>\n","protected":false},"excerpt":{"rendered":"<p>[ad_1] Cela n\u2019\u00e9tait pas arriv\u00e9 depuis plus de 15 ans. Un nouveau c\u00e2ble sous-marin transatlantique va relier dans peu de &hellip; <a href=\"http:\/\/www.affinite.fr\/index.php\/2020\/03\/13\/le-cable-transatlantique-de-google-vient-detre-pose-sur-les-cotes-francaises\/\" class=\"more-link\">Plus <span class=\"screen-reader-text\">Le c\u00e2ble transatlantique de Google vient d\u2019\u00eatre pos\u00e9 sur les c\u00f4tes fran\u00e7aises<\/span> <span class=\"meta-nav\">&rarr;<\/span><\/a><\/p>\n","protected":false},"author":1,"featured_media":609,"comment_status":"open","ping_status":"open","sticky":false,"template":"","format":"standard","meta":{"_sitemap_exclude":false,"_sitemap_priority":"","_sitemap_frequency":"","footnotes":""},"categories":[1],"tags":[],"class_list":["post-608","post","type-post","status-publish","format-standard","has-post-thumbnail","hentry","category-tous"],"_links":{"self":[{"href":"http:\/\/www.affinite.fr\/index.php\/wp-json\/wp\/v2\/posts\/608"}],"collection":[{"href":"http:\/\/www.affinite.fr\/index.php\/wp-json\/wp\/v2\/posts"}],"about":[{"href":"http:\/\/www.affinite.fr\/index.php\/wp-json\/wp\/v2\/types\/post"}],"author":[{"embeddable":true,"href":"http:\/\/www.affinite.fr\/index.php\/wp-json\/wp\/v2\/users\/1"}],"replies":[{"embeddable":true,"href":"http:\/\/www.affinite.fr\/index.php\/wp-json\/wp\/v2\/comments?post=608"}],"version-history":[{"count":0,"href":"http:\/\/www.affinite.fr\/index.php\/wp-json\/wp\/v2\/posts\/608\/revisions"}],"wp:featuredmedia":[{"embeddable":true,"href":"http:\/\/www.affinite.fr\/index.php\/wp-json\/wp\/v2\/media\/609"}],"wp:attachment":[{"href":"http:\/\/www.affinite.fr\/index.php\/wp-json\/wp\/v2\/media?parent=608"}],"wp:term":[{"taxonomy":"category","embeddable":true,"href":"http:\/\/www.affinite.fr\/index.php\/wp-json\/wp\/v2\/categories?post=608"},{"taxonomy":"post_tag","embeddable":true,"href":"http:\/\/www.affinite.fr\/index.php\/wp-json\/wp\/v2\/tags?post=608"}],"curies":[{"name":"wp","href":"https:\/\/api.w.org\/{rel}","templated":true}]}}