{"id":6073,"date":"2021-03-15T14:37:12","date_gmt":"2021-03-15T14:37:12","guid":{"rendered":"https:\/\/www.affinite.fr\/index.php\/2021\/03\/15\/indiana-jones-5-que-sait-on-du-film-en-projet-actus-cine\/"},"modified":"2021-03-15T14:37:12","modified_gmt":"2021-03-15T14:37:12","slug":"indiana-jones-5-que-sait-on-du-film-en-projet-actus-cine","status":"publish","type":"post","link":"http:\/\/www.affinite.fr\/index.php\/2021\/03\/15\/indiana-jones-5-que-sait-on-du-film-en-projet-actus-cine\/","title":{"rendered":"Indiana Jones 5 : que sait-on du film en projet ? &#8211; Actus Cin\u00e9"},"content":{"rendered":"<p> [ad_1]<br \/>\n<\/p>\n<p>Indiana Jones et le Royaume du Cr\u00e2ne de Cristal est diffus\u00e9 sur W9. C&rsquo;est l&rsquo;occasion de faire le point sur le prochain \u00e9pisode des aventures de l&rsquo;intr\u00e9pide aventurier.<\/p>\n<div id=\"article-content\">\n<figure class=\"player player-auto-play js-player\" data-model=\"{&quot;context&quot;:&quot;newspage_news&quot;,&quot;launch&quot;:&quot;auto-play&quot;,&quot;followScroll&quot;:true,&quot;editorialContent&quot;:&quot;18697336-indiana_jones_5_que_sait_on_du_film_en_projet&quot;,&quot;endScreen&quot;:true,&quot;disableAutoPause&quot;:true,&quot;videos&quot;:[{&quot;id&quot;:18799138,&quot;sources&quot;:{&quot;medium&quot;:&quot;\/\/fr.vid.web.acsta.net\/nmedia\/s3\/33\/18\/63\/95\/41\/18799138_sd_013.mp4&quot;},&quot;image&quot;:&quot;\/videothumbnails\/14\/09\/15\/12\/59\/162394.jpg&quot;,&quot;title&quot;:&quot;Indiana Jones et le Royaume du Cru00e2ne de Cristal Bande-annonce VF&quot;,&quot;trackingIdentifier&quot;:&quot;18799138-indiana_jones_et_le_royaume_du_crane_de_cristal_bande_annonce_vf&quot;,&quot;embedUrl&quot;:&quot;ACraHRACr0cHM6Ly9wbGF5ZXIuYWxsb2NpbmUuZnIvMTg3OTkxMzguaHRtbA==&quot;,&quot;id_type&quot;:31003,&quot;file_type&quot;:&quot;trailer&quot;,&quot;description&quot;:&quot;&lt;strong&gt;Indiana Jones et le Royaume du Cru00e2ne de Cristal&lt;\/strong&gt; Bande-annonce VF&quot;,&quot;duration&quot;:106,&quot;view_count&quot;:934293,&quot;added_at&quot;:{&quot;date&quot;:&quot;2008-02-18 00:00:00.000000&quot;,&quot;timezone_type&quot;:3,&quot;timezone&quot;:&quot;Europe\/Paris&quot;},&quot;metas&quot;:{&quot;genre_main_movie&quot;:[{&quot;name&quot;:&quot;Aventure&quot;,&quot;id&quot;:&quot;13001&quot;},{&quot;name&quot;:&quot;Action&quot;,&quot;id&quot;:&quot;13025&quot;}],&quot;id_main_movie&quot;:45890,&quot;image_main_movie&quot;:&quot;\/medias\/nmedia\/18\/63\/95\/41\/18927494.jpg&quot;,&quot;localized_file_type&quot;:&quot;trailer&quot;,&quot;main_movie_type&quot;:4002,&quot;name_main_movie&quot;:&quot;Indiana Jones et le Royaume du Cru00e2ne de Cristal&quot;,&quot;nb_days_release_main_movie&quot;:-4681,&quot;release_date_main_movie&quot;:{&quot;date&quot;:&quot;2008-05-21 00:00:00.000000&quot;,&quot;timezone_type&quot;:3,&quot;timezone&quot;:&quot;Europe\/Paris&quot;},&quot;release_status_movie&quot;:&quot;Sortie en salle&quot;,&quot;trans_file_type&quot;:&quot;Bande-annonce&quot;},&quot;relatedEntityDistributor&quot;:&quot;Paramount Pictures France&quot;,&quot;relatedEntityDistributorId&quot;:13120,&quot;relatedEntityType&quot;:&quot;movie&quot;,&quot;relatedEntityTrackingIdentifier&quot;:&quot;45890-indiana_jones_et_le_royaume_du_crane_de_cristal&quot;,&quot;relatedEntityTitle&quot;:&quot;Indiana Jones et le Royaume du Cru00e2ne de Cristal&quot;,&quot;relatedEntityId&quot;:45890,&quot;genres&quot;:[{&quot;id&quot;:&quot;13001&quot;,&quot;name&quot;:&quot;Aventure&quot;},{&quot;id&quot;:&quot;13025&quot;,&quot;name&quot;:&quot;Action&quot;}],&quot;relatedEntityUrl&quot;:&quot;ACraHRACr0cHM6Ly93d3cuYWxsb2NpbmUuZnIvZmlsbS9maWNoZWZpbG1fZ2VuX2NmaWxtPTQ1ODkwLmh0bWw=&quot;,&quot;mediaUrl&quot;:&quot;ACraHRACr0cHM6Ly93d3cuYWxsb2NpbmUuZnIvdmlkZW8vcGxheWVyX2dlbl9jbWVkaWE9MTg3OTkxMzgmY2ZpbG09NDU4OTAuaHRtbA==&quot;}],&quot;disablePreroll&quot;:false,&quot;disablePostroll&quot;:false}\" data-thumb=\"https:\/\/fr.web.img6.acsta.net\/r_640_360\/videothumbnails\/14\/09\/15\/12\/59\/162394.jpg\">\n<\/figure>\n<p>Apr\u00e8s le tr\u00e8s d\u00e9cri\u00e9 <a title=\"Indiana Jones et le Royaume du Cr\u00e2ne de Cristal (U.S.A.) - 2008 (Aventure,Action)\" href=\"http:\/\/www.allocine.fr\/film\/fichefilm_gen_cfilm=45890.html\">Royaume du Cr\u00e2ne de cristal<\/a>, on pensait que le c\u00e9l\u00e8bre arch\u00e9ologue rangerait son fouet et son chapeau dans un tiroir. Le 4\u00e8me opus, qui a engrang\u00e9 la modique somme de 790 millions de dollars au box-office mondial, allait-il mettre un terme \u00e0 la saga Indiana Jones ?\u00a0<\/p>\n<p>Depuis quelques semaines, on sait qu&rsquo;il n&rsquo;en est rien ! Dans les cartons depuis 2016,\u00a0<a title=\"Indiana Jones 5 (U.S.A.) - 2022 (Action,Aventure)\" href=\"http:\/\/www.allocine.fr\/film\/fichefilm_gen_cfilm=180899.html\">Indiana Jones 5<\/a> va bel et bien voir le jour. Cependant,\u00a0<a title=\"Steven Spielberg (U.S.A.) (Producteur d\u00e9l\u00e9gu\u00e9,R\u00e9alisateur,Producteur)\" href=\"http:\/\/www.allocine.fr\/personne\/fichepersonne_gen_cpersonne=471.html\">Steven Spielberg<\/a> \u00e9tant parti vers un <span class=\"ACraHRACr0cHM6Ly93d3cuYWxsb2NpbmUuZnIvYXJ0aWNsZS9maWNoZWFydGljbGVfZ2VuX2NhcnRpY2xlPTE4Njk3NjA3Lmh0bWw=\" target=\"_blank\">projet plus personnel<\/span>, celui d&rsquo;un long m\u00e9trage inspir\u00e9 de son enfance, c&rsquo;est\u00a0<a title=\"James Mangold (U.S.A.) (R\u00e9alisateur,Sc\u00e9nariste,Producteur d\u00e9l\u00e9gu\u00e9)\" href=\"http:\/\/www.allocine.fr\/personne\/fichepersonne_gen_cpersonne=17940.html\">James Mangold<\/a> (<a title=\"Logan (U.S.A.) - 2017 (Action,Science fiction)\" href=\"http:\/\/www.allocine.fr\/film\/fichefilm_gen_cfilm=225116.html\">Logan<\/a>, <a title=\"Le Mans 66 (U.S.A.) - 2019 (Biopic,Drame)\" href=\"http:\/\/www.allocine.fr\/film\/fichefilm_gen_cfilm=262396.html\">Le Mans 66<\/a>) qui a pris le relais.<\/p>\n<p>UN 5EME TOUR DE PISTE POUR INDY<\/p>\n<p>Le 5\u00e8me opus des aventures d&rsquo;Indy va donc enfin se concr\u00e9tiser ! En d\u00e9cembre dernier, <a title=\"Kathleen Kennedy (U.S.A.) (Producteur,Producteur ex\u00e9cutif,Producteur d\u00e9l\u00e9gu\u00e9)\" href=\"http:\/\/www.allocine.fr\/personne\/fichepersonne_gen_cpersonne=40783.html\">Kathleen Kennedy<\/a>, pr\u00e9sidente de Lucasfilm, a profit\u00e9 de la conf\u00e9rence annuelle consacr\u00e9e aux investisseurs Disney pour donner des nouvelles du projet.<\/p>\n<p>Kennedy a confirm\u00e9 un tournage au printemps, ajoutant que son mythique interpr\u00e8te, <a title=\"Harrison Ford (U.S.A.) (Acteur,Producteur d\u00e9l\u00e9gu\u00e9,Producteur ex\u00e9cutif)\" href=\"http:\/\/www.allocine.fr\/personne\/fichepersonne_gen_cpersonne=472.html\">Harrison Ford<\/a>, sera bien de retour en tant que h\u00e9ros principal. Les rumeurs concernant\u00a0<a title=\"Chris Pratt (U.S.A.) (Acteur,Producteur,Producteur d\u00e9l\u00e9gu\u00e9)\" href=\"http:\/\/www.allocine.fr\/personne\/fichepersonne_gen_cpersonne=98332.html\">Chris Pratt<\/a> rempla\u00e7ant le l\u00e9gendaire acteur ont donc \u00e9t\u00e9 balay\u00e9es d&rsquo;un revers de la main.\u00a0Une date de sortie a m\u00eame \u00e9t\u00e9 annonc\u00e9e : le 27 juillet 2022 ! Pile pour f\u00eater les 80 ans du com\u00e9dien.<\/p>\n<p><i>\u00ab\u00a0Nous sommes en phase de pr\u00e9-production pour le prochain et dernier \u00e9pisode d&rsquo;Indiana Jones. Et bien s\u00fbr, Indy lui-m\u00eame, Harrison Ford, sera de retour pour terminer le voyage de ce personnage de l\u00e9gende\u00a0\u00bb<\/i>, indiquait-elle.<\/p>\n<p>LE RETOUR DE SALLAH ?<\/p>\n<p>C\u00f4t\u00e9 intrigue, on ne sait pas grand chose, \u00e0 part que\u00a0<a title=\"John Rhys-Davies (Grande-Bretagne) (Acteur,Producteur d\u00e9l\u00e9gu\u00e9)\" href=\"http:\/\/www.allocine.fr\/personne\/fichepersonne_gen_cpersonne=6787.html\">John Rhys-Davies<\/a> pourrait faire son grand retour dans le r\u00f4le de Sallah. En janvier dernier, l&rsquo;acteur \u00e9voquait son implication possible au micro de <span class=\"ACraHRACr0cHM6Ly93d3cuY29taW5nc29vbi5uZXQvbW92aWVzL25ld3MvMTE1OTgxOC1leGNsdXNpdmUtam9obi1yaHlzLWRhdmllcy10YWxrcy1pbmR5LTU=\" target=\"_blank\">ComingSoon<\/span> :\u00a0<\/p>\n<p><i>\u00ab\u00a0J&rsquo;ai cru comprendre que le film allait se tourner au mois de mai, \u00e0 ce qu&rsquo;on dit. Je reste assez sceptique quant au fait que l&rsquo;on puisse tourner un film d&rsquo;une telle ampleur en mai. Je suppose toutefois qu&rsquo;il est possible qu&rsquo;on me demande de jouer dedans. <\/i><\/p>\n<p><i>Si on m&rsquo;appelle, je serai \u00e0 leur service (rires). Mais je pense qu&rsquo;on doit encore attendre un tout petit peu, laisser nos ma\u00eetres faire leurs annonces, et vous pourrez alors partager ma joie ou ma d\u00e9ception. C&rsquo;est assez convenablement diplomatique ?\u00a0\u00bb<\/i>, a d\u00e9clar\u00e9 l&rsquo;artiste, non sans une certaine malice.<\/p>\n<p>En tout cas, si l&rsquo;interpr\u00e8te de Gimli dans\u00a0<a title=\"Le Seigneur des anneaux : la communaut\u00e9 de l'anneau (U.S.A.,Nouvelle-Z\u00e9lande) - 2001 (Fantastique,Aventure)\" href=\"http:\/\/www.allocine.fr\/film\/fichefilm_gen_cfilm=27070.html\">Le Seigneur des Anneaux<\/a> est de la partie, ce ne sera pas pour un petit r\u00f4le ou un cam\u00e9o. En effet, il avait d\u00e9j\u00e0 refus\u00e9 de faire une petite apparition dans le 4\u00e8me volet si son personnage n&rsquo;\u00e9tait pas trait\u00e9 avec respect :\u00a0<\/p>\n<p><i>\u00ab\u00a0J\u2019ai refus\u00e9, parce qu\u2019il me semblait que ce serait un peu une trahison envers les attentes du public. Sallah est un personnage populaire, il y a une grandeur d\u2019\u00e2me en lui que nous aimons et admirons tous\u00a0\u00bb<\/i>, confiait le com\u00e9dien dans les colonnes de Digital Spy en 2016.<\/p>\n<div class=\"article-figure-holder\">\n<figure class=\"article-figure mceNonEditable\"><img loading=\"lazy\" decoding=\"async\" class=\"article-figure-img\" src=\"data:image\/gif;base64,R0lGODlhAgABAPAAAAAAAAAAACH5BAEAAAAAIf8LSW1hZ2VNYWdpY2sNZ2FtbWE9MC40NTQ1NQAsAAAAAAIAAQAAAgIECgA7\" data-src=\"https:\/\/fr.web.img6.acsta.net\/newsv7\/21\/03\/12\/16\/49\/4079326.jpg\" width=\"640\" height=\"320\"\/><span class=\"article-figcaption-copy\">Disney<\/span><figcaption class=\"article-figcaption\">\n            Harrison Ford et John Rhys-Davies<br \/>\n        <\/figcaption><\/figure>\n<\/div>\n<p><i>\u00ab\u00a0Bien s\u00fbr que j\u2019aimerais en faire encore un, c\u2019est un personnage formidable ! Mais j\u2019aimerais qu\u2019il accomplisse quelque chose qui ait du sens\u00a0\u00bb<\/i> ajoutait-il. Tr\u00e8s attach\u00e9 au personnage, l&rsquo;acteur de 76 ans lui imaginait un destin h\u00e9ro\u00efque de protecteur d&rsquo;artefacts et d&rsquo;antiquit\u00e9s :<\/p>\n<p><i>\u00ab\u00a0J&rsquo;aime penser qu&rsquo;il aurait \u00e9t\u00e9 quelqu&rsquo;un comme Khaled al-Asaad, cet homme merveilleux de 80 ans qui d\u00e9fendait son mus\u00e9e de Palmyre et qui a cach\u00e9 ses tr\u00e9sors majeurs. Il a refus\u00e9 de les c\u00e9der \u00e0 Daech et a \u00e9t\u00e9 d\u00e9capit\u00e9 en place publique. Je pense que c&rsquo;est probablement ainsi que j&rsquo;aurais vu Sallah\u00a0\u00bb, a-t-il conclu.<\/i><\/p>\n<p>Ce sympathique \u00e9gyptien, jovial et gouailleur, a \u00e9t\u00e9 un fid\u00e8le alli\u00e9 pour Indy, lui sauvant la mise \u00e0 de nombreuses reprises. Tr\u00e8s appr\u00e9ci\u00e9 des fans, Sallah aurait donc un r\u00f4le cons\u00e9quent dans le 5\u00e8me opus, si on lit entre les lignes de la d\u00e9claration de son interpr\u00e8te.\u00a0<span>Autrement, le com\u00e9dien gallois aurait d\u00e9clin\u00e9 l&rsquo;offre comme il l&rsquo;a fait pour le 4\u00e8me \u00e9pisode.<\/span><\/p>\n<p>POURQUOI UN TEL RETARD ?<\/p>\n<p>Si la la production du film a pris beaucoup de retard, c&rsquo;est notamment en raison de divergences artistiques entre Steven Spielberg, le sc\u00e9nariste <a title=\"David Koepp (U.S.A.) (Sc\u00e9nariste,R\u00e9alisateur,Producteur)\" href=\"http:\/\/www.allocine.fr\/personne\/fichepersonne_gen_cpersonne=27833.html\">David Koepp<\/a>, Harrison Ford et Disney. De plus, la crise sanitaire n&rsquo;a rien arrang\u00e9 :<\/p>\n<p><i>\u00ab\u00a0J&rsquo;ai essay\u00e9 plusieurs versions du sc\u00e9nario avec Spielberg et elles avaient toutes des bonnes choses et des choses qui ne fonctionnaient pas, ce qui arrive. Mais c&rsquo;\u00e9tait tr\u00e8s difficile de contenter tout le monde et d&rsquo;accorder toutes les parties, Steven Spielberg, Harrison Ford, le sc\u00e9nario et Disney. \u00c7a n&rsquo;a pas march\u00e9\u00a0\u00bb<\/i>, confiait Koepp \u00e0 <span class=\"ACraHRACr0cHM6Ly93d3cuZGVub2ZnZWVrLmNvbS9tb3ZpZXMvaW5kaWFuYS1qb25lcy01LXVwZGF0ZS13aHktd3JpdGVyLWRhdmlkLWtvZXBwLWxlZnQtdGhlLW1vdmllLw==\" target=\"_blank\">Den of Geek<\/span> en septembre dernier.<\/p>\n<p>Apr\u00e8s Han Solo dans la nouvelle trilogie <a title=\"Star Wars - Le R\u00e9veil de la Force (U.S.A.) - 2015 (Aventure,Action,Science fiction)\" href=\"http:\/\/www.allocine.fr\/film\/fichefilm_gen_cfilm=215097.html\">Star Wars<\/a>, Harrison Ford s&rsquo;appr\u00eate donc \u00e0 enfiler de nouveau le costume d&rsquo;un autre de ses personnages iconiques. \u00c0 78 ans, le com\u00e9dien semble plus que jamais motiv\u00e9 \u00e0 terminer en beaut\u00e9 une \u00e9pop\u00e9e d\u00e9but\u00e9e en 1981 avec <a title=\"Les Aventuriers de l'Arche perdue (U.S.A.) - 1981 (Aventure,Action)\" href=\"http:\/\/www.allocine.fr\/film\/fichefilm_gen_cfilm=121.html\">Les Aventuriers de l&rsquo;Arche perdue<\/a>.<\/p>\n<p>Rendez-vous le 27 juillet 2022 au cin\u00e9ma ! En esp\u00e9rant que cet opus final rattrape le tr\u00e8s critiqu\u00e9 Royaume du cr\u00e2ne de cristal, sorti il y a d\u00e9j\u00e0 12 ans.\u00a0<\/p>\n<p>On esp\u00e8re une fin aussi belle que La Derni\u00e8re Croisade, dans laquelle Indy et Sallah chevauchaient \u00e0 brides abattues dans le d\u00e9sert, sous le soleil couchant, le tout rythm\u00e9 par la musique inoubliable de <a title=\"John Williams (U.S.A.) (Compositeur,Acteur,Compositeur de la partition originale)\" href=\"http:\/\/www.allocine.fr\/personne\/fichepersonne_gen_cpersonne=2209.html\">John Williams<\/a>.<\/p>\n<p><strong>LES PETITS DETAILS D&rsquo;INDY 4<\/strong><\/p>\n<p>\u00a0<\/p>\n<\/p><\/div>\n<p>[ad_2]<br \/>\n<br \/><a href=\"http:\/\/rss.allocine.fr\/~r\/ac\/actualites\/~3\/HC3HNAOb1-I\/fichearticle_gen_carticle=18697336.html\">Source link <\/a><\/p>\n","protected":false},"excerpt":{"rendered":"<p>[ad_1] Indiana Jones et le Royaume du Cr\u00e2ne de Cristal est diffus\u00e9 sur W9. C&rsquo;est l&rsquo;occasion de faire le point &hellip; <a href=\"http:\/\/www.affinite.fr\/index.php\/2021\/03\/15\/indiana-jones-5-que-sait-on-du-film-en-projet-actus-cine\/\" class=\"more-link\">Plus <span class=\"screen-reader-text\">Indiana Jones 5 : que sait-on du film en projet ? &#8211; Actus Cin\u00e9<\/span> <span class=\"meta-nav\">&rarr;<\/span><\/a><\/p>\n","protected":false},"author":1,"featured_media":6074,"comment_status":"open","ping_status":"open","sticky":false,"template":"","format":"standard","meta":{"_sitemap_exclude":false,"_sitemap_priority":"","_sitemap_frequency":"","footnotes":""},"categories":[1],"tags":[],"class_list":["post-6073","post","type-post","status-publish","format-standard","has-post-thumbnail","hentry","category-tous"],"_links":{"self":[{"href":"http:\/\/www.affinite.fr\/index.php\/wp-json\/wp\/v2\/posts\/6073"}],"collection":[{"href":"http:\/\/www.affinite.fr\/index.php\/wp-json\/wp\/v2\/posts"}],"about":[{"href":"http:\/\/www.affinite.fr\/index.php\/wp-json\/wp\/v2\/types\/post"}],"author":[{"embeddable":true,"href":"http:\/\/www.affinite.fr\/index.php\/wp-json\/wp\/v2\/users\/1"}],"replies":[{"embeddable":true,"href":"http:\/\/www.affinite.fr\/index.php\/wp-json\/wp\/v2\/comments?post=6073"}],"version-history":[{"count":0,"href":"http:\/\/www.affinite.fr\/index.php\/wp-json\/wp\/v2\/posts\/6073\/revisions"}],"wp:featuredmedia":[{"embeddable":true,"href":"http:\/\/www.affinite.fr\/index.php\/wp-json\/wp\/v2\/media\/6074"}],"wp:attachment":[{"href":"http:\/\/www.affinite.fr\/index.php\/wp-json\/wp\/v2\/media?parent=6073"}],"wp:term":[{"taxonomy":"category","embeddable":true,"href":"http:\/\/www.affinite.fr\/index.php\/wp-json\/wp\/v2\/categories?post=6073"},{"taxonomy":"post_tag","embeddable":true,"href":"http:\/\/www.affinite.fr\/index.php\/wp-json\/wp\/v2\/tags?post=6073"}],"curies":[{"name":"wp","href":"https:\/\/api.w.org\/{rel}","templated":true}]}}