{"id":6063,"date":"2021-03-13T20:10:08","date_gmt":"2021-03-13T20:10:08","guid":{"rendered":"https:\/\/www.affinite.fr\/index.php\/2021\/03\/13\/chiffres-vers-un-confinement-en-ile-de-france\/"},"modified":"2021-03-13T20:10:08","modified_gmt":"2021-03-13T20:10:08","slug":"chiffres-vers-un-confinement-en-ile-de-france","status":"publish","type":"post","link":"http:\/\/www.affinite.fr\/index.php\/2021\/03\/13\/chiffres-vers-un-confinement-en-ile-de-france\/","title":{"rendered":"chiffres, vers un confinement en Ile-de-France\u00a0?"},"content":{"rendered":"<p> [ad_1]<br \/>\n<\/p>\n<p>\n                CORONAVIRUS DIRECT &#8211; L&rsquo;\u00e9pid\u00e9mie progresse avec plus de 29\u00a0000\u00a0nouveaux cas en 24\u00a0heures et 174\u00a0d\u00e9c\u00e8s. Le seuil des 4\u00a0000\u00a0patients en r\u00e9animation a \u00e9t\u00e9 franchi en France. La pression hospitali\u00e8re est particuli\u00e8rement forte en Ile-de-France. Trois patients ont \u00e9t\u00e9 transf\u00e9r\u00e9s vers d&rsquo;autres r\u00e9gions. Derniers chiffres et infos du jour.            <\/p>\n<div>\n<aside class=\"ccmsummary marqueur_module ccmcss_cms_summary ccmcss_cms_summary--right\">\n<p>\u00a0Sommaire<\/p>\n<\/aside>\n<p><strong>[Mis\u00a0\u00e0 jour le samedi 13\u00a0mars \u00e0 20h47<\/strong><b>] <\/b>Vers un confinement en Ile-de-France ?\u00a0\u00ab\u00a0<em>Nous sommes sur le fil du rasoir\u00a0\u00bb, <\/em>a indiqu\u00e9 au <em>Monde,\u00a0<\/em>le Premier ministre Jean Castex ce samedi 13\u00a0mars.\u00a0La\u00a0tension sur le syst\u00e8me hospitalier devient critique. Trois patients en r\u00e9animation ont \u00e9t\u00e9 transf\u00e9r\u00e9s ce samedi vers des h\u00f4pitaux de l&rsquo;ouest de la France.\u00a0Deux autres r\u00e9gions pr\u00e9occupent l&rsquo;ex\u00e9cutif :\u00a0<strong data-insertor-excluded=\"1\">les Hauts-de-France et la Provence-Alpes-C\u00f4te d&rsquo;Azur.<\/strong>\u00a0\u00ab\u00a0<em>La pression sanitaire atteint un niveau similaire \u00e0 celle constat\u00e9e au pic de la deuxi\u00e8me vague et cette pression va croissante. 80% des patients en r\u00e9animation sont des patients Covid-19&Prime;,\u00a0<\/em>a soulign\u00e9 le ministre de la Sant\u00e9\u00a0Olivier V\u00e9ran,\u00a0lors d&rsquo;une conf\u00e9rence de presse jeudi\u00a011\u00a0mars.\u00a0Sant\u00e9 Publique France rapporte par ailleurs un<strong> rajeunissement de l&rsquo;\u00e2ge des patients<\/strong> <strong>hospitalis\u00e9s<\/strong>. Les<strong> variants plus transmissibles sont devenus majoritaires<\/strong>, notamment le variant anglais qui repr\u00e9sente d\u00e9sormais 67% des cas de Covid dans le pays. Des variants qui sont aussi<strong> <em>\u00ab\u00a0plus dangereux\u00a0\u00bb <\/em><\/strong>que le virus initial, a confirm\u00e9 le ministre de la Sant\u00e9. Vendredi, la barre des <strong>90 000 d\u00e9c\u00e8s<\/strong> du Covid-19 est franchie en France. Quels sont les <strong>chiffres aujourd&rsquo;hui<\/strong> de l&rsquo;\u00e9pid\u00e9mie ? Combien d&rsquo;hospitalisations, de cas en <strong>r\u00e9animation<\/strong>, de <strong>d\u00e9c\u00e8s <\/strong>?\u00a0<span style=\"font-size: 1rem;\">Que disent les\u00a0<\/span><a data-auth=\"NotApplicable\" href=\"https:\/\/sante.journaldesfemmes.fr\/fiches-maladies\/2667643-carte-covid-19-france-departement-temps-reel-ile-de-france-monde-europe-zone-rouge-variant\/\" rel=\"noopener noreferrer\" style=\"font-size: 1rem; background-color: rgb(255, 255, 255);\" target=\"_blank\">cartes<\/a><span style=\"font-size: 1rem;\"> de suivi de l&rsquo;\u00e9pid\u00e9mie ? Quels sont les <\/span><a href=\"https:\/\/sante.journaldesfemmes.fr\/fiches-maladies\/2630075-symptomes-coronavirus-covid-19-mal-gorge-tete-nez-coule-que-faire-variant-long-bebe-toux\/\" style=\"font-size: 1rem; background-color: rgb(255, 255, 255);\" target=\"_blank\" rel=\"noopener noreferrer\">sympt\u00f4mes du coronavirus<\/a><span style=\"font-size: 1rem;\"> ? Quand <\/span><a href=\"https:\/\/sante.journaldesfemmes.fr\/fiches-maladies\/2621211-isolement-covid-19-coronavirus-duree-10-jours-positif-cas-contact-variant-certificat-attestation\/\" style=\"font-size: 1rem; background-color: rgb(255, 255, 255);\" target=\"_blank\" rel=\"noopener noreferrer\">s&rsquo;isoler et combien de temps<\/a><span style=\"font-size: 1rem;\"> ?\u00a0<\/span><a data-auth=\"NotApplicable\" href=\"https:\/\/sante.journaldesfemmes.fr\/fiches-maladies\/2629823-taux-de-reproduction-covid-france-coronavirus-r0-r-effectif-calcul-carte-evolution-aujourd-hui-definition\/\" rel=\"noopener noreferrer\" style=\"font-size: 1rem; background-color: rgb(255, 255, 255);\" target=\"_blank\">Quel est le taux de R0 du virus<\/a><span style=\"font-size: 1rem;\">\u00a0? Quand est-on <\/span><a href=\"https:\/\/sante.journaldesfemmes.fr\/fiches-maladies\/2679521-contagion-covid-19-combien-de-temps-jours-duree-asymptomatique-symptomes-incubation-contagieux\/\" style=\"font-size: 1rem; background-color: rgb(255, 255, 255);\" target=\"_blank\" rel=\"noopener noreferrer\">contagieux<\/a><span style=\"font-size: 1rem;\"> ? Que sait-on des\u00a0<\/span><a href=\"https:\/\/sante.journaldesfemmes.fr\/fiches-maladies\/2620433-vaccin-coronavirus-covid-19-pfizer-moderna-sanofi-spoutnik-chinois-johnson-astrazeneca-effet-secondaire\/\" style=\"font-size: 1rem; background-color: rgb(255, 255, 255);\" target=\"_blank\" rel=\"noopener noreferrer\">vaccins<\/a><span style=\"font-size: 1rem;\">\u00a0? Des\u00a0<\/span><a href=\"https:\/\/sante.journaldesfemmes.fr\/fiches-maladies\/2686947-effets-secondaires-indesirable-vaccin-covid-ansm-france-pfizer-moderna-astrazeneca-2-eme-injection\/\" style=\"font-size: 1rem; background-color: rgb(255, 255, 255);\" target=\"_blank\" rel=\"noopener noreferrer\">effets secondaires<\/a><span style=\"font-size: 1rem;\">\u00a0apr\u00e8s la vaccination ? Chiffres et infos du jour.<\/span><\/p>\n<ul>\n<li><strong>Lettre aux m\u00e9decins.\u00a0<\/strong>Le ministre de la Sant\u00e9, Olivier V\u00e9ran, pr\u00e9sente ses excuses dans\u00a0une\u00a0<a href=\"https:\/\/twitter.com\/FMFofficiel\/status\/1370420651367010312?ref_src=twsrc%5Etfw%7Ctwcamp%5Etweetembed%7Ctwterm%5E1370420651367010312%7Ctwgr%5E%7Ctwcon%5Es1_&amp;ref_url=https%3A%2F%2Fwww.ledauphine.com%2Fsante%2F2021%2F03%2F13%2Fcovid-19-plus-de-90-000-morts-en-france-les-residents-d-ehpad-autorises-a-sortir\">lettre<\/a>\u00a0adress\u00e9e ce vendredi 12\u00a0mars\u00a0aux m\u00e9decins g\u00e9n\u00e9ralistes, qui ont d\u00e9nonc\u00e9 ces derniers jours la priorit\u00e9 donn\u00e9e aux pharmaciens pour obtenir des doses de vaccin.\u00a0<\/li>\n<li><strong>Reconfinement en Ile-de-France ?\u00a0<\/strong>Le gouvernement n&rsquo;exclut pas la piste d&rsquo;un confinement dur dans la r\u00e9gion.\u00a0Dans une interview au <em>Monde<\/em>, publi\u00e9e ce samedi 13 mars,\u00a0le Premier ministre Jean Castex s&rsquo;est exprim\u00e9 sur la situation sanitaire\u00a0: \u00ab\u00a0<em>Nous sommes sur le fil du rasoir. La situation hospitali\u00e8re est pr\u00e9occupante. Elle n&rsquo;est pas corr\u00e9l\u00e9e \u00e0 la situation \u00e9pid\u00e9miologique, ce qui rend le pilotage difficile.\u00a0\u00bb\u00a0<\/em><\/li>\n<li><strong>D\u00e9passer les 10 millions de personnes vaccin\u00e9es. <\/strong>Lors\u00a0d&rsquo;une <a href=\"https:\/\/www.lefigaro.fr\/politique\/vaccination-jean-castex-espere-depasser-les-objectifs-malgre-les-miseres-que-font-les-labos-20210313\">visite<\/a> dans un centre de vaccination \u00e0 Saint-Maixent-L&rsquo;Ecole (Deux-S\u00e8vres), ce samedi 13\u00a0mars, le Premier ministre\u00a0a dit esp\u00e9rer d\u00e9passer l&rsquo;objectif des 10\u00a0millions de personnes vaccin\u00e9es contre le Covid-19 au\u00a015\u00a0avril, malgr\u00e9\u00a0les \u00ab\u00a0mis\u00e8res\u00a0\u00bb que font \u00ab\u00a0les labos\u00a0\u00bb. Le groupe AstraZeneca vient d&rsquo;annoncer de nouveaux retards de livraison pour l&rsquo;Union europ\u00e9enne.<\/li>\n<li><strong>Transferts de patients hors d&rsquo;Ile-de-France.\u00a0<\/strong>Trois premiers patients Covid-19\u00a0en r\u00e9animation d&rsquo;Ile-de-France sont transf\u00e9r\u00e9s ce samedi 13 mars par h\u00e9licopt\u00e8re vers des h\u00f4pitaux de Nantes, Angers et Le Mans, a indiqu\u00e9 \u00e0 l&rsquo;<a href=\"https:\/\/www.20minutes.fr\/sante\/2997819-20210313-coronavirus-trois-premiers-patients-transferes-hors-ile-france\">AFP <\/a>Fr\u00e9d\u00e9ric Adnet, directeur du Samu de Seine-Saint-Denis.\u00a04 autres patients seront transf\u00e9r\u00e9s dimanche.\u00a0<\/li>\n<li><strong>\u00ab\u00a0Plus de 300.000\u00a0personnes\u00a0\u00bb ont \u00e9t\u00e9 vaccin\u00e9es<\/strong> aujourd&rsquo;hui s&rsquo;est f\u00e9licit\u00e9 Jean Castex vendredi, un record depuis le d\u00e9but de la campagne de vaccination.\ufe0f\u00a0<\/li>\n<li><strong>Plus de vaccins pour l&rsquo;Ile-de-France.\u00a0<\/strong>Jean Castex s&rsquo;est exprim\u00e9 vendredi depuis l&rsquo;h\u00f4pital de la Piti\u00e9-Salp\u00eatri\u00e8re \u00e0 Paris o\u00f9 il a qualifi\u00e9\u00a0la situation sanitaire d'\u00a0\u00bb<em>extr\u00eamement tendue en Ile-de-France<\/em>\u00ab\u00a0. Des mesures de restrictions pourraient \u00eatre d\u00e9cid\u00e9es \u00ab\u00a0\u00e0 tout moment\u00a0\u00bb a indiqu\u00e9 le premier ministre, qui\u00a0a par ailleurs a annonc\u00e9 que \u00ab\u00a0<em>25 000\u00a0doses de vaccin suppl\u00e9mentaires ont \u00e9t\u00e9 d\u00e9l\u00e9gu\u00e9es pour la r\u00e9gion Ile-de-France pour ce week-end<\/em>\u00ab\u00a0.<\/li>\n<li><strong>Plus de 4 millions de fran\u00e7ais contamin\u00e9s. <\/strong>Vendredi 12 mars, la barre des 4 millions de personnes contamin\u00e9es au Covid-19 est franchie, celles des 90 000 d\u00e9c\u00e8s, et des 4 000 patients en service de r\u00e9animation \u00e0 l&rsquo;h\u00f4pital sont \u00e9galement d\u00e9pass\u00e9es ce vendredi soir en France.<\/li>\n<li><strong>Feu vert au vaccin Johnson&amp;Johnson.\u00a0<\/strong>La Haute autorit\u00e9 de sant\u00e9 (HAS) a autoris\u00e9 vendredi en France le vaccin contre le Covid-19\u00a0de Johnson&amp;Johnson, quelques heures apr\u00e8s son homologation par l&rsquo;OMS et au lendemain du feu vert europ\u00e9en. L&rsquo;utilisation de ce vaccin \u00e0 injection unique est\u00a0recommand\u00e9\u00a0\u00ab\u00a0de mani\u00e8re pr\u00e9f\u00e9rentielle\u00a0\u00bb dans les zones o\u00f9 l&rsquo;\u00e9pid\u00e9mie est \u00ab\u00a0particuli\u00e8rement active\u00a0\u00bb. Il \u00ab\u00a0peut \u00eatre utilis\u00e9 \u00e0 partir de l&rsquo;\u00e2ge de 18\u00a0ans\u00a0\u00bb, \u00ab\u00a0y compris chez les personnes \u00e2g\u00e9es de 65\u00a0ans et plus et\/ou\u00a0\u00bb \u00e0 risque de faire des formes graves de Covid. 1 million de doses devraient \u00eatre livr\u00e9es fin avril.<\/li>\n<li><strong>Plus de 7\u00a0000\u00a0injections en France.\u00a0<\/strong>Au 12\u00a0mars, pr\u00e8s de 7\u00a0039\u00a0000\u00a0injections ont \u00e9t\u00e9 r\u00e9alis\u00e9es depuis le d\u00e9but de la campagne de vaccination en France, indique le minist\u00e8re de la Sant\u00e9 dans un <a href=\"https:\/\/solidarites-sante.gouv.fr\/actualites\/presse\/communiques-de-presse\/article\/vaccination-contre-la-covid-au-12-mars-2021-plus-de-7-039-000-injections-ont\" target=\"_blank\" rel=\"noopener noreferrer\">communiqu\u00e9 de presse<\/a>.<\/li>\n<\/ul>\n<p><span style=\"font-size: 1rem;\">\u200b\u200b<\/span><a id=\"nouvelles-mesures-covid-france\" name=\"nouvelles-mesures-covid-france\" style=\"font-size: 1.125rem; background-color: rgb(255, 255, 255);\">Quelles sont les mesures anti Covid-19 en France ?<\/a><\/p>\n<p>Le 25 f\u00e9vrier, le gouvernement a indiqu\u00e9 que la d\u00e9cision de nouvelles restrictions se base sur 4 indicateurs\u00a0:<\/p>\n<ul>\n<li>le niveau d&rsquo;incidence \u00e9lev\u00e9 du virus (+250 cas pour 100 000 habitants)<\/li>\n<li>la part importante des variantes dans les contaminations (+50%)<\/li>\n<li>la pression hospitali\u00e8re proche du seuil critique<\/li>\n<li>la circulation virale qui s&rsquo;acc\u00e9l\u00e8re fortement<\/li>\n<\/ul>\n<p>Pour freiner la reprise de l&rsquo;\u00e9pid\u00e9mie de Covid-19, le gouvernement a d\u00e9cid\u00e9 de mettre en place un couvre-feu <strong>de 18 heures \u00e0 6 heures du matin,<\/strong>\u00a0<strong>depuis le\u00a0samedi 16\u00a0janvier 2021.<\/strong> Les mesures de restrictions en vigueur en France sont\u00a0:<\/p>\n<ul>\n<li>Les centres commerciaux non-alimentaires de plus de 20\u00a0000\u00a0m<sup>2\u00a0<\/sup>sont ferm\u00e9s (magasins de bricolage, de pr\u00eat-\u00e0-porter, de d\u00e9coration\u2026).<\/li>\n<li>La pratique sportive ou la promenade en plein air est interdite pendant les horaires de couvre-feu\u00a0;<\/li>\n<li>Pendant la journ\u00e9e, les d\u00e9placements sont autoris\u00e9s et l&rsquo;attestation n&rsquo;est pas n\u00e9cessaire\u00a0;<\/li>\n<li>Les d\u00e9placements entre r\u00e9gions sont autoris\u00e9s\u00a0;<\/li>\n<li>Les d\u00e9placements en provenance ou \u00e0 destination d&rsquo;un pays ext\u00e9rieur \u00e0 l&rsquo;Union europ\u00e9enne sont interdits, sauf motif imp\u00e9rieux<\/li>\n<li>Les lieux de culte doivent respecter une certaine jauge\u00a0\u00a0;<\/li>\n<li>Les salles de cin\u00e9ma, les th\u00e9\u00e2tres et les mus\u00e9es restent ferm\u00e9s ;<\/li>\n<li>L&rsquo;accueil du public dans les enceintes sportives, dans les cirques, les parcs zoologiques ou encore les salles de jeux et les casinos est interdit\u00a0;<\/li>\n<li>Les restaurants et les caf\u00e9s sont ferm\u00e9s.<\/li>\n<li>Depuis\u00a0le dimanche 31\u00a0janvier \u00e0 minuit, la France a ferm\u00e9 ses fronti\u00e8res\u00a0aux pays ext\u00e9rieurs \u00e0 l&rsquo;Union europ\u00e9enne, sauf pour \u00ab\u00a0motifs imp\u00e9rieux\u00a0\u00bb.<\/li>\n<li>Un test RT-PCR n\u00e9gatif datant de moins de 72 heures est obligatoire pour entrer en Corse, d\u00e8s l&rsquo;\u00e2ge de 11 ans, jusqu&rsquo;\u00e0 nouvel ordre.<\/li>\n<\/ul>\n<p><strong>D\u00e9placements autoris\u00e9s apr\u00e8s 18\u00a0heures sur <a href=\"https:\/\/www.interieur.gouv.fr\/Actualites\/L-actu-du-Ministere\/Attestations-de-deplacement-couvre-feu\" target=\"_blank\" rel=\"noopener noreferrer\">attestation<\/a> :<\/strong><\/p>\n<ul>\n<li>se rendre ou revenir de son lieu de travail, \u00e0 une <a href=\"http:\/\/www.affinite.fr\/index.php\/2022\/11\/09\/formation-de-glacier-apprenez-le-metier-de-glacier-et-changez-votre-vie\/\">formation<\/a> professionnelle, effectuer un d\u00e9placement professionnel ne pouvant \u00eatre report\u00e9\u00a0;<\/li>\n<li>des motifs familiaux imp\u00e9rieux, pour l&rsquo;assistance aux personnes vuln\u00e9rables et pr\u00e9caires, notamment aux personnes en situation de handicap ou pour la garde d&rsquo;enfants\u00a0;<\/li>\n<li>des motifs m\u00e9dicaux\u00a0: aller \u00e0 l&rsquo;h\u00f4pital, examens et soins ne pouvant \u00eatre assur\u00e9s \u00e0 distance et achat de m\u00e9dicaments\u00a0;<\/li>\n<li>participer \u00e0 des missions d&rsquo;int\u00e9r\u00eat g\u00e9n\u00e9ral sur demande de l&rsquo;autorit\u00e9 administrative (maraudes des associations de lutte contre la pauvret\u00e9 ou distributions d&rsquo;aides alimentaires \u00e0 domicile)\u00a0;<\/li>\n<li>les personnes en situation de handicap et leur accompagnant\u00a0;<\/li>\n<li>promener un animal domestique autour de son domicile.<\/li>\n<\/ul>\n<p>Le ministre de la sant\u00e9 a fait\u00a0le point sur la situation \u00e9pid\u00e9mique en France jeudi lors d&rsquo;une conf\u00e9rence de presse jeudi 11 mars. Les informations \u00e0 retenir\u00a0:<\/p>\n<p>\u2192\u00a0La situation sanitaire dans les <strong>Alpes-Maritimes <\/strong>tend \u00e0 s&rsquo;am\u00e9liorer avec une diminution de l&rsquo;incidence de 20% en une semaine, mais le taux d&rsquo;incidence demeure \u00e9lev\u00e9\u00a0: 472\u00a0cas \/ 100\u00a0000\u00a0habitants.<\/p>\n<p>\u2192\u00a0<strong>36<\/strong>\u00a0<strong>\u00e9vacuations sanitaires<\/strong> ont d\u00fb \u00eatre r\u00e9alis\u00e9es au cours de la semaine du 28\u00a0f\u00e9vrier au 4\u00a0mars, et notamment 4\u00a0depuis La R\u00e9union vers la m\u00e9tropole.<\/p>\n<p>\u2192 La situation en <strong>Ile-de-France <\/strong>est\u00a0inqui\u00e9tante\u00a0:\u00a0la pression hospitali\u00e8re \u00ab\u00a0<em>va continuer de progresser<\/em>\u00a0\u00bb a indiqu\u00e9 Olivier V\u00e9ran.\u00a0<em>\u00ab\u00a0Notre inqui\u00e9tude se porte particuli\u00e8rement sur les r\u00e9animations en \u00cele-de-France, qui, font face \u00e0 une tr\u00e8s forte augmentation du nombre de patients Covid<\/em>\u00ab\u00a0. \u00ab\u00a0<em>Toutes les 12\u00a0minutes, un Francilien est admis en\u00a0r\u00e9animation\u00a0\u00bb. <\/em>D\u00e9sormais 1180\u00a0patients sont pris en charge. Deux d\u00e9partements\u00a0:<strong> le Val de Marne et la Seine Saint Denis<\/strong> ont un taux d&rsquo;incidence qui d\u00e9passe les 400\u00a0cas pour 100\u00a0000\u00a0habitants.<\/p>\n<p>\u2192 Un grand nombre d&rsquo;\u00e9vacuations sanitaires vont \u00eatre effectu\u00e9es de la r\u00e9gion Ile-de-France vers d&rsquo;autres r\u00e9gions,\u00a0dans les prochains jours. \u00ab\u00a0<em>Des dizaines, voire des centaines de patients pourraient \u00eatre \u00e9vacu\u00e9s\u00a0\u00bb<\/em>, a indiqu\u00e9 le ministre, qui n&rsquo;exclue pas des restrictions plus fortes\u00a0\u00e0 l&rsquo;avenir.\u00a0<\/p>\n<p>\u2192 <strong>Progression des variants. <\/strong>Les contaminations au variant britannique repr\u00e9sentent 67% des cas, tandis que celles aux variants sud-africain et br\u00e9silien se sont stabilis\u00e9es autour de 6% et sont <em>\u00ab\u00a0bien maitris\u00e9es\u00a0\u00bb <\/em>a pr\u00e9cis\u00e9 le ministre. D\u00e9sormais la pr\u00e9sence des variants repr\u00e9sente plus des deux tiers des contaminations en France.<\/p>\n<div style=\"text-align:center\">\n<figure class=\"image\" style=\"display:inline-block\"><a class=\"fancy\" href=\"https:\/\/img-3.journaldesfemmes.fr\/p2CWuclfvMMpoHLBUHHz4Dane5E=\/1080x\/smart\/bccfd60543fa42799a5747d8937b17ad\/ccmcms-jdf\/22876349.jpg\" target=\"_blank\" rel=\"noopener noreferrer\"><img decoding=\"async\" alt=\"liste departement vigilance covid\" src=\"https:\/\/img-3.journaldesfemmes.fr\/p2CWuclfvMMpoHLBUHHz4Dane5E=\/1080x\/smart\/bccfd60543fa42799a5747d8937b17ad\/ccmcms-jdf\/22876349.jpg\"\/><\/a><figcaption data-credit=\"Twitter du Gouvernement\" data-legend=\"Liste des 23 d\u00e9partements sous surveillance renforc\u00e9e au 4 mars\">Liste des 23\u00a0d\u00e9partements sous surveillance renforc\u00e9e au 4\u00a0mars <small>\u00a9\u00a0Twitter du Gouvernement<\/small><\/figcaption><\/figure>\n<\/div>\n<p>A d\u00e9faut de reconfiner tout l&rsquo;Hexagone, le gouvernement a d\u00e9cid\u00e9 de confiner uniquement certaines zones particuli\u00e8rement sous tension, avec un confinement en vigueur le week-end.<\/p>\n<p><strong>A Dunkerque :\u00a0<\/strong><\/p>\n<ul>\n<li><strong>Confinement <\/strong>pour les weekends du 13-14 mars, 20-21 mars et 27-28 mars.\u00a0Les d\u00e9placements resteront possibles pour certains motifs tels que les achats de premi\u00e8re n\u00e9cessit\u00e9 ou m\u00e9dicaux.\u00a0<\/li>\n<li>Les commerces autres qu&rsquo;alimentaires seront ferm\u00e9s, ainsi que les centres commerciaux dont la superficie est sup\u00e9rieure \u00e0 5000m\u00b2.\u00a0<\/li>\n<li>La vente d&rsquo;alcool \u00e0 emporter ainsi que la consommation d&rsquo;alcool sur la voie publique est interdite\u00a0dans l&rsquo;ensemble du d\u00e9partement du Nord.\u00a0<\/li>\n<\/ul>\n<p><strong>Dans les Alpes-Maritimes <\/strong>;<strong>\u00a0<\/strong><\/p>\n<ul>\n<li>Confinement du vendredi \u00e0 18h au lundi 6h pour les week-ends du 13-14 mars\u00a0dans les communes de <strong>Menton \u00e0 Th\u00e9oule-sur-Mer<\/strong>, zone du littoral qui concentre pr\u00e8s de 90% du d\u00e9partement. Seules les sorties d&rsquo;une heures pour faire les courses, aller chez le m\u00e9decin, promener son animal de compagnie, faire du sport ou une promenade dans un rayon de 5 km autour de son domicile sont admises.<\/li>\n<li>Fermeture des commerces de plus de 5000\u00a0m<sup>2<\/sup>\u00a0\u00e0 l&rsquo;exception des commerces alimentaires et des pharmacies<\/li>\n<li>Jauge d&rsquo;accueil de 15m\u00b2\u00a0par client pour les commerces de plus de 400m<sup>2<\/sup><\/li>\n<li>Interdiction de mettre de la musique amplifi\u00e9e ou de consommer de l&rsquo;alcool sur la voie publique.<\/li>\n<li>Acc\u00e9l\u00e9ration de la vaccination avec la r\u00e9ception de 4 500 doses suppl\u00e9mentaires du vaccin Pfizer-BioNTech.<\/li>\n<li>Obligation de porter le masque dans tout le d\u00e9partement \u00ab\u00a0<em>dans toutes les zones \u00e0 forte fr\u00e9quentation de toutes les communes du d\u00e9partement<\/em>\u00ab\u00a0.<\/li>\n<li>Renforcement des contr\u00f4les aux a\u00e9roports des Alpes-Maritimes et \u00e0 la fronti\u00e8re italienne.<\/li>\n<\/ul>\n<p><strong>Dans le Pas-de-Calais :<\/strong><\/p>\n<p>Le d\u00e9partement du Pas-de-Calais bascule en confinement durant les week-ends depuis le samedi 6\u00a0mars, de 6\u00a0heures, \u00e0 18\u00a0heures dimanche, jusqu&rsquo;\u00e0 nouvel ordre.<\/p>\n<ul>\n<li>Les grandes surfaces de plus de 5\u00a0000\u00a0m2\u00a0seront ferm\u00e9es dans ce d\u00e9partement.<\/li>\n<li>Le taux d&rsquo;incidence dans ce d\u00e9partement est \u00e0 un niveau tr\u00e8s \u00e9lev\u00e9, de 400\u00a0\/ 100\u00a0000\u00a0habitants.<\/li>\n<\/ul>\n<p><strong>Selon les derniers chiffres publi\u00e9s par <a href=\"https:\/\/dashboard.covid19.data.gouv.fr\/vue-d-ensemble?location=FRA\" target=\"_blank\" rel=\"noopener noreferrer\">le\u00a0gouvernement<\/a>, au samedi 13 mars, en France\u00a0:<\/strong><\/p>\n<p>\u2022 4 045\u00a0319\u00a0personnes ont \u00e9t\u00e9 contamin\u00e9es par le coronavirus\u00a0<strong>(+29\u00a0759\u00a0en 24\u00a0heures).<\/strong><\/p>\n<p>\u2022 4 070\u00a0patients Covid-19 sont en r\u00e9animation (+37\u00a0en 24 heures).<\/p>\n<p>\u2022 24 671\u00a0patients Covid-19 sont hospitalis\u00e9s (-78\u00a0en 24 heures).<\/p>\n<p><strong>Selon les derniers chiffres publi\u00e9s par <a href=\"https:\/\/dashboard.covid19.data.gouv.fr\/vue-d-ensemble?location=FRA\" target=\"_blank\" rel=\"noopener noreferrer\">S<\/a><a href=\"https:\/\/www.santepubliquefrance.fr\/dossiers\/coronavirus-covid-19\/coronavirus-chiffres-cles-et-evolution-de-la-covid-19-en-france-et-dans-le-monde\">ant\u00e9 publique France<\/a>, au samedi 13\u00a0mars, en France\u00a0:<\/strong><\/p>\n<p>\u2022 90\u00a0315\u00a0personnes sont d\u00e9c\u00e9d\u00e9es en France\u00a0<strong>(+174\u00a0en 24\u00a0heures),<\/strong><strong>\u00a0<\/strong>dont 65\u00a0004\u00a0\u00e0 l&rsquo;h\u00f4pital, auxquels se sont ajout\u00e9s 70\u00a0d\u00e9c\u00e8s en Ephad et ESMS entre le 5\u00a0et le 9\u00a0mars.<\/p>\n<blockquote>\n<p style=\"text-align: right;\">\u00a0<\/p>\n<\/blockquote>\n<blockquote>\n<p style=\"text-align: right;\">\u00a0<\/p>\n<\/blockquote>\n<p>Les nouveaux cas de Covid se stabilise depuis le d\u00e9but du mois de mars. Les admissions en r\u00e9animation augmentent de fa\u00e7on constante, <em>\u00ab\u00a0la tension sur le syst\u00e8me hospitalier continue de s&rsquo;accentuer durablement et devient critique dans certaines r\u00e9gions\u00a0\u00bb <\/em>indique <a href=\"https:\/\/www.santepubliquefrance.fr\/maladies-et-traumatismes\/maladies-et-infections-respiratoires\/infection-a-coronavirus\/documents\/bulletin-national\/covid-19-point-epidemiologique-du-11-mars-2021\" target=\"_blank\" rel=\"noopener noreferrer\">Sant\u00e9 Publique France<\/a> dans son dernier point hebdomadaire. L&rsquo;agence note :<\/p>\n<ul>\n<li>un rajeunissement de l&rsquo;\u00e2ge des patients hospitalis\u00e9s.<\/li>\n<li>les variants plus transmissibles sont devenus majoritaires.<\/li>\n<li>21\u00a0099\u00a0cas sont confirm\u00e9s en moyenne chaque jour.<\/li>\n<li>Les personnes les plus fragiles face \u00e0 cette \u00e9pid\u00e9mie restaient celles \u00e2g\u00e9es de 65\u00a0ans et plus, ainsi que celles pr\u00e9sentant des comorbidit\u00e9s.<\/li>\n<li>Les taux d&rsquo;incidence, d&rsquo;hospitalisations et d&rsquo;admissions en r\u00e9animation ont nettement<strong> diminu\u00e9 chez les personnes de 75\u00a0ans et plus<\/strong>, traduisant l&rsquo;impact du niveau de couverture vaccinale atteint dans ce groupe d&rsquo;\u00e2ge.<\/li>\n<\/ul>\n<div style=\"text-align:center\">\n<figure class=\"image\" style=\"display:inline-block\"><a class=\"fancy\" href=\"https:\/\/img-3.journaldesfemmes.fr\/aChdrpqL9Bd0aQSrO5etpyOWnH4=\/1080x\/smart\/35ed44ddff7641afb297d5fa2cd551c8\/ccmcms-jdf\/23081675.jpg\"><img decoding=\"async\" alt=\"\u00c9volution des taux d\u2019incidence et taux de d\u00e9pistage covid france\" src=\"https:\/\/img-3.journaldesfemmes.fr\/U4BGc9CfiEqaBSPR0yT8SoiArjw=\/600x\/smart\/35ed44ddff7641afb297d5fa2cd551c8\/ccmcms-jdf\/23081675.jpg\"\/><\/a><figcaption data-credit=\"Sant\u00e9 Publique France\" data-legend=\". \u00c9volution des taux d\u2019incidence et taux de d\u00e9pistage par semaine, depuis la semaine 23-2020, France (donn\u00e9es au 10 mars 2021)\">. \u00c9volution des taux d\u2019incidence et taux de d\u00e9pistage par semaine, depuis la semaine 23-2020, France (donn\u00e9es au 10 mars 2021) <small>\u00a9\u00a0Sant\u00e9 Publique France<\/small><\/figcaption><\/figure>\n<\/div>\n<p>Le gouvernement suit \u00e9galement l&rsquo;\u00e9volution du taux d&rsquo;occupation des lits en r\u00e9animation par des patients Covid-19 (sur les capacit\u00e9s initiales). Ce taux met en lumi\u00e8re une \u00e9ventuelle tension hospitali\u00e8re.\u00a0<\/p>\n<div style=\"text-align:center\">\n<figure class=\"image\" style=\"display:inline-block\"><a class=\"fancy\" href=\"https:\/\/img-3.journaldesfemmes.fr\/XYLAkL7mrZAOPlSswrFujQd0bAM=\/1080x\/smart\/5ca664f1b7e84b458b5dbbc2d39af629\/ccmcms-jdf\/23114874.png\"><img decoding=\"async\" alt=\"Taux d'occupation des lits en r\u00e9animation au 12 mars par des patients Covid-19\" src=\"https:\/\/img-3.journaldesfemmes.fr\/ZNekDbBA7ATYIZZW_Td0pFpfKto=\/450x\/smart\/5ca664f1b7e84b458b5dbbc2d39af629\/ccmcms-jdf\/23114874.png\"\/><\/a><figcaption data-credit=\"Gouvernement.fr\" data-legend=\"Taux d'occupation des lits en r\u00e9animation au 13 mars par des patients Covid-19\">Taux d&rsquo;occupation des lits en r\u00e9animation au 13 mars par des patients Covid-19 <small>\u00a9\u00a0Gouvernement.fr<\/small><\/figcaption><\/figure>\n<\/div>\n<p>Le\u00a0<strong>pic \u00e9pid\u00e9mique<\/strong>\u00a0de la premi\u00e8re vague a \u00e9t\u00e9 observ\u00e9 la\u00a0<strong>semaine du 6\u00a0au 12\u00a0avril<\/strong>, soit 15\u00a0jours\u00a0apr\u00e8s la mise en \u0153uvre des mesures de confinement de la population g\u00e9n\u00e9rale, le 17\u00a0mars 2020. Le <strong>pic de la deuxi\u00e8me vague <\/strong>a eu lieu\u00a0du <strong>16\u00a0au 20\u00a0novembre,\u00a0<\/strong>trois semaines apr\u00e8s le deuxi\u00e8me confinement.<\/p>\n<p>La situation \u00e9pid\u00e9mique est jug\u00e9e \u00ab\u00a0tr\u00e8s pr\u00e9occupante\u00a0\u00bb dans <strong>23\u00a0d\u00e9partements d\u00e9sormais plac\u00e9s en \u00ab\u00a0vigilance renforc\u00e9e\u00a0\u00bb :\u00a0<\/strong>Alpes-Maritimes, Bouches-du-Rh\u00f4ne, Dr\u00f4me, Essonne, Eure-et-Loir, Hauts-de-Seine, Meurthe-et-Moselle, Moselle, Nord, Oise, Paris, Pas-de-Calais, Rh\u00f4ne, Seine-et-Marne, Seine-Saint-Denis, Somme, Val d&rsquo;Oise, Val-de-Marne, Var, Yvelines, Aisne, Aube, Hautes-Alpes.\u00a0<\/p>\n<p><strong>En semaine 9 (1-7 mars) :\u00a0<\/strong>Le taux d&rsquo;incidence des cas de Covid \u00e9tait au-dessus du seuil de 100\/100\u00a0000\u00a0habitants dans 81\u00a0d\u00e9partements, et au-dessus du seuil de 250\/100\u00a0000\u00a0habitants dans 17\u00a0d\u00e9partements. Les<strong> taux d&rsquo;incidence les plus \u00e9lev\u00e9s <\/strong>\u00e9taient observ\u00e9s dans les d\u00e9partements des <strong>Alpes-Maritimes (487), <\/strong>la<strong> Seine-Saint-Denis (442), <\/strong>le <strong>Val-de-Marne (411),<\/strong> le <strong>Pas-de-Calais (407),<\/strong> <strong>le Val-d&rsquo;Oise<\/strong> (377), la<strong> Seine-et-Marne (366),<\/strong> <strong>Paris <\/strong>(339) et le <strong>Nord <\/strong>(324)<\/p>\n<p><iframe loading=\"lazy\" height=\"600\" src=\"https:\/\/geodes.santepubliquefrance.fr\/?view=map2&amp;indics=sp_ti_tp_7j.tx_pe_gliss&amp;serie=2021-02-15-2021-02-21&amp;lang=fr&amp;iframe=1\" width=\"600\"><\/iframe><\/p>\n<p>Au samedi 13 mars 2021, un total de<strong>\u00a04 045\u00a0319\u00a0<\/strong><strong>cas\u00a0confirm\u00e9s\u00a0<\/strong>de coronavirus est rapport\u00e9 depuis le d\u00e9but de la pand\u00e9mie. Sur la semaine 9 (1-7) mars, le nombre de nouveaux cas de Covid \u00e9tait en l\u00e9g\u00e8re diminution par rapport \u00e0 la semaine pr\u00e9c\u00e9dente (-2%) avec une moyenne de<strong>\u00a021\u00a0099\u00a0cas confirm\u00e9s\u00a0chaque jour<\/strong>.\u00a0Le taux d&rsquo;incidence \u00e9tait en diminution dans toutes les classes d&rsquo;\u00e2ge, except\u00e9 chez les 0-14\u00a0ans\u00a0(+8%) -tr\u00e8s probablement \u00e0 cause des contaminations au variant anglais- et chez les 15-44\u00a0ans o\u00f9 ce taux \u00e9tait stable.<\/p>\n<h3 style=\"text-align: center;\">Nombre incident de cas confirm\u00e9s de COVID-19\u00a0par semaine (date de pr\u00e9l\u00e8vement), rapport\u00e9s \u00e0 Sant\u00e9 publique France du 11\u00a0mai 2020\u00a0au 07\u00a0mars 2021, France (donn\u00e9es au 10\u00a0mars 2021)<\/h3>\n<div style=\"text-align:center\">\n<figure class=\"image\" style=\"display:inline-block\"><a class=\"fancy\" href=\"https:\/\/img-3.journaldesfemmes.fr\/NuwlEix_zaeNl_5MMKIAYeAPPvg=\/1080x\/smart\/5b418e24e66444b39710efd3d22dccaf\/ccmcms-jdf\/23081845.jpg\"><img decoding=\"async\" alt=\"courbe cas covid france\" src=\"https:\/\/img-3.journaldesfemmes.fr\/9eHGbgLflaenIgVUzjuPcIVqrYk=\/600x\/smart\/5b418e24e66444b39710efd3d22dccaf\/ccmcms-jdf\/23081845.jpg\"\/><\/a><figcaption data-credit=\"Sant\u00e9 publique France\" data-legend=\"Nombre incident de cas confirm\u00e9s de COVID-19 par semaine (date de pr\u00e9l\u00e8vement), rapport\u00e9s \u00e0 Sant\u00e9 publique France du 11 mai 2020 au 07 mars 2021, France (donn\u00e9es au 10 mars 2021)\">Nombre incident de cas confirm\u00e9s de COVID-19 par semaine (date de pr\u00e9l\u00e8vement), rapport\u00e9s \u00e0 Sant\u00e9 publique France du 11 mai 2020 au 07 mars 2021, France (donn\u00e9es au 10 mars 2021) <small>\u00a9\u00a0Sant\u00e9 publique France<\/small><\/figcaption><\/figure>\n<\/div>\n<h3 style=\"text-align: center;\">\u00c9volution des taux d&rsquo;incidence des cas de Covid-19 selon les classes d&rsquo;\u00e2ge, depuis la semaine 23-2020, France (donn\u00e9es au 10\u00a0mars 2021)\u00a0<\/h3>\n<div style=\"text-align:center\">\n<figure class=\"image\" style=\"display:inline-block\"><a class=\"fancy\" href=\"https:\/\/img-3.journaldesfemmes.fr\/W12JuxcY9AGWgS775yN_MuKG6Zw=\/1080x\/smart\/5e2a4513d52f46f799b0275775712a3c\/ccmcms-jdf\/23081909.jpg\"><img decoding=\"async\" alt=\"\u00c9volution des taux d\u2019incidence covid par \u00e2ge\" src=\"https:\/\/img-3.journaldesfemmes.fr\/f94Ua20QjMrFDuhbRO0dDR1RE6M=\/600x\/smart\/5e2a4513d52f46f799b0275775712a3c\/ccmcms-jdf\/23081909.jpg\"\/><\/a><figcaption data-credit=\"Sant\u00e9 Publique France\" data-legend=\"\u00c9volution des taux d\u2019incidence des cas de Covid-19 selon les classes d\u2019\u00e2ge, depuis la semaine 23-2020, France (donn\u00e9es au 10 mars 2021)\">\u00c9volution des taux d\u2019incidence des cas de Covid-19 selon les classes d\u2019\u00e2ge, depuis la semaine 23-2020, France (donn\u00e9es au 10 mars 2021) <small>\u00a9\u00a0Sant\u00e9 Publique France<\/small><\/figcaption><\/figure>\n<\/div>\n<p>Samedi 13\u00a0mars,<strong>\u00a0+29\u00a0759\u00a0nouvelles personnes<\/strong>\u00a0ont re\u00e7u un test positif au Covid-19 par rapport \u00e0 la veille.<\/p>\n<h3 style=\"text-align: center;\">Taux d&rsquo;incidence &#8211; quotidien &#8211; tous \u00e2ges jusqu&rsquo;au 8 mars<\/h3>\n<div style=\"text-align:center\">\n<figure class=\"image\" style=\"display:inline-block\"><a class=\"fancy\" href=\"https:\/\/img-3.journaldesfemmes.fr\/O9KOfyFg5E7Pd2wO9rRdN3zDaFI=\/1080x\/smart\/a7eeb9c7c9d4420bb8e24e45aa2a7d9f\/ccmcms-jdf\/23081945.jpg\"><img decoding=\"async\" alt=\"Taux d'incidence - quotidien - tous \u00e2ges\" src=\"https:\/\/img-3.journaldesfemmes.fr\/O9KOfyFg5E7Pd2wO9rRdN3zDaFI=\/1080x\/smart\/a7eeb9c7c9d4420bb8e24e45aa2a7d9f\/ccmcms-jdf\/23081945.jpg\"\/><\/a><figcaption data-credit=\"G\u00e9odes\" data-legend=\"Taux d'incidence - quotidien - tous \u00e2ges jusqu'au 8 mars\">Taux d&rsquo;incidence &#8211; quotidien &#8211; tous \u00e2ges jusqu&rsquo;au 8 mars <small>\u00a9\u00a0G\u00e9odes<\/small><\/figcaption><\/figure>\n<\/div>\n<p><strong>Samedi 13 mars, 4 070\u00a0personnes sont\u00a0hospitalis\u00e9es\u00a0en\u00a0r\u00e9animation (+37\u00a0en 24\u00a0heures).\u00a0<\/strong>La France fait face \u00e0 une augmentation lente et constante des admissions en r\u00e9animation depuis le d\u00e9but du mois de mars (<strong>+9%<\/strong> sur la semaine 1-7 mars en comparaison \u00e0 la semaine pr\u00e9c\u00e9dente).<em> \u00ab\u00a0On observe une modification des indicateurs \u00e9pid\u00e9miologiques selon l&rsquo;\u00e2ge, avec notamment un rajeunissement de l&rsquo;\u00e2ge des patients hospitalis\u00e9s\u00a0\u00bb <\/em>indique Sant\u00e9 Publique France le 11 mars. A l&rsquo;inverse, les taux d&rsquo;hospitalisations et d&rsquo;admissions en r\u00e9animation ont nettement diminu\u00e9 chez les personnes de 75\u00a0ans et plus depuis le d\u00e9but de la vaccination.\u00a0<\/p>\n<p><strong>Sur la semaine du 1 au 7 mars\u00a0:\u00a0<\/strong><\/p>\n<ul>\n<li>le taux hebdomadaire de nouvelles admissions en\u00a0r\u00e9animation augmente\u00a0en <a href=\"http:\/\/www.affinite.fr\/index.php\/2024\/11\/21\/construire-votre-maison-en-normandie\/\">Normandie<\/a> (+48%), Pays de la Loire (+35%), Nouvelle-Aquitaine (+34%) et \u00cele-de-France (+33%).<\/li>\n<li>Les plus forts taux hebdomadaires d&rsquo;admissions en services de r\u00e9animation en m\u00e9tropole \u00e9taient encore rapport\u00e9s en Provence-Alpes-C\u00f4te d&rsquo;Azur, \u00cele-de-France et Hauts-de-France.\u00a0<\/li>\n<\/ul>\n<div style=\"text-align:center\">\n<figure class=\"image\" style=\"display:inline-block\"><a class=\"fancy\" href=\"https:\/\/img-3.journaldesfemmes.fr\/PlDWw3Ab9_xNz3cEPfwckcF9tLU=\/1080x\/smart\/cb9a6d6cc9ee41a6bc967040dab79700\/ccmcms-jdf\/23082015.jpg\"><img decoding=\"async\" alt=\"Nombre de patients COVID-19 en services de r\u00e9animation, par date de d\u00e9claration, depuis le 23 mars 2020, France (donn\u00e9es au 09 mars 2021)\" src=\"https:\/\/img-3.journaldesfemmes.fr\/xEvW7mX2gu1ZaU2CmYak8Hp--zw=\/600x\/smart\/cb9a6d6cc9ee41a6bc967040dab79700\/ccmcms-jdf\/23082015.jpg\"\/><\/a><figcaption data-credit=\"Sant\u00e9 publique France\" data-legend=\"Nombre de patients COVID-19 en services de r\u00e9animation, par date de d\u00e9claration, depuis le 23 mars 2020, France (donn\u00e9es au 09 mars 2021)\">Nombre de patients COVID-19 en services de r\u00e9animation, par date de d\u00e9claration, depuis le 23 mars 2020, France (donn\u00e9es au 09 mars 2021) <small>\u00a9\u00a0Sant\u00e9 publique France<\/small><\/figcaption><\/figure>\n<\/div>\n<p>Selon les <a href=\"https:\/\/www.gouvernement.fr\/info-coronavirus\/carte-et-donnees\" target=\"_blank\" rel=\"noopener noreferrer\">chiffres communiqu\u00e9s par le gouvernement<\/a>, consolid\u00e9s avec l&rsquo;Agence Sant\u00e9 Publique France et\u00a0les ARS (Agences r\u00e9gionales de Sant\u00e9), voici l&rsquo;\u00e9volution des hospitalisations (dont la r\u00e9animation) et des d\u00e9c\u00e8s\u00a0en France par r\u00e9gion.<\/p>\n<h3><a id=\"cas-covid-19-tableau-par-region\" name=\"cas-covid-19-tableau-par-region\">Evolution des hospitalisations (dont en r\u00e9animation) et d\u00e9c\u00e8s \u00e0 l&rsquo;h\u00f4pital du Covid-19\u00a0par r\u00e9gion au 13\u00a0mars<\/a><\/h3>\n<table border=\"1\" cellpadding=\"1\" cellspacing=\"1\" style=\"width:100%;\">\n<thead>\n<tr>\n<th scope=\"col\" style=\"width: 199px;\">R\u00e9gions<\/th>\n<th scope=\"col\" style=\"width: 162px; text-align: center;\">Hospitalisations en cours<\/th>\n<th scope=\"col\" style=\"width: 143px; text-align: center;\">Evolution des nouveaux patients sur les\u00a0 derni\u00e8res 24\u00a0H<\/th>\n<th scope=\"col\" style=\"width: 149px; text-align: center;\">R\u00e9animation Soins intensif<\/th>\n<th scope=\"col\" style=\"width: 155px; text-align: center;\">Evolution des nouveaux patients sur les\u00a0 derni\u00e8res 24\u00a0H<\/th>\n<th scope=\"col\" style=\"width: 220px; text-align: center;\">D\u00e9c\u00e8s<\/th>\n<\/tr>\n<tr>\n<td style=\"width: 199px;\"><b>\u00cele-de-France<\/b><\/td>\n<td style=\"width: 162px;\">5 714<\/td>\n<td style=\"width: 143px;\">-37<\/td>\n<td style=\"width: 149px;\">1 100<\/td>\n<td style=\"width: 155px;\">+25<\/td>\n<td style=\"width: 220px;\">15 645<\/td>\n<\/tr>\n<tr>\n<td style=\"width: 199px;\"><strong>Grand Est<\/strong><\/td>\n<td style=\"width: 162px;\">2 177<\/td>\n<td style=\"width: 143px;\">-42<\/td>\n<td style=\"width: 149px;\">338<\/td>\n<td style=\"width: 155px;\">-13<\/td>\n<td style=\"width: 220px;\">8 372<\/td>\n<\/tr>\n<tr>\n<td style=\"width: 199px;\"><strong>Auvergne-Rh\u00f4ne-Alpes<\/strong><\/td>\n<td style=\"width: 162px;\">3 089<\/td>\n<td style=\"width: 143px;\">-111<\/td>\n<td style=\"width: 149px;\">445<\/td>\n<td style=\"width: 155px;\">-22<\/td>\n<td style=\"width: 220px;\">9 429<\/td>\n<\/tr>\n<tr>\n<td style=\"width: 199px;\"><strong>Hauts-de-France<\/strong><\/td>\n<td style=\"width: 162px;\">2 911<\/td>\n<td style=\"width: 143px;\">-30<\/td>\n<td style=\"width: 149px;\">498<\/td>\n<td style=\"width: 155px;\">-11<\/td>\n<td style=\"width: 220px;\">6 649<\/td>\n<\/tr>\n<tr>\n<td style=\"width: 199px;\"><strong>Bourgogne-Franche-Comt\u00e9<\/strong><\/td>\n<td style=\"width: 162px;\">1 230<\/td>\n<td style=\"width: 143px;\">-10<\/td>\n<td style=\"width: 149px;\">\n<p>154<\/p>\n<\/td>\n<td style=\"width: 155px;\">-1<\/td>\n<td style=\"width: 220px;\">3 909<\/td>\n<\/tr>\n<tr>\n<td style=\"width: 199px;\"><strong>Provence-Alpes-C\u00f4te d&rsquo;Azur<\/strong><\/td>\n<td style=\"width: 162px;\">3 051<\/td>\n<td style=\"width: 143px;\">-30<\/td>\n<td style=\"width: 149px;\">490<\/td>\n<td style=\"width: 155px;\">-9<\/td>\n<td style=\"width: 220px;\">6 165<\/td>\n<\/tr>\n<tr>\n<td style=\"width: 199px;\"><strong>Occitanie<\/strong><\/td>\n<td style=\"width: 162px;\">1 283<\/td>\n<td style=\"width: 143px;\">-12<\/td>\n<td style=\"width: 149px;\">261<\/td>\n<td style=\"width: 155px;\">-4<\/td>\n<td style=\"width: 220px;\">3 381<\/td>\n<\/tr>\n<tr>\n<td style=\"width: 199px;\"><strong>Bretagne<\/strong><\/td>\n<td style=\"width: 162px;\">635<\/td>\n<td style=\"width: 143px;\">+16<\/td>\n<td style=\"width: 149px;\">65<\/td>\n<td style=\"width: 155px;\">+3<\/td>\n<td style=\"width: 220px;\">1 227<\/td>\n<\/tr>\n<tr>\n<td style=\"width: 199px;\"><strong>Nouvelle-Aquitaine<\/strong><\/td>\n<td style=\"width: 162px;\">1 108<\/td>\n<td style=\"width: 143px;\">-39<\/td>\n<td style=\"width: 149px;\">190<\/td>\n<td style=\"width: 155px;\">-2<\/td>\n<td style=\"width: 220px;\">2 971<\/td>\n<\/tr>\n<tr>\n<td style=\"width: 199px;\"><strong>Normandie<\/strong><\/td>\n<td style=\"width: 162px;\">1 258<\/td>\n<td style=\"width: 143px;\">\n<p>-20<\/p>\n<\/td>\n<td style=\"width: 149px;\">158<\/td>\n<td style=\"width: 155px;\">-5<\/td>\n<td style=\"width: 220px;\">2 370<\/td>\n<\/tr>\n<tr>\n<td style=\"width: 199px;\"><strong>Centre Val-de-Loire<\/strong><\/td>\n<td style=\"width: 162px;\">1000<\/td>\n<td style=\"width: 143px;\">-22<\/td>\n<td style=\"width: 149px;\">142<\/td>\n<td style=\"width: 155px;\">NC<\/td>\n<td style=\"width: 220px;\">2 093<\/td>\n<\/tr>\n<tr>\n<td style=\"width: 199px;\"><strong>Pays de la Loire<\/strong><\/td>\n<td style=\"width: 162px;\">795<\/td>\n<td style=\"width: 143px;\">-21<\/td>\n<td style=\"width: 149px;\">95<\/td>\n<td style=\"width: 155px;\">-3<\/td>\n<td style=\"width: 220px;\">2 114<\/td>\n<\/tr>\n<tr>\n<td style=\"width: 199px;\"><strong>Corse<\/strong><\/td>\n<td style=\"width: 162px;\">105<\/td>\n<td style=\"width: 143px;\">-3<\/td>\n<td style=\"width: 149px;\">12<\/td>\n<td style=\"width: 155px;\">NC<\/td>\n<td style=\"width: 220px;\">154<\/td>\n<\/tr>\n<tr>\n<td style=\"width: 199px;\"><strong>Martinique<\/strong><\/td>\n<td style=\"width: 162px;\">23<\/td>\n<td style=\"width: 143px;\">NC<\/td>\n<td style=\"width: 149px;\">10<\/td>\n<td style=\"width: 155px;\">+1<\/td>\n<td style=\"width: 220px;\">47<\/td>\n<\/tr>\n<tr>\n<td style=\"width: 199px;\"><strong>Guadeloupe<\/strong><\/td>\n<td style=\"width: 162px;\">30<\/td>\n<td style=\"width: 143px;\">+3<\/td>\n<td style=\"width: 149px;\">9<\/td>\n<td style=\"width: 155px;\">+2<\/td>\n<td style=\"width: 220px;\">183<\/td>\n<\/tr>\n<tr>\n<td style=\"width: 199px;\"><strong>La R\u00e9union<\/strong><\/td>\n<td style=\"width: 162px;\">174<\/td>\n<td style=\"width: 143px;\">-7<\/td>\n<td style=\"width: 149px;\">71<\/td>\n<td style=\"width: 155px;\">-2<\/td>\n<td style=\"width: 220px;\">85<\/td>\n<\/tr>\n<tr>\n<td style=\"width: 199px;\"><strong>Guyane<\/strong><\/td>\n<td style=\"width: 162px;\">16<\/td>\n<td style=\"width: 143px;\">-1<\/td>\n<td style=\"width: 149px;\">\n<p>7<\/p>\n<\/td>\n<td style=\"width: 155px;\">-1<\/td>\n<td style=\"width: 220px;\">83<\/td>\n<\/tr>\n<tr>\n<td style=\"width: 199px;\"><strong>Mayotte<\/strong><\/td>\n<td style=\"width: 162px;\">72<\/td>\n<td style=\"width: 143px;\">+5<\/td>\n<td style=\"width: 149px;\">25<\/td>\n<td style=\"width: 155px;\">\n<p>-1<\/p>\n<\/td>\n<td style=\"width: 220px;\">101<\/td>\n<\/tr>\n<tr>\n<td style=\"width: 199px;\"><strong>TOTAL<\/strong><\/td>\n<td style=\"width: 162px;\"><strong>24 671<\/strong><\/td>\n<td style=\"width: 143px;\">-361<\/td>\n<td style=\"width: 149px;\"><b>4 070<\/b><\/td>\n<td style=\"width: 155px;\">-43<\/td>\n<td style=\"width: 220px;\">\n<p><b>64 978<\/b><\/p>\n<\/td>\n<\/tr>\n<\/thead>\n<\/table>\n<p><strong>90 315\u00a0d\u00e9c\u00e8s sont recens\u00e9s au 13\u00a0mars\u00a0<\/strong>dont 65\u00a0004\u00a0\u00e0 l&rsquo;h\u00f4pital\u00a0(+174\u00a0en 24\u00a0heures). En France, depuis le d\u00e9but de l&rsquo;\u00e9pid\u00e9mie, 1\u00a0personne sur 1000\u00a0est morte du fait de la Covid-19, indique la <a href=\"https:\/\/www.has-sante.fr\/jcms\/p_3234447\/fr\/covid-19-se-vacciner-decider-avec-son-medecin\" target=\"_blank\" rel=\"noopener noreferrer\">Haute Autorit\u00e9 de Sant\u00e9<\/a> le 29 janvier.\u00a0Les personnes les plus gravement touch\u00e9es par cette \u00e9pid\u00e9mie restent les personnes \u00e2g\u00e9es de 65\u00a0ans et plus ainsi que celles pr\u00e9sentant des comorbidit\u00e9s. Les personnes \u00e2g\u00e9es de<strong> 65\u00a0ans et plus <\/strong>repr\u00e9sentent<strong> 92.8% des personnes d\u00e9c\u00e9d\u00e9es de la COVID-19\u00a0<\/strong>\u00e0 l&rsquo;h\u00f4pital depuis le 1er mars 2020. Par ailleurs, la part des d\u00e9c\u00e8s Covid\u00a0est de 54% chez les hommes pour 46% chez les femmes.<\/p>\n<p><strong>Sur la semaine du 1 au 7 mars\u00a0:<\/strong><\/p>\n<ul>\n<li>1\u00a0959\u00a0d\u00e9c\u00e8s ont \u00e9t\u00e9 recens\u00e9s.<\/li>\n<li>le nombre de d\u00e9c\u00e8s a l\u00e9g\u00e8rement augment\u00e9 \u00e0 l&rsquo;h\u00f4pital (+3% par rapport \u00e0 la semaine pr\u00e9c\u00e9dente).<\/li>\n<li>le taux hebdomadaire de d\u00e9c\u00e8s \u00e9tait\u00a0en augmentation dans les Hauts-de-France (+29,1%), en \u00cele-de-France (+16,2%), Grand Est (+10,8%), Occitanie (+5,0%) et Pays de la Loire (+3,5%). Il \u00e9tait stable ou diminution dans les autres r\u00e9gions de France m\u00e9tropolitaine.<\/li>\n<li><strong>les plus forts taux de d\u00e9c\u00e8s<\/strong> dus \u00e0 la Covid-19\u00a0par r\u00e9gion sont observ\u00e9s en Provence-Alpes-C\u00f4te d&rsquo;Azur, Hauts-de-France, Bourgogne-Franche-Comt\u00e9, Ile-de-France et Grand Est.<\/li>\n<\/ul>\n<div style=\"text-align:center\">\n<figure class=\"image\" style=\"display:inline-block\"><a class=\"fancy\" href=\"https:\/\/img-3.journaldesfemmes.fr\/EeWr7kg6Jdsp8M-OXxi0foWmLr0=\/1080x\/smart\/64c88ed28ac54848a84bee409ac78b7c\/ccmcms-jdf\/23082084.jpg\" target=\"_blank\" rel=\"noopener noreferrer\"><img decoding=\"async\" alt=\"Nombre hebdomadaire de nouveaux d\u00e9c\u00e8s de patients COVID-19 selon la date de d\u00e9claration, depuis le 23 mars 2020, France (donn\u00e9es au 28 f\u00e9vrier 2021)\" src=\"https:\/\/img-3.journaldesfemmes.fr\/eBP5V4WaYydGH-XQJ1tB1fjLAAQ=\/600x\/smart\/64c88ed28ac54848a84bee409ac78b7c\/ccmcms-jdf\/23082084.jpg\"\/><\/a><figcaption data-credit=\"Sant\u00e9 publique France\" data-legend=\"Nombre hebdomadaire de nouveaux d\u00e9c\u00e8s de patients COVID-19 selon la date de d\u00e9claration, depuis le 23 mars 2020, France (donn\u00e9es au 07 mars 2021)\">Nombre hebdomadaire de nouveaux d\u00e9c\u00e8s de patients COVID-19\u00a0selon la date de d\u00e9claration, depuis le 23\u00a0mars 2020, France (donn\u00e9es au 07\u00a0mars 2021) <small>\u00a9\u00a0Sant\u00e9 publique France<\/small><\/figcaption><\/figure>\n<\/div>\n<aside id=\"NL_1383363947\" class=\"newsletter_subscription jNlBlock\"><noscript><br \/>\n            <\/noscript><\/p>\n<h3 class=\"newsletter_subscription-title\">Newsletter <\/h3>\n<p><a href=\"\/\/mailing.ccmbg.com\/archive\/last-85\" target=\"_blank\" class=\"a_hover\" rel=\"noopener noreferrer\">Voir un exemple<\/a><\/p>\n<\/aside>\n<p>La France a franchi la barre des 40 000 morts samedi 7 novembre 2020,\u00a0celle des 50 000 le 24 novembre,\u00a0celle des 60 000 le 18 d\u00e9cembre et celle des 90 000 le 12 mars 2021.\u00a0<strong>Un pic de mortalit\u00e9 a \u00e9t\u00e9 atteint\u00a0le 9\u00a0novembre 2020\u00a0<\/strong>(40 987\u00a0morts, dont 548 en 24 heures).\u00a0<\/p>\n<p><iframe loading=\"lazy\" height=\"1000\" src=\"https:\/\/mapthenews.maps.arcgis.com\/apps\/opsdashboard\/index.html#\/bae8aaa7a0b14261b4621c31db410c44\" style=\"border: 0px\" width=\"600\"><\/iframe><\/p>\n<section>\n<blockquote>\n<p style=\"text-align: right;\">\u00a0<\/p>\n<\/blockquote>\n<p>Le taux de reproduction du virus<strong> repasse au-dessus de 1<\/strong> : 1.02\u00a0le 6\u00a0mars ce qui signifie que l&rsquo;\u00e9pid\u00e9mie reste \u00e0 un niveau \u00e9lev\u00e9 puisqu&rsquo;un malade du Covid-19 en contamine plus d&rsquo;un. Les taux de reproduction du virus appel\u00e9s \u00ab\u00a0R-effectifs\u00a0\u00bb ou \u00ab\u00a0Reff\u00a0\u00bb\u00a0permettent de d\u00e9crire la dynamique de l&rsquo;\u00e9pid\u00e9mie\u00a0: lorsque le Reff est significativement sup\u00e9rieur \u00e0 1, ceci signifie que l&rsquo;\u00e9pid\u00e9mie est en progression, lorsqu&rsquo;il est \u00e9gal \u00e0 1, l&rsquo;\u00e9pid\u00e9mie se stabilise, lorsqu&rsquo;il est significativement inf\u00e9rieur \u00e0 1, l&rsquo;\u00e9pid\u00e9mie r\u00e9gresse.\u00a0<\/p>\n<p>Le d\u00e9pistage du Covid-19 est r\u00e9alis\u00e9 en France par RT-PCT et par tests antig\u00e9niques. Depuis le 11 f\u00e9vrier, les tests salivaires sont d\u00e9ploy\u00e9s dans les\u00a0\u00e9tablissements scolaires et peuvent \u00eatre utilis\u00e9s en premi\u00e8re intention pour d\u00e9pister la Covid-19, conform\u00e9ment aux recommandations de la <a href=\"https:\/\/www.has-sante.fr\/jcms\/p_3237053\/fr\/tests-rt-pcr-salivaires-la-has-etend-leur-utilisation-et-definit-les-modalites-pratiques-de-realisation\" target=\"_blank\" rel=\"noopener noreferrer\">HAS<\/a>. Au 11\u00a0mars, le taux de positivit\u00e9 national s&rsquo;\u00e9tablit \u00e0<strong>\u00a07,3\u00a0%.<\/strong>\u00a0<em>\u00ab\u00a0Il reste d\u00e9terminant que chaque personne pr\u00e9sentant des sympt\u00f4mes \u00e9vocateurs de COVID-19\u00a0s&rsquo;isole imm\u00e9diatement et r\u00e9alise un test diagnostique dans les plus brefs d\u00e9lais\u00a0\u00bb<\/em> rappelle Sant\u00e9 Publique France dans ses bulletins hebdomadaires.<\/p>\n<p>Si au d\u00e9but, on ne parlait que de fi\u00e8vre, toux s\u00e8che, rhume, \u00e9tat grippal et de fatigue, les sympt\u00f4mes de l&rsquo;infection par le coronavirus ont \u00e9volu\u00e9. On sait d\u00e9sormais que le virus peut avoir des <strong>effets sur la peau<\/strong> (urticaire, l\u00e9sions inflammatoires sur les orteils), la sph\u00e8re digestive (vomissements, diarrh\u00e9es&#8230;), <strong>l&rsquo;odorat<\/strong>, le <strong>go\u00fbt <\/strong>et m\u00eame le cerveau.<em> \u00ab\u00a0Sur 100 personnes atteintes du coronavirus, 90 ne vont pas d\u00e9velopper de sympt\u00f4mes\u00a0\u00bb<\/em> avait inform\u00e9 le ministre de la Sant\u00e9 le 5 novembre. La consigne des autorit\u00e9s est inchang\u00e9e :\u00a0chaque personne pr\u00e9sentant des sympt\u00f4mes \u00e9vocateurs de COVID-19 doit s&rsquo;isoler imm\u00e9diatement et r\u00e9aliser un test diagnostique dans les plus brefs d\u00e9lais (sans avoir d&rsquo;ordonnance).<\/p>\n<div class=\"ccminsert\">\n<aside class=\"app_widget_fo app_widget_fo--list app_widget_fo--list-2-col\">\n<ul>\n<li>\n<h3>\n                    <a href=\"https:\/\/sante.journaldesfemmes.fr\/fiches-maladies\/2696267-covid-long-c-est-quoi-symptomes-contagieux-fatigue-prise-en-charge-france-traitement\/\" class=\"jGTMWidgetGAEventClick\" data-gtmwidgetgaeventaction=\"clickWidgetListOnTwoColumns\" data-gtmwidgetgaeventlabel=\"Covid long\u00a0: sympt\u00f4mes, est-on contagieux, quel traitement\u00a0?\"><br \/>\n                        Covid long\u00a0: sympt\u00f4mes, est-on contagieux, quel traitement\u00a0?<br \/>\n                    <\/a><br \/>\n                <\/h3>\n<\/li>\n<li>\n<h3>\n                    <a href=\"https:\/\/sante.journaldesfemmes.fr\/fiches-maladies\/2661241-rhume-ou-covid-19-symptomes-tableau-differences-ecole-que-faire-comment-savoir-travail\/\" class=\"jGTMWidgetGAEventClick\" data-gtmwidgetgaeventaction=\"clickWidgetListOnTwoColumns\" data-gtmwidgetgaeventlabel=\"Rhume ou Covid-19\u00a0: sympt\u00f4mes, tableau, \u00e9cole, que faire\u00a0?\"><br \/>\n                        Rhume ou Covid-19\u00a0: sympt\u00f4mes, tableau, \u00e9cole, que faire\u00a0?<br \/>\n                    <\/a><br \/>\n                <\/h3>\n<\/li>\n<li>\n<h3>\n                    <a href=\"https:\/\/sante.journaldesfemmes.fr\/fiches-maladies\/2626825-covid-ou-allergie-pollen-coronavirus-asthme-symptomes-toux-yeux-traitement\/\" class=\"jGTMWidgetGAEventClick\" data-gtmwidgetgaeventaction=\"clickWidgetListOnTwoColumns\" data-gtmwidgetgaeventlabel=\"Covid ou allergie au pollen\u00a0: sympt\u00f4mes, diff\u00e9rences, traitements\"><br \/>\n                        Covid ou allergie au pollen\u00a0: sympt\u00f4mes, diff\u00e9rences, traitements<br \/>\n                    <\/a><br \/>\n                <\/h3>\n<\/li>\n<li>\n<h3>\n                    <a href=\"https:\/\/sante.journaldesfemmes.fr\/fiches-maladies\/2676955-covid-19-ou-gastro-enterite-difference-symptomes-fievre-diarrhee-que-faire-complications\/\" class=\"jGTMWidgetGAEventClick\" data-gtmwidgetgaeventaction=\"clickWidgetListOnTwoColumns\" data-gtmwidgetgaeventlabel=\"Covid\u00a0ou gastro-ent\u00e9rite\u00a0: sympt\u00f4mes, quelles diff\u00e9rences\u00a0?\"><br \/>\n                        Covid\u00a0ou gastro-ent\u00e9rite\u00a0: sympt\u00f4mes, quelles diff\u00e9rences\u00a0?<br \/>\n                    <\/a><br \/>\n                <\/h3>\n<\/li>\n<li>\n<h3>\n                    <a href=\"https:\/\/sante.journaldesfemmes.fr\/fiches-sante-du-quotidien\/2627543-perte-gout-agueusie-covid-19-def-duree-cause-partielle-traitement-soigner\/\" class=\"jGTMWidgetGAEventClick\" data-gtmwidgetgaeventaction=\"clickWidgetListOnTwoColumns\" data-gtmwidgetgaeventlabel=\"Perte du go\u00fbt (agueusie)\u00a0: dur\u00e9e, Covid, comment soigner\u00a0?\"><br \/>\n                        Perte du go\u00fbt (agueusie)\u00a0: dur\u00e9e, Covid, comment soigner\u00a0?<br \/>\n                    <\/a><br \/>\n                <\/h3>\n<\/li>\n<li>\n<h3>\n                    <a href=\"https:\/\/sante.journaldesfemmes.fr\/fiches-maladies\/2683439-symptomes-covid-19-coronavirus-boutons-visage-corps-dermatologiques-peau-bras-pieds-engelure\/\" class=\"jGTMWidgetGAEventClick\" data-gtmwidgetgaeventaction=\"clickWidgetListOnTwoColumns\" data-gtmwidgetgaeventlabel=\"Sympt\u00f4mes Covid sur la peau\u00a0: engelures, boutons, quand consulter\u00a0?\"><br \/>\n                        Sympt\u00f4mes Covid sur la peau\u00a0: engelures, boutons, quand consulter\u00a0?<br \/>\n                    <\/a><br \/>\n                <\/h3>\n<\/li>\n<li>\n<h3>\n                    <a href=\"https:\/\/sante.journaldesfemmes.fr\/fiches-maladies\/2630069-coronavirus-covid-19-cerveau-symptomes-sequelles-odorat-effet-lesion-attaque\/\" class=\"jGTMWidgetGAEventClick\" data-gtmwidgetgaeventaction=\"clickWidgetListOnTwoColumns\" data-gtmwidgetgaeventlabel=\"Coronavirus\u00a0et cerveau\u00a0: effets, quels sympt\u00f4mes\u00a0?\"><br \/>\n                        Coronavirus\u00a0et cerveau\u00a0: effets, quels sympt\u00f4mes\u00a0?<br \/>\n                    <\/a><br \/>\n                <\/h3>\n<\/li>\n<li>\n<h3>\n                    <a href=\"https:\/\/sante.journaldesfemmes.fr\/fiches-sante-du-quotidien\/2627657-perte-odorat-anosmie-symptome-covid-19-covidanosmie-duree-rhume-definition-cause-traitement\/\" class=\"jGTMWidgetGAEventClick\" data-gtmwidgetgaeventaction=\"clickWidgetListOnTwoColumns\" data-gtmwidgetgaeventlabel=\"Perte de l'odorat\u00a0(anosmie)\u00a0: sympt\u00f4mes du Covid, dur\u00e9e, r\u00e9\u00e9ducation\"><br \/>\n                        Perte de l&rsquo;odorat\u00a0(anosmie)\u00a0: sympt\u00f4mes du Covid, dur\u00e9e, r\u00e9\u00e9ducation<br \/>\n                    <\/a><br \/>\n                <\/h3>\n<\/li>\n<li>\n<h3>\n                    <a href=\"https:\/\/sante.journaldesfemmes.fr\/fiches-maladies\/2679367-diarrhee-covid-coronavirus-symptome-digestif-intestinaux-duree-que-faire-vomissement-traitement-bebe-jeune\/\" class=\"jGTMWidgetGAEventClick\" data-gtmwidgetgaeventaction=\"clickWidgetListOnTwoColumns\" data-gtmwidgetgaeventlabel=\"Diarrh\u00e9e et Covid-19\u00a0: dur\u00e9e, que faire, un vrai sympt\u00f4me\u00a0?\"><br \/>\n                        Diarrh\u00e9e et Covid-19\u00a0: dur\u00e9e, que faire, un vrai sympt\u00f4me\u00a0?<br \/>\n                    <\/a><br \/>\n                <\/h3>\n<\/li>\n<li>\n<h3>\n                    <a href=\"https:\/\/sante.journaldesfemmes.fr\/fiches-maladies\/2665621-angine-ou-covid-19-points-communs-symptome-fievre-mal-gorge-test-difference-contagion-qui-consulter\/\" class=\"jGTMWidgetGAEventClick\" data-gtmwidgetgaeventaction=\"clickWidgetListOnTwoColumns\" data-gtmwidgetgaeventlabel=\"Angine ou Covid-19\u00a0: sympt\u00f4mes, diff\u00e9rences, test\"><br \/>\n                        Angine ou Covid-19\u00a0: sympt\u00f4mes, diff\u00e9rences, test<br \/>\n                    <\/a><br \/>\n                <\/h3>\n<\/li>\n<\/ul>\n<\/aside>\n<\/div>\n<ul>\n<li><strong>Si vous pr\u00e9sentez des\u00a0sympt\u00f4mes (toux, fi\u00e8vre, mal de t\u00eate) : <\/strong>\u00e9vitez\u00a0les contacts, isolez-vous \u00e0 domicile, prenez du parac\u00e9tamol si besoin et prenez rendez-vous pour r\u00e9aliser un test de d\u00e9pistage.\u00a0<\/li>\n<li><strong>Appeler le\u00a015 en cas de\u00a0difficult\u00e9s respiratoires : \u00ab\u00a0<\/strong><em>Si la toux et la\u00a0fi\u00e8vre s&rsquo;accompagnent d&rsquo;une g\u00eane respiratoire qui devient permanente avec souffle court, difficult\u00e9 \u00e0 inspirer et \u00e0 expirer, d&rsquo;une aggravation importante de la toux, cela peut signifier une \u00e9volution de la maladie sous la forme d&rsquo;une pneumopathie. Il s&rsquo;agit alors d&rsquo;une urgence respiratoire potentielle et comme dans tous les cas d&rsquo;urgence, il faut alors appeler le 15\u00a0qui prendra les meilleures dispositions pour r\u00e9pondre \u00e0 la situation\u00a0\u00bb, <\/em>pr\u00e9vient le Dr\u00a0Patrick Aub\u00e9, m\u00e9decin g\u00e9n\u00e9raliste. \u00a0<\/li>\n<\/ul>\n<p>La vaccination contre la Covid-19 se poursuit en France avec les vaccins Pfizer-BioNTech,\u00a0Moderna et AstraZeneca (chez les m\u00e9decins g\u00e9n\u00e9ralistes,\u00a0au travail et en pharmacie). La prise de<strong> rendez-vous<\/strong> est ouverte<b> <\/b>sur les sites Internet <strong>Doctolib, Maiia et KelDoc<\/strong> et peut aussi se faire en contactant par t\u00e9l\u00e9phone le <strong>centre de vaccination<\/strong> le plus proche de chez soi (liste disponible sur\u00a0<a href=\"https:\/\/www.sante.fr\/centres-vaccination-covid.html\" target=\"_blank\" rel=\"noopener noreferrer\">Sante.fr<\/a>).\u00a0En cas de difficult\u00e9, le num\u00e9ro vert national :<strong> 0\u00a0800\u00a0009\u00a0110<\/strong>,\u00a0permet d&rsquo;\u00eatre redirig\u00e9 vers le standard t\u00e9l\u00e9phonique d&rsquo;un centre ou d&rsquo;obtenir un accompagnement \u00e0 la prise de rendez-vous.<\/p>\n<div class=\"ccminsert\">\n<aside class=\"app_widget_fo app_widget_fo--call\">\n<ul>\n<li>\n                <a href=\"https:\/\/sante.journaldesfemmes.fr\/fiches-maladies\/2620433-vaccin-coronavirus-covid-19-pfizer-moderna-sanofi-spoutnik-chinois-johnson-astrazeneca-effet-secondaire\/\" class=\"jGTMWidgetGAEventClick\" data-gtmwidgetgaeventaction=\"clickWidgetCall\" data-gtmwidgetgaeventlabel=\"Vaccin Covid-19\u00a0: direct AstraZeneca, Janssen, Sanofi, Pfizer, Moderna...\"><\/p>\n<figure><picture><source media=\"(max-width: 480px)\" srcset=\"https:\/\/img-3.journaldesfemmes.fr\/cqU435VPvSs3FlD-fxwMA_HojY4=\/160x105\/smart\/dbdd7a05db3b4dd0baf0b9ad2b1dd904\/ccmcms-jdf\/22991841.jpg\"><img decoding=\"async\" src=\"https:\/\/img-3.journaldesfemmes.fr\/Hd_vDJAnQKzhDm63USD0Vh6_rpQ=\/200x132\/smart\/dbdd7a05db3b4dd0baf0b9ad2b1dd904\/ccmcms-jdf\/22991841.jpg\" alt=\"\"\/><\/source><\/picture><figcaption>\n<h3>Vaccin Covid-19\u00a0: direct AstraZeneca, Janssen, Sanofi, Pfizer, Moderna&#8230;<\/h3>\n<p>Quatre vaccins sont autoris\u00e9s en Europe\u00a0: ceux de Pfizer-BioNTech, Moderna, AstraZeneca et Janssen. Sanofi annonce le lancement des essais de phase 2\u00a0pour son vaccin \u00e0 ARN. Efficacit\u00e9 des vaccins Covid, diff\u00e9rences, effets secondaires, principe, doses, \u00e2ge, conservation&#8230; Infos en direct.<\/p>\n<\/figcaption><\/figure>\n<p><\/a>\n            <\/li>\n<\/ul>\n<\/aside>\n<\/div>\n<p>Depuis le 1er mars, l&rsquo;Allemagne exige \u00ab\u00a0<em>un test PCR ou antig\u00e9nique\u00a0\u00bb<\/em>\u00a0de moins de 48\u00a0heures \u00e0 l&rsquo;entr\u00e9e sur son territoire depuis la Moselle, y compris pour les travailleurs fran\u00e7ais qui y travaillent quotidiennement.<\/p>\n<ul>\n<li>A partir du 12 mars, les conditions d&rsquo;acc\u00e8s \u00e0 7\u00a0pays hors UE s&rsquo;assouplissent. \u00ab\u00a0<em>Il ne sera plus n\u00e9cessaire de justifier d&rsquo;un motif imp\u00e9rieux pour les d\u00e9placements <strong>en provenance<\/strong> ou <strong>vers<\/strong> l&rsquo;<strong>Australie<\/strong>, la <strong>Cor\u00e9e du Sud<\/strong>,<strong> Isra\u00ebl<\/strong>, le <strong>Japon<\/strong>, la <strong>Nouvelle-Z\u00e9lande<\/strong>, le <strong>Royaume-Uni <\/strong>et <strong>Singapour<\/strong><\/em>\u00ab\u00a0, a indiqu\u00e9 le minist\u00e8re fran\u00e7ais des Affaires \u00e9trang\u00e8res. Pour les autres pays hors UE, il faut justifier d&rsquo;une raison imp\u00e9rieuse depuis\u00a0le 31\u00a0janvier 2021.\u00a0<\/li>\n<li>Depuis le dimanche 24\u00a0janvier, tous les voyageurs entrant en France et venant d&rsquo;un pays europ\u00e9en doivent pr\u00e9senter avant leur d\u00e9part pour l&rsquo;Hexagone un test PCR n\u00e9gatif de moins de 72\u00a0heures.<\/li>\n<li>Depuis le 18 janvier, les voyageurs entrant en France en provenance d&rsquo;un pays hors Union-Europ\u00e9enne doivent\u00a0pr\u00e9senter un test PCR n\u00e9gatif\u00a0 et s&rsquo;isoler pendant 7\u00a0jours une fois arriv\u00e9s en France et faire un 2<sup>e<\/sup>\u00a0test \u00e0 l&rsquo;issue de cette p\u00e9riode.\u00a0<\/li>\n<\/ul>\n<table border=\"1\" cellpadding=\"1\" cellspacing=\"1\" style=\"width:100%;\">\n<thead>\n<tr>\n<th scope=\"col\" style=\"text-align: center;\"><strong>DATES CL\u00c9S DE L&rsquo;\u00c9PID\u00c9MIE EN FRANCE<\/strong><\/th>\n<\/tr>\n<\/thead>\n<tbody>\n<tr>\n<td>\n<ul>\n<li><strong>31\u00a0d\u00e9cembre 2019,<\/strong> l&rsquo;Organisation mondiale de la Sant\u00e9 en Chine est inform\u00e9e de plusieurs cas de pneumonies dans la ville de Wuhan. 44\u00a0personnes sont infect\u00e9es entre cette date et le 3\u00a0janvier 2020.<\/li>\n<li><strong>7\u00a0janvier 2020, <\/strong>les autorit\u00e9s chinoises identifient un \u00ab\u00a0nouveau type de coronavirus\u00a0\u00bb.<\/li>\n<li><strong>13\u00a0janvier, <\/strong>un cas import\u00e9 est recens\u00e9 en Tha\u00eflande.<\/li>\n<li><strong>15\u00a0janvier<\/strong>, le virus cause\u00a0la mort d&rsquo;<strong>une premi\u00e8re\u00a0personne \u00e0 Wuhan<\/strong>, un homme de 69\u00a0ans.\u00a0<\/li>\n<li><strong>23\u00a0janvier,<\/strong> trois villes chinoises dont Wuhan sont plac\u00e9es en quarantaine.<\/li>\n<li><strong>25\u00a0janvier, trois personnes\u00a0contamin\u00e9es sont recens\u00e9es en France<\/strong>, deux \u00e0 Paris et une Bordeaux. Ce sont les premiers cas enregistr\u00e9s sur le continent europ\u00e9en.<\/li>\n<li><strong>30\u00a0janvier, <\/strong>l&rsquo;Organisation mondiale de la Sant\u00e9 <strong>d\u00e9cr\u00e8te\u00a0l&rsquo;<a href=\"https:\/\/sante.journaldesfemmes.fr\/fiches-maladies\/2608035-urgence-de-sante-publique-de-portee-internationale-definition-oms-coronavirus\/\" target=\"_blank\" rel=\"noopener noreferrer\">urgence de sant\u00e9 mondiale<\/a><\/strong>.\u00a0Cette mesure n&rsquo;avait \u00e9t\u00e9 d\u00e9cr\u00e9t\u00e9e que 5\u00a0fois depuis sa cr\u00e9ation (pour Ebola (deux fois), la grippe H1N1, Zika et la poliomy\u00e9lite).\u00a0<\/li>\n<li><strong>23\u00a0f\u00e9vrier, <\/strong>la France d\u00e9clenche le <a href=\"https:\/\/sante.journaldesfemmes.fr\/fiches-maladies\/2622449-plan-orsan-reb-definition-signification-qui-declenche-coronavirus-definition-duree\/\" target=\"_blank\" rel=\"noopener noreferrer\">plan ORSAN<\/a>, un dispositif exceptionnel d&rsquo;organisation des soins.<\/li>\n<li><strong>28\u00a0f\u00e9vrier,<\/strong> la France passe en stade 2\u00a0de l&rsquo;\u00e9pid\u00e9mie.<\/li>\n<li><strong>11\u00a0mars, <\/strong>l&rsquo;OMS classifie de <strong>pand\u00e9mie <\/strong>la diffusion de la maladie \u00e0 coronavirus Covid-19\u00a0dans le monde.<\/li>\n<li><strong>12\u00a0mars<\/strong>, le pr\u00e9sident de la R\u00e9publique Emmanuel Macron annonce la fermeture nationale des cr\u00e8ches et \u00e9tablissements scolaires de France \u00e0 compter du 16\u00a0mars et \u00ab\u00a0jusqu&rsquo;\u00e0 nouvel ordre\u00a0\u00bb.<\/li>\n<li><strong>14\u00a0mars<\/strong>, la France passe au <a href=\"https:\/\/sante.journaldesfemmes.fr\/fiches-maladies\/2625289-coronavirus-covid-19-stade-1-2-3-4-duree-mesure-france-signification-quand\/\" target=\"_blank\" rel=\"noopener noreferrer\"><strong>stade 3 <\/strong><\/a>de l&rsquo;\u00e9pid\u00e9mie.<\/li>\n<li><strong>16\u00a0mars\u00a0:<\/strong>\u00a0la France met en place un dispositif de confinement interdisant les d\u00e9placements.<\/li>\n<li><strong>18\u00a0mars<\/strong> le premier transfert de patients Covid-19\u00a0en France est r\u00e9alis\u00e9\u00a0gr\u00e2ce \u00e0 l&rsquo;Arm\u00e9e, par voie terrestre et a\u00e9rienne.\u00a0<\/li>\n<li><strong>26\u00a0mars<\/strong>, un premier cas jeune meurt en France, une adolescente de 16\u00a0ans, en Ile-de-France originaire de Morsang-sur-Orge.<\/li>\n<li><strong>27\u00a0mars,<\/strong> le confinement de la population fran\u00e7aise est renouvel\u00e9 jusqu&rsquo;au 15\u00a0avril.<\/li>\n<li><strong>13\u00a0avril,<\/strong> Emmanuel Macron annonce le prolongement du confinement jusqu&rsquo;au 11\u00a0mai.<\/li>\n<li><strong>11\u00a0mai, <\/strong>la France commence son d\u00e9confinement.<\/li>\n<li><strong>\u00a015\u00a0juin<\/strong>, toute la France passe en zone verte, sauf Mayotte et la Guyane. \u00c0\u00a0Paris, les restaurants et bars peuvent rouvrir compl\u00e8tement.<\/li>\n<li><strong>22\u00a0juin, <\/strong>les \u00e9coles sont de nouveaux obligatoires en France pour tous les \u00e9l\u00e8ves. Les cin\u00e9mas, salles de jeux, casinos rouvrent. Les sports collectifs peuvent \u00eatre autoris\u00e9s tout en respectant certaines conditions sanitaires.<\/li>\n<li><strong>10\u00a0juillet<\/strong>, la <strong>France <\/strong>a franchi la barre des 30\u00a0000\u00a0morts. Dans la nuit du 10\u00a0au 11\u00a0juillet \u00e0 minuit, l&rsquo;\u00e9tat d&rsquo;urgence sanitaire prend fin en France.<\/li>\n<li><strong>\u00a020\u00a0juillet,<\/strong>\u00a0le <strong>port du masque est obligatoire <\/strong>dans les lieux publics clos en France.<\/li>\n<li><strong>8 octobre, <\/strong>le<strong> plan blanc est r\u00e9activ\u00e9 <\/strong>dans les h\u00f4pitaux d&rsquo;Ile-de-France.<\/li>\n<li><strong>17 octobre \u00e0 0h01<\/strong>, la France repasse en \u00e9tat d&rsquo;urgence sanitaire et un <strong>couvre-feu <\/strong>est instaur\u00e9 dans 9 territoires\u00a0(Paris-Ile-de-France, Rouen, Grenoble, Lille, Lyon, Aix-Marseille, Montpellier, Saint-Etienne, Toulouse).<\/li>\n<li><strong>24 octobre \u00e0 0h01 :<\/strong> extension des mesures de couvre-feu \u00e0 38 nouveaux d\u00e9partements fran\u00e7ais.<\/li>\n<li><strong>29 octobre \u00e0 0h01<\/strong> : reconfinement national pour 4 semaines, jusqu&rsquo;au 1er d\u00e9cembre au minimum.<\/li>\n<li><strong>28 novembre : <\/strong>premi\u00e8re \u00e9tape d&rsquo;all\u00e8gement du confinement avec la r\u00e9ouverture des commerces non essentiels.<\/li>\n<li><strong>15 d\u00e9cembre : <\/strong>seconde \u00e9tape\u00a0d&rsquo;all\u00e8gement du confinement avec le passage \u00e0 un couvre-feu de 20 heures \u00e0 6 heures du matin.<\/li>\n<li><strong>31 d\u00e9cembre<\/strong> : couvre-feu impos\u00e9 le soir du 31 d\u00e9cembre, de 20 heures \u00e0 6 heures du matin.<\/li>\n<li><strong>21 d\u00e9cembre<\/strong> : autorisation du vaccin Pfizer en Europe.<\/li>\n<li><strong>24 d\u00e9cembre<\/strong> : autorisation du vaccin Pfizer BioNTech en France.<\/li>\n<li><strong>27 d\u00e9cembre :<\/strong> d\u00e9but de la vaccination en France et dans l&rsquo;Union europ\u00e9enne avec le vaccin Pfizer BioNTech.<\/li>\n<li><strong>8 janvier 2021<\/strong> :\u00a0autorisation du vaccin Moderna en France.<\/li>\n<li><strong>24 janvier 2021<\/strong> : un test PCR n\u00e9gatif est obligatoire pour rentrer en France par avion pour les voyageurs venant d&rsquo;un pays europ\u00e9en (sauf pour les travailleurs transfrontaliers et le transport terrestre).<\/li>\n<li><strong>31 janvier 2021<\/strong> : fermeture des fronti\u00e8res en France aux pays ext\u00e9rieurs \u00e0 l&rsquo;Union europ\u00e9enne<\/li>\n<li><strong>2 f\u00e9vrier 2021<\/strong> :\u00a0autorisation du vaccin de l&rsquo;Universit\u00e9 d&rsquo;Oxford et AstraZeneca en France, uniquement pour les personnes \u00e2g\u00e9es de moins de 65\u00a0ans.<\/li>\n<li><strong>11 f\u00e9vrier : <\/strong>d\u00e9ploiement des tests salivaires dans les \u00e9tablissements scolaires.<\/li>\n<li><strong>12 mars :\u00a0<\/strong>autorisation du\u00a0vaccin\u00a0Johnson&amp;Johnson,\u00a0\u00e0 injection unique, le 4e vaccin \u00e0 \u00eatre autoris\u00e9 en France.<\/li>\n<\/ul>\n<\/td>\n<\/tr>\n<\/tbody>\n<\/table>\n<p><em>Cet article est mis \u00e0 jour quotidiennement par <a href=\"https:\/\/www.journaldesfemmes.fr\/account\/ablaize-11409696\" target=\"_blank\" rel=\"noopener noreferrer\">Aur\u00e9lie Blaize<\/a>, <a href=\"https:\/\/www.journaldesfemmes.fr\/account\/anaisthiebaux-10573564\" target=\"_blank\" rel=\"noopener noreferrer\">Ana\u00efs Thi\u00e9baux<\/a> et <a href=\"https:\/\/www.journaldesfemmes.fr\/account\/samanthapages-11598093\" target=\"_blank\" rel=\"noopener noreferrer\">Samantha Pag\u00e8s<\/a>.\u00a0<\/em><\/p>\n<\/section>\n<\/div>\n<p><script async src=\"http:\/\/platform.twitter.com\/widgets.js\" charset=\"utf-8\"><\/script><br \/>\n<br \/>[ad_2]<br \/>\n<br \/><a href=\"https:\/\/sante.journaldesfemmes.fr\/fiches-maladies\/2605417-covid-19-france-coronavirus-chiffres-nombre-cas-morts-bilan-jour-vaccin-aujourdhui-confinement-reconfinement\/\">Source link <\/a><\/p>\n","protected":false},"excerpt":{"rendered":"<p>[ad_1] CORONAVIRUS DIRECT &#8211; L&rsquo;\u00e9pid\u00e9mie progresse avec plus de 29\u00a0000\u00a0nouveaux cas en 24\u00a0heures et 174\u00a0d\u00e9c\u00e8s. Le seuil des 4\u00a0000\u00a0patients en &hellip; <a href=\"http:\/\/www.affinite.fr\/index.php\/2021\/03\/13\/chiffres-vers-un-confinement-en-ile-de-france\/\" class=\"more-link\">Plus <span class=\"screen-reader-text\">chiffres, vers un confinement en Ile-de-France\u00a0?<\/span> <span class=\"meta-nav\">&rarr;<\/span><\/a><\/p>\n","protected":false},"author":1,"featured_media":6064,"comment_status":"open","ping_status":"open","sticky":false,"template":"","format":"standard","meta":{"_sitemap_exclude":false,"_sitemap_priority":"","_sitemap_frequency":"","footnotes":""},"categories":[1],"tags":[],"class_list":["post-6063","post","type-post","status-publish","format-standard","has-post-thumbnail","hentry","category-tous"],"_links":{"self":[{"href":"http:\/\/www.affinite.fr\/index.php\/wp-json\/wp\/v2\/posts\/6063"}],"collection":[{"href":"http:\/\/www.affinite.fr\/index.php\/wp-json\/wp\/v2\/posts"}],"about":[{"href":"http:\/\/www.affinite.fr\/index.php\/wp-json\/wp\/v2\/types\/post"}],"author":[{"embeddable":true,"href":"http:\/\/www.affinite.fr\/index.php\/wp-json\/wp\/v2\/users\/1"}],"replies":[{"embeddable":true,"href":"http:\/\/www.affinite.fr\/index.php\/wp-json\/wp\/v2\/comments?post=6063"}],"version-history":[{"count":0,"href":"http:\/\/www.affinite.fr\/index.php\/wp-json\/wp\/v2\/posts\/6063\/revisions"}],"wp:featuredmedia":[{"embeddable":true,"href":"http:\/\/www.affinite.fr\/index.php\/wp-json\/wp\/v2\/media\/6064"}],"wp:attachment":[{"href":"http:\/\/www.affinite.fr\/index.php\/wp-json\/wp\/v2\/media?parent=6063"}],"wp:term":[{"taxonomy":"category","embeddable":true,"href":"http:\/\/www.affinite.fr\/index.php\/wp-json\/wp\/v2\/categories?post=6063"},{"taxonomy":"post_tag","embeddable":true,"href":"http:\/\/www.affinite.fr\/index.php\/wp-json\/wp\/v2\/tags?post=6063"}],"curies":[{"name":"wp","href":"https:\/\/api.w.org\/{rel}","templated":true}]}}