{"id":606,"date":"2020-03-13T15:50:33","date_gmt":"2020-03-13T15:50:33","guid":{"rendered":"https:\/\/www.affinite.fr\/index.php\/2020\/03\/13\/pour-la-premiere-fois-de-son-histoire-tesla-va-livrer-une-voiture-a-lheure\/"},"modified":"2020-03-13T15:50:33","modified_gmt":"2020-03-13T15:50:33","slug":"pour-la-premiere-fois-de-son-histoire-tesla-va-livrer-une-voiture-a-lheure","status":"publish","type":"post","link":"http:\/\/www.affinite.fr\/index.php\/2020\/03\/13\/pour-la-premiere-fois-de-son-histoire-tesla-va-livrer-une-voiture-a-lheure\/","title":{"rendered":"Pour la premi\u00e8re fois de son histoire, Tesla va livrer une voiture&#8230; \u00e0 l\u2019heure"},"content":{"rendered":"<p> [ad_1]<br \/>\n<br \/><img decoding=\"async\" src=\"https:\/\/img.bfmtv.com\/i\/0\/0\/763\/3bbf732af391b3592ff964f3507cd.jpg\" \/><\/p>\n<div itemprop=\"articleBody\">\n<p>Le dernier-n\u00e9 du constructeur californien, le <a href=\"https:\/\/www.01net.com\/actualites\/tesla-officialise-son-model-y-un-suv-sept-places-a-moins-de-35-000-euros-1652934.html\" target=\"_blank\" rel=\"noopener noreferrer\">Model Y<\/a> semble parti pour \u00eatre l\u2019exception \u00e0 la r\u00e8gle. Celle-ci veut que tous les mod\u00e8les du constructeur arrivent sur le march\u00e9 bien apr\u00e8s la date annonc\u00e9e. En effet, les livraisons du SUV \u00e9lectrique auraient d\u00e9j\u00e0 d\u00e9but\u00e9 et les premiers propri\u00e9taires aux Etats-Unis seront sans doute livr\u00e9s avant ce week-end.\u00a0<\/p>\n<p>L\u2019histoire de Tesla est courte, 17 ans, mais pleine de rebondissements. De fait, malgr\u00e9 un nombre limit\u00e9 de mod\u00e8les \u00e0 son catalogue tous ont connu divers al\u00e9as lors de leur production. Moins que l\u2019offre, c\u2019est la capacit\u00e9 de la firme d\u2019Elon Musk a r\u00e9pondre \u00e0 une importante demande qui a caus\u00e9 divers retards de livraison pour les Model 3 et autres Model X. Depuis le Roadster original, Tesla \u00e9tait m\u00eame moqu\u00e9 pour ses d\u00e9lais importants et les dates de lancement maintes fois report\u00e9es.\u00a0<\/p>\n<h3 style=\"color:#333; font-family:arial,helvetica,sans-serif; font-size:23px; font-weight:700\">Pas avant 2021 en France ?<\/h3>\n<p>Avec le Model Y, Tesla semble en avoir termin\u00e9 avec cette p\u00e9riode d\u2019incertitudes. Le constructeur est m\u00eame en avance sur son tout premier calendrier qui pr\u00e9voyait une disponibilit\u00e9 de son mod\u00e8le fin 2020.<br \/>La raison de ce changement est double : il y a bien \u00e9videmment la taille critique qu\u2019a atteint l\u2019entreprise qui a fait exploser ses capacit\u00e9s de production l\u2019an dernier. En effet, pr\u00e8s de 40% du <a href=\"https:\/\/www.01net.com\/actualites\/tesla-atteint-le-million-de-voitures-produites-avec-ce-model-y-1872792.html\" target=\"_blank\" rel=\"noopener noreferrer\">million de voitures construites par Tesla au cours de son histoire<\/a> est sorti d\u2019usine en 2019. Mais il y a surtout le fait que le travail sur le Model Y avait d\u00e9j\u00e0 commenc\u00e9 des ann\u00e9es plus t\u00f4t.<br \/>En effet, le SUV \u00e9lectrique a la m\u00eame base que la Model 3 et serait assembl\u00e9, en partie, sur les m\u00eames lignes de production que la berline dont il partage la plate-forme technique.<\/p>\n<aside class=\"bg-color-0 padding-inside-all-s bloc border-s\">\n<h4 class=\"box-txt-normal\">\n<p><strong>\u00c0 d\u00e9couvrir aussi en vid\u00e9o<\/strong><\/p>\n<\/h4>\n<\/aside>\n<p>Pour l\u2019instant l\u2019avance prise aux Etats-Unis ne semble pas concerner la France. En effet, de ce c\u00f4t\u00e9-ci de l\u2019Atlantique les premi\u00e8res livraisons ne devraient pas avoir lieu avant 2021 et ne concerneraient que les versions les plus ch\u00e8res du Model Y. Pour la voiture en configuration basique, il faudra sans doute attendre d\u00e9but 2022.\u00a0<\/p>\n<\/p><\/div>\n<p><script>\n         !function(f,b,e,v,n,t,s){if(f.fbq)return;n=f.fbq=function()\n         {n.callMethod? n.callMethod.apply(n,arguments):n.queue.push(arguments)}\n         ;if(!f._fbq)f._fbq=n;\n             n.push=n;n.loaded=!0;n.version='2.0';n.queue=[];t=b.createElement(e);t.async=!0;\n             t.src=v;s=b.getElementsByTagName(e)[0];s.parentNode.insertBefore(t,s)}(window,\n                 document,'script','https:\/\/connect.facebook.net\/en_US\/fbevents.js');\n         fbq('init', '1065890633454496');\n         fbq('track', 'PageView');\n     <\/script><br \/>\n<br \/>[ad_2]<br \/>\n<br \/><a href=\"https:\/\/www.01net.com\/actualites\/pour-la-premiere-fois-de-son-histoire-tesla-va-livrer-une-voiture-a-l-heure-1874289.html\">Source link <\/a><\/p>\n","protected":false},"excerpt":{"rendered":"<p>[ad_1] Le dernier-n\u00e9 du constructeur californien, le Model Y semble parti pour \u00eatre l\u2019exception \u00e0 la r\u00e8gle. Celle-ci veut que &hellip; <a href=\"http:\/\/www.affinite.fr\/index.php\/2020\/03\/13\/pour-la-premiere-fois-de-son-histoire-tesla-va-livrer-une-voiture-a-lheure\/\" class=\"more-link\">Plus <span class=\"screen-reader-text\">Pour la premi\u00e8re fois de son histoire, Tesla va livrer une voiture&#8230; \u00e0 l\u2019heure<\/span> <span class=\"meta-nav\">&rarr;<\/span><\/a><\/p>\n","protected":false},"author":1,"featured_media":607,"comment_status":"open","ping_status":"open","sticky":false,"template":"","format":"standard","meta":{"_sitemap_exclude":false,"_sitemap_priority":"","_sitemap_frequency":"","footnotes":""},"categories":[1],"tags":[],"class_list":["post-606","post","type-post","status-publish","format-standard","has-post-thumbnail","hentry","category-tous"],"_links":{"self":[{"href":"http:\/\/www.affinite.fr\/index.php\/wp-json\/wp\/v2\/posts\/606"}],"collection":[{"href":"http:\/\/www.affinite.fr\/index.php\/wp-json\/wp\/v2\/posts"}],"about":[{"href":"http:\/\/www.affinite.fr\/index.php\/wp-json\/wp\/v2\/types\/post"}],"author":[{"embeddable":true,"href":"http:\/\/www.affinite.fr\/index.php\/wp-json\/wp\/v2\/users\/1"}],"replies":[{"embeddable":true,"href":"http:\/\/www.affinite.fr\/index.php\/wp-json\/wp\/v2\/comments?post=606"}],"version-history":[{"count":0,"href":"http:\/\/www.affinite.fr\/index.php\/wp-json\/wp\/v2\/posts\/606\/revisions"}],"wp:featuredmedia":[{"embeddable":true,"href":"http:\/\/www.affinite.fr\/index.php\/wp-json\/wp\/v2\/media\/607"}],"wp:attachment":[{"href":"http:\/\/www.affinite.fr\/index.php\/wp-json\/wp\/v2\/media?parent=606"}],"wp:term":[{"taxonomy":"category","embeddable":true,"href":"http:\/\/www.affinite.fr\/index.php\/wp-json\/wp\/v2\/categories?post=606"},{"taxonomy":"post_tag","embeddable":true,"href":"http:\/\/www.affinite.fr\/index.php\/wp-json\/wp\/v2\/tags?post=606"}],"curies":[{"name":"wp","href":"https:\/\/api.w.org\/{rel}","templated":true}]}}