{"id":6049,"date":"2021-03-10T14:35:17","date_gmt":"2021-03-10T14:35:17","guid":{"rendered":"https:\/\/www.affinite.fr\/index.php\/2021\/03\/10\/un-si-grand-soleil-mickael-sest-il-vraiment-suicide-spoilers-news-series-a-la-tv\/"},"modified":"2021-03-10T14:35:17","modified_gmt":"2021-03-10T14:35:17","slug":"un-si-grand-soleil-mickael-sest-il-vraiment-suicide-spoilers-news-series-a-la-tv","status":"publish","type":"post","link":"http:\/\/www.affinite.fr\/index.php\/2021\/03\/10\/un-si-grand-soleil-mickael-sest-il-vraiment-suicide-spoilers-news-series-a-la-tv\/","title":{"rendered":"Un Si Grand Soleil : Micka\u00ebl s&rsquo;est-il vraiment suicid\u00e9 ? [SPOILERS] &#8211; News S\u00e9ries \u00e0 la TV"},"content":{"rendered":"<p> [ad_1]<br \/>\n<\/p>\n<div id=\"article-container\">\n<p class=\"article-lead\">Retrouv\u00e9 mort hier dans \u00ab\u00a0Un Si Grand Soleil\u00a0\u00bb, Micka\u00ebl Beaulieu, l&rsquo;ami de Johanna et de Christophe, s&rsquo;est visiblement suicid\u00e9. Mais la v\u00e9rit\u00e9 pourrait bien \u00eatre toute autre puisqu&rsquo;un personnage va bient\u00f4t \u00eatre soup\u00e7onn\u00e9 de son meurtre.<\/p>\n<div id=\"article-content\">\n<figure class=\"player player-auto-play js-player\" data-model=\"{&quot;context&quot;:&quot;newspage_news&quot;,&quot;launch&quot;:&quot;auto-play&quot;,&quot;followScroll&quot;:true,&quot;editorialContent&quot;:&quot;18697618-un_si_grand_soleil_mickael_s_est_il_vraiment_suicide_spoilers&quot;,&quot;endScreen&quot;:true,&quot;disableAutoPause&quot;:true,&quot;videos&quot;:[{&quot;id&quot;:19591575,&quot;sources&quot;:{&quot;medium&quot;:&quot;\/\/fr.vid.web.acsta.net\/nmedia\/33\/21\/03\/08\/18\/19591575_sd_013.mp4&quot;,&quot;high&quot;:&quot;\/\/fr.vid.web.acsta.net\/nmedia\/33\/21\/03\/08\/18\/19591575_hd_013.mp4&quot;},&quot;image&quot;:&quot;\/videothumbnails\/21\/03\/08\/18\/46\/4815214.jpg&quot;,&quot;title&quot;:&quot;Un Si Grand Soleil : la bande-annonce des u00e9pisodes du 8 au 12 mars 2021&quot;,&quot;trackingIdentifier&quot;:&quot;19591575-un_si_grand_soleil_la_bande_annonce_des_episodes_du_8_au_12_mars_2021&quot;,&quot;embedUrl&quot;:&quot;ACraHRACr0cHM6Ly9wbGF5ZXIuYWxsb2NpbmUuZnIvMTk1OTE1NzUuaHRtbA==&quot;,&quot;id_type&quot;:31003,&quot;file_type&quot;:&quot;trailer&quot;,&quot;description&quot;:&quot;Un Si Grand Soleil : la bande-annonce des u00e9pisodes du 8 au 12 mars 2021&quot;,&quot;duration&quot;:0,&quot;view_count&quot;:2205,&quot;added_at&quot;:{&quot;date&quot;:&quot;2021-03-08 18:47:00.000000&quot;,&quot;timezone_type&quot;:3,&quot;timezone&quot;:&quot;Europe\/Paris&quot;},&quot;metas&quot;:{&quot;genre_main_series&quot;:[{&quot;name&quot;:&quot;Drame&quot;,&quot;id&quot;:&quot;13008&quot;},{&quot;name&quot;:&quot;Soap&quot;,&quot;id&quot;:&quot;13032&quot;}],&quot;id_main_season&quot;:39648,&quot;id_main_series&quot;:23331,&quot;image_main_series&quot;:&quot;\/pictures\/18\/08\/09\/12\/02\/0816701.jpg&quot;,&quot;localized_file_type&quot;:&quot;trailer&quot;,&quot;main_season_number&quot;:3,&quot;main_season_rating&quot;:3.125,&quot;main_season_user_note_count&quot;:2,&quot;main_series_rating&quot;:1.65686524,&quot;name_main_season&quot;:&quot;Un Si Grand Soleil - Saison 3&quot;,&quot;name_main_series&quot;:&quot;Un Si Grand Soleil&quot;,&quot;release_status_series&quot;:&quot;En cours&quot;,&quot;trans_file_type&quot;:&quot;Bande-annonce&quot;},&quot;relatedEntityType&quot;:&quot;series&quot;,&quot;relatedEntityTrackingIdentifier&quot;:&quot;23331-un_si_grand_soleil&quot;,&quot;relatedEntityTitle&quot;:&quot;Un Si Grand Soleil&quot;,&quot;relatedEntityId&quot;:23331,&quot;relatedEntityUrl&quot;:&quot;ACraHRACr0cHM6Ly93d3cuYWxsb2NpbmUuZnIvc2VyaWVzL2ZpY2hlc2VyaWVfZ2VuX2NzZXJpZT0yMzMzMS5odG1s&quot;,&quot;mediaUrl&quot;:&quot;ACraHRACr0cHM6Ly93d3cuYWxsb2NpbmUuZnIvdmlkZW8vcGxheWVyX2dlbl9jbWVkaWE9MTk1OTE1NzUmY3NlcmllPTIzMzMxLmh0bWw=&quot;}],&quot;disablePreroll&quot;:false,&quot;disablePostroll&quot;:false}\" data-thumb=\"https:\/\/fr.web.img3.acsta.net\/r_640_360\/videothumbnails\/21\/03\/08\/18\/46\/4815214.jpg\">\n<\/figure>\n<p>Johanna (<a title=\"Aurore Delplace (France) (Acteur)\" href=\"http:\/\/www.allocine.fr\/personne\/fichepersonne_gen_cpersonne=225425.html\">Aurore Delplace<\/a>) s&rsquo;appr\u00eate \u00e0 vivre une p\u00e9riode compliqu\u00e9e dans <a title=\"Un Si Grand Soleil (France) (Soap,Drame)\" href=\"http:\/\/www.allocine.fr\/series\/ficheserie_gen_cserie=23331.html\">Un Si Grand Soleil<\/a>. Apr\u00e8s s&rsquo;\u00eatre consol\u00e9e dans les bras de Micka\u00ebl Beaulieu (<a title=\"Julien De Broeyer (Ind\u00e9fini) (Acteur)\" href=\"http:\/\/www.allocine.fr\/personne\/fichepersonne_gen_cpersonne=842053.html\">Julien de Broeyer<\/a>), un vieil ami avec qui elle tentait de faire affaire, l&rsquo;avocate a fini par se r\u00e9concilier avec Julien Bastide (<a title=\"J\u00e9r\u00e9my Banster (France) (Acteur,Producteur ex\u00e9cutif,Producteur d\u00e9l\u00e9gu\u00e9)\" href=\"http:\/\/www.allocine.fr\/personne\/fichepersonne_gen_cpersonne=54873.html\">J\u00e9r\u00e9my Banster<\/a>) et par briser tous les espoirs de Micka\u00ebl, fou amoureux d&rsquo;elle depuis des ann\u00e9es.<\/p>\n<p>Bless\u00e9 par le rejet de Johanna, qui lui a bien fait comprendre qu&rsquo;elle \u00e9tait amoureuse d&rsquo;un autre, Beaulieu est alors entr\u00e9 dans une col\u00e8re noire, a reproch\u00e9 \u00e0 la jeune femme de l&rsquo;avoir manipul\u00e9 pour arriver \u00e0 ses fins, et a d\u00e9cid\u00e9 de renoncer \u00e0 la vente de son terrain. Avant d&rsquo;\u00eatre retrouv\u00e9 mort dans son domaine hier par Christophe (<a title=\"Hubert Benhamdine (France) (Acteur)\" href=\"http:\/\/www.allocine.fr\/personne\/fichepersonne_gen_cpersonne=69960.html\">Hubert Benhamdine<\/a>), son ami d&rsquo;enfance.<\/p>\n<p>Ce soir dans Un Si Grand Soleil, Johanna va donc vivre la nouvelle du suicide apparent de son ami comme un v\u00e9ritable choc et va se sentir responsable de sa mort. Pensant que la douleur qu&rsquo;elle lui a caus\u00e9 l&rsquo;a pouss\u00e9 \u00e0 commettre l&rsquo;irr\u00e9parable. Mais Micka\u00ebl s&rsquo;est-il vraiment suicid\u00e9 ? Ou un meurtrier se cache-t-il parmi les protagonistes de cette grande intrigue ?<\/p>\n<div class=\"article-figure-holder\">\n<figure class=\"article-figure mceNonEditable\"><img loading=\"lazy\" decoding=\"async\" class=\"article-figure-img\" src=\"data:image\/gif;base64,R0lGODlhAgABAPAAAAAAAAAAACH5BAEAAAAAIf8LSW1hZ2VNYWdpY2sNZ2FtbWE9MC40NTQ1NQAsAAAAAAIAAQAAAgIECgA7\" data-src=\"https:\/\/fr.web.img2.acsta.net\/newsv7\/21\/03\/10\/14\/54\/0812164.jpg\" width=\"640\" height=\"320\"\/><span class=\"article-figcaption-copy\">Capture d&rsquo;\u00e9cran\/FTV<\/span><\/p>\n<\/figure>\n<\/div>\n<p>Dans les prochains \u00e9pisodes du feuilleton quotidien de France 2, la police va finalement d\u00e9couvrir, gr\u00e2ce au rapport de la balistique, que le pistolet avec lequel Micka\u00ebl est cens\u00e9 s&rsquo;\u00eatre suicid\u00e9 a \u00e9t\u00e9 nettoy\u00e9 et que les empreintes du d\u00e9funt ont \u00e9t\u00e9 ajout\u00e9es par la suite sur l&rsquo;arme. Et si Johanna semble avoir un alibi solide &#8211; elle \u00e9tait visiblement avec Julien au moment du meurtre de son ami &#8211; ce n&rsquo;est pas le cas d&rsquo;Yvon Delmas (<a title=\"Jean-Louis Cassarino (France) (Acteur)\" href=\"http:\/\/www.allocine.fr\/personne\/fichepersonne_gen_cpersonne=212229.html\">Jean-Louis Cassarino<\/a>), \u00e0 qui la police, mais aussi Lucille pour les besoins d&rsquo;un article, ne vont pas tarder \u00e0 s&rsquo;int\u00e9resser.<\/p>\n<p>En effet, Delmas, qui d\u00eenait dehors le soir de la mort de Micka\u00ebl et avait pas mal bu, de son propre aveu, aurait tr\u00e8s bien pu avoir le temps de se rendre chez Beaulieu entre le moment o\u00f9 il a quitt\u00e9 le restaurant et le moment o\u00f9 il est rentr\u00e9 chez lui. D&rsquo;autant plus qu&rsquo;en fouillant dans son pass\u00e9, Lucille (<a title=\"Na\u00efma Rodric (Belgique) (Acteur)\" href=\"http:\/\/www.allocine.fr\/personne\/fichepersonne_gen_cpersonne=793272.html\">Na\u00efma Rodric<\/a>) va d\u00e9couvrir que Delmas avait \u00e9t\u00e9 soup\u00e7onn\u00e9 du meurtre de son associ\u00e9 il y a vingt ans, lorsqu&rsquo;il vivait \u00e0 Londres. Avant que les poursuites soient abandonn\u00e9es et que l&rsquo;affaire soit class\u00e9e en suicide. Des similitudes qui vont forc\u00e9ment pousser Becker et la police de Montpellier \u00e0 en faire leur suspect num\u00e9ro 1.<\/p>\n<p>Mais Yvon Delmas est-il r\u00e9ellement all\u00e9 jusqu&rsquo;\u00e0 tuer Micka\u00ebl pour l&#8217;emp\u00eacher de renoncer \u00e0 la vente de son terrain ? R\u00e9ponse prochainement dans Un Si Grand Soleil.<\/p>\n<\/p><\/div>\n<\/p><\/div>\n<p>[ad_2]<br \/>\n<br \/><a href=\"http:\/\/rss.allocine.fr\/~r\/ac\/actualites\/~3\/677lzg-xOIQ\/fichearticle_gen_carticle=18697618.html\">Source link <\/a><\/p>\n","protected":false},"excerpt":{"rendered":"<p>[ad_1] Retrouv\u00e9 mort hier dans \u00ab\u00a0Un Si Grand Soleil\u00a0\u00bb, Micka\u00ebl Beaulieu, l&rsquo;ami de Johanna et de Christophe, s&rsquo;est visiblement suicid\u00e9. &hellip; <a href=\"http:\/\/www.affinite.fr\/index.php\/2021\/03\/10\/un-si-grand-soleil-mickael-sest-il-vraiment-suicide-spoilers-news-series-a-la-tv\/\" class=\"more-link\">Plus <span class=\"screen-reader-text\">Un Si Grand Soleil : Micka\u00ebl s&rsquo;est-il vraiment suicid\u00e9 ? [SPOILERS] &#8211; News S\u00e9ries \u00e0 la TV<\/span> <span class=\"meta-nav\">&rarr;<\/span><\/a><\/p>\n","protected":false},"author":1,"featured_media":6050,"comment_status":"open","ping_status":"open","sticky":false,"template":"","format":"standard","meta":{"_sitemap_exclude":false,"_sitemap_priority":"","_sitemap_frequency":"","footnotes":""},"categories":[1],"tags":[],"class_list":["post-6049","post","type-post","status-publish","format-standard","has-post-thumbnail","hentry","category-tous"],"_links":{"self":[{"href":"http:\/\/www.affinite.fr\/index.php\/wp-json\/wp\/v2\/posts\/6049"}],"collection":[{"href":"http:\/\/www.affinite.fr\/index.php\/wp-json\/wp\/v2\/posts"}],"about":[{"href":"http:\/\/www.affinite.fr\/index.php\/wp-json\/wp\/v2\/types\/post"}],"author":[{"embeddable":true,"href":"http:\/\/www.affinite.fr\/index.php\/wp-json\/wp\/v2\/users\/1"}],"replies":[{"embeddable":true,"href":"http:\/\/www.affinite.fr\/index.php\/wp-json\/wp\/v2\/comments?post=6049"}],"version-history":[{"count":0,"href":"http:\/\/www.affinite.fr\/index.php\/wp-json\/wp\/v2\/posts\/6049\/revisions"}],"wp:featuredmedia":[{"embeddable":true,"href":"http:\/\/www.affinite.fr\/index.php\/wp-json\/wp\/v2\/media\/6050"}],"wp:attachment":[{"href":"http:\/\/www.affinite.fr\/index.php\/wp-json\/wp\/v2\/media?parent=6049"}],"wp:term":[{"taxonomy":"category","embeddable":true,"href":"http:\/\/www.affinite.fr\/index.php\/wp-json\/wp\/v2\/categories?post=6049"},{"taxonomy":"post_tag","embeddable":true,"href":"http:\/\/www.affinite.fr\/index.php\/wp-json\/wp\/v2\/tags?post=6049"}],"curies":[{"name":"wp","href":"https:\/\/api.w.org\/{rel}","templated":true}]}}