{"id":6047,"date":"2021-03-09T20:06:07","date_gmt":"2021-03-09T20:06:07","guid":{"rendered":"https:\/\/www.affinite.fr\/index.php\/2021\/03\/09\/hospitalisations-toujours-en-hausse-bilan\/"},"modified":"2021-03-09T20:06:07","modified_gmt":"2021-03-09T20:06:07","slug":"hospitalisations-toujours-en-hausse-bilan","status":"publish","type":"post","link":"http:\/\/www.affinite.fr\/index.php\/2021\/03\/09\/hospitalisations-toujours-en-hausse-bilan\/","title":{"rendered":"hospitalisations toujours en hausse, bilan"},"content":{"rendered":"<p> [ad_1]<br \/>\n<\/p>\n<p>\n                CORONAVIRUS DIRECT &#8211; La situation continue de s&rsquo;aggraver. Le nombre de personnes hospitalis\u00e9es augmente toujours. 23\u00a0302\u00a0nouveaux cas de contamination et 298\u00a0d\u00e9c\u00e8s sont enregistr\u00e9s en 24\u00a0heures. Derniers chiffres et actualit\u00e9s sur la vaccination, les tests, le nombre de cas, de d\u00e9c\u00e8s, en r\u00e9animation par r\u00e9gion.            <\/p>\n<div>\n<aside class=\"ccmsummary marqueur_module ccmcss_cms_summary ccmcss_cms_summary--right\">\n<p>\u00a0Sommaire<\/p>\n<\/aside>\n<p><strong>[Mis\u00a0\u00e0 jour le mardi 9 mars \u00e0 19h13<\/strong><b>]<\/b>\u00a0La situation continue de se d\u00e9grader en France, avec la progression des variants et l&rsquo;accroissement de\u00a0<strong>la tension hospitali\u00e8re<\/strong>. Pour autant, la vaccination s&rsquo;acc\u00e9l\u00e8re. D&rsquo;ici l&rsquo;\u00e9t\u00e9, l&rsquo;objectif est d&rsquo;administrer la premi\u00e8re dose du vaccin anti-Covid \u00e0\u00a030 millions de personnes. L&rsquo;\u00cele-de-France inqui\u00e8te. Malgr\u00e9 tout, \u00ab\u00a0<em>un confinement n&rsquo;est pas d&rsquo;actualit\u00e9<\/em>\u00ab\u00a0, assure\u00a0mardi 9 mars\u00a0le directeur g\u00e9n\u00e9ral de la Sant\u00e9 J\u00e9r\u00f4me Salomon sur le plateau d&rsquo;Yves Calvi sur RTL. Et d&rsquo;appeler les Fran\u00e7ais \u00e0 \u00ab\u00a0<strong><em>la mobilisation maximale<\/em><\/strong>\u00a0\u00bb pendant encore \u00ab\u00a0<strong><em>six semaines de forte tension<\/em>\u00ab\u00a0<\/strong>. Lundi, l&rsquo;Agence r\u00e9gionale de Sant\u00e9 a demand\u00e9 aux h\u00f4pitaux et aux cliniques franciliens\u00a0de <strong>d\u00e9programmer 40% de leurs actes m\u00e9dicaux<\/strong> et chirurgicaux afin de r\u00e9server un maximum de lits de r\u00e9animations aux malades de la Covid-19.\u00a0Mardi\u00a09\u00a0mars, 3 918\u00a0personnes se trouvent en\u00a0r\u00e9animation (+69\u00a0en 24 heures) et plus de 25\u00a0200 sont hospitalis\u00e9s. Ces chiffres sont les plus haut depuis fin novembre et augmentent progressivement, notamment en r\u00e9animation. Compte tenu de ces chiffres, l&rsquo;all\u00e8gement des mesures n&rsquo;est pas au programme de cette semaine.\u00a0Il faudra attendre <strong>le mois d&rsquo;avril<\/strong> pour voir les premiers assouplissements, avec une potentielle r\u00e9ouverture des restaurants et des lieux culturels.\u00a0Quels sont les <strong>chiffres aujourd&rsquo;hui<\/strong> de l&rsquo;\u00e9pid\u00e9mie ? Combien d&rsquo;hospitalisations, de cas en <strong>r\u00e9animation<\/strong>, de <strong>d\u00e9c\u00e8s <\/strong>?\u00a0<span style=\"font-size: 1rem;\">Que disent les\u00a0<\/span><a data-auth=\"NotApplicable\" href=\"https:\/\/sante.journaldesfemmes.fr\/fiches-maladies\/2667643-carte-covid-19-france-departement-incidence-commune-ile-de-france-monde-europe-region-zone-rouge\/\" rel=\"noopener noreferrer\" style=\"font-size: 1rem; background-color: rgb(255, 255, 255);\" target=\"_blank\">cartes<\/a><span style=\"font-size: 1rem;\"> de suivi de l&rsquo;\u00e9pid\u00e9mie ? Quels sont les <\/span><a href=\"https:\/\/sante.journaldesfemmes.fr\/fiches-maladies\/2630075-symptomes-coronavirus-covid-19-mal-gorge-tete-nez-coule-que-faire-variant-long-bebe-toux\/\" style=\"font-size: 1rem; background-color: rgb(255, 255, 255);\" target=\"_blank\" rel=\"noopener noreferrer\">sympt\u00f4mes du coronavirus<\/a><span style=\"font-size: 1rem;\"> ? Quand <\/span><a href=\"https:\/\/sante.journaldesfemmes.fr\/fiches-maladies\/2621211-isolement-covid-19-coronavirus-duree-10-jours-positif-cas-contact-variant-certificat-attestation\/\" style=\"font-size: 1rem; background-color: rgb(255, 255, 255);\" target=\"_blank\" rel=\"noopener noreferrer\">s&rsquo;isoler et combien de temps<\/a><span style=\"font-size: 1rem;\"> ?\u00a0<\/span><a data-auth=\"NotApplicable\" href=\"https:\/\/sante.journaldesfemmes.fr\/fiches-maladies\/2629823-taux-de-reproduction-covid-france-coronavirus-r0-r-effectif-calcul-carte-evolution-aujourd-hui-definition\/\" rel=\"noopener noreferrer\" style=\"font-size: 1rem; background-color: rgb(255, 255, 255);\" target=\"_blank\">Quel est le taux de R0 du virus<\/a><span style=\"font-size: 1rem;\">\u00a0? Quand est-on <\/span><a href=\"https:\/\/sante.journaldesfemmes.fr\/fiches-maladies\/2679521-contagion-covid-19-combien-de-temps-jours-duree-asymptomatique-symptomes-incubation-contagieux\/\" style=\"font-size: 1rem; background-color: rgb(255, 255, 255);\" target=\"_blank\" rel=\"noopener noreferrer\">contagieux<\/a><span style=\"font-size: 1rem;\"> ? Que sait-on des\u00a0<\/span><a href=\"https:\/\/sante.journaldesfemmes.fr\/fiches-maladies\/2620433-vaccin-coronavirus-covid-19-pfizer-moderna-sanofi-spoutnik-chinois-johnson-astrazeneca-different\/\" style=\"font-size: 1rem; background-color: rgb(255, 255, 255);\" target=\"_blank\" rel=\"noopener noreferrer\">vaccins<\/a><span style=\"font-size: 1rem;\">\u00a0? Des\u00a0<\/span><a href=\"https:\/\/sante.journaldesfemmes.fr\/fiches-maladies\/2686947-effets-secondaires-indesirable-vaccin-covid-ansm-france-pfizer-moderna-astrazeneca-2-eme-injection\/\" style=\"font-size: 1rem; background-color: rgb(255, 255, 255);\" target=\"_blank\" rel=\"noopener noreferrer\">effets secondaires<\/a><span style=\"font-size: 1rem;\">\u00a0apr\u00e8s la vaccination ? Chiffres et infos du jour.<\/span><\/p>\n<div style=\"text-align:center\">\n<figure class=\"image\" style=\"display:inline-block\"><a class=\"fancy\" href=\"https:\/\/img-3.journaldesfemmes.fr\/p2CWuclfvMMpoHLBUHHz4Dane5E=\/1080x\/smart\/bccfd60543fa42799a5747d8937b17ad\/ccmcms-jdf\/22876349.jpg\"><img decoding=\"async\" alt=\"liste departement vigilance covid\" src=\"https:\/\/img-3.journaldesfemmes.fr\/p2CWuclfvMMpoHLBUHHz4Dane5E=\/1080x\/smart\/bccfd60543fa42799a5747d8937b17ad\/ccmcms-jdf\/22876349.jpg\"\/><\/a><figcaption data-credit=\"Twitter du Gouvernement\" data-legend=\"Liste des 23 d\u00e9partements sous surveillance renforc\u00e9e au 4 mars\">Liste des 23 d\u00e9partements sous surveillance renforc\u00e9e au 4 mars <small>\u00a9\u00a0Twitter du Gouvernement<\/small><\/figcaption><\/figure>\n<\/div>\n<ul>\n<li>\u00a0<strong>Confinement prolong\u00e9 \u00e0 Dunkerque. <\/strong>Le pr\u00e9fet du Nord a d\u00e9cid\u00e9, en concertation avec les \u00e9lus locaux, de prolonger le confinement\u00a0pour les trois prochains week-ends, indique un communiqu\u00e9 diffus\u00e9 ce mardi apr\u00e8s-midi. La situation reste \u00ab\u00a0particuli\u00e8rement tendue\u00a0\u00bb, avec un taux d&rsquo;incidence \u00e9lev\u00e9 et une pression hospitali\u00e8re forte.\u00a0<\/li>\n<li><strong>Commande de doses pour les m\u00e9decins.<\/strong> \u00ab\u00a0<em>Nous allons rouvrir aux m\u00e9decins d\u00e8s la fin de la semaine les r\u00e9servations de doses pour la semaine du 22\u00a0mars<\/em>\u00ab\u00a0, annonce Olivier V\u00e9ran lors d&rsquo;un d\u00e9placement avec le Premier ministre, Jean Castex, \u00e0 l&rsquo;h\u00f4pital de Cosne-Cours-sur-Loire (Ni\u00e8vre). Les m\u00e9decins lib\u00e9raux pourront donc commander de nouveau des doses de vaccin \u00ab\u00a0<em>d\u00e8s la fin de cette semaine\u00a0\u00bb<\/em>.\u00a0<\/li>\n<li><strong>Vaccination obligatoire pour les soignants. <\/strong>L&rsquo;Acad\u00e9mie de M\u00e9decine recommande, dans un communiqu\u00e9 diffus\u00e9 ce mardi matin, la vaccination obligatoire pour tous les professionnels de sant\u00e9\u00a0exer\u00e7ant dans le secteur public ou lib\u00e9ral, dans les \u00e9tablissements de sant\u00e9 et dans les Ehpads, ainsi que pour les auxilliaires de vie pour personnes \u00e2g\u00e9es. \u00ab\u00a0<em>L&rsquo;h\u00e9sitation vaccinale est \u00e9thiquement inacceptable chez les soignants<\/em>\u00ab\u00a0, \u00e9crit l&rsquo;institution dans <a href=\"https:\/\/twitter.com\/acadmed\/status\/1369202137943703554\" target=\"_blank\" rel=\"noopener noreferrer\">son communiqu\u00e9<\/a>.\u00a0<\/li>\n<li><strong>La situation en Ile-de-France examin\u00e9e ce mercredi.<\/strong> \u00ab\u00a0<em>Il y aura un r\u00e9examen de la situation sur l&rsquo;ensemble du territoire, et notamment l&rsquo;Ile-de-France, lors du Conseil de d\u00e9fense sanitaire<\/em>\u00a0\u00bb qui se tiendra ce\u00a0mercredi, a pr\u00e9venu \u00e0 l&rsquo;AFP le minist\u00e8re de la Sant\u00e9. Pour autant,\u00a0\u00ab\u00a0<em>l&rsquo;\u00cele-de-France est probablement la r\u00e9gion que nous surveillons le plus<\/em>\u00ab\u00a0, admet J\u00e9r\u00f4me Salomon, le directeur g\u00e9n\u00e9ral de la Sant\u00e9, invit\u00e9 de RTL ce mardi matin.<\/li>\n<li><strong>Confinement \u00e0 Wallis et Futuna. <\/strong>Apr\u00e8s la d\u00e9tection de 36 cas de Covid-19 en trois jours, l&rsquo;archipel de Wallis et Futuna entre dans un confinement \u00ab\u00a0strict et contr\u00f4l\u00e9\u00a0\u00bb pendant deux semaines depuis ce mardi 6h du matin, annonce l&rsquo;Administration sup\u00e9rieure des \u00eeles Herv\u00e9 Jonathan \u00e0 la t\u00e9l\u00e9vision Wallis et Futuna la 1\u00e8re, ce lundi 8 mars.\u00a0\u00a0<\/li>\n<li><strong>Les g\u00e9n\u00e9ralistes priv\u00e9s de doses d&rsquo;AstraZeneca. <\/strong>Une note de la Direction g\u00e9n\u00e9rale de la sant\u00e9 (DGS) informe que la commande de doses de vaccins \u00ab\u00a0<em>ne sera ouverte que pour les besoins des officines<\/em>\u00ab\u00a0, o\u00f9 la vaccination commencera la semaine prochaine.\u00a0Autrement dit,\u00a0<strong>les m\u00e9decins g\u00e9n\u00e9ralistes ne pourront pas commander<\/strong>, la semaine du 8\u00a0mars, de nouvelles doses de vaccins compte tenu du stock important d&rsquo;AstraZeneca d\u00e9j\u00e0 disponible (environ 28\u00a0000\u00a0flacons disponibles \u00e0 la commande).\u00a0Les m\u00e9decins ont exprim\u00e9 leur m\u00e9contentement, notamment dans <a href=\"https:\/\/www.lesml.org\/fr\/169-les-articles-du-sml.php?actu=6554-vaccination-le-sml-juge-scandaleuse-la-decision-de-stopper-lapprovisionnement-des-medecins\" target=\"_blank\" rel=\"noopener noreferrer\">un communiqu\u00e9 du syndicat de g\u00e9n\u00e9raliste MF France<\/a> r\u00e9clamant la d\u00e9mission de J\u00e9r\u00f4me Salomon, directeur g\u00e9n\u00e9ral de la Sant\u00e9. L&rsquo;ordre des m\u00e9decins estime que le message de la DGS \u00ab\u00a0<em>est inacceptable et doit \u00eatre d\u00e9menti par le ministre Olivier V\u00e9ran<\/em>\u00ab\u00a0, dans <a href=\"https:\/\/twitter.com\/ordre_medecins\/status\/1368866148142481409\" target=\"_blank\" rel=\"noopener noreferrer\">un tweet<\/a> publi\u00e9 ce lundi 8\u00a0mars.\u00a0<\/li>\n<li><strong>D\u00e9programmation des op\u00e9rations en Ile-de-France.\u00a0<\/strong>L&rsquo;Agence r\u00e9gionale de la Sant\u00e9\u00a0d&rsquo;\u00cele-de-France a donn\u00e9 \u00ab\u00a0<em>l&rsquo;ordre <a href=\"http:\/\/www.affinite.fr\/index.php\/2022\/10\/22\/la-creme-glacee-la-nouvelle-culture-commerciale\/\">ferme<\/a><\/em>\u00a0\u00bb aux h\u00f4pitaux et aux cliniques de la r\u00e9gion\u00a0de d\u00e9programmer 40% de leurs activit\u00e9s m\u00e9dicales et chirurgicales, afin de pouvoir augmenter le nombre de lits de r\u00e9animation consacr\u00e9s\u00a0aux patients Covid-19, a indiqu\u00e9 lundi le directeur g\u00e9n\u00e9ral, Aur\u00e9lien Rousseau.<\/li>\n<\/ul>\n<p><span style=\"font-size: 1rem;\">\u200b\u200b<\/span><a id=\"nouvelles-mesures-covid-france\" name=\"nouvelles-mesures-covid-france\" style=\"font-size: 1.125rem; background-color: rgb(255, 255, 255);\">Quelles sont les mesures anti Covid-19 en France ?<\/a><\/p>\n<p>Le 25 f\u00e9vrier, le gouvernement a indiqu\u00e9 que la d\u00e9cision de nouvelles restrictions se base sur 4 indicateurs\u00a0:<\/p>\n<ul>\n<li>le niveau d&rsquo;incidence \u00e9lev\u00e9 du virus (+250 cas pour 100 000 habitants)<\/li>\n<li>la part importante des variantes dans les contaminations (+50%)<\/li>\n<li>la pression hospitali\u00e8re proche du seuil critique<\/li>\n<li>la circulation virale qui s&rsquo;acc\u00e9l\u00e8re fortement<\/li>\n<\/ul>\n<p>Pour freiner la reprise de l&rsquo;\u00e9pid\u00e9mie de Covid-19, le gouvernement a d\u00e9cid\u00e9 de mettre en place un couvre-feu <strong>de 18 heures \u00e0 6 heures du matin,<\/strong>\u00a0<strong>depuis le\u00a0samedi 16\u00a0janvier 2021.<\/strong> Les mesures de restrictions en vigueur en France sont\u00a0:<\/p>\n<ul>\n<li>Les centres commerciaux non-alimentaires de plus de 20\u00a0000\u00a0m<sup>2\u00a0<\/sup>sont ferm\u00e9s (magasins de bricolage, de pr\u00eat-\u00e0-porter, de d\u00e9coration\u2026).<\/li>\n<li>La pratique sportive ou la promenade en plein air est interdite pendant les horaires de couvre-feu\u00a0;<\/li>\n<li>Pendant la journ\u00e9e, les d\u00e9placements sont autoris\u00e9s et l&rsquo;attestation n&rsquo;est pas n\u00e9cessaire\u00a0;<\/li>\n<li>Les d\u00e9placements entre r\u00e9gions sont autoris\u00e9s\u00a0;<\/li>\n<li>Les d\u00e9placements en provenance ou \u00e0 destination d&rsquo;un pays ext\u00e9rieur \u00e0 l&rsquo;Union europ\u00e9enne sont interdits, sauf motif imp\u00e9rieux<\/li>\n<li>Les lieux de culte doivent respecter une certaine jauge\u00a0\u00a0;<\/li>\n<li>Les salles de cin\u00e9ma, les th\u00e9\u00e2tres et les mus\u00e9es restent ferm\u00e9s ;<\/li>\n<li>L&rsquo;accueil du public dans les enceintes sportives, dans les cirques, les parcs zoologiques ou encore les salles de jeux et les casinos est interdit\u00a0;<\/li>\n<li>Les restaurants et les caf\u00e9s sont ferm\u00e9s.<\/li>\n<li>Depuis\u00a0le dimanche 31\u00a0janvier \u00e0 minuit, la France a ferm\u00e9 ses fronti\u00e8res\u00a0aux pays ext\u00e9rieurs \u00e0 l&rsquo;Union europ\u00e9enne, sauf pour \u00ab\u00a0motifs imp\u00e9rieux\u00a0\u00bb.<\/li>\n<li>Un test RT-PCR n\u00e9gatif datant de moins de 72 heures est obligatoire pour entrer en Corse, d\u00e8s l&rsquo;\u00e2ge de 11 ans, jusqu&rsquo;\u00e0 nouvel ordre.<\/li>\n<\/ul>\n<p><strong>D\u00e9placements autoris\u00e9s apr\u00e8s 18\u00a0heures sur <a href=\"https:\/\/www.interieur.gouv.fr\/Actualites\/L-actu-du-Ministere\/Attestations-de-deplacement-couvre-feu\" target=\"_blank\" rel=\"noopener noreferrer\">attestation<\/a> :<\/strong><\/p>\n<ul>\n<li>se rendre ou revenir de son lieu de travail, \u00e0 une <a href=\"http:\/\/www.affinite.fr\/index.php\/2022\/11\/09\/formation-de-glacier-apprenez-le-metier-de-glacier-et-changez-votre-vie\/\">formation<\/a> professionnelle, effectuer un d\u00e9placement professionnel ne pouvant \u00eatre report\u00e9\u00a0;<\/li>\n<li>des motifs familiaux imp\u00e9rieux, pour l&rsquo;assistance aux personnes vuln\u00e9rables et pr\u00e9caires, notamment aux personnes en situation de handicap ou pour la garde d&rsquo;enfants\u00a0;<\/li>\n<li>des motifs m\u00e9dicaux\u00a0: aller \u00e0 l&rsquo;h\u00f4pital, examens et soins ne pouvant \u00eatre assur\u00e9s \u00e0 distance et achat de m\u00e9dicaments\u00a0;<\/li>\n<li>participer \u00e0 des missions d&rsquo;int\u00e9r\u00eat g\u00e9n\u00e9ral sur demande de l&rsquo;autorit\u00e9 administrative (maraudes des associations de lutte contre la pauvret\u00e9 ou distributions d&rsquo;aides alimentaires \u00e0 domicile)\u00a0;<\/li>\n<li>les personnes en situation de handicap et leur accompagnant\u00a0;<\/li>\n<li>promener un animal domestique autour de son domicile.<\/li>\n<\/ul>\n<p>Le Premier ministre Jean Castex et\u00a0le ministre de la Sant\u00e9 Olivier V\u00e9ran ont tenu\u00a0une conf\u00e9rence de presse jeudi 4 mars pour\u00a0faire un point sur l&rsquo;\u00e9pid\u00e9mie. Les annonces en vigueur \u00e0 partir du 6 mars :<\/p>\n<ul>\n<li>Le d\u00e9partement du <strong>Pas-de-Calais <\/strong>bascule en confinement durant les week-end\u00a0\u00e0 compter de samedi 6\u00a0mars, 6\u00a0heures, jusqu&rsquo;\u00e0 18\u00a0heures le dimanche, et jusqu&rsquo;\u00e0 nouvel ordre. Les grandes surfaces non-alimentaires de plus de 5\u00a0000\u00a0m2\u00a0seront ferm\u00e9es dans ce d\u00e9partement. Le taux d&rsquo;incidence dans ce d\u00e9partement \u00e9tant \u00e0 un niveau tr\u00e8s \u00e9lev\u00e9,\u00a0de 400\u00a0\/ 100\u00a0000\u00a0habitants.<\/li>\n<li>Trois d\u00e9partements\u00a0: <strong>les Hautes-Alpes, l&rsquo;Aisne et l&rsquo;Aube,<\/strong> ont d\u00e9pass\u00e9 le taux d&rsquo;incidence de 250\u00a0\/ 100\u00a0000\u00a0habitants et rejoignent la liste des 20\u00a0d\u00e9partements sous surveillance renforc\u00e9e.<\/li>\n<li>Dans les <strong>23\u00a0d\u00e9partements en vigilance renforc\u00e9e <\/strong>: les grandes surfaces non-alimentaires\u00a0et centres commerciaux de plus de 10\u00a0000\u00a0m2\u00a0seront ferm\u00e9s. Le <strong>port du masque devient obligatoire <\/strong>dans les zones urbaines de ces d\u00e9partements d\u00e8s vendredi soir minuit, et les lieux trop fr\u00e9quent\u00e9s seront ferm\u00e9s. La vaccination va s&rsquo;acc\u00e9l\u00e9rer dans ces d\u00e9partements avec l&rsquo;ouverture demand\u00e9e pendant 2\u00a0jours de \u00ab\u00a0nombreux\u00a0\u00bb centres de vaccination et de centres \u00e9ph\u00e9m\u00e8res.<\/li>\n<li>La situation s&rsquo;am\u00e9liore dans les Bouches-du-Rh\u00f4ne et la Moselle.<\/li>\n<li>La circulation du virus baisse chez les personnes\u00a0\u00e2g\u00e9es de plus de 80\u00a0ans, une \u00ab\u00a0tr\u00e8s bonne nouvelle\u00a0\u00bb li\u00e9e aux premiers effets de la vaccination.<\/li>\n<li>Plus de 80\u00a0% des r\u00e9sidents en Ehpad ont re\u00e7u une premi\u00e8re dose de vaccin et 60\u00a0% une seconde dans ces \u00e9tablissements.<\/li>\n<li>Vaccination\u00a0: d&rsquo;ici la mi-avril, 10\u00a0millions de personnes auront re\u00e7u une premi\u00e8re dose, 20\u00a0millions d&rsquo;ici mi-mai, 30\u00a0millions cet \u00e9t\u00e9.<\/li>\n<li>La <strong>vaccination en pharmacie<\/strong> sera possible d\u00e8s le 15\u00a0mars. Aucune ordonnance ne sera demand\u00e9e pour les personnes d\u00e9j\u00e0 autoris\u00e9es \u00e0 se faire vacciner.<\/li>\n<li>Des <strong>tests salivaires<\/strong> seront distribu\u00e9s dans les cr\u00e8ches, les \u00e9tablissements sanitaires et les Ehpad comme cela est d\u00e9j\u00e0 le cas dans les \u00e9tablissements scolaires.<\/li>\n<\/ul>\n<p>A d\u00e9faut de reconfiner tout l&rsquo;Hexagone, le gouvernement a d\u00e9cid\u00e9 de confiner uniquement certaines zones particuli\u00e8rement sous tension, avec un confinement en vigueur le week-end.<\/p>\n<p><strong>A Dunkerque :\u00a0<\/strong><\/p>\n<ul>\n<li><strong>Confinement <\/strong>pour les weekends du 27-28\u00a0f\u00e9vrier et du 6-7\u00a0mars.\u00a0Les d\u00e9placements resteront possibles pour certains motifs tels que les achats de premi\u00e8re n\u00e9cessit\u00e9 ou m\u00e9dicaux.\u00a0<\/li>\n<li>Les commerces autres qu&rsquo;alimentaires seront ferm\u00e9s, ainsi que les centres commerciaux dont la superficie est sup\u00e9rieure \u00e0 5000m\u00b2.\u00a0<\/li>\n<li>La vente d&rsquo;alcool \u00e0 emporter ainsi que la consommation d&rsquo;alcool sur la voie publique est interdite\u00a0dans l&rsquo;ensemble du d\u00e9partement du Nord.\u00a0<\/li>\n<\/ul>\n<p><strong>Dans les Alpes-Maritimes <\/strong>;<strong>\u00a0<\/strong><\/p>\n<ul>\n<li>Confinement du vendredi \u00e0 18h au lundi 6h pour les week-ends du 27-28 f\u00e9vrier et du 6-7 mars\u00a0dans les communes de <strong>Menton \u00e0 Th\u00e9oule-sur-Mer<\/strong>, zone du littoral qui concentre pr\u00e8s de 90% du d\u00e9partement. Seules les sorties d&rsquo;une heures pour faire les courses, aller chez le m\u00e9decin, promener son animal de compagnie, faire du sport ou une promenade dans un rayon de 5 km autour de son domicile sont admises.<\/li>\n<li>Fermeture des commerces de plus de 5000\u00a0m<sup>2<\/sup>\u00a0\u00e0 l&rsquo;exception des commerces alimentaires et des pharmacies<\/li>\n<li>Jauge d&rsquo;accueil de 15m\u00b2\u00a0par client pour les commerces de plus de 400m<sup>2<\/sup><\/li>\n<li>Interdiction de mettre de la musique amplifi\u00e9e ou de consommer de l&rsquo;alcool sur la voie publique.<\/li>\n<li>Acc\u00e9l\u00e9ration de la vaccination avec la r\u00e9ception de 4 500 doses suppl\u00e9mentaires du vaccin Pfizer-BioNTech.<\/li>\n<li>Obligation de porter le masque dans tout le d\u00e9partement \u00ab\u00a0<em>dans toutes les zones \u00e0 forte fr\u00e9quentation de toutes les communes du d\u00e9partement<\/em>\u00ab\u00a0.<\/li>\n<li>Renforcement des contr\u00f4les aux a\u00e9roports des Alpes-Maritimes et \u00e0 la fronti\u00e8re italienne.<\/li>\n<\/ul>\n<p><strong>Dans le Pas-de-Calais :<\/strong><\/p>\n<p>Le d\u00e9partement du Pas-de-Calais bascule en confinement durant les week-ends \u00e0 compter de samedi 6\u00a0mars, de 6\u00a0heures, \u00e0 18\u00a0heures dimanche, jusqu&rsquo;\u00e0 nouvel ordre.<\/p>\n<ul>\n<li>Les grandes surfaces de plus de 5\u00a0000\u00a0m2\u00a0seront ferm\u00e9es dans ce d\u00e9partement.<\/li>\n<li>Le taux d&rsquo;incidence dans ce d\u00e9partement est \u00e0 un niveau tr\u00e8s \u00e9lev\u00e9, de 400\u00a0\/ 100\u00a0000\u00a0habitants.<\/li>\n<\/ul>\n<p><strong>Selon les derniers chiffres publi\u00e9s par <a href=\"https:\/\/dashboard.covid19.data.gouv.fr\/vue-d-ensemble?location=FRA\" target=\"_blank\" rel=\"noopener noreferrer\">le\u00a0gouvernement<\/a>, au mardi 9\u00a0mars, en France\u00a0:<\/strong><\/p>\n<p>\u2022 3 932 862\u00a0personnes ont \u00e9t\u00e9 contamin\u00e9es par le coronavirus\u00a0<strong>(+23 302\u00a0<\/strong><strong>en 24\u00a0heures).<\/strong><\/p>\n<p>\u2022 89 301\u00a0personnes sont d\u00e9c\u00e9d\u00e9es en France\u00a0<strong>(+298 en 24\u00a0heures),<\/strong><strong>\u00a0<\/strong>dont 64 057\u00a0\u00e0 l&rsquo;h\u00f4pital, auxquels se sont ajout\u00e9s 70 d\u00e9c\u00e8s en Ephad et ESMS entre le 5\u00a0et le 9\u00a0mars.<\/p>\n<p>\u2022 3 918\u00a0patients Covid-19 sont en r\u00e9animation (+69 en 24 heures).<\/p>\n<p>\u2022 25 201\u00a0patients Covid-19 sont hospitalis\u00e9s (+6 en 24 heures).<\/p>\n<blockquote>\n<p style=\"text-align: right;\">\u00a0<\/p>\n<\/blockquote>\n<blockquote>\n<p style=\"text-align: right;\">\u00a0<\/p>\n<\/blockquote>\n<p>\u00ab\u00a0<em>Depuis une semaine, la circulation du virus a continu\u00e9\u00a0de progresser mais \u00e0 une vitesse moindre \u00e0 ce que nous pouvions\u00a0craindre\u00a0\u00bb<\/em>\u00a0a indiqu\u00e9 le Premier ministre<strong> Jean Castex<\/strong>\u00a0jeudi 4 mars dans son point sur l&rsquo;\u00e9volution de l&rsquo;\u00e9pid\u00e9mie. \u00ab\u00a0<em>La circulation du virus s&rsquo;est acc\u00e9l\u00e9r\u00e9e depuis une quinzaine de jours, et d\u00e9sormais le <strong>variant anglais repr\u00e9sente 60% des contaminations<\/strong><\/em>\u00ab\u00a0, a pr\u00e9cis\u00e9 le chef du gouvernement. Apr\u00e8s plusieurs mois marqu\u00e9s par un plateau se situant aux alentours de 15 000-20 000 cas par jour, la courbe de l&rsquo;incidence des cas repart \u00e0 la hausse.<em> \u00ab\u00a0Le virus progresse en France comme presque partout en Europe (&#8230;) m\u00eame dans les pays qui ont confin\u00e9\u00a0\u00bb <\/em>a soulign\u00e9 le Premier ministre.<\/p>\n<ul>\n<li>Les r\u00e9gions les plus touch\u00e9es sont : Provence-Alpes-C\u00f4te d&rsquo;Azur, Hauts-de-France et \u00cele-de-France.<\/li>\n<li>60% des nouveaux cas de Covid sont positifs au variant anglais, contre 49% la semaine pr\u00e9c\u00e9dente (6% pour les variants sud-africain et br\u00e9silien).<\/li>\n<li>La\u00a0proportion de cas-contacts devenus cas positif a augment\u00e9 au cours de la semaine du 22-28 f\u00e9vrier.<\/li>\n<li>Le taux de positivit\u00e9 des tests (7,3%) est en hausse sur la semaine du 22-28\u00a0f\u00e9vrier par rapport \u00e0 celui de la semaine pr\u00e9c\u00e9dente (+0,7\u00a0point).<\/li>\n<li><strong>21\u00a0330\u00a0cas ont \u00e9t\u00e9 confirm\u00e9s en moyenne chaque jour<\/strong> au cours de la semaine du 22-28 f\u00e9vrier.<\/li>\n<li>Le<strong> taux d&rsquo;incidence augmente de +7%<\/strong>, dans toutes les classes d&rsquo;\u00e2ge sauf chez les 75 ans et plus (-7%).<\/li>\n<\/ul>\n<div style=\"text-align:center\">\n<figure class=\"image\" style=\"display:inline-block\"><a class=\"fancy\" href=\"https:\/\/img-3.journaldesfemmes.fr\/KmknD3x2wQn4g46S3LDUyfLwK44=\/1080x\/smart\/145a28ea698e41cebb9bfd0bfb4e3e43\/ccmcms-jdf\/22877057.jpg\"><img decoding=\"async\" alt=\"\u00c9volution des taux d\u2019incidence et taux de d\u00e9pistage covid france\" src=\"https:\/\/img-3.journaldesfemmes.fr\/GrKws43Xgy3V_c9Zz_QMhKGdihU=\/600x\/smart\/145a28ea698e41cebb9bfd0bfb4e3e43\/ccmcms-jdf\/22877057.jpg\"\/><\/a><figcaption data-credit=\"Sant\u00e9 Publique France\" data-legend=\"\u00c9volution des taux d\u2019incidence et taux de d\u00e9pistage par semaine, depuis la semaine 23-2020, France (donn\u00e9es au 3 mars 2021)\">\u00c9volution des taux d\u2019incidence et taux de d\u00e9pistage par semaine, depuis la semaine 23-2020, France (donn\u00e9es au 3 mars 2021) <small>\u00a9\u00a0Sant\u00e9 Publique France<\/small><\/figcaption><\/figure>\n<\/div>\n<p>Le gouvernement suit \u00e9galement l&rsquo;\u00e9volution du taux d&rsquo;occupation des lits en r\u00e9animation par des patients Covid-19 (sur les capacit\u00e9s initiales). Ce taux met en lumi\u00e8re une \u00e9ventuelle tension hospitali\u00e8re.\u00a0<\/p>\n<div style=\"text-align:center\">\n<figure class=\"image\" style=\"display:inline-block\"><a class=\"fancy\" href=\"https:\/\/img-3.journaldesfemmes.fr\/oVfv-zTZVBxy0k2cCON3hblN0xw=\/1080x\/smart\/071277fe015044b38350fcba01369d57\/ccmcms-jdf\/22995654.png\"><img decoding=\"async\" alt=\"Taux d'occupation des lits en r\u00e9animation au 9 mars par des patients Covid-19\" src=\"https:\/\/img-3.journaldesfemmes.fr\/luVtjbwQWekvQhGHgsosQx1AzfE=\/450x\/smart\/071277fe015044b38350fcba01369d57\/ccmcms-jdf\/22995654.png\"\/><\/a><figcaption data-credit=\"Gouvernement.fr\" data-legend=\"Taux d'occupation des lits en r\u00e9animation au 9 mars par des patients Covid-19\">Taux d&rsquo;occupation des lits en r\u00e9animation au 9 mars par des patients Covid-19 <small>\u00a9\u00a0Gouvernement.fr<\/small><\/figcaption><\/figure>\n<\/div>\n<p>Le\u00a0<strong>pic \u00e9pid\u00e9mique<\/strong>\u00a0de la premi\u00e8re vague a \u00e9t\u00e9 observ\u00e9 la\u00a0<strong>semaine du 6\u00a0au 12\u00a0avril<\/strong>, soit 15\u00a0jours\u00a0apr\u00e8s la mise en \u0153uvre des mesures de confinement de la population g\u00e9n\u00e9rale, le 17\u00a0mars 2020. Le <strong>pic de la deuxi\u00e8me vague <\/strong>a eu lieu\u00a0du <strong>16\u00a0au 20\u00a0novembre,\u00a0<\/strong>trois semaines apr\u00e8s le deuxi\u00e8me confinement.<\/p>\n<p>La situation \u00e9pid\u00e9mique est jug\u00e9e \u00ab\u00a0tr\u00e8s pr\u00e9occupante\u00a0\u00bb dans <strong>23\u00a0d\u00e9partements d\u00e9sormais plac\u00e9s en \u00ab\u00a0vigilance renforc\u00e9e\u00a0\u00bb :\u00a0<\/strong>Alpes-Maritimes, Bouches-du-Rh\u00f4ne, Dr\u00f4me, Essonne, Eure-et-Loir, Hauts-de-Seine, Meurthe-et-Moselle, Moselle, Nord, Oise, Paris, Pas-de-Calais, Rh\u00f4ne, Seine-et-Marne, Seine-Saint-Denis, Somme, Val d&rsquo;Oise, Val-de-Marne, Var, Yvelines, Aisne, Aube, Hautes-Alpes.\u00a0\u00ab\u00a0<em>Ces territoires cumulent des indicateurs d\u00e9favorables\u00a0: un niveau d&rsquo;incidence \u00e9lev\u00e9, autour de 250\u00a0cas pour 100\u00a0000\u00a0habitants, une<strong> part de variant cinq fois sup\u00e9rieur \u00e0 50%<\/strong>, une pression hospitali\u00e8re proche du seuil critique et, enfin, une circulation virale qui commence \u00e0 s&rsquo;acc\u00e9l\u00e9rer s\u00e9rieusement<\/em>\u00ab\u00a0, a argu\u00e9 le Premier ministre le 4 mars.\u00a0<\/p>\n<p><iframe loading=\"lazy\" height=\"600\" src=\"https:\/\/geodes.santepubliquefrance.fr\/?view=map2&amp;indics=sp_ti_tp_7j.tx_pe_gliss&amp;serie=2021-02-15-2021-02-21&amp;lang=fr&amp;iframe=1\" width=\"600\"><\/iframe><\/p>\n<p>Au mardi 9\u00a0mars 2021, un total de<strong>\u00a03 932 862\u00a0<\/strong><strong>cas\u00a0confirm\u00e9s\u00a0<\/strong>de coronavirus est rapport\u00e9 depuis le d\u00e9but de la pand\u00e9mie.\u00a0En semaine 08\u00a0(du 22\u00a0au 28\u00a0f\u00e9vrier 2021), les<strong> nouvelles infections sont \u00e0 nouveau en hausse. <\/strong>Les indicateurs sont \u00e0 un niveau tr\u00e8s \u00e9lev\u00e9, t\u00e9moignant de l&rsquo;intensit\u00e9 de la circulation du Sars-CoV-2\u00a0sur l&rsquo;ensemble du territoire, avec des disparit\u00e9s \u00e0 l&rsquo;\u00e9chelle locale, indique Sant\u00e9 Publique France, le 4 mars. <em>\u00ab\u00a0Les variants plus transmissibles deviennent majoritaires, l&rsquo;\u00e9volution \u00e0 la hausse de l&rsquo;incidence d\u00e9partementale \u00e9tant d&rsquo;autant plus marqu\u00e9e que la proportion de variants est \u00e9lev\u00e9e. La <strong>tension sur le syst\u00e8me hospitalier s&rsquo;est accentu\u00e9e et risque de s&rsquo;aggraver dans les jours \u00e0 venir <\/strong>du fait de l&rsquo;augmentation des nouveaux cas confirm\u00e9s.\u00a0\u00bb<\/em> Une moyenne de<strong>\u00a021\u00a0330\u00a0cas ont \u00e9t\u00e9 confirm\u00e9s\u00a0chaque jour <\/strong>au cours de cette semaine 8. La proportion de<strong> cas-contacts\u00a0<\/strong>\u00e9tait en augmentation.<\/p>\n<h3 style=\"text-align: center;\">Nombre incident de cas confirm\u00e9s de COVID-19\u00a0par semaine (date de pr\u00e9l\u00e8vement), rapport\u00e9s \u00e0 Sant\u00e9 publique France du 11\u00a0mai 2020\u00a0au 28 f\u00e9vrier 2021, France (donn\u00e9es au 3 mars 2021).<\/h3>\n<div style=\"text-align:center\">\n<figure class=\"image\" style=\"display:inline-block\"><a class=\"fancy\" href=\"https:\/\/img-3.journaldesfemmes.fr\/UlOKVU_AG--CLxxwP1E1180UATc=\/1080x\/smart\/021541ff4b9840f7a3b4f21580ec74b7\/ccmcms-jdf\/22876746.jpg\"><img decoding=\"async\" alt=\"courbe cas covid france\" src=\"https:\/\/img-3.journaldesfemmes.fr\/dqvzzvqhUxuVzf3UzS-S7rtBgBs=\/600x\/smart\/021541ff4b9840f7a3b4f21580ec74b7\/ccmcms-jdf\/22876746.jpg\"\/><\/a><figcaption data-credit=\"Sant\u00e9 publique France\" data-legend=\"Nombre incident de cas confirm\u00e9s de COVID-19 par semaine (date de pr\u00e9l\u00e8vement), rapport\u00e9s \u00e0 Sant\u00e9 publique France du 11 mai 2020 au 28 f\u00e9vrier 2021, France (donn\u00e9es au 3 mars 2021)\">Nombre incident de cas confirm\u00e9s de COVID-19 par semaine (date de pr\u00e9l\u00e8vement), rapport\u00e9s \u00e0 Sant\u00e9 publique France du 11 mai 2020 au 28 f\u00e9vrier 2021, France (donn\u00e9es au 3 mars 2021) <small>\u00a9\u00a0Sant\u00e9 publique France<\/small><\/figcaption><\/figure>\n<\/div>\n<h3 style=\"text-align: center;\">Nombre de cas confirm\u00e9s de COVID-19\u00a0chez les r\u00e9sidents et le personnel en ESMS par semaine, entre le 20\u00a0juillet 2020\u00a0et le 28 f\u00e9vrier 2021, France<\/h3>\n<div style=\"text-align:center\">\n<figure class=\"image\" style=\"display:inline-block\"><a class=\"fancy\" href=\"https:\/\/img-3.journaldesfemmes.fr\/S4ekY7pAD0GoxKQCVt9TH62MKMg=\/1080x\/smart\/101c53c80ed84604848a6346e4c330c7\/ccmcms-jdf\/22876705.jpg\"><img decoding=\"async\" alt=\"courbe cas covid ehpad\" src=\"https:\/\/img-3.journaldesfemmes.fr\/ngBJpeKlKi8ZR9hi3XMFtWRhwkk=\/600x\/smart\/101c53c80ed84604848a6346e4c330c7\/ccmcms-jdf\/22876705.jpg\"\/><\/a><figcaption data-credit=\"Sant\u00e9 publique France\" data-legend=\"Nombre de cas confirm\u00e9s de COVID-19 chez les r\u00e9sidents et le personnel en ESMS par semaine, entre le 20 juillet 2020 et le 28 f\u00e9vrier 2021, France\">Nombre de cas confirm\u00e9s de COVID-19 chez les r\u00e9sidents et le personnel en ESMS par semaine, entre le 20 juillet 2020 et le 28 f\u00e9vrier 2021, France <small>\u00a9\u00a0Sant\u00e9 publique France<\/small><\/figcaption><\/figure>\n<\/div>\n<p>Mardi 9\u00a0mars,<strong>\u00a0+23 302\u00a0nouvelles personnes<\/strong>\u00a0ont re\u00e7u un test positif au Covid-19 par rapport \u00e0 la veille.<\/p>\n<h3 style=\"text-align: center;\">Nombre de patients positifs &#8211; quotidien &#8211; tous \u00e2ges jusqu&rsquo;au 28\u00a0f\u00e9vrier 2021<\/h3>\n<div style=\"text-align:center\">\n<figure class=\"image\" style=\"display:inline-block\"><a class=\"fancy\" href=\"https:\/\/img-3.journaldesfemmes.fr\/0WdED_J_MyL827LgklXwvYkZcEU=\/1080x\/smart\/a7299bce817244a1a8891a604d1f130b\/ccmcms-jdf\/22842603.jpg\"><img decoding=\"async\" alt=\"Nombre de patients positifs - quotidien - tous \u00e2ges\" src=\"https:\/\/img-3.journaldesfemmes.fr\/0WdED_J_MyL827LgklXwvYkZcEU=\/1080x\/smart\/a7299bce817244a1a8891a604d1f130b\/ccmcms-jdf\/22842603.jpg\"\/><\/a><figcaption data-credit=\"G\u00e9odes\" data-legend=\"Nombre de patients positifs - quotidien - tous \u00e2ges jusqu'au 28 f\u00e9vrier 2021\">Nombre de patients positifs &#8211; quotidien &#8211; tous \u00e2ges jusqu&rsquo;au 28 f\u00e9vrier 2021 <small>\u00a9\u00a0G\u00e9odes<\/small><\/figcaption><\/figure>\n<\/div>\n<p>Selon le dernier bulletin hebdomadaire de Sant\u00e9 Publique France, du 4 mars, le nombre de nouvelles admissions de patients Covid-19 \u00e9tait stable en semaine 7 et \u00e0 +2% pour la semaine 8 (22-28 f\u00e9vrier). 71% des cas Covid en r\u00e9animation sont\u00a0des hommes. L&rsquo;\u00e2ge m\u00e9dian des patients est de 68\u00a0ans.<\/p>\n<p><strong>Sur la semaine du 22 au 28\u00a0f\u00e9vrier :\u00a0<\/strong><\/p>\n<ul>\n<li>le taux hebdomadaire de nouvelles admissions en\u00a0r\u00e9animation augmente\u00a0en Centre-Val de Loire (+86%), Grand Est (+28%),<strong> \u00cele-de-France (+11%),<\/strong> Hauts-de-France (+5%) et Provence-Alpes-C\u00f4te d&rsquo;Azur (+4%).<\/li>\n<li>les plus forts taux hebdomadaires d&rsquo;admissions en\u00a0r\u00e9animation sont\u00a0rapport\u00e9s en\u00a0Provence-Alpes-C\u00f4te d&rsquo;Azur, Hauts-de-France, \u00cele-de-France, Centre-Val de Loire, Grand Est et Auvergne-Rh\u00f4ne-Alpes.<\/li>\n<\/ul>\n<p><strong>Mardi 9\u00a0mars,\u00a03 918\u00a0personnes sont\u00a0hospitalis\u00e9es\u00a0en\u00a0r\u00e9animation (+69\u00a0en 24 heures).\u00a0<\/strong><\/p>\n<div style=\"text-align:center\">\n<figure class=\"image\" style=\"display:inline-block\"><a class=\"fancy\" href=\"https:\/\/img-3.journaldesfemmes.fr\/q9nxLNeRp_4GPO82Pd4Z2HtDK2Q=\/1080x\/smart\/b56915289b1449d3ab8dd4b3282c7fd9\/ccmcms-jdf\/22876561.jpg\"><img decoding=\"async\" alt=\"Nombre de patients COVID-19 en services de r\u00e9animation, par date de d\u00e9claration, depuis le 23 mars 2020, France (donn\u00e9es au 23 f\u00e9vrier 2021)\" src=\"https:\/\/img-3.journaldesfemmes.fr\/AVST5qH1r2TcWwrjIjV5_IflcE8=\/600x\/smart\/b56915289b1449d3ab8dd4b3282c7fd9\/ccmcms-jdf\/22876561.jpg\"\/><\/a><figcaption data-credit=\"Sant\u00e9 publique France\" data-legend=\"Nombre de patients COVID-19 en services de r\u00e9animation, par date de d\u00e9claration, depuis le 23 mars 2020, France (donn\u00e9es au 2 mars 2021)\">Nombre de patients COVID-19 en services de r\u00e9animation, par date de d\u00e9claration, depuis le 23 mars 2020, France (donn\u00e9es au 2 mars 2021) <small>\u00a9\u00a0Sant\u00e9 publique France<\/small><\/figcaption><\/figure>\n<\/div>\n<p>Selon les <a href=\"https:\/\/www.gouvernement.fr\/info-coronavirus\/carte-et-donnees\" target=\"_blank\" rel=\"noopener noreferrer\">chiffres communiqu\u00e9s par le gouvernement<\/a>, consolid\u00e9s avec l&rsquo;Agence Sant\u00e9 Publique France et\u00a0les ARS (Agences r\u00e9gionales de Sant\u00e9), voici l&rsquo;\u00e9volution des hospitalisations (dont la r\u00e9animation) et des d\u00e9c\u00e8s\u00a0en France par r\u00e9gion.<\/p>\n<h3><a id=\"cas-covid-19-tableau-par-region\" name=\"cas-covid-19-tableau-par-region\">Evolution des hospitalisations (dont en r\u00e9animation) et d\u00e9c\u00e8s \u00e0 l&rsquo;h\u00f4pital du Covid-19\u00a0par r\u00e9gion au 9\u00a0mars<\/a><\/h3>\n<table border=\"1\" cellpadding=\"1\" cellspacing=\"1\" style=\"width:100%;\">\n<thead>\n<tr>\n<th scope=\"col\" style=\"width: 199px;\">R\u00e9gions<\/th>\n<th scope=\"col\" style=\"width: 162px; text-align: center;\">Hospitalisations en cours<\/th>\n<th scope=\"col\" style=\"width: 143px; text-align: center;\">Evolution des nouveaux patients sur les\u00a0 derni\u00e8res 24\u00a0H<\/th>\n<th scope=\"col\" style=\"width: 149px; text-align: center;\">R\u00e9animation Soins intensif<\/th>\n<th scope=\"col\" style=\"width: 155px; text-align: center;\">Evolution des nouveaux patients sur les\u00a0 derni\u00e8res 24\u00a0H<\/th>\n<th scope=\"col\" style=\"width: 220px; text-align: center;\">D\u00e9c\u00e8s<\/th>\n<\/tr>\n<tr>\n<td style=\"width: 199px;\"><b>\u00cele-de-France<\/b><\/td>\n<td style=\"width: 162px;\">5 677<\/td>\n<td style=\"width: 143px;\">+113<\/td>\n<td style=\"width: 149px;\">1 032<\/td>\n<td style=\"width: 155px;\">+63<\/td>\n<td style=\"width: 220px;\">15 422<\/td>\n<\/tr>\n<tr>\n<td style=\"width: 199px;\"><strong>Grand Est<\/strong><\/td>\n<td style=\"width: 162px;\">2 283<\/td>\n<td style=\"width: 143px;\">+40<\/td>\n<td style=\"width: 149px;\">314<\/td>\n<td style=\"width: 155px;\">-3<\/td>\n<td style=\"width: 220px;\">8 286<\/td>\n<\/tr>\n<tr>\n<td style=\"width: 199px;\"><strong>Auvergne-Rh\u00f4ne-Alpes<\/strong><\/td>\n<td style=\"width: 162px;\">3 133<\/td>\n<td style=\"width: 143px;\">-10<\/td>\n<td style=\"width: 149px;\">444<\/td>\n<td style=\"width: 155px;\">-4<\/td>\n<td style=\"width: 220px;\">9 340<\/td>\n<\/tr>\n<tr>\n<td style=\"width: 199px;\"><strong>Hauts-de-France<\/strong><\/td>\n<td style=\"width: 162px;\">2 999<\/td>\n<td style=\"width: 143px;\">+57<\/td>\n<td style=\"width: 149px;\">507<\/td>\n<td style=\"width: 155px;\">+6<\/td>\n<td style=\"width: 220px;\">6 498<\/td>\n<\/tr>\n<tr>\n<td style=\"width: 199px;\"><strong>Bourgogne-Franche-Comt\u00e9<\/strong><\/td>\n<td style=\"width: 162px;\">1 310<\/td>\n<td style=\"width: 143px;\">-36<\/td>\n<td style=\"width: 149px;\">\n<p>156<\/p>\n<\/td>\n<td style=\"width: 155px;\">-8<\/td>\n<td style=\"width: 220px;\">3 868<\/td>\n<\/tr>\n<tr>\n<td style=\"width: 199px;\"><strong>Provence-Alpes-C\u00f4te d&rsquo;Azur<\/strong><\/td>\n<td style=\"width: 162px;\">3 212<\/td>\n<td style=\"width: 143px;\">-21<\/td>\n<td style=\"width: 149px;\">501<\/td>\n<td style=\"width: 155px;\">+2<\/td>\n<td style=\"width: 220px;\">6 034<\/td>\n<\/tr>\n<tr>\n<td style=\"width: 199px;\"><strong>Occitanie<\/strong><\/td>\n<td style=\"width: 162px;\">1 340<\/td>\n<td style=\"width: 143px;\">+12<\/td>\n<td style=\"width: 149px;\">243<\/td>\n<td style=\"width: 155px;\">+1<\/td>\n<td style=\"width: 220px;\">3 338<\/td>\n<\/tr>\n<tr>\n<td style=\"width: 199px;\"><strong>Bretagne<\/strong><\/td>\n<td style=\"width: 162px;\">630<\/td>\n<td style=\"width: 143px;\">-1<\/td>\n<td style=\"width: 149px;\">67<\/td>\n<td style=\"width: 155px;\">-2<\/td>\n<td style=\"width: 220px;\">1 206<\/td>\n<\/tr>\n<tr>\n<td style=\"width: 199px;\"><strong>Nouvelle-Aquitaine<\/strong><\/td>\n<td style=\"width: 162px;\">1 160<\/td>\n<td style=\"width: 143px;\">-20<\/td>\n<td style=\"width: 149px;\">195<\/td>\n<td style=\"width: 155px;\">-13<\/td>\n<td style=\"width: 220px;\">2 929<\/td>\n<\/tr>\n<tr>\n<td style=\"width: 199px;\"><strong><a href=\"http:\/\/www.affinite.fr\/index.php\/2024\/11\/21\/construire-votre-maison-en-normandie\/\">Normandie<\/a><\/strong><\/td>\n<td style=\"width: 162px;\">1 219<\/td>\n<td style=\"width: 143px;\">\n<p>+73<\/p>\n<\/td>\n<td style=\"width: 149px;\">142<\/td>\n<td style=\"width: 155px;\">+8<\/td>\n<td style=\"width: 220px;\">2 342<\/td>\n<\/tr>\n<tr>\n<td style=\"width: 199px;\"><strong>Centre Val-de-Loire<\/strong><\/td>\n<td style=\"width: 162px;\">1 004<\/td>\n<td style=\"width: 143px;\">-5<\/td>\n<td style=\"width: 149px;\">133<\/td>\n<td style=\"width: 155px;\">-10<\/td>\n<td style=\"width: 220px;\">2 059<\/td>\n<\/tr>\n<tr>\n<td style=\"width: 199px;\"><strong>Pays de la Loire<\/strong><\/td>\n<td style=\"width: 162px;\">792<\/td>\n<td style=\"width: 143px;\">+18<\/td>\n<td style=\"width: 149px;\">77<\/td>\n<td style=\"width: 155px;\">+1<\/td>\n<td style=\"width: 220px;\">2 092<\/td>\n<\/tr>\n<tr>\n<td style=\"width: 199px;\"><strong>Corse<\/strong><\/td>\n<td style=\"width: 162px;\">100<\/td>\n<td style=\"width: 143px;\">+1<\/td>\n<td style=\"width: 149px;\">8<\/td>\n<td style=\"width: 155px;\">-1<\/td>\n<td style=\"width: 220px;\">152<\/td>\n<\/tr>\n<tr>\n<td style=\"width: 199px;\"><strong>Martinique<\/strong><\/td>\n<td style=\"width: 162px;\">16<\/td>\n<td style=\"width: 143px;\">+1<\/td>\n<td style=\"width: 149px;\">7<\/td>\n<td style=\"width: 155px;\">+3<\/td>\n<td style=\"width: 220px;\">47<\/td>\n<\/tr>\n<tr>\n<td style=\"width: 199px;\"><strong>Guadeloupe<\/strong><\/td>\n<td style=\"width: 162px;\">28<\/td>\n<td style=\"width: 143px;\">+4<\/td>\n<td style=\"width: 149px;\">7<\/td>\n<td style=\"width: 155px;\">NC<\/td>\n<td style=\"width: 220px;\">181<\/td>\n<\/tr>\n<tr>\n<td style=\"width: 199px;\"><strong>La R\u00e9union<\/strong><\/td>\n<td style=\"width: 162px;\">163<\/td>\n<td style=\"width: 143px;\">-1<\/td>\n<td style=\"width: 149px;\">57<\/td>\n<td style=\"width: 155px;\">NC<\/td>\n<td style=\"width: 220px;\">81<\/td>\n<\/tr>\n<tr>\n<td style=\"width: 199px;\"><strong>Guyane<\/strong><\/td>\n<td style=\"width: 162px;\">18<\/td>\n<td style=\"width: 143px;\">-3<\/td>\n<td style=\"width: 149px;\">\n<p>4<\/p>\n<\/td>\n<td style=\"width: 155px;\">NC<\/td>\n<td style=\"width: 220px;\">83<\/td>\n<\/tr>\n<tr>\n<td style=\"width: 199px;\"><strong>Mayotte<\/strong><\/td>\n<td style=\"width: 162px;\">117<\/td>\n<td style=\"width: 143px;\">+4<\/td>\n<td style=\"width: 149px;\">24<\/td>\n<td style=\"width: 155px;\">\n<p>-3<\/p>\n<\/td>\n<td style=\"width: 220px;\">99<\/td>\n<\/tr>\n<tr>\n<td style=\"width: 199px;\"><strong>TOTAL<\/strong><\/td>\n<td style=\"width: 162px;\"><strong>25 201<\/strong><\/td>\n<td style=\"width: 143px;\">+226<\/td>\n<td style=\"width: 149px;\"><b>3 918<\/b><\/td>\n<td style=\"width: 155px;\">+40<\/td>\n<td style=\"width: 220px;\">\n<p><b>64 057<\/b><\/p>\n<\/td>\n<\/tr>\n<\/thead>\n<\/table>\n<p>En France, depuis le d\u00e9but de l&rsquo;\u00e9pid\u00e9mie, 1\u00a0personne sur 1000\u00a0est morte du fait de la Covid-19, indique la <a href=\"https:\/\/www.has-sante.fr\/jcms\/p_3234447\/fr\/covid-19-se-vacciner-decider-avec-son-medecin\" target=\"_blank\" rel=\"noopener noreferrer\">Haute Autorit\u00e9 de Sant\u00e9<\/a> le 29 janvier.\u00a0Les personnes les plus gravement touch\u00e9es par cette \u00e9pid\u00e9mie restent les personnes \u00e2g\u00e9es de 65\u00a0ans et plus ainsi que celles pr\u00e9sentant des comorbidit\u00e9s. Les personnes \u00e2g\u00e9es de<strong> 65\u00a0ans et plus <\/strong>repr\u00e9sentent<strong> 92.8% des personnes d\u00e9c\u00e9d\u00e9es de la COVID-19\u00a0<\/strong>\u00e0 l&rsquo;h\u00f4pital depuis le 1er mars 2020. Par ailleurs, la part des d\u00e9c\u00e8s Covid\u00a0est de 54% chez les hommes pour 46% chez les femmes.<\/p>\n<ul>\n<li><strong>89 301\u00a0d\u00e9c\u00e8s<\/strong> sont recens\u00e9s au 9\u00a0mars\u00a0dont 64 057\u00a0\u00e0 l&rsquo;h\u00f4pital\u00a0(+298\u00a0en 24 heures).<\/li>\n<\/ul>\n<div style=\"text-align:center\">\n<figure class=\"image\" style=\"display:inline-block\"><a class=\"fancy\" href=\"https:\/\/img-3.journaldesfemmes.fr\/hwbvunfYOUm21i0sOh5ock_0gUU=\/1080x\/smart\/2fbcb0f6f4d644c389466c092aeee708\/ccmcms-jdf\/22876501.jpg\"><img decoding=\"async\" alt=\"Nombre hebdomadaire de nouveaux d\u00e9c\u00e8s de patients COVID-19 selon la date de d\u00e9claration, depuis le 23 mars 2020, France (donn\u00e9es au 28 f\u00e9vrier 2021)\" src=\"https:\/\/img-3.journaldesfemmes.fr\/2ZInucSukg262h1VPJDZRmPSCGk=\/600x\/smart\/2fbcb0f6f4d644c389466c092aeee708\/ccmcms-jdf\/22876501.jpg\"\/><\/a><figcaption data-credit=\"Sant\u00e9 publique France\" data-legend=\"Nombre hebdomadaire de nouveaux d\u00e9c\u00e8s de patients COVID-19 selon la date de d\u00e9claration, depuis le 23 mars 2020, France (donn\u00e9es au 28 f\u00e9vrier 2021)\">Nombre hebdomadaire de nouveaux d\u00e9c\u00e8s de patients COVID-19 selon la date de d\u00e9claration, depuis le 23 mars 2020, France (donn\u00e9es au 28 f\u00e9vrier 2021) <small>\u00a9\u00a0Sant\u00e9 publique France<\/small><\/figcaption><\/figure>\n<\/div>\n<p><strong>Sur la semaine du 22 au 28\u00a0f\u00e9vrier :<\/strong><\/p>\n<ul>\n<li>le taux hebdomadaire de d\u00e9c\u00e8s \u00e9tait<strong> en diminution dans toutes les r\u00e9gions<\/strong>, except\u00e9 en <strong>Pays-de-la-Loire (+1,8%)<\/strong> et \u00cele-de-France (+2,5%) o\u00f9 il \u00e9tait stable.<\/li>\n<li>le nombre de d\u00e9clarations de d\u00e9c\u00e8s de patients COVID-19\u00a0survenus au cours d&rsquo;une hospitalisation a<strong> baiss\u00e9 de 12% <\/strong>en comparaison \u00e0 la semaine pr\u00e9c\u00e9dente (1\u00a0779\u00a0d\u00e9c\u00e8s en S08\u00a0vs 2\u00a0016\u00a0en S07).<\/li>\n<li><strong>les plus forts taux de d\u00e9c\u00e8s<\/strong> dus \u00e0 la Covid-19\u00a0par r\u00e9gion sont observ\u00e9s en Provence-Alpes-C\u00f4te d&rsquo;Azur, Hauts-de-France, Grand Est\u00a0et \u00cele-de-France.<\/li>\n<\/ul>\n<aside id=\"NL_1383363947\" class=\"newsletter_subscription jNlBlock\"><noscript><br \/>\n            <\/noscript><\/p>\n<h3 class=\"newsletter_subscription-title\">Newsletter <\/h3>\n<p><a href=\"\/\/mailing.ccmbg.com\/archive\/last-85\" target=\"_blank\" class=\"a_hover\" rel=\"noopener noreferrer\">Voir un exemple<\/a><\/p>\n<\/aside>\n<p>La France a franchi la barre des 40 000 morts samedi 7 novembre,\u00a0celle des 50 000 le 24 novembre et celle des 60 000 le 18 d\u00e9cembre.\u00a0<strong>Un pic de mortalit\u00e9 a \u00e9t\u00e9 atteint\u00a0le 7\u00a0novembre <\/strong>(40\u00a0169\u00a0morts).\u00a0<\/p>\n<p><iframe loading=\"lazy\" height=\"1000\" src=\"https:\/\/mapthenews.maps.arcgis.com\/apps\/opsdashboard\/index.html#\/bae8aaa7a0b14261b4621c31db410c44\" style=\"border: 0px\" width=\"600\"><\/iframe><\/p>\n<section>\n<blockquote>\n<p style=\"text-align: right;\">\u00a0<\/p>\n<\/blockquote>\n<p>Le taux de reproduction du virus<strong> repasse au-dessus de 1<\/strong> : 1.07 le 4 mars ce qui signifie que l&rsquo;\u00e9pid\u00e9mie repart \u00e0 la hausse.\u00a0Les taux de reproduction du virus appel\u00e9s \u00ab\u00a0R-effectifs\u00a0\u00bb ou \u00ab\u00a0Reff\u00a0\u00bb\u00a0permettent de d\u00e9crire la dynamique de l&rsquo;\u00e9pid\u00e9mie\u00a0: lorsque le Reff est significativement sup\u00e9rieur \u00e0 1, ceci signifie que l&rsquo;\u00e9pid\u00e9mie est en progression, lorsqu&rsquo;il est \u00e9gal \u00e0 1, l&rsquo;\u00e9pid\u00e9mie se stabilise, lorsqu&rsquo;il est significativement inf\u00e9rieur \u00e0 1, l&rsquo;\u00e9pid\u00e9mie r\u00e9gresse.\u00a0<\/p>\n<p>Le d\u00e9pistage du Covid-19 est r\u00e9alis\u00e9 en France par RT-PCT et par tests antig\u00e9niques. Depuis le 11 f\u00e9vrier, les tests salivaires sont d\u00e9ploy\u00e9s dans les\u00a0\u00e9tablissements scolaires et peuvent \u00eatre utilis\u00e9s en premi\u00e8re intention pour d\u00e9pister la Covid-19, conform\u00e9ment aux recommandations de la <a href=\"https:\/\/www.has-sante.fr\/jcms\/p_3237053\/fr\/tests-rt-pcr-salivaires-la-has-etend-leur-utilisation-et-definit-les-modalites-pratiques-de-realisation\" target=\"_blank\" rel=\"noopener noreferrer\">HAS<\/a>. Au 8\u00a0mars, le taux de positivit\u00e9 national s&rsquo;\u00e9tablit \u00e0<strong>\u00a07,2\u00a0%.<\/strong>\u00a0<em>\u00ab\u00a0Il reste d\u00e9terminant que chaque personne pr\u00e9sentant des sympt\u00f4mes \u00e9vocateurs de COVID-19\u00a0s&rsquo;isole imm\u00e9diatement et r\u00e9alise un test diagnostique dans les plus brefs d\u00e9lais\u00a0\u00bb<\/em> rappelle Sant\u00e9 Publique France dans ses bulletins hebdomadaires.<\/p>\n<p>Si au d\u00e9but, on ne parlait que de fi\u00e8vre, toux s\u00e8che, rhume, \u00e9tat grippal et de fatigue, les sympt\u00f4mes de l&rsquo;infection par le coronavirus ont \u00e9volu\u00e9. On sait d\u00e9sormais que le virus peut avoir des <strong>effets sur la peau<\/strong> (urticaire, l\u00e9sions inflammatoires sur les orteils), la sph\u00e8re digestive (vomissements, diarrh\u00e9es&#8230;), <strong>l&rsquo;odorat<\/strong>, le <strong>go\u00fbt <\/strong>et m\u00eame le cerveau.<em> \u00ab\u00a0Sur 100 personnes atteintes du coronavirus, 90 ne vont pas d\u00e9velopper de sympt\u00f4mes\u00a0\u00bb<\/em> avait inform\u00e9 le ministre de la Sant\u00e9 le 5 novembre. La consigne des autorit\u00e9s est inchang\u00e9e :\u00a0chaque personne pr\u00e9sentant des sympt\u00f4mes \u00e9vocateurs de COVID-19 doit s&rsquo;isoler imm\u00e9diatement et r\u00e9aliser un test diagnostique dans les plus brefs d\u00e9lais (sans avoir d&rsquo;ordonnance).<\/p>\n<div class=\"ccminsert\">\n<aside class=\"app_widget_fo app_widget_fo--list app_widget_fo--list-2-col\">\n<ul>\n<li>\n<h3>\n                    <a href=\"https:\/\/sante.journaldesfemmes.fr\/fiches-maladies\/2661241-rhume-ou-covid-19-symptomes-tableau-differences-ecole-que-faire-comment-savoir-travail\/\" class=\"jGTMWidgetGAEventClick\" data-gtmwidgetgaeventaction=\"clickWidgetListOnTwoColumns\" data-gtmwidgetgaeventlabel=\"Rhume ou Covid-19\u00a0: sympt\u00f4mes, tableau, \u00e9cole, que faire\u00a0?\"><br \/>\n                        Rhume ou Covid-19\u00a0: sympt\u00f4mes, tableau, \u00e9cole, que faire\u00a0?<br \/>\n                    <\/a><br \/>\n                <\/h3>\n<\/li>\n<li>\n<h3>\n                    <a href=\"https:\/\/sante.journaldesfemmes.fr\/fiches-maladies\/2626825-covid-ou-allergie-pollen-coronavirus-asthme-symptomes-toux-yeux-traitement\/\" class=\"jGTMWidgetGAEventClick\" data-gtmwidgetgaeventaction=\"clickWidgetListOnTwoColumns\" data-gtmwidgetgaeventlabel=\"Covid ou allergie au pollen\u00a0: sympt\u00f4mes, diff\u00e9rences, traitements\"><br \/>\n                        Covid ou allergie au pollen\u00a0: sympt\u00f4mes, diff\u00e9rences, traitements<br \/>\n                    <\/a><br \/>\n                <\/h3>\n<\/li>\n<li>\n<h3>\n                    <a href=\"https:\/\/sante.journaldesfemmes.fr\/fiches-maladies\/2676955-covid-19-ou-gastro-enterite-difference-symptomes-fievre-diarrhee-que-faire-complications\/\" class=\"jGTMWidgetGAEventClick\" data-gtmwidgetgaeventaction=\"clickWidgetListOnTwoColumns\" data-gtmwidgetgaeventlabel=\"Covid\u00a0ou gastro-ent\u00e9rite\u00a0: sympt\u00f4mes, quelles diff\u00e9rences\u00a0?\"><br \/>\n                        Covid\u00a0ou gastro-ent\u00e9rite\u00a0: sympt\u00f4mes, quelles diff\u00e9rences\u00a0?<br \/>\n                    <\/a><br \/>\n                <\/h3>\n<\/li>\n<li>\n<h3>\n                    <a href=\"https:\/\/sante.journaldesfemmes.fr\/fiches-sante-du-quotidien\/2627543-perte-gout-agueusie-covid-19-def-duree-cause-partielle-traitement-soigner\/\" class=\"jGTMWidgetGAEventClick\" data-gtmwidgetgaeventaction=\"clickWidgetListOnTwoColumns\" data-gtmwidgetgaeventlabel=\"Perte du go\u00fbt (agueusie)\u00a0: dur\u00e9e, Covid, comment soigner\u00a0?\"><br \/>\n                        Perte du go\u00fbt (agueusie)\u00a0: dur\u00e9e, Covid, comment soigner\u00a0?<br \/>\n                    <\/a><br \/>\n                <\/h3>\n<\/li>\n<li>\n<h3>\n                    <a href=\"https:\/\/sante.journaldesfemmes.fr\/fiches-maladies\/2696267-covid-long-c-est-quoi-symptomes-contagieux-fatigue-prise-en-charge-france-has\/\" class=\"jGTMWidgetGAEventClick\" data-gtmwidgetgaeventaction=\"clickWidgetListOnTwoColumns\" data-gtmwidgetgaeventlabel=\"Covid long\u00a0: c'est quoi, sympt\u00f4mes, est-on contagieux\u00a0?\"><br \/>\n                        Covid long\u00a0: c&rsquo;est quoi, sympt\u00f4mes, est-on contagieux\u00a0?<br \/>\n                    <\/a><br \/>\n                <\/h3>\n<\/li>\n<li>\n<h3>\n                    <a href=\"https:\/\/sante.journaldesfemmes.fr\/fiches-maladies\/2683439-symptomes-covid-19-coronavirus-boutons-visage-corps-dermatologiques-peau-bras-pieds-engelure\/\" class=\"jGTMWidgetGAEventClick\" data-gtmwidgetgaeventaction=\"clickWidgetListOnTwoColumns\" data-gtmwidgetgaeventlabel=\"Sympt\u00f4mes Covid sur la peau\u00a0: engelures, boutons, quand consulter\u00a0?\"><br \/>\n                        Sympt\u00f4mes Covid sur la peau\u00a0: engelures, boutons, quand consulter\u00a0?<br \/>\n                    <\/a><br \/>\n                <\/h3>\n<\/li>\n<li>\n<h3>\n                    <a href=\"https:\/\/sante.journaldesfemmes.fr\/fiches-maladies\/2630069-coronavirus-covid-19-cerveau-symptomes-sequelles-odorat-effet-lesion-attaque\/\" class=\"jGTMWidgetGAEventClick\" data-gtmwidgetgaeventaction=\"clickWidgetListOnTwoColumns\" data-gtmwidgetgaeventlabel=\"Coronavirus\u00a0et cerveau\u00a0: effets, quels sympt\u00f4mes\u00a0?\"><br \/>\n                        Coronavirus\u00a0et cerveau\u00a0: effets, quels sympt\u00f4mes\u00a0?<br \/>\n                    <\/a><br \/>\n                <\/h3>\n<\/li>\n<li>\n<h3>\n                    <a href=\"https:\/\/sante.journaldesfemmes.fr\/fiches-sante-du-quotidien\/2627657-perte-odorat-anosmie-symptome-covid-19-covidanosmie-duree-rhume-definition-cause-traitement\/\" class=\"jGTMWidgetGAEventClick\" data-gtmwidgetgaeventaction=\"clickWidgetListOnTwoColumns\" data-gtmwidgetgaeventlabel=\"Perte de l'odorat\u00a0(anosmie)\u00a0: sympt\u00f4mes du Covid, dur\u00e9e, r\u00e9\u00e9ducation\"><br \/>\n                        Perte de l&rsquo;odorat\u00a0(anosmie)\u00a0: sympt\u00f4mes du Covid, dur\u00e9e, r\u00e9\u00e9ducation<br \/>\n                    <\/a><br \/>\n                <\/h3>\n<\/li>\n<li>\n<h3>\n                    <a href=\"https:\/\/sante.journaldesfemmes.fr\/fiches-maladies\/2679367-diarrhee-covid-coronavirus-symptome-digestif-intestinaux-duree-que-faire-vomissement-traitement-bebe-jeune\/\" class=\"jGTMWidgetGAEventClick\" data-gtmwidgetgaeventaction=\"clickWidgetListOnTwoColumns\" data-gtmwidgetgaeventlabel=\"Diarrh\u00e9e et Covid-19\u00a0: dur\u00e9e, que faire, un vrai sympt\u00f4me\u00a0?\"><br \/>\n                        Diarrh\u00e9e et Covid-19\u00a0: dur\u00e9e, que faire, un vrai sympt\u00f4me\u00a0?<br \/>\n                    <\/a><br \/>\n                <\/h3>\n<\/li>\n<li>\n<h3>\n                    <a href=\"https:\/\/sante.journaldesfemmes.fr\/fiches-maladies\/2665621-angine-ou-covid-19-points-communs-symptome-fievre-mal-gorge-test-difference-contagion-qui-consulter\/\" class=\"jGTMWidgetGAEventClick\" data-gtmwidgetgaeventaction=\"clickWidgetListOnTwoColumns\" data-gtmwidgetgaeventlabel=\"Angine ou Covid-19\u00a0: sympt\u00f4mes, diff\u00e9rences, test\"><br \/>\n                        Angine ou Covid-19\u00a0: sympt\u00f4mes, diff\u00e9rences, test<br \/>\n                    <\/a><br \/>\n                <\/h3>\n<\/li>\n<\/ul>\n<\/aside>\n<\/div>\n<ul>\n<li><strong>Si vous pr\u00e9sentez des\u00a0sympt\u00f4mes (toux, fi\u00e8vre, mal de t\u00eate) : <\/strong>\u00e9vitez\u00a0les contacts, isolez-vous \u00e0 domicile, prenez du parac\u00e9tamol si besoin et prenez rendez-vous pour r\u00e9aliser un test de d\u00e9pistage.\u00a0<\/li>\n<li><strong>Appeler le\u00a015 en cas de\u00a0difficult\u00e9s respiratoires : \u00ab\u00a0<\/strong><em>Si la toux et la\u00a0fi\u00e8vre s&rsquo;accompagnent d&rsquo;une g\u00eane respiratoire qui devient permanente avec souffle court, difficult\u00e9 \u00e0 inspirer et \u00e0 expirer, d&rsquo;une aggravation importante de la toux, cela peut signifier une \u00e9volution de la maladie sous la forme d&rsquo;une pneumopathie. Il s&rsquo;agit alors d&rsquo;une urgence respiratoire potentielle et comme dans tous les cas d&rsquo;urgence, il faut alors appeler le 15\u00a0qui prendra les meilleures dispositions pour r\u00e9pondre \u00e0 la situation\u00a0\u00bb, <\/em>pr\u00e9vient le Dr\u00a0Patrick Aub\u00e9, m\u00e9decin g\u00e9n\u00e9raliste. \u00a0<\/li>\n<\/ul>\n<p>La vaccination contre la Covid-19 se poursuit en France avec les vaccins Pfizer-BioNTech,\u00a0Moderna et AstraZeneca (chez les m\u00e9decins g\u00e9n\u00e9ralistes,\u00a0au travail et en pharmacie \u00e0 partir du 15 mars pour les 50-74 ans atteints de comorbidit\u00e9s). La prise de<strong> rendez-vous<\/strong> est ouverte<b> <\/b>sur les sites Internet <strong>Doctolib, Maiia et KelDoc<\/strong> et peut aussi se faire en contactant par t\u00e9l\u00e9phone le <strong>centre de vaccination<\/strong> le plus proche de chez soi (liste disponible sur\u00a0<a href=\"https:\/\/www.sante.fr\/centres-vaccination-covid.html\" target=\"_blank\" rel=\"noopener noreferrer\">Sante.fr<\/a>).\u00a0En cas de difficult\u00e9, le num\u00e9ro vert national :<strong> 0\u00a0800\u00a0009\u00a0110<\/strong>,\u00a0permet d&rsquo;\u00eatre redirig\u00e9 vers le standard t\u00e9l\u00e9phonique d&rsquo;un centre ou d&rsquo;obtenir un accompagnement \u00e0 la prise de rendez-vous.<\/p>\n<p>Depuis le 1er mars, l&rsquo;Allemagne exige \u00ab\u00a0<em>un test PCR ou antig\u00e9nique\u00a0\u00bb<\/em>\u00a0de moins de 48\u00a0heures \u00e0 l&rsquo;entr\u00e9e sur son territoire depuis la Moselle, y compris pour les travailleurs fran\u00e7ais qui y travaillent quotidiennement. Depuis le 31\u00a0janvier,\u00a0les <strong>fronti\u00e8res sont ferm\u00e9es aux pays hors UE<\/strong>. Les <strong>d\u00e9placements sont interdits sauf motif imp\u00e9rieux<\/strong>. Depuis le dimanche 24\u00a0janvier, tous les voyageurs entrant en France et venant d&rsquo;un pays europ\u00e9en doivent pr\u00e9senter avant leur d\u00e9part pour l&rsquo;Hexagone un test PCR n\u00e9gatif de moins de 72\u00a0heures. Depuis le 18 janvier, les voyageurs entrant en France en provenance d&rsquo;un pays hors Union-Europ\u00e9enne doivent\u00a0pr\u00e9senter un test PCR n\u00e9gatif\u00a0 et s&rsquo;isoler pendant 7\u00a0jours une fois arriv\u00e9s en France et faire un 2<sup>e<\/sup>\u00a0test \u00e0 l&rsquo;issue de cette p\u00e9riode. Les personnes n&rsquo;ayant pu r\u00e9aliser un test dans leur pays de d\u00e9part auront la possibilit\u00e9 de se faire tester \u00e0 leur arriv\u00e9e en France et seront contraintes de s&rsquo;isoler 7\u00a0jours dans un lieu d&rsquo;h\u00e9bergement d\u00e9sign\u00e9 par les autorit\u00e9s publiques (Le test n\u00e9gatif est d\u00e9j\u00e0 exig\u00e9 pour les voyageurs venant du Royaume-Uni).<\/p>\n<table border=\"1\" cellpadding=\"1\" cellspacing=\"1\" style=\"width:100%;\">\n<thead>\n<tr>\n<th scope=\"col\" style=\"text-align: center;\"><strong>DATES CL\u00c9S DE L&rsquo;\u00c9PID\u00c9MIE EN FRANCE<\/strong><\/th>\n<\/tr>\n<\/thead>\n<tbody>\n<tr>\n<td>\n<ul>\n<li><strong>31\u00a0d\u00e9cembre 2019,<\/strong> l&rsquo;Organisation mondiale de la Sant\u00e9 en Chine est inform\u00e9e de plusieurs cas de pneumonies dans la ville de Wuhan. 44\u00a0personnes sont infect\u00e9es entre cette date et le 3\u00a0janvier 2020.<\/li>\n<li><strong>7\u00a0janvier 2020, <\/strong>les autorit\u00e9s chinoises identifient un \u00ab\u00a0nouveau type de coronavirus\u00a0\u00bb.<\/li>\n<li><strong>13\u00a0janvier, <\/strong>un cas import\u00e9 est recens\u00e9 en Tha\u00eflande.<\/li>\n<li><strong>15\u00a0janvier<\/strong>, le virus cause\u00a0la mort d&rsquo;<strong>une premi\u00e8re\u00a0personne \u00e0 Wuhan<\/strong>, un homme de 69\u00a0ans.\u00a0<\/li>\n<li><strong>23\u00a0janvier,<\/strong> trois villes chinoises dont Wuhan sont plac\u00e9es en quarantaine.<\/li>\n<li><strong>25\u00a0janvier, trois personnes\u00a0contamin\u00e9es sont recens\u00e9es en France<\/strong>, deux \u00e0 Paris et une Bordeaux. Ce sont les premiers cas enregistr\u00e9s sur le continent europ\u00e9en.<\/li>\n<li><strong>30\u00a0janvier, <\/strong>l&rsquo;Organisation mondiale de la Sant\u00e9 <strong>d\u00e9cr\u00e8te\u00a0l&rsquo;<a href=\"https:\/\/sante.journaldesfemmes.fr\/fiches-maladies\/2608035-urgence-de-sante-publique-de-portee-internationale-definition-oms-coronavirus\/\" target=\"_blank\" rel=\"noopener noreferrer\">urgence de sant\u00e9 mondiale<\/a><\/strong>.\u00a0Cette mesure n&rsquo;avait \u00e9t\u00e9 d\u00e9cr\u00e9t\u00e9e que 5\u00a0fois depuis sa cr\u00e9ation (pour Ebola (deux fois), la grippe H1N1, Zika et la poliomy\u00e9lite).\u00a0<\/li>\n<li><strong>23\u00a0f\u00e9vrier, <\/strong>la France d\u00e9clenche le <a href=\"https:\/\/sante.journaldesfemmes.fr\/fiches-maladies\/2622449-plan-orsan-reb-definition-signification-qui-declenche-coronavirus-definition-duree\/\" target=\"_blank\" rel=\"noopener noreferrer\">plan ORSAN<\/a>, un dispositif exceptionnel d&rsquo;organisation des soins.<\/li>\n<li><strong>28\u00a0f\u00e9vrier,<\/strong> la France passe en stade 2\u00a0de l&rsquo;\u00e9pid\u00e9mie.<\/li>\n<li><strong>11\u00a0mars, <\/strong>l&rsquo;OMS classifie de <strong>pand\u00e9mie <\/strong>la diffusion de la maladie \u00e0 coronavirus Covid-19\u00a0dans le monde.<\/li>\n<li><strong>12\u00a0mars<\/strong>, le pr\u00e9sident de la R\u00e9publique Emmanuel Macron annonce la fermeture nationale des cr\u00e8ches et \u00e9tablissements scolaires de France \u00e0 compter du 16\u00a0mars et \u00ab\u00a0jusqu&rsquo;\u00e0 nouvel ordre\u00a0\u00bb.<\/li>\n<li><strong>14\u00a0mars<\/strong>, la France passe au <a href=\"https:\/\/sante.journaldesfemmes.fr\/fiches-maladies\/2625289-coronavirus-covid-19-stade-1-2-3-4-duree-mesure-france-signification-quand\/\" target=\"_blank\" rel=\"noopener noreferrer\"><strong>stade 3 <\/strong><\/a>de l&rsquo;\u00e9pid\u00e9mie.<\/li>\n<li><strong>16\u00a0mars\u00a0:<\/strong>\u00a0la France met en place un dispositif de confinement interdisant les d\u00e9placements.<\/li>\n<li><strong>18\u00a0mars<\/strong> le premier transfert de patients Covid-19\u00a0en France est r\u00e9alis\u00e9\u00a0gr\u00e2ce \u00e0 l&rsquo;Arm\u00e9e, par voie terrestre et a\u00e9rienne.\u00a0<\/li>\n<li><strong>26\u00a0mars<\/strong>, un premier cas jeune meurt en France, une adolescente de 16\u00a0ans, en Ile-de-France originaire de Morsang-sur-Orge.<\/li>\n<li><strong>27\u00a0mars,<\/strong> le confinement de la population fran\u00e7aise est renouvel\u00e9 jusqu&rsquo;au 15\u00a0avril.<\/li>\n<li><strong>13\u00a0avril,<\/strong> Emmanuel Macron annonce le prolongement du confinement jusqu&rsquo;au 11\u00a0mai.<\/li>\n<li><strong>11\u00a0mai, <\/strong>la France commence son d\u00e9confinement.<\/li>\n<li><strong>\u00a015\u00a0juin<\/strong>, toute la France passe en zone verte, sauf Mayotte et la Guyane. \u00c0\u00a0Paris, les restaurants et bars peuvent rouvrir compl\u00e8tement.<\/li>\n<li><strong>22\u00a0juin, <\/strong>les \u00e9coles sont de nouveaux obligatoires en France pour tous les \u00e9l\u00e8ves. Les cin\u00e9mas, salles de jeux, casinos rouvrent. Les sports collectifs peuvent \u00eatre autoris\u00e9s tout en respectant certaines conditions sanitaires.<\/li>\n<li><strong>10\u00a0juillet<\/strong>, la <strong>France <\/strong>a franchi la barre des 30\u00a0000\u00a0morts. Dans la nuit du 10\u00a0au 11\u00a0juillet \u00e0 minuit, l&rsquo;\u00e9tat d&rsquo;urgence sanitaire prend fin en France.<\/li>\n<li><strong>\u00a020\u00a0juillet,<\/strong>\u00a0le <strong>port du masque est obligatoire <\/strong>dans les lieux publics clos en France.<\/li>\n<li><strong>8 octobre, <\/strong>le<strong> plan blanc est r\u00e9activ\u00e9 <\/strong>dans les h\u00f4pitaux d&rsquo;Ile-de-France.<\/li>\n<li><strong>17 octobre \u00e0 0h01<\/strong>, la France repasse en \u00e9tat d&rsquo;urgence sanitaire et un <strong>couvre-feu <\/strong>est instaur\u00e9 dans 9 territoires\u00a0(Paris-Ile-de-France, Rouen, Grenoble, Lille, Lyon, Aix-Marseille, Montpellier, Saint-Etienne, Toulouse).<\/li>\n<li><strong>24 octobre \u00e0 0h01 :<\/strong> extension des mesures de couvre-feu \u00e0 38 nouveaux d\u00e9partements fran\u00e7ais.<\/li>\n<li><strong>29 octobre \u00e0 0h01<\/strong> : reconfinement national pour 4 semaines, jusqu&rsquo;au 1er d\u00e9cembre au minimum.<\/li>\n<li><strong>28 novembre : <\/strong>premi\u00e8re \u00e9tape d&rsquo;all\u00e8gement du confinement avec la r\u00e9ouverture des commerces non essentiels.<\/li>\n<li><strong>15 d\u00e9cembre : <\/strong>seconde \u00e9tape\u00a0d&rsquo;all\u00e8gement du confinement avec le passage \u00e0 un couvre-feu de 20 heures \u00e0 6 heures du matin.<\/li>\n<li><strong>31 d\u00e9cembre<\/strong> : couvre-feu impos\u00e9 le soir du 31 d\u00e9cembre, de 20 heures \u00e0 6 heures du matin.<\/li>\n<li><strong>21 d\u00e9cembre<\/strong> : autorisation du vaccin Pfizer en Europe.<\/li>\n<li><strong>24 d\u00e9cembre<\/strong> : autorisation du vaccin Pfizer BioNTech en France.<\/li>\n<li><strong>27 d\u00e9cembre :<\/strong> d\u00e9but de la vaccination en France et dans l&rsquo;Union europ\u00e9enne avec le vaccin Pfizer BioNTech.<\/li>\n<li><strong>8 janvier 2021<\/strong> :\u00a0autorisation du vaccin Moderna en France.<\/li>\n<li><strong>24 janvier 2021<\/strong> : un test PCR n\u00e9gatif est obligatoire pour rentrer en France par avion pour les voyageurs venant d&rsquo;un pays europ\u00e9en (sauf pour les travailleurs transfrontaliers et le transport terrestre).<\/li>\n<li><strong>31 janvier 2021<\/strong> : fermeture des fronti\u00e8res en France aux pays ext\u00e9rieurs \u00e0 l&rsquo;Union europ\u00e9enne<\/li>\n<li><strong>2 f\u00e9vrier 2021<\/strong> :\u00a0autorisation du vaccin de l&rsquo;Universit\u00e9 d&rsquo;Oxford et AstraZeneca en France, uniquement pour les personnes \u00e2g\u00e9es de moins de 65\u00a0ans.<\/li>\n<li><strong>11 f\u00e9vrier : <\/strong>d\u00e9ploiement des tests salivaires dans les \u00e9tablissements scolaires.<\/li>\n<\/ul>\n<\/td>\n<\/tr>\n<\/tbody>\n<\/table>\n<p><em>Cet article est mis \u00e0 jour quotidiennement par <a href=\"https:\/\/www.journaldesfemmes.fr\/account\/ablaize-11409696\" target=\"_blank\" rel=\"noopener noreferrer\">Aur\u00e9lie Blaize<\/a>, <a href=\"https:\/\/www.journaldesfemmes.fr\/account\/anaisthiebaux-10573564\" target=\"_blank\" rel=\"noopener noreferrer\">Ana\u00efs Thi\u00e9baux<\/a> et <a href=\"https:\/\/www.journaldesfemmes.fr\/account\/samanthapages-11598093\" target=\"_blank\" rel=\"noopener noreferrer\">Samantha Pag\u00e8s<\/a>.\u00a0<\/em><\/p>\n<\/section>\n<\/div>\n<p><script async src=\"http:\/\/platform.twitter.com\/widgets.js\" charset=\"utf-8\"><\/script><br \/>\n<br \/>[ad_2]<br \/>\n<br \/><a href=\"https:\/\/sante.journaldesfemmes.fr\/fiches-maladies\/2605417-covid-19-france-coronavirus-vaccin-chiffres-nombre-nouveaux-cas-deces-ile-de-france-bilan\/\">Source link <\/a><\/p>\n","protected":false},"excerpt":{"rendered":"<p>[ad_1] CORONAVIRUS DIRECT &#8211; La situation continue de s&rsquo;aggraver. Le nombre de personnes hospitalis\u00e9es augmente toujours. 23\u00a0302\u00a0nouveaux cas de contamination &hellip; <a href=\"http:\/\/www.affinite.fr\/index.php\/2021\/03\/09\/hospitalisations-toujours-en-hausse-bilan\/\" class=\"more-link\">Plus <span class=\"screen-reader-text\">hospitalisations toujours en hausse, bilan<\/span> <span class=\"meta-nav\">&rarr;<\/span><\/a><\/p>\n","protected":false},"author":1,"featured_media":6048,"comment_status":"open","ping_status":"open","sticky":false,"template":"","format":"standard","meta":{"_sitemap_exclude":false,"_sitemap_priority":"","_sitemap_frequency":"","footnotes":""},"categories":[1],"tags":[],"class_list":["post-6047","post","type-post","status-publish","format-standard","has-post-thumbnail","hentry","category-tous"],"_links":{"self":[{"href":"http:\/\/www.affinite.fr\/index.php\/wp-json\/wp\/v2\/posts\/6047"}],"collection":[{"href":"http:\/\/www.affinite.fr\/index.php\/wp-json\/wp\/v2\/posts"}],"about":[{"href":"http:\/\/www.affinite.fr\/index.php\/wp-json\/wp\/v2\/types\/post"}],"author":[{"embeddable":true,"href":"http:\/\/www.affinite.fr\/index.php\/wp-json\/wp\/v2\/users\/1"}],"replies":[{"embeddable":true,"href":"http:\/\/www.affinite.fr\/index.php\/wp-json\/wp\/v2\/comments?post=6047"}],"version-history":[{"count":0,"href":"http:\/\/www.affinite.fr\/index.php\/wp-json\/wp\/v2\/posts\/6047\/revisions"}],"wp:featuredmedia":[{"embeddable":true,"href":"http:\/\/www.affinite.fr\/index.php\/wp-json\/wp\/v2\/media\/6048"}],"wp:attachment":[{"href":"http:\/\/www.affinite.fr\/index.php\/wp-json\/wp\/v2\/media?parent=6047"}],"wp:term":[{"taxonomy":"category","embeddable":true,"href":"http:\/\/www.affinite.fr\/index.php\/wp-json\/wp\/v2\/categories?post=6047"},{"taxonomy":"post_tag","embeddable":true,"href":"http:\/\/www.affinite.fr\/index.php\/wp-json\/wp\/v2\/tags?post=6047"}],"curies":[{"name":"wp","href":"https:\/\/api.w.org\/{rel}","templated":true}]}}