{"id":6035,"date":"2021-03-07T20:04:06","date_gmt":"2021-03-07T20:04:06","guid":{"rendered":"https:\/\/www.affinite.fr\/index.php\/2021\/03\/07\/les-initiatives-beaute-a-retenir-pour-le-8-mars\/"},"modified":"2021-03-07T20:04:06","modified_gmt":"2021-03-07T20:04:06","slug":"les-initiatives-beaute-a-retenir-pour-le-8-mars","status":"publish","type":"post","link":"http:\/\/www.affinite.fr\/index.php\/2021\/03\/07\/les-initiatives-beaute-a-retenir-pour-le-8-mars\/","title":{"rendered":"Les initiatives beaut\u00e9 \u00e0 retenir pour le 8\u00a0mars"},"content":{"rendered":"<p> [ad_1]<br \/>\n<\/p>\n<p>\n                Le 8\u00a0mars, les femmes sont plus que jamais mises \u00e0 l&rsquo;honneur. Pour la Journ\u00e9e Internationale des Droits des Femmes, les marques de beaut\u00e9 ne manquent pas \u00e0 l&rsquo;appel. Etudes, hommages et actions solidaires s&rsquo;organisent pour faire valoir leurs droits et les mettre en lumi\u00e8re.            <\/p>\n<div>\n<aside class=\"ccmsummary marqueur_module ccmcss_cms_summary ccmcss_cms_summary--right\">\n<p>Sommaire<\/p>\n<\/aside>\n<p>A l&rsquo;occasion de la <a href=\"https:\/\/www.journaldesfemmes.fr\/societe\/guide-pratique\/2504278-journee-internationale-des-droits-des-femmes-2021-greves-feministes\/\" title=\"Journ\u00e9e des Femmes\">Journ\u00e9e Internationale des Droits des Femmes<\/a>, le secteur de la beaut\u00e9 se mobilise. <strong>Ce 8\u00a0mars 2021<\/strong>, l&rsquo;Or\u00e9al Paris, Foreo ou encore Giorgio Armani rendent hommage aux femmes et soutiennent les grandes causes qui les\u00a0concernent. Gros plan sur ces initiatives solidaires.\u00a0<\/p>\n<h2 id=\"stand-up-nitie-par-loreal-paris-lutte-contre-le-harcelement-de-rue\">Stand Up initi\u00e9 par L&rsquo;Or\u00e9al Paris, lutte contre le harc\u00e8lement de rue\u00a0<\/h2>\n<div style=\"text-align:center\">\n<figure class=\"image\" style=\"display:inline-block\"><img decoding=\"async\" alt=\"l-oreal-stand-up\" src=\"https:\/\/img-3.journaldesfemmes.fr\/G2EI8zolabykERlK42PKvnsLEek=\/450x\/smart\/8ea91de5aade4953a4ce0e7b4314a0fd\/ccmcms-jdf\/22933857.jpg\"\/><figcaption data-credit=\"L'Or\u00e9al Paris\"><small>\u00a9\u00a0L&rsquo;Or\u00e9al Paris<\/small><\/figcaption><\/figure>\n<\/div>\n<p>En France, depuis le d\u00e9but de la crise sanitaire, <strong>1\/5 femme d\u00e9clare avoir \u00e9t\u00e9 victime d&rsquo;au moins une situation de harc\u00e8lement sexuel dans un espace public<\/strong>, et 1\/3 chez les femmes de moins de 35 ans, selon une enqu\u00eate men\u00e9e par l&rsquo;Or\u00e9al Paris en partenariat avec Ipsos en janvier 2021.\u00a0Des chiffres qui font froid dans le dos et qui am\u00e8nent <strong>l&rsquo;Or\u00e9al Paris <\/strong>et ses partenaires \u00e0 se mobiliser. A l&rsquo;occasion du 8 mars, le g\u00e9ant de la cosm\u00e9tique appelle chacun.e \u00e0 rejoindre <strong>Stand Up<\/strong>, le\u00a0programme de <a href=\"http:\/\/www.affinite.fr\/index.php\/2022\/11\/09\/formation-de-glacier-apprenez-le-metier-de-glacier-et-changez-votre-vie\/\">formation<\/a> qu&rsquo;il\u00a0a lanc\u00e9 en mars 2020 avec l&rsquo;ONG am\u00e9ricaine Hollaback ! et la Fondation des Femmes en France\u00a0pour <strong>combattre le harc\u00e8lement de rue.\u00a0<\/strong><br \/>Cette initiative gratuite, sensibilise et forme le grand public \u00e0 <strong>la m\u00e9thode des 5D<\/strong> : distraire, d\u00e9l\u00e9guer, documenter, diriger, dialoguer pour intervenir en toute s\u00e9curit\u00e9 lorsqu&rsquo;il est victime ou t\u00e9moin de harc\u00e8lement de rue.\u00a0D\u00e9j\u00e0 plus de 150 000 personnes ont \u00e9t\u00e9 form\u00e9es dans le monde dont plus de 40 000 en France.\u00a0<\/p>\n<h2 id=\"foreo-offre-1-000-ufo-mini-aux-femmes-inspirantes\">Foreo offre 1 000 UFO mini aux femmes inspirantes<\/h2>\n<div style=\"text-align:center\">\n<figure class=\"image\" style=\"display:inline-block\"><img decoding=\"async\" alt=\"ufo-mini\" src=\"https:\/\/img-3.journaldesfemmes.fr\/9tPo4jbBVB1st4lBglcE_ujHzIo=\/450x\/smart\/f13a8ac791a74fb3b255ab705ccc1285\/ccmcms-jdf\/22933794.jpeg\"\/><figcaption data-credit=\"foreo\"><small>\u00a9\u00a0foreo<\/small><\/figcaption><\/figure>\n<\/div>\n<p>Tous les 8 du mois de mars, <strong>Foreo rend hommage aux femmes inspirantes du monde entier. <\/strong>Celles qui ont d\u00e9couvert de grandes inventions, chang\u00e9 l&rsquo;histoire, mais aussi \u00e0 celles qui font preuve de courage, de force et de gentillesse au quotidien. Ainsi <strong>Foreo offrira 1 000 UFO mini<\/strong> avec deux boites de masques (Make My Day et Call It a Night) \u00e0 tous ceux qui partageront des histoires sur les femmes inspirantes de leur vie. Pour participer, il suffit de<a href=\"https:\/\/www.foreo.com\/fr\/international-women-day\" target=\"_blank\" rel=\"noopener noreferrer\"> remplir le formulaire<\/a> et partager ses histoires\u00a0sur Instagram ou Facebook en indiquant @foreo.\u00a0<\/p>\n<h2 id=\"aqua-for-life-de-giorgio-armani-pour-lacces-a-leau-potable\">Aqua For Life de Giorgio Armani, pour l&rsquo;acc\u00e8s \u00e0 l&rsquo;eau potable\u00a0<\/h2>\n<div style=\"text-align:center\">\n<figure class=\"image\" style=\"display:inline-block\"><img decoding=\"async\" alt=\"acqua-for-life\" src=\"https:\/\/img-3.journaldesfemmes.fr\/JJ8RcSfRw58rHYPG8blCE8bfwg0=\/450x\/smart\/ab4e7f9ee7a3407ebd930042af54ed21\/ccmcms-jdf\/22933703.jpg\"\/><figcaption data-credit=\"Viviane Sassen - Acqua For Life\"><small>\u00a9\u00a0Viviane Sassen &#8211; Acqua For Life<\/small><\/figcaption><\/figure>\n<\/div>\n<aside id=\"NL_1248326944\" class=\"newsletter_subscription jNlBlock\"><noscript><br \/>\n            <\/noscript><\/p>\n<h3 class=\"newsletter_subscription-title\">Newsletter <\/h3>\n<p><a href=\"\/\/mailing.ccmbg.com\/archive\/last-85\" target=\"_blank\" class=\"a_hover\" rel=\"noopener noreferrer\">Voir un exemple<\/a><\/p>\n<\/aside>\n<p>A l&rsquo;occasion de\u00a0la Journ\u00e9e Internationale des Droits des Femmes, Giorgio Armani rappelle \u00e0 travers l&rsquo;initiative <strong>Acqua for life<\/strong> que chaque jour dans le monde, <strong>des femmes et des filles passent 200 millions d&rsquo;heures \u00e0 chercher de l&rsquo;eau,<\/strong>\u00a0ce qui les prive de temps pour \u00e9tudier, travailler ou s&rsquo;occuper de leur famille. La marque se saisit alors de ce 8 mars 2021 pour rappeler que l&rsquo;acc\u00e8s \u00e0 l&rsquo;eau permet aux femmes de gagner en autonomie, tandis que son absence renforce l&rsquo;in\u00e9galit\u00e9 du genre.\u00a0Avec le programme Acqua for Life actif depuis\u00a02010, la marque\u00a0souhaite offrir\u00a0l&rsquo;acc\u00e8s \u00e0 l&rsquo;eau potable aux populations qui vivent\u00a0dans des r\u00e9gions arides. Cette ann\u00e9e, 8 nouveaux projets sont initi\u00e9s dont 3 en Inde, Madagascar et le Malawi.\u00a0<\/p>\n<\/p><\/div>\n<p>[ad_2]<br \/>\n<br \/><a href=\"https:\/\/www.journaldesfemmes.fr\/beaute\/magazine\/2701099-action-journee-droits-des-femmes-8-mars-2021\/\">Source link <\/a><\/p>\n","protected":false},"excerpt":{"rendered":"<p>[ad_1] Le 8\u00a0mars, les femmes sont plus que jamais mises \u00e0 l&rsquo;honneur. Pour la Journ\u00e9e Internationale des Droits des Femmes, &hellip; <a href=\"http:\/\/www.affinite.fr\/index.php\/2021\/03\/07\/les-initiatives-beaute-a-retenir-pour-le-8-mars\/\" class=\"more-link\">Plus <span class=\"screen-reader-text\">Les initiatives beaut\u00e9 \u00e0 retenir pour le 8\u00a0mars<\/span> <span class=\"meta-nav\">&rarr;<\/span><\/a><\/p>\n","protected":false},"author":1,"featured_media":6036,"comment_status":"open","ping_status":"open","sticky":false,"template":"","format":"standard","meta":{"_sitemap_exclude":false,"_sitemap_priority":"","_sitemap_frequency":"","footnotes":""},"categories":[1],"tags":[],"class_list":["post-6035","post","type-post","status-publish","format-standard","has-post-thumbnail","hentry","category-tous"],"_links":{"self":[{"href":"http:\/\/www.affinite.fr\/index.php\/wp-json\/wp\/v2\/posts\/6035"}],"collection":[{"href":"http:\/\/www.affinite.fr\/index.php\/wp-json\/wp\/v2\/posts"}],"about":[{"href":"http:\/\/www.affinite.fr\/index.php\/wp-json\/wp\/v2\/types\/post"}],"author":[{"embeddable":true,"href":"http:\/\/www.affinite.fr\/index.php\/wp-json\/wp\/v2\/users\/1"}],"replies":[{"embeddable":true,"href":"http:\/\/www.affinite.fr\/index.php\/wp-json\/wp\/v2\/comments?post=6035"}],"version-history":[{"count":0,"href":"http:\/\/www.affinite.fr\/index.php\/wp-json\/wp\/v2\/posts\/6035\/revisions"}],"wp:featuredmedia":[{"embeddable":true,"href":"http:\/\/www.affinite.fr\/index.php\/wp-json\/wp\/v2\/media\/6036"}],"wp:attachment":[{"href":"http:\/\/www.affinite.fr\/index.php\/wp-json\/wp\/v2\/media?parent=6035"}],"wp:term":[{"taxonomy":"category","embeddable":true,"href":"http:\/\/www.affinite.fr\/index.php\/wp-json\/wp\/v2\/categories?post=6035"},{"taxonomy":"post_tag","embeddable":true,"href":"http:\/\/www.affinite.fr\/index.php\/wp-json\/wp\/v2\/tags?post=6035"}],"curies":[{"name":"wp","href":"https:\/\/api.w.org\/{rel}","templated":true}]}}