{"id":6023,"date":"2021-03-04T20:01:09","date_gmt":"2021-03-04T20:01:09","guid":{"rendered":"https:\/\/www.affinite.fr\/index.php\/2021\/03\/04\/annonces-de-jean-castex-derniers-chiffres\/"},"modified":"2021-03-04T20:01:09","modified_gmt":"2021-03-04T20:01:09","slug":"annonces-de-jean-castex-derniers-chiffres","status":"publish","type":"post","link":"http:\/\/www.affinite.fr\/index.php\/2021\/03\/04\/annonces-de-jean-castex-derniers-chiffres\/","title":{"rendered":"annonces de Jean Castex, derniers chiffres"},"content":{"rendered":"<p> [ad_1]<br \/>\n<\/p>\n<p>\n                CORONAVIRUS DIRECT &#8211; Le Premier ministre, Jean Castex, a annonc\u00e9 de nouvelles mesures de freinage ce jeudi, dans les d\u00e9partements o\u00f9 circulent les variants\u00a0: le Pas de Calais sera confin\u00e9 pour les week-ends, et 3\u00a0d\u00e9partements entrent en vigilance renforc\u00e9e, dont l&rsquo;Aube. Vaccination en pharmacie, tests salivaires \u00e9tendus, toutes les annonces et dernier bilan.            <\/p>\n<div>\n<aside class=\"ccmsummary marqueur_module ccmcss_cms_summary ccmcss_cms_summary--right\">\n<p>\u00a0Sommaire<\/p>\n<\/aside>\n<p><strong>[Mis\u00a0\u00e0 jour le jeudi 4\u00a0mars \u00e0 19h44<\/strong><b>]<\/b>\u00a0\u00ab\u00a0<em>Depuis une semaine, la circulation du virus \u00e0 continuer de progresser mais \u00e0 une vitesse moindre \u00e0 ce que nous pouvions\u00a0craindre\u00a0\u00bb<\/em>\u00a0a indiqu\u00e9 le Premier ministre<strong> Jean Castex<\/strong>\u00a0ce\u00a0jeudi dans son point sur l&rsquo;\u00e9volution de l&rsquo;\u00e9pid\u00e9mie. \u00ab\u00a0<em>D\u00e9sormais <strong>le variant anglais repr\u00e9sente 60% des contaminations\u00a0\u00bb<\/strong><\/em>, a pr\u00e9cis\u00e9 le chef du gouvernement, mais de mani\u00e8re contrast\u00e9e sur le\u00a0territoire. Dans les 20 d\u00e9partements plac\u00e9es sous vigilance renforc\u00e9e la semaine derni\u00e8re, le virus a progress\u00e9, <em>\u00ab\u00a0sauf en Moselle et dans les Bouches-du-Rh\u00f4ne<\/em>\u00ab\u00a0. En revanche, la situation s&rsquo;est d\u00e9grad\u00e9e dans\u00a0<strong>3 nouveaux d\u00e9partements : l&rsquo;Aube, les Hautes-Alpes,\u00a0l&rsquo;Aisne qui rejoignent la liste des 20\u00a0territoires <\/strong>plac\u00e9s en\u00a0<strong>vigilance renforc\u00e9e<\/strong>. Parmi les <strong>nouvelles mesures<\/strong>\u00a0: le d\u00e9partement du<strong> Pas-de-Calais bascule en confinement les week-ends<\/strong> d\u00e8s samedi 6 mars \u00e0 6\u00a0heures ;\u00a0le port du masque est g\u00e9n\u00e9ralis\u00e9 dans les zones urbaines des 23 d\u00e9partements sous vigilance d\u00e8s ce vendredi soir minuit, et la vaccination va s&rsquo;acc\u00e9l\u00e9rer avec la possibilit\u00e9 de se faire vacciner en pharmacie\u00a0d\u00e8s le 15\u00a0mars. Jean Castex a encourag\u00e9\u00a0les Fran\u00e7ais \u00e0 ne pas se d\u00e9placer le week-end en dehors de leur d\u00e9partement \u00ab\u00a0<em>dans la mesure du possible<\/em>\u00a0\u00bb pour \u00e9viter la transmission du virus. Avec plus de 25 000\u00a0nouveaux cas de Covid en 24 heures, 3 637 personnes hospitalis\u00e9es en <strong>r\u00e9animation\u00a0<\/strong>\u00e0 cause du virus, et 293 morts, l&rsquo;\u00e9pid\u00e9mie de <strong>coronavirus <\/strong>est encore \u00e0 un niveau tr\u00e8s <strong>\u00e9lev\u00e9 <\/strong>en <strong>France<\/strong>. Mercredi 3 mars, Gabriel Attal, porte-parole du gouvernement avait annonc\u00e9 une <strong>lev\u00e9e\u00a0de certaines restrictions<\/strong> sanitaires \u00e0 la \u00ab\u00a0<strong>mi-avril<\/strong>\u00ab\u00a0. \u00ab\u00a0<em>Nous commen\u00e7ons \u00e0 travailler sur <strong>des protocoles<\/strong> pour rouvrir le pays progressivement<\/em>\u00ab\u00a0, avait-il indiqu\u00e9. En d\u00e9but de semaine, Emmanuel Macron appelait \u00e0 \u00ab\u00a0<strong><em>tenir quatre \u00e0 six semaines<\/em><\/strong>\u00a0\u00bb avant de possibles assouplissements. Quels sont les <strong>chiffres aujourd&rsquo;hui<\/strong> de l&rsquo;\u00e9pid\u00e9mie ? Combien d&rsquo;hospitalisations, de cas en <strong>r\u00e9animation<\/strong>, de <strong>d\u00e9c\u00e8s <\/strong>?\u00a0<span style=\"font-size: 1rem;\">Que disent les\u00a0<\/span><a data-auth=\"NotApplicable\" href=\"https:\/\/sante.journaldesfemmes.fr\/fiches-maladies\/2667643-carte-covid-19-france-departement-sous-surveillance-incidence-commune-ile-de-france-monde-aujourd-hui\/\" rel=\"noopener noreferrer\" style=\"font-size: 1rem; background-color: rgb(255, 255, 255);\" target=\"_blank\">cartes<\/a><span style=\"font-size: 1rem;\"> de suivi de l&rsquo;\u00e9pid\u00e9mie ? Quels sont les <\/span><a href=\"https:\/\/sante.journaldesfemmes.fr\/fiches-maladies\/2630075-symptomes-coronavirus-covid-19-mal-gorge-tete-nez-coule-que-faire-variant-long-bebe-toux\/\" style=\"font-size: 1rem; background-color: rgb(255, 255, 255);\" target=\"_blank\" rel=\"noopener noreferrer\">sympt\u00f4mes du coronavirus<\/a><span style=\"font-size: 1rem;\"> ? Quand <\/span><a href=\"https:\/\/sante.journaldesfemmes.fr\/fiches-maladies\/2621211-isolement-covid-19-coronavirus-duree-10-jours-positif-cas-contact-variant-certificat-attestation\/\" style=\"font-size: 1rem; background-color: rgb(255, 255, 255);\" target=\"_blank\" rel=\"noopener noreferrer\">s&rsquo;isoler et combien de temps<\/a><span style=\"font-size: 1rem;\"> ?\u00a0<\/span><a data-auth=\"NotApplicable\" href=\"https:\/\/sante.journaldesfemmes.fr\/fiches-maladies\/2629823-taux-de-reproduction-covid-france-coronavirus-r0-r-effectif-calcul-carte-evolution-aujourd-hui-definition\/\" rel=\"noopener noreferrer\" style=\"font-size: 1rem; background-color: rgb(255, 255, 255);\" target=\"_blank\">Quel est le taux de R0 du virus<\/a><span style=\"font-size: 1rem;\">\u00a0? Quand est-on <\/span><a href=\"https:\/\/sante.journaldesfemmes.fr\/fiches-maladies\/2679521-contagion-covid-19-combien-de-temps-jours-duree-asymptomatique-symptomes-incubation-contagieux\/\" style=\"font-size: 1rem; background-color: rgb(255, 255, 255);\" target=\"_blank\" rel=\"noopener noreferrer\">contagieux<\/a><span style=\"font-size: 1rem;\"> ? Que sait-on des\u00a0<\/span><a href=\"https:\/\/sante.journaldesfemmes.fr\/fiches-maladies\/2620433-vaccin-coronavirus-covid-19-pfizer-moderna-sanofi-astrazeneca-russe-chinois-johnson-type-choisir\/\" style=\"font-size: 1rem; background-color: rgb(255, 255, 255);\" target=\"_blank\" rel=\"noopener noreferrer\">vaccins<\/a><span style=\"font-size: 1rem;\">\u00a0? Des\u00a0<\/span><a href=\"https:\/\/sante.journaldesfemmes.fr\/fiches-maladies\/2686947-effets-secondaires-indesirable-vaccin-covid-ansm-france-pfizer-moderna-astrazeneca-2-eme-injection\/\" style=\"font-size: 1rem; background-color: rgb(255, 255, 255);\" target=\"_blank\" rel=\"noopener noreferrer\">effets secondaires<\/a><span style=\"font-size: 1rem;\">\u00a0apr\u00e8s la vaccination ? Chiffres et infos du jour.<\/span><\/p>\n<div style=\"text-align:center\">\n<figure class=\"image\" style=\"display:inline-block\"><a class=\"fancy\" href=\"https:\/\/img-3.journaldesfemmes.fr\/5AVFvzo4bSu675XYDp3wQasWn9w=\/1080x\/smart\/9079e56069ca45ceac0c8f74697bee4a\/ccmcms-jdf\/22682496.jpg\"><img decoding=\"async\" alt=\"liste departement vigilance covid\" src=\"https:\/\/img-3.journaldesfemmes.fr\/5AVFvzo4bSu675XYDp3wQasWn9w=\/1080x\/smart\/9079e56069ca45ceac0c8f74697bee4a\/ccmcms-jdf\/22682496.jpg\"\/><\/a><figcaption data-credit=\"Twitter du Gouvernement\" data-legend=\"Liste des 20 d\u00e9partements sous surveillance renforc\u00e9e \u00e0 compter du 25 f\u00e9vrier\">Liste des 20 d\u00e9partements sous surveillance renforc\u00e9e \u00e0 compter du 25 f\u00e9vrier <small>\u00a9\u00a0Twitter du Gouvernement<\/small><\/figcaption><\/figure>\n<\/div>\n<ul>\n<li><strong>Annonces de Jean Castex. <\/strong>Le premier ministre, Jean Castex, a fait le point sur l&rsquo;\u00e9volution de l&rsquo;\u00e9pid\u00e9mie dans\u00a0une conf\u00e9rence de presse, jeudi 4\u00a0mars, au c\u00f4t\u00e9 du ministre de la sant\u00e9 Olivier V\u00e9ran. De nouvelles mesures\u00a0sont prises par le gouvernement pour freiner l&rsquo;\u00e9pid\u00e9mie de Covid-19\u00a0:\u00a0<\/li>\n<\/ul>\n<p>\u2192 Le d\u00e9partement du <strong>Pas-de-Calais <\/strong>bascule en confinement durant les week-ends \u00e0 compter de samedi 6 mars, 6\u00a0heures, \u00e0 18 heures dimanche, jusqu&rsquo;\u00e0 nouvel ordre. Les grandes surfaces non-alimentaires de plus de 5 000 m2 seront ferm\u00e9es dans ce d\u00e9partement. Le taux d&rsquo;incidence dans ce d\u00e9partement \u00e9tant \u00e0 un niveau tr\u00e8s \u00e9lev\u00e9,\u00a0de 400 \/ 100 000 habitants.<\/p>\n<p>\u2192 Trois d\u00e9partements : <strong>les Hautes-Alpes, l&rsquo;Aisne et l&rsquo;Aube,<\/strong> ont d\u00e9pass\u00e9 le taux d&rsquo;incidence de 250 \/ 100 000 habitants et rejoignent la liste des 20\u00a0d\u00e9partements sous surveillance renforc\u00e9e.<\/p>\n<p>\u2192 Dans les <strong>23 d\u00e9partements en vigilance renforc\u00e9e <\/strong>: les grandes surfaces non-alimentaires\u00a0et centres commerciaux de plus de 10 000 m2 seront ferm\u00e9s. Le port du masque devient obligatoire dans les zones urbaines de ces d\u00e9partements d\u00e8s vendredi soir minuit, et les lieux trop fr\u00e9quent\u00e9s seront ferm\u00e9s, a annonc\u00e9 le premier ministre. La vaccination va s&rsquo;acc\u00e9l\u00e9rer dans ces d\u00e9partements avec l&rsquo;ouverture demand\u00e9e pendant 2 jours (ce week-end 6-7 mars) de \u00ab\u00a0nombreux\u00a0\u00bb centres de vaccination et de centres \u00e9ph\u00e9m\u00e8res. Un renfort de doses va \u00eatre envoy\u00e9 dans ces d\u00e9partements. Les ARS communiqueront demain vendredi\u00a0sur les \u00ab\u00a0modalit\u00e9s op\u00e9rationnelles\u00a0\u00bb de l&rsquo;ouverture de ces centres et des prises de rendez-vous autoris\u00e9s, a pr\u00e9cis\u00e9 le ministre de la sant\u00e9 Olivier V\u00e9ran.\u00a0<\/p>\n<p>\u2192 La situation s&rsquo;am\u00e9liore dans les Bouches-du-Rh\u00f4ne et la Moselle.<\/p>\n<p>\u2192 La circulation du virus baisse chez les personnes\u00a0\u00e2g\u00e9es de plus de 80 ans, une \u00ab\u00a0tr\u00e8s bonne nouvelle\u00a0\u00bb li\u00e9e aux premiers effets de la vaccination, estime Jean Castex.<\/p>\n<p>\u2192 Plus de 80\u00a0% des r\u00e9sidents en Ehpad ont re\u00e7u une premi\u00e8re dose de vaccin et 60\u00a0% une seconde dans ces \u00e9tablissements, indique le premier ministre qui appelle\u00a0les soignants de ces \u00e9tablissements \u00e0 se faire vacciner.<\/p>\n<p>\u2192 Vaccination : d&rsquo;ici la mi-avril, 10\u00a0millions de personnes auront re\u00e7u une premi\u00e8re dose, 20\u00a0millions d&rsquo;ici mi-mai, 30\u00a0millions cet \u00e9t\u00e9, pr\u00e9voit Jean Castex qui annonce que\u00a0850\u00a0000\u00a0rendez-vous seront ouverts d&rsquo;ici \u00e0 la fin du mois.<\/p>\n<p>\u2192 La <strong>vaccination en pharmacie<\/strong> sera possible d\u00e8s le 15\u00a0mars, le d\u00e9cret d&rsquo;autorisation le permettant sera publi\u00e9 demain vendredi, a annonc\u00e9 le chef du gouvernement. La Haute Autorit\u00e9 de sant\u00e9 a donn\u00e9 un avis favorable. Aucune ordonnance ne sera demand\u00e9e pour les personnes d\u00e9j\u00e0 autoris\u00e9es \u00e0 se faire vacciner.<\/p>\n<p>\u2192\u00a0Les personnes de 50\u00a0ans ou plus avec comorbidit\u00e9s, ou les plus de 75\u00a0ans peuvent prendre rendez-vous d\u00e8s ce week-end, a soulign\u00e9\u00a0Olivier V\u00e9ran.\u00a0<\/p>\n<p>\u2192\u00a0Des <strong>tests salivaires<\/strong> seront distribu\u00e9s dans les cr\u00e8ches, les \u00e9tablissements sanitaires et les Ehpad, a annonc\u00e9\u00a0Olivier V\u00e9ran, comme cela est d\u00e9j\u00e0 le cas dans les \u00e9tablissements scolaires depuis plusieurs\u00a0jours.<\/p>\n<p>\u2192 Olivier V\u00e9ran a invit\u00e9 les soignants \u00e0 se faire vacciner : \u00ab\u00a040\u00a0% des soignants en Ehpad et 30\u00a0% des soignants sur l&rsquo;ensemble du syst\u00e8me sont vaccin\u00e9s\u00a0\u00bb, a indiqu\u00e9 le ministre. \u00ab\u00a0Clairement, \u00e7a ne suffit pas\u00a0\u00bb, a t-il d\u00e9clar\u00e9. Le ministre entend les encourager, par courrier, \u00e0 se faire vacciner.<\/p>\n<ul>\n<li><strong>Vaccination des soignants.<\/strong>\u00a0Selon\u00a0<a data-original-fontsize=\"19px\" data-original-lineheight=\"30px\" href=\"https:\/\/www.lesechos.fr\/politique-societe\/emmanuel-macron-president\/exclusif-covid-19-emmanuel-macron-veut-rendre-la-vaccination-obligatoire-pour-les-soignants-1295350\" target=\"_blank\" rel=\"noopener noreferrer\">Les Echos<\/a>, Emmanuel Macron aurait\u00a0demand\u00e9 mercredi en Conseil de d\u00e9fense de faire en sorte que les soignants, dans les h\u00f4pitaux et les Ehpad, soient tous vaccin\u00e9s contre la\u00a0Covid-19, ce qui est loin aujourd&rsquo;hui d&rsquo;\u00eatre le cas. L&rsquo;Elys\u00e9e confirme jeudi cette information selon laquelle la<strong> vaccination obligatoire <\/strong>est l&rsquo;une des pistes \u00e0 l&rsquo;\u00e9tude.<\/li>\n<li><strong>Des patients de La R\u00e9union transf\u00e9r\u00e9s dans l&rsquo;Hexagone.<\/strong>\u00a0Quatre patients hospitalis\u00e9s sur l&rsquo;\u00eele de la R\u00e9union, atteints du Covid-19, vont \u00eatre \u00e9vacu\u00e9s vers l&rsquo;Hexagone par vol sanitaire jeudi soir, une premi\u00e8re pour autant de malades en une fois. Ils \u00e9taient avant hospitalis\u00e9s \u00e0 Mayotte puis \u00e9vacu\u00e9 \u00e0 La R\u00e9union<em>.\u00a0\u00ab\u00a0Ils sont inconscients et intub\u00e9s\u00a0\u00bb<\/em>,\u00a0a pr\u00e9cis\u00e9 le professeur Bertrand Guihard, chef du SAMU R\u00e9union, cit\u00e9 par Le Parisien.\u00a0<\/li>\n<li><strong>Masque obligatoire \u00e0 Besan\u00e7on.\u00a0<\/strong>La pr\u00e9fecture du Doubs a annonc\u00e9 le durcissement des mesures sanitaires dans quatre communes du d\u00e9partement, dont <strong>Besan\u00e7on<\/strong>, et une campagne de d\u00e9pistage massive dans les \u00e9coles apr\u00e8s avoir constat\u00e9 une croissance \u00ab\u00a0fulgurante\u00a0\u00bb des variants \u00e9trangers du Covid-19, notamment<strong> sud-africain et br\u00e9silien<\/strong>. Le port du masque va \u00eatre rendu\u00a0obligatoire sur l&rsquo;ensemble de la ville de Besan\u00e7on et\u00a0dans les communes de Saint-Vit, Quingey et Montferrand-le-Ch\u00e2teau.<\/li>\n<li><strong><a href=\"https:\/\/sante.journaldesfemmes.fr\/fiches-maladies\/2682959-protocole-ehpad-covid-coronavirus-france-visite-recommandation-test-deces-sortie-vaccination\/\" target=\"_blank\" rel=\"noopener noreferrer\">Sorties \u00e0 nouveau autoris\u00e9es en Ehpad<\/a>.\u00a0<\/strong>Le 3\u00a0mars 2021, le\u00a0<a href=\"https:\/\/www.conseil-etat.fr\/actualites\/actualites\/le-conseil-d-etat-suspend-l-interdiction-generale-et-absolue-de-sortie-des-residents-d-ehpad\" target=\"_blank\" rel=\"noopener noreferrer\">Conseil d&rsquo;Etat<\/a>\u00a0annonce suspendre l&rsquo;interdiction totale de sortie des r\u00e9sidents d&rsquo;Ehpad, jugeant cette mesure recommand\u00e9e par le minist\u00e8re de la Sant\u00e9<em>\u00a0\u00ab\u00a0<strong data-insertor-excluded=\"1\">disproportionn\u00e9e<\/strong><em data-insertor-excluded=\"1\">\u00a0<\/em>car la\u00a0<strong data-insertor-excluded=\"1\">majorit\u00e9 des r\u00e9sidents ont \u00e9t\u00e9 vaccin\u00e9s\u00a0<\/strong>et la vaccination a d\u00e9montr\u00e9 ses effets positifs\u00a0\u00bb<\/em>. Jusqu&rsquo;ici\u00a0les sorties dans les familles et pour des activit\u00e9s ext\u00e9rieures \u00e9taient suspendues jusqu&rsquo;\u00e0 nouvel ordre. Le juge des r\u00e9f\u00e9r\u00e9s du Conseil d&rsquo;\u00c9tat estime<em>\u00a0\u00ab\u00a0que certaines\u00a0<strong data-insertor-excluded=\"1\">sorties, notamment celles des r\u00e9sidents ayant \u00e9t\u00e9 vaccin\u00e9s,\u00a0<\/strong>peuvent \u00eatre\u00a0<strong data-insertor-excluded=\"1\">compatibles\u00a0<\/strong>avec la s\u00e9curit\u00e9 de l&rsquo;ensemble des r\u00e9sidents et du personnel d\u00e8s lors que des mesures ad\u00e9quates de protection sont d\u00e9finies\u00a0\u00bb<\/em>.<\/li>\n<li><strong>Le vaccin russe analys\u00e9 par l&rsquo;Agence europ\u00e9enne du m\u00e9dicament.\u00a0<\/strong>L&rsquo;Agence europ\u00e9enne des m\u00e9dicaments <em>\u00ab\u00a0a d\u00e9but\u00e9 une \u00e9tude continue du Spoutnik V, un vaccin contre le Covid-19\u00a0d\u00e9velopp\u00e9 par le centre national russe Gamaleya d&rsquo;\u00e9pid\u00e9miologie et mircobiologie\u00a0\u00bb<\/em>, selon un communiqu\u00e9 cit\u00e9 par l&rsquo;<a href=\"https:\/\/twitter.com\/afpfr\/status\/1367407217734017028\" target=\"_blank\" rel=\"noopener noreferrer\">AFP<\/a>.\u00a0<\/li>\n<li><strong>AstraZeneca et les variants.<\/strong>\u00a0<em>\u00ab\u00a0Contre le variant anglais, les vaccins disponibles sont efficaces\u00a0\u00bb <\/em>a d\u00e9clar\u00e9\u00a0Olivier Nataf, le pr\u00e9sident d&rsquo;AstraZeneca France sur BFM-TV jeudi\u00a0. <em>\u00ab\u00a0Contre le variant sud-africain, il semble y avoir une diminution de l&rsquo;efficacit\u00e9. Cela ne signifie pas &lsquo;pas d&rsquo;efficacit\u00e9 du tout&rsquo;. Il faut quand m\u00eame activer le syst\u00e8me immunitaire.\u00a0\u00bb<\/em><\/li>\n<\/ul>\n<p><span style=\"font-size: 1rem;\">\u200b\u200b<\/span><a id=\"nouvelles-mesures-covid-france\" name=\"nouvelles-mesures-covid-france\" style=\"font-size: 1.125rem; background-color: rgb(255, 255, 255);\">Quelles sont les mesures anti Covid-19 en France ?<\/a><\/p>\n<p>Le 25 f\u00e9vrier, le gouvernement a indiqu\u00e9 que la d\u00e9cision de nouvelles restrictions se base sur 4 indicateurs\u00a0:<\/p>\n<ul>\n<li>le niveau d&rsquo;incidence \u00e9lev\u00e9 du virus (+250 cas pour 100 000 habitants)<\/li>\n<li>la part importante des variantes dans les contaminations (+50%)<\/li>\n<li>la pression hospitali\u00e8re proche du seuil critique<\/li>\n<li>la circulation virale qui s&rsquo;acc\u00e9l\u00e8re fortement<\/li>\n<\/ul>\n<p>Pour freiner la reprise de l&rsquo;\u00e9pid\u00e9mie de Covid-19 au d\u00e9but de l&rsquo;ann\u00e9e 2021, le gouvernement a d\u00e9cid\u00e9 de mettre en place un couvre-feu <strong>de 18 heures \u00e0 6 heures du matin,<\/strong>\u00a0depuis le\u00a0samedi 16\u00a0janvier 2021. Les mesures de restrictions en vigueur en France sont\u00a0:<\/p>\n<ul>\n<li>Les centres commerciaux non-alimentaires de plus de 20\u00a0000\u00a0m<sup>2\u00a0<\/sup>sont ferm\u00e9s (magasins de bricolage, de pr\u00eat-\u00e0-porter, de d\u00e9coration\u2026).<\/li>\n<li>La pratique sportive ou la promenade en plein air est interdite pendant les horaires de couvre-feu\u00a0;<\/li>\n<li>Pendant la journ\u00e9e, les d\u00e9placements sont autoris\u00e9s et l&rsquo;attestation n&rsquo;est pas n\u00e9cessaire\u00a0;<\/li>\n<li>Les d\u00e9placements entre r\u00e9gions sont autoris\u00e9s\u00a0;<\/li>\n<li>Les d\u00e9placements en provenance ou \u00e0 destination d&rsquo;un pays ext\u00e9rieur \u00e0 l&rsquo;Union europ\u00e9enne sont interdits, sauf motif imp\u00e9rieux<\/li>\n<li>Les lieux de culte doivent respecter une certaine jauge\u00a0\u00a0;<\/li>\n<li>Les salles de cin\u00e9ma, les th\u00e9\u00e2tres et les mus\u00e9es restent ferm\u00e9s ;<\/li>\n<li>L&rsquo;accueil du public dans les enceintes sportives, dans les cirques, les parcs zoologiques ou encore les salles de jeux et les casinos est interdit\u00a0;<\/li>\n<li>Les restaurants et les caf\u00e9s sont ferm\u00e9s.<\/li>\n<li>Depuis\u00a0le dimanche 31\u00a0janvier \u00e0 minuit, la France a ferm\u00e9 ses fronti\u00e8res\u00a0aux pays ext\u00e9rieurs \u00e0 l&rsquo;Union europ\u00e9enne, sauf pour \u00ab\u00a0motifs imp\u00e9rieux\u00a0\u00bb.<\/li>\n<li>Un test RT-PCR n\u00e9gatif datant de moins de 72 heures est obligatoire pour entrer en Corse, d\u00e8s l&rsquo;\u00e2ge de 11 ans, jusqu&rsquo;\u00e0 nouvel ordre.<\/li>\n<\/ul>\n<p><strong>D\u00e9placements autoris\u00e9s apr\u00e8s 18\u00a0heures sur <a href=\"https:\/\/www.interieur.gouv.fr\/Actualites\/L-actu-du-Ministere\/Attestations-de-deplacement-couvre-feu\" target=\"_blank\" rel=\"noopener noreferrer\">attestation<\/a> :<\/strong><\/p>\n<ul>\n<li>se rendre ou revenir de son lieu de travail, \u00e0 une <a href=\"http:\/\/www.affinite.fr\/index.php\/2022\/11\/09\/formation-de-glacier-apprenez-le-metier-de-glacier-et-changez-votre-vie\/\">formation<\/a> professionnelle, effectuer un d\u00e9placement professionnel ne pouvant \u00eatre report\u00e9\u00a0;<\/li>\n<li>des motifs familiaux imp\u00e9rieux, pour l&rsquo;assistance aux personnes vuln\u00e9rables et pr\u00e9caires, notamment aux personnes en situation de handicap ou pour la garde d&rsquo;enfants\u00a0;<\/li>\n<li>des motifs m\u00e9dicaux\u00a0: aller \u00e0 l&rsquo;h\u00f4pital, examens et soins ne pouvant \u00eatre assur\u00e9s \u00e0 distance et achat de m\u00e9dicaments\u00a0;<\/li>\n<li>participer \u00e0 des missions d&rsquo;int\u00e9r\u00eat g\u00e9n\u00e9ral sur demande de l&rsquo;autorit\u00e9 administrative (maraudes des associations de lutte contre la pauvret\u00e9 ou distributions d&rsquo;aides alimentaires \u00e0 domicile)\u00a0;<\/li>\n<li>les personnes en situation de handicap et leur accompagnant\u00a0;<\/li>\n<li>promener un animal domestique autour de son domicile.<\/li>\n<\/ul>\n<p>Le Premier ministre Jean Castex, le ministre de la Sant\u00e9 Olivier V\u00e9ran, le Pr\u00a0Alain Fisher, pr\u00e9sident du conseil d&rsquo;orientation de la strat\u00e9gie vaccinale en France, ont tenu\u00a0une <a href=\"https:\/\/twitter.com\/gouvernementFR\/status\/1364983645375590401\" target=\"_blank\" rel=\"noopener noreferrer\">conf\u00e9rence de presse jeudi 25 f\u00e9vrier<\/a> pour\u00a0faire un point sur l&rsquo;\u00e9pid\u00e9mie\u00a0et\u00a0sur les traitements. Les annonces\u00a0:<\/p>\n<ul>\n<li>Un<strong> confinement g\u00e9n\u00e9ralis\u00e9 n&rsquo;est pas d&rsquo;actualit\u00e9.<\/strong> Le Premier ministre privil\u00e9gie\u00a0des mesures de freinage cumulatifs\u00a0: le <strong>couvre-feu \u00e0 18\u00a0heures<\/strong>, conjugu\u00e9 au confinement durant les week-ends, dans les territoires o\u00f9 la situation sanitaire s&rsquo;est d\u00e9grad\u00e9e.\u00a0\u00ab\u00a0<em>La nature des mesures que nous pourrions prendre \u00e0 l&rsquo;\u00e9ch\u00e9ance du week-end suivant, si la situation venait encore \u00e0 se d\u00e9grader, pourrait \u00eatre des mesures similaires \u00e0 celles de Dunkerque et de Nice\u00a0\u00bb,\u00a0<\/em>a t-il pr\u00e9cis\u00e9.<\/li>\n<li><strong>20\u00a0d\u00e9partements\u00a0sont plac\u00e9s en surveillance renforc\u00e9e<\/strong> :\u00a0Alpes-Maritimes, Bouches-du-Rh\u00f4ne, Dr\u00f4me, Essonne, Eure-et-Loir, Hauts-de-Seine, Meurthe-et-Moselle, Moselle, Nord, Oise, Paris, Pas-de-Calais, Rh\u00f4ne, Seine-et-Marne, Seine-Saint-Denis, Somme, Val d&rsquo;Oise, Val-de-Marne, Var, Yvelines.\u00a0\u00ab\u00a0<em>Ces territoires cumulent des indicateurs d\u00e9favorables\u00a0: un niveau d&rsquo;incidence \u00e9lev\u00e9, autour de 250\u00a0cas pour 100\u00a0000\u00a0habitants, une<strong> part de variant cinq fois sup\u00e9rieur \u00e0 50%<\/strong>, une pression hospitali\u00e8re proche du seuil critique et, enfin, une circulation virale qui commence \u00e0 s&rsquo;acc\u00e9l\u00e9rer s\u00e9rieusement<\/em>\u00ab\u00a0, indique le Premier ministre.\u00a0<em>\u00ab\u00a0Nous ferons un point la semaine prochaine et nous d\u00e9ciderons alors\u00a0: si la situation continue de se d\u00e9grader, nous prendrons des mesures renforc\u00e9es qui entreront en vigueur \u00e0 compter du week-end du 6\u00a0mars<\/em>.\u00a0\u00bb<\/li>\n<li><strong>Des pistes\u00a0th\u00e9rapeutiques sont \u00e0 l&rsquo;\u00e9tude,<\/strong> \u00ab\u00a0<em>des espoirs nouveaux qui permettront de renforcer notre arsenal de moyens pour lutter contre la diffusion de ce virus\u00a0\u00bb<\/em>, a annonc\u00e9\u00a0le ministre de la Sant\u00e9. La France a command\u00e9 <em>\u00ab\u00a0des dizaines de milliers de doses d&rsquo;<strong>anticorps monoclonaux<\/strong> d&rsquo;une g\u00e9n\u00e9ration sup\u00e9rieure\u00a0\u00bb,<\/em> attendus \u00ab\u00a0\u00e0 la mi-mars\u00a0\u00bb. Ces anticorps de synth\u00e8se pourraient\u00a0renforcer le syst\u00e8me immunitaire pour lutter contre le virus. Le ministre a\u00a0\u00e9voqu\u00e9 \u00e9galement<em>\u00a0\u00ab\u00a0un traitement par <strong>interf\u00e9ron<\/strong>, un vieux m\u00e9dicament<\/em>\u00a0\u00bb dont on saura \u00ab\u00a0<em>s&rsquo;il est efficace<\/em>\u00a0\u00bb dans \u00ab\u00a0<em>quelques semaines\u00a0\u00bb<\/em>.<\/li>\n<\/ul>\n<p>A d\u00e9faut de reconfiner tout l&rsquo;Hexagone, le gouvernement a d\u00e9cid\u00e9 de confiner uniquement certaines zones particuli\u00e8rement sous tension \u00e0 la mi-f\u00e9vrier, avec un confinement en vigueur le week-end.<\/p>\n<p><strong>A Dunkerque :\u00a0<\/strong><\/p>\n<ul>\n<li><strong>Confinement <\/strong>pour les weekends du 27-28\u00a0f\u00e9vrier et du 6-7\u00a0mars.\u00a0Les d\u00e9placements resteront possibles pour certains motifs tels que les achats de premi\u00e8re n\u00e9cessit\u00e9 ou m\u00e9dicaux.\u00a0<\/li>\n<li>Les commerces autres qu&rsquo;alimentaires seront ferm\u00e9s, ainsi que les centres commerciaux dont la superficie est sup\u00e9rieure \u00e0 5000m\u00b2.\u00a0<\/li>\n<li>La vente d&rsquo;alcool \u00e0 emporter ainsi que la consommation d&rsquo;alcool sur la voie publique est interdite\u00a0dans l&rsquo;ensemble du d\u00e9partement du Nord.\u00a0<\/li>\n<\/ul>\n<p><strong>Dans les Alpes-Maritimes <\/strong>;<strong>\u00a0<\/strong><\/p>\n<ul>\n<li>Confinement du vendredi \u00e0 18h au lundi 6h pour les week-ends du 27-28 f\u00e9vrier et du 6-7 mars\u00a0dans les communes de <strong>Menton \u00e0 Th\u00e9oule-sur-Mer<\/strong>, zone du littoral qui concentre pr\u00e8s de 90% du d\u00e9partement. Seules les sorties d&rsquo;une heures pour faire les courses, aller chez le m\u00e9decin, promener son animal de compagnie, faire du sport ou une promenade dans un rayon de 5 km autour de son domicile sont admises.<\/li>\n<li>Fermeture des commerces de plus de 5000\u00a0m<sup>2<\/sup>\u00a0\u00e0 l&rsquo;exception des commerces alimentaires et des pharmacies<\/li>\n<li>Jauge d&rsquo;accueil de 15m\u00b2\u00a0par client pour les commerces de plus de 400m<sup>2<\/sup><\/li>\n<li>Interdiction de mettre de la musique amplifi\u00e9e ou de consommer de l&rsquo;alcool sur la voie publique.<\/li>\n<li>Acc\u00e9l\u00e9ration de la vaccination avec la r\u00e9ception de 4 500 doses suppl\u00e9mentaires du vaccin Pfizer-BioNTech.<\/li>\n<li>Obligation de porter le masque dans tout le d\u00e9partement \u00ab\u00a0<em>dans toutes les zones \u00e0 forte fr\u00e9quentation de toutes les communes du d\u00e9partement<\/em>\u00ab\u00a0.<\/li>\n<li>Renforcement des contr\u00f4les aux a\u00e9roports des Alpes-Maritimes et \u00e0 la fronti\u00e8re italienne.<\/li>\n<\/ul>\n<p><strong>Dans le Pas-de-Calais :<\/strong><\/p>\n<p>Le d\u00e9partement du Pas-de-Calais bascule en confinement durant les week-ends \u00e0 compter de samedi 6\u00a0mars, de 6\u00a0heures, \u00e0 18\u00a0heures dimanche, jusqu&rsquo;\u00e0 nouvel ordre.<\/p>\n<ul>\n<li>Les grandes surfaces de plus de 5\u00a0000\u00a0m2\u00a0seront ferm\u00e9es dans ce d\u00e9partement.<\/li>\n<li>Le taux d&rsquo;incidence dans ce d\u00e9partement est \u00e0 un niveau tr\u00e8s \u00e9lev\u00e9, de 400\u00a0\/ 100\u00a0000\u00a0habitants.<\/li>\n<\/ul>\n<p><strong>Selon les derniers chiffres publi\u00e9s par <a href=\"https:\/\/www.santepubliquefrance.fr\/dossiers\/coronavirus-covid-19\/coronavirus-chiffres-cles-et-evolution-de-la-covid-19-en-france-et-dans-le-monde\" target=\"_blank\" rel=\"noopener noreferrer\">Sant\u00e9 publique France<\/a>, au jeudi 4\u00a0mars, en France\u00a0:<\/strong><\/p>\n<p>\u2022 3 835 595\u00a0personnes ont \u00e9t\u00e9 contamin\u00e9es par le coronavirus\u00a0<strong>(+25 279\u00a0<\/strong><strong>en 24\u00a0heures).<\/strong><\/p>\n<p>\u2022 87 835 personnes sont d\u00e9c\u00e9d\u00e9es en France\u00a0<strong>(+293\u00a0en 24\u00a0heures),<\/strong><strong>\u00a0<\/strong>dont 62 862 \u00e0 l&rsquo;h\u00f4pital, auxquels se sont ajout\u00e9s 117 d\u00e9c\u00e8s en Ephad et ESMS entre le 26 f\u00e9vrier\u00a0et le 2 mars.<\/p>\n<p>\u2022 3 633 patients Covid-19 sont en r\u00e9animation (-4).<\/p>\n<p>\u2022 24 891\u00a0patients Covid-19 sont hospitalis\u00e9s (-220).<\/p>\n<blockquote>\n<p style=\"text-align: right;\">\u00a0<\/p>\n<\/blockquote>\n<blockquote>\n<p style=\"text-align: right;\">\u00a0<\/p>\n<\/blockquote>\n<p>\u00ab\u00a0<em>Depuis une semaine, la circulation du virus \u00e0 continuer de progresser mais \u00e0 une vitesse moindre \u00e0 ce que nous pouvions\u00a0craindre\u00a0\u00bb<\/em>\u00a0a indiqu\u00e9 le Premier ministre<strong> Jean Castex<\/strong>\u00a0jeudi 4 mars dans son point sur l&rsquo;\u00e9volution de l&rsquo;\u00e9pid\u00e9mie. \u00ab\u00a0<em>La circulation du virus s&rsquo;est acc\u00e9l\u00e9r\u00e9e depuis une quinzaine de jours, et d\u00e9sormais le variant anglais repr\u00e9sente 60% des contaminations<\/em>\u00ab\u00a0, a pr\u00e9cis\u00e9 le chef du gouvernement le 4 mars. Apr\u00e8s plusieurs mois marqu\u00e9s par un plateau se situant aux alentours de 15 000-20 000 cas par jour, la courbe de l&rsquo;incidence des cas repart \u00e0 la hausse.<em> \u00ab\u00a0Le virus progresse en France comme presque partout en Europe (&#8230;) m\u00eame dans les pays qui ont confin\u00e9\u00a0\u00bb <\/em>a soulign\u00e9 le Premier ministre.<\/p>\n<ul>\n<li>Les r\u00e9gions les plus touch\u00e9es sont : Provence-Alpes-C\u00f4te d&rsquo;Azur, Hauts-de-France et \u00cele-de-France.<\/li>\n<li>60% des nouveaux cas de Covid sont positifs au variant anglais, contre 49% la semaine pr\u00e9c\u00e9dente (6% pour les variants sud-africain et br\u00e9silien)<\/li>\n<li>Depuis le 15 f\u00e9vrier, les taux d&rsquo;incidence et de positivit\u00e9 sont \u00e0 nouveau en hausse apr\u00e8s deux semaines de diminution.<\/li>\n<li>Sur la semaine du 15-21 f\u00e9vrier, une moyenne de\u00a019\u00a0824\u00a0cas de Covid est confirm\u00e9s chaque jour.<\/li>\n<li>Le niveau reste tr\u00e8s \u00e9lev\u00e9 pour le\u00a0nombre d&rsquo;hospitalisations, notamment en r\u00e9animation.<\/li>\n<li>En semaine 07, les personnes de 75\u00a0ans et plus restaient fortement touch\u00e9es par le SARS-CoV-2. On observe cependant une am\u00e9lioration de la majorit\u00e9 des indicateurs \u00e9pid\u00e9miologiques depuis S06\u00a0dans cette classe d&rsquo;\u00e2ge (diminutions de l&rsquo;incidence, de la proportion de personnes hospitalis\u00e9es par rapport aux autres classes d&rsquo;\u00e2ge et du nombre de cas en EHPAD) qui t\u00e9moigne vraisemblablement d&rsquo;un effet de l&rsquo;augmentation progressive de la couverture vaccinale dans cette population.<\/li>\n<\/ul>\n<div style=\"text-align:center\">\n<figure class=\"image\" style=\"display:inline-block\"><a class=\"fancy\" href=\"https:\/\/img-3.journaldesfemmes.fr\/Jr5yz8wQaq825yu5uI31-HKi2Ek=\/1080x\/smart\/e3e8683ade984992b5cc3da32d47d675\/ccmcms-jdf\/22683072.jpg\"><img decoding=\"async\" alt=\"\u00c9volution des taux d\u2019incidence et taux de d\u00e9pistage par semaine, depuis la semaine 23-2020, France (donn\u00e9es au 24 f\u00e9vrier 2021)\" src=\"https:\/\/img-3.journaldesfemmes.fr\/9lblzDGTCfISjlGXWATPiNCXPOg=\/600x\/smart\/e3e8683ade984992b5cc3da32d47d675\/ccmcms-jdf\/22683072.jpg\"\/><\/a><figcaption data-credit=\"Sant\u00e9 Publique France\" data-legend=\"\u00c9volution des taux d\u2019incidence et taux de d\u00e9pistage par semaine, depuis la semaine 23-2020, France (donn\u00e9es au 24 f\u00e9vrier 2021)\">\u00c9volution des taux d\u2019incidence et taux de d\u00e9pistage par semaine, depuis la semaine 23-2020, France (donn\u00e9es au 24 f\u00e9vrier 2021) <small>\u00a9\u00a0Sant\u00e9 Publique France<\/small><\/figcaption><\/figure>\n<\/div>\n<p>Le gouvernement suit \u00e9galement l&rsquo;\u00e9volution du taux d&rsquo;occupation des lits en r\u00e9animation par des patients Covid-19 (sur les capacit\u00e9s initiales). Ce taux met en lumi\u00e8re une \u00e9ventuelle tension hospitali\u00e8re.\u00a0<\/p>\n<div style=\"text-align:center\">\n<figure class=\"image\" style=\"display:inline-block\"><a class=\"fancy\" href=\"https:\/\/img-3.journaldesfemmes.fr\/2a1q50o14C7h3-ufojkUEknBNQc=\/1080x\/smart\/e674667a603f4a6780f25f0fb2f231cc\/ccmcms-jdf\/22827663.png\"><img decoding=\"async\" alt=\"Taux d'occupation des lits en r\u00e9animation au 3 mars par des patients Covid-19\" src=\"https:\/\/img-3.journaldesfemmes.fr\/zzSnYJ9emRymEvVVyqBZvAr7Ltc=\/450x\/smart\/e674667a603f4a6780f25f0fb2f231cc\/ccmcms-jdf\/22827663.png\"\/><\/a><figcaption data-credit=\"Gouvernement.fr\" data-legend=\"Taux d'occupation des lits en r\u00e9animation au 3 mars par des patients Covid-19\">Taux d&rsquo;occupation des lits en r\u00e9animation au 3 mars par des patients Covid-19 <small>\u00a9\u00a0Gouvernement.fr<\/small><\/figcaption><\/figure>\n<\/div>\n<p>Le\u00a0<strong>pic \u00e9pid\u00e9mique<\/strong>\u00a0de la premi\u00e8re vague a \u00e9t\u00e9 observ\u00e9 la\u00a0<strong>semaine du 6\u00a0au 12\u00a0avril<\/strong>, soit 15\u00a0jours\u00a0apr\u00e8s la mise en \u0153uvre des mesures de confinement de la population g\u00e9n\u00e9rale, le 17\u00a0mars 2020. Le <strong>pic de la deuxi\u00e8me vague <\/strong>a eu lieu\u00a0du <strong>16\u00a0au 20\u00a0novembre,\u00a0<\/strong>trois semaines apr\u00e8s le deuxi\u00e8me confinement.<\/p>\n<p>La situation \u00e9pid\u00e9mique est jug\u00e9e \u00ab\u00a0tr\u00e8s pr\u00e9occupante\u00a0\u00bb dans <strong>23\u00a0d\u00e9partements d\u00e9sormais plac\u00e9s en \u00ab\u00a0vigilance renforc\u00e9e\u00a0\u00bb :\u00a0<\/strong>Alpes-Maritimes, Bouches-du-Rh\u00f4ne, Dr\u00f4me, Essonne, Eure-et-Loir, Hauts-de-Seine, Meurthe-et-Moselle, Moselle, Nord, Oise, Paris, Pas-de-Calais, Rh\u00f4ne, Seine-et-Marne, Seine-Saint-Denis, Somme, Val d&rsquo;Oise, Val-de-Marne, Var, Yvelines, Aisne, Aube, Hautes-Alpes.\u00a0\u00ab\u00a0<em>Ces territoires cumulent des indicateurs d\u00e9favorables\u00a0: un niveau d&rsquo;incidence \u00e9lev\u00e9, autour de 250\u00a0cas pour 100\u00a0000\u00a0habitants, une<strong> part de variant cinq fois sup\u00e9rieur \u00e0 50%<\/strong>, une pression hospitali\u00e8re proche du seuil critique et, enfin, une circulation virale qui commence \u00e0 s&rsquo;acc\u00e9l\u00e9rer s\u00e9rieusement<\/em>\u00ab\u00a0, a argu\u00e9 le Premier ministre.\u00a0<\/p>\n<p><iframe loading=\"lazy\" height=\"600\" src=\"https:\/\/geodes.santepubliquefrance.fr\/?view=map2&amp;indics=sp_ti_tp_7j.tx_pe_gliss&amp;serie=2021-02-15-2021-02-21&amp;lang=fr&amp;iframe=1\" width=\"600\"><\/iframe><\/p>\n<p>Au jeudi 4\u00a0mars 2021, un total de<strong>\u00a03 835 595\u00a0<\/strong><strong>cas\u00a0confirm\u00e9s\u00a0<\/strong>de coronavirus est rapport\u00e9 depuis le d\u00e9but de la pand\u00e9mie.\u00a0En semaine 07\u00a0(du 15\u00a0au 21\u00a0f\u00e9vrier 2021), les taux d&rsquo;incidence et de positivit\u00e9 sont \u00e0 nouveau en hausse apr\u00e8s deux semaines de diminution, rapporte Sant\u00e9 Publique France dans son bilan hebdomadaire du 25 f\u00e9vrier. Sur cette semaine,<strong> 19\u00a0824\u00a0cas confirm\u00e9s de Covid en moyenne <\/strong>ont \u00e9t\u00e9 enregistr\u00e9s chaque jour. Les personnes de <strong>75\u00a0ans et plus <\/strong>restent fortement touch\u00e9es mais l&rsquo;agence\u00a0observe une am\u00e9lioration de la majorit\u00e9 des indicateurs \u00e9pid\u00e9miologiques dans cette classe d&rsquo;\u00e2ge dont une diminution\u00a0de l&rsquo;incidence du virus.<\/p>\n<h3 style=\"text-align: center;\">Nombre incident de cas confirm\u00e9s de COVID-19\u00a0par semaine (date de pr\u00e9l\u00e8vement), rapport\u00e9s \u00e0 Sant\u00e9 publique France du 11\u00a0mai 2020\u00a0au 14\u00a0f\u00e9vrier 2021, France (donn\u00e9es au 24 f\u00e9vrier 2021).<\/h3>\n<div style=\"text-align:center\">\n<figure class=\"image\" style=\"display:inline-block\"><a class=\"fancy\" href=\"https:\/\/img-3.journaldesfemmes.fr\/5HxJ7ZSqxXuZ5KvidKRulaq7dzI=\/1080x\/smart\/58316ae0c4de4f4b922debcc16f2c423\/ccmcms-jdf\/22682988.jpg\"><img decoding=\"async\" alt=\"Nombre incident de cas confirm\u00e9s de COVID-19 par semaine (date de pr\u00e9l\u00e8vement), rapport\u00e9s \u00e0 Sant\u00e9 publique France du 11 mai 2020 au 14 f\u00e9vrier 2021, France (donn\u00e9es au 24 f\u00e9vrier 2021)\" src=\"https:\/\/img-3.journaldesfemmes.fr\/jMmUwXvGdplvHJSjO1_uAatf_jA=\/600x\/smart\/58316ae0c4de4f4b922debcc16f2c423\/ccmcms-jdf\/22682988.jpg\"\/><\/a><figcaption data-credit=\"Sant\u00e9 publique France\" data-legend=\"Nombre incident de cas confirm\u00e9s de COVID-19 par semaine (date de pr\u00e9l\u00e8vement), rapport\u00e9s \u00e0 Sant\u00e9 publique France du 11 mai 2020 au 14 f\u00e9vrier 2021, France (donn\u00e9es au 24 f\u00e9vrier 2021)\">Nombre incident de cas confirm\u00e9s de COVID-19 par semaine (date de pr\u00e9l\u00e8vement), rapport\u00e9s \u00e0 Sant\u00e9 publique France du 11 mai 2020 au 14 f\u00e9vrier 2021, France (donn\u00e9es au 24 f\u00e9vrier 2021) <small>\u00a9\u00a0Sant\u00e9 publique France<\/small><\/figcaption><\/figure>\n<\/div>\n<h3 style=\"text-align: center;\">Nombre de cas confirm\u00e9s de COVID-19\u00a0chez les r\u00e9sidents et le personnel en ESMS par semaine, entre le 20\u00a0juillet 2020\u00a0et le 21 f\u00e9vrier 2021, France<\/h3>\n<div style=\"text-align:center\">\n<figure class=\"image\" style=\"display:inline-block\"><a class=\"fancy\" href=\"https:\/\/img-3.journaldesfemmes.fr\/IPZtT-hKx5t0o5-orVU2bSsjUgw=\/1080x\/smart\/ba1f803ba0fd4bee9767bfa7f12657ac\/ccmcms-jdf\/22683040.jpg\"><img decoding=\"async\" alt=\"Nombre de cas confirm\u00e9s de COVID-19 chez les r\u00e9sidents et le personnel en ESMS par semaine, entre le 20 juillet 2020 et le 21 f\u00e9vrier 2021, France\" src=\"https:\/\/img-3.journaldesfemmes.fr\/-dzOGPR14gdnQCGCMQSSO8X15Bw=\/600x\/smart\/ba1f803ba0fd4bee9767bfa7f12657ac\/ccmcms-jdf\/22683040.jpg\"\/><\/a><figcaption data-credit=\"Sant\u00e9 publique France\" data-legend=\"Nombre de cas confirm\u00e9s de COVID-19 chez les r\u00e9sidents et le personnel en ESMS par semaine, entre le 20 juillet 2020 et le 21 f\u00e9vrier 2021, France\">Nombre de cas confirm\u00e9s de COVID-19 chez les r\u00e9sidents et le personnel en ESMS par semaine, entre le 20 juillet 2020 et le 21 f\u00e9vrier 2021, France <small>\u00a9\u00a0Sant\u00e9 publique France<\/small><\/figcaption><\/figure>\n<\/div>\n<p>Jeudi\u00a04\u00a0mars,<strong>\u00a0+25 279\u00a0nouvelles personnes<\/strong>\u00a0ont re\u00e7u un test positif au Covid-19 par rapport \u00e0 la veille.<\/p>\n<h3 style=\"text-align: center;\">Nombre de patients positifs &#8211; quotidien &#8211; tous \u00e2ges jusqu&rsquo;au 28\u00a0f\u00e9vrier 2021<\/h3>\n<div style=\"text-align:center\">\n<figure class=\"image\" style=\"display:inline-block\"><a class=\"fancy\" href=\"https:\/\/img-3.journaldesfemmes.fr\/0WdED_J_MyL827LgklXwvYkZcEU=\/1080x\/smart\/a7299bce817244a1a8891a604d1f130b\/ccmcms-jdf\/22842603.jpg\"><img decoding=\"async\" alt=\"Nombre de patients positifs - quotidien - tous \u00e2ges\" src=\"https:\/\/img-3.journaldesfemmes.fr\/0WdED_J_MyL827LgklXwvYkZcEU=\/1080x\/smart\/a7299bce817244a1a8891a604d1f130b\/ccmcms-jdf\/22842603.jpg\"\/><\/a><figcaption data-credit=\"G\u00e9odes\" data-legend=\"Nombre de patients positifs - quotidien - tous \u00e2ges jusqu'au 28 f\u00e9vrier 2021\">Nombre de patients positifs &#8211; quotidien &#8211; tous \u00e2ges jusqu&rsquo;au 28 f\u00e9vrier 2021 <small>\u00a9\u00a0G\u00e9odes<\/small><\/figcaption><\/figure>\n<\/div>\n<p>Apr\u00e8s avoir augment\u00e9 entre les semaines 01\u00a0et 04, le nombre de d\u00e9clarations de nouvelles admissions en services de r\u00e9animation de patients COVID-19\u00a0s&rsquo;est stabilis\u00e9 depuis la semaine 04 (25-31 janvier).\u00a0Le taux hebdomadaire de nouvelles admissions de patients COVID-19\u00a0en services de r\u00e9animation est stable \u00e0 2,7\/100\u00a0000\u00a0habitants.<\/p>\n<p><strong>Sur la semaine du 15 au 21 f\u00e9vrier :\u00a0<\/strong><\/p>\n<ul>\n<li>le taux hebdomadaire de nouvelles admissions en\u00a0r\u00e9animation augmente\u00a0dans les Hauts-de-France (+39%), en Provence-Alpes-C\u00f4te d&rsquo;Azur (+12%), en Auvergne-Rh\u00f4ne-Alpes (+9%) et en <a href=\"http:\/\/www.affinite.fr\/index.php\/2024\/11\/21\/construire-votre-maison-en-normandie\/\">Normandie<\/a> (+5%).\u00a0<\/li>\n<li>les plus forts taux hebdomadaires d&rsquo;admissions en\u00a0r\u00e9animation sont\u00a0rapport\u00e9s en Provence-Alpes-C\u00f4te d&rsquo;Azur, \u00cele-de-France, Auvergne-Rh\u00f4ne-Alpes, Bourgogne-Franche Comt\u00e9, Grand Est et Occitanie,\u00a0et Corse.<\/li>\n<\/ul>\n<p><strong>Jeudi\u00a04\u00a0mars,\u00a03 633\u00a0personnes sont\u00a0hospitalis\u00e9es\u00a0en\u00a0r\u00e9animation (-4\u00a0en 24 heures).\u00a0<\/strong><\/p>\n<div style=\"text-align:center\">\n<figure class=\"image\" style=\"display:inline-block\"><a class=\"fancy\" href=\"https:\/\/img-3.journaldesfemmes.fr\/d2HPbk6S5hfuNNtERGYp8T-iwzM=\/1080x\/smart\/c3d36d6e68054f78b7b02069378c23d0\/ccmcms-jdf\/22683170.gif\"><img decoding=\"async\" alt=\"Nombre de patients COVID-19 en services de r\u00e9animation, par date de d\u00e9claration, depuis le 23 mars 2020, France (donn\u00e9es au 23 f\u00e9vrier 2021)\" src=\"https:\/\/img-3.journaldesfemmes.fr\/gQUjoD53vEiChnzH1jyQubf_boU=\/600x\/smart\/c3d36d6e68054f78b7b02069378c23d0\/ccmcms-jdf\/22683170.gif\"\/><\/a><figcaption data-credit=\"Sant\u00e9 publique France\" data-legend=\"Nombre de patients COVID-19 en services de r\u00e9animation, par date de d\u00e9claration, depuis le 23 mars 2020, France (donn\u00e9es au 23 f\u00e9vrier 2021)\">Nombre de patients COVID-19 en services de r\u00e9animation, par date de d\u00e9claration, depuis le 23 mars 2020, France (donn\u00e9es au 23 f\u00e9vrier 2021) <small>\u00a9\u00a0Sant\u00e9 publique France<\/small><\/figcaption><\/figure>\n<\/div>\n<p>Selon les <a href=\"https:\/\/www.gouvernement.fr\/info-coronavirus\/carte-et-donnees\" target=\"_blank\" rel=\"noopener noreferrer\">chiffres communiqu\u00e9s par le gouvernement<\/a>, consolid\u00e9s avec l&rsquo;Agence Sant\u00e9 Publique France et\u00a0les ARS (Agences r\u00e9gionales de Sant\u00e9), voici l&rsquo;\u00e9volution des hospitalisations (dont la r\u00e9animation) et des d\u00e9c\u00e8s\u00a0en France par r\u00e9gion.<\/p>\n<h3><a id=\"cas-covid-19-tableau-par-region\" name=\"cas-covid-19-tableau-par-region\">Evolution des hospitalisations (dont en r\u00e9animation) et d\u00e9c\u00e8s \u00e0 l&rsquo;h\u00f4pital du Covid-19\u00a0par r\u00e9gion au 4 mars<\/a><\/h3>\n<table border=\"1\" cellpadding=\"1\" cellspacing=\"1\" style=\"width:100%;\">\n<thead>\n<tr>\n<th scope=\"col\" style=\"width: 199px;\">R\u00e9gions<\/th>\n<th scope=\"col\" style=\"width: 162px; text-align: center;\">Hospitalisations en cours<\/th>\n<th scope=\"col\" style=\"width: 143px; text-align: center;\">Evolution des nouveaux patients sur les\u00a0 derni\u00e8res 24\u00a0H<\/th>\n<th scope=\"col\" style=\"width: 149px; text-align: center;\">R\u00e9animation Soins intensif<\/th>\n<th scope=\"col\" style=\"width: 155px; text-align: center;\">Evolution des nouveaux patients sur les\u00a0 derni\u00e8res 24\u00a0H<\/th>\n<th scope=\"col\" style=\"width: 220px; text-align: center;\">D\u00e9c\u00e8s<\/th>\n<\/tr>\n<tr>\n<td style=\"width: 199px;\"><b>\u00cele-de-France<\/b><\/td>\n<td style=\"width: 162px;\">5 264<\/td>\n<td style=\"width: 143px;\">-29<\/td>\n<td style=\"width: 149px;\">874<\/td>\n<td style=\"width: 155px;\">-12<\/td>\n<td style=\"width: 220px;\">15 140<\/td>\n<\/tr>\n<tr>\n<td style=\"width: 199px;\"><strong>Grand Est<\/strong><\/td>\n<td style=\"width: 162px;\">2 274<\/td>\n<td style=\"width: 143px;\">-33<\/td>\n<td style=\"width: 149px;\">299<\/td>\n<td style=\"width: 155px;\">+19<\/td>\n<td style=\"width: 220px;\">8 163<\/td>\n<\/tr>\n<tr>\n<td style=\"width: 199px;\"><strong>Auvergne-Rh\u00f4ne-Alpes<\/strong><\/td>\n<td style=\"width: 162px;\">3 236<\/td>\n<td style=\"width: 143px;\">+42<\/td>\n<td style=\"width: 149px;\">436<\/td>\n<td style=\"width: 155px;\">-1<\/td>\n<td style=\"width: 220px;\">9 189<\/td>\n<\/tr>\n<tr>\n<td style=\"width: 199px;\"><strong>Hauts-de-France<\/strong><\/td>\n<td style=\"width: 162px;\">2 877<\/td>\n<td style=\"width: 143px;\">+18<\/td>\n<td style=\"width: 149px;\">446<\/td>\n<td style=\"width: 155px;\">-17<\/td>\n<td style=\"width: 220px;\">6 353<\/td>\n<\/tr>\n<tr>\n<td style=\"width: 199px;\"><strong>Bourgogne-Franche-Comt\u00e9<\/strong><\/td>\n<td style=\"width: 162px;\">1 340<\/td>\n<td style=\"width: 143px;\">+6<\/td>\n<td style=\"width: 149px;\">\n<p>155<\/p>\n<\/td>\n<td style=\"width: 155px;\">-1<\/td>\n<td style=\"width: 220px;\">3 826<\/td>\n<\/tr>\n<tr>\n<td style=\"width: 199px;\"><strong>Provence-Alpes-C\u00f4te d&rsquo;Azur<\/strong><\/td>\n<td style=\"width: 162px;\">3 243<\/td>\n<td style=\"width: 143px;\">-48<\/td>\n<td style=\"width: 149px;\">483<\/td>\n<td style=\"width: 155px;\">-4<\/td>\n<td style=\"width: 220px;\">5 858<\/td>\n<\/tr>\n<tr>\n<td style=\"width: 199px;\"><strong>Occitanie<\/strong><\/td>\n<td style=\"width: 162px;\">1 409<\/td>\n<td style=\"width: 143px;\">-16<\/td>\n<td style=\"width: 149px;\">237<\/td>\n<td style=\"width: 155px;\">-8<\/td>\n<td style=\"width: 220px;\">3 284<\/td>\n<\/tr>\n<tr>\n<td style=\"width: 199px;\"><strong>Bretagne<\/strong><\/td>\n<td style=\"width: 162px;\">666<\/td>\n<td style=\"width: 143px;\">+7<\/td>\n<td style=\"width: 149px;\">62<\/td>\n<td style=\"width: 155px;\">+3<\/td>\n<td style=\"width: 220px;\">1 176<\/td>\n<\/tr>\n<tr>\n<td style=\"width: 199px;\"><strong>Nouvelle-Aquitaine<\/strong><\/td>\n<td style=\"width: 162px;\">1 183<\/td>\n<td style=\"width: 143px;\">-2<\/td>\n<td style=\"width: 149px;\">183<\/td>\n<td style=\"width: 155px;\">-1<\/td>\n<td style=\"width: 220px;\">2 865<\/td>\n<\/tr>\n<tr>\n<td style=\"width: 199px;\"><strong>Normandie<\/strong><\/td>\n<td style=\"width: 162px;\">1 215<\/td>\n<td style=\"width: 143px;\">\n<p>+5<\/p>\n<\/td>\n<td style=\"width: 149px;\">131<\/td>\n<td style=\"width: 155px;\">+3<\/td>\n<td style=\"width: 220px;\">2 291<\/td>\n<\/tr>\n<tr>\n<td style=\"width: 199px;\"><strong>Centre Val-de-Loire<\/strong><\/td>\n<td style=\"width: 162px;\">991<\/td>\n<td style=\"width: 143px;\">-24<\/td>\n<td style=\"width: 149px;\">135<\/td>\n<td style=\"width: 155px;\">NC<\/td>\n<td style=\"width: 220px;\">2 036<\/td>\n<\/tr>\n<tr>\n<td style=\"width: 199px;\"><strong>Pays de la Loire<\/strong><\/td>\n<td style=\"width: 162px;\">762<\/td>\n<td style=\"width: 143px;\">+14<\/td>\n<td style=\"width: 149px;\">76<\/td>\n<td style=\"width: 155px;\">-2<\/td>\n<td style=\"width: 220px;\">2 053<\/td>\n<\/tr>\n<tr>\n<td style=\"width: 199px;\"><strong>Corse<\/strong><\/td>\n<td style=\"width: 162px;\">100<\/td>\n<td style=\"width: 143px;\">-4<\/td>\n<td style=\"width: 149px;\">13<\/td>\n<td style=\"width: 155px;\">-3<\/td>\n<td style=\"width: 220px;\">146<\/td>\n<\/tr>\n<tr>\n<td style=\"width: 199px;\"><strong>Martinique<\/strong><\/td>\n<td style=\"width: 162px;\">14<\/td>\n<td style=\"width: 143px;\">-3<\/td>\n<td style=\"width: 149px;\">6<\/td>\n<td style=\"width: 155px;\">-1<\/td>\n<td style=\"width: 220px;\">46<\/td>\n<\/tr>\n<tr>\n<td style=\"width: 199px;\"><strong>Guadeloupe<\/strong><\/td>\n<td style=\"width: 162px;\">22<\/td>\n<td style=\"width: 143px;\">-2<\/td>\n<td style=\"width: 149px;\">8<\/td>\n<td style=\"width: 155px;\">-2<\/td>\n<td style=\"width: 220px;\">181<\/td>\n<\/tr>\n<tr>\n<td style=\"width: 199px;\"><strong>La R\u00e9union<\/strong><\/td>\n<td style=\"width: 162px;\">149<\/td>\n<td style=\"width: 143px;\">NC<\/td>\n<td style=\"width: 149px;\">60<\/td>\n<td style=\"width: 155px;\">NC<\/td>\n<td style=\"width: 220px;\">76<\/td>\n<\/tr>\n<tr>\n<td style=\"width: 199px;\"><strong>Guyane<\/strong><\/td>\n<td style=\"width: 162px;\">15<\/td>\n<td style=\"width: 143px;\">NC<\/td>\n<td style=\"width: 149px;\">\n<p>4<\/p>\n<\/td>\n<td style=\"width: 155px;\">NC<\/td>\n<td style=\"width: 220px;\">83<\/td>\n<\/tr>\n<tr>\n<td style=\"width: 199px;\"><strong>Mayotte<\/strong><\/td>\n<td style=\"width: 162px;\">131<\/td>\n<td style=\"width: 143px;\">-15<\/td>\n<td style=\"width: 149px;\">25<\/td>\n<td style=\"width: 155px;\">\n<p>-2<\/p>\n<\/td>\n<td style=\"width: 220px;\">96<\/td>\n<\/tr>\n<tr>\n<td style=\"width: 199px;\"><strong>TOTAL<\/strong><\/td>\n<td style=\"width: 162px;\"><strong>24 891<\/strong><\/td>\n<td style=\"width: 143px;\">-84<\/td>\n<td style=\"width: 149px;\"><b>3 633<\/b><\/td>\n<td style=\"width: 155px;\">-29<\/td>\n<td style=\"width: 220px;\">\n<p><b>62 862<\/b><\/p>\n<\/td>\n<\/tr>\n<\/thead>\n<\/table>\n<p>En France, depuis le d\u00e9but de l&rsquo;\u00e9pid\u00e9mie, 1\u00a0personne sur 1000\u00a0est morte du fait de la Covid-19, indique la <a href=\"https:\/\/www.has-sante.fr\/jcms\/p_3234447\/fr\/covid-19-se-vacciner-decider-avec-son-medecin\" target=\"_blank\" rel=\"noopener noreferrer\">Haute Autorit\u00e9 de Sant\u00e9<\/a> le 29 janvier.\u00a0Les personnes les plus gravement touch\u00e9es par cette \u00e9pid\u00e9mie restent les personnes \u00e2g\u00e9es de 65\u00a0ans et plus ainsi que celles pr\u00e9sentant des comorbidit\u00e9s. Les personnes \u00e2g\u00e9es de<strong> 65\u00a0ans et plus <\/strong>repr\u00e9sentent<strong> 94% des personnes d\u00e9c\u00e9d\u00e9es de la COVID-19\u00a0<\/strong>\u00e0 l&rsquo;h\u00f4pital depuis le 1er mars 2020. Par ailleurs, la part des d\u00e9c\u00e8s enregistr\u00e9s entre le 1er mars 2020 et le 22 f\u00e9vrier 2021 est de 54% chez les hommes pour 46% chez les femmes.<\/p>\n<ul>\n<li><strong>87 835 d\u00e9c\u00e8s<\/strong> sont recens\u00e9s au 4\u00a0mars\u00a0dont 62 862 \u00e0 l&rsquo;h\u00f4pital\u00a0(+293\u00a0en 24 heures).<\/li>\n<\/ul>\n<div style=\"text-align:center\">\n<figure class=\"image\" style=\"display:inline-block\"><a class=\"fancy\" href=\"https:\/\/img-3.journaldesfemmes.fr\/R8EdqBvpYVz2pa5loLHkwOograw=\/1080x\/smart\/f702b79138ca4812aae9c6ec2ef4d306\/ccmcms-jdf\/22683391.jpg\" target=\"_blank\" rel=\"noopener noreferrer\"><img decoding=\"async\" alt=\"Nombre hebdomadaire de d\u00e9c\u00e8s \u00e0 l\u2019h\u00f4pital de patients COVID-19 par semaine de d\u00e9c\u00e8s, depuis le 23 mars 2020, France (donn\u00e9es au 23 f\u00e9vrier 2021)\" src=\"https:\/\/img-3.journaldesfemmes.fr\/-w3lu2fzr04iHRdGk_z5pTXNRP0=\/600x\/smart\/f702b79138ca4812aae9c6ec2ef4d306\/ccmcms-jdf\/22683391.jpg\"\/><\/a><figcaption data-credit=\"Sant\u00e9 publique France\" data-legend=\"Nombre hebdomadaire de d\u00e9c\u00e8s \u00e0 l\u2019h\u00f4pital de patients COVID-19 par semaine de d\u00e9c\u00e8s, depuis le 23 mars 2020, France (donn\u00e9es au 23 f\u00e9vrier 2021)\">Nombre hebdomadaire de d\u00e9c\u00e8s \u00e0 l&rsquo;h\u00f4pital de patients COVID-19\u00a0par semaine de d\u00e9c\u00e8s, depuis le 23\u00a0mars 2020, France (donn\u00e9es au 23\u00a0f\u00e9vrier 2021) <small>\u00a9\u00a0Sant\u00e9 publique France<\/small><\/figcaption><\/figure>\n<\/div>\n<p><strong>Sur la semaine du 15 au 21 f\u00e9vrier :<\/strong><\/p>\n<ul>\n<li>2\u00a0196\u00a0d\u00e9c\u00e8s du Covid ont \u00e9t\u00e9 recens\u00e9s\u00a0en France.<\/li>\n<li><strong>les plus forts taux de d\u00e9c\u00e8s<\/strong> dus \u00e0 la Covid-19\u00a0par r\u00e9gion sont observ\u00e9s en Provence-Alpes-C\u00f4te d&rsquo;Azur, \u00e0 Mayotte, en Hauts-de-France, Bourgogne-Franche-Comt\u00e9, Grand Est\u00a0et Centre-Val de Loire.<\/li>\n<\/ul>\n<aside id=\"NL_1383363947\" class=\"newsletter_subscription jNlBlock\"><noscript><br \/>\n            <\/noscript><\/p>\n<h3 class=\"newsletter_subscription-title\">Newsletter <\/h3>\n<p><a href=\"\/\/mailing.ccmbg.com\/archive\/last-85\" target=\"_blank\" class=\"a_hover\" rel=\"noopener noreferrer\">Voir un exemple<\/a><\/p>\n<\/aside>\n<p>La France a franchi la barre des 40 000 morts samedi 7 novembre,\u00a0celle des 50 000 le 24 novembre et celle des 60 000 le 18 d\u00e9cembre.\u00a0<strong>Un pic de mortalit\u00e9 a \u00e9t\u00e9 atteint\u00a0le 7\u00a0novembre <\/strong>(40\u00a0169\u00a0morts).\u00a0<\/p>\n<p><iframe loading=\"lazy\" height=\"1000\" src=\"https:\/\/mapthenews.maps.arcgis.com\/apps\/opsdashboard\/index.html#\/bae8aaa7a0b14261b4621c31db410c44\" style=\"border: 0px\" width=\"600\"><\/iframe><\/p>\n<section>\n<blockquote>\n<p style=\"text-align: right;\">\u00a0<\/p>\n<\/blockquote>\n<p>Le taux de reproduction du virus<strong> repasse au-dessus de 1<\/strong> : 1.09 le 3 mars ce qui signifie que l&rsquo;\u00e9pid\u00e9mie repart \u00e0 la hausse.\u00a0Les taux de reproduction du virus appel\u00e9s \u00ab\u00a0R-effectifs\u00a0\u00bb ou \u00ab\u00a0Reff\u00a0\u00bb\u00a0permettent de d\u00e9crire la dynamique de l&rsquo;\u00e9pid\u00e9mie\u00a0: lorsque le Reff est significativement sup\u00e9rieur \u00e0 1, ceci signifie que l&rsquo;\u00e9pid\u00e9mie est en progression, lorsqu&rsquo;il est \u00e9gal \u00e0 1, l&rsquo;\u00e9pid\u00e9mie se stabilise, lorsqu&rsquo;il est significativement inf\u00e9rieur \u00e0 1, l&rsquo;\u00e9pid\u00e9mie r\u00e9gresse.\u00a0<\/p>\n<p>Le d\u00e9pistage du Covid-19 est r\u00e9alis\u00e9 en France par RT-PCT et par tests antig\u00e9niques. Depuis le 11 f\u00e9vrier, les tests salivaires sont d\u00e9ploy\u00e9s dans les\u00a0\u00e9tablissements scolaires et peuvent \u00eatre utilis\u00e9s en premi\u00e8re intention pour d\u00e9pister la Covid-19, conform\u00e9ment aux recommandations de la <a href=\"https:\/\/www.has-sante.fr\/jcms\/p_3237053\/fr\/tests-rt-pcr-salivaires-la-has-etend-leur-utilisation-et-definit-les-modalites-pratiques-de-realisation\" target=\"_blank\" rel=\"noopener noreferrer\">HAS<\/a>. Au 3\u00a0mars, le taux de positivit\u00e9 national s&rsquo;\u00e9tablit \u00e0<strong>\u00a07,3\u00a0%.<\/strong>\u00a0<em>\u00ab\u00a0Il reste d\u00e9terminant que chaque personne pr\u00e9sentant des sympt\u00f4mes \u00e9vocateurs de COVID-19\u00a0s&rsquo;isole imm\u00e9diatement et r\u00e9alise un test diagnostique dans les plus brefs d\u00e9lais\u00a0\u00bb<\/em> rappelle Sant\u00e9 Publique France dans ses bulletins hebdomadaires.<\/p>\n<p>Si au d\u00e9but, on ne parlait que de fi\u00e8vre, toux s\u00e8che, rhume, \u00e9tat grippal et de fatigue, les sympt\u00f4mes de l&rsquo;infection par le coronavirus ont \u00e9volu\u00e9. On sait d\u00e9sormais que le virus peut avoir des <strong>effets sur la peau<\/strong> (urticaire, l\u00e9sions inflammatoires sur les orteils), la sph\u00e8re digestive (vomissements, diarrh\u00e9es&#8230;), <strong>l&rsquo;odorat<\/strong>, le <strong>go\u00fbt <\/strong>et m\u00eame le cerveau.<em> \u00ab\u00a0Sur 100 personnes atteintes du coronavirus, 90 ne vont pas d\u00e9velopper de sympt\u00f4mes\u00a0\u00bb<\/em> avait inform\u00e9 le ministre de la Sant\u00e9 le 5 novembre. La consigne des autorit\u00e9s est inchang\u00e9e :\u00a0chaque personne pr\u00e9sentant des sympt\u00f4mes \u00e9vocateurs de COVID-19 doit s&rsquo;isoler imm\u00e9diatement et r\u00e9aliser un test diagnostique dans les plus brefs d\u00e9lais.<\/p>\n<div class=\"ccminsert\">\n<aside class=\"app_widget_fo app_widget_fo--list app_widget_fo--list-2-col\">\n<ul>\n<li>\n<h3>\n                    <a href=\"https:\/\/sante.journaldesfemmes.fr\/fiches-sante-du-quotidien\/2627543-perte-gout-agueusie-covid-19-def-duree-cause-partielle-traitement-soigner\/\" class=\"jGTMWidgetGAEventClick\" data-gtmwidgetgaeventaction=\"clickWidgetListOnTwoColumns\" data-gtmwidgetgaeventlabel=\"Perte du go\u00fbt (agueusie)\u00a0: dur\u00e9e, Covid, comment soigner\u00a0?\"><br \/>\n                        Perte du go\u00fbt (agueusie)\u00a0: dur\u00e9e, Covid, comment soigner\u00a0?<br \/>\n                    <\/a><br \/>\n                <\/h3>\n<\/li>\n<li>\n<h3>\n                    <a href=\"https:\/\/sante.journaldesfemmes.fr\/fiches-maladies\/2696267-covid-long-c-est-quoi-symptomes-contagieux-fatigue-prise-en-charge-france-has\/\" class=\"jGTMWidgetGAEventClick\" data-gtmwidgetgaeventaction=\"clickWidgetListOnTwoColumns\" data-gtmwidgetgaeventlabel=\"Covid long\u00a0: c'est quoi, sympt\u00f4mes, est-on contagieux\u00a0?\"><br \/>\n                        Covid long\u00a0: c&rsquo;est quoi, sympt\u00f4mes, est-on contagieux\u00a0?<br \/>\n                    <\/a><br \/>\n                <\/h3>\n<\/li>\n<li>\n<h3>\n                    <a href=\"https:\/\/sante.journaldesfemmes.fr\/fiches-maladies\/2661241-rhume-ou-covid-19-coronavirus-rhinopharyngite-comment-savoir-symptomes-tableau-difference-test\/\" class=\"jGTMWidgetGAEventClick\" data-gtmwidgetgaeventaction=\"clickWidgetListOnTwoColumns\" data-gtmwidgetgaeventlabel=\"Rhume ou Covid-19\u00a0: diff\u00e9rences, sympt\u00f4mes, comment savoir\u00a0?\"><br \/>\n                        Rhume ou Covid-19\u00a0: diff\u00e9rences, sympt\u00f4mes, comment savoir\u00a0?<br \/>\n                    <\/a><br \/>\n                <\/h3>\n<\/li>\n<li>\n<h3>\n                    <a href=\"https:\/\/sante.journaldesfemmes.fr\/fiches-maladies\/2683439-symptomes-covid-19-coronavirus-boutons-visage-corps-dermatologiques-peau-bras-pieds-engelure\/\" class=\"jGTMWidgetGAEventClick\" data-gtmwidgetgaeventaction=\"clickWidgetListOnTwoColumns\" data-gtmwidgetgaeventlabel=\"Sympt\u00f4mes Covid sur la peau\u00a0: engelures, boutons, quand consulter\u00a0?\"><br \/>\n                        Sympt\u00f4mes Covid sur la peau\u00a0: engelures, boutons, quand consulter\u00a0?<br \/>\n                    <\/a><br \/>\n                <\/h3>\n<\/li>\n<li>\n<h3>\n                    <a href=\"https:\/\/sante.journaldesfemmes.fr\/fiches-maladies\/2630069-coronavirus-covid-19-cerveau-symptomes-sequelles-odorat-effet-lesion-attaque\/\" class=\"jGTMWidgetGAEventClick\" data-gtmwidgetgaeventaction=\"clickWidgetListOnTwoColumns\" data-gtmwidgetgaeventlabel=\"Coronavirus\u00a0et cerveau\u00a0: effets, quels sympt\u00f4mes\u00a0?\"><br \/>\n                        Coronavirus\u00a0et cerveau\u00a0: effets, quels sympt\u00f4mes\u00a0?<br \/>\n                    <\/a><br \/>\n                <\/h3>\n<\/li>\n<li>\n<h3>\n                    <a href=\"https:\/\/sante.journaldesfemmes.fr\/fiches-sante-du-quotidien\/2627657-perte-odorat-anosmie-symptome-covid-19-covidanosmie-duree-rhume-definition-cause-traitement\/\" class=\"jGTMWidgetGAEventClick\" data-gtmwidgetgaeventaction=\"clickWidgetListOnTwoColumns\" data-gtmwidgetgaeventlabel=\"Perte de l'odorat\u00a0(anosmie)\u00a0: sympt\u00f4mes du Covid, dur\u00e9e, r\u00e9\u00e9ducation\"><br \/>\n                        Perte de l&rsquo;odorat\u00a0(anosmie)\u00a0: sympt\u00f4mes du Covid, dur\u00e9e, r\u00e9\u00e9ducation<br \/>\n                    <\/a><br \/>\n                <\/h3>\n<\/li>\n<li>\n<h3>\n                    <a href=\"https:\/\/sante.journaldesfemmes.fr\/fiches-maladies\/2679367-diarrhee-covid-coronavirus-symptome-digestif-intestinaux-duree-que-faire-vomissement-traitement-bebe-jeune\/\" class=\"jGTMWidgetGAEventClick\" data-gtmwidgetgaeventaction=\"clickWidgetListOnTwoColumns\" data-gtmwidgetgaeventlabel=\"Diarrh\u00e9e et Covid-19\u00a0: dur\u00e9e, que faire, un vrai sympt\u00f4me\u00a0?\"><br \/>\n                        Diarrh\u00e9e et Covid-19\u00a0: dur\u00e9e, que faire, un vrai sympt\u00f4me\u00a0?<br \/>\n                    <\/a><br \/>\n                <\/h3>\n<\/li>\n<li>\n<h3>\n                    <a href=\"https:\/\/sante.journaldesfemmes.fr\/fiches-maladies\/2676955-covid-19-ou-gastro-enterite-difference-symptomes-fievre-diarrhee-que-faire-complications\/\" class=\"jGTMWidgetGAEventClick\" data-gtmwidgetgaeventaction=\"clickWidgetListOnTwoColumns\" data-gtmwidgetgaeventlabel=\"Covid-19\u00a0ou gastro-ent\u00e9rite\u00a0: sympt\u00f4mes, quelles diff\u00e9rences\u00a0?\"><br \/>\n                        Covid-19\u00a0ou gastro-ent\u00e9rite\u00a0: sympt\u00f4mes, quelles diff\u00e9rences\u00a0?<br \/>\n                    <\/a><br \/>\n                <\/h3>\n<\/li>\n<li>\n<h3>\n                    <a href=\"https:\/\/sante.journaldesfemmes.fr\/fiches-maladies\/2665621-angine-ou-covid-19-points-communs-symptome-fievre-mal-gorge-test-difference-contagion-qui-consulter\/\" class=\"jGTMWidgetGAEventClick\" data-gtmwidgetgaeventaction=\"clickWidgetListOnTwoColumns\" data-gtmwidgetgaeventlabel=\"Angine ou Covid-19\u00a0: sympt\u00f4mes, diff\u00e9rences, test\"><br \/>\n                        Angine ou Covid-19\u00a0: sympt\u00f4mes, diff\u00e9rences, test<br \/>\n                    <\/a><br \/>\n                <\/h3>\n<\/li>\n<li>\n<h3>\n                    <a href=\"https:\/\/sante.journaldesfemmes.fr\/fiches-maladies\/2626825-coronavirus-allergie-pollen-asthme-symptomes-traitement-recommandation-conseil\/\" class=\"jGTMWidgetGAEventClick\" data-gtmwidgetgaeventaction=\"clickWidgetListOnTwoColumns\" data-gtmwidgetgaeventlabel=\"Coronavirus ou allergie\u00a0: sympt\u00f4mes, conseils pratiques\"><br \/>\n                        Coronavirus ou allergie\u00a0: sympt\u00f4mes, conseils pratiques<br \/>\n                    <\/a><br \/>\n                <\/h3>\n<\/li>\n<\/ul>\n<\/aside>\n<\/div>\n<ul>\n<li><strong>Si vous pr\u00e9sentez des\u00a0sympt\u00f4mes (toux, fi\u00e8vre, mal de t\u00eate) : <\/strong>\u00e9vitez\u00a0les contacts, restez\u00a0\u00e0 domicile, prenez du parac\u00e9tamol si besoin, appelez\u00a0un m\u00e9decin pour prendre rendez-vous dans l&rsquo;\u00e9ventualit\u00e9 qu&rsquo;il vous fasse passer un test de d\u00e9pistage.\u00a0<\/li>\n<li><strong>Appeler le\u00a015 en cas de\u00a0difficult\u00e9s respiratoires : \u00ab\u00a0<\/strong><em>Si cette toux et cette fi\u00e8vre s&rsquo;accompagnent d&rsquo;une g\u00eane respiratoire qui devient permanente avec souffle court, difficult\u00e9 \u00e0 inspirer et \u00e0 expirer, d&rsquo;une aggravation importante de la toux, cela peut signifier une \u00e9volution de la maladie sous la forme d&rsquo;une pneumopathie. Il s&rsquo;agit alors d&rsquo;une urgence respiratoire potentielle et comme dans tous les cas d&rsquo;urgence, il faut alors appeler le 15\u00a0qui prendra les meilleures dispositions pour r\u00e9pondre \u00e0 la situation\u00a0\u00bb, <\/em>pr\u00e9vient le Dr\u00a0Patrick Aub\u00e9, m\u00e9decin g\u00e9n\u00e9raliste. \u00a0<\/li>\n<\/ul>\n<p>La vaccination contre la Covid-19 se poursuit en France avec<strong>\u00a0<\/strong>plus de 3,1 millions de personnes ayant re\u00e7u au moins une dose de vaccin au 2 mars, selon <a href=\"https:\/\/www.santepubliquefrance.fr\/dossiers\/coronavirus-covid-19\/coronavirus-chiffres-cles-et-evolution-de-la-covid-19-en-france-et-dans-le-monde\" target=\"_blank\" rel=\"noopener noreferrer\">Sant\u00e9 publique France<\/a>. La vaccination est r\u00e9alis\u00e9e avec les vaccins Pfizer-BioNTech,\u00a0Moderna et AstraZeneca (chez les m\u00e9decins g\u00e9n\u00e9ralistes et au travail pour les 50-74 ans atteints de comorbidit\u00e9s). La prise de<strong> rendez-vous<\/strong> est ouverte<b> <\/b>sur les sites Internet <strong>Doctolib, Maiia et KelDoc<\/strong> et peut aussi se faire en contactant par t\u00e9l\u00e9phone le <strong>centre de vaccination<\/strong> le plus proche de chez soi (liste disponible sur\u00a0<a href=\"https:\/\/www.sante.fr\/centres-vaccination-covid.html\" target=\"_blank\" rel=\"noopener noreferrer\">Sante.fr<\/a>).\u00a0En cas de difficult\u00e9, le num\u00e9ro vert national :<strong> 0\u00a0800\u00a0009\u00a0110<\/strong>,\u00a0permet d&rsquo;\u00eatre redirig\u00e9 vers le standard t\u00e9l\u00e9phonique d&rsquo;un centre ou d&rsquo;obtenir un accompagnement \u00e0 la prise de rendez-vous.<\/p>\n<div class=\"ccminsert\">\n<aside class=\"app_widget_fo app_widget_fo--call\">\n<ul>\n<li>\n                <a href=\"https:\/\/sante.journaldesfemmes.fr\/fiches-maladies\/2620433-vaccin-coronavirus-covid-19-pfizer-moderna-sanofi-astrazeneca-russe-chinois-johnson-type-choisir\/\" class=\"jGTMWidgetGAEventClick\" data-gtmwidgetgaeventaction=\"clickWidgetCall\" data-gtmwidgetgaeventlabel=\"Vaccin Covid-19\u00a0: Pfizer, AstraZeneca, Moderna, lequel choisir\u00a0?\"><\/p>\n<figure><picture><source media=\"(max-width: 480px)\" srcset=\"https:\/\/img-3.journaldesfemmes.fr\/gbJ1ByXdi_CKjCA9Ga2oNttdG58=\/160x105\/smart\/4abbf68998904c24a43e1d7f141ef25d\/ccmcms-jdf\/22793566.jpg\"><img decoding=\"async\" src=\"https:\/\/img-3.journaldesfemmes.fr\/f1CGxcno_901IVgkHi6XwgSiTRY=\/200x132\/smart\/4abbf68998904c24a43e1d7f141ef25d\/ccmcms-jdf\/22793566.jpg\" alt=\"\"\/><\/source><\/picture><figcaption>\n<h3>Vaccin Covid-19\u00a0: Pfizer, AstraZeneca, Moderna, lequel choisir\u00a0?<\/h3>\n<p>Les vaccins Pfizer, Moderna et AstraZeneca sont les trois \u00e0 \u00eatre autoris\u00e9s en Europe. Ceux de l&rsquo;Am\u00e9ricain Johnson&amp;Johnson, de l&rsquo;Allemand CureVac et des Russes Spoutnik V sont en cours d&rsquo;analyse par l&rsquo;Agence europ\u00e9enne du m\u00e9dicament. Types de vaccins Covid, principe, doses, efficacit\u00e9, \u00e2ge, conservation&#8230; Infos et diff\u00e9rences.<\/p>\n<\/figcaption><\/figure>\n<p><\/a>\n            <\/li>\n<\/ul>\n<\/aside>\n<\/div>\n<p>Depuis le 1er mars, l&rsquo;Allemagne exige \u00ab\u00a0<em>un test PCR ou antig\u00e9nique\u00a0\u00bb<\/em>\u00a0de moins de 48\u00a0heures \u00e0 l&rsquo;entr\u00e9e sur son territoire depuis la Moselle, y compris pour les travailleurs fran\u00e7ais qui y travaillent quotidiennement. Depuis le 31\u00a0janvier,\u00a0les <strong>fronti\u00e8res sont ferm\u00e9es aux pays hors UE<\/strong>. Les <strong>d\u00e9placements sont interdits sauf motif imp\u00e9rieux<\/strong>. Depuis le dimanche 24\u00a0janvier, tous les voyageurs entrant en France et venant d&rsquo;un pays europ\u00e9en doivent pr\u00e9senter avant leur d\u00e9part pour l&rsquo;Hexagone un test PCR n\u00e9gatif de moins de 72\u00a0heures. Depuis le 18 janvier, les voyageurs entrant en France en provenance d&rsquo;un pays hors Union-Europ\u00e9enne doivent\u00a0pr\u00e9senter un test PCR n\u00e9gatif\u00a0 et s&rsquo;isoler pendant 7\u00a0jours une fois arriv\u00e9s en France et faire un 2<sup>e<\/sup>\u00a0test \u00e0 l&rsquo;issue de cette p\u00e9riode. Les personnes n&rsquo;ayant pu r\u00e9aliser un test dans leur pays de d\u00e9part auront la possibilit\u00e9 de se faire tester \u00e0 leur arriv\u00e9e en France et seront contraintes de s&rsquo;isoler 7\u00a0jours dans un lieu d&rsquo;h\u00e9bergement d\u00e9sign\u00e9 par les autorit\u00e9s publiques (Le test n\u00e9gatif est d\u00e9j\u00e0 exig\u00e9 pour les voyageurs venant du Royaume-Uni).<\/p>\n<table border=\"1\" cellpadding=\"1\" cellspacing=\"1\" style=\"width:100%;\">\n<thead>\n<tr>\n<th scope=\"col\" style=\"text-align: center;\"><strong>DATES CL\u00c9S DE L&rsquo;\u00c9PID\u00c9MIE EN FRANCE<\/strong><\/th>\n<\/tr>\n<\/thead>\n<tbody>\n<tr>\n<td>\n<ul>\n<li><strong>31\u00a0d\u00e9cembre 2019,<\/strong> l&rsquo;Organisation mondiale de la Sant\u00e9 en Chine est inform\u00e9e de plusieurs cas de pneumonies dans la ville de Wuhan. 44\u00a0personnes sont infect\u00e9es entre cette date et le 3\u00a0janvier 2020.<\/li>\n<li><strong>7\u00a0janvier 2020, <\/strong>les autorit\u00e9s chinoises identifient un \u00ab\u00a0nouveau type de coronavirus\u00a0\u00bb.<\/li>\n<li><strong>13\u00a0janvier, <\/strong>un cas import\u00e9 est recens\u00e9 en Tha\u00eflande.<\/li>\n<li><strong>15\u00a0janvier<\/strong>, le virus cause\u00a0la mort d&rsquo;<strong>une premi\u00e8re\u00a0personne \u00e0 Wuhan<\/strong>, un homme de 69\u00a0ans.\u00a0<\/li>\n<li><strong>23\u00a0janvier,<\/strong> trois villes chinoises dont Wuhan sont plac\u00e9es en quarantaine.<\/li>\n<li><strong>25\u00a0janvier, trois personnes\u00a0contamin\u00e9es sont recens\u00e9es en France<\/strong>, deux \u00e0 Paris et une Bordeaux. Ce sont les premiers cas enregistr\u00e9s sur le continent europ\u00e9en.<\/li>\n<li><strong>30\u00a0janvier, <\/strong>l&rsquo;Organisation mondiale de la Sant\u00e9 <strong>d\u00e9cr\u00e8te\u00a0l&rsquo;<a href=\"https:\/\/sante.journaldesfemmes.fr\/fiches-maladies\/2608035-urgence-de-sante-publique-de-portee-internationale-definition-oms-coronavirus\/\" target=\"_blank\" rel=\"noopener noreferrer\">urgence de sant\u00e9 mondiale<\/a><\/strong>.\u00a0Cette mesure n&rsquo;avait \u00e9t\u00e9 d\u00e9cr\u00e9t\u00e9e que 5\u00a0fois depuis sa cr\u00e9ation (pour Ebola (deux fois), la grippe H1N1, Zika et la poliomy\u00e9lite).\u00a0<\/li>\n<li><strong>23\u00a0f\u00e9vrier, <\/strong>la France d\u00e9clenche le <a href=\"https:\/\/sante.journaldesfemmes.fr\/fiches-maladies\/2622449-plan-orsan-reb-definition-signification-qui-declenche-coronavirus-definition-duree\/\" target=\"_blank\" rel=\"noopener noreferrer\">plan ORSAN<\/a>, un dispositif exceptionnel d&rsquo;organisation des soins.<\/li>\n<li><strong>28\u00a0f\u00e9vrier,<\/strong> la France passe en stade 2\u00a0de l&rsquo;\u00e9pid\u00e9mie.<\/li>\n<li><strong>11\u00a0mars, <\/strong>l&rsquo;OMS classifie de <strong>pand\u00e9mie <\/strong>la diffusion de la maladie \u00e0 coronavirus Covid-19\u00a0dans le monde.<\/li>\n<li><strong>12\u00a0mars<\/strong>, le pr\u00e9sident de la R\u00e9publique Emmanuel Macron annonce la fermeture nationale des cr\u00e8ches et \u00e9tablissements scolaires de France \u00e0 compter du 16\u00a0mars et \u00ab\u00a0jusqu&rsquo;\u00e0 nouvel ordre\u00a0\u00bb.<\/li>\n<li><strong>14\u00a0mars<\/strong>, la France passe au <a href=\"https:\/\/sante.journaldesfemmes.fr\/fiches-maladies\/2625289-coronavirus-covid-19-stade-1-2-3-4-duree-mesure-france-signification-quand\/\" target=\"_blank\" rel=\"noopener noreferrer\"><strong>stade 3 <\/strong><\/a>de l&rsquo;\u00e9pid\u00e9mie.<\/li>\n<li><strong>16\u00a0mars\u00a0:<\/strong>\u00a0la France met en place un dispositif de confinement interdisant les d\u00e9placements.<\/li>\n<li><strong>18\u00a0mars<\/strong> le premier transfert de patients Covid-19\u00a0en France est r\u00e9alis\u00e9\u00a0gr\u00e2ce \u00e0 l&rsquo;Arm\u00e9e, par voie terrestre et a\u00e9rienne.\u00a0<\/li>\n<li><strong>26\u00a0mars<\/strong>, un premier cas jeune meurt en France, une adolescente de 16\u00a0ans, en Ile-de-France originaire de Morsang-sur-Orge.<\/li>\n<li><strong>27\u00a0mars,<\/strong> le confinement de la population fran\u00e7aise est renouvel\u00e9 jusqu&rsquo;au 15\u00a0avril.<\/li>\n<li><strong>13\u00a0avril,<\/strong> Emmanuel Macron annonce le prolongement du confinement jusqu&rsquo;au 11\u00a0mai.<\/li>\n<li><strong>11\u00a0mai, <\/strong>la France commence son d\u00e9confinement.<\/li>\n<li><strong>\u00a015\u00a0juin<\/strong>, toute la France passe en zone verte, sauf Mayotte et la Guyane. \u00c0\u00a0Paris, les restaurants et bars peuvent rouvrir compl\u00e8tement.<\/li>\n<li><strong>22\u00a0juin, <\/strong>les \u00e9coles sont de nouveaux obligatoires en France pour tous les \u00e9l\u00e8ves. Les cin\u00e9mas, salles de jeux, casinos rouvrent. Les sports collectifs peuvent \u00eatre autoris\u00e9s tout en respectant certaines conditions sanitaires.<\/li>\n<li><strong>10\u00a0juillet<\/strong>, la <strong>France <\/strong>a franchi la barre des 30\u00a0000\u00a0morts. Dans la nuit du 10\u00a0au 11\u00a0juillet \u00e0 minuit, l&rsquo;\u00e9tat d&rsquo;urgence sanitaire prend fin en France.<\/li>\n<li><strong>\u00a020\u00a0juillet,<\/strong>\u00a0le <strong>port du masque est obligatoire <\/strong>dans les lieux publics clos en France.<\/li>\n<li><strong>8 octobre, <\/strong>le<strong> plan blanc est r\u00e9activ\u00e9 <\/strong>dans les h\u00f4pitaux d&rsquo;Ile-de-France.<\/li>\n<li><strong>17 octobre \u00e0 0h01<\/strong>, la France repasse en \u00e9tat d&rsquo;urgence sanitaire et un <strong>couvre-feu <\/strong>est instaur\u00e9 dans 9 territoires\u00a0(Paris-Ile-de-France, Rouen, Grenoble, Lille, Lyon, Aix-Marseille, Montpellier, Saint-Etienne, Toulouse).<\/li>\n<li><strong>24 octobre \u00e0 0h01 :<\/strong> extension des mesures de couvre-feu \u00e0 38 nouveaux d\u00e9partements fran\u00e7ais.<\/li>\n<li><strong>29 octobre \u00e0 0h01<\/strong> : reconfinement national pour 4 semaines, jusqu&rsquo;au 1er d\u00e9cembre au minimum.<\/li>\n<li><strong>28 novembre : <\/strong>premi\u00e8re \u00e9tape d&rsquo;all\u00e8gement du confinement avec la r\u00e9ouverture des commerces non essentiels.<\/li>\n<li><strong>15 d\u00e9cembre : <\/strong>seconde \u00e9tape\u00a0d&rsquo;all\u00e8gement du confinement avec le passage \u00e0 un couvre-feu de 20 heures \u00e0 6 heures du matin.<\/li>\n<li><strong>31 d\u00e9cembre<\/strong> : couvre-feu impos\u00e9 le soir du 31 d\u00e9cembre, de 20 heures \u00e0 6 heures du matin.<\/li>\n<li><strong>21 d\u00e9cembre<\/strong> : autorisation du vaccin Pfizer en Europe.<\/li>\n<li><strong>24 d\u00e9cembre<\/strong> : autorisation du vaccin Pfizer BioNTech en France.<\/li>\n<li><strong>27 d\u00e9cembre :<\/strong> d\u00e9but de la vaccination en France et dans l&rsquo;Union europ\u00e9enne avec le vaccin Pfizer BioNTech.<\/li>\n<li><strong>8 janvier 2021<\/strong> :\u00a0autorisation du vaccin Moderna en France.<\/li>\n<li><strong>24 janvier 2021<\/strong> : un test PCR n\u00e9gatif est obligatoire pour rentrer en France par avion pour les voyageurs venant d&rsquo;un pays europ\u00e9en (sauf pour les travailleurs transfrontaliers et le transport terrestre).<\/li>\n<li><strong>31 janvier 2021<\/strong> : fermeture des fronti\u00e8res en France aux pays ext\u00e9rieurs \u00e0 l&rsquo;Union europ\u00e9enne<\/li>\n<li><strong>2 f\u00e9vrier 2021<\/strong> :\u00a0autorisation du vaccin de l&rsquo;Universit\u00e9 d&rsquo;Oxford et AstraZeneca en France, uniquement pour les personnes \u00e2g\u00e9es de moins de 65\u00a0ans.<\/li>\n<li><strong>11 f\u00e9vrier : <\/strong>d\u00e9ploiement des tests salivaires dans les \u00e9tablissements scolaires.<\/li>\n<\/ul>\n<\/td>\n<\/tr>\n<\/tbody>\n<\/table>\n<p><em>Cet article est mis \u00e0 jour quotidiennement par <a href=\"https:\/\/www.journaldesfemmes.fr\/account\/ablaize-11409696\" target=\"_blank\" rel=\"noopener noreferrer\">Aur\u00e9lie Blaize<\/a>, <a href=\"https:\/\/www.journaldesfemmes.fr\/account\/anaisthiebaux-10573564\" target=\"_blank\" rel=\"noopener noreferrer\">Ana\u00efs Thi\u00e9baux<\/a> et <a href=\"https:\/\/www.journaldesfemmes.fr\/account\/samanthapages-11598093\" target=\"_blank\" rel=\"noopener noreferrer\">Samantha Pag\u00e8s<\/a>.\u00a0<\/em><\/p>\n<\/section>\n<\/div>\n<p><script async src=\"http:\/\/platform.twitter.com\/widgets.js\" charset=\"utf-8\"><\/script><br \/>\n<br \/>[ad_2]<br \/>\n<br \/><a href=\"https:\/\/sante.journaldesfemmes.fr\/fiches-maladies\/2605417-covid-19-france-coronavirus-chiffres-bilan-cas-aube-aisne-hautes-alpes-annonces-castex\/\">Source link <\/a><\/p>\n","protected":false},"excerpt":{"rendered":"<p>[ad_1] CORONAVIRUS DIRECT &#8211; Le Premier ministre, Jean Castex, a annonc\u00e9 de nouvelles mesures de freinage ce jeudi, dans les &hellip; <a href=\"http:\/\/www.affinite.fr\/index.php\/2021\/03\/04\/annonces-de-jean-castex-derniers-chiffres\/\" class=\"more-link\">Plus <span class=\"screen-reader-text\">annonces de Jean Castex, derniers chiffres<\/span> <span class=\"meta-nav\">&rarr;<\/span><\/a><\/p>\n","protected":false},"author":1,"featured_media":6024,"comment_status":"open","ping_status":"open","sticky":false,"template":"","format":"standard","meta":{"_sitemap_exclude":false,"_sitemap_priority":"","_sitemap_frequency":"","footnotes":""},"categories":[1],"tags":[],"class_list":["post-6023","post","type-post","status-publish","format-standard","has-post-thumbnail","hentry","category-tous"],"_links":{"self":[{"href":"http:\/\/www.affinite.fr\/index.php\/wp-json\/wp\/v2\/posts\/6023"}],"collection":[{"href":"http:\/\/www.affinite.fr\/index.php\/wp-json\/wp\/v2\/posts"}],"about":[{"href":"http:\/\/www.affinite.fr\/index.php\/wp-json\/wp\/v2\/types\/post"}],"author":[{"embeddable":true,"href":"http:\/\/www.affinite.fr\/index.php\/wp-json\/wp\/v2\/users\/1"}],"replies":[{"embeddable":true,"href":"http:\/\/www.affinite.fr\/index.php\/wp-json\/wp\/v2\/comments?post=6023"}],"version-history":[{"count":0,"href":"http:\/\/www.affinite.fr\/index.php\/wp-json\/wp\/v2\/posts\/6023\/revisions"}],"wp:featuredmedia":[{"embeddable":true,"href":"http:\/\/www.affinite.fr\/index.php\/wp-json\/wp\/v2\/media\/6024"}],"wp:attachment":[{"href":"http:\/\/www.affinite.fr\/index.php\/wp-json\/wp\/v2\/media?parent=6023"}],"wp:term":[{"taxonomy":"category","embeddable":true,"href":"http:\/\/www.affinite.fr\/index.php\/wp-json\/wp\/v2\/categories?post=6023"},{"taxonomy":"post_tag","embeddable":true,"href":"http:\/\/www.affinite.fr\/index.php\/wp-json\/wp\/v2\/tags?post=6023"}],"curies":[{"name":"wp","href":"https:\/\/api.w.org\/{rel}","templated":true}]}}