{"id":5996,"date":"2021-02-26T02:30:22","date_gmt":"2021-02-26T02:30:22","guid":{"rendered":"https:\/\/www.affinite.fr\/index.php\/2021\/02\/26\/rasta-rockett-quelles-stars-etaient-pressenties-dans-lequipe-de-bobsleigh-actus-cine\/"},"modified":"2021-02-26T02:30:22","modified_gmt":"2021-02-26T02:30:22","slug":"rasta-rockett-quelles-stars-etaient-pressenties-dans-lequipe-de-bobsleigh-actus-cine","status":"publish","type":"post","link":"http:\/\/www.affinite.fr\/index.php\/2021\/02\/26\/rasta-rockett-quelles-stars-etaient-pressenties-dans-lequipe-de-bobsleigh-actus-cine\/","title":{"rendered":"Rasta Rockett : quelles stars \u00e9taient pressenties dans l&rsquo;\u00e9quipe de bobsleigh ? &#8211; Actus Cin\u00e9"},"content":{"rendered":"<p> [ad_1]<br \/>\n<\/p>\n<div id=\"article-container\">\n<p class=\"article-lead\">\u00ab\u00a0Rasta Rockett\u00a0\u00bb est disponible sur Disney+ et diffus\u00e9 sur W9 ce 25 f\u00e9vrier. Si les visages de Junior, Sanka ou Derice sont bien connus des fans, ils auraient pu \u00eatre tr\u00e8s diff\u00e9rents si l&rsquo;on en croit les acteurs pressentis \u00e0 l&rsquo;origine du projet.<\/p>\n<div id=\"article-content\">\n<figure class=\"article-figure article-main-figure\"><img loading=\"lazy\" decoding=\"async\" class=\"article-figure-img\" width=\"640\" height=\"360\" src=\"https:\/\/fr.web.img5.acsta.net\/r_640_360\/newsv7\/21\/02\/24\/10\/25\/4642421.jpg\"\/><figcaption class=\"article-figcaption-copy\">Walt Disney Pictures<\/figcaption><\/figure>\n<p><strong>Conseill\u00e9 \u00e0 partir de 6 ans. Diffus\u00e9 le 25 f\u00e9vrier sur W9, le film est disponible sur Disney+<\/strong><\/p>\n<p><i>\u00ab\u00a0Balance man, cadence man, trace la <a href=\"http:\/\/www.affinite.fr\/index.php\/2022\/10\/22\/la-creme-glacee-la-nouvelle-culture-commerciale\/\">glace<\/a>,c\u2019est le Cooooolllll Rasta !\u00a0\u00bb<\/i> Ce cri de guerre de l&rsquo;\u00e9quipe jama\u00efcaine de bobsleigh de\u00a0<a title=\"Rasta Rockett (U.S.A.) - 1993 (Aventure,Com\u00e9die)\" href=\"http:\/\/www.allocine.fr\/film\/fichefilm_gen_cfilm=9895.html\">Rasta Rockett<\/a> est rest\u00e9 dans les m\u00e9moires. Pourtant, le groupe aurait pu avoir un tout autre visage si l&rsquo;on se fie aux noms des com\u00e9diens qui ont \u00e9t\u00e9 approch\u00e9s \u00e0 l&rsquo;\u00e9poque. Ainsi, <a title=\"Eddie Murphy (U.S.A.) (Acteur,Producteur,Sc\u00e9nariste)\" href=\"http:\/\/www.allocine.fr\/personne\/fichepersonne_gen_cpersonne=19117.html\">Eddie Murphy<\/a>, star du stand-up et de com\u00e9dies \u00e0 succ\u00e8s comme <a title=\"Un Fauteuil pour deux (U.S.A.) - 1983 (Com\u00e9die)\" href=\"http:\/\/www.allocine.fr\/film\/fichefilm_gen_cfilm=40638.html\">Un fauteuil pour deux<\/a>,\u00a0<a title=\"Le Flic de Beverly Hills (U.S.A.) - 1984 (Policier,Action,Com\u00e9die)\" href=\"http:\/\/www.allocine.fr\/film\/fichefilm_gen_cfilm=39139.html\">Le Flic de Beverly Hills<\/a> et\u00a0<a title=\"Un prince \u00e0 New York (U.S.A.) - 1988 (Com\u00e9die,Romance)\" href=\"http:\/\/www.allocine.fr\/film\/fichefilm_gen_cfilm=40641.html\">Un Prince \u00e0 New York<\/a> est assez vite contact\u00e9, mais il l\u00e2chera l&rsquo;affaire pour des questions de salaire.<\/p>\n<p>Autre acteur confirm\u00e9,\u00a0<a title=\"Denzel Washington (U.S.A.) (Acteur,Producteur,R\u00e9alisateur)\" href=\"http:\/\/www.allocine.fr\/personne\/fichepersonne_gen_cpersonne=8504.html\">Denzel Washington<\/a> est envisag\u00e9 pour incarner Sanka. R\u00e9v\u00e9l\u00e9 au grand public par son r\u00f4le dans\u00a0<a title=\"Glory (U.S.A.) - 1989 (Drame,Guerre,Historique)\" href=\"http:\/\/www.allocine.fr\/film\/fichefilm_gen_cfilm=5617.html\">Glory<\/a>, qui lui vaut l&rsquo;Oscar de Meilleur second r\u00f4le, il est \u00e0 l&rsquo;\u00e9poque apparu dans\u00a0<a title=\"Mo' better blues (U.S.A.) - 1990 (Musical,Drame,Romance)\" href=\"http:\/\/www.allocine.fr\/film\/fichefilm_gen_cfilm=6179.html\">Mo&rsquo;Better Blues<\/a> et <a title=\"Malcolm X (U.S.A.) - 1992 (Biopic,Drame,Historique)\" href=\"http:\/\/www.allocine.fr\/film\/fichefilm_gen_cfilm=4440.html\">Malcolm X<\/a>, deux collaborations avec <a title=\"Spike Lee (U.S.A.) (R\u00e9alisateur,Producteur,Sc\u00e9nariste)\" href=\"http:\/\/www.allocine.fr\/personne\/fichepersonne_gen_cpersonne=9680.html\">Spike Lee<\/a>. Comme Murphy, Washington est en droit d&rsquo;afficher certaines exigences de salaire qui ne plairont pas \u00e0 Disney.<\/p>\n<div class=\"article-figure-holder\">\n<figure class=\"article-figure mceNonEditable\"><img loading=\"lazy\" decoding=\"async\" class=\"article-figure-img\" src=\"data:image\/gif;base64,R0lGODlhAgABAPAAAAAAAAAAACH5BAEAAAAAIf8LSW1hZ2VNYWdpY2sNZ2FtbWE9MC40NTQ1NQAsAAAAAAIAAQAAAgIECgA7\" data-src=\"https:\/\/fr.web.img3.acsta.net\/newsv7\/21\/02\/24\/11\/43\/4960494.jpg\" width=\"640\" height=\"320\"\/><span class=\"article-figcaption-copy\">ALPHA AGENCY \/ BESTIMAGE<\/span><figcaption class=\"article-figcaption\">\n            Eriq La Salle, connu pour son r\u00f4le de Peter dans \u00ab\u00a0Urgences\u00a0\u00bb, faisait partie des pr\u00e9tendants<br \/>\n        <\/figcaption><\/figure>\n<\/div>\n<p>Plusieurs autres c\u00e9l\u00e9brit\u00e9s viendront passer le casting pour les r\u00f4les d&rsquo;autres Jama\u00efcains de l&rsquo;\u00e9quipe, parmi lesquels\u00a0<a title=\"Jeffrey Wright (U.S.A.) (Acteur,Producteur)\" href=\"http:\/\/www.allocine.fr\/personne\/fichepersonne_gen_cpersonne=22901.html\">Jeffrey Wright<\/a> (<a title=\"Westworld (U.S.A.) (Science fiction,Thriller,Western,Drame)\" href=\"http:\/\/www.allocine.fr\/series\/ficheserie_gen_cserie=16930.html\">Westworld<\/a>),\u00a0<a title=\"Eriq La Salle (U.S.A.) (Acteur,R\u00e9alisateur,Producteur)\" href=\"http:\/\/www.allocine.fr\/personne\/fichepersonne_gen_cpersonne=38410.html\">Eriq La Salle<\/a> (<a title=\"Urgences (U.S.A.) (Drame,M\u00e9dical)\" href=\"http:\/\/www.allocine.fr\/series\/ficheserie_gen_cserie=96.html\">Urgences<\/a>), le rappeur\u00a0<a title=\"Tupac Shakur (U.S.A.) (Acteur,Sc\u00e9nariste)\" href=\"http:\/\/www.allocine.fr\/personne\/fichepersonne_gen_cpersonne=20637.html\">Tupac<\/a> ou encore\u00a0<a title=\"Cuba Gooding Jr. (U.S.A.) (Acteur,Producteur,Sc\u00e9nariste)\" href=\"http:\/\/www.allocine.fr\/personne\/fichepersonne_gen_cpersonne=2195.html\">Cuba Gooding Jr<\/a>. Ce dernier tournera en 2002 un autre film Disney situ\u00e9 sous la neige, <a title=\"Chiens des neiges (U.S.A.) - 2002 (Com\u00e9die,Aventure)\" href=\"http:\/\/www.allocine.fr\/film\/fichefilm_gen_cfilm=35788.html\">Chiens des neiges<\/a>, qui sera d&rsquo;ailleurs vendu en combo DVD avec&#8230; <i>Rasta Rockett<\/i> !<\/p>\n<p>Finalement, Disney et le r\u00e9alisateur\u00a0<a title=\"Jon Turteltaub (U.S.A.) (R\u00e9alisateur,Producteur d\u00e9l\u00e9gu\u00e9,Producteur)\" href=\"http:\/\/www.allocine.fr\/personne\/fichepersonne_gen_cpersonne=15988.html\">Jon Turteltaub<\/a> tomberont d&rsquo;accord sur\u00a0<a title=\"Leon Robinson (U.S.A.) (Acteur)\" href=\"http:\/\/www.allocine.fr\/personne\/fichepersonne_gen_cpersonne=105180.html\">Leon Robinson<\/a> (Dence),\u00a0<a title=\"Doug E. Doug (U.S.A.) (Acteur,R\u00e9alisateur)\" href=\"http:\/\/www.allocine.fr\/personne\/fichepersonne_gen_cpersonne=45584.html\">Doug E. Doug<\/a> (Sanka),\u00a0<a title=\"Malik Yoba (U.S.A.) (Acteur)\" href=\"http:\/\/www.allocine.fr\/personne\/fichepersonne_gen_cpersonne=18288.html\">Malik Yoba<\/a> (Yul Brenner) et\u00a0<a title=\"Rawle D. Lewis (U.S.A.) (Acteur,Auteur,R\u00e9alisateur)\" href=\"http:\/\/www.allocine.fr\/personne\/fichepersonne_gen_cpersonne=59962.html\">Rawle D. Lewis<\/a> (Junior)&#8230; avec le succ\u00e8s que l&rsquo;on conna\u00eet : 154,8 millions de dollars rapport\u00e9s dans le monde, dont\u00a02,5 millions d&rsquo;entr\u00e9es en France en 1994. Pour un budget estim\u00e9 de 17 millions de dollars, c&rsquo;est ce qu&rsquo;on appelle un carton !<\/p>\n<p><strong>\u00ab\u00a0Rasta Rockett\u00a0\u00bb fait partie de nos 5 films pr\u00e9f\u00e9r\u00e9s pour se remonter le moral :<\/strong><\/p>\n<p><strong\/><strong>D\u00e9couvrez la liste des <a href=\"\/\/www.allocine.fr\/disney\/film\/meilleurs\/\">meilleurs films<\/a> \u00e0 voir sur Disney+<\/strong><\/p>\n<\/p><\/div>\n<\/p><\/div>\n<p>[ad_2]<br \/>\n<br \/><a href=\"http:\/\/rss.allocine.fr\/~r\/ac\/actualites\/~3\/Z6qHePPbVus\/fichearticle_gen_carticle=18697161.html\">Source link <\/a><\/p>\n","protected":false},"excerpt":{"rendered":"<p>[ad_1] \u00ab\u00a0Rasta Rockett\u00a0\u00bb est disponible sur Disney+ et diffus\u00e9 sur W9 ce 25 f\u00e9vrier. Si les visages de Junior, Sanka &hellip; <a href=\"http:\/\/www.affinite.fr\/index.php\/2021\/02\/26\/rasta-rockett-quelles-stars-etaient-pressenties-dans-lequipe-de-bobsleigh-actus-cine\/\" class=\"more-link\">Plus <span class=\"screen-reader-text\">Rasta Rockett : quelles stars \u00e9taient pressenties dans l&rsquo;\u00e9quipe de bobsleigh ? &#8211; Actus Cin\u00e9<\/span> <span class=\"meta-nav\">&rarr;<\/span><\/a><\/p>\n","protected":false},"author":1,"featured_media":5997,"comment_status":"open","ping_status":"open","sticky":false,"template":"","format":"standard","meta":{"_sitemap_exclude":false,"_sitemap_priority":"","_sitemap_frequency":"","footnotes":""},"categories":[1],"tags":[],"class_list":["post-5996","post","type-post","status-publish","format-standard","has-post-thumbnail","hentry","category-tous"],"_links":{"self":[{"href":"http:\/\/www.affinite.fr\/index.php\/wp-json\/wp\/v2\/posts\/5996"}],"collection":[{"href":"http:\/\/www.affinite.fr\/index.php\/wp-json\/wp\/v2\/posts"}],"about":[{"href":"http:\/\/www.affinite.fr\/index.php\/wp-json\/wp\/v2\/types\/post"}],"author":[{"embeddable":true,"href":"http:\/\/www.affinite.fr\/index.php\/wp-json\/wp\/v2\/users\/1"}],"replies":[{"embeddable":true,"href":"http:\/\/www.affinite.fr\/index.php\/wp-json\/wp\/v2\/comments?post=5996"}],"version-history":[{"count":0,"href":"http:\/\/www.affinite.fr\/index.php\/wp-json\/wp\/v2\/posts\/5996\/revisions"}],"wp:featuredmedia":[{"embeddable":true,"href":"http:\/\/www.affinite.fr\/index.php\/wp-json\/wp\/v2\/media\/5997"}],"wp:attachment":[{"href":"http:\/\/www.affinite.fr\/index.php\/wp-json\/wp\/v2\/media?parent=5996"}],"wp:term":[{"taxonomy":"category","embeddable":true,"href":"http:\/\/www.affinite.fr\/index.php\/wp-json\/wp\/v2\/categories?post=5996"},{"taxonomy":"post_tag","embeddable":true,"href":"http:\/\/www.affinite.fr\/index.php\/wp-json\/wp\/v2\/tags?post=5996"}],"curies":[{"name":"wp","href":"https:\/\/api.w.org\/{rel}","templated":true}]}}