{"id":5994,"date":"2021-02-25T19:54:12","date_gmt":"2021-02-25T19:54:12","guid":{"rendered":"https:\/\/www.affinite.fr\/index.php\/2021\/02\/25\/annonces-de-jean-castex-quel-confinement\/"},"modified":"2021-02-25T19:54:12","modified_gmt":"2021-02-25T19:54:12","slug":"annonces-de-jean-castex-quel-confinement","status":"publish","type":"post","link":"http:\/\/www.affinite.fr\/index.php\/2021\/02\/25\/annonces-de-jean-castex-quel-confinement\/","title":{"rendered":"annonces de Jean Castex, quel confinement\u00a0?"},"content":{"rendered":"<p> [ad_1]<br \/>\n<\/p>\n<p>\n                CORONAVIRUS DIRECT &#8211; La situation se d\u00e9grade dans 20\u00a0d\u00e9partements. Le Rh\u00f4ne, la Dr\u00f4me, la Moselle, la Meurthe-et-Moselle, le Nord, toute l&rsquo;\u00cele-de-France&#8230;, sont plac\u00e9s en surveillance renforc\u00e9e et pourraient passer en confinement les week-ends d\u00e8s le 6\u00a0mars. Toutes les annonces de Jean Castex et Olivier V\u00e9ran, bilan du jour.            <\/p>\n<div>\n<aside class=\"ccmsummary marqueur_module ccmcss_cms_summary ccmcss_cms_summary--right\">\n<p>\u00a0Sommaire<\/p>\n<\/aside>\n<p><strong>[Mis\u00a0\u00e0 jour le jeudi 25\u00a0f\u00e9vrier \u00e0 20h05<\/strong><b>]<\/b>\u00a0\u00ab\u00a0<em>La situation sanitaire s&rsquo;est d\u00e9grad\u00e9e depuis quelques jours\u00a0\u00bb<\/em> indique le Premier ministre Jean Castex lors de sa conf\u00e9rence de presse jeudi soir, <strong><em>\u00ab\u00a0le virus gagne de nouveau du terrain depuis une semaine\u00a0\u00bb<\/em>. <\/strong>Les indicateurs de l&rsquo;\u00e9pid\u00e9mie sont \u00e9lev\u00e9s dans 20 d\u00e9partements : dans toute l&rsquo;Ile-de-France et la\u00a0Provence-Alpes-C\u00f4te d&rsquo;Azur, dans le Rh\u00f4ne, la Drome, la Moselle, la Meurtre et Moselle, l&rsquo;Eure-et-Loir, le Pas-de-Calais, le Nord, la Somme. Ces d\u00e9partements\u00a0passent en \u00ab\u00a0vigilance renforc\u00e9e\u00a0\u00bb, a annonc\u00e9\u00a0le Premier ministre. Des mesures de freinage, \u00ab\u00a0similaires\u00a0\u00bb au confinement mis en place les week-ends dans l&rsquo;aire urbaine de Nice et l&rsquo;agglom\u00e9ration de Dunkerque, pourraient \u00eatre envisag\u00e9es d\u00e8s le 6 mars, si la situation venait \u00e0 se\u00a0d\u00e9grader au cours de la semaine prochaine, a pr\u00e9cis\u00e9 le chef du gouvernement. \u00ab\u00a0<em><strong>Nous avons effac\u00e9 en une semaine les deux semaines de baisse cons\u00e9cutive<\/strong> que nous avions enregistr\u00e9es jusqu&rsquo;ici\u00a0\u00bb <\/em>a rappel\u00e9\u00a0jeudi Olivier V\u00e9ran, le ministre de la sant\u00e9. Malgr\u00e9 la d\u00e9gradation de la situation sanitaire \u00e0 l&rsquo;\u00e9chelle nationale, \u00ab\u00a0<em>il faut tout faire pour retarder<\/em>\u00a0\u00bb un confinement g\u00e9n\u00e9ralis\u00e9 afin de <em>\u00ab\u00a0laisser \u00e0 la vaccination le temps de produire des effets<\/em>\u00ab\u00a0, a d\u00e9clar\u00e9 le\u00a0ministre qui pr\u00e9conise \u00ab\u00a0<em>des mesures fortes et territorialis\u00e9es<\/em>\u00ab\u00a0. Toutefois, \u00ab\u00a0<em>si nous avons des flamb\u00e9es \u00e9pid\u00e9miques constat\u00e9es, les mesures territoriales ne seraient probablement plus adapt\u00e9es<\/em>\u00ab\u00a0, a t-il pr\u00e9venu. Au 25 f\u00e9vrier, <strong>25 403 nouveaux cas <\/strong>de contamination\u00a0et <strong>261 nouveaux d\u00e9c\u00e8s <\/strong>ont \u00e9t\u00e9 enregistr\u00e9s en 24 heures. Quelles sont les annonces de Jean Castex et d&rsquo;Olivier V\u00e9ran ?\u00a0<span style=\"font-size: 1rem;\">Que disent les\u00a0<\/span><a data-auth=\"NotApplicable\" href=\"https:\/\/sante.journaldesfemmes.fr\/fiches-maladies\/2667643-carte-covid-19-france-zone-rouge-departement-region-ile-de-france-europe-monde-aujourd-hui\/\" rel=\"noopener noreferrer\" style=\"font-size: 1rem; background-color: rgb(255, 255, 255);\" target=\"_blank\">cartes<\/a><span style=\"font-size: 1rem;\"> de suivi de l&rsquo;\u00e9pid\u00e9mie ? Quels sont les <\/span><a href=\"https:\/\/sante.journaldesfemmes.fr\/fiches-maladies\/2630075-symptomes-coronavirus-covid-19-mal-gorge-tete-nez-coule-que-faire-variant-long-bebe-toux\/\" style=\"font-size: 1rem; background-color: rgb(255, 255, 255);\" target=\"_blank\" rel=\"noopener noreferrer\">sympt\u00f4mes du coronavirus<\/a><span style=\"font-size: 1rem;\"> ? Quand <\/span><a href=\"https:\/\/sante.journaldesfemmes.fr\/fiches-maladies\/2621211-isolement-covid-19-coronavirus-duree-10-jours-positif-cas-contact-variant-certificat-attestation\/\" style=\"font-size: 1rem; background-color: rgb(255, 255, 255);\" target=\"_blank\" rel=\"noopener noreferrer\">s&rsquo;isoler et combien de temps<\/a><span style=\"font-size: 1rem;\"> ?\u00a0<\/span><a data-auth=\"NotApplicable\" href=\"https:\/\/sante.journaldesfemmes.fr\/fiches-maladies\/2629823-taux-de-reproduction-covid-france-coronavirus-r0-r-effectif-calcul-carte-evolution-aujourd-hui-definition\/\" rel=\"noopener noreferrer\" style=\"font-size: 1rem; background-color: rgb(255, 255, 255);\" target=\"_blank\">Quel est le taux de R0 du virus<\/a><span style=\"font-size: 1rem;\">\u00a0? Quand est-on <\/span><a href=\"https:\/\/sante.journaldesfemmes.fr\/fiches-maladies\/2679521-contagion-covid-19-combien-de-temps-jours-duree-asymptomatique-symptomes-incubation-contagieux\/\" style=\"font-size: 1rem; background-color: rgb(255, 255, 255);\" target=\"_blank\" rel=\"noopener noreferrer\">contagieux<\/a><span style=\"font-size: 1rem;\"> ? Que sait-on des\u00a0<\/span><a href=\"https:\/\/sante.journaldesfemmes.fr\/fiches-maladies\/2620433-vaccin-coronavirus-covid-19-europe-pfizer-moderna-sanofi-astrazeneca-russe-chinois-johnson-lequel-choisir\/\" style=\"font-size: 1rem; background-color: rgb(255, 255, 255);\" target=\"_blank\" rel=\"noopener noreferrer\">vaccins<\/a><span style=\"font-size: 1rem;\">\u00a0? Des\u00a0<\/span><a href=\"https:\/\/sante.journaldesfemmes.fr\/fiches-maladies\/2686947-effets-secondaires-indesirable-vaccin-covid-ansm-france-pfizer-moderna-astrazeneca-deces-paralysie\/\" style=\"font-size: 1rem; background-color: rgb(255, 255, 255);\" target=\"_blank\" rel=\"noopener noreferrer\">effets secondaires<\/a><span style=\"font-size: 1rem;\">\u00a0apr\u00e8s la vaccination ? Chiffres et infos du jour.<\/span><\/p>\n<ul>\n<li><strong>Derni\u00e8res\u00a0annonces\u00a0du gouvernement. <\/strong>Le Premier ministre Jean Castex, le ministre de la Sant\u00e9 Olivier V\u00e9ran, le Pr. Alain Fisher, pr\u00e9sident du conseil d&rsquo;orientation de la strat\u00e9gie vaccinale en France, ont tenu\u00a0une conf\u00e9rence de presse ce jeudi, afin de faire un point sur l&rsquo;\u00e9pid\u00e9mie\u00a0et\u00a0sur les traitements. Les annonces :<\/li>\n<\/ul>\n<p>\u2192\u00a0Un confinement g\u00e9n\u00e9ralis\u00e9 n&rsquo;est pas d&rsquo;actualit\u00e9. Le Premier ministre Jean Castex privil\u00e9gie\u00a0des mesures de freinage cumulatifs : le couvre-feu \u00e0 18 heures, conjugu\u00e9 au confinement durant les week-ends, dans les territoires o\u00f9 la situation sanitaire s&rsquo;est d\u00e9grad\u00e9e.\u00a0\u00ab\u00a0<em>La nature des mesures que nous pourrions prendre \u00e0 l&rsquo;\u00e9ch\u00e9ance du week-end suivant, si la situation venait encore \u00e0 se d\u00e9grader, pourrait \u00eatre des mesures similaires \u00e0 celles de Dunkerque et de Nice\u00a0\u00bb,\u00a0<\/em>a t-il pr\u00e9cis\u00e9.<\/p>\n<p>\u2192\u00a0<strong>20 d\u00e9partements\u00a0sont plac\u00e9s en surveillance renforc\u00e9e<\/strong> :\u00a0toute l&rsquo;\u00cele-de-France, une grande partie des Hauts-de- France et de Provence Alpes-C\u00f4te-d&rsquo;Azur, le\u00a0Rh\u00f4ne et la Dr\u00f4me, la Moselle et la Meurthe-et-Moselle,\u00a0l&rsquo;Eure-et-Loir. \u00ab\u00a0<em>Ces territoires cumulent des indicateurs d\u00e9favorables\u00a0: un niveau d&rsquo;incidence \u00e9lev\u00e9, autour de 250\u00a0cas pour 100\u00a0000\u00a0habitants, une part de variant cinq fois sup\u00e9rieur \u00e0 50%, une pression hospitali\u00e8re proche du seuil critique et, enfin, une circulation virale qui commence \u00e0 s&rsquo;acc\u00e9l\u00e9rer s\u00e9rieusement<\/em>\u00ab\u00a0, indique le Premier ministre.\u00a0<em>\u00ab\u00a0Nous ferons un point la semaine prochaine et nous d\u00e9ciderons alors\u00a0: si la situation continue de se d\u00e9grader, nous prendrons des mesures renforc\u00e9es qui entreront en vigueur \u00e0 compter du week-end du 6\u00a0mars<\/em>.\u00a0\u00bb<\/p>\n<p>\u2192 Pr\u00e8s de 3\u00a0millions de personnes seront vaccin\u00e9es \u00e0 la fin de ce mois de f\u00e9vrier, annonce le Premier ministre, plus de 4\u00a0millions de vaccins auront \u00e9t\u00e9 administr\u00e9s.\u00a0<\/p>\n<p>\u2192 Plus d&rsquo;un cas de contamination sur deux est aujourd&rsquo;hui li\u00e9 au variant britannique, consid\u00e9r\u00e9 comme plus contagieux, a indiqu\u00e9\u00a0le ministre de la sant\u00e9.\u00a0<\/p>\n<p>\u2192 Les personnes \u00e2g\u00e9es de 65-75\u00a0ans acc\u00e9deront \u00e0 la vaccination \u00ab\u00a0<em>quoi qu&rsquo;il arrive d&rsquo;ici le mois d&rsquo;avril<\/em>\u00a0\u00bb a annonc\u00e9 Olivier V\u00e9ran.<\/p>\n<p>\u2192 La France a enregistr\u00e9 plus de 25 000\u00a0nouveaux cas de contamination\u00a0au cours des derni\u00e8res 24 heures, contre\u00a022 000\u00a0il y a une semaine, a soulign\u00e9\u00a0Olivier V\u00e9ran.<\/p>\n<p><strong>\u2192 Des pistes\u00a0th\u00e9rapeutiques sont \u00e0 l&rsquo;\u00e9tude,<\/strong> \u00ab\u00a0<em>des espoirs nouveaux qui permettront de renforcer notre arsenal de moyens pour lutter contre la diffusion de ce virus\u00a0\u00bb<\/em>, a annonc\u00e9\u00a0le ministre de la Sant\u00e9. La France a command\u00e9 <em>\u00ab\u00a0des dizaines de milliers de doses d&rsquo;anticorps monoclonaux d&rsquo;une g\u00e9n\u00e9ration sup\u00e9rieure\u00a0\u00bb,<\/em> attendus \u00ab\u00a0\u00e0 la mi-mars\u00a0\u00bb. Ces anticorps de synth\u00e8se pourraient\u00a0renforcer le syst\u00e8me immunitaire pour lutter contre le virus. Le ministre a\u00a0\u00e9voqu\u00e9 \u00e9galement<em>\u00a0\u00ab\u00a0un traitement par interf\u00e9ron, un vieux m\u00e9dicament<\/em>\u00a0\u00bb dont on saura \u00ab\u00a0<em>s&rsquo;il est efficace<\/em>\u00a0\u00bb dans \u00ab\u00a0<em>quelques semaines\u00a0\u00bb<\/em>.<\/p>\n<p>\u2192 Le <strong>vaccin AstraZeneca <\/strong>est \u00ab\u00a0<em>au m\u00eame niveau de protection<\/em>\u00a0\u00bb que le vaccin Pfizer-BioNTech, a affirm\u00e9 le Pr Alain Fisher, \u00ab\u00a0<em>au dessus de 90\u00a0%\u00a0\u00bb. \u00ab\u00a0Il n&rsquo;y a pas lieu de consid\u00e9rer que ce vaccin est un vaccin entre guillemets de deuxi\u00e8me cat\u00e9gorie (\u2026) Il est efficace, il est s\u00fbr et il peut \u00eatre administr\u00e9.<\/em>\u00ab\u00a0<\/p>\n<p>\u2192 \u00c0 l&rsquo;horizon de la\u00a0fin du printemps, la vaccination des personnes les plus vuln\u00e9rables\u00a0\u00ab\u00a0<em>devrait nous permettre de r\u00e9duire les effets de cette \u00e9pid\u00e9mie sur la population toute enti\u00e8re. D&rsquo;ici l\u00e0, nous devons tenir ensemble. Nous devons poursuivre nos efforts, rester vigilant \u00e0 titre individuel, rester solidaires sur le plan collectif\u00a0\u00bb<\/em>\u00a0a soulign\u00e9 le chef du gouvernement.<\/p>\n<ul>\n<li><strong>Chute des naissances \u00e0 cause du Covid.\u00a0<\/strong>9\u00a0mois apr\u00e8s le d\u00e9but de la pand\u00e9mie de Covid-19, les naissances ont fortement baiss\u00e9 en France, annonce <a href=\"https:\/\/twitter.com\/InseeFr\/status\/1364943969281531905\" target=\"_blank\" rel=\"noopener noreferrer\">l&rsquo;Insee<\/a> jeudi. En d\u00e9cembre 2020, il y a eu 7\u00a0% de nouveau-n\u00e9s en moins qu&rsquo;en d\u00e9cembre 2019. La baisse s&rsquo;est poursuivie de fa\u00e7on bien plus prononc\u00e9e en janvier 2021, avec<strong> 13\u00a0% de naissances de moins <\/strong>qu&rsquo;en janvier 2020<\/li>\n<li><strong>D\u00e9but de la vaccination chez les m\u00e9decins g\u00e9n\u00e9ralistes. <\/strong>A compter du jeudi 25 f\u00e9vrier, les personnes \u00e2g\u00e9es de 50 \u00e0 64 inclus et atteintes de comorbidit\u00e9s peuvent se faire vacciner (avec le vaccin AstraZeneca) chez leurs m\u00e9decins g\u00e9n\u00e9ralistes. La vaccination s&rsquo;ouvre aussi dans les entreprises qui le souhaitent.<\/li>\n<li><strong>Test PCR entre la Moselle et l&rsquo;Allemagne.\u00a0<\/strong>La France va demander des tests PCR de moins de 72\u00a0heures \u00e0 compter du 1er mars pour les d\u00e9placements non professionnels de frontaliers entre l&rsquo;Allemagne et le d\u00e9partement de la Moselle.<em> \u00ab\u00a0La d\u00e9rogation de l&rsquo;obligation de pr\u00e9sentation d&rsquo;un test PCR de moins de 72\u00a0h \u00e0 l&rsquo;entr\u00e9e sur le territoire national sera limit\u00e9e aux seules activit\u00e9s professionnelles\u00a0\u00bb, <\/em>ont annonc\u00e9 le ministre de la Sant\u00e9 Olivier V\u00e9ran et le secr\u00e9taire d&rsquo;Etat aux Affaires europ\u00e9ennes Cl\u00e9ment Beaune dans un communiqu\u00e9 commun.<\/li>\n<li><strong>Les masques sportifs Salomon disponibles. <\/strong>Dans un communiqu\u00e9 du 25 f\u00e9vrier, la marque\u00a0Salomon annonce la disponibilit\u00e9 de deux masques con\u00e7us pour les sportifs (un \u00e9t\u00e9, un hiver).\u00a0Fabriqu\u00e9s \u00e0 partir de polyesters l\u00e9gers, les masques peuvent \u00eatre\u00a0<strong>lav\u00e9s une cinquantaine de fois jusqu&rsquo;\u00e0 40C\u00b0,\u00a0<\/strong>les tests ont d\u00e9montr\u00e9 que ce masque filtre au moins 90\u00a0% des particules de 3\u00a0\u00b5m, conform\u00e9ment aux normes UNS1\u00a0en France et CWA 17553:2020\u00a0en Europe, pr\u00e9cise le fabricant.<\/li>\n<li><strong>80% de vaccin\u00e9s en Ehpad.<\/strong> Le 24 f\u00e9vrier, <a href=\"https:\/\/twitter.com\/BrigBourguignon\/status\/1364651616989814786\" target=\"_blank\" rel=\"noopener noreferrer\">Brigitte Bourguignon<\/a>, la Ministre d\u00e9l\u00e9gu\u00e9e aupr\u00e8s du ministre des Solidarit\u00e9s et de la Sant\u00e9, charg\u00e9e de l&rsquo;Autonomie, a indiqu\u00e9 que\u00a080% des r\u00e9sidents d&rsquo;Ehpad\u00a0ont re\u00e7u leur 1\u00e8re dose du vaccin\u00a0contre la Covid-19.<em>\u00a0\u00ab\u00a0Nous poursuivons la vaccination des plus vuln\u00e9rables\u00a0\u00bb <\/em>a-t-elle comment\u00e9.<\/li>\n<li><strong>Nouvelle version du vaccin Moderna.\u00a0<\/strong>La soci\u00e9t\u00e9 am\u00e9ricaine de biotechnologie Moderna a annonc\u00e9 mercredi qu&rsquo;une version modifi\u00e9e de son vaccin, d\u00e9velopp\u00e9e sp\u00e9cifiquement contre le variant sud-africain, \u00e9tait pr\u00eate \u00e0 \u00eatre test\u00e9e sur des humains dans le cadre d&rsquo;essais cliniques.<\/li>\n<li><strong>Un pic d&rsquo;hospitalisation sup\u00e9rieur \u00e0 la 1\u00e8re vague ?\u00a0<\/strong>Une \u00e9tude de l&rsquo;institut Pasteur publi\u00e9e mercredi estime que la progression de la campagne de vaccination contre le Covid-19\u00a0en France ne permettra pas, sans restrictions suppl\u00e9mentaires, d&rsquo;\u00e9viter une augmentation\u00a0des hospitalisations \u00e0 un niveau sup\u00e9rieur au pic de la premi\u00e8re vague. Le rebond des\u00a0hospitalisations est li\u00e9 \u00e0 la\u00a0progression du variant britannique qui devrait repr\u00e9senter la majorit\u00e9 (56%) des nouveaux cas d\u00e8s le 1er mars et la quasi-totalit\u00e9 (91%) en avril, selon les mod\u00e9lisations des chercheurs.<\/li>\n<li><strong>Confinement le week-end\u00a0\u00e0 Dunkerque.\u00a0<\/strong><a href=\"https:\/\/twitter.com\/olivierveran\/status\/1364634876494946305\" target=\"_blank\" rel=\"noopener noreferrer\">Olivier V\u00e9ran<\/a> a annonc\u00e9 mercredi un confinement le week-end pour la ville de Dunkerque, mis en place d\u00e8s vendredi soir prochain pour les deux week-ends prochains.\u00a0Les d\u00e9placements resteront possibles pour certains motifs tels que les achats de premi\u00e8re n\u00e9cessit\u00e9 ou m\u00e9dicaux.\u00a0Les commerces autres qu&rsquo;alimentaires seront ferm\u00e9s, ainsi que les centres commerciaux dont la superficie est sup\u00e9rieure \u00e0 5000m\u00b2.\u00a0<em>\u00ab\u00a0Le centre hospitalier de Dunkerque fait face \u00e0 la tr\u00e8s forte pression \u00e9pid\u00e9mique qui s&rsquo;exerce sur la ville et le territoire\u00a0: 82\u00a0patients Covid y sont actuellement hospitalis\u00e9s alors que 61\u00a0transferts de patients ont \u00e9t\u00e9 r\u00e9alis\u00e9s depuis le 1er f\u00e9vrier\u00a0\u00bb<\/em> indiqu\u00e9 le ministre de la Sant\u00e9 sur son compte <a href=\"https:\/\/twitter.com\/olivierveran\/status\/1364598217401327620\" target=\"_blank\" rel=\"noopener noreferrer\">Twitter<\/a>. Le ministre de la sant\u00e9 a \u00e9galement annonc\u00e9\u00a0que le gouvernement va doter\u00a0le territoire dunkerquois de \u00ab\u00a016.700\u00a0doses de vaccin suppl\u00e9mentaires\u00a0\u00bb, soit\u00a0\u00ab\u00a08200\u00a0doses de vaccin Pfizer, 8500\u00a0doses de vaccin AstraZeneca\u00a0\u00bb. Il a\u00a0par ailleurs demand\u00e9 \u00e0 la population d&rsquo;\u00e9viter au maximum de se rassembler,\u00a0de privil\u00e9gier\u00a0le t\u00e9l\u00e9travail, et a interdit\u00a0\u00ab\u00a0la vente d&rsquo;alcool \u00e0 emporter ainsi que la consommation d&rsquo;alcool sur la voie publique\u00a0\u00bb dans l&rsquo;ensemble du d\u00e9partement du Nord. Le port du masque dans les agglom\u00e9rations doit \u00eatre renforc\u00e9.\u00a0<\/li>\n<li><strong>Transfert de patients de\u00a0Nice vers la Bretagne.\u00a0<\/strong>3 patients en r\u00e9animation\u00a0au CHU de Nice ont \u00e9t\u00e9 transf\u00e9r\u00e9 ce mercredi vers le CHU de Brest. les services hospitaliers ni\u00e7ois sont \u00ab\u00a0proches de la saturation\u00a0\u00bb, indiquait lundi Romain Alexandre, le repr\u00e9sentant de l&rsquo;ARS. Le taux d&rsquo;incidence (588\u00a0pour 100.000\u00a0habitants) dans le d\u00e9partement est \u00ab\u00a0le plus \u00e9lev\u00e9 de France\u00a0\u00bb, et\u00a0le taux de positivit\u00e9 est \u00ab\u00a0en nette augmentation dans toutes les tranches d&rsquo;\u00e2ge except\u00e9es pour les plus de 80\u00a0ans\u00a0\u00bb.<\/li>\n<li><strong>Nouvelles restrictions en Guadeloupe.\u00a0<\/strong>Selon des informations divulgu\u00e9es sur\u00a0<a href=\"https:\/\/la1ere.francetvinfo.fr\/guadeloupe\/direct-a-suivre-le-point-hebdomadaire-sur-la-situation-sanitaire-en-guadeloupe-942493.html\" rel=\"nofollow noopener noreferrer\" target=\"_blank\">FranceInfo<\/a>, de nouvelles mesures vont \u00eatre mises en place en\u00a0Guadeloupe \u00e0 partir du jeudi 25 f\u00e9vrier.\u00a0Les rassemblements seront de 6 personnes au maximum et la surface minimale par personne est port\u00e9e de 4\u00a0\u00e0 8\u00a0m\u00b2 dans les magasins, les mus\u00e9es et les salles d&rsquo;exposition permanente. A partir du 1er mars,\u00a0les jauges des spectateurs sont abaiss\u00e9es \u00e0 300, au lieu de 600, pour les comp\u00e9titions de football dans les stades, \u00e0 150, au lieu de 300, pour les gymnases et piscines avec gradins. Les centres commerciaux de plus de 20\u00a0000 m\u00b2 seront ferm\u00e9s jusqu&rsquo;au 9 mars.\u00a0\u200b\u200b\u200b\u200b\u200b<\/li>\n<\/ul>\n<p><span style=\"font-size: 1rem;\">\u200b\u200b<\/span><a id=\"nouvelles-mesures-covid-france\" name=\"nouvelles-mesures-covid-france\" style=\"font-size: 1.125rem; background-color: rgb(255, 255, 255);\">Quelles sont les mesures anti Covid-19 en France ?<\/a><\/p>\n<p>Pour freiner la reprise de l&rsquo;\u00e9pid\u00e9mie de Covid-19 au d\u00e9but de l&rsquo;ann\u00e9e 2021, le gouvernement a d\u00e9cid\u00e9 de mettre en place un couvre-feu <strong>de 18 heures \u00e0 6 heures du matin,<\/strong>\u00a0depuis le\u00a0samedi 16\u00a0janvier 2021. Les mesures de restrictions en vigueur en France sont\u00a0:<\/p>\n<ul>\n<li>Les centres commerciaux non-alimentaires de plus de 20\u00a0000\u00a0m<sup>2\u00a0<\/sup>sont ferm\u00e9s (magasins de bricolage, de pr\u00eat-\u00e0-porter, de d\u00e9coration\u2026).<\/li>\n<li>La pratique sportive ou la promenade en plein air est interdite pendant les horaires de couvre-feu\u00a0;<\/li>\n<li>Pendant la journ\u00e9e, les d\u00e9placements sont autoris\u00e9s et l&rsquo;attestation n&rsquo;est pas n\u00e9cessaire\u00a0;<\/li>\n<li>Les d\u00e9placements entre r\u00e9gions sont autoris\u00e9s\u00a0;<\/li>\n<li>Les d\u00e9placements en provenance ou \u00e0 destination d&rsquo;un pays ext\u00e9rieur \u00e0 l&rsquo;Union europ\u00e9enne sont interdits, sauf motif imp\u00e9rieux<\/li>\n<li>Les lieux de culte doivent respecter une certaine jauge\u00a0\u00a0;<\/li>\n<li>Les salles de cin\u00e9ma, les th\u00e9\u00e2tres et les mus\u00e9es restent ferm\u00e9s ;<\/li>\n<li>L&rsquo;accueil du public dans les enceintes sportives, dans les cirques, les parcs zoologiques ou encore les salles de jeux et les casinos est interdit\u00a0;<\/li>\n<li>Les restaurants et les caf\u00e9s sont ferm\u00e9s.<\/li>\n<\/ul>\n<p><strong>D\u00e9placements autoris\u00e9s apr\u00e8s 18\u00a0heures sur <a href=\"https:\/\/www.interieur.gouv.fr\/Actualites\/L-actu-du-Ministere\/Attestations-de-deplacement-couvre-feu\" target=\"_blank\" rel=\"noopener noreferrer\">attestation<\/a> :<\/strong><\/p>\n<ul>\n<li>se rendre ou revenir de son lieu de travail, \u00e0 une <a href=\"http:\/\/www.affinite.fr\/index.php\/2022\/11\/09\/formation-de-glacier-apprenez-le-metier-de-glacier-et-changez-votre-vie\/\">formation<\/a> professionnelle, effectuer un d\u00e9placement professionnel ne pouvant \u00eatre report\u00e9\u00a0;<\/li>\n<li>des motifs familiaux imp\u00e9rieux, pour l&rsquo;assistance aux personnes vuln\u00e9rables et pr\u00e9caires, notamment aux personnes en situation de handicap ou pour la garde d&rsquo;enfants\u00a0;<\/li>\n<li>des motifs m\u00e9dicaux\u00a0: aller \u00e0 l&rsquo;h\u00f4pital, examens et soins ne pouvant \u00eatre assur\u00e9s \u00e0 distance et achat de m\u00e9dicaments\u00a0;<\/li>\n<li>participer \u00e0 des missions d&rsquo;int\u00e9r\u00eat g\u00e9n\u00e9ral sur demande de l&rsquo;autorit\u00e9 administrative (maraudes des associations de lutte contre la pauvret\u00e9 ou distributions d&rsquo;aides alimentaires \u00e0 domicile)\u00a0;<\/li>\n<li>les personnes en situation de handicap et leur accompagnant\u00a0;<\/li>\n<li>promener un animal domestique autour de son domicile.<\/li>\n<\/ul>\n<p>A d\u00e9faut de reconfiner tout l&rsquo;Hexagone, le gouvernement a d\u00e9cid\u00e9 de confiner uniquement certaines zones particuli\u00e8rement sous tension \u00e0 la mi-f\u00e9vrier. Avec un confinement en vigueur le week-end. Depuis, depuis le dimanche 31\u00a0janvier \u00e0 minuit, la France a ferm\u00e9 ses fronti\u00e8res\u00a0aux pays ext\u00e9rieurs \u00e0 l&rsquo;Union europ\u00e9enne, sauf pour \u00ab\u00a0motifs imp\u00e9rieux\u00a0\u00bb.<\/p>\n<p><strong>A Dunkerque :\u00a0<\/strong><\/p>\n<ul>\n<li><strong>Confinement <\/strong>pour les weekends du 27-28\u00a0f\u00e9vrier et du 6-7\u00a0mars.\u00a0Les d\u00e9placements resteront possibles pour certains motifs tels que les achats de premi\u00e8re n\u00e9cessit\u00e9 ou m\u00e9dicaux.\u00a0<\/li>\n<li>Les commerces autres qu&rsquo;alimentaires seront ferm\u00e9s, ainsi que les centres commerciaux dont la superficie est sup\u00e9rieure \u00e0 5000m\u00b2.\u00a0<\/li>\n<li>La vente d&rsquo;alcool \u00e0 emporter ainsi que la consommation d&rsquo;alcool sur la voie publique est interdite\u00a0dans l&rsquo;ensemble du d\u00e9partement du Nord.\u00a0<\/li>\n<\/ul>\n<p><strong>Dans les Alpes-Maritimes <\/strong>;<strong>\u00a0<\/strong><\/p>\n<ul>\n<li>Confinement du vendredi \u00e0 18h au lundi 6h pour les weekends du 27-28 f\u00e9vrier et du 6-7 mars\u00a0dans les communes de <strong>Menton \u00e0 Th\u00e9oule-sur-Mer<\/strong>, zone du littoral qui concentre pr\u00e8s de 90% du d\u00e9partement. Seules les sorties d&rsquo;une heures pour faire les courses, aller chez le m\u00e9decin, promener son animal de compagnie, faire du sport ou une promenade dans un rayon de 5 km autour de son domicile sont admises.<\/li>\n<li>Fermeture des commerces de plus de 5000\u00a0m<sup>2<\/sup>\u00a0\u00e0 l&rsquo;exception des commerces alimentaires et des pharmacies<\/li>\n<li>Jauge d&rsquo;accueil de 15m\u00b2\u00a0par client pour les commerces de plus de 400m<sup>2<\/sup><\/li>\n<li>Interdiction de mettre de la musique amplifi\u00e9e ou de consommer de l&rsquo;alcool sur la voie publique<\/li>\n<li>Acc\u00e9l\u00e9ration de la vaccination avec la r\u00e9ception de 4 500 doses suppl\u00e9mentaires du vaccin Pfizer-BioNTech<\/li>\n<li>Obligation de porter le masque dans tout le d\u00e9partement \u00ab\u00a0<em>dans toutes les zones \u00e0 forte fr\u00e9quentation de toutes les communes du d\u00e9partement<\/em>\u00ab\u00a0<\/li>\n<li>Renforcement des contr\u00f4les aux a\u00e9roports des Alpes-Maritimes et \u00e0 la fronti\u00e8re italienne.<\/li>\n<\/ul>\n<p><strong>Selon les derniers chiffres publi\u00e9s par <a href=\"https:\/\/www.santepubliquefrance.fr\/dossiers\/coronavirus-covid-19\/coronavirus-chiffres-cles-et-evolution-de-la-covid-19-en-france-et-dans-le-monde\" target=\"_blank\" rel=\"noopener noreferrer\">Sant\u00e9 publique France<\/a>, au jeudi 25\u00a0f\u00e9vrier, en France\u00a0:<\/strong><\/p>\n<p>\u2022 3 686 813\u00a0personnes ont \u00e9t\u00e9 contamin\u00e9es par le coronavirus\u00a0<strong>(+25 403\u00a0<\/strong><strong>en 24\u00a0heures)<\/strong>.<\/p>\n<p>\u2022 85 582 personnes sont d\u00e9c\u00e9d\u00e9es en France\u00a0<strong>(+261 en 24\u00a0heures),<\/strong><strong>\u00a0<\/strong>dont 60 981 \u00e0 l&rsquo;h\u00f4pital, auxquels se sont ajout\u00e9s 121 d\u00e9c\u00e8s en Ephad et ESMS entre le 19\u00a0et le 23 f\u00e9vrier.<\/p>\n<p>\u2022 3 430 patients Covid-19 sont en r\u00e9animation (-6).<\/p>\n<p>\u2022 25 317 patients Covid-19 sont hospitalis\u00e9s (-297).<\/p>\n<blockquote>\n<p style=\"text-align: right;\">\u00a0<\/p>\n<\/blockquote>\n<blockquote>\n<p style=\"text-align: right;\">\u00a0<\/p>\n<\/blockquote>\n<p>La circulation du virus SARS-CoV2 se maintient \u00e0 un niveau \u00e9lev\u00e9 avec environ<strong> 18 000 nouveaux cas par jour\u00a0<\/strong>(derniers chiffres de Sant\u00e9 Publique France). La\u00a0semaine 6\u00a0(du 08\u00a0au 14\u00a0f\u00e9vrier 2021) marque\u00a0la progression soutenue des variants plus transmissibles.<\/p>\n<ul>\n<li>Le taux d&rsquo;incidence \u00e9tait de <strong>190\/100\u00a0000\u00a0habitants<\/strong>, en diminution par rapport \u00e0 la semaine pr\u00e9c\u00e9dente (208\u00a0en S05, soit -9%). Cette diminution, observ\u00e9e dans toutes les classes d&rsquo;\u00e2ge, \u00e9tait plus marqu\u00e9e chez<strong> les 75\u00a0ans et plus<\/strong> (-19%)<\/li>\n<li>Le taux de positivit\u00e9 au niveau national (5,9%) <strong>\u00e9tait l\u00e9g\u00e8rement inf\u00e9rieur<\/strong> \u00e0 celui de la semaine pr\u00e9c\u00e9dente (6,3%, soit -0,4\u00a0point).<\/li>\n<li>Dans les \u00e9tablissements sociaux et m\u00e9dico-sociaux (ESMS), de l\u00e9g\u00e8res diminutions du nombre de signalements, ainsi que du nombre de cas confirm\u00e9s, \u00e9taient observ\u00e9es en semaine 06.<\/li>\n<li>Le nombre de passages aux urgences pour suspicion de COVID-19\u00a0tous \u00e2ges \u00e9tait <strong>en baisse de -11%<\/strong>, apr\u00e8s deux semaines de hausse suivies de deux semaines de stabilisation cons\u00e9cutives. Cette baisse concernait l&rsquo;ensemble des classes d&rsquo;\u00e2ge<\/li>\n<li>Le nombre de patients COVID-19\u00a0hospitalis\u00e9s en France reste tr\u00e8s \u00e9lev\u00e9, avec <strong>26\u00a0239\u00a0personnes hospitalis\u00e9es <\/strong>au 16\u00a0f\u00e9vrier (vs 27\u00a0677\u00a0le 09\u00a0f\u00e9vrier, -5%), dont<strong> 3\u00a0348\u00a0en r\u00e9animation<\/strong> (vs 3\u00a0342\u00a0le 09\u00a0f\u00e9vrier).<\/li>\n<li>En France m\u00e9tropolitaine, les estimations du taux de reproduction calcul\u00e9es \u00e0 partir des trois sources \u00e9taient significativement <strong>inf\u00e9rieures \u00e0 1<\/strong>\u00a0pour les trois sources de donn\u00e9es\u00a0:\u00a00,93\u00a0pour les donn\u00e9es virologiques (tests RT-PCR et tests antig\u00e9niques, SI-DEP), 0,86\u00a0pour les hospitalisations de patients COVID-19\u00a0(SI-VIC) et 0,92\u00a0pour les donn\u00e9es des passages aux urgences pour suspicion de COVID-19\u00a0(OSCOUR\u00ae).<\/li>\n<li>Les <strong>r\u00e9gions les plus touch\u00e9es<\/strong>\u00a0\u00e9taient les r\u00e9gions <strong>Provence-Alpes-C\u00f4te d&rsquo;Azur<\/strong>, <strong>Hauts-de-France<\/strong> et <strong>\u00cele-de-France<\/strong>. Ces r\u00e9gions pr\u00e9sentaient les plus forts taux d&rsquo;incidence (sup\u00e9rieurs \u00e0 200\/100\u00a0000\u00a0habitants), ainsi que les taux d&rsquo;hospitalisation parmi les plus \u00e9lev\u00e9s en m\u00e9tropole<\/li>\n<\/ul>\n<div style=\"text-align:center\">\n<figure class=\"image\" style=\"display:inline-block\"><a class=\"fancy\" href=\"https:\/\/img-3.journaldesfemmes.fr\/0oj4V4AIbLphE43jqzTxBExfkRc=\/1080x\/smart\/1bfb57e3a085431b9f8c406fc5121d8b\/ccmcms-jdf\/22667185.png\"><img decoding=\"async\" alt=\"Nombre de nouvelles personnes positives au Sars-Cov-2 (PCR\/antig\u00e9nique) sur une semaine glissante, pour la premi\u00e8re fois depuis plus de 60 jours, rapport\u00e9 \u00e0 la taille de la population, au 25 f\u00e9vrier \" src=\"https:\/\/img-3.journaldesfemmes.fr\/Tp_IYi7LBafm_OAfdvEuzXSV4Mc=\/450x\/smart\/1bfb57e3a085431b9f8c406fc5121d8b\/ccmcms-jdf\/22667185.png\"\/><\/a><figcaption data-credit=\"Gouvernement.fr\" data-legend=\"Nombre de nouvelles personnes positives au Sars-Cov-2 (PCR\/antig\u00e9nique) sur une semaine glissante, pour la premi\u00e8re fois depuis plus de 60 jours, rapport\u00e9 \u00e0 la taille de la population, au 25 f\u00e9vrier \">Nombre de nouvelles personnes positives au Sars-Cov-2 (PCR\/antig\u00e9nique) sur une semaine glissante, pour la premi\u00e8re fois depuis plus de 60 jours, rapport\u00e9 \u00e0 la taille de la population, au 25 f\u00e9vrier <small>\u00a9\u00a0Gouvernement.fr<\/small><\/figcaption><\/figure>\n<\/div>\n<p>Le gouvernement suit \u00e9galement l&rsquo;\u00e9volution du taux d&rsquo;occupation des lits en r\u00e9animation par des patients Covid-19 (sur les capacit\u00e9s initiales). Ce taux met en lumi\u00e8re une \u00e9ventuelle tension hospitali\u00e8re.\u00a0La tension hospitali\u00e8re est actuellement mod\u00e9r\u00e9e et stable.<\/p>\n<div style=\"text-align:center\">\n<figure class=\"image\" style=\"display:inline-block\"><a class=\"fancy\" href=\"https:\/\/img-3.journaldesfemmes.fr\/F6IK2gWnJpb2JTzioXWSdYz4XCE=\/1080x\/smart\/eb9f1038921443508d356e5d03b48ac3\/ccmcms-jdf\/22642845.png\"><img decoding=\"async\" alt=\"Taux d'occupation des lits en r\u00e9animation au 24 f\u00e9vrier par des patients Covid-19\" src=\"https:\/\/img-3.journaldesfemmes.fr\/wuP98GK_KbThhjWdHJy0iK4pkTY=\/450x\/smart\/eb9f1038921443508d356e5d03b48ac3\/ccmcms-jdf\/22642845.png\"\/><\/a><figcaption data-credit=\"Gouvernement.fr\" data-legend=\"Taux d'occupation des lits en r\u00e9animation au 24 f\u00e9vrier par des patients Covid-19\">Taux d&rsquo;occupation des lits en r\u00e9animation au 24 f\u00e9vrier par des patients Covid-19 <small>\u00a9\u00a0Gouvernement.fr<\/small><\/figcaption><\/figure>\n<\/div>\n<p>Le\u00a0<strong>pic \u00e9pid\u00e9mique<\/strong>\u00a0de la premi\u00e8re vague a \u00e9t\u00e9 observ\u00e9 la\u00a0<strong>semaine du 6\u00a0au 12\u00a0avril<\/strong>, soit 15\u00a0jours\u00a0apr\u00e8s la mise en \u0153uvre des mesures de confinement de la population g\u00e9n\u00e9rale, le 17\u00a0mars 2020. Le <strong>pic de la deuxi\u00e8me vague <\/strong>a eu lieu\u00a0du <strong>16\u00a0au 20\u00a0novembre,\u00a0<\/strong>trois semaines apr\u00e8s le deuxi\u00e8me confinement.<\/p>\n<p>La situation \u00e9pid\u00e9mique est jug\u00e9e \u00ab\u00a0tr\u00e8s pr\u00e9occupante\u00a0\u00bb dans <strong>20\u00a0d\u00e9partements : dans toute l&rsquo;Ile-de-France, en Provence-Alpes-C\u00f4te d&rsquo;Azur, dans le Rh\u00f4ne, la Drome, la Moselle, la Meurtre et Moselle, l&rsquo;Eure-et-Loir, le Pas-de-Calais, le Nord, la Somme, <\/strong>a\u00a0indiqu\u00e9\u00a0Jean Castex lors de la conf\u00e9rence du 25 f\u00e9vrier.<strong> <\/strong><\/p>\n<p>\u2192 Selon la\u00a0carte du taux d&rsquo;incidence de l&rsquo;\u00e9pid\u00e9mie disponible sur le site G\u00e9odes, les d\u00e9partements sous tension (+250 cas\/100 000 habitants) sont :<strong> le Nord, le Pas-de-Calais, la Somme, l&rsquo;Oise, la Seine-et-Marne, l&rsquo;Essonne, Paris, le Val-de-Marne, la Seine-Saint-Denis, le Val d&rsquo;Oise, la Moselle, les Alpes-Maritimes (+500 cas\/100 000 habitants), le Var et les Bouches-du-Rh\u00f4ne.<\/strong><\/p>\n<p><iframe loading=\"lazy\" height=\"600\" src=\"https:\/\/geodes.santepubliquefrance.fr\/?view=map2&amp;indics=sp_ti_tp_7j.tx_pe_gliss&amp;serie=2021-02-15-2021-02-21&amp;lang=fr&amp;iframe=1\" width=\"600\"><\/iframe><\/p>\n<p>Au jeudi\u00a025\u00a0f\u00e9vrier 2021, un total de<strong>\u00a03 686 813\u00a0<\/strong><strong>cas\u00a0confirm\u00e9s\u00a0<\/strong>de coronavirus est rapport\u00e9 depuis le d\u00e9but de la pand\u00e9mie.\u00a0Sur la semaine du 8 au 14 f\u00e9vrier, Sant\u00e9 Publique France rapporte un taux\u00a0d&rsquo;incidence\u00a0de\u00a0<strong>190 pour 100\u00a0000\u00a0habitants<\/strong>, en diminution par rapport \u00e0 la semaine pr\u00e9c\u00e9dente (208\u00a0en S05, soit -9%).<strong> 18\u00a0237\u00a0cas <\/strong>ont \u00e9t\u00e9\u00a0confirm\u00e9s en moyenne chaque jour. Les personnes les plus gravement touch\u00e9es par cette \u00e9pid\u00e9mie restaient les personnes \u00e2g\u00e9es de <strong>65\u00a0ans et plus<\/strong> ainsi que celles pr\u00e9sentant <strong>des comorbidit\u00e9s<\/strong>.<\/p>\n<h3 style=\"text-align: center;\">Nombre incident de cas confirm\u00e9s de COVID-19\u00a0par semaine (date de pr\u00e9l\u00e8vement), rapport\u00e9s \u00e0 Sant\u00e9 publique France du 11\u00a0mai 2020\u00a0au 14\u00a0f\u00e9vrier 2021, France (donn\u00e9es au 17\u00a0f\u00e9vrier 2021)<\/h3>\n<div style=\"text-align:center\">\n<figure class=\"image\" style=\"display:inline-block\"><a class=\"fancy\" href=\"https:\/\/img-3.journaldesfemmes.fr\/bAIRwf641wfUWeRx25E0XHo-fcY=\/1080x\/smart\/d1750f2ca81049de997da38f478576f9\/ccmcms-jdf\/22509086.jpg\"><img decoding=\"async\" alt=\"Nombre incident de cas confirm\u00e9s de COVID-19 par semaine (date de pr\u00e9l\u00e8vement), rapport\u00e9s \u00e0 Sant\u00e9 publique France du 11 mai 2020 au 14 f\u00e9vrier 2021, France (donn\u00e9es au 17 f\u00e9vrier 2021)\" src=\"https:\/\/img-3.journaldesfemmes.fr\/nbqWe3c68BLNbqSU0W6Ku9t3HIA=\/600x\/smart\/d1750f2ca81049de997da38f478576f9\/ccmcms-jdf\/22509086.jpg\"\/><\/a><figcaption data-credit=\"Sant\u00e9 publique France\" data-legend=\"Nombre incident de cas confirm\u00e9s de COVID-19 par semaine (date de pr\u00e9l\u00e8vement), rapport\u00e9s \u00e0 Sant\u00e9 publique France du 11 mai 2020 au 14 f\u00e9vrier 2021, France (donn\u00e9es au 17 f\u00e9vrier 2021)\">Nombre incident de cas confirm\u00e9s de COVID-19 par semaine (date de pr\u00e9l\u00e8vement), rapport\u00e9s \u00e0 Sant\u00e9 publique France du 11 mai 2020 au 14 f\u00e9vrier 2021, France (donn\u00e9es au 17 f\u00e9vrier 2021) <small>\u00a9\u00a0Sant\u00e9 publique France<\/small><\/figcaption><\/figure>\n<\/div>\n<h3 style=\"text-align: center;\">Nombre de cas confirm\u00e9s de COVID-19\u00a0chez les r\u00e9sidents et le personnel en ESMS par semaine, entre le 20\u00a0juillet 2020\u00a0et le 14\u00a0f\u00e9vrier 2021, France<\/h3>\n<div style=\"text-align:center\">\n<figure class=\"image\" style=\"display:inline-block\"><a class=\"fancy\" href=\"https:\/\/img-3.journaldesfemmes.fr\/EehFtUZsW6fYrYHHtsXQj9GGGSo=\/1080x\/smart\/d5834cb182c944d0bfdf2d205a32b0c8\/ccmcms-jdf\/22509107.jpg\"><img decoding=\"async\" alt=\"Nombre de cas confirm\u00e9s de COVID-19 chez les r\u00e9sidents et le personnel en ESMS par semaine, entre le 20 juillet 2020 et le 14 f\u00e9vrier 2021, France\" src=\"https:\/\/img-3.journaldesfemmes.fr\/-mBDoDg7ylm76Dvg5MZgZJQO95c=\/600x\/smart\/d5834cb182c944d0bfdf2d205a32b0c8\/ccmcms-jdf\/22509107.jpg\"\/><\/a><figcaption data-credit=\"Sant\u00e9 publique France\" data-legend=\"Nombre de cas confirm\u00e9s de COVID-19 chez les r\u00e9sidents et le personnel en ESMS par semaine, entre le 20 juillet 2020 et le 14 f\u00e9vrier 2021, France\">Nombre de cas confirm\u00e9s de COVID-19 chez les r\u00e9sidents et le personnel en ESMS par semaine, entre le 20 juillet 2020 et le 14 f\u00e9vrier 2021, France <small>\u00a9\u00a0Sant\u00e9 publique France<\/small><\/figcaption><\/figure>\n<\/div>\n<p>Jeudi 25\u00a0f\u00e9vrier,<strong>\u00a0+25 403\u00a0nouvelles personnes<\/strong>\u00a0ont re\u00e7u un test positif au Covid-19 par rapport \u00e0 la veille.<\/p>\n<div style=\"text-align:center\">\n<figure class=\"image\" style=\"display:inline-block\"><a class=\"fancy\" href=\"https:\/\/img-3.journaldesfemmes.fr\/8DWUv6UFKBNWoX0jZAIn6WawEgo=\/1080x\/smart\/87c9f46bed8d4730a4d39c9580457571\/ccmcms-jdf\/22657117.jpg\"><img decoding=\"async\" alt=\"courbe variation cas covid par jour en france\" src=\"https:\/\/img-3.journaldesfemmes.fr\/z6hfrGQ90aSnG_gL4vT1mVNRf2M=\/600x\/smart\/87c9f46bed8d4730a4d39c9580457571\/ccmcms-jdf\/22657117.jpg\"\/><\/a><figcaption data-credit=\"Gouvernement.fr\" data-legend=\"Courbe de variation quotidienne des cas de Covid-19 en France jusqu'au 24 f\u00e9vrier 2021.\">Courbe de variation quotidienne des cas de Covid-19 en France jusqu&rsquo;au 24 f\u00e9vrier 2021. <small>\u00a9\u00a0Gouvernement.fr<\/small><\/figcaption><\/figure>\n<\/div>\n<p>Le nombre de patients COVID-19\u00a0hospitalis\u00e9s en France restait tr\u00e8s \u00e9lev\u00e9, avec 26\u00a0239\u00a0personnes hospitalis\u00e9es au 16\u00a0f\u00e9vrier (vs 27\u00a0677\u00a0le 09\u00a0f\u00e9vrier, -5%), dont 3\u00a0348\u00a0en r\u00e9animation (vs 3\u00a0342\u00a0le 09\u00a0f\u00e9vrier), souligne Sant\u00e9 Publique France dans son bilan hebdomadaire du 18 f\u00e9vrier. La tension est persistante sur le\u00a0syst\u00e8me hospitalier.\u00a0Apr\u00e8s avoir augment\u00e9 entre les semaines 01\u00a0et 04, le nombre de d\u00e9clarations de nouvelles admissions en services de r\u00e9animation de patients COVID-19\u00a0<strong>s&rsquo;est stabilis\u00e9 depuis la semaine 05<\/strong>\u00a0: 1\u00a0763\u00a0nouvelles admissions en services de r\u00e9animation ont \u00e9t\u00e9 d\u00e9clar\u00e9es en S06\u00a0contre 1\u00a0767\u00a0en S05, soit <strong>-0,2%<\/strong>. Le taux hebdomadaire de nouvelles admissions de patients COVID-19\u00a0en services de r\u00e9animation est rest\u00e9 stable \u00e0 2,6\/100\u00a0000\u00a0habitants en S06.<\/p>\n<p>\u2192<strong> Jeudi 25\u00a0f\u00e9vrier,\u00a03 430\u00a0personnes sont\u00a0hospitalis\u00e9es\u00a0en\u00a0r\u00e9animation (-6\u00a0en 24 heures).\u00a0<\/strong><\/p>\n<div style=\"text-align:center\">\n<figure class=\"image\" style=\"display:inline-block\"><a class=\"fancy\" href=\"https:\/\/img-3.journaldesfemmes.fr\/oAmJqurKTss3mw9170ZDfAnzW9g=\/1080x\/smart\/1ee0304595c4481e8be434bcebcf626b\/ccmcms-jdf\/22509197.jpg\"><img decoding=\"async\" alt=\"Nombre hebdomadaire de nouvelles admissions de patients COVID-19 en services de r\u00e9animation, selon la date de d\u00e9claration, depuis le 23 mars 2020, France (donn\u00e9es au 14 f\u00e9vrier 2021)\" src=\"https:\/\/img-3.journaldesfemmes.fr\/yaUdKISwZuhSy27Zh3pEHlVf3QY=\/600x\/smart\/1ee0304595c4481e8be434bcebcf626b\/ccmcms-jdf\/22509197.jpg\"\/><\/a><figcaption data-credit=\"Sant\u00e9 publique France\" data-legend=\"Nombre hebdomadaire de nouvelles admissions de patients COVID-19 en services de r\u00e9animation, selon la date de d\u00e9claration, depuis le 23 mars 2020, France (donn\u00e9es au 14 f\u00e9vrier 2021)\">Nombre hebdomadaire de nouvelles admissions de patients COVID-19 en services de r\u00e9animation, selon la date de d\u00e9claration, depuis le 23 mars 2020, France (donn\u00e9es au 14 f\u00e9vrier 2021) <small>\u00a9\u00a0Sant\u00e9 publique France<\/small><\/figcaption><\/figure>\n<\/div>\n<p>\u2192 En semaine 06 (8 au 14\u00a0f\u00e9vrier), le taux hebdomadaire de <strong>nouvelles admissions en services de r\u00e9animation <\/strong>\u00e9tait en augmentation dans les r\u00e9gions <strong>Corse<\/strong> (+120%, soit +6\u00a0admissions), <strong>Centre-Val de Loire<\/strong> (+15%), <strong>Auvergne-Rh\u00f4ne-Alpes<\/strong> (+9%) et<strong> Hauts-de-France<\/strong> (+3%). Il \u00e9tait stable ou avait diminu\u00e9 dans les autres r\u00e9gions de France m\u00e9tropolitaine.<\/p>\n<p>\u2192 Les plus <strong>forts taux hebdomadaires d&rsquo;admissions <\/strong>en services de r\u00e9animation en m\u00e9tropole \u00e9taient rapport\u00e9s en <strong>Provence-Alpes-C\u00f4te d&rsquo;Azur<\/strong> (4,4\/100\u00a0000\u00a0habitants), \u00cele-de-France (3,3), <strong>Bourgogne-Franche-Comt\u00e9<\/strong> (3,2),<strong> Corse<\/strong> (3,2), <strong>Hauts-de-France <\/strong>(2,9), <strong>Auvergne-Rh\u00f4ne-Alpes<\/strong> (2,8) et <strong>Grand Est<\/strong> (2,7). Les autres r\u00e9gions de France m\u00e9tropolitaine rapportaient des taux inf\u00e9rieurs \u00e0 2,6\u00a0pour 100\u00a0000\u00a0habitants<\/p>\n<p>\u2192 Entre le 05\u00a0octobre 2020\u00a0et le 16\u00a0f\u00e9vrier 2021, parmi les 6\u00a0659\u00a0patients signal\u00e9s avec un diagnostic confirm\u00e9 de COVID-19,<strong> 71% \u00e9taient des hommes<\/strong> ; l&rsquo;\u00e2ge m\u00e9dian des patients \u00e9tait de <strong>68\u00a0ans<\/strong> et 62% \u00e9taient \u00e2g\u00e9s de 65\u00a0ans et plus.<\/p>\n<p>\u2192 La surveillance sp\u00e9cifique des cas graves de COVID-19\u00a0admis en r\u00e9animation lors de la deuxi\u00e8me vague indiquait une proportion \u00e9lev\u00e9e d&rsquo;hommes (71%), de personnes de 65\u00a0ans et plus (62%) et de cas pr\u00e9sentant une comorbidit\u00e9 (89%), dont les plus fr\u00e9quentes \u00e9taient l&rsquo;hypertension art\u00e9rielle, l&rsquo;ob\u00e9sit\u00e9 et le diab\u00e8te. Pour <strong>42%<\/strong> des patients hospitalis\u00e9s en r\u00e9animation pour COVID-19, un recours \u00e0 la ventilation invasive avait \u00e9t\u00e9 n\u00e9cessaire.<\/p>\n<p>Selon les <a href=\"https:\/\/www.gouvernement.fr\/info-coronavirus\/carte-et-donnees\" target=\"_blank\" rel=\"noopener noreferrer\">chiffres communiqu\u00e9s par le gouvernement<\/a>, consolid\u00e9s avec l&rsquo;Agence Sant\u00e9 Publique France et\u00a0les ARS (Agences r\u00e9gionales de Sant\u00e9), voici l&rsquo;\u00e9volution des hospitalisations (dont la r\u00e9animation) et des d\u00e9c\u00e8s\u00a0en France par r\u00e9gion.<\/p>\n<h3 style=\"text-align: center;\"><a id=\"cas-covid-19-tableau-par-region\" name=\"cas-covid-19-tableau-par-region\">Evolution des hospitalisations (dont en r\u00e9animation) et d\u00e9c\u00e8s \u00e0 l&rsquo;h\u00f4pital du Covid-19\u00a0par r\u00e9gion au 25\u00a0f\u00e9vrier<\/a><\/h3>\n<table border=\"1\" cellpadding=\"1\" cellspacing=\"1\" style=\"width:100%;\">\n<thead>\n<tr>\n<th scope=\"col\" style=\"width: 199px;\">R\u00e9gions<\/th>\n<th scope=\"col\" style=\"width: 162px; text-align: center;\">Hospitalisations en cours<\/th>\n<th scope=\"col\" style=\"width: 143px; text-align: center;\">Evolution des nouveaux patients sur les\u00a0 derni\u00e8res 24\u00a0H<\/th>\n<th scope=\"col\" style=\"width: 149px; text-align: center;\">R\u00e9animation Soins intensif<\/th>\n<th scope=\"col\" style=\"width: 155px; text-align: center;\">Evolution des nouveaux patients sur les\u00a0 derni\u00e8res 24\u00a0H<\/th>\n<th scope=\"col\" style=\"width: 220px; text-align: center;\">D\u00e9c\u00e8s<\/th>\n<\/tr>\n<tr>\n<td style=\"width: 199px;\"><b>\u00cele-de-France<\/b><\/td>\n<td style=\"width: 162px;\">5 049<\/td>\n<td style=\"width: 143px;\">-80<\/td>\n<td style=\"width: 149px;\">798<\/td>\n<td style=\"width: 155px;\">-25<\/td>\n<td style=\"width: 220px;\">14 738<\/td>\n<\/tr>\n<tr>\n<td style=\"width: 199px;\"><strong>Grand Est<\/strong><\/td>\n<td style=\"width: 162px;\">2 293<\/td>\n<td style=\"width: 143px;\">+6<\/td>\n<td style=\"width: 149px;\">310<\/td>\n<td style=\"width: 155px;\">+20<\/td>\n<td style=\"width: 220px;\">7 968<\/td>\n<\/tr>\n<tr>\n<td style=\"width: 199px;\"><strong>Auvergne-Rh\u00f4ne-Alpes<\/strong><\/td>\n<td style=\"width: 162px;\">3 333<\/td>\n<td style=\"width: 143px;\">+1<\/td>\n<td style=\"width: 149px;\">417<\/td>\n<td style=\"width: 155px;\">+15<\/td>\n<td style=\"width: 220px;\">8 995<\/td>\n<\/tr>\n<tr>\n<td style=\"width: 199px;\"><strong>Hauts-de-France<\/strong><\/td>\n<td style=\"width: 162px;\">2 796<\/td>\n<td style=\"width: 143px;\">-36<\/td>\n<td style=\"width: 149px;\">388<\/td>\n<td style=\"width: 155px;\">NC<\/td>\n<td style=\"width: 220px;\">6 111<\/td>\n<\/tr>\n<tr>\n<td style=\"width: 199px;\"><strong>Bourgogne-Franche-Comt\u00e9<\/strong><\/td>\n<td style=\"width: 162px;\">1 426<\/td>\n<td style=\"width: 143px;\">-29<\/td>\n<td style=\"width: 149px;\">\n<p>147<\/p>\n<\/td>\n<td style=\"width: 155px;\">-10<\/td>\n<td style=\"width: 220px;\">3 736<\/td>\n<\/tr>\n<tr>\n<td style=\"width: 199px;\"><strong>Provence-Alpes-C\u00f4te d&rsquo;Azur<\/strong><\/td>\n<td style=\"width: 162px;\">3 389<\/td>\n<td style=\"width: 143px;\">-18<\/td>\n<td style=\"width: 149px;\">472<\/td>\n<td style=\"width: 155px;\">NC<\/td>\n<td style=\"width: 220px;\">5 608<\/td>\n<\/tr>\n<tr>\n<td style=\"width: 199px;\"><strong>Occitanie<\/strong><\/td>\n<td style=\"width: 162px;\">1 585<\/td>\n<td style=\"width: 143px;\">+20<\/td>\n<td style=\"width: 149px;\">253<\/td>\n<td style=\"width: 155px;\">+7<\/td>\n<td style=\"width: 220px;\">3 173<\/td>\n<\/tr>\n<tr>\n<td style=\"width: 199px;\"><strong>Bretagne<\/strong><\/td>\n<td style=\"width: 162px;\">680<\/td>\n<td style=\"width: 143px;\">-7<\/td>\n<td style=\"width: 149px;\">49<\/td>\n<td style=\"width: 155px;\">NC<\/td>\n<td style=\"width: 220px;\">1 128<\/td>\n<\/tr>\n<tr>\n<td style=\"width: 199px;\"><strong>Nouvelle-Aquitaine<\/strong><\/td>\n<td style=\"width: 162px;\">1 215<\/td>\n<td style=\"width: 143px;\">-12<\/td>\n<td style=\"width: 149px;\">158<\/td>\n<td style=\"width: 155px;\">+1<\/td>\n<td style=\"width: 220px;\">2 761<\/td>\n<\/tr>\n<tr>\n<td style=\"width: 199px;\"><strong><a href=\"http:\/\/www.affinite.fr\/index.php\/2024\/11\/21\/construire-votre-maison-en-normandie\/\">Normandie<\/a><\/strong><\/td>\n<td style=\"width: 162px;\">1 244<\/td>\n<td style=\"width: 143px;\">\n<p>-12<\/p>\n<\/td>\n<td style=\"width: 149px;\">120<\/td>\n<td style=\"width: 155px;\">-6<\/td>\n<td style=\"width: 220px;\">2 214<\/td>\n<\/tr>\n<tr>\n<td style=\"width: 199px;\"><strong>Centre Val-de-Loire<\/strong><\/td>\n<td style=\"width: 162px;\">1 033<\/td>\n<td style=\"width: 143px;\">NC<\/td>\n<td style=\"width: 149px;\">129<\/td>\n<td style=\"width: 155px;\">-6<\/td>\n<td style=\"width: 220px;\">1 965<\/td>\n<\/tr>\n<tr>\n<td style=\"width: 199px;\"><strong>Pays de la Loire<\/strong><\/td>\n<td style=\"width: 162px;\">813<\/td>\n<td style=\"width: 143px;\">+2<\/td>\n<td style=\"width: 149px;\">80<\/td>\n<td style=\"width: 155px;\">-2<\/td>\n<td style=\"width: 220px;\">1 991<\/td>\n<\/tr>\n<tr>\n<td style=\"width: 199px;\"><strong>Corse<\/strong><\/td>\n<td style=\"width: 162px;\">94<\/td>\n<td style=\"width: 143px;\">-1<\/td>\n<td style=\"width: 149px;\">10<\/td>\n<td style=\"width: 155px;\">-3<\/td>\n<td style=\"width: 220px;\">144<\/td>\n<\/tr>\n<tr>\n<td style=\"width: 199px;\"><strong>Martinique<\/strong><\/td>\n<td style=\"width: 162px;\">13<\/td>\n<td style=\"width: 143px;\">-2<\/td>\n<td style=\"width: 149px;\">3<\/td>\n<td style=\"width: 155px;\">NC<\/td>\n<td style=\"width: 220px;\">45<\/td>\n<\/tr>\n<tr>\n<td style=\"width: 199px;\"><strong>Guadeloupe<\/strong><\/td>\n<td style=\"width: 162px;\">25<\/td>\n<td style=\"width: 143px;\">-2<\/td>\n<td style=\"width: 149px;\">9<\/td>\n<td style=\"width: 155px;\">-1<\/td>\n<td style=\"width: 220px;\">176<\/td>\n<\/tr>\n<tr>\n<td style=\"width: 199px;\"><strong>La R\u00e9union<\/strong><\/td>\n<td style=\"width: 162px;\">130<\/td>\n<td style=\"width: 143px;\">-2<\/td>\n<td style=\"width: 149px;\">59<\/td>\n<td style=\"width: 155px;\">-2<\/td>\n<td style=\"width: 220px;\">63<\/td>\n<\/tr>\n<tr>\n<td style=\"width: 199px;\"><strong>Guyane<\/strong><\/td>\n<td style=\"width: 162px;\">21<\/td>\n<td style=\"width: 143px;\">-1<\/td>\n<td style=\"width: 149px;\">\n<p>6<\/p>\n<\/td>\n<td style=\"width: 155px;\">NC<\/td>\n<td style=\"width: 220px;\">82<\/td>\n<\/tr>\n<tr>\n<td style=\"width: 199px;\"><strong>Mayotte<\/strong><\/td>\n<td style=\"width: 162px;\">178<\/td>\n<td style=\"width: 143px;\">-9<\/td>\n<td style=\"width: 149px;\">22<\/td>\n<td style=\"width: 155px;\">\n<p>-6<\/p>\n<\/td>\n<td style=\"width: 220px;\">83<\/td>\n<\/tr>\n<tr>\n<td style=\"width: 199px;\"><strong>TOTAL<\/strong><\/td>\n<td style=\"width: 162px;\"><strong>25 317<\/strong><\/td>\n<td style=\"width: 143px;\">-182<\/td>\n<td style=\"width: 149px;\"><b>3 430<\/b><\/td>\n<td style=\"width: 155px;\">-18<\/td>\n<td style=\"width: 220px;\">\n<p><b>60 981<\/b><\/p>\n<\/td>\n<\/tr>\n<\/thead>\n<\/table>\n<p>En France, depuis le d\u00e9but de l&rsquo;\u00e9pid\u00e9mie, 1\u00a0personne sur 1000\u00a0est morte du fait de la Covid-19, indique la <a href=\"https:\/\/www.has-sante.fr\/jcms\/p_3234447\/fr\/covid-19-se-vacciner-decider-avec-son-medecin\" target=\"_blank\" rel=\"noopener noreferrer\">Haute Autorit\u00e9 de Sant\u00e9<\/a> le 29 janvier.\u00a0Les personnes les plus gravement touch\u00e9es par cette \u00e9pid\u00e9mie restent les personnes \u00e2g\u00e9es de 65\u00a0ans et plus ainsi que celles pr\u00e9sentant des comorbidit\u00e9s. Les personnes \u00e2g\u00e9es de<strong> 65\u00a0ans et plus <\/strong>repr\u00e9sentaient<strong> 91% des personnes d\u00e9c\u00e9d\u00e9es de la COVID-19\u00a0<\/strong>\u00e0 l&rsquo;h\u00f4pital depuis le 1er mars 2020, et 63% des personnes hospitalis\u00e9es en r\u00e9animation le 16 f\u00e9vrier 2021.\u00a0<\/p>\n<p><strong>\u2192 85 582<\/strong>\u00a0<strong>d\u00e9c\u00e8s ont \u00e9t\u00e9 comptabilis\u00e9s sur la p\u00e9riode du 1er mars 2020\u00a0au 25\u00a0f\u00e9vrier\u00a02021,\u00a0<\/strong>dont 60 981 \u00e0 l&rsquo;h\u00f4pital\u00a0(<strong>+261\u00a0<\/strong>en 24h), auxquels se sont ajout\u00e9s\u00a0121 nouveaux d\u00e9c\u00e8s en Ehpad et \u00e9tablissements sociaux et m\u00e9dico-sociaux entre le 19\u00a0et le 23 f\u00e9vrier.\u00a0<strong>54% sont des hommes.<\/strong><\/p>\n<p><strong>\u2192 2\u00a0504<\/strong><strong>\u00a0personnes sont d\u00e9c\u00e9d\u00e9es de la Covid-19 au cours de la semaine 6<\/strong> (8 au 14 f\u00e9vrier 2021).<\/p>\n<p><strong>\u2192<\/strong>\u00a0Les plus forts taux de d\u00e9c\u00e8s dus \u00e0 la COVID-19\u00a0par r\u00e9gion rapport\u00e9s \u00e0 la population \u00e9taient toujours observ\u00e9s en Provence-Alpes-C\u00f4te d&rsquo;Azur (5,9\/100\u00a0000\u00a0habitants), Bourgogne-Franche-Comt\u00e9 (5,7), Grand Est (4,7) et Centre-Val de Loire (4,5)<\/p>\n<aside id=\"NL_1383363947\" class=\"newsletter_subscription jNlBlock\"><noscript><br \/>\n            <\/noscript><\/p>\n<h3 class=\"newsletter_subscription-title\">Newsletter <\/h3>\n<p><a href=\"\/\/mailing.ccmbg.com\/archive\/last-85\" target=\"_blank\" class=\"a_hover\" rel=\"noopener noreferrer\">Voir un exemple<\/a><\/p>\n<\/aside>\n<p>La France a franchi la barre des 40 000 morts samedi 7 novembre,\u00a0celle des 50 000 le 24 novembre et celle des 60 000 le 18 d\u00e9cembre.\u00a0<strong>Un pic de mortalit\u00e9 a \u00e9t\u00e9 atteint\u00a0le 7\u00a0novembre <\/strong>(40\u00a0169\u00a0morts).\u00a0<\/p>\n<div style=\"text-align:center\">\n<figure class=\"image\" style=\"display:inline-block\"><a class=\"fancy\" href=\"https:\/\/img-3.journaldesfemmes.fr\/yi7AXTrfLqhWJWtZw7y76LhTXIg=\/1080x\/smart\/fff1152c5c16433d9a3188ee883e3c7e\/ccmcms-jdf\/22509332.jpg\"><img decoding=\"async\" alt=\"Nombre hebdomadaire de d\u00e9c\u00e8s \u00e0 l\u2019h\u00f4pital de patients COVID-19 par semaine de d\u00e9c\u00e8s, depuis le 23 mars 2020, France (donn\u00e9es au 16 f\u00e9vrier 2021)\" src=\"https:\/\/img-3.journaldesfemmes.fr\/JpXRNG-iH1o633i2acLFAhmB65Y=\/600x\/smart\/fff1152c5c16433d9a3188ee883e3c7e\/ccmcms-jdf\/22509332.jpg\"\/><\/a><figcaption data-credit=\"Sant\u00e9 publique France\" data-legend=\"Nombre hebdomadaire de d\u00e9c\u00e8s \u00e0 l\u2019h\u00f4pital de patients COVID-19 par semaine de d\u00e9c\u00e8s, depuis le 23 mars 2020, France (donn\u00e9es au 16 f\u00e9vrier 2021)\">Nombre hebdomadaire de d\u00e9c\u00e8s \u00e0 l\u2019h\u00f4pital de patients COVID-19 par semaine de d\u00e9c\u00e8s, depuis le 23 mars 2020, France (donn\u00e9es au 16 f\u00e9vrier 2021) <small>\u00a9\u00a0Sant\u00e9 publique France<\/small><\/figcaption><\/figure>\n<\/div>\n<p><iframe loading=\"lazy\" height=\"1000\" src=\"https:\/\/mapthenews.maps.arcgis.com\/apps\/opsdashboard\/index.html#\/bae8aaa7a0b14261b4621c31db410c44\" style=\"border: 0px\" width=\"600\"><\/iframe><\/p>\n<section>\n<blockquote>\n<p style=\"text-align: right;\">\u00a0<\/p>\n<\/blockquote>\n<p>Le taux de reproduction du virus est \u00e0<strong> 0.93 <\/strong>selon les derni\u00e8res donn\u00e9es du <a href=\"https:\/\/www.gouvernement.fr\/info-coronavirus\/carte-et-donnees\" target=\"_blank\" rel=\"noopener noreferrer\">gouvernement<\/a>, au 13 f\u00e9vrier.\u00a0Les taux de reproduction du virus appel\u00e9s \u00ab\u00a0R-effectifs\u00a0\u00bb ou \u00ab\u00a0Reff\u00a0\u00bb\u00a0permettent de d\u00e9crire la dynamique de l&rsquo;\u00e9pid\u00e9mie\u00a0: lorsque le Reff est significativement sup\u00e9rieur \u00e0 1, ceci signifie que l&rsquo;\u00e9pid\u00e9mie est en progression, lorsqu&rsquo;il est \u00e9gal \u00e0 1, l&rsquo;\u00e9pid\u00e9mie se stabilise, lorsqu&rsquo;il est significativement inf\u00e9rieur \u00e0 1, l&rsquo;\u00e9pid\u00e9mie r\u00e9gresse.\u00a0<\/p>\n<p>Le d\u00e9pistage du Covid-19 est r\u00e9alis\u00e9 en France par RT-PCT et par tests antig\u00e9niques. Depuis le 11 f\u00e9vrier, les tests salivaires sont d\u00e9ploy\u00e9s dans les\u00a0\u00e9tablissements scolaires et peuvent \u00eatre utilis\u00e9s en premi\u00e8re intention pour d\u00e9pister la Covid-19, conform\u00e9ment aux recommandations de la <a href=\"https:\/\/www.has-sante.fr\/jcms\/p_3237053\/fr\/tests-rt-pcr-salivaires-la-has-etend-leur-utilisation-et-definit-les-modalites-pratiques-de-realisation\" target=\"_blank\" rel=\"noopener noreferrer\">HAS<\/a>. Au 21 f\u00e9vrier, le taux de positivit\u00e9 national s&rsquo;\u00e9tablit \u00e0<strong> 6.55\u00a0%.<\/strong>\u00a0<em>\u00ab\u00a0Il reste d\u00e9terminant que chaque personne pr\u00e9sentant des sympt\u00f4mes \u00e9vocateurs de COVID-19\u00a0s&rsquo;isole imm\u00e9diatement et r\u00e9alise un test diagnostique dans les plus brefs d\u00e9lais\u00a0\u00bb<\/em> rappelle Sant\u00e9 Publique France dans ses bulletins hebdomadaires.<\/p>\n<p>Si au d\u00e9but, on ne parlait que de fi\u00e8vre, toux s\u00e8che, rhume, \u00e9tat grippal et de fatigue, les sympt\u00f4mes de l&rsquo;infection par le coronavirus ont \u00e9volu\u00e9. On sait d\u00e9sormais que le virus peut avoir des <strong>effets sur la peau<\/strong> (urticaire, l\u00e9sions inflammatoires sur les orteils), la sph\u00e8re digestive (vomissements, diarrh\u00e9es&#8230;), <strong>l&rsquo;odorat<\/strong>, le <strong>go\u00fbt <\/strong>et m\u00eame le cerveau.<em> \u00ab\u00a0Sur 100 personnes atteintes du coronavirus, 90 ne vont pas d\u00e9velopper de sympt\u00f4mes\u00a0\u00bb<\/em> avait inform\u00e9 le ministre de la Sant\u00e9 le 5 novembre. La consigne des autorit\u00e9s est inchang\u00e9e :\u00a0chaque personne pr\u00e9sentant des sympt\u00f4mes \u00e9vocateurs de COVID-19 doit s&rsquo;isoler imm\u00e9diatement et r\u00e9aliser un test diagnostique dans les plus brefs d\u00e9lais.<\/p>\n<div class=\"ccminsert\">\n<aside class=\"app_widget_fo app_widget_fo--list app_widget_fo--list-2-col\">\n<ul>\n<li>\n<h3>\n                    <a href=\"https:\/\/sante.journaldesfemmes.fr\/fiches-sante-du-quotidien\/2627543-perte-gout-agueusie-covid-19-def-duree-cause-partielle-traitement-soigner\/\" class=\"jGTMWidgetGAEventClick\" data-gtmwidgetgaeventaction=\"clickWidgetListOnTwoColumns\" data-gtmwidgetgaeventlabel=\"Perte du go\u00fbt (agueusie)\u00a0: dur\u00e9e, Covid, comment soigner\u00a0?\"><br \/>\n                        Perte du go\u00fbt (agueusie)\u00a0: dur\u00e9e, Covid, comment soigner\u00a0?<br \/>\n                    <\/a><br \/>\n                <\/h3>\n<\/li>\n<li>\n<h3>\n                    <a href=\"https:\/\/sante.journaldesfemmes.fr\/fiches-maladies\/2696267-covid-long-c-est-quoi-symptomes-contagieux-fatigue-prise-en-charge-france-has\/\" class=\"jGTMWidgetGAEventClick\" data-gtmwidgetgaeventaction=\"clickWidgetListOnTwoColumns\" data-gtmwidgetgaeventlabel=\"Covid long\u00a0: c'est quoi, sympt\u00f4mes, est-on contagieux\u00a0?\"><br \/>\n                        Covid long\u00a0: c&rsquo;est quoi, sympt\u00f4mes, est-on contagieux\u00a0?<br \/>\n                    <\/a><br \/>\n                <\/h3>\n<\/li>\n<li>\n<h3>\n                    <a href=\"https:\/\/sante.journaldesfemmes.fr\/fiches-maladies\/2661241-rhume-ou-covid-19-coronavirus-rhinopharyngite-comment-savoir-symptomes-tableau-difference-test\/\" class=\"jGTMWidgetGAEventClick\" data-gtmwidgetgaeventaction=\"clickWidgetListOnTwoColumns\" data-gtmwidgetgaeventlabel=\"Rhume ou Covid-19\u00a0: diff\u00e9rences, sympt\u00f4mes, comment savoir\u00a0?\"><br \/>\n                        Rhume ou Covid-19\u00a0: diff\u00e9rences, sympt\u00f4mes, comment savoir\u00a0?<br \/>\n                    <\/a><br \/>\n                <\/h3>\n<\/li>\n<li>\n<h3>\n                    <a href=\"https:\/\/sante.journaldesfemmes.fr\/fiches-maladies\/2683439-symptomes-covid-19-coronavirus-boutons-visage-corps-dermatologiques-peau-bras-pieds-engelure\/\" class=\"jGTMWidgetGAEventClick\" data-gtmwidgetgaeventaction=\"clickWidgetListOnTwoColumns\" data-gtmwidgetgaeventlabel=\"Sympt\u00f4mes Covid sur la peau\u00a0: engelures, boutons, quand consulter\u00a0?\"><br \/>\n                        Sympt\u00f4mes Covid sur la peau\u00a0: engelures, boutons, quand consulter\u00a0?<br \/>\n                    <\/a><br \/>\n                <\/h3>\n<\/li>\n<li>\n<h3>\n                    <a href=\"https:\/\/sante.journaldesfemmes.fr\/fiches-maladies\/2630069-coronavirus-covid-19-cerveau-symptomes-sequelles-odorat-effet-lesion-attaque\/\" class=\"jGTMWidgetGAEventClick\" data-gtmwidgetgaeventaction=\"clickWidgetListOnTwoColumns\" data-gtmwidgetgaeventlabel=\"Coronavirus\u00a0et cerveau\u00a0: effets, quels sympt\u00f4mes\u00a0?\"><br \/>\n                        Coronavirus\u00a0et cerveau\u00a0: effets, quels sympt\u00f4mes\u00a0?<br \/>\n                    <\/a><br \/>\n                <\/h3>\n<\/li>\n<li>\n<h3>\n                    <a href=\"https:\/\/sante.journaldesfemmes.fr\/fiches-sante-du-quotidien\/2627657-perte-odorat-anosmie-symptome-covid-19-covidanosmie-duree-rhume-definition-cause-traitement\/\" class=\"jGTMWidgetGAEventClick\" data-gtmwidgetgaeventaction=\"clickWidgetListOnTwoColumns\" data-gtmwidgetgaeventlabel=\"Perte de l'odorat\u00a0(anosmie)\u00a0: sympt\u00f4mes du Covid, dur\u00e9e, r\u00e9\u00e9ducation\"><br \/>\n                        Perte de l&rsquo;odorat\u00a0(anosmie)\u00a0: sympt\u00f4mes du Covid, dur\u00e9e, r\u00e9\u00e9ducation<br \/>\n                    <\/a><br \/>\n                <\/h3>\n<\/li>\n<li>\n<h3>\n                    <a href=\"https:\/\/sante.journaldesfemmes.fr\/fiches-maladies\/2679367-diarrhee-covid-coronavirus-symptome-digestif-intestinaux-duree-que-faire-vomissement-traitement-bebe-jeune\/\" class=\"jGTMWidgetGAEventClick\" data-gtmwidgetgaeventaction=\"clickWidgetListOnTwoColumns\" data-gtmwidgetgaeventlabel=\"Diarrh\u00e9e et Covid-19\u00a0: dur\u00e9e, que faire, un vrai sympt\u00f4me\u00a0?\"><br \/>\n                        Diarrh\u00e9e et Covid-19\u00a0: dur\u00e9e, que faire, un vrai sympt\u00f4me\u00a0?<br \/>\n                    <\/a><br \/>\n                <\/h3>\n<\/li>\n<li>\n<h3>\n                    <a href=\"https:\/\/sante.journaldesfemmes.fr\/fiches-maladies\/2676955-covid-19-ou-gastro-enterite-difference-symptomes-fievre-diarrhee-que-faire-complications\/\" class=\"jGTMWidgetGAEventClick\" data-gtmwidgetgaeventaction=\"clickWidgetListOnTwoColumns\" data-gtmwidgetgaeventlabel=\"Covid-19\u00a0ou gastro-ent\u00e9rite\u00a0: sympt\u00f4mes, quelles diff\u00e9rences\u00a0?\"><br \/>\n                        Covid-19\u00a0ou gastro-ent\u00e9rite\u00a0: sympt\u00f4mes, quelles diff\u00e9rences\u00a0?<br \/>\n                    <\/a><br \/>\n                <\/h3>\n<\/li>\n<li>\n<h3>\n                    <a href=\"https:\/\/sante.journaldesfemmes.fr\/fiches-maladies\/2665621-angine-ou-covid-19-points-communs-symptome-fievre-mal-gorge-test-difference-contagion-qui-consulter\/\" class=\"jGTMWidgetGAEventClick\" data-gtmwidgetgaeventaction=\"clickWidgetListOnTwoColumns\" data-gtmwidgetgaeventlabel=\"Angine ou Covid-19\u00a0: sympt\u00f4mes, diff\u00e9rences, test\"><br \/>\n                        Angine ou Covid-19\u00a0: sympt\u00f4mes, diff\u00e9rences, test<br \/>\n                    <\/a><br \/>\n                <\/h3>\n<\/li>\n<li>\n<h3>\n                    <a href=\"https:\/\/sante.journaldesfemmes.fr\/fiches-maladies\/2626825-coronavirus-allergie-pollen-asthme-symptomes-traitement-recommandation-conseil\/\" class=\"jGTMWidgetGAEventClick\" data-gtmwidgetgaeventaction=\"clickWidgetListOnTwoColumns\" data-gtmwidgetgaeventlabel=\"Coronavirus ou allergie\u00a0: sympt\u00f4mes, conseils pratiques\"><br \/>\n                        Coronavirus ou allergie\u00a0: sympt\u00f4mes, conseils pratiques<br \/>\n                    <\/a><br \/>\n                <\/h3>\n<\/li>\n<\/ul>\n<\/aside>\n<\/div>\n<ul>\n<li><strong>Si vous pr\u00e9sentez des\u00a0sympt\u00f4mes (toux, fi\u00e8vre, mal de t\u00eate) : <\/strong>\u00e9vitez\u00a0les contacts, restez\u00a0\u00e0 domicile, prenez du parac\u00e9tamol si besoin, appelez\u00a0un m\u00e9decin pour prendre rendez-vous dans l&rsquo;\u00e9ventualit\u00e9 qu&rsquo;il vous fasse passer un test de d\u00e9pistage.\u00a0<\/li>\n<li><strong>Appeler le\u00a015 en cas de\u00a0difficult\u00e9s respiratoires : \u00ab\u00a0<\/strong><em>Si cette toux et cette fi\u00e8vre s&rsquo;accompagnent d&rsquo;une g\u00eane respiratoire qui devient permanente avec souffle court, difficult\u00e9 \u00e0 inspirer et \u00e0 expirer, d&rsquo;une aggravation importante de la toux, cela peut signifier une \u00e9volution de la maladie sous la forme d&rsquo;une pneumopathie. Il s&rsquo;agit alors d&rsquo;une urgence respiratoire potentielle et comme dans tous les cas d&rsquo;urgence, il faut alors appeler le 15\u00a0qui prendra les meilleures dispositions pour r\u00e9pondre \u00e0 la situation\u00a0\u00bb, <\/em>pr\u00e9vient le Dr\u00a0Patrick Aub\u00e9, m\u00e9decin g\u00e9n\u00e9raliste. \u00a0<\/li>\n<\/ul>\n<p>La vaccination contre la Covid-19 se poursuit en France avec<strong>\u00a02 656 447\u00a0premi\u00e8res injections <\/strong>de vaccin\u00a0au 23\u00a0f\u00e9vrier, selon <a href=\"https:\/\/www.santepubliquefrance.fr\/dossiers\/coronavirus-covid-19\/coronavirus-chiffres-cles-et-evolution-de-la-covid-19-en-france-et-dans-le-monde\" target=\"_blank\" rel=\"noopener noreferrer\">sant\u00e9 publique France<\/a>, et 1 132\u00a0918\u00a0deuxi\u00e8mes injections au 19\u00a0f\u00e9vrier, selon les chiffres communiqu\u00e9s par le\u00a0<a href=\"https:\/\/solidarites-sante.gouv.fr\/actualites\/presse\/communiques-de-presse\/article\/vaccination-contre-la-covid-en-france-au-18-fevrier-2021-plus-de-3-513-000\" target=\"_blank\" rel=\"noopener noreferrer\">minist\u00e8re de la Sant\u00e9<\/a>. La vaccination est r\u00e9alis\u00e9e avec les vaccins Pfizer-BioNTech et Moderna pour les plus de 65 ans et avec le vaccin\u00a0AstraZeneca pour les 50-64 ans atteints de comorbidit\u00e9s. La prise de<strong> rendez-vous<\/strong> est ouverte<b> <\/b>sur les sites Internet <strong>Doctolib, Maiia et KelDoc<\/strong> et peut aussi se faire en contactant par t\u00e9l\u00e9phone le <strong>centre de vaccination<\/strong> le plus proche de chez soi (liste disponible sur\u00a0<a href=\"https:\/\/www.sante.fr\/centres-vaccination-covid.html\" target=\"_blank\" rel=\"noopener noreferrer\">Sante.fr<\/a>).\u00a0En cas de difficult\u00e9, le num\u00e9ro vert national :<strong> 0\u00a0800\u00a0009\u00a0110<\/strong>,\u00a0permet d&rsquo;\u00eatre redirig\u00e9 vers le standard t\u00e9l\u00e9phonique d&rsquo;un centre ou d&rsquo;obtenir un accompagnement \u00e0 la prise de rendez-vous.<\/p>\n<p>Depuis le dimanche 31\u00a0janvier,\u00a0les <strong>fronti\u00e8res sont ferm\u00e9es aux pays hors UE<\/strong>. Les <strong>d\u00e9placements sont interdits sauf motif imp\u00e9rieux<\/strong>. Depuis le dimanche 24\u00a0janvier, tous les voyageurs entrant en France et venant d&rsquo;un pays europ\u00e9en doivent pr\u00e9senter avant leur d\u00e9part pour l&rsquo;Hexagone un test PCR n\u00e9gatif de moins de 72\u00a0heures. Depuis le 18 janvier, les voyageurs entrant en France en provenance d&rsquo;un pays hors Union-Europ\u00e9enne doivent\u00a0pr\u00e9senter un test PCR n\u00e9gatif\u00a0 et s&rsquo;isoler pendant 7\u00a0jours une fois arriv\u00e9s en France et faire un 2<sup>e<\/sup>\u00a0test \u00e0 l&rsquo;issue de cette p\u00e9riode. Les personnes n&rsquo;ayant pu r\u00e9aliser un test dans leur pays de d\u00e9part auront la possibilit\u00e9 de se faire tester \u00e0 leur arriv\u00e9e en France et seront contraintes de s&rsquo;isoler 7\u00a0jours dans un lieu d&rsquo;h\u00e9bergement d\u00e9sign\u00e9 par les autorit\u00e9s publiques (Le test n\u00e9gatif est d\u00e9j\u00e0 exig\u00e9 pour les voyageurs venant du Royaume-Uni).<\/p>\n<p><\/p>\n<table border=\"1\" cellpadding=\"1\" cellspacing=\"1\" style=\"width:100%;\">\n<thead>\n<tr>\n<th scope=\"col\" style=\"text-align: center;\"><strong>DATES CL\u00c9S DE L&rsquo;\u00c9PID\u00c9MIE EN FRANCE<\/strong><\/th>\n<\/tr>\n<\/thead>\n<tbody>\n<tr>\n<td>\n<ul>\n<li><strong>31\u00a0d\u00e9cembre 2019,<\/strong> l&rsquo;Organisation mondiale de la Sant\u00e9 en Chine est inform\u00e9e de plusieurs cas de pneumonies dans la ville de Wuhan. 44\u00a0personnes sont infect\u00e9es entre cette date et le 3\u00a0janvier 2020.<\/li>\n<li><strong>7\u00a0janvier 2020, <\/strong>les autorit\u00e9s chinoises identifient un \u00ab\u00a0nouveau type de coronavirus\u00a0\u00bb.<\/li>\n<li><strong>13\u00a0janvier, <\/strong>un cas import\u00e9 est recens\u00e9 en Tha\u00eflande.<\/li>\n<li><strong>15\u00a0janvier<\/strong>, le virus cause\u00a0la mort d&rsquo;<strong>une premi\u00e8re\u00a0personne \u00e0 Wuhan<\/strong>, un homme de 69\u00a0ans.\u00a0<\/li>\n<li><strong>23\u00a0janvier,<\/strong> trois villes chinoises dont Wuhan sont plac\u00e9es en quarantaine.<\/li>\n<li><strong>25\u00a0janvier, trois personnes\u00a0contamin\u00e9es sont recens\u00e9es en France<\/strong>, deux \u00e0 Paris et une Bordeaux. Ce sont les premiers cas enregistr\u00e9s sur le continent europ\u00e9en.<\/li>\n<li><strong>30\u00a0janvier, <\/strong>l&rsquo;Organisation mondiale de la Sant\u00e9 <strong>d\u00e9cr\u00e8te\u00a0l&rsquo;<a href=\"https:\/\/sante.journaldesfemmes.fr\/fiches-maladies\/2608035-urgence-de-sante-publique-de-portee-internationale-definition-oms-coronavirus\/\" target=\"_blank\" rel=\"noopener noreferrer\">urgence de sant\u00e9 mondiale<\/a><\/strong>.\u00a0Cette mesure n&rsquo;avait \u00e9t\u00e9 d\u00e9cr\u00e9t\u00e9e que 5\u00a0fois depuis sa cr\u00e9ation (pour Ebola (deux fois), la grippe H1N1, Zika et la poliomy\u00e9lite).\u00a0<\/li>\n<li><strong>23\u00a0f\u00e9vrier, <\/strong>la France d\u00e9clenche le <a href=\"https:\/\/sante.journaldesfemmes.fr\/fiches-maladies\/2622449-plan-orsan-reb-definition-signification-qui-declenche-coronavirus-definition-duree\/\" target=\"_blank\" rel=\"noopener noreferrer\">plan ORSAN<\/a>, un dispositif exceptionnel d&rsquo;organisation des soins.<\/li>\n<li><strong>28\u00a0f\u00e9vrier,<\/strong> la France passe en stade 2\u00a0de l&rsquo;\u00e9pid\u00e9mie.<\/li>\n<li><strong>11\u00a0mars, <\/strong>l&rsquo;OMS classifie de <strong>pand\u00e9mie <\/strong>la diffusion de la maladie \u00e0 coronavirus Covid-19\u00a0dans le monde.<\/li>\n<li><strong>12\u00a0mars<\/strong>, le pr\u00e9sident de la R\u00e9publique Emmanuel Macron annonce la fermeture nationale des cr\u00e8ches et \u00e9tablissements scolaires de France \u00e0 compter du 16\u00a0mars et \u00ab\u00a0jusqu&rsquo;\u00e0 nouvel ordre\u00a0\u00bb.<\/li>\n<li><strong>14\u00a0mars<\/strong>, la France passe au <a href=\"https:\/\/sante.journaldesfemmes.fr\/fiches-maladies\/2625289-coronavirus-covid-19-stade-1-2-3-4-duree-mesure-france-signification-quand\/\" target=\"_blank\" rel=\"noopener noreferrer\"><strong>stade 3 <\/strong><\/a>de l&rsquo;\u00e9pid\u00e9mie.<\/li>\n<li><strong>16\u00a0mars\u00a0:<\/strong>\u00a0la France met en place un dispositif de confinement interdisant les d\u00e9placements.<\/li>\n<li><strong>18\u00a0mars<\/strong> le premier transfert de patients Covid-19\u00a0en France est r\u00e9alis\u00e9\u00a0gr\u00e2ce \u00e0 l&rsquo;Arm\u00e9e, par voie terrestre et a\u00e9rienne.\u00a0<\/li>\n<li><strong>26\u00a0mars<\/strong>, un premier cas jeune meurt en France, une adolescente de 16\u00a0ans, en Ile-de-France originaire de Morsang-sur-Orge.<\/li>\n<li><strong>27\u00a0mars,<\/strong> le confinement de la population fran\u00e7aise est renouvel\u00e9 jusqu&rsquo;au 15\u00a0avril.<\/li>\n<li><strong>13\u00a0avril,<\/strong> Emmanuel Macron annonce le prolongement du confinement jusqu&rsquo;au 11\u00a0mai.<\/li>\n<li><strong>11\u00a0mai, <\/strong>la France commence son d\u00e9confinement.<\/li>\n<li><strong>\u00a015\u00a0juin<\/strong>, toute la France passe en zone verte, sauf Mayotte et la Guyane. \u00c0\u00a0Paris, les restaurants et bars peuvent rouvrir compl\u00e8tement.<\/li>\n<li><strong>22\u00a0juin, <\/strong>les \u00e9coles sont de nouveaux obligatoires en France pour tous les \u00e9l\u00e8ves. Les cin\u00e9mas, salles de jeux, casinos rouvrent. Les sports collectifs peuvent \u00eatre autoris\u00e9s tout en respectant certaines conditions sanitaires.<\/li>\n<li><strong>10\u00a0juillet<\/strong>, la <strong>France <\/strong>a franchi la barre des 30\u00a0000\u00a0morts. Dans la nuit du 10\u00a0au 11\u00a0juillet \u00e0 minuit, l&rsquo;\u00e9tat d&rsquo;urgence sanitaire prend fin en France.<\/li>\n<li><strong>\u00a020\u00a0juillet,<\/strong>\u00a0le <strong>port du masque est obligatoire <\/strong>dans les lieux publics clos en France.<\/li>\n<li><strong>8 octobre, <\/strong>le<strong> plan blanc est r\u00e9activ\u00e9 <\/strong>dans les h\u00f4pitaux d&rsquo;Ile-de-France.<\/li>\n<li><strong>17 octobre \u00e0 0h01<\/strong>, la France repasse en \u00e9tat d&rsquo;urgence sanitaire et un <strong>couvre-feu <\/strong>est instaur\u00e9 dans 9 territoires\u00a0(Paris-Ile-de-France, Rouen, Grenoble, Lille, Lyon, Aix-Marseille, Montpellier, Saint-Etienne, Toulouse).<\/li>\n<li><strong>24 octobre \u00e0 0h01 :<\/strong> extension des mesures de couvre-feu \u00e0 38 nouveaux d\u00e9partements fran\u00e7ais.<\/li>\n<li><strong>29 octobre \u00e0 0h01<\/strong> : reconfinement national pour 4 semaines, jusqu&rsquo;au 1er d\u00e9cembre au minimum.<\/li>\n<li><strong>28 novembre : <\/strong>premi\u00e8re \u00e9tape d&rsquo;all\u00e8gement du confinement avec la r\u00e9ouverture des commerces non essentiels.<\/li>\n<li><strong>15 d\u00e9cembre : <\/strong>seconde \u00e9tape\u00a0d&rsquo;all\u00e8gement du confinement avec le passage \u00e0 un couvre-feu de 20 heures \u00e0 6 heures du matin.<\/li>\n<li><strong>31 d\u00e9cembre<\/strong> : couvre-feu impos\u00e9 le soir du 31 d\u00e9cembre, de 20 heures \u00e0 6 heures du matin.<\/li>\n<li><strong>21 d\u00e9cembre<\/strong> : autorisation du vaccin Pfizer en Europe.<\/li>\n<li><strong>24 d\u00e9cembre<\/strong> : autorisation du vaccin Pfizer BioNTech en France.<\/li>\n<li><strong>27 d\u00e9cembre :<\/strong> d\u00e9but de la vaccination en France et dans l&rsquo;Union europ\u00e9enne avec le vaccin Pfizer BioNTech.<\/li>\n<li><strong>8 janvier 2021<\/strong> :\u00a0autorisation du vaccin Moderna en France.<\/li>\n<li><strong>24 janvier 2021<\/strong> : un test PCR n\u00e9gatif est obligatoire pour rentrer en France par avion pour les voyageurs venant d&rsquo;un pays europ\u00e9en (sauf pour les travailleurs transfrontaliers et le transport terrestre).<\/li>\n<li><strong>31 janvier 2021<\/strong> : fermeture des fronti\u00e8res en France aux pays ext\u00e9rieurs \u00e0 l&rsquo;Union europ\u00e9enne<\/li>\n<li><strong>2 f\u00e9vrier 2021<\/strong> :\u00a0autorisation du vaccin de l&rsquo;Universit\u00e9 d&rsquo;Oxford et AstraZeneca en France, uniquement pour les personnes \u00e2g\u00e9es de moins de 65\u00a0ans.<\/li>\n<li><strong>9 f\u00e9vrier 2021 :<\/strong> la France franchit le cap des 80 000 d\u00e9c\u00e8s.\u00a0<\/li>\n<li><strong>11 f\u00e9vrier : <\/strong>d\u00e9ploiement des tests salivaires dans les \u00e9tablissements scolaires.<\/li>\n<\/ul>\n<\/td>\n<\/tr>\n<\/tbody>\n<\/table>\n<p><em>Cet article est mis \u00e0 jour quotidiennement par <a href=\"https:\/\/www.journaldesfemmes.fr\/account\/ablaize-11409696\" target=\"_blank\" rel=\"noopener noreferrer\">Aur\u00e9lie Blaize<\/a>, <a href=\"https:\/\/www.journaldesfemmes.fr\/account\/anaisthiebaux-10573564\" target=\"_blank\" rel=\"noopener noreferrer\">Ana\u00efs Thi\u00e9baux<\/a> et <a href=\"https:\/\/www.journaldesfemmes.fr\/account\/samanthapages-11598093\" target=\"_blank\" rel=\"noopener noreferrer\">Samantha Pag\u00e8s<\/a>.\u00a0<\/em><\/p>\n<\/section>\n<\/div>\n<p><script async src=\"http:\/\/platform.twitter.com\/widgets.js\" charset=\"utf-8\"><\/script><br \/>\n<br \/>[ad_2]<br \/>\n<br \/><a href=\"https:\/\/sante.journaldesfemmes.fr\/fiches-maladies\/2605417-covid-19-france-coronavirus-chiffres-cas-morts-vaccin-info-carte-moselle-conference-castex-departement\/\">Source link <\/a><\/p>\n","protected":false},"excerpt":{"rendered":"<p>[ad_1] CORONAVIRUS DIRECT &#8211; La situation se d\u00e9grade dans 20\u00a0d\u00e9partements. Le Rh\u00f4ne, la Dr\u00f4me, la Moselle, la Meurthe-et-Moselle, le Nord, &hellip; <a href=\"http:\/\/www.affinite.fr\/index.php\/2021\/02\/25\/annonces-de-jean-castex-quel-confinement\/\" class=\"more-link\">Plus <span class=\"screen-reader-text\">annonces de Jean Castex, quel confinement\u00a0?<\/span> <span class=\"meta-nav\">&rarr;<\/span><\/a><\/p>\n","protected":false},"author":1,"featured_media":5995,"comment_status":"open","ping_status":"open","sticky":false,"template":"","format":"standard","meta":{"_sitemap_exclude":false,"_sitemap_priority":"","_sitemap_frequency":"","footnotes":""},"categories":[1],"tags":[],"class_list":["post-5994","post","type-post","status-publish","format-standard","has-post-thumbnail","hentry","category-tous"],"_links":{"self":[{"href":"http:\/\/www.affinite.fr\/index.php\/wp-json\/wp\/v2\/posts\/5994"}],"collection":[{"href":"http:\/\/www.affinite.fr\/index.php\/wp-json\/wp\/v2\/posts"}],"about":[{"href":"http:\/\/www.affinite.fr\/index.php\/wp-json\/wp\/v2\/types\/post"}],"author":[{"embeddable":true,"href":"http:\/\/www.affinite.fr\/index.php\/wp-json\/wp\/v2\/users\/1"}],"replies":[{"embeddable":true,"href":"http:\/\/www.affinite.fr\/index.php\/wp-json\/wp\/v2\/comments?post=5994"}],"version-history":[{"count":0,"href":"http:\/\/www.affinite.fr\/index.php\/wp-json\/wp\/v2\/posts\/5994\/revisions"}],"wp:featuredmedia":[{"embeddable":true,"href":"http:\/\/www.affinite.fr\/index.php\/wp-json\/wp\/v2\/media\/5995"}],"wp:attachment":[{"href":"http:\/\/www.affinite.fr\/index.php\/wp-json\/wp\/v2\/media?parent=5994"}],"wp:term":[{"taxonomy":"category","embeddable":true,"href":"http:\/\/www.affinite.fr\/index.php\/wp-json\/wp\/v2\/categories?post=5994"},{"taxonomy":"post_tag","embeddable":true,"href":"http:\/\/www.affinite.fr\/index.php\/wp-json\/wp\/v2\/tags?post=5994"}],"curies":[{"name":"wp","href":"https:\/\/api.w.org\/{rel}","templated":true}]}}