{"id":5986,"date":"2021-02-23T14:29:12","date_gmt":"2021-02-23T14:29:12","guid":{"rendered":"https:\/\/www.affinite.fr\/index.php\/2021\/02\/23\/wandavision-sur-disney-avez-vous-remarque-le-clin-doeil-a-stan-lee-dans-lepisode-7-news-series-a-la-tv\/"},"modified":"2021-02-23T14:29:12","modified_gmt":"2021-02-23T14:29:12","slug":"wandavision-sur-disney-avez-vous-remarque-le-clin-doeil-a-stan-lee-dans-lepisode-7-news-series-a-la-tv","status":"publish","type":"post","link":"http:\/\/www.affinite.fr\/index.php\/2021\/02\/23\/wandavision-sur-disney-avez-vous-remarque-le-clin-doeil-a-stan-lee-dans-lepisode-7-news-series-a-la-tv\/","title":{"rendered":"WandaVision sur Disney+\u00a0: avez-vous remarqu\u00e9 le clin d\u2019\u0153il \u00e0 Stan Lee dans l&rsquo;\u00e9pisode 7\u00a0? &#8211; News S\u00e9ries \u00e0 la TV"},"content":{"rendered":"<p> [ad_1]<br \/>\n<\/p>\n<div id=\"article-container\">\n<p class=\"article-lead\">Un petit clin d\u2019\u0153il au regrett\u00e9 Stan Lee, le c\u00e9l\u00e8bre <a href=\"http:\/\/www.affinite.fr\/index.php\/2023\/08\/24\/lart-de-la-glace-transforme-en-business-la-vision-unique-de-fabien-gris\/\">auteur<\/a> et dessinateur de comics Marvel, figure dans l&rsquo;\u00e9pisode 7 de la s\u00e9rie WandaVision, disponible sur Disney+.<\/p>\n<div id=\"article-content\">\n<figure class=\"player player-auto-play js-player\" data-model=\"{&quot;context&quot;:&quot;newspage_news&quot;,&quot;launch&quot;:&quot;auto-play&quot;,&quot;followScroll&quot;:true,&quot;editorialContent&quot;:&quot;18697156-wandavision_sur_disney_avez_vous_remarque_le_clin_d_u0153il_a_stan_lee_dans_l_episode_7&quot;,&quot;endScreen&quot;:true,&quot;disableAutoPause&quot;:true,&quot;videos&quot;:[{&quot;id&quot;:19591266,&quot;sources&quot;:{&quot;medium&quot;:&quot;\/\/fr.vid.web.acsta.net\/nmedia\/33\/21\/02\/01\/16\/19591266_sd_013.mp4&quot;,&quot;high&quot;:&quot;\/\/fr.vid.web.acsta.net\/nmedia\/33\/21\/02\/01\/16\/19591266_hd_013.mp4&quot;},&quot;image&quot;:&quot;\/videothumbnails\/21\/02\/01\/16\/52\/1113727.jpg&quot;,&quot;title&quot;:&quot;WandaVision - saison 1 Bande-annonce de la mi-saison VOST&quot;,&quot;trackingIdentifier&quot;:&quot;19591266-wandavision_saison_1_bande_annonce_de_la_mi_saison_vost&quot;,&quot;embedUrl&quot;:&quot;ACraHRACr0cHM6Ly9wbGF5ZXIuYWxsb2NpbmUuZnIvMTk1OTEyNjYuaHRtbA==&quot;,&quot;id_type&quot;:31003,&quot;file_type&quot;:&quot;trailer&quot;,&quot;description&quot;:&quot;WandaVision - saison 1 Bande-annonce de la mi-saison VOST&quot;,&quot;duration&quot;:92,&quot;view_count&quot;:48860,&quot;added_at&quot;:{&quot;date&quot;:&quot;2021-02-01 16:49:00.000000&quot;,&quot;timezone_type&quot;:3,&quot;timezone&quot;:&quot;Europe\/Paris&quot;},&quot;metas&quot;:{&quot;genre_main_series&quot;:[{&quot;name&quot;:&quot;Comu00e9die&quot;,&quot;id&quot;:&quot;13005&quot;},{&quot;name&quot;:&quot;Fantastique&quot;,&quot;id&quot;:&quot;13012&quot;},{&quot;name&quot;:&quot;Action&quot;,&quot;id&quot;:&quot;13025&quot;}],&quot;id_main_season&quot;:34546,&quot;id_main_series&quot;:24173,&quot;image_main_series&quot;:&quot;\/pictures\/21\/02\/01\/16\/54\/3730739.jpg&quot;,&quot;localized_file_type&quot;:&quot;trailer&quot;,&quot;main_season_number&quot;:1,&quot;main_season_rating&quot;:3.58142257,&quot;main_season_user_note_count&quot;:32,&quot;main_series_rating&quot;:3.74001026,&quot;name_main_season&quot;:&quot;WandaVision - Saison 1&quot;,&quot;name_main_series&quot;:&quot;WandaVision&quot;,&quot;release_status_series&quot;:&quot;En cours&quot;,&quot;trans_file_type&quot;:&quot;Bande-annonce&quot;},&quot;relatedEntityType&quot;:&quot;series&quot;,&quot;relatedEntityTrackingIdentifier&quot;:&quot;24173-wandavision&quot;,&quot;relatedEntityTitle&quot;:&quot;WandaVision&quot;,&quot;relatedEntityId&quot;:24173,&quot;relatedEntityUrl&quot;:&quot;ACraHRACr0cHM6Ly93d3cuYWxsb2NpbmUuZnIvc2VyaWVzL2ZpY2hlc2VyaWVfZ2VuX2NzZXJpZT0yNDE3My5odG1s&quot;,&quot;mediaUrl&quot;:&quot;ACraHRACr0cHM6Ly93d3cuYWxsb2NpbmUuZnIvdmlkZW8vcGxheWVyX2dlbl9jbWVkaWE9MTk1OTEyNjYmY3NlcmllPTI0MTczLmh0bWw=&quot;}],&quot;disablePreroll&quot;:false,&quot;disablePostroll&quot;:false}\" data-thumb=\"https:\/\/fr.web.img5.acsta.net\/r_640_360\/videothumbnails\/21\/02\/01\/16\/52\/1113727.jpg\">\n<\/figure>\n<p><strong>Attention, spoilers. Les paragraphes suivants r\u00e9v\u00e8lent des petits \u00e9l\u00e9ments de l&rsquo;\u00e9pisode 7 de WandaVision.<\/strong><\/p>\n<p>Depuis le lancement du Marvel Cinematic Universe, le c\u00e9l\u00e8bre <a title=\"Stan Lee (U.S.A.) (Acteur,Producteur d\u00e9l\u00e9gu\u00e9,D'apr\u00e8s l'oeuvre de)\" href=\"http:\/\/www.allocine.fr\/personne\/fichepersonne_gen_cpersonne=59857.html\">Stan Lee<\/a>, auteur et dessinateurs de comics Marvel, a profit\u00e9 de son statut de producteur ex\u00e9cutif sur plusieurs films et de son aura pour faire des cam\u00e9os dans plusieurs adaptations cin\u00e9matographiques et t\u00e9l\u00e9visuelles de l&rsquo;univers Marvel. Devenue une tradition, son apparition ponctuelle dans chacun des films du MCU \u00e9tait toujours attendue au tournant jusqu&rsquo;\u00e0 son d\u00e9c\u00e8s en 2018. Qualifiant Stan Lee d&rsquo;<i>\u00ab\u00a0irrempla\u00e7able\u00a0\u00bb<\/i>, Victoria Alonso, vice-pr\u00e9sidente de Marvel Studios, avait expliqu\u00e9 au <span class=\"ACraHRACr0cHM6Ly93d3cueW91dHViZS5jb20vd2F0Y2g\/dj1aQ2xEWGptM09BVQ==\" target=\"_blank\">Miami Latin New<\/span>s qu&rsquo;<span class=\"ACraHRACr0cHM6Ly93d3cuYWxsb2NpbmUuZnIvYXJ0aWNsZS9maWNoZWFydGljbGVfZ2VuX2NhcnRpY2xlPTE4Njg2NjkwLmh0bWw=\" target=\"_blank\">il n&rsquo;y aurait pas d&rsquo;autres cam\u00e9os de l&rsquo;auteur \u00e0 l&rsquo;avenir<\/span>.<\/p>\n<p>Mais sa disparition n&#8217;emp\u00eache pas les sc\u00e9naristes, r\u00e9alisateurs et producteurs de lui rendre hommage d&rsquo;une fa\u00e7on ou d&rsquo;une autre. C&rsquo;est notamment le cas dans la s\u00e9rie des studios Marvel <a title=\"WandaVision (U.S.A.) (Fantastique,Action,Com\u00e9die)\" href=\"http:\/\/www.allocine.fr\/series\/ficheserie_gen_cserie=24173.html\">WandaVision<\/a>, centr\u00e9e sur Scarlet Witch (<a title=\"Elizabeth Olsen (U.S.A.) (Acteur,Producteur d\u00e9l\u00e9gu\u00e9)\" href=\"http:\/\/www.allocine.fr\/personne\/fichepersonne_gen_cpersonne=455870.html\">Elizabehth Olsen<\/a>) et Vision (<a title=\"Paul Bettany (Grande-Bretagne) (Acteur,Producteur,Sc\u00e9nariste)\" href=\"http:\/\/www.allocine.fr\/personne\/fichepersonne_gen_cpersonne=64652.html\">Paul Bettany<\/a>), disponible sur Disney+. Dans le septi\u00e8me \u00e9pisode, situ\u00e9 dans les ann\u00e9es 2000 et rendant hommage aux sitcoms mockumentaires\u00a0<a title=\"Modern Family (U.S.A.) (Com\u00e9die,Famille)\" href=\"http:\/\/www.allocine.fr\/series\/ficheserie_gen_cserie=6085.html\">Modern Family<\/a> et <a title=\"The Office (US) (U.S.A.) (Com\u00e9die)\" href=\"http:\/\/www.allocine.fr\/series\/ficheserie_gen_cserie=199.html\">The Office<\/a>, entre autres, un petit clin d\u2019\u0153il \u00e0 Stan Lee s&rsquo;est gliss\u00e9 dans le g\u00e9n\u00e9rique de la s\u00e9rie.<\/p>\n<div class=\"article-figure-holder\">\n<figure class=\"article-figure mceNonEditable\"><img loading=\"lazy\" decoding=\"async\" class=\"article-figure-img\" src=\"data:image\/gif;base64,R0lGODlhAgABAPAAAAAAAAAAACH5BAEAAAAAIf8LSW1hZ2VNYWdpY2sNZ2FtbWE9MC40NTQ1NQAsAAAAAAIAAQAAAgIECgA7\" data-src=\"https:\/\/fr.web.img2.acsta.net\/r_640_256\/newsv7\/21\/02\/23\/14\/19\/5419414.jpg\" width=\"640\" height=\"320\"\/><span class=\"article-figcaption-copy\">Capture d&rsquo;\u00e9cran \/ Disney+<\/span><\/p>\n<\/figure>\n<\/div>\n<p>Le pr\u00e9nom de Wanda est affich\u00e9 sous diff\u00e9rentes formes, sur une cassette VHS, en nuage, sur un g\u00e2teau, sur un clavier d&rsquo;ordinateur mais aussi sur une plaque d&rsquo;immatriculation. Sur cette derni\u00e8re est inscrite une s\u00e9rie de six chiffres\u00a0: 122822. Ces nombres sont en r\u00e9alit\u00e9 une date de naissance (invers\u00e9e \u00e0 l&rsquo;am\u00e9ricaine)\u00a0: le 28 d\u00e9cembre 1922. Il s&rsquo;agit de la date de naissance de Stan Lee\u00a0! Un petit clin d&rsquo;oeil qui permet d&rsquo;honorer la m\u00e9moire du c\u00e9l\u00e8bre auteur et dessinateur qui \u00e9tait tr\u00e8s investi dans le MCU.<\/p>\n<figure class=\"slideshow-start-screen\"><img decoding=\"async\" class=\"slideshow-start-screen-img\" src=\"data:image\/gif;base64,R0lGODlhAQABAIAAAAAAAAAAACH5BAEAAAAALAAAAAABAAEAAAICRAEAOw==\" data-src=\"http:\/\/medialib.allocine.net\/c_320_320\/newsv7\/21\/02\/19\/12\/20\/56590560.jpg\" alt=\"\"\/><a href=\"http:\/\/www.allocine.fr\/diaporamas\/series\/diaporama-18697088\/\" class=\"slideshow-start-screen-icon\"><\/p>\n<p>Voir le diaporama<\/p>\n<p>    <\/a><figcaption class=\"slideshow-start-caption\">\n<p>Diaporama<\/p>\n<p>WandaVision sur Disney+ : 11 d\u00e9tails cach\u00e9s qu\u2019il ne fallait pas louper dans l\u2019\u00e9pisode 7<\/p>\n<p>11 photos<\/p>\n<\/figcaption><\/figure>\n<\/div><\/div>\n<p>[ad_2]<br \/>\n<br \/><a href=\"http:\/\/rss.allocine.fr\/~r\/ac\/actualites\/~3\/_d0aVi8l1Cg\/fichearticle_gen_carticle=18697156.html\">Source link <\/a><\/p>\n","protected":false},"excerpt":{"rendered":"<p>[ad_1] Un petit clin d\u2019\u0153il au regrett\u00e9 Stan Lee, le c\u00e9l\u00e8bre auteur et dessinateur de comics Marvel, figure dans l&rsquo;\u00e9pisode &hellip; <a href=\"http:\/\/www.affinite.fr\/index.php\/2021\/02\/23\/wandavision-sur-disney-avez-vous-remarque-le-clin-doeil-a-stan-lee-dans-lepisode-7-news-series-a-la-tv\/\" class=\"more-link\">Plus <span class=\"screen-reader-text\">WandaVision sur Disney+\u00a0: avez-vous remarqu\u00e9 le clin d\u2019\u0153il \u00e0 Stan Lee dans l&rsquo;\u00e9pisode 7\u00a0? &#8211; News S\u00e9ries \u00e0 la TV<\/span> <span class=\"meta-nav\">&rarr;<\/span><\/a><\/p>\n","protected":false},"author":1,"featured_media":5987,"comment_status":"open","ping_status":"open","sticky":false,"template":"","format":"standard","meta":{"_sitemap_exclude":false,"_sitemap_priority":"","_sitemap_frequency":"","footnotes":""},"categories":[1],"tags":[],"class_list":["post-5986","post","type-post","status-publish","format-standard","has-post-thumbnail","hentry","category-tous"],"_links":{"self":[{"href":"http:\/\/www.affinite.fr\/index.php\/wp-json\/wp\/v2\/posts\/5986"}],"collection":[{"href":"http:\/\/www.affinite.fr\/index.php\/wp-json\/wp\/v2\/posts"}],"about":[{"href":"http:\/\/www.affinite.fr\/index.php\/wp-json\/wp\/v2\/types\/post"}],"author":[{"embeddable":true,"href":"http:\/\/www.affinite.fr\/index.php\/wp-json\/wp\/v2\/users\/1"}],"replies":[{"embeddable":true,"href":"http:\/\/www.affinite.fr\/index.php\/wp-json\/wp\/v2\/comments?post=5986"}],"version-history":[{"count":0,"href":"http:\/\/www.affinite.fr\/index.php\/wp-json\/wp\/v2\/posts\/5986\/revisions"}],"wp:featuredmedia":[{"embeddable":true,"href":"http:\/\/www.affinite.fr\/index.php\/wp-json\/wp\/v2\/media\/5987"}],"wp:attachment":[{"href":"http:\/\/www.affinite.fr\/index.php\/wp-json\/wp\/v2\/media?parent=5986"}],"wp:term":[{"taxonomy":"category","embeddable":true,"href":"http:\/\/www.affinite.fr\/index.php\/wp-json\/wp\/v2\/categories?post=5986"},{"taxonomy":"post_tag","embeddable":true,"href":"http:\/\/www.affinite.fr\/index.php\/wp-json\/wp\/v2\/tags?post=5986"}],"curies":[{"name":"wp","href":"https:\/\/api.w.org\/{rel}","templated":true}]}}