{"id":5977,"date":"2021-02-21T02:41:16","date_gmt":"2021-02-21T02:41:16","guid":{"rendered":"https:\/\/www.affinite.fr\/index.php\/2021\/02\/21\/plein-feu-sur-la-piece-a-vivre\/"},"modified":"2021-02-21T02:41:16","modified_gmt":"2021-02-21T02:41:16","slug":"plein-feu-sur-la-piece-a-vivre","status":"publish","type":"post","link":"http:\/\/www.affinite.fr\/index.php\/2021\/02\/21\/plein-feu-sur-la-piece-a-vivre\/","title":{"rendered":"Plein feu sur la pi\u00e8ce \u00e0 vivre"},"content":{"rendered":"<p> [ad_1]<br \/>\n<br \/><img decoding=\"async\" src=\"https:\/\/maison1.advcdn.net\/images\/medias\/000\/054\/000054836\/200.jpg\" \/><\/p>\n<div itemprop=\"articleBody\">\n<p>\n  <strong>Une adaptation envisag\u00e9e<\/strong>\n<\/p>\n<p>\n  <em>\u00ab\u00a0Nous recherchions <strong>un appartement o\u00f9 il \u00e9tait possible d\u2019implanter un bureau<\/strong> sans tout casser\u00a0\u00bb,<\/em> raconte <strong>Fr\u00e9d\u00e9ric Malphettes, qui, par ses exp\u00e9riences a souvent travaill\u00e9 des petits espaces<\/strong> en traquant la place perdue pour am\u00e9nager des rangements et composer une pi\u00e8ce suppl\u00e9mentaire en remaniant les volumes. Et tout cela avec des <strong>budgets tr\u00e8s restreints\u00a0!<\/strong> Ici, le temps des travaux \u00e9tait aussi limit\u00e9 \u00e0 5 semaines, car il devait durer le moins longtemps possible pour d\u00e9m\u00e9nager dans de bonnes conditions, \u00e0 la fin du chantier. <em>\u00ab\u00a0Le transfert a \u00e9t\u00e9 assez simple\u00a0: <strong>l\u2019ancienne cuisine, int\u00e9gr\u00e9e d\u00e9sormais dans la pi\u00e8ce \u00e0 vivre mitoyenne, a \u00e9t\u00e9 transform\u00e9e en bureau.<\/strong> La situation proche des \u00e9vacuations et des canalisations a permis de r\u00e9aliser, sans difficult\u00e9, cette nouvelle affectation.\u00a0Nous avons profit\u00e9 du chantier pour <strong>installer une verri\u00e8re,<\/strong> face \u00e0 la porte-fen\u00eatre. Elle apporte beaucoup de clart\u00e9. L\u2019appartement n\u2019est pas traversant, mais d\u00e9sormais la circulation de la lumi\u00e8re est beaucoup plus fluide dans toutes les pi\u00e8ces \u00bb.<\/em>\n<\/p>\n<p>\n  <strong>D\u00e9cloisonner et ranger<\/strong>\n<\/p>\n<p>\n  Fr\u00e9d\u00e9ric Malphettes, bien qu\u2019il n\u2019ait pas transform\u00e9 les volumes existants, a <strong>supprim\u00e9 des portes inutiles<\/strong> au niveau de l\u2019entr\u00e9e pour d\u00e9gager le couloir. <em>\u00ab\u00a0Avec quelques coups de cutter, \u00e0 droite \u00e0 gauche, on a simplifi\u00e9 toute la circulation\u00a0\u00bb.<\/em> Fr\u00e9d\u00e9ric a \u00e9galement <strong>am\u00e9nag\u00e9 des grands placards sur mesure, toute hauteur <em>\u00ab\u00a0comme s\u2019ils faisaient partie des murs\u00a0\u00bb<\/em>,<\/strong> en exploitant l\u2019espace du sol au plafond. Et <strong>l\u2019ancien sol en carrelage a \u00e9t\u00e9 recouvert d\u2019un parquet flottant.<\/strong> Quant \u00e0 la salle de bains, elle sera transform\u00e9e dans une seconde \u00e9tape\u2026 non encore programm\u00e9e.\n<\/p>\n<p>\n  <strong>Une nouvelle terrasse<\/strong>\n<\/p>\n<p>\n  Sur l\u2019arri\u00e8re et les chambres, <strong>l\u2019appartement, situ\u00e9 en rez-de-jardin<\/strong>, profite d\u2019un bel environnement naturel. Pour se prot\u00e9ger des voisins et conserver une certaine intimit\u00e9, <strong>un panneau fa\u00e7on mur de s\u00e9paration a \u00e9t\u00e9 install\u00e9,<\/strong> \u00e0 l\u2019ext\u00e9rieur, entre les deux terrasses concomitantes. Peint dans une couleur chaleureuse et dot\u00e9 d\u2019\u00e9tag\u00e8res pour poser des plantes en pots et des objets d\u00e9co, il dessine une pi\u00e8ce de plein air pour d\u00e9jeuner, d\u00eener et m\u00eame travailler\u00a0!\n<\/p>\n<p>\n  <strong>Contact\u00a0: Fr\u00e9d\u00e9ric Malphettes<\/strong><br \/>11, rue des Pontons<br \/>94140 Alfortville<br \/>T\u00e9l.\u00a0: 06 17 75 54 56<br \/><a href=\"http:\/\/www.fredericmalphettes.com\/\">www.fredericmalphettes.com<\/a>\n<\/p>\n<\/p><\/div>\n<p><script async defer crossorigin=\"anonymous\" src=\"https:\/\/connect.facebook.net\/fr_FR\/sdk.js#xfbml=1&#038;version=v6.0&#038;appId=252025098257546&#038;autoLogAppEvents=1\"><\/script><br \/>\n<br \/>[ad_2]<br \/>\n<br \/><a href=\"http:\/\/feedproxy.google.com\/~r\/maison-actus\/~3\/8VwwKVCnBNI\/\">Source link <\/a><\/p>\n","protected":false},"excerpt":{"rendered":"<p>[ad_1] Une adaptation envisag\u00e9e \u00ab\u00a0Nous recherchions un appartement o\u00f9 il \u00e9tait possible d\u2019implanter un bureau sans tout casser\u00a0\u00bb, raconte Fr\u00e9d\u00e9ric &hellip; <a href=\"http:\/\/www.affinite.fr\/index.php\/2021\/02\/21\/plein-feu-sur-la-piece-a-vivre\/\" class=\"more-link\">Plus <span class=\"screen-reader-text\">Plein feu sur la pi\u00e8ce \u00e0 vivre<\/span> <span class=\"meta-nav\">&rarr;<\/span><\/a><\/p>\n","protected":false},"author":1,"featured_media":5978,"comment_status":"open","ping_status":"open","sticky":false,"template":"","format":"standard","meta":{"_sitemap_exclude":false,"_sitemap_priority":"","_sitemap_frequency":"","footnotes":""},"categories":[1],"tags":[],"class_list":["post-5977","post","type-post","status-publish","format-standard","has-post-thumbnail","hentry","category-tous"],"_links":{"self":[{"href":"http:\/\/www.affinite.fr\/index.php\/wp-json\/wp\/v2\/posts\/5977"}],"collection":[{"href":"http:\/\/www.affinite.fr\/index.php\/wp-json\/wp\/v2\/posts"}],"about":[{"href":"http:\/\/www.affinite.fr\/index.php\/wp-json\/wp\/v2\/types\/post"}],"author":[{"embeddable":true,"href":"http:\/\/www.affinite.fr\/index.php\/wp-json\/wp\/v2\/users\/1"}],"replies":[{"embeddable":true,"href":"http:\/\/www.affinite.fr\/index.php\/wp-json\/wp\/v2\/comments?post=5977"}],"version-history":[{"count":0,"href":"http:\/\/www.affinite.fr\/index.php\/wp-json\/wp\/v2\/posts\/5977\/revisions"}],"wp:featuredmedia":[{"embeddable":true,"href":"http:\/\/www.affinite.fr\/index.php\/wp-json\/wp\/v2\/media\/5978"}],"wp:attachment":[{"href":"http:\/\/www.affinite.fr\/index.php\/wp-json\/wp\/v2\/media?parent=5977"}],"wp:term":[{"taxonomy":"category","embeddable":true,"href":"http:\/\/www.affinite.fr\/index.php\/wp-json\/wp\/v2\/categories?post=5977"},{"taxonomy":"post_tag","embeddable":true,"href":"http:\/\/www.affinite.fr\/index.php\/wp-json\/wp\/v2\/tags?post=5977"}],"curies":[{"name":"wp","href":"https:\/\/api.w.org\/{rel}","templated":true}]}}