{"id":5971,"date":"2021-02-19T19:48:08","date_gmt":"2021-02-19T19:48:08","guid":{"rendered":"https:\/\/www.affinite.fr\/index.php\/2021\/02\/19\/legere-baisse-des-hospitalisations-bilan-du-jour\/"},"modified":"2021-02-19T19:48:08","modified_gmt":"2021-02-19T19:48:08","slug":"legere-baisse-des-hospitalisations-bilan-du-jour","status":"publish","type":"post","link":"http:\/\/www.affinite.fr\/index.php\/2021\/02\/19\/legere-baisse-des-hospitalisations-bilan-du-jour\/","title":{"rendered":"l\u00e9g\u00e8re baisse des hospitalisations, bilan du jour"},"content":{"rendered":"<p> [ad_1]<br \/>\n<\/p>\n<p>\n                CORONAVIRUS DIRECT &#8211; Le contexte \u00e9pid\u00e9mique reste fragile avec la circulation active des variants. Le nombre de personnes hospitalis\u00e9es baisse depuis 4\u00a0jours. Le chef de l&rsquo;Etat se donne \u00ab\u00a0huit \u00e0 dix jours\u00a0\u00bb pour d\u00e9cider soit d&rsquo;un durcissement, soit d&rsquo;un all\u00e8gement des\u00a0contraintes. Dernier bilan, chiffres par r\u00e9gion, infos.            <\/p>\n<div>\n<aside class=\"ccmsummary marqueur_module ccmcss_cms_summary ccmcss_cms_summary--right\">\n<p>\u00a0Sommaire<\/p>\n<\/aside>\n<p><strong>[Mis\u00a0\u00e0 jour le vendredi 19 f\u00e9vrier \u00e0 19h50<\/strong><b>]<\/b>\u00a0Les courbes \u00e9pid\u00e9miques continuent de baisser.\u00a0\u00ab\u00a0<em><strong>Le plateau est\u00a0tr\u00e8s l\u00e9g\u00e8rement descendant<\/strong> ces derniers jours<\/em>\u00ab\u00a0, confirme Gabriel Attal, porte-parole du gouvernement, vendredi matin sur France 2. Pour autant, le Sars-CoV-2, virus responsable de la pand\u00e9mie Covid-19 circule encore activement.\u00a0Ses variants aussi.\u00a0Les r\u00e9gions les plus touch\u00e9es restent la\u00a0<strong>Provence-Alpes-C\u00f4te d&rsquo;Azur<\/strong>, l<strong>&lsquo;\u00cele-de-France et Hauts-de-France<\/strong>. Selon le <a href=\"https:\/\/www.santepubliquefrance.fr\/maladies-et-traumatismes\/maladies-et-infections-respiratoires\/infection-a-coronavirus\/documents\/bulletin-national\/covid-19-point-epidemiologique-du-18-fevrier-2021\" target=\"_blank\" rel=\"noopener noreferrer\">point \u00e9pid\u00e9miologique de Sant\u00e9 publique France<\/a> du 18 f\u00e9vrier, la pression sur les h\u00f4pitaux persiste. <strong>36% des cas cribl\u00e9s<\/strong> (pass\u00e9s au s\u00e9quen\u00e7age) sont li\u00e9s \u00e0 des contaminations au <strong>variant anglais<\/strong>.\u00a0Les variants br\u00e9silien et sud-africain sont responsables quant \u00e0 eux de <strong>5% des contaminations<\/strong> \u00e0 la Covid-19.\u00a0Sant\u00e9 publique France note tout de m\u00eame une diminution du nombre de nouveaux cas chez<strong> les personnes \u00e2g\u00e9es de 75\u00a0ans et plus<\/strong>. Le chef de l&rsquo;Etat, Emmanuel Macron a indiqu\u00e9 vendredi, au cours d&rsquo;une visioconf\u00e9rence avec des d\u00e9put\u00e9s de la majorit\u00e9, se donner <strong>\u00ab\u00a0<em>huit \u00e0 dix jours<\/em>\u00a0\u00bb pour d\u00e9cider d&rsquo;une \u00e9volution des restrictions sanitaires<\/strong>,\u00a0soit un durcissement ou un all\u00e8gement des\u00a0contraintes, selon une information du <em>Figaro<\/em>. Le jeudi 18 f\u00e9vrier, Olivier V\u00e9ran\u00a0a tenu une conf\u00e9rence de presse.\u00a0Si un reconfinement n&rsquo;est pour le moment pas au rendez-vous, le ministre de la Sant\u00e9\u00a0a insist\u00e9 sur le fait que\u00a0<em><strong>\u00ab\u00a0l&rsquo;heure n&rsquo;est pas encore au rel\u00e2chement de nos efforts<\/strong> : nous devons redoubler de vigilance\u00a0\u00bb.<\/em>\u00a0Il a \u00e9galement indiqu\u00e9 que la <strong>dur\u00e9e d&rsquo;isolement<\/strong> allait passer d\u00e8s lundi 22\u00a0f\u00e9vrier de <strong>7 \u00e0 10\u00a0jours<\/strong> pour tous les cas positifs \u00e0 la Covid-19.\u00a0Pour les cas contacts, cette dur\u00e9e reste fix\u00e9e \u00e0 7 jours. Concernant les chiffres d<span style=\"font-size: 1rem;\">u 19\u00a0f\u00e9vrier :<\/span><b style=\"font-size: 1rem;\">\u00a025 506 personnes sont actuellement hospitalis\u00e9es pour\u00a0Covid<\/b><span style=\"font-size: 1rem;\">, et\u00a0<\/span><strong style=\"font-size: 1rem;\">328 d\u00e9c\u00e8s\u00a0<\/strong><span style=\"font-size: 1rem;\">ont \u00e9t\u00e9 rapport\u00e9s au cours des derni\u00e8res 24 heures.\u00a0Le nombre de<\/span><strong style=\"font-size: 1rem;\"> patients en r\u00e9animation<\/strong><span style=\"font-size: 1rem;\"> est \u00e9lev\u00e9 mais stable. Que disent les\u00a0<\/span><a data-auth=\"NotApplicable\" href=\"https:\/\/sante.journaldesfemmes.fr\/fiches-maladies\/2667643-carte-covid-19-france-zone-rouge-departement-region-ile-de-france-europe-monde-region\/\" rel=\"noopener noreferrer\" style=\"font-size: 1rem; background-color: rgb(255, 255, 255);\" target=\"_blank\">cartes<\/a><span style=\"font-size: 1rem;\"> de suivi de l&rsquo;\u00e9pid\u00e9mie ? Quels sont les <\/span><a href=\"https:\/\/sante.journaldesfemmes.fr\/fiches-maladies\/2630075-symptomes-coronavirus-covid-19-mal-gorge-tete-nez-coule-que-faire-variant-long-bebe-toux\/\" style=\"font-size: 1rem; background-color: rgb(255, 255, 255);\" target=\"_blank\" rel=\"noopener noreferrer\">sympt\u00f4mes du coronavirus<\/a><span style=\"font-size: 1rem;\"> ? Quand <\/span><a href=\"https:\/\/sante.journaldesfemmes.fr\/fiches-maladies\/2621211-isolement-covid-19-coronavirus-duree-10-jours-positif-cas-contact-variant-certificat-auto-isolement\/\" style=\"font-size: 1rem; background-color: rgb(255, 255, 255);\" target=\"_blank\" rel=\"noopener noreferrer\">s&rsquo;isoler et combien de temps<\/a><span style=\"font-size: 1rem;\"> ?\u00a0<\/span><a data-auth=\"NotApplicable\" href=\"https:\/\/sante.journaldesfemmes.fr\/fiches-maladies\/2629823-taux-de-reproduction-covid-france-coronavirus-r0-r-effectif-calcul-carte-evolution-aujourd-hui-definition\/\" rel=\"noopener noreferrer\" style=\"font-size: 1rem; background-color: rgb(255, 255, 255);\" target=\"_blank\">Quel est le taux de R0 du virus<\/a><span style=\"font-size: 1rem;\">\u00a0? Quand est-on <\/span><a href=\"https:\/\/sante.journaldesfemmes.fr\/fiches-maladies\/2679521-contagion-covid-19-combien-de-temps-jours-duree-asymptomatique-symptomes-incubation-contagieux\/\" style=\"font-size: 1rem; background-color: rgb(255, 255, 255);\" target=\"_blank\" rel=\"noopener noreferrer\">contagieux<\/a><span style=\"font-size: 1rem;\"> ? Que sait-on des\u00a0<\/span><a href=\"https:\/\/sante.journaldesfemmes.fr\/fiches-maladies\/2620433-vaccin-coronavirus-covid-19-europe-pfizer-moderna-sanofi-astrazeneca-russe-chinois-johnson-janssen\/\" style=\"font-size: 1rem; background-color: rgb(255, 255, 255);\" target=\"_blank\" rel=\"noopener noreferrer\">vaccins<\/a><span style=\"font-size: 1rem;\">\u00a0? Des\u00a0<\/span><a href=\"https:\/\/sante.journaldesfemmes.fr\/fiches-maladies\/2686947-effets-secondaires-indesirable-vaccin-covid-ansm-france-pfizer-moderna-astrazeneca-deces-paralysie\/\" style=\"font-size: 1rem; background-color: rgb(255, 255, 255);\" target=\"_blank\" rel=\"noopener noreferrer\">effets secondaires<\/a><span style=\"font-size: 1rem;\">\u00a0apr\u00e8s la vaccination ? Chiffres et infos du jour.<\/span><\/p>\n<ul>\n<li><strong>Effets ind\u00e9sirables au vaccin Pfizer\/BioNTech<\/strong>. 55\u00a0cas d&rsquo;hypertension art\u00e9rielle, d&rsquo;\u00e9volution favorable, ont \u00e9t\u00e9 d\u00e9clar\u00e9s comme graves depuis le d\u00e9but de la vaccination avec le vaccin Pfizer\/BioNTech, et 42 cas de troubles du rythme cardiaque, mais ne remettent pas en cause son rapport b\u00e9n\u00e9fice\/risque, estime vendredi l&rsquo;Agence du m\u00e9dicament (ANSM) dans un point de situation sur la surveillance des vaccins contre le Covid-19. 3\u00a0634\u00a0cas d&rsquo;effets ind\u00e9sirables ont \u00e9t\u00e9 recens\u00e9s depuis le d\u00e9but de la vaccination, constituant un \u00ab\u00a0<em>signal<\/em>\u00ab\u00a0. Mais \u00ab\u00a0<em>pour la plupart des cas, ces effets ind\u00e9sirables ont \u00e9t\u00e9 transitoires et rapidement r\u00e9versibles<\/em>\u00a0\u00bb\u00a0pr\u00e9cise l&rsquo;ANSM.\u00a0<\/li>\n<li><strong>Passeport vaccinal. <\/strong>Le Pr\u00e9sident Emmanuel Macron a indiqu\u00e9 vendredi pr\u00e9f\u00e9rer le terme\u00a0\u00ab\u00a0pass vaccinal\u00a0\u00bb, \u00e0 celui de \u00ab\u00a0passeport vaccinal\u00a0\u00bb\u00a0selon une information du <em>Figaro <\/em>aupr\u00e8s d&rsquo;un d\u00e9put\u00e9 de la majorit\u00e9. <em>\u00ab\u00a0Il faut travailler encore sur cette id\u00e9e avec un bon choix de mot, de la p\u00e9dagogie<\/em>\u00ab\u00a0, a soulign\u00e9 le chef de l&rsquo;\u00c9tat.<\/li>\n<li><strong>\u00ab\u00a0Stagnation\u00a0\u00bb en Moselle. <\/strong>Selon les r\u00e9sultats des pr\u00e9l\u00e8vements d&rsquo;eaux us\u00e9es r\u00e9alis\u00e9s lundi et jeudi par les marins-pompiers de Marseille dans 19 stations d&rsquo;\u00e9puration de Moselle, d\u00e9partement particuli\u00e8rement touch\u00e9 par l&rsquo;\u00e9pid\u00e9mie de Covid-19\u00a0et ses variants,\u00a0la pr\u00e9sence du virus montre une \u00ab\u00a0stagnation\u00a0\u00bb, a indiqu\u00e9 vendredi la pr\u00e9fecture.<\/li>\n<li><strong>Allongement de la dur\u00e9e d&rsquo;isolement.\u00a0<\/strong>Lors de sa conf\u00e9rence de presse du jeudi 18 f\u00e9vrier, Olivier V\u00e9ran a indiqu\u00e9 que la p\u00e9riode d&rsquo;isolement allait passer, d\u00e8s le lundi 22\u00a0f\u00e9vrier, de 7 \u00e0 10\u00a0jours pour toutes les personnes positives \u00e0 la Covid-19, contamin\u00e9es \u00e0 un variant ou pas.\u00a0Pour les cas contact, la dur\u00e9e d&rsquo;isolement reste \u00e0 7 jours.\u00a0<\/li>\n<li><strong>Tests salivaires \u00e0 Saint-Etienne.\u00a0<\/strong>Pour sa nouvelle campagne de d\u00e9pistage qui d\u00e9bute lundi prochain, Saint-Etienne utilisera une nouvelle g\u00e9n\u00e9ration de tests, \u00e0 base <strong>d&rsquo;auto-pr\u00e9l\u00e8vement salivaire<\/strong>.\u00a0\u00ab\u00a0Une premi\u00e8re\u00a0\u00bb\u00a0en France. Il s&rsquo;agit d&rsquo;un \u00ab\u00a0<em>test antig\u00e9nique salivaire, compl\u00e9t\u00e9 par un deuxi\u00e8me pr\u00e9l\u00e8vement \u00e0 l&rsquo;entr\u00e9e de l&rsquo;orifice nasal, pour compenser la moindre charge virale contenue dans la salive<\/em>\u00ab\u00a0, explique Julien Tizot, directeur g\u00e9n\u00e9ral de BioSpeedia, qui commercialise le test con\u00e7u avec l&rsquo;unit\u00e9 maladies infectieuses du CHU de Saint-\u00c9tienne.<\/li>\n<li><strong>Renforcement des contr\u00f4les \u00e0 Paris.<\/strong>\u00a0Avec l&rsquo;arriv\u00e9e du beau temps\u00a0ce weekend, la pr\u00e9fecture de police annonce des contr\u00f4les renforc\u00e9s\u00a0en r\u00e9gion parisienne, \u00e0 partir de\u00a018\u00a0heures ce vendredi soir : 700\u00a0policiers de la pr\u00e9fecture de Police, CRS et gendarmes seront d\u00e9ploy\u00e9s pour s&rsquo;assurer du respect du couvre-feu et 4 000 agents seront mobilis\u00e9s tout le weekend.\u00a0<\/li>\n<li><strong>Inqui\u00e9tudes \u00e0 Dunkerque.<\/strong>\u00a0La situation dans le Nord, \u00e0 Dunkerque est inqui\u00e9tante a indiqu\u00e9 le ministre, le taux de variant \u00ab\u00a0britannique\u00a0\u00bb est \u00e0 72% et l&rsquo;incidence d\u00e9passe les 600\u00a0cas pour 100.000\u00a0habitants.<\/li>\n<li><strong>Inqui\u00e9tudes \u00e0 Nice.\u00a0<\/strong>La situation \u00e9pid\u00e9mique demeure pr\u00e9occupante \u00e0 Nice (Alpes-Maritimes) : le taux d&rsquo;incidence sur les 7 derniers jours et de 736 cas pour 100\u00a0000\u00a0habitants.\u00a0Il s&rsquo;agit du taux d&rsquo;incidence le plus \u00e9lev\u00e9 de France, parmi les 22\u00a0m\u00e9tropoles suivies par Sant\u00e9 publique France. Le ministre de la Sant\u00e9\u00a0Olivier V\u00e9ran doit s&rsquo;y rendre ce samedi 20\u00a0f\u00e9vrier.\u00a0<\/li>\n<li><strong>Variant californien.\u00a0<\/strong>Un\u00a0nouveau\u00a0variant de la Covid-19\u00a0a \u00e9t\u00e9 retrouv\u00e9 en Alsace, \u00e0 Saverne (Bas-Rhin). Il aurait \u00e9t\u00e9 retrouv\u00e9 dans le g\u00e9nome de 6 patients hospitalis\u00e9s pour cause de Covid-19. Cette nouvelle mutation aurait \u00e9t\u00e9 pour la premi\u00e8re fois d\u00e9tect\u00e9 aux Etats-Unis, plus pr\u00e9cis\u00e9ment\u00a0<strong>en Californie du Sud<\/strong>.\u00a0<\/li>\n<\/ul>\n<ul>\n<li><strong>Vaccin AstraZeneca.<\/strong> Le vaccin AstraZeneca sera accessible dans le courant du mois de mars,\u00a0en pharmacie \u00ab\u00a0pour tous les Fran\u00e7ais \u00e2g\u00e9s de 50\u00a0\u00e0 64\u00a0ans, ainsi que chez leurs m\u00e9decins, infirmiers et autres professionnels de sant\u00e9 habilit\u00e9s \u00e0 vacciner\u00a0\u00bb a anonc\u00e9 Olivier V\u00e9ran. Ce vaccin serait \u00ab\u00a0<em>efficace dans une grande majorit\u00e9 des cas, y compris dans le cadre d&rsquo;un variant britannique. M\u00eame si des incertitudes demeurent sur le variant sud-africain<\/em>\u00a0\u00bb pr\u00e9cise le ministre en s&rsquo;appuyant sur les avis des\u00a0scientifiques, des agences sanitaires, et de\u00a0l&rsquo;Organisation mondiale de la sant\u00e9.<\/li>\n<li><strong>Consultation sur le passeport vaccinal.\u00a0<\/strong>Le Conseil \u00e9conomique, social et environnemental (Cese) a lanc\u00e9, mercredi 17\u00a0f\u00e9vrier, une consultation en ligne sur la\u00a0strat\u00e9gie vaccinale contre le Covid-19.\u00a0Le CESE\u00a0a \u00e9t\u00e9 saisi par le Premier ministre afin d&rsquo;accompagner la mise en \u0153uvre de la campagne\u00a0vaccinale. <em>\u00ab\u00a0Pour ou contre, nous vous proposons de donner votre avis et de partager vos arguments sur l&rsquo;\u00e9ventuelle mise en place d&rsquo;un passeport vaccinal sur le territoire national\u00a0\u00bb <\/em>indique le <a href=\"https:\/\/participez.lecese.fr\/\" target=\"_blank\" rel=\"noopener noreferrer\">site<\/a>.<\/li>\n<\/ul>\n<p><span style=\"font-size: 1rem;\">\u200b\u200b\u200b\u200b\u200b\u200b<\/span><a id=\"nouvelles-mesures-covid-france\" name=\"nouvelles-mesures-covid-france\" style=\"font-size: 1.125rem; background-color: rgb(255, 255, 255);\">Quelles sont les nouvelles mesures anti Covid-19 en France ?<\/a><\/p>\n<p>Toute la France est sous<strong>\u00a0couvre-feu \u00e0 18 heures<\/strong> depuis le\u00a0samedi 16 janvier 2021. A date, les mesures de restrictions sont maintenues :<\/p>\n<ul>\n<li><a href=\"http:\/\/www.legifrance.gouv.fr\/download\/pdf?id=z9Xex3BhyHCobGlKyQ5aprEvwG8fGin5VW86ro4rsr0=\">Les centres commerciaux non-alimentaires<\/a> de plus de 20\u00a0000 m<sup>2\u00a0<\/sup>sont ferm\u00e9s\u00a0pour au moins quatre\u00a0semaines (magasins de bricolage, de pr\u00eat-\u00e0-porter, de d\u00e9coration\u2026).<\/li>\n<li>La pratique sportive ou la promenade en plein air est interdite pendant les horaires de couvre-feu\u00a0;<\/li>\n<li>Pendant la journ\u00e9e, les d\u00e9placements sont autoris\u00e9s et l&rsquo;attestation n&rsquo;est pas n\u00e9cessaire\u00a0;<\/li>\n<li>Les d\u00e9placements entre r\u00e9gions sont autoris\u00e9s\u00a0;<\/li>\n<li>Les d\u00e9placements en provenance ou \u00e0 destination d&rsquo;un pays ext\u00e9rieur \u00e0 l&rsquo;Union europ\u00e9enne sont interdits, sauf motif imp\u00e9rieux<\/li>\n<li>Les lieux de culte doivent respecter une certaine jauge\u00a0\u00a0;<\/li>\n<li>Les salles de cin\u00e9ma, les th\u00e9\u00e2tres et les mus\u00e9es restent ferm\u00e9s ;<\/li>\n<li>L&rsquo;accueil du public dans les enceintes sportives, dans les cirques, les parcs zoologiques ou encore les salles de jeux et les casinos est interdit\u00a0;<\/li>\n<li>Les restaurants et les caf\u00e9s sont ferm\u00e9s ;<\/li>\n<li>Le t\u00e9l\u00e9travail doit se poursuivre quand il est possible.\u00a0<\/li>\n<li><b>Fermeture des\u00a0<\/b><span style=\"font-weight: 600;\">fronti\u00e8res<\/span><b>. <\/b>Depuis dimanche 31\u00a0janvier \u00e0 minuit, la France a ferm\u00e9 ses fronti\u00e8res\u00a0aux pays ext\u00e9rieurs \u00e0 l&rsquo;Union europ\u00e9enne, sauf pour \u00ab\u00a0<em>motif imp\u00e9rieux\u00a0\u00bb<\/em>.\u00a0Le Premier ministre\u00a0Jean Castex l&rsquo;avait\u00a0annonc\u00e9 vendredi 29\u00a0janvier\u00a0\u00e0\u00a0l&rsquo;issue du\u00a0Conseil de d\u00e9fense \u00e0 l&rsquo;Elys\u00e9e.\u00a0<\/li>\n<\/ul>\n<p><a href=\"https:\/\/twitter.com\/Sante_Gouv\/status\/1359922777159966720\" target=\"_blank\" rel=\"noopener noreferrer\">Olivier V\u00e9ran,\u00a0ministre de la Sant\u00e9 a pr\u00e9cis\u00e9 jeudi 18\u00a0f\u00e9vrier au soir<\/a>\u00a0la situation sanitaire. Il a fait part\u00a0des inqui\u00e9tudes du gouvernement sur la circulation active en France de 3\u00a0variants. En cons\u00e9quence, le ministre a annonc\u00e9 :<\/p>\n<p>\u2192 La dur\u00e9e de l&rsquo;isolement des personnes test\u00e9es positives passera <strong>de 7\u00a0\u00e0 10\u00a0jours<\/strong>, \u00e0 compter de lundi 22 f\u00e9vrier, et reste fix\u00e9 \u00e0\u00a07\u00a0jours pour les cas contacts. Olivier V\u00e9ran explique cette mesure par <em>\u00ab\u00a0la possibilit\u00e9 que les variants seraient responsables d&rsquo;une dur\u00e9e de contagiosit\u00e9 plus longue que le Covid-19\u00a0classique\u00a0\u00bb, <\/em>selon certaines \u00e9tudes scientifiques.<\/p>\n<p>\u2192 36% des cas positifs cribl\u00e9s (par s\u00e9quen\u00e7age) correspondent \u00e0 au variant\u00a0dit\u00a0&lsquo;britannique&rsquo;, indique le ministre, et 5% correspondent aux variants dits \u00ab\u00a0br\u00e9silien\u00a0ou sud-africain\u00a0\u00bb.<\/p>\n<p>\u2192 L&rsquo;incidence des variants en Moselle est \u00ab\u00a0stabilis\u00e9, voire en l\u00e9g\u00e8re baisse\u00a0\u00bb. La situation dans le Nord, \u00e0 Dunkerque est inqui\u00e9tante a indiqu\u00e9 le ministre, le taux de variant \u00ab\u00a0britannique\u00a0\u00bb est \u00e0 72% et l&rsquo;incidence d\u00e9passe les 600\u00a0cas pour 100.000\u00a0habitants.<\/p>\n<p>\u2192 Plus de 75% des personnes \u00e2g\u00e9es en Ehpad ont re\u00e7u au moins une premi\u00e8re dose de vaccin, a affirm\u00e9\u00a0Olivier V\u00e9ran.\u00a0Il pr\u00e9cise que le gouvernement esp\u00e8re ouvrir la vaccination aux personnes de 65\u00a0\u00e0 74\u00a0ans \u00ab\u00a0entre fin mars et la mi-avril, en fonction du nombre de personnes de plus de 75\u00a0ans qui auront fait le choix de se faire vacciner\u00a0\u00bb. Son objectif est un \u00ab\u00a0total d&rsquo;1,2\u00a0million de premi\u00e8res injections au minimum\u00a0\u00bb r\u00e9alis\u00e9es au mois de mars.<\/p>\n<p>\u2192 Le vaccin AstraZeneca sera accessible dans le courant du mois de mars,\u00a0en pharmacie \u00ab\u00a0pour tous les Fran\u00e7ais \u00e2g\u00e9s de 50\u00a0\u00e0 64\u00a0ans, ainsi que chez leurs m\u00e9decins, infirmiers et autres professionnels de sant\u00e9 habilit\u00e9s \u00e0 vacciner\u00a0\u00bb a anonc\u00e9 Olivier V\u00e9ran.\u00a0 Il est consid\u00e9r\u00e9 \u00ab\u00a0<em>efficace dans une grande majorit\u00e9 des cas, y compris dans le cadre d&rsquo;un variant britannique. M\u00eame si des incertitudes demeurent sur le variant sud-africain<\/em>\u00a0\u00bb pr\u00e9cise le ministre en s&rsquo;appuyant sur les avis des\u00a0scientifiques, des agences sanitaires, et de\u00a0l&rsquo;Organisation mondiale de la sant\u00e9.<\/p>\n<p>Le ministre de la sant\u00e9 avait annonc\u00e9 pr\u00e9c\u00e9demment, le 11 f\u00e9vrier :<\/p>\n<p>\u2192 Les <strong>3\u00a0variants<\/strong> (anglais, br\u00e9silien, sud-africain) sont <strong>plus contagieux<\/strong>, procurent les m\u00eames sympt\u00f4mes et touchent les m\u00eames personnes.<\/p>\n<p>\u2192 Les variants sud-africain et br\u00e9silien peuvent entrainer des r\u00e9infections\u00a0: \u00ab\u00a0<em>Le virus contourne les anticorps chez les personnes qui ont d\u00e9j\u00e0 \u00e9t\u00e9 contamin\u00e9es, et sont moins sensibles \u00e0 certains vaccins disponibles\u00a0\u00bb<\/em>, indique Olivier V\u00e9ran.<\/p>\n<p>\u2192 Le d\u00e9pistage des variants\u00a0est syst\u00e9matiquement r\u00e9alis\u00e9 sur tout test antig\u00e9nique ou PCR donnant un r\u00e9sultat positif pour d\u00e9terminer s&rsquo;il s&rsquo;agit d&rsquo;une contamination par l&rsquo;un de ces variants. Le test est alors soumis \u00e0 un <strong>test multiplex par criblage.\u00a0<\/strong><\/p>\n<p>Un couvre-feu national est en vigueur en France depuis le\u00a016 janvier 2021.\u00a0<strong>En chiffres :<\/strong> Sant\u00e9 Publique France indique dans son <a href=\"https:\/\/www.santepubliquefrance.fr\/maladies-et-traumatismes\/maladies-et-infections-respiratoires\/infection-a-coronavirus\/documents\/bulletin-national\/covid-19-point-epidemiologique-du-4-fevrier-2021\" target=\"_blank\" rel=\"noopener noreferrer\">point hebdomadaire du 4 f\u00e9vrier<\/a>\u00a0une <strong>\u00e9volution plus favorable en semaine 4 (25-31 janvier)<\/strong>, avec une l\u00e9g\u00e8re inversion de la tendance dans les premiers d\u00e9partements sous couvre-feu anticip\u00e9 (groupes 1\u00a0et 2) et une stabilisation dans les autres.\u00a0En semaine 03, l&rsquo;analyse des indicateurs montrait une d\u00e9gradation de la situation \u00e9pid\u00e9miologique sur les 7\u00a0derniers jours (18\u00a0au 24\u00a0janvier), notamment dans le groupe des d\u00e9partements o\u00f9 le couvre-feu anticip\u00e9 aurait pu commencer \u00e0 produire un effet. Ces \u00e9l\u00e9ments n&rsquo;\u00e9taient donc pas en faveur d&rsquo;un impact positif du couvre-feu anticip\u00e9.<\/p>\n<p><strong>Les d\u00e9partements ont \u00e9t\u00e9 class\u00e9s en trois groupes\u00a0<\/strong>: Groupe 1\u00a0: 15\u00a0d\u00e9partements avec couvre-feu d\u00e8s 18h \u00e0 partir du 2\u00a0janvier 2021\u00a0; Groupe 2\u00a0: 10\u00a0d\u00e9partements avec couvre-feu d\u00e8s 18h \u00e0 partir des 10\u00a0et 12\u00a0janvier 2021\u00a0; Groupe 3\u00a0: 61\u00a0d\u00e9partements avec couvre-feu d\u00e8s 18h \u00e0 partir du 16\u00a0janvier 2021.<\/p>\n<h3 style=\"text-align: center;\">\u00c9volution du taux d&rsquo;incidence sur 7\u00a0jours glissants par groupe de d\u00e9partements, du 27\u00a0juin 2020\u00a0au 31 janvier 2021, France m\u00e9tropolitaine (donn\u00e9es au 3 f\u00e9vrier 2021)<\/h3>\n<div style=\"text-align:center\">\n<figure class=\"image\" style=\"display:inline-block\"><a class=\"fancy\" href=\"https:\/\/img-3.journaldesfemmes.fr\/e5S3HF6DXTRGWOQO9FaYvW8B_So=\/1080x\/smart\/ac03d9fa191242de90dae4ddca914a3b\/ccmcms-jdf\/22146152.jpg\"><img decoding=\"async\" alt=\"\u00e9volution du taux d'incidence du coronavirus par d\u00e9partement sous couvre-feu en France\" src=\"https:\/\/img-3.journaldesfemmes.fr\/Zffz2zRZ_Ff28wjbmM8D9hIwqqM=\/600x\/smart\/ac03d9fa191242de90dae4ddca914a3b\/ccmcms-jdf\/22146152.jpg\"\/><\/a><figcaption data-credit=\"Sant\u00e9 Publique France\" data-legend=\"\u00c9volution du taux d\u2019incidence sur 7 jours glissants par groupe de d\u00e9partements, du 27 juin 2020 au 31 janvier 2021, France m\u00e9tropolitaine (donn\u00e9es au 3 f\u00e9vrier 2021)\">\u00c9volution du taux d\u2019incidence sur 7 jours glissants par groupe de d\u00e9partements, du 27 juin 2020 au 31 janvier 2021, France m\u00e9tropolitaine (donn\u00e9es au 3 f\u00e9vrier 2021) <small>\u00a9\u00a0Sant\u00e9 Publique France<\/small><\/figcaption><\/figure>\n<\/div>\n<p><strong>D\u00e9placements autoris\u00e9s apr\u00e8s 18 heures sur <a href=\"https:\/\/www.interieur.gouv.fr\/Actualites\/L-actu-du-Ministere\/Attestations-de-deplacement-couvre-feu\" target=\"_blank\" rel=\"noopener noreferrer\">attestation<\/a> :<\/strong><\/p>\n<ul>\n<li>se rendre ou revenir de son lieu de travail, \u00e0 une <a href=\"http:\/\/www.affinite.fr\/index.php\/2022\/11\/09\/formation-de-glacier-apprenez-le-metier-de-glacier-et-changez-votre-vie\/\">formation<\/a> professionnelle, effectuer un d\u00e9placement professionnel ne pouvant \u00eatre report\u00e9\u00a0;<\/li>\n<li>des motifs familiaux imp\u00e9rieux, pour l&rsquo;assistance aux personnes vuln\u00e9rables et pr\u00e9caires, notamment aux personnes en situation de handicap ou pour la garde d&rsquo;enfants\u00a0;<\/li>\n<li>des motifs m\u00e9dicaux\u00a0: aller \u00e0 l&rsquo;h\u00f4pital, examens et soins ne pouvant \u00eatre assur\u00e9s \u00e0 distance et achat de m\u00e9dicaments\u00a0;<\/li>\n<li>participer \u00e0 des missions d&rsquo;int\u00e9r\u00eat g\u00e9n\u00e9ral sur demande de l&rsquo;autorit\u00e9 administrative (maraudes des associations de lutte contre la pauvret\u00e9 ou distributions d&rsquo;aides alimentaires \u00e0 domicile)\u00a0;<\/li>\n<li>les personnes en situation de handicap et leur accompagnant\u00a0;<\/li>\n<li>promener un animal domestique autour de son domicile.<\/li>\n<\/ul>\n<blockquote>\n<p>Les formes graves surviennent avec un d\u00e9calage d&rsquo;une \u00e0 deux semaines apr\u00e8s le d\u00e9but des signes.<\/p>\n<\/blockquote>\n<p>Selon les derniers chiffres publi\u00e9s par <a href=\"https:\/\/www.santepubliquefrance.fr\/dossiers\/coronavirus-covid-19\/coronavirus-chiffres-cles-et-evolution-de-la-covid-19-en-france-et-dans-le-monde\" target=\"_blank\" rel=\"noopener noreferrer\">Sant\u00e9 publique France<\/a>, au vendredi 19\u00a0f\u00e9vrier, en France\u00a0:<\/p>\n<p>\u2022 3 536 648\u00a0personnes ont \u00e9t\u00e9 contamin\u00e9es par le coronavirus\u00a0<strong>(+22 501\u00a0<\/strong><strong>en 24\u00a0heures), <\/strong>chiffre au 18 f\u00e9vrier.<\/p>\n<p>\u2022 83 721 personnes sont d\u00e9c\u00e9d\u00e9es en France\u00a0<strong>(+328\u00a0en 24\u00a0heures),<\/strong><strong>\u00a0<\/strong>dont 59 487 \u00e0 l&rsquo;h\u00f4pital, auxquels se sont ajout\u00e9s 235 d\u00e9c\u00e8s en Ephad et ESMS entre le 12\u00a0et le 16\u00a0f\u00e9vrier.<\/p>\n<p>\u2022 3 380\u00a0patients Covid-19 sont en r\u00e9animation (-4).<\/p>\n<p>\u2022 25 506 patients Covid-19 sont hospitalis\u00e9s (-211).<\/p>\n<div class=\"ccminsert\">\n<aside class=\"app_widget_fo app_widget_fo--call\">\n<ul>\n<li>\n                <a href=\"https:\/\/sante.journaldesfemmes.fr\/fiches-maladies\/2667643-carte-covid-19-france-zone-rouge-departement-region-ile-de-france-europe-monde-region\/\" class=\"jGTMWidgetGAEventClick\" data-gtmwidgetgaeventaction=\"clickWidgetCall\" data-gtmwidgetgaeventlabel=\"CARTE COVID\u00a0: \u00e9volution France, par r\u00e9gion, Monde, zone rouge\"><\/p>\n<figure><picture><source media=\"(max-width: 480px)\" srcset=\"https:\/\/img-3.journaldesfemmes.fr\/VNp6_M-DAecZ3itkd1SSyQ37Ehk=\/160x105\/smart\/3f86732f5cf240bd83a92c7b9eec130d\/ccmcms-jdf\/22483781.png\"><img decoding=\"async\" src=\"https:\/\/img-3.journaldesfemmes.fr\/ayesm6K6eqvxb60nQR4mr8ldT2Q=\/200x132\/smart\/3f86732f5cf240bd83a92c7b9eec130d\/ccmcms-jdf\/22483781.png\" alt=\"\"\/><\/source><\/picture><figcaption>\n<h3>CARTE COVID\u00a0: \u00e9volution France, par r\u00e9gion, Monde, zone rouge<\/h3>\n<p>CARTE CORONAVIRUS. Plusieurs cartes permettent de suivre l&rsquo;\u00e9volution de l&rsquo;\u00e9pid\u00e9mie de Covid en France, en Europe et dans le monde. Par r\u00e9gion, d\u00e9partement, zones rouges, selon diff\u00e9rents indicateurs suivis par les autorit\u00e9s (occupation des lits en r\u00e9animation, nombre de tests positifs au virus, d&rsquo;hospitalisation, de d\u00e9c\u00e8s&#8230;). Images.<\/p>\n<\/figcaption><\/figure>\n<p><\/a>\n            <\/li>\n<\/ul>\n<\/aside>\n<\/div>\n<blockquote>\n<p style=\"text-align: right;\">\u00a0<\/p>\n<\/blockquote>\n<blockquote>\n<p style=\"text-align: right;\">\u00a0<\/p>\n<\/blockquote>\n<p>La circulation du virus SARS-CoV2 se maintient \u00e0 un niveau \u00e9lev\u00e9 avec environ 18 000 nouveaux cas par jour\u00a0(derniers chiffres de Sant\u00e9 Publique France). La\u00a0semaine 6\u00a0(du 08\u00a0au 14\u00a0f\u00e9vrier 2021) marque\u00a0la progression soutenue des variants plus transmissibles.<\/p>\n<ul>\n<li>Le taux d&rsquo;incidence \u00e9tait de <strong>190\/100\u00a0000\u00a0habitants<\/strong>, en diminution par rapport \u00e0 la semaine pr\u00e9c\u00e9dente (208\u00a0en S05, soit -9%). Cette diminution, observ\u00e9e dans toutes les classes d&rsquo;\u00e2ge, \u00e9tait plus marqu\u00e9e chez<strong> les 75\u00a0ans et plus<\/strong> (-19%)<\/li>\n<li>Le taux de positivit\u00e9 au niveau national (5,9%) <strong>\u00e9tait l\u00e9g\u00e8rement inf\u00e9rieur<\/strong> \u00e0 celui de la semaine pr\u00e9c\u00e9dente (6,3%, soit -0,4\u00a0point).<\/li>\n<li>Dans les \u00e9tablissements sociaux et m\u00e9dico-sociaux (ESMS), de l\u00e9g\u00e8res diminutions du nombre de signalements, ainsi que du nombre de cas confirm\u00e9s, \u00e9taient observ\u00e9es en semaine 06.<\/li>\n<li>Le nombre de passages aux urgences pour suspicion de COVID-19\u00a0tous \u00e2ges \u00e9tait <strong>en baisse de -11%<\/strong>, apr\u00e8s deux semaines de hausse suivies de deux semaines de stabilisation cons\u00e9cutives. Cette baisse concernait l&rsquo;ensemble des classes d&rsquo;\u00e2ge<\/li>\n<li>Le nombre de patients COVID-19\u00a0hospitalis\u00e9s en France reste tr\u00e8s \u00e9lev\u00e9, avec <strong>26\u00a0239\u00a0personnes hospitalis\u00e9es <\/strong>au 16\u00a0f\u00e9vrier (vs 27\u00a0677\u00a0le 09\u00a0f\u00e9vrier, -5%), dont<strong> 3\u00a0348\u00a0en r\u00e9animation<\/strong> (vs 3\u00a0342\u00a0le 09\u00a0f\u00e9vrier).<\/li>\n<li>En France m\u00e9tropolitaine, les estimations du taux de reproduction calcul\u00e9es \u00e0 partir des trois sources \u00e9taient significativement <strong>inf\u00e9rieures \u00e0 1<\/strong>\u00a0pour les trois sources de donn\u00e9es\u00a0:\u00a00,93\u00a0pour les donn\u00e9es virologiques (tests RT-PCR et tests antig\u00e9niques, SI-DEP), 0,86\u00a0pour les hospitalisations de patients COVID-19\u00a0(SI-VIC) et 0,92\u00a0pour les donn\u00e9es des passages aux urgences pour suspicion de COVID-19\u00a0(OSCOUR\u00ae).<\/li>\n<li>Les <strong>r\u00e9gions les plus touch\u00e9es<\/strong>\u00a0\u00e9taient les r\u00e9gions <strong>Provence-Alpes-C\u00f4te d&rsquo;Azur<\/strong>, <strong>Hauts-de-France<\/strong> et <strong>\u00cele-de-France<\/strong>. Ces r\u00e9gions pr\u00e9sentaient les plus forts taux d&rsquo;incidence (sup\u00e9rieurs \u00e0 200\/100\u00a0000\u00a0habitants), ainsi que les taux d&rsquo;hospitalisation parmi les plus \u00e9lev\u00e9s en m\u00e9tropole<\/li>\n<\/ul>\n<div style=\"text-align:center\">\n<figure class=\"image\" style=\"display:inline-block\"><a class=\"fancy\" href=\"https:\/\/img-3.journaldesfemmes.fr\/WO7eR_B73Jvn5qsIbmS2Wf2bijw=\/1080x\/smart\/43e520230be54736ad8b8c4d1660677e\/ccmcms-jdf\/22509005.jpg\"><img decoding=\"async\" alt=\"Nombre de nouvelles personnes positives au Sars-Cov-2 (PCR\/antig\u00e9nique) sur une semaine glissante, pour la premi\u00e8re fois depuis plus de 60 jours, rapport\u00e9 \u00e0 la taille de la population, au 18 f\u00e9vrier\" src=\"https:\/\/img-3.journaldesfemmes.fr\/3gE5kzgLaPA71k3pUEX8E4CevC8=\/450x\/smart\/43e520230be54736ad8b8c4d1660677e\/ccmcms-jdf\/22509005.jpg\"\/><\/a><figcaption data-credit=\"Gouvernement.fr\" data-legend=\"Nombre de nouvelles personnes positives au Sars-Cov-2 (PCR\/antig\u00e9nique) sur une semaine glissante, pour la premi\u00e8re fois depuis plus de 60 jours, rapport\u00e9 \u00e0 la taille de la population, au 18 f\u00e9vrier\">Nombre de nouvelles personnes positives au Sars-Cov-2 (PCR\/antig\u00e9nique) sur une semaine glissante, pour la premi\u00e8re fois depuis plus de 60 jours, rapport\u00e9 \u00e0 la taille de la population, au 18 f\u00e9vrier <small>\u00a9\u00a0Gouvernement.fr<\/small><\/figcaption><\/figure>\n<\/div>\n<p>Le gouvernement suit \u00e9galement l&rsquo;\u00e9volution du taux d&rsquo;occupation des lits en r\u00e9animation par des patients Covid-19 (sur les capacit\u00e9s initiales). Ce taux met en lumi\u00e8re une \u00e9ventuelle tension hospitali\u00e8re.\u00a0La tension hospitali\u00e8re est actuellement mod\u00e9r\u00e9e et stable.<\/p>\n<div style=\"text-align:center\">\n<figure class=\"image\" style=\"display:inline-block\"><a class=\"fancy\" href=\"https:\/\/img-3.journaldesfemmes.fr\/x-hN3cS0h1iXtFddFlK_qMxpNFc=\/1080x\/smart\/b8ba104508e24a4da4b74476f219c580\/ccmcms-jdf\/22509023.jpg\"><img decoding=\"async\" alt=\"Taux d'occupation des lits en r\u00e9animation au 18 f\u00e9vrier par des patients Covid-19\" src=\"https:\/\/img-3.journaldesfemmes.fr\/onUCqFot5dIl3uqfDeaCiQPNcU8=\/450x\/smart\/b8ba104508e24a4da4b74476f219c580\/ccmcms-jdf\/22509023.jpg\"\/><\/a><figcaption data-credit=\"Gouvernement.fr\" data-legend=\"Taux d'occupation des lits en r\u00e9animation au 18 f\u00e9vrier par des patients Covid-19\">Taux d&rsquo;occupation des lits en r\u00e9animation au 18 f\u00e9vrier par des patients Covid-19 <small>\u00a9\u00a0Gouvernement.fr<\/small><\/figcaption><\/figure>\n<\/div>\n<p>Le\u00a0<strong>pic \u00e9pid\u00e9mique<\/strong>\u00a0de la premi\u00e8re vague a \u00e9t\u00e9 observ\u00e9 la\u00a0<strong>semaine du 6\u00a0au 12\u00a0avril<\/strong>, soit 15\u00a0jours\u00a0apr\u00e8s la mise en \u0153uvre des mesures de confinement de la population g\u00e9n\u00e9rale, le 17\u00a0mars 2020. Le <strong>pic de la deuxi\u00e8me vague <\/strong>a eu lieu\u00a0du <strong>16\u00a0au 20\u00a0novembre,\u00a0<\/strong>trois semaines apr\u00e8s le deuxi\u00e8me confinement.<\/p>\n<p>Au jeudi 18\u00a0f\u00e9vrier 2021 (dernier chiffre disponible), un total de<strong>\u00a03 536 648\u00a0<\/strong><strong>cas\u00a0confirm\u00e9s\u00a0<\/strong>de coronavirus est rapport\u00e9 depuis le d\u00e9but de la pand\u00e9mie.\u00a0Sur la semaine du 8 au 14 f\u00e9vrier, Sant\u00e9 Publique France rapporte un taux\u00a0d&rsquo;incidence\u00a0de\u00a0<strong>190 pour 100\u00a0000\u00a0habitants<\/strong>, en diminution par rapport \u00e0 la semaine pr\u00e9c\u00e9dente (208\u00a0en S05, soit -9%).<strong> 18\u00a0237\u00a0cas <\/strong>ont \u00e9t\u00e9\u00a0confirm\u00e9s en moyenne chaque jour. Les personnes les plus gravement touch\u00e9es par cette \u00e9pid\u00e9mie restaient les personnes \u00e2g\u00e9es de <strong>65\u00a0ans et plus<\/strong> ainsi que celles pr\u00e9sentant <strong>des comorbidit\u00e9s<\/strong>.<\/p>\n<h3 style=\"text-align: center;\">Nombre incident de cas confirm\u00e9s de COVID-19\u00a0par semaine (date de pr\u00e9l\u00e8vement), rapport\u00e9s \u00e0 Sant\u00e9 publique France du 11\u00a0mai 2020\u00a0au 14\u00a0f\u00e9vrier 2021, France (donn\u00e9es au 17\u00a0f\u00e9vrier 2021)<\/h3>\n<div style=\"text-align:center\">\n<figure class=\"image\" style=\"display:inline-block\"><a class=\"fancy\" href=\"https:\/\/img-3.journaldesfemmes.fr\/bAIRwf641wfUWeRx25E0XHo-fcY=\/1080x\/smart\/d1750f2ca81049de997da38f478576f9\/ccmcms-jdf\/22509086.jpg\"><img decoding=\"async\" alt=\"Nombre incident de cas confirm\u00e9s de COVID-19 par semaine (date de pr\u00e9l\u00e8vement), rapport\u00e9s \u00e0 Sant\u00e9 publique France du 11 mai 2020 au 14 f\u00e9vrier 2021, France (donn\u00e9es au 17 f\u00e9vrier 2021)\" src=\"https:\/\/img-3.journaldesfemmes.fr\/nbqWe3c68BLNbqSU0W6Ku9t3HIA=\/600x\/smart\/d1750f2ca81049de997da38f478576f9\/ccmcms-jdf\/22509086.jpg\"\/><\/a><figcaption data-credit=\"Sant\u00e9 publique France\" data-legend=\"Nombre incident de cas confirm\u00e9s de COVID-19 par semaine (date de pr\u00e9l\u00e8vement), rapport\u00e9s \u00e0 Sant\u00e9 publique France du 11 mai 2020 au 14 f\u00e9vrier 2021, France (donn\u00e9es au 17 f\u00e9vrier 2021)\">Nombre incident de cas confirm\u00e9s de COVID-19 par semaine (date de pr\u00e9l\u00e8vement), rapport\u00e9s \u00e0 Sant\u00e9 publique France du 11 mai 2020 au 14 f\u00e9vrier 2021, France (donn\u00e9es au 17 f\u00e9vrier 2021) <small>\u00a9\u00a0Sant\u00e9 publique France<\/small><\/figcaption><\/figure>\n<\/div>\n<h3 style=\"text-align: center;\">Nombre de cas confirm\u00e9s de COVID-19\u00a0chez les r\u00e9sidents et le personnel en ESMS par semaine, entre le 20\u00a0juillet 2020\u00a0et le 14\u00a0f\u00e9vrier 2021, France<\/h3>\n<div style=\"text-align:center\">\n<figure class=\"image\" style=\"display:inline-block\"><a class=\"fancy\" href=\"https:\/\/img-3.journaldesfemmes.fr\/EehFtUZsW6fYrYHHtsXQj9GGGSo=\/1080x\/smart\/d5834cb182c944d0bfdf2d205a32b0c8\/ccmcms-jdf\/22509107.jpg\"><img decoding=\"async\" alt=\"Nombre de cas confirm\u00e9s de COVID-19 chez les r\u00e9sidents et le personnel en ESMS par semaine, entre le 20 juillet 2020 et le 14 f\u00e9vrier 2021, France\" src=\"https:\/\/img-3.journaldesfemmes.fr\/-mBDoDg7ylm76Dvg5MZgZJQO95c=\/600x\/smart\/d5834cb182c944d0bfdf2d205a32b0c8\/ccmcms-jdf\/22509107.jpg\"\/><\/a><figcaption data-credit=\"Sant\u00e9 publique France\" data-legend=\"Nombre de cas confirm\u00e9s de COVID-19 chez les r\u00e9sidents et le personnel en ESMS par semaine, entre le 20 juillet 2020 et le 14 f\u00e9vrier 2021, France\">Nombre de cas confirm\u00e9s de COVID-19 chez les r\u00e9sidents et le personnel en ESMS par semaine, entre le 20 juillet 2020 et le 14 f\u00e9vrier 2021, France <small>\u00a9\u00a0Sant\u00e9 publique France<\/small><\/figcaption><\/figure>\n<\/div>\n<p>Jeudi 18\u00a0f\u00e9vrier, les derni\u00e8res donn\u00e9es disponibles rel\u00e8vent,<strong>\u00a0+22 501 nouvelles personnes<\/strong>\u00a0ont re\u00e7u un test positif au Covid-19 par rapport \u00e0 la veille.<\/p>\n<div style=\"text-align:center\">\n<figure class=\"image\" style=\"display:inline-block\"><a class=\"fancy\" href=\"https:\/\/img-3.journaldesfemmes.fr\/088KRS_GdjWfNbPBgWYAwqz1cfk=\/1080x\/smart\/c9175712c0cc423e8b740b40129b72cb\/ccmcms-jdf\/22484107.jpg\"><img decoding=\"async\" alt=\"courbe variation cas covid par jour en france\" src=\"https:\/\/img-3.journaldesfemmes.fr\/M4yjSCzmk-qLGjSqqPCq0Kk_wCQ=\/600x\/smart\/c9175712c0cc423e8b740b40129b72cb\/ccmcms-jdf\/22484107.jpg\"\/><\/a><figcaption data-credit=\"Gouvernement.fr\" data-legend=\"Courbe de variation quotidienne des cas de Covid-19 en France jusqu'au 17 f\u00e9vrier 2021.\">Courbe de variation quotidienne des cas de Covid-19 en France jusqu&rsquo;au 17 f\u00e9vrier 2021. <small>\u00a9\u00a0Gouvernement.fr<\/small><\/figcaption><\/figure>\n<\/div>\n<p>Le nombre de patients COVID-19\u00a0hospitalis\u00e9s en France restait tr\u00e8s \u00e9lev\u00e9, avec 26\u00a0239\u00a0personnes hospitalis\u00e9es au 16\u00a0f\u00e9vrier (vs 27\u00a0677\u00a0le 09\u00a0f\u00e9vrier, -5%), dont 3\u00a0348\u00a0en r\u00e9animation (vs 3\u00a0342\u00a0le 09\u00a0f\u00e9vrier), souligne Sant\u00e9 Publique France dans son bilan hebdomadaire du 18 f\u00e9vrier. La tension est persistante sur le\u00a0syst\u00e8me hospitalier.\u00a0Apr\u00e8s avoir augment\u00e9 entre les semaines 01\u00a0et 04, le nombre de d\u00e9clarations de nouvelles admissions en services de r\u00e9animation de patients COVID-19\u00a0<strong>s&rsquo;est stabilis\u00e9 depuis la semaine 05<\/strong>\u00a0: 1\u00a0763\u00a0nouvelles admissions en services de r\u00e9animation ont \u00e9t\u00e9 d\u00e9clar\u00e9es en S06\u00a0contre 1\u00a0767\u00a0en S05, soit <strong>-0,2%<\/strong>. Le taux hebdomadaire de nouvelles admissions de patients COVID-19\u00a0en services de r\u00e9animation est rest\u00e9 stable \u00e0 2,6\/100\u00a0000\u00a0habitants en S06.<\/p>\n<p>\u2192 Vendredi 19\u00a0f\u00e9vrier,<b>\u00a03 380\u00a0<\/b>personnes sont\u00a0hospitalis\u00e9es\u00a0en\u00a0r\u00e9animation (-4\u00a0en 24 heures).\u00a0<\/p>\n<div style=\"text-align:center\">\n<figure class=\"image\" style=\"display:inline-block\"><a class=\"fancy\" href=\"https:\/\/img-3.journaldesfemmes.fr\/oAmJqurKTss3mw9170ZDfAnzW9g=\/1080x\/smart\/1ee0304595c4481e8be434bcebcf626b\/ccmcms-jdf\/22509197.jpg\"><img decoding=\"async\" alt=\"Nombre hebdomadaire de nouvelles admissions de patients COVID-19 en services de r\u00e9animation, selon la date de d\u00e9claration, depuis le 23 mars 2020, France (donn\u00e9es au 14 f\u00e9vrier 2021)\" src=\"https:\/\/img-3.journaldesfemmes.fr\/yaUdKISwZuhSy27Zh3pEHlVf3QY=\/600x\/smart\/1ee0304595c4481e8be434bcebcf626b\/ccmcms-jdf\/22509197.jpg\"\/><\/a><figcaption data-credit=\"Sant\u00e9 publique France\" data-legend=\"Nombre hebdomadaire de nouvelles admissions de patients COVID-19 en services de r\u00e9animation, selon la date de d\u00e9claration, depuis le 23 mars 2020, France (donn\u00e9es au 14 f\u00e9vrier 2021)\">Nombre hebdomadaire de nouvelles admissions de patients COVID-19 en services de r\u00e9animation, selon la date de d\u00e9claration, depuis le 23 mars 2020, France (donn\u00e9es au 14 f\u00e9vrier 2021) <small>\u00a9\u00a0Sant\u00e9 publique France<\/small><\/figcaption><\/figure>\n<\/div>\n<p>\u2192 En semaine 06 (8 au 14\u00a0f\u00e9vrier), le taux hebdomadaire de <strong>nouvelles admissions en services de r\u00e9animation <\/strong>\u00e9tait en augmentation dans les r\u00e9gions <strong>Corse<\/strong> (+120%, soit +6\u00a0admissions), <strong>Centre-Val de Loire<\/strong> (+15%), <strong>Auvergne-Rh\u00f4ne-Alpes<\/strong> (+9%) et<strong> Hauts-de-France<\/strong> (+3%). Il \u00e9tait stable ou avait diminu\u00e9 dans les autres r\u00e9gions de France m\u00e9tropolitaine.<\/p>\n<p>\u2192 Les plus <strong>forts taux hebdomadaires d&rsquo;admissions <\/strong>en services de r\u00e9animation en m\u00e9tropole \u00e9taient rapport\u00e9s en <strong>Provence-Alpes-C\u00f4te d&rsquo;Azur<\/strong> (4,4\/100\u00a0000\u00a0habitants), \u00cele-de-France (3,3), <strong>Bourgogne-Franche-Comt\u00e9<\/strong> (3,2),<strong> Corse<\/strong> (3,2), <strong>Hauts-de-France <\/strong>(2,9), <strong>Auvergne-Rh\u00f4ne-Alpes<\/strong> (2,8) et <strong>Grand Est<\/strong> (2,7). Les autres r\u00e9gions de France m\u00e9tropolitaine rapportaient des taux inf\u00e9rieurs \u00e0 2,6\u00a0pour 100\u00a0000\u00a0habitants<\/p>\n<p>\u2192 Entre le 05\u00a0octobre 2020\u00a0et le 16\u00a0f\u00e9vrier 2021, parmi les 6\u00a0659\u00a0patients signal\u00e9s avec un diagnostic confirm\u00e9 de COVID-19,<strong> 71% \u00e9taient des hommes<\/strong> ; l&rsquo;\u00e2ge m\u00e9dian des patients \u00e9tait de <strong>68\u00a0ans<\/strong> et 62% \u00e9taient \u00e2g\u00e9s de 65\u00a0ans et plus.<\/p>\n<p>\u2192 La surveillance sp\u00e9cifique des cas graves de COVID-19\u00a0admis en r\u00e9animation lors de la deuxi\u00e8me vague indiquait une proportion \u00e9lev\u00e9e d&rsquo;hommes (71%), de personnes de 65\u00a0ans et plus (62%) et de cas pr\u00e9sentant une comorbidit\u00e9 (89%), dont les plus fr\u00e9quentes \u00e9taient l&rsquo;hypertension art\u00e9rielle, l&rsquo;ob\u00e9sit\u00e9 et le diab\u00e8te. Pour <strong>42%<\/strong> des patients hospitalis\u00e9s en r\u00e9animation pour COVID-19, un recours \u00e0 la ventilation invasive avait \u00e9t\u00e9 n\u00e9cessaire.<\/p>\n<p>Selon les <a href=\"https:\/\/www.gouvernement.fr\/info-coronavirus\/carte-et-donnees\" target=\"_blank\" rel=\"noopener noreferrer\">chiffres communiqu\u00e9s par le gouvernement<\/a>, consolid\u00e9s avec l&rsquo;Agence Sant\u00e9 Publique France et\u00a0les ARS (Agences r\u00e9gionales de Sant\u00e9), voici l&rsquo;\u00e9volution des hospitalisations (dont la r\u00e9animation) et des d\u00e9c\u00e8s\u00a0en France par r\u00e9gion.<\/p>\n<h3 style=\"text-align: center;\"><a id=\"cas-covid-19-tableau-par-region\" name=\"cas-covid-19-tableau-par-region\">Evolution des hospitalisations (dont en r\u00e9animation) et d\u00e9c\u00e8s \u00e0 l&rsquo;h\u00f4pital du Covid-19\u00a0par r\u00e9gion au 18\u00a0f\u00e9vrier<\/a><\/h3>\n<table border=\"1\" cellpadding=\"1\" cellspacing=\"1\" style=\"width:100%;\">\n<thead>\n<tr>\n<th scope=\"col\" style=\"width: 199px;\">R\u00e9gions<\/th>\n<th scope=\"col\" style=\"width: 162px; text-align: center;\">Hospitalisations en cours<\/th>\n<th scope=\"col\" style=\"width: 143px; text-align: center;\">Evolution des nouveaux patients sur les\u00a0 derni\u00e8res 24\u00a0H<\/th>\n<th scope=\"col\" style=\"width: 149px; text-align: center;\">R\u00e9animation Soins intensif<\/th>\n<th scope=\"col\" style=\"width: 155px; text-align: center;\">Evolution des nouveaux patients sur les\u00a0 derni\u00e8res 24\u00a0H<\/th>\n<th scope=\"col\" style=\"width: 220px; text-align: center;\">D\u00e9c\u00e8s<\/th>\n<\/tr>\n<tr>\n<td style=\"width: 199px;\"><b>\u00cele-de-France<\/b><\/td>\n<td style=\"width: 162px;\">4 916<\/td>\n<td style=\"width: 143px;\">-91<\/td>\n<td style=\"width: 149px;\">757<\/td>\n<td style=\"width: 155px;\">-24<\/td>\n<td style=\"width: 220px;\">14 356<\/td>\n<\/tr>\n<tr>\n<td style=\"width: 199px;\"><strong>Grand Est<\/strong><\/td>\n<td style=\"width: 162px;\">2 416<\/td>\n<td style=\"width: 143px;\">-14<\/td>\n<td style=\"width: 149px;\">313<\/td>\n<td style=\"width: 155px;\">-6<\/td>\n<td style=\"width: 220px;\">7 801<\/td>\n<\/tr>\n<tr>\n<td style=\"width: 199px;\"><strong>Auvergne-Rh\u00f4ne-Alpes<\/strong><\/td>\n<td style=\"width: 162px;\">3 540<\/td>\n<td style=\"width: 143px;\">-13<\/td>\n<td style=\"width: 149px;\">423<\/td>\n<td style=\"width: 155px;\">-6<\/td>\n<td style=\"width: 220px;\">8 731<\/td>\n<\/tr>\n<tr>\n<td style=\"width: 199px;\"><strong>Hauts-de-France<\/strong><\/td>\n<td style=\"width: 162px;\">2 631<\/td>\n<td style=\"width: 143px;\">-61<\/td>\n<td style=\"width: 149px;\">351<\/td>\n<td style=\"width: 155px;\">-8<\/td>\n<td style=\"width: 220px;\">5 882<\/td>\n<\/tr>\n<tr>\n<td style=\"width: 199px;\"><strong>Bourgogne-Franche-Comt\u00e9<\/strong><\/td>\n<td style=\"width: 162px;\">1 533<\/td>\n<td style=\"width: 143px;\">+20<\/td>\n<td style=\"width: 149px;\">\n<p>156<\/p>\n<\/td>\n<td style=\"width: 155px;\">-2<\/td>\n<td style=\"width: 220px;\">3 650<\/td>\n<\/tr>\n<tr>\n<td style=\"width: 199px;\"><strong>Provence-Alpes-C\u00f4te d&rsquo;Azur<\/strong><\/td>\n<td style=\"width: 162px;\">3 415<\/td>\n<td style=\"width: 143px;\">+52<\/td>\n<td style=\"width: 149px;\">438<\/td>\n<td style=\"width: 155px;\">-3<\/td>\n<td style=\"width: 220px;\">5 348<\/td>\n<\/tr>\n<tr>\n<td style=\"width: 199px;\"><strong>Occitanie<\/strong><\/td>\n<td style=\"width: 162px;\">1 659<\/td>\n<td style=\"width: 143px;\">-28<\/td>\n<td style=\"width: 149px;\">282<\/td>\n<td style=\"width: 155px;\">-8<\/td>\n<td style=\"width: 220px;\">3 070<\/td>\n<\/tr>\n<tr>\n<td style=\"width: 199px;\"><strong>Bretagne<\/strong><\/td>\n<td style=\"width: 162px;\">715<\/td>\n<td style=\"width: 143px;\">+2<\/td>\n<td style=\"width: 149px;\">48<\/td>\n<td style=\"width: 155px;\">NC<\/td>\n<td style=\"width: 220px;\">1 074<\/td>\n<\/tr>\n<tr>\n<td style=\"width: 199px;\"><strong>Nouvelle-Aquitaine<\/strong><\/td>\n<td style=\"width: 162px;\">1 368<\/td>\n<td style=\"width: 143px;\">-3<\/td>\n<td style=\"width: 149px;\">188<\/td>\n<td style=\"width: 155px;\">+4<\/td>\n<td style=\"width: 220px;\">2 663<\/td>\n<\/tr>\n<tr>\n<td style=\"width: 199px;\"><strong><a href=\"http:\/\/www.affinite.fr\/index.php\/2024\/11\/21\/construire-votre-maison-en-normandie\/\">Normandie<\/a><\/strong><\/td>\n<td style=\"width: 162px;\">1 275<\/td>\n<td style=\"width: 143px;\">\n<p>+22<\/p>\n<\/td>\n<td style=\"width: 149px;\">135<\/td>\n<td style=\"width: 155px;\">+3<\/td>\n<td style=\"width: 220px;\">2 153<\/td>\n<\/tr>\n<tr>\n<td style=\"width: 199px;\"><strong>Centre Val-de-Loire<\/strong><\/td>\n<td style=\"width: 162px;\">1 031<\/td>\n<td style=\"width: 143px;\">-4<\/td>\n<td style=\"width: 149px;\">124<\/td>\n<td style=\"width: 155px;\">-4<\/td>\n<td style=\"width: 220px;\">1 891<\/td>\n<\/tr>\n<tr>\n<td style=\"width: 199px;\"><strong>Pays de la Loire<\/strong><\/td>\n<td style=\"width: 162px;\">822<\/td>\n<td style=\"width: 143px;\">+15<\/td>\n<td style=\"width: 149px;\">81<\/td>\n<td style=\"width: 155px;\">NC<\/td>\n<td style=\"width: 220px;\">1 941<\/td>\n<\/tr>\n<tr>\n<td style=\"width: 199px;\"><strong>Corse<\/strong><\/td>\n<td style=\"width: 162px;\">95<\/td>\n<td style=\"width: 143px;\">+48<\/td>\n<td style=\"width: 149px;\">8<\/td>\n<td style=\"width: 155px;\">+1<\/td>\n<td style=\"width: 220px;\">142<\/td>\n<\/tr>\n<tr>\n<td style=\"width: 199px;\"><strong>Martinique<\/strong><\/td>\n<td style=\"width: 162px;\">11<\/td>\n<td style=\"width: 143px;\">+1<\/td>\n<td style=\"width: 149px;\">3<\/td>\n<td style=\"width: 155px;\">+1<\/td>\n<td style=\"width: 220px;\">45<\/td>\n<\/tr>\n<tr>\n<td style=\"width: 199px;\"><strong>Guadeloupe<\/strong><\/td>\n<td style=\"width: 162px;\">31<\/td>\n<td style=\"width: 143px;\">NC<\/td>\n<td style=\"width: 149px;\">5<\/td>\n<td style=\"width: 155px;\">NC<\/td>\n<td style=\"width: 220px;\">175<\/td>\n<\/tr>\n<tr>\n<td style=\"width: 199px;\"><strong>La R\u00e9union<\/strong><\/td>\n<td style=\"width: 162px;\">100<\/td>\n<td style=\"width: 143px;\">+1<\/td>\n<td style=\"width: 149px;\">38<\/td>\n<td style=\"width: 155px;\">-1<\/td>\n<td style=\"width: 220px;\">59<\/td>\n<\/tr>\n<tr>\n<td style=\"width: 199px;\"><strong>Guyane<\/strong><\/td>\n<td style=\"width: 162px;\">32<\/td>\n<td style=\"width: 143px;\">-4<\/td>\n<td style=\"width: 149px;\">\n<p>7<\/p>\n<\/td>\n<td style=\"width: 155px;\">-1<\/td>\n<td style=\"width: 220px;\">78<\/td>\n<\/tr>\n<tr>\n<td style=\"width: 199px;\"><strong>Mayotte<\/strong><\/td>\n<td style=\"width: 162px;\">127<\/td>\n<td style=\"width: 143px;\">-12<\/td>\n<td style=\"width: 149px;\">27<\/td>\n<td style=\"width: 155px;\">\n<p>-1<\/p>\n<\/td>\n<td style=\"width: 220px;\">74<\/td>\n<\/tr>\n<tr>\n<td style=\"width: 199px;\"><strong>TOTAL<\/strong><\/td>\n<td style=\"width: 162px;\"><strong>25 762<\/strong><\/td>\n<td style=\"width: 143px;\">-69<\/td>\n<td style=\"width: 149px;\"><b>3 394<\/b><\/td>\n<td style=\"width: 155px;\">-48<\/td>\n<td style=\"width: 220px;\">\n<p><span style=\"font-weight: 600;\">59 159<\/span><\/p>\n<\/td>\n<\/tr>\n<\/thead>\n<\/table>\n<p>En France, depuis le d\u00e9but de l&rsquo;\u00e9pid\u00e9mie, 1\u00a0personne sur 1000\u00a0est morte du fait de la Covid-19, indique la <a href=\"https:\/\/www.has-sante.fr\/jcms\/p_3234447\/fr\/covid-19-se-vacciner-decider-avec-son-medecin\" target=\"_blank\" rel=\"noopener noreferrer\">Haute Autorit\u00e9 de Sant\u00e9<\/a> le 29 janvier.\u00a0Les personnes les plus gravement touch\u00e9es par cette \u00e9pid\u00e9mie restent les personnes \u00e2g\u00e9es de 65\u00a0ans et plus ainsi que celles pr\u00e9sentant des comorbidit\u00e9s. Les personnes \u00e2g\u00e9es de<strong> 65\u00a0ans et plus <\/strong>repr\u00e9sentaient<strong> 91% des personnes d\u00e9c\u00e9d\u00e9es de la COVID-19\u00a0<\/strong>\u00e0 l&rsquo;h\u00f4pital depuis le 1er mars 2020, et 63% des personnes hospitalis\u00e9es en r\u00e9animation le 16 f\u00e9vrier 2021.\u00a0<\/p>\n<p><strong>\u2192 83 721 d\u00e9c\u00e8s ont \u00e9t\u00e9 comptabilis\u00e9s sur la p\u00e9riode du 1er mars 2020\u00a0au 19\u00a0f\u00e9vrier\u00a02021,\u00a0<\/strong>dont 59 487 \u00e0 l&rsquo;h\u00f4pital\u00a0(<strong>+328\u00a0<\/strong>en 24h), auxquels se sont ajout\u00e9s\u00a0235 nouveaux d\u00e9c\u00e8s en Ehpad et \u00e9tablissements sociaux et m\u00e9dico-sociaux entre le 12\u00a0et le 16\u00a0f\u00e9vrier.\u00a0<strong>54% sont des hommes.<\/strong><\/p>\n<p><strong>\u2192 2\u00a0504<\/strong><strong>\u00a0personnes sont d\u00e9c\u00e9d\u00e9es de la Covid-19 au cours de la semaine 6<\/strong> (8 au 14 f\u00e9vrier 2021).<\/p>\n<p><strong>\u2192<\/strong>\u00a0Les plus forts taux de d\u00e9c\u00e8s dus \u00e0 la COVID-19\u00a0par r\u00e9gion rapport\u00e9s \u00e0 la population \u00e9taient toujours observ\u00e9s en Provence-Alpes-C\u00f4te d&rsquo;Azur (5,9\/100\u00a0000\u00a0habitants), Bourgogne-Franche-Comt\u00e9 (5,7), Grand Est (4,7) et Centre-Val de Loire (4,5)<\/p>\n<p>La France a franchi la barre des 40 000 morts samedi 7 novembre,\u00a0celle des 50 000 le 24 novembre et celle des 60 000 le 18 d\u00e9cembre.\u00a0<strong>Un pic de mortalit\u00e9 a \u00e9t\u00e9 atteint\u00a0le 7\u00a0novembre <\/strong>(40\u00a0169\u00a0morts).\u00a0<\/p>\n<div style=\"text-align:center\">\n<figure class=\"image\" style=\"display:inline-block\"><a class=\"fancy\" href=\"https:\/\/img-3.journaldesfemmes.fr\/yi7AXTrfLqhWJWtZw7y76LhTXIg=\/1080x\/smart\/fff1152c5c16433d9a3188ee883e3c7e\/ccmcms-jdf\/22509332.jpg\"><img decoding=\"async\" alt=\"Nombre hebdomadaire de d\u00e9c\u00e8s \u00e0 l\u2019h\u00f4pital de patients COVID-19 par semaine de d\u00e9c\u00e8s, depuis le 23 mars 2020, France (donn\u00e9es au 16 f\u00e9vrier 2021)\" src=\"https:\/\/img-3.journaldesfemmes.fr\/JpXRNG-iH1o633i2acLFAhmB65Y=\/600x\/smart\/fff1152c5c16433d9a3188ee883e3c7e\/ccmcms-jdf\/22509332.jpg\"\/><\/a><figcaption data-credit=\"Sant\u00e9 publique France\" data-legend=\"Nombre hebdomadaire de d\u00e9c\u00e8s \u00e0 l\u2019h\u00f4pital de patients COVID-19 par semaine de d\u00e9c\u00e8s, depuis le 23 mars 2020, France (donn\u00e9es au 16 f\u00e9vrier 2021)\">Nombre hebdomadaire de d\u00e9c\u00e8s \u00e0 l\u2019h\u00f4pital de patients COVID-19 par semaine de d\u00e9c\u00e8s, depuis le 23 mars 2020, France (donn\u00e9es au 16 f\u00e9vrier 2021) <small>\u00a9\u00a0Sant\u00e9 publique France<\/small><\/figcaption><\/figure>\n<\/div>\n<p><iframe loading=\"lazy\" height=\"1000\" src=\"https:\/\/mapthenews.maps.arcgis.com\/apps\/opsdashboard\/index.html#\/bae8aaa7a0b14261b4621c31db410c44\" style=\"border: 0px\" width=\"600\"><\/iframe><\/p>\n<p>Les r\u00e9gions les plus touch\u00e9es en semaine 6\u00a0\u00e9taient les r\u00e9gions <strong>Provence-Alpes-C\u00f4te d&rsquo;Azur<\/strong>, <strong>Hauts-de-France<\/strong> et <strong>\u00cele-de-France. <\/strong>Ces r\u00e9gions pr\u00e9sentaient les plus forts taux d&rsquo;incidence (sup\u00e9rieurs \u00e0 200\/100\u00a0000\u00a0habitants), ainsi que les taux d&rsquo;hospitalisation parmi les plus \u00e9lev\u00e9s en m\u00e9tropole.\u00a0Au 18\u00a0f\u00e9vrier<strong>, 100<\/strong>\u00a0<strong>d\u00e9partements <\/strong>ont un nombre de cas de Covid-19\u00a0au-dessus du seuil d&rsquo;alerte de <a href=\"tel:50\/100%20000\" target=\"_blank\" rel=\"noopener noreferrer\">50\/100\u00a0000<\/a> habitants et sont en niveau de vuln\u00e9rabilit\u00e9 \u00ab\u00a0\u00e9lev\u00e9\u00a0\u00bb.\u00a0<\/p>\n<p>\u2192\u00a0<strong>En \u00cele-de-France,\u00a0<\/strong>les indicateurs \u00e9pid\u00e9miologiques se stabilisaient \u00e0 niveau \u00e9lev\u00e9\u00a0: le taux d&rsquo;incidence \u00e9tait de <strong>238\/100\u00a0000\u00a0habitants<\/strong> (vs 240\u00a0en S05, soit -1%), le taux d&rsquo;hospitalisation de 15,7\u00a0(vs 17,3\u00a0en S05, soit -9%) et celui des admissions en r\u00e9animation de 3,3\u00a0(vs 3,4\u00a0en S05, soit -3%). Le taux de d\u00e9c\u00e8s (h\u00f4pital et ESMS) atteignait 3,0\/100\u00a0000\u00a0en S05\u00a0(donn\u00e9es consolid\u00e9es) et \u00e9tait en augmentation \u00e0 3,6\/100\u00a0000\u00a0en S06\u00a0(donn\u00e9es non consolid\u00e9es).<\/p>\n<p>\u2192 <strong>En Provence-Alpes-C\u00f4te d&rsquo;Azur<\/strong>, pour la troisi\u00e8me semaine cons\u00e9cutive, l&rsquo;incidence \u00e9tait stable \u00e0 un niveau \u00e9lev\u00e9 (<strong>363\/100\u00a0000\u00a0habitants <\/strong>en S06\u00a0vs 368\u00a0en S05, soit -1%). Les taux d&rsquo;hospitalisations (28,6\/100\u00a0000\u00a0habitants) et d&rsquo;admissions en r\u00e9animation (4,4\/100\u00a0000\u00a0habitants) \u00e9taient les plus \u00e9lev\u00e9s de m\u00e9tropole mais tendaient \u00e0 diminuer. Le taux de d\u00e9c\u00e8s (h\u00f4pital et ESMS) li\u00e9s \u00e0 la COVID-19\u00a0\u00e9tait \u00e9galement le plus \u00e9lev\u00e9 (8,7\/100\u00a0000\u00a0habitants) en S05\u00a0(donn\u00e9es consolid\u00e9es, en augmentation par rapport \u00e0 S04).<\/p>\n<aside id=\"NL_1383363947\" class=\"newsletter_subscription jNlBlock\"><noscript><br \/>\n            <\/noscript><\/p>\n<h3 class=\"newsletter_subscription-title\">Newsletter <\/h3>\n<p><a href=\"\/\/mailing.ccmbg.com\/archive\/last-85\" target=\"_blank\" class=\"a_hover\" rel=\"noopener noreferrer\">Voir un exemple<\/a><\/p>\n<\/aside>\n<p>\u2192 <strong>Dans le Grand Est<\/strong> :\u00a0le Ministre des solidarit\u00e9s et de la sant\u00e9, Olivier V\u00e9ran\u00a0a annonc\u00e9 le 12\u00a0f\u00e9vrier pour le\u00a0d\u00e9partement de la Moselle en proie \u00e0 une circulation importante des variants sud-africain et br\u00e9silien, un renforcement important de la strat\u00e9gie \u00a0\u00bb\u00a0tester, alerter, prot\u00e9ger\u00a0\u00ab\u00a0. Ce renforcement consiste \u00e0 mettre en place une prolongation du d\u00e9lai de quarantaine en cas de r\u00e9sultat positif, qui passe de 7\u00a0\u00e0 10\u00a0jours, une mont\u00e9e en charge des capacit\u00e9s de test, de criblage et de s\u00e9quen\u00e7age, ainsi qu&rsquo;un renforcement du contact tracing et de l&rsquo;accompagnement \u00e0 l&rsquo;isolement. En outre, 30\u00a0000\u00a0doses de vaccins suppl\u00e9mentaires ont commenc\u00e9 \u00e0 \u00eatre distribu\u00e9es pour acc\u00e9l\u00e9rer le d\u00e9ploiement de la campagne de vaccination dans ce territoire.<\/p>\n<p><iframe loading=\"lazy\" height=\"600\" src=\"https:\/\/geodes.santepubliquefrance.fr\/?view=map1&amp;indics=sp_pe_tb_heb.tx_pe_hebdo&amp;serie=2020-S42&amp;f1code=0&amp;lang=fr&amp;iframe=1\" width=\"600\"><\/iframe><\/p>\n<section>\n<blockquote>\n<p style=\"text-align: right;\">\u00a0<\/p>\n<\/blockquote>\n<p>Sur la semaine 6 (8-14 f\u00e9vrier), l&rsquo;estimation du nombre de reproduction effectif en France m\u00e9tropolitaine est <strong>en-dessous de 1<\/strong>\u00a0de fa\u00e7on significative dans les trois sources de donn\u00e9es, rapporte Sant\u00e9 Publique France. Preuve que l&rsquo;\u00e9pid\u00e9mie recule l\u00e9g\u00e8rement en comparaison aux derni\u00e8res semaines. Les taux de reproduction du virus appel\u00e9s \u00ab\u00a0R-effectifs\u00a0\u00bb ou \u00ab\u00a0Reff\u00a0\u00bb\u00a0permettent de d\u00e9crire la dynamique de l&rsquo;\u00e9pid\u00e9mie\u00a0: lorsque le Reff est significativement sup\u00e9rieur \u00e0 1, ceci signifie que l&rsquo;\u00e9pid\u00e9mie est en progression, lorsqu&rsquo;il est \u00e9gal \u00e0 1, l&rsquo;\u00e9pid\u00e9mie se stabilise, lorsqu&rsquo;il est significativement inf\u00e9rieur \u00e0 1, l&rsquo;\u00e9pid\u00e9mie r\u00e9gresse.\u00a0<\/p>\n<p>Le d\u00e9pistage du Covid-19 est r\u00e9alis\u00e9 en France par RT-PCT et par tests antig\u00e9niques. Depuis le 11 f\u00e9vrier, les tests salivaires sont d\u00e9ploy\u00e9s dans les\u00a0\u00e9tablissements scolaires et peuvent \u00eatre utilis\u00e9s en premi\u00e8re intention pour d\u00e9pister la Covid-19, conform\u00e9ment aux recommandations de la <a href=\"https:\/\/www.has-sante.fr\/jcms\/p_3237053\/fr\/tests-rt-pcr-salivaires-la-has-etend-leur-utilisation-et-definit-les-modalites-pratiques-de-realisation\" target=\"_blank\" rel=\"noopener noreferrer\">HAS<\/a>. Au 18\u00a0f\u00e9vrier, le taux de positivit\u00e9 national s&rsquo;\u00e9tablit \u00e0 5,98<strong>\u00a0%.<\/strong>\u00a0<em>\u00ab\u00a0Il reste d\u00e9terminant que chaque personne pr\u00e9sentant des sympt\u00f4mes \u00e9vocateurs de COVID-19\u00a0s&rsquo;isole imm\u00e9diatement et r\u00e9alise un test diagnostique dans les plus brefs d\u00e9lais\u00a0\u00bb<\/em> rappelle Sant\u00e9 Publique France dans ses bulletins hebdomadaires.<\/p>\n<p>Si au d\u00e9but, on ne parlait que de fi\u00e8vre, toux s\u00e8che, rhume, \u00e9tat grippal et de fatigue, les sympt\u00f4mes de l&rsquo;infection par le coronavirus ont \u00e9volu\u00e9. On sait d\u00e9sormais que le virus peut avoir des <strong>effets sur la peau<\/strong> (urticaire, l\u00e9sions inflammatoires sur les orteils), la sph\u00e8re digestive (vomissements, diarrh\u00e9es&#8230;), <strong>l&rsquo;odorat<\/strong>, le <strong>go\u00fbt <\/strong>et m\u00eame le cerveau.<em> \u00ab\u00a0Sur 100 personnes atteintes du coronavirus, 90 ne vont pas d\u00e9velopper de sympt\u00f4mes\u00a0\u00bb<\/em> avait inform\u00e9 le ministre de la Sant\u00e9 le 5 novembre. La consigne des autorit\u00e9s est inchang\u00e9e :\u00a0chaque personne pr\u00e9sentant des sympt\u00f4mes \u00e9vocateurs de COVID-19 doit s&rsquo;isoler imm\u00e9diatement et r\u00e9aliser un test diagnostique dans les plus brefs d\u00e9lais.<\/p>\n<div class=\"ccminsert\">\n<aside class=\"app_widget_fo app_widget_fo--list app_widget_fo--list-2-col\">\n<ul>\n<li>\n<h3>\n                    <a href=\"https:\/\/sante.journaldesfemmes.fr\/fiches-sante-du-quotidien\/2627543-perte-gout-agueusie-covid-19-def-duree-cause-partielle-traitement-soigner\/\" class=\"jGTMWidgetGAEventClick\" data-gtmwidgetgaeventaction=\"clickWidgetListOnTwoColumns\" data-gtmwidgetgaeventlabel=\"Perte du go\u00fbt (agueusie)\u00a0: dur\u00e9e, Covid, comment soigner\u00a0?\"><br \/>\n                        Perte du go\u00fbt (agueusie)\u00a0: dur\u00e9e, Covid, comment soigner\u00a0?<br \/>\n                    <\/a><br \/>\n                <\/h3>\n<\/li>\n<li>\n<h3>\n                    <a href=\"https:\/\/sante.journaldesfemmes.fr\/fiches-maladies\/2696267-covid-long-c-est-quoi-symptomes-contagieux-fatigue-prise-en-charge-france-has\/\" class=\"jGTMWidgetGAEventClick\" data-gtmwidgetgaeventaction=\"clickWidgetListOnTwoColumns\" data-gtmwidgetgaeventlabel=\"Covid long\u00a0: c'est quoi, sympt\u00f4mes, est-on contagieux\u00a0?\"><br \/>\n                        Covid long\u00a0: c&rsquo;est quoi, sympt\u00f4mes, est-on contagieux\u00a0?<br \/>\n                    <\/a><br \/>\n                <\/h3>\n<\/li>\n<li>\n<h3>\n                    <a href=\"https:\/\/sante.journaldesfemmes.fr\/fiches-maladies\/2661241-rhume-ou-covid-19-coronavirus-rhinopharyngite-comment-savoir-symptomes-tableau-difference-test\/\" class=\"jGTMWidgetGAEventClick\" data-gtmwidgetgaeventaction=\"clickWidgetListOnTwoColumns\" data-gtmwidgetgaeventlabel=\"Rhume ou Covid-19\u00a0: diff\u00e9rences, sympt\u00f4mes, comment savoir\u00a0?\"><br \/>\n                        Rhume ou Covid-19\u00a0: diff\u00e9rences, sympt\u00f4mes, comment savoir\u00a0?<br \/>\n                    <\/a><br \/>\n                <\/h3>\n<\/li>\n<li>\n<h3>\n                    <a href=\"https:\/\/sante.journaldesfemmes.fr\/fiches-maladies\/2683439-symptomes-covid-19-coronavirus-boutons-visage-corps-dermatologiques-peau-bras-pieds-engelure\/\" class=\"jGTMWidgetGAEventClick\" data-gtmwidgetgaeventaction=\"clickWidgetListOnTwoColumns\" data-gtmwidgetgaeventlabel=\"Sympt\u00f4mes Covid sur la peau\u00a0: engelures, boutons, quand consulter\u00a0?\"><br \/>\n                        Sympt\u00f4mes Covid sur la peau\u00a0: engelures, boutons, quand consulter\u00a0?<br \/>\n                    <\/a><br \/>\n                <\/h3>\n<\/li>\n<li>\n<h3>\n                    <a href=\"https:\/\/sante.journaldesfemmes.fr\/fiches-maladies\/2630069-coronavirus-covid-19-cerveau-symptomes-sequelles-odorat-effet-lesion-attaque\/\" class=\"jGTMWidgetGAEventClick\" data-gtmwidgetgaeventaction=\"clickWidgetListOnTwoColumns\" data-gtmwidgetgaeventlabel=\"Coronavirus\u00a0et cerveau\u00a0: effets, quels sympt\u00f4mes\u00a0?\"><br \/>\n                        Coronavirus\u00a0et cerveau\u00a0: effets, quels sympt\u00f4mes\u00a0?<br \/>\n                    <\/a><br \/>\n                <\/h3>\n<\/li>\n<li>\n<h3>\n                    <a href=\"https:\/\/sante.journaldesfemmes.fr\/fiches-sante-du-quotidien\/2627657-perte-odorat-anosmie-symptome-covid-19-covidanosmie-duree-rhume-definition-cause-traitement\/\" class=\"jGTMWidgetGAEventClick\" data-gtmwidgetgaeventaction=\"clickWidgetListOnTwoColumns\" data-gtmwidgetgaeventlabel=\"Perte de l'odorat\u00a0(anosmie)\u00a0: sympt\u00f4mes du Covid, dur\u00e9e, r\u00e9\u00e9ducation\"><br \/>\n                        Perte de l&rsquo;odorat\u00a0(anosmie)\u00a0: sympt\u00f4mes du Covid, dur\u00e9e, r\u00e9\u00e9ducation<br \/>\n                    <\/a><br \/>\n                <\/h3>\n<\/li>\n<li>\n<h3>\n                    <a href=\"https:\/\/sante.journaldesfemmes.fr\/fiches-maladies\/2679367-diarrhee-covid-coronavirus-symptome-digestif-intestinaux-duree-que-faire-vomissement-traitement-bebe-jeune\/\" class=\"jGTMWidgetGAEventClick\" data-gtmwidgetgaeventaction=\"clickWidgetListOnTwoColumns\" data-gtmwidgetgaeventlabel=\"Diarrh\u00e9e et Covid-19\u00a0: dur\u00e9e, que faire, un vrai sympt\u00f4me\u00a0?\"><br \/>\n                        Diarrh\u00e9e et Covid-19\u00a0: dur\u00e9e, que faire, un vrai sympt\u00f4me\u00a0?<br \/>\n                    <\/a><br \/>\n                <\/h3>\n<\/li>\n<li>\n<h3>\n                    <a href=\"https:\/\/sante.journaldesfemmes.fr\/fiches-maladies\/2676955-covid-19-ou-gastro-enterite-difference-symptomes-fievre-diarrhee-que-faire-complications\/\" class=\"jGTMWidgetGAEventClick\" data-gtmwidgetgaeventaction=\"clickWidgetListOnTwoColumns\" data-gtmwidgetgaeventlabel=\"Covid-19\u00a0ou gastro-ent\u00e9rite\u00a0: sympt\u00f4mes, quelles diff\u00e9rences\u00a0?\"><br \/>\n                        Covid-19\u00a0ou gastro-ent\u00e9rite\u00a0: sympt\u00f4mes, quelles diff\u00e9rences\u00a0?<br \/>\n                    <\/a><br \/>\n                <\/h3>\n<\/li>\n<li>\n<h3>\n                    <a href=\"https:\/\/sante.journaldesfemmes.fr\/fiches-maladies\/2665621-angine-ou-covid-19-points-communs-symptome-fievre-mal-gorge-test-difference-contagion-qui-consulter\/\" class=\"jGTMWidgetGAEventClick\" data-gtmwidgetgaeventaction=\"clickWidgetListOnTwoColumns\" data-gtmwidgetgaeventlabel=\"Angine ou Covid-19\u00a0: sympt\u00f4mes, diff\u00e9rences, test\"><br \/>\n                        Angine ou Covid-19\u00a0: sympt\u00f4mes, diff\u00e9rences, test<br \/>\n                    <\/a><br \/>\n                <\/h3>\n<\/li>\n<li>\n<h3>\n                    <a href=\"https:\/\/sante.journaldesfemmes.fr\/fiches-maladies\/2626825-coronavirus-allergie-pollen-asthme-symptomes-traitement-recommandation-conseil\/\" class=\"jGTMWidgetGAEventClick\" data-gtmwidgetgaeventaction=\"clickWidgetListOnTwoColumns\" data-gtmwidgetgaeventlabel=\"Coronavirus ou allergie\u00a0: sympt\u00f4mes, conseils pratiques\"><br \/>\n                        Coronavirus ou allergie\u00a0: sympt\u00f4mes, conseils pratiques<br \/>\n                    <\/a><br \/>\n                <\/h3>\n<\/li>\n<\/ul>\n<\/aside>\n<\/div>\n<ul>\n<li><strong>Si vous pr\u00e9sentez des\u00a0sympt\u00f4mes (toux, fi\u00e8vre, mal de t\u00eate) : <\/strong>\u00e9vitez\u00a0les contacts, restez\u00a0\u00e0 domicile, prenez du parac\u00e9tamol si besoin, appelez\u00a0un m\u00e9decin pour prendre rendez-vous dans l&rsquo;\u00e9ventualit\u00e9 qu&rsquo;il vous fasse passer un test de d\u00e9pistage.\u00a0<\/li>\n<li><strong>Appeler le\u00a015 en cas de\u00a0difficult\u00e9s respiratoires : \u00ab\u00a0<\/strong><em>Si cette toux et cette fi\u00e8vre s&rsquo;accompagnent d&rsquo;une g\u00eane respiratoire qui devient permanente avec souffle court, difficult\u00e9 \u00e0 inspirer et \u00e0 expirer, d&rsquo;une aggravation importante de la toux, cela peut signifier une \u00e9volution de la maladie sous la forme d&rsquo;une pneumopathie. Il s&rsquo;agit alors d&rsquo;une urgence respiratoire potentielle et comme dans tous les cas d&rsquo;urgence, il faut alors appeler le 15\u00a0qui prendra les meilleures dispositions pour r\u00e9pondre \u00e0 la situation\u00a0\u00bb, <\/em>pr\u00e9vient le Dr\u00a0Patrick Aub\u00e9, m\u00e9decin g\u00e9n\u00e9raliste. \u00a0<\/li>\n<\/ul>\n<p>La vaccination contre la Covid-19 se poursuit en France avec<strong>\u00a02\u00a0472\u00a0808\u00a0premi\u00e8res injections <\/strong>de vaccin (soit 3,6% de la population totale) au 18\u00a0f\u00e9vrier\u00a0et 1\u00a0040\u00a0773 deuxi\u00e8mes injections, selon le <a href=\"https:\/\/solidarites-sante.gouv.fr\/actualites\/presse\/communiques-de-presse\/article\/vaccination-contre-la-covid-en-france-au-18-fevrier-2021-plus-de-3-513-000\" target=\"_blank\" rel=\"noopener noreferrer\">minist\u00e8re de la Sant\u00e9<\/a>. La vaccination est r\u00e9alis\u00e9e avec les vaccins Pfizer-BioNTech et Moderna pour le grand public, AstraZeneca \u00e9tant r\u00e9serv\u00e9 aux professionnels de sant\u00e9 de moins de 65 ans pour l&rsquo;instant. La prise de<strong> rendez-vous<\/strong> est ouverte<b> <\/b>sur les sites Internet <strong>Doctolib, Maiia et KelDoc<\/strong> et peut aussi se faire en contactant par t\u00e9l\u00e9phone le <strong>centre de vaccination<\/strong> le plus proche de chez soi (liste disponible sur\u00a0<a href=\"https:\/\/www.sante.fr\/centres-vaccination-covid.html\" target=\"_blank\" rel=\"noopener noreferrer\">Sante.fr<\/a>).<i>\u00a0<\/i><\/p>\n<p>Depuis le dimanche 31\u00a0janvier,\u00a0les <strong>fronti\u00e8res sont ferm\u00e9es aux pays hors UE<\/strong>. Les <strong>d\u00e9placements sont interdits sauf motif imp\u00e9rieux<\/strong>. Depuis le dimanche 24\u00a0janvier, tous les voyageurs entrant en France et venant d&rsquo;un pays europ\u00e9en doivent pr\u00e9senter avant leur d\u00e9part pour l&rsquo;Hexagone un test PCR n\u00e9gatif de moins de 72\u00a0heures. Depuis le 18 janvier, les voyageurs entrant en France en provenance d&rsquo;un pays hors Union-Europ\u00e9enne doivent\u00a0pr\u00e9senter un test PCR n\u00e9gatif\u00a0 et s&rsquo;isoler pendant 7\u00a0jours une fois arriv\u00e9s en France et faire un 2<sup>e<\/sup>\u00a0test \u00e0 l&rsquo;issue de cette p\u00e9riode. Les personnes n&rsquo;ayant pu r\u00e9aliser un test dans leur pays de d\u00e9part auront la possibilit\u00e9 de se faire tester \u00e0 leur arriv\u00e9e en France et seront contraintes de s&rsquo;isoler 7\u00a0jours dans un lieu d&rsquo;h\u00e9bergement d\u00e9sign\u00e9 par les autorit\u00e9s publiques (Le test n\u00e9gatif est d\u00e9j\u00e0 exig\u00e9 pour les voyageurs venant du Royaume-Uni).<\/p>\n<p><\/p>\n<table border=\"1\" cellpadding=\"1\" cellspacing=\"1\" style=\"width:100%;\">\n<thead>\n<tr>\n<th scope=\"col\" style=\"text-align: center;\"><strong>DATES CL\u00c9S DE L&rsquo;\u00c9PID\u00c9MIE EN FRANCE<\/strong><\/th>\n<\/tr>\n<\/thead>\n<tbody>\n<tr>\n<td>\n<ul>\n<li><strong>31\u00a0d\u00e9cembre 2019,<\/strong> l&rsquo;Organisation mondiale de la Sant\u00e9 en Chine est inform\u00e9e de plusieurs cas de pneumonies dans la ville de Wuhan. 44\u00a0personnes sont infect\u00e9es entre cette date et le 3\u00a0janvier 2020.<\/li>\n<li><strong>7\u00a0janvier 2020, <\/strong>les autorit\u00e9s chinoises identifient un \u00ab\u00a0nouveau type de coronavirus\u00a0\u00bb.<\/li>\n<li><strong>13\u00a0janvier, <\/strong>un cas import\u00e9 est recens\u00e9 en Tha\u00eflande.<\/li>\n<li><strong>15\u00a0janvier<\/strong>, le virus cause\u00a0la mort d&rsquo;<strong>une premi\u00e8re\u00a0personne \u00e0 Wuhan<\/strong>, un homme de 69\u00a0ans.\u00a0<\/li>\n<li><strong>23\u00a0janvier,<\/strong> trois villes chinoises dont Wuhan sont plac\u00e9es en quarantaine.<\/li>\n<li><strong>25\u00a0janvier, trois personnes\u00a0contamin\u00e9es sont recens\u00e9es en France<\/strong>, deux \u00e0 Paris et une Bordeaux. Ce sont les premiers cas enregistr\u00e9s sur le continent europ\u00e9en.<\/li>\n<li><strong>30\u00a0janvier, <\/strong>l&rsquo;Organisation mondiale de la Sant\u00e9 <strong>d\u00e9cr\u00e8te\u00a0l&rsquo;<a href=\"https:\/\/sante.journaldesfemmes.fr\/fiches-maladies\/2608035-urgence-de-sante-publique-de-portee-internationale-definition-oms-coronavirus\/\" target=\"_blank\" rel=\"noopener noreferrer\">urgence de sant\u00e9 mondiale<\/a><\/strong>.\u00a0Cette mesure n&rsquo;avait \u00e9t\u00e9 d\u00e9cr\u00e9t\u00e9e que 5\u00a0fois depuis sa cr\u00e9ation (pour Ebola (deux fois), la grippe H1N1, Zika et la poliomy\u00e9lite).\u00a0<\/li>\n<li><strong>23\u00a0f\u00e9vrier, <\/strong>la France d\u00e9clenche le <a href=\"https:\/\/sante.journaldesfemmes.fr\/fiches-maladies\/2622449-plan-orsan-reb-definition-signification-qui-declenche-coronavirus-definition-duree\/\" target=\"_blank\" rel=\"noopener noreferrer\">plan ORSAN<\/a>, un dispositif exceptionnel d&rsquo;organisation des soins.<\/li>\n<li><strong>28\u00a0f\u00e9vrier,<\/strong> la France passe en stade 2\u00a0de l&rsquo;\u00e9pid\u00e9mie.<\/li>\n<li><strong>11\u00a0mars, <\/strong>l&rsquo;OMS classifie de <strong>pand\u00e9mie <\/strong>la diffusion de la maladie \u00e0 coronavirus Covid-19\u00a0dans le monde.<\/li>\n<li><strong>12\u00a0mars<\/strong>, le pr\u00e9sident de la R\u00e9publique Emmanuel Macron annonce la fermeture nationale des cr\u00e8ches et \u00e9tablissements scolaires de France \u00e0 compter du 16\u00a0mars et \u00ab\u00a0jusqu&rsquo;\u00e0 nouvel ordre\u00a0\u00bb.<\/li>\n<li><strong>14\u00a0mars<\/strong>, la France passe au <a href=\"https:\/\/sante.journaldesfemmes.fr\/fiches-maladies\/2625289-coronavirus-covid-19-stade-1-2-3-4-duree-mesure-france-signification-quand\/\" target=\"_blank\" rel=\"noopener noreferrer\"><strong>stade 3 <\/strong><\/a>de l&rsquo;\u00e9pid\u00e9mie.<\/li>\n<li><strong>16\u00a0mars\u00a0:<\/strong>\u00a0la France met en place un dispositif de confinement interdisant les d\u00e9placements.<\/li>\n<li><strong>18\u00a0mars<\/strong> le premier transfert de patients Covid-19\u00a0en France est r\u00e9alis\u00e9\u00a0gr\u00e2ce \u00e0 l&rsquo;Arm\u00e9e, par voie terrestre et a\u00e9rienne.\u00a0<\/li>\n<li><strong>26\u00a0mars<\/strong>, un premier cas jeune meurt en France, une adolescente de 16\u00a0ans, en Ile-de-France originaire de Morsang-sur-Orge.<\/li>\n<li><strong>27\u00a0mars,<\/strong> le confinement de la population fran\u00e7aise est renouvel\u00e9 jusqu&rsquo;au 15\u00a0avril.<\/li>\n<li><strong>13\u00a0avril,<\/strong> Emmanuel Macron annonce le prolongement du confinement jusqu&rsquo;au 11\u00a0mai.<\/li>\n<li><strong>11\u00a0mai, <\/strong>la France commence son d\u00e9confinement.<\/li>\n<li><strong>\u00a015\u00a0juin<\/strong>, toute la France passe en zone verte, sauf Mayotte et la Guyane. \u00c0\u00a0Paris, les restaurants et bars peuvent rouvrir compl\u00e8tement.<\/li>\n<li><strong>22\u00a0juin, <\/strong>les \u00e9coles sont de nouveaux obligatoires en France pour tous les \u00e9l\u00e8ves. Les cin\u00e9mas, salles de jeux, casinos rouvrent. Les sports collectifs peuvent \u00eatre autoris\u00e9s tout en respectant certaines conditions sanitaires.<\/li>\n<li><strong>10\u00a0juillet<\/strong>, la <strong>France <\/strong>a franchi la barre des 30\u00a0000\u00a0morts. Dans la nuit du 10\u00a0au 11\u00a0juillet \u00e0 minuit, l&rsquo;\u00e9tat d&rsquo;urgence sanitaire prend fin en France.<\/li>\n<li><strong>\u00a020\u00a0juillet,<\/strong>\u00a0le <strong>port du masque est obligatoire <\/strong>dans les lieux publics clos en France.<\/li>\n<li><strong>8 octobre, <\/strong>le<strong> plan blanc est r\u00e9activ\u00e9 <\/strong>dans les h\u00f4pitaux d&rsquo;Ile-de-France.<\/li>\n<li><strong>17 octobre \u00e0 0h01<\/strong>, la France repasse en \u00e9tat d&rsquo;urgence sanitaire et un <strong>couvre-feu <\/strong>est instaur\u00e9 dans 9 territoires\u00a0(Paris-Ile-de-France, Rouen, Grenoble, Lille, Lyon, Aix-Marseille, Montpellier, Saint-Etienne, Toulouse).<\/li>\n<li><strong>24 octobre \u00e0 0h01 :<\/strong> extension des mesures de couvre-feu \u00e0 38 nouveaux d\u00e9partements fran\u00e7ais.<\/li>\n<li><strong>29 octobre \u00e0 0h01<\/strong> : reconfinement national pour 4 semaines, jusqu&rsquo;au 1er d\u00e9cembre au minimum.<\/li>\n<li><strong>28 novembre : <\/strong>premi\u00e8re \u00e9tape d&rsquo;all\u00e8gement du confinement avec la r\u00e9ouverture des commerces non essentiels.<\/li>\n<li><strong>15 d\u00e9cembre : <\/strong>seconde \u00e9tape\u00a0d&rsquo;all\u00e8gement du confinement avec le passage \u00e0 un couvre-feu de 20 heures \u00e0 6 heures du matin.<\/li>\n<li><strong>31 d\u00e9cembre<\/strong> : couvre-feu impos\u00e9 le soir du 31 d\u00e9cembre, de 20 heures \u00e0 6 heures du matin.<\/li>\n<li><strong>21 d\u00e9cembre<\/strong> : autorisation du vaccin Pfizer en Europe.<\/li>\n<li><strong>24 d\u00e9cembre<\/strong> : autorisation du vaccin Pfizer BioNTech en France.<\/li>\n<li><strong>27 d\u00e9cembre :<\/strong> d\u00e9but de la vaccination en France et dans l&rsquo;Union europ\u00e9enne avec le vaccin Pfizer BioNTech.<\/li>\n<li><strong>8 janvier 2021<\/strong> :\u00a0autorisation du vaccin Moderna en France.<\/li>\n<li><strong>24 janvier 2021<\/strong> : un test PCR n\u00e9gatif est obligatoire pour rentrer en France par avion pour les voyageurs venant d&rsquo;un pays europ\u00e9en (sauf pour les travailleurs transfrontaliers et le transport terrestre).<\/li>\n<li><strong>31 janvier 2021<\/strong> : fermeture des fronti\u00e8res en France aux pays ext\u00e9rieurs \u00e0 l&rsquo;Union europ\u00e9enne<\/li>\n<li><strong>2 f\u00e9vrier 2021<\/strong> :\u00a0autorisation du vaccin de l&rsquo;Universit\u00e9 d&rsquo;Oxford et AstraZeneca en France, uniquement pour les personnes \u00e2g\u00e9es de moins de 65\u00a0ans.<\/li>\n<li><strong>9 f\u00e9vrier 2021 :<\/strong> la France franchit le cap des 80 000 d\u00e9c\u00e8s.\u00a0<\/li>\n<li><strong>11 f\u00e9vrier : <\/strong>d\u00e9ploiement des tests salivaires dans les \u00e9tablissements scolaires.<\/li>\n<\/ul>\n<\/td>\n<\/tr>\n<\/tbody>\n<\/table>\n<p><em>Cet article est mis \u00e0 jour quotidiennement par <a href=\"https:\/\/www.journaldesfemmes.fr\/account\/ablaize-11409696\" target=\"_blank\" rel=\"noopener noreferrer\">Aur\u00e9lie Blaize<\/a>, <a href=\"https:\/\/www.journaldesfemmes.fr\/account\/anaisthiebaux-10573564\" target=\"_blank\" rel=\"noopener noreferrer\">Ana\u00efs Thi\u00e9baux<\/a> et <a href=\"https:\/\/www.journaldesfemmes.fr\/account\/samanthapages-11598093\" target=\"_blank\" rel=\"noopener noreferrer\">Samantha Pag\u00e8s<\/a>.\u00a0<\/em><\/p>\n<\/section>\n<\/div>\n<p><script async src=\"http:\/\/platform.twitter.com\/widgets.js\" charset=\"utf-8\"><\/script><br \/>\n<br \/>[ad_2]<br \/>\n<br \/><a href=\"https:\/\/sante.journaldesfemmes.fr\/fiches-maladies\/2605417-covid-19-france-coronavirus-chiffres-cas-mort-nouveau-bilan-deces-variant-dunkerque-pass-vaccinal\/\">Source link <\/a><\/p>\n","protected":false},"excerpt":{"rendered":"<p>[ad_1] CORONAVIRUS DIRECT &#8211; Le contexte \u00e9pid\u00e9mique reste fragile avec la circulation active des variants. Le nombre de personnes hospitalis\u00e9es &hellip; <a href=\"http:\/\/www.affinite.fr\/index.php\/2021\/02\/19\/legere-baisse-des-hospitalisations-bilan-du-jour\/\" class=\"more-link\">Plus <span class=\"screen-reader-text\">l\u00e9g\u00e8re baisse des hospitalisations, bilan du jour<\/span> <span class=\"meta-nav\">&rarr;<\/span><\/a><\/p>\n","protected":false},"author":1,"featured_media":5972,"comment_status":"open","ping_status":"open","sticky":false,"template":"","format":"standard","meta":{"_sitemap_exclude":false,"_sitemap_priority":"","_sitemap_frequency":"","footnotes":""},"categories":[1],"tags":[],"class_list":["post-5971","post","type-post","status-publish","format-standard","has-post-thumbnail","hentry","category-tous"],"_links":{"self":[{"href":"http:\/\/www.affinite.fr\/index.php\/wp-json\/wp\/v2\/posts\/5971"}],"collection":[{"href":"http:\/\/www.affinite.fr\/index.php\/wp-json\/wp\/v2\/posts"}],"about":[{"href":"http:\/\/www.affinite.fr\/index.php\/wp-json\/wp\/v2\/types\/post"}],"author":[{"embeddable":true,"href":"http:\/\/www.affinite.fr\/index.php\/wp-json\/wp\/v2\/users\/1"}],"replies":[{"embeddable":true,"href":"http:\/\/www.affinite.fr\/index.php\/wp-json\/wp\/v2\/comments?post=5971"}],"version-history":[{"count":0,"href":"http:\/\/www.affinite.fr\/index.php\/wp-json\/wp\/v2\/posts\/5971\/revisions"}],"wp:featuredmedia":[{"embeddable":true,"href":"http:\/\/www.affinite.fr\/index.php\/wp-json\/wp\/v2\/media\/5972"}],"wp:attachment":[{"href":"http:\/\/www.affinite.fr\/index.php\/wp-json\/wp\/v2\/media?parent=5971"}],"wp:term":[{"taxonomy":"category","embeddable":true,"href":"http:\/\/www.affinite.fr\/index.php\/wp-json\/wp\/v2\/categories?post=5971"},{"taxonomy":"post_tag","embeddable":true,"href":"http:\/\/www.affinite.fr\/index.php\/wp-json\/wp\/v2\/tags?post=5971"}],"curies":[{"name":"wp","href":"https:\/\/api.w.org\/{rel}","templated":true}]}}