{"id":5967,"date":"2021-02-18T14:27:07","date_gmt":"2021-02-18T14:27:07","guid":{"rendered":"https:\/\/www.affinite.fr\/index.php\/2021\/02\/18\/un-si-grand-soleil-un-personnage-de-retour-pour-tourmenter-julien-news-series-a-la-tv\/"},"modified":"2021-02-18T14:27:07","modified_gmt":"2021-02-18T14:27:07","slug":"un-si-grand-soleil-un-personnage-de-retour-pour-tourmenter-julien-news-series-a-la-tv","status":"publish","type":"post","link":"http:\/\/www.affinite.fr\/index.php\/2021\/02\/18\/un-si-grand-soleil-un-personnage-de-retour-pour-tourmenter-julien-news-series-a-la-tv\/","title":{"rendered":"Un Si Grand Soleil : un personnage de retour pour tourmenter Julien &#8211; News S\u00e9ries \u00e0 la TV"},"content":{"rendered":"<p> [ad_1]<br \/>\n<br \/><img decoding=\"async\" src=\"http:\/\/fr.web.img5.acsta.net\/newsv7\/21\/02\/18\/12\/44\/1744113.jpg\" \/><\/p>\n<p>Alors qu&rsquo;une nouvelle romance se profile entre Johanna et Julien, l&rsquo;ombre d&rsquo;un personnage disparu va venir hanter ce dernier et avoir des cons\u00e9quences d\u00e9vastatrices.<\/p>\n<div id=\"article-content\">\n<figure class=\"player player-auto-play js-player\" data-model=\"{&quot;context&quot;:&quot;newspage_news&quot;,&quot;launch&quot;:&quot;auto-play&quot;,&quot;followScroll&quot;:true,&quot;editorialContent&quot;:&quot;18697040-un_si_grand_soleil_un_personnage_de_retour_pour_tourmenter_julien&quot;,&quot;endScreen&quot;:true,&quot;disableAutoPause&quot;:true,&quot;videos&quot;:[{&quot;id&quot;:19591363,&quot;sources&quot;:{&quot;medium&quot;:&quot;\/\/fr.vid.web.acsta.net\/nmedia\/33\/21\/02\/12\/20\/19591363_sd_013.mp4&quot;,&quot;high&quot;:&quot;\/\/fr.vid.web.acsta.net\/nmedia\/33\/21\/02\/12\/20\/19591363_hd_013.mp4&quot;},&quot;image&quot;:&quot;\/videothumbnails\/21\/02\/12\/20\/05\/3549442.jpg&quot;,&quot;title&quot;:&quot;Un Si Grand Soleil : la bande-annonce des u00e9pisodes du 15 au 19 fu00e9vrier 2021&quot;,&quot;trackingIdentifier&quot;:&quot;19591363-un_si_grand_soleil_la_bande_annonce_des_episodes_du_15_au_19_fevrier_2021&quot;,&quot;embedUrl&quot;:&quot;ACraHRACr0cHM6Ly9wbGF5ZXIuYWxsb2NpbmUuZnIvMTk1OTEzNjMuaHRtbA==&quot;,&quot;id_type&quot;:31003,&quot;file_type&quot;:&quot;trailer&quot;,&quot;description&quot;:&quot;Un Si Grand Soleil : la bande-annonce des u00e9pisodes du 15 au 19 fu00e9vrier 2021&quot;,&quot;duration&quot;:0,&quot;view_count&quot;:108988,&quot;added_at&quot;:{&quot;date&quot;:&quot;2021-02-12 20:04:00.000000&quot;,&quot;timezone_type&quot;:3,&quot;timezone&quot;:&quot;Europe\/Paris&quot;},&quot;metas&quot;:{&quot;genre_main_series&quot;:[{&quot;name&quot;:&quot;Drame&quot;,&quot;id&quot;:&quot;13008&quot;},{&quot;name&quot;:&quot;Soap&quot;,&quot;id&quot;:&quot;13032&quot;}],&quot;id_main_season&quot;:39648,&quot;id_main_series&quot;:23331,&quot;image_main_series&quot;:&quot;\/pictures\/18\/08\/09\/12\/02\/0816701.jpg&quot;,&quot;localized_file_type&quot;:&quot;trailer&quot;,&quot;main_season_number&quot;:3,&quot;main_season_rating&quot;:3.125,&quot;main_season_user_note_count&quot;:2,&quot;main_series_rating&quot;:1.654755,&quot;name_main_season&quot;:&quot;Un Si Grand Soleil - Saison 3&quot;,&quot;name_main_series&quot;:&quot;Un Si Grand Soleil&quot;,&quot;release_status_series&quot;:&quot;En cours&quot;,&quot;trans_file_type&quot;:&quot;Bande-annonce&quot;},&quot;relatedEntityType&quot;:&quot;series&quot;,&quot;relatedEntityTrackingIdentifier&quot;:&quot;23331-un_si_grand_soleil&quot;,&quot;relatedEntityTitle&quot;:&quot;Un Si Grand Soleil&quot;,&quot;relatedEntityId&quot;:23331,&quot;relatedEntityUrl&quot;:&quot;ACraHRACr0cHM6Ly93d3cuYWxsb2NpbmUuZnIvc2VyaWVzL2ZpY2hlc2VyaWVfZ2VuX2NzZXJpZT0yMzMzMS5odG1s&quot;,&quot;mediaUrl&quot;:&quot;ACraHRACr0cHM6Ly93d3cuYWxsb2NpbmUuZnIvdmlkZW8vcGxheWVyX2dlbl9jbWVkaWE9MTk1OTEzNjMmY3NlcmllPTIzMzMxLmh0bWw=&quot;}],&quot;disablePreroll&quot;:false,&quot;disablePostroll&quot;:false}\" data-thumb=\"https:\/\/fr.web.img3.acsta.net\/r_640_360\/videothumbnails\/21\/02\/12\/20\/05\/3549442.jpg\">\n<\/figure>\n<div class=\"draftContent-lead\">\n<p>Apr\u00e8s avoir travers\u00e9 un divorce et des difficult\u00e9s financi\u00e8res dans son entreprise, Julien Bastide va bient\u00f4t devoir affronter ses d\u00e9mons. Dans <a title=\"Un Si Grand Soleil (France) (Soap,Drame)\" href=\"http:\/\/www.allocine.fr\/series\/ficheserie_gen_cserie=23331.html\">Un Si Grand Soleil<\/a>, les retours de personnages marquants sont l\u00e9gions, qu&rsquo;ils soient envoy\u00e9s en prison (Ga\u00eblle Lestrac), en fuite (Elsa)&#8230; ou m\u00eame morts, comme le personnage d&rsquo;Andr\u00e9 Faure ! Venant r\u00e9guli\u00e8rement hanter son fils Eliott et donner lieu \u00e0 des joutes verbales introspectives, celui-ci ne sera pas le seul personnage \u00e0 revenir d&rsquo;entre les morts pour tourmenter les protagonistes de la s\u00e9rie.<\/p>\n<\/div>\n<div class=\"draftContent-body defaultStyleContentTags\">\n<p>C&rsquo;est en effet un autre acteur phare de l&rsquo;ann\u00e9e \u00e9coul\u00e9e qui a r\u00e9cemment fait son retour sur les plateaux de tournage d&rsquo;Un Si Grand Soleil \u00e0 Vendargues, pr\u00e8s de Montpellier. <a title=\"Renaud Danner (France) (Acteur)\" href=\"http:\/\/www.allocine.fr\/personne\/fichepersonne_gen_cpersonne=93083.html\">Renaud Danner<\/a>, qui interpr\u00e9tait Hugues Ancelin, est apparu dans une photo partag\u00e9e par le compte officiel de la s\u00e9rie sur Instagram, aux c\u00f4t\u00e9s de <a title=\"J\u00e9r\u00e9my Banster (France) (Acteur,Producteur ex\u00e9cutif,Producteur d\u00e9l\u00e9gu\u00e9)\" href=\"http:\/\/www.allocine.fr\/personne\/fichepersonne_gen_cpersonne=54873.html\">J\u00e9r\u00e9my Banster<\/a>, l&rsquo;interpr\u00e8te de Julien Bastide.<\/p>\n<div class=\"js-async-embed\" data-type=\"insta-embed\">\n<blockquote class=\"instagram-media\" data-instgrm-captioned=\"\" data-instgrm-permalink=\"https:\/\/www.instagram.com\/p\/CLG_nhRor5-\/?utm_source=ig_embed&amp;utm_campaign=loading\" data-instgrm-version=\"13\"><p>&#13;<\/p>\n<div>\n<div>\n<p>Voir cette publication sur Instagram<\/p>\n<\/div>\n<p><span class=\"ACraHRACr0cHM6Ly93d3cuaW5zdGFncmFtLmNvbS9wL0NMR19uaFJvcjUtLz91dG1fc291cmNlPWlnX2VtYmVkJnV0bV9jYW1wYWlnbj1sb2FkaW5n\" target=\"_blank\">Une publication partag\u00e9e par Un si grand soleil (@unsigrandsoleil)<\/span><\/p>\n<\/div>\n<p>&#13;\n<\/p><\/blockquote>\n<\/div>\n<p>Une r\u00e9apparition qui prendra forc\u00e9ment la forme d&rsquo;un fant\u00f4me, revenu hanter Julien apr\u00e8s son acte irr\u00e9parable l&rsquo;ayant conduit \u00e0 assassiner Hugues. Mari\u00e9 \u00e0 sa m\u00e8re Elisabeth, celui-ci avait manipul\u00e9 la directrice d&rsquo;OCI et abus\u00e9 de sa confiance afin de d\u00e9tourner des fonds de sa soci\u00e9t\u00e9, allant jusqu&rsquo;\u00e0 kidnapper son petit-fils Arthur. Acccul\u00e9, Julien avait fini par retrouver l&rsquo;homme en cavale et \u00e0 le tuer \u00e0 la suite d&rsquo;un affrontement dans la for\u00eat.\u00a0<\/p>\n<p>Rong\u00e9 par son geste lourd de cons\u00e9quences pour lequel il n&rsquo;a pas \u00e9t\u00e9 jug\u00e9, Julien va peu \u00e0 peu perdre pied, <span class=\"ACraHRACr0cHM6Ly93d3cuYWxsb2NpbmUuZnIvYXJ0aWNsZS9maWNoZWFydGljbGVfZ2VuX2NhcnRpY2xlPTE4Njk2NTE0Lmh0bWw=\">comme nous le confiait le producteur de la s\u00e9rie en janvier<\/span>. \u00ab\u00a0<span><i>Julien ne s&rsquo;en remet pas, et \u00e7a va durer encore pendant un moment. On voulait travailler l\u00e0-dessus, sur le fait qu&rsquo;on ne tue pas des gens comme \u00e7a ! Ce n&rsquo;est pas une critique de ce qui peut \u00eatre fait ailleurs, mais l\u00e0 l&rsquo;id\u00e9e avec Julien Bastide, c&rsquo;\u00e9tait de faire toucher du doigt cette situation qui est tr\u00e8s lourde de cons\u00e9quences. On voit que la suite de la vie de Julien se complique beaucoup, car ce qu&rsquo;il porte en lui est difficile, et il a du mal \u00e0 vivre avec<\/i>\u00a0\u00bb r\u00e9v\u00e9lait Toma de Matteis.<\/span><\/p>\n<p><span>Une th\u00e9orie renforc\u00e9e par les propos d&rsquo;<a title=\"Aurore Delplace (France) (Acteur)\" href=\"http:\/\/www.allocine.fr\/personne\/fichepersonne_gen_cpersonne=225425.html\">Aurore Delplace<\/a>\u00a0(Johanna) au site <span class=\"ACraHRACr0cHM6Ly93d3cudGVsZXN0YXIuZnIvc2VyaWUtdHYvYXVyb3JlLWRlbHBsYWNlLXVuLXNpLWdyYW5kLXNvbGVpbC1jZXMtbWF1dmFpc2VzLXJlYWN0aW9ucy1xdS1lbGxlLXJlZG91dGUtYXByZXMtbGVzLXByb2NoYWluZXMtaW50cmlndWVzLWRlLXNvbi1wZXJzb25uYWdlLTU3NTkzNw==\">T\u00e9l\u00e9 Star<\/span> : \u00ab\u00a0<i>[Julien]\u00a0<\/i><i>est hant\u00e9 par la mort d&rsquo;Hugues, rattrap\u00e9 par ses cauchemars, encore fragilis\u00e9 par sa r\u00e9cente s\u00e9paration avec Alice&#8230;<\/i>\u00a0\u00bb Une p\u00e9riode sombre qui s&rsquo;annonce donc pour le directeur de L Cosm\u00e9tiques, mais qui permettra aux t\u00e9l\u00e9spectateurs d&rsquo;appr\u00e9cier le retour d&rsquo;un personnage que l&rsquo;on adorait d\u00e9tester !<\/span><\/p>\n<\/div><\/div>\n<p><script async defer src=\"https:\/\/platform.instagram.com\/en_US\/embeds.js\"><\/script><br \/>\n<br \/>[ad_2]<br \/>\n<br \/><a href=\"http:\/\/rss.allocine.fr\/~r\/ac\/actualites\/~3\/L3jQK4zq_wY\/fichearticle_gen_carticle=18697040.html\">Source link <\/a><\/p>\n","protected":false},"excerpt":{"rendered":"<p>[ad_1] Alors qu&rsquo;une nouvelle romance se profile entre Johanna et Julien, l&rsquo;ombre d&rsquo;un personnage disparu va venir hanter ce dernier &hellip; <a href=\"http:\/\/www.affinite.fr\/index.php\/2021\/02\/18\/un-si-grand-soleil-un-personnage-de-retour-pour-tourmenter-julien-news-series-a-la-tv\/\" class=\"more-link\">Plus <span class=\"screen-reader-text\">Un Si Grand Soleil : un personnage de retour pour tourmenter Julien &#8211; News S\u00e9ries \u00e0 la TV<\/span> <span class=\"meta-nav\">&rarr;<\/span><\/a><\/p>\n","protected":false},"author":1,"featured_media":5968,"comment_status":"open","ping_status":"open","sticky":false,"template":"","format":"standard","meta":{"_sitemap_exclude":false,"_sitemap_priority":"","_sitemap_frequency":"","footnotes":""},"categories":[1],"tags":[],"class_list":["post-5967","post","type-post","status-publish","format-standard","has-post-thumbnail","hentry","category-tous"],"_links":{"self":[{"href":"http:\/\/www.affinite.fr\/index.php\/wp-json\/wp\/v2\/posts\/5967"}],"collection":[{"href":"http:\/\/www.affinite.fr\/index.php\/wp-json\/wp\/v2\/posts"}],"about":[{"href":"http:\/\/www.affinite.fr\/index.php\/wp-json\/wp\/v2\/types\/post"}],"author":[{"embeddable":true,"href":"http:\/\/www.affinite.fr\/index.php\/wp-json\/wp\/v2\/users\/1"}],"replies":[{"embeddable":true,"href":"http:\/\/www.affinite.fr\/index.php\/wp-json\/wp\/v2\/comments?post=5967"}],"version-history":[{"count":0,"href":"http:\/\/www.affinite.fr\/index.php\/wp-json\/wp\/v2\/posts\/5967\/revisions"}],"wp:featuredmedia":[{"embeddable":true,"href":"http:\/\/www.affinite.fr\/index.php\/wp-json\/wp\/v2\/media\/5968"}],"wp:attachment":[{"href":"http:\/\/www.affinite.fr\/index.php\/wp-json\/wp\/v2\/media?parent=5967"}],"wp:term":[{"taxonomy":"category","embeddable":true,"href":"http:\/\/www.affinite.fr\/index.php\/wp-json\/wp\/v2\/categories?post=5967"},{"taxonomy":"post_tag","embeddable":true,"href":"http:\/\/www.affinite.fr\/index.php\/wp-json\/wp\/v2\/tags?post=5967"}],"curies":[{"name":"wp","href":"https:\/\/api.w.org\/{rel}","templated":true}]}}