{"id":596,"date":"2020-03-13T09:59:30","date_gmt":"2020-03-13T09:59:30","guid":{"rendered":"https:\/\/www.affinite.fr\/index.php\/2020\/03\/13\/leos-r5-sera-bien-lappareil-photo-de-limpossible\/"},"modified":"2020-03-13T09:59:30","modified_gmt":"2020-03-13T09:59:30","slug":"leos-r5-sera-bien-lappareil-photo-de-limpossible","status":"publish","type":"post","link":"http:\/\/www.affinite.fr\/index.php\/2020\/03\/13\/leos-r5-sera-bien-lappareil-photo-de-limpossible\/","title":{"rendered":"l\u2019EOS R5 sera bien \u00abl\u2019appareil photo de l\u2019impossible\u00bb"},"content":{"rendered":"<p> [ad_1]<br \/>\n<\/p>\n<div itemprop=\"articleBody\">\n<p>Trop beau pour \u00eatre vrai l\u2019EOS R5 ? Annonc\u00e9 par Canon le mois dernier pour un lancement dans le courant de l\u2019\u00e9t\u00e9, l\u2019<a href=\"https:\/\/www.01net.com\/actualites\/canon-annonce-developper-l-eos-r5-son-premier-hybride-capable-de-filmer-en-8k-1855669.html\" target=\"_blank\" rel=\"noopener noreferrer\">EOS R5 fait des promesses all\u00e9chantes<\/a>.<br \/>Il devrait \u00eatre le premier appareil photo \u00e0 filmer en 8K, il int\u00e9grerait (enfin !) une stabilisation de capteur (et qui plus est hyper efficace) et sa rafale a de quoi tenir t\u00eate \u00e0 l\u2019Alpha A9 de Sony.<br \/>Le probl\u00e8me, c\u2019est que de nombreuses rumeurs, publi\u00e9es sur le Net et les r\u00e9seaux sociaux d\u00e9nigrent le futur champion de Canon. \u00ab <em>Sp\u00e9cifications impossibles<\/em> \u00bb, \u00ab <em>C\u2019est de la fausse 8K<\/em> \u00bb, \u00ab <em>La 8K sera limit\u00e9e \u00e0 des timelapses<\/em> \u00bb, \u00ab<em> La m\u00e9moire tampon sera tr\u00e8s limit\u00e9e<\/em> \u00bb, etc. Comme Canon n&rsquo;a pas encore publi\u00e9 de fiche technique mais juste une annonce de d\u00e9veloppement, les fans et d\u00e9tracteurs psychotent dans leur coin.<\/p>\n<figure class=\"figure text-center\"><img decoding=\"async\" class=\"article-img img-responsive-l\" src=\"https:\/\/img.bfmtv.com\/c\/0\/708\/d21\/5a0a92124dbd5b2a6e15036aceb4e.jpg\" alt=\"\"\/><figcaption class=\"figure-caption figcaption color-txt-0 title-xs hidden-xs\"\/><\/figure>\n<p>Alors qu&rsquo;il se comporte g\u00e9n\u00e9ralement comme un g\u00e9ant silencieux, Canon s&rsquo;est retrouv\u00e9 ici bless\u00e9 dans son orgueil. Il a donc d\u00e9cid\u00e9 de sortir de son mutisme. Dans une contre-communication tr\u00e8s rare, le num\u00e9ro 1 mondial de l\u2019image met les pendules \u00e0 l\u2019heure. Le communiqu\u00e9 de presse de Canon enfonce d\u00e9j\u00e0 le clou c\u00f4t\u00e9 8K en affirmant que le bo\u00eetier hybride \u00e0 capteur plein format aura \u00ab <em>la capacit\u00e9 \u00e0 enregistrer en 8K en interne sur toute la largeur du capteur jusqu\u2019\u00e0 30p<\/em> \u00bb et \u00ab <em>qu\u2019il int\u00e9grera le c\u00e9l\u00e8bre syst\u00e8me AF Canon \u2018CMOS Dual Pixel\u2018 dans tous les modes y compris en vid\u00e9o 8k <\/em>\u00bb.<\/p>\n<aside class=\"bg-color-0 padding-inside-all-s bloc border-s\">\n<h4 class=\"box-txt-normal\">\n<div class=\"\">\n<p><strong>\u00c0 d\u00e9couvrir aussi en vid\u00e9o<\/strong><\/p>\n<\/div>\n<\/h4>\n<\/aside>\n<p>En clair,\u00a0pas de <em>crop<\/em> vid\u00e9o en 8K et l\u2019autofocus sera bien actif dans ce mode. Canon paye ici ses errements dans les hybrides, avec des EOS R et EOS RP non seulement globalement d\u00e9cevants en photo (pas de stabilisation du capteur, m\u00e9moire tampon limit\u00e9e), mais aussi \u00e0 la tra\u00eene\u00a0c\u00f4t\u00e9 vid\u00e9o puisque les deux bo\u00eetiers imposent un recadrage de x1.8 en vid\u00e9o. Canon est ici explicite : non seulement l\u2019EOS R5 a bel et bien d\u00e9pass\u00e9 ces limites, mais en plus il est capable de conserver la nature des focales en 8K.<\/p>\n<figure class=\"figure text-center\"><img decoding=\"async\" class=\"article-img img-responsive-l\" src=\"https:\/\/img.bfmtv.com\/c\/1200\/1144\/486\/80fbf1c8c03e91e720fbaa5abdc9d.jpg\" alt=\"\"\/><figcaption class=\"figure-caption figcaption color-txt-0 title-xs hidden-xs\"\/><\/figure>\n<p>L\u2019autre doute que Canon souhaite lever, c\u2019est que le capteur du bo\u00eetier \u2013 dont la d\u00e9finition sera n\u00e9cessairement sup\u00e9rieure \u00e0 36 Mpix puisque\u00a0la d\u00e9finition de la vid\u00e9o 8K en 16\/9 est de 33 Mpix \u2013 sera bien capable de g\u00e9rer la d\u00e9tection des visages et des yeux.<br \/>Mieux, le nouveau communiqu\u00e9 de presse de Canon garantit l\u2019arriv\u00e9e du mode \u00ab animaux \u00bb qui sera non seulement capable de reconna\u00eetre leurs yeux, mais aussi de faire le point sur la t\u00eate ou le corps quand leurs yeux ne sont pas visibles.<\/p>\n<p>Finalement, Canon garantit les cadences de rafale \u00e0 12 i\/s par seconde en obturateur m\u00e9canique et 20 images par seconde en obturateur m\u00e9canique ainsi que la pr\u00e9sence de deux logements pour cartes m\u00e9moire \u2013 qui faisait cruellement d\u00e9faut \u00e0 l\u2019EOS R.<br \/>Seul regret,\u00a0Canon n\u2019a pas communiqu\u00e9 sur la profondeur de la m\u00e9moire tampon en rafale (30 images ? 50 images ?).<\/p>\n<aside class=\"bg-color-0 padding-inside-all-s bloc border-s\">\n<h4 class=\"box-txt-normal\">\n<div class=\"\">\n<p><strong>\u00c0 d\u00e9couvrir aussi en vid\u00e9o<\/strong><\/p>\n<\/div>\n<\/h4>\n<\/aside>\n<p>En tous les cas, Canon semble s\u2019\u00eatre (enfin ?) retrouss\u00e9 les manches et refuse de laisser courir les ragots \u00e0 propos de son prochain bo\u00eetier phare. C\u2019est donc peu de dire que nous avons h\u00e2te de tester la b\u00eate qui devrait arriver d\u2019ici les mois de mai ou juin, la pand\u00e9mie caus\u00e9e par le SARS-Cov-2 laissant planer une certaine incertitude sur le\u00a0calendrier de lancement.<\/p>\n<\/p><\/div>\n<p><script>\n         !function(f,b,e,v,n,t,s){if(f.fbq)return;n=f.fbq=function()\n         {n.callMethod? n.callMethod.apply(n,arguments):n.queue.push(arguments)}\n         ;if(!f._fbq)f._fbq=n;\n             n.push=n;n.loaded=!0;n.version='2.0';n.queue=[];t=b.createElement(e);t.async=!0;\n             t.src=v;s=b.getElementsByTagName(e)[0];s.parentNode.insertBefore(t,s)}(window,\n                 document,'script','https:\/\/connect.facebook.net\/en_US\/fbevents.js');\n         fbq('init', '1065890633454496');\n         fbq('track', 'PageView');\n     <\/script><br \/>\n<br \/>[ad_2]<br \/>\n<br \/><a href=\"https:\/\/www.01net.com\/actualites\/canon-l-eos-r5-sera-bien-l-appareil-photo-de-l-impossible-1874263.html\">Source link <\/a><\/p>\n","protected":false},"excerpt":{"rendered":"<p>[ad_1] Trop beau pour \u00eatre vrai l\u2019EOS R5 ? Annonc\u00e9 par Canon le mois dernier pour un lancement dans le &hellip; <a href=\"http:\/\/www.affinite.fr\/index.php\/2020\/03\/13\/leos-r5-sera-bien-lappareil-photo-de-limpossible\/\" class=\"more-link\">Plus <span class=\"screen-reader-text\">l\u2019EOS R5 sera bien \u00abl\u2019appareil photo de l\u2019impossible\u00bb<\/span> <span class=\"meta-nav\">&rarr;<\/span><\/a><\/p>\n","protected":false},"author":1,"featured_media":597,"comment_status":"open","ping_status":"open","sticky":false,"template":"","format":"standard","meta":{"_sitemap_exclude":false,"_sitemap_priority":"","_sitemap_frequency":"","footnotes":""},"categories":[1],"tags":[],"class_list":["post-596","post","type-post","status-publish","format-standard","has-post-thumbnail","hentry","category-tous"],"_links":{"self":[{"href":"http:\/\/www.affinite.fr\/index.php\/wp-json\/wp\/v2\/posts\/596"}],"collection":[{"href":"http:\/\/www.affinite.fr\/index.php\/wp-json\/wp\/v2\/posts"}],"about":[{"href":"http:\/\/www.affinite.fr\/index.php\/wp-json\/wp\/v2\/types\/post"}],"author":[{"embeddable":true,"href":"http:\/\/www.affinite.fr\/index.php\/wp-json\/wp\/v2\/users\/1"}],"replies":[{"embeddable":true,"href":"http:\/\/www.affinite.fr\/index.php\/wp-json\/wp\/v2\/comments?post=596"}],"version-history":[{"count":0,"href":"http:\/\/www.affinite.fr\/index.php\/wp-json\/wp\/v2\/posts\/596\/revisions"}],"wp:featuredmedia":[{"embeddable":true,"href":"http:\/\/www.affinite.fr\/index.php\/wp-json\/wp\/v2\/media\/597"}],"wp:attachment":[{"href":"http:\/\/www.affinite.fr\/index.php\/wp-json\/wp\/v2\/media?parent=596"}],"wp:term":[{"taxonomy":"category","embeddable":true,"href":"http:\/\/www.affinite.fr\/index.php\/wp-json\/wp\/v2\/categories?post=596"},{"taxonomy":"post_tag","embeddable":true,"href":"http:\/\/www.affinite.fr\/index.php\/wp-json\/wp\/v2\/tags?post=596"}],"curies":[{"name":"wp","href":"https:\/\/api.w.org\/{rel}","templated":true}]}}