{"id":5959,"date":"2021-02-16T02:26:26","date_gmt":"2021-02-16T02:26:26","guid":{"rendered":"https:\/\/www.affinite.fr\/index.php\/2021\/02\/16\/je-te-promets-une-reference-au-pere-noel-est-une-ordure-sest-elle-glissee-dans-la-serie-de-tf1-news-series-a-la-tv\/"},"modified":"2021-02-16T02:26:26","modified_gmt":"2021-02-16T02:26:26","slug":"je-te-promets-une-reference-au-pere-noel-est-une-ordure-sest-elle-glissee-dans-la-serie-de-tf1-news-series-a-la-tv","status":"publish","type":"post","link":"http:\/\/www.affinite.fr\/index.php\/2021\/02\/16\/je-te-promets-une-reference-au-pere-noel-est-une-ordure-sest-elle-glissee-dans-la-serie-de-tf1-news-series-a-la-tv\/","title":{"rendered":"Je te promets : une r\u00e9f\u00e9rence au P\u00e8re No\u00ebl est une ordure s&rsquo;est-elle gliss\u00e9e dans la s\u00e9rie de TF1 ? &#8211; News S\u00e9ries \u00e0 la TV"},"content":{"rendered":"<p> [ad_1]<br \/>\n<\/p>\n<p>Dans l&rsquo;\u00e9pisode 6 de \u00ab\u00a0Je te promets\u00a0\u00bb, diffus\u00e9 ce soir sur TF1, une s\u00e9quence mettant en sc\u00e8ne Maud (Marilou Berry) semble faire r\u00e9f\u00e9rence au film \u00ab\u00a0Le P\u00e8re No\u00ebl est une ordure\u00a0\u00bb et au personnage de Josiane Balasko. Mais le clin d&rsquo;oeil est-il volontaire ?<\/p>\n<div id=\"article-content\">\n<figure class=\"article-figure article-main-figure\"><img loading=\"lazy\" decoding=\"async\" class=\"article-figure-img\" width=\"640\" height=\"360\" src=\"https:\/\/fr.web.img3.acsta.net\/r_640_360\/newsv7\/21\/02\/15\/21\/27\/2019218.jpg\"\/><figcaption class=\"article-figcaption-copy\">JEAN-PHILIPPE BALTEL \/ AUTHENTIC PROD\/TF1<\/figcaption><\/figure>\n<p>Lanc\u00e9e le 1er f\u00e9vrier devant 5 millions de t\u00e9l\u00e9spectateurs en moyenne, <a title=\"Je te promets (France) (Drame,Famille,Soap)\" href=\"http:\/\/www.allocine.fr\/series\/ficheserie_gen_cserie=24217.html\">Je te promets<\/a>, l&rsquo;adaptation fran\u00e7aise de <a title=\"This Is Us (U.S.A.) (Drame)\" href=\"http:\/\/www.allocine.fr\/series\/ficheserie_gen_cserie=19992.html\">This Is Us<\/a>\u00a0emmen\u00e9e par <a title=\"Hugo Becker (France) (Acteur,R\u00e9alisateur,Sc\u00e9nariste)\" href=\"http:\/\/www.allocine.fr\/personne\/fichepersonne_gen_cpersonne=482078.html\">Hugo Becker<\/a>, <a title=\"Camille Lou (France) (Acteur)\" href=\"http:\/\/www.allocine.fr\/personne\/fichepersonne_gen_cpersonne=689851.html\">Camille Lou<\/a>, <a title=\"Marilou Berry (France) (Acteur,R\u00e9alisateur,Dialoguiste)\" href=\"http:\/\/www.allocine.fr\/personne\/fichepersonne_gen_cpersonne=95475.html\">Marilou Berry<\/a>, <a title=\"Narcisse Mame (France) (Acteur)\" href=\"http:\/\/www.allocine.fr\/personne\/fichepersonne_gen_cpersonne=757151.html\">Narcisse Mame<\/a>, et <a title=\"Guillaume Labb\u00e9 (France) (Acteur,Sc\u00e9nariste)\" href=\"http:\/\/www.allocine.fr\/personne\/fichepersonne_gen_cpersonne=542018.html\">Guillaume Labb\u00e9<\/a>, continue ce lundi soir sur TF1 avec deux nouveaux \u00e9pisodes. Et si l&rsquo;\u00e9pisode 6, diffus\u00e9 d\u00e8s 22h, est un \u00e9pisode charni\u00e8re pour les h\u00e9ros, puisque le r\u00e9veillon de No\u00ebl de la famille Gallo va \u00eatre chamboul\u00e9 par une r\u00e9v\u00e9lation qui va profond\u00e9ment \u00e9branler Mathis, il met \u00e9galement en sc\u00e8ne une s\u00e9quence tr\u00e8s dr\u00f4le impliquant Maud, qui fait forc\u00e9ment un peu penser au <a title=\"Le P\u00e8re No\u00ebl est une ordure (France) - 1982 (Com\u00e9die)\" href=\"http:\/\/www.allocine.fr\/film\/fichefilm_gen_cfilm=4478.html\">P\u00e8re No\u00ebl est une ordure<\/a>. Mais est-ce vraiment une r\u00e9f\u00e9rence volontaire au film culte de <a title=\"Jean-Marie Poir\u00e9 (France) (Sc\u00e9nariste,R\u00e9alisateur,Acteur)\" href=\"http:\/\/www.allocine.fr\/personne\/fichepersonne_gen_cpersonne=5118.html\">Jean-Marie Poir\u00e9<\/a>\u00a0sorti en 1982 ?<\/p>\n<p>Dans la sc\u00e8ne en question, alors que No\u00ebl bat son plein au sein de l&rsquo;entreprise o\u00f9 elle travaille, Maud se retrouve coinc\u00e9e au sous-sol, dans une salle de r\u00e9union en travaux. Priv\u00e9e de r\u00e9seau sur son portable, et sans personne \u00e0 proximit\u00e9 pour lui venir en aide, la jeune femme appelle au secours, en vain. Et c&rsquo;est cette situation, et surtout les expressions de Marilou Berry lorsque son personnage s&rsquo;\u00e9crie \u00ab\u00a0Y&rsquo;a quelqu&rsquo;un ? Je suis enferm\u00e9e en bas\u00a0\u00bb, qui \u00e9voquent les s\u00e9quences du P\u00e8re No\u00ebl est une ordure durant lesquelle Madame Musquin, incarn\u00e9e par <a title=\"Josiane Balasko (France) (Acteur,Sc\u00e9nariste,R\u00e9alisateur)\" href=\"http:\/\/www.allocine.fr\/personne\/fichepersonne_gen_cpersonne=8124.html\">Josiane Balasko<\/a>, la m\u00e8re de Marilou Berry, se retrouve enferm\u00e9e dans l&rsquo;ascenseur et commence \u00e0 perdre patience. Avant de crier \u00ab\u00a0Minuterie\u00a0\u00bb ou de jouer de la trompette pour que Pierre (<a title=\"Thierry Lhermitte (France) (Acteur,Sc\u00e9nariste,Producteur)\" href=\"http:\/\/www.allocine.fr\/personne\/fichepersonne_gen_cpersonne=6415.html\">Thierry Lhermitte<\/a>) vienne appuyer sur le bouton situ\u00e9 \u00e0 l&rsquo;\u00e9tage lorsqu&rsquo;elle se retrouve dans le noir total.<\/p>\n<p><i>\u00ab\u00a0C&rsquo;est marrant car ma m\u00e8re vient de me parler de \u00e7a tout \u00e0 l&rsquo;heure, de la r\u00e9f\u00e9rence au P\u00e8re No\u00ebl est une ordure\u00a0\u00bb<\/i>, avoue Marilou Berry lorsqu&rsquo;on lui demande si la sc\u00e8ne de Je te promets o\u00f9 Maud se retrouve coinc\u00e9e au sous-sol a \u00e9t\u00e9 \u00e9crite ou jou\u00e9e volontairement ainsi, en r\u00e9f\u00e9rence au film du Splendid. Mais selon la com\u00e9dienne, il s&rsquo;agit probablement d&rsquo;une co\u00efncidence. <i>\u00ab\u00a0On nous le dit mais, honn\u00eatement, nous n&rsquo;y avons pas du tout pens\u00e9 en le tournant. En tout cas \u00e7a a \u00e9t\u00e9 \u00e9crit comme \u00e7a. Mais est-ce que c&rsquo;est voulu ? Je ne pense pas\u00a0\u00bb<\/i>.<\/p>\n<p>Reste que cette s\u00e9quence de l&rsquo;\u00e9pisode 6 est une preuve de plus de la touche d&rsquo;humour suppl\u00e9mentaire apport\u00e9e \u00e0 Je te promets par rapport \u00e0 This Is Us, la s\u00e9rie originale. Des moments de com\u00e9die qui passent notamment par Maud et par Tanguy (<a title=\"Marc Riso (France) (Acteur)\" href=\"http:\/\/www.allocine.fr\/personne\/fichepersonne_gen_cpersonne=865349.html\">Marc Riso<\/a>), son compagnon, et qui selon Marilou Berry \u00e9taient importants dans la construction de son personnage : <i>\u00ab\u00a0Cette touche d\u2019humour-l\u00e0 \u00e9tait importante pour moi car c\u2019est un trait de caract\u00e8re qu\u2019on retrouve souvent chez les gens qui ont besoin d\u2019avoir une carapace et de se prot\u00e9ger. Et c\u2019est ce qui m\u2019emb\u00eatait un peu dans This Is Us, m\u00eame si, encore une fois, je n\u2019ai pas vu l\u2019int\u00e9gralit\u00e9 de la premi\u00e8re saison de la version am\u00e9ricaine. Ce c\u00f4t\u00e9 un peu renferm\u00e9 dans elle-m\u00eame, immature, un peu noir, un peu ferm\u00e9. Il faut qu\u2019il y ait cette touche d\u2019humour. Qui existe d\u2019ailleurs chez Chrissy Metz et dans son personnage, car elle a de la r\u00e9partie et elle envoie bouler les gens. C\u2019\u00e9tait important pour moi que l\u2019humour existe vraiment \u00e0 travers le couple et \u00e0 travers mon personnage\u00a0\u00bb<\/i>.<\/p>\n<p><strong>La bande-annonce de Je te promets, diffus\u00e9e chaque lundi sur TF1 et disponible en int\u00e9gralit\u00e9 sur Salto :<\/strong><\/p>\n<p>\u00a0<\/p>\n<\/p><\/div>\n<p>[ad_2]<br \/>\n<br \/><a href=\"http:\/\/rss.allocine.fr\/~r\/ac\/actualites\/~3\/9q70BLnrEF0\/fichearticle_gen_carticle=18696949.html\">Source link <\/a><\/p>\n","protected":false},"excerpt":{"rendered":"<p>[ad_1] Dans l&rsquo;\u00e9pisode 6 de \u00ab\u00a0Je te promets\u00a0\u00bb, diffus\u00e9 ce soir sur TF1, une s\u00e9quence mettant en sc\u00e8ne Maud (Marilou &hellip; <a href=\"http:\/\/www.affinite.fr\/index.php\/2021\/02\/16\/je-te-promets-une-reference-au-pere-noel-est-une-ordure-sest-elle-glissee-dans-la-serie-de-tf1-news-series-a-la-tv\/\" class=\"more-link\">Plus <span class=\"screen-reader-text\">Je te promets : une r\u00e9f\u00e9rence au P\u00e8re No\u00ebl est une ordure s&rsquo;est-elle gliss\u00e9e dans la s\u00e9rie de TF1 ? &#8211; News S\u00e9ries \u00e0 la TV<\/span> <span class=\"meta-nav\">&rarr;<\/span><\/a><\/p>\n","protected":false},"author":1,"featured_media":5960,"comment_status":"open","ping_status":"open","sticky":false,"template":"","format":"standard","meta":{"_sitemap_exclude":false,"_sitemap_priority":"","_sitemap_frequency":"","footnotes":""},"categories":[1],"tags":[],"class_list":["post-5959","post","type-post","status-publish","format-standard","has-post-thumbnail","hentry","category-tous"],"_links":{"self":[{"href":"http:\/\/www.affinite.fr\/index.php\/wp-json\/wp\/v2\/posts\/5959"}],"collection":[{"href":"http:\/\/www.affinite.fr\/index.php\/wp-json\/wp\/v2\/posts"}],"about":[{"href":"http:\/\/www.affinite.fr\/index.php\/wp-json\/wp\/v2\/types\/post"}],"author":[{"embeddable":true,"href":"http:\/\/www.affinite.fr\/index.php\/wp-json\/wp\/v2\/users\/1"}],"replies":[{"embeddable":true,"href":"http:\/\/www.affinite.fr\/index.php\/wp-json\/wp\/v2\/comments?post=5959"}],"version-history":[{"count":0,"href":"http:\/\/www.affinite.fr\/index.php\/wp-json\/wp\/v2\/posts\/5959\/revisions"}],"wp:featuredmedia":[{"embeddable":true,"href":"http:\/\/www.affinite.fr\/index.php\/wp-json\/wp\/v2\/media\/5960"}],"wp:attachment":[{"href":"http:\/\/www.affinite.fr\/index.php\/wp-json\/wp\/v2\/media?parent=5959"}],"wp:term":[{"taxonomy":"category","embeddable":true,"href":"http:\/\/www.affinite.fr\/index.php\/wp-json\/wp\/v2\/categories?post=5959"},{"taxonomy":"post_tag","embeddable":true,"href":"http:\/\/www.affinite.fr\/index.php\/wp-json\/wp\/v2\/tags?post=5959"}],"curies":[{"name":"wp","href":"https:\/\/api.w.org\/{rel}","templated":true}]}}