{"id":594,"date":"2020-03-13T08:58:57","date_gmt":"2020-03-13T08:58:57","guid":{"rendered":"https:\/\/www.affinite.fr\/index.php\/2020\/03\/13\/la-dgccrf-va-infliger-une-nouvelle-amende-salee-a-apple\/"},"modified":"2020-03-13T08:58:57","modified_gmt":"2020-03-13T08:58:57","slug":"la-dgccrf-va-infliger-une-nouvelle-amende-salee-a-apple","status":"publish","type":"post","link":"http:\/\/www.affinite.fr\/index.php\/2020\/03\/13\/la-dgccrf-va-infliger-une-nouvelle-amende-salee-a-apple\/","title":{"rendered":"La DGCCRF va infliger une nouvelle amende sal\u00e9e \u00e0 Apple"},"content":{"rendered":"<p> [ad_1]<br \/>\n<br \/><img decoding=\"async\" src=\"https:\/\/img.bfmtv.com\/i\/0\/0\/873\/da86bfaeeb0cf80d5e45d2f292d61.jpeg\" \/><\/p>\n<div itemprop=\"articleBody\">\n<p class=\"MsoNormal\">L\u2019autorit\u00e9 de la concurrence va imposer une amende sal\u00e9e \u00e0 Apple. D\u2019apr\u00e8s des sources proches du dossier, la DGCCRF (Direction g\u00e9n\u00e9rale de la concurrence, de la consommation et de la r\u00e9pression des fraudes) reproche \u00e0 la firme de Cupertino des pratiques anticoncurrentielles dans son r\u00e9seau de distribution et de ventes, contraires aux lois fran\u00e7aises, ce qu\u2019Apple nie farouchement. La d\u00e9cision devrait \u00eatre rendue ce lundi 16 mars.<\/p>\n<h3 class=\"MsoNormal\" style=\"color:#333; font-family:arial,helvetica,sans-serif; font-size:23px; font-weight:700\"><strong>Deuxi\u00e8me amende de l\u2019ann\u00e9e pour Apple en France<\/strong><\/h3>\n<p class=\"MsoNormal\">Pour l\u2019heure, aucun d\u00e9tail sur le contenu ou le montant de l\u2019amende n\u2019a fuit\u00e9, et la DGCCRF s\u2019est refus\u00e9e \u00e0 tout commentaire.<\/p>\n<p class=\"MsoNormal\">Depuis le d\u00e9but de l\u2019ann\u00e9e, c\u2019est la deuxi\u00e8me amende qu\u2019Apple se voit infliger par l\u2019autorit\u00e9 de la concurrence en France. L\u2019entreprise californienne avait \u00e9cop\u00e9 d\u2019<a href=\"https:\/\/www.01net.com\/actualites\/apple-ecope-d-une-amende-record-pour-avoir-ralenti-ses-vieux-iphone-sans-le-dire-1853977.html\" target=\"_blank\" rel=\"noopener noreferrer\">une amende record de 25 millions d\u2019euros pour avoir ralenti ses vieux iPhone \u00e0 l\u2019aide d\u2019une mise \u00e0 jour d\u2019iOS<\/a>, sans en informer les utilisateurs.<\/p>\n<p class=\"MsoNormal\"><strong>Source\u00a0:<\/strong> <a href=\"https:\/\/www.reuters.com\/article\/us-apple-competition-france\/french-watchdog-to-fine-apple-over-anti-competitive-behaviour-sources-say-idUSKBN20Z33R\" target=\"_blank\" rel=\"noopener noreferrer\">Reuters<\/a><\/p>\n<\/p><\/div>\n<p><script>\n         !function(f,b,e,v,n,t,s){if(f.fbq)return;n=f.fbq=function()\n         {n.callMethod? n.callMethod.apply(n,arguments):n.queue.push(arguments)}\n         ;if(!f._fbq)f._fbq=n;\n             n.push=n;n.loaded=!0;n.version='2.0';n.queue=[];t=b.createElement(e);t.async=!0;\n             t.src=v;s=b.getElementsByTagName(e)[0];s.parentNode.insertBefore(t,s)}(window,\n                 document,'script','https:\/\/connect.facebook.net\/en_US\/fbevents.js');\n         fbq('init', '1065890633454496');\n         fbq('track', 'PageView');\n     <\/script><br \/>\n<br \/>[ad_2]<br \/>\n<br \/><a href=\"https:\/\/www.01net.com\/actualites\/la-dgccrf-va-infliger-une-nouvelle-amende-salee-a-apple-1874276.html\">Source link <\/a><\/p>\n","protected":false},"excerpt":{"rendered":"<p>[ad_1] L\u2019autorit\u00e9 de la concurrence va imposer une amende sal\u00e9e \u00e0 Apple. D\u2019apr\u00e8s des sources proches du dossier, la DGCCRF &hellip; <a href=\"http:\/\/www.affinite.fr\/index.php\/2020\/03\/13\/la-dgccrf-va-infliger-une-nouvelle-amende-salee-a-apple\/\" class=\"more-link\">Plus <span class=\"screen-reader-text\">La DGCCRF va infliger une nouvelle amende sal\u00e9e \u00e0 Apple<\/span> <span class=\"meta-nav\">&rarr;<\/span><\/a><\/p>\n","protected":false},"author":1,"featured_media":595,"comment_status":"open","ping_status":"open","sticky":false,"template":"","format":"standard","meta":{"_sitemap_exclude":false,"_sitemap_priority":"","_sitemap_frequency":"","footnotes":""},"categories":[1],"tags":[],"class_list":["post-594","post","type-post","status-publish","format-standard","has-post-thumbnail","hentry","category-tous"],"_links":{"self":[{"href":"http:\/\/www.affinite.fr\/index.php\/wp-json\/wp\/v2\/posts\/594"}],"collection":[{"href":"http:\/\/www.affinite.fr\/index.php\/wp-json\/wp\/v2\/posts"}],"about":[{"href":"http:\/\/www.affinite.fr\/index.php\/wp-json\/wp\/v2\/types\/post"}],"author":[{"embeddable":true,"href":"http:\/\/www.affinite.fr\/index.php\/wp-json\/wp\/v2\/users\/1"}],"replies":[{"embeddable":true,"href":"http:\/\/www.affinite.fr\/index.php\/wp-json\/wp\/v2\/comments?post=594"}],"version-history":[{"count":0,"href":"http:\/\/www.affinite.fr\/index.php\/wp-json\/wp\/v2\/posts\/594\/revisions"}],"wp:featuredmedia":[{"embeddable":true,"href":"http:\/\/www.affinite.fr\/index.php\/wp-json\/wp\/v2\/media\/595"}],"wp:attachment":[{"href":"http:\/\/www.affinite.fr\/index.php\/wp-json\/wp\/v2\/media?parent=594"}],"wp:term":[{"taxonomy":"category","embeddable":true,"href":"http:\/\/www.affinite.fr\/index.php\/wp-json\/wp\/v2\/categories?post=594"},{"taxonomy":"post_tag","embeddable":true,"href":"http:\/\/www.affinite.fr\/index.php\/wp-json\/wp\/v2\/tags?post=594"}],"curies":[{"name":"wp","href":"https:\/\/api.w.org\/{rel}","templated":true}]}}