{"id":5938,"date":"2021-02-13T14:25:10","date_gmt":"2021-02-13T14:25:10","guid":{"rendered":"https:\/\/www.affinite.fr\/index.php\/2021\/02\/13\/emmanuel-mouret-13-nominations-aux-cesar-et-un-nouveau-film-en-preparation-actus-cine\/"},"modified":"2021-02-13T14:25:10","modified_gmt":"2021-02-13T14:25:10","slug":"emmanuel-mouret-13-nominations-aux-cesar-et-un-nouveau-film-en-preparation-actus-cine","status":"publish","type":"post","link":"http:\/\/www.affinite.fr\/index.php\/2021\/02\/13\/emmanuel-mouret-13-nominations-aux-cesar-et-un-nouveau-film-en-preparation-actus-cine\/","title":{"rendered":"Emmanuel Mouret : 13 nominations aux C\u00e9sar et un nouveau film en pr\u00e9paration &#8211; Actus Cin\u00e9"},"content":{"rendered":"<p> [ad_1]<br \/>\n<\/p>\n<div id=\"article-container\">\n<p class=\"article-lead\">Alors que \u00ab\u00a0Les Choses qu&rsquo;on dit, les choses qu&rsquo;on fait\u00a0\u00bb part favori des prochains C\u00e9sar avec 13 nominations, Emmanuel Mouret travaille d\u00e9j\u00e0 sur son film suivant : \u00ab\u00a0Chronique d&rsquo;une liaison passag\u00e8re\u00a0\u00bb, avec Sandrine Kiberlain et Vincent Macaigne.<\/p>\n<div id=\"article-content\">\n<figure class=\"article-figure article-main-figure\"><img loading=\"lazy\" decoding=\"async\" class=\"article-figure-img\" width=\"640\" height=\"360\" src=\"https:\/\/fr.web.img2.acsta.net\/r_640_360\/newsv7\/21\/02\/11\/11\/47\/3757654.jpg\"\/><figcaption class=\"article-figcaption-copy\"> COADIC GUIREC \/ BESTIMAGE<\/figcaption><\/figure>\n<p>Laur\u00e9at du 31\u00e8 Prix des Auditeurs de France Inter,\u00a0<a title=\"Emmanuel Mouret (France) (Sc\u00e9nariste,R\u00e9alisateur,Acteur)\" href=\"http:\/\/www.allocine.fr\/personne\/fichepersonne_gen_cpersonne=20295.html\">Emmanuel Mouret<\/a> \u00e9tait l&rsquo;invit\u00e9 de l&rsquo;\u00e9mission <i>\u00ab\u00a0Le Masque et la plume\u00a0\u00bb<\/i> le <span class=\"ACraHRACr0cHM6Ly93d3cuZnJhbmNlaW50ZXIuZnIvZW1pc3Npb25zL2xlLW1hc3F1ZS1ldC1sYS1wbHVtZS9sZS1tYXNxdWUtZXQtbGEtcGx1bWUtMDctZmV2cmllci0yMDIx\" target=\"_blank\">dimanche 7 f\u00e9vrier<\/span>. D\u00e9j\u00e0 r\u00e9compens\u00e9 par la presse \u00e9trang\u00e8re avec le <span class=\"ACraHRACr0cHM6Ly93d3cuYWxsb2NpbmUuZnIvYXJ0aWNsZS9maWNoZWFydGljbGVfZ2VuX2NhcnRpY2xlPTE4Njk2MTAzLmh0bWw=\">Lumi\u00e8re du Meilleur Film<\/span> quelques semaines plus t\u00f4t, la r\u00e9alisateur fran\u00e7ais ne savait alors pas que <a title=\"Les Choses qu\u2019on dit, les choses qu\u2019on fait (France) - 2020 (Drame,Romance,Com\u00e9die)\" href=\"http:\/\/www.allocine.fr\/film\/fichefilm_gen_cfilm=278943.html\">Les Choses qu&rsquo;on dit, les choses qu&rsquo;on fait<\/a>, son dernier opus en date, partirait favori des prochains C\u00e9sar avec <span class=\"ACraHRACr0cHM6Ly93d3cuYWxsb2NpbmUuZnIvYXJ0aWNsZS9maWNoZWFydGljbGVfZ2VuX2NhcnRpY2xlPTE4Njk2NzMxLmh0bWw=\">13 nominations<\/span>. Mais il pensait d\u00e9j\u00e0 \u00e0 l&rsquo;apr\u00e8s, puisqu&rsquo;il a \u00e9voqu\u00e9 son projet suivant, visiblement bien avanc\u00e9.<\/p>\n<p><i>\u00ab\u00a0Je pr\u00e9pare un film dont le titre est un programme aussi car il contient sa fin. \u00c7a s&rsquo;appelle : <a title=\"Chronique d'une liaison passag\u00e8re (France) - 2021 (Com\u00e9die dramatique)\" href=\"http:\/\/www.allocine.fr\/film\/fichefilm_gen_cfilm=290159.html\">Chronique d&rsquo;une liaison passag\u00e8re<\/a>\u00ab\u00a0<\/i>, a r\u00e9v\u00e9l\u00e9 le metteur en sc\u00e8ne. <i>\u00ab\u00a0C&rsquo;est le r\u00e9cit de deux amants, et la particularit\u00e9 formelle de ce r\u00e9cit, c&rsquo;est qu&rsquo;on se retrouve \u00e0 tous les rendez-vous de ces amants. On ne voit pas leur vie \u00e0 c\u00f4t\u00e9. On suit une sorte de &lsquo;Sc\u00e8nes de la vie extraconjugale&rsquo;, si on peut partir du film de\u00a0<a title=\"Ingmar Bergman (Su\u00e8de) (Sc\u00e9nariste,R\u00e9alisateur,Acteur)\" href=\"http:\/\/www.allocine.fr\/personne\/fichepersonne_gen_cpersonne=361.html\">Bergman<\/a> [<a title=\"Sc\u00e8nes de la vie conjugale (Su\u00e8de) - 1973 (Drame)\" href=\"http:\/\/www.allocine.fr\/film\/fichefilm_gen_cfilm=76232.html\">Sc\u00e8nes de la vie conjugale<\/a>] (\u2026) Le tournage est pr\u00e9vu pour la toute fin du mois d&rsquo;avril (\u2026)\u00a0<a title=\"Sandrine Kiberlain (France) (Acteur,Sc\u00e9nariste,R\u00e9alisateur)\" href=\"http:\/\/www.allocine.fr\/personne\/fichepersonne_gen_cpersonne=2083.html\">Sandrine Kiberlain<\/a> et\u00a0<a title=\"Vincent Macaigne (France) (Acteur,R\u00e9alisateur,Sc\u00e9nariste)\" href=\"http:\/\/www.allocine.fr\/personne\/fichepersonne_gen_cpersonne=180052.html\">Vincent Macaigne<\/a> vont jouer ces amants.\u00a0\u00bb<\/i><\/p>\n<p>Si la com\u00e9dienne, attendue dans\u00a0<a title=\"Les 2 Alfred (France) - 2020 (Com\u00e9die)\" href=\"http:\/\/www.allocine.fr\/film\/fichefilm_gen_cfilm=278933.html\">Les 2 Alfred<\/a> de <a title=\"Bruno Podalyd\u00e8s (France) (Acteur,Sc\u00e9nariste,R\u00e9alisateur)\" href=\"http:\/\/www.allocine.fr\/personne\/fichepersonne_gen_cpersonne=2076.html\">Bruno Podalyd\u00e8s<\/a>, fera ses premiers pas dans l&rsquo;univers d&rsquo;Emmanuel Mouret, Vincent Macaigne n&rsquo;y est pas \u00e9tranger. Ce sera en effet sa deuxi\u00e8me collaboration d&rsquo;affil\u00e9e avec le r\u00e9alisateur, qui l&rsquo;a dirig\u00e9 dans Les Choses qu&rsquo;on dit, les choses qu&rsquo;on fait. Un r\u00f4le qui lui vaut d&rsquo;ailleurs une nomination pour le C\u00e9sar du Meilleur Acteur dans un Second R\u00f4le. Rendez-vous le 12 mars pour le palmar\u00e8s, et en 2022 (ou d\u00e8s 2021 ?) pour d\u00e9couvrir cette Chronique d&rsquo;une liaison passag\u00e8re.<\/p>\n<p><strong>\u00ab\u00a0Les Choses qu&rsquo;on dit, les choses qu&rsquo;on fait\u00a0\u00bb est disponibe en vid\u00e9o depuis le 3 f\u00e9vrier :<\/strong><\/p>\n<\/p><\/div>\n<\/p><\/div>\n<p>[ad_2]<br \/>\n<br \/><a href=\"http:\/\/rss.allocine.fr\/~r\/ac\/actualites\/~3\/pYsmoDJ7JNY\/fichearticle_gen_carticle=18696821.html\">Source link <\/a><\/p>\n","protected":false},"excerpt":{"rendered":"<p>[ad_1] Alors que \u00ab\u00a0Les Choses qu&rsquo;on dit, les choses qu&rsquo;on fait\u00a0\u00bb part favori des prochains C\u00e9sar avec 13 nominations, Emmanuel &hellip; <a href=\"http:\/\/www.affinite.fr\/index.php\/2021\/02\/13\/emmanuel-mouret-13-nominations-aux-cesar-et-un-nouveau-film-en-preparation-actus-cine\/\" class=\"more-link\">Plus <span class=\"screen-reader-text\">Emmanuel Mouret : 13 nominations aux C\u00e9sar et un nouveau film en pr\u00e9paration &#8211; Actus Cin\u00e9<\/span> <span class=\"meta-nav\">&rarr;<\/span><\/a><\/p>\n","protected":false},"author":1,"featured_media":5939,"comment_status":"open","ping_status":"open","sticky":false,"template":"","format":"standard","meta":{"_sitemap_exclude":false,"_sitemap_priority":"","_sitemap_frequency":"","footnotes":""},"categories":[1],"tags":[],"class_list":["post-5938","post","type-post","status-publish","format-standard","has-post-thumbnail","hentry","category-tous"],"_links":{"self":[{"href":"http:\/\/www.affinite.fr\/index.php\/wp-json\/wp\/v2\/posts\/5938"}],"collection":[{"href":"http:\/\/www.affinite.fr\/index.php\/wp-json\/wp\/v2\/posts"}],"about":[{"href":"http:\/\/www.affinite.fr\/index.php\/wp-json\/wp\/v2\/types\/post"}],"author":[{"embeddable":true,"href":"http:\/\/www.affinite.fr\/index.php\/wp-json\/wp\/v2\/users\/1"}],"replies":[{"embeddable":true,"href":"http:\/\/www.affinite.fr\/index.php\/wp-json\/wp\/v2\/comments?post=5938"}],"version-history":[{"count":0,"href":"http:\/\/www.affinite.fr\/index.php\/wp-json\/wp\/v2\/posts\/5938\/revisions"}],"wp:featuredmedia":[{"embeddable":true,"href":"http:\/\/www.affinite.fr\/index.php\/wp-json\/wp\/v2\/media\/5939"}],"wp:attachment":[{"href":"http:\/\/www.affinite.fr\/index.php\/wp-json\/wp\/v2\/media?parent=5938"}],"wp:term":[{"taxonomy":"category","embeddable":true,"href":"http:\/\/www.affinite.fr\/index.php\/wp-json\/wp\/v2\/categories?post=5938"},{"taxonomy":"post_tag","embeddable":true,"href":"http:\/\/www.affinite.fr\/index.php\/wp-json\/wp\/v2\/tags?post=5938"}],"curies":[{"name":"wp","href":"https:\/\/api.w.org\/{rel}","templated":true}]}}