{"id":5934,"date":"2021-02-12T19:41:06","date_gmt":"2021-02-12T19:41:06","guid":{"rendered":"https:\/\/www.affinite.fr\/index.php\/2021\/02\/12\/regions-en-alerte-aux-variants-nombre-de-cas\/"},"modified":"2021-02-12T19:41:06","modified_gmt":"2021-02-12T19:41:06","slug":"regions-en-alerte-aux-variants-nombre-de-cas","status":"publish","type":"post","link":"http:\/\/www.affinite.fr\/index.php\/2021\/02\/12\/regions-en-alerte-aux-variants-nombre-de-cas\/","title":{"rendered":"r\u00e9gions en alerte aux variants, nombre de cas"},"content":{"rendered":"<p> [ad_1]<br \/>\n<\/p>\n<p>\n                CORONAVIRUS DIRECT &#8211; En France, la circulation de 3\u00a0variants maintient l&rsquo;\u00e9pid\u00e9mie \u00e0 un niveau \u00e9lev\u00e9 de contaminations, notamment en Moselle, en Dordogne. La situation se d\u00e9grade en Ile-de-France et dans les Hauts-de-France. Nombres de nouveaux cas, de d\u00e9c\u00e8s, derniers chiffres et actus.            <\/p>\n<div>\n<aside class=\"ccmsummary marqueur_module ccmcss_cms_summary ccmcss_cms_summary--right\">\n<p>\u00a0Sommaire<\/p>\n<\/aside>\n<p><strong>[Mis\u00a0\u00e0 jour le vendredi 12 f\u00e9vrier \u00e0 20h15<\/strong><b>]\u00a0<\/b>En France depuis le d\u00e9but de l&rsquo;\u00e9pid\u00e9mie de Covid-19,\u00a0<strong>1\u00a0personne sur 25\u00a0a \u00e9t\u00e9 infect\u00e9e par le virus,<\/strong> informe la <a href=\"https:\/\/www.has-sante.fr\/jcms\/p_3234447\/fr\/covid-19-se-vacciner-decider-avec-son-medecin\" target=\"_blank\" rel=\"noopener noreferrer\">Haute Autorit\u00e9 de Sant\u00e9<\/a>. Sur la premi\u00e8re semaine de f\u00e9vrier, Sant\u00e9 Publique France confirme dans son point hebdomadaire du 11 que la circulation du SARS-CoV-2 se maintient \u00e0 un<strong> niveau tr\u00e8s \u00e9lev\u00e9 tout comme les\u00a0nombres de nouveaux cas confirm\u00e9s, d&rsquo;hospitalisations et d&rsquo;admissions en r\u00e9animation<\/strong>. Vendredi, la pression baisse un peu dans les h\u00f4pitaux \u00e0 l&rsquo;\u00e9chelle nationale, mais certaines r\u00e9gions (Ile-de-France, Hauts-de-France) voient une augmentation des indicateurs. Jeudi 11 f\u00e9vrier,\u00a0Olivier V\u00e9ran a fait un point sur la\u00a0pr\u00e9sence des 3 variants de la Covid dans le pays\u00a0: \u00ab\u00a0<em><strong>Le variant britannique serait responsable de 20\u00a0\u00e0 25% des infections<\/strong> au coronavirus en France d\u00e9sormais. La proportion des <strong>variants sud-africain et br\u00e9silien serait de 4\u00a0\u00e0 5% <\/strong>dans le pays mais sa r\u00e9partition reste tr\u00e8s h\u00e9t\u00e9rog\u00e8ne<\/em>\u00a0\u00bb explique le ministre qui s&rsquo;inqui\u00e8te de leur plus grande contagiosit\u00e9. La pr\u00e9sence des variants sud-africain et br\u00e9silien est plus marqu\u00e9e\u00a0<strong>en Dordogne et en Moselle (300 cas confirm\u00e9s)<\/strong>. La piste d&rsquo;un <strong>confinement <\/strong>n&rsquo;est pas \u00e0 exclure\u00a0: \u00ab\u00a0<em>Les prochaines semaines nous diront si les mesures actuelles suffisent ou s&rsquo;il faut se r\u00e9signer \u00e0 prendre des mesures de type confinement. Nous esp\u00e9rons gagner suffisamment de temps pour \u00e9viter un confinement<\/em>\u00ab\u00a0, a r\u00e9affirm\u00e9 Olivier V\u00e9ran<em>.\u00a0<\/em>Le parlement a donn\u00e9 son aval le 9 f\u00e9vrier \u00e0 la <strong>prolongation de l&rsquo;\u00e9tat d&rsquo;urgence sanitaire jusqu&rsquo;au 1er juin<\/strong> prochain face \u00e0 la situation sanitaire particuli\u00e8rement pr\u00e9occupante, li\u00e9e \u00e0 l&rsquo;\u00e9mergence des variants. Quelles sont les <strong>derni\u00e8res\u00a0annonces du gouvernement<\/strong>\u00a0?\u00a0Que disent les\u00a0<a data-auth=\"NotApplicable\" href=\"https:\/\/sante.journaldesfemmes.fr\/fiches-maladies\/2667643-carte-covid-19-france-zone-rouge-departement-region-ile-de-france-europe-monde-temps-reel\/\" rel=\"noopener noreferrer\" target=\"_blank\">cartes<\/a> de suivi de l&rsquo;\u00e9pid\u00e9mie ? Quelles sont les r\u00e9gions sous tension hospitali\u00e8re ?\u00a0<a data-auth=\"NotApplicable\" href=\"https:\/\/sante.journaldesfemmes.fr\/fiches-maladies\/2629823-taux-de-reproduction-covid-france-coronavirus-r0-r-effectif-calcul-evolution-aujourd-hui-definition\/\" rel=\"noopener noreferrer\" target=\"_blank\">Quel est le taux de R0 du coronavirus en France<\/a>\u00a0? Quand est-on contagieux ? Que sait-on des\u00a0<a href=\"https:\/\/sante.journaldesfemmes.fr\/fiches-maladies\/2620433-vaccin-coronavirus-covid-19-europe-pfizer-moderna-sanofi-astrazeneca-curevac-test-enfant-dose-has\/\" target=\"_blank\" rel=\"noopener noreferrer\">vaccins<\/a>\u00a0? Des\u00a0<a href=\"https:\/\/sante.journaldesfemmes.fr\/fiches-maladies\/2686947-effets-secondaires-indesirable-vaccin-covid-ansm-france-pfizer-moderna-astrazeneca-deces-paralysie\/\" target=\"_blank\" rel=\"noopener noreferrer\">effets secondaires<\/a>\u00a0apr\u00e8s la vaccination ? Chiffres et infos du jour.<\/p>\n<ul>\n<li><strong>Vaccin CureVac.<\/strong>\u00a0L&rsquo;Agence europ\u00e9enne des m\u00e9dicaments (EMA) a annonc\u00e9 vendredi d\u00e9buter un \u00ab\u00a0examen continu\u00a0\u00bb du vaccin allemand CureVac contre le Covid-19, premi\u00e8re \u00e9tape\u00a0avant une demande d&rsquo;autorisation de mise sur le march\u00e9 dans l&rsquo;UE.<\/li>\n<li><strong>Une seule dose de vaccin ?\u00a0<\/strong>Les autorit\u00e9s sanitaires fran\u00e7aises ont recommand\u00e9 vendredi de \u00ab\u00a0<em>ne proposer qu&rsquo;une seule dose<\/em>\u00a0\u00bb de vaccin contre le Covid-19\u00a0aux personnes \u00ab\u00a0<em>ayant d\u00e9j\u00e0 fait une infection<\/em>\u00a0\u00bb au coronavirus. La France est le premier pays \u00e0 formuler une telle recommandation, pariant sur la \u00ab\u00a0<em>m\u00e9moire immunitaire\u00a0\u00bb<\/em> chez les personnes gu\u00e9ries du Covid-19.\u00a0La dose unique de vaccin aurait \u00ab\u00a0<em>un r\u00f4le de rappel<\/em>\u00ab\u00a0, explique la Haute autorit\u00e9 de sant\u00e9 (HAS) dans son avis rendu au\u00a0gouvernement.<\/li>\n<li><strong>Nombre de cas en baisse.<\/strong> Le nombre de contaminations\u00a0enregistr\u00e9es quotidiennement cette semaine a l\u00e9g\u00e8rement chut\u00e9 \u00e0 412 700, soit -16% par rapport \u00e0 la\u00a0semaine pass\u00e9e. La baisse a \u00e9t\u00e9 entam\u00e9 \u00e0 partir du 12 janvier, selon le bilan de l&rsquo;AFP arr\u00eat\u00e9 jeudi.<\/li>\n<li><strong>Origine du SARS-CoV2.<\/strong>\u00a0La d\u00e9l\u00e9gation d&rsquo;experts de l&rsquo;OMS charg\u00e9e d&rsquo;enqu\u00eater sur les causes du coronavirus en Chine a indiqu\u00e9 vendredi que \u00ab\u00a0toutes les hypoth\u00e8ses\u00a0\u00bb restaient pour l&rsquo;instant possibles.\u00a0L&rsquo;hypoth\u00e8se selon laquelle le virus se serait\u00a0\u00e9chapp\u00e9\u00a0de l&rsquo;institut de virologie de Wuhan n&rsquo;est\u00a0pas donc pas compl\u00e8tement \u00e9cart\u00e9e. Lors de leur conf\u00e9rence de presse \u00e0 Wuhan \u00e0 la fin de leur mission, les experts avaient pourtant\u00a0exclue cette hypoth\u00e8se.<\/li>\n<li><strong>Acc\u00e9l\u00e9ration de la vaccination en Moselle. <\/strong>Le ministre de la sant\u00e9, Olivier V\u00e9ran en d\u00e9placement en Moselle vendredi a annonc\u00e9\u00a0une acc\u00e9l\u00e9ration des campagnes de vaccination et de d\u00e9pistage dans le d\u00e9partement touch\u00e9 par une flamb\u00e9e des contaminations aux variants.\u00a0\u00ab\u00a0<em>Le covid-19\u00a0circule plus rapidement dans le d\u00e9partement que sur le reste du territoire (300\u00a0cas pour 100.000\u00a0habitants), a indiqu\u00e9 le ministre.\u00a0Le nombre de cas de variants augmente : 100\u00a0nouveaux cas par jour sont actuellement d\u00e9tect\u00e9s<\/em>\u00ab\u00a0.\u00a0Le maire de Metz, Fran\u00e7ois Grosdidier, avait r\u00e9clam\u00e9 plus t\u00f4t la fermeture anticip\u00e9e des \u00e9coles de sa commune.<\/li>\n<li><strong>Spray nasal et Covid.<\/strong>\u00a0P&amp;B Group annonce le 11 f\u00e9vrier la mise sur le march\u00e9 en France, le 1er mars, de son spray nasal \u00e9liminant 99% de la charge virale. Ce spray nasal \u00e0 base d&rsquo;eau ionis\u00e9e \u00e0 40% a fait l&rsquo;objet d&rsquo;une d\u00e9claration de marquage CE en tant que dispositif m\u00e9dical de classe I le 29\u00a0janvier 2021.<em> \u00ab\u00a0Le\u00a0spray nasal d\u00e9velopp\u00e9 par P&amp;B Group constitue un <strong>geste barri\u00e8re<\/strong> compl\u00e9mentaire<\/em> (pas un traitement, ndlr),<em> destin\u00e9 \u00e0 pr\u00e9venir l&rsquo;infection par le SARS-CoV-2\u00a0\u00e0 travers les fosses nasales\u00a0\u00bb <\/em>explique le fabricant dans un communiqu\u00e9. Les effets du spray ont \u00e9t\u00e9 observ\u00e9s dans une \u00e9tude pr\u00e9liminaire men\u00e9e\u00a0par l&rsquo;IHU de Marseille \u2013 M\u00e9diterrann\u00e9e Infection (France), le Laboratoire Analytice (France) et le\u00a0Laboratoire A.I. System Products Corp (Japon).<\/li>\n<li><strong>Syndromes grippaux apr\u00e8s la vaccination avec AstraZeneca. <\/strong>Dans un nouveau <a href=\"https:\/\/ansm.sante.fr\/S-informer\/Actualite\/Point-de-situation-sur-la-surveillance-des-vaccins-contre-la-COVID-193\" target=\"_blank\" rel=\"noopener noreferrer\">point de situation<\/a> le 11 f\u00e9vrier, l&rsquo;ANSM a annonc\u00e9\u00a0avoir re\u00e7u 149\u00a0d\u00e9clarations de pharmacovigilance entre le 6\u00a0et le 10\u00a0f\u00e9vrier matin mentionnant des syndromes grippaux souvent de forte intensit\u00e9 (fi\u00e8vre \u00e9lev\u00e9e, courbatures ou c\u00e9phal\u00e9es). <b>La vaccination des professionnels de sant\u00e9 a commenc\u00e9 le samedi 6\u00a0f\u00e9vrier avec le vaccin AstraZeneca\u00a0<\/b>dans plusieurs \u00e9tablissements de sant\u00e9 en France. Environ 10\u00a0000\u00a0personnes ont \u00e9t\u00e9 vaccin\u00e9es sur cette p\u00e9riode. La plupart des cas ont \u00e9t\u00e9 rapport\u00e9s chez des professionnels de sant\u00e9 d&rsquo;\u00e2ge moyen de 34\u00a0ans.<em> \u00ab\u00a0Ces effets ind\u00e9sirables sont connus et d\u00e9crits avec les vaccins\u00a0\u00bb<\/em> rappelle l&rsquo;agence mais<em> \u00ab\u00a0ces d\u00e9clarations de pharmacovigilance constituent un<strong> signal potentiel <\/strong>et font l&rsquo;objet d&rsquo;une surveillance particuli\u00e8re par les CRPV et l&rsquo;ANSM au regard notamment de l&rsquo;intensit\u00e9 de ces effets. Nous avons partag\u00e9 cette information \u00e0 l&rsquo;Agence europ\u00e9enne des m\u00e9dicaments (EMA)\u00a0\u00bb.<\/em><\/li>\n<li><strong>Hypertension art\u00e9rielle et vaccin Pfizer.<\/strong>\u00a0Le quatri\u00e8me rapport de pharmacovigilance de l&rsquo;ANSM sur les effets ind\u00e9sirables rapport\u00e9s avec le vaccin Comirnaty de Pfizer-BioNTech\u00a0couvre les donn\u00e9es valid\u00e9es du 30\u00a0janvier au 4\u00a0f\u00e9vrier 2021. Depuis le d\u00e9but de la vaccination, l&rsquo;ANSM a recens\u00e9 2140\u00a0cas d&rsquo;effets ind\u00e9sirables.\u00a0Parmi ces cas, <strong>73\u00a0cas d&rsquo;hypertension art\u00e9rielle<\/strong> ont \u00e9t\u00e9 d\u00e9clar\u00e9s depuis le d\u00e9but de la vaccination. L&rsquo;augmentation de la tension art\u00e9rielle, imm\u00e9diatement apr\u00e8s la vaccination ou de fa\u00e7on diff\u00e9r\u00e9e, a \u00e9t\u00e9 de courte de dur\u00e9e et d&rsquo;\u00e9volution favorable.<\/li>\n<li><strong>Plus de lits de r\u00e9animation dans les Hauts-de-France.\u00a0<\/strong>L&rsquo;Agence R\u00e9gionale de Sant\u00e9 (ARS)\u00a0des Hauts-de-France a demand\u00e9 jeudi aux h\u00f4pitaux de la r\u00e9gion d&rsquo;ouvrir 50\u00a0lits de r\u00e9animation suppl\u00e9mentaires, en pr\u00e9vision d&rsquo;une\u00a0\u00e9ventuelle flamb\u00e9e des admissions \u00e0\u00a0l&rsquo;h\u00f4pital. L&rsquo;ARS note une augmentation progressive depuis plusieurs semaines des taux d&rsquo;incidence et de l&rsquo;activit\u00e9 Covid+ des \u00e9tablissements de sant\u00e9.<\/li>\n<li><strong>Le\u00a0tocilizumab r\u00e9duirait\u00a0le risque de d\u00e9c\u00e8s. <\/strong>Selon une \u00e9tude du vaste\u00a0essai clinique britannique Recovery publi\u00e9e jeudi, le m\u00e9dicament anti-inflammatoire tocilizumab r\u00e9duirait\u00a0le risque de d\u00e9c\u00e8s chez les patients hospitalis\u00e9s atteints de Covid-19\u00a0s\u00e9v\u00e8re :\u00a0\u00ab\u00a0<em>pour 25\u00a0patients trait\u00e9s par tocilizumab, une vie suppl\u00e9mentaire serait sauv\u00e9e<\/em>\u00ab\u00a0. Les r\u00e9sultats\u00a0d\u00e9montrent \u00e9galement que ce m\u00e9dicament raccourcit le d\u00e9lai de sortie des patients de l&rsquo;h\u00f4pital et r\u00e9duit le besoin de respiration artificielle.<\/li>\n<li><strong>La HAS valide les tests salivaires.<\/strong> Le 11 f\u00e9vrier, la <a href=\"https:\/\/www.has-sante.fr\/jcms\/p_3237053\/fr\/tests-rt-pcr-salivaires-la-has-etend-leur-utilisation-et-definit-les-modalites-pratiques-de-realisation\" target=\"_blank\" rel=\"noopener noreferrer\">Haute Autorit\u00e9 de Sant\u00e9<\/a> a donn\u00e9 son feu vert \u00e0 la prise en charge\u00a0<strong style=\"font-size: 1rem;\">des tests salivaires par RT-PCR<\/strong><span style=\"font-size: 1rem;\"> pour d\u00e9tecter le coronavirus c<\/span>hez\u00a0les personnes asymptomatiques dans le cadre de d\u00e9pistage (\u00e9cole, coll\u00e8ges, lyc\u00e9es, universit\u00e9s, Ehpad&#8230;),\u00a0les personnes-contacts\u00a0lorsque le pr\u00e9l\u00e8vement nasopharyng\u00e9 est difficile ou impossible,\u00a0les personnes symptomatiques,\u00a0lorsque le pr\u00e9l\u00e8vement nasopharyng\u00e9 est difficile ou impossible.<\/li>\n<\/ul>\n<ul>\n<li><strong>Dunkerque en alerte aux variants. <\/strong>Dans un <a href=\"https:\/\/www.hauts-de-france.ars.sante.fr\/covid-19-une-circulation-active-du-variant-britannique-dans-le-dunkerquois-et-le-gravelinois\" target=\"_blank\" rel=\"noopener noreferrer\">communiqu\u00e9 <\/a>du 11 f\u00e9vrier, l&rsquo;ARS des Hauts-de-France alerte\u00a0sur une \u00ab\u00a0acc\u00e9l\u00e9ration pr\u00e9occupante\u00a0\u00bb de l&rsquo;\u00e9pid\u00e9mie de Covid-19\u00a0\u00e0 Dunkerque et Gravelines (Nord) et sur\u00a0la \u00ab\u00a0pr\u00e9sence tr\u00e8s marqu\u00e9e du variant anglais\u00a0\u00bb. Les taux d&rsquo;incidence sur la communaut\u00e9 urbaine de Dunkerque et la communaut\u00e9 de communes des Hauts-de-Flandre ont progress\u00e9 rapidement et atteignent respectivement\u00a0 485\u00a0et 424\u00a0cas \/ 100\u00a0000\u00a0hab. Le <strong>taux de positivit\u00e9 des tests y atteint 10%. <\/strong>Une campagne exceptionnelle de d\u00e9pistage est en cours d&rsquo;organisation par l&rsquo;ARS et ses partenaires dans plusieurs communes du secteur.<\/li>\n<\/ul>\n<p><a id=\"nouvelles-mesures-covid-france\" name=\"nouvelles-mesures-covid-france\" style=\"font-size: 1.125rem; background-color: rgb(255, 255, 255);\">Quelles sont les nouvelles mesures anti Covid-19 en France ?<\/a><\/p>\n<p>Toute la France est sous<strong>\u00a0couvre-feu \u00e0 18 heures<\/strong> depuis le\u00a0samedi 16 janvier. A date, les mesures de restrictions sont maintenues :<\/p>\n<ul>\n<li><a href=\"http:\/\/www.legifrance.gouv.fr\/download\/pdf?id=z9Xex3BhyHCobGlKyQ5aprEvwG8fGin5VW86ro4rsr0=\">Les centres commerciaux non-alimentaires<\/a> de plus de 20\u00a0000 m<sup>2\u00a0<\/sup>sont ferm\u00e9s\u00a0pour au moins quatre\u00a0semaines (magasins de bricolage, de pr\u00eat-\u00e0-porter, de d\u00e9coration\u2026).<\/li>\n<li>La pratique sportive ou la promenade en plein air est interdite pendant les horaires de couvre-feu\u00a0;<\/li>\n<li>Pendant la journ\u00e9e, les d\u00e9placements sont autoris\u00e9s et l&rsquo;attestation n&rsquo;est pas n\u00e9cessaire\u00a0;<\/li>\n<li>Les d\u00e9placements entre r\u00e9gions sont autoris\u00e9s\u00a0;<\/li>\n<li>Les d\u00e9placements en provenance ou \u00e0 destination d&rsquo;un pays ext\u00e9rieur \u00e0 l&rsquo;Union europ\u00e9enne sont interdits, sauf motif imp\u00e9rieux<\/li>\n<li>Les lieux de culte doivent respecter une certaine jauge\u00a0\u00a0;<\/li>\n<li>Les salles de cin\u00e9ma, les th\u00e9\u00e2tres et les mus\u00e9es restent ferm\u00e9s ;<\/li>\n<li>L&rsquo;accueil du public dans les enceintes sportives, dans les cirques, les parcs zoologiques ou encore les salles de jeux et les casinos est interdit\u00a0;<\/li>\n<li>Les restaurants et les caf\u00e9s sont ferm\u00e9s ;<\/li>\n<li>Le t\u00e9l\u00e9travail doit se poursuivre quand il est possible.\u00a0<\/li>\n<li><b>Fermeture des\u00a0<\/b><span style=\"font-weight: 600;\">fronti\u00e8res<\/span><b>. <\/b>Depuis dimanche 31\u00a0janvier \u00e0 minuit, la France a ferm\u00e9 ses fronti\u00e8res\u00a0aux pays ext\u00e9rieurs \u00e0 l&rsquo;Union europ\u00e9enne, sauf pour \u00ab\u00a0<em>motif imp\u00e9rieux\u00a0\u00bb<\/em>.\u00a0Le Premier ministre\u00a0Jean Castex l&rsquo;avait\u00a0annonc\u00e9 vendredi 29\u00a0janvier\u00a0\u00e0\u00a0l&rsquo;issue du\u00a0Conseil de d\u00e9fense \u00e0 l&rsquo;Elys\u00e9e.\u00a0<\/li>\n<\/ul>\n<p><a href=\"https:\/\/twitter.com\/Sante_Gouv\/status\/1359922777159966720\" target=\"_blank\" rel=\"noopener noreferrer\">Olivier V\u00e9ran,\u00a0ministre de la Sant\u00e9 a pr\u00e9cis\u00e9 jeudi 11 f\u00e9vrier au soir<\/a>\u00a0la situation sanitaire. Il a fait part\u00a0des inqui\u00e9tudes du gouvernement sur la pr\u00e9sence en France de 3\u00a0variants.\u00a0<\/p>\n<p>\u2192\u00a0Le variant britannique serait responsable de 20\u00a0\u00e0 25% des infections au coronavirus en France. La proportion des variants sud-africain et br\u00e9silien serait de 4\u00a0\u00e0 5% dans le pays.<\/p>\n<p>\u2192 Les 3\u00a0variants sont plus contagieux, procurent les m\u00eames sympt\u00f4mes et touchent les m\u00eames personnes.<\/p>\n<p>\u2192 Les <strong>vaccins seraient efficaces sur le variant britannique<\/strong>, confirme le ministre de la sant\u00e9.<\/p>\n<p>\u2192 Les variants sud-africain et br\u00e9silien peuvent entrainer des r\u00e9infections\u00a0: \u00ab\u00a0<em>Le virus contourne les anticorps chez les personnes qui ont d\u00e9j\u00e0 \u00e9t\u00e9 contamin\u00e9es, et sont moins sensibles \u00e0 certains vaccins disponibles\u00a0\u00bb<\/em>, indique Olivier V\u00e9ran.<\/p>\n<p>\u2192 Le d\u00e9pistage des variants\u00a0est syst\u00e9matiquement r\u00e9alis\u00e9 sur tout test antig\u00e9nique ou PCR donnant un r\u00e9sultat positif pour d\u00e9terminer s&rsquo;il s&rsquo;agit d&rsquo;une contamination par l&rsquo;un de ces variants. Le test est alors soumis \u00e0 un <strong>test multiplex par criblage.\u00a0<\/strong><\/p>\n<p>\u2192 la situation est \u00ab\u00a0<em>inqui\u00e9tante en <strong>Dordogne <\/strong>o\u00f9 pr\u00e8s de 40\u00a0cas de variants ont \u00e9t\u00e9 identifi\u00e9s sur les 4\u00a0derniers jours\u00a0\u00bb ; et \u00ab\u00a0en <strong>Moselle<\/strong> ou la situation est la plus inqui\u00e9tante\u00a0: + de 300\u00a0cas de mutation au variant sur-africain et br\u00e9silien ont \u00e9t\u00e9 identifi\u00e9s<\/em>\u00ab\u00a0, indique le ministre.<\/p>\n<p>Un couvre-feu national est en vigueur en France depuis le\u00a016 janvier 2021.\u00a0<strong>En chiffres :<\/strong> Sant\u00e9 Publique France indique dans son <a href=\"https:\/\/www.santepubliquefrance.fr\/maladies-et-traumatismes\/maladies-et-infections-respiratoires\/infection-a-coronavirus\/documents\/bulletin-national\/covid-19-point-epidemiologique-du-4-fevrier-2021\" target=\"_blank\" rel=\"noopener noreferrer\">point hebdomadaire du 4 f\u00e9vrier<\/a>\u00a0une <strong>\u00e9volution plus favorable en semaine 4 (25-31 janvier)<\/strong>, avec une l\u00e9g\u00e8re inversion de la tendance dans les premiers d\u00e9partements sous couvre-feu anticip\u00e9 (groupes 1\u00a0et 2) et une stabilisation dans les autres.\u00a0En semaine 03, l&rsquo;analyse des indicateurs montrait une d\u00e9gradation de la situation \u00e9pid\u00e9miologique sur les 7\u00a0derniers jours (18\u00a0au 24\u00a0janvier), notamment dans le groupe des d\u00e9partements o\u00f9 le couvre-feu anticip\u00e9 aurait pu commencer \u00e0 produire un effet. Ces \u00e9l\u00e9ments n&rsquo;\u00e9taient donc pas en faveur d&rsquo;un impact positif du couvre-feu anticip\u00e9.<\/p>\n<p><strong>Les d\u00e9partements ont \u00e9t\u00e9 class\u00e9s en trois groupes\u00a0<\/strong>: Groupe 1\u00a0: 15\u00a0d\u00e9partements avec couvre-feu d\u00e8s 18h \u00e0 partir du 2\u00a0janvier 2021\u00a0; Groupe 2\u00a0: 10\u00a0d\u00e9partements avec couvre-feu d\u00e8s 18h \u00e0 partir des 10\u00a0et 12\u00a0janvier 2021\u00a0; Groupe 3\u00a0: 61\u00a0d\u00e9partements avec couvre-feu d\u00e8s 18h \u00e0 partir du 16\u00a0janvier 2021.<\/p>\n<h3 style=\"text-align: center;\">\u00c9volution du taux d&rsquo;incidence sur 7\u00a0jours glissants par groupe de d\u00e9partements, du 27\u00a0juin 2020\u00a0au 31 janvier 2021, France m\u00e9tropolitaine (donn\u00e9es au 3 f\u00e9vrier 2021)<\/h3>\n<div style=\"text-align:center\">\n<figure class=\"image\" style=\"display:inline-block\"><a class=\"fancy\" href=\"https:\/\/img-3.journaldesfemmes.fr\/e5S3HF6DXTRGWOQO9FaYvW8B_So=\/1080x\/smart\/ac03d9fa191242de90dae4ddca914a3b\/ccmcms-jdf\/22146152.jpg\"><img decoding=\"async\" alt=\"\u00e9volution du taux d'incidence du coronavirus par d\u00e9partement sous couvre-feu en France\" src=\"https:\/\/img-3.journaldesfemmes.fr\/Zffz2zRZ_Ff28wjbmM8D9hIwqqM=\/600x\/smart\/ac03d9fa191242de90dae4ddca914a3b\/ccmcms-jdf\/22146152.jpg\"\/><\/a><figcaption data-credit=\"Sant\u00e9 Publique France\" data-legend=\"\u00c9volution du taux d\u2019incidence sur 7 jours glissants par groupe de d\u00e9partements, du 27 juin 2020 au 31 janvier 2021, France m\u00e9tropolitaine (donn\u00e9es au 3 f\u00e9vrier 2021)\">\u00c9volution du taux d\u2019incidence sur 7 jours glissants par groupe de d\u00e9partements, du 27 juin 2020 au 31 janvier 2021, France m\u00e9tropolitaine (donn\u00e9es au 3 f\u00e9vrier 2021) <small>\u00a9\u00a0Sant\u00e9 Publique France<\/small><\/figcaption><\/figure>\n<\/div>\n<p><strong>D\u00e9placements autoris\u00e9s apr\u00e8s 18 heures sur <a href=\"https:\/\/www.interieur.gouv.fr\/Actualites\/L-actu-du-Ministere\/Attestations-de-deplacement-couvre-feu\" target=\"_blank\" rel=\"noopener noreferrer\">attestation<\/a> :<\/strong><\/p>\n<ul>\n<li>se rendre ou revenir de son lieu de travail, \u00e0 une <a href=\"http:\/\/www.affinite.fr\/index.php\/2022\/11\/09\/formation-de-glacier-apprenez-le-metier-de-glacier-et-changez-votre-vie\/\">formation<\/a> professionnelle, effectuer un d\u00e9placement professionnel ne pouvant \u00eatre report\u00e9\u00a0;<\/li>\n<li>des motifs familiaux imp\u00e9rieux, pour l&rsquo;assistance aux personnes vuln\u00e9rables et pr\u00e9caires, notamment aux personnes en situation de handicap ou pour la garde d&rsquo;enfants\u00a0;<\/li>\n<li>des motifs m\u00e9dicaux\u00a0: aller \u00e0 l&rsquo;h\u00f4pital, examens et soins ne pouvant \u00eatre assur\u00e9s \u00e0 distance et achat de m\u00e9dicaments\u00a0;<\/li>\n<li>participer \u00e0 des missions d&rsquo;int\u00e9r\u00eat g\u00e9n\u00e9ral sur demande de l&rsquo;autorit\u00e9 administrative (maraudes des associations de lutte contre la pauvret\u00e9 ou distributions d&rsquo;aides alimentaires \u00e0 domicile)\u00a0;<\/li>\n<li>les personnes en situation de handicap et leur accompagnant\u00a0;<\/li>\n<li>promener un animal domestique autour de son domicile.<\/li>\n<\/ul>\n<blockquote>\n<p>Les formes graves surviennent avec un d\u00e9calage d&rsquo;une \u00e0 deux semaines apr\u00e8s le d\u00e9but des signes.<\/p>\n<\/blockquote>\n<p>Selon les derniers chiffres publi\u00e9s par <a href=\"https:\/\/www.santepubliquefrance.fr\/dossiers\/coronavirus-covid-19\/coronavirus-chiffres-cles-et-evolution-de-la-covid-19-en-france-et-dans-le-monde\" target=\"_blank\" rel=\"noopener noreferrer\">Sant\u00e9 publique France<\/a>, au vendredi 12\u00a0f\u00e9vrier, en France\u00a0:<\/p>\n<p>\u2022 3 406 685\u00a0personnes ont \u00e9t\u00e9 contamin\u00e9es par le coronavirus\u00a0<strong>(+21 063\u00a0<\/strong><strong>en 24\u00a0heures)- chiffre au 11 f\u00e9vrier.<\/strong><\/p>\n<p>\u2022 81 123\u00a0personnes sont d\u00e9c\u00e9d\u00e9es en France\u00a0<strong>(+320\u00a0en 24\u00a0heures),<\/strong><strong>\u00a0<\/strong>dont 57 452 \u00e0 l&rsquo;h\u00f4pital, auxquels se sont ajout\u00e9s 288 d\u00e9c\u00e8s en Ephad et ESMS entre le 6 et le 9 f\u00e9vrier.<\/p>\n<p>\u2022 3 298 patients Covid-19 sont en r\u00e9animation (-29).<\/p>\n<p>\u2022 26 424\u00a0patients Covid-19 sont hospitalis\u00e9s (-539).<\/p>\n<blockquote>\n<p style=\"text-align: right;\">\u00a0<\/p>\n<\/blockquote>\n<blockquote>\n<p style=\"text-align: right;\">\u00a0<\/p>\n<\/blockquote>\n<p>La circulation du virus SARS-CoV2\u00a0persiste \u00e0 un niveau tr\u00e8s haut en France, avec en moyenne de<strong> 19 858 nouveaux cas confirm\u00e9s chaque jour <\/strong>entre le 1er et le 7 f\u00e9vrier\u00a0(derniers chiffres de Sant\u00e9 Publique France).<\/p>\n<ul>\n<li>Le taux hebdomadaire d&rsquo;hospitalisation\u00a0\u00e9tait stable pour la deuxi\u00e8me semaine cons\u00e9cutive.<\/li>\n<li>Une <strong>stabilisation du taux des nouvelles admissions en r\u00e9animation<\/strong> \u00e9tait observ\u00e9e, apr\u00e8s quatre semaines cons\u00e9cutives d&rsquo;augmentation.<\/li>\n<li>Les estimations du R-effectif\u00a0\u00e9taient\u00a0inf\u00e9rieures \u00e0 1\u00a0pour deux des trois sources de donn\u00e9es\u00a0: 0,98\u00a0pour les donn\u00e9es virologiques (tests RT-PCR et tests antig\u00e9niques, SI-DEP), 0,95\u00a0pour les hospitalisations pour COVID-19\u00a0(SI-VIC).<\/li>\n<li><strong>Les personnes de 75\u00a0ans et plus restent les plus touch\u00e9es par le SARS-CoV-2<\/strong>, m\u00eame si le nombre de cas confirm\u00e9s dans cette classe d&rsquo;\u00e2ge est stable depuis 2\u00a0semaines.<\/li>\n<li>Les<strong> r\u00e9gions les plus touch\u00e9es <\/strong>\u00e9taient les r\u00e9gions Provence-Alpes-C\u00f4te d&rsquo;Azur, \u00cele-de-France, Hauts-de-France et Auvergne-Rh\u00f4ne-Alpes. Ces r\u00e9gions pr\u00e9sentaient en semaine 05 (1-7 f\u00e9vrier) les plus forts taux d&rsquo;incidence et de positivit\u00e9, ainsi que les taux d&rsquo;hospitalisation parmi les plus \u00e9lev\u00e9s en m\u00e9tropole.<\/li>\n<\/ul>\n<div style=\"text-align:center\">\n<figure class=\"image\" style=\"display:inline-block\"><a class=\"fancy\" href=\"https:\/\/img-3.journaldesfemmes.fr\/4pJgxMRHqhCzQ_laNAG5bNr1LLM=\/1080x\/smart\/e8d339223a95408f83fd62500879d957\/ccmcms-jdf\/22276905.png\"><img decoding=\"async\" alt=\"Nombre de nouvelles personnes positives au Sars-Cov-2 (PCR\/antig\u00e9nique) sur une semaine glissante, pour la premi\u00e8re fois depuis plus de 60 jours, rapport\u00e9 \u00e0 la taille de la population, au 10 f\u00e9vrier \" src=\"https:\/\/img-3.journaldesfemmes.fr\/q31GVXkikyZwr0NwbcZNLkICKMg=\/450x\/smart\/e8d339223a95408f83fd62500879d957\/ccmcms-jdf\/22276905.png\"\/><\/a><figcaption data-credit=\"Gouvernement.fr\" data-legend=\"Nombre de nouvelles personnes positives au Sars-Cov-2 (PCR\/antig\u00e9nique) sur une semaine glissante, pour la premi\u00e8re fois depuis plus de 60 jours, rapport\u00e9 \u00e0 la taille de la population, au 10 f\u00e9vrier \">Nombre de nouvelles personnes positives au Sars-Cov-2 (PCR\/antig\u00e9nique) sur une semaine glissante, pour la premi\u00e8re fois depuis plus de 60 jours, rapport\u00e9 \u00e0 la taille de la population, au 10 f\u00e9vrier <small>\u00a9\u00a0Gouvernement.fr<\/small><\/figcaption><\/figure>\n<\/div>\n<p>Le gouvernement suit \u00e9galement l&rsquo;\u00e9volution du taux d&rsquo;occupation des lits en r\u00e9animation par des patients Covid-19 (sur les capacit\u00e9s initiales). Ce taux met en lumi\u00e8re une \u00e9ventuelle tension hospitali\u00e8re.\u00a0La tension hospitali\u00e8re est actuellement mod\u00e9r\u00e9e et stable.<\/p>\n<div style=\"text-align:center\">\n<figure class=\"image\" style=\"display:inline-block\"><a class=\"fancy\" href=\"https:\/\/img-3.journaldesfemmes.fr\/WXGkZUyO2-by4TwCAX231gtzLw4=\/1080x\/smart\/9fd4b54608fa40459d785998ef278c7b\/ccmcms-jdf\/22276876.png\"><img decoding=\"async\" alt=\"Taux d'occupation des lits en r\u00e9animation au 10 f\u00e9vrier par des patients Covid-19\" src=\"https:\/\/img-3.journaldesfemmes.fr\/IlMBTJj0MACzZUb4NbC7a_-8RVE=\/450x\/smart\/9fd4b54608fa40459d785998ef278c7b\/ccmcms-jdf\/22276876.png\"\/><\/a><figcaption data-credit=\"Gouvernement.fr\" data-legend=\"Taux d'occupation des lits en r\u00e9animation au 10 f\u00e9vrier par des patients Covid-19\">Taux d&rsquo;occupation des lits en r\u00e9animation au 10 f\u00e9vrier par des patients Covid-19 <small>\u00a9\u00a0Gouvernement.fr<\/small><\/figcaption><\/figure>\n<\/div>\n<p>Le\u00a0<strong>pic \u00e9pid\u00e9mique<\/strong>\u00a0de la premi\u00e8re vague a \u00e9t\u00e9 observ\u00e9 la\u00a0<strong>semaine du 6\u00a0au 12\u00a0avril<\/strong>, soit 15\u00a0jours\u00a0apr\u00e8s la mise en \u0153uvre des mesures de confinement de la population g\u00e9n\u00e9rale, le 17\u00a0mars 2020. Le <strong>pic de la deuxi\u00e8me vague <\/strong>a eu lieu\u00a0du <strong>16\u00a0au 20\u00a0novembre,\u00a0<\/strong>trois semaines apr\u00e8s le deuxi\u00e8me confinement.<\/p>\n<p>Au jeudi 11\u00a0f\u00e9vrier 2021 (derni\u00e8re donn\u00e9e disponible), un total de<strong>\u00a03 406 685<\/strong>\u00a0<strong>cas\u00a0confirm\u00e9s\u00a0<\/strong>de coronavirus est rapport\u00e9 depuis le d\u00e9but de la pand\u00e9mie.\u00a0Sur la semaine du 1er au 7 f\u00e9vrier, Sant\u00e9 Publique France rapporte un taux\u00a0d&rsquo;incidence\u00a0de 207 cas pour 100\u00a0000\u00a0habitants, en l\u00e9g\u00e8re diminution\u00a0par rapport \u00e0 la semaine pr\u00e9c\u00e9dente (215 cas\/100 000). <strong>19\u00a0858 cas ont \u00e9t\u00e9 confirm\u00e9s en moyenne chaque jour.\u00a0<\/strong>Les <strong>personnes de 75\u00a0ans et plus restent\u00a0les plus touch\u00e9es par le SARS-CoV-2.<\/strong><\/p>\n<h3 style=\"text-align: center;\">Nombre incident de cas confirm\u00e9s de Covid-19\u00a0par semaine, rapport\u00e9s \u00e0 Sant\u00e9 publique France, du 11\u00a0mai au 7 f\u00e9vrier 2021, France enti\u00e8re (donn\u00e9es au 10 f\u00e9vrier)<\/h3>\n<div style=\"text-align:center\">\n<figure class=\"image\" style=\"display:inline-block\"><a class=\"fancy\" href=\"https:\/\/img-3.journaldesfemmes.fr\/QxEULEWe9zdaM0jIfsvvTZttpvE=\/1080x\/smart\/68bafeeaf10847c4854653156fb13250\/ccmcms-jdf\/22319021.jpg\"><img decoding=\"async\" alt=\"cas confirm\u00e9 covid\" src=\"https:\/\/img-3.journaldesfemmes.fr\/Moxs2HxeJ2BcS57xExwK2sTLAPA=\/600x\/smart\/68bafeeaf10847c4854653156fb13250\/ccmcms-jdf\/22319021.jpg\"\/><\/a><figcaption data-credit=\"Sant\u00e9 Publique France\" data-legend=\"Nombre incident de cas confirm\u00e9s de COVID-19 par semaine (date de pr\u00e9l\u00e8vement), rapport\u00e9s \u00e0 Sant\u00e9 publique France du 11 mai 2020 au 7 f\u00e9vrier 2021, France (donn\u00e9es au 10 f\u00e9vrier 2021)\">Nombre incident de cas confirm\u00e9s de COVID-19 par semaine (date de pr\u00e9l\u00e8vement), rapport\u00e9s \u00e0 Sant\u00e9 publique France du 11 mai 2020 au 7 f\u00e9vrier 2021, France (donn\u00e9es au 10 f\u00e9vrier 2021) <small>\u00a9\u00a0Sant\u00e9 Publique France<\/small><\/figcaption><\/figure>\n<\/div>\n<h3 style=\"text-align: center;\">Nombre de cas confirm\u00e9s de COVID-19\u00a0chez les r\u00e9sidents et le personnel en ESMS (\u00e9tablissements sociaux et m\u00e9dico-sociaux)\u00a0par semaine calendaire, du 20\u00a0juillet au 7 f\u00e9vrier\u00a02021, en France<\/h3>\n<div style=\"text-align:center\">\n<figure class=\"image\" style=\"display:inline-block\"><a class=\"fancy\" href=\"https:\/\/img-3.journaldesfemmes.fr\/94B98tllO5M1doUqLxAKydKIkp4=\/1080x\/smart\/a4f83357809842dab70f19f3cdf6d6e1\/ccmcms-jdf\/22319025.jpg\"><img decoding=\"async\" alt=\"courbe cas de covid en france dans les ESMS dont Ehpad\" src=\"https:\/\/img-3.journaldesfemmes.fr\/EzUgDrsJfvSl9-Isy1gU8KU6r8s=\/600x\/smart\/a4f83357809842dab70f19f3cdf6d6e1\/ccmcms-jdf\/22319025.jpg\"\/><\/a><figcaption data-credit=\"Sant\u00e9 Publique France\" data-legend=\"Nombre de cas confirm\u00e9s de COVID-19 chez les r\u00e9sidents et le personnel en ESMS par semaine calendaire, du 20 juillet au 7 f\u00e9vrier 2021, en France \">Nombre de cas confirm\u00e9s de COVID-19 chez les r\u00e9sidents et le personnel en ESMS par semaine calendaire, du 20 juillet au 7 f\u00e9vrier 2021, en France <small>\u00a9\u00a0Sant\u00e9 Publique France<\/small><\/figcaption><\/figure>\n<\/div>\n<p>Jeudi 11\u00a0f\u00e9vrier(derni\u00e8re donn\u00e9e disponible),<strong>\u00a0+21 063\u00a0nouvelles personnes<\/strong>\u00a0ont re\u00e7u un test positif au Covid-19 par rapport \u00e0 la veille.<\/p>\n<div style=\"text-align:center\">\n<figure class=\"image\" style=\"display:inline-block\"><a class=\"fancy\" href=\"https:\/\/img-3.journaldesfemmes.fr\/m1jJag3V5iX7xQ-1VWix25PurZY=\/1080x\/smart\/227abc0cd6c144e7ad16516022439f8a\/ccmcms-jdf\/22298927.jpg\"><img decoding=\"async\" alt=\"courbe variation cas covid par jour en france\" src=\"https:\/\/img-3.journaldesfemmes.fr\/W1QOESgdnH4EpfQP1cdPG2UoBWg=\/600x\/smart\/227abc0cd6c144e7ad16516022439f8a\/ccmcms-jdf\/22298927.jpg\"\/><\/a><figcaption data-credit=\"Gouvernement.fr\" data-legend=\"Courbe de variation quotidienne des cas de Covid-19 en France jusqu'au 10 f\u00e9vrier 2021.\">Courbe de variation quotidienne des cas de Covid-19 en France jusqu&rsquo;au 10 f\u00e9vrier 2021. <small>\u00a9\u00a0Gouvernement.fr<\/small><\/figcaption><\/figure>\n<\/div>\n<p>Les nombres\u00a0d&rsquo;hospitalisations et d&rsquo;admissions en r\u00e9animation de patients Covid restent \u00e0 un niveau toujours tr\u00e8s \u00e9lev\u00e9, souligne Sant\u00e9 Publique France dans son bilan hebdomadaire du 11 f\u00e9vrier. La tension est persistante sur le\u00a0syst\u00e8me hospitalier. Apr\u00e8s avoir augment\u00e9 entre les semaines 01\u00a0et 04, le nombre de d\u00e9clarations de nouvelles admissions en services de r\u00e9animation s&rsquo;est stabilis\u00e9 en semaine 05 (1-7 f\u00e9vrier) : 1\u00a0767\u00a0nouvelles admissions en services de r\u00e9animation ont \u00e9t\u00e9 d\u00e9clar\u00e9es\u00a0contre 1\u00a0800\u00a0en S04, soit <strong>-2%<\/strong>.<\/p>\n<p>\u2192 Vendredi 12\u00a0f\u00e9vrier,<b>\u00a03 298\u00a0<\/b>personnes sont\u00a0hospitalis\u00e9es\u00a0en\u00a0r\u00e9animation (-29\u00a0en 24 heures).\u00a0<\/p>\n<div style=\"text-align:center\">\n<figure class=\"image\" style=\"display:inline-block\"><a class=\"fancy\" href=\"https:\/\/img-3.journaldesfemmes.fr\/Aljgh5wlzAXxyb9VaNy678U-QQE=\/1080x\/smart\/dc2b1df6007642d588449ad721db7f17\/ccmcms-jdf\/22319118.jpg\"><img decoding=\"async\" alt=\"courbe r\u00e9animation covid-19\" src=\"https:\/\/img-3.journaldesfemmes.fr\/pARi17WFlla5lWPlSKxCLNaTIYw=\/600x\/smart\/dc2b1df6007642d588449ad721db7f17\/ccmcms-jdf\/22319118.jpg\"\/><\/a><figcaption data-credit=\"Sant\u00e9 Publique France\" data-legend=\" Nombre hebdomadaire de patients COVID-19 admis en service de r\u00e9animation pendant leur hospitalisation, par semaine d\u2019admission en r\u00e9animation, depuis le 24 f\u00e9vrier 2020, France, donn\u00e9es au 9 f\u00e9vrier\">Nombre hebdomadaire de patients COVID-19 admis en service de r\u00e9animation pendant leur hospitalisation, par semaine d\u2019admission en r\u00e9animation, depuis le 24 f\u00e9vrier 2020, France, donn\u00e9es au 9 f\u00e9vrier <small>\u00a9\u00a0Sant\u00e9 Publique France<\/small><\/figcaption><\/figure>\n<\/div>\n<p>\u2192 En semaine 05 (1-7 f\u00e9vrier), le taux hebdomadaire de nouvelles admissions en services de r\u00e9animation a <strong>augment\u00e9 dans les r\u00e9gions \u00cele-de-France (+12%), Occitanie (+12%), Hauts-de-France (+11%) et Bourgogne-Franche-Comt\u00e9 <\/strong>(+10%). Il est rest\u00e9 stable ou a diminu\u00e9 dans les autres r\u00e9gions de France m\u00e9tropolitaine.<\/p>\n<p>\u2192 Les <strong>plus forts taux hebdomadaires d&rsquo;admissions en services de r\u00e9animation<\/strong> \u00e9taient rapport\u00e9s en<strong> Provence-Alpes-C\u00f4te d&rsquo;Azur<\/strong> (4,5\/100\u00a0000\u00a0habitants)<strong>, \u00cele-de-France<\/strong> (3,4), <strong>Bourgogne-Franche-Comt\u00e9 <\/strong>(3,2), Occitanie (2,9), Hauts-de-France (2,8) et Grand Est (2,7). Les autres r\u00e9gions de France m\u00e9tropolitaine rapportaient des taux inf\u00e9rieurs \u00e0 2,6\u00a0pour 100\u00a0000\u00a0habitants.<\/p>\n<p>\u2192 Entre le 05\u00a0octobre 2020\u00a0et le 9 f\u00e9vrier\u00a02021, parmi les 6315 patients signal\u00e9s avec un diagnostic confirm\u00e9 de COVID-19, <strong>71% \u00e9taient des hommes <\/strong>; l&rsquo;<strong>\u00e2ge m\u00e9dian des patients \u00e9tait de 68\u00a0ans\u00a0<\/strong>et 62% \u00e9taient \u00e2g\u00e9s de 65\u00a0ans et plus.<\/p>\n<p>\u2192 La surveillance sp\u00e9cifique des cas graves de COVID-19\u00a0admis en r\u00e9animation<strong> lors de la deuxi\u00e8me vague<\/strong> indiquait une proportion \u00e9lev\u00e9e d&rsquo;hommes (72%), de personnes de 65\u00a0ans et plus (63%) et de cas pr\u00e9sentant une comorbidit\u00e9 (89%), dont les plus fr\u00e9quentes \u00e9taient l&rsquo;hypertension art\u00e9rielle, l&rsquo;ob\u00e9sit\u00e9 et le diab\u00e8te. Pour 43% des patients hospitalis\u00e9s en r\u00e9animation pour COVID-19, un recours \u00e0 la ventilation invasive avait \u00e9t\u00e9 n\u00e9cessaire.<\/p>\n<p>Selon les <a href=\"https:\/\/www.gouvernement.fr\/info-coronavirus\/carte-et-donnees\" target=\"_blank\" rel=\"noopener noreferrer\">chiffres communiqu\u00e9s par le gouvernement<\/a>, consolid\u00e9s avec l&rsquo;Agence Sant\u00e9 Publique France et\u00a0les ARS (Agences r\u00e9gionales de Sant\u00e9), voici l&rsquo;\u00e9volution des hospitalisations (dont la r\u00e9animation) et des d\u00e9c\u00e8s\u00a0en France par r\u00e9gion.<\/p>\n<h3 style=\"text-align: center;\"><a id=\"cas-covid-19-tableau-par-region\" name=\"cas-covid-19-tableau-par-region\">Evolution des hospitalisations (dont en r\u00e9animation) et d\u00e9c\u00e8s \u00e0 l&rsquo;h\u00f4pital du Covid-19\u00a0par r\u00e9gion au 11\u00a0f\u00e9vrier<\/a><\/h3>\n<table border=\"1\" cellpadding=\"1\" cellspacing=\"1\" style=\"width:100%;\">\n<thead>\n<tr>\n<th scope=\"col\" style=\"width: 199px;\">R\u00e9gions<\/th>\n<th scope=\"col\" style=\"width: 162px; text-align: center;\">Hospitalisations en cours<\/th>\n<th scope=\"col\" style=\"width: 143px; text-align: center;\">Evolution des nouveaux patients sur les\u00a0 derni\u00e8res 24\u00a0H<\/th>\n<th scope=\"col\" style=\"width: 149px; text-align: center;\">R\u00e9animation Soins intensif<\/th>\n<th scope=\"col\" style=\"width: 155px; text-align: center;\">Evolution des nouveaux patients sur les\u00a0 derni\u00e8res 24\u00a0H<\/th>\n<th scope=\"col\" style=\"width: 220px; text-align: center;\">D\u00e9c\u00e8s<\/th>\n<\/tr>\n<tr>\n<td style=\"width: 199px;\"><b>\u00cele-de-France<\/b><\/td>\n<td style=\"width: 162px;\">5 158<\/td>\n<td style=\"width: 143px;\">+25<\/td>\n<td style=\"width: 149px;\">728<\/td>\n<td style=\"width: 155px;\">-20<\/td>\n<td style=\"width: 220px;\">13 992<\/td>\n<\/tr>\n<tr>\n<td style=\"width: 199px;\"><strong>Grand Est<\/strong><\/td>\n<td style=\"width: 162px;\">2 639<\/td>\n<td style=\"width: 143px;\">+19<\/td>\n<td style=\"width: 149px;\">306<\/td>\n<td style=\"width: 155px;\">NC<\/td>\n<td style=\"width: 220px;\">7 592<\/td>\n<\/tr>\n<tr>\n<td style=\"width: 199px;\"><strong>Auvergne-Rh\u00f4ne-Alpes<\/strong><\/td>\n<td style=\"width: 162px;\">3 630<\/td>\n<td style=\"width: 143px;\">-7<\/td>\n<td style=\"width: 149px;\">403<\/td>\n<td style=\"width: 155px;\">-2<\/td>\n<td style=\"width: 220px;\">8 498<\/td>\n<\/tr>\n<tr>\n<td style=\"width: 199px;\"><strong>Hauts-de-France<\/strong><\/td>\n<td style=\"width: 162px;\">2 598<\/td>\n<td style=\"width: 143px;\">+57<\/td>\n<td style=\"width: 149px;\">319<\/td>\n<td style=\"width: 155px;\">+14<\/td>\n<td style=\"width: 220px;\">5 684<\/td>\n<\/tr>\n<tr>\n<td style=\"width: 199px;\"><strong>Bourgogne-Franche-Comt\u00e9<\/strong><\/td>\n<td style=\"width: 162px;\">1 699<\/td>\n<td style=\"width: 143px;\">+6<\/td>\n<td style=\"width: 149px;\">\n<p>156<\/p>\n<\/td>\n<td style=\"width: 155px;\">+2<\/td>\n<td style=\"width: 220px;\">3 543<\/td>\n<\/tr>\n<tr>\n<td style=\"width: 199px;\"><strong>Provence-Alpes-C\u00f4te d&rsquo;Azur<\/strong><\/td>\n<td style=\"width: 162px;\">3 524<\/td>\n<td style=\"width: 143px;\">-35<\/td>\n<td style=\"width: 149px;\">445<\/td>\n<td style=\"width: 155px;\">-1<\/td>\n<td style=\"width: 220px;\">5 058<\/td>\n<\/tr>\n<tr>\n<td style=\"width: 199px;\"><strong>Occitanie<\/strong><\/td>\n<td style=\"width: 162px;\">1 843<\/td>\n<td style=\"width: 143px;\">-6<\/td>\n<td style=\"width: 149px;\">275<\/td>\n<td style=\"width: 155px;\">-5<\/td>\n<td style=\"width: 220px;\">2 912<\/td>\n<\/tr>\n<tr>\n<td style=\"width: 199px;\"><strong>Bretagne<\/strong><\/td>\n<td style=\"width: 162px;\">737<\/td>\n<td style=\"width: 143px;\">+6<\/td>\n<td style=\"width: 149px;\">54<\/td>\n<td style=\"width: 155px;\">+2<\/td>\n<td style=\"width: 220px;\">1 012<\/td>\n<\/tr>\n<tr>\n<td style=\"width: 199px;\"><strong>Nouvelle-Aquitaine<\/strong><\/td>\n<td style=\"width: 162px;\">1 514<\/td>\n<td style=\"width: 143px;\">+37<\/td>\n<td style=\"width: 149px;\">214<\/td>\n<td style=\"width: 155px;\">-9<\/td>\n<td style=\"width: 220px;\">2 537<\/td>\n<\/tr>\n<tr>\n<td style=\"width: 199px;\"><strong><a href=\"http:\/\/www.affinite.fr\/index.php\/2024\/11\/21\/construire-votre-maison-en-normandie\/\">Normandie<\/a><\/strong><\/td>\n<td style=\"width: 162px;\">1 271<\/td>\n<td style=\"width: 143px;\">\n<p>-9<\/p>\n<\/td>\n<td style=\"width: 149px;\">126<\/td>\n<td style=\"width: 155px;\">+3<\/td>\n<td style=\"width: 220px;\">2 064<\/td>\n<\/tr>\n<tr>\n<td style=\"width: 199px;\"><strong>Centre Val-de-Loire<\/strong><\/td>\n<td style=\"width: 162px;\">1 061<\/td>\n<td style=\"width: 143px;\">-9<\/td>\n<td style=\"width: 149px;\">132<\/td>\n<td style=\"width: 155px;\">+11<\/td>\n<td style=\"width: 220px;\">1 812<\/td>\n<\/tr>\n<tr>\n<td style=\"width: 199px;\"><strong>Pays de la Loire<\/strong><\/td>\n<td style=\"width: 162px;\">949<\/td>\n<td style=\"width: 143px;\">+5<\/td>\n<td style=\"width: 149px;\">95<\/td>\n<td style=\"width: 155px;\">-2<\/td>\n<td style=\"width: 220px;\">1 866<\/td>\n<\/tr>\n<tr>\n<td style=\"width: 199px;\"><strong>Corse<\/strong><\/td>\n<td style=\"width: 162px;\">58<\/td>\n<td style=\"width: 143px;\">-2<\/td>\n<td style=\"width: 149px;\">8<\/td>\n<td style=\"width: 155px;\">-2<\/td>\n<td style=\"width: 220px;\">133<\/td>\n<\/tr>\n<tr>\n<td style=\"width: 199px;\"><strong>Martinique<\/strong><\/td>\n<td style=\"width: 162px;\">7<\/td>\n<td style=\"width: 143px;\">+1<\/td>\n<td style=\"width: 149px;\">2<\/td>\n<td style=\"width: 155px;\">NC<\/td>\n<td style=\"width: 220px;\">45<\/td>\n<\/tr>\n<tr>\n<td style=\"width: 199px;\"><strong>Guadeloupe<\/strong><\/td>\n<td style=\"width: 162px;\">45<\/td>\n<td style=\"width: 143px;\">+2<\/td>\n<td style=\"width: 149px;\">6<\/td>\n<td style=\"width: 155px;\">+1<\/td>\n<td style=\"width: 220px;\">172<\/td>\n<\/tr>\n<tr>\n<td style=\"width: 199px;\"><strong>La R\u00e9union<\/strong><\/td>\n<td style=\"width: 162px;\">67<\/td>\n<td style=\"width: 143px;\">-2<\/td>\n<td style=\"width: 149px;\">18<\/td>\n<td style=\"width: 155px;\">-3<\/td>\n<td style=\"width: 220px;\">56<\/td>\n<\/tr>\n<tr>\n<td style=\"width: 199px;\"><strong>Guyane<\/strong><\/td>\n<td style=\"width: 162px;\">33<\/td>\n<td style=\"width: 143px;\">+2<\/td>\n<td style=\"width: 149px;\">\n<p>12<\/p>\n<\/td>\n<td style=\"width: 155px;\">-1<\/td>\n<td style=\"width: 220px;\">76<\/td>\n<\/tr>\n<tr>\n<td style=\"width: 199px;\"><strong>Mayotte<\/strong><\/td>\n<td style=\"width: 162px;\">130<\/td>\n<td style=\"width: 143px;\">+3<\/td>\n<td style=\"width: 149px;\">28<\/td>\n<td style=\"width: 155px;\">\n<p>-1<\/p>\n<\/td>\n<td style=\"width: 220px;\">54<\/td>\n<\/tr>\n<tr>\n<td style=\"width: 199px;\"><strong>TOTAL<\/strong><\/td>\n<td style=\"width: 162px;\"><strong>27 007<\/strong><\/td>\n<td style=\"width: 143px;\">+90<\/td>\n<td style=\"width: 149px;\"><b>3 337<\/b><\/td>\n<td style=\"width: 155px;\">-13<\/td>\n<td style=\"width: 220px;\">\n<p><span style=\"font-weight: 600;\">57 132<\/span><\/p>\n<\/td>\n<\/tr>\n<\/thead>\n<\/table>\n<p>En France, depuis le d\u00e9but de l&rsquo;\u00e9pid\u00e9mie, 1\u00a0personne sur 1000\u00a0est morte du fait de la Covid-19, indique la <a href=\"https:\/\/www.has-sante.fr\/jcms\/p_3234447\/fr\/covid-19-se-vacciner-decider-avec-son-medecin\" target=\"_blank\" rel=\"noopener noreferrer\">Haute Autorit\u00e9 de Sant\u00e9<\/a> le 29 janvier.\u00a0Les personnes les plus gravement touch\u00e9es par cette \u00e9pid\u00e9mie restent les personnes \u00e2g\u00e9es de 65\u00a0ans et plus ainsi que celles pr\u00e9sentant des comorbidit\u00e9s. Les personnes \u00e2g\u00e9es de<strong> 65\u00a0ans et plus <\/strong>repr\u00e9sentaient<strong> 91% des personnes d\u00e9c\u00e9d\u00e9es de la COVID-19\u00a0<\/strong>\u00e0 l&rsquo;h\u00f4pital depuis le 1er mars 2020, et 64% des personnes hospitalis\u00e9es en r\u00e9animation le 09\u00a0f\u00e9vrier 2021.\u00a0<\/p>\n<p><strong>\u2192 81 123\u00a0d\u00e9c\u00e8s ont \u00e9t\u00e9 comptabilis\u00e9s sur la p\u00e9riode du 1er mars 2020\u00a0au 12\u00a0f\u00e9vrier\u00a02021,\u00a0<\/strong>dont 57 452 \u00e0 l&rsquo;h\u00f4pital\u00a0(<strong>+320\u00a0<\/strong>en 24h), auxquels se sont ajout\u00e9s\u00a0288 nouveaux d\u00e9c\u00e8s en Ehpad et \u00e9tablissements sociaux et m\u00e9dico-sociaux entre le 5\u00a0et le 9\u00a0f\u00e9vrier.\u00a0\u00a0<strong>54% sont des hommes.<\/strong><\/p>\n<p><strong>\u2192 2\u00a0574 personnes sont d\u00e9c\u00e9d\u00e9es de la Covid-19 au cours de la semaine 5<\/strong> (1-7 f\u00e9vrier 2021).<\/p>\n<p><strong>\u2192<\/strong>\u00a0<strong>Sur la semaine 5 (1-7 f\u00e9vrier) : <\/strong>les plus forts taux de d\u00e9c\u00e8s dus \u00e0 la COVID-19\u00a0par r\u00e9gion\u00a0\u00e9taient toujours observ\u00e9s en <strong>Provence-Alpes-C\u00f4te d&rsquo;Azur<\/strong>, Bourgogne-Franche-Comt\u00e9, Grand Est et <strong>Centre-Val de Loire.<\/strong><\/p>\n<p>La France a franchi la barre des 40 000 morts samedi 7 novembre,\u00a0celle des 50 000 le 24 novembre et celle des 60 000 le 18 d\u00e9cembre.\u00a0<strong>Un pic de mortalit\u00e9 a \u00e9t\u00e9 atteint\u00a0le 7\u00a0novembre <\/strong>(40\u00a0169\u00a0morts).\u00a0<\/p>\n<div style=\"text-align:center\">\n<figure class=\"image\" style=\"display:inline-block\"><a class=\"fancy\" href=\"https:\/\/img-3.journaldesfemmes.fr\/0nh4KEIvqKXMKM5pdV8ueQJyy6g=\/1080x\/smart\/692f8d0d372645298078b8d18230519a\/ccmcms-jdf\/22319150.jpg\"><img decoding=\"async\" alt=\"courbe deces covid hopital france\" src=\"https:\/\/img-3.journaldesfemmes.fr\/Y854xVlL9Ml1EUfCAXs2KWu9Deo=\/600x\/smart\/692f8d0d372645298078b8d18230519a\/ccmcms-jdf\/22319150.jpg\"\/><\/a><figcaption data-credit=\"Sant\u00e9 Publique France\" data-legend=\"Nombre hebdomadaire de d\u00e9c\u00e8s \u00e0 l\u2019h\u00f4pital de patients COVID-19 par semaine de d\u00e9c\u00e8s, depuis le 02 mars 2020, France (donn\u00e9es au 09 f\u00e9vrier 2021)\">Nombre hebdomadaire de d\u00e9c\u00e8s \u00e0 l\u2019h\u00f4pital de patients COVID-19 par semaine de d\u00e9c\u00e8s, depuis le 02 mars 2020, France (donn\u00e9es au 09 f\u00e9vrier 2021) <small>\u00a9\u00a0Sant\u00e9 Publique France<\/small><\/figcaption><\/figure>\n<\/div>\n<p><iframe loading=\"lazy\" height=\"1000\" src=\"https:\/\/mapthenews.maps.arcgis.com\/apps\/opsdashboard\/index.html#\/bae8aaa7a0b14261b4621c31db410c44\" style=\"border: 0px\" width=\"600\"><\/iframe><\/p>\n<p>Les<strong> r\u00e9gions les plus touch\u00e9es<\/strong> en semaine 5 (1-7 f\u00e9vrier)\u00a0\u00e9taient les r\u00e9gions <strong>Provence-Alpes-C\u00f4te d&rsquo;Azur, \u00cele-de-France, Hauts-de-France et Auvergne-Rh\u00f4ne-Alpes<\/strong>. Ces r\u00e9gions pr\u00e9sentaient les plus forts taux d&rsquo;incidence et de positivit\u00e9, ainsi que les taux d&rsquo;hospitalisation parmi les plus \u00e9lev\u00e9s en m\u00e9tropole.\u00a0Au 8\u00a0f\u00e9vrier<strong>, 100<\/strong>\u00a0<strong>d\u00e9partements <\/strong>ont un nombre de cas de Covid-19\u00a0au-dessus du seuil d&rsquo;alerte de <a href=\"tel:50\/100%20000\" target=\"_blank\" rel=\"noopener noreferrer\">50\/100\u00a0000<\/a> habitants et sont en niveau de vuln\u00e9rabilit\u00e9 \u00ab\u00a0\u00e9lev\u00e9\u00a0\u00bb.\u00a0<\/p>\n<aside id=\"NL_1383363947\" class=\"newsletter_subscription jNlBlock\"><noscript><br \/>\n            <\/noscript><\/p>\n<h3 class=\"newsletter_subscription-title\">Newsletter <\/h3>\n<p><a href=\"\/\/mailing.ccmbg.com\/archive\/last-85\" target=\"_blank\" class=\"a_hover\" rel=\"noopener noreferrer\">Voir un exemple<\/a><\/p>\n<\/aside>\n<p>\u2192\u00a0<strong>En \u00cele-de-France,<\/strong> les indicateurs \u00e9pid\u00e9miologiques \u00e9taient \u00e0 un niveau \u00e9lev\u00e9 et continuaient d&rsquo;<strong>augmenter<\/strong>\u00a0: le taux d&rsquo;incidence \u00e9tait en hausse (238\/100\u00a0000\u00a0hab. vs 229\u00a0en S04, soit +4%). Le taux d&rsquo;hospitalisation \u00e9tait de 17,3\u00a0(vs 15,5\u00a0en S04\u00a0soit +11%) et celui des admissions en <strong>r\u00e9animation <\/strong>de 3,4\u00a0(vs 3,1\u00a0en S04, soit <strong>+12%<\/strong>). Le taux de <strong>d\u00e9c\u00e8s <\/strong>\u00e9tait aussi en augmentation par rapport \u00e0 la semaine pr\u00e9c\u00e9dente (<strong>+9%<\/strong>).<\/p>\n<p><iframe loading=\"lazy\" height=\"600\" src=\"https:\/\/geodes.santepubliquefrance.fr\/?view=map1&amp;indics=sp_pe_tb_heb.tx_pe_hebdo&amp;serie=2020-S42&amp;f1code=0&amp;lang=fr&amp;iframe=1\" width=\"600\"><\/iframe><\/p>\n<section>\n<blockquote>\n<p style=\"text-align: right;\">\u00a0<\/p>\n<\/blockquote>\n<p>Sur la semaine 5 (1-7 f\u00e9vrier), l&rsquo;estimation du nombre de reproduction effectif en France m\u00e9tropolitaine est <strong>en-dessous de 1<\/strong>\u00a0de fa\u00e7on significative dans deux des trois sources de donn\u00e9es, rapporte Sant\u00e9 Publique France. Preuve que l&rsquo;\u00e9pid\u00e9mie recule l\u00e9g\u00e8rement en comparaison aux derni\u00e8res semaines. Les taux de reproduction du virus appel\u00e9s \u00ab\u00a0R-effectifs\u00a0\u00bb ou \u00ab\u00a0Reff\u00a0\u00bb\u00a0permettent de d\u00e9crire la dynamique de l&rsquo;\u00e9pid\u00e9mie\u00a0: lorsque le Reff est significativement sup\u00e9rieur \u00e0 1, ceci signifie que l&rsquo;\u00e9pid\u00e9mie est en progression, lorsqu&rsquo;il est \u00e9gal \u00e0 1, l&rsquo;\u00e9pid\u00e9mie se stabilise, lorsqu&rsquo;il est significativement inf\u00e9rieur \u00e0 1, l&rsquo;\u00e9pid\u00e9mie r\u00e9gresse.\u00a0<\/p>\n<p>Le d\u00e9pistage du Covid-19 est r\u00e9alis\u00e9 en France par RT-PCT et par tests antig\u00e9niques. Depuis le 11 f\u00e9vrier, les tests salivaires sont d\u00e9ploy\u00e9s dans les\u00a0\u00e9tablissements scolaires et peuvent \u00eatre utilis\u00e9s en premi\u00e8re intention pour d\u00e9pister la Covid-19, conform\u00e9ment aux recommandations de la <a href=\"https:\/\/www.has-sante.fr\/jcms\/p_3237053\/fr\/tests-rt-pcr-salivaires-la-has-etend-leur-utilisation-et-definit-les-modalites-pratiques-de-realisation\" target=\"_blank\" rel=\"noopener noreferrer\">HAS<\/a>. Au 11\u00a0f\u00e9vrier, le taux de positivit\u00e9 national s&rsquo;\u00e9tablit \u00e0 6,21<strong>\u00a0%.<\/strong>\u00a0<em>\u00ab\u00a0Il reste d\u00e9terminant que chaque personne pr\u00e9sentant des sympt\u00f4mes \u00e9vocateurs de COVID-19\u00a0s&rsquo;isole imm\u00e9diatement et r\u00e9alise un test diagnostique dans les plus brefs d\u00e9lais\u00a0\u00bb<\/em> rappelle Sant\u00e9 Publique France dans ses bulletins hebdomadaires.<\/p>\n<p>Si au d\u00e9but, on ne parlait que de fi\u00e8vre, toux s\u00e8che, rhume, \u00e9tat grippal et de fatigue, les sympt\u00f4mes de l&rsquo;infection par le coronavirus ont \u00e9volu\u00e9. On sait d\u00e9sormais que le virus peut avoir des <strong>effets sur la peau<\/strong> (urticaire, l\u00e9sions inflammatoires sur les orteils), la sph\u00e8re digestive (vomissements, diarrh\u00e9es&#8230;), <strong>l&rsquo;odorat<\/strong>, le <strong>go\u00fbt <\/strong>et m\u00eame le cerveau.<em> \u00ab\u00a0Sur 100 personnes atteintes du coronavirus, 90 ne vont pas d\u00e9velopper de sympt\u00f4mes\u00a0\u00bb<\/em> avait inform\u00e9 le ministre de la Sant\u00e9 le 5 novembre. La consigne des autorit\u00e9s est inchang\u00e9e :\u00a0chaque personne pr\u00e9sentant des sympt\u00f4mes \u00e9vocateurs de COVID-19 doit s&rsquo;isoler imm\u00e9diatement et r\u00e9aliser un test diagnostique dans les plus brefs d\u00e9lais.<\/p>\n<div class=\"ccminsert\">\n<aside class=\"app_widget_fo app_widget_fo--list app_widget_fo--list-2-col\">\n<ul>\n<li>\n<h3>\n                    <a href=\"https:\/\/sante.journaldesfemmes.fr\/fiches-maladies\/2661241-rhume-ou-covid-19-coronavirus-rhinopharyngite-comment-savoir-symptomes-tableau-difference-test\/\" class=\"jGTMWidgetGAEventClick\" data-gtmwidgetgaeventaction=\"clickWidgetListOnTwoColumns\" data-gtmwidgetgaeventlabel=\"Rhume ou Covid-19\u00a0: diff\u00e9rences, sympt\u00f4mes, comment savoir\u00a0?\"><br \/>\n                        Rhume ou Covid-19\u00a0: diff\u00e9rences, sympt\u00f4mes, comment savoir\u00a0?<br \/>\n                    <\/a><br \/>\n                <\/h3>\n<\/li>\n<li>\n<h3>\n                    <a href=\"https:\/\/sante.journaldesfemmes.fr\/fiches-maladies\/2683439-symptomes-covid-19-coronavirus-boutons-visage-corps-dermatologiques-peau-bras-pieds-engelure\/\" class=\"jGTMWidgetGAEventClick\" data-gtmwidgetgaeventaction=\"clickWidgetListOnTwoColumns\" data-gtmwidgetgaeventlabel=\"Sympt\u00f4mes Covid sur la peau\u00a0: engelures, boutons, quand consulter\u00a0?\"><br \/>\n                        Sympt\u00f4mes Covid sur la peau\u00a0: engelures, boutons, quand consulter\u00a0?<br \/>\n                    <\/a><br \/>\n                <\/h3>\n<\/li>\n<li>\n<h3>\n                    <a href=\"https:\/\/sante.journaldesfemmes.fr\/fiches-maladies\/2630069-coronavirus-covid-19-cerveau-symptomes-sequelles-odorat-effet-lesion-attaque\/\" class=\"jGTMWidgetGAEventClick\" data-gtmwidgetgaeventaction=\"clickWidgetListOnTwoColumns\" data-gtmwidgetgaeventlabel=\"Coronavirus\u00a0et cerveau\u00a0: effets, quels sympt\u00f4mes\u00a0?\"><br \/>\n                        Coronavirus\u00a0et cerveau\u00a0: effets, quels sympt\u00f4mes\u00a0?<br \/>\n                    <\/a><br \/>\n                <\/h3>\n<\/li>\n<li>\n<h3>\n                    <a href=\"https:\/\/sante.journaldesfemmes.fr\/fiches-sante-du-quotidien\/2627657-perte-odorat-anosmie-symptome-covid-19-covidanosmie-duree-rhume-definition-cause-traitement\/\" class=\"jGTMWidgetGAEventClick\" data-gtmwidgetgaeventaction=\"clickWidgetListOnTwoColumns\" data-gtmwidgetgaeventlabel=\"Perte de l'odorat\u00a0(anosmie)\u00a0: sympt\u00f4mes du Covid, dur\u00e9e, r\u00e9\u00e9ducation\"><br \/>\n                        Perte de l&rsquo;odorat\u00a0(anosmie)\u00a0: sympt\u00f4mes du Covid, dur\u00e9e, r\u00e9\u00e9ducation<br \/>\n                    <\/a><br \/>\n                <\/h3>\n<\/li>\n<li>\n<h3>\n                    <a href=\"https:\/\/sante.journaldesfemmes.fr\/fiches-maladies\/2679367-diarrhee-covid-coronavirus-symptome-digestif-intestinaux-duree-que-faire-vomissement-traitement-bebe-jeune\/\" class=\"jGTMWidgetGAEventClick\" data-gtmwidgetgaeventaction=\"clickWidgetListOnTwoColumns\" data-gtmwidgetgaeventlabel=\"Diarrh\u00e9e et Covid-19\u00a0: dur\u00e9e, que faire, un vrai sympt\u00f4me\u00a0?\"><br \/>\n                        Diarrh\u00e9e et Covid-19\u00a0: dur\u00e9e, que faire, un vrai sympt\u00f4me\u00a0?<br \/>\n                    <\/a><br \/>\n                <\/h3>\n<\/li>\n<li>\n<h3>\n                    <a href=\"https:\/\/sante.journaldesfemmes.fr\/fiches-maladies\/2676955-covid-19-ou-gastro-enterite-difference-symptomes-fievre-diarrhee-que-faire-complications\/\" class=\"jGTMWidgetGAEventClick\" data-gtmwidgetgaeventaction=\"clickWidgetListOnTwoColumns\" data-gtmwidgetgaeventlabel=\"Covid-19\u00a0ou gastro-ent\u00e9rite\u00a0: sympt\u00f4mes, quelles diff\u00e9rences\u00a0?\"><br \/>\n                        Covid-19\u00a0ou gastro-ent\u00e9rite\u00a0: sympt\u00f4mes, quelles diff\u00e9rences\u00a0?<br \/>\n                    <\/a><br \/>\n                <\/h3>\n<\/li>\n<li>\n<h3>\n                    <a href=\"https:\/\/sante.journaldesfemmes.fr\/fiches-maladies\/2665621-angine-ou-covid-19-points-communs-symptome-fievre-mal-gorge-test-difference-contagion-qui-consulter\/\" class=\"jGTMWidgetGAEventClick\" data-gtmwidgetgaeventaction=\"clickWidgetListOnTwoColumns\" data-gtmwidgetgaeventlabel=\"Angine ou Covid-19\u00a0: sympt\u00f4mes, diff\u00e9rences, test\"><br \/>\n                        Angine ou Covid-19\u00a0: sympt\u00f4mes, diff\u00e9rences, test<br \/>\n                    <\/a><br \/>\n                <\/h3>\n<\/li>\n<li>\n<h3>\n                    <a href=\"https:\/\/sante.journaldesfemmes.fr\/fiches-maladies\/2626825-coronavirus-allergie-pollen-asthme-symptomes-traitement-recommandation-conseil\/\" class=\"jGTMWidgetGAEventClick\" data-gtmwidgetgaeventaction=\"clickWidgetListOnTwoColumns\" data-gtmwidgetgaeventlabel=\"Coronavirus ou allergie\u00a0: sympt\u00f4mes, conseils pratiques\"><br \/>\n                        Coronavirus ou allergie\u00a0: sympt\u00f4mes, conseils pratiques<br \/>\n                    <\/a><br \/>\n                <\/h3>\n<\/li>\n<li>\n<h3>\n                    <a href=\"https:\/\/sante.journaldesfemmes.fr\/fiches-maladies\/2619471-grippe-ou-covid-19-coronavirus-differences-symptomes-incubation-transmission-vaccin\/\" class=\"jGTMWidgetGAEventClick\" data-gtmwidgetgaeventaction=\"clickWidgetListOnTwoColumns\" data-gtmwidgetgaeventlabel=\"Grippe ou Covid-19\u00a0: sympt\u00f4mes, comment faire la diff\u00e9rence\u00a0?\"><br \/>\n                        Grippe ou Covid-19\u00a0: sympt\u00f4mes, comment faire la diff\u00e9rence\u00a0?<br \/>\n                    <\/a><br \/>\n                <\/h3>\n<\/li>\n<li>\n<h3>\n                    <a href=\"https:\/\/sante.journaldesfemmes.fr\/fiches-maladies\/2644147-symptomes-coronavirus-qui-reviennent-durent-syndrome-post-covid-que-faire\/\" class=\"jGTMWidgetGAEventClick\" data-gtmwidgetgaeventaction=\"clickWidgetListOnTwoColumns\" data-gtmwidgetgaeventlabel=\"Syndrome post-Covid\u00a0: que faire quand les sympt\u00f4mes reviennent\u00a0?\"><br \/>\n                        Syndrome post-Covid\u00a0: que faire quand les sympt\u00f4mes reviennent\u00a0?<br \/>\n                    <\/a><br \/>\n                <\/h3>\n<\/li>\n<\/ul>\n<\/aside>\n<\/div>\n<ul>\n<li><strong>Si vous pr\u00e9sentez des\u00a0sympt\u00f4mes (toux, fi\u00e8vre, mal de t\u00eate) : <\/strong>\u00e9vitez\u00a0les contacts, restez\u00a0\u00e0 domicile, prenez du parac\u00e9tamol si besoin, appelez\u00a0un m\u00e9decin pour prendre rendez-vous dans l&rsquo;\u00e9ventualit\u00e9 qu&rsquo;il vous fasse passer un test de d\u00e9pistage.\u00a0<\/li>\n<li><strong>Appeler le\u00a015 en cas de\u00a0difficult\u00e9s respiratoires : \u00ab\u00a0<\/strong><em>Si cette toux et cette fi\u00e8vre s&rsquo;accompagnent d&rsquo;une g\u00eane respiratoire qui devient permanente avec souffle court, difficult\u00e9 \u00e0 inspirer et \u00e0 expirer, d&rsquo;une aggravation importante de la toux, cela peut signifier une \u00e9volution de la maladie sous la forme d&rsquo;une pneumopathie. Il s&rsquo;agit alors d&rsquo;une urgence respiratoire potentielle et comme dans tous les cas d&rsquo;urgence, il faut alors appeler le 15\u00a0qui prendra les meilleures dispositions pour r\u00e9pondre \u00e0 la situation\u00a0\u00bb, <\/em>pr\u00e9vient le Dr\u00a0Patrick Aub\u00e9, m\u00e9decin g\u00e9n\u00e9raliste. \u00a0<\/li>\n<\/ul>\n<p>La vaccination contre la Covid-19 se poursuit en France avec<strong> 2\u00a0135\u00a0333\u00a0premi\u00e8res injections <\/strong>de vaccin (soit 3,2% de la population totale) et 535\u00a0775\u00a0deuxi\u00e8mes injections ont \u00e9t\u00e9 r\u00e9alis\u00e9es au 11 f\u00e9vrier, selon le <a href=\"https:\/\/solidarites-sante.gouv.fr\/actualites\/presse\/communiques-de-presse\/article\/vaccination-contre-la-covid-en-france-au-11-fevrier-2021-plus-de-2-671-000\" target=\"_blank\" rel=\"noopener noreferrer\">minist\u00e8re de la Sant\u00e9<\/a>. La vaccination est r\u00e9alis\u00e9e avec les vaccins Pfizer-BionTech et Moderna pour le grand public, AstraZeneca \u00e9tant r\u00e9serv\u00e9 aux professionnels de sant\u00e9 de moins de 65 ans pour l&rsquo;instant. La prise de<strong> rendez-vous<\/strong> est ouverte<b> <\/b>sur les sites Internet <strong>Doctolib, Maiia et KelDoc<\/strong> et peut aussi se faire en contactant par t\u00e9l\u00e9phone le <strong>centre de vaccination<\/strong> le plus proche de chez soi (liste disponible sur\u00a0<a href=\"https:\/\/www.sante.fr\/centres-vaccination-covid.html\" target=\"_blank\" rel=\"noopener noreferrer\">Sante.fr<\/a>).<i>\u00a0<\/i><\/p>\n<p>Depuis le dimanche 31\u00a0janvier,\u00a0les fronti\u00e8res sont ferm\u00e9es aux pays hors UE. Les d\u00e9placements sont interdits sauf motif imp\u00e9rieux.<br \/>Depuis le dimanche 24\u00a0janvier, tous les voyageurs entrant en France et venant d&rsquo;un pays europ\u00e9en doivent pr\u00e9senter avant leur d\u00e9part pour l&rsquo;Hexagone un test PCR n\u00e9gatif de moins de 72\u00a0heures. Depuis le 18 janvier, les voyageurs entrant en France en provenance d&rsquo;un pays hors Union-Europ\u00e9enne doivent\u00a0pr\u00e9senter un test PCR n\u00e9gatif\u00a0 et s&rsquo;isoler pendant 7\u00a0jours une fois arriv\u00e9s en France et faire un 2<sup>e<\/sup>\u00a0test \u00e0 l&rsquo;issue de cette p\u00e9riode. Les personnes n&rsquo;ayant pu r\u00e9aliser un test dans leur pays de d\u00e9part auront la possibilit\u00e9 de se faire tester \u00e0 leur arriv\u00e9e en France et seront contraintes de s&rsquo;isoler 7\u00a0jours dans un lieu d&rsquo;h\u00e9bergement d\u00e9sign\u00e9 par les autorit\u00e9s publiques (Le test n\u00e9gatif est d\u00e9j\u00e0 exig\u00e9 pour les voyageurs venant du Royaume-Uni).<\/p>\n<p><\/p>\n<table border=\"1\" cellpadding=\"1\" cellspacing=\"1\" style=\"width:100%;\">\n<thead>\n<tr>\n<th scope=\"col\" style=\"text-align: center;\"><strong>DATES CL\u00c9S DE L&rsquo;\u00c9PID\u00c9MIE EN FRANCE<\/strong><\/th>\n<\/tr>\n<\/thead>\n<tbody>\n<tr>\n<td>\n<ul>\n<li><strong>31\u00a0d\u00e9cembre 2019,<\/strong> l&rsquo;Organisation mondiale de la Sant\u00e9 en Chine est inform\u00e9e de plusieurs cas de pneumonies dans la ville de Wuhan. 44\u00a0personnes sont infect\u00e9es entre cette date et le 3\u00a0janvier 2020.<\/li>\n<li><strong>7\u00a0janvier 2020, <\/strong>les autorit\u00e9s chinoises identifient un \u00ab\u00a0nouveau type de coronavirus\u00a0\u00bb.<\/li>\n<li><strong>13\u00a0janvier, <\/strong>un cas import\u00e9 est recens\u00e9 en Tha\u00eflande.<\/li>\n<li><strong>15\u00a0janvier<\/strong>, le virus cause\u00a0la mort d&rsquo;<strong>une premi\u00e8re\u00a0personne \u00e0 Wuhan<\/strong>, un homme de 69\u00a0ans.\u00a0<\/li>\n<li><strong>23\u00a0janvier,<\/strong> trois villes chinoises dont Wuhan sont plac\u00e9es en quarantaine.<\/li>\n<li><strong>25\u00a0janvier, trois personnes\u00a0contamin\u00e9es sont recens\u00e9es en France<\/strong>, deux \u00e0 Paris et une Bordeaux. Ce sont les premiers cas enregistr\u00e9s sur le continent europ\u00e9en.<\/li>\n<li><strong>30\u00a0janvier, <\/strong>l&rsquo;Organisation mondiale de la Sant\u00e9 <strong>d\u00e9cr\u00e8te\u00a0l&rsquo;<a href=\"https:\/\/sante.journaldesfemmes.fr\/fiches-maladies\/2608035-urgence-de-sante-publique-de-portee-internationale-definition-oms-coronavirus\/\" target=\"_blank\" rel=\"noopener noreferrer\">urgence de sant\u00e9 mondiale<\/a><\/strong>.\u00a0Cette mesure n&rsquo;avait \u00e9t\u00e9 d\u00e9cr\u00e9t\u00e9e que 5\u00a0fois depuis sa cr\u00e9ation (pour Ebola (deux fois), la grippe H1N1, Zika et la poliomy\u00e9lite).\u00a0<\/li>\n<li><strong>23\u00a0f\u00e9vrier, <\/strong>la France d\u00e9clenche le <a href=\"https:\/\/sante.journaldesfemmes.fr\/fiches-maladies\/2622449-plan-orsan-reb-definition-signification-qui-declenche-coronavirus-definition-duree\/\" target=\"_blank\" rel=\"noopener noreferrer\">plan ORSAN<\/a>, un dispositif exceptionnel d&rsquo;organisation des soins.<\/li>\n<li><strong>28\u00a0f\u00e9vrier,<\/strong> la France passe en stade 2\u00a0de l&rsquo;\u00e9pid\u00e9mie.<\/li>\n<li><strong>11\u00a0mars, <\/strong>l&rsquo;OMS classifie de <strong>pand\u00e9mie <\/strong>la diffusion de la maladie \u00e0 coronavirus Covid-19\u00a0dans le monde.<\/li>\n<li><strong>12\u00a0mars<\/strong>, le pr\u00e9sident de la R\u00e9publique Emmanuel Macron annonce la fermeture nationale des cr\u00e8ches et \u00e9tablissements scolaires de France \u00e0 compter du 16\u00a0mars et \u00ab\u00a0jusqu&rsquo;\u00e0 nouvel ordre\u00a0\u00bb.<\/li>\n<li><strong>14\u00a0mars<\/strong>, la France passe au <a href=\"https:\/\/sante.journaldesfemmes.fr\/fiches-maladies\/2625289-coronavirus-covid-19-stade-1-2-3-4-duree-mesure-france-signification-quand\/\" target=\"_blank\" rel=\"noopener noreferrer\"><strong>stade 3 <\/strong><\/a>de l&rsquo;\u00e9pid\u00e9mie.<\/li>\n<li><strong>16\u00a0mars\u00a0:<\/strong>\u00a0la France met en place un dispositif de confinement interdisant les d\u00e9placements.<\/li>\n<li><strong>18\u00a0mars<\/strong> le premier transfert de patients Covid-19\u00a0en France est r\u00e9alis\u00e9\u00a0gr\u00e2ce \u00e0 l&rsquo;Arm\u00e9e, par voie terrestre et a\u00e9rienne.\u00a0<\/li>\n<li><strong>26\u00a0mars<\/strong>, un premier cas jeune meurt en France, une adolescente de 16\u00a0ans, en Ile-de-France originaire de Morsang-sur-Orge.<\/li>\n<li><strong>27\u00a0mars,<\/strong> le confinement de la population fran\u00e7aise est renouvel\u00e9 jusqu&rsquo;au 15\u00a0avril.<\/li>\n<li><strong>13\u00a0avril,<\/strong> Emmanuel Macron annonce le prolongement du confinement jusqu&rsquo;au 11\u00a0mai.<\/li>\n<li><strong>11\u00a0mai, <\/strong>la France commence son d\u00e9confinement.<\/li>\n<li><strong>\u00a015\u00a0juin<\/strong>, toute la France passe en zone verte, sauf Mayotte et la Guyane. \u00c0\u00a0Paris, les restaurants et bars peuvent rouvrir compl\u00e8tement.<\/li>\n<li><strong>22\u00a0juin, <\/strong>les \u00e9coles sont de nouveaux obligatoires en France pour tous les \u00e9l\u00e8ves. Les cin\u00e9mas, salles de jeux, casinos rouvrent. Les sports collectifs peuvent \u00eatre autoris\u00e9s tout en respectant certaines conditions sanitaires.<\/li>\n<li><strong>10\u00a0juillet<\/strong>, la <strong>France <\/strong>a franchi la barre des 30\u00a0000\u00a0morts. Dans la nuit du 10\u00a0au 11\u00a0juillet \u00e0 minuit, l&rsquo;\u00e9tat d&rsquo;urgence sanitaire prend fin en France.<\/li>\n<li><strong>\u00a020\u00a0juillet,<\/strong>\u00a0le <strong>port du masque est obligatoire <\/strong>dans les lieux publics clos en France.<\/li>\n<li><strong>8 octobre, <\/strong>le<strong> plan blanc est r\u00e9activ\u00e9 <\/strong>dans les h\u00f4pitaux d&rsquo;Ile-de-France.<\/li>\n<li><strong>17 octobre \u00e0 0h01<\/strong>, la France repasse en \u00e9tat d&rsquo;urgence sanitaire et un <strong>couvre-feu <\/strong>est instaur\u00e9 dans 9 territoires\u00a0(Paris-Ile-de-France, Rouen, Grenoble, Lille, Lyon, Aix-Marseille, Montpellier, Saint-Etienne, Toulouse).<\/li>\n<li><strong>24 octobre \u00e0 0h01 :<\/strong> extension des mesures de couvre-feu \u00e0 38 nouveaux d\u00e9partements fran\u00e7ais.<\/li>\n<li><strong>29 octobre \u00e0 0h01<\/strong> : reconfinement national pour 4 semaines, jusqu&rsquo;au 1er d\u00e9cembre au minimum.<\/li>\n<li><strong>28 novembre : <\/strong>premi\u00e8re \u00e9tape d&rsquo;all\u00e8gement du confinement avec la r\u00e9ouverture des commerces non essentiels.<\/li>\n<li><strong>15 d\u00e9cembre : <\/strong>seconde \u00e9tape\u00a0d&rsquo;all\u00e8gement du confinement avec le passage \u00e0 un couvre-feu de 20 heures \u00e0 6 heures du matin.<\/li>\n<li><strong>31 d\u00e9cembre<\/strong> : couvre-feu impos\u00e9 le soir du 31 d\u00e9cembre, de 20 heures \u00e0 6 heures du matin.<\/li>\n<li><strong>21 d\u00e9cembre<\/strong> : autorisation du vaccin Pfizer en Europe.<\/li>\n<li><strong>24 d\u00e9cembre<\/strong> : autorisation du vaccin Pfizer BioNTech en France.<\/li>\n<li><strong>27 d\u00e9cembre :<\/strong> d\u00e9but de la vaccination en France et dans l&rsquo;Union europ\u00e9enne avec le vaccin Pfizer BioNTech.<\/li>\n<li><strong>8 janvier 2021<\/strong> :\u00a0autorisation du vaccin Moderna en France.<\/li>\n<li><strong>24 janvier 2021<\/strong> : un test PCR n\u00e9gatif est obligatoire pour rentrer en France par avion pour les voyageurs venant d&rsquo;un pays europ\u00e9en (sauf pour les travailleurs transfrontaliers et le transport terrestre).<\/li>\n<li><strong>31 janvier 2021<\/strong> : fermeture des fronti\u00e8res en France aux pays ext\u00e9rieurs \u00e0 l&rsquo;Union europ\u00e9enne<\/li>\n<li><strong>2 f\u00e9vrier 2021<\/strong> :\u00a0autorisation du vaccin de l&rsquo;Universit\u00e9 d&rsquo;Oxford et AstraZeneca en France, uniquement pour les personnes \u00e2g\u00e9es de moins de 65\u00a0ans.<\/li>\n<li><strong>9 f\u00e9vrier 2021 :<\/strong> la France franchit le cap des 80 000 d\u00e9c\u00e8s.\u00a0<\/li>\n<li><strong>11 f\u00e9vrier : <\/strong>d\u00e9ploiement des tests salivaires dans les \u00e9tablissements scolaires.<\/li>\n<\/ul>\n<\/td>\n<\/tr>\n<\/tbody>\n<\/table>\n<p><em>Cet article est mis \u00e0 jour quotidiennement par <a href=\"https:\/\/www.journaldesfemmes.fr\/account\/ablaize-11409696\" target=\"_blank\" rel=\"noopener noreferrer\">Aur\u00e9lie Blaize<\/a>, <a href=\"https:\/\/www.journaldesfemmes.fr\/account\/anaisthiebaux-10573564\" target=\"_blank\" rel=\"noopener noreferrer\">Ana\u00efs Thi\u00e9baux<\/a> et <a href=\"https:\/\/www.journaldesfemmes.fr\/account\/samanthapages-11598093\" target=\"_blank\" rel=\"noopener noreferrer\">Samantha Pag\u00e8s<\/a>.\u00a0<\/em><\/p>\n<\/section>\n<\/div>\n<p><script async src=\"http:\/\/platform.twitter.com\/widgets.js\" charset=\"utf-8\"><\/script><br \/>\n<br \/>[ad_2]<br \/>\n<br \/><a href=\"https:\/\/sante.journaldesfemmes.fr\/fiches-maladies\/2605417-covid-19-france-coronavirus-chiffres-nombre-nouveaux-cas-morts-bilan-variant\/\">Source link <\/a><\/p>\n","protected":false},"excerpt":{"rendered":"<p>[ad_1] CORONAVIRUS DIRECT &#8211; En France, la circulation de 3\u00a0variants maintient l&rsquo;\u00e9pid\u00e9mie \u00e0 un niveau \u00e9lev\u00e9 de contaminations, notamment en &hellip; <a href=\"http:\/\/www.affinite.fr\/index.php\/2021\/02\/12\/regions-en-alerte-aux-variants-nombre-de-cas\/\" class=\"more-link\">Plus <span class=\"screen-reader-text\">r\u00e9gions en alerte aux variants, nombre de cas<\/span> <span class=\"meta-nav\">&rarr;<\/span><\/a><\/p>\n","protected":false},"author":1,"featured_media":5935,"comment_status":"open","ping_status":"open","sticky":false,"template":"","format":"standard","meta":{"_sitemap_exclude":false,"_sitemap_priority":"","_sitemap_frequency":"","footnotes":""},"categories":[1],"tags":[],"class_list":["post-5934","post","type-post","status-publish","format-standard","has-post-thumbnail","hentry","category-tous"],"_links":{"self":[{"href":"http:\/\/www.affinite.fr\/index.php\/wp-json\/wp\/v2\/posts\/5934"}],"collection":[{"href":"http:\/\/www.affinite.fr\/index.php\/wp-json\/wp\/v2\/posts"}],"about":[{"href":"http:\/\/www.affinite.fr\/index.php\/wp-json\/wp\/v2\/types\/post"}],"author":[{"embeddable":true,"href":"http:\/\/www.affinite.fr\/index.php\/wp-json\/wp\/v2\/users\/1"}],"replies":[{"embeddable":true,"href":"http:\/\/www.affinite.fr\/index.php\/wp-json\/wp\/v2\/comments?post=5934"}],"version-history":[{"count":0,"href":"http:\/\/www.affinite.fr\/index.php\/wp-json\/wp\/v2\/posts\/5934\/revisions"}],"wp:featuredmedia":[{"embeddable":true,"href":"http:\/\/www.affinite.fr\/index.php\/wp-json\/wp\/v2\/media\/5935"}],"wp:attachment":[{"href":"http:\/\/www.affinite.fr\/index.php\/wp-json\/wp\/v2\/media?parent=5934"}],"wp:term":[{"taxonomy":"category","embeddable":true,"href":"http:\/\/www.affinite.fr\/index.php\/wp-json\/wp\/v2\/categories?post=5934"},{"taxonomy":"post_tag","embeddable":true,"href":"http:\/\/www.affinite.fr\/index.php\/wp-json\/wp\/v2\/tags?post=5934"}],"curies":[{"name":"wp","href":"https:\/\/api.w.org\/{rel}","templated":true}]}}