{"id":5924,"date":"2021-02-10T19:39:12","date_gmt":"2021-02-10T19:39:12","guid":{"rendered":"https:\/\/www.affinite.fr\/index.php\/2021\/02\/10\/nouvelle-baisse-a-lhopital-dernier-bilan\/"},"modified":"2021-02-10T19:39:12","modified_gmt":"2021-02-10T19:39:12","slug":"nouvelle-baisse-a-lhopital-dernier-bilan","status":"publish","type":"post","link":"http:\/\/www.affinite.fr\/index.php\/2021\/02\/10\/nouvelle-baisse-a-lhopital-dernier-bilan\/","title":{"rendered":"nouvelle baisse \u00e0 l&rsquo;h\u00f4pital, dernier bilan"},"content":{"rendered":"<p> [ad_1]<br \/>\n<\/p>\n<p>\n                CORONAVIRUS DIRECT &#8211; Le nombre de personnes admises \u00e0 l&rsquo;h\u00f4pital et en r\u00e9animation d\u00e9cro\u00eet depuis 48\u00a0heures. Les nombres de cas (+25\u00a0387) et de d\u00e9c\u00e8s (+296) en 24\u00a0heures restent tr\u00e8s \u00e9lev\u00e9s. La barre des 2\u00a0millions de personnes vaccin\u00e9es est franchie. Derniers chiffres, cas, courbes, d\u00e9clarations du porte-parole du gouvernement, actus.            <\/p>\n<div>\n<aside class=\"ccmsummary marqueur_module ccmcss_cms_summary ccmcss_cms_summary--right\">\n<p>\u00a0Sommaire<\/p>\n<\/aside>\n<p><strong>[Mis\u00a0\u00e0 jour le mercredi 10 f\u00e9vrier \u00e0 20h10<\/strong><b>] <\/b>La situation sanitaire\u00a0reste fragile en France. Elle \u00ab\u00a0<em>a <strong>peu \u00e9volu\u00e9 depuis deux semaines<\/strong> [&#8230;]\u00a0Nous sommes toujours sur ce <strong>m\u00eame plateau haut qui appara\u00eet l\u00e9g\u00e8rement d\u00e9clinant<\/strong> depuis une semaine<\/em>\u00ab\u00a0, rapporte Gabriel Attal, porte-parole du gouvernement ce mercredi 10 f\u00e9vrier \u00e0 l&rsquo;issue d&rsquo;un Conseil de d\u00e9fense, pr\u00e9sid\u00e9\u00a0par Emmanuel Macron. Une cinquantaine de d\u00e9partements connaissent <strong>une baisse importante de leur taux d&rsquo;incidence<\/strong>. La piste d&rsquo;un confinement s&rsquo;\u00e9loigne, mais n&rsquo;est pas \u00e0 exclure\u00a0: <em>\u00ab\u00a0Il existe bien un chemin pour \u00e9viter le reconfinement. Ce chemin n&rsquo;est pas large mais il existe\u00a0\u00bb, <\/em>poursuit le porte-parole<em>.\u00a0<\/em>Au 10\u00a0f\u00e9vrier 2021, <strong>3 319\u00a0personnes sont en r\u00e9animation<\/strong> (-23\u00a0en 24h) et le nombre de personnes hospitalis\u00e9es entame une l\u00e9g\u00e8re baisse\u00a0(-216\u00a0en 24h). Les\u00a0nombres de<strong>\u00a0nouveaux cas (+25 387), et\u00a0de\u00a0d\u00e9c\u00e8s<\/strong>\u00a0(<strong>+296)\u00a0<\/strong>enregistr\u00e9s au cours des derni\u00e8res 24 heures restent encore tr\u00e8s \u00e9lev\u00e9s. Le parlement a donn\u00e9 mardi son aval \u00e0 la <strong>prolongation de l&rsquo;\u00e9tat d&rsquo;urgence sanitaire jusqu&rsquo;au 1er juin<\/strong> prochain face \u00e0 la situation sanitaire particuli\u00e8rement pr\u00e9occupante, li\u00e9e \u00e0 l&rsquo;\u00e9mergence des variants. \u00ab\u00a0<em>Nous sommes aujourd&rsquo;hui <strong>\u00e0 20% de p\u00e9n\u00e9tration du variant anglais en France<\/strong>\u00ab\u00a0<\/em>, a d\u00e9clar\u00e9\u00a0sur <em>BFMTV<\/em> le 8\u00a0f\u00e9vrier\u00a0le Pr Arnaud Fontanet, \u00e9pid\u00e9miologiste \u00e0 Pasteur et membre du Conseil scientifique. Selon l&rsquo;expert, il y aura \u00ab\u00a0<em><strong>deux mois difficiles<\/strong><\/em>\u00a0\u00bb (mars et avril) durant lesquels la progression des variants sera d\u00e9terminante. Quelles sont les <strong>derni\u00e8res\u00a0annonces du gouvernement<\/strong>\u00a0?\u00a0Que disent les\u00a0<a data-auth=\"NotApplicable\" href=\"https:\/\/sante.journaldesfemmes.fr\/fiches-maladies\/2667643-carte-covid-19-france-zone-rouge-departement-region-ile-de-france-direct-europe-alerte-monde-commune\/\" rel=\"noopener noreferrer\" target=\"_blank\">cartes<\/a> de suivi de l&rsquo;\u00e9pid\u00e9mie ? Quelles sont les r\u00e9gions sous tension hospitali\u00e8re ?\u00a0<a data-auth=\"NotApplicable\" href=\"https:\/\/sante.journaldesfemmes.fr\/fiches-maladies\/2629823-taux-de-reproduction-covid-france-coronavirus-r0-r-effectif-calcul-evolution-aujourd-hui-carte\/\" rel=\"noopener noreferrer\" target=\"_blank\">Quel est le taux de R0 du coronavirus en France<\/a>\u00a0? Quand est-on contagieux ? Que sait-on des\u00a0<a href=\"https:\/\/sante.journaldesfemmes.fr\/fiches-maladies\/2620433-vaccin-coronavirus-covid-19-europe-pfizer-moderna-sanofi-astrazeneca-spoutnik-janssen-russe-sanofi\/\" target=\"_blank\" rel=\"noopener noreferrer\">vaccins<\/a>\u00a0? Des\u00a0<a href=\"https:\/\/sante.journaldesfemmes.fr\/fiches-maladies\/2686947-effets-secondaires-indesirable-vaccin-covid-ansm-france-pfizer-moderna-deces-allergie-paralysie\/\" target=\"_blank\" rel=\"noopener noreferrer\">effets secondaires<\/a>\u00a0apr\u00e8s la vaccination ? Chiffres et infos du jour.<\/p>\n<ul>\n<li><strong>2.500.000\u00a0vaccinations\u00a0r\u00e9alis\u00e9es. <\/strong>Le minist\u00e8re de la Sant\u00e9 a annonc\u00e9 mercredi que depuis le d\u00e9but de la campagne de vaccination en France, 2.056.572\u00a0premi\u00e8res injections de vaccin, soit 3,1% de la population totale et 3,9% de la population majeure,\u00a0et 443 148\u00a0deuxi\u00e8mes injections ont \u00e9t\u00e9 r\u00e9alis\u00e9es.<\/li>\n<li><strong>Tests salivaires \u00e0 l&rsquo;\u00e9cole. <\/strong>Le ministre de la sant\u00e9 Olivier V\u00e9ran a d\u00e9clar\u00e9 mercredi devant l&rsquo;Assembl\u00e9e attendre \u00ab\u00a0<em>les recommandations de la Haute Autorit\u00e9 de Sant\u00e9 ce (mercredi) soir, les laboratoires se pr\u00e9parent<\/em>\u00ab\u00a0. Les tests salivaires iront \u00e0 un public prioritaire : \u00ab\u00a0<em>nos enfants, dans nos \u00e9coles, de mani\u00e8re \u00e0 pouvoir identifier sans d\u00e9sagr\u00e9ments pour les enfants des cas positifs, et donc prot\u00e9ger et pr\u00e9server l&rsquo;\u00e9cole dont nous souhaitons qu&rsquo;elle puisse rester ouverte le plus longtemps possible. D\u00e8s la mi-f\u00e9vrier, nous en m\u00e8nerons jusqu&rsquo;\u00e0 300.000\u00a0par semaine<\/em>\u00ab\u00a0, a indiqu\u00e9 le ministre.<\/li>\n<li><strong>Campagne de d\u00e9pistage \u00e0 Limoges.\u00a0<\/strong>Les habitants d&rsquo;un quartier cibl\u00e9 de la ville de Limoges ont \u00e9t\u00e9 convi\u00e9s \u00e0 se faire d\u00e9pister\u00a0mercredi,\u00a0apr\u00e8s la d\u00e9couverte de traces de Covid-19\u00a0dans les eaux us\u00e9es du secteur concern\u00e9s.<\/li>\n<li><strong>Restrictions \u00e0 la R\u00e9union. <\/strong>Le pr\u00e9fet de l&rsquo;Ile de la R\u00e9union, Jacques Billant\u00a0instaure un couvre-feu de 22h \u00e0 5h du matin dans 4 communes (Port, La Possession, Saint-Leu, Saint-Louis)\u00a0d\u00e8s vendredi prochain et annonce la fermeture de 3 centres commerciaux d\u00e8s ce jeudi, sur R\u00e9union La 1\u00e8re.\u00a0<\/li>\n<li><strong>Vers une r\u00e9ouverture des mus\u00e9es ?\u00a0<\/strong>\u00ab\u00a0Je me place dans une perspective de quelques jours. J&rsquo;attends de voir les chiffres qui se stabilisent, la d\u00e9crue\u00a0\u00bb, a confi\u00e9 Roselyne Bachelot, la ministre de la Culture ce mercredi 10 f\u00e9vrier sur France 2.\u00a0<\/li>\n<li><strong>AstraZeneca pour les plus de 65 ans. <\/strong>Le comit\u00e9 d&rsquo;experts sur les vaccins de l&rsquo;Organisation mondiale de la Sant\u00e9 estime\u00a0que le vaccin AstraZeneca est aussi valable pour les plus de 65 ans. Son utilisation est donc \u00ab\u00a0recommand\u00e9e\u00a0\u00bb chez cette tranche d&rsquo;\u00e2ge \u00ab\u00a0m\u00eame si les variants sont pr\u00e9sents dans un pays\u00a0\u00bb, indique le groupe strat\u00e9gique consultatif d&rsquo;experts de l&rsquo;OMS sur la vaccination (SAGE) dans un avis paru ce mercredi. Le gouvernement fran\u00e7ais pr\u00e9f\u00e8re pour le moment le recommander aux moins de 65 ans, \u00e0 cause d&rsquo;un manque de donn\u00e9es sur son efficacit\u00e9 chez les personnes plus \u00e2g\u00e9es.\u00a0<\/li>\n<li><strong>Point sur les variants.<\/strong> \u00ab\u00a0<em>Les variants br\u00e9silien et sud-africain sont\u00a0pr\u00e9sents en France, mais\u00a0avec\u00a0des niveaux de p\u00e9n\u00e9tration beaucoup moins importants que le variant britannique<\/em>\u00ab\u00a0, indique le virologue Bruno Lima, membre du Conseil scientifique, ce mercredi 10 f\u00e9vrier sur France Inter.\u00a0Ces variants sont \u00e0 l&rsquo;origine d&rsquo;environ 200 contaminations, estime-t-il. Par ailleurs, il a indiqu\u00e9 que \u00ab\u00a0<em><strong>c&rsquo;est entre le 1er et le 15\u00a0mars<\/strong> que le variant anglais deviendra majoritaire en France<\/em>\u00ab\u00a0<\/li>\n<li><strong>Des cas de Covid d\u00e8s novembre 2019 ?<\/strong> Un rapport, relay\u00e9 par <a href=\"https:\/\/presse.inserm.fr\/le-sars-cov2-circulait-en-france-des-novembre-2019\/42169\/\" target=\"_blank\" rel=\"noopener noreferrer\">l&rsquo;INSERM<\/a>, sugg\u00e8re que la circulation du virus et l&rsquo;infection par le SARS-CoV-2\u00a0pourraient avoir eu lieu d\u00e8s novembre 2019\u00a0en France. c&rsquo;est gr\u00e2ce au recueil de\u00a09 144\u00a0\u00e9chantillons de s\u00e9rum collect\u00e9s entre le 4\u00a0novembre 2019\u00a0et le 16\u00a0mars 2020, que les chercheurs ont pu \u00e9tudier, r\u00e9trospectivement, le statut s\u00e9rologique des anticorps anti-SARS-CoV-2\u00a0chez les participants de la cohorte.\u00a0Des anticorps neutralisants ont \u00e9t\u00e9 d\u00e9tect\u00e9s chez 44\u00a0participants dont 13\u00a0participants avaient \u00e9t\u00e9 \u00e9chantillonn\u00e9s entre le 5\u00a0novembre 2019\u00a0et le 30\u00a0janvier 2020.<\/li>\n<li><strong>Prolongation de l&rsquo;\u00e9tat d&rsquo;urgence sanitaire. <\/strong>Le parlement a donn\u00e9 mardi son aval \u00e0 la prolongation de l&rsquo;\u00e9tat d&rsquo;urgence sanitaire jusqu&rsquo;au 1er juin prochain. Ce r\u00e9gime d&rsquo;exception permet au gouvernement de d\u00e9cr\u00e9ter des restrictions de libert\u00e9s notamment restreindre les\u00a0d\u00e9placements, ou\u00a0confiner\u00a0la population.<\/li>\n<li><strong>Pr\u00e9avis de gr\u00e8ve \u00e0 l&rsquo;h\u00f4pital.\u00a0<\/strong>Le syndicat des m\u00e9decins r\u00e9animateurs a fait parvenir un pr\u00e9avis de gr\u00e8ve au ministre de la Sant\u00e9. Le pr\u00e9avis\u00a0avertit\u00a0d&rsquo;une gr\u00e8ve illimit\u00e9e, \u00e0 partir du 16\u00a0f\u00e9vrier, \u00ab\u00a0des personnels m\u00e9dicaux, au premier rang desquels ceux exer\u00e7ant en r\u00e9animation en premi\u00e8re ligne contre l&rsquo;\u00e9pid\u00e9mie de Covid, des \u00e9tablissements publics et priv\u00e9s de sant\u00e9 quels que soient leurs statuts\u00a0\u00bb, indique le pr\u00e9avis qui d\u00e9nonce un manque de moyens.\u00a0<\/li>\n<li><strong>Vaccin Sanofi.<\/strong> Le vaccin \u00e9labor\u00e9 par Sanofi \u00ab\u00a0<em>devrait arriver plus t\u00f4t [que pr\u00e9vu]<strong> vers septembre-octobre<\/strong><\/em>\u00ab\u00a0, indique Agn\u00e8s Pannier-Runacher, ministre\u00a0d\u00e9l\u00e9gu\u00e9e aupr\u00e8s du ministre de l&rsquo;\u00c9conomie, charg\u00e9e de l&rsquo;Industrie ce mardi sur Europe 1.\u00a0<\/li>\n<li><strong>Variant anglais. <\/strong>Le variant anglais repr\u00e9sente <strong>37.7% des cas positifs en Ile-de-France<\/strong> selon une analyse sur 7 000 tests, indique Caroline Gutsmuth, m\u00e9decin biologiste et\u00a0directrice d&rsquo;un laboratoire Biogroup \u00e0 Neuilly-sur-Seine.\u00a0<\/li>\n<li><strong>Maladies chroniques li\u00e9es \u00e0 un sur-risque. <\/strong>Une <a href=\"https:\/\/www.epi-phare.fr\/rapports-detudes-et-publications\/covid-19-facteurs-risques\/\" target=\"_blank\" rel=\"noopener noreferrer\">vaste \u00e9tude<\/a> r\u00e9alis\u00e9e par l&rsquo;Agence du m\u00e9dicament, l&rsquo;Assurance maladie et Epi-Phare, publi\u00e9e ce 9 f\u00e9vrier, montre\u00a0que\u00a0<b>la quasi-totalit\u00e9 des affections chroniques <\/b>est associ\u00e9e \u00e0 des risques accrus d&rsquo;hospitalisation et de d\u00e9c\u00e8s pour Covid-19, \u00e0 l&rsquo;exception de la dyslipid\u00e9mie.\u00a0Les\u00a0<b>patients les plus vuln\u00e9rables<\/b>\u00a0\u00a0face \u00e0 ce virus sont ceux souffrant d&rsquo;une des sept pathologies suivantes\u00a0:\u00a0<b>trisomie 21<\/b>\u00a0\u00a0(7\u00a0fois plus de risque d&rsquo;hospitalisation et 23\u00a0fois plus de risque de d\u00e9c\u00e8s)\u00a0;\u00a0<b>retard mental<\/b>\u00a0\u00a0(4\u00a0fois plus de risque d&rsquo;hospitalisation et 7\u00a0fois plus de risque de d\u00e9c\u00e8s)\u00a0; de\u00a0<b>mucoviscidose<\/b>\u00a0\u00a0(4\u00a0fois plus de risque d&rsquo;hospitalisation et 6\u00a0fois plus de risque de d\u00e9c\u00e8s)\u00a0;\u00a0<b>insuffisance r\u00e9nale chronique terminale sous dialyse\u00a0<\/b>(4\u00a0fois plus de risque d&rsquo;hospitalisation et 5\u00a0fois plus de risque de d\u00e9c\u00e8s)\u00a0;\u00a0<b>cancer actif du poumon<\/b>\u00a0\u00a0(3\u00a0fois plus de risque d&rsquo;hospitalisation et 4\u00a0fois plus de risque de d\u00e9c\u00e8s), ainsi que\u00a0<b>transplantation r\u00e9nale<\/b>\u00a0\u00a0(5\u00a0fois plus de risque d&rsquo;hospitalisation et 7\u00a0fois plus de risque de d\u00e9c\u00e8s)\u00a0; ou\u00a0<b>transplantation du poumon<\/b>\u00a0\u00a0(3\u00a0fois plus de risque d&rsquo;hospitalisation et 6\u00a0fois plus de risque de d\u00e9c\u00e8s).<\/li>\n<\/ul>\n<p><a id=\"nouvelles-mesures-covid-france\" name=\"nouvelles-mesures-covid-france\" style=\"font-size: 1.125rem; background-color: rgb(255, 255, 255);\">Quelles sont les nouvelles mesures anti Covid-19 en France ?<\/a><\/p>\n<p>Toute la France est sous<strong>\u00a0couvre-feu \u00e0 18 heures<\/strong> depuis le\u00a0samedi 16 janvier. A date, les mesures de restrictions sont maintenues :<\/p>\n<ul>\n<li><a href=\"http:\/\/www.legifrance.gouv.fr\/download\/pdf?id=z9Xex3BhyHCobGlKyQ5aprEvwG8fGin5VW86ro4rsr0=\">Les centres commerciaux non-alimentaires<\/a> de plus de 20\u00a0000 m<sup>2\u00a0<\/sup>sont ferm\u00e9s\u00a0pour au moins quatre\u00a0semaines (magasins de bricolage, de pr\u00eat-\u00e0-porter, de d\u00e9coration\u2026).<\/li>\n<li>La pratique sportive ou la promenade en plein air est interdite pendant les horaires de couvre-feu\u00a0;<\/li>\n<li>Pendant la journ\u00e9e, les d\u00e9placements sont autoris\u00e9s et l&rsquo;attestation n&rsquo;est pas n\u00e9cessaire\u00a0;<\/li>\n<li>Les d\u00e9placements entre r\u00e9gions sont autoris\u00e9s\u00a0;<\/li>\n<li>Les d\u00e9placements en provenance ou \u00e0 destination d&rsquo;un pays ext\u00e9rieur \u00e0 l&rsquo;Union europ\u00e9enne sont interdits, sauf motif imp\u00e9rieux<\/li>\n<li>Les lieux de culte doivent respecter une certaine jauge\u00a0\u00a0;<\/li>\n<li>Les salles de cin\u00e9ma, les th\u00e9\u00e2tres et les mus\u00e9es restent ferm\u00e9s ;<\/li>\n<li>L&rsquo;accueil du public dans les enceintes sportives, dans les cirques, les parcs zoologiques ou encore les salles de jeux et les casinos est interdit\u00a0;<\/li>\n<li>Les restaurants et les caf\u00e9s sont ferm\u00e9s ;<\/li>\n<li>Le t\u00e9l\u00e9travail doit se poursuivre quand il est possible.\u00a0<\/li>\n<li><b>Fermeture des\u00a0<\/b><span style=\"font-weight: 600;\">fronti\u00e8res<\/span><b>. <\/b>Depuis dimanche 31\u00a0janvier \u00e0 minuit, la France a ferm\u00e9 ses fronti\u00e8res\u00a0aux pays ext\u00e9rieurs \u00e0 l&rsquo;Union europ\u00e9enne, sauf pour \u00ab\u00a0<em>motif imp\u00e9rieux\u00a0\u00bb<\/em>.\u00a0Le Premier ministre\u00a0Jean Castex l&rsquo;avait\u00a0annonc\u00e9 vendredi 29\u00a0janvier\u00a0\u00e0\u00a0l&rsquo;issue du\u00a0Conseil de d\u00e9fense \u00e0 l&rsquo;Elys\u00e9e.\u00a0<\/li>\n<\/ul>\n<p>Le Premier ministre Jean Castex a fait le point sur la situation sanitaire du pays,\u00a0en compagnie du ministre de la Sant\u00e9 Olivier V\u00e9ran, de la ministre du Travail\u00a0Elisabeth Borne, du ministre de l&rsquo;Int\u00e9rieur G\u00e9rald Darmanin, et de la ministre d\u00e9l\u00e9gu\u00e9e aupr\u00e8s du ministre de l&rsquo;\u00c9conomie Agn\u00e8s Pannier-Runacher le jeudi 4 f\u00e9vrier. Les annonces ont \u00e9t\u00e9 les suivantes :\u00a0<\/p>\n<ul>\n<li>Un nouveau <strong>confinement<\/strong> n&rsquo;est pas \u00e0 l&rsquo;ordre du jour, il \u00ab\u00a0<em>ne s&rsquo;envisage qu&rsquo;en dernier recours.<\/em>\u00a0\u00bb Les \u00e9coles et les commerces (de proximit\u00e9) restent ouverts, mais en sursis, a laiss\u00e9 entendre le Premier ministre. La situation des prochains jours pourrait \u00eatre d\u00e9cisive.<\/li>\n<li>Les <strong>restrictions<\/strong> en vigueur, prises le 31\u00a0janvier, sont maintenues.\u00a0<\/li>\n<li>Les <strong>d\u00e9placements entre les r\u00e9gions ne seront pas limit\u00e9s durant les vacances<\/strong>\u00a0de f\u00e9vrier, m\u00eame si un confinement durant les vacances n&rsquo;est pas exclue.<\/li>\n<li>Le <strong>t\u00e9l\u00e9travail<\/strong> doit \u00eatre renforc\u00e9. Il est \u00ab\u00a0un levier essentiel pour lutter contre la propagation du virus\u00a0\u00bb a soulign\u00e9 Elisabeth Borne.<\/li>\n<li>1,7\u00a0millions de <strong>rendez-vous pour des premi\u00e8res\u00a0injections<\/strong> vont \u00eatre\u00a0\u00ab\u00a0ouverts\u00a0\u00bb\u00a0dans les prochains jours\u00a0: 500\u00a0000\u00a0d\u00e8s demain (vendredi) pour un rendez-vous\u00a0fin f\u00e9vrier, et 1,2\u00a0million d\u00e8s le milieu de la semaine prochaine pour une vaccination sur le mois de mars.\u00a0Tous les r\u00e9sidents en Ehpad devraient \u00eatre vaccin\u00e9s d&rsquo;ici \u00e0 la fin de la semaine.<\/li>\n<li>D\u00e9ploiement des tests salivaires dans les \u00e9tablissements scolaires et les universit\u00e9s \u00ab\u00a0<em>apr\u00e8s les vacances scolaires<\/em>\u00ab\u00a0.<\/li>\n<li>La Commission europ\u00e9enne continue d&rsquo;\u00e9tudier tous les candidats vaccins, comme Novavax, a annonc\u00e9 Agn\u00e8s\u00a0Pannier-Runacher. <strong>La France va contribuer \u00e0 produire 4\u00a0vaccins <\/strong>d\u00e8s les prochains mois\u00a0: le Moderna \u00e0 partir du mois de mars, le Pfizer-BioNTech \u00e0 partir du mois d&rsquo;avril,\u00a0le Curva 6\u00a0s&rsquo;il re\u00e7oit son autorisation de mise sur le march\u00e9 \u00e0 partir du mois de mai, le Sanofi \u00e0 partir du mois de juin.<\/li>\n<\/ul>\n<p>Un couvre-feu national est en vigueur en France depuis le\u00a016 janvier 2021. Jeudi 4 f\u00e9vrier, <em>\u00ab\u00a0La situation reste fragile\u00a0\u00bb <\/em>a annonc\u00e9 le Premier ministre dans un point sur la situation sanitaire du pays. Toutefois \u00ab\u00a0<em>La situation ne justifie pas \u00e0 ce jour\u00a0\u00bb <\/em>un reconfinement. Les restrictions en place<em> \u00ab\u00a0ont vocation \u00e0 se poursuivre\u00a0\u00bb <\/em>a t-il soulign\u00e9.\u00a0<\/p>\n<p><strong>En chiffres :<\/strong> Sant\u00e9 Publique France indique dans son <a href=\"https:\/\/www.santepubliquefrance.fr\/maladies-et-traumatismes\/maladies-et-infections-respiratoires\/infection-a-coronavirus\/documents\/bulletin-national\/covid-19-point-epidemiologique-du-4-fevrier-2021\" target=\"_blank\" rel=\"noopener noreferrer\">point hebdomadaire du 4 f\u00e9vrier<\/a>\u00a0une <strong>\u00e9volution plus favorable en semaine 4 (25-31 janvier)<\/strong>, avec une l\u00e9g\u00e8re inversion de la tendance dans les premiers d\u00e9partements sous couvre-feu anticip\u00e9 (groupes 1\u00a0et 2) et une stabilisation dans les autres.\u00a0En semaine 03, l&rsquo;analyse des indicateurs montrait une d\u00e9gradation de la situation \u00e9pid\u00e9miologique sur les 7\u00a0derniers jours (18\u00a0au 24\u00a0janvier), notamment dans le groupe des d\u00e9partements o\u00f9 le couvre-feu anticip\u00e9 aurait pu commencer \u00e0 produire un effet. Ces \u00e9l\u00e9ments n&rsquo;\u00e9taient donc pas en faveur d&rsquo;un impact positif du couvre-feu anticip\u00e9.<\/p>\n<p><strong>Les d\u00e9partements ont \u00e9t\u00e9 class\u00e9s en trois groupes\u00a0<\/strong>: Groupe 1\u00a0: 15\u00a0d\u00e9partements avec couvre-feu d\u00e8s 18h \u00e0 partir du 2\u00a0janvier 2021\u00a0; Groupe 2\u00a0: 10\u00a0d\u00e9partements avec couvre-feu d\u00e8s 18h \u00e0 partir des 10\u00a0et 12\u00a0janvier 2021\u00a0; Groupe 3\u00a0: 61\u00a0d\u00e9partements avec couvre-feu d\u00e8s 18h \u00e0 partir du 16\u00a0janvier 2021.<\/p>\n<h3 style=\"text-align: center;\">\u00c9volution du taux d&rsquo;incidence sur 7\u00a0jours glissants par groupe de d\u00e9partements, du 27\u00a0juin 2020\u00a0au 31 janvier 2021, France m\u00e9tropolitaine (donn\u00e9es au 3 f\u00e9vrier 2021)<\/h3>\n<div style=\"text-align:center\">\n<figure class=\"image\" style=\"display:inline-block\"><a class=\"fancy\" href=\"https:\/\/img-3.journaldesfemmes.fr\/e5S3HF6DXTRGWOQO9FaYvW8B_So=\/1080x\/smart\/ac03d9fa191242de90dae4ddca914a3b\/ccmcms-jdf\/22146152.jpg\"><img decoding=\"async\" alt=\"\u00e9volution du taux d'incidence du coronavirus par d\u00e9partement sous couvre-feu en France\" src=\"https:\/\/img-3.journaldesfemmes.fr\/Zffz2zRZ_Ff28wjbmM8D9hIwqqM=\/600x\/smart\/ac03d9fa191242de90dae4ddca914a3b\/ccmcms-jdf\/22146152.jpg\"\/><\/a><figcaption data-credit=\"Sant\u00e9 Publique France\" data-legend=\"\u00c9volution du taux d\u2019incidence sur 7 jours glissants par groupe de d\u00e9partements, du 27 juin 2020 au 31 janvier 2021, France m\u00e9tropolitaine (donn\u00e9es au 3 f\u00e9vrier 2021)\">\u00c9volution du taux d\u2019incidence sur 7 jours glissants par groupe de d\u00e9partements, du 27 juin 2020 au 31 janvier 2021, France m\u00e9tropolitaine (donn\u00e9es au 3 f\u00e9vrier 2021) <small>\u00a9\u00a0Sant\u00e9 Publique France<\/small><\/figcaption><\/figure>\n<\/div>\n<p>Seuls certains d\u00e9placements sont autoris\u00e9s et mentionn\u00e9s dans l&rsquo;<strong><a href=\"https:\/\/www.interieur.gouv.fr\/Actualites\/L-actu-du-Ministere\/Attestations-de-deplacement-couvre-feu\" target=\"_blank\" rel=\"noopener noreferrer\">attestation<\/a> <\/strong>:<\/p>\n<ul>\n<li>se rendre ou revenir de son lieu de travail, \u00e0 une <a href=\"http:\/\/www.affinite.fr\/index.php\/2022\/11\/09\/formation-de-glacier-apprenez-le-metier-de-glacier-et-changez-votre-vie\/\">formation<\/a> professionnelle, effectuer un d\u00e9placement professionnel ne pouvant \u00eatre report\u00e9\u00a0;<\/li>\n<li>des motifs familiaux imp\u00e9rieux, pour l&rsquo;assistance aux personnes vuln\u00e9rables et pr\u00e9caires, notamment aux personnes en situation de handicap ou pour la garde d&rsquo;enfants\u00a0;<\/li>\n<li>des motifs m\u00e9dicaux\u00a0: aller \u00e0 l&rsquo;h\u00f4pital, examens et soins ne pouvant \u00eatre assur\u00e9s \u00e0 distance et achat de m\u00e9dicaments\u00a0;<\/li>\n<li>participer \u00e0 des missions d&rsquo;int\u00e9r\u00eat g\u00e9n\u00e9ral sur demande de l&rsquo;autorit\u00e9 administrative (maraudes des associations de lutte contre la pauvret\u00e9 ou distributions d&rsquo;aides alimentaires \u00e0 domicile)\u00a0;<\/li>\n<li>les personnes en situation de handicap et leur accompagnant\u00a0;<\/li>\n<li>promener un animal domestique autour de son domicile.<\/li>\n<\/ul>\n<blockquote>\n<p>Les formes graves surviennent avec un d\u00e9calage d&rsquo;une \u00e0 deux semaines apr\u00e8s le d\u00e9but des signes.<\/p>\n<\/blockquote>\n<p>Selon les derniers chiffres publi\u00e9s par <a href=\"https:\/\/www.santepubliquefrance.fr\/dossiers\/coronavirus-covid-19\/coronavirus-chiffres-cles-et-evolution-de-la-covid-19-en-france-et-dans-le-monde\" target=\"_blank\" rel=\"noopener noreferrer\">Sant\u00e9 publique France<\/a>, au mercredi 10\u00a0f\u00e9vrier, en France\u00a0:<\/p>\n<p>\u2022 3 385 622\u00a0personnes ont \u00e9t\u00e9 contamin\u00e9es par le coronavirus\u00a0<strong>(+25 387\u00a0<\/strong><strong>en 24\u00a0heures).<\/strong><\/p>\n<p>\u2022 80 443 personnes sont d\u00e9c\u00e9d\u00e9es en France\u00a0<strong>(+296\u00a0en 24\u00a0heures),<\/strong><strong>\u00a0<\/strong>dont 56 772 \u00e0 l&rsquo;h\u00f4pital, auxquels se sont ajout\u00e9s 288 d\u00e9c\u00e8s en Ephad et ESMS entre le 6 et le 9 f\u00e9vrier.<\/p>\n<p>\u2022 3 319 patients Covid-19 sont en r\u00e9animation (-23).<\/p>\n<p>\u2022 27 461 patients Covid-19 sont hospitalis\u00e9s (-216).<\/p>\n<blockquote>\n<p style=\"text-align: right;\">\u00a0<\/p>\n<\/blockquote>\n<blockquote>\n<p style=\"text-align: right;\">\u00a0<\/p>\n<\/blockquote>\n<p>La circulation du virus SARS-CoV2\u00a0persiste \u00e0 un niveau tr\u00e8s haut en France, avec en moyenne de 20\u00a0475\u00a0nouveaux cas confirm\u00e9s chaque jour entre le 25 et le 31 janvier (derniers chiffres de Sant\u00e9 Publique France.<\/p>\n<ul>\n<li>Les nouvelles hospitalisations\u00a0toujours tr\u00e8s \u00e9lev\u00e9es se stabilisent alors que les nouvelles admissions en r\u00e9animation et le nombre de d\u00e9c\u00e8s hospitalier augmentent respectivement de +6% et +5%.<\/li>\n<li><strong>Les personnes de 75\u00a0ans et plus restent les plus touch\u00e9es par le SARS-CoV-2<\/strong>, m\u00eame si le nombre de cas confirm\u00e9s dans cette classe d&rsquo;\u00e2ge est stable depuis 2\u00a0semaines.<\/li>\n<li>Les disparit\u00e9s r\u00e9gionales perdurent\u00a0; la\u00a0<strong>Provence-Alpes-C\u00f4te d&rsquo;Azur<\/strong>, l&rsquo;<strong>\u00cele de France, la Bourgogne-Franche-Comt\u00e9 et le Grand Est<\/strong>\u00a0\u00e9taient les\u00a0<strong>r\u00e9gions les plus touch\u00e9es\u00a0<\/strong>en semaine 04, pr\u00e9sentant les\u00a0<strong>plus forts taux d&rsquo;incidence<\/strong>, ainsi que des\u00a0<strong>taux d&rsquo;hospitalisations\u00a0<\/strong>parmi les plus \u00e9lev\u00e9s en m\u00e9tropole.<\/li>\n<\/ul>\n<div style=\"text-align:center\">\n<figure class=\"image\" style=\"display:inline-block\"><a class=\"fancy\" href=\"https:\/\/img-3.journaldesfemmes.fr\/4pJgxMRHqhCzQ_laNAG5bNr1LLM=\/1080x\/smart\/e8d339223a95408f83fd62500879d957\/ccmcms-jdf\/22276905.png\"><img decoding=\"async\" alt=\"Nombre de nouvelles personnes positives au Sars-Cov-2 (PCR\/antig\u00e9nique) sur une semaine glissante, pour la premi\u00e8re fois depuis plus de 60 jours, rapport\u00e9 \u00e0 la taille de la population, au 10 f\u00e9vrier \" src=\"https:\/\/img-3.journaldesfemmes.fr\/q31GVXkikyZwr0NwbcZNLkICKMg=\/450x\/smart\/e8d339223a95408f83fd62500879d957\/ccmcms-jdf\/22276905.png\"\/><\/a><figcaption data-credit=\"Gouvernement.fr\" data-legend=\"Nombre de nouvelles personnes positives au Sars-Cov-2 (PCR\/antig\u00e9nique) sur une semaine glissante, pour la premi\u00e8re fois depuis plus de 60 jours, rapport\u00e9 \u00e0 la taille de la population, au 10 f\u00e9vrier \">Nombre de nouvelles personnes positives au Sars-Cov-2 (PCR\/antig\u00e9nique) sur une semaine glissante, pour la premi\u00e8re fois depuis plus de 60 jours, rapport\u00e9 \u00e0 la taille de la population, au 10 f\u00e9vrier <small>\u00a9\u00a0Gouvernement.fr<\/small><\/figcaption><\/figure>\n<\/div>\n<p>Le gouvernement suit \u00e9galement l&rsquo;\u00e9volution du taux d&rsquo;occupation des lits en r\u00e9animation par des patients Covid-19 (sur les capacit\u00e9s initiales). Ce taux met en lumi\u00e8re une \u00e9ventuelle tension hospitali\u00e8re.\u00a0La tension hospitali\u00e8re est actuellement mod\u00e9r\u00e9e et stable.<\/p>\n<div style=\"text-align:center\">\n<figure class=\"image\" style=\"display:inline-block\"><a class=\"fancy\" href=\"https:\/\/img-3.journaldesfemmes.fr\/WXGkZUyO2-by4TwCAX231gtzLw4=\/1080x\/smart\/9fd4b54608fa40459d785998ef278c7b\/ccmcms-jdf\/22276876.png\"><img decoding=\"async\" alt=\"Taux d'occupation des lits en r\u00e9animation au 10 f\u00e9vrier par des patients Covid-19\" src=\"https:\/\/img-3.journaldesfemmes.fr\/IlMBTJj0MACzZUb4NbC7a_-8RVE=\/450x\/smart\/9fd4b54608fa40459d785998ef278c7b\/ccmcms-jdf\/22276876.png\"\/><\/a><figcaption data-credit=\"Gouvernement.fr\" data-legend=\"Taux d'occupation des lits en r\u00e9animation au 10 f\u00e9vrier par des patients Covid-19\">Taux d&rsquo;occupation des lits en r\u00e9animation au 10 f\u00e9vrier par des patients Covid-19 <small>\u00a9\u00a0Gouvernement.fr<\/small><\/figcaption><\/figure>\n<\/div>\n<p>Le\u00a0<strong>pic \u00e9pid\u00e9mique<\/strong>\u00a0de la premi\u00e8re vague a \u00e9t\u00e9 observ\u00e9 la\u00a0<strong>semaine du 6\u00a0au 12\u00a0avril<\/strong>, soit 15\u00a0jours\u00a0apr\u00e8s la mise en \u0153uvre des mesures de confinement de la population g\u00e9n\u00e9rale, le 17\u00a0mars 2020. Le <strong>pic de la deuxi\u00e8me vague <\/strong>a eu lieu\u00a0du <strong>16\u00a0au 20\u00a0novembre,\u00a0<\/strong>trois semaines apr\u00e8s le deuxi\u00e8me confinement.<\/p>\n<p>Au mercredi 10\u00a0f\u00e9vrier 2021, un total de<strong>\u00a03 385 622<\/strong>\u00a0<strong>cas\u00a0confirm\u00e9s\u00a0<\/strong>de coronavirus est rapport\u00e9 depuis le d\u00e9but de la pand\u00e9mie.\u00a0Sur la semaine du 25 au 31\u00a0janvier, Sant\u00e9 Publique France rapporte un taux\u00a0d&rsquo;incidence\u00a0de 214\u00a0pour 100\u00a0000\u00a0habitants, stable par rapport \u00e0 la semaine pr\u00e9c\u00e9dente. <strong>19\u00a0715\u00a0cas ont \u00e9t\u00e9 confirm\u00e9s en moyenne chaque jour.\u00a0<\/strong>Les <strong>personnes de 75\u00a0ans et plus restent\u00a0les plus touch\u00e9es par le SARS-CoV-2.<\/strong><\/p>\n<h3 style=\"text-align: center;\">Nombre incident de cas confirm\u00e9s de Covid-19\u00a0par semaine, rapport\u00e9s \u00e0 Sant\u00e9 publique France, du 11\u00a0mai au 31 janvier 2021, France enti\u00e8re (donn\u00e9es au 3 f\u00e9vrier)<\/h3>\n<div style=\"text-align:center\">\n<figure class=\"image\" style=\"display:inline-block\"><a class=\"fancy\" href=\"https:\/\/img-3.journaldesfemmes.fr\/s9DvhPOXzWjOBeQALbb-gq9adF0=\/1080x\/smart\/42d9841c37b645d4b2365678e9af2e0e\/ccmcms-jdf\/22146033.jpg\"><img decoding=\"async\" alt=\"cas confirm\u00e9 covid\" src=\"https:\/\/img-3.journaldesfemmes.fr\/m__6XFCaLlq0RnUCwkQO1eKx-jc=\/600x\/smart\/42d9841c37b645d4b2365678e9af2e0e\/ccmcms-jdf\/22146033.jpg\"\/><\/a><figcaption data-credit=\"Sant\u00e9 Publique France\" data-legend=\"Nombre incident de cas confirm\u00e9s de COVID-19 par semaine (date de pr\u00e9l\u00e8vement), rapport\u00e9s \u00e0 Sant\u00e9 publique France du 11 mai 2020 au 31 janvier 2021, France (donn\u00e9es au 3 f\u00e9vrier 2021)\">Nombre incident de cas confirm\u00e9s de COVID-19 par semaine (date de pr\u00e9l\u00e8vement), rapport\u00e9s \u00e0 Sant\u00e9 publique France du 11 mai 2020 au 31 janvier 2021, France (donn\u00e9es au 3 f\u00e9vrier 2021) <small>\u00a9\u00a0Sant\u00e9 Publique France<\/small><\/figcaption><\/figure>\n<\/div>\n<h3 style=\"text-align: center;\">Nombre de cas confirm\u00e9s de COVID-19\u00a0chez les r\u00e9sidents et le personnel en ESMS (\u00e9tablissements sociaux et m\u00e9dico-sociaux)\u00a0par semaine calendaire, du 20\u00a0juillet au 31 janvier 2021, en France<\/h3>\n<div style=\"text-align:center\">\n<figure class=\"image\" style=\"display:inline-block\"><a class=\"fancy\" href=\"https:\/\/img-3.journaldesfemmes.fr\/aaOGarH9lt27KV_-N9TscONfitA=\/1080x\/smart\/a548780983c348408a0354a6cb382802\/ccmcms-jdf\/22146046.jpg\"><img decoding=\"async\" alt=\"courbe cas de covid en france dans les ESMS dont Ehpad\" src=\"https:\/\/img-3.journaldesfemmes.fr\/Gyc9TiEhch1c2qxNEIsyvDToG0I=\/600x\/smart\/a548780983c348408a0354a6cb382802\/ccmcms-jdf\/22146046.jpg\"\/><\/a><figcaption data-credit=\"Sant\u00e9 Publique France\" data-legend=\"Nombre de cas confirm\u00e9s de COVID-19 chez les r\u00e9sidents et le personnel en ESMS par semaine calendaire, du 20 juillet au 31 janvier 2021, en France \">Nombre de cas confirm\u00e9s de COVID-19 chez les r\u00e9sidents et le personnel en ESMS par semaine calendaire, du 20 juillet au 31 janvier 2021, en France <small>\u00a9\u00a0Sant\u00e9 Publique France<\/small><\/figcaption><\/figure>\n<\/div>\n<p>Mercredi 10\u00a0f\u00e9vrier,<strong>\u00a0+25 387\u00a0nouvelles personnes<\/strong>\u00a0ont re\u00e7u un test positif au Covid-19 par rapport \u00e0 la veille.<\/p>\n<div style=\"text-align:center\">\n<figure class=\"image\" style=\"display:inline-block\"><a class=\"fancy\" href=\"https:\/\/img-3.journaldesfemmes.fr\/DqlK4eg2TUixTXQ561J_O-wo5Cc=\/1080x\/smart\/cbe28b1b53d14b97b78843ef6cad8cf5\/ccmcms-jdf\/21961435.jpg\"><img decoding=\"async\" alt=\"courbe variation cas covid par jour en france\" src=\"https:\/\/img-3.journaldesfemmes.fr\/pI4CWZbbPt8Lq2bS1_X6bgySj1w=\/600x\/smart\/cbe28b1b53d14b97b78843ef6cad8cf5\/ccmcms-jdf\/21961435.jpg\"\/><\/a><figcaption data-credit=\"Gouvernement.fr\" data-legend=\"Courbe de variation quotidienne des cas de Covid-19 en France jusqu'au 27 janvier.\">Courbe de variation quotidienne des cas de Covid-19 en France jusqu&rsquo;au 27 janvier. <small>\u00a9\u00a0Gouvernement.fr<\/small><\/figcaption><\/figure>\n<\/div>\n<p>Le nombre de nouvelles admission en r\u00e9animation pour COVID-19\u00a0a augment\u00e9 de <strong>+6%<\/strong> au cours de la semaine du 25 au 31\u00a0janvier par rapport \u00e0 la semaine pr\u00e9c\u00e9dente<strong>.<\/strong> Le taux hebdomadaire d&rsquo;hospitalisations de patients COVID-19\u00a0est rest\u00e9 stable. Mercredi 10\u00a0f\u00e9vrier,<b>\u00a03 319\u00a0<\/b>personnes sont\u00a0hospitalis\u00e9es\u00a0en\u00a0r\u00e9animation (-23\u00a0en 24 heures).\u00a0Le nombre d&rsquo;hospitalisation en r\u00e9animation pour Covid-19 reste \u00e0 un niveau \u00e9lev\u00e9.\u00a0<\/p>\n<div style=\"text-align:center\">\n<figure class=\"image\" style=\"display:inline-block\"><a class=\"fancy\" href=\"https:\/\/img-3.journaldesfemmes.fr\/EB1lNkPBLwmtkClr_izT8MkjbhE=\/1080x\/smart\/43038b9e604042a1bf3ca6299f4caded\/ccmcms-jdf\/22145960.jpg\"><img decoding=\"async\" alt=\"courbe r\u00e9animation covid-19\" src=\"https:\/\/img-3.journaldesfemmes.fr\/fHueOKeSbD91cey_iS4Ol8vs8MM=\/600x\/smart\/43038b9e604042a1bf3ca6299f4caded\/ccmcms-jdf\/22145960.jpg\"\/><\/a><figcaption data-credit=\"Sant\u00e9 Publique France\" data-legend=\" Nombre hebdomadaire de patients COVID-19 admis en service de r\u00e9animation pendant leur hospitalisation, par semaine d\u2019admission en r\u00e9animation, depuis le 24 f\u00e9vrier 2020, France, donn\u00e9es au 2 f\u00e9vrier\">Nombre hebdomadaire de patients COVID-19 admis en service de r\u00e9animation pendant leur hospitalisation, par semaine d\u2019admission en r\u00e9animation, depuis le 24 f\u00e9vrier 2020, France, donn\u00e9es au 2 f\u00e9vrier <small>\u00a9\u00a0Sant\u00e9 Publique France<\/small><\/figcaption><\/figure>\n<\/div>\n<p>\u2192 En semaine 25-31 janvier : le taux hebdomadaire de nouvelles admissions en services de r\u00e9animation a augment\u00e9 dans toutes les r\u00e9gions de France m\u00e9tropolitaine, except\u00e9 en Corse (-40%, soit moins 4\u00a0admissions), Pays de la Loire (-17%), Bourgogne-Franche-Comt\u00e9 (-16%), Hauts-de-France (-13%) et Grand-Est (-7%).<\/p>\n<p>\u2192 Entre le 05\u00a0octobre 2020\u00a0et le 2 f\u00e9vrier\u00a02021, parmi les 5 916\u00a0patients signal\u00e9s avec un diagnostic confirm\u00e9 de COVID-19, <strong>71% \u00e9taient des hommes <\/strong>; l&rsquo;<strong>\u00e2ge m\u00e9dian des patients \u00e9tait de 68\u00a0ans\u00a0<\/strong>et 62% \u00e9taient \u00e2g\u00e9s de 65\u00a0ans et plus ; 77\u00a0\u00e9taient des professionnels de sant\u00e9.<\/p>\n<p>\u2192 La surveillance sp\u00e9cifique des cas graves de COVID-19\u00a0admis en r\u00e9animation<strong> lors de la deuxi\u00e8me vague<\/strong> indiquait une proportion \u00e9lev\u00e9e d&rsquo;hommes (72%), de personnes de 65\u00a0ans et plus (63%) et de cas pr\u00e9sentant une comorbidit\u00e9 (89%), dont les plus fr\u00e9quentes \u00e9taient l&rsquo;hypertension art\u00e9rielle, l&rsquo;ob\u00e9sit\u00e9 et le diab\u00e8te. Pour 43% des patients hospitalis\u00e9s en r\u00e9animation pour COVID-19, un recours \u00e0 la ventilation invasive avait \u00e9t\u00e9 n\u00e9cessaire.<\/p>\n<p>Selon les <a href=\"https:\/\/www.gouvernement.fr\/info-coronavirus\/carte-et-donnees\" target=\"_blank\" rel=\"noopener noreferrer\">chiffres communiqu\u00e9s par le gouvernement<\/a>, consolid\u00e9s avec l&rsquo;Agence Sant\u00e9 Publique France et\u00a0les ARS (Agences r\u00e9gionales de Sant\u00e9), voici l&rsquo;\u00e9volution des hospitalisations (dont la r\u00e9animation) et des d\u00e9c\u00e8s\u00a0en France par r\u00e9gion.<\/p>\n<h3 style=\"text-align: center;\"><a id=\"cas-covid-19-tableau-par-region\" name=\"cas-covid-19-tableau-par-region\">Evolution des hospitalisations (dont en r\u00e9animation) et d\u00e9c\u00e8s \u00e0 l&rsquo;h\u00f4pital du Covid-19\u00a0par r\u00e9gion au 10\u00a0f\u00e9vrier<\/a><\/h3>\n<table border=\"1\" cellpadding=\"1\" cellspacing=\"1\" style=\"width:100%;\">\n<thead>\n<tr>\n<th scope=\"col\" style=\"width: 199px;\">R\u00e9gions<\/th>\n<th scope=\"col\" style=\"width: 162px; text-align: center;\">Hospitalisations en cours<\/th>\n<th scope=\"col\" style=\"width: 143px; text-align: center;\">Evolution des nouveaux patients sur les\u00a0 derni\u00e8res 24\u00a0H<\/th>\n<th scope=\"col\" style=\"width: 149px; text-align: center;\">R\u00e9animation Soins intensif<\/th>\n<th scope=\"col\" style=\"width: 155px; text-align: center;\">Evolution des nouveaux patients sur les\u00a0 derni\u00e8res 24\u00a0H<\/th>\n<th scope=\"col\" style=\"width: 220px; text-align: center;\">D\u00e9c\u00e8s<\/th>\n<\/tr>\n<tr>\n<td style=\"width: 199px;\"><b>\u00cele-de-France<\/b><\/td>\n<td style=\"width: 162px;\">5 262<\/td>\n<td style=\"width: 143px;\">-72<\/td>\n<td style=\"width: 149px;\">728<\/td>\n<td style=\"width: 155px;\">-6<\/td>\n<td style=\"width: 220px;\">13 934<\/td>\n<\/tr>\n<tr>\n<td style=\"width: 199px;\"><strong>Grand Est<\/strong><\/td>\n<td style=\"width: 162px;\">2 711<\/td>\n<td style=\"width: 143px;\">-44<\/td>\n<td style=\"width: 149px;\">317<\/td>\n<td style=\"width: 155px;\">-5<\/td>\n<td style=\"width: 220px;\">7 551<\/td>\n<\/tr>\n<tr>\n<td style=\"width: 199px;\"><strong>Auvergne-Rh\u00f4ne-Alpes<\/strong><\/td>\n<td style=\"width: 162px;\">3 699<\/td>\n<td style=\"width: 143px;\">-64<\/td>\n<td style=\"width: 149px;\">400<\/td>\n<td style=\"width: 155px;\">+5<\/td>\n<td style=\"width: 220px;\">8 453<\/td>\n<\/tr>\n<tr>\n<td style=\"width: 199px;\"><strong>Hauts-de-France<\/strong><\/td>\n<td style=\"width: 162px;\">2 591<\/td>\n<td style=\"width: 143px;\">-42<\/td>\n<td style=\"width: 149px;\">306<\/td>\n<td style=\"width: 155px;\">-9<\/td>\n<td style=\"width: 220px;\">5 649<\/td>\n<\/tr>\n<tr>\n<td style=\"width: 199px;\"><strong>Bourgogne-Franche-Comt\u00e9<\/strong><\/td>\n<td style=\"width: 162px;\">1 723<\/td>\n<td style=\"width: 143px;\">-31<\/td>\n<td style=\"width: 149px;\">\n<p>155<\/p>\n<\/td>\n<td style=\"width: 155px;\">-8<\/td>\n<td style=\"width: 220px;\">3 522<\/td>\n<\/tr>\n<tr>\n<td style=\"width: 199px;\"><strong>Provence-Alpes-C\u00f4te d&rsquo;Azur<\/strong><\/td>\n<td style=\"width: 162px;\">3 581<\/td>\n<td style=\"width: 143px;\">-47<\/td>\n<td style=\"width: 149px;\">438<\/td>\n<td style=\"width: 155px;\">-11<\/td>\n<td style=\"width: 220px;\">5 010<\/td>\n<\/tr>\n<tr>\n<td style=\"width: 199px;\"><strong>Occitanie<\/strong><\/td>\n<td style=\"width: 162px;\">1 886<\/td>\n<td style=\"width: 143px;\">-25<\/td>\n<td style=\"width: 149px;\">276<\/td>\n<td style=\"width: 155px;\">+3<\/td>\n<td style=\"width: 220px;\">2 882<\/td>\n<\/tr>\n<tr>\n<td style=\"width: 199px;\"><strong>Bretagne<\/strong><\/td>\n<td style=\"width: 162px;\">758<\/td>\n<td style=\"width: 143px;\">-23<\/td>\n<td style=\"width: 149px;\">53<\/td>\n<td style=\"width: 155px;\">-4<\/td>\n<td style=\"width: 220px;\">1 002<\/td>\n<\/tr>\n<tr>\n<td style=\"width: 199px;\"><strong>Nouvelle-Aquitaine<\/strong><\/td>\n<td style=\"width: 162px;\">1 524<\/td>\n<td style=\"width: 143px;\">-23<\/td>\n<td style=\"width: 149px;\">213<\/td>\n<td style=\"width: 155px;\">+3<\/td>\n<td style=\"width: 220px;\">2 510<\/td>\n<\/tr>\n<tr>\n<td style=\"width: 199px;\"><strong><a href=\"http:\/\/www.affinite.fr\/index.php\/2024\/11\/21\/construire-votre-maison-en-normandie\/\">Normandie<\/a><\/strong><\/td>\n<td style=\"width: 162px;\">1 309<\/td>\n<td style=\"width: 143px;\">\n<p>-23<\/p>\n<\/td>\n<td style=\"width: 149px;\">128<\/td>\n<td style=\"width: 155px;\">-5<\/td>\n<td style=\"width: 220px;\">2 050<\/td>\n<\/tr>\n<tr>\n<td style=\"width: 199px;\"><strong>Centre Val-de-Loire<\/strong><\/td>\n<td style=\"width: 162px;\">1 074<\/td>\n<td style=\"width: 143px;\">-4<\/td>\n<td style=\"width: 149px;\">127<\/td>\n<td style=\"width: 155px;\">-8<\/td>\n<td style=\"width: 220px;\">1 796<\/td>\n<\/tr>\n<tr>\n<td style=\"width: 199px;\"><strong>Pays de la Loire<\/strong><\/td>\n<td style=\"width: 162px;\">974<\/td>\n<td style=\"width: 143px;\">-2<\/td>\n<td style=\"width: 149px;\">98<\/td>\n<td style=\"width: 155px;\">NC<\/td>\n<td style=\"width: 220px;\">1 852<\/td>\n<\/tr>\n<tr>\n<td style=\"width: 199px;\"><strong>Corse<\/strong><\/td>\n<td style=\"width: 162px;\">58<\/td>\n<td style=\"width: 143px;\">-4<\/td>\n<td style=\"width: 149px;\">7<\/td>\n<td style=\"width: 155px;\">+2<\/td>\n<td style=\"width: 220px;\">133<\/td>\n<\/tr>\n<tr>\n<td style=\"width: 199px;\"><strong>Martinique<\/strong><\/td>\n<td style=\"width: 162px;\">9<\/td>\n<td style=\"width: 143px;\">NC<\/td>\n<td style=\"width: 149px;\">2<\/td>\n<td style=\"width: 155px;\">NC<\/td>\n<td style=\"width: 220px;\">45<\/td>\n<\/tr>\n<tr>\n<td style=\"width: 199px;\"><strong>Guadeloupe<\/strong><\/td>\n<td style=\"width: 162px;\">50<\/td>\n<td style=\"width: 143px;\">NC<\/td>\n<td style=\"width: 149px;\">5<\/td>\n<td style=\"width: 155px;\">NC<\/td>\n<td style=\"width: 220px;\">172<\/td>\n<\/tr>\n<tr>\n<td style=\"width: 199px;\"><strong>La R\u00e9union<\/strong><\/td>\n<td style=\"width: 162px;\">63<\/td>\n<td style=\"width: 143px;\">+5<\/td>\n<td style=\"width: 149px;\">18<\/td>\n<td style=\"width: 155px;\">-1<\/td>\n<td style=\"width: 220px;\">56<\/td>\n<\/tr>\n<tr>\n<td style=\"width: 199px;\"><strong>Guyane<\/strong><\/td>\n<td style=\"width: 162px;\">33<\/td>\n<td style=\"width: 143px;\">-4<\/td>\n<td style=\"width: 149px;\">\n<p>12<\/p>\n<\/td>\n<td style=\"width: 155px;\">NC<\/td>\n<td style=\"width: 220px;\">76<\/td>\n<\/tr>\n<tr>\n<td style=\"width: 199px;\"><strong>Mayotte<\/strong><\/td>\n<td style=\"width: 162px;\">112<\/td>\n<td style=\"width: 143px;\">-3<\/td>\n<td style=\"width: 149px;\">26<\/td>\n<td style=\"width: 155px;\">\n<p>-8<\/p>\n<\/td>\n<td style=\"width: 220px;\">53<\/td>\n<\/tr>\n<tr>\n<td style=\"width: 199px;\"><strong>TOTAL<\/strong><\/td>\n<td style=\"width: 162px;\"><strong>27 461<\/strong><\/td>\n<td style=\"width: 143px;\">-406<\/td>\n<td style=\"width: 149px;\"><b>3 319<\/b><\/td>\n<td style=\"width: 155px;\">-51<\/td>\n<td style=\"width: 220px;\">\n<p><span style=\"font-weight: 600;\">56 772<\/span><\/p>\n<\/td>\n<\/tr>\n<\/thead>\n<\/table>\n<p>Le nombre de d\u00e9c\u00e8s li\u00e9s \u00e0 la COVID-19\u00a0est \u00e9lev\u00e9 indique Sant\u00e9 Publique France le 21\u00a0janvier.<strong>\u00a080 443\u00a0d\u00e9c\u00e8s ont \u00e9t\u00e9 comptabilis\u00e9s sur la p\u00e9riode du 1er mars 2020\u00a0au 10\u00a0f\u00e9vrier\u00a02021,\u00a0<\/strong>dont 56 772 \u00e0 l&rsquo;h\u00f4pital\u00a0(<strong>+296\u00a0<\/strong>en 24h), auxquels se sont ajout\u00e9s\u00a0288 nouveaux d\u00e9c\u00e8s en Ehpad et \u00e9tablissements sociaux et m\u00e9dico-sociaux entre le 5\u00a0et le 9\u00a0f\u00e9vrier.\u00a0<\/p>\n<p>\u2192<strong> 93%<\/strong> des cas de COVID-19\u00a0d\u00e9c\u00e9d\u00e9s \u00e9taient \u00e2g\u00e9s de <strong>65\u00a0ans ou plus.<\/strong><\/p>\n<p>\u2192\u00a0<strong>54% sont des hommes.<\/strong><\/p>\n<p>\u2192<strong>\u00a065% des personnes d\u00e9c\u00e9d\u00e9es pr\u00e9sentaient au moins une comorbidit\u00e9<\/strong>.<\/p>\n<p><strong>\u2192<\/strong>\u00a0<strong>Sur la semaine du 18-24\u00a0janvier,\u00a0<\/strong>les plus forts taux de d\u00e9c\u00e8s dus \u00e0 la COVID-19\u00a0par r\u00e9gion rapport\u00e9s \u00e0 la population \u00e9taient toujours observ\u00e9s en Bourgogne-Franche-Comt\u00e9 (7,9\/100\u00a0000\u00a0habitants), Grand Est (6,1), Provence-Alpes-C\u00f4te d&rsquo;Azur (6,1) et Auvergne-Rh\u00f4ne-Alpes (5,2).<\/p>\n<p>La France a franchi la barre des 40 000 morts samedi 7 novembre,\u00a0celle des 50 000 le 24 novembre et celle des 60 000 le 18 d\u00e9cembre.\u00a0<strong>Un pic de mortalit\u00e9 a \u00e9t\u00e9 atteint\u00a0le 7\u00a0novembre <\/strong>(40\u00a0169\u00a0morts).\u00a0<\/p>\n<div style=\"text-align:center\">\n<figure class=\"image\" style=\"display:inline-block\"><a class=\"fancy\" href=\"https:\/\/img-3.journaldesfemmes.fr\/UQjjyeZnhRe3Kl6rlGLBJTEg92g=\/1080x\/smart\/d54f46c16c6c4dd488eb0d16cd40e3a1\/ccmcms-jdf\/21961547.jpg\"><img decoding=\"async\" alt=\"courbe deces covid hopital france\" src=\"https:\/\/img-3.journaldesfemmes.fr\/WTUg4NXjwf70zLXnT1qCoX-W7Rc=\/600x\/smart\/d54f46c16c6c4dd488eb0d16cd40e3a1\/ccmcms-jdf\/21961547.jpg\"\/><\/a><figcaption data-credit=\"Sant\u00e9 Publique France\" data-legend=\"Nombre hebdomadaire de nouveaux d\u00e9c\u00e8s survenus au cours d\u2019une hospitalisation pour COVID-19 selon la date de d\u00e9claration, depuis le 19 mars 2020, France (donn\u00e9es au 24 janvier 2021)\">Nombre hebdomadaire de nouveaux d\u00e9c\u00e8s survenus au cours d\u2019une hospitalisation pour COVID-19 selon la date de d\u00e9claration, depuis le 19 mars 2020, France (donn\u00e9es au 24 janvier 2021) <small>\u00a9\u00a0Sant\u00e9 Publique France<\/small><\/figcaption><\/figure>\n<\/div>\n<p><iframe loading=\"lazy\" height=\"1000\" src=\"https:\/\/mapthenews.maps.arcgis.com\/apps\/opsdashboard\/index.html#\/bae8aaa7a0b14261b4621c31db410c44\" style=\"border: 0px\" width=\"600\"><\/iframe><\/p>\n<p>Les r\u00e9gions les plus touch\u00e9es en semaine 04\u00a0(25-31\u00a0janvier) \u00e9taient les r\u00e9gions Provence-Alpes-C\u00f4te d&rsquo;Azur, \u00cele-de-France, Bourgogne-Franche-Comt\u00e9 et Grand Est. Ces r\u00e9gions pr\u00e9sentaient\u00a0les plus forts taux d&rsquo;incidence, ainsi que des taux d&rsquo;hospitalisations parmi les plus \u00e9lev\u00e9s en m\u00e9tropole.\u00a0En<strong> \u00cele-de-France, <\/strong>les indicateurs \u00e9pid\u00e9miologiques \u00e9taient en augmentation\u00a0: le taux d&rsquo;incidence \u00e9tait de 228\/100\u00a0000\u00a0habitants (vs 214\u00a0en S03, soit +7%). Le taux d&rsquo;hospitalisation \u00e9tait de 15,6\u00a0(vs 13,7\u00a0en S03\u00a0soit +14%) et celui des admissions en r\u00e9animation de 3.1\u00a0(vs 2,8\u00a0en S03, soit +11%). Le taux de d\u00e9c\u00e8s (h\u00f4pital et ESMS) \u00e9tait de 2,6\u00a0en S03.<\/p>\n<p><iframe loading=\"lazy\" height=\"600\" src=\"https:\/\/geodes.santepubliquefrance.fr\/?view=map1&amp;indics=sp_pe_tb_heb.tx_pe_hebdo&amp;serie=2020-S42&amp;f1code=0&amp;lang=fr&amp;iframe=1\" width=\"600\"><\/iframe><\/p>\n<aside id=\"NL_1383363947\" class=\"newsletter_subscription jNlBlock\"><noscript><br \/>\n            <\/noscript><\/p>\n<h3 class=\"newsletter_subscription-title\">Newsletter <\/h3>\n<p><a href=\"\/\/mailing.ccmbg.com\/archive\/last-85\" target=\"_blank\" class=\"a_hover\" rel=\"noopener noreferrer\">Voir un exemple<\/a><\/p>\n<\/aside>\n<p>Au 8\u00a0f\u00e9vrier<strong>, 100<\/strong>\u00a0<strong>d\u00e9partements <\/strong>ont un nombre de cas de Covid-19 au-dessus du seuil d&rsquo;alerte de <a href=\"tel:50\/100%20000\">50\/100 000<\/a> habitants et sont en niveau de vuln\u00e9rabilit\u00e9 \u00ab\u00a0\u00e9lev\u00e9\u00a0\u00bb.\u00a0<\/p>\n<div style=\"text-align:center\">\n<figure class=\"image\" style=\"display:inline-block\"><a class=\"fancy\" href=\"https:\/\/img-3.journaldesfemmes.fr\/PeoknjzmmkRnBUir_FK8jtHpPpU=\/1080x\/smart\/d436b22f66f54df5ab66dfe50fb18d48\/ccmcms-jdf\/22198718.png\"><img decoding=\"async\" alt=\"Niveau de vuln\u00e9rabilit\u00e9 par d\u00e9partement et \u00e9volution, France, au 5 janvier 2021\" src=\"https:\/\/img-3.journaldesfemmes.fr\/w4VJLokfoKzOBjHZKyHTmCB2_CQ=\/450x\/smart\/d436b22f66f54df5ab66dfe50fb18d48\/ccmcms-jdf\/22198718.png\"\/><\/a><figcaption data-credit=\"Sant\u00e9 publique France\" data-legend=\"Niveau de vuln\u00e9rabilit\u00e9 par d\u00e9partement et \u00e9volution, France, au 7 f\u00e9vrier 2021\">Niveau de vuln\u00e9rabilit\u00e9 par d\u00e9partement et \u00e9volution, France, au 8 f\u00e9vrier 2021 <small>\u00a9\u00a0Sant\u00e9 publique France<\/small><\/figcaption><\/figure>\n<\/div>\n<section>\n<blockquote>\n<p style=\"text-align: right;\">\u00a0<\/p>\n<\/blockquote>\n<p>En France m\u00e9tropolitaine, les estimations du R-effectif sont significativement<strong> sup\u00e9rieures \u00e0 1<\/strong>\u00a0: 1,04\u00a0pour les donn\u00e9es virologiques (tests RT-PCR et tests antig\u00e9niques, SI-DEP), 1,05\u00a0pour les passages aux urgences pour suspicion de COVID-19\u00a0(OSCOUR\u00ae). En revanche, \u00e0 partir des donn\u00e9es d&rsquo;hospitalisations pour COVID19\u00a0(SI-VIC), l&rsquo;estimation est en-dessous de 1\u00a0: 0,99.\u00a0Les taux de reproduction du virus appel\u00e9s \u00ab\u00a0R-effectifs\u00a0\u00bb ou \u00ab\u00a0Reff\u00a0\u00bb\u00a0permettent de d\u00e9crire la dynamique de l&rsquo;\u00e9pid\u00e9mie\u00a0: lorsque le Reff est significativement sup\u00e9rieur \u00e0 1, ceci signifie que l&rsquo;\u00e9pid\u00e9mie est en progression, lorsqu&rsquo;il est \u00e9gal \u00e0 1, l&rsquo;\u00e9pid\u00e9mie se stabilise, lorsqu&rsquo;il est significativement inf\u00e9rieur \u00e0 1, l&rsquo;\u00e9pid\u00e9mie r\u00e9gresse.\u00a0<\/p>\n<p>Le d\u00e9pistage du Covid-19 est r\u00e9alis\u00e9 en France par RT-PCT et par tests antig\u00e9niques. Au 9\u00a0f\u00e9vrier, le taux de positivit\u00e9 national s&rsquo;\u00e9tablit \u00e0 6,3<strong>\u00a0%.<\/strong>\u00a0<em>\u00ab\u00a0Il reste d\u00e9terminant que chaque personne pr\u00e9sentant des sympt\u00f4mes \u00e9vocateurs de COVID-19\u00a0s&rsquo;isole imm\u00e9diatement et r\u00e9alise un test diagnostique dans les plus brefs d\u00e9lais\u00a0\u00bb<\/em> rappelle Sant\u00e9 Publique France dans ses bulletins hebdomadaires.<\/p>\n<p>Si au d\u00e9but, on ne parlait que de fi\u00e8vre, toux s\u00e8che, rhume, \u00e9tat grippal et de fatigue, les sympt\u00f4mes de l&rsquo;infection par le coronavirus ont \u00e9volu\u00e9. On sait d\u00e9sormais que le virus peut avoir des <strong>effets sur la peau<\/strong> (urticaire, l\u00e9sions inflammatoires sur les orteils), la sph\u00e8re digestive (vomissements, diarrh\u00e9es&#8230;), <strong>l&rsquo;odorat<\/strong>, le <strong>go\u00fbt <\/strong>et m\u00eame le cerveau.<em> \u00ab\u00a0Sur 100 personnes atteintes du coronavirus, 90 ne vont pas d\u00e9velopper de sympt\u00f4mes\u00a0\u00bb<\/em> avait inform\u00e9 le ministre de la Sant\u00e9 le 5 novembre. La consigne des autorit\u00e9s est inchang\u00e9e :\u00a0chaque personne pr\u00e9sentant des sympt\u00f4mes \u00e9vocateurs de COVID-19 doit s&rsquo;isoler imm\u00e9diatement et r\u00e9aliser un test diagnostique dans les plus brefs d\u00e9lais.<\/p>\n<div class=\"ccminsert\">\n<aside class=\"app_widget_fo app_widget_fo--list app_widget_fo--list-2-col\">\n<ul>\n<li>\n<h3>\n                    <a href=\"https:\/\/sante.journaldesfemmes.fr\/fiches-maladies\/2661241-rhume-ou-covid-19-coronavirus-rhinopharyngite-comment-savoir-symptomes-tableau-difference-test\/\" class=\"jGTMWidgetGAEventClick\" data-gtmwidgetgaeventaction=\"clickWidgetListOnTwoColumns\" data-gtmwidgetgaeventlabel=\"Rhume ou Covid-19\u00a0: diff\u00e9rences, sympt\u00f4mes, comment savoir\u00a0?\"><br \/>\n                        Rhume ou Covid-19\u00a0: diff\u00e9rences, sympt\u00f4mes, comment savoir\u00a0?<br \/>\n                    <\/a><br \/>\n                <\/h3>\n<\/li>\n<li>\n<h3>\n                    <a href=\"https:\/\/sante.journaldesfemmes.fr\/fiches-maladies\/2683439-symptomes-covid-19-coronavirus-boutons-visage-corps-dermatologiques-peau-bras-pieds-engelure\/\" class=\"jGTMWidgetGAEventClick\" data-gtmwidgetgaeventaction=\"clickWidgetListOnTwoColumns\" data-gtmwidgetgaeventlabel=\"Sympt\u00f4mes Covid sur la peau\u00a0: engelures, boutons, quand consulter\u00a0?\"><br \/>\n                        Sympt\u00f4mes Covid sur la peau\u00a0: engelures, boutons, quand consulter\u00a0?<br \/>\n                    <\/a><br \/>\n                <\/h3>\n<\/li>\n<li>\n<h3>\n                    <a href=\"https:\/\/sante.journaldesfemmes.fr\/fiches-maladies\/2630069-coronavirus-covid-19-cerveau-symptomes-sequelles-odorat-effet-lesion-attaque\/\" class=\"jGTMWidgetGAEventClick\" data-gtmwidgetgaeventaction=\"clickWidgetListOnTwoColumns\" data-gtmwidgetgaeventlabel=\"Coronavirus\u00a0et cerveau\u00a0: effets, quels sympt\u00f4mes\u00a0?\"><br \/>\n                        Coronavirus\u00a0et cerveau\u00a0: effets, quels sympt\u00f4mes\u00a0?<br \/>\n                    <\/a><br \/>\n                <\/h3>\n<\/li>\n<li>\n<h3>\n                    <a href=\"https:\/\/sante.journaldesfemmes.fr\/fiches-sante-du-quotidien\/2627657-perte-odorat-anosmie-symptome-covid-19-covidanosmie-duree-rhume-definition-cause-traitement\/\" class=\"jGTMWidgetGAEventClick\" data-gtmwidgetgaeventaction=\"clickWidgetListOnTwoColumns\" data-gtmwidgetgaeventlabel=\"Perte de l'odorat\u00a0(anosmie)\u00a0: sympt\u00f4mes du Covid, dur\u00e9e, r\u00e9\u00e9ducation\"><br \/>\n                        Perte de l&rsquo;odorat\u00a0(anosmie)\u00a0: sympt\u00f4mes du Covid, dur\u00e9e, r\u00e9\u00e9ducation<br \/>\n                    <\/a><br \/>\n                <\/h3>\n<\/li>\n<li>\n<h3>\n                    <a href=\"https:\/\/sante.journaldesfemmes.fr\/fiches-maladies\/2679367-diarrhee-covid-coronavirus-symptome-digestif-intestinaux-duree-que-faire-vomissement-traitement-bebe-jeune\/\" class=\"jGTMWidgetGAEventClick\" data-gtmwidgetgaeventaction=\"clickWidgetListOnTwoColumns\" data-gtmwidgetgaeventlabel=\"Diarrh\u00e9e et Covid-19\u00a0: dur\u00e9e, que faire, un vrai sympt\u00f4me\u00a0?\"><br \/>\n                        Diarrh\u00e9e et Covid-19\u00a0: dur\u00e9e, que faire, un vrai sympt\u00f4me\u00a0?<br \/>\n                    <\/a><br \/>\n                <\/h3>\n<\/li>\n<li>\n<h3>\n                    <a href=\"https:\/\/sante.journaldesfemmes.fr\/fiches-maladies\/2676955-covid-19-ou-gastro-enterite-difference-symptomes-fievre-diarrhee-que-faire-complications\/\" class=\"jGTMWidgetGAEventClick\" data-gtmwidgetgaeventaction=\"clickWidgetListOnTwoColumns\" data-gtmwidgetgaeventlabel=\"Covid-19\u00a0ou gastro-ent\u00e9rite\u00a0: sympt\u00f4mes, quelles diff\u00e9rences\u00a0?\"><br \/>\n                        Covid-19\u00a0ou gastro-ent\u00e9rite\u00a0: sympt\u00f4mes, quelles diff\u00e9rences\u00a0?<br \/>\n                    <\/a><br \/>\n                <\/h3>\n<\/li>\n<li>\n<h3>\n                    <a href=\"https:\/\/sante.journaldesfemmes.fr\/fiches-maladies\/2665621-angine-ou-covid-19-points-communs-symptome-fievre-mal-gorge-test-difference-contagion-qui-consulter\/\" class=\"jGTMWidgetGAEventClick\" data-gtmwidgetgaeventaction=\"clickWidgetListOnTwoColumns\" data-gtmwidgetgaeventlabel=\"Angine ou Covid-19\u00a0: sympt\u00f4mes, diff\u00e9rences, test\"><br \/>\n                        Angine ou Covid-19\u00a0: sympt\u00f4mes, diff\u00e9rences, test<br \/>\n                    <\/a><br \/>\n                <\/h3>\n<\/li>\n<li>\n<h3>\n                    <a href=\"https:\/\/sante.journaldesfemmes.fr\/fiches-maladies\/2626825-coronavirus-allergie-pollen-asthme-symptomes-traitement-recommandation-conseil\/\" class=\"jGTMWidgetGAEventClick\" data-gtmwidgetgaeventaction=\"clickWidgetListOnTwoColumns\" data-gtmwidgetgaeventlabel=\"Coronavirus ou allergie\u00a0: sympt\u00f4mes, conseils pratiques\"><br \/>\n                        Coronavirus ou allergie\u00a0: sympt\u00f4mes, conseils pratiques<br \/>\n                    <\/a><br \/>\n                <\/h3>\n<\/li>\n<li>\n<h3>\n                    <a href=\"https:\/\/sante.journaldesfemmes.fr\/fiches-maladies\/2619471-grippe-ou-covid-19-coronavirus-differences-symptomes-incubation-transmission-vaccin\/\" class=\"jGTMWidgetGAEventClick\" data-gtmwidgetgaeventaction=\"clickWidgetListOnTwoColumns\" data-gtmwidgetgaeventlabel=\"Grippe ou Covid-19\u00a0: sympt\u00f4mes, comment faire la diff\u00e9rence\u00a0?\"><br \/>\n                        Grippe ou Covid-19\u00a0: sympt\u00f4mes, comment faire la diff\u00e9rence\u00a0?<br \/>\n                    <\/a><br \/>\n                <\/h3>\n<\/li>\n<li>\n<h3>\n                    <a href=\"https:\/\/sante.journaldesfemmes.fr\/fiches-maladies\/2644147-symptomes-coronavirus-qui-reviennent-durent-syndrome-post-covid-que-faire\/\" class=\"jGTMWidgetGAEventClick\" data-gtmwidgetgaeventaction=\"clickWidgetListOnTwoColumns\" data-gtmwidgetgaeventlabel=\"Syndrome post-Covid\u00a0: que faire quand les sympt\u00f4mes reviennent\u00a0?\"><br \/>\n                        Syndrome post-Covid\u00a0: que faire quand les sympt\u00f4mes reviennent\u00a0?<br \/>\n                    <\/a><br \/>\n                <\/h3>\n<\/li>\n<\/ul>\n<\/aside>\n<\/div>\n<ul>\n<li><strong>Si vous pr\u00e9sentez des\u00a0sympt\u00f4mes (toux, fi\u00e8vre, mal de t\u00eate) : <\/strong>\u00e9vitez\u00a0les contacts, restez\u00a0\u00e0 domicile, prenez du parac\u00e9tamol si besoin, appelez\u00a0un m\u00e9decin pour prendre rendez-vous dans l&rsquo;\u00e9ventualit\u00e9 qu&rsquo;il vous fasse passer un test de d\u00e9pistage.\u00a0<\/li>\n<li><strong>Appeler le\u00a015 en cas de\u00a0difficult\u00e9s respiratoires : \u00ab\u00a0<\/strong><em>Si cette toux et cette fi\u00e8vre s&rsquo;accompagnent d&rsquo;une g\u00eane respiratoire qui devient permanente avec souffle court, difficult\u00e9 \u00e0 inspirer et \u00e0 expirer, d&rsquo;une aggravation importante de la toux, cela peut signifier une \u00e9volution de la maladie sous la forme d&rsquo;une pneumopathie. Il s&rsquo;agit alors d&rsquo;une urgence respiratoire potentielle et comme dans tous les cas d&rsquo;urgence, il faut alors appeler le 15\u00a0qui prendra les meilleures dispositions pour r\u00e9pondre \u00e0 la situation\u00a0\u00bb, <\/em>pr\u00e9vient le Dr\u00a0Patrick Aub\u00e9, m\u00e9decin g\u00e9n\u00e9raliste. \u00a0<\/li>\n<\/ul>\n<p>La vaccination contre la Covid-19 se poursuit en France avec 1 922 706\u00a0premi\u00e8res injections de vaccin\u00a0au 9\u00a0f\u00e9vrier, et 296 265\u00a0deuxi\u00e8mes injections r\u00e9alis\u00e9es au 8\u00a0f\u00e9vrier, selon le <a href=\"https:\/\/solidarites-sante.gouv.fr\/actualites\/presse\/communiques-de-presse\/article\/vaccination-contre-la-covid-en-france-au-04-fevrier-2021-plus-de-1-956-000\" target=\"_blank\" rel=\"noopener noreferrer\">minist\u00e8re de la Sant\u00e9<\/a>. La prise de<strong> rendez-vous<\/strong> est ouverte<b> <\/b>sur les sites Internet <strong>Doctolib, Maiia et KelDoc<\/strong> et peut aussi se faire en contactant par t\u00e9l\u00e9phone le <strong>centre de vaccination<\/strong> le plus proche de chez soi (liste disponible sur\u00a0<a href=\"https:\/\/www.sante.fr\/centres-vaccination-covid.html\" target=\"_blank\" rel=\"noopener noreferrer\">Sante.fr<\/a>).<i>\u00a0<\/i><\/p>\n<p>Depuis le dimanche 31\u00a0janvier,\u00a0les fronti\u00e8res sont ferm\u00e9es aux pays hors UE. Les d\u00e9placements sont interdits sauf motif imp\u00e9rieux.<br \/>Depuis le dimanche 24\u00a0janvier, tous les voyageurs entrant en France et venant d&rsquo;un pays europ\u00e9en doivent pr\u00e9senter avant leur d\u00e9part pour l&rsquo;Hexagone un test PCR n\u00e9gatif de moins de 72\u00a0heures. Depuis le 18 janvier, les voyageurs entrant en France en provenance d&rsquo;un pays hors Union-Europ\u00e9enne doivent\u00a0pr\u00e9senter un test PCR n\u00e9gatif\u00a0 et s&rsquo;isoler pendant 7\u00a0jours une fois arriv\u00e9s en France et faire un 2<sup>e<\/sup>\u00a0test \u00e0 l&rsquo;issue de cette p\u00e9riode. Les personnes n&rsquo;ayant pu r\u00e9aliser un test dans leur pays de d\u00e9part auront la possibilit\u00e9 de se faire tester \u00e0 leur arriv\u00e9e en France et seront contraintes de s&rsquo;isoler 7\u00a0jours dans un lieu d&rsquo;h\u00e9bergement d\u00e9sign\u00e9 par les autorit\u00e9s publiques (Le test n\u00e9gatif est d\u00e9j\u00e0 exig\u00e9 pour les voyageurs venant du Royaume-Uni).<\/p>\n<p><\/p>\n<table border=\"1\" cellpadding=\"1\" cellspacing=\"1\" style=\"width:100%;\">\n<thead>\n<tr>\n<th scope=\"col\" style=\"text-align: center;\"><strong>DATES CL\u00c9S DE L&rsquo;\u00c9PID\u00c9MIE EN FRANCE<\/strong><\/th>\n<\/tr>\n<\/thead>\n<tbody>\n<tr>\n<td>\n<ul>\n<li><strong>31\u00a0d\u00e9cembre 2019,<\/strong> l&rsquo;Organisation mondiale de la Sant\u00e9 en Chine est inform\u00e9e de plusieurs cas de pneumonies dans la ville de Wuhan. 44\u00a0personnes sont infect\u00e9es entre cette date et le 3\u00a0janvier 2020.<\/li>\n<li><strong>7\u00a0janvier 2020, <\/strong>les autorit\u00e9s chinoises identifient un \u00ab\u00a0nouveau type de coronavirus\u00a0\u00bb.<\/li>\n<li><strong>13\u00a0janvier, <\/strong>un cas import\u00e9 est recens\u00e9 en Tha\u00eflande.<\/li>\n<li><strong>15\u00a0janvier<\/strong>, le virus cause\u00a0la mort d&rsquo;<strong>une premi\u00e8re\u00a0personne \u00e0 Wuhan<\/strong>, un homme de 69\u00a0ans.\u00a0<\/li>\n<li><strong>23\u00a0janvier,<\/strong> trois villes chinoises dont Wuhan sont plac\u00e9es en quarantaine.<\/li>\n<li><strong>25\u00a0janvier, trois personnes\u00a0contamin\u00e9es sont recens\u00e9es en France<\/strong>, deux \u00e0 Paris et une Bordeaux. Ce sont les premiers cas enregistr\u00e9s sur le continent europ\u00e9en.<\/li>\n<li><strong>30\u00a0janvier, <\/strong>l&rsquo;Organisation mondiale de la Sant\u00e9 <strong>d\u00e9cr\u00e8te\u00a0l&rsquo;<a href=\"https:\/\/sante.journaldesfemmes.fr\/fiches-maladies\/2608035-urgence-de-sante-publique-de-portee-internationale-definition-oms-coronavirus\/\" target=\"_blank\" rel=\"noopener noreferrer\">urgence de sant\u00e9 mondiale<\/a><\/strong>.\u00a0Cette mesure n&rsquo;avait \u00e9t\u00e9 d\u00e9cr\u00e9t\u00e9e que 5\u00a0fois depuis sa cr\u00e9ation (pour Ebola (deux fois), la grippe H1N1, Zika et la poliomy\u00e9lite).\u00a0<\/li>\n<li><strong>23\u00a0f\u00e9vrier, <\/strong>la France d\u00e9clenche le <a href=\"https:\/\/sante.journaldesfemmes.fr\/fiches-maladies\/2622449-plan-orsan-reb-definition-signification-qui-declenche-coronavirus-definition-duree\/\" target=\"_blank\" rel=\"noopener noreferrer\">plan ORSAN<\/a>, un dispositif exceptionnel d&rsquo;organisation des soins.<\/li>\n<li><strong>28\u00a0f\u00e9vrier,<\/strong> la France passe en stade 2\u00a0de l&rsquo;\u00e9pid\u00e9mie.<\/li>\n<li><strong>11\u00a0mars, <\/strong>l&rsquo;OMS classifie de <strong>pand\u00e9mie <\/strong>la diffusion de la maladie \u00e0 coronavirus Covid-19\u00a0dans le monde.<\/li>\n<li><strong>12\u00a0mars<\/strong>, le pr\u00e9sident de la R\u00e9publique Emmanuel Macron annonce la fermeture nationale des cr\u00e8ches et \u00e9tablissements scolaires de France \u00e0 compter du 16\u00a0mars et \u00ab\u00a0jusqu&rsquo;\u00e0 nouvel ordre\u00a0\u00bb.<\/li>\n<li><strong>14\u00a0mars<\/strong>, la France passe au <a href=\"https:\/\/sante.journaldesfemmes.fr\/fiches-maladies\/2625289-coronavirus-covid-19-stade-1-2-3-4-duree-mesure-france-signification-quand\/\" target=\"_blank\" rel=\"noopener noreferrer\"><strong>stade 3 <\/strong><\/a>de l&rsquo;\u00e9pid\u00e9mie.<\/li>\n<li><strong>16\u00a0mars\u00a0:<\/strong>\u00a0la France met en place un dispositif de confinement interdisant les d\u00e9placements.<\/li>\n<li><strong>18\u00a0mars<\/strong> le premier transfert de patients Covid-19\u00a0en France est r\u00e9alis\u00e9\u00a0gr\u00e2ce \u00e0 l&rsquo;Arm\u00e9e, par voie terrestre et a\u00e9rienne.\u00a0<\/li>\n<li><strong>26\u00a0mars<\/strong>, un premier cas jeune meurt en France, une adolescente de 16\u00a0ans, en Ile-de-France originaire de Morsang-sur-Orge.<\/li>\n<li><strong>27\u00a0mars,<\/strong> le confinement de la population fran\u00e7aise est renouvel\u00e9 jusqu&rsquo;au 15\u00a0avril.<\/li>\n<li><strong>13\u00a0avril,<\/strong> Emmanuel Macron annonce le prolongement du confinement jusqu&rsquo;au 11\u00a0mai.<\/li>\n<li><strong>11\u00a0mai, <\/strong>la France commence son d\u00e9confinement.<\/li>\n<li><strong>\u00a015\u00a0juin<\/strong>, toute la France passe en zone verte, sauf Mayotte et la Guyane. \u00c0\u00a0Paris, les restaurants et bars peuvent rouvrir compl\u00e8tement.<\/li>\n<li><strong>22\u00a0juin, <\/strong>les \u00e9coles sont de nouveaux obligatoires en France pour tous les \u00e9l\u00e8ves. Les cin\u00e9mas, salles de jeux, casinos rouvrent. Les sports collectifs peuvent \u00eatre autoris\u00e9s tout en respectant certaines conditions sanitaires.<\/li>\n<li><strong>10\u00a0juillet<\/strong>, la <strong>France <\/strong>a franchi la barre des 30\u00a0000\u00a0morts. Dans la nuit du 10\u00a0au 11\u00a0juillet \u00e0 minuit, l&rsquo;\u00e9tat d&rsquo;urgence sanitaire prend fin en France.<\/li>\n<li><strong>\u00a020\u00a0juillet,<\/strong>\u00a0le <strong>port du masque est obligatoire <\/strong>dans les lieux publics clos en France.<\/li>\n<li><strong>8 octobre, <\/strong>le<strong> plan blanc est r\u00e9activ\u00e9 <\/strong>dans les h\u00f4pitaux d&rsquo;Ile-de-France.<\/li>\n<li><strong>17 octobre \u00e0 0h01<\/strong>, la France repasse en \u00e9tat d&rsquo;urgence sanitaire et un <strong>couvre-feu <\/strong>est instaur\u00e9 dans 9 territoires\u00a0(Paris-Ile-de-France, Rouen, Grenoble, Lille, Lyon, Aix-Marseille, Montpellier, Saint-Etienne, Toulouse).<\/li>\n<li><strong>24 octobre \u00e0 0h01 :<\/strong> extension des mesures de couvre-feu \u00e0 38 nouveaux d\u00e9partements fran\u00e7ais.<\/li>\n<li><strong>29 octobre \u00e0 0h01<\/strong> : reconfinement national pour 4 semaines, jusqu&rsquo;au 1er d\u00e9cembre au minimum.<\/li>\n<li><strong>28 novembre : <\/strong>premi\u00e8re \u00e9tape d&rsquo;all\u00e8gement du confinement avec la r\u00e9ouverture des commerces non essentiels.<\/li>\n<li><strong>15 d\u00e9cembre : <\/strong>seconde \u00e9tape\u00a0d&rsquo;all\u00e8gement du confinement avec le passage \u00e0 un couvre-feu de 20 heures \u00e0 6 heures du matin.<\/li>\n<li><strong>31 d\u00e9cembre<\/strong> : couvre-feu impos\u00e9 le soir du 31 d\u00e9cembre, de 20 heures \u00e0 6 heures du matin.<\/li>\n<li><strong>21 d\u00e9cembre<\/strong> : autorisation du vaccin Pfizer en Europe.<\/li>\n<li><strong>24 d\u00e9cembre<\/strong> : autorisation du vaccin Pfizer BioNTech en France.<\/li>\n<li><strong>27 d\u00e9cembre :<\/strong> d\u00e9but de la vaccination en France et dans l&rsquo;Union europ\u00e9enne avec le vaccin Pfizer BioNTech.<\/li>\n<li><strong>8 janvier 2021<\/strong> :\u00a0autorisation du vaccin Moderna en France.<\/li>\n<li><strong>24 janvier 2021<\/strong> : un test PCR n\u00e9gatif est obligatoire pour rentrer en France par avion pour les voyageurs venant d&rsquo;un pays europ\u00e9en (sauf pour les travailleurs transfrontaliers et le transport terrestre).<\/li>\n<li><strong>31 janvier 2021<\/strong> : fermeture des fronti\u00e8res en France aux pays ext\u00e9rieurs \u00e0 l&rsquo;Union europ\u00e9enne<\/li>\n<li><strong>2 f\u00e9vrier 2021<\/strong> :\u00a0autorisation du vaccin de l&rsquo;Universit\u00e9 d&rsquo;Oxford et AstraZeneca en France, uniquement sur les personnes \u00e2g\u00e9es de moins de 65\u00a0ans.<\/li>\n<li><strong>9 f\u00e9vrier 2021 :<\/strong> la France franchit le cap des 80 000 d\u00e9c\u00e8s.\u00a0<\/li>\n<\/ul>\n<\/td>\n<\/tr>\n<\/tbody>\n<\/table>\n<p><em>Cet article est mis \u00e0 jour quotidiennement par <a href=\"https:\/\/www.journaldesfemmes.fr\/account\/ablaize-11409696\" target=\"_blank\" rel=\"noopener noreferrer\">Aur\u00e9lie Blaize<\/a>, <a href=\"https:\/\/www.journaldesfemmes.fr\/account\/anaisthiebaux-10573564\" target=\"_blank\" rel=\"noopener noreferrer\">Ana\u00efs Thi\u00e9baux<\/a> et <a href=\"https:\/\/www.journaldesfemmes.fr\/account\/samanthapages-11598093\" target=\"_blank\" rel=\"noopener noreferrer\">Samantha Pag\u00e8s<\/a>.\u00a0<\/em><\/p>\n<\/section>\n<\/div>\n<p>[ad_2]<br \/>\n<br \/><a href=\"https:\/\/sante.journaldesfemmes.fr\/fiches-maladies\/2605417-covid-19-france-coronavirus-chiffres-nombre-cas-deces-morts-vaccin-direct-bilan-actu-jour\/\">Source link <\/a><\/p>\n","protected":false},"excerpt":{"rendered":"<p>[ad_1] CORONAVIRUS DIRECT &#8211; Le nombre de personnes admises \u00e0 l&rsquo;h\u00f4pital et en r\u00e9animation d\u00e9cro\u00eet depuis 48\u00a0heures. Les nombres de &hellip; <a href=\"http:\/\/www.affinite.fr\/index.php\/2021\/02\/10\/nouvelle-baisse-a-lhopital-dernier-bilan\/\" class=\"more-link\">Plus <span class=\"screen-reader-text\">nouvelle baisse \u00e0 l&rsquo;h\u00f4pital, dernier bilan<\/span> <span class=\"meta-nav\">&rarr;<\/span><\/a><\/p>\n","protected":false},"author":1,"featured_media":5925,"comment_status":"open","ping_status":"open","sticky":false,"template":"","format":"standard","meta":{"_sitemap_exclude":false,"_sitemap_priority":"","_sitemap_frequency":"","footnotes":""},"categories":[1],"tags":[],"class_list":["post-5924","post","type-post","status-publish","format-standard","has-post-thumbnail","hentry","category-tous"],"_links":{"self":[{"href":"http:\/\/www.affinite.fr\/index.php\/wp-json\/wp\/v2\/posts\/5924"}],"collection":[{"href":"http:\/\/www.affinite.fr\/index.php\/wp-json\/wp\/v2\/posts"}],"about":[{"href":"http:\/\/www.affinite.fr\/index.php\/wp-json\/wp\/v2\/types\/post"}],"author":[{"embeddable":true,"href":"http:\/\/www.affinite.fr\/index.php\/wp-json\/wp\/v2\/users\/1"}],"replies":[{"embeddable":true,"href":"http:\/\/www.affinite.fr\/index.php\/wp-json\/wp\/v2\/comments?post=5924"}],"version-history":[{"count":0,"href":"http:\/\/www.affinite.fr\/index.php\/wp-json\/wp\/v2\/posts\/5924\/revisions"}],"wp:featuredmedia":[{"embeddable":true,"href":"http:\/\/www.affinite.fr\/index.php\/wp-json\/wp\/v2\/media\/5925"}],"wp:attachment":[{"href":"http:\/\/www.affinite.fr\/index.php\/wp-json\/wp\/v2\/media?parent=5924"}],"wp:term":[{"taxonomy":"category","embeddable":true,"href":"http:\/\/www.affinite.fr\/index.php\/wp-json\/wp\/v2\/categories?post=5924"},{"taxonomy":"post_tag","embeddable":true,"href":"http:\/\/www.affinite.fr\/index.php\/wp-json\/wp\/v2\/tags?post=5924"}],"curies":[{"name":"wp","href":"https:\/\/api.w.org\/{rel}","templated":true}]}}