{"id":5910,"date":"2021-02-07T23:16:14","date_gmt":"2021-02-07T23:16:14","guid":{"rendered":"https:\/\/www.affinite.fr\/index.php\/2021\/02\/07\/il-etait-une-fois-la-patisserie-80\/"},"modified":"2021-02-07T23:16:14","modified_gmt":"2021-02-07T23:16:14","slug":"il-etait-une-fois-la-patisserie-80","status":"publish","type":"post","link":"http:\/\/www.affinite.fr\/index.php\/2021\/02\/07\/il-etait-une-fois-la-patisserie-80\/","title":{"rendered":"Il \u00e9tait une fois la p\u00e2tisserie"},"content":{"rendered":"<p> [ad_1]<br \/>\n<\/p>\n<div id=\"post-body-6072030664611520023\" itemprop=\"articleBody\">\n<div dir=\"ltr\" style=\"text-align: left;\" trbidi=\"on\">\nC&rsquo;est l&rsquo;hiver, mais on peut quand m\u00eame faire des desserts ! Vous trouverez ici environ <span style=\"font-size: large;\"><b>130 recettes avec les <a href=\"http:\/\/www.affinite.fr\/index.php\/2023\/07\/29\/valoriser-ses-invendus-une-demarche-ecologique-et-rentable-pour-les-marchands-de-fruits\/\">fruits<\/a> et l\u00e9gumes de f\u00e9vrier<\/b><\/span>, pour p\u00e2tisser de saison.<\/p>\n<div class=\"separator\" style=\"clear: both; text-align: center;\"><a href=\"https:\/\/www.iletaitunefoislapatisserie.com\/2020\/02\/recettes-avec-fruits-et-legumes-fevrier-saison.html\" style=\"margin-left: 1em; margin-right: 1em;\"><img decoding=\"async\" alt=\"reccets-avec-fruits-f\u00e9vrier-hiver\" border=\"0\" data-original-height=\"650\" data-original-width=\"650\" src=\"https:\/\/1.bp.blogspot.com\/-N0f6x4mPp2I\/YB5pg4v3NqI\/AAAAAAABXtc\/nveTw-26Ji80_X0n32Dg8pyHGkVO81k9ACLcBGAsYHQ\/s16000\/Recettes-fruits-f%25C3%25A9vrier.jpg\" title=\"Recettes avec les fruits de f\u00e9vrier\"\/><\/a><\/div>\n<p>Cliquez sur le titre des recettes pour acc\u00e9der \u00e0 celles-ci. <\/p>\n<h3 style=\"text-align: left;\">\nAnanas<\/h3>\n<p>Les fruits exotiques sont \u00e0 l&rsquo;honneur tout l&rsquo;hiver ! On est donc en pleine saison pour l&rsquo;ananas.<\/p>\n<div class=\"separator\" style=\"clear: both; text-align: center;\"><a href=\"https:\/\/www.iletaitunefoislapatisserie.com\/2021\/01\/gateau-raffaelo-ananas-noix-de-coco.html\" style=\"margin-left: 1em; margin-right: 1em;\"><img decoding=\"async\" alt=\"recettes-fruits-f\u00e9vrier\" border=\"0\" data-original-height=\"936\" data-original-width=\"650\" src=\"https:\/\/1.bp.blogspot.com\/-_i8cg8mxdI8\/YB5lnosu6JI\/AAAAAAABXtM\/iY4Evkuw8jcZlpLGfoBQRbnX5cjvtkR2QCLcBGAsYHQ\/s16000\/layer-cake-noix-de-coco.jpg\" title=\"Layer cake ananas noix de coco\"\/><\/a><\/div>\n<p>\u00a0<\/div>\n<div dir=\"ltr\" style=\"text-align: left;\" trbidi=\"on\">\n<h3 style=\"text-align: left;\">\nBanane<\/h3>\n<p>F\u00e9vrier est vraiment la pleine saison pour la <b>banane<\/b>, alors on en profite !<\/p>\n<p>Voici quelques recettes avec de la banane :<\/p>\n<p>\u00a0<\/p>\n<\/div>\n<div dir=\"ltr\" style=\"text-align: left;\" trbidi=\"on\"><\/p>\n<h3>\nCarotte<\/h3>\n<p>Il y a quelques recettes avec des carottes sur mon blog : 2 sal\u00e9es et 2 sucr\u00e9es.<\/p>\n<h3>\nCitron<\/h3>\n<p>On peut faire tellement de choses avec le citron&#8230; J&rsquo;en suis fan ! Et f\u00e9vrier est sa pleine saison \ud83d\ude42<\/p>\n<p><a href=\"https:\/\/www.iletaitunefoislapatisserie.com\/2013\/11\/carres-au-citron.html\" target=\"_blank\" rel=\"noopener noreferrer\"><img decoding=\"async\" alt=\"recette f\u00e9vrier hiver\" border=\"0\" class=\"photo\" src=\"https:\/\/3.bp.blogspot.com\/-pxXPK9xJKEE\/ViZ2tLd9c5I\/AAAAAAAAIWY\/Ev-AAp4XK6E\/s1600\/carr%25C3%25A9s-au-citron-stewart.jpg\" title=\"recette fruits f\u00e9vrier\"\/><\/a><\/p>\n<h3 style=\"text-align: left;\">\nFruit de la passion<\/h3>\n<p>\nOn peut manger des <b>fruits de la passion<\/b> toute l&rsquo;ann\u00e9e :<br \/><a href=\"https:\/\/www.iletaitunefoislapatisserie.com\/2018\/03\/number-cake-ou-gateau-chiffre.html\" target=\"_blank\" rel=\"noopener noreferrer\"><img decoding=\"async\" alt=\"fruits de janvier\" border=\"0\" class=\"photo\" data-original-height=\"447\" data-original-width=\"650\" src=\"https:\/\/4.bp.blogspot.com\/-zaGr_XVPSHA\/WqGt7WScmUI\/AAAAAAAAk9M\/FEFYAqZL-SgMKibkSJhWxrEK0IMTiNYPACLcBGAs\/s1600\/number-cake.jpg\" title=\"recette fruit janvier\"\/><\/a> <\/p>\n<h3 style=\"text-align: left;\">\nMandarine et cl\u00e9mentine<\/h3>\n<p>\nJe regroupe les <b>mandarines et les cl\u00e9mentines<\/b> dans la m\u00eame rubrique car,<br \/>\n la saison passant vite, je n&rsquo;ai pas beaucoup de recettes avec ces<br \/>\nfruits sur le blog.<\/p>\n<p>De plus, vous pouvez sans probl\u00e8me intervertir l&rsquo;une<br \/>\n pour l&rsquo;autre dans n&rsquo;importe quelle p\u00e2tisserie.<\/p>\n<p><\/p>\n<div style=\"text-align: center;\">\n<a href=\"https:\/\/www.iletaitunefoislapatisserie.com\/2018\/12\/confiture-de-clementines.html\" target=\"_blank\" rel=\"noopener noreferrer\"><img decoding=\"async\" alt=\"id\u00e9es dessert janvier\" border=\"0\" class=\"photo\" data-original-height=\"488\" data-original-width=\"650\" src=\"https:\/\/2.bp.blogspot.com\/-OM7Qipu3JzU\/XA6b8zDxtnI\/AAAAAAAA3so\/FHIISCAzlW8X7QsQYp7HQ7_HjyVvSQrQQCLcBGAs\/s1600\/recette-de-confiture-de-cl%25C3%25A9mentines.jpg\" title=\"id\u00e9es recette janvier\"\/><\/a><\/div>\n<h3 style=\"text-align: left;\">\nMangue<\/h3>\n<p>Il parait que la mangue est un des fruits pr\u00e9f\u00e9r\u00e9s des Fran\u00e7aises. Vous confirmez ? Moi oui !<\/p>\n<p><\/p>\n<div style=\"text-align: center;\">\n<a href=\"https:\/\/www.iletaitunefoislapatisserie.com\/2017\/03\/gateau-mangue-passion.html\" target=\"_blank\" rel=\"noopener noreferrer\"><img decoding=\"async\" alt=\"p\u00e2tisserie f\u00e9vrier fruits\" border=\"0\" src=\"https:\/\/2.bp.blogspot.com\/-4o1G3_rYRr0\/WL-8DGNPD4I\/AAAAAAAAXWk\/aLV1WFzoWzUwlvUC67rkJPkYrO12VunygCEw\/s1600\/layer-cake-mangue-passion.jpg\" title=\"fruits de f\u00e9vrier\"\/><\/a><\/div>\n<h3 style=\"text-align: left;\">\nNoix de coco<\/h3>\n<p>Le top pour manger de la <b>noix de <a href=\"http:\/\/www.affinite.fr\/index.php\/2022\/11\/09\/formation-de-glacier-apprenez-le-metier-de-glacier-et-changez-votre-vie\/\">coco<\/a><\/b>, c&rsquo;est de novembre \u00e0 f\u00e9vrier. On profite donc des derniers moments !<\/p>\n<p><\/p>\n<div style=\"text-align: center;\">\n<a href=\"https:\/\/www.iletaitunefoislapatisserie.com\/2019\/02\/crepes-chocolat-noix-de-coco.html\" target=\"_blank\" rel=\"noopener noreferrer\"><img decoding=\"async\" alt=\"crepes chocolat noix de coco\" border=\"0\" data-original-height=\"660\" data-original-width=\"650\" src=\"https:\/\/2.bp.blogspot.com\/-TFETc3A7suU\/XFM2ErLLfzI\/AAAAAAAA6xE\/1nvl1rop5bwf6AiYBENehtspIOu4BnO5QCLcBGAs\/s1600\/crepe-chocolat.jpg\" title=\"recette de cr\u00eapes au chocolat\"\/><\/a> <\/div>\n<p><\/p>\n<h3 style=\"text-align: left;\">\nOrange<\/h3>\n<p>\nLes oranges sont reine sen <b>f\u00e9vrier<\/b>, alors voici quelques recettes avec des <b>oranges <\/b>:<\/p>\n<div style=\"text-align: center;\">\n<a href=\"https:\/\/www.iletaitunefoislapatisserie.com\/2016\/04\/gateau-orange-sans-beurre-sans-gluten.html\" target=\"_blank\" rel=\"noopener noreferrer\"><img decoding=\"async\" alt=\"f\u00e9vrier fruits saison\" border=\"0\" class=\"photo\" src=\"https:\/\/4.bp.blogspot.com\/-TAef2Fr2yAk\/VxuVYSj0eGI\/AAAAAAAAJ9s\/QM8RMOn95V81GAfqB82BFylQNccLfrBeACLcB\/s1600\/gateau%2Borange%2Bsans%2Bfarine.JPG\" title=\"f\u00e9vrier fruits du mois\"\/><\/a><\/div>\n<h3>\nPoire<\/h3>\n<p>Un fruit tout doux, juteux et sucr\u00e9 \u00e0 souhait : j&rsquo;ai nomm\u00e9 <b>la poire<\/b> ! Voici quelques recettes de p\u00e2tisserie \u00e0 base de ce fruit de f\u00e9vrier :<\/p>\n<p><a href=\"https:\/\/www.iletaitunefoislapatisserie.com\/2018\/04\/tarte-rustique-poires-speculoos.html\" target=\"_blank\" rel=\"noopener noreferrer\"><img decoding=\"async\" alt=\"p\u00e2tisserie f\u00e9vrier\" border=\"0\" class=\"photo\" data-original-height=\"433\" data-original-width=\"650\" src=\"https:\/\/3.bp.blogspot.com\/-bcST5IUDH3A\/WsoKQACAMvI\/AAAAAAAAm5Y\/YzLMVIq_8aQMxGQFPC33d7qnw6SxTa5cwCLcBGAs\/s1600\/recette-tarte-poire-speculoos-facile.jpg\" title=\"id\u00e9es recettes f\u00e9vrier\"\/><\/a><\/p>\n<h3>\nPomme<\/h3>\n<p>On trouve des pommes toute l&rsquo;ann\u00e9e, mais f\u00e9vrier fait partie des mois \u00e0 privil\u00e9gier pour manger des pommes. <\/p>\n<p>Vous trouverez ici toutes mes <a href=\"https:\/\/www.iletaitunefoislapatisserie.com\/2019\/10\/9-recettes-de-tartes-aux-pommes.html\" target=\"_blank\" rel=\"noopener noreferrer\">recettes de tartes aux pommes<\/a>. <\/p>\n<p>Et maintenant tous mes <b>desserts avec des pommes <\/b>:<\/p>\n<p><\/p>\n<div>\n<a href=\"https:\/\/www.iletaitunefoislapatisserie.com\/2020\/01\/aumonieres-pommes-caramel-au-beurre-sale.html\" target=\"_blank\" rel=\"noopener noreferrer\"><img decoding=\"async\" alt=\"id\u00e9es-recettes-f\u00e9vrier\" border=\"0\" class=\"photo\" data-original-height=\"844\" data-original-width=\"650\" src=\"https:\/\/1.bp.blogspot.com\/-Us5Lyj3HgPw\/XiSIB3kzEdI\/AAAAAAABLk8\/JwHAtSZhOM40MfWZwDtLOEzpQaAAI45QwCLcBGAsYHQ\/s16000\/aumoniere-pomme.jpg\" title=\"fruits et l\u00e9gumes f\u00e9vrier\"\/><\/a><\/p>\n<div>\n<p>\u00a0<\/p>\n<p>Comme quoi on peut faire de la <b>p\u00e2tisserie en f\u00e9vrier<\/b> !<\/p>\n<p>Bonnes recettes \u00e0 tous \ud83d\ude42<\/p>\n<\/div>\n<\/div>\n<\/div>\n<p>\n<\/div>\n<p>[ad_2]<br \/>\n<br \/><a href=\"https:\/\/www.iletaitunefoislapatisserie.com\/2020\/02\/recettes-avec-fruits-et-legumes-fevrier-saison.html\">Source link <\/a><\/p>\n","protected":false},"excerpt":{"rendered":"<p>[ad_1] C&rsquo;est l&rsquo;hiver, mais on peut quand m\u00eame faire des desserts ! Vous trouverez ici environ 130 recettes avec les &hellip; <a href=\"http:\/\/www.affinite.fr\/index.php\/2021\/02\/07\/il-etait-une-fois-la-patisserie-80\/\" class=\"more-link\">Plus <span class=\"screen-reader-text\">Il \u00e9tait une fois la p\u00e2tisserie<\/span> <span class=\"meta-nav\">&rarr;<\/span><\/a><\/p>\n","protected":false},"author":1,"featured_media":5911,"comment_status":"open","ping_status":"open","sticky":false,"template":"","format":"standard","meta":{"_sitemap_exclude":false,"_sitemap_priority":"","_sitemap_frequency":"","footnotes":""},"categories":[1],"tags":[],"class_list":["post-5910","post","type-post","status-publish","format-standard","has-post-thumbnail","hentry","category-tous"],"_links":{"self":[{"href":"http:\/\/www.affinite.fr\/index.php\/wp-json\/wp\/v2\/posts\/5910"}],"collection":[{"href":"http:\/\/www.affinite.fr\/index.php\/wp-json\/wp\/v2\/posts"}],"about":[{"href":"http:\/\/www.affinite.fr\/index.php\/wp-json\/wp\/v2\/types\/post"}],"author":[{"embeddable":true,"href":"http:\/\/www.affinite.fr\/index.php\/wp-json\/wp\/v2\/users\/1"}],"replies":[{"embeddable":true,"href":"http:\/\/www.affinite.fr\/index.php\/wp-json\/wp\/v2\/comments?post=5910"}],"version-history":[{"count":0,"href":"http:\/\/www.affinite.fr\/index.php\/wp-json\/wp\/v2\/posts\/5910\/revisions"}],"wp:featuredmedia":[{"embeddable":true,"href":"http:\/\/www.affinite.fr\/index.php\/wp-json\/wp\/v2\/media\/5911"}],"wp:attachment":[{"href":"http:\/\/www.affinite.fr\/index.php\/wp-json\/wp\/v2\/media?parent=5910"}],"wp:term":[{"taxonomy":"category","embeddable":true,"href":"http:\/\/www.affinite.fr\/index.php\/wp-json\/wp\/v2\/categories?post=5910"},{"taxonomy":"post_tag","embeddable":true,"href":"http:\/\/www.affinite.fr\/index.php\/wp-json\/wp\/v2\/tags?post=5910"}],"curies":[{"name":"wp","href":"https:\/\/api.w.org\/{rel}","templated":true}]}}