{"id":5902,"date":"2021-02-06T19:35:23","date_gmt":"2021-02-06T19:35:23","guid":{"rendered":"https:\/\/www.affinite.fr\/index.php\/2021\/02\/06\/jean-luc-lahaye-de-la-dss-a-la-prison-son-enfance-terrible\/"},"modified":"2021-02-06T19:35:23","modified_gmt":"2021-02-06T19:35:23","slug":"jean-luc-lahaye-de-la-dss-a-la-prison-son-enfance-terrible","status":"publish","type":"post","link":"http:\/\/www.affinite.fr\/index.php\/2021\/02\/06\/jean-luc-lahaye-de-la-dss-a-la-prison-son-enfance-terrible\/","title":{"rendered":"Jean-Luc Lahaye, de la DSS \u00e0 la prison:\u00a0: son enfance \u00ab\u00a0terrible\u00a0\u00bb"},"content":{"rendered":"<p> [ad_1]<br \/>\n<br \/><img decoding=\"async\" src=\"https:\/\/img-3.journaldesfemmes.fr\/WvJd781jReudygTf8n74LRkVZoA=\/1280x\/smart\/f7b18cc1e3f7400c851d053f7048cc62\/ccmcms-jdf\/22116114.jpg\" \/><\/p>\n<p>\n                Jean-Luc Lahaye a v\u00e9cu une jeunesse difficile. Foyers, d\u00e9linquance, mitard&#8230; le chanteur de 68\u00a0ans a tout racont\u00e9 dans \u00ab\u00a0Non Stop People\u00a0\u00bb.            <\/p>\n<div>\n<p>La jeunesse de <strong>Jean-Luc Lahaye<\/strong> n&rsquo;a pas \u00e9t\u00e9 un long fleuve tranquille.\u00a0Enfant de la <strong>DDAS<\/strong>, il se souvient avoir \u00e9t\u00e9 plac\u00e9 dans \u00ab\u00a0<em><strong>au moins 70 fermes d&rsquo;accueil<\/strong>\u00ab\u00a0<\/em>, a-t-il racont\u00e9 \u00e0 Evelyne Thomas, pour <em>Non Stop People<\/em>. Dans l&rsquo;une de ces exploitations agricoles, il a \u00e9t\u00e9 forc\u00e9 de dormir sur une meule de foin<strong> dans l&rsquo;\u00e9table<\/strong>, au milieu des vaches, en plein hiver, car il faisait encore \u00ab\u00a0<em><a href=\"https:\/\/sante.journaldesfemmes.fr\/fiches-sante-du-quotidien\/2547306-enuresie-traitement-adulte-enfant\/\" title=\"\u00e9nur\u00e9sie\">pipi au lit<\/a><\/em>\u00ab\u00a0.<\/p>\n<p>\u00ab\u00a0<em>J&rsquo;ai d\u00fb faire pipi au lit jusqu&rsquo;\u00e0 12\u00a0ou 13 ans<\/em>\u00ab\u00a0, a expliqu\u00e9 l&rsquo;artiste qui se sent d\u00e9sormais \u00ab\u00a0<strong><em>endurci<\/em><\/strong>\u00a0\u00bb par ces exp\u00e9riences ardues.<\/p>\n<p>Bien apr\u00e8s ce \u00ab\u00a0<em>terrible<\/em>\u00a0\u00bb \u00e9pisode, le chanteur a\u00a0pass\u00e9<strong>\u00a06\u00a0mois au centre p\u00e9nitentiaire <\/strong>de Fresnes, dans le Val-de-Marne. \u00ab\u00a0<em>J&rsquo;avais fait des conneries. C&rsquo;\u00e9tait \u00e0 l&rsquo;\u00e9poque avec les potes de la DDASS, comme j&rsquo;\u00e9tais un des plus jeunes, j&rsquo;\u00e9tais souvent influenc\u00e9 par les plus grands<\/em>\u00ab\u00a0, s&rsquo;est-il\u00a0souvenu face \u00e0 Evelyne Thomas, dans <em>Non Stop People<\/em>.<\/p>\n<h2>Jean-Luc Lahaye : son d\u00e9lit de jeunesse<\/h2>\n<p>Leur<strong> d\u00e9lit <\/strong>? Jean-Luc Lahaye et sa bande<strong> \u00ab\u00a0<em>empruntaient<\/em>\u00a0\u00bb souvent des voitures<\/strong>, mais sans pour autant les revendre.\u00a0\u00ab\u00a0<em>C&rsquo;\u00e9tait juste pour se d\u00e9placer, <strong>pour aller draguer les minettes<\/strong><\/em>\u00ab\u00a0, a-t-il expliqu\u00e9. Apr\u00e8s avoir fanfaronn\u00e9 au volant d&rsquo;un v\u00e9hicule, ils le <strong>laissaient \u00ab\u00a0<em>dans une rue abandonn\u00e9e<\/em>\u00ab\u00a0<\/strong>.<\/p>\n<p>Mais ce modus operandi a \u00e9t\u00e9 mis \u00e0 mal&#8230; le jour o\u00f9 ils <strong>se sont fait prendre<\/strong>.\u00a0<\/p>\n<p>\u00ab\u00a0<em>Comme j&rsquo;avais pas mal de dossiers vis-\u00e0-vis de la police \u00e0 l&rsquo;\u00e9poque, <strong>des conneries, des bagarres<\/strong>, le juge n&rsquo;a plus eu la tol\u00e9rance que j&rsquo;aurais aim\u00e9 qu&rsquo;il ait et il m&rsquo;a envoy\u00e9 \u00e0 Fresnes<\/em>\u00ab\u00a0, s&rsquo;est rem\u00e9mor\u00e9 le papa chanteur\u00a0de <strong>Margaux, 36 ans, et Gloria, 34 ans<\/strong>, n\u00e9es de son ancien amour avec Aur\u00e9lie.<\/p>\n<h2>Jean-Luc Lahaye, en prison : \u00ab\u00a0C&rsquo;\u00e9tait tr\u00e8s dur\u00a0\u00bb<\/h2>\n<p>Une exp\u00e9rience encore tr\u00e8s am\u00e8re dans la m\u00e9moire du <strong>chanteur de 68 ans<\/strong> : \u00ab\u00a0<em>C&rsquo;\u00e9tait tr\u00e8s dur. Pas le fait d&rsquo;\u00eatre enferm\u00e9 (&#8230;) mais le fait d&rsquo;\u00eatre dans un <strong>\u00e9tat d&rsquo;esprit de combativit\u00e9<\/strong> parce que , les cellules sont ouvertes et il y a toujours certains mecs qui voulaient prendre l&rsquo;ascendant sur les autres<\/em>\u00ab\u00a0. R\u00e9sultat ?\u00a0Les\u00a0\u00ab\u00a0<strong><em>bagarres<\/em>\u00ab\u00a0<\/strong> \u00e9taient particuli\u00e8rement fr\u00e9quentes.\u00a0<\/p>\n<p>\u00ab\u00a0<em>Il ne faut pas me chercher, donc forc\u00e9ment je n&rsquo;\u00e9tais pas le dernier. Il y avait toujours des probl\u00e8mes, je me suis souvent retrouv\u00e9 au mitard, c&rsquo;est-\u00e0-dire, <strong>la prison de la prison<\/strong><\/em>\u00ab\u00a0, a ajout\u00e9 l&rsquo;interpr\u00e8te de <em>Femme Que J&rsquo;aime et <\/em><i>D\u00e9barquez-moi<\/i><em>,\u00a0<\/em>qui a<strong>\u00a0connu la gloire \u00e0 l&rsquo;aube des ann\u00e9es 80<i>\u00a0<\/i><\/strong>avec des tubes devenus cultes.<\/p>\n<p><iframe loading=\"lazy\" allow=\"accelerometer; autoplay; clipboard-write; encrypted-media; gyroscope; picture-in-picture\" allowfullscreen=\"\" frameborder=\"0\" height=\"315\" src=\"https:\/\/www.youtube.com\/embed\/o7300hBZG_M\" width=\"560\"><\/iframe><\/p>\n<p><strong>Chauffeur et garde du corps de\u00a0Zizi Jeanmaire, amie de Dalida<\/strong> chez qui il a v\u00e9cu 4 ans,\u00a0 le jeune artiste est pass\u00e9 <strong>de la mis\u00e8re \u00e0 la cons\u00e9cration<\/strong>.<\/p>\n<p>Mais il n&rsquo;a pas pour autant laiss\u00e9 ses chevilles enfler:\u00a0<i>\u00ab\u00a0A chaque fois que je sortais un single ou un album, je pensais que cela allait \u00eatre le dernier<\/i>\u00ab\u00a0.<\/p>\n<aside id=\"NL_1516734595\" class=\"newsletter_subscription jNlBlock\"><noscript><br \/>\n            <\/noscript><\/p>\n<h3 class=\"newsletter_subscription-title\">Newsletter <\/h3>\n<p><a href=\"\/\/mailing.ccmbg.com\/archive\/last-85\" target=\"_blank\" class=\"a_hover\" rel=\"noopener noreferrer\">Voir un exemple<\/a><\/p>\n<\/aside>\n<p>Pr\u00e8s de <strong>40 ans apr\u00e8s ses premiers succ\u00e8s<\/strong>, Jean-Luc Lahaye est conscient d&rsquo;avoir parcouru un sacr\u00e9 bout de chemin!<\/p>\n<\/p><\/div>\n<p>[ad_2]<br \/>\n<br \/><a href=\"https:\/\/www.journaldesfemmes.fr\/people\/magazine\/2694043-jean-luc-lahaye-de-la-dass-a-la-prison-son-enfance-terrible-filles-tubes\/\">Source link <\/a><\/p>\n","protected":false},"excerpt":{"rendered":"<p>[ad_1] Jean-Luc Lahaye a v\u00e9cu une jeunesse difficile. Foyers, d\u00e9linquance, mitard&#8230; le chanteur de 68\u00a0ans a tout racont\u00e9 dans \u00ab\u00a0Non &hellip; <a href=\"http:\/\/www.affinite.fr\/index.php\/2021\/02\/06\/jean-luc-lahaye-de-la-dss-a-la-prison-son-enfance-terrible\/\" class=\"more-link\">Plus <span class=\"screen-reader-text\">Jean-Luc Lahaye, de la DSS \u00e0 la prison:\u00a0: son enfance \u00ab\u00a0terrible\u00a0\u00bb<\/span> <span class=\"meta-nav\">&rarr;<\/span><\/a><\/p>\n","protected":false},"author":1,"featured_media":5903,"comment_status":"open","ping_status":"open","sticky":false,"template":"","format":"standard","meta":{"_sitemap_exclude":false,"_sitemap_priority":"","_sitemap_frequency":"","footnotes":""},"categories":[1],"tags":[],"class_list":["post-5902","post","type-post","status-publish","format-standard","has-post-thumbnail","hentry","category-tous"],"_links":{"self":[{"href":"http:\/\/www.affinite.fr\/index.php\/wp-json\/wp\/v2\/posts\/5902"}],"collection":[{"href":"http:\/\/www.affinite.fr\/index.php\/wp-json\/wp\/v2\/posts"}],"about":[{"href":"http:\/\/www.affinite.fr\/index.php\/wp-json\/wp\/v2\/types\/post"}],"author":[{"embeddable":true,"href":"http:\/\/www.affinite.fr\/index.php\/wp-json\/wp\/v2\/users\/1"}],"replies":[{"embeddable":true,"href":"http:\/\/www.affinite.fr\/index.php\/wp-json\/wp\/v2\/comments?post=5902"}],"version-history":[{"count":0,"href":"http:\/\/www.affinite.fr\/index.php\/wp-json\/wp\/v2\/posts\/5902\/revisions"}],"wp:featuredmedia":[{"embeddable":true,"href":"http:\/\/www.affinite.fr\/index.php\/wp-json\/wp\/v2\/media\/5903"}],"wp:attachment":[{"href":"http:\/\/www.affinite.fr\/index.php\/wp-json\/wp\/v2\/media?parent=5902"}],"wp:term":[{"taxonomy":"category","embeddable":true,"href":"http:\/\/www.affinite.fr\/index.php\/wp-json\/wp\/v2\/categories?post=5902"},{"taxonomy":"post_tag","embeddable":true,"href":"http:\/\/www.affinite.fr\/index.php\/wp-json\/wp\/v2\/tags?post=5902"}],"curies":[{"name":"wp","href":"https:\/\/api.w.org\/{rel}","templated":true}]}}