{"id":5896,"date":"2021-02-04T23:12:45","date_gmt":"2021-02-04T23:12:45","guid":{"rendered":"https:\/\/www.affinite.fr\/index.php\/2021\/02\/04\/il-etait-une-fois-la-patisserie-78\/"},"modified":"2021-02-04T23:12:45","modified_gmt":"2021-02-04T23:12:45","slug":"il-etait-une-fois-la-patisserie-78","status":"publish","type":"post","link":"http:\/\/www.affinite.fr\/index.php\/2021\/02\/04\/il-etait-une-fois-la-patisserie-78\/","title":{"rendered":"Il \u00e9tait une fois la p\u00e2tisserie"},"content":{"rendered":"<p> [ad_1]<br \/>\n<\/p>\n<div id=\"post-body-311734285444711202\" itemprop=\"articleBody\">\n<div dir=\"ltr\" style=\"text-align: left;\" trbidi=\"on\">\nNous sommes dans la p\u00e9riode o\u00f9 l&rsquo;on a envie de se faire plaisir et de faire plaisir ! Pour contrer le froid et les frimas, rien ne vaut une <b><span style=\"font-size: large;\">bonne<\/span> <\/b><span style=\"font-size: large;\"><b>recette au pralin\u00e9<\/b><\/span> !<\/p>\n<p>P\u00e2te de pralin\u00e9, Paris-Brest, mousse au <a href=\"http:\/\/www.affinite.fr\/index.php\/2025\/02\/27\/le-chocolat-et-le-materiel-indispensable-pour-reussir-vos-creations-gourmandes\/\">chocolat<\/a> au pralin\u00e9, tarte entremets pralin\u00e9-vanille, etc&#8230; Faites vos choix \ud83d\ude09 <\/p>\n<\/div>\n<div style=\"text-align: center;\" trbidi=\"on\"><a href=\"https:\/\/www.iletaitunefoislapatisserie.com\/2021\/02\/que-faire-avec-du-praline-idees-recettes.html\" style=\"margin-left: 1em; margin-right: 1em;\"><img decoding=\"async\" alt=\"recettes-avec-du-pralin\u00e9\" border=\"0\" data-original-height=\"545\" data-original-width=\"650\" src=\"https:\/\/1.bp.blogspot.com\/-UuvCsxPMk2I\/YBw-nPCV7PI\/AAAAAAABXs4\/U0DP9jh_N2EVgna3UnGGY2Y52dkAiPoHQCLcBGAsYHQ\/s16000\/que-faire-avec-du-praline-2.jpg\" title=\"Recettes avec du pralin\u00e9\"\/><\/a><\/div>\n<div dir=\"ltr\" style=\"text-align: left;\" trbidi=\"on\">\n<h3 style=\"text-align: left;\">\n1. P\u00e2te de pralin\u00e9 maison<\/h3>\n<p>Une <span class=\"lienamazon\"><a href=\"https:\/\/www.iletaitunefoislapatisserie.com\/2016\/03\/pate-de-praline-maison.html\">recette de p\u00e2te de pralin\u00e9<\/a><\/span> maison et simple \u00e0 r\u00e9aliser. Avec son <b>m\u00e9lange de noisettes et d&rsquo;amandes<\/b>, ce pralin\u00e9 est juste parfait ! <\/p>\n<p>Retrouvez ici la <a href=\"https:\/\/youtu.be\/i1BGr_xjI-Y\">recette de la p\u00e2te de pralin\u00e9 en vid\u00e9o.<\/a><\/p>\n<div class=\"separator\" style=\"clear: both; text-align: center;\">\n<a href=\"https:\/\/www.iletaitunefoislapatisserie.com\/2016\/03\/pate-de-praline-maison.html\" target=\"_blank\" rel=\"noopener noreferrer\"><img decoding=\"async\" alt=\"pate-de-pralin\u00e9\" border=\"0\" data-original-height=\"432\" data-original-width=\"639\" src=\"https:\/\/1.bp.blogspot.com\/-I3Ebfx9ZAyM\/XjCiHBdg6EI\/AAAAAAAAJvg\/73XqBY6bUPwFTri5vKxAh07HzV7PwCZRgCLcBGAsYHQ\/s16000\/pralin%25C3%25A9%2Bmaison.jpg\" title=\"pralin\u00e9\"\/><\/a><\/div>\n<p><\/p>\n<h3 style=\"text-align: left;\">\n2. Tarte au pralin\u00e9<\/h3>\n<p>Avec cette <span class=\"lienamazon\"><a href=\"https:\/\/www.iletaitunefoislapatisserie.com\/2018\/11\/tarte-au-praline-de-philippe-conticini.html\">tarte au pralin\u00e9 de Philippe Conticini <\/a><\/span>vous allez ravir tous convives. <\/p>\n<p>D\u00e9couvrez aussi la recette de cette exceptionnelle <a href=\"https:\/\/youtu.be\/Ab2TH_KjV84\">tarte au pralin\u00e9 en vid\u00e9o<\/a> !<\/p>\n<div class=\"separator\" style=\"clear: both; text-align: center;\">\n<a href=\"https:\/\/www.iletaitunefoislapatisserie.com\/2018\/11\/tarte-au-praline-de-philippe-conticini.html\"><img decoding=\"async\" alt=\"tarte-pralin\u00e9\" border=\"0\" data-original-height=\"647\" data-original-width=\"650\" src=\"https:\/\/1.bp.blogspot.com\/-NSdf-mSBy-M\/XjCiv0vurZI\/AAAAAAAAJvo\/1gcCIS5nsGk8jIORvMk5lAS2KtIHN46AACLcBGAsYHQ\/s16000\/tarte-pralin%25C3%25A9-conticini.jpg\" title=\"tarte aux noisettes\"\/><\/a><\/div>\n<p><\/p>\n<h3 style=\"text-align: left;\">\n3. D\u00f4mes au pralin\u00e9 fa\u00e7on Ferrero Rocher<\/h3>\n<p>Quand on aime le chocolat et le pralin\u00e9, bien s\u00fbr on craque sur les<b> Ferrero Rocher<\/b>.<br \/>Alors ces entremets et leur <b>gla\u00e7age croustillant<\/b> vont vous envo\u00fbter ! Cette <span class=\"lienamazon\"><a href=\"https:\/\/www.iletaitunefoislapatisserie.com\/2018\/11\/dome-praline-facon-ferrero-rocher.html\">recette de d\u00f4me au pralin\u00e9 fa\u00e7on Ferrero Rocher<\/a><\/span> est irr\u00e9sistible et super sympa \u00e0 r\u00e9aliser !<\/p>\n<p>La recette des <a href=\"https:\/\/youtu.be\/2x5sZF5jwKk\">d\u00f4mes fa\u00e7on rocher en vid\u00e9o<\/a>. <\/p>\n<div class=\"separator\" style=\"clear: both; text-align: center;\">\n<a href=\"https:\/\/www.iletaitunefoislapatisserie.com\/2018\/11\/dome-praline-facon-ferrero-rocher.html\"><img decoding=\"async\" alt=\"recette-avec-pralin\u00e9\" border=\"0\" data-original-height=\"515\" data-original-width=\"650\" src=\"https:\/\/1.bp.blogspot.com\/-pXOVYcrSz_s\/XjClCYg3HGI\/AAAAAAAAJv0\/QhQ-HrWTJ1E8QnNRV67dtSy8h-thmuNIgCLcBGAsYHQ\/s16000\/entremets-rochers-pralin%25C3%25A9.jpg\" title=\"recette pralin\u00e9\"\/><\/a><\/div>\n<p><\/p>\n<h3 style=\"text-align: left;\">\n4. Paris-Brest traditionnel<\/h3>\n<p>Qui dit <b>pralin\u00e9<\/b>, dit dessert classique et \u00e9l\u00e9gant qui fait r\u00eaver. Avec cette <span class=\"lienamazon\"><a href=\"https:\/\/www.iletaitunefoislapatisserie.com\/2018\/09\/le-paris-brest-traditionnel-individuel.html\">recette de Paris-Brest<\/a><\/span> vous allez faire <a href=\"http:\/\/www.affinite.fr\/index.php\/2023\/07\/29\/changer-de-vie-voyager-complement-de-retraite-devenez-vendeur-de-glace-a-litalienne\/\">voyager<\/a> vos h\u00f4tes dans une autre dimension du d\u00e9lice et du chic !<\/p>\n<p>Retrouvez la recette du <a href=\"https:\/\/youtu.be\/rdlASLBOhXY\">Paris-Brest en vid\u00e9o<\/a><\/p>\n<div class=\"separator\" style=\"clear: both; text-align: center;\">\n<a href=\"https:\/\/www.iletaitunefoislapatisserie.com\/2018\/09\/le-paris-brest-traditionnel-individuel.html\"><img decoding=\"async\" alt=\"id\u00e9e-recette-avec-pralin\u00e9\" border=\"0\" data-original-height=\"453\" data-original-width=\"650\" src=\"https:\/\/1.bp.blogspot.com\/-hWvMYY_V8Mw\/XjHuHjzfBGI\/AAAAAAAAJwE\/yfoISR46XgU7kjdigv68z39YksrdNO_4QCLcBGAsYHQ\/s16000\/Paris-brest-traditionnel.jpg\" title=\"g\u00e2teau classique au pralin\u00e9\"\/><\/a><\/div>\n<h3 style=\"text-align: left;\">\n5. Paris Brest fa\u00e7on Philippe Conticini<\/h3>\n<p>Cette <span class=\"lienamazon\"><a href=\"https:\/\/www.iletaitunefoislapatisserie.com\/2017\/07\/le-paris-brest-facon-philippe-conticini.html\">recette de Paris-Brest fa\u00e7on Philippe Conticini<\/a><\/span> diff\u00e8re l\u00e9g\u00e8rement de la recette classique, mais est tout aussi d\u00e9licieuse. Vous ne r\u00e9sisterez pas longtemps \u00e0 son c\u0153ur coulant !<\/p>\n<p>Retrouvez la recette de ce <a href=\"https:\/\/youtu.be\/0JZODuomfk0\">Paris-Brest en vid\u00e9o<\/a><\/p>\n<div class=\"separator\" style=\"clear: both; text-align: center;\">\n<a href=\"https:\/\/www.iletaitunefoislapatisserie.com\/2017\/07\/le-paris-brest-facon-philippe-conticini.html\"><img decoding=\"async\" alt=\"recette-au-pralin\u00e9\" border=\"0\" data-original-height=\"502\" data-original-width=\"650\" src=\"https:\/\/1.bp.blogspot.com\/-Ou1FcDMPMb8\/XjPJnSbSwwI\/AAAAAAAAJxc\/yo1bYATP11Qp0x59mNbqBn0WE-HQcLUpwCLcBGAsYHQ\/s16000\/paris-brest-conticini.jpg\" title=\"choux au pralin\u00e9\"\/><\/a><\/div>\n<p><\/p>\n<h3 style=\"text-align: left;\">\n6. Mousse au chocolat et pralin\u00e9<\/h3>\n<p>La recette de cette <span class=\"lienamazon\"><a href=\"https:\/\/www.iletaitunefoislapatisserie.com\/2018\/11\/mousse-au-chocolat-et-praline.html\">mousse au chocolat et pralin\u00e9<\/a><\/span> est super onctueuse et tellement gourmande&#8230;<\/p>\n<p>D\u00e9couvrez la <a href=\"https:\/\/youtu.be\/vsJ0_V__Ja8\">recette de la mousse au chocolat pralin\u00e9 en vid\u00e9o<\/a><\/p>\n<div class=\"separator\" style=\"clear: both; text-align: center;\">\n<a href=\"https:\/\/www.iletaitunefoislapatisserie.com\/2018\/11\/mousse-au-chocolat-et-praline.html\"><img decoding=\"async\" alt=\"Mousse-chocolat-pralin\u00e9\" border=\"0\" data-original-height=\"472\" data-original-width=\"650\" src=\"https:\/\/1.bp.blogspot.com\/-gSOLsvCMSVo\/XjHtfuRKCHI\/AAAAAAAAJwA\/jxT6XuKfaEI-ocyotMIVfjljOniGTamOACLcBGAsYHQ\/s16000\/mousse-chocolat-pralin%25C3%25A9.jpg\" title=\"dessert pralin\u00e9\"\/><\/a><\/div>\n<p><\/p>\n<h3 style=\"text-align: left;\">\n7. Entremets pralin\u00e9 aux noisettes<\/h3>\n<p>Encore un dessert coup de c\u0153ur avec cet <span class=\"lienamazon\"><a href=\"https:\/\/www.iletaitunefoislapatisserie.com\/2015\/06\/entremets-praline-fete-des-peres.html\">entremets pralin\u00e9<\/a><\/span> qui est juste excellent ! Effet garanti avec sa <b>galette bretonne<\/b> surmont\u00e9e d&rsquo;un <b>cr\u00e9meux au chocolat et au pralin\u00e9<\/b>, de noisettes grill\u00e9es, d&rsquo;une cr\u00e8me \u00e0 la vanille et d&rsquo;un gla\u00e7age onctueux.<\/p>\n<div class=\"separator\" style=\"clear: both; text-align: center;\">\n<a href=\"https:\/\/www.iletaitunefoislapatisserie.com\/2015\/06\/entremets-praline-fete-des-peres.html\"><img decoding=\"async\" alt=\"g\u00e2teau-pralin\u00e9\" border=\"0\" data-original-height=\"900\" data-original-width=\"652\" src=\"https:\/\/1.bp.blogspot.com\/-oVZNjzhNIRM\/XjHwISb1NaI\/AAAAAAAAJwU\/8CYiTRp2V7glWWXUOAM0UNaotEWSskR0ACLcBGAsYHQ\/s16000\/entremets-pralin%25C3%25A9-f%25C3%25AAte-des-p%25C3%25A8res.jpg\" title=\"dessert pralin\u00e9\"\/><\/a><\/div>\n<p><\/p>\n<h3 style=\"text-align: left;\">\n8. Tarte entremets vanille pralin\u00e9<\/h3>\n<p>Un petit bijou de p\u00e2tisserie avec ce dessert pralin\u00e9 dont vous me direz des nouvelles !<br \/>\n Cette <span class=\"lienamazon\"><a href=\"https:\/\/www.iletaitunefoislapatisserie.com\/2019\/10\/tarte-entremets-vanille-praline.html\">recette de tarte entremets vanille pralin\u00e9<\/a><\/span> est excellente avec sa p\u00e2te sucr\u00e9e au chocolat, sa dacquoise aux noisettes, d&rsquo;un peu de pralin\u00e9, d&rsquo;une bavaroise \u00e0 la vanille, le tout recouvert d&rsquo;un gla\u00e7age au chocolat.<\/p>\n<p>La recette en vid\u00e9o est ici : <a href=\"https:\/\/youtu.be\/Us_Om2QMolE\">Tarte entremets vanille pralin\u00e9<\/a>.<\/p>\n<div class=\"separator\" style=\"clear: both; text-align: center;\">\n<a href=\"https:\/\/www.iletaitunefoislapatisserie.com\/2019\/10\/tarte-entremets-vanille-praline.html\"><img decoding=\"async\" alt=\"tarte -pralin\u00e9\" border=\"0\" data-original-height=\"516\" data-original-width=\"650\" src=\"https:\/\/1.bp.blogspot.com\/-uH7VkbLhHHI\/XjHzc82MALI\/AAAAAAAAJwg\/SJEPVb6s5IIUjF4ycaZ1k4d69npmdVOWgCLcBGAsYHQ\/s16000\/tarte-entremets-pralin%25C3%25A9.jpg\" title=\"tarte au pralin\u00e9\"\/><\/a><\/div>\n<p><\/p>\n<h3 style=\"text-align: left;\">\n9. Succ\u00e8s pralin\u00e9<\/h3>\n<p>Deux dacquoises + une cr\u00e8me mousseline au pralin\u00e9 = la recette du succ\u00e8s ! Alors, laissez-vous s\u00e9duire par la recette de <span class=\"lienamazon\"><a href=\"https:\/\/www.iletaitunefoislapatisserie.com\/2018\/07\/succes-praline-recette.html\" target=\"_blank\" rel=\"noopener noreferrer\">succ\u00e8s pralin\u00e9<\/a><\/span>.<\/p>\n<p>D\u00e9couvrez aussi la recette du <a href=\"https:\/\/youtu.be\/9fcjQdWPWac\">succ\u00e8s pralin\u00e9 en vid\u00e9o<\/a>.<\/p>\n<div class=\"separator\" style=\"clear: both; text-align: center;\">\n<a href=\"https:\/\/www.iletaitunefoislapatisserie.com\/2018\/07\/succes-praline-recette.html\"><img decoding=\"async\" alt=\"succ\u00e8s-pralin\u00e9\" border=\"0\" data-original-height=\"522\" data-original-width=\"650\" src=\"https:\/\/1.bp.blogspot.com\/-NCljbodjYWg\/XjH1GgPw1wI\/AAAAAAAAJws\/NQt-At3uRaAw7uJsfJIizsRv8L0XyBv1ACLcBGAsYHQ\/s16000\/gateau-succes-pralin%25C3%25A9.jpg\" title=\"dessert pralin\u00e9\"\/><\/a><\/div>\n<p><\/p>\n<h3 style=\"text-align: left;\">\n10. G\u00e2teau Charlemagne : chocolat et pralin\u00e9<\/h3>\n<p>Attention aux yeux et aux papilles : ce <span class=\"lienamazon\"><a href=\"https:\/\/www.iletaitunefoislapatisserie.com\/https:\/\/www.iletaitunefoislapatisserie.com\/2018\/09\/charlemagne-gateau-chocolat-praline.html\" target=\"_blank\" rel=\"noopener noreferrer\">g\u00e2teau Charlemagne chocolat pralin\u00e9<\/a><\/span> va effectivement r\u00e9jouir les plus gourmands ! Avec ses couches de <b>g\u00e9noises au chocolat<\/b> et de mousse au <b>chocolat et pralin\u00e9<\/b>,\u00a0 il se pare de copeaux de pralinoise pour \u00eatre tout simplement irr\u00e9sistible !<\/p>\n<p>D\u00e9couvrez la recette du <a href=\"https:\/\/youtu.be\/3-ZfisEyq_I\">Charlemagne chocolat pralin\u00e9 en vid\u00e9o<\/a><\/p>\n<div class=\"separator\" style=\"clear: both; text-align: center;\">\n<a href=\"https:\/\/www.iletaitunefoislapatisserie.com\/2018\/09\/charlemagne-gateau-chocolat-praline.html\"><img decoding=\"async\" alt=\"meilleure-recette-pralin\u00e9\" border=\"0\" data-original-height=\"790\" data-original-width=\"650\" src=\"https:\/\/1.bp.blogspot.com\/-bEtj41Av2go\/XjPEcvTq4LI\/AAAAAAAAJw4\/306Y0JJU9jwEx-g0WkW0Yhvc8g6zrp5LACLcBGAsYHQ\/s16000\/recette-charlemagne.jpg\" title=\"recette au pralin\u00e9\"\/><\/a><\/div>\n<p><\/p>\n<h3 style=\"text-align: left;\">\n11. Galette des rois au pralin\u00e9<\/h3>\n<p>Avec cette <span class=\"lienamazon\"> <a href=\"https:\/\/www.iletaitunefoislapatisserie.com\/2020\/01\/galette-des-rois-au-praline.html\">galette des rois au pralin\u00e9,<\/a> <\/span> vous allez faire craquer vos invit\u00e9s avec une pointe d&rsquo;originalit\u00e9 !<\/p>\n<p>La recette de la <a href=\"https:\/\/youtu.be\/lJ_Dkf8qs68\">galette des rois pralin\u00e9 en vid\u00e9o.<\/a> <\/p>\n<div class=\"separator\" style=\"clear: both; text-align: center;\">\n<a href=\"https:\/\/www.iletaitunefoislapatisserie.com\/2020\/01\/galette-des-rois-au-praline.html\"><img decoding=\"async\" alt=\"que-faire-avec-du-pralin\u00e9\" border=\"0\" data-original-height=\"375\" data-original-width=\"610\" src=\"https:\/\/1.bp.blogspot.com\/-mmfnyJ2y9V4\/XjPFoQ-M2dI\/AAAAAAAAJxE\/Y8GGvYhVrHAQ5YeeRQearsmvbRp_lORFgCLcBGAsYHQ\/s16000\/galette-des-rois-au-pralin%25C3%25A9.jpg\" title=\"que faire avec du pralin\u00e9\"\/><\/a><\/div>\n<\/div>\n<p>\u00a0<\/p>\n<p>Alors, laquelle de ces recettes de dessert au pralin\u00e9 va devenir votre <b>meilleure recette au pralin\u00e9 <\/b>dont tout le monde va bient\u00f4t parler ?<\/p>\n<\/div>\n<p>[ad_2]<br \/>\n<br \/><a href=\"https:\/\/www.iletaitunefoislapatisserie.com\/2021\/02\/que-faire-avec-du-praline-idees-recettes.html\">Source link <\/a><\/p>\n","protected":false},"excerpt":{"rendered":"<p>[ad_1] Nous sommes dans la p\u00e9riode o\u00f9 l&rsquo;on a envie de se faire plaisir et de faire plaisir ! Pour &hellip; <a href=\"http:\/\/www.affinite.fr\/index.php\/2021\/02\/04\/il-etait-une-fois-la-patisserie-78\/\" class=\"more-link\">Plus <span class=\"screen-reader-text\">Il \u00e9tait une fois la p\u00e2tisserie<\/span> <span class=\"meta-nav\">&rarr;<\/span><\/a><\/p>\n","protected":false},"author":1,"featured_media":5897,"comment_status":"open","ping_status":"open","sticky":false,"template":"","format":"standard","meta":{"_sitemap_exclude":false,"_sitemap_priority":"","_sitemap_frequency":"","footnotes":""},"categories":[1],"tags":[],"class_list":["post-5896","post","type-post","status-publish","format-standard","has-post-thumbnail","hentry","category-tous"],"_links":{"self":[{"href":"http:\/\/www.affinite.fr\/index.php\/wp-json\/wp\/v2\/posts\/5896"}],"collection":[{"href":"http:\/\/www.affinite.fr\/index.php\/wp-json\/wp\/v2\/posts"}],"about":[{"href":"http:\/\/www.affinite.fr\/index.php\/wp-json\/wp\/v2\/types\/post"}],"author":[{"embeddable":true,"href":"http:\/\/www.affinite.fr\/index.php\/wp-json\/wp\/v2\/users\/1"}],"replies":[{"embeddable":true,"href":"http:\/\/www.affinite.fr\/index.php\/wp-json\/wp\/v2\/comments?post=5896"}],"version-history":[{"count":0,"href":"http:\/\/www.affinite.fr\/index.php\/wp-json\/wp\/v2\/posts\/5896\/revisions"}],"wp:featuredmedia":[{"embeddable":true,"href":"http:\/\/www.affinite.fr\/index.php\/wp-json\/wp\/v2\/media\/5897"}],"wp:attachment":[{"href":"http:\/\/www.affinite.fr\/index.php\/wp-json\/wp\/v2\/media?parent=5896"}],"wp:term":[{"taxonomy":"category","embeddable":true,"href":"http:\/\/www.affinite.fr\/index.php\/wp-json\/wp\/v2\/categories?post=5896"},{"taxonomy":"post_tag","embeddable":true,"href":"http:\/\/www.affinite.fr\/index.php\/wp-json\/wp\/v2\/tags?post=5896"}],"curies":[{"name":"wp","href":"https:\/\/api.w.org\/{rel}","templated":true}]}}