{"id":5886,"date":"2021-02-02T19:31:29","date_gmt":"2021-02-02T19:31:29","guid":{"rendered":"https:\/\/www.affinite.fr\/index.php\/2021\/02\/02\/chiffres-en-hausse-vaccin-astrazeneca-autorise\/"},"modified":"2021-02-02T19:31:29","modified_gmt":"2021-02-02T19:31:29","slug":"chiffres-en-hausse-vaccin-astrazeneca-autorise","status":"publish","type":"post","link":"http:\/\/www.affinite.fr\/index.php\/2021\/02\/02\/chiffres-en-hausse-vaccin-astrazeneca-autorise\/","title":{"rendered":"chiffres en hausse, vaccin AstraZeneca autoris\u00e9"},"content":{"rendered":"<p> [ad_1]<br \/>\n<\/p>\n<p>\n                CORONAVIRUS DIRECT &#8211; Le variant anglais fait progresser le nombre des hospitalisations en France. 155\u00a0nouvelles hospitalisations et 404\u00a0d\u00e9c\u00e8s ont \u00e9t\u00e9 enregistr\u00e9s en 24h. Un troisi\u00e8me vaccin est autoris\u00e9 en France, celui d&rsquo;AstraZeneca, recommand\u00e9 uniquement aux moins de 65\u00a0ans \u00ab\u00a0pour le moment\u00a0\u00bb. Derniers chiffres et actus.            <\/p>\n<div>\n<aside class=\"ccmsummary marqueur_module ccmcss_cms_summary ccmcss_cms_summary--right\">\n<p>\u00a0Sommaire<\/p>\n<\/aside>\n<p><strong>[Mis\u00a0\u00e0 jour le mardi 2 f\u00e9vrier \u00e0 19h57<\/strong><b>]<\/b>\u00a0\u00ab\u00a0C<em>omme le variant anglais est <strong>40\u00a0\u00e0 70\u00a0% plus contagieux,<\/strong> il va y avoir une acc\u00e9l\u00e9ration de l&rsquo;\u00e9pid\u00e9mie si on ne fait rien de plus<\/em>\u00ab\u00a0, a alert\u00e9 ce mardi 2 f\u00e9vrier sur <em>FranceInfo<\/em>\u00a0R\u00e9mi Salomon, le pr\u00e9sident de la commission m\u00e9dicale d&rsquo;\u00e9tablissement de l&rsquo;AP-HP. Les premiers r\u00e9sultats sur les variants inqui\u00e8tent : \u00ab\u00a0<em>on \u00e9tait plut\u00f4t aux alentours de 6% le 7\u00a0janvier et on est mont\u00e9 \u00e0 15\/20% la semaine derni\u00e8re<\/em>\u00ab\u00a0. La semaine s&rsquo;annonce une nouvelle fois cruciale pour la France : Emmanuel Macron r\u00e9unit un nouveau Conseil de d\u00e9fense sanitaire ce mercredi 3\u00a0f\u00e9vrier.\u00a0Face \u00e0 cette situation sanitaire pr\u00e9occupante, le gouvernement a d\u00e9j\u00e0 donn\u00e9 dimanche 31 janvier un nouveau tour de vis avec <strong>la fermeture des centres commerciaux <\/strong>non alimentaires de plus de 20 000 m\u00b2 et l&rsquo;interdiction d&rsquo;entrer ou de sortir en France \u00e0 destination et en provenance d&rsquo;un pays ext\u00e9rieur \u00e0 l&rsquo;Union europ\u00e9enne.\u00a0Les prochaines vacances scolaires d&rsquo;hiver pourraient aussi contribuer \u00e0 limiter les brassages, et \u00e9viter un nouveau confinement. Au 2 f\u00e9vrier,<strong>\u00a0plus de 28 000 personnes sont hospitalis\u00e9es pour une infection Covid-19<\/strong>\u00a0et <strong>404\u00a0nouveaux d\u00e9c\u00e8s<\/strong> ont \u00e9t\u00e9 enregistr\u00e9s ces derni\u00e8res 24\u00a0heures.\u00a0<strong>1\u00a0486 493\u00a0personnes<\/strong> ont re\u00e7u en France au moins\u00a0une dose de vaccin. 47 137\u00a0personnes ont re\u00e7u leur deuxi\u00e8me injection. Que disent les\u00a0<a data-auth=\"NotApplicable\" href=\"https:\/\/sante.journaldesfemmes.fr\/fiches-maladies\/2667643-carte-covid-19-france-interractive-zone-rouge-departement-region-ile-de-france-direct-europe-incidence\/\" rel=\"noopener noreferrer\" target=\"_blank\">cartes<\/a> de suivi de l&rsquo;\u00e9pid\u00e9mie ? Quelles sont les r\u00e9gions sous tension hospitali\u00e8re ?\u00a0<a data-auth=\"NotApplicable\" href=\"https:\/\/sante.journaldesfemmes.fr\/fiches-maladies\/2629823-taux-de-reproduction-covid-france-coronavirus-r0-r-effectif-calcul-evolution-aujourd-hui-carte-1\/\" rel=\"noopener noreferrer\" target=\"_blank\">Quel est le taux de R0 du coronavirus en France<\/a>\u00a0? Quand est-on contagieux ? Que sait-on des\u00a0<a href=\"https:\/\/sante.journaldesfemmes.fr\/fiches-maladies\/2620433-vaccin-coronavirus-covid-19-europe-pfizer-moderna-sanofi-astrazeneca-spoutnik-janssen\/\" target=\"_blank\" rel=\"noopener noreferrer\">vaccins<\/a>\u00a0? Des\u00a0<a href=\"https:\/\/sante.journaldesfemmes.fr\/fiches-maladies\/2686947-effets-secondaires-indesirable-vaccin-covid-ansm-france-pfizer-moderna-deces-allergie-paralysie\/\" target=\"_blank\" rel=\"noopener noreferrer\">effets secondaires<\/a>\u00a0apr\u00e8s la vaccination ? Chiffres et infos du jour.<\/p>\n<ul>\n<li><strong>Les pharmaciens et les sages-femmes pourront administrer le\u00a0vaccin AstraZeneca<\/strong>, qui vient d&rsquo;obtenir mardi son autorisation\u00a0en France de la Haute autorit\u00e9 de sant\u00e9 (HAS) pour les moins de 65\u00a0ans.<\/li>\n<li><strong>Validation du vaccin AstraZeneca.<\/strong> La Haute autorit\u00e9 de Sant\u00e9 (HAS) a valid\u00e9\u00a0ce mardi l&rsquo;utilisation du\u00a0vaccin AstraZeneca, mais uniquement sur les\u00a0personnes \u00e2g\u00e9es de moins de 65\u00a0ans. \u00ab\u00a0<em>Il manque des donn\u00e9es pour les patients de plus de 65\u00a0ans, ces donn\u00e9es vont arriver dans les semaines qui viennent<\/em>\u00ab\u00a0, a d\u00e9clar\u00e9 la pr\u00e9sidente de la HAS, Dominique Le Guludec, lors d&rsquo;un point presse en ligne. Le vaccin sera administr\u00e9 en priorit\u00e9 aux soignants et aux personnes de 50\u00a0\u00e0 65\u00a0ans atteintes de comorbidit\u00e9s. Les injections pourraient se faire \u00ab\u00a0aux alentours de mi-f\u00e9vrier\u00a0\u00bb, selon Alain Fischer, le \u00ab\u00a0monsieur vaccins\u00a0\u00bb de l&rsquo;ex\u00e9cutif.<\/li>\n<li><strong>Fermeture des remont\u00e9es m\u00e9caniques.<\/strong> Les remont\u00e9es m\u00e9caniques des stations se ski resteront toujours ferm\u00e9es en f\u00e9vrier. Aucune date de r\u00e9ouverture n&rsquo;a \u00e9t\u00e9 fix\u00e9e, indique Matignon \u00e0 la suite d&rsquo;une rencontre entre Jean Castex et les acteurs du secteur de la montagne.\u00a0<\/li>\n<li><strong>R\u00e8gles de fermeture des \u00e9coles. <\/strong>Un <a href=\"https:\/\/www.education.gouv.fr\/covid19-ouverture-des-ecoles-modalites-pratiques-et-protocole-sanitaire-305467\" target=\"_blank\" rel=\"noopener noreferrer\">nouveau protocole sanitaire \u00e0 l&rsquo;\u00e9cole<\/a> a \u00e9t\u00e9 publi\u00e9 sur le site du minist\u00e8re de l&rsquo;Education nationale. Parmi les nouveaut\u00e9s : une classe de maternelle devra fermer si un \u00e9l\u00e8ve est test\u00e9 positif \u00e0 la Covid-19, une classe de primaire ou de secondaire fermera seulement s&rsquo;il s&rsquo;agit d&rsquo;une contamination au variant.\u00a0Par ailleurs, tous les \u00e9l\u00e8ves \u00e0 partir de 6\u00a0ans doivent porter <strong>un masque chirurgical ou en tissu de cat\u00e9gorie 1 <\/strong>depuis le 1er f\u00e9vrier 2021.\u00a0Autrement dit, les masques en tissu de cat\u00e9gorie 2\u00a0ou artisanal (fait maison) ne sont plus accept\u00e9s.\u00a0<\/li>\n<\/ul>\n<ul>\n<li><strong>Tr\u00eave hivernale repouss\u00e9e.<\/strong> Emmanuelle Wargon, ministre du Logement, a indiqu\u00e9 au Parisien le report de la fin de la tr\u00eave hivernale au 1er juin au lieu du 1er avril, compte tenu de la crise sanitaire.\u00a0<\/li>\n<li><strong>Arr\u00eat de travail et Covid.<\/strong> En 3 semaines, plus de 65 000 arr\u00eats maladies \u00ab\u00a0imm\u00e9diats\u00a0\u00bb ont \u00e9t\u00e9 d\u00e9livr\u00e9s par l&rsquo;Assurance maladie qui\u00a0re\u00e7oit en moyenne 3 000 demandes chaque jour. Un arr\u00eat maladie imm\u00e9diat \u00ab\u00a0sans jour de carence\u00a0\u00bb est d\u00e9livr\u00e9 \u00e0 condition d&rsquo;avoir r\u00e9alis\u00e9 un test de d\u00e9pistage PCR sous 48 heures.\u00a0<\/li>\n<\/ul>\n<ul>\n<li><strong>75 millions de doses de vaccins en plus. <\/strong>BioNTech et Pfizer ont annonc\u00e9 livrer 75 millions de doses de vaccin suppl\u00e9mentaires \u00e0 l&rsquo;Union europ\u00e9enne durant le deuxi\u00e8me semestre de l&rsquo;ann\u00e9e 2021. Les deux laboratoires comptent \u00ab\u00a0augmenter les livraisons \u00e0 partir de la semaine du 15 f\u00e9vrier\u00a0\u00bb, explique Sierk Poetting, directeur financier.\u00a0<\/li>\n<\/ul>\n<ul>\n<li><strong>Nouveau Conseil de d\u00e9fense. <\/strong>Emmanuel Macron a convoqu\u00e9 un nouveau Conseil de d\u00e9fense sanitaire ce mercredi 3 f\u00e9vrier \u00e0 l&rsquo;\u00c9lys\u00e9e, apprend-on dans un article de BFMTV.<\/li>\n<\/ul>\n<p>Face \u00e0 une\u00a0situation \u00e9pid\u00e9mique\u00a0<em>\u00ab\u00a0ma\u00eetris\u00e9e mais fragile\u00a0\u00bb<\/em>, Jean Castex a annonc\u00e9 le 14 janvier, la mise en place d&rsquo;un<strong> couvre-feu \u00e0 18 heures sur tout le territoire fran\u00e7ais<\/strong> \u00e0 partir du samedi 16 janvier. A date :<\/p>\n<ul>\n<li><a href=\"http:\/\/www.legifrance.gouv.fr\/download\/pdf?id=z9Xex3BhyHCobGlKyQ5aprEvwG8fGin5VW86ro4rsr0=\">Les centres commerciaux non-alimentaires<\/a> de plus de 20\u00a0000 m<sup>2\u00a0<\/sup>sont ferm\u00e9s\u00a0pour au moins quatre\u00a0semaines (magasins de bricolage, de pr\u00eat-\u00e0-porter, de d\u00e9coration\u2026).<\/li>\n<li>La pratique sportive ou la promenade en plein air est interdite pendant les horaires de couvre-feu\u00a0;<\/li>\n<li>Pendant la journ\u00e9e, les d\u00e9placements sont autoris\u00e9s et l&rsquo;attestation n&rsquo;est pas n\u00e9cessaire\u00a0;<\/li>\n<li>Les d\u00e9placements entre r\u00e9gions sont autoris\u00e9s\u00a0;<\/li>\n<li>Les d\u00e9placements en provenance ou \u00e0 destination d&rsquo;un pays ext\u00e9rieur \u00e0 l&rsquo;Union europ\u00e9enne sont interdits, sauf motif imp\u00e9rieux<\/li>\n<li>Les lieux de culte doivent respecter une certaine jauge\u00a0\u00a0;<\/li>\n<li>Les salles de cin\u00e9ma, les th\u00e9\u00e2tres et les mus\u00e9es restent ferm\u00e9s ;<\/li>\n<li>L&rsquo;accueil du public dans les enceintes sportives, dans les cirques, les parcs zoologiques ou encore les salles de jeux et les casinos est interdit\u00a0;<\/li>\n<li>Les restaurants et les caf\u00e9s sont ferm\u00e9s ;<\/li>\n<li>Le t\u00e9l\u00e9travail doit se poursuivre quand il est possible, avec un retour possible sur site un jour par semaine.\u00a0<\/li>\n<li><b>Fermeture des\u00a0<\/b><span style=\"font-weight: 600;\">fronti\u00e8res<\/span><b>. <\/b>Depuis dimanche 31\u00a0janvier \u00e0 minuit, la France a ferm\u00e9 ses fronti\u00e8res\u00a0aux pays ext\u00e9rieurs \u00e0 l&rsquo;Union europ\u00e9enne, sauf pour \u00ab\u00a0<em>motif imp\u00e9rieux\u00a0\u00bb<\/em>.\u00a0Le Premier ministre\u00a0Jean Castex l&rsquo;avait\u00a0annonc\u00e9 vendredi 29\u00a0janvier\u00a0\u00e0\u00a0l&rsquo;issue du\u00a0Conseil de d\u00e9fense \u00e0 l&rsquo;Elys\u00e9e.\u00a0<\/li>\n<\/ul>\n<p><strong>Trois sc\u00e9narios possibles. <\/strong>Selon plusieurs personnes ayant particip\u00e9\u00a0au Conseil de D\u00e9fense\u00a0qui a eu lieu\u00a0le 27\u00a0janvier, <strong>trois pistes,\u00a0<\/strong>cit\u00e9es par <a href=\"https:\/\/www.bfmtv.com\/sante\/direct-covid-19-vers-un-confinement-tres-serre-l-executif-planche-sur-differents-scenarios_LN-202101280014.html\" target=\"_blank\" rel=\"noopener noreferrer\">BFMTV<\/a> seraient envisag\u00e9es par le gouvernement :\u00a0<\/p>\n<p>\u2192 Couvre-feu la semaine et confinement le week-end<\/p>\n<p>\u2192 Confinement similaire \u00e0 celui de l&rsquo;automne (les \u00e9coles restent ouvertes)<\/p>\n<p>\u2192 Confinement \u00ab\u00a0serr\u00e9\u00a0\u00bb similaire \u00e0\u00a0celui du printemps (les \u00e9coles restent ferm\u00e9es)<\/p>\n<p>\u2192 Un allongement des vacances de f\u00e9vrier est aussi \u00e0 l&rsquo;\u00e9tude.<\/p>\n<p>Un couvre-feu national est en vigueur en France depuis le\u00a016 janvier 2021. Jeudi 28 janvier soit deux semaines plus tard, le ministre de la Sant\u00e9 a indiqu\u00e9 que son efficacit\u00e9\u00a0<em>\u00ab\u00a0s&rsquo;estompe\u00a0\u00bb <\/em>et que le couvre-feu<em>\u00ab\u00a0<\/em> <em>n&rsquo;est <strong>pas suffisant face aux variants<\/strong>\u00ab\u00a0.<\/em>\u00a0Il a cependant estim\u00e9 que la mesure n&rsquo;avait pas \u00e9t\u00e9 vaine\u00a0: <em>\u00ab\u00a0S&rsquo;il n&rsquo;y avait pas de couvre-feu, nous n&rsquo;aurions pas un plateau comme nous connaissons aujourd&rsquo;hui, nous aurions une vague \u00e9pid\u00e9mique\u00a0\u00bb. <\/em>Le porte-parole du gouvernement Gabriel Attal, a estim\u00e9 le lundi 1er f\u00e9vrier sur FranceInfo que <strong>le couvre-feu avait \u00ab\u00a0un effet\u00a0\u00bb<\/strong> sur la propagation de l&rsquo;\u00e9pid\u00e9mie en France : les contaminations ont augment\u00e9 de 4% le semaine du 25 au 31 janvier, contre 15% la semaine du 18\u00a0au 24 janvier.\u00a0<\/p>\n<p><strong>En chiffres :<\/strong> Sant\u00e9 Publique France indique dans son <a href=\"https:\/\/www.santepubliquefrance.fr\/maladies-et-traumatismes\/maladies-et-infections-respiratoires\/infection-a-coronavirus\/documents\/bulletin-national\/covid-19-point-epidemiologique-du-28-janvier-2021\" target=\"_blank\" rel=\"noopener noreferrer\">point hebdomadaire du 28 janvier<\/a> qu&rsquo;une\u00a0<strong>baisse du taux d&rsquo;incidence avait \u00e9t\u00e9 observ\u00e9e dans les 15\u00a0premiers d\u00e9partements plac\u00e9s sous couvre-feu puis cette tendance s&rsquo;est invers\u00e9e.<\/strong>\u00a0Les taux d&rsquo;incidence ont augment\u00e9 respectivement de +5% dans le groupe 1, +15% dans le groupe 2\u00a0et<strong> +9%<\/strong> dans le groupe 3\u00a0(c&rsquo;est-\u00e0-dire les 71\u00a0d\u00e9partements plac\u00e9s sous couvre-feu anticip\u00e9 le 16\u00a0janvier).\u00a0<\/p>\n<p><strong>Les d\u00e9partements ont \u00e9t\u00e9 class\u00e9s en trois groupes\u00a0<\/strong>: Groupe 1\u00a0: 15\u00a0d\u00e9partements avec couvre-feu d\u00e8s 18h \u00e0 partir du 2\u00a0janvier 2021\u00a0; Groupe 2\u00a0: 10\u00a0d\u00e9partements avec couvre-feu d\u00e8s 18h \u00e0 partir des 10\u00a0et 12\u00a0janvier 2021\u00a0; Groupe 3\u00a0: 61\u00a0d\u00e9partements avec couvre-feu d\u00e8s 18h \u00e0 partir du 16\u00a0janvier 2021.<\/p>\n<h3 style=\"text-align: center;\">\u00c9volution du taux d&rsquo;incidence sur 7\u00a0jours glissants par groupe de d\u00e9partements, du 27\u00a0juin 2020\u00a0au 24 janvier 2021, France m\u00e9tropolitaine (donn\u00e9es au 27\u00a0janvier 2021)<\/h3>\n<div style=\"text-align:center\">\n<figure class=\"image\" style=\"display:inline-block\"><a class=\"fancy\" href=\"https:\/\/img-3.journaldesfemmes.fr\/8diu_LYQwS9QO0_l8ccsJYfejGg=\/1080x\/smart\/5511792fe5c44256bd7d44ffa4b8188b\/ccmcms-jdf\/21960910.jpg\"><img decoding=\"async\" alt=\"\u00e9volution du taux d'incidence du coronavirus par d\u00e9partement sous couvre-feu en France\" src=\"https:\/\/img-3.journaldesfemmes.fr\/qtDFSy-wMKxUiHoppUGIA1ZpI2Y=\/600x\/smart\/5511792fe5c44256bd7d44ffa4b8188b\/ccmcms-jdf\/21960910.jpg\"\/><\/a><figcaption data-credit=\"Sant\u00e9 Publique France\" data-legend=\"\u00c9volution du taux d\u2019incidence sur 7 jours glissants par groupe de d\u00e9partements, du 27 juin 2020 au 24 janvier 2021, France m\u00e9tropolitaine (donn\u00e9es au 27 janvier 2021)\">\u00c9volution du taux d\u2019incidence sur 7 jours glissants par groupe de d\u00e9partements, du 27 juin 2020 au 24 janvier 2021, France m\u00e9tropolitaine (donn\u00e9es au 27 janvier 2021) <small>\u00a9\u00a0Sant\u00e9 Publique France<\/small><\/figcaption><\/figure>\n<\/div>\n<p>Seuls certains d\u00e9placements sont autoris\u00e9s et mentionn\u00e9s dans l&rsquo;<strong><a href=\"https:\/\/www.interieur.gouv.fr\/Actualites\/L-actu-du-Ministere\/Attestations-de-deplacement-couvre-feu\" target=\"_blank\" rel=\"noopener noreferrer\">attestation<\/a> <\/strong>:<\/p>\n<ul>\n<li>se rendre ou revenir de son lieu de travail, \u00e0 une <a href=\"http:\/\/www.affinite.fr\/index.php\/2022\/11\/09\/formation-de-glacier-apprenez-le-metier-de-glacier-et-changez-votre-vie\/\">formation<\/a> professionnelle, effectuer un d\u00e9placement professionnel ne pouvant \u00eatre report\u00e9\u00a0;<\/li>\n<li>des motifs familiaux imp\u00e9rieux, pour l&rsquo;assistance aux personnes vuln\u00e9rables et pr\u00e9caires, notamment aux personnes en situation de handicap ou pour la garde d&rsquo;enfants\u00a0;<\/li>\n<li>des motifs m\u00e9dicaux\u00a0: aller \u00e0 l&rsquo;h\u00f4pital, examens et soins ne pouvant \u00eatre assur\u00e9s \u00e0 distance et achat de m\u00e9dicaments\u00a0;<\/li>\n<li>participer \u00e0 des missions d&rsquo;int\u00e9r\u00eat g\u00e9n\u00e9ral sur demande de l&rsquo;autorit\u00e9 administrative (maraudes des associations de lutte contre la pauvret\u00e9 ou distributions d&rsquo;aides alimentaires \u00e0 domicile)\u00a0;<\/li>\n<li>les personnes en situation de handicap et leur accompagnant\u00a0;<\/li>\n<li>promener un animal domestique autour de son domicile.<\/li>\n<\/ul>\n<blockquote>\n<p>Les formes graves surviennent avec un d\u00e9calage d&rsquo;une \u00e0 deux semaines apr\u00e8s le d\u00e9but des signes.<\/p>\n<\/blockquote>\n<p>Selon les derniers chiffres publi\u00e9s par le <a href=\"https:\/\/www.gouvernement.fr\/info-coronavirus\/carte-et-donnees\" target=\"_blank\" rel=\"noopener noreferrer\">gouvernemen<\/a>t, au mardi 2\u00a0f\u00e9vrier, en France\u00a0:<\/p>\n<p>\u2022 3 201 461\u00a0personnes ont \u00e9t\u00e9 contamin\u00e9es par le coronavirus\u00a0<strong>(+4 347\u00a0<\/strong><strong>en 24\u00a0heures) &#8211; chiffre au 1er f\u00e9vrier.<\/strong><\/p>\n<p>\u2022 76\u00a0916 personnes sont d\u00e9c\u00e9d\u00e9es en France\u00a0<strong>(+404\u00a0en 24\u00a0heures),<\/strong><strong>\u00a0<\/strong>dont 54 213\u00a0\u00e0 l&rsquo;h\u00f4pital.<\/p>\n<p>\u2022 3 270 patients Covid-19 sont en r\u00e9animation (+52).<\/p>\n<p>\u2022 28 029\u00a0patients Covid-19 sont hospitalis\u00e9s (+155).<\/p>\n<blockquote>\n<p style=\"text-align: right;\">\u00a0<\/p>\n<\/blockquote>\n<blockquote>\n<p style=\"text-align: right;\">\u00a0<\/p>\n<\/blockquote>\n<p><em>\u00ab\u00a0Nous ne sommes pas dans une vague \u00e9pid\u00e9mique mais le virus circule \u00e0 un niveau \u00e9lev\u00e9, diffus, nous sommes sur un plateau montant, un peu plus, le virus circule un peu plus chaque semaine\u00a0\u00bb <\/em>a indiqu\u00e9 Olivier V\u00e9ran, jeudi 28 janvier. <em>\u00ab\u00a0La <strong>situation est tr\u00e8s pr\u00e9occupante\u00a0\u00bb<\/strong><\/em> a<em><strong>\u00a0<\/strong><\/em>confirm\u00e9 le nouveau point hebdomadaire de Sant\u00e9 Publique France principalement \u00e0 cause de la<strong> circulation du variant anglais <\/strong>qui repr\u00e9sentait le 7\u00a0et 8\u00a0janvier <strong>plus de 3\u00a0cas de Covid-19\u00a0sur 100<\/strong> en France. Sur la semaine du 18 au 24 janvier:<\/p>\n<ul>\n<li>le\u00a0<strong>nombre de nouveaux cas confirm\u00e9s a progress\u00e9 de 9%\u00a0du 18\u00a0au 24\u00a0janvier, <\/strong>le nombre de\u00a0<strong>nouvelles hospitalisations a\u00a0augment\u00e9\u00a0de +16%<\/strong>\u00a0et le nombre de\u00a0<strong>nouvelles admissions en r\u00e9animation de +20%<\/strong>.\u00a0<\/li>\n<li>le nombre de <strong>d\u00e9c\u00e8s hospitaliers \u00e9tait en nette augmentation (+20%) <\/strong>par rapport \u00e0 la semaine pr\u00e9c\u00e9dente.<\/li>\n<li>les r\u00e9gions les plus touch\u00e9es \u00e9taient toujours les r\u00e9gions Provence-Alpes-C\u00f4te d&rsquo;Azur, Bourgogne-Franche-Comt\u00e9, Auvergne-Rh\u00f4ne-Alpes et Grand Est.<\/li>\n<\/ul>\n<div style=\"text-align:center\">\n<figure class=\"image\" style=\"display:inline-block\"><a class=\"fancy\" href=\"https:\/\/img-3.journaldesfemmes.fr\/ba3zMbFg6NLcpQQMmNoFzZKXG6c=\/1080x\/smart\/3aadb1db8be4494b96d8e04c347ddee8\/ccmcms-jdf\/22020062.png\"><img decoding=\"async\" alt=\"Nombre de nouvelles personnes positives au Sars-Cov-2 (PCR\/antig\u00e9nique) sur une semaine glissante, pour la premi\u00e8re fois depuis plus de 60 jours, rapport\u00e9 \u00e0 la taille de la population, au 26 janvier \u00a9\u00a0Gouvernement.fr\" src=\"https:\/\/img-3.journaldesfemmes.fr\/jKSLQKdKe1TyGHSUhPtXS1Vy3BM=\/450x\/smart\/3aadb1db8be4494b96d8e04c347ddee8\/ccmcms-jdf\/22020062.png\"\/><\/a><figcaption data-credit=\"Gouvernement.fr\" data-legend=\"Nombre de nouvelles personnes positives au Sars-Cov-2 (PCR\/antig\u00e9nique) sur une semaine glissante, pour la premi\u00e8re fois depuis plus de 60 jours, rapport\u00e9 \u00e0 la taille de la population, au 31 janvier \u00a9\u00a0Gouvernement.fr\">Nombre de nouvelles personnes positives au Sars-Cov-2 (PCR\/antig\u00e9nique) sur une semaine glissante, pour la premi\u00e8re fois depuis plus de 60 jours, rapport\u00e9 \u00e0 la taille de la population, au 31 janvier \u00a9\u00a0Gouvernement.fr <small>\u00a9\u00a0Gouvernement.fr<\/small><\/figcaption><\/figure>\n<\/div>\n<p>Le gouvernement suit \u00e9galement l&rsquo;\u00e9volution du taux d&rsquo;occupation des lits en r\u00e9animation par des patients Covid-19 (sur les capacit\u00e9s initiales). Ce taux met en lumi\u00e8re une \u00e9ventuelle tension hospitali\u00e8re.\u00a0La tension hospitali\u00e8re est actuellement mod\u00e9r\u00e9e et stable.<\/p>\n<div style=\"text-align:center\">\n<figure class=\"image\" style=\"display:inline-block\"><img decoding=\"async\" alt=\"Taux d'occupation des lits en r\u00e9animation au 27 janvier par des patients Covid-19 \" src=\"https:\/\/img-3.journaldesfemmes.fr\/PxjTfm0P8WuWPG3u-8s063FOJcY=\/450x\/smart\/281757c186d34fc1835f052bed6c79e4\/ccmcms-jdf\/22020053.png\"\/><figcaption data-credit=\"Gouvernement.fr\" data-legend=\"Taux d'occupation des lits en r\u00e9animation au 31 janvier par des patients Covid-19 \">Taux d&rsquo;occupation des lits en r\u00e9animation au 31 janvier par des patients Covid-19 <small>\u00a9\u00a0Gouvernement.fr<\/small><\/figcaption><\/figure>\n<\/div>\n<p>Le\u00a0<strong>pic \u00e9pid\u00e9mique<\/strong>\u00a0de la premi\u00e8re vague a \u00e9t\u00e9 observ\u00e9 la\u00a0<strong>semaine du 6\u00a0au 12\u00a0avril<\/strong>, soit 15\u00a0jours\u00a0apr\u00e8s la mise en \u0153uvre des mesures de confinement de la population g\u00e9n\u00e9rale, le 17\u00a0mars 2020. Le <strong>pic de la deuxi\u00e8me vague <\/strong>a eu lieu\u00a0du <strong>16\u00a0au 20\u00a0novembre,\u00a0<\/strong>trois semaines apr\u00e8s le deuxi\u00e8me confinement.<\/p>\n<p>Au lundi 1er f\u00e9vrier 2021, un total de<strong>\u00a03 201 461<\/strong>\u00a0<strong>cas\u00a0confirm\u00e9s\u00a0<\/strong>de coronavirus est rapport\u00e9 depuis le d\u00e9but de la pand\u00e9mie. Sur la semaine du 11 au 17 janvier, Sant\u00e9 Publique France rapporte une moyenne soit 18\u00a0364\u00a0nouveaux cas confirm\u00e9s en moyenne chaque jour. Sur cette p\u00e9riode, les<strong> personnes de 75\u00a0ans et plus \u00e9taient les plus touch\u00e9es par le SARS-CoV-2<\/strong>, et le nombre de cas confirm\u00e9s dans cette classe d&rsquo;\u00e2ge \u00e9tait en augmentation.<\/p>\n<h3 style=\"text-align: center;\">Nombre incident de cas confirm\u00e9s de Covid-19\u00a0par semaine, rapport\u00e9s \u00e0 Sant\u00e9 publique France, du 11\u00a0mai au 24\u00a0janvier 2021, France enti\u00e8re (donn\u00e9es au 27 janvier)<\/h3>\n<div style=\"text-align:center\">\n<figure class=\"image\" style=\"display:inline-block\"><a class=\"fancy\" href=\"https:\/\/img-3.journaldesfemmes.fr\/QNp8Oljetgq1aSBBn1Aeqz4cZ70=\/1080x\/smart\/6e6920188cc848e897ac64dcf60dd9e6\/ccmcms-jdf\/21960988.jpg\"><img decoding=\"async\" alt=\"cas confirm\u00e9 covid\" src=\"https:\/\/img-3.journaldesfemmes.fr\/ZmwN9qODOKvaT8VAChiWhHesZ40=\/600x\/smart\/6e6920188cc848e897ac64dcf60dd9e6\/ccmcms-jdf\/21960988.jpg\"\/><\/a><figcaption data-credit=\"Sant\u00e9 Publique France\" data-legend=\"Nombre incident de cas confirm\u00e9s de COVID-19 par semaine (date de pr\u00e9l\u00e8vement), rapport\u00e9s \u00e0 Sant\u00e9 publique France du 11 mai 2020 au 24 janvier 2021, France (donn\u00e9es au 27 janvier 2021)\">Nombre incident de cas confirm\u00e9s de COVID-19 par semaine (date de pr\u00e9l\u00e8vement), rapport\u00e9s \u00e0 Sant\u00e9 publique France du 11 mai 2020 au 24 janvier 2021, France (donn\u00e9es au 27 janvier 2021) <small>\u00a9\u00a0Sant\u00e9 Publique France<\/small><\/figcaption><\/figure>\n<\/div>\n<h3 style=\"text-align: center;\">Nombre de cas confirm\u00e9s de COVID-19\u00a0chez les r\u00e9sidents et le personnel en ESMS (\u00e9tablissements sociaux et m\u00e9dico-sociaux)\u00a0par semaine calendaire, du 20\u00a0juillet au 24 janvier 2021, en France<\/h3>\n<div style=\"text-align:center\">\n<figure class=\"image\" style=\"display:inline-block\"><a class=\"fancy\" href=\"https:\/\/img-3.journaldesfemmes.fr\/S6oaFGGcUsyH26x43dXv4OFA3jQ=\/1080x\/smart\/ef178bab831049d2a3cb585feb468ebb\/ccmcms-jdf\/21961021.jpg\"><img decoding=\"async\" alt=\"courbe cas de covid en france dans les ESMS dont Ehpad\" src=\"https:\/\/img-3.journaldesfemmes.fr\/n85JI6CLCTZyKl8n3cPd423eKxU=\/600x\/smart\/ef178bab831049d2a3cb585feb468ebb\/ccmcms-jdf\/21961021.jpg\"\/><\/a><figcaption data-credit=\"Sant\u00e9 Publique France\" data-legend=\"Nombre de cas confirm\u00e9s de COVID-19 chez les r\u00e9sidents et le personnel en ESMS par semaine calendaire, du 20 juillet au 24 janvier 2021, en France \">Nombre de cas confirm\u00e9s de COVID-19 chez les r\u00e9sidents et le personnel en ESMS par semaine calendaire, du 20 juillet au 24 janvier 2021, en France <small>\u00a9\u00a0Sant\u00e9 Publique France<\/small><\/figcaption><\/figure>\n<\/div>\n<p>Lundi 1er f\u00e9vrier,<strong>\u00a0+4 347<\/strong><strong>\u00a0nouvelles personnes<\/strong> ont re\u00e7u un test positif au Covid-19 par rapport \u00e0 la veille.<\/p>\n<div style=\"text-align:center\">\n<figure class=\"image\" style=\"display:inline-block\"><a class=\"fancy\" href=\"https:\/\/img-3.journaldesfemmes.fr\/DqlK4eg2TUixTXQ561J_O-wo5Cc=\/1080x\/smart\/cbe28b1b53d14b97b78843ef6cad8cf5\/ccmcms-jdf\/21961435.jpg\"><img decoding=\"async\" alt=\"courbe variation cas covid par jour en france\" src=\"https:\/\/img-3.journaldesfemmes.fr\/pI4CWZbbPt8Lq2bS1_X6bgySj1w=\/600x\/smart\/cbe28b1b53d14b97b78843ef6cad8cf5\/ccmcms-jdf\/21961435.jpg\"\/><\/a><figcaption data-credit=\"Gouvernement.fr\" data-legend=\"Courbe de variation quotidienne des cas de Covid-19 en France jusqu'au 27 janvier.\">Courbe de variation quotidienne des cas de Covid-19 en France jusqu&rsquo;au 27 janvier. <small>\u00a9\u00a0Gouvernement.fr<\/small><\/figcaption><\/figure>\n<\/div>\n<p>Le nombre de nouvelles hospitalisations pour COVID-19\u00a0a augment\u00e9 de <strong>+16%<\/strong> au cours de la semaine du 18 au 24\u00a0janvier par rapport \u00e0 la semaine pr\u00e9c\u00e9dente <strong>(+20% en r\u00e9animation).<\/strong> Mardi 2\u00a0f\u00e9vrier,<b>\u00a03 270\u00a0<\/b>personnes sont\u00a0hospitalis\u00e9es\u00a0en\u00a0r\u00e9animation (+52\u00a0en 24 heures), derni\u00e8res donn\u00e9es disponibles.\u00a0Le nombre d&rsquo;hospitalisation en r\u00e9animation pour Covid-19 reste \u00e0 un niveau \u00e9lev\u00e9.\u00a0<\/p>\n<div style=\"text-align:center\">\n<figure class=\"image\" style=\"display:inline-block\"><a class=\"fancy\" href=\"https:\/\/img-3.journaldesfemmes.fr\/e6keNKvYd4YAph6AExaz6ieZ1NY=\/1080x\/smart\/fb217801116b4698941eade612ea54d3\/ccmcms-jdf\/21961473.jpg\"><img decoding=\"async\" alt=\"courbe r\u00e9animation covid-19\" src=\"https:\/\/img-3.journaldesfemmes.fr\/KobE58USfhJiXaIMPwcOBSxwMWY=\/600x\/smart\/fb217801116b4698941eade612ea54d3\/ccmcms-jdf\/21961473.jpg\"\/><\/a><figcaption data-credit=\"Sant\u00e9 Publique France\" data-legend=\" Nombre hebdomadaire de patients COVID-19 admis en service de r\u00e9animation pendant leur hospitalisation, par semaine d\u2019admission en r\u00e9animation, depuis le 24 f\u00e9vrier 2020, France, donn\u00e9es au 26 janvier\">Nombre hebdomadaire de patients COVID-19 admis en service de r\u00e9animation pendant leur hospitalisation, par semaine d\u2019admission en r\u00e9animation, depuis le 24 f\u00e9vrier 2020, France, donn\u00e9es au 26 janvier <small>\u00a9\u00a0Sant\u00e9 Publique France<\/small><\/figcaption><\/figure>\n<\/div>\n<p>\u2192 En semaine 18-24 janvier : les <strong>plus forts taux hebdomadaires d&rsquo;admissions en r\u00e9animation<\/strong> \u00e9taient rapport\u00e9s en Provence-Alpes-C\u00f4te d&rsquo;Azur (4,2\/100\u00a0000\u00a0habitants), Bourgogne-Franche-Comt\u00e9 (3,5), Grand Est (3,2), Auvergne-Rh\u00f4ne-Alpes (3,0), Hauts-de-France (2,9), Corse (2,9) et \u00cele-de-France (2,8).<\/p>\n<p>\u2192 Entre le 05\u00a0octobre 2020\u00a0et le 26 janvier 2021, parmi les 5 448\u00a0patients signal\u00e9s avec un diagnostic confirm\u00e9 de COVID-19, <strong>72% \u00e9taient des hommes <\/strong>; l&rsquo;<strong>\u00e2ge m\u00e9dian des patients \u00e9tait de 68\u00a0ans\u00a0<\/strong>et 63% \u00e9taient \u00e2g\u00e9s de 65\u00a0ans et plus ; 69\u00a0\u00e9taient des professionnels de sant\u00e9.<\/p>\n<p>\u2192 La surveillance sp\u00e9cifique des cas graves de COVID-19\u00a0admis en r\u00e9animation<strong> lors de la deuxi\u00e8me vague<\/strong> indiquait une proportion \u00e9lev\u00e9e d&rsquo;hommes (72%), de personnes de 65\u00a0ans et plus (63%) et de cas pr\u00e9sentant une comorbidit\u00e9 (89%), dont les plus fr\u00e9quentes \u00e9taient l&rsquo;hypertension art\u00e9rielle, l&rsquo;ob\u00e9sit\u00e9 et le diab\u00e8te. Pour 43% des patients hospitalis\u00e9s en r\u00e9animation pour COVID-19, un recours \u00e0 la ventilation invasive avait \u00e9t\u00e9 n\u00e9cessaire.<\/p>\n<p>Selon les <a href=\"https:\/\/www.gouvernement.fr\/info-coronavirus\/carte-et-donnees\" target=\"_blank\" rel=\"noopener noreferrer\">chiffres communiqu\u00e9s par le gouvernement<\/a>, consolid\u00e9s avec l&rsquo;Agence Sant\u00e9 Publique France et\u00a0les ARS (Agences r\u00e9gionales de Sant\u00e9), voici l&rsquo;\u00e9volution des hospitalisations (dont la r\u00e9animation) et des d\u00e9c\u00e8s\u00a0en France par r\u00e9gion.<\/p>\n<h3 style=\"text-align: center;\"><a id=\"cas-covid-19-tableau-par-region\" name=\"cas-covid-19-tableau-par-region\">Evolution des hospitalisations (dont en r\u00e9animation) et d\u00e9c\u00e8s \u00e0 l&rsquo;h\u00f4pital du Covid-19\u00a0par r\u00e9gion au 1er f\u00e9vrier<\/a><\/h3>\n<table border=\"1\" cellpadding=\"1\" cellspacing=\"1\" style=\"width:100%;\">\n<thead>\n<tr>\n<th scope=\"col\" style=\"width: 199px;\">R\u00e9gions<\/th>\n<th scope=\"col\" style=\"width: 162px; text-align: center;\">Hospitalisations en cours<\/th>\n<th scope=\"col\" style=\"width: 143px; text-align: center;\">Evolution des nouveaux patients sur les\u00a0 derni\u00e8res 24\u00a0H<\/th>\n<th scope=\"col\" style=\"width: 149px; text-align: center;\">R\u00e9animation Soins intensif<\/th>\n<th scope=\"col\" style=\"width: 155px; text-align: center;\">Evolution des nouveaux patients sur les\u00a0 derni\u00e8res 24\u00a0H<\/th>\n<th scope=\"col\" style=\"width: 220px; text-align: center;\">D\u00e9c\u00e8s<\/th>\n<\/tr>\n<tr>\n<td style=\"width: 199px;\"><b>\u00cele-de-France<\/b><\/td>\n<td style=\"width: 162px;\">5 342<\/td>\n<td style=\"width: 143px;\">+129<\/td>\n<td style=\"width: 149px;\">680<\/td>\n<td style=\"width: 155px;\">+42<\/td>\n<td style=\"width: 220px;\">13 417<\/td>\n<\/tr>\n<tr>\n<td style=\"width: 199px;\"><strong>Grand Est<\/strong><\/td>\n<td style=\"width: 162px;\">2 947<\/td>\n<td style=\"width: 143px;\">+73<\/td>\n<td style=\"width: 149px;\">338<\/td>\n<td style=\"width: 155px;\">-1<\/td>\n<td style=\"width: 220px;\">7 243<\/td>\n<\/tr>\n<tr>\n<td style=\"width: 199px;\"><strong>Auvergne-Rh\u00f4ne-Alpes<\/strong><\/td>\n<td style=\"width: 162px;\">3 859<\/td>\n<td style=\"width: 143px;\">+179<\/td>\n<td style=\"width: 149px;\">429<\/td>\n<td style=\"width: 155px;\">+44<\/td>\n<td style=\"width: 220px;\">8 117<\/td>\n<\/tr>\n<tr>\n<td style=\"width: 199px;\"><strong>Hauts-de-France<\/strong><\/td>\n<td style=\"width: 162px;\">2 599<\/td>\n<td style=\"width: 143px;\">+130<\/td>\n<td style=\"width: 149px;\">282<\/td>\n<td style=\"width: 155px;\">+24<\/td>\n<td style=\"width: 220px;\">5 335<\/td>\n<\/tr>\n<tr>\n<td style=\"width: 199px;\"><strong>Bourgogne-Franche-Comt\u00e9<\/strong><\/td>\n<td style=\"width: 162px;\">1 824<\/td>\n<td style=\"width: 143px;\">+86<\/td>\n<td style=\"width: 149px;\">167<\/td>\n<td style=\"width: 155px;\">+13<\/td>\n<td style=\"width: 220px;\">3 360<\/td>\n<\/tr>\n<tr>\n<td style=\"width: 199px;\"><strong>Provence-Alpes-C\u00f4te d&rsquo;Azur<\/strong><\/td>\n<td style=\"width: 162px;\">3 349<\/td>\n<td style=\"width: 143px;\">+95<\/td>\n<td style=\"width: 149px;\">417<\/td>\n<td style=\"width: 155px;\">+24<\/td>\n<td style=\"width: 220px;\">4 614<\/td>\n<\/tr>\n<tr>\n<td style=\"width: 199px;\"><strong>Occitanie<\/strong><\/td>\n<td style=\"width: 162px;\">1 860<\/td>\n<td style=\"width: 143px;\">+64<\/td>\n<td style=\"width: 149px;\">251<\/td>\n<td style=\"width: 155px;\">+12<\/td>\n<td style=\"width: 220px;\">2 646<\/td>\n<\/tr>\n<tr>\n<td style=\"width: 199px;\"><strong>Bretagne<\/strong><\/td>\n<td style=\"width: 162px;\">711<\/td>\n<td style=\"width: 143px;\">+22<\/td>\n<td style=\"width: 149px;\">46<\/td>\n<td style=\"width: 155px;\">-1<\/td>\n<td style=\"width: 220px;\">922<\/td>\n<\/tr>\n<tr>\n<td style=\"width: 199px;\"><strong>Nouvelle-Aquitaine<\/strong><\/td>\n<td style=\"width: 162px;\">1 573<\/td>\n<td style=\"width: 143px;\">+70<\/td>\n<td style=\"width: 149px;\">214<\/td>\n<td style=\"width: 155px;\">+15<\/td>\n<td style=\"width: 220px;\">2 301<\/td>\n<\/tr>\n<tr>\n<td style=\"width: 199px;\"><strong><a href=\"http:\/\/www.affinite.fr\/index.php\/2024\/11\/21\/construire-votre-maison-en-normandie\/\">Normandie<\/a><\/strong><\/td>\n<td style=\"width: 162px;\">1 385<\/td>\n<td style=\"width: 143px;\">\n<p>+42<\/p>\n<\/td>\n<td style=\"width: 149px;\">118<\/td>\n<td style=\"width: 155px;\">+2<\/td>\n<td style=\"width: 220px;\">1 896<\/td>\n<\/tr>\n<tr>\n<td style=\"width: 199px;\"><strong>Centre Val-de-Loire<\/strong><\/td>\n<td style=\"width: 162px;\">1 123<\/td>\n<td style=\"width: 143px;\">+15<\/td>\n<td style=\"width: 149px;\">138<\/td>\n<td style=\"width: 155px;\">-1<\/td>\n<td style=\"width: 220px;\">1 681<\/td>\n<\/tr>\n<tr>\n<td style=\"width: 199px;\"><strong>Pays de la Loire<\/strong><\/td>\n<td style=\"width: 162px;\">1 039<\/td>\n<td style=\"width: 143px;\">+22<\/td>\n<td style=\"width: 149px;\">95<\/td>\n<td style=\"width: 155px;\">-3<\/td>\n<td style=\"width: 220px;\">1 736<\/td>\n<\/tr>\n<tr>\n<td style=\"width: 199px;\"><strong>Corse<\/strong><\/td>\n<td style=\"width: 162px;\">62<\/td>\n<td style=\"width: 143px;\">+4<\/td>\n<td style=\"width: 149px;\">8<\/td>\n<td style=\"width: 155px;\">+1<\/td>\n<td style=\"width: 220px;\">125<\/td>\n<\/tr>\n<tr>\n<td style=\"width: 199px;\"><strong>Martinique<\/strong><\/td>\n<td style=\"width: 162px;\">17<\/td>\n<td style=\"width: 143px;\">+3<\/td>\n<td style=\"width: 149px;\">3<\/td>\n<td style=\"width: 155px;\">NC<\/td>\n<td style=\"width: 220px;\">45<\/td>\n<\/tr>\n<tr>\n<td style=\"width: 199px;\"><strong>Guadeloupe<\/strong><\/td>\n<td style=\"width: 162px;\">52<\/td>\n<td style=\"width: 143px;\">NC<\/td>\n<td style=\"width: 149px;\">6<\/td>\n<td style=\"width: 155px;\">NC<\/td>\n<td style=\"width: 220px;\">170<\/td>\n<\/tr>\n<tr>\n<td style=\"width: 199px;\"><strong>La R\u00e9union<\/strong><\/td>\n<td style=\"width: 162px;\">24<\/td>\n<td style=\"width: 143px;\">+5<\/td>\n<td style=\"width: 149px;\">3<\/td>\n<td style=\"width: 155px;\">+1<\/td>\n<td style=\"width: 220px;\">55<\/td>\n<\/tr>\n<tr>\n<td style=\"width: 199px;\"><strong>Guyane<\/strong><\/td>\n<td style=\"width: 162px;\">46<\/td>\n<td style=\"width: 143px;\">-2<\/td>\n<td style=\"width: 149px;\">14<\/td>\n<td style=\"width: 155px;\">-2<\/td>\n<td style=\"width: 220px;\">73<\/td>\n<\/tr>\n<tr>\n<td style=\"width: 199px;\"><strong>Mayotte<\/strong><\/td>\n<td style=\"width: 162px;\">62<\/td>\n<td style=\"width: 143px;\">-3<\/td>\n<td style=\"width: 149px;\">9<\/td>\n<td style=\"width: 155px;\">\n<p>+1<\/p>\n<\/td>\n<td style=\"width: 220px;\">47<\/td>\n<\/tr>\n<tr>\n<td style=\"width: 199px;\"><strong>TOTAL<\/strong><\/td>\n<td style=\"width: 162px;\"><strong>27 914<\/strong><\/td>\n<td style=\"width: 143px;\">+932<\/td>\n<td style=\"width: 149px;\"><b>3 228<\/b><\/td>\n<td style=\"width: 155px;\">+170<\/td>\n<td style=\"width: 220px;\">\n<p><span style=\"font-weight: 600;\">53<\/span><strong>\u00a0809<\/strong><\/p>\n<\/td>\n<\/tr>\n<\/thead>\n<\/table>\n<p>Le nombre de d\u00e9c\u00e8s li\u00e9s \u00e0 la COVID-19\u00a0est \u00e9lev\u00e9 indique Sant\u00e9 Publique France le 21\u00a0janvier.<strong>\u00a076 916 d\u00e9c\u00e8s ont \u00e9t\u00e9 comptabilis\u00e9s sur la p\u00e9riode du 1er mars 2020\u00a0au 2 f\u00e9vrier\u00a02021,\u00a0<\/strong>dont 54 213\u00a0\u00e0 l&rsquo;h\u00f4pital\u00a0(<strong>+404\u00a0<\/strong>en 24h), auxquels se sont ajout\u00e9s\u00a0465 d\u00e9c\u00e8s en Ehpad et \u00e9tablissements sociaux et m\u00e9dico-sociaux entre le 27\u00a0et le 29\u00a0janvier.<\/p>\n<p>\u2192<strong> 93%<\/strong> des cas de COVID-19\u00a0d\u00e9c\u00e9d\u00e9s \u00e9taient \u00e2g\u00e9s de <strong>65\u00a0ans ou plus.<\/strong><\/p>\n<p>\u2192\u00a0<strong>54% sont des hommes.<\/strong><\/p>\n<p>\u2192<strong>\u00a065% des personnes d\u00e9c\u00e9d\u00e9es pr\u00e9sentaient au moins une comorbidit\u00e9<\/strong>.<\/p>\n<p><strong>\u2192<\/strong>\u00a0<strong>Sur la semaine du 18-24\u00a0janvier,\u00a0<\/strong>les plus forts taux de d\u00e9c\u00e8s dus \u00e0 la COVID-19\u00a0par r\u00e9gion rapport\u00e9s \u00e0 la population \u00e9taient toujours observ\u00e9s en Bourgogne-Franche-Comt\u00e9 (7,9\/100\u00a0000\u00a0habitants), Grand Est (6,1), Provence-Alpes-C\u00f4te d&rsquo;Azur (6,1) et Auvergne-Rh\u00f4ne-Alpes (5,2).<\/p>\n<p>La France a franchi la barre des 40 000 morts samedi 7 novembre,\u00a0celle des 50 000 le 24 novembre et celle des 60 000 le 18 d\u00e9cembre.\u00a0<strong>Un pic de mortalit\u00e9 a \u00e9t\u00e9 atteint\u00a0le 7\u00a0novembre <\/strong>(40\u00a0169\u00a0morts).\u00a0<\/p>\n<div style=\"text-align:center\">\n<figure class=\"image\" style=\"display:inline-block\"><a class=\"fancy\" href=\"https:\/\/img-3.journaldesfemmes.fr\/UQjjyeZnhRe3Kl6rlGLBJTEg92g=\/1080x\/smart\/d54f46c16c6c4dd488eb0d16cd40e3a1\/ccmcms-jdf\/21961547.jpg\"><img decoding=\"async\" alt=\"courbe deces covid hopital france\" src=\"https:\/\/img-3.journaldesfemmes.fr\/WTUg4NXjwf70zLXnT1qCoX-W7Rc=\/600x\/smart\/d54f46c16c6c4dd488eb0d16cd40e3a1\/ccmcms-jdf\/21961547.jpg\"\/><\/a><figcaption data-credit=\"Sant\u00e9 Publique France\" data-legend=\"Nombre hebdomadaire de nouveaux d\u00e9c\u00e8s survenus au cours d\u2019une hospitalisation pour COVID-19 selon la date de d\u00e9claration, depuis le 19 mars 2020, France (donn\u00e9es au 24 janvier 2021)\">Nombre hebdomadaire de nouveaux d\u00e9c\u00e8s survenus au cours d\u2019une hospitalisation pour COVID-19 selon la date de d\u00e9claration, depuis le 19 mars 2020, France (donn\u00e9es au 24 janvier 2021) <small>\u00a9\u00a0Sant\u00e9 Publique France<\/small><\/figcaption><\/figure>\n<\/div>\n<p><iframe loading=\"lazy\" height=\"1000\" src=\"https:\/\/mapthenews.maps.arcgis.com\/apps\/opsdashboard\/index.html#\/bae8aaa7a0b14261b4621c31db410c44\" style=\"border: 0px\" width=\"600\"><\/iframe><\/p>\n<p>L&rsquo;incidence est en augmentation sur la semaine du 18 au 24 janvier dans l&rsquo;ensemble des r\u00e9gions m\u00e9tropolitaines, except\u00e9 dans deux r\u00e9gions o\u00f9 les taux se stabilisaient\u00a0: Bourgogne-Franche Comt\u00e9 et Bretagne. Les <strong>taux d&rsquo;hospitalisation \u00e9taient en augmentation<\/strong> dans l&rsquo;ensemble des r\u00e9gions m\u00e9tropolitaines except\u00e9 en Grand Est, Bourgogne-Franche-Comt\u00e9, Auvergne-Rh\u00f4ne-Alpes et Corse. Les taux d&rsquo;admission en r\u00e9animation \u00e9taient en augmentation dans la majorit\u00e9 des r\u00e9gions m\u00e9tropolitaines except\u00e9 en Auvergne-Rh\u00f4ne-Alpes, Bretagne et Corse o\u00f9 les taux se stabilisaient.<\/p>\n<p>\u2192<strong> Sur la semaine 18-24 janvier :<\/strong>\u00a0Les r\u00e9gions les plus touch\u00e9es\u00a0\u00e9taient toujours les r\u00e9gions Provence-Alpes-C\u00f4te d&rsquo;Azur, Bourgogne-Franche-Comt\u00e9, Auvergne-Rh\u00f4ne-Alpes et Grand Est.\u00a0<\/p>\n<p><iframe loading=\"lazy\" height=\"600\" src=\"https:\/\/geodes.santepubliquefrance.fr\/?view=map1&amp;indics=sp_pe_tb_heb.tx_pe_hebdo&amp;serie=2020-S42&amp;f1code=0&amp;lang=fr&amp;iframe=1\" width=\"600\"><\/iframe><\/p>\n<aside id=\"NL_1383363947\" class=\"newsletter_subscription jNlBlock\"><noscript><br \/>\n            <\/noscript><\/p>\n<h3 class=\"newsletter_subscription-title\">Newsletter <\/h3>\n<p><a href=\"\/\/mailing.ccmbg.com\/archive\/last-85\" target=\"_blank\" class=\"a_hover\" rel=\"noopener noreferrer\">Voir un exemple<\/a><\/p>\n<\/aside>\n<p>Au 1er f\u00e9vrier<strong>, 100<\/strong>\u00a0<strong>d\u00e9partements <\/strong>ont un nombre de cas de Covid-19 au-dessus du seuil d&rsquo;alerte de <a href=\"tel:50\/100%20000\">50\/100 000<\/a> habitants et sont en niveau de vuln\u00e9rabilit\u00e9 \u00ab\u00a0\u00e9lev\u00e9\u00a0\u00bb.\u00a0<\/p>\n<div style=\"text-align:center\">\n<figure class=\"image\" style=\"display:inline-block\"><a class=\"fancy\" href=\"https:\/\/img-3.journaldesfemmes.fr\/5bm1S4xHdO2GVEgqrkFLoNe-zs0=\/1080x\/smart\/dce64c0b77c441c6b7b3a3e81e35bc61\/ccmcms-jdf\/21629430.png\"><img decoding=\"async\" alt=\"Niveau de vuln\u00e9rabilit\u00e9 par d\u00e9partement et \u00e9volution, France, au 5 janvier 2021\" src=\"https:\/\/img-3.journaldesfemmes.fr\/9o6-_-Rwl4AmY__mpev2UE6JGCI=\/450x\/smart\/dce64c0b77c441c6b7b3a3e81e35bc61\/ccmcms-jdf\/21629430.png\"\/><\/a><figcaption data-credit=\"Sant\u00e9 publique France\" data-legend=\"Niveau de vuln\u00e9rabilit\u00e9 par d\u00e9partement et \u00e9volution, France, au 17 janvier 2021\">Niveau de vuln\u00e9rabilit\u00e9 par d\u00e9partement et \u00e9volution, France, au 1er f\u00e9vrier 2021 <small>\u00a9\u00a0Sant\u00e9 publique France<\/small><\/figcaption><\/figure>\n<\/div>\n<section>\n<blockquote>\n<p style=\"text-align: right;\">\u00a0<\/p>\n<\/blockquote>\n<p>\uf0b7 L&rsquo;estimation du nombre de reproduction effectif en France m\u00e9tropolitaine est<strong> sup\u00e9rieure \u00e0 1\u00a0de fa\u00e7on significative<\/strong> dans les trois sources de donn\u00e9es pour la 3\u00a0e semaine cons\u00e9cutive, indique Sant\u00e9 Publique France le 28 janvier (<strong>1.09 <\/strong>le 23 janvier). Les taux de reproduction du virus appel\u00e9s \u00ab\u00a0R-effectifs\u00a0\u00bb ou \u00ab\u00a0Reff\u00a0\u00bb\u00a0permettent de d\u00e9crire la dynamique de l&rsquo;\u00e9pid\u00e9mie\u00a0: lorsque le Reff est significativement sup\u00e9rieur \u00e0 1, ceci signifie que l&rsquo;\u00e9pid\u00e9mie est en progression, lorsqu&rsquo;il est \u00e9gal \u00e0 1, l&rsquo;\u00e9pid\u00e9mie se stabilise, lorsqu&rsquo;il est significativement inf\u00e9rieur \u00e0 1, l&rsquo;\u00e9pid\u00e9mie r\u00e9gresse.\u00a0<\/p>\n<p>Le d\u00e9pistage du Covid-19 est r\u00e9alis\u00e9 en France par RT-PCT et par tests antig\u00e9niques. Au 1er f\u00e9vrier, le taux de positivit\u00e9 national s&rsquo;\u00e9tablit \u00e0 6,7<strong>\u00a0%.<\/strong>\u00a0<em>\u00ab\u00a0Il reste d\u00e9terminant que chaque personne pr\u00e9sentant des sympt\u00f4mes \u00e9vocateurs de COVID-19\u00a0s&rsquo;isole imm\u00e9diatement et r\u00e9alise un test diagnostique dans les plus brefs d\u00e9lais\u00a0\u00bb<\/em> rappelle Sant\u00e9 Publique France dans ses bulletins hebdomadaires.<\/p>\n<p>Si au d\u00e9but, on ne parlait que de fi\u00e8vre, toux s\u00e8che, rhume, \u00e9tat grippal et de fatigue, les sympt\u00f4mes de l&rsquo;infection par le coronavirus ont \u00e9volu\u00e9. On sait d\u00e9sormais que le virus peut avoir des <strong>effets sur la peau<\/strong> (urticaire, l\u00e9sions inflammatoires sur les orteils), la sph\u00e8re digestive (vomissements, diarrh\u00e9es&#8230;), <strong>l&rsquo;odorat<\/strong>, le <strong>go\u00fbt <\/strong>et m\u00eame le cerveau.<em> \u00ab\u00a0Sur 100 personnes atteintes du coronavirus, 90 ne vont pas d\u00e9velopper de sympt\u00f4mes\u00a0\u00bb<\/em> avait inform\u00e9 le ministre de la Sant\u00e9 le 5 novembre. La consigne des autorit\u00e9s est inchang\u00e9e :\u00a0chaque personne pr\u00e9sentant des sympt\u00f4mes \u00e9vocateurs de COVID-19 doit s&rsquo;isoler imm\u00e9diatement et r\u00e9aliser un test diagnostique dans les plus brefs d\u00e9lais.<\/p>\n<div class=\"ccminsert\">\n<aside class=\"app_widget_fo app_widget_fo--list app_widget_fo--list-2-col\">\n<ul>\n<li>\n<h3>\n                    <a href=\"https:\/\/sante.journaldesfemmes.fr\/fiches-maladies\/2661241-rhume-ou-covid-19-coronavirus-rhinopharyngite-comment-savoir-symptomes-tableau-difference-test\/\" class=\"jGTMWidgetGAEventClick\" data-gtmwidgetgaeventaction=\"clickWidgetListOnTwoColumns\" data-gtmwidgetgaeventlabel=\"Rhume ou Covid-19\u00a0: diff\u00e9rences, sympt\u00f4mes, comment savoir\u00a0?\"><br \/>\n                        Rhume ou Covid-19\u00a0: diff\u00e9rences, sympt\u00f4mes, comment savoir\u00a0?<br \/>\n                    <\/a><br \/>\n                <\/h3>\n<\/li>\n<li>\n<h3>\n                    <a href=\"https:\/\/sante.journaldesfemmes.fr\/fiches-maladies\/2683439-symptomes-covid-19-coronavirus-boutons-visage-corps-dermatologiques-peau-bras-pieds-engelure\/\" class=\"jGTMWidgetGAEventClick\" data-gtmwidgetgaeventaction=\"clickWidgetListOnTwoColumns\" data-gtmwidgetgaeventlabel=\"Sympt\u00f4mes Covid sur la peau\u00a0: engelures, boutons, quand consulter\u00a0?\"><br \/>\n                        Sympt\u00f4mes Covid sur la peau\u00a0: engelures, boutons, quand consulter\u00a0?<br \/>\n                    <\/a><br \/>\n                <\/h3>\n<\/li>\n<li>\n<h3>\n                    <a href=\"https:\/\/sante.journaldesfemmes.fr\/fiches-maladies\/2630069-coronavirus-covid-19-cerveau-symptomes-sequelles-odorat-effet-lesion-attaque\/\" class=\"jGTMWidgetGAEventClick\" data-gtmwidgetgaeventaction=\"clickWidgetListOnTwoColumns\" data-gtmwidgetgaeventlabel=\"Coronavirus\u00a0et cerveau\u00a0: effets, quels sympt\u00f4mes\u00a0?\"><br \/>\n                        Coronavirus\u00a0et cerveau\u00a0: effets, quels sympt\u00f4mes\u00a0?<br \/>\n                    <\/a><br \/>\n                <\/h3>\n<\/li>\n<li>\n<h3>\n                    <a href=\"https:\/\/sante.journaldesfemmes.fr\/fiches-sante-du-quotidien\/2627657-perte-odorat-anosmie-symptome-covid-19-covidanosmie-duree-rhume-definition-cause-traitement\/\" class=\"jGTMWidgetGAEventClick\" data-gtmwidgetgaeventaction=\"clickWidgetListOnTwoColumns\" data-gtmwidgetgaeventlabel=\"Perte de l'odorat\u00a0(anosmie)\u00a0: sympt\u00f4mes du Covid, dur\u00e9e, r\u00e9\u00e9ducation\"><br \/>\n                        Perte de l&rsquo;odorat\u00a0(anosmie)\u00a0: sympt\u00f4mes du Covid, dur\u00e9e, r\u00e9\u00e9ducation<br \/>\n                    <\/a><br \/>\n                <\/h3>\n<\/li>\n<li>\n<h3>\n                    <a href=\"https:\/\/sante.journaldesfemmes.fr\/fiches-maladies\/2679367-diarrhee-covid-coronavirus-symptome-digestif-intestinaux-duree-que-faire-vomissement-traitement-bebe-jeune\/\" class=\"jGTMWidgetGAEventClick\" data-gtmwidgetgaeventaction=\"clickWidgetListOnTwoColumns\" data-gtmwidgetgaeventlabel=\"Diarrh\u00e9e et Covid-19\u00a0: dur\u00e9e, que faire, un vrai sympt\u00f4me\u00a0?\"><br \/>\n                        Diarrh\u00e9e et Covid-19\u00a0: dur\u00e9e, que faire, un vrai sympt\u00f4me\u00a0?<br \/>\n                    <\/a><br \/>\n                <\/h3>\n<\/li>\n<li>\n<h3>\n                    <a href=\"https:\/\/sante.journaldesfemmes.fr\/fiches-maladies\/2676955-covid-19-ou-gastro-enterite-difference-symptomes-fievre-diarrhee-que-faire-complications\/\" class=\"jGTMWidgetGAEventClick\" data-gtmwidgetgaeventaction=\"clickWidgetListOnTwoColumns\" data-gtmwidgetgaeventlabel=\"Covid-19\u00a0ou gastro-ent\u00e9rite\u00a0: sympt\u00f4mes, quelles diff\u00e9rences\u00a0?\"><br \/>\n                        Covid-19\u00a0ou gastro-ent\u00e9rite\u00a0: sympt\u00f4mes, quelles diff\u00e9rences\u00a0?<br \/>\n                    <\/a><br \/>\n                <\/h3>\n<\/li>\n<li>\n<h3>\n                    <a href=\"https:\/\/sante.journaldesfemmes.fr\/fiches-maladies\/2665621-angine-ou-covid-19-points-communs-symptome-fievre-mal-gorge-test-difference-contagion-qui-consulter\/\" class=\"jGTMWidgetGAEventClick\" data-gtmwidgetgaeventaction=\"clickWidgetListOnTwoColumns\" data-gtmwidgetgaeventlabel=\"Angine ou Covid-19\u00a0: sympt\u00f4mes, diff\u00e9rences, test\"><br \/>\n                        Angine ou Covid-19\u00a0: sympt\u00f4mes, diff\u00e9rences, test<br \/>\n                    <\/a><br \/>\n                <\/h3>\n<\/li>\n<li>\n<h3>\n                    <a href=\"https:\/\/sante.journaldesfemmes.fr\/fiches-maladies\/2626825-coronavirus-allergie-pollen-asthme-symptomes-traitement-recommandation-conseil\/\" class=\"jGTMWidgetGAEventClick\" data-gtmwidgetgaeventaction=\"clickWidgetListOnTwoColumns\" data-gtmwidgetgaeventlabel=\"Coronavirus ou allergie\u00a0: sympt\u00f4mes, conseils pratiques\"><br \/>\n                        Coronavirus ou allergie\u00a0: sympt\u00f4mes, conseils pratiques<br \/>\n                    <\/a><br \/>\n                <\/h3>\n<\/li>\n<li>\n<h3>\n                    <a href=\"https:\/\/sante.journaldesfemmes.fr\/fiches-maladies\/2619471-grippe-ou-covid-19-coronavirus-differences-symptomes-incubation-transmission-vaccin\/\" class=\"jGTMWidgetGAEventClick\" data-gtmwidgetgaeventaction=\"clickWidgetListOnTwoColumns\" data-gtmwidgetgaeventlabel=\"Grippe ou Covid-19\u00a0: sympt\u00f4mes, comment faire la diff\u00e9rence\u00a0?\"><br \/>\n                        Grippe ou Covid-19\u00a0: sympt\u00f4mes, comment faire la diff\u00e9rence\u00a0?<br \/>\n                    <\/a><br \/>\n                <\/h3>\n<\/li>\n<li>\n<h3>\n                    <a href=\"https:\/\/sante.journaldesfemmes.fr\/fiches-maladies\/2644147-symptomes-coronavirus-qui-reviennent-durent-syndrome-post-covid-que-faire\/\" class=\"jGTMWidgetGAEventClick\" data-gtmwidgetgaeventaction=\"clickWidgetListOnTwoColumns\" data-gtmwidgetgaeventlabel=\"Syndrome post-Covid\u00a0: que faire quand les sympt\u00f4mes reviennent\u00a0?\"><br \/>\n                        Syndrome post-Covid\u00a0: que faire quand les sympt\u00f4mes reviennent\u00a0?<br \/>\n                    <\/a><br \/>\n                <\/h3>\n<\/li>\n<\/ul>\n<\/aside>\n<\/div>\n<ul>\n<li><strong>Si vous pr\u00e9sentez des\u00a0sympt\u00f4mes (toux, fi\u00e8vre, mal de t\u00eate) : <\/strong>\u00e9vitez\u00a0les contacts, restez\u00a0\u00e0 domicile, prenez du parac\u00e9tamol si besoin, appelez\u00a0un m\u00e9decin pour prendre rendez-vous dans l&rsquo;\u00e9ventualit\u00e9 qu&rsquo;il vous fasse passer un test de d\u00e9pistage.\u00a0<\/li>\n<li><strong>Appeler le\u00a015 en cas de\u00a0difficult\u00e9s respiratoires : \u00ab\u00a0<\/strong><em>Si cette toux et cette fi\u00e8vre s&rsquo;accompagnent d&rsquo;une g\u00eane respiratoire qui devient permanente avec souffle court, difficult\u00e9 \u00e0 inspirer et \u00e0 expirer, d&rsquo;une aggravation importante de la toux, cela peut signifier une \u00e9volution de la maladie sous la forme d&rsquo;une pneumopathie. Il s&rsquo;agit alors d&rsquo;une urgence respiratoire potentielle et comme dans tous les cas d&rsquo;urgence, il faut alors appeler le 15\u00a0qui prendra les meilleures dispositions pour r\u00e9pondre \u00e0 la situation\u00a0\u00bb, <\/em>pr\u00e9vient le Dr\u00a0Patrick Aub\u00e9, m\u00e9decin g\u00e9n\u00e9raliste. \u00a0<\/li>\n<\/ul>\n<p>La vaccination contre la Covid-19 se poursuit en France avec pr\u00e8s d&rsquo; 1.5\u00a0millions de doses inject\u00e9es le 31\u00a0janvier. La prise de<strong> rendez-vous<\/strong> est ouverte<b> <\/b>sur les sites Internet <strong>Doctolib, Maiia et KelDoc<\/strong> et peut aussi se faire en contactant par t\u00e9l\u00e9phone le <strong>centre de vaccination<\/strong> le plus proche de chez soi (liste disponible sur\u00a0<a href=\"https:\/\/www.sante.fr\/centres-vaccination-covid.html\" target=\"_blank\" rel=\"noopener noreferrer\">Sante.fr<\/a>).<i>\u00a0<\/i>Face au retard de livraisons de Pfizer, certaines r\u00e9gions de France, notamment l&rsquo;Ile-de-France et les Hauts-de-France ont d\u00fb annuler des rendez-vous pour pouvoir administrer la deuxi\u00e8me dose n\u00e9cessaire \u00e0 la vaccination compl\u00e8te des primo-vaccin\u00e9s.<\/p>\n<p>A partir de dimanche 31\u00a0janvier,\u00a0les fronti\u00e8res se ferment aux pays hors UE. Les d\u00e9placements sont interdits sauf motif imp\u00e9rieux.<br \/>Depuis le dimanche 24\u00a0janvier, tous les voyageurs entrant en France et venant d&rsquo;un pays europ\u00e9en doivent pr\u00e9senter avant leur d\u00e9part pour l&rsquo;Hexagone un test PCR n\u00e9gatif de moins de 72\u00a0heures. Depuis le 18 janvier, les voyageurs entrant en France en provenance d&rsquo;un pays hors Union-Europ\u00e9enne doivent\u00a0pr\u00e9senter un test PCR n\u00e9gatif\u00a0 et s&rsquo;isoler pendant 7\u00a0jours une fois arriv\u00e9s en France et faire un 2<sup>e<\/sup>\u00a0test \u00e0 l&rsquo;issue de cette p\u00e9riode. Les personnes n&rsquo;ayant pu r\u00e9aliser un test dans leur pays de d\u00e9part auront la possibilit\u00e9 de se faire tester \u00e0 leur arriv\u00e9e en France et seront contraintes de s&rsquo;isoler 7\u00a0jours dans un lieu d&rsquo;h\u00e9bergement d\u00e9sign\u00e9 par les autorit\u00e9s publiques (Le test n\u00e9gatif est d\u00e9j\u00e0 exig\u00e9 pour les voyageurs venant du Royaume-Uni).<\/p>\n<p><\/p>\n<table border=\"1\" cellpadding=\"1\" cellspacing=\"1\" style=\"width:100%;\">\n<thead>\n<tr>\n<th scope=\"col\" style=\"text-align: center;\"><strong>DATES CL\u00c9S DE L&rsquo;\u00c9PID\u00c9MIE EN FRANCE<\/strong><\/th>\n<\/tr>\n<\/thead>\n<tbody>\n<tr>\n<td>\n<ul>\n<li><strong>31\u00a0d\u00e9cembre 2019,<\/strong> l&rsquo;Organisation mondiale de la Sant\u00e9 en Chine est inform\u00e9e de plusieurs cas de pneumonies dans la ville de Wuhan. 44\u00a0personnes sont infect\u00e9es entre cette date et le 3\u00a0janvier 2020.<\/li>\n<li><strong>7\u00a0janvier 2020, <\/strong>les autorit\u00e9s chinoises identifient un \u00ab\u00a0nouveau type de coronavirus\u00a0\u00bb.<\/li>\n<li><strong>13\u00a0janvier, <\/strong>un cas import\u00e9 est recens\u00e9 en Tha\u00eflande.<\/li>\n<li><strong>15\u00a0janvier<\/strong>, le virus cause\u00a0la mort d&rsquo;<strong>une premi\u00e8re\u00a0personne \u00e0 Wuhan<\/strong>, un homme de 69\u00a0ans.\u00a0<\/li>\n<li><strong>23\u00a0janvier,<\/strong> trois villes chinoises dont Wuhan sont plac\u00e9es en quarantaine.<\/li>\n<li><strong>25\u00a0janvier, trois personnes\u00a0contamin\u00e9es sont recens\u00e9es en France<\/strong>, deux \u00e0 Paris et une Bordeaux. Ce sont les premiers cas enregistr\u00e9s sur le continent europ\u00e9en.<\/li>\n<li><strong>30\u00a0janvier, <\/strong>l&rsquo;Organisation mondiale de la Sant\u00e9 <strong>d\u00e9cr\u00e8te\u00a0l&rsquo;<a href=\"https:\/\/sante.journaldesfemmes.fr\/fiches-maladies\/2608035-urgence-de-sante-publique-de-portee-internationale-definition-oms-coronavirus\/\" target=\"_blank\" rel=\"noopener noreferrer\">urgence de sant\u00e9 mondiale<\/a><\/strong>.\u00a0Cette mesure n&rsquo;avait \u00e9t\u00e9 d\u00e9cr\u00e9t\u00e9e que 5\u00a0fois depuis sa cr\u00e9ation (pour Ebola (deux fois), la grippe H1N1, Zika et la poliomy\u00e9lite).\u00a0<\/li>\n<li><strong>23\u00a0f\u00e9vrier, <\/strong>la France d\u00e9clenche le <a href=\"https:\/\/sante.journaldesfemmes.fr\/fiches-maladies\/2622449-plan-orsan-reb-definition-signification-qui-declenche-coronavirus-definition-duree\/\" target=\"_blank\" rel=\"noopener noreferrer\">plan ORSAN<\/a>, un dispositif exceptionnel d&rsquo;organisation des soins.<\/li>\n<li><strong>28\u00a0f\u00e9vrier,<\/strong> la France passe en stade 2\u00a0de l&rsquo;\u00e9pid\u00e9mie.<\/li>\n<li><strong>11\u00a0mars, <\/strong>l&rsquo;OMS classifie de <strong>pand\u00e9mie <\/strong>la diffusion de la maladie \u00e0 coronavirus Covid-19\u00a0dans le monde.<\/li>\n<li><strong>12\u00a0mars<\/strong>, le pr\u00e9sident de la R\u00e9publique Emmanuel Macron annonce la fermeture nationale des cr\u00e8ches et \u00e9tablissements scolaires de France \u00e0 compter du 16\u00a0mars et \u00ab\u00a0jusqu&rsquo;\u00e0 nouvel ordre\u00a0\u00bb.<\/li>\n<li><strong>14\u00a0mars<\/strong>, la France passe au <a href=\"https:\/\/sante.journaldesfemmes.fr\/fiches-maladies\/2625289-coronavirus-covid-19-stade-1-2-3-4-duree-mesure-france-signification-quand\/\" target=\"_blank\" rel=\"noopener noreferrer\"><strong>stade 3 <\/strong><\/a>de l&rsquo;\u00e9pid\u00e9mie.<\/li>\n<li><strong>16\u00a0mars\u00a0:<\/strong>\u00a0la France met en place un dispositif de confinement interdisant les d\u00e9placements.<\/li>\n<li><strong>18\u00a0mars<\/strong> le premier transfert de patients Covid-19\u00a0en France est r\u00e9alis\u00e9\u00a0gr\u00e2ce \u00e0 l&rsquo;Arm\u00e9e, par voie terrestre et a\u00e9rienne.\u00a0<\/li>\n<li><strong>26\u00a0mars<\/strong>, un premier cas jeune meurt en France, une adolescente de 16\u00a0ans, en Ile-de-France originaire de Morsang-sur-Orge.<\/li>\n<li><strong>27\u00a0mars,<\/strong> le confinement de la population fran\u00e7aise est renouvel\u00e9 jusqu&rsquo;au 15\u00a0avril.<\/li>\n<li><strong>13\u00a0avril,<\/strong> Emmanuel Macron annonce le prolongement du confinement jusqu&rsquo;au 11\u00a0mai.<\/li>\n<li><strong>11\u00a0mai, <\/strong>la France commence son d\u00e9confinement.<\/li>\n<li><strong>\u00a015\u00a0juin<\/strong>, toute la France passe en zone verte, sauf Mayotte et la Guyane. \u00c0\u00a0Paris, les restaurants et bars peuvent rouvrir compl\u00e8tement.<\/li>\n<li><strong>22\u00a0juin, <\/strong>les \u00e9coles sont de nouveaux obligatoires en France pour tous les \u00e9l\u00e8ves. Les cin\u00e9mas, salles de jeux, casinos rouvrent. Les sports collectifs peuvent \u00eatre autoris\u00e9s tout en respectant certaines conditions sanitaires.<\/li>\n<li><strong>10\u00a0juillet<\/strong>, la <strong>France <\/strong>a franchi la barre des 30\u00a0000\u00a0morts. Dans la nuit du 10\u00a0au 11\u00a0juillet \u00e0 minuit, l&rsquo;\u00e9tat d&rsquo;urgence sanitaire prend fin en France.<\/li>\n<li><strong>\u00a020\u00a0juillet,<\/strong>\u00a0le <strong>port du masque est obligatoire <\/strong>dans les lieux publics clos en France.<\/li>\n<li><strong>8 octobre, <\/strong>le<strong> plan blanc est r\u00e9activ\u00e9 <\/strong>dans les h\u00f4pitaux d&rsquo;Ile-de-France.<\/li>\n<li><strong>17 octobre \u00e0 0h01<\/strong>, la France repasse en \u00e9tat d&rsquo;urgence sanitaire et un <strong>couvre-feu <\/strong>est instaur\u00e9 dans 9 territoires\u00a0(Paris-Ile-de-France, Rouen, Grenoble, Lille, Lyon, Aix-Marseille, Montpellier, Saint-Etienne, Toulouse).<\/li>\n<li><strong>24 octobre \u00e0 0h01 :<\/strong> extension des mesures de couvre-feu \u00e0 38 nouveaux d\u00e9partements fran\u00e7ais.<\/li>\n<li><strong>29 octobre \u00e0 0h01<\/strong> : reconfinement national pour 4 semaines, jusqu&rsquo;au 1er d\u00e9cembre au minimum.<\/li>\n<li><strong>28 novembre : <\/strong>premi\u00e8re \u00e9tape d&rsquo;all\u00e8gement du confinement avec la r\u00e9ouverture des commerces non essentiels.<\/li>\n<li><strong>15 d\u00e9cembre : <\/strong>seconde \u00e9tape\u00a0d&rsquo;all\u00e8gement du confinement avec le passage \u00e0 un couvre-feu de 20 heures \u00e0 6 heures du matin.<\/li>\n<li><strong>31 d\u00e9cembre<\/strong> : couvre-feu impos\u00e9 le soir du 31 d\u00e9cembre, de 20 heures \u00e0 6 heures du matin.<\/li>\n<li><strong>21 d\u00e9cembre<\/strong> : autorisation du vaccin Pfizer en Europe.<\/li>\n<li><strong>24 d\u00e9cembre<\/strong> : autorisation du vaccin Pfizer BioNTech en France.<\/li>\n<li><strong>27 d\u00e9cembre :<\/strong> d\u00e9but de la vaccination en France et dans l&rsquo;Union europ\u00e9enne avec le vaccin Pfizer BioNTech.<\/li>\n<li><strong>8 janvier 2021<\/strong> :\u00a0autorisation du vaccin Moderna en France.<\/li>\n<li><strong>24 janvier 2021<\/strong> : un test PCR n\u00e9gatif est obligatoire pour rentrer en France par avion pour les voyageurs venant d&rsquo;un pays europ\u00e9en (sauf pour les travailleurs transfrontaliers et le transport terrestre).<\/li>\n<li><strong>31 janvier 2021<\/strong> : fermeture des fronti\u00e8res en France aux pays ext\u00e9rieurs \u00e0 l&rsquo;Union europ\u00e9enne<\/li>\n<li><strong>2 f\u00e9vrier 2021<\/strong> :\u00a0autorisation du vaccin de l&rsquo;Universit\u00e9 d&rsquo;Oxford et AstraZeneca en France, uniquement sur les personnes \u00e2g\u00e9es de moins de 65\u00a0ans.<\/li>\n<\/ul>\n<\/td>\n<\/tr>\n<\/tbody>\n<\/table>\n<p><em>Cet article est mis \u00e0 jour quotidiennement par <a href=\"https:\/\/www.journaldesfemmes.fr\/account\/ablaize-11409696\" target=\"_blank\" rel=\"noopener noreferrer\">Aur\u00e9lie Blaize<\/a>, <a href=\"https:\/\/www.journaldesfemmes.fr\/account\/anaisthiebaux-10573564\" target=\"_blank\" rel=\"noopener noreferrer\">Ana\u00efs Thi\u00e9baux<\/a> et <a href=\"https:\/\/www.journaldesfemmes.fr\/account\/samanthapages-11598093\" target=\"_blank\" rel=\"noopener noreferrer\">Samantha Pag\u00e8s<\/a>.\u00a0<\/em><\/p>\n<\/section>\n<\/div>\n<p>[ad_2]<br \/>\n<br \/><a href=\"https:\/\/sante.journaldesfemmes.fr\/fiches-maladies\/2605417-covid-19-france-coronavirus-direct-nombre-nouveaux-cas-deces-chiffres-du-jour-bilan-evolution\/\">Source link <\/a><\/p>\n","protected":false},"excerpt":{"rendered":"<p>[ad_1] CORONAVIRUS DIRECT &#8211; Le variant anglais fait progresser le nombre des hospitalisations en France. 155\u00a0nouvelles hospitalisations et 404\u00a0d\u00e9c\u00e8s ont &hellip; <a href=\"http:\/\/www.affinite.fr\/index.php\/2021\/02\/02\/chiffres-en-hausse-vaccin-astrazeneca-autorise\/\" class=\"more-link\">Plus <span class=\"screen-reader-text\">chiffres en hausse, vaccin AstraZeneca autoris\u00e9<\/span> <span class=\"meta-nav\">&rarr;<\/span><\/a><\/p>\n","protected":false},"author":1,"featured_media":5887,"comment_status":"open","ping_status":"open","sticky":false,"template":"","format":"standard","meta":{"_sitemap_exclude":false,"_sitemap_priority":"","_sitemap_frequency":"","footnotes":""},"categories":[1],"tags":[],"class_list":["post-5886","post","type-post","status-publish","format-standard","has-post-thumbnail","hentry","category-tous"],"_links":{"self":[{"href":"http:\/\/www.affinite.fr\/index.php\/wp-json\/wp\/v2\/posts\/5886"}],"collection":[{"href":"http:\/\/www.affinite.fr\/index.php\/wp-json\/wp\/v2\/posts"}],"about":[{"href":"http:\/\/www.affinite.fr\/index.php\/wp-json\/wp\/v2\/types\/post"}],"author":[{"embeddable":true,"href":"http:\/\/www.affinite.fr\/index.php\/wp-json\/wp\/v2\/users\/1"}],"replies":[{"embeddable":true,"href":"http:\/\/www.affinite.fr\/index.php\/wp-json\/wp\/v2\/comments?post=5886"}],"version-history":[{"count":0,"href":"http:\/\/www.affinite.fr\/index.php\/wp-json\/wp\/v2\/posts\/5886\/revisions"}],"wp:featuredmedia":[{"embeddable":true,"href":"http:\/\/www.affinite.fr\/index.php\/wp-json\/wp\/v2\/media\/5887"}],"wp:attachment":[{"href":"http:\/\/www.affinite.fr\/index.php\/wp-json\/wp\/v2\/media?parent=5886"}],"wp:term":[{"taxonomy":"category","embeddable":true,"href":"http:\/\/www.affinite.fr\/index.php\/wp-json\/wp\/v2\/categories?post=5886"},{"taxonomy":"post_tag","embeddable":true,"href":"http:\/\/www.affinite.fr\/index.php\/wp-json\/wp\/v2\/tags?post=5886"}],"curies":[{"name":"wp","href":"https:\/\/api.w.org\/{rel}","templated":true}]}}