{"id":5878,"date":"2021-02-01T02:20:44","date_gmt":"2021-02-01T02:20:44","guid":{"rendered":"https:\/\/www.affinite.fr\/index.php\/2021\/02\/01\/le-doudou-quand-kad-et-olivier-jouent-en-famille-actus-cine\/"},"modified":"2021-02-01T02:20:44","modified_gmt":"2021-02-01T02:20:44","slug":"le-doudou-quand-kad-et-olivier-jouent-en-famille-actus-cine","status":"publish","type":"post","link":"http:\/\/www.affinite.fr\/index.php\/2021\/02\/01\/le-doudou-quand-kad-et-olivier-jouent-en-famille-actus-cine\/","title":{"rendered":"Le Doudou : quand Kad et Olivier jouent en famille ! &#8211; Actus Cin\u00e9"},"content":{"rendered":"<p> [ad_1]<br \/>\n<\/p>\n<div id=\"article-container\">\n<p class=\"article-lead\">Le long m\u00e9trage \u00ab\u00a0Le Doudou\u00a0\u00bb, diffus\u00e9 ce dimanche soir sur TF1, est une com\u00e9die particuli\u00e8re pour Kad Merad et Olivier Baroux. Elle a en effet permis au premier de donner la r\u00e9plique a sa compagne et au second de partager l&rsquo;affiche avec sa fille.<\/p>\n<div id=\"article-content\">\n<figure class=\"player player-auto-play js-player\" data-model=\"{&quot;context&quot;:&quot;newspage_news&quot;,&quot;launch&quot;:&quot;auto-play&quot;,&quot;followScroll&quot;:true,&quot;editorialContent&quot;:&quot;18696417-le_doudou_quand_kad_et_olivier_jouent_en_famille&quot;,&quot;endScreen&quot;:true,&quot;disableAutoPause&quot;:true,&quot;videos&quot;:[{&quot;id&quot;:19578170,&quot;sources&quot;:{&quot;medium&quot;:&quot;\/\/fr.vid.web.acsta.net\/nmedia\/33\/18\/05\/23\/14\/19578170_sd_013.mp4&quot;,&quot;high&quot;:&quot;\/\/fr.vid.web.acsta.net\/nmedia\/33\/18\/05\/23\/14\/19578170_hd_013.mp4&quot;},&quot;image&quot;:&quot;\/videothumbnails\/18\/04\/27\/15\/15\/3546989.jpg&quot;,&quot;title&quot;:&quot;Le Doudou Bande-annonce VF&quot;,&quot;trackingIdentifier&quot;:&quot;19578170-le_doudou_bande_annonce_vf&quot;,&quot;embedUrl&quot;:&quot;ACraHRACr0cHM6Ly9wbGF5ZXIuYWxsb2NpbmUuZnIvMTk1NzgxNzAuaHRtbA==&quot;,&quot;id_type&quot;:31003,&quot;file_type&quot;:&quot;trailer&quot;,&quot;description&quot;:&quot;Le Doudou Bande-annonce VF&quot;,&quot;duration&quot;:93,&quot;view_count&quot;:333108,&quot;added_at&quot;:{&quot;date&quot;:&quot;2018-04-30 05:00:00.000000&quot;,&quot;timezone_type&quot;:3,&quot;timezone&quot;:&quot;Europe\/Paris&quot;},&quot;metas&quot;:{&quot;genre_main_movie&quot;:[{&quot;name&quot;:&quot;Comu00e9die&quot;,&quot;id&quot;:&quot;13005&quot;}],&quot;id_main_movie&quot;:250744,&quot;image_main_movie&quot;:&quot;\/pictures\/18\/04\/27\/14\/01\/4093568.jpg&quot;,&quot;localized_file_type&quot;:&quot;trailer&quot;,&quot;main_movie_type&quot;:4002,&quot;name_main_movie&quot;:&quot;Le Doudou&quot;,&quot;nb_days_release_main_movie&quot;:-957,&quot;release_date_main_movie&quot;:{&quot;date&quot;:&quot;2018-06-20 00:00:00.000000&quot;,&quot;timezone_type&quot;:3,&quot;timezone&quot;:&quot;Europe\/Paris&quot;},&quot;release_status_movie&quot;:&quot;Sortie en salle&quot;,&quot;trans_file_type&quot;:&quot;Bande-annonce&quot;},&quot;relatedEntityDistributor&quot;:&quot;Pathu00e9&quot;,&quot;relatedEntityDistributorId&quot;:109,&quot;relatedEntityType&quot;:&quot;movie&quot;,&quot;relatedEntityTrackingIdentifier&quot;:&quot;250744-le_doudou&quot;,&quot;relatedEntityTitle&quot;:&quot;Le Doudou&quot;,&quot;relatedEntityId&quot;:250744,&quot;genres&quot;:[{&quot;id&quot;:&quot;13005&quot;,&quot;name&quot;:&quot;Comu00e9die&quot;}],&quot;relatedEntityUrl&quot;:&quot;ACraHRACr0cHM6Ly93d3cuYWxsb2NpbmUuZnIvZmlsbS9maWNoZWZpbG1fZ2VuX2NmaWxtPTI1MDc0NC5odG1s&quot;,&quot;mediaUrl&quot;:&quot;ACraHRACr0cHM6Ly93d3cuYWxsb2NpbmUuZnIvdmlkZW8vcGxheWVyX2dlbl9jbWVkaWE9MTk1NzgxNzAmY2ZpbG09MjUwNzQ0Lmh0bWw=&quot;}],&quot;disablePreroll&quot;:false,&quot;disablePostroll&quot;:false}\" data-thumb=\"https:\/\/fr.web.img5.acsta.net\/r_640_360\/videothumbnails\/18\/04\/27\/15\/15\/3546989.jpg\">\n<\/figure>\n<p>    Le long m\u00e9trage <a title=\"Le Doudou (France) - 2017 (Com\u00e9die)\" href=\"http:\/\/www.allocine.fr\/film\/fichefilm_gen_cfilm=250744.html\">Le Doudou<\/a>\u00a0est une v\u00e9ritable histoire de famille pour <a title=\"Kad Merad (France,Alg\u00e9rie) (Acteur,Sc\u00e9nariste,R\u00e9alisateur)\" href=\"http:\/\/www.allocine.fr\/personne\/fichepersonne_gen_cpersonne=38439.html\">Kad Merad<\/a>\u00a0et son complice <a title=\"Olivier Baroux (France) (Acteur,Sc\u00e9nariste,R\u00e9alisateur)\" href=\"http:\/\/www.allocine.fr\/personne\/fichepersonne_gen_cpersonne=38440.html\">Olivier Baroux<\/a>. La com\u00e9die diffus\u00e9e ce dimanche soir sur TF1 a en effet offert l&rsquo;occasion au premier de donner une nouvelle fois la r\u00e9plique \u00e0 sa compagne, l&rsquo;animatrice t\u00e9l\u00e9\u00a0<a title=\"Julia Vignali (France) (Acteur)\" href=\"http:\/\/www.allocine.fr\/personne\/fichepersonne_gen_cpersonne=236857.html\">Julia Vignali<\/a>, alors que le second s&rsquo;est vu offrir l&rsquo;opportunit\u00e9 de c\u00f4toyer sa fille <a title=\"Enya Baroux (France) (Acteur,R\u00e9alisateur)\" href=\"http:\/\/www.allocine.fr\/personne\/fichepersonne_gen_cpersonne=839973.html\">Enya<\/a>.<\/p>\n<p>C&rsquo;est la troisi\u00e8me fois que Julia Vignali appara\u00eet au g\u00e9n\u00e9rique d&rsquo;un film de son compagnon, des exp\u00e9riences qui se sont toutes d\u00e9roul\u00e9es en 2018. Dans la com\u00e9die\u00a0<a title=\"Brillantissime (France) - 2017 (Com\u00e9die)\" href=\"http:\/\/www.allocine.fr\/film\/fichefilm_gen_cfilm=193960.html\">Brillantissime<\/a>\u00a0de <a title=\"Mich\u00e8le Laroque (France) (Acteur,Sc\u00e9nariste,Producteur)\" href=\"http:\/\/www.allocine.fr\/personne\/fichepersonne_gen_cpersonne=17246.html\">Mich\u00e8le Laroque<\/a>, elle\u00a0incarnait une <span>gyn\u00e9cologue,\u00a0<\/span>alors que dans <a title=\"La Ch\u2019tite famille (France) - 2018 (Com\u00e9die)\" href=\"http:\/\/www.allocine.fr\/film\/fichefilm_gen_cfilm=235236.html\">La Ch&rsquo;tite famille<\/a>\u00a0de <a title=\"Dany Boon (France) (Acteur,R\u00e9alisateur,Sc\u00e9nariste)\" href=\"http:\/\/www.allocine.fr\/personne\/fichepersonne_gen_cpersonne=37979.html\">Dany Boon<\/a>, elle formait d\u00e9j\u00e0 un couple avec Kad.<span><br \/><\/span><\/p>\n<p>Dans Le Doudou, la jeune Enya Baroux incarne le personnage de Marie-Christine. C&rsquo;est la seconde fois qu&rsquo;elle partage l&rsquo;affiche avec son p\u00e8re Olivier, quelques ann\u00e9es apr\u00e8s un petit r\u00f4le dans\u00a0<a title=\"Mais qui a re-tu\u00e9 Pamela Rose ? (France) - 2012 (Com\u00e9die)\" href=\"http:\/\/www.allocine.fr\/film\/fichefilm_gen_cfilm=182990.html\">Mais qui a re-tu\u00e9 Pamela Rose ?<\/a>.<\/p>\n<p>Celle qui a d\u00e9j\u00e0 sign\u00e9 quatre courts m\u00e9trages r\u00e9alisera prochainement son premier long, qui marquera une nouvelle collaboration avec son papa. Enfin, presque ! Certes, la com\u00e9die mettra en sc\u00e8ne son p\u00e8re, mais ce dernier sera incarn\u00e9 par&#8230; Kad Merad !<\/p>\n<p><strong>Le Doudou : saurez-vous recpnna\u00eetre ces c\u00e9l\u00e8bres peluches de cin\u00e9ma ?\u00a0[QUIZ]<\/strong><\/p>\n<figure class=\"slideshow-start-screen\"><img decoding=\"async\" class=\"slideshow-start-screen-img\" src=\"data:image\/gif;base64,R0lGODlhAQABAIAAAAAAAAAAACH5BAEAAAAALAAAAAABAAEAAAICRAEAOw==\" data-src=\"http:\/\/medialib.allocine.net\/c_320_320\/newsv7\/18\/06\/22\/15\/15\/11593470.jpg\" alt=\"\"\/><a href=\"http:\/\/www.allocine.fr\/diaporamas\/cinema\/diaporama-18673841\/\" class=\"slideshow-start-screen-icon\"><\/p>\n<p>Voir le diaporama<\/p>\n<p>    <\/a><figcaption class=\"slideshow-start-caption\">\n<p>Diaporama<\/p>\n<p>Le Doudou : saurez-vous reconna\u00eetre ces c\u00e9l\u00e8bres peluches de cin\u00e9ma ? [QUIZZ]<\/p>\n<p>28 photos<\/p>\n<\/figcaption><\/figure>\n<\/div><\/div>\n<p>[ad_2]<br \/>\n<br \/><a href=\"http:\/\/rss.allocine.fr\/~r\/ac\/actualites\/~3\/UTrVvT8L7h8\/fichearticle_gen_carticle=18696417.html\">Source link <\/a><\/p>\n","protected":false},"excerpt":{"rendered":"<p>[ad_1] Le long m\u00e9trage \u00ab\u00a0Le Doudou\u00a0\u00bb, diffus\u00e9 ce dimanche soir sur TF1, est une com\u00e9die particuli\u00e8re pour Kad Merad et &hellip; <a href=\"http:\/\/www.affinite.fr\/index.php\/2021\/02\/01\/le-doudou-quand-kad-et-olivier-jouent-en-famille-actus-cine\/\" class=\"more-link\">Plus <span class=\"screen-reader-text\">Le Doudou : quand Kad et Olivier jouent en famille ! &#8211; Actus Cin\u00e9<\/span> <span class=\"meta-nav\">&rarr;<\/span><\/a><\/p>\n","protected":false},"author":1,"featured_media":5879,"comment_status":"open","ping_status":"open","sticky":false,"template":"","format":"standard","meta":{"_sitemap_exclude":false,"_sitemap_priority":"","_sitemap_frequency":"","footnotes":""},"categories":[1],"tags":[],"class_list":["post-5878","post","type-post","status-publish","format-standard","has-post-thumbnail","hentry","category-tous"],"_links":{"self":[{"href":"http:\/\/www.affinite.fr\/index.php\/wp-json\/wp\/v2\/posts\/5878"}],"collection":[{"href":"http:\/\/www.affinite.fr\/index.php\/wp-json\/wp\/v2\/posts"}],"about":[{"href":"http:\/\/www.affinite.fr\/index.php\/wp-json\/wp\/v2\/types\/post"}],"author":[{"embeddable":true,"href":"http:\/\/www.affinite.fr\/index.php\/wp-json\/wp\/v2\/users\/1"}],"replies":[{"embeddable":true,"href":"http:\/\/www.affinite.fr\/index.php\/wp-json\/wp\/v2\/comments?post=5878"}],"version-history":[{"count":0,"href":"http:\/\/www.affinite.fr\/index.php\/wp-json\/wp\/v2\/posts\/5878\/revisions"}],"wp:featuredmedia":[{"embeddable":true,"href":"http:\/\/www.affinite.fr\/index.php\/wp-json\/wp\/v2\/media\/5879"}],"wp:attachment":[{"href":"http:\/\/www.affinite.fr\/index.php\/wp-json\/wp\/v2\/media?parent=5878"}],"wp:term":[{"taxonomy":"category","embeddable":true,"href":"http:\/\/www.affinite.fr\/index.php\/wp-json\/wp\/v2\/categories?post=5878"},{"taxonomy":"post_tag","embeddable":true,"href":"http:\/\/www.affinite.fr\/index.php\/wp-json\/wp\/v2\/tags?post=5878"}],"curies":[{"name":"wp","href":"https:\/\/api.w.org\/{rel}","templated":true}]}}