{"id":5876,"date":"2021-01-31T23:48:44","date_gmt":"2021-01-31T23:48:44","guid":{"rendered":"https:\/\/www.affinite.fr\/index.php\/2021\/01\/31\/veau-mijote-epice-aux-pruneaux-et-poireaux\/"},"modified":"2021-01-31T23:48:44","modified_gmt":"2021-01-31T23:48:44","slug":"veau-mijote-epice-aux-pruneaux-et-poireaux","status":"publish","type":"post","link":"http:\/\/www.affinite.fr\/index.php\/2021\/01\/31\/veau-mijote-epice-aux-pruneaux-et-poireaux\/","title":{"rendered":"Veau mijot\u00e9 \u00e9pic\u00e9 aux pruneaux et poireaux"},"content":{"rendered":"<p> [ad_1]<br \/>\n<\/p>\n<div>\n<p><a class=\"asset-img-link\" href=\"https:\/\/scally.typepad.com\/.a\/6a00d8341c676f53ef02788011bbb3200d-pi\" style=\"display: inline;\"><img decoding=\"async\" alt=\"Veau mijote aux \u00e9pices pruneaux et poireaux ottolengui\" border=\"0\" class=\"asset  asset-image at-xid-6a00d8341c676f53ef02788011bbb3200d image-full img-responsive\" src=\"https:\/\/scally.typepad.com\/.a\/6a00d8341c676f53ef02788011bbb3200d-800wi\" style=\"display: block; margin-left: auto; margin-right: auto;\" title=\"Veau mijote aux \u00e9pices pruneaux et poireaux ottolengui\"\/><\/a><\/p>\n<p>J\u2019aime beaucoup pr\u00e9parer des plats mijot\u00e9s pour profiter de la compagnie de nos invit\u00e9s, m\u00eame s&rsquo;ils se font beaucoup trop rares en ce moment, Covid oblige. Les cuissons minute, c\u2019est juste quand nous sommes seuls.<br \/>Mais voil\u00e0 qu\u2019au fil des ann\u00e9es, j\u2019ai \u00e9puis\u00e9 mon r\u00e9pertoire avec nos amis de longue date.<\/p>\n<p>Je me suis replong\u00e9e avec d\u00e9lice dans le <a href=\"https:\/\/amzn.to\/36rDObe\" rel=\"noopener noreferrer\" target=\"_blank\">livre J\u00e9rusalem<\/a> que j\u2019ai depuis 7 ans. Il a \u00e9t\u00e9 co\u00e9crit par Sami Tamimi et Yotam Ottolengui qui ont tous les deux v\u00e9cu leur enfance \u00e0 J\u00e9rusalem, le premier dans la partie palestinienne et le second dans la partie isra\u00e9lienne. La parcourir, c\u2019est la sensation de <a href=\"http:\/\/www.affinite.fr\/index.php\/2023\/07\/29\/changer-de-vie-voyager-complement-de-retraite-devenez-vendeur-de-glace-a-litalienne\/\">voyager<\/a>, de sentir les parfums de cette cuisine levantine comme on l\u2019appelle de plus en plus. Je vous le conseille vivement, il regorge de mille et une id\u00e9es.<\/p>\n<p>J\u2019ai jet\u00e9 mon d\u00e9volu sur ce plat mijot\u00e9 \u00e0 base de veau. Jamais je n\u2019aurais pens\u00e9 \u00e0 ajouter des poireaux dans ce type de plat et \u00e7a fonctionne \u00e0 merveille.<\/p>\n<p>La recette commence comme pour un <a href=\"https:\/\/scally.typepad.com\/cest_moi_qui_lai_fait\/2007\/11\/osso-bucco-la-m.html\" rel=\"noopener noreferrer\" target=\"_blank\">Osso Bucco<\/a> mais l&rsquo;ajout des \u00e9pices puis la seconde cuisson avec les poireaux en fait quelque chose de tr\u00e8s diff\u00e9rent. Un plat chaleureux, parfum\u00e9 comme je les aime. Nous nous sommes r\u00e9gal\u00e9s et comme promis que <a href=\"https:\/\/www.instagram.com\/pascale_weeks\/?hl=fr\" rel=\"noopener noreferrer\" target=\"_blank\">mon compte Instagram<\/a> voil\u00e0 la recette.<\/p>\n<p><span style=\"text-decoration: underline;\"><strong>Veau mijot\u00e9 \u00e9pic\u00e9 aux pruneaux et poireaux<\/strong><\/span><\/p>\n<p><em><strong>Pour 4 personnes assez gourmandes<\/strong><\/em><\/p>\n<p><strong>Pour le plat<\/strong><\/p>\n<ul>\n<li>6 a 7 rouelles de jarret de veau (les m\u00eame morceaux que pour pr\u00e9parer un osso bucco)<\/li>\n<p>&#13;<\/p>\n<li>2 oignons<\/li>\n<p>&#13;<\/p>\n<li>2 gousses d\u2019ail<\/li>\n<p>&#13;<\/p>\n<li>10 cl de vin blanc sec<\/li>\n<p>&#13;<\/p>\n<li>1 bo\u00eete de pulpe de tomate (400 g)<\/li>\n<p>&#13;<\/p>\n<li>Le zeste d\u20191 orange bio<\/li>\n<p>&#13;<\/p>\n<li>2 \u00e9toiles de badiane<\/li>\n<p>&#13;<\/p>\n<li>1 b\u00e2ton de cannelle<\/li>\n<p>&#13;<\/p>\n<li>\u00bd c. \u00e0 caf\u00e9 de \u201c4 \u00e9pices\u201d<\/li>\n<p>&#13;<\/p>\n<li>2 feuilles de laurier<\/li>\n<p>&#13;<\/p>\n<li>5 branches de thym<\/li>\n<p>&#13;<\/p>\n<li>14 cl de bouillon de l\u00e9gumes<\/li>\n<p>&#13;<\/p>\n<li>5 blancs de poireaux<\/li>\n<p>&#13;<\/p>\n<li>200 g de pruneaux d\u00e9noyaut\u00e9s<\/li>\n<p>&#13;<\/p>\n<li>Huile de tournesol<\/li>\n<p>&#13;<\/p>\n<li>Sel et poivre du moulin<\/li>\n<p>&#13;\n<\/ul>\n<p><strong>Pour servir\u00a0<\/strong><\/p>\n<ul>\n<li>Le zeste d\u20191 citron bio<\/li>\n<p>&#13;<\/p>\n<li>Le zeste d\u20191 orange bio<\/li>\n<p>&#13;<\/p>\n<li>2 gousses d\u2019ail<\/li>\n<p>&#13;<\/p>\n<li>\u00bd bouquet de persil plat<\/li>\n<p>&#13;<\/p>\n<li>100 g de yaourt grec<\/li>\n<p>&#13;\n<\/ul>\n<p><em><strong>Comment faire ?<\/strong><\/em><\/p>\n<p>Sortez la viande 1 heure avant le d\u00e9but de la cuisson et salez-la.<br \/>Pelez puis ciselez les oignons, pelez les 2 gousses d\u2019ail, r\u00e2pez-les ou pressez-les.<br \/>Faites revenir la viande sur feu vif 2 minutes de chaque c\u00f4t\u00e9 dans une cocotte avec de l\u2019huile (proc\u00e9dez en deux fois pour que la viande soit sur une seule couche).<br \/>Retirez la viande, essuyez la cocotte avec du papier absorbant, ajoutez un peu d\u2019huile, les oignons et faites-les revenir 8 minutes sur feu moyen. Ils doivent \u00eatre tendres et dor\u00e9s. Ajoutez l\u2019ail, m\u00e9langez et faites revenir 30 secondes.<br \/>Ajoutez le vin et laissez r\u00e9duire.<br \/>Quand il ne reste presque plus de liquide, ajoutez la pulpe de tomates, la moiti\u00e9 du bouillon, les \u00e9pices, le laurier, le thym, le zeste d\u2019orange, les \u00e9pices, un peu de sel et m\u00e9langez. <br \/>Portez \u00e0 \u00e9bullition, remettez la viande, la moiti\u00e9 du bouillon (7cl) et m\u00e9langez bien pour bien enrober la viande de sauce.<br \/>Fermez la cocotte puis enfournez \u00e0 180\u00b0C pendant 2 heures \u00e0 2 heures 30 minutes. La viande doit se d\u00e9tacher des os. V\u00e9rifiez la cuisson \u00e0 mi- point.<\/p>\n<p><strong>Pour cette \u00e9tape, vous pouvez utiliser une mijoteuse en ne mettant que 3 cl de bouillon.<\/strong><\/p>\n<p>Pendant ce temps, lavez les blancs de poireaux puis coupez-les en tron\u00e7ons d\u20191,5 cm.<br \/>Coupez les pruneaux en deux dans le sens de la longueur.<\/p>\n<p>Sortez la cocotte du four, mettez la viande sur une assiette et profitez-en pour retirer les \u00e9pices en morceaux (cannelle et badiane), le laurier et le thym.<br \/>Laissez la viande ti\u00e9dir, retirez les os puis coupez la viande en d\u00e9s de 2,5 cm environ.\u00a0<br \/>Retirez la moelle et ajoutez-la dans la cocotte avec la viande coup\u00e9e.<\/p>\n<p>Dans une po\u00eale, faites chauffer 2 cuill\u00e8re \u00e0 soupe d\u2019huile et faites revenir les blancs de poireaux \u00e0 feu moyen pendant 5 minutes. Versez-les dans la cocotte, ajoutez les pruneaux, le reste du bouillon (7 cl), m\u00e9langez, couvrez puis enfournez \u00e0 nouveau pendant 1 heure.<\/p>\n<p>Poivrez le plat, go\u00fbtez la sauce et rectifiez l&rsquo;assaisonnement. Si la sauce est trop liquide, poursuivez la cuisson sur le feu, sans couvercle pour faire r\u00e9duire la sauce.<br \/>Dans un bol, m\u00e9langez 2 gousses d\u2019ail pel\u00e9es et r\u00e2p\u00e9es ou press\u00e9es, les zestes d\u2019agrumes et le persil plat cisel\u00e9. Ce condiment se rapproche de la gremolata servie habituellement avec un osso bucco.<\/p>\n<p>Servez la viande avec la gremolata, le yaourt grec et une c\u00e9r\u00e9ale, comme du petit \u00e9peautre ou du boulgour. A la maison nous l\u2019avons servi dans un premier temps avec du petit \u00e9peautre et nous avons mang\u00e9 les restes avec un produit que j\u2019aime beaucoup : la semoule d&rsquo;\u00e9peautre aux raisins secs et \u00e9pices de chez <a href=\"https:\/\/maisondesmelanges.com\/collections\/tous-nos-produits\/products\/beendi-semoule-depeautre-aux-raisins-secs-et-epices\" rel=\"noopener noreferrer\" target=\"_blank\">Beendi<\/a> que j\u2019ach\u00e8te en vrac dans une boutique bio \u00e0 c\u00f4t\u00e9 de la maison.<\/p>\n<p><strong>Le yaourt grec ?<\/strong> j&rsquo;avais un doute mais il se marie tr\u00e8s bien avec ce plat en apportant onctuosit\u00e9 et un cot\u00e9 acidul\u00e9 tr\u00e8s sympa.<\/p>\n<p><strong>Mes conseils<\/strong> : si vous servez ce plat un midi, je vous invite \u00e0 commencer la veille. Faites la premi\u00e8re cuisson, pr\u00e9parez les poireaux et les pruneaux et mettez-les au frais. Mettez les morceaux de viande sur une assiette puis versez le reste de la cocotte dans un grand plat \u00e0 gratin <strong>pr\u00e9alablement mis au cong\u00e9lateur<\/strong> pour refroidir plus vite le plat. Proc\u00e9dez au travail sur la viande et les os (pensez \u00e0 retirer les morceaux d&rsquo;\u00e9pices, le thym et le laurier) puis mettez la viande coup\u00e9e et la moelle dans le plat \u00e0 gratin. Le m\u00e9lange va ti\u00e9dir tr\u00e8s rapidement. Quand c&rsquo;est le cas, posez un film \u00e9tirable sur la surface et mettez au frais jusqu&rsquo;au lendemain. Le lendemain, remettez le contenu du plat dans la cocotte, faites cuire les poireaux et poursuivez la recette.\u00a0<\/p>\n<\/p><\/div>\n<p><script>\nwindow.fbAsyncInit = function() {\n    FB.init( { apiKey: 'a279adbe87e2b3c505e777af99a5260d', xfbml: true, version: 'v2.8' } );\n};\n( function() {\n    var e = document.createElement( 'script' ); e.async = true;\n    e.src = document.location.protocol + '\/\/connect.facebook.net\/en_US\/sdk.js';\n    document.getElementById( 'fb-root' ).appendChild( e );\n} )();\n<\/script><script async defer src=\"https:\/\/platform.instagram.com\/en_US\/embeds.js\"><\/script><br \/>\n<br \/>[ad_2]<br \/>\n<br \/><a href=\"https:\/\/scally.typepad.com\/cest_moi_qui_lai_fait\/2021\/01\/veau-mijot%C3%A9-%C3%A9pic%C3%A9-aux-pruneaux-et-poireaux.html\">Source link <\/a><\/p>\n","protected":false},"excerpt":{"rendered":"<p>[ad_1] J\u2019aime beaucoup pr\u00e9parer des plats mijot\u00e9s pour profiter de la compagnie de nos invit\u00e9s, m\u00eame s&rsquo;ils se font beaucoup &hellip; <a href=\"http:\/\/www.affinite.fr\/index.php\/2021\/01\/31\/veau-mijote-epice-aux-pruneaux-et-poireaux\/\" class=\"more-link\">Plus <span class=\"screen-reader-text\">Veau mijot\u00e9 \u00e9pic\u00e9 aux pruneaux et poireaux<\/span> <span class=\"meta-nav\">&rarr;<\/span><\/a><\/p>\n","protected":false},"author":1,"featured_media":5877,"comment_status":"open","ping_status":"open","sticky":false,"template":"","format":"standard","meta":{"_sitemap_exclude":false,"_sitemap_priority":"","_sitemap_frequency":"","footnotes":""},"categories":[1],"tags":[],"class_list":["post-5876","post","type-post","status-publish","format-standard","has-post-thumbnail","hentry","category-tous"],"_links":{"self":[{"href":"http:\/\/www.affinite.fr\/index.php\/wp-json\/wp\/v2\/posts\/5876"}],"collection":[{"href":"http:\/\/www.affinite.fr\/index.php\/wp-json\/wp\/v2\/posts"}],"about":[{"href":"http:\/\/www.affinite.fr\/index.php\/wp-json\/wp\/v2\/types\/post"}],"author":[{"embeddable":true,"href":"http:\/\/www.affinite.fr\/index.php\/wp-json\/wp\/v2\/users\/1"}],"replies":[{"embeddable":true,"href":"http:\/\/www.affinite.fr\/index.php\/wp-json\/wp\/v2\/comments?post=5876"}],"version-history":[{"count":0,"href":"http:\/\/www.affinite.fr\/index.php\/wp-json\/wp\/v2\/posts\/5876\/revisions"}],"wp:featuredmedia":[{"embeddable":true,"href":"http:\/\/www.affinite.fr\/index.php\/wp-json\/wp\/v2\/media\/5877"}],"wp:attachment":[{"href":"http:\/\/www.affinite.fr\/index.php\/wp-json\/wp\/v2\/media?parent=5876"}],"wp:term":[{"taxonomy":"category","embeddable":true,"href":"http:\/\/www.affinite.fr\/index.php\/wp-json\/wp\/v2\/categories?post=5876"},{"taxonomy":"post_tag","embeddable":true,"href":"http:\/\/www.affinite.fr\/index.php\/wp-json\/wp\/v2\/tags?post=5876"}],"curies":[{"name":"wp","href":"https:\/\/api.w.org\/{rel}","templated":true}]}}