{"id":5862,"date":"2021-01-28T19:26:12","date_gmt":"2021-01-28T19:26:12","guid":{"rendered":"https:\/\/www.affinite.fr\/index.php\/2021\/01\/28\/eva-darlan-tuee-par-linceste-son-histoire-bouleversante\/"},"modified":"2021-01-28T19:26:12","modified_gmt":"2021-01-28T19:26:12","slug":"eva-darlan-tuee-par-linceste-son-histoire-bouleversante","status":"publish","type":"post","link":"http:\/\/www.affinite.fr\/index.php\/2021\/01\/28\/eva-darlan-tuee-par-linceste-son-histoire-bouleversante\/","title":{"rendered":"Eva Darlan, \u00ab\u00a0tu\u00e9e\u00a0\u00bb par l&rsquo;inceste\u00a0: son histoire bouleversante"},"content":{"rendered":"<p> [ad_1]<br \/>\n<br \/><img decoding=\"async\" src=\"https:\/\/img-3.journaldesfemmes.fr\/CsdURvr-kyHlkFmxfDpgp-YnWB4=\/1280x\/smart\/b47327963b124780889b9ebec0095966\/ccmcms-jdf\/21943919.jpg\" \/><\/p>\n<p>\n                Son enfance a baign\u00e9 dans l&rsquo;horreur. Eva Darlan a racont\u00e9 l&rsquo;inceste qu&rsquo;elle a subi aux mains de son p\u00e8re et ses fr\u00e8res, pendant des ann\u00e9es&#8230; T\u00e9moignage poignant.            <\/p>\n<div>\n<p>\u00ab\u00a0<em>L&rsquo;atmosph\u00e8re \u00e9tait <strong>tellement incestuelle<\/strong><\/em>\u00ab\u00a0, a confi\u00e9<strong> Eva Darlan<\/strong> dans <em>Cin\u00e9 T\u00e9l\u00e9 Revue<\/em>. La com\u00e9dienne, d\u00e9sormais \u00e2g\u00e9e de 72 ans, a v\u00e9cu l&rsquo;horreur dans son enfance. Ses bourreaux \u00e9taient si proches d&rsquo;elle&#8230; Et son calvaire a dur\u00e9 des ann\u00e9es. Alors que le t\u00e9moignage de Camille Kouchner sur <strong>l&rsquo;inceste <\/strong>qu&rsquo;a subi son jumeau aux mains de son beau-p\u00e8re Olivier Duhamel a insuffl\u00e9 un vent de lib\u00e9ration de la parole, Eva Darlan a d\u00e9cid\u00e9, elle aussi, de <strong>raconter son histoire,<\/strong>\u00a0aussi difficile \u00e0 entendre soit-elle.\u00a0<em>\u00ab\u00a0J&rsquo;ai \u00e9t\u00e9 victime pendant toute mon enfance et une partie de mon adolescence de l&rsquo;exercice du pouvoir de <strong>mon p\u00e8re et de mes fr\u00e8res<\/strong><\/em>\u00ab\u00a0, a d&rsquo;abord d\u00e9clar\u00e9 l&rsquo;actrice.<\/p>\n<h2>Eva Darlan raconte l&rsquo;enfance : l&rsquo;inceste au quotidien<\/h2>\n<p>Cette p\u00e9riode de <strong>l&rsquo;enfance<\/strong>,\u00a0que l&rsquo;on dit si insouciante, Eva Darlan l&rsquo;a v\u00e9cue dans la crainte, le d\u00e9go\u00fbt et la confusion.\u00a0Elle n&rsquo;avait pas d&rsquo;endroit o\u00f9 fuir <strong>ses agresseurs<\/strong>.<\/p>\n<p>\u00ab\u00a0<em>On me coin\u00e7ait dans les couloirs, <strong>on me tripotait partout<\/strong>. Mon p\u00e8re me prenait sur ses genoux, <strong>ses mains se baladaient<\/strong>&#8230; Quand je prenais mon bain, il y avait toujours quelqu&rsquo;un par la fen\u00eatre du vasistas qui me regardait, qui ouvrait la porte quand j&rsquo;\u00e9tais aux toilettes<\/em>\u00ab\u00a0, s&rsquo;est-elle souvenue dans <em>Cin\u00e9 T\u00e9l\u00e9 Revue<\/em>.<\/p>\n<h2>Son p\u00e8re, un \u00ab\u00a0ogre\u00a0\u00bb<\/h2>\n<p>Prisonni\u00e8re d&rsquo;un \u00ab\u00a0<em>malaise<\/em>\u00a0\u00bb colossal, la petite ressentait au fond de son \u00e2me que ce qu&rsquo;elle vivait \u00ab\u00a0<em>n&rsquo;\u00e9tait pas normal<\/em>\u00ab\u00a0, en d\u00e9pit de son jeune \u00e2ge et de <strong>l&#8217;emprise <\/strong>qu&rsquo;ont pu avoir ses fr\u00e8res et son p\u00e8re.<\/p>\n<p>\u00ab\u00a0<em>Je n&rsquo;ai fait que<strong> me recroqueviller physiquement<\/strong> toutes les nuits sur mon corps, j&rsquo;\u00e9tais en boule sous les couvertures en me r\u00e9p\u00e9tant inlassablement\u00a0: mon corps est \u00e0 moi. Quand mon p\u00e8re rentrait le soir, <strong>c&rsquo;\u00e9tait un ogre<\/strong><\/em>\u00ab\u00a0, a-t-elle racont\u00e9.<\/p>\n<h2>Sa m\u00e8re, sa \u00ab\u00a0s\u0153ur d&rsquo;abime\u00a0\u00bb<\/h2>\n<p>Quant \u00e0<strong> sa m\u00e8re<\/strong>, elle n&rsquo;osait pas prendre sa d\u00e9fense. Elle-m\u00eame a \u00e9t\u00e9 <strong>victime d&rsquo;abus sexuels <\/strong>dans son enfance:\u00a0\u00ab\u00a0<em>Ma m\u00e8re n&rsquo;a pas pu intervenir parce qu&rsquo;elle a \u00e9t\u00e9 abus\u00e9e enfant et qu&rsquo;elle \u00e9tait dans une sorte de d\u00e9ni de protection pour elle\u00a0\u00bb<\/em>.\u00a0<\/p>\n<p>Malgr\u00e9 tout, Eva Darlan <strong>n&rsquo;en veut pas \u00e0 sa m\u00e8re :<\/strong> \u00ab\u00a0<em>C&rsquo;\u00e9tait une sorte de <strong>s\u0153ur d&rsquo;abime<\/strong>. Elle ne cautionnait pas, mais elle refusait de nommer, elle prenait cela pour des jeux qui allaient un peu loin, elle <strong>n&rsquo;arrivait pas \u00e0 intervenir,<\/strong> elle disait simplement \u00e0 mes fr\u00e8res d&rsquo;arr\u00eater de m&#8217;emb\u00eater. Je crois que cela la mettait mal \u00e0 l&rsquo;aise, qu&rsquo;elle n&rsquo;arrivait pas \u00e0 g\u00e9rer la situation, ni \u00e0 se g\u00e9rer elle-m\u00eame<\/em>\u00ab\u00a0.<\/p>\n<h2>Eva Darlan, \u00ab\u00a0tu\u00e9e\u00a0\u00bb par l&rsquo;inceste ?<\/h2>\n<p>Aujourd&rsquo;hui, Eva Osty, de son vrai nom, garde de<strong> lourdes s\u00e9quelles<\/strong>, probablement \u00e0 vie, de cette enfance effroyable.\u00a0\u00ab\u00a0<em><strong>Cela m&rsquo;a tu\u00e9e<\/strong>. J&rsquo;ai eu horreur de mon corps, <strong>je l&rsquo;ai toujours en horreur<\/strong>, c&rsquo;est un lieu sale. Cela a d\u00e9truit ma confiance en moi de mani\u00e8re d\u00e9finitive<\/em>. (&#8230;) <em>L&rsquo;homme pour moi \u00e9tait comme les premiers que j&rsquo;ai connus: un <strong>pr\u00e9dateur<\/strong>. Je n&rsquo;ai rencontr\u00e9 que des hommes un peu d\u00e9viants<\/em>\u00ab\u00a0, a d\u00e9clar\u00e9 l&rsquo;actrice, qui avait \u00e9pous\u00e9 un homme en 2009, qui s&rsquo;est av\u00e9r\u00e9 <strong>violent avec elle<\/strong>.<\/p>\n<aside id=\"NL_448845969\" class=\"newsletter_subscription jNlBlock\"><noscript><br \/>\n            <\/noscript><\/p>\n<h3 class=\"newsletter_subscription-title\">Newsletter <\/h3>\n<p><a href=\"\/\/mailing.ccmbg.com\/archive\/last-85\" target=\"_blank\" class=\"a_hover\" rel=\"noopener noreferrer\">Voir un exemple<\/a><\/p>\n<\/aside>\n<p><strong>Ses filles Lou et Eug\u00e9nie <\/strong>lui ont donn\u00e9 la force d&rsquo;avancer, mais pas au point de pouvoir effacer les <strong>stigmates de l&rsquo;inceste<\/strong> : \u00ab\u00a0<em>Cela m&rsquo;a donn\u00e9 une terreur de toucher mes filles. Maintenant encore, j&rsquo;ai du mal \u00e0 leur faire des c\u00e2lins. Et pourtant, j&rsquo;ai puis\u00e9 ma r\u00e9silience en elles, elles m&rsquo;ont donn\u00e9 la<strong> force de me relever<\/strong><\/em>\u00ab\u00a0.<\/p>\n<\/p><\/div>\n<p>[ad_2]<br \/>\n<br \/><a href=\"https:\/\/www.journaldesfemmes.fr\/societe\/actu\/2692727-eva-darlan-inceste-enfance-pere-freres-famille-viols\/\">Source link <\/a><\/p>\n","protected":false},"excerpt":{"rendered":"<p>[ad_1] Son enfance a baign\u00e9 dans l&rsquo;horreur. Eva Darlan a racont\u00e9 l&rsquo;inceste qu&rsquo;elle a subi aux mains de son p\u00e8re &hellip; <a href=\"http:\/\/www.affinite.fr\/index.php\/2021\/01\/28\/eva-darlan-tuee-par-linceste-son-histoire-bouleversante\/\" class=\"more-link\">Plus <span class=\"screen-reader-text\">Eva Darlan, \u00ab\u00a0tu\u00e9e\u00a0\u00bb par l&rsquo;inceste\u00a0: son histoire bouleversante<\/span> <span class=\"meta-nav\">&rarr;<\/span><\/a><\/p>\n","protected":false},"author":1,"featured_media":5863,"comment_status":"open","ping_status":"open","sticky":false,"template":"","format":"standard","meta":{"_sitemap_exclude":false,"_sitemap_priority":"","_sitemap_frequency":"","footnotes":""},"categories":[1],"tags":[],"class_list":["post-5862","post","type-post","status-publish","format-standard","has-post-thumbnail","hentry","category-tous"],"_links":{"self":[{"href":"http:\/\/www.affinite.fr\/index.php\/wp-json\/wp\/v2\/posts\/5862"}],"collection":[{"href":"http:\/\/www.affinite.fr\/index.php\/wp-json\/wp\/v2\/posts"}],"about":[{"href":"http:\/\/www.affinite.fr\/index.php\/wp-json\/wp\/v2\/types\/post"}],"author":[{"embeddable":true,"href":"http:\/\/www.affinite.fr\/index.php\/wp-json\/wp\/v2\/users\/1"}],"replies":[{"embeddable":true,"href":"http:\/\/www.affinite.fr\/index.php\/wp-json\/wp\/v2\/comments?post=5862"}],"version-history":[{"count":0,"href":"http:\/\/www.affinite.fr\/index.php\/wp-json\/wp\/v2\/posts\/5862\/revisions"}],"wp:featuredmedia":[{"embeddable":true,"href":"http:\/\/www.affinite.fr\/index.php\/wp-json\/wp\/v2\/media\/5863"}],"wp:attachment":[{"href":"http:\/\/www.affinite.fr\/index.php\/wp-json\/wp\/v2\/media?parent=5862"}],"wp:term":[{"taxonomy":"category","embeddable":true,"href":"http:\/\/www.affinite.fr\/index.php\/wp-json\/wp\/v2\/categories?post=5862"},{"taxonomy":"post_tag","embeddable":true,"href":"http:\/\/www.affinite.fr\/index.php\/wp-json\/wp\/v2\/tags?post=5862"}],"curies":[{"name":"wp","href":"https:\/\/api.w.org\/{rel}","templated":true}]}}