{"id":5860,"date":"2021-01-27T19:25:18","date_gmt":"2021-01-27T19:25:18","guid":{"rendered":"https:\/\/www.affinite.fr\/index.php\/2021\/01\/27\/hausse-du-nombre-de-cas-de-morts-chiffres\/"},"modified":"2021-01-27T19:25:18","modified_gmt":"2021-01-27T19:25:18","slug":"hausse-du-nombre-de-cas-de-morts-chiffres","status":"publish","type":"post","link":"http:\/\/www.affinite.fr\/index.php\/2021\/01\/27\/hausse-du-nombre-de-cas-de-morts-chiffres\/","title":{"rendered":"hausse du nombre de cas, de morts, chiffres"},"content":{"rendered":"<p> [ad_1]<br \/>\n<\/p>\n<p>\n                CORONAVIRUS DIRECT &#8211; L&rsquo;\u00e9pid\u00e9mie progresse avec l&rsquo;inqui\u00e9tante propagation du variant anglais en France. 26\u00a0916\u00a0nouveaux cas et 350\u00a0nouveaux d\u00e9c\u00e8s sont enregistr\u00e9s en 24h. Le ministre de la sant\u00e9 devrait s&rsquo;exprimer jeudi soir sur de nouvelles mesures. Un \u00ab\u00a0reconfinement serr\u00e9\u00a0\u00bb serait \u00e0 l&rsquo;\u00e9tude. Derniers chiffres et infos.            <\/p>\n<div>\n<aside class=\"ccmsummary marqueur_module ccmcss_cms_summary ccmcss_cms_summary--right\">\n<p>\u00a0Sommaire<\/p>\n<\/aside>\n<p><strong>[Mis\u00a0\u00e0 jour le mercredi 27 janvier \u00e0 20h10<\/strong><b>]<\/b>\u00a0L&rsquo;\u00e9pid\u00e9mie de Covid-19 progresse en France. En cause :\u00a0la circulation accrue du variant anglais, qui serait responsable de 10% des cas en Ile-de-France enregistr\u00e9s depuis 2 semaines. En France,\u00a0<strong>350 nouveaux d\u00e9c\u00e8s<\/strong> ont \u00e9t\u00e9 recens\u00e9s\u00a0en 24 heures, et les nombres d&rsquo;admissions \u00e0 l&rsquo;h\u00f4pital et en r\u00e9animation\u00a0continuent d&rsquo;augmenter : <strong>plus de 3 100 patients se trouvent actuellement en r\u00e9animation<\/strong>. Le\u00a0nombre de nouveaux cas confirm\u00e9s atteint\u00a0<strong>26 916\u00a0cas en 24h<\/strong>. \u00ab\u00a0<em>L&rsquo;\u00e9pid\u00e9mie circule dans notre pays avec <strong>un plateau haut ascendant <\/strong>depuis plusieurs semaines [&#8230;]\u00a0Le couvre-feu \u00e0 18h a une <strong>efficacit\u00e9 relative<\/strong>,\u00a0il freine dans une certaine mesure la circulation du virus [&#8230;] mais pas suffisamment\u00a0\u00bb, <\/em>a insist\u00e9 le porte-parole du gouvernement Gabriel Attal, \u00e0 l&rsquo;issue du Conseil de d\u00e9fense de ce 27 janvier, et pr\u00e9cis\u00e9 que le ministre de la sant\u00e9\u00a0<strong>Olivier V\u00e9ran <\/strong>pr\u00e9voit de tenir<strong> une conf\u00e9rence de presse<\/strong> ce jeudi 28\u00a0janvier. Un \u00ab\u00a0confinement tr\u00e8s serr\u00e9\u00a0\u00bb fait partie des sc\u00e9narii envisag\u00e9s, a t-il indiqu\u00e9. Face \u00e0 la progression\u00a0de <strong>variants \u00e9mergents,<\/strong> avec une <strong>contagiosit\u00e9 sup\u00e9rieure <\/strong>\u00e0 celle des variants actuellement majoritaires, les autorit\u00e9s rappellent que les mesures de pr\u00e9vention et de <strong>distanciation <\/strong>sociale (<strong>au moins 2 m\u00e8tres<\/strong> entre les gens) restent les principaux moyens permettant de freiner la circulation du virus. Que disent les\u00a0<a data-auth=\"NotApplicable\" href=\"https:\/\/sante.journaldesfemmes.fr\/fiches-maladies\/2667643-carte-covid-19-france-interractive-zone-rouge-departement-region-ile-de-france-vaccination-europe-monde\/\" rel=\"noopener noreferrer\" target=\"_blank\">cartes<\/a> de suivi de l&rsquo;\u00e9pid\u00e9mie ? Quelles sont les r\u00e9gions sous tension hospitali\u00e8re ?\u00a0<a data-auth=\"NotApplicable\" href=\"https:\/\/sante.journaldesfemmes.fr\/fiches-maladies\/2629823-taux-de-reproduction-covid-france-coronavirus-r0-r-effectif-calcul-evolution-aujourd-hui-departement\/\" rel=\"noopener noreferrer\" target=\"_blank\">Quel est le taux de R0 du coronavirus en France<\/a>\u00a0? Quand est-on contagieux ? Que sait-on des\u00a0<a href=\"https:\/\/sante.journaldesfemmes.fr\/fiches-maladies\/2620433-vaccin-coronavirus-covid-19-europe-pfizer-moderna-commande-delai-dose-differences-fiabilite-pasteur-rougeole\/\" target=\"_blank\" rel=\"noopener noreferrer\">vaccins<\/a>\u00a0? Des\u00a0<a href=\"https:\/\/sante.journaldesfemmes.fr\/fiches-maladies\/2686947-effets-secondaires-indesirable-vaccin-covid-ansm-france-pfizer-moderna-deces-allergie-paralysie\/\" target=\"_blank\" rel=\"noopener noreferrer\">effets secondaires<\/a>\u00a0apr\u00e8s la vaccination ? Chiffres et infos du jour.<\/p>\n<ul>\n<li><strong>Fronti\u00e8re France\/Belgique ferm\u00e9e.<\/strong> A partir de ce mercredi 27 janvier, la Belgique <a href=\"http:\/\/www.affinite.fr\/index.php\/2022\/10\/22\/la-creme-glacee-la-nouvelle-culture-commerciale\/\">ferme<\/a> ses fronti\u00e8res dont la<strong>\u00a0fronti\u00e8re franco-belge<\/strong>, et les touristes ne sont plus admis jusqu&rsquo;au moins le 1er mars, a annonc\u00e9 le gouvernement belge.\u00a0Seuls les travailleurs transfrontaliers ont l&rsquo;autorisation de circuler en Belgique, \u00e0 condition d&rsquo;avoir une attestation pour p\u00e9n\u00e9trer dans le pays. Il y a de nombreux contr\u00f4les aux fronti\u00e8res.\u00a0<\/li>\n<li><strong>Couvre-feu inefficace ?<\/strong> Un conseil de D\u00e9fense s&rsquo;est tenu ce mercredi matin \u00e0 l&rsquo;\u00c9lys\u00e9e. Si aucune annonce ne devrait \u00eatre faite aujourd&rsquo;hui, le porte-parole du gouvernement Gabriel Attal a fait un point \u00e0 la presse. \u00ab\u00a0<em>L&rsquo;\u00e9pid\u00e9mie circule dans notre pays avec un plateau haut ascendant depuis plusieurs semaines [&#8230;]\u00a0Le couvre-feu \u00e0 18h a une efficacit\u00e9 relative,\u00a0il freine dans une certaine mesure la circulation du virus [&#8230;] mais pas suffisamment<\/em>\u00ab\u00a0, a-t-il indiqu\u00e9. Les effets du couvre-feu seront \u00ab\u00a0pleinement mesur\u00e9s\u00a0\u00bb \u00e0 la fin de la semaine.\u00a0<\/li>\n<li><strong>Reconfinement : quel sc\u00e9nario possible ?<\/strong>\u00a0\u00ab\u00a0<em>Ce sont plusieurs sc\u00e9narios, qui vont d&rsquo;un maintien du cadre actuel \u00e0 un confinement tr\u00e8s serr\u00e9, qui ont \u00e9t\u00e9 abord\u00e9s ce matin<\/em>\u00ab\u00a0, pr\u00e9cise le porte-parole du gouvernement lors de son point \u00e0 la presse. Maintenir un couvre-feu \u00e0 18h comme c&rsquo;est actuellement le cas en France, para\u00eet peu probable au vu de son \u00ab\u00a0efficacit\u00e9 relative\u00a0\u00bb.\u00a0<strong>Olivier V\u00e9ran et\u00a0J\u00e9r\u00f4me Salomon<\/strong> pr\u00e9voient de tenir<strong> une conf\u00e9rence de presse<\/strong> ce jeudi 28 janvier, selon Gabriel Attal, pour faire un point \u00ab\u00a0<em>sur l&rsquo;\u00e9tat de la circulation du virus dans le pays<\/em>\u00ab\u00a0.\u00a0<\/li>\n<li><strong>Acc\u00e9l\u00e9rer la vaccination.<\/strong> Dans un communiqu\u00e9 du 26 janvier,\u00a0devant la hausse des contaminations de soignants de premi\u00e8re ligne, l&rsquo;Ordre des m\u00e9decins appelle \u00e0 acc\u00e9l\u00e9rer leur vaccination pour leur permettre de continuer \u00e0 soigner et pour prot\u00e9ger leurs patients. \u00ab\u00a0<em>Cette protection est primordiale pour \u00e9viter que la hausse des contaminations de soignants de premi\u00e8re ligne ne vienne ob\u00e9rer les capacit\u00e9s de notre syst\u00e8me de sant\u00e9, mais aussi pour att\u00e9nuer les foyers de contamination au contact des patients, notamment les plus fragiles\u00a0\u00bb<\/em>, indique-t-il dans son communiqu\u00e9.<\/li>\n<li><strong>Variant anglais.<\/strong> Le variant britannique repr\u00e9senterait pr\u00e8s de 10% des contaminations en Ile-de-France enregistr\u00e9es depuis deux semaines, assurent\u00a0\u00a0les m\u00e9decins de l&rsquo;Assistance publique-H\u00f4pitaux de Paris (AP-HP).\u00a0<\/li>\n<li><strong>Nombre de personnes vaccin\u00e9es.\u00a0<\/strong>Selon le bulletin du 26 janvier de la Direction g\u00e9n\u00e9rale de la sant\u00e9, 1 184 510 personnes ont re\u00e7u une injection du vaccin Pfizer-BioNTech \u00e0 date. L&rsquo;Auvergne-Rh\u00f4ne-Alpes est la r\u00e9gion qui a le plus vacciner avec 132 511\u00a0personnes vaccin\u00e9es hier.\u00a0<\/li>\n<li><strong>Sanofi en renfort. <\/strong>Interrog\u00e9 ce matin sur RTL, le pr\u00e9sident du groupe\u00a0pharmaceutique Sanofi-France souhaite d\u00e9sormais contribuer \u00e0 la production du vaccin de Pfizer\/BioNTech, sans pour autant mettre sur pause\u00a0la recherche de son propre vaccin qui serait a priori disponible fin 2021.\u00a0<\/li>\n<li><strong>Pas d&rsquo;allongement du d\u00e9lai d&rsquo;injection.<\/strong> Contrairement \u00e0 la <a href=\"https:\/\/www.has-sante.fr\/jcms\/p_3234139\/fr\/decaler-la-deuxieme-dose-de-vaccin-a-6-semaines-pour-accelerer-la-vaccination-et-faire-face-a-la-flambee-epidemique\" target=\"_blank\" rel=\"noopener noreferrer\">Haute Autorit\u00e9 de Sant\u00e9 (HAS)<\/a> qui recommandait\u00a0d&rsquo;\u00e9largir \u00e0 6\u00a0semaines le d\u00e9lai entre 2\u00a0doses de vaccin,\u00a0le gouvernement a d\u00e9cid\u00e9 de maintenir\u00a0\u00ab\u00a0<em>le d\u00e9lai d&rsquo;injection des deux doses du vaccin Pfizer \u00e0\u00a04\u00a0semaines (3 semaines dans les Ehpad)<\/em>, d\u00e9clare Olivier V\u00e9ran, ministre de la Sant\u00e9, sur BFMTV. <em>Nous sommes face \u00e0 une part d&rsquo;inqui\u00e9tude, d&rsquo;incertitude, je note l&rsquo;absence de consensus scientifique<\/em>\u00ab\u00a0.<\/li>\n<\/ul>\n<blockquote>\n<figure class=\"image\" style=\"float:right\"><a class=\"fancy\" href=\"https:\/\/img-3.journaldesfemmes.fr\/kd3yzQgCcbrJIVNP5lN5fjDe3cM=\/1080x\/smart\/d0544a96d07e47d5920a5cca1af1b3ae\/ccmcms-jdf\/21864314.jpg\"><img decoding=\"async\" alt=\"Carte du taux d'occupation des lits en France au 24 janvier 2021\" src=\"https:\/\/img-3.journaldesfemmes.fr\/ukC7eqm8A2zvw-ZB5Owo2TDTcZQ=\/450x\/smart\/d0544a96d07e47d5920a5cca1af1b3ae\/ccmcms-jdf\/21864314.jpg\"\/><\/a><figcaption data-credit=\"Gouvernement.fr\" data-legend=\"Carte du taux d'occupation des lits en France au 24 janvier 2021\">Carte du taux d&rsquo;occupation des lits en France au 26 janvier 2021 <small>\u00a9\u00a0Gouvernement.fr<\/small><\/figcaption><\/figure>\n<\/blockquote>\n<p>Face \u00e0 une\u00a0situation \u00e9pid\u00e9mique\u00a0<em>\u00ab\u00a0ma\u00eetris\u00e9e mais fragile\u00a0\u00bb<\/em>, Jean Castex a annonc\u00e9 le 14 janvier, la mise en place d&rsquo;un<strong> couvre-feu \u00e0 18 heures sur tout le territoire fran\u00e7ais<\/strong> \u00e0 partir du samedi 16 janvier et pour au moins 15 jours. <em>\u00ab\u00a0Nous verrons s&rsquo;il y a lieu de prolonger ces mesures en f\u00e9vrier\u00a0\u00bb <\/em>a-t-il poursuivi. Un confinement n&rsquo;est pour autant pas exclu. \u00ab\u00a0<em>Ce sont plusieurs sc\u00e9narios, qui vont d&rsquo;un maintien du cadre actuel \u00e0 un confinement tr\u00e8s serr\u00e9, qui ont \u00e9t\u00e9 abord\u00e9s ce matin<\/em>\u00ab\u00a0, pr\u00e9cise le porte-parole du gouvernement Gabriel Attal, lors de son point \u00e0 la presse \u00e0 l&rsquo;issue du Conseil de D\u00e9fense du 27 janvier.\u00a0A date :<\/p>\n<ul>\n<li>La pratique sportive ou la promenade en plein air est interdite pendant les horaires de couvre-feu\u00a0;<\/li>\n<li>Pendant la journ\u00e9e, les d\u00e9placements sont autoris\u00e9s et l&rsquo;attestation n&rsquo;est pas n\u00e9cessaire\u00a0;<\/li>\n<li>Les d\u00e9placements entre r\u00e9gions sont autoris\u00e9s\u00a0;<\/li>\n<li>Les lieux de culte doivent respecter une certaine jauge\u00a0\u00a0;<\/li>\n<li>Les salles de cin\u00e9ma, les th\u00e9\u00e2tres et les mus\u00e9es restent ferm\u00e9s ;<\/li>\n<li>L&rsquo;accueil du public dans les enceintes sportives, dans les cirques, les parcs zoologiques ou encore les salles de jeux et les casinos est interdit\u00a0;<\/li>\n<li>Les restaurants et les caf\u00e9s sont ferm\u00e9s ;<\/li>\n<li>Le t\u00e9l\u00e9travail doit se poursuivre quand il est possible.<\/li>\n<\/ul>\n<blockquote>\n<p style=\"text-align: right;\">\u00ab\u00a0Le couvre-feu \u00e0 18h a une efficacit\u00e9 relative\u00a0\u00bb<\/p>\n<\/blockquote>\n<p>Un couvre-feu national a \u00e9t\u00e9 mis en place depuis le 15 d\u00e9cembre dans toute la France,\u00a0de 20h \u00e0 6h.\u00a0Le samedi 2 janvier, des d\u00e9partements ont \u00e9t\u00e9 plac\u00e9s sous couvre-feu avanc\u00e9 \u00e0 18 heures. Le samedi 16 janvier 2021,\u00a0toute la France est concern\u00e9e par cette mesure,\u00a0<strong>pour au moins deux semaines<\/strong>.\u00a0L&rsquo;analyse de l&rsquo;impact des couvre-feux anticip\u00e9s sur la dynamique de l&rsquo;\u00e9pid\u00e9mie de COVID-19\u00a0\u00e0 l&rsquo;\u00e9chelle des d\u00e9partements montre une<strong> diminution du taux d&rsquo;incidence des cas confirm\u00e9s de SARS-CoV-2<\/strong>\u00a0dans le groupe 1\u00a0(d\u00e9partements plac\u00e9s sous couvre-feu anticip\u00e9 le 2\u00a0janvier 2021), indique Sant\u00e9 Publique France dans son bilan hebdomadaire du 21 janvier, tout en soulignant que<em> \u00ab\u00a0l&rsquo;\u00e9volution de la situation \u00e9tait d\u00e9j\u00e0 plus favorable\u00a0\u00bb<\/em> dans ces d\u00e9partements. \u00ab\u00a0<em><strong>Le couvre-feu \u00e0 18h a une efficacit\u00e9 relative<\/strong>,\u00a0il freine dans une certaine mesure la circulation du virus [&#8230;] mais pas suffisamment<\/em>\u00ab\u00a0, a indiqu\u00e9 Gabriel Attal, \u00e0 l&rsquo;issue du Conseil de d\u00e9fense du 27 janvier.\u00a0Les effets du couvre-feu devraient \u00eatre \u00ab\u00a0pleinement\u00a0\u00bb connus autour du 30 janvier, pr\u00e9cise-t-il.\u00a0<\/p>\n<p><strong>Les d\u00e9partements ont \u00e9t\u00e9 class\u00e9s en trois groupes\u00a0<\/strong>: Groupe 1\u00a0: 15\u00a0d\u00e9partements avec couvre-feu d\u00e8s 18h \u00e0 partir du 2\u00a0janvier 2021\u00a0; Groupe 2\u00a0: 10\u00a0d\u00e9partements avec couvre-feu d\u00e8s 18h \u00e0 partir des 10\u00a0et 12\u00a0janvier 2021\u00a0; Groupe 3\u00a0: 61\u00a0d\u00e9partements avec couvre-feu d\u00e8s 18h \u00e0 partir du 16\u00a0janvier 2021.<\/p>\n<h3 style=\"text-align: center;\">\u00c9volution du taux d&rsquo;incidence sur 7\u00a0jours glissants par groupe de d\u00e9partements, du 27\u00a0juin 2020\u00a0au 17\u00a0janvier 2021, France m\u00e9tropolitaine (donn\u00e9es au 20\u00a0janvier 2021)<\/h3>\n<div style=\"text-align:center\">\n<figure class=\"image\" style=\"display:inline-block\"><a class=\"fancy\" href=\"https:\/\/img-3.journaldesfemmes.fr\/S3lk-hUv5VIRH64NGtGFuoaV0xM=\/1080x\/smart\/3e11b5448ce54c9c9847e9cbe462601b\/ccmcms-jdf\/21777218.jpg\"><img decoding=\"async\" alt=\"\u00e9volution du taux d'incidence du coronavirus par d\u00e9partement sous couvre-feu en France\" src=\"https:\/\/img-3.journaldesfemmes.fr\/lqFg0B5FSO69JNSCNH__B6lbGCg=\/600x\/smart\/3e11b5448ce54c9c9847e9cbe462601b\/ccmcms-jdf\/21777218.jpg\"\/><\/a><figcaption data-credit=\"Sant\u00e9 Publique France\" data-legend=\"\u00c9volution du taux d\u2019incidence sur 7 jours glissants par groupe de d\u00e9partements, du 27 juin 2020 au 17 janvier 2021, France m\u00e9tropolitaine (donn\u00e9es au 20 janvier 2021)\">\u00c9volution du taux d\u2019incidence sur 7 jours glissants par groupe de d\u00e9partements, du 27 juin 2020 au 17 janvier 2021, France m\u00e9tropolitaine (donn\u00e9es au 20 janvier 2021) <small>\u00a9\u00a0Sant\u00e9 Publique France<\/small><\/figcaption><\/figure>\n<\/div>\n<p>Seuls certains d\u00e9placement sont autoris\u00e9s et mentionn\u00e9s dans l&rsquo;<strong><a href=\"https:\/\/www.interieur.gouv.fr\/Actualites\/L-actu-du-Ministere\/Attestations-de-deplacement-couvre-feu\" target=\"_blank\" rel=\"noopener noreferrer\">attestation<\/a> <\/strong>:<\/p>\n<ul>\n<li>se rendre ou revenir de son lieu de travail, \u00e0 une <a href=\"http:\/\/www.affinite.fr\/index.php\/2022\/11\/09\/formation-de-glacier-apprenez-le-metier-de-glacier-et-changez-votre-vie\/\">formation<\/a> professionnelle, effectuer un d\u00e9placement professionnel ne pouvant \u00eatre report\u00e9\u00a0;<\/li>\n<li>des motifs familiaux imp\u00e9rieux, pour l&rsquo;assistance aux personnes vuln\u00e9rables et pr\u00e9caires, notamment aux personnes en situation de handicap ou pour la garde d&rsquo;enfants\u00a0;<\/li>\n<li>des motifs m\u00e9dicaux\u00a0: aller \u00e0 l&rsquo;h\u00f4pital, examens et soins ne pouvant \u00eatre assur\u00e9s \u00e0 distance et achat de m\u00e9dicaments\u00a0;<\/li>\n<li>participer \u00e0 des missions d&rsquo;int\u00e9r\u00eat g\u00e9n\u00e9ral sur demande de l&rsquo;autorit\u00e9 administrative (maraudes des associations de lutte contre la pauvret\u00e9 ou distributions d&rsquo;aides alimentaires \u00e0 domicile)\u00a0;<\/li>\n<li>les personnes en situation de handicap et leur accompagnant\u00a0;<\/li>\n<li>promener un animal domestique autour de son domicile.<\/li>\n<\/ul>\n<p><strong style=\"font-size: 1rem;\">Le non-respect du couvre-feu entraine\u00a0:<\/strong><\/p>\n<ul>\n<li>Premi\u00e8re sanction\u00a0: une amende de 135\u00a0euros, major\u00e9e \u00e0 375\u00a0euros (en cas de non-paiement ou de non-contestation dans le d\u00e9lai indiqu\u00e9 sur l&rsquo;avis de contravention)<\/li>\n<li>En cas de r\u00e9cidive dans les 15\u00a0jours\u00a0: une amende de 200\u00a0euros, major\u00e9e \u00e0 450\u00a0euros (en cas de non-paiement ou de non-contestation dans le d\u00e9lai indiqu\u00e9 sur l&rsquo;avis de contravention)<\/li>\n<li>Apr\u00e8s 3\u00a0infractions en 30\u00a0jours\u00a0: une amende de 3750\u00a0euros passible de 6\u00a0mois d&#8217;emprisonnement.<\/li>\n<\/ul>\n<blockquote>\n<p>Les formes graves surviennent avec un d\u00e9calage d&rsquo;une \u00e0 deux semaines apr\u00e8s le d\u00e9but des signes.<\/p>\n<\/blockquote>\n<p>Selon les derniers chiffres publi\u00e9s par le <a href=\"https:\/\/www.gouvernement.fr\/info-coronavirus\/carte-et-donnees\" target=\"_blank\" rel=\"noopener noreferrer\">gouvernemen<\/a>t\u00a0et\u00a0Sant\u00e9 Publique France, au mercredi 27\u00a0janvier 2021, en France :\u00a0<\/p>\n<p>\u2022 3 106 859\u00a0personnes ont \u00e9t\u00e9 contamin\u00e9es par le coronavirus <strong>(+26 916<\/strong>\u00a0<strong>en 24 heures)<\/strong>.<\/p>\n<p>\u2022 74 456 personnes sont d\u00e9c\u00e9d\u00e9es en France <strong>(+350 en 24 heures),<\/strong><strong>\u00a0<\/strong>dont 52 218\u00a0\u00e0 l&rsquo;h\u00f4pital.<\/p>\n<p>\u2022 3 107 patients Covid-19 sont en r\u00e9animation (+26)<\/p>\n<p>\u2022 27 169 patients Covid-19 sont hospitalis\u00e9s (+128)<\/p>\n<blockquote>\n<p style=\"text-align: right;\">\u00a0<\/p>\n<\/blockquote>\n<blockquote>\n<p style=\"text-align: right;\">\u00a0<\/p>\n<\/blockquote>\n<p>Le bilan hebdomadaire de Sant\u00e9 Publique France confirme pour la semaine du 11\u00a0au 17\u00a0janvier 2021\u00a0une persistance de la circulation du SARS-CoV-2\u00a0\u00e0 un niveau \u00e9lev\u00e9.\u00a0<\/p>\n<ul>\n<li>Apr\u00e8s une stabilisation sur la semaine pr\u00e9c\u00e9dente, le <strong>nombre de passages pour suspicion de COVID-19\u00a0aux urgences a augment\u00e9 <\/strong>de +9.5%\u00a0dans toutes les classes d&rsquo;\u00e2ge, et principalement chez les adultes.<\/li>\n<li>Les taux hebdomadaires d&rsquo;hospitalisations et de nouvelles admissions en r\u00e9animation ont augment\u00e9 respectivement de +9% et +3% par rapport \u00e0 la semaine du 4 au 10 janvier.<\/li>\n<li>Les estimations du R-effectif calcul\u00e9es sont sup\u00e9rieures \u00e0 1\u00a0de fa\u00e7on significative ce qui\u00a0indique une progression de la circulation du virus.<\/li>\n<\/ul>\n<p>\u2192 L&rsquo;indicateur utilis\u00e9 pour suivre l&rsquo;\u00e9volution de l&rsquo;\u00e9pid\u00e9mie de coronavirus en France est le<strong> taux d&rsquo;incidence<\/strong> soit le nombre de patients ayant un test positif (PCR ou antig\u00e9nique) pour 100 000 habitants par semaine sur les 7 derniers jours.\u00a0<\/p>\n<div style=\"text-align:center\">\n<figure class=\"image\" style=\"display:inline-block\"><a class=\"fancy\" href=\"https:\/\/img-3.journaldesfemmes.fr\/0_frScTcLiJ6n4fwnrkHhQjHDcA=\/1080x\/smart\/7548c2416a014a94996befe5fd9603c7\/ccmcms-jdf\/21915796.jpg\"><img decoding=\"async\" alt=\"Nombre de nouvelles personnes positives au Sars-Cov-2 (PCR\/antig\u00e9nique) sur une semaine glissante, pour la premi\u00e8re fois depuis plus de 60 jours, rapport\u00e9 \u00e0 la taille de la population, au 26 janvier \u00a9\u00a0Gouvernement.fr\" src=\"https:\/\/img-3.journaldesfemmes.fr\/fWs5XnwxN2mFFxlixBeQPt8DWwQ=\/450x\/smart\/7548c2416a014a94996befe5fd9603c7\/ccmcms-jdf\/21915796.jpg\"\/><\/a><figcaption data-credit=\"Gouvernement.fr\" data-legend=\"Nombre de nouvelles personnes positives au Sars-Cov-2 (PCR\/antig\u00e9nique) sur une semaine glissante, pour la premi\u00e8re fois depuis plus de 60 jours, rapport\u00e9 \u00e0 la taille de la population, au 26 janvier \u00a9\u00a0Gouvernement.fr\">Nombre de nouvelles personnes positives au Sars-Cov-2 (PCR\/antig\u00e9nique) sur une semaine glissante, au 26 janvier\u00a0<small>\u00a9\u00a0Gouvernement.fr<\/small><\/figcaption><\/figure>\n<\/div>\n<p>Le gouvernement suit \u00e9galement l&rsquo;\u00e9volution du taux d&rsquo;occupation des lits en r\u00e9animation par des patients Covid-19 (sur les capacit\u00e9s initiales). Ce taux met en lumi\u00e8re une \u00e9ventuelle tension hospitali\u00e8re.\u00a0La tension hospitali\u00e8re est actuellement mod\u00e9r\u00e9e et stable.<\/p>\n<div style=\"text-align:center\">\n<figure class=\"image\" style=\"display:inline-block\"><img decoding=\"async\" alt=\"Taux d'occupation des lits en r\u00e9animation au 27 janvier par des patients Covid-19 \" src=\"https:\/\/img-3.journaldesfemmes.fr\/sxkbNUFPnnuXMNHEBiKC6fZcb6c=\/450x\/smart\/d6d282c8065d42d1b5d57b151772cae1\/ccmcms-jdf\/21920160.png\"\/><figcaption data-credit=\"Gouvernement.fr\" data-legend=\"Taux d'occupation des lits en r\u00e9animation au 27 janvier par des patients Covid-19 \">Taux d&rsquo;occupation des lits en r\u00e9animation au 27 janvier par des patients Covid-19 <small>\u00a9\u00a0Gouvernement.fr<\/small><\/figcaption><\/figure>\n<\/div>\n<p>Le\u00a0<strong>pic \u00e9pid\u00e9mique<\/strong>\u00a0de la premi\u00e8re vague a \u00e9t\u00e9 observ\u00e9 la\u00a0<strong>semaine du 6\u00a0au 12\u00a0avril<\/strong>, soit 15\u00a0jours\u00a0apr\u00e8s la mise en \u0153uvre des mesures de confinement de la population g\u00e9n\u00e9rale, le 17\u00a0mars 2020. Le <strong>pic de la deuxi\u00e8me vague <\/strong>a eu lieu\u00a0du <strong>16\u00a0au 20\u00a0novembre,\u00a0<\/strong>trois semaines apr\u00e8s le deuxi\u00e8me confinement.<\/p>\n<p>Au mercredi 27\u00a0janvier 2021, un total de<strong>\u00a03 106 859<\/strong>\u00a0<strong>cas\u00a0confirm\u00e9s\u00a0<\/strong>de coronavirus est rapport\u00e9 depuis le d\u00e9but de la pand\u00e9mie. Sur la semaine du 11 au 17 janvier, Sant\u00e9 Publique France rapporte une moyenne soit 18\u00a0364\u00a0nouveaux cas confirm\u00e9s en moyenne chaque jour. Sur cette p\u00e9riode, les<strong> personnes de 75\u00a0ans et plus \u00e9taient les plus touch\u00e9es par le SARS-CoV-2<\/strong>, et le nombre de cas confirm\u00e9s dans cette classe d&rsquo;\u00e2ge \u00e9tait en augmentation.<\/p>\n<h3 style=\"text-align: center;\">Nombre incident de cas confirm\u00e9s de Covid-19\u00a0par semaine, rapport\u00e9s \u00e0 Sant\u00e9 publique France, du 11\u00a0mai au 17\u00a0janvier 2021, France enti\u00e8re (donn\u00e9es au 20 janvier)<\/h3>\n<div style=\"text-align:center\">\n<figure class=\"image\" style=\"display:inline-block\"><a class=\"fancy\" href=\"https:\/\/img-3.journaldesfemmes.fr\/82OVFugiJ3Jcwoq7l7dEWRvlKkk=\/1080x\/smart\/594d58dd6cb74a279d2f5a4523fa7363\/ccmcms-jdf\/21777157.jpg\"><img decoding=\"async\" alt=\"cas confirm\u00e9 covid\" src=\"https:\/\/img-3.journaldesfemmes.fr\/8rWeEPa5Xh3rkZq-0OXDvLajrPM=\/600x\/smart\/594d58dd6cb74a279d2f5a4523fa7363\/ccmcms-jdf\/21777157.jpg\"\/><\/a><figcaption data-credit=\"Sant\u00e9 Publique France\" data-legend=\"Nombre incident de cas confirm\u00e9s de COVID-19 par semaine (date de pr\u00e9l\u00e8vement), rapport\u00e9s \u00e0 Sant\u00e9 publique France du 11 mai 2020 au 17 janvier 2021, France (donn\u00e9es au 20 janvier 2021)\">Nombre incident de cas confirm\u00e9s de COVID-19 par semaine (date de pr\u00e9l\u00e8vement), rapport\u00e9s \u00e0 Sant\u00e9 publique France du 11 mai 2020 au 17 janvier 2021, France (donn\u00e9es au 20 janvier 2021) <small>\u00a9\u00a0Sant\u00e9 Publique France<\/small><\/figcaption><\/figure>\n<\/div>\n<h3 style=\"text-align: center;\">Nombre de cas confirm\u00e9s de COVID-19\u00a0chez les r\u00e9sidents et le personnel en ESMS (\u00e9tablissements sociaux et m\u00e9dico-sociaux)\u00a0par semaine calendaire, du 20\u00a0juillet au 17 janvier 2021, en France<\/h3>\n<div style=\"text-align:center\">\n<figure class=\"image\" style=\"display:inline-block\"><a class=\"fancy\" href=\"https:\/\/img-3.journaldesfemmes.fr\/bohVsQxG4SMYYOOny9d9GBOgsG4=\/1080x\/smart\/4cad8f06a8a74b27915dfe47beff3c72\/ccmcms-jdf\/21777245.jpg\"><img decoding=\"async\" alt=\"courbe cas de covid en france dans les ESMS dont Ehpad\" src=\"https:\/\/img-3.journaldesfemmes.fr\/iuIpR9BR-G9zMSorOWDTNYnG2uo=\/600x\/smart\/4cad8f06a8a74b27915dfe47beff3c72\/ccmcms-jdf\/21777245.jpg\"\/><\/a><figcaption data-credit=\"Sant\u00e9 Publique France\" data-legend=\"Nombre de cas confirm\u00e9s de COVID-19 chez les r\u00e9sidents et le personnel en ESMS par semaine calendaire, du 20 juillet au 17 janvier 2021, en France \">Nombre de cas confirm\u00e9s de COVID-19 chez les r\u00e9sidents et le personnel en ESMS par semaine calendaire, du 20 juillet au 17 janvier 2021, en France <small>\u00a9\u00a0Sant\u00e9 Publique France<\/small><\/figcaption><\/figure>\n<\/div>\n<p>Mercredi 27\u00a0janvier,<strong>\u00a026 916<\/strong><strong>\u00a0nouvelles personnes<\/strong> ont re\u00e7u un test positif au Covid-19 par rapport \u00e0 la veille.<\/p>\n<div style=\"text-align:center\">\n<figure class=\"image\" style=\"display:inline-block\"><a class=\"fancy\" href=\"https:\/\/img-3.journaldesfemmes.fr\/4SOMl5jbRYGl2EIx8e3mFn-VDak=\/1080x\/smart\/89cb658855ec421f8243d7c3b7359685\/ccmcms-jdf\/21760526.jpg\"><img decoding=\"async\" alt=\"courbe variation cas covid par jour en france\" src=\"https:\/\/img-3.journaldesfemmes.fr\/Sz-yQHFfurCNj1vDMIxe5wY1bcQ=\/600x\/smart\/89cb658855ec421f8243d7c3b7359685\/ccmcms-jdf\/21760526.jpg\"\/><\/a><figcaption data-credit=\"Gouvernement.fr\" data-legend=\"Courbe de variation quotidienne des cas de Covid-19 en France.\">Courbe de variation quotidienne des cas de Covid-19 en France. <small>\u00a9\u00a0Gouvernement.fr<\/small><\/figcaption><\/figure>\n<\/div>\n<p>Le nombre de nouvelles hospitalisations pour COVID-19\u00a0a augment\u00e9 de <strong>+9%<\/strong> au cours de la semaine du 11 au 17\u00a0janvier par rapport \u00e0 la semaine pr\u00e9c\u00e9dente <strong>(+3% en r\u00e9animation).<\/strong> Mercredi 27\u00a0janvier,<b>\u00a03 107\u00a0<\/b>personnes sont\u00a0hospitalis\u00e9es\u00a0en\u00a0r\u00e9animation (+26\u00a0en 24 heures).\u00a0Le nombre d&rsquo;hospitalisation en r\u00e9animation pour Covid-19 reste \u00e0 un niveau \u00e9lev\u00e9.\u00a0<\/p>\n<div style=\"text-align:center\">\n<figure class=\"image\" style=\"display:inline-block\"><a class=\"fancy\" href=\"https:\/\/img-3.journaldesfemmes.fr\/r5PPcbY1PFofatJBG703AmTc84g=\/1080x\/smart\/d12e2c92fbc048de836378fdd0911602\/ccmcms-jdf\/21777373.jpg\"><img decoding=\"async\" alt=\"courbe r\u00e9animation covid-19\" src=\"https:\/\/img-3.journaldesfemmes.fr\/KwRhc6wt9dAvmfnQZiHjRXU5BQc=\/600x\/smart\/d12e2c92fbc048de836378fdd0911602\/ccmcms-jdf\/21777373.jpg\"\/><\/a><figcaption data-credit=\"Sant\u00e9 Publique France\" data-legend=\" Nombre hebdomadaire de patients COVID-19 admis en service de r\u00e9animation pendant leur hospitalisation, par semaine d\u2019admission en r\u00e9animation, depuis le 24 f\u00e9vrier 2020, France, donn\u00e9es au 19 janvier\">Nombre hebdomadaire de patients COVID-19 admis en service de r\u00e9animation pendant leur hospitalisation, par semaine d\u2019admission en r\u00e9animation, depuis le 24 f\u00e9vrier 2020, France, donn\u00e9es au 19 janvier <small>\u00a9\u00a0Sant\u00e9 Publique France<\/small><\/figcaption><\/figure>\n<\/div>\n<p>\u2192 Les <strong>plus forts taux hebdomadaires d&rsquo;admissions en r\u00e9animation<\/strong> \u00e9taient rapport\u00e9s en Provence-Alpes-C\u00f4te d&rsquo;Azur (3,5\/100\u00a0000\u00a0habitants), Grand Est (3,1), Bourgogne-Franche-Comt\u00e9 (3,1), Corse (2,9), Auvergne-Rh\u00f4ne-Alpes (2,9) et \u00cele-de-France (2,2).<\/p>\n<p>\u2192 Sur la semaine du 11\u00a0au 17 janvier, le taux hebdomadaire de nouvelles admissions en r\u00e9animation a augment\u00e9 dans toutes les r\u00e9gions de France m\u00e9tropolitaine, except\u00e9 en <a href=\"http:\/\/www.affinite.fr\/index.php\/2024\/11\/21\/construire-votre-maison-en-normandie\/\">Normandie<\/a> (-35%), Hauts-de-France (-10%), \u00cele-de-France (-6%), Nouvelle-Aquitaine (-5%) et Centre-Val de Loire (-4%).<\/p>\n<p>\u2192 Entre le 05\u00a0octobre 2020\u00a0et le 19\u00a0janvier 2021, parmi les 5\u00a0109\u00a0patients signal\u00e9s avec un diagnostic confirm\u00e9 de COVID-19, <strong>71% \u00e9taient des hommes <\/strong>; l&rsquo;<strong>\u00e2ge m\u00e9dian des patients \u00e9tait de 68\u00a0ans\u00a0<\/strong>et 63% \u00e9taient \u00e2g\u00e9s de 65\u00a0ans et plus ; 64\u00a0\u00e9taient des professionnels de sant\u00e9.<\/p>\n<p>Selon les <a href=\"https:\/\/www.gouvernement.fr\/info-coronavirus\/carte-et-donnees\" target=\"_blank\" rel=\"noopener noreferrer\">chiffres communiqu\u00e9s par le gouvernement<\/a>, consolid\u00e9s avec l&rsquo;Agence Sant\u00e9 Publique France et\u00a0les ARS (Agences r\u00e9gionales de Sant\u00e9), voici l&rsquo;\u00e9volution des hospitalisations (dont la r\u00e9animation) et des d\u00e9c\u00e8s\u00a0en France par r\u00e9gion.<\/p>\n<h3 style=\"text-align: center;\"><a id=\"cas-covid-19-tableau-par-region\" name=\"cas-covid-19-tableau-par-region\">Evolution des hospitalisations (dont en r\u00e9animation) et d\u00e9c\u00e8s \u00e0 l&rsquo;h\u00f4pital du Covid-19\u00a0par r\u00e9gion au 27\u00a0janvier<\/a><\/h3>\n<table border=\"1\" cellpadding=\"1\" cellspacing=\"1\" style=\"width:100%;\">\n<thead>\n<tr>\n<th scope=\"col\" style=\"width: 199px;\">R\u00e9gions<\/th>\n<th scope=\"col\" style=\"width: 162px; text-align: center;\">Hospitalisations en cours<\/th>\n<th scope=\"col\" style=\"width: 143px; text-align: center;\">Evolution des nouveaux patients sur les\u00a0 derni\u00e8res 24\u00a0H<\/th>\n<th scope=\"col\" style=\"width: 149px; text-align: center;\">R\u00e9animation Soins intensif<\/th>\n<th scope=\"col\" style=\"width: 155px; text-align: center;\">Evolution des nouveaux patients sur les\u00a0 derni\u00e8res 24\u00a0H<\/th>\n<th scope=\"col\" style=\"width: 220px; text-align: center;\">D\u00e9c\u00e8s<\/th>\n<\/tr>\n<tr>\n<td style=\"width: 199px;\"><b>\u00cele-de-France<\/b><\/td>\n<td style=\"width: 162px;\">5 052<\/td>\n<td style=\"width: 143px;\">-17<\/td>\n<td style=\"width: 149px;\">628<\/td>\n<td style=\"width: 155px;\">+8<\/td>\n<td style=\"width: 220px;\">13 196<\/td>\n<\/tr>\n<tr>\n<td style=\"width: 199px;\"><strong>Grand Est<\/strong><\/td>\n<td style=\"width: 162px;\">2 988<\/td>\n<td style=\"width: 143px;\">+10<\/td>\n<td style=\"width: 149px;\">331<\/td>\n<td style=\"width: 155px;\">+15<\/td>\n<td style=\"width: 220px;\">7 040<\/td>\n<\/tr>\n<tr>\n<td style=\"width: 199px;\"><strong>Auvergne-Rh\u00f4ne-Alpes<\/strong><\/td>\n<td style=\"width: 162px;\">3 901<\/td>\n<td style=\"width: 143px;\">+51<\/td>\n<td style=\"width: 149px;\">422<\/td>\n<td style=\"width: 155px;\">-23<\/td>\n<td style=\"width: 220px;\">7 894<\/td>\n<\/tr>\n<tr>\n<td style=\"width: 199px;\"><strong>Hauts-de-France<\/strong><\/td>\n<td style=\"width: 162px;\">2 510<\/td>\n<td style=\"width: 143px;\">-79<\/td>\n<td style=\"width: 149px;\">288<\/td>\n<td style=\"width: 155px;\">-9<\/td>\n<td style=\"width: 220px;\">5 194<\/td>\n<\/tr>\n<tr>\n<td style=\"width: 199px;\"><strong>Bourgogne-Franche-Comt\u00e9<\/strong><\/td>\n<td style=\"width: 162px;\">1 850<\/td>\n<td style=\"width: 143px;\">+35<\/td>\n<td style=\"width: 149px;\">178<\/td>\n<td style=\"width: 155px;\">-6<\/td>\n<td style=\"width: 220px;\">3 250<\/td>\n<\/tr>\n<tr>\n<td style=\"width: 199px;\"><strong>Provence-Alpes-C\u00f4te d&rsquo;Azur<\/strong><\/td>\n<td style=\"width: 162px;\">3 265<\/td>\n<td style=\"width: 143px;\">-43<\/td>\n<td style=\"width: 149px;\">397<\/td>\n<td style=\"width: 155px;\">-6<\/td>\n<td style=\"width: 220px;\">4 388<\/td>\n<\/tr>\n<tr>\n<td style=\"width: 199px;\"><strong>Occitanie<\/strong><\/td>\n<td style=\"width: 162px;\">1 712<\/td>\n<td style=\"width: 143px;\">-22<\/td>\n<td style=\"width: 149px;\">231<\/td>\n<td style=\"width: 155px;\">-4<\/td>\n<td style=\"width: 220px;\">2 541<\/td>\n<\/tr>\n<tr>\n<td style=\"width: 199px;\"><strong>Bretagne<\/strong><\/td>\n<td style=\"width: 162px;\">660<\/td>\n<td style=\"width: 143px;\">-12<\/td>\n<td style=\"width: 149px;\">41<\/td>\n<td style=\"width: 155px;\">-3<\/td>\n<td style=\"width: 220px;\">877<\/td>\n<\/tr>\n<tr>\n<td style=\"width: 199px;\"><strong>Nouvelle-Aquitaine<\/strong><\/td>\n<td style=\"width: 162px;\">1 482<\/td>\n<td style=\"width: 143px;\">+26<\/td>\n<td style=\"width: 149px;\">206<\/td>\n<td style=\"width: 155px;\">+9<\/td>\n<td style=\"width: 220px;\">2 186<\/td>\n<\/tr>\n<tr>\n<td style=\"width: 199px;\"><strong>Normandie<\/strong><\/td>\n<td style=\"width: 162px;\">1 371<\/td>\n<td style=\"width: 143px;\">-3<\/td>\n<td style=\"width: 149px;\">107<\/td>\n<td style=\"width: 155px;\">NC<\/td>\n<td style=\"width: 220px;\">1 829<\/td>\n<\/tr>\n<tr>\n<td style=\"width: 199px;\"><strong>Centre Val-de-Loire<\/strong><\/td>\n<td style=\"width: 162px;\">1 091<\/td>\n<td style=\"width: 143px;\">-21<\/td>\n<td style=\"width: 149px;\">133<\/td>\n<td style=\"width: 155px;\">-5<\/td>\n<td style=\"width: 220px;\">1 615<\/td>\n<\/tr>\n<tr>\n<td style=\"width: 199px;\"><strong>Pays de la Loire<\/strong><\/td>\n<td style=\"width: 162px;\">1 014<\/td>\n<td style=\"width: 143px;\">NC<\/td>\n<td style=\"width: 149px;\">97<\/td>\n<td style=\"width: 155px;\">+1<\/td>\n<td style=\"width: 220px;\">1 671<\/td>\n<\/tr>\n<tr>\n<td style=\"width: 199px;\"><strong>Corse<\/strong><\/td>\n<td style=\"width: 162px;\">54<\/td>\n<td style=\"width: 143px;\">-1<\/td>\n<td style=\"width: 149px;\">8<\/td>\n<td style=\"width: 155px;\">+1<\/td>\n<td style=\"width: 220px;\">123<\/td>\n<\/tr>\n<tr>\n<td style=\"width: 199px;\"><strong>Martinique<\/strong><\/td>\n<td style=\"width: 162px;\">14<\/td>\n<td style=\"width: 143px;\">-1<\/td>\n<td style=\"width: 149px;\">2<\/td>\n<td style=\"width: 155px;\">NC<\/td>\n<td style=\"width: 220px;\">45<\/td>\n<\/tr>\n<tr>\n<td style=\"width: 199px;\"><strong>Guadeloupe<\/strong><\/td>\n<td style=\"width: 162px;\">52<\/td>\n<td style=\"width: 143px;\">-1<\/td>\n<td style=\"width: 149px;\">4<\/td>\n<td style=\"width: 155px;\">+1<\/td>\n<td style=\"width: 220px;\">170<\/td>\n<\/tr>\n<tr>\n<td style=\"width: 199px;\"><strong>La R\u00e9union<\/strong><\/td>\n<td style=\"width: 162px;\">25<\/td>\n<td style=\"width: 143px;\">+3<\/td>\n<td style=\"width: 149px;\">5<\/td>\n<td style=\"width: 155px;\">NC<\/td>\n<td style=\"width: 220px;\">54<\/td>\n<\/tr>\n<tr>\n<td style=\"width: 199px;\"><strong>Guyane<\/strong><\/td>\n<td style=\"width: 162px;\">51<\/td>\n<td style=\"width: 143px;\">+2<\/td>\n<td style=\"width: 149px;\">15<\/td>\n<td style=\"width: 155px;\">-2<\/td>\n<td style=\"width: 220px;\">72<\/td>\n<\/tr>\n<tr>\n<td style=\"width: 199px;\"><strong>Mayotte<\/strong><\/td>\n<td style=\"width: 162px;\">39<\/td>\n<td style=\"width: 143px;\">NC<\/td>\n<td style=\"width: 149px;\">4<\/td>\n<td style=\"width: 155px;\">-2<\/td>\n<td style=\"width: 220px;\">47<\/td>\n<\/tr>\n<tr>\n<td style=\"width: 199px;\"><strong>TOTAL<\/strong><\/td>\n<td style=\"width: 162px;\"><strong>27 041<\/strong><\/td>\n<td style=\"width: 143px;\">+234<\/td>\n<td style=\"width: 149px;\"><b>3 081<\/b><\/td>\n<td style=\"width: 155px;\">+45<\/td>\n<td style=\"width: 220px;\">\n<p><b>51 868<\/b><\/p>\n<\/td>\n<\/tr>\n<\/thead>\n<\/table>\n<p>Le nombre de d\u00e9c\u00e8s li\u00e9s \u00e0 la COVID-19\u00a0est \u00e9lev\u00e9 indique Sant\u00e9 Publique France le 21\u00a0janvier.<strong>\u00a074 456 d\u00e9c\u00e8s ont \u00e9t\u00e9 comptabilis\u00e9s sur la p\u00e9riode du 1er mars 2020\u00a0au 27\u00a0janvier 2021,\u00a0<\/strong>dont 52 218\u00a0\u00e0 l&rsquo;h\u00f4pital\u00a0(<strong>+350\u00a0<\/strong>en 24h), auxquels se sont ajout\u00e9s\u00a0262\u00a0d\u00e9c\u00e8s en Ehpad et \u00e9tablissements sociaux et m\u00e9dico-sociaux entre le 23\u00a0et le mardi 26\u00a0janvier.<\/p>\n<p>\u2192<strong> 93%<\/strong> des cas de COVID-19\u00a0d\u00e9c\u00e9d\u00e9s \u00e9taient \u00e2g\u00e9s de <strong>65\u00a0ans ou plus.<\/strong><\/p>\n<p>\u2192\u00a0<strong>54% sont des hommes.<\/strong><\/p>\n<p>\u2192<strong>\u00a065% des personnes d\u00e9c\u00e9d\u00e9es pr\u00e9sentaient au moins une comorbidit\u00e9<\/strong>.<\/p>\n<p><strong>\u2192<\/strong>\u00a0<strong>Sur la semaine du 11-17\u00a0janvier, <\/strong>les plus forts taux de d\u00e9c\u00e8s dus \u00e0 la COVID-19\u00a0par r\u00e9gion rapport\u00e9s \u00e0 la population \u00e9taient toujours observ\u00e9s en Bourgogne-Franche-Comt\u00e9 (6,9\/100\u00a0000\u00a0habitants), Provence-Alpes-C\u00f4te d&rsquo;Azur (6,1), Grand Est (4,7) et Auvergne-Rh\u00f4ne-Alpes (4,2).<\/p>\n<p>La France a franchi la barre des 40 000 morts samedi 7 novembre,\u00a0celle des 50 000 le 24 novembre et celle des 60 000 le 18 d\u00e9cembre.\u00a0<strong>Un pic de mortalit\u00e9 a \u00e9t\u00e9 atteint\u00a0le 7\u00a0novembre <\/strong>(40\u00a0169\u00a0morts).\u00a0<\/p>\n<div style=\"text-align:center\">\n<figure class=\"image\" style=\"display:inline-block\"><a class=\"fancy\" href=\"https:\/\/img-3.journaldesfemmes.fr\/jlImVq3MiZAY07VyLTBKqts3ns8=\/1080x\/smart\/ff7e1e31e88a428d9a773f30181efaa1\/ccmcms-jdf\/21777409.jpg\"><img decoding=\"async\" alt=\"courbe deces covid hopital france\" src=\"https:\/\/img-3.journaldesfemmes.fr\/viroi9RhuXdyKAgVaEI8MzWDLHc=\/600x\/smart\/d6f63ce0ba2d4b71afa07e860f133adb\/ccmcms-jdf\/21777431.jpg\"\/><\/a><figcaption data-credit=\"Sant\u00e9 Publique France\" data-legend=\"Nombre hebdomadaire de nouveaux d\u00e9c\u00e8s survenus au cours d\u2019une hospitalisation pour COVID-19 selon la date de d\u00e9claration, depuis le 19 mars 2020, France (donn\u00e9es au 17 janvier 2021)\">Nombre hebdomadaire de nouveaux d\u00e9c\u00e8s survenus au cours d\u2019une hospitalisation pour COVID-19 selon la date de d\u00e9claration, depuis le 19 mars 2020, France (donn\u00e9es au 17 janvier 2021) <small>\u00a9\u00a0Sant\u00e9 Publique France<\/small><\/figcaption><\/figure>\n<\/div>\n<p><iframe loading=\"lazy\" height=\"1000\" src=\"https:\/\/mapthenews.maps.arcgis.com\/apps\/opsdashboard\/index.html#\/bae8aaa7a0b14261b4621c31db410c44\" style=\"border: 0px\" width=\"600\"><\/iframe><\/p>\n<p>Les r\u00e9gions les plus touch\u00e9es sur la semaine du 11 au 17 janvier restent les r\u00e9gions Provence-Alpes-C\u00f4te d&rsquo;Azur, Bourgogne-Franche-Comt\u00e9, Auvergne-Rh\u00f4ne-Alpes et Grand Est. Ces r\u00e9gions pr\u00e9sentaient\u00a0les plus forts taux d&rsquo;incidence (et ce depuis fin novembre), ainsi que les plus forts taux d&rsquo;hospitalisations et de d\u00e9c\u00e8s. Sant\u00e9 Publique France note cependant\u00a0une <strong>diminution des taux d&rsquo;incidence dans le Grand Est (-15%) <\/strong>et en Bourgogne-Franche-Comt\u00e9 (-15%) ainsi que, dans une moindre mesure, en Auvergne-Rh\u00f4ne-Alpes (-8%).<\/p>\n<p><iframe loading=\"lazy\" height=\"600\" src=\"https:\/\/geodes.santepubliquefrance.fr\/?view=map1&amp;indics=sp_pe_tb_heb.tx_pe_hebdo&amp;serie=2020-S42&amp;f1code=0&amp;lang=fr&amp;iframe=1\" width=\"600\"><\/iframe><\/p>\n<aside id=\"NL_1383363947\" class=\"newsletter_subscription jNlBlock\"><noscript><br \/>\n            <\/noscript><\/p>\n<h3 class=\"newsletter_subscription-title\">Newsletter <\/h3>\n<p><a href=\"\/\/mailing.ccmbg.com\/archive\/last-85\" target=\"_blank\" class=\"a_hover\" rel=\"noopener noreferrer\">Voir un exemple<\/a><\/p>\n<\/aside>\n<p>Au 26\u00a0janvier<strong>, 100<\/strong>\u00a0<strong>d\u00e9partements <\/strong>ont un nombre de cas de Covid-19 au-dessus du seuil d&rsquo;alerte de 50\/100 000 habitants et sont en niveau de vuln\u00e9rabilit\u00e9 \u00ab\u00a0\u00e9lev\u00e9\u00a0\u00bb.\u00a0<\/p>\n<div style=\"text-align:center\">\n<figure class=\"image\" style=\"display:inline-block\"><a class=\"fancy\" href=\"https:\/\/img-3.journaldesfemmes.fr\/5bm1S4xHdO2GVEgqrkFLoNe-zs0=\/1080x\/smart\/dce64c0b77c441c6b7b3a3e81e35bc61\/ccmcms-jdf\/21629430.png\"><img decoding=\"async\" alt=\"Niveau de vuln\u00e9rabilit\u00e9 par d\u00e9partement et \u00e9volution, France, au 5 janvier 2021\" src=\"https:\/\/img-3.journaldesfemmes.fr\/9o6-_-Rwl4AmY__mpev2UE6JGCI=\/450x\/smart\/dce64c0b77c441c6b7b3a3e81e35bc61\/ccmcms-jdf\/21629430.png\"\/><\/a><figcaption data-credit=\"Sant\u00e9 publique France\" data-legend=\"Niveau de vuln\u00e9rabilit\u00e9 par d\u00e9partement et \u00e9volution, France, au 17 janvier 2021\">Niveau de vuln\u00e9rabilit\u00e9 par d\u00e9partement et \u00e9volution, France, au 26 janvier 2021 <small>\u00a9\u00a0Sant\u00e9 publique France<\/small><\/figcaption><\/figure>\n<\/div>\n<section>\n<blockquote>\n<p style=\"text-align: right;\">\u00a0<\/p>\n<\/blockquote>\n<p>Les taux de reproduction du virus appel\u00e9s \u00ab\u00a0R-effectifs\u00a0\u00bb ou \u00ab\u00a0Reff\u00a0\u00bb\u00a0permettent de d\u00e9crire la dynamique de l&rsquo;\u00e9pid\u00e9mie\u00a0: lorsque le Reff est significativement sup\u00e9rieur \u00e0 1, ceci signifie que l&rsquo;\u00e9pid\u00e9mie est en progression, lorsqu&rsquo;il est \u00e9gal \u00e0 1, l&rsquo;\u00e9pid\u00e9mie se stabilise, lorsqu&rsquo;il est significativement inf\u00e9rieur \u00e0 1, l&rsquo;\u00e9pid\u00e9mie r\u00e9gresse. Le 21 janvier, Sant\u00e9 Publique France indique que l&rsquo;estimation du nombre de reproduction effectif en France m\u00e9tropolitaine est sup\u00e9rieure \u00e0 1\u00a0de fa\u00e7on significative<strong> (1.19\u00a0le 20 janvier)\u00a0<\/strong>dans les trois sources de donn\u00e9es.\u00a0<\/p>\n<p>Le d\u00e9pistage du Covid-19 est r\u00e9alis\u00e9 en France par RT-PCT et par tests antig\u00e9niques. Au 20 janvier, le taux de positivit\u00e9 national s&rsquo;\u00e9tablit \u00e0<strong>\u00a06,87 %.<\/strong>\u00a0<em>\u00ab\u00a0Il reste d\u00e9terminant que chaque personne pr\u00e9sentant des sympt\u00f4mes \u00e9vocateurs de COVID-19\u00a0s&rsquo;isole imm\u00e9diatement et r\u00e9alise un test diagnostique dans les plus brefs d\u00e9lais\u00a0\u00bb<\/em> rappelle Sant\u00e9 Publique France dans ses bulletins hebdomadaires.<\/p>\n<p>Si au d\u00e9but, on ne parlait que de fi\u00e8vre, toux s\u00e8che, rhume, \u00e9tat grippal et de fatigue, les sympt\u00f4mes de l&rsquo;infection par le coronavirus ont \u00e9volu\u00e9. On sait d\u00e9sormais que le virus peut avoir des <strong>effets sur la peau<\/strong> (urticaire, l\u00e9sions inflammatoires sur les orteils), la sph\u00e8re digestive (vomissements, diarrh\u00e9es&#8230;), <strong>l&rsquo;odorat<\/strong>, le <strong>go\u00fbt <\/strong>et m\u00eame le cerveau.<em> \u00ab\u00a0Sur 100 personnes atteintes du coronavirus, 90 ne vont pas d\u00e9velopper de sympt\u00f4mes\u00a0\u00bb<\/em> avait inform\u00e9 le ministre de la Sant\u00e9 le 5 novembre. La consigne des autorit\u00e9s est inchang\u00e9e :\u00a0chaque personne pr\u00e9sentant des sympt\u00f4mes \u00e9vocateurs de COVID-19 doit s&rsquo;isoler imm\u00e9diatement et r\u00e9aliser un test diagnostique dans les plus brefs d\u00e9lais.<\/p>\n<div class=\"ccminsert\">\n<aside class=\"app_widget_fo app_widget_fo--list app_widget_fo--list-2-col\">\n<ul>\n<li>\n<h3>\n                    <a href=\"https:\/\/sante.journaldesfemmes.fr\/fiches-maladies\/2661241-rhume-ou-covid-19-coronavirus-rhinopharyngite-comment-savoir-symptomes-tableau-difference-test\/\" class=\"jGTMWidgetGAEventClick\" data-gtmwidgetgaeventaction=\"clickWidgetListOnTwoColumns\" data-gtmwidgetgaeventlabel=\"Rhume ou Covid-19\u00a0: diff\u00e9rences, sympt\u00f4mes, comment savoir\u00a0?\"><br \/>\n                        Rhume ou Covid-19\u00a0: diff\u00e9rences, sympt\u00f4mes, comment savoir\u00a0?<br \/>\n                    <\/a><br \/>\n                <\/h3>\n<\/li>\n<li>\n<h3>\n                    <a href=\"https:\/\/sante.journaldesfemmes.fr\/fiches-maladies\/2683439-symptomes-covid-19-coronavirus-boutons-visage-corps-dermatologiques-peau-bras-pieds-engelure\/\" class=\"jGTMWidgetGAEventClick\" data-gtmwidgetgaeventaction=\"clickWidgetListOnTwoColumns\" data-gtmwidgetgaeventlabel=\"Sympt\u00f4mes Covid sur la peau\u00a0: engelures, boutons, quand consulter\u00a0?\"><br \/>\n                        Sympt\u00f4mes Covid sur la peau\u00a0: engelures, boutons, quand consulter\u00a0?<br \/>\n                    <\/a><br \/>\n                <\/h3>\n<\/li>\n<li>\n<h3>\n                    <a href=\"https:\/\/sante.journaldesfemmes.fr\/fiches-maladies\/2630069-coronavirus-covid-19-cerveau-symptomes-sequelles-odorat-effet-lesion-attaque\/\" class=\"jGTMWidgetGAEventClick\" data-gtmwidgetgaeventaction=\"clickWidgetListOnTwoColumns\" data-gtmwidgetgaeventlabel=\"Coronavirus\u00a0et cerveau\u00a0: effets, quels sympt\u00f4mes\u00a0?\"><br \/>\n                        Coronavirus\u00a0et cerveau\u00a0: effets, quels sympt\u00f4mes\u00a0?<br \/>\n                    <\/a><br \/>\n                <\/h3>\n<\/li>\n<li>\n<h3>\n                    <a href=\"https:\/\/sante.journaldesfemmes.fr\/fiches-sante-du-quotidien\/2627657-perte-odorat-anosmie-symptome-covid-19-covidanosmie-duree-rhume-definition-cause-traitement\/\" class=\"jGTMWidgetGAEventClick\" data-gtmwidgetgaeventaction=\"clickWidgetListOnTwoColumns\" data-gtmwidgetgaeventlabel=\"Perte de l'odorat\u00a0(anosmie)\u00a0: sympt\u00f4mes du Covid, dur\u00e9e, r\u00e9\u00e9ducation\"><br \/>\n                        Perte de l&rsquo;odorat\u00a0(anosmie)\u00a0: sympt\u00f4mes du Covid, dur\u00e9e, r\u00e9\u00e9ducation<br \/>\n                    <\/a><br \/>\n                <\/h3>\n<\/li>\n<li>\n<h3>\n                    <a href=\"https:\/\/sante.journaldesfemmes.fr\/fiches-maladies\/2679367-diarrhee-covid-coronavirus-symptome-digestif-intestinaux-duree-que-faire-vomissement-traitement-bebe-jeune\/\" class=\"jGTMWidgetGAEventClick\" data-gtmwidgetgaeventaction=\"clickWidgetListOnTwoColumns\" data-gtmwidgetgaeventlabel=\"Diarrh\u00e9e et Covid-19\u00a0: dur\u00e9e, que faire, un vrai sympt\u00f4me\u00a0?\"><br \/>\n                        Diarrh\u00e9e et Covid-19\u00a0: dur\u00e9e, que faire, un vrai sympt\u00f4me\u00a0?<br \/>\n                    <\/a><br \/>\n                <\/h3>\n<\/li>\n<li>\n<h3>\n                    <a href=\"https:\/\/sante.journaldesfemmes.fr\/fiches-maladies\/2676955-covid-19-ou-gastro-enterite-difference-symptomes-fievre-diarrhee-que-faire-complications\/\" class=\"jGTMWidgetGAEventClick\" data-gtmwidgetgaeventaction=\"clickWidgetListOnTwoColumns\" data-gtmwidgetgaeventlabel=\"Covid-19\u00a0ou gastro-ent\u00e9rite\u00a0: sympt\u00f4mes, quelles diff\u00e9rences\u00a0?\"><br \/>\n                        Covid-19\u00a0ou gastro-ent\u00e9rite\u00a0: sympt\u00f4mes, quelles diff\u00e9rences\u00a0?<br \/>\n                    <\/a><br \/>\n                <\/h3>\n<\/li>\n<li>\n<h3>\n                    <a href=\"https:\/\/sante.journaldesfemmes.fr\/fiches-maladies\/2665621-angine-ou-covid-19-points-communs-symptome-fievre-mal-gorge-test-difference-contagion-qui-consulter\/\" class=\"jGTMWidgetGAEventClick\" data-gtmwidgetgaeventaction=\"clickWidgetListOnTwoColumns\" data-gtmwidgetgaeventlabel=\"Angine ou Covid-19\u00a0: sympt\u00f4mes, diff\u00e9rences, test\"><br \/>\n                        Angine ou Covid-19\u00a0: sympt\u00f4mes, diff\u00e9rences, test<br \/>\n                    <\/a><br \/>\n                <\/h3>\n<\/li>\n<li>\n<h3>\n                    <a href=\"https:\/\/sante.journaldesfemmes.fr\/fiches-maladies\/2626825-coronavirus-allergie-pollen-asthme-symptomes-traitement-recommandation-conseil\/\" class=\"jGTMWidgetGAEventClick\" data-gtmwidgetgaeventaction=\"clickWidgetListOnTwoColumns\" data-gtmwidgetgaeventlabel=\"Coronavirus ou allergie\u00a0: sympt\u00f4mes, conseils pratiques\"><br \/>\n                        Coronavirus ou allergie\u00a0: sympt\u00f4mes, conseils pratiques<br \/>\n                    <\/a><br \/>\n                <\/h3>\n<\/li>\n<li>\n<h3>\n                    <a href=\"https:\/\/sante.journaldesfemmes.fr\/fiches-maladies\/2619471-grippe-ou-covid-19-coronavirus-differences-symptomes-incubation-transmission-vaccin\/\" class=\"jGTMWidgetGAEventClick\" data-gtmwidgetgaeventaction=\"clickWidgetListOnTwoColumns\" data-gtmwidgetgaeventlabel=\"Grippe ou Covid-19\u00a0: sympt\u00f4mes, comment faire la diff\u00e9rence\u00a0?\"><br \/>\n                        Grippe ou Covid-19\u00a0: sympt\u00f4mes, comment faire la diff\u00e9rence\u00a0?<br \/>\n                    <\/a><br \/>\n                <\/h3>\n<\/li>\n<li>\n<h3>\n                    <a href=\"https:\/\/sante.journaldesfemmes.fr\/fiches-maladies\/2644147-symptomes-coronavirus-qui-reviennent-durent-syndrome-post-covid-que-faire\/\" class=\"jGTMWidgetGAEventClick\" data-gtmwidgetgaeventaction=\"clickWidgetListOnTwoColumns\" data-gtmwidgetgaeventlabel=\"Syndrome post-Covid\u00a0: que faire quand les sympt\u00f4mes reviennent\u00a0?\"><br \/>\n                        Syndrome post-Covid\u00a0: que faire quand les sympt\u00f4mes reviennent\u00a0?<br \/>\n                    <\/a><br \/>\n                <\/h3>\n<\/li>\n<\/ul>\n<\/aside>\n<\/div>\n<ul>\n<li><strong>Si vous pr\u00e9sentez des\u00a0sympt\u00f4mes (toux, fi\u00e8vre, mal de t\u00eate) : <\/strong>\u00e9vitez\u00a0les contacts, restez\u00a0\u00e0 domicile, prenez du parac\u00e9tamol si besoin, appelez\u00a0un m\u00e9decin pour prendre rendez-vous dans l&rsquo;\u00e9ventualit\u00e9 qu&rsquo;il vous fasse passer un test de d\u00e9pistage.\u00a0<\/li>\n<li><strong>Appeler le\u00a015 en cas de\u00a0difficult\u00e9s respiratoires : \u00ab\u00a0<\/strong><em>Si cette toux et cette fi\u00e8vre s&rsquo;accompagnent d&rsquo;une g\u00eane respiratoire qui devient permanente avec souffle court, difficult\u00e9 \u00e0 inspirer et \u00e0 expirer, d&rsquo;une aggravation importante de la toux, cela peut signifier une \u00e9volution de la maladie sous la forme d&rsquo;une pneumopathie. Il s&rsquo;agit alors d&rsquo;une urgence respiratoire potentielle et comme dans tous les cas d&rsquo;urgence, il faut alors appeler le 15\u00a0qui prendra les meilleures dispositions pour r\u00e9pondre \u00e0 la situation\u00a0\u00bb, <\/em>pr\u00e9vient le Dr\u00a0Patrick Aub\u00e9, m\u00e9decin g\u00e9n\u00e9raliste. \u00a0<\/li>\n<\/ul>\n<p>La vaccination contre la Covid-19 se poursuit en France avec plus de 1 184 510\u00a0personnes vaccin\u00e9es au 26\u00a0janvier, donn\u00e9e arr\u00eat\u00e9e \u00e0 19h30. La prise de<strong> rendez-vous<\/strong> est ouverte<b> <\/b>sur les sites Internet <strong>Doctolib, Maiia et KelDoc<\/strong> et peut aussi se faire en contactant par t\u00e9l\u00e9phone le <strong>centre de vaccination<\/strong> le plus proche de chez soi (liste disponible sur\u00a0<a href=\"https:\/\/www.sante.fr\/centres-vaccination-covid.html\" target=\"_blank\" rel=\"noopener noreferrer\">Sante.fr<\/a>) .<em>\u00ab\u00a0Chacun pourra \u00eatre vaccin\u00e9, au fur et \u00e0 mesure des livraisons de doses de vaccin \u00e0 la France. Cela <strong>prendra plusieurs semaines<\/strong> et se fera donc progressivement\u00a0\u00bb<\/em> a pr\u00e9venu le ministre de la Sant\u00e9. De son c\u00f4t\u00e9, le Premier ministre Jean Castex a indiqu\u00e9 qu&rsquo;il faudra \u00eatre \u00ab\u00a0<strong>patient<\/strong>\u00ab\u00a0.\u00a0<\/p>\n<div class=\"ccminsert\">\n<aside class=\"app_widget_fo app_widget_fo--call\">\n<ul>\n<li>\n                <a href=\"https:\/\/sante.journaldesfemmes.fr\/fiches-maladies\/2620433-vaccin-coronavirus-covid-19-europe-pfizer-moderna-commande-delai-dose-differences-fiabilite-pasteur-rougeole\/\" class=\"jGTMWidgetGAEventClick\" data-gtmwidgetgaeventaction=\"clickWidgetCall\" data-gtmwidgetgaeventlabel=\"Vaccin Covid-19\u00a0: direct, Pasteur abandonne, Pfizer, Moderna...\"><\/p>\n<figure><picture><source media=\"(max-width: 480px)\" srcset=\"https:\/\/img-3.journaldesfemmes.fr\/CIzYViT_Vi833gYU-BEtiy-vFOM=\/160x105\/smart\/d4ae5667912e4db78a1973375100ca1f\/ccmcms-jdf\/21782281.jpg\"><img decoding=\"async\" src=\"https:\/\/img-3.journaldesfemmes.fr\/1835eZzUd1JmKTMCmq1Od9jSZCc=\/200x132\/smart\/d4ae5667912e4db78a1973375100ca1f\/ccmcms-jdf\/21782281.jpg\" alt=\"\"\/><\/source><\/picture><figcaption>\n<h3>Vaccin Covid-19\u00a0: direct, Pasteur abandonne, Pfizer, Moderna&#8230;<\/h3>\n<p>L&rsquo;Institut Pasteur annonce arr\u00eater le d\u00e9veloppement de son candidat-vaccin bas\u00e9 sur le virus de la rougeole, contre la Covid-19. Pfizer-BioNTech, Moderna, Sanofi, vaccin russe, chinois\u00a0: quelles sont leurs particularit\u00e9s\u00a0? Technologie, principe, effets secondaires, efficacit\u00e9, doses, voyages\u00a0: derni\u00e8res infos en direct.<\/p>\n<\/figcaption><\/figure>\n<p><\/a>\n            <\/li>\n<\/ul>\n<\/aside>\n<\/div>\n<p>Depuis le lundi\u00a018\u00a0janvier\u00a02021, tous les voyageurs entrant en France en provenance d&rsquo;un pays hors Union-Europ\u00e9enne devront\u00a0:<\/p>\n<ul>\n<li>pr\u00e9senter un test PCR n\u00e9gatif\u00a0;<\/li>\n<li>s&rsquo;isoler pendant 7\u00a0jours une fois arriv\u00e9s en France et faire un 2<sup>e<\/sup>\u00a0test \u00e0 l&rsquo;issue de cette p\u00e9riode.<\/li>\n<\/ul>\n<p>Les personnes n&rsquo;ayant pu r\u00e9aliser un test dans leur pays de d\u00e9part auront la possibilit\u00e9 de se faire tester \u00e0 leur arriv\u00e9e en France et seront contraintes de s&rsquo;isoler 7\u00a0jours dans un lieu d&rsquo;h\u00e9bergement d\u00e9sign\u00e9 par les autorit\u00e9s publiques (Le test n\u00e9gatif est d\u00e9j\u00e0 exig\u00e9 pour les voyageurs venant du Royaume-Uni).<\/p>\n<p>Depuis le dimanche 24 janvier, tous les voyageurs entrant en France et venant d&rsquo;un pays europ\u00e9en doivent pr\u00e9senter avant leur d\u00e9part pour l&rsquo;Hexagone un test PCR n\u00e9gatif de moins de 72 heures.<\/p>\n<table border=\"1\" cellpadding=\"1\" cellspacing=\"1\" style=\"width:100%;\">\n<thead>\n<tr>\n<th scope=\"col\" style=\"text-align: center;\"><strong>DATES CL\u00c9S DE L&rsquo;\u00c9PID\u00c9MIE EN FRANCE<\/strong><\/th>\n<\/tr>\n<\/thead>\n<tbody>\n<tr>\n<td>\n<ul>\n<li><strong>31\u00a0d\u00e9cembre 2019,<\/strong> l&rsquo;Organisation mondiale de la Sant\u00e9 en Chine est inform\u00e9e de plusieurs cas de pneumonies dans la ville de Wuhan. 44\u00a0personnes sont infect\u00e9es entre cette date et le 3\u00a0janvier 2020.<\/li>\n<li><strong>7\u00a0janvier 2020, <\/strong>les autorit\u00e9s chinoises identifient un \u00ab\u00a0nouveau type de coronavirus\u00a0\u00bb.<\/li>\n<li><strong>13\u00a0janvier, <\/strong>un cas import\u00e9 est recens\u00e9 en Tha\u00eflande.<\/li>\n<li><strong>15\u00a0janvier<\/strong>, le virus cause\u00a0la mort d&rsquo;<strong>une premi\u00e8re\u00a0personne \u00e0 Wuhan<\/strong>, un homme de 69\u00a0ans.\u00a0<\/li>\n<li><strong>23\u00a0janvier,<\/strong> trois villes chinoises dont Wuhan sont plac\u00e9es en quarantaine.<\/li>\n<li><strong>25\u00a0janvier, trois personnes\u00a0contamin\u00e9es sont recens\u00e9es en France<\/strong>, deux \u00e0 Paris et une Bordeaux. Ce sont les premiers cas enregistr\u00e9s sur le continent europ\u00e9en.<\/li>\n<li><strong>30\u00a0janvier, <\/strong>l&rsquo;Organisation mondiale de la Sant\u00e9 <strong>d\u00e9cr\u00e8te\u00a0l&rsquo;<a href=\"https:\/\/sante.journaldesfemmes.fr\/fiches-maladies\/2608035-urgence-de-sante-publique-de-portee-internationale-definition-oms-coronavirus\/\" target=\"_blank\" rel=\"noopener noreferrer\">urgence de sant\u00e9 mondiale<\/a><\/strong>.\u00a0Cette mesure n&rsquo;avait \u00e9t\u00e9 d\u00e9cr\u00e9t\u00e9e que 5\u00a0fois depuis sa cr\u00e9ation (pour Ebola (deux fois), la grippe H1N1, Zika et la poliomy\u00e9lite).\u00a0<\/li>\n<li><strong>23\u00a0f\u00e9vrier, <\/strong>la France d\u00e9clenche le <a href=\"https:\/\/sante.journaldesfemmes.fr\/fiches-maladies\/2622449-plan-orsan-reb-definition-signification-qui-declenche-coronavirus-definition-duree\/\" target=\"_blank\" rel=\"noopener noreferrer\">plan ORSAN<\/a>, un dispositif exceptionnel d&rsquo;organisation des soins.<\/li>\n<li><strong>28\u00a0f\u00e9vrier,<\/strong> la France passe en stade 2\u00a0de l&rsquo;\u00e9pid\u00e9mie.<\/li>\n<li><strong>11\u00a0mars, <\/strong>l&rsquo;OMS classifie de <strong>pand\u00e9mie <\/strong>la diffusion de la maladie \u00e0 coronavirus Covid-19\u00a0dans le monde.<\/li>\n<li><strong>12\u00a0mars<\/strong>, le pr\u00e9sident de la R\u00e9publique Emmanuel Macron annonce la fermeture nationale des cr\u00e8ches et \u00e9tablissements scolaires de France \u00e0 compter du 16\u00a0mars et \u00ab\u00a0jusqu&rsquo;\u00e0 nouvel ordre\u00a0\u00bb.<\/li>\n<li><strong>14\u00a0mars<\/strong>, la France passe au <a href=\"https:\/\/sante.journaldesfemmes.fr\/fiches-maladies\/2625289-coronavirus-covid-19-stade-1-2-3-4-duree-mesure-france-signification-quand\/\" target=\"_blank\" rel=\"noopener noreferrer\"><strong>stade 3 <\/strong><\/a>de l&rsquo;\u00e9pid\u00e9mie.<\/li>\n<li><strong>16\u00a0mars\u00a0:<\/strong>\u00a0la France met en place un dispositif de confinement interdisant les d\u00e9placements.<\/li>\n<li><strong>18\u00a0mars<\/strong> le premier transfert de patients Covid-19\u00a0en France est r\u00e9alis\u00e9\u00a0gr\u00e2ce \u00e0 l&rsquo;Arm\u00e9e, par voie terrestre et a\u00e9rienne.\u00a0<\/li>\n<li><strong>26\u00a0mars<\/strong>, un premier cas jeune meurt en France, une adolescente de 16\u00a0ans, en Ile-de-France originaire de Morsang-sur-Orge.<\/li>\n<li><strong>27\u00a0mars,<\/strong> le confinement de la population fran\u00e7aise est renouvel\u00e9 jusqu&rsquo;au 15\u00a0avril.<\/li>\n<li><strong>13\u00a0avril,<\/strong> Emmanuel Macron annonce le prolongement du confinement jusqu&rsquo;au 11\u00a0mai.<\/li>\n<li><strong>11\u00a0mai, <\/strong>la France commence son d\u00e9confinement.<\/li>\n<li><strong>\u00a015\u00a0juin<\/strong>, toute la France passe en zone verte, sauf Mayotte et la Guyane. \u00c0\u00a0Paris, les restaurants et bars peuvent rouvrir compl\u00e8tement.<\/li>\n<li><strong>22\u00a0juin, <\/strong>les \u00e9coles sont de nouveaux obligatoires en France pour tous les \u00e9l\u00e8ves. Les cin\u00e9mas, salles de jeux, casinos rouvrent. Les sports collectifs peuvent \u00eatre autoris\u00e9s tout en respectant certaines conditions sanitaires.<\/li>\n<li><strong>10\u00a0juillet<\/strong>, la <strong>France <\/strong>a franchi la barre des 30\u00a0000\u00a0morts. Dans la nuit du 10\u00a0au 11\u00a0juillet \u00e0 minuit, l&rsquo;\u00e9tat d&rsquo;urgence sanitaire prend fin en France.<\/li>\n<li><strong>\u00a020\u00a0juillet,<\/strong>\u00a0le <strong>port du masque est obligatoire <\/strong>dans les lieux publics clos en France.<\/li>\n<li><strong>8 octobre, <\/strong>le<strong> plan blanc est r\u00e9activ\u00e9 <\/strong>dans les h\u00f4pitaux d&rsquo;Ile-de-France.<\/li>\n<li><strong>17 octobre \u00e0 0h01<\/strong>, la France repasse en \u00e9tat d&rsquo;urgence sanitaire et un <strong>couvre-feu <\/strong>est instaur\u00e9 dans 9 territoires\u00a0(Paris-Ile-de-France, Rouen, Grenoble, Lille, Lyon, Aix-Marseille, Montpellier, Saint-Etienne, Toulouse).<\/li>\n<li><strong>24 octobre \u00e0 0h01 :<\/strong> extension des mesures de couvre-feu \u00e0 38 nouveaux d\u00e9partements fran\u00e7ais.<\/li>\n<li><strong>29 octobre \u00e0 0h01<\/strong> : reconfinement national pour 4 semaines, jusqu&rsquo;au 1er d\u00e9cembre au minimum.<\/li>\n<li><strong>28 novembre : <\/strong>premi\u00e8re \u00e9tape d&rsquo;all\u00e8gement du confinement avec la r\u00e9ouverture des commerces non essentiels.<\/li>\n<li><strong>15 d\u00e9cembre : <\/strong>seconde \u00e9tape\u00a0d&rsquo;all\u00e8gement du confinement avec le passage \u00e0 un couvre-feu de 20 heures \u00e0 6 heures du matin.<\/li>\n<li><strong>31 d\u00e9cembre<\/strong> : couvre-feu impos\u00e9 le soir du 31 d\u00e9cembre, de 20 heures \u00e0 6 heures du matin.<\/li>\n<li><strong>21 d\u00e9cembre<\/strong> : autorisation du vaccin Pfizer en Europe.<\/li>\n<li><strong>24 d\u00e9cembre<\/strong> : autorisation du vaccin Pfizer BioNTech en France.<\/li>\n<li><strong>27 d\u00e9cembre :<\/strong> d\u00e9but de la vaccination en France et dans l&rsquo;Union europ\u00e9enne avec le vaccin Pfizer BioNTech.<\/li>\n<li><strong>8 janvier 2021<\/strong> :\u00a0autorisation du vaccin Moderna en France.<\/li>\n<li><strong>24 janvier 2021<\/strong> : un test PCR n\u00e9gatif est obligatoire pour rentrer en France par avion pour les voyageurs venant d&rsquo;un pays europ\u00e9en (sauf pour les travailleurs transfrontaliers et le transport terrestre).<\/li>\n<\/ul>\n<\/td>\n<\/tr>\n<\/tbody>\n<\/table>\n<p><em>Cet article est mis \u00e0 jour quotidiennement par <a href=\"https:\/\/www.journaldesfemmes.fr\/account\/ablaize-11409696\" target=\"_blank\" rel=\"noopener noreferrer\">Aur\u00e9lie Blaize<\/a>, <a href=\"https:\/\/www.journaldesfemmes.fr\/account\/anaisthiebaux-10573564\" target=\"_blank\" rel=\"noopener noreferrer\">Ana\u00efs Thi\u00e9baux<\/a> et <a href=\"https:\/\/www.journaldesfemmes.fr\/account\/samanthapages-11598093\" target=\"_blank\" rel=\"noopener noreferrer\">Samantha Pag\u00e8s<\/a>.\u00a0<\/em><\/p>\n<\/section>\n<\/div>\n<p>[ad_2]<br \/>\n<br \/><a href=\"https:\/\/sante.journaldesfemmes.fr\/fiches-maladies\/2605417-covid-19-france-coronavirus-chiffres-vaccination-nombre-cas-mort-bilan-chiffres-du-jour-actus-direct\/\">Source link <\/a><\/p>\n","protected":false},"excerpt":{"rendered":"<p>[ad_1] CORONAVIRUS DIRECT &#8211; L&rsquo;\u00e9pid\u00e9mie progresse avec l&rsquo;inqui\u00e9tante propagation du variant anglais en France. 26\u00a0916\u00a0nouveaux cas et 350\u00a0nouveaux d\u00e9c\u00e8s sont &hellip; <a href=\"http:\/\/www.affinite.fr\/index.php\/2021\/01\/27\/hausse-du-nombre-de-cas-de-morts-chiffres\/\" class=\"more-link\">Plus <span class=\"screen-reader-text\">hausse du nombre de cas, de morts, chiffres<\/span> <span class=\"meta-nav\">&rarr;<\/span><\/a><\/p>\n","protected":false},"author":1,"featured_media":5861,"comment_status":"open","ping_status":"open","sticky":false,"template":"","format":"standard","meta":{"_sitemap_exclude":false,"_sitemap_priority":"","_sitemap_frequency":"","footnotes":""},"categories":[1],"tags":[],"class_list":["post-5860","post","type-post","status-publish","format-standard","has-post-thumbnail","hentry","category-tous"],"_links":{"self":[{"href":"http:\/\/www.affinite.fr\/index.php\/wp-json\/wp\/v2\/posts\/5860"}],"collection":[{"href":"http:\/\/www.affinite.fr\/index.php\/wp-json\/wp\/v2\/posts"}],"about":[{"href":"http:\/\/www.affinite.fr\/index.php\/wp-json\/wp\/v2\/types\/post"}],"author":[{"embeddable":true,"href":"http:\/\/www.affinite.fr\/index.php\/wp-json\/wp\/v2\/users\/1"}],"replies":[{"embeddable":true,"href":"http:\/\/www.affinite.fr\/index.php\/wp-json\/wp\/v2\/comments?post=5860"}],"version-history":[{"count":0,"href":"http:\/\/www.affinite.fr\/index.php\/wp-json\/wp\/v2\/posts\/5860\/revisions"}],"wp:featuredmedia":[{"embeddable":true,"href":"http:\/\/www.affinite.fr\/index.php\/wp-json\/wp\/v2\/media\/5861"}],"wp:attachment":[{"href":"http:\/\/www.affinite.fr\/index.php\/wp-json\/wp\/v2\/media?parent=5860"}],"wp:term":[{"taxonomy":"category","embeddable":true,"href":"http:\/\/www.affinite.fr\/index.php\/wp-json\/wp\/v2\/categories?post=5860"},{"taxonomy":"post_tag","embeddable":true,"href":"http:\/\/www.affinite.fr\/index.php\/wp-json\/wp\/v2\/tags?post=5860"}],"curies":[{"name":"wp","href":"https:\/\/api.w.org\/{rel}","templated":true}]}}