{"id":5858,"date":"2021-01-27T02:17:53","date_gmt":"2021-01-27T02:17:53","guid":{"rendered":"https:\/\/www.affinite.fr\/index.php\/2021\/01\/27\/plus-belle-la-vie-du-mercredi-27-janvier-2021-resume-en-avance-de-lepisode-4203-spoilers-news-series-a-la-tv\/"},"modified":"2021-01-27T02:17:53","modified_gmt":"2021-01-27T02:17:53","slug":"plus-belle-la-vie-du-mercredi-27-janvier-2021-resume-en-avance-de-lepisode-4203-spoilers-news-series-a-la-tv","status":"publish","type":"post","link":"http:\/\/www.affinite.fr\/index.php\/2021\/01\/27\/plus-belle-la-vie-du-mercredi-27-janvier-2021-resume-en-avance-de-lepisode-4203-spoilers-news-series-a-la-tv\/","title":{"rendered":"Plus belle la vie du mercredi 27 janvier 2021 : r\u00e9sum\u00e9 en avance de l&rsquo;\u00e9pisode 4203 [SPOILERS] &#8211; News S\u00e9ries \u00e0 la TV"},"content":{"rendered":"<p> [ad_1]<br \/>\n<\/p>\n<div id=\"article-container\">\n<p class=\"article-lead\">Dans le prochain \u00e9pisode de \u00ab\u00a0Plus belle la vie\u00a0\u00bb&#8230; Alors que Thomas et Barbara se confrontent aux dures r\u00e9alit\u00e9s des projets fragiles, Patrick cherche par tous les moyens \u00e0 mettre fin \u00e0 la cavale d\u2019un monstre.<\/p>\n<div id=\"article-content\">\n<figure class=\"article-figure article-main-figure\"><img loading=\"lazy\" decoding=\"async\" class=\"article-figure-img\" width=\"640\" height=\"360\" src=\"https:\/\/fr.web.img3.acsta.net\/r_640_360\/newsv7\/21\/01\/25\/12\/53\/5784066.jpg\"\/><figcaption class=\"article-figcaption-copy\">Capture d&rsquo;\u00e9cran\/FTV<\/figcaption><\/figure>\n<p><strong>Attention, les paragraphes qui suivent contiennent des spoilers sur l&rsquo;\u00e9pisode de<span>\u00a0<\/span><a title=\"Plus belle la vie (France) (Drame,Soap)\" href=\"http:\/\/www.allocine.fr\/series\/ficheserie_gen_cserie=322.html\">Plus Belle la vie<\/a><\/strong><strong>\u00a0diffus\u00e9 mercredi soir sur France 3 !<\/strong><\/p>\n<p>Patrick se lance \u00e0 la recherche du ravisseur<\/p>\n<p>Rassur\u00e9e par Emma, Camille accepte de d\u00e9signer le v\u00e9ritable portrait-robot de Jacob. Toutefois, d\u00e8s le lendemain, elle d\u00e9fend son ravisseur. Ce dernier suit la conf\u00e9rence de presse donn\u00e9e par Patrick devant le commissariat. Il ne d\u00e9sesp\u00e8re pas de retrouver Camille. De son c\u00f4t\u00e9, Camille s\u2019\u00e9nerve contre son chat, qui a griff\u00e9 Mathis. Dans la nuit, elle tue l&rsquo;animal \u00e0 coups de marteau\u2026<\/p>\n<p>Victoire fait la connaissance de Romain<\/p>\n<p>A l\u2019h\u00f4pital, Victoire d\u00e9couvre Romain Vidal, le jeune homme qui a sauv\u00e9 Luna de son agression, en train d\u2019ausculter S\u00e9bastien, son voisin de lit. Romain, qui se pr\u00e9sente comme \u00e9tant le directeur d\u2019un service de neurochirurgie \u00e0 Paris, affirme que S\u00e9bastien souffre d\u2019une p\u00e9ritonite aigu\u00eb. Si Victoire le remercie d\u2019avoir sauv\u00e9 son patient, elle est n\u00e9anmoins agac\u00e9e par son comportement.<\/p>\n<p>Thomas et Barbara montent leur affaire<\/p>\n<p>Alors que C\u00e9sar joue de ses relations pour permettre \u00e0 Thomas d\u2019obtenir une licence IV, Barbara d\u00e9couvre que l\u2019agriculteur avec lequel elle souhaitait collaborer est d\u00e9j\u00e0 engag\u00e9 aupr\u00e8s d\u2019Alison.<\/p>\n<p><iframe loading=\"lazy\" src=\"https:\/\/embedftv-a.akamaihd.net\/3d3d50e7db48635ad598f792d6433a28\" width=\"560\" height=\"315\" frameborder=\"0\" allowfullscreen=\"\" scrolling=\"no\"><\/iframe><\/p>\n<p>\u00a0<\/p>\n<\/p><\/div>\n<\/p><\/div>\n<p>[ad_2]<br \/>\n<br \/><a href=\"http:\/\/rss.allocine.fr\/~r\/ac\/actualites\/~3\/ivtY5EjUBpg\/fichearticle_gen_carticle=18696038.html\">Source link <\/a><\/p>\n","protected":false},"excerpt":{"rendered":"<p>[ad_1] Dans le prochain \u00e9pisode de \u00ab\u00a0Plus belle la vie\u00a0\u00bb&#8230; Alors que Thomas et Barbara se confrontent aux dures r\u00e9alit\u00e9s &hellip; <a href=\"http:\/\/www.affinite.fr\/index.php\/2021\/01\/27\/plus-belle-la-vie-du-mercredi-27-janvier-2021-resume-en-avance-de-lepisode-4203-spoilers-news-series-a-la-tv\/\" class=\"more-link\">Plus <span class=\"screen-reader-text\">Plus belle la vie du mercredi 27 janvier 2021 : r\u00e9sum\u00e9 en avance de l&rsquo;\u00e9pisode 4203 [SPOILERS] &#8211; News S\u00e9ries \u00e0 la TV<\/span> <span class=\"meta-nav\">&rarr;<\/span><\/a><\/p>\n","protected":false},"author":1,"featured_media":5859,"comment_status":"open","ping_status":"open","sticky":false,"template":"","format":"standard","meta":{"_sitemap_exclude":false,"_sitemap_priority":"","_sitemap_frequency":"","footnotes":""},"categories":[1],"tags":[],"class_list":["post-5858","post","type-post","status-publish","format-standard","has-post-thumbnail","hentry","category-tous"],"_links":{"self":[{"href":"http:\/\/www.affinite.fr\/index.php\/wp-json\/wp\/v2\/posts\/5858"}],"collection":[{"href":"http:\/\/www.affinite.fr\/index.php\/wp-json\/wp\/v2\/posts"}],"about":[{"href":"http:\/\/www.affinite.fr\/index.php\/wp-json\/wp\/v2\/types\/post"}],"author":[{"embeddable":true,"href":"http:\/\/www.affinite.fr\/index.php\/wp-json\/wp\/v2\/users\/1"}],"replies":[{"embeddable":true,"href":"http:\/\/www.affinite.fr\/index.php\/wp-json\/wp\/v2\/comments?post=5858"}],"version-history":[{"count":0,"href":"http:\/\/www.affinite.fr\/index.php\/wp-json\/wp\/v2\/posts\/5858\/revisions"}],"wp:featuredmedia":[{"embeddable":true,"href":"http:\/\/www.affinite.fr\/index.php\/wp-json\/wp\/v2\/media\/5859"}],"wp:attachment":[{"href":"http:\/\/www.affinite.fr\/index.php\/wp-json\/wp\/v2\/media?parent=5858"}],"wp:term":[{"taxonomy":"category","embeddable":true,"href":"http:\/\/www.affinite.fr\/index.php\/wp-json\/wp\/v2\/categories?post=5858"},{"taxonomy":"post_tag","embeddable":true,"href":"http:\/\/www.affinite.fr\/index.php\/wp-json\/wp\/v2\/tags?post=5858"}],"curies":[{"name":"wp","href":"https:\/\/api.w.org\/{rel}","templated":true}]}}