{"id":5856,"date":"2021-01-26T19:24:10","date_gmt":"2021-01-26T19:24:10","guid":{"rendered":"https:\/\/www.affinite.fr\/index.php\/2021\/01\/26\/progression-du-variant-anglais-derniers-chiffres\/"},"modified":"2021-01-26T19:24:10","modified_gmt":"2021-01-26T19:24:10","slug":"progression-du-variant-anglais-derniers-chiffres","status":"publish","type":"post","link":"http:\/\/www.affinite.fr\/index.php\/2021\/01\/26\/progression-du-variant-anglais-derniers-chiffres\/","title":{"rendered":"progression du variant anglais, derniers chiffres"},"content":{"rendered":"<p> [ad_1]<br \/>\n<\/p>\n<p>\n                CORONAVIRUS DIRECT &#8211; L&rsquo;\u00e9pid\u00e9mie poursuit sa progression avec une inqui\u00e9tante circulation du variant anglais. La France enregistre 350\u00a0nouveaux d\u00e9c\u00e8s et plus de 22\u00a0000\u00a0nouveaux cas en 24h. Face \u00e0 cette flamb\u00e9e \u00e9pid\u00e9mique, de nouvelles mesures pourraient \u00eatre annonc\u00e9es cette semaine. Derniers chiffres et infos.            <\/p>\n<div>\n<aside class=\"ccmsummary marqueur_module ccmcss_cms_summary ccmcss_cms_summary--right\">\n<p>\u00a0Sommaire<\/p>\n<\/aside>\n<p><strong>[Mis\u00a0\u00e0 jour le mardi 26 janvier \u00e0 19h44<\/strong><b>]<\/b>\u00a0L&rsquo;\u00e9pid\u00e9mie de Covid-19 devient\u00a0plus meurtri\u00e8re avec la circulation accrue du variant anglais en France.\u00a0<strong>350 nouveaux d\u00e9c\u00e8s<\/strong> sont enregistr\u00e9s\u00a0au cours des derni\u00e8res 24 heures, et les nombres d&rsquo;admissions \u00e0 l&rsquo;h\u00f4pital et en r\u00e9animation\u00a0continuent d&rsquo;augmenter : <strong>plus de 3 000 patients se trouvent actuellement en r\u00e9animation<\/strong>. Le\u00a0nombre de nouveaux cas confirm\u00e9s repart \u00e0 la hausse :\u00a0<strong>22 086\u00a0cas en 24h<\/strong>.<strong>\u00a0<\/strong>L&rsquo;Ordre national\u00a0des m\u00e9decins d\u00e9clare mardi qu&rsquo;<strong>\u00ab\u00a0<em>Il appara\u00eet clairement que la tension (hospitali\u00e8re) (&#8230;) sera tr\u00e8s forte dans les prochaines semaines\u00a0\u00bb.<\/em>\u00a0<\/strong>La progression de l&rsquo;\u00e9pid\u00e9mie laisse se dessiner le <strong>sc\u00e9nario d&rsquo;un troisi\u00e8me confinement<\/strong>. \u00ab\u00a0<em>Des d\u00e9cisions seront prises cette semaine [\u2026], il ne s&rsquo;agit pas de baisser la garde<\/em>\u00ab\u00a0, a pr\u00e9venu Jean Castex, le Premier ministre, \u00e0 l&rsquo;Agence r\u00e9gionale de Sant\u00e9 d&rsquo;Ile-de-France, le lundi 25 janvier. Des mesures seront d\u00e9cid\u00e9es ce mercredi, au cours d&rsquo;un Conseil de D\u00e9fense qui sera probablement suivi par un discours d&rsquo;Emmanuel Macron. Face \u00e0 la circulation des <strong>nouveaux variants \u00e9trangers<\/strong>, encore plus contagieux, le pr\u00e9sident du Conseil Scientifique recommande un reconfinement. De son c\u00f4t\u00e9, l&rsquo;infectiologue Eric Caumes insiste sur RMC sur le fait qu'\u00a0\u00bb<em>il vaut mieux confiner de mani\u00e8re s\u00e9v\u00e8re pendant trois semaines qu&rsquo;avoir un confinement mou pendant des mois<\/em>\u00ab\u00a0.\u00a0Les <strong>r\u00e9gions les plus touch\u00e9es <\/strong>actuellement par l&rsquo;\u00e9pid\u00e9mie sont la\u00a0Provence-Alpes-C\u00f4te d&rsquo;Azur, la Bourgogne-Franche-Comt\u00e9, le Grand Est et <strong>l&rsquo;Auvergne<\/strong>-Rh\u00f4ne-Alpes. Face \u00e0 la progression\u00a0de <strong>variants \u00e9mergents,<\/strong> avec une <strong>contagiosit\u00e9 sup\u00e9rieure <\/strong>\u00e0 celle des variants actuellement majoritaires, les autorit\u00e9s rappellent que les mesures de pr\u00e9vention et de <strong>distanciation <\/strong>sociale (<strong>au moins 2 m\u00e8tres<\/strong> entre les gens) restent les principaux moyens permettant de freiner la circulation du virus. Que disent les\u00a0<a data-auth=\"NotApplicable\" href=\"https:\/\/sante.journaldesfemmes.fr\/fiches-maladies\/2667643-carte-covid-19-france-interractive-zone-rouge-departement-region-ile-de-france-vaccination-europe-monde\/\" rel=\"noopener noreferrer\" target=\"_blank\">cartes<\/a> de suivi de l&rsquo;\u00e9pid\u00e9mie ? Quelles sont les r\u00e9gions sous tension hospitali\u00e8re ?\u00a0<a data-auth=\"NotApplicable\" href=\"https:\/\/sante.journaldesfemmes.fr\/fiches-maladies\/2629823-taux-de-reproduction-covid-france-coronavirus-r0-r-effectif-calcul-evolution-aujourd-hui-departement\/\" rel=\"noopener noreferrer\" target=\"_blank\">Quel est le taux de R0 du coronavirus en France<\/a>\u00a0? Quand est-on contagieux ? Que sait-on des\u00a0<a href=\"https:\/\/sante.journaldesfemmes.fr\/fiches-maladies\/2620433-vaccin-coronavirus-covid-19-europe-pfizer-moderna-commande-delai-dose-differences-fiabilite-pasteur-rougeole\/\" target=\"_blank\" rel=\"noopener noreferrer\">vaccins<\/a>\u00a0? Des\u00a0<a href=\"https:\/\/sante.journaldesfemmes.fr\/fiches-maladies\/2686947-effets-secondaires-indesirable-vaccin-covid-ansm-france-pfizer-moderna-deces-allergie-paralysie\/\" target=\"_blank\" rel=\"noopener noreferrer\">effets secondaires<\/a>\u00a0apr\u00e8s la vaccination ? Chiffres et infos du jour.<\/p>\n<ul>\n<li><strong>Acc\u00e9l\u00e9rer la vaccination des soignants.\u00a0<\/strong>L&rsquo;Ordre des m\u00e9decins a demand\u00e9 mardi d'\u00a0\u00bbacc\u00e9l\u00e9rer\u00a0\u00bb la vaccination contre le Covid-19\u00a0de tous les soignants fran\u00e7ais \u00ab\u00a0sans crit\u00e8re d&rsquo;\u00e2ge ni de comorbidit\u00e9s\u00a0\u00bb. Cette mesure\u00a0aidera le syst\u00e8me de sant\u00e9 \u00e0 \u00ab\u00a0rester debout\u00a0\u00bb car\u00a0\u00ab\u00a0Il appara\u00eet clairement que la tension (hospitali\u00e8re&#8230;) sera tr\u00e8s forte dans les prochaines semaines\u00a0\u00bb, indique l&rsquo;Institution.\u00a0<\/li>\n<li><strong>Efficacit\u00e9 du vaccin Moderna sur les variants ? <\/strong>Le PDG de Moderna, St\u00e9phane Bancel a confirm\u00e9 mardi que le vaccin Moderna \u00e9tait efficace contre le vaccin anglais. L&rsquo;incertitude est plus grande sur le variant\u00a0sud-africain. <em>\u00ab\u00a0Aujourd&rsquo;hui ce que l&rsquo;on sait, sur le variant anglais, il y a une efficacit\u00e9 totalement identique. Pour le variant d&rsquo;Afrique du Sud qui a beaucoup mut\u00e9, il existe encore une tr\u00e8s belle protection avec le vaccin mais on ignore la dur\u00e9e de cette protection. Nous \u00e9tudions, par pr\u00e9caution, un nouveau vaccin contre ce variant. Il s&rsquo;agira d&rsquo;un rappel en cas de d\u00e9croissance trop importante des anticorp<\/em>s\u00a0\u00bb a t-il indiqu\u00e9 sur <em>LCI<\/em>.<\/li>\n<li><strong>Le variant anglais progresse en France. <\/strong>Le ministre de la sant\u00e9 Olivier V\u00e9ran a indiqu\u00e9 mardi\u00a0devant l&rsquo;Assembl\u00e9e Nationale qu'\u00a0\u00bb<em>Il semble que l&rsquo;augmentation du variant anglais sur le territoire national se confirme progressivement\u00a0\u00bb<\/em>. Une information confirm\u00e9e en Ile-de-France par le Pr Bruno Riou, directeur m\u00e9dical de crise de l&rsquo;AP-HP\u00a0h\u00f4pitaux de Paris\u00a0: le variant anglais\u00a0repr\u00e9sentait pr\u00e8s de 10% des cas d\u00e9pist\u00e9s en Ile-de-France depuis deux semaines. Ces r\u00e9sultats, \u00ab\u00a0\u00e0 prendre avec pr\u00e9caution\u00a0\u00bb, augurent d&rsquo;une prochaine hausse \u00ab\u00a0tr\u00e8s significative\u00a0\u00bb du nombre de malades, a t-il pr\u00e9venu.<\/li>\n<li><strong>Discours de Macron.<\/strong> Malgr\u00e9 la tenue du Conseil de d\u00e9fense mercredi 27 janvier, \u00ab\u00a0<em>rien ne serait encore act\u00e9<\/em>\u00ab\u00a0, peut-on entendre de l&rsquo;entourage du Chef de l&rsquo;Etat. Emmanuel Macron devrait faire un discours le weekend prochain pour annoncer de nouvelles mesures.\u00a0<\/li>\n<li><strong>Pas d&rsquo;allongement du d\u00e9lai d&rsquo;injection.<\/strong> Contrairement \u00e0 la <a href=\"https:\/\/www.has-sante.fr\/jcms\/p_3234139\/fr\/decaler-la-deuxieme-dose-de-vaccin-a-6-semaines-pour-accelerer-la-vaccination-et-faire-face-a-la-flambee-epidemique\" target=\"_blank\" rel=\"noopener noreferrer\">Haute Autorit\u00e9 de Sant\u00e9 (HAS)<\/a> qui recommandait\u00a0d&rsquo;\u00e9largir \u00e0 6\u00a0semaines le d\u00e9lai entre 2\u00a0doses de vaccin,\u00a0le gouvernement a d\u00e9cid\u00e9 de maintenir\u00a0\u00ab\u00a0<em>le d\u00e9lai d&rsquo;injection des deux doses du vaccin Pfizer \u00e0\u00a04\u00a0semaines (3 semaines dans les Ehpad)<\/em>, d\u00e9clare Olivier V\u00e9ran, ministre de la Sant\u00e9, sur BFMTV. <em>Nous sommes face \u00e0 une part d&rsquo;inqui\u00e9tude, d&rsquo;incertitude, je note l&rsquo;absence de consensus scientifique<\/em>\u00ab\u00a0.<\/li>\n<li><strong>Extinction des feux.<\/strong> La Rochelle a d\u00e9cid\u00e9 de couper son \u00e9clairage public \u00e0 22 heures dans certaines zones de la ville \u00e0 partir de la fin de la semaine, informe <a href=\"https:\/\/www.francebleu.fr\/infos\/insolite\/couvre-feu-la-rochelle-coupe-l-eclairage-public-trois-heures-plus-tot-1611665963\" target=\"_blank\" rel=\"noopener noreferrer\">un article de France Bleu<\/a>.<\/li>\n<li><strong>T\u00e9l\u00e9travail.<\/strong> \u00ab\u00a0<em>Le t\u00e9l\u00e9travail reste la r\u00e8gle si vous pouvez effectuer toutes vos t\u00e2ches \u00e0 distance<\/em>\u00ab\u00a0, tient \u00e0 rappeler la ministre du Travail, Elisabeth Borne ce mardi 26 janvier au micro de RTL.\u00a0<\/li>\n<li><strong>Objectif de vaccination.<\/strong>\u00a0L&rsquo;objectif est de vacciner \u00ab\u00a0<strong>15\u00a0millions de personnes vuln\u00e9rables<\/strong> d&rsquo;ici fin juin\u00a0\u00bb, a affirm\u00e9\u00a0Agn\u00e8s Pannier-Runacher, la ministre d\u00e9l\u00e9gu\u00e9e \u00e0 l&rsquo;industrie ce mardi 26 janvier\u00a0sur BFMTV.<\/li>\n<li data-insertor-excluded=\"1\"><strong>Tests pour l&rsquo;Espagne. <\/strong>Pour entrer en Espagne, les voyageurs en provenance de\u00a065\u00a0\u00ab\u00a0pays \u00e0 risque\u00a0\u00bb, dont\u00a0la France, doivent pr\u00e9senter un\u00a0test PCR n\u00e9gatif de moins de 72\u00a0heures\u00a0\u00e0 leur arriv\u00e9e. Cela concerne les ports et les a\u00e9roports.\u00a0<\/li>\n<li><strong>Vaccin Pasteur.<\/strong> L&rsquo;Institut Pasteur a annonc\u00e9 dans <a href=\"https:\/\/www.pasteur.fr\/fr\/espace-presse\/documents-presse\/covid-19-point-etape-mobilisation-scientifique-programmes-recherche-candidats-vaccins-issus-institut\" target=\"_blank\" rel=\"noopener noreferrer\">un communiqu\u00e9<\/a>\u00a0<strong>l&rsquo;arr\u00eat son principal projet de vaccin<\/strong>, bas\u00e9 sur le virus du vaccin contre la rougeole, jug\u00e9 insuffisamment efficace, selon\u00a0des r\u00e9sultats interm\u00e9diaires obtenus dans le cadre d&rsquo;essais de phase I, engag\u00e9s depuis ao\u00fbt dernier. \u00ab\u00a0<em>Dans ces \u00e9tudes de premi\u00e8re administration chez l&rsquo;homme, le candidat vaccin a \u00e9t\u00e9 bien tol\u00e9r\u00e9, mais <strong>les r\u00e9ponses immunitaires induites se sont av\u00e9r\u00e9es inf\u00e9rieures<\/strong> \u00e0 celles observ\u00e9es chez les personnes gu\u00e9ries d&rsquo;une infection naturelle ainsi qu&rsquo;\u00e0 celles observ\u00e9es avec les vaccins autoris\u00e9s contre le SARS-CoV-2\/Covid-19<\/em>\u00ab\u00a0, \u00e9crit l&rsquo;Institut.<\/li>\n<\/ul>\n<div class=\"ccminsert\">\n<aside class=\"app_widget_fo app_widget_fo--call\">\n<ul>\n<li>\n                <a href=\"https:\/\/sante.journaldesfemmes.fr\/fiches-maladies\/2620433-vaccin-coronavirus-covid-19-europe-pfizer-moderna-commande-delai-dose-differences-fiabilite-pasteur-rougeole\/\" class=\"jGTMWidgetGAEventClick\" data-gtmwidgetgaeventaction=\"clickWidgetCall\" data-gtmwidgetgaeventlabel=\"Vaccin Covid-19\u00a0: direct, Pasteur abandonne, Pfizer, Moderna...\"><\/p>\n<figure><picture><source media=\"(max-width: 480px)\" srcset=\"https:\/\/img-3.journaldesfemmes.fr\/CIzYViT_Vi833gYU-BEtiy-vFOM=\/160x105\/smart\/d4ae5667912e4db78a1973375100ca1f\/ccmcms-jdf\/21782281.jpg\"><img decoding=\"async\" src=\"https:\/\/img-3.journaldesfemmes.fr\/1835eZzUd1JmKTMCmq1Od9jSZCc=\/200x132\/smart\/d4ae5667912e4db78a1973375100ca1f\/ccmcms-jdf\/21782281.jpg\" alt=\"\"\/><\/source><\/picture><figcaption>\n<h3>Vaccin Covid-19\u00a0: direct, Pasteur abandonne, Pfizer, Moderna&#8230;<\/h3>\n<p>L&rsquo;Institut Pasteur annonce arr\u00eater le d\u00e9veloppement de son candidat-vaccin bas\u00e9 sur le virus de la rougeole, contre la Covid-19. Pfizer-BioNTech, Moderna, Sanofi, vaccin russe, chinois\u00a0: quelles sont leurs particularit\u00e9s\u00a0? Technologie, principe, effets secondaires, efficacit\u00e9, doses, voyages\u00a0: derni\u00e8res infos en direct.<\/p>\n<\/figcaption><\/figure>\n<p><\/a>\n            <\/li>\n<\/ul>\n<\/aside>\n<\/div>\n<ul>\n<li><strong>Reconfinement in\u00e9luctable ?<\/strong>\u00a0Face \u00e0 la circulation des variants \u00e9trangers, \u00ab\u00a0<em>il faudra probablement<strong> aller vers un confinement<\/strong><\/em>, estime Jean-Fran\u00e7ois Delfraissy, pr\u00e9sident du Conseil scientifique, invit\u00e9 de BFMTV dimanche 24 janvier.\u00a0<em>Les mesures interm\u00e9diaires n&rsquo;ont pas suffisamment march\u00e9 pour les variants, mais le confinement en Angleterre et en Irlande montre un d\u00e9but de diminution de la courbe<\/em>\u00ab\u00a0.\u00a0Invit\u00e9 sur<a href=\"https:\/\/www.bfmtv.com\/sante\/jean-francois-delfraissy-nous-n-aurons-pas-vacciner-l-ensemble-des-francais-pour-l-ete_VN-202101240171.html\" target=\"_blank\" rel=\"noopener noreferrer\"> BFMTV<\/a>, ce dimanche 24\u00a0janvier,\u00a0Jean-Fran\u00e7ois Delfraissy,\u00a0avait affirm\u00e9 que le variant britannique \u00e9tait \u00ab\u00a0<em>vraisemblablement responsable de 7\u00a0\u00e0 9% des contaminations au Covid-19\u00a0dans certaines r\u00e9gions fran\u00e7aises, et notamment en r\u00e9gion parisienne<\/em>.\u00a0\u00bb<\/li>\n<li><strong>Nombre de vaccinations.<\/strong> Depuis le d\u00e9but de la campagne de vaccination au 25 janvier, 1 092 958 personnes ont \u00e9t\u00e9 vaccin\u00e9es avec le vaccin Pfizer-BioNTech en France.\u00a0<\/li>\n<\/ul>\n<blockquote>\n<figure class=\"image\" style=\"float:right\"><a class=\"fancy\" href=\"https:\/\/img-3.journaldesfemmes.fr\/kd3yzQgCcbrJIVNP5lN5fjDe3cM=\/1080x\/smart\/d0544a96d07e47d5920a5cca1af1b3ae\/ccmcms-jdf\/21864314.jpg\"><img decoding=\"async\" alt=\"Carte du taux d'occupation des lits en France au 24 janvier 2021\" src=\"https:\/\/img-3.journaldesfemmes.fr\/ukC7eqm8A2zvw-ZB5Owo2TDTcZQ=\/450x\/smart\/d0544a96d07e47d5920a5cca1af1b3ae\/ccmcms-jdf\/21864314.jpg\"\/><\/a><figcaption data-credit=\"Gouvernement.fr\" data-legend=\"Carte du taux d'occupation des lits en France au 24 janvier 2021\">Carte du taux d&rsquo;occupation des lits en France au 25 janvier 2021 <small>\u00a9\u00a0Gouvernement.fr<\/small><\/figcaption><\/figure>\n<\/blockquote>\n<p>Face \u00e0 une\u00a0situation \u00e9pid\u00e9mique\u00a0<em>\u00ab\u00a0ma\u00eetris\u00e9e mais fragile\u00a0\u00bb<\/em>, Jean Castex a annonc\u00e9 le 14 janvier, la mise en place d&rsquo;un<strong> couvre-feu \u00e0 18 heures sur tout le territoire fran\u00e7ais<\/strong> \u00e0 partir du samedi 16 janvier et pour au moins 15 jours. <em>\u00ab\u00a0<\/em><em>\u00ab\u00a0Nous verrons s&rsquo;il y a lieu de prolonger ces mesures en f\u00e9vrier\u00a0\u00bb <\/em>a-t-il poursuivi. Le confinement est pour l&rsquo;instant exclu :\u00a0<em>\u00ab\u00a0Quand nous avons d\u00e9cid\u00e9 le second confinement, nous observions 50\u00a0000\u00a0contaminations par jour quand nous observons 16-17 000\u00a0aujourd&rsquo;hui, la situation hospitali\u00e8re \u00e9tait aussi beaucoup plus tendue\u00a0\u00bb<\/em> a expliqu\u00e9 Jean Castex. Mais<em> \u00ab\u00a0nous devons nous pr\u00e9parer \u00e0 toutes \u00e9ventualit\u00e9s\u00a0\u00bb<\/em>.\u00a0<\/p>\n<ul>\n<li>La pratique sportive ou la promenade en plein air est interdite pendant les horaires de couvre-feu\u00a0;<\/li>\n<li>Pendant la journ\u00e9e, les d\u00e9placements sont autoris\u00e9s et l&rsquo;attestation n&rsquo;est pas n\u00e9cessaire\u00a0;<\/li>\n<li>Les d\u00e9placements entre r\u00e9gions sont autoris\u00e9s\u00a0;<\/li>\n<li>Les lieux de culte doivent respecter une certaine jauge\u00a0\u00a0;<\/li>\n<li>Les salles de cin\u00e9ma, les th\u00e9\u00e2tres et les mus\u00e9es restent ferm\u00e9s ;<\/li>\n<li>L&rsquo;accueil du public dans les enceintes sportives, dans les cirques, les parcs zoologiques ou encore les salles de jeux et les casinos est interdit\u00a0;<\/li>\n<li>Les restaurants et les caf\u00e9s sont ferm\u00e9s ;<\/li>\n<li>Le t\u00e9l\u00e9travail doit se poursuivre quand il est possible.<\/li>\n<\/ul>\n<p>Un couvre-feu national a \u00e9t\u00e9 mis en place depuis le 15 d\u00e9cembre dans toute la France,\u00a0de 20h \u00e0 6h.\u00a0Le samedi 2 janvier, des d\u00e9partements ont \u00e9t\u00e9 plac\u00e9s sous couvre-feu avanc\u00e9 \u00e0 18 heures. Le samedi 16 janvier 2021,\u00a0toute la France est concern\u00e9e par cette mesure,\u00a0<strong>pour au moins deux semaines<\/strong>.\u00a0L&rsquo;analyse de l&rsquo;impact des couvre-feux anticip\u00e9s sur la dynamique de l&rsquo;\u00e9pid\u00e9mie de COVID-19\u00a0\u00e0 l&rsquo;\u00e9chelle des d\u00e9partements montre une<strong> diminution du taux d&rsquo;incidence des cas confirm\u00e9s de SARS-CoV-2<\/strong>\u00a0dans le groupe 1\u00a0(d\u00e9partements plac\u00e9s sous couvre-feu anticip\u00e9 le 2\u00a0janvier 2021), indique Sant\u00e9 Publique France dans son bilan hebdomadaire du 21 janvier, tout en soulignant que<em> \u00ab\u00a0l&rsquo;\u00e9volution de la situation \u00e9tait d\u00e9j\u00e0 plus favorable\u00a0\u00bb<\/em> dans ces d\u00e9partements. Il est sinon\u00a0<em>\u00ab\u00a0encore trop t\u00f4t en semaine 2 (10-17 janvier) pour observer l&rsquo;impact des couvre-feux anticip\u00e9s\u00a0\u00bb<\/em> pour les d\u00e9partements qui ont adopt\u00e9 la mesure le 10 janvier puis le 16.\u00a0<\/p>\n<p><strong>Les d\u00e9partements ont \u00e9t\u00e9 class\u00e9s en trois groupes\u00a0<\/strong>: Groupe 1\u00a0: 15\u00a0d\u00e9partements avec couvre-feu d\u00e8s 18h \u00e0 partir du 02\u00a0janvier 2021\u00a0; Groupe 2\u00a0: 10\u00a0d\u00e9partements avec couvre-feu d\u00e8s 18h \u00e0 partir des 10\u00a0et 12\u00a0janvier 2021\u00a0; Groupe 3\u00a0: 61\u00a0d\u00e9partements avec couvre-feu d\u00e8s 18h \u00e0 partir du 16\u00a0janvier 2021.<\/p>\n<h3 style=\"text-align: center;\">\u00c9volution du taux d&rsquo;incidence sur 7\u00a0jours glissants par groupe de d\u00e9partements, du 27\u00a0juin 2020\u00a0au 17\u00a0janvier 2021, France m\u00e9tropolitaine (donn\u00e9es au 20\u00a0janvier 2021)<\/h3>\n<div style=\"text-align:center\">\n<figure class=\"image\" style=\"display:inline-block\"><a class=\"fancy\" href=\"https:\/\/img-3.journaldesfemmes.fr\/S3lk-hUv5VIRH64NGtGFuoaV0xM=\/1080x\/smart\/3e11b5448ce54c9c9847e9cbe462601b\/ccmcms-jdf\/21777218.jpg\"><img decoding=\"async\" alt=\"\u00e9volution du taux d'incidence du coronavirus par d\u00e9partement sous couvre-feu en France\" src=\"https:\/\/img-3.journaldesfemmes.fr\/lqFg0B5FSO69JNSCNH__B6lbGCg=\/600x\/smart\/3e11b5448ce54c9c9847e9cbe462601b\/ccmcms-jdf\/21777218.jpg\"\/><\/a><figcaption data-credit=\"Sant\u00e9 Publique France\" data-legend=\"\u00c9volution du taux d\u2019incidence sur 7 jours glissants par groupe de d\u00e9partements, du 27 juin 2020 au 17 janvier 2021, France m\u00e9tropolitaine (donn\u00e9es au 20 janvier 2021)\">\u00c9volution du taux d\u2019incidence sur 7 jours glissants par groupe de d\u00e9partements, du 27 juin 2020 au 17 janvier 2021, France m\u00e9tropolitaine (donn\u00e9es au 20 janvier 2021) <small>\u00a9\u00a0Sant\u00e9 Publique France<\/small><\/figcaption><\/figure>\n<\/div>\n<p>Seuls certains d\u00e9placement sont autoris\u00e9s et mentionn\u00e9s dans l&rsquo;<strong><a href=\"https:\/\/www.interieur.gouv.fr\/Actualites\/L-actu-du-Ministere\/Attestations-de-deplacement-couvre-feu\" target=\"_blank\" rel=\"noopener noreferrer\">attestation<\/a> <\/strong>:<\/p>\n<ul>\n<li>se rendre ou revenir de son lieu de travail, \u00e0 une <a href=\"http:\/\/www.affinite.fr\/index.php\/2022\/11\/09\/formation-de-glacier-apprenez-le-metier-de-glacier-et-changez-votre-vie\/\">formation<\/a> professionnelle, effectuer un d\u00e9placement professionnel ne pouvant \u00eatre report\u00e9\u00a0;<\/li>\n<li>des motifs familiaux imp\u00e9rieux, pour l&rsquo;assistance aux personnes vuln\u00e9rables et pr\u00e9caires, notamment aux personnes en situation de handicap ou pour la garde d&rsquo;enfants\u00a0;<\/li>\n<li>des motifs m\u00e9dicaux\u00a0: aller \u00e0 l&rsquo;h\u00f4pital, examens et soins ne pouvant \u00eatre assur\u00e9s \u00e0 distance et achat de m\u00e9dicaments\u00a0;<\/li>\n<li>participer \u00e0 des missions d&rsquo;int\u00e9r\u00eat g\u00e9n\u00e9ral sur demande de l&rsquo;autorit\u00e9 administrative (maraudes des associations de lutte contre la pauvret\u00e9 ou distributions d&rsquo;aides alimentaires \u00e0 domicile)\u00a0;<\/li>\n<li>les personnes en situation de handicap et leur accompagnant\u00a0;<\/li>\n<li>promener un animal domestique autour de son domicile.<\/li>\n<\/ul>\n<p><strong style=\"font-size: 1rem;\">Le non-respect du couvre-feu entraine\u00a0:<\/strong><\/p>\n<ul>\n<li>Premi\u00e8re sanction\u00a0: une amende de 135\u00a0euros, major\u00e9e \u00e0 375\u00a0euros (en cas de non-paiement ou de non-contestation dans le d\u00e9lai indiqu\u00e9 sur l&rsquo;avis de contravention)<\/li>\n<li>En cas de r\u00e9cidive dans les 15\u00a0jours\u00a0: une amende de 200\u00a0euros, major\u00e9e \u00e0 450\u00a0euros (en cas de non-paiement ou de non-contestation dans le d\u00e9lai indiqu\u00e9 sur l&rsquo;avis de contravention)<\/li>\n<li>Apr\u00e8s 3\u00a0infractions en 30\u00a0jours\u00a0: une amende de 3750\u00a0euros passible de 6\u00a0mois d&#8217;emprisonnement.<\/li>\n<\/ul>\n<blockquote>\n<p>Les formes graves surviennent avec un d\u00e9calage d&rsquo;une \u00e0 deux semaines apr\u00e8s le d\u00e9but des signes.<\/p>\n<\/blockquote>\n<p>Selon les derniers chiffres publi\u00e9s par le <a href=\"https:\/\/www.gouvernement.fr\/info-coronavirus\/carte-et-donnees\" target=\"_blank\" rel=\"noopener noreferrer\">gouvernemen<\/a>t\u00a0et\u00a0Sant\u00e9 Publique France, au mardi 26\u00a0janvier 2021, en France :\u00a0<\/p>\n<p>\u2022 3 079 943\u00a0personnes ont \u00e9t\u00e9 contamin\u00e9es par le coronavirus <strong>(+22 086<\/strong>\u00a0<strong>en 24 heures)<\/strong>.<\/p>\n<p>\u2022 74 106\u00a0personnes sont d\u00e9c\u00e9d\u00e9es en France <strong>(+350 en 24 heures),<\/strong><strong>\u00a0<\/strong>dont 51\u00a0868 \u00e0 l&rsquo;h\u00f4pital, auxquels s&rsquo;ajoutent 262 d\u00e9c\u00e8s en Ehpad et \u00e9tablissements sociaux et m\u00e9dico-sociaux entre le 23 et le 26 janvier.<\/p>\n<p>\u2022 3 081 patients Covid-19 sont en r\u00e9animation (+40)<\/p>\n<p>\u2022 27 041\u00a0patients Covid-19 sont hospitalis\u00e9s (+117)<\/p>\n<blockquote>\n<p style=\"text-align: right;\">\u00a0<\/p>\n<\/blockquote>\n<blockquote>\n<p style=\"text-align: right;\">\u00a0<\/p>\n<\/blockquote>\n<p>Le bilan hebdomadaire de Sant\u00e9 Publique France confirme pour la semaine du 11\u00a0au 17\u00a0janvier 2021\u00a0une persistance de la circulation du SARS-CoV-2\u00a0\u00e0 un niveau \u00e9lev\u00e9.\u00a0<\/p>\n<ul>\n<li>Apr\u00e8s une stabilisation sur la semaine pr\u00e9c\u00e9dente, le <strong>nombre de passages pour suspicion de COVID-19\u00a0aux urgences a augment\u00e9 <\/strong>de +9.5%\u00a0dans toutes les classes d&rsquo;\u00e2ge, et principalement chez les adultes.<\/li>\n<li>Les taux hebdomadaires d&rsquo;hospitalisations et de nouvelles admissions en r\u00e9animation ont augment\u00e9 respectivement de +9% et +3% par rapport \u00e0 la semaine du 4 au 10 janvier.<\/li>\n<li>Les estimations du R-effectif calcul\u00e9es sont sup\u00e9rieures \u00e0 1\u00a0de fa\u00e7on significative ce qui\u00a0indique une progression de la circulation du virus.<\/li>\n<\/ul>\n<p>\u2192 L&rsquo;indicateur utilis\u00e9 pour suivre l&rsquo;\u00e9volution de l&rsquo;\u00e9pid\u00e9mie de coronavirus en France est le<strong> taux d&rsquo;incidence<\/strong> soit le nombre de patients ayant un test positif (PCR ou antig\u00e9nique) pour 100 000 habitants par semaine sur les 7 derniers jours.\u00a0<\/p>\n<div style=\"text-align:center\">\n<figure class=\"image\" style=\"display:inline-block\"><a class=\"fancy\" href=\"https:\/\/img-3.journaldesfemmes.fr\/DAoiUFqhsF3ksICgaAcTTM4XSmA=\/1080x\/smart\/67b310df39b24bac93635b9d52ecc2be\/ccmcms-jdf\/21869109.png\"><img decoding=\"async\" alt=\"Nombre de nouvelles personnes positives au Sars-Cov-2 (PCR\/antig\u00e9nique) sur une semaine glissante, pour la premi\u00e8re fois depuis plus de 60 jours, rapport\u00e9 \u00e0 la taille de la population, au 25 janvier\" src=\"https:\/\/img-3.journaldesfemmes.fr\/st57CtsuixJz-GY59eIq5RBCHAE=\/450x\/smart\/67b310df39b24bac93635b9d52ecc2be\/ccmcms-jdf\/21869109.png\"\/><\/a><figcaption data-credit=\"Gouvernement.fr\" data-legend=\"Nombre de nouvelles personnes positives au Sars-Cov-2 (PCR\/antig\u00e9nique) sur une semaine glissante, pour la premi\u00e8re fois depuis plus de 60 jours, rapport\u00e9 \u00e0 la taille de la population, au 25 janvier\">Nombre de nouvelles personnes positives au Sars-Cov-2 (PCR\/antig\u00e9nique) sur une semaine glissante, pour la premi\u00e8re fois depuis plus de 60 jours, rapport\u00e9 \u00e0 la taille de la population, au 25 janvier <small>\u00a9\u00a0Gouvernement.fr<\/small><\/figcaption><\/figure>\n<\/div>\n<p>Le gouvernement suit \u00e9galement l&rsquo;\u00e9volution du taux d&rsquo;occupation des lits en r\u00e9animation par des patients Covid-19 (sur les capacit\u00e9s initiales). Ce taux met en lumi\u00e8re une \u00e9ventuelle tension hospitali\u00e8re.\u00a0La tension hospitali\u00e8re est actuellement mod\u00e9r\u00e9e et stable.<\/p>\n<div style=\"text-align:center\">\n<figure class=\"image\" style=\"display:inline-block\"><a class=\"fancy\" href=\"https:\/\/img-3.journaldesfemmes.fr\/Ec-swNYBco4MtEqgDe3ueMBIsbY=\/1080x\/smart\/313edc9e654e4e618ae7fa638e6e7e50\/ccmcms-jdf\/21869122.png\"><img decoding=\"async\" alt=\"Taux d'occupation des lits en r\u00e9animation au 25 janvier par des patients Covid-19\u00a0\" src=\"https:\/\/img-3.journaldesfemmes.fr\/Qg5chPozqWgNuKu34T2HjdevGRs=\/450x\/smart\/313edc9e654e4e618ae7fa638e6e7e50\/ccmcms-jdf\/21869122.png\"\/><\/a><figcaption data-credit=\"Gouvernement.fr\" data-legend=\"Taux d'occupation des lits en r\u00e9animation au 25 janvier par des patients Covid-19 \">Taux d&rsquo;occupation des lits en r\u00e9animation au 25 janvier par des patients Covid-19 <small>\u00a9\u00a0Gouvernement.fr<\/small><\/figcaption><\/figure>\n<\/div>\n<p>Le\u00a0<strong>pic \u00e9pid\u00e9mique<\/strong>\u00a0de la premi\u00e8re vague a \u00e9t\u00e9 observ\u00e9 la\u00a0<strong>semaine du 6\u00a0au 12\u00a0avril<\/strong>, soit 15\u00a0jours\u00a0apr\u00e8s la mise en \u0153uvre des mesures de confinement de la population g\u00e9n\u00e9rale, le 17\u00a0mars 2020. Le <strong>pic de la deuxi\u00e8me vague <\/strong>a eu lieu\u00a0du <strong>16\u00a0au 20\u00a0novembre,\u00a0<\/strong>trois semaines apr\u00e8s le reconfinement,<\/p>\n<p>Au 26\u00a0janvier 2021, un total de<strong>\u00a03 079 943<\/strong>\u00a0<strong>cas\u00a0confirm\u00e9s\u00a0<\/strong>de coronavirus est rapport\u00e9 depuis le d\u00e9but de la pand\u00e9mie. Sur la semaine du 11 au 17 janvier, Sant\u00e9 Publique France rapporte une moyenne soit 18\u00a0364\u00a0nouveaux cas confirm\u00e9s en moyenne chaque jour. Sur cette p\u00e9riode, les<strong> personnes de 75\u00a0ans et plus \u00e9taient les plus touch\u00e9es par le SARS-CoV-2<\/strong>, et le nombre de cas confirm\u00e9s dans cette classe d&rsquo;\u00e2ge \u00e9tait en augmentation.<\/p>\n<h3 style=\"text-align: center;\">Nombre incident de cas confirm\u00e9s de Covid-19\u00a0par semaine, rapport\u00e9s \u00e0 Sant\u00e9 publique France, du 11\u00a0mai au 17\u00a0janvier 2021, France enti\u00e8re (donn\u00e9es au 20 janvier)<\/h3>\n<div style=\"text-align:center\">\n<figure class=\"image\" style=\"display:inline-block\"><a class=\"fancy\" href=\"https:\/\/img-3.journaldesfemmes.fr\/82OVFugiJ3Jcwoq7l7dEWRvlKkk=\/1080x\/smart\/594d58dd6cb74a279d2f5a4523fa7363\/ccmcms-jdf\/21777157.jpg\"><img decoding=\"async\" alt=\"cas confirm\u00e9 covid\" src=\"https:\/\/img-3.journaldesfemmes.fr\/8rWeEPa5Xh3rkZq-0OXDvLajrPM=\/600x\/smart\/594d58dd6cb74a279d2f5a4523fa7363\/ccmcms-jdf\/21777157.jpg\"\/><\/a><figcaption data-credit=\"Sant\u00e9 Publique France\" data-legend=\"Nombre incident de cas confirm\u00e9s de COVID-19 par semaine (date de pr\u00e9l\u00e8vement), rapport\u00e9s \u00e0 Sant\u00e9 publique France du 11 mai 2020 au 17 janvier 2021, France (donn\u00e9es au 20 janvier 2021)\">Nombre incident de cas confirm\u00e9s de COVID-19 par semaine (date de pr\u00e9l\u00e8vement), rapport\u00e9s \u00e0 Sant\u00e9 publique France du 11 mai 2020 au 17 janvier 2021, France (donn\u00e9es au 20 janvier 2021) <small>\u00a9\u00a0Sant\u00e9 Publique France<\/small><\/figcaption><\/figure>\n<\/div>\n<h3 style=\"text-align: center;\">Nombre de cas confirm\u00e9s de COVID-19\u00a0chez les r\u00e9sidents et le personnel en ESMS (\u00e9tablissements sociaux et m\u00e9dico-sociaux)\u00a0par semaine calendaire, du 20\u00a0juillet au 17 janvier 2021, en France<\/h3>\n<div style=\"text-align:center\">\n<figure class=\"image\" style=\"display:inline-block\"><a class=\"fancy\" href=\"https:\/\/img-3.journaldesfemmes.fr\/bohVsQxG4SMYYOOny9d9GBOgsG4=\/1080x\/smart\/4cad8f06a8a74b27915dfe47beff3c72\/ccmcms-jdf\/21777245.jpg\"><img decoding=\"async\" alt=\"courbe cas de covid en france dans les ESMS dont Ehpad\" src=\"https:\/\/img-3.journaldesfemmes.fr\/iuIpR9BR-G9zMSorOWDTNYnG2uo=\/600x\/smart\/4cad8f06a8a74b27915dfe47beff3c72\/ccmcms-jdf\/21777245.jpg\"\/><\/a><figcaption data-credit=\"Sant\u00e9 Publique France\" data-legend=\"Nombre de cas confirm\u00e9s de COVID-19 chez les r\u00e9sidents et le personnel en ESMS par semaine calendaire, du 20 juillet au 17 janvier 2021, en France \">Nombre de cas confirm\u00e9s de COVID-19 chez les r\u00e9sidents et le personnel en ESMS par semaine calendaire, du 20 juillet au 17 janvier 2021, en France <small>\u00a9\u00a0Sant\u00e9 Publique France<\/small><\/figcaption><\/figure>\n<\/div>\n<p>Mardi 26\u00a0janvier,<strong>\u00a022 086<\/strong><strong>\u00a0nouvelles personnes<\/strong> ont re\u00e7u un test positif au Covid-19 par rapport \u00e0 la veille.<\/p>\n<div style=\"text-align:center\">\n<figure class=\"image\" style=\"display:inline-block\"><a class=\"fancy\" href=\"https:\/\/img-3.journaldesfemmes.fr\/4SOMl5jbRYGl2EIx8e3mFn-VDak=\/1080x\/smart\/89cb658855ec421f8243d7c3b7359685\/ccmcms-jdf\/21760526.jpg\"><img decoding=\"async\" alt=\"courbe variation cas covid par jour en france\" src=\"https:\/\/img-3.journaldesfemmes.fr\/Sz-yQHFfurCNj1vDMIxe5wY1bcQ=\/600x\/smart\/89cb658855ec421f8243d7c3b7359685\/ccmcms-jdf\/21760526.jpg\"\/><\/a><figcaption data-credit=\"Gouvernement.fr\" data-legend=\"Courbe de variation quotidienne des cas de Covid-19 en France.\">Courbe de variation quotidienne des cas de Covid-19 en France. <small>\u00a9\u00a0Gouvernement.fr<\/small><\/figcaption><\/figure>\n<\/div>\n<p>Le nombre de nouvelles hospitalisations pour COVID-19\u00a0a augment\u00e9 de <strong>+9%<\/strong> au cours de la semaine du 11 au 17\u00a0janvier par rapport \u00e0 la semaine pr\u00e9c\u00e9dente <strong>(+3% en r\u00e9animation). <\/strong>Mardi 26\u00a0janvier,<b>\u00a03 081\u00a0<\/b>personnes sont\u00a0hospitalis\u00e9es\u00a0en\u00a0r\u00e9animation (+40\u00a0en 24 heures).\u00a0Le nombre d&rsquo;hospitalisation en r\u00e9animation pour Covid-19 reste \u00e0 un niveau \u00e9lev\u00e9.\u00a0<\/p>\n<div style=\"text-align:center\">\n<figure class=\"image\" style=\"display:inline-block\"><a class=\"fancy\" href=\"https:\/\/img-3.journaldesfemmes.fr\/r5PPcbY1PFofatJBG703AmTc84g=\/1080x\/smart\/d12e2c92fbc048de836378fdd0911602\/ccmcms-jdf\/21777373.jpg\"><img decoding=\"async\" alt=\"courbe r\u00e9animation covid-19\" src=\"https:\/\/img-3.journaldesfemmes.fr\/KwRhc6wt9dAvmfnQZiHjRXU5BQc=\/600x\/smart\/d12e2c92fbc048de836378fdd0911602\/ccmcms-jdf\/21777373.jpg\"\/><\/a><figcaption data-credit=\"Sant\u00e9 Publique France\" data-legend=\" Nombre hebdomadaire de patients COVID-19 admis en service de r\u00e9animation pendant leur hospitalisation, par semaine d\u2019admission en r\u00e9animation, depuis le 24 f\u00e9vrier 2020, France, donn\u00e9es au 19 janvier\">Nombre hebdomadaire de patients COVID-19 admis en service de r\u00e9animation pendant leur hospitalisation, par semaine d\u2019admission en r\u00e9animation, depuis le 24 f\u00e9vrier 2020, France, donn\u00e9es au 19 janvier <small>\u00a9\u00a0Sant\u00e9 Publique France<\/small><\/figcaption><\/figure>\n<\/div>\n<p>\u2192 Les <strong>plus forts taux hebdomadaires d&rsquo;admissions en r\u00e9animation<\/strong> \u00e9taient rapport\u00e9s en Provence-Alpes-C\u00f4te d&rsquo;Azur (3,5\/100\u00a0000\u00a0habitants), Grand Est (3,1), Bourgogne-Franche-Comt\u00e9 (3,1), Corse (2,9), Auvergne-Rh\u00f4ne-Alpes (2,9) et \u00cele-de-France (2,2).<\/p>\n<p>\u2192 Sur la semaine du 11\u00a0au 17 janvier, le taux hebdomadaire de nouvelles admissions en r\u00e9animation a augment\u00e9 dans toutes les r\u00e9gions de France m\u00e9tropolitaine, except\u00e9 en <a href=\"http:\/\/www.affinite.fr\/index.php\/2024\/11\/21\/construire-votre-maison-en-normandie\/\">Normandie<\/a> (-35%), Hauts-de-France (-10%), \u00cele-de-France (-6%), Nouvelle-Aquitaine (-5%) et Centre-Val de Loire (-4%).<\/p>\n<p>\u2192 Entre le 05\u00a0octobre 2020\u00a0et le 19\u00a0janvier 2021, parmi les 5\u00a0109\u00a0patients signal\u00e9s avec un diagnostic confirm\u00e9 de COVID-19, <strong>71% \u00e9taient des hommes <\/strong>; l&rsquo;<strong>\u00e2ge m\u00e9dian des patients \u00e9tait de 68\u00a0ans\u00a0<\/strong>et 63% \u00e9taient \u00e2g\u00e9s de 65\u00a0ans et plus ; 64\u00a0\u00e9taient des professionnels de sant\u00e9.<\/p>\n<p>Selon les <a href=\"https:\/\/www.gouvernement.fr\/info-coronavirus\/carte-et-donnees\" target=\"_blank\" rel=\"noopener noreferrer\">chiffres communiqu\u00e9s par le gouvernement<\/a>, consolid\u00e9s avec l&rsquo;Agence Sant\u00e9 Publique France et\u00a0les ARS (Agences r\u00e9gionales de Sant\u00e9), voici l&rsquo;\u00e9volution des hospitalisations (dont la r\u00e9animation) et des d\u00e9c\u00e8s\u00a0en France par r\u00e9gion.<\/p>\n<h3 style=\"text-align: center;\"><a id=\"cas-covid-19-tableau-par-region\" name=\"cas-covid-19-tableau-par-region\">Evolution des hospitalisations (dont en r\u00e9animation) et d\u00e9c\u00e8s \u00e0 l&rsquo;h\u00f4pital du Covid-19\u00a0par r\u00e9gion au 26\u00a0janvier<\/a><\/h3>\n<table border=\"1\" cellpadding=\"1\" cellspacing=\"1\" style=\"width:100%;\">\n<thead>\n<tr>\n<th scope=\"col\" style=\"width: 199px;\">R\u00e9gions<\/th>\n<th scope=\"col\" style=\"width: 162px; text-align: center;\">Hospitalisations en cours<\/th>\n<th scope=\"col\" style=\"width: 143px; text-align: center;\">Evolution des nouveaux patients sur les\u00a0 derni\u00e8res 24\u00a0H<\/th>\n<th scope=\"col\" style=\"width: 149px; text-align: center;\">R\u00e9animation Soins intensif<\/th>\n<th scope=\"col\" style=\"width: 155px; text-align: center;\">Evolution des nouveaux patients sur les\u00a0 derni\u00e8res 24\u00a0H<\/th>\n<th scope=\"col\" style=\"width: 220px; text-align: center;\">D\u00e9c\u00e8s<\/th>\n<\/tr>\n<tr>\n<td style=\"width: 199px;\"><b>\u00cele-de-France<\/b><\/td>\n<td style=\"width: 162px;\">5 004<\/td>\n<td style=\"width: 143px;\">+100<\/td>\n<td style=\"width: 149px;\">616<\/td>\n<td style=\"width: 155px;\">+8<\/td>\n<td style=\"width: 220px;\">13 153<\/td>\n<\/tr>\n<tr>\n<td style=\"width: 199px;\"><strong>Grand Est<\/strong><\/td>\n<td style=\"width: 162px;\">3\u00a0040<\/td>\n<td style=\"width: 143px;\">-11<\/td>\n<td style=\"width: 149px;\">326<\/td>\n<td style=\"width: 155px;\">-4<\/td>\n<td style=\"width: 220px;\">6 979<\/td>\n<\/tr>\n<tr>\n<td style=\"width: 199px;\"><strong>Auvergne-Rh\u00f4ne-Alpes<\/strong><\/td>\n<td style=\"width: 162px;\">3 906<\/td>\n<td style=\"width: 143px;\">+13<\/td>\n<td style=\"width: 149px;\">430<\/td>\n<td style=\"width: 155px;\">+10<\/td>\n<td style=\"width: 220px;\">7 827<\/td>\n<\/tr>\n<tr>\n<td style=\"width: 199px;\"><strong>Hauts-de-France<\/strong><\/td>\n<td style=\"width: 162px;\">2 500<\/td>\n<td style=\"width: 143px;\">+37<\/td>\n<td style=\"width: 149px;\">285<\/td>\n<td style=\"width: 155px;\">+2<\/td>\n<td style=\"width: 220px;\">5 170<\/td>\n<\/tr>\n<tr>\n<td style=\"width: 199px;\"><strong>Bourgogne-Franche-Comt\u00e9<\/strong><\/td>\n<td style=\"width: 162px;\">1 826<\/td>\n<td style=\"width: 143px;\">-28<\/td>\n<td style=\"width: 149px;\">178<\/td>\n<td style=\"width: 155px;\">-1<\/td>\n<td style=\"width: 220px;\">3 236<\/td>\n<\/tr>\n<tr>\n<td style=\"width: 199px;\"><strong>Provence-Alpes-C\u00f4te d&rsquo;Azur<\/strong><\/td>\n<td style=\"width: 162px;\">3 238<\/td>\n<td style=\"width: 143px;\">+40<\/td>\n<td style=\"width: 149px;\">398<\/td>\n<td style=\"width: 155px;\">+1<\/td>\n<td style=\"width: 220px;\">4 357<\/td>\n<\/tr>\n<tr>\n<td style=\"width: 199px;\"><strong>Occitanie<\/strong><\/td>\n<td style=\"width: 162px;\">1 705<\/td>\n<td style=\"width: 143px;\">+66<\/td>\n<td style=\"width: 149px;\">223<\/td>\n<td style=\"width: 155px;\">+17<\/td>\n<td style=\"width: 220px;\">2 511<\/td>\n<\/tr>\n<tr>\n<td style=\"width: 199px;\"><strong>Bretagne<\/strong><\/td>\n<td style=\"width: 162px;\">656<\/td>\n<td style=\"width: 143px;\">NC<\/td>\n<td style=\"width: 149px;\">41<\/td>\n<td style=\"width: 155px;\">+7<\/td>\n<td style=\"width: 220px;\">869<\/td>\n<\/tr>\n<tr>\n<td style=\"width: 199px;\"><strong>Nouvelle-Aquitaine<\/strong><\/td>\n<td style=\"width: 162px;\">1 464<\/td>\n<td style=\"width: 143px;\">-24<\/td>\n<td style=\"width: 149px;\">205<\/td>\n<td style=\"width: 155px;\">+7<\/td>\n<td style=\"width: 220px;\">2 163<\/td>\n<\/tr>\n<tr>\n<td style=\"width: 199px;\"><strong>Normandie<\/strong><\/td>\n<td style=\"width: 162px;\">1 359<\/td>\n<td style=\"width: 143px;\">-1<\/td>\n<td style=\"width: 149px;\">103<\/td>\n<td style=\"width: 155px;\">NC<\/td>\n<td style=\"width: 220px;\">1 813<\/td>\n<\/tr>\n<tr>\n<td style=\"width: 199px;\"><strong>Centre Val-de-Loire<\/strong><\/td>\n<td style=\"width: 162px;\">1 090<\/td>\n<td style=\"width: 143px;\">+7<\/td>\n<td style=\"width: 149px;\">136<\/td>\n<td style=\"width: 155px;\">-8<\/td>\n<td style=\"width: 220px;\">1 603<\/td>\n<\/tr>\n<tr>\n<td style=\"width: 199px;\"><strong>Pays de la Loire<\/strong><\/td>\n<td style=\"width: 162px;\">998<\/td>\n<td style=\"width: 143px;\">+14<\/td>\n<td style=\"width: 149px;\">92<\/td>\n<td style=\"width: 155px;\">-1<\/td>\n<td style=\"width: 220px;\">1 652<\/td>\n<\/tr>\n<tr>\n<td style=\"width: 199px;\"><strong>Corse<\/strong><\/td>\n<td style=\"width: 162px;\">50<\/td>\n<td style=\"width: 143px;\">+4<\/td>\n<td style=\"width: 149px;\">8<\/td>\n<td style=\"width: 155px;\">+1<\/td>\n<td style=\"width: 220px;\">123<\/td>\n<\/tr>\n<tr>\n<td style=\"width: 199px;\"><strong>Martinique<\/strong><\/td>\n<td style=\"width: 162px;\">13<\/td>\n<td style=\"width: 143px;\">+2<\/td>\n<td style=\"width: 149px;\">2<\/td>\n<td style=\"width: 155px;\">NC<\/td>\n<td style=\"width: 220px;\">45<\/td>\n<\/tr>\n<tr>\n<td style=\"width: 199px;\"><strong>Guadeloupe<\/strong><\/td>\n<td style=\"width: 162px;\">51<\/td>\n<td style=\"width: 143px;\">+4<\/td>\n<td style=\"width: 149px;\">5<\/td>\n<td style=\"width: 155px;\">NC<\/td>\n<td style=\"width: 220px;\">169<\/td>\n<\/tr>\n<tr>\n<td style=\"width: 199px;\"><strong>La R\u00e9union<\/strong><\/td>\n<td style=\"width: 162px;\">25<\/td>\n<td style=\"width: 143px;\">-2<\/td>\n<td style=\"width: 149px;\">5<\/td>\n<td style=\"width: 155px;\">-1<\/td>\n<td style=\"width: 220px;\">54<\/td>\n<\/tr>\n<tr>\n<td style=\"width: 199px;\"><strong>Guyane<\/strong><\/td>\n<td style=\"width: 162px;\">49<\/td>\n<td style=\"width: 143px;\">+1<\/td>\n<td style=\"width: 149px;\">14<\/td>\n<td style=\"width: 155px;\">+3<\/td>\n<td style=\"width: 220px;\">72<\/td>\n<\/tr>\n<tr>\n<td style=\"width: 199px;\"><strong>Mayotte<\/strong><\/td>\n<td style=\"width: 162px;\">31<\/td>\n<td style=\"width: 143px;\">+11<\/td>\n<td style=\"width: 149px;\">4<\/td>\n<td style=\"width: 155px;\">+3<\/td>\n<td style=\"width: 220px;\">46<\/td>\n<\/tr>\n<tr>\n<td style=\"width: 199px;\"><strong>TOTAL<\/strong><\/td>\n<td style=\"width: 162px;\"><strong>27 041<\/strong><\/td>\n<td style=\"width: 143px;\">+234<\/td>\n<td style=\"width: 149px;\"><b>3 081<\/b><\/td>\n<td style=\"width: 155px;\">+45<\/td>\n<td style=\"width: 220px;\">\n<p><b>51 868<\/b><\/p>\n<\/td>\n<\/tr>\n<\/thead>\n<\/table>\n<p>Le nombre de d\u00e9c\u00e8s li\u00e9s \u00e0 la COVID-19\u00a0est \u00e9lev\u00e9 indique Sant\u00e9 Publique France le 21\u00a0janvier.<strong>\u00a074 106\u00a0d\u00e9c\u00e8s ont \u00e9t\u00e9 comptabilis\u00e9s sur la p\u00e9riode du 1er mars 2020\u00a0au 26\u00a0janvier 2021,\u00a0<\/strong>dont 51\u00a0868 \u00e0 l&rsquo;h\u00f4pital\u00a0(<strong>+350\u00a0<\/strong>en 24h), auxquels s&rsquo;ajoutent 262\u00a0d\u00e9c\u00e8s en Ehpad et \u00e9tablissements sociaux et m\u00e9dico-sociaux entre le 23\u00a0et le 26\u00a0janvier.<\/p>\n<p>\u2192<strong> 93%<\/strong> des cas de COVID-19\u00a0d\u00e9c\u00e9d\u00e9s \u00e9taient \u00e2g\u00e9s de <strong>65\u00a0ans ou plus.<\/strong><\/p>\n<p>\u2192\u00a0<strong>54% sont des hommes.<\/strong><\/p>\n<p>\u2192<strong>\u00a065% des personnes d\u00e9c\u00e9d\u00e9es pr\u00e9sentaient au moins une comorbidit\u00e9<\/strong>.<\/p>\n<p><strong>\u2192<\/strong>\u00a0<strong>Sur la semaine du 11-17\u00a0janvier, <\/strong>les plus forts taux de d\u00e9c\u00e8s dus \u00e0 la COVID-19\u00a0par r\u00e9gion rapport\u00e9s \u00e0 la population \u00e9taient toujours observ\u00e9s en Bourgogne-Franche-Comt\u00e9 (6,9\/100\u00a0000\u00a0habitants), Provence-Alpes-C\u00f4te d&rsquo;Azur (6,1), Grand Est (4,7) et Auvergne-Rh\u00f4ne-Alpes (4,2).<\/p>\n<p>La France a franchi la barre des 40 000 morts samedi 7 novembre,\u00a0celle des 50 000 le 24 novembre et celle des 60 000 le 18 d\u00e9cembre.\u00a0<strong>Un pic de mortalit\u00e9 a \u00e9t\u00e9 atteint\u00a0le 7\u00a0novembre <\/strong>(40\u00a0169\u00a0morts).\u00a0<\/p>\n<div style=\"text-align:center\">\n<figure class=\"image\" style=\"display:inline-block\"><a class=\"fancy\" href=\"https:\/\/img-3.journaldesfemmes.fr\/jlImVq3MiZAY07VyLTBKqts3ns8=\/1080x\/smart\/ff7e1e31e88a428d9a773f30181efaa1\/ccmcms-jdf\/21777409.jpg\"><img decoding=\"async\" alt=\"courbe deces covid hopital france\" src=\"https:\/\/img-3.journaldesfemmes.fr\/viroi9RhuXdyKAgVaEI8MzWDLHc=\/600x\/smart\/d6f63ce0ba2d4b71afa07e860f133adb\/ccmcms-jdf\/21777431.jpg\"\/><\/a><figcaption data-credit=\"Sant\u00e9 Publique France\" data-legend=\"Nombre hebdomadaire de nouveaux d\u00e9c\u00e8s survenus au cours d\u2019une hospitalisation pour COVID-19 selon la date de d\u00e9claration, depuis le 19 mars 2020, France (donn\u00e9es au 17 janvier 2021)\">Nombre hebdomadaire de nouveaux d\u00e9c\u00e8s survenus au cours d\u2019une hospitalisation pour COVID-19 selon la date de d\u00e9claration, depuis le 19 mars 2020, France (donn\u00e9es au 17 janvier 2021) <small>\u00a9\u00a0Sant\u00e9 Publique France<\/small><\/figcaption><\/figure>\n<\/div>\n<p><iframe loading=\"lazy\" height=\"1000\" src=\"https:\/\/mapthenews.maps.arcgis.com\/apps\/opsdashboard\/index.html#\/bae8aaa7a0b14261b4621c31db410c44\" style=\"border: 0px\" width=\"600\"><\/iframe><\/p>\n<p>Les r\u00e9gions les plus touch\u00e9es sur la semaine du 11 au 17 janvier restent les r\u00e9gions Provence-Alpes-C\u00f4te d&rsquo;Azur, Bourgogne-Franche-Comt\u00e9, Auvergne-Rh\u00f4ne-Alpes et Grand Est. Ces r\u00e9gions pr\u00e9sentaient\u00a0les plus forts taux d&rsquo;incidence (et ce depuis fin novembre), ainsi que les plus forts taux d&rsquo;hospitalisations et de d\u00e9c\u00e8s. Sant\u00e9 Publique France note cependant\u00a0une <strong>diminution des taux d&rsquo;incidence dans le Grand Est (-15%) <\/strong>et en Bourgogne-Franche-Comt\u00e9 (-15%) ainsi que, dans une moindre mesure, en Auvergne-Rh\u00f4ne-Alpes (-8%).<\/p>\n<p><iframe loading=\"lazy\" height=\"600\" src=\"https:\/\/geodes.santepubliquefrance.fr\/?view=map1&amp;indics=sp_pe_tb_heb.tx_pe_hebdo&amp;serie=2020-S42&amp;f1code=0&amp;lang=fr&amp;iframe=1\" width=\"600\"><\/iframe><\/p>\n<aside id=\"NL_1383363947\" class=\"newsletter_subscription jNlBlock\"><noscript><br \/>\n            <\/noscript><\/p>\n<h3 class=\"newsletter_subscription-title\">Newsletter <\/h3>\n<p><a href=\"\/\/mailing.ccmbg.com\/archive\/last-85\" target=\"_blank\" class=\"a_hover\" rel=\"noopener noreferrer\">Voir un exemple<\/a><\/p>\n<\/aside>\n<p>Au 25\u00a0janvier<strong>, 100<\/strong>\u00a0<strong>d\u00e9partements <\/strong>ont un nombre de cas de Covid-19 au-dessus du seuil d&rsquo;alerte de 50\/100 000 habitants et sont en niveau de vuln\u00e9rabilit\u00e9 \u00ab\u00a0\u00e9lev\u00e9\u00a0\u00bb.\u00a0<\/p>\n<div style=\"text-align:center\">\n<figure class=\"image\" style=\"display:inline-block\"><a class=\"fancy\" href=\"https:\/\/img-3.journaldesfemmes.fr\/5bm1S4xHdO2GVEgqrkFLoNe-zs0=\/1080x\/smart\/dce64c0b77c441c6b7b3a3e81e35bc61\/ccmcms-jdf\/21629430.png\"><img decoding=\"async\" alt=\"Niveau de vuln\u00e9rabilit\u00e9 par d\u00e9partement et \u00e9volution, France, au 5 janvier 2021\" src=\"https:\/\/img-3.journaldesfemmes.fr\/9o6-_-Rwl4AmY__mpev2UE6JGCI=\/450x\/smart\/dce64c0b77c441c6b7b3a3e81e35bc61\/ccmcms-jdf\/21629430.png\"\/><\/a><figcaption data-credit=\"Sant\u00e9 publique France\" data-legend=\"Niveau de vuln\u00e9rabilit\u00e9 par d\u00e9partement et \u00e9volution, France, au 17 janvier 2021\">Niveau de vuln\u00e9rabilit\u00e9 par d\u00e9partement et \u00e9volution, France, au 21 janvier 2021 <small>\u00a9\u00a0Sant\u00e9 publique France<\/small><\/figcaption><\/figure>\n<\/div>\n<section>\n<blockquote>\n<p style=\"text-align: right;\">\u00a0<\/p>\n<\/blockquote>\n<p>Les taux de reproduction du virus appel\u00e9s \u00ab\u00a0R-effectifs\u00a0\u00bb ou \u00ab\u00a0Reff\u00a0\u00bb\u00a0permettent de d\u00e9crire la dynamique de l&rsquo;\u00e9pid\u00e9mie\u00a0: lorsque le Reff est significativement sup\u00e9rieur \u00e0 1, ceci signifie que l&rsquo;\u00e9pid\u00e9mie est en progression, lorsqu&rsquo;il est \u00e9gal \u00e0 1, l&rsquo;\u00e9pid\u00e9mie se stabilise, lorsqu&rsquo;il est significativement inf\u00e9rieur \u00e0 1, l&rsquo;\u00e9pid\u00e9mie r\u00e9gresse. Le 21 janvier, Sant\u00e9 Publique France indique que l&rsquo;estimation du nombre de reproduction effectif en France m\u00e9tropolitaine est sup\u00e9rieure \u00e0 1\u00a0de fa\u00e7on significative<strong> (1.19\u00a0le 20 janvier)\u00a0<\/strong>dans les trois sources de donn\u00e9es.\u00a0<\/p>\n<p>Le d\u00e9pistage du Covid-19 est r\u00e9alis\u00e9 en France par RT-PCT et par tests antig\u00e9niques. Au 20 janvier, le taux de positivit\u00e9 national s&rsquo;\u00e9tablit \u00e0<strong>\u00a06,87 %.<\/strong>\u00a0<em>\u00ab\u00a0Il reste d\u00e9terminant que chaque personne pr\u00e9sentant des sympt\u00f4mes \u00e9vocateurs de COVID-19\u00a0s&rsquo;isole imm\u00e9diatement et r\u00e9alise un test diagnostique dans les plus brefs d\u00e9lais\u00a0\u00bb<\/em> rappelle Sant\u00e9 Publique France dans ses bulletins hebdomadaires.<\/p>\n<p>Si au d\u00e9but, on ne parlait que de fi\u00e8vre, toux s\u00e8che, rhume, \u00e9tat grippal et de fatigue, les sympt\u00f4mes de l&rsquo;infection par le coronavirus ont \u00e9volu\u00e9. On sait d\u00e9sormais que le virus peut avoir des <strong>effets sur la peau<\/strong> (urticaire, l\u00e9sions inflammatoires sur les orteils), la sph\u00e8re digestive (vomissements, diarrh\u00e9es&#8230;), <strong>l&rsquo;odorat<\/strong>, le <strong>go\u00fbt <\/strong>et m\u00eame le cerveau.<em> \u00ab\u00a0Sur 100 personnes atteintes du coronavirus, 90 ne vont pas d\u00e9velopper de sympt\u00f4mes\u00a0\u00bb<\/em> avait inform\u00e9 le ministre de la Sant\u00e9 le 5 novembre. La consigne des autorit\u00e9s est inchang\u00e9e :\u00a0chaque personne pr\u00e9sentant des sympt\u00f4mes \u00e9vocateurs de COVID-19 doit s&rsquo;isoler imm\u00e9diatement et r\u00e9aliser un test diagnostique dans les plus brefs d\u00e9lais.<\/p>\n<div class=\"ccminsert\">\n<aside class=\"app_widget_fo app_widget_fo--list app_widget_fo--list-2-col\">\n<ul>\n<li>\n<h3>\n                    <a href=\"https:\/\/sante.journaldesfemmes.fr\/fiches-maladies\/2661241-rhume-ou-covid-19-coronavirus-rhinopharyngite-comment-savoir-symptomes-tableau-difference-test\/\" class=\"jGTMWidgetGAEventClick\" data-gtmwidgetgaeventaction=\"clickWidgetListOnTwoColumns\" data-gtmwidgetgaeventlabel=\"Rhume ou Covid-19\u00a0: diff\u00e9rences, sympt\u00f4mes, comment savoir\u00a0?\"><br \/>\n                        Rhume ou Covid-19\u00a0: diff\u00e9rences, sympt\u00f4mes, comment savoir\u00a0?<br \/>\n                    <\/a><br \/>\n                <\/h3>\n<\/li>\n<li>\n<h3>\n                    <a href=\"https:\/\/sante.journaldesfemmes.fr\/fiches-maladies\/2683439-symptomes-covid-19-coronavirus-boutons-visage-corps-dermatologiques-peau-bras-pieds-engelure\/\" class=\"jGTMWidgetGAEventClick\" data-gtmwidgetgaeventaction=\"clickWidgetListOnTwoColumns\" data-gtmwidgetgaeventlabel=\"Sympt\u00f4mes Covid sur la peau\u00a0: engelures, boutons, quand consulter\u00a0?\"><br \/>\n                        Sympt\u00f4mes Covid sur la peau\u00a0: engelures, boutons, quand consulter\u00a0?<br \/>\n                    <\/a><br \/>\n                <\/h3>\n<\/li>\n<li>\n<h3>\n                    <a href=\"https:\/\/sante.journaldesfemmes.fr\/fiches-maladies\/2630069-coronavirus-covid-19-cerveau-symptomes-sequelles-odorat-effet-lesion-attaque\/\" class=\"jGTMWidgetGAEventClick\" data-gtmwidgetgaeventaction=\"clickWidgetListOnTwoColumns\" data-gtmwidgetgaeventlabel=\"Coronavirus\u00a0et cerveau\u00a0: effets, quels sympt\u00f4mes\u00a0?\"><br \/>\n                        Coronavirus\u00a0et cerveau\u00a0: effets, quels sympt\u00f4mes\u00a0?<br \/>\n                    <\/a><br \/>\n                <\/h3>\n<\/li>\n<li>\n<h3>\n                    <a href=\"https:\/\/sante.journaldesfemmes.fr\/fiches-sante-du-quotidien\/2627657-perte-odorat-anosmie-symptome-covid-19-covidanosmie-duree-rhume-definition-cause-traitement\/\" class=\"jGTMWidgetGAEventClick\" data-gtmwidgetgaeventaction=\"clickWidgetListOnTwoColumns\" data-gtmwidgetgaeventlabel=\"Perte de l'odorat\u00a0(anosmie)\u00a0: sympt\u00f4mes du Covid, dur\u00e9e, r\u00e9\u00e9ducation\"><br \/>\n                        Perte de l&rsquo;odorat\u00a0(anosmie)\u00a0: sympt\u00f4mes du Covid, dur\u00e9e, r\u00e9\u00e9ducation<br \/>\n                    <\/a><br \/>\n                <\/h3>\n<\/li>\n<li>\n<h3>\n                    <a href=\"https:\/\/sante.journaldesfemmes.fr\/fiches-maladies\/2679367-diarrhee-covid-coronavirus-symptome-digestif-intestinaux-duree-que-faire-vomissement-traitement-bebe-jeune\/\" class=\"jGTMWidgetGAEventClick\" data-gtmwidgetgaeventaction=\"clickWidgetListOnTwoColumns\" data-gtmwidgetgaeventlabel=\"Diarrh\u00e9e et Covid-19\u00a0: dur\u00e9e, que faire, un vrai sympt\u00f4me\u00a0?\"><br \/>\n                        Diarrh\u00e9e et Covid-19\u00a0: dur\u00e9e, que faire, un vrai sympt\u00f4me\u00a0?<br \/>\n                    <\/a><br \/>\n                <\/h3>\n<\/li>\n<li>\n<h3>\n                    <a href=\"https:\/\/sante.journaldesfemmes.fr\/fiches-maladies\/2676955-covid-19-ou-gastro-enterite-difference-symptomes-fievre-diarrhee-que-faire-complications\/\" class=\"jGTMWidgetGAEventClick\" data-gtmwidgetgaeventaction=\"clickWidgetListOnTwoColumns\" data-gtmwidgetgaeventlabel=\"Covid-19\u00a0ou gastro-ent\u00e9rite\u00a0: sympt\u00f4mes, quelles diff\u00e9rences\u00a0?\"><br \/>\n                        Covid-19\u00a0ou gastro-ent\u00e9rite\u00a0: sympt\u00f4mes, quelles diff\u00e9rences\u00a0?<br \/>\n                    <\/a><br \/>\n                <\/h3>\n<\/li>\n<li>\n<h3>\n                    <a href=\"https:\/\/sante.journaldesfemmes.fr\/fiches-maladies\/2665621-angine-ou-covid-19-points-communs-symptome-fievre-mal-gorge-test-difference-contagion-qui-consulter\/\" class=\"jGTMWidgetGAEventClick\" data-gtmwidgetgaeventaction=\"clickWidgetListOnTwoColumns\" data-gtmwidgetgaeventlabel=\"Angine ou Covid-19\u00a0: sympt\u00f4mes, diff\u00e9rences, test\"><br \/>\n                        Angine ou Covid-19\u00a0: sympt\u00f4mes, diff\u00e9rences, test<br \/>\n                    <\/a><br \/>\n                <\/h3>\n<\/li>\n<li>\n<h3>\n                    <a href=\"https:\/\/sante.journaldesfemmes.fr\/fiches-maladies\/2626825-coronavirus-allergie-pollen-asthme-symptomes-traitement-recommandation-conseil\/\" class=\"jGTMWidgetGAEventClick\" data-gtmwidgetgaeventaction=\"clickWidgetListOnTwoColumns\" data-gtmwidgetgaeventlabel=\"Coronavirus ou allergie\u00a0: sympt\u00f4mes, conseils pratiques\"><br \/>\n                        Coronavirus ou allergie\u00a0: sympt\u00f4mes, conseils pratiques<br \/>\n                    <\/a><br \/>\n                <\/h3>\n<\/li>\n<li>\n<h3>\n                    <a href=\"https:\/\/sante.journaldesfemmes.fr\/fiches-maladies\/2619471-grippe-ou-covid-19-coronavirus-differences-symptomes-incubation-transmission-vaccin\/\" class=\"jGTMWidgetGAEventClick\" data-gtmwidgetgaeventaction=\"clickWidgetListOnTwoColumns\" data-gtmwidgetgaeventlabel=\"Grippe ou Covid-19\u00a0: sympt\u00f4mes, comment faire la diff\u00e9rence\u00a0?\"><br \/>\n                        Grippe ou Covid-19\u00a0: sympt\u00f4mes, comment faire la diff\u00e9rence\u00a0?<br \/>\n                    <\/a><br \/>\n                <\/h3>\n<\/li>\n<li>\n<h3>\n                    <a href=\"https:\/\/sante.journaldesfemmes.fr\/fiches-maladies\/2644147-symptomes-coronavirus-qui-reviennent-durent-syndrome-post-covid-que-faire\/\" class=\"jGTMWidgetGAEventClick\" data-gtmwidgetgaeventaction=\"clickWidgetListOnTwoColumns\" data-gtmwidgetgaeventlabel=\"Syndrome post-Covid\u00a0: que faire quand les sympt\u00f4mes reviennent\u00a0?\"><br \/>\n                        Syndrome post-Covid\u00a0: que faire quand les sympt\u00f4mes reviennent\u00a0?<br \/>\n                    <\/a><br \/>\n                <\/h3>\n<\/li>\n<\/ul>\n<\/aside>\n<\/div>\n<ul>\n<li><strong>Si vous pr\u00e9sentez des\u00a0sympt\u00f4mes (toux, fi\u00e8vre, mal de t\u00eate) : <\/strong>\u00e9vitez\u00a0les contacts, restez\u00a0\u00e0 domicile, prenez du parac\u00e9tamol si besoin, appelez\u00a0un m\u00e9decin pour prendre rendez-vous dans l&rsquo;\u00e9ventualit\u00e9 qu&rsquo;il vous fasse passer un test de d\u00e9pistage.\u00a0<\/li>\n<li><strong>Appeler le\u00a015 en cas de\u00a0difficult\u00e9s respiratoires : \u00ab\u00a0<\/strong><em>Si cette toux et cette fi\u00e8vre s&rsquo;accompagnent d&rsquo;une g\u00eane respiratoire qui devient permanente avec souffle court, difficult\u00e9 \u00e0 inspirer et \u00e0 expirer, d&rsquo;une aggravation importante de la toux, cela peut signifier une \u00e9volution de la maladie sous la forme d&rsquo;une pneumopathie. Il s&rsquo;agit alors d&rsquo;une urgence respiratoire potentielle et comme dans tous les cas d&rsquo;urgence, il faut alors appeler le 15\u00a0qui prendra les meilleures dispositions pour r\u00e9pondre \u00e0 la situation\u00a0\u00bb, <\/em>pr\u00e9vient le Dr\u00a0Patrick Aub\u00e9, m\u00e9decin g\u00e9n\u00e9raliste. \u00a0<\/li>\n<\/ul>\n<p>La vaccination contre la Covid-19 se poursuit en France avec plus de 1 092 958 personnes vaccin\u00e9es au 25\u00a0janvier. La prise de<strong> rendez-vous<\/strong> est ouverte<b> <\/b>sur les sites Internet <strong>Doctolib, Maiia et KelDoc<\/strong> et peut aussi se faire en contactant par t\u00e9l\u00e9phone le <strong>centre de vaccination<\/strong> le plus proche de chez soi (liste disponible sur\u00a0<a href=\"https:\/\/www.sante.fr\/centres-vaccination-covid.html\" target=\"_blank\" rel=\"noopener noreferrer\">Sante.fr<\/a>) .<em>\u00ab\u00a0Chacun pourra \u00eatre vaccin\u00e9, au fur et \u00e0 mesure des livraisons de doses de vaccin \u00e0 la France. Cela <strong>prendra plusieurs semaines<\/strong> et se fera donc progressivement\u00a0\u00bb<\/em> a pr\u00e9venu le ministre de la Sant\u00e9. De son c\u00f4t\u00e9, le Premier ministre Jean Castex a indiqu\u00e9 qu&rsquo;il faudra \u00eatre \u00ab\u00a0<strong>patient<\/strong>\u00ab\u00a0.\u00a0<\/p>\n<div class=\"ccminsert\">\n<aside class=\"app_widget_fo app_widget_fo--call\">\n<ul>\n<li>\n                <a href=\"https:\/\/sante.journaldesfemmes.fr\/fiches-maladies\/2620433-vaccin-coronavirus-covid-19-europe-pfizer-moderna-commande-delai-dose-differences-fiabilite-pasteur-rougeole\/\" class=\"jGTMWidgetGAEventClick\" data-gtmwidgetgaeventaction=\"clickWidgetCall\" data-gtmwidgetgaeventlabel=\"Vaccin Covid-19\u00a0: direct, Pasteur abandonne, Pfizer, Moderna...\"><\/p>\n<figure><picture><source media=\"(max-width: 480px)\" srcset=\"https:\/\/img-3.journaldesfemmes.fr\/CIzYViT_Vi833gYU-BEtiy-vFOM=\/160x105\/smart\/d4ae5667912e4db78a1973375100ca1f\/ccmcms-jdf\/21782281.jpg\"><img decoding=\"async\" src=\"https:\/\/img-3.journaldesfemmes.fr\/1835eZzUd1JmKTMCmq1Od9jSZCc=\/200x132\/smart\/d4ae5667912e4db78a1973375100ca1f\/ccmcms-jdf\/21782281.jpg\" alt=\"\"\/><\/source><\/picture><figcaption>\n<h3>Vaccin Covid-19\u00a0: direct, Pasteur abandonne, Pfizer, Moderna&#8230;<\/h3>\n<p>L&rsquo;Institut Pasteur annonce arr\u00eater le d\u00e9veloppement de son candidat-vaccin bas\u00e9 sur le virus de la rougeole, contre la Covid-19. Pfizer-BioNTech, Moderna, Sanofi, vaccin russe, chinois\u00a0: quelles sont leurs particularit\u00e9s\u00a0? Technologie, principe, effets secondaires, efficacit\u00e9, doses, voyages\u00a0: derni\u00e8res infos en direct.<\/p>\n<\/figcaption><\/figure>\n<p><\/a>\n            <\/li>\n<\/ul>\n<\/aside>\n<\/div>\n<p>Depuis le lundi\u00a018\u00a0janvier\u00a02021, tous les voyageurs entrant en France en provenance d&rsquo;un pays hors Union-Europ\u00e9enne devront\u00a0:<\/p>\n<ul>\n<li>pr\u00e9senter un test PCR n\u00e9gatif\u00a0;<\/li>\n<li>s&rsquo;isoler pendant 7\u00a0jours une fois arriv\u00e9s en France et faire un 2<sup>e<\/sup>\u00a0test \u00e0 l&rsquo;issue de cette p\u00e9riode.<\/li>\n<\/ul>\n<p>Les personnes n&rsquo;ayant pu r\u00e9aliser un test dans leur pays de d\u00e9part auront la possibilit\u00e9 de se faire tester \u00e0 leur arriv\u00e9e en France et seront contraintes de s&rsquo;isoler 7\u00a0jours dans un lieu d&rsquo;h\u00e9bergement d\u00e9sign\u00e9 par les autorit\u00e9s publiques (Le test n\u00e9gatif est d\u00e9j\u00e0 exig\u00e9 pour les voyageurs venant du Royaume-Uni).<\/p>\n<p>Depuis le dimanche 24 janvier, tous les voyageurs entrant en France et venant d&rsquo;un pays europ\u00e9en doivent pr\u00e9senter avant leur d\u00e9part pour l&rsquo;Hexagone un test PCR n\u00e9gatif de moins de 72 heures.<\/p>\n<table border=\"1\" cellpadding=\"1\" cellspacing=\"1\" style=\"width:100%;\">\n<thead>\n<tr>\n<th scope=\"col\" style=\"text-align: center;\"><strong>DATES CL\u00c9S DE L&rsquo;\u00c9PID\u00c9MIE EN FRANCE<\/strong><\/th>\n<\/tr>\n<\/thead>\n<tbody>\n<tr>\n<td>\n<ul>\n<li><strong>31\u00a0d\u00e9cembre 2019,<\/strong> l&rsquo;Organisation mondiale de la Sant\u00e9 en Chine est inform\u00e9e de plusieurs cas de pneumonies dans la ville de Wuhan. 44\u00a0personnes sont infect\u00e9es entre cette date et le 3\u00a0janvier 2020.<\/li>\n<li><strong>7\u00a0janvier 2020, <\/strong>les autorit\u00e9s chinoises identifient un \u00ab\u00a0nouveau type de coronavirus\u00a0\u00bb.<\/li>\n<li><strong>13\u00a0janvier, <\/strong>un cas import\u00e9 est recens\u00e9 en Tha\u00eflande.<\/li>\n<li><strong>15\u00a0janvier<\/strong>, le virus cause\u00a0la mort d&rsquo;<strong>une premi\u00e8re\u00a0personne \u00e0 Wuhan<\/strong>, un homme de 69\u00a0ans.\u00a0<\/li>\n<li><strong>23\u00a0janvier,<\/strong> trois villes chinoises dont Wuhan sont plac\u00e9es en quarantaine.<\/li>\n<li><strong>25\u00a0janvier, trois personnes\u00a0contamin\u00e9es sont recens\u00e9es en France<\/strong>, deux \u00e0 Paris et une Bordeaux. Ce sont les premiers cas enregistr\u00e9s sur le continent europ\u00e9en.<\/li>\n<li><strong>30\u00a0janvier, <\/strong>l&rsquo;Organisation mondiale de la Sant\u00e9 <strong>d\u00e9cr\u00e8te\u00a0l&rsquo;<a href=\"https:\/\/sante.journaldesfemmes.fr\/fiches-maladies\/2608035-urgence-de-sante-publique-de-portee-internationale-definition-oms-coronavirus\/\" target=\"_blank\" rel=\"noopener noreferrer\">urgence de sant\u00e9 mondiale<\/a><\/strong>.\u00a0Cette mesure n&rsquo;avait \u00e9t\u00e9 d\u00e9cr\u00e9t\u00e9e que 5\u00a0fois depuis sa cr\u00e9ation (pour Ebola (deux fois), la grippe H1N1, Zika et la poliomy\u00e9lite).\u00a0<\/li>\n<li><strong>23\u00a0f\u00e9vrier, <\/strong>la France d\u00e9clenche le <a href=\"https:\/\/sante.journaldesfemmes.fr\/fiches-maladies\/2622449-plan-orsan-reb-definition-signification-qui-declenche-coronavirus-definition-duree\/\" target=\"_blank\" rel=\"noopener noreferrer\">plan ORSAN<\/a>, un dispositif exceptionnel d&rsquo;organisation des soins.<\/li>\n<li><strong>28\u00a0f\u00e9vrier,<\/strong> la France passe en stade 2\u00a0de l&rsquo;\u00e9pid\u00e9mie.<\/li>\n<li><strong>11\u00a0mars, <\/strong>l&rsquo;OMS classifie de <strong>pand\u00e9mie <\/strong>la diffusion de la maladie \u00e0 coronavirus Covid-19\u00a0dans le monde.<\/li>\n<li><strong>12\u00a0mars<\/strong>, le pr\u00e9sident de la R\u00e9publique Emmanuel Macron annonce la fermeture nationale des cr\u00e8ches et \u00e9tablissements scolaires de France \u00e0 compter du 16\u00a0mars et \u00ab\u00a0jusqu&rsquo;\u00e0 nouvel ordre\u00a0\u00bb.<\/li>\n<li><strong>14\u00a0mars<\/strong>, la France passe au <a href=\"https:\/\/sante.journaldesfemmes.fr\/fiches-maladies\/2625289-coronavirus-covid-19-stade-1-2-3-4-duree-mesure-france-signification-quand\/\" target=\"_blank\" rel=\"noopener noreferrer\"><strong>stade 3 <\/strong><\/a>de l&rsquo;\u00e9pid\u00e9mie.<\/li>\n<li><strong>16\u00a0mars\u00a0:<\/strong>\u00a0la France met en place un dispositif de confinement interdisant les d\u00e9placements.<\/li>\n<li><strong>18\u00a0mars<\/strong> le premier transfert de patients Covid-19\u00a0en France est r\u00e9alis\u00e9\u00a0gr\u00e2ce \u00e0 l&rsquo;Arm\u00e9e, par voie terrestre et a\u00e9rienne.\u00a0<\/li>\n<li><strong>26\u00a0mars<\/strong>, un premier cas jeune meurt en France, une adolescente de 16\u00a0ans, en Ile-de-France originaire de Morsang-sur-Orge.<\/li>\n<li><strong>27\u00a0mars,<\/strong> le confinement de la population fran\u00e7aise est renouvel\u00e9 jusqu&rsquo;au 15\u00a0avril.<\/li>\n<li><strong>13\u00a0avril,<\/strong> Emmanuel Macron annonce le prolongement du confinement jusqu&rsquo;au 11\u00a0mai.<\/li>\n<li><strong>11\u00a0mai, <\/strong>la France commence son d\u00e9confinement.<\/li>\n<li><strong>\u00a015\u00a0juin<\/strong>, toute la France passe en zone verte, sauf Mayotte et la Guyane. \u00c0\u00a0Paris, les restaurants et bars peuvent rouvrir compl\u00e8tement.<\/li>\n<li><strong>22\u00a0juin, <\/strong>les \u00e9coles sont de nouveaux obligatoires en France pour tous les \u00e9l\u00e8ves. Les cin\u00e9mas, salles de jeux, casinos rouvrent. Les sports collectifs peuvent \u00eatre autoris\u00e9s tout en respectant certaines conditions sanitaires.<\/li>\n<li><strong>10\u00a0juillet<\/strong>, la <strong>France <\/strong>a franchi la barre des 30\u00a0000\u00a0morts. Dans la nuit du 10\u00a0au 11\u00a0juillet \u00e0 minuit, l&rsquo;\u00e9tat d&rsquo;urgence sanitaire prend fin en France.<\/li>\n<li><strong>\u00a020\u00a0juillet,<\/strong>\u00a0le <strong>port du masque est obligatoire <\/strong>dans les lieux publics clos en France.<\/li>\n<li><strong>8 octobre, <\/strong>le<strong> plan blanc est r\u00e9activ\u00e9 <\/strong>dans les h\u00f4pitaux d&rsquo;Ile-de-France.<\/li>\n<li><strong>17 octobre \u00e0 0h01<\/strong>, la France repasse en \u00e9tat d&rsquo;urgence sanitaire et un <strong>couvre-feu <\/strong>est instaur\u00e9 dans 9 territoires\u00a0(Paris-Ile-de-France, Rouen, Grenoble, Lille, Lyon, Aix-Marseille, Montpellier, Saint-Etienne, Toulouse).<\/li>\n<li><strong>24 octobre \u00e0 0h01 :<\/strong> extension des mesures de couvre-feu \u00e0 38 nouveaux d\u00e9partements fran\u00e7ais.<\/li>\n<li><strong>29 octobre \u00e0 0h01<\/strong> : reconfinement national pour 4 semaines, jusqu&rsquo;au 1er d\u00e9cembre au minimum.<\/li>\n<li><strong>28 novembre : <\/strong>premi\u00e8re \u00e9tape d&rsquo;all\u00e8gement du confinement avec la r\u00e9ouverture des commerces non essentiels.<\/li>\n<li><strong>15 d\u00e9cembre : <\/strong>seconde \u00e9tape\u00a0d&rsquo;all\u00e8gement du confinement avec le passage \u00e0 un couvre-feu de 20 heures \u00e0 6 heures du matin.<\/li>\n<li><strong>31 d\u00e9cembre<\/strong> : couvre-feu impos\u00e9 le soir du 31 d\u00e9cembre, de 20 heures \u00e0 6 heures du matin.<\/li>\n<li><strong>21 d\u00e9cembre<\/strong> : autorisation du vaccin Pfizer en Europe.<\/li>\n<li><strong>24 d\u00e9cembre<\/strong> : autorisation du vaccin Pfizer BioNTech en France.<\/li>\n<li><strong>27 d\u00e9cembre :<\/strong> d\u00e9but de la vaccination en France et dans l&rsquo;Union europ\u00e9enne avec le vaccin Pfizer BioNTech.<\/li>\n<li><strong>8 janvier 2021<\/strong> :\u00a0autorisation du vaccin Moderna en France.<\/li>\n<li><strong>24 janvier 2021<\/strong> : un test PCR n\u00e9gatif est obligatoire pour rentrer en France par avion pour les voyageurs venant d&rsquo;un pays europ\u00e9en (sauf pour les travailleurs transfrontaliers et le transport terrestre).<\/li>\n<\/ul>\n<\/td>\n<\/tr>\n<\/tbody>\n<\/table>\n<p><em>Cet article est mis \u00e0 jour quotidiennement par <a href=\"https:\/\/www.journaldesfemmes.fr\/account\/ablaize-11409696\" target=\"_blank\" rel=\"noopener noreferrer\">Aur\u00e9lie Blaize<\/a>, <a href=\"https:\/\/www.journaldesfemmes.fr\/account\/anaisthiebaux-10573564\" target=\"_blank\" rel=\"noopener noreferrer\">Ana\u00efs Thi\u00e9baux<\/a> et <a href=\"https:\/\/www.journaldesfemmes.fr\/account\/samanthapages-11598093\" target=\"_blank\" rel=\"noopener noreferrer\">Samantha Pag\u00e8s<\/a>.\u00a0<\/em><\/p>\n<\/section>\n<\/div>\n<p>[ad_2]<br \/>\n<br \/><a href=\"https:\/\/sante.journaldesfemmes.fr\/fiches-maladies\/2605417-covid-19-france-coronavirus-chiffres-nombre-nouveaux-cas-morts-annonces-gouvernement-reconfinement\/\">Source link <\/a><\/p>\n","protected":false},"excerpt":{"rendered":"<p>[ad_1] CORONAVIRUS DIRECT &#8211; L&rsquo;\u00e9pid\u00e9mie poursuit sa progression avec une inqui\u00e9tante circulation du variant anglais. La France enregistre 350\u00a0nouveaux d\u00e9c\u00e8s &hellip; <a href=\"http:\/\/www.affinite.fr\/index.php\/2021\/01\/26\/progression-du-variant-anglais-derniers-chiffres\/\" class=\"more-link\">Plus <span class=\"screen-reader-text\">progression du variant anglais, derniers chiffres<\/span> <span class=\"meta-nav\">&rarr;<\/span><\/a><\/p>\n","protected":false},"author":1,"featured_media":5857,"comment_status":"open","ping_status":"open","sticky":false,"template":"","format":"standard","meta":{"_sitemap_exclude":false,"_sitemap_priority":"","_sitemap_frequency":"","footnotes":""},"categories":[1],"tags":[],"class_list":["post-5856","post","type-post","status-publish","format-standard","has-post-thumbnail","hentry","category-tous"],"_links":{"self":[{"href":"http:\/\/www.affinite.fr\/index.php\/wp-json\/wp\/v2\/posts\/5856"}],"collection":[{"href":"http:\/\/www.affinite.fr\/index.php\/wp-json\/wp\/v2\/posts"}],"about":[{"href":"http:\/\/www.affinite.fr\/index.php\/wp-json\/wp\/v2\/types\/post"}],"author":[{"embeddable":true,"href":"http:\/\/www.affinite.fr\/index.php\/wp-json\/wp\/v2\/users\/1"}],"replies":[{"embeddable":true,"href":"http:\/\/www.affinite.fr\/index.php\/wp-json\/wp\/v2\/comments?post=5856"}],"version-history":[{"count":0,"href":"http:\/\/www.affinite.fr\/index.php\/wp-json\/wp\/v2\/posts\/5856\/revisions"}],"wp:featuredmedia":[{"embeddable":true,"href":"http:\/\/www.affinite.fr\/index.php\/wp-json\/wp\/v2\/media\/5857"}],"wp:attachment":[{"href":"http:\/\/www.affinite.fr\/index.php\/wp-json\/wp\/v2\/media?parent=5856"}],"wp:term":[{"taxonomy":"category","embeddable":true,"href":"http:\/\/www.affinite.fr\/index.php\/wp-json\/wp\/v2\/categories?post=5856"},{"taxonomy":"post_tag","embeddable":true,"href":"http:\/\/www.affinite.fr\/index.php\/wp-json\/wp\/v2\/tags?post=5856"}],"curies":[{"name":"wp","href":"https:\/\/api.w.org\/{rel}","templated":true}]}}