{"id":5830,"date":"2021-01-20T19:18:17","date_gmt":"2021-01-20T19:18:17","guid":{"rendered":"https:\/\/www.affinite.fr\/index.php\/2021\/01\/20\/en-direct-allemagne-royaume-uni-morts\/"},"modified":"2021-01-20T19:18:17","modified_gmt":"2021-01-20T19:18:17","slug":"en-direct-allemagne-royaume-uni-morts","status":"publish","type":"post","link":"http:\/\/www.affinite.fr\/index.php\/2021\/01\/20\/en-direct-allemagne-royaume-uni-morts\/","title":{"rendered":"en direct, Allemagne, Royaume-Uni, morts"},"content":{"rendered":"<p> [ad_1]<br \/>\n<\/p>\n<p>\n                COVID MONDE DIRECT &#8211; La pand\u00e9mie de Covid-19\u00a0continue de progresser dans le monde alors que plus de 96\u00a0millions de personnes ont \u00e9t\u00e9 contamin\u00e9es et 2\u00a0millions sont d\u00e9c\u00e9d\u00e9es. Confinement prolong\u00e9 en Allemagne et en Isra\u00ebl, la variant anglais d\u00e9tect\u00e9 dans 60\u00a0pays du monde&#8230; Bilan, chiffres, courbes, morts\u00a0: point de situation \u00e0 date.            <\/p>\n<div>\n<aside class=\"ccmsummary marqueur_module ccmcss_cms_summary ccmcss_cms_summary--right\">\n<p>Sommaire<\/p>\n<\/aside>\n<p><b>[Mise \u00e0 jour du mercredi 20 janvier 2021\u00a0\u00e0 18h55]<\/b>\u00a0La pand\u00e9mie li\u00e9e au coronavirus Sars-CoV-2\u00a0continue de progresser \u00e0 travers le monde. Plus de <strong>96\u00a0millions <\/strong>de personnes ont \u00e9t\u00e9 contamin\u00e9es et <strong>plus de 2 millions en sont d\u00e9c\u00e9d\u00e9es en un an<\/strong>, au\u00a0mercredi 20 janvier. Le <strong>variant anglais du virus a \u00e9t\u00e9 d\u00e9tect\u00e9 dans 60 pays <\/strong>du monde. L&rsquo;Allemagne et Isra\u00ebl prolongent leurs confinements respectifs, la Turquie vaccine sa population&#8230; Les foyers majeurs de l&rsquo;\u00e9pid\u00e9mie se situent dans la zone Am\u00e9riques et en Europe, respectivement \u00e0 l&rsquo;origine de 51% et 36% des nouveaux cas de Covid-19\u00a0rapport\u00e9s au niveau mondial, et de 45% et 42% des nouveaux d\u00e9c\u00e8s en semaine 1 (du 4 au 10 janvier), rapporte le bulletin \u00e9pid\u00e9miologique de Sant\u00e9 Publique France du 14 janvier. Les <strong>pays qui rapportent le plus grand nombre de cas <\/strong>en semaine 1\u00a0sont\u00a0: les <strong>\u00c9tats-Unis, le Royaume-Uni, le Br\u00e9sil,\u00a0la Russie, l&rsquo;Allemagne, l&rsquo;Afrique du Sud\u00a0et la France.<\/strong> Plusieurs pays acc\u00e9l\u00e8rent la vaccination de la population pour tenter d&rsquo;enrayer cette crise sanitaire mondiale. Chiffres, tableau, courbes d&rsquo;\u00e9volution de l&rsquo;\u00e9pid\u00e9mie et point de situation en direct.<\/p>\n<p><strong>Derni\u00e8res infos dans le monde\u00a0:<\/strong><\/p>\n<ul>\n<li><b>Mesures prolong\u00e9es en Allemagne. <\/b>Le pays renforce et prolonge ses mesures sanitaires\u00a0(confinement, port du masque FFP2\u00a0et la fermeture des commerces non-essentiels) jusqu&rsquo;\u00e0 la mi-f\u00e9vrier. Le t\u00e9l\u00e9travail sera obligatoire \u00ab\u00a0partout o\u00f9 cela est possible\u00a0\u00bb au moins jusqu&rsquo;\u00e0 la mi-mars. La Chanceli\u00e8re Angela Merkel a d\u00e9clar\u00e9 :\u00a0<em>\u00ab\u00a0Les restrictions s\u00e9v\u00e8res que les gens respectent commencent \u00e0 porter leurs <a href=\"http:\/\/www.affinite.fr\/index.php\/2023\/07\/29\/valoriser-ses-invendus-une-demarche-ecologique-et-rentable-pour-les-marchands-de-fruits\/\">fruits<\/a>\u00a0\u00bb. <\/em>Ces mesures devaient prendre fin le 31\u00a0janvier.<\/li>\n<li><strong>1 million de personnes vaccin\u00e9es en Turquie<\/strong>. Plus d&rsquo;un million de personnes ont \u00e9t\u00e9 vaccin\u00e9 avec le vaccin CoronoVac\u00a0contre la Covid\u00a0en moins d&rsquo;une semaine selon le minist\u00e8re de la Sant\u00e9 du pays.\u00a0<\/li>\n<li><strong>Le cap des 400\u00a0000\u00a0morts d\u00e9pass\u00e9 aux Etats-Unis. <\/strong>Alors que l&rsquo;investiture du nouveau Pr\u00e9sident Joe Biden a lieu mercredi 20 janvier, le cap des 400\u00a0000 morts (401\u00a0777) \u00e0 \u00e9t\u00e9 d\u00e9pass\u00e9 aux USA selon le comptage de l&rsquo;Universit\u00e9 Johns Hopkins.\u00a0<\/li>\n<li><strong>Le variant anglais \u00e0 P\u00e9kin.<\/strong>\u00a0Les\u00a0premiers cas li\u00e9s au variant anglais du Covid auraient \u00e9t\u00e9 d\u00e9couverts \u00e0 P\u00e9kin, selon les autorit\u00e9s sanitaires, rapporte l&rsquo;AFP.\u00a0<\/li>\n<li><strong>Prolongement du confinement en Isra\u00ebl.<\/strong> Le confinement qui devait se terminer jeudi 21 janvier sera\u00a0prolonger jusqu&rsquo;\u00e0 fin janvier dans le pays. Plus de 10\u00a0000 cas de contaminations ont \u00e9t\u00e9 identifi\u00e9s mardi 19 janvier.<\/li>\n<li><strong>Les sans-abris prioritaires au Danemark?<\/strong>\u00a0Le pays a annonc\u00e9 que les sans-abris seraient dans l&rsquo;ordre de priorit\u00e9 d&rsquo;acc\u00e8s au vaccin contre le Covid-19, apr\u00e8s des appels en ce sens d&rsquo;associations et d&rsquo;\u00e9lus en raison du risque particulier pour cette population fragile.\u00a0<\/li>\n<li><strong>Nouvelles mesures pour\u00a0<a href=\"http:\/\/www.affinite.fr\/index.php\/2023\/07\/29\/changer-de-vie-voyager-complement-de-retraite-devenez-vendeur-de-glace-a-litalienne\/\">voyager<\/a> en Europe ?<\/strong>\u00a0Un Conseil europ\u00e9en aura lieu\u00a0jeudi 21 janvier. L&rsquo;obligation d&rsquo;un test PCR pour les voyageurs au sein de l&rsquo;Espagne Schengen pourrait \u00eatre envisag\u00e9. Le secr\u00e9taire d&rsquo;Etat au tourisme Jean-Baptiste Lemoyne s&rsquo;y est dit favorable, lors d&rsquo;une visite \u00e0 Madrid, rapporte Les Echos.\u00a0<\/li>\n<li><strong>Record de cas au Mexique<\/strong>. Le pays a recens\u00e9 plus de 1500 (1584) d\u00e9c\u00e8s li\u00e9s au coronavirus en 24h, un record depuis le d\u00e9but de l&rsquo;\u00e9pid\u00e9mie. Le Mexique recense\u00a0<strong>1\u00a0668\u00a0396 <\/strong>cas depuis le d\u00e9but de l&rsquo;\u00e9pid\u00e9mie et <strong>142\u00a0832<\/strong> morts.<\/li>\n<li><strong>Le variant anglais pr\u00e9sent dans 60 pays. <\/strong>L&rsquo;OMS a indiqu\u00e9, dans sa revue \u00e9pid\u00e9miologique, que le variant britannique du virus \u00e9tait pr\u00e9sent la semaine derni\u00e8re dans 60\u00a0pays et territoires, soit 10\u00a0de plus qu&rsquo;au 12\u00a0janvier. Quant au variant Sud-Africain il est pr\u00e9sent dans 23\u00a0pays et territoires, soit 3\u00a0de plus qu&rsquo;au 12\u00a0janvier.<\/li>\n<li><strong>Majorit\u00e9 de personnes vaccin\u00e9es\u00a0esp\u00e9r\u00e9e avant juillet au Japon. <\/strong>Le pays a annonc\u00e9 vouloir que la\u00a0majorit\u00e9 de la population du pays re\u00e7oive un vaccin d&rsquo;ici les JO de Tokyo-2020\u00a0en juillet 2021. Le Pfizer\/BioNTech devrait \u00eatre autoris\u00e9 en f\u00e9vrier. Les\u00a0prioritaires seront les personnes du personnel m\u00e9dical.\u00a0<\/li>\n<\/ul>\n<p style=\"text-align: center;\"><strong>Nombre de cas de Covid-19\u00a0dans les 10\u00a0pays du monde les plus affect\u00e9s (nombre de cas), au 20\u00a0janvier 2021<\/strong><\/p>\n<div style=\"text-align:center\">\n<figure class=\"image\" style=\"display:inline-block\"><a class=\"fancy\" href=\"https:\/\/img-3.journaldesfemmes.fr\/Kk3CmCk_PG87l068tZKVBtyrVZo=\/1080x\/smart\/9b5e10562a494e528241b65698629a21\/ccmcms-jdf\/21728605.png\"><img decoding=\"async\" alt=\"courbe-cas-covid-monde-classement-pays\" src=\"https:\/\/img-3.journaldesfemmes.fr\/Kk3CmCk_PG87l068tZKVBtyrVZo=\/1080x\/smart\/9b5e10562a494e528241b65698629a21\/ccmcms-jdf\/21728605.png\"\/><\/a><figcaption data-credit=\"Universit\u00e9 Johns Hopkins\" data-legend=\"Nombre de cas de Covid-19 dans les 10 pays les plus touch\u00e9s du monde, au 20 janvier 2021\">Nombre de cas de Covid-19 dans les 10 pays les plus touch\u00e9s du monde, au 20 janvier 2021 <small>\u00a9\u00a0Universit\u00e9 Johns Hopkins<\/small><\/figcaption><\/figure>\n<\/div>\n<p>Le nombre de cas de coronavirus continue d&rsquo;augmenter chaque jour dans le monde. Au 20 janvier\u00a02021, plus de <strong>96\u00a0millions\u00a0de personnes ont \u00e9t\u00e9 test\u00e9es positives<\/strong> au virus selon les comptages de l&rsquo;<a href=\"https:\/\/gisanddata.maps.arcgis.com\/apps\/opsdashboard\/index.html#\/bda7594740fd40299423467b48e9ecf6\" target=\"_blank\" rel=\"noopener noreferrer\">Universit\u00e9 Johns Hopkins<\/a>\u00a0(96\u00a0255\u00a0312).\u00a0Pour le\u00a0<a href=\"https:\/\/www.ecdc.europa.eu\/en\/geographical-distribution-2019-ncov-cases\" target=\"_blank\" rel=\"noopener noreferrer\">Centre europ\u00e9en de pr\u00e9vention et de contr\u00f4le des maladies<\/a>,\u00a0<strong>89\u00a0802\u00a0096<\/strong> cas ont \u00e9t\u00e9 confirm\u00e9s en semaine 1\u00a0(4 au 10\u00a0janvier 2021), depuis le 31 d\u00e9cembre 2019.\u00a0Ces chiffres varient\u00a0selon les d\u00e9finitions de cas appliqu\u00e9es dans chaque pays et leurs strat\u00e9gies de d\u00e9pistage. \u00a0<\/p>\n<table border=\"1\" cellpadding=\"1\" cellspacing=\"1\">\n<caption>\n<h3 style=\"text-align: center;\">Nombre de cas de Covid-19\u00a0par continent du\u00a031\u00a0d\u00e9cembre 2019\u00a0au 10\u00a0janvier 2021 (source\u00a0: Ecdc.Europa.eu \/ Ined.fr)<\/h3>\n<\/caption>\n<tbody>\n<tr>\n<td style=\"width: 105px;\">\u00a0<\/td>\n<td style=\"width: 347px;\">\n<p><strong>Nombre de cas positifs au Covid-19\u00a0<\/strong><\/p>\n<\/td>\n<td style=\"width: 544px;\">\n<p><strong>Pourcentage de la population positive au Covid-19<\/strong><\/p>\n<\/td>\n<\/tr>\n<tr>\n<td style=\"width: 105px;\">\n<p><strong>Am\u00e9rique<\/strong><\/p>\n<\/td>\n<td style=\"width: 347px;\">39\u00a0844\u00a0634<\/td>\n<td style=\"width: 544px;\">3,90%<\/td>\n<\/tr>\n<tr>\n<td style=\"width: 105px;\">\n<p><strong>Europe<\/strong><\/p>\n<\/td>\n<td style=\"width: 347px;\">28\u00a0291\u00a0217<\/td>\n<td style=\"width: 544px;\">\n<p>3,78%<\/p>\n<\/td>\n<\/tr>\n<tr>\n<td style=\"width: 105px;\">\n<p><strong>Asie<\/strong><\/p>\n<\/td>\n<td style=\"width: 347px;\">18\u00a0549\u00a0010<\/td>\n<td style=\"width: 544px;\">0,40%<\/td>\n<\/tr>\n<tr>\n<td style=\"width: 105px;\">\n<p><strong>Afrique<\/strong><\/p>\n<\/td>\n<td style=\"width: 347px;\">3\u00a0059\u00a0974\u00a0<\/td>\n<td style=\"width: 544px;\">\n<p>0,23%<\/p>\n<\/td>\n<\/tr>\n<tr>\n<td style=\"width: 105px;\">\n<p><strong>Oc\u00e9anie<\/strong><\/p>\n<\/td>\n<td style=\"width: 347px;\">56\u00a0556<\/td>\n<td style=\"width: 544px;\">\n<p>0,13%<\/p>\n<\/td>\n<\/tr>\n<tr>\n<td style=\"width: 105px;\">\n<p><strong>Autres<\/strong><\/p>\n<\/td>\n<td style=\"width: 347px;\">\n<p>705<\/p>\n<\/td>\n<td style=\"width: 544px;\">\n<p>\u2248 0%<\/p>\n<\/td>\n<\/tr>\n<tr>\n<td style=\"width: 105px;\">\n<p><strong>Total\u00a0<\/strong><\/p>\n<\/td>\n<td style=\"width: 347px;\"><strong>89\u00a0802\u00a0096<\/strong><\/td>\n<td style=\"width: 544px;\">\n<p>1,15%<\/p>\n<\/td>\n<\/tr>\n<\/tbody>\n<\/table>\n<table border=\"1\" cellpadding=\"1\" cellspacing=\"1\">\n<caption>\n<h3 style=\"text-align: center;\">Les 10\u00a0pays recensant le plus grand nombre de cas de Covid-19\u00a0dans le monde au 20\u00a0janvier\u00a02021\u00a0(Sources\u00a0: Universit\u00e9 Johns Hopkins)<\/h3>\n<\/caption>\n<thead>\n<tr>\n<th scope=\"col\" style=\"width: 144px;\">\n<p>Pays<\/p>\n<\/th>\n<th scope=\"col\" style=\"width: 208px;\">\n<p>Nombre de cas confirm\u00e9s<\/p>\n<\/th>\n<th scope=\"col\" style=\"width: 254px;\">\n<p>Nombre total d&rsquo;habitants (en millions)<\/p>\n<\/th>\n<th scope=\"col\" style=\"width: 290px;\">\n<p>Pourcentage de la population infect\u00e9e<\/p>\n<\/th>\n<\/tr>\n<\/thead>\n<tbody>\n<tr>\n<td style=\"width: 144px;\">\n<p><strong>Etats-Unis <\/strong><\/p>\n<\/td>\n<td style=\"width: 208px;\">\n<h5><strong>24\u00a0254\u00a0284<\/strong><\/h5>\n<\/td>\n<td style=\"width: 254px;\">\n<p>328,2<\/p>\n<\/td>\n<td style=\"width: 290px;\">\n<p>7,39%<\/p>\n<\/td>\n<\/tr>\n<tr>\n<td style=\"width: 144px;\">\n<p><strong>Inde<\/strong><\/p>\n<\/td>\n<td style=\"width: 208px;\">\n<p>10 595 639<\/p>\n<\/td>\n<td style=\"width: 254px;\">\n<p>1\u00a0353<\/p>\n<\/td>\n<td style=\"width: 290px;\">\n<p>0,78%<\/p>\n<\/td>\n<\/tr>\n<tr>\n<td style=\"width: 144px;\">\n<p><strong>Br\u00e9sil<\/strong><\/p>\n<\/td>\n<td style=\"width: 208px;\">\n<p>8 573 864<\/p>\n<\/td>\n<td style=\"width: 254px;\">\n<p>209.5<\/p>\n<\/td>\n<td style=\"width: 290px;\">\n<p>4,09%<\/p>\n<\/td>\n<\/tr>\n<tr>\n<td style=\"width: 144px;\">\n<p><strong>Russie<\/strong><\/p>\n<\/td>\n<td style=\"width: 208px;\">3 595 136<\/td>\n<td style=\"width: 254px;\">144,5<\/td>\n<td style=\"width: 290px;\">\n<p>2,49%\u00a0<strong>\u00a0<\/strong><\/p>\n<\/td>\n<\/tr>\n<tr>\n<td style=\"width: 144px;\">\n<p><b>Royaume-Uni<\/b><\/p>\n<\/td>\n<td style=\"width: 208px;\">\n<h5>3 476 824<\/h5>\n<\/td>\n<td style=\"width: 254px;\">66,65<\/td>\n<td style=\"width: 290px;\">\n<p>5,22%<\/p>\n<\/td>\n<\/tr>\n<tr>\n<td style=\"width: 144px;\"><b>France<\/b><\/td>\n<td style=\"width: 208px;\">\n<h5><strong>2 996 784<\/strong><\/h5>\n<\/td>\n<td style=\"width: 254px;\"><strong>66,9<\/strong><\/td>\n<td style=\"width: 290px;\"><strong>4,48%<\/strong><\/td>\n<\/tr>\n<tr>\n<td style=\"width: 144px;\"><b>Turquie<\/b><\/td>\n<td style=\"width: 208px;\">2 399 781<\/td>\n<td style=\"width: 254px;\">84,3<\/td>\n<td style=\"width: 290px;\">2,85%<\/td>\n<\/tr>\n<tr>\n<td style=\"width: 144px;\">\n<p><b>Italie<\/b><\/p>\n<\/td>\n<td style=\"width: 208px;\">2 400 598<\/td>\n<td style=\"width: 254px;\">\n<p>60,4<\/p>\n<\/td>\n<td style=\"width: 290px;\">\n<p>3,98%<\/p>\n<\/td>\n<\/tr>\n<tr>\n<td style=\"width: 144px;\"><strong>Espagne<\/strong><\/td>\n<td style=\"width: 208px;\">2 370 742<\/td>\n<td style=\"width: 254px;\">\n<p>\t\t\t47<\/p>\n<\/td>\n<td style=\"width: 290px;\">\n<p>5,04%<\/p>\n<\/td>\n<\/tr>\n<tr>\n<td style=\"width: 144px;\">\n<p><strong>Allemagne<\/strong><\/p>\n<\/td>\n<td style=\"width: 208px;\">\n<h5><strong>2 074 964<\/strong><\/h5>\n<\/td>\n<td style=\"width: 254px;\">\n<p>83,1<\/p>\n<\/td>\n<td style=\"width: 290px;\">\n<p>2,50%<\/p>\n<\/td>\n<\/tr>\n<\/tbody>\n<\/table>\n<h3>&gt; <strong><a href=\"https:\/\/gisanddata.maps.arcgis.com\/apps\/opsdashboard\/index.html#\/bda7594740fd40299423467b48e9ecf6\" target=\"_blank\" rel=\"noopener noreferrer\">Voir le nombre de cas des autres pays\u00a0<\/a><\/strong><\/h3>\n<h3 style=\"text-align: center;\">R\u00e9partition g\u00e9ographique du nombre cumulatif de cas de COVID-19\u00a0signal\u00e9s pour 100\u00a0000\u00a0habitants, dans le monde, sur les 14\u00a0derniers jours, pour les semaines 53-01 (28 d\u00e9cembre-10 janvier 2021)<\/h3>\n<div style=\"text-align:center\">\n<figure class=\"image\" style=\"display:inline-block\"><a class=\"fancy\" href=\"https:\/\/img-3.journaldesfemmes.fr\/RR1Ie54z4mfN8KttTX7P-aLAW1o=\/1080x\/smart\/7533835099fa4a7ea9114de8ba5c90ea\/ccmcms-jdf\/21600471.png\"><img decoding=\"async\" alt=\"carte-covid-monde-cas\" src=\"https:\/\/img-3.journaldesfemmes.fr\/82ggo6BAjFzZz9WHClkmEiOiRLQ=\/600x\/smart\/7533835099fa4a7ea9114de8ba5c90ea\/ccmcms-jdf\/21600471.png\"\/><\/a><figcaption data-credit=\"Ecdc.europa.eu\" data-legend=\"R\u00e9partition g\u00e9ographique du nombre cumulatif de cas de COVID-19\u00a0signal\u00e9s pour 100\u00a0000\u00a0habitants, dans le monde, sur les 14\u00a0derniers jours, pour les semaines 53-01 (28 d\u00e9cembre-10 janvier) \">R\u00e9partition g\u00e9ographique du nombre cumulatif de cas de COVID-19\u00a0signal\u00e9s pour 100\u00a0000\u00a0habitants, dans le monde, sur les 14\u00a0derniers jours, pour les semaines 53-01 (28 d\u00e9cembre-10 janvier) <small>\u00a9\u00a0Ecdc.europa.eu<\/small><\/figcaption><\/figure>\n<\/div>\n<p>Apr\u00e8s l&rsquo;apparition du virus en Chine en d\u00e9cembre 2019, l&rsquo;Europe est rapidement devenue l&rsquo;\u00e9picentre de l&rsquo;\u00e9pid\u00e9mie obligeant plusieurs pays \u00e0 confiner les populations d\u00e8s le mois de mars. Puis le virus s&rsquo;est propag\u00e9 aux\u00a0Etats-Unis, en Am\u00e9rique du Sud et en\u00a0Inde.\u00a0Au 14\u00a0janvier, selon <a href=\"https:\/\/www.santepubliquefrance.fr\/maladies-et-traumatismes\/maladies-et-infections-respiratoires\/infection-a-coronavirus\/documents\/bulletin-national\/covid-19-point-epidemiologique-du-14-janvier-2021\" target=\"_blank\" rel=\"noopener noreferrer\">Sant\u00e9 publique France<\/a>, les<strong>\u00a0foyers majeurs de l&rsquo;\u00e9pid\u00e9mie <\/strong>se situent actuellement dans la zone <strong>Am\u00e9riques\u00a0<\/strong>et en <strong>Europe<\/strong>, respectivement \u00e0 l&rsquo;origine de 51% et 36% des nouveaux cas de Covid-19\u00a0rapport\u00e9s au niveau mondial, et de 45% et 42% des nouveaux d\u00e9c\u00e8s en S01\u00a0(du 04\u00a0janvier au 10\u00a0janvier 2021). Les <strong>pays qui rapportent le plus grand nombre de cas <\/strong>en semaine 1 sont\u00a0: les \u00c9tats-Unis (+1\u00a0786\u00a0773\u00a0nouveaux cas), le Royaume-Uni (+417\u00a0620), le Br\u00e9sil (+313\u00a0130), la Russie (+165\u00a0167), l&rsquo;Allemagne (+142\u00a0861), l&rsquo;Afrique du Sud (+125\u00a0287) et la France (+126\u00a0022).<\/p>\n<p>Comparativement \u00e0 la semaine 53, <strong>toutes les r\u00e9gions OMS ont observ\u00e9 une hausse du nombre de cas <\/strong>en semaine 1, sauf l&rsquo;Asie du Sud-Est o\u00f9 ce nombre est rest\u00e9 stable. Le nombre de d\u00e9c\u00e8s \u00e9tait en augmentation en Afrique (+31%), dans la r\u00e9gion des Am\u00e9riques (+18%) ainsi que dans la r\u00e9gion du Pacifique occidental (+14%) et en Europe (+6%).<\/p>\n<p style=\"text-align: center;\"><span style=\"font-size: 1rem; font-weight: 700; text-align: center;\">Courbe d&rsquo;\u00e9volution des cas journaliers du Covid-19\u00a0dans le monde jusqu&rsquo;au 19 janvier 2021<\/span><\/p>\n<div style=\"text-align:center\">\n<figure class=\"image\" style=\"display:inline-block\"><a class=\"fancy\" href=\"https:\/\/img-3.journaldesfemmes.fr\/ZBP9D82bFcDaXx1ph1RupLzqu_c=\/1080x\/smart\/8fda02237057462f91fc199cc286a640\/ccmcms-jdf\/21726253.png\"><img decoding=\"async\" alt=\"courbe-cas-covid-monde\" src=\"https:\/\/img-3.journaldesfemmes.fr\/ZBP9D82bFcDaXx1ph1RupLzqu_c=\/1080x\/smart\/8fda02237057462f91fc199cc286a640\/ccmcms-jdf\/21726253.png\"\/><\/a><figcaption data-credit=\"Universit\u00e9 Johns Hopkins\" data-legend=\"Courbe d'\u00e9volution des cas journaliers du covid-19 dans le monde jusqu'au 19 janvier 2021\">Courbe d&rsquo;\u00e9volution des cas journaliers du covid-19 dans le monde jusqu&rsquo;au 19 janvier 2021 <small>\u00a9\u00a0Universit\u00e9 Johns Hopkins<\/small><\/figcaption><\/figure>\n<\/div>\n<p><strong>Dans son bilan international, Sant\u00e9 publique France rapporte le 14\u00a0janvier 2021\u00a0:\u00a0<\/strong><\/p>\n<p>\u25ba <strong>Europe\u00a0: <\/strong>La r\u00e9gion a continu\u00e9 de <strong>signaler un nombre \u00e9lev\u00e9 de cas en semaine 1,<\/strong> avec plus de 1,8\u00a0million de nouveaux cas et 36\u00a0041\u00a0nouveaux d\u00e9c\u00e8s, soit une augmentation de 10% des cas et de 7% des d\u00e9c\u00e8s par rapport \u00e0 la S53. Les pays de la r\u00e9gion Europe ayant signal\u00e9 le plus grand nombre de nouveaux cas \u00e9taient le Royaume-Uni, la Russie et l&rsquo;Allemagne ; suivis de la France\u00a0et de l&rsquo;Italie. Le plus grand nombre de d\u00e9c\u00e8s a \u00e9t\u00e9 signal\u00e9 au Royaume-Uni (6\u00a0298, +51%), en Allemagne (6\u00a0071, +35%) et en Italie (3\u00a0409, +1%).<\/p>\n<p>\u25ba <strong>Am\u00e9rique<\/strong>\u00a0: Le nombre de nouveaux cas hebdomadaires a d\u00e9pass\u00e9 2\u00a0500\u00a0000\u00a0en semaine 1 (4 au 10 janvier), et on compte 38\u00a0138\u00a0nouveaux d\u00e9c\u00e8s, ce qui repr\u00e9sente une hausse de respectivement 30% et 18% par rapport \u00e0 la semaine pr\u00e9c\u00e9dente (S53). Les \u00c9tats-Unis restent le pays le plus touch\u00e9 par l&rsquo;\u00e9pid\u00e9mie dans la r\u00e9gion avec 1\u00a0786\u00a0773\u00a0nouveaux cas (540\u00a0cas\/ 100\u00a0000\u00a0hab.) et 20\u00a0633\u00a0nouveaux d\u00e9c\u00e8s rapport\u00e9s en S01. Le nombre de d\u00e9c\u00e8s journaliers aux \u00c9tats-Unis a atteint des nombres records, de l&rsquo;ordre de <strong>4\u00a0000\u00a0d\u00e9c\u00e8s en 24h<\/strong>. Les autres pays avec les plus grands nombres de nouveaux cas sont le Br\u00e9sil et la Colombie. Les \u00c9tats-Unis repr\u00e9sentaient 71% de tous les nouveaux cas et 54% des d\u00e9c\u00e8s dans la r\u00e9gion des Am\u00e9riques.<\/p>\n<p>\u25ba <strong>M\u00e9diterran\u00e9e orientale<\/strong><strong> :<\/strong>\u00a0Plus de 171\u00a0000\u00a0nouveaux cas ont \u00e9t\u00e9 signal\u00e9s, soit une <strong>hausse de 11% <\/strong>alors que la r\u00e9gion avait pr\u00e9sent\u00e9 une baisse continue du nombre de cas entre le 23\u00a0novembre et le 28\u00a0d\u00e9cembre 2020. Le nombre de d\u00e9c\u00e8s rapport\u00e9s continue toutefois de diminuer pour la 7\u00a0e semaine cons\u00e9cutive (-9%). Les pays avec le plus grand nombre de cas sont l&rsquo;Iran, le Liban et les \u00c9mirats arabes unis. Ces trois pays repr\u00e9sentent \u00e0 eux seuls plus de la moiti\u00e9 (52%) des nouveaux cas de la r\u00e9gion. Le plus grand nombre de d\u00e9c\u00e8s est observ\u00e9 en Iran, au Pakistan et en Egypte,\u00a0ces pays enregistrant 60% des d\u00e9c\u00e8s de la r\u00e9gion. En Isra\u00ebl, le nombre de cas continue d&rsquo;augmenter pour la 8e semaine cons\u00e9cutive, avec un nombre record de cas hebdomadaire atteint depuis le d\u00e9but de la pand\u00e9mie en S01.<\/p>\n<p>\u25ba<strong> Asie\u00a0:<\/strong>\u00a0Les<strong> indicateurs de l&rsquo;\u00e9pid\u00e9mie continuent de baisser, <\/strong>une tendance observ\u00e9e depuis mi-septembre. On d\u00e9nombre plus de 200\u00a0000\u00a0nouveaux cas et 3\u00a0200\u00a0nouveaux d\u00e9c\u00e8s, soit une diminution de 1% et 12% respectivement par rapport \u00e0 la semaine 53. Les pays rapportant les nombres de cas les plus \u00e9lev\u00e9s sont l&rsquo;Inde,\u00a0l&rsquo;Indon\u00e9sie et\u00a0le Bangladesh. L&rsquo;Inde demeure le pays rapportant le plus grand nombre de cas et de d\u00e9c\u00e8s dans la r\u00e9gion depuis la deuxi\u00e8me semaine d&rsquo;avril 2020.<\/p>\n<p>\u25ba <strong>Afrique\u00a0:<\/strong>\u00a0Une <strong>augmentation importante de cas et de d\u00e9c\u00e8s<\/strong> par rapport \u00e0 la semaine pr\u00e9c\u00e9dente (S53) est observ\u00e9e en r\u00e9gion Afrique. Plus de 174\u00a0000\u00a0nouveaux cas et 4\u00a0300\u00a0d\u00e9c\u00e8s ont \u00e9t\u00e9 rapport\u00e9s, soit une <strong>hausse de respectivement 34% et 31%<\/strong>. Le nombre de nouveaux cas rapport\u00e9s est en augmentation depuis mi-septembre 2020, mais cette tendance s&rsquo;acc\u00e9l\u00e8re depuis fin novembre. Les trois pays rapportant le plus grand nombre de cas sont l&rsquo;Afrique du Sud, le Nigeria et le Zimbabwe.\u00a0Les pays rapportant le plus grand nombre de d\u00e9c\u00e8s en S01\u00a0sont l&rsquo;Afrique du Sud (3\u00a0649, +37%), le Zimbabwe (106, +194%) et la Zambie (72, +620%). En Afrique du Nord, la situation reste pr\u00e9occupante au Maroc (9\u00a0496\u00a0cas en S01, chiffre en baisse de 19% par rapport \u00e0 S53) et tout particuli\u00e8rement en Tunisie, qui atteint un niveau record du nombre de cas confirm\u00e9s hebdomadaires depuis le d\u00e9but de la pand\u00e9mie avec 15\u00a0535\u00a0cas pour la S01\u00a0(soit +32% par rapport \u00e0 la S53).<\/p>\n<p>\u25ba <strong>Pacifique occidentale : <\/strong>Le nombre de nouveaux cas est de 71\u00a0000, soit une <strong>augmentation de 36%<\/strong> par rapport \u00e0 la semaine pr\u00e9c\u00e9dente (S53). Si une tendance \u00e0 la hausse est observ\u00e9e depuis fin octobre 2020, cette augmentation marque une acc\u00e9l\u00e9ration de la situation. Les trois pays rapportant le plus grand nombre de cas sont le Japon, la Malaisie et les Philippines. Les pays rapportant cette semaine le plus grand nombre de d\u00e9c\u00e8s sont le Japon, la Cor\u00e9e du Sud et les Philippines.<\/p>\n<p>L&rsquo;\u00e9pid\u00e9mie de coronavirus continue de faire des morts.\u00a0Mercredi 20 janvier, plus\u00a0de <strong>2\u00a0millions de d\u00e9c\u00e8s<\/strong> sont d\u00e9plor\u00e9s,\u00a0selon les comptages de l&rsquo;<a href=\"https:\/\/gisanddata.maps.arcgis.com\/apps\/opsdashboard\/index.htm\" target=\"_blank\" rel=\"noopener noreferrer\">Universit\u00e9 Johns Hopkins<\/a>\u00a0<strong>(2\u00a0059\u00a0566)\u00a0<\/strong>et du\u00a0<a href=\"https:\/\/www.ecdc.europa.eu\/en\/geographical-distribution-2019-ncov-cases\" target=\"_blank\" rel=\"noopener noreferrer\">Centre europ\u00e9en de pr\u00e9vention et de contr\u00f4le des maladies<\/a>\u00a0(<strong>1\u00a0940\u00a0529\u00a0<\/strong>dans la semaine 53, depuis d\u00e9cembre 2019).\u00a0<\/p>\n<table border=\"1\" cellpadding=\"1\" cellspacing=\"1\">\n<caption>\n<h3 style=\"text-align: center;\"><strong>Nombre de morts du Covid-19\u00a0par continent <\/strong>du\u00a031\u00a0d\u00e9cembre 2019\u00a0au 10 janvier 2021<strong>\u00a0(source\u00a0: Ecdc.Europa.eu)<\/strong><\/h3>\n<\/caption>\n<tbody>\n<tr>\n<td>\u00a0<\/td>\n<td>\n<p><strong>Nombre de d\u00e9c\u00e8s Covid-19<\/strong><\/p>\n<\/td>\n<td>\n<p><strong>Pourcentage de la population d\u00e9c\u00e9d\u00e9e du Covid-19<\/strong><\/p>\n<\/td>\n<\/tr>\n<tr>\n<td>\n<p><strong>Am\u00e9rique<\/strong><\/p>\n<\/td>\n<td>925\u00a0925<\/td>\n<td>\n<p>0.09%<\/p>\n<\/td>\n<\/tr>\n<tr>\n<td>\n<p><strong>Europe<\/strong><\/p>\n<\/td>\n<td>623\u00a0024<\/td>\n<td>\n<p>0.08%<\/p>\n<\/td>\n<\/tr>\n<tr>\n<td>\n<p><strong>Asie<\/strong><\/p>\n<\/td>\n<td>317\u00a0547<\/td>\n<td>0,01%<\/td>\n<\/tr>\n<tr>\n<td>\n<p><strong>Afrique<\/strong><\/p>\n<\/td>\n<td>72\u00a0834<\/td>\n<td>\n<p>0.01%<\/p>\n<\/td>\n<\/tr>\n<tr>\n<td>\n<p><strong>Oc\u00e9anie<\/strong><\/p>\n<\/td>\n<td>1\u00a0193<\/td>\n<td>\n<p>&lt; 0.01%<\/p>\n<\/td>\n<\/tr>\n<tr>\n<td>\n<p><strong>Autres<\/strong><\/p>\n<\/td>\n<td>\n<p>6<\/p>\n<\/td>\n<td>\n<p>0%<\/p>\n<\/td>\n<\/tr>\n<tr>\n<td>\n<p><strong>Total<\/strong><\/p>\n<\/td>\n<td>1\u00a0940\u00a0529<\/td>\n<td>\n<p>0.02%\u00a0<\/p>\n<\/td>\n<\/tr>\n<\/tbody>\n<\/table>\n<table border=\"1\" cellpadding=\"1\" cellspacing=\"1\">\n<caption>\n<h3 style=\"text-align: center;\">Les 10\u00a0pays recensant le plus grand nombre de d\u00e9c\u00e8s par Covid-19\u00a0dans le monde au 20 janvier 2021 (Source\u00a0: Johns Hopkins Universit\u00e9)<\/h3>\n<\/caption>\n<thead>\n<tr>\n<th scope=\"col\">\n<p>Pays<\/p>\n<\/th>\n<th scope=\"col\">\n<p>Nombre de d\u00e9c\u00e8s<\/p>\n<\/th>\n<th scope=\"col\">\n<p>Pourcentage de la population d\u00e9c\u00e9d\u00e9e<\/p>\n<\/th>\n<\/tr>\n<\/thead>\n<tbody>\n<tr>\n<td>\n<p><strong>Etats-Unis<\/strong><\/p>\n<\/td>\n<td>401\u00a0777<\/td>\n<td>\n<p>0.12%<\/p>\n<\/td>\n<\/tr>\n<tr>\n<td>\n<p><strong>Br\u00e9sil<\/strong><\/p>\n<\/td>\n<td>211 491<\/td>\n<td>\n<p>0.10%<\/p>\n<\/td>\n<\/tr>\n<tr>\n<td>\n<p><strong>Inde<\/strong><\/p>\n<\/td>\n<td>152\u00a0718<\/td>\n<td>\n<p>0.01%<\/p>\n<\/td>\n<\/tr>\n<tr>\n<td>\n<p><strong>Mexique<\/strong><\/p>\n<\/td>\n<td>142 832<\/td>\n<td>\n<p>0.11%<\/p>\n<\/td>\n<\/tr>\n<tr>\n<td><strong>Royaume-Uni<\/strong><\/td>\n<td>91 643<\/td>\n<td>\n<p>0.13%<\/p>\n<\/td>\n<\/tr>\n<tr>\n<td>\n<p><strong>Italie<\/strong><\/p>\n<\/td>\n<td>83\u00a0157<\/td>\n<td>\n<p>0.13%<\/p>\n<\/td>\n<\/tr>\n<tr>\n<td>\n<p><strong>France<\/strong><\/p>\n<\/td>\n<td><strong>71 482<\/strong><\/td>\n<td>\n<p><strong>0.11%<\/strong><\/p>\n<\/td>\n<\/tr>\n<tr>\n<td>\n<p><b>Russie<\/b><\/p>\n<\/td>\n<td>66 214<\/td>\n<td>0.04%<\/td>\n<\/tr>\n<tr>\n<td>\n<p><strong>Iran<\/strong><\/p>\n<\/td>\n<td>56 973<\/td>\n<td>0.07%<\/td>\n<\/tr>\n<tr>\n<td><strong>Espagne<\/strong><\/td>\n<td>54\u00a0173<\/td>\n<td>\n<p>0,11%<\/p>\n<\/td>\n<\/tr>\n<\/tbody>\n<\/table>\n<h3>&gt; <strong><a href=\"https:\/\/gisanddata.maps.arcgis.com\/apps\/opsdashboard\/index.html#\/bda7594740fd40299423467b48e9ecf6\" target=\"_blank\" rel=\"noopener noreferrer\">Voir le nombre de d\u00e9c\u00e8s\u00a0des autres pays\u00a0<\/a><\/strong><\/h3>\n<h3>\u2022 <a id=\"courbe-evolution-deces-coronavirus-monde\" name=\"courbe-evolution-deces-coronavirus-monde\">Evolution des d\u00e9c\u00e8s du\u00a0Covid-19\u00a0dans le monde, globale et\u00a0par continent, de\u00a0d\u00e9cembre 2019 au 10\u00a0janvier 2021\u00a0(semaine 53)<\/a><br \/>\u00a0<\/h3>\n<div style=\"text-align:center\">\n<figure class=\"image\" style=\"display:inline-block\"><a class=\"fancy\" href=\"https:\/\/img-3.journaldesfemmes.fr\/xFNkxY-Y5u_QNwIZvHOocTYGjXY=\/1080x\/smart\/8dc72114b5b24af396d78d1ff76ad46e\/ccmcms-jdf\/21600934.png\"><img decoding=\"async\" alt=\"courbe-morts-covid-monde\" src=\"https:\/\/img-3.journaldesfemmes.fr\/xFNkxY-Y5u_QNwIZvHOocTYGjXY=\/1080x\/smart\/8dc72114b5b24af396d78d1ff76ad46e\/ccmcms-jdf\/21600934.png\"\/><\/a><figcaption data-credit=\"Ecdc.europa.eu\" data-legend=\"Evolution des d\u00e9c\u00e8s du Covid-19 dans le monde, globale et par continent, de d\u00e9cembre 2019 au 10 janvier 2021\">Evolution des d\u00e9c\u00e8s du Covid-19 dans le monde, globale et par continent, de d\u00e9cembre 2019 au 10 janvier 2021 <small>\u00a9\u00a0Ecdc.europa.eu<\/small><\/figcaption><\/figure>\n<\/div>\n<p>La r\u00e9gion Europe a continu\u00e9 de <strong>signaler un nombre \u00e9lev\u00e9 de cas en S01,<\/strong> avec plus de 1,8\u00a0million de nouveaux cas et 36\u00a0041\u00a0nouveaux d\u00e9c\u00e8s, soit une augmentation de <strong>10% des cas et de 7% des d\u00e9c\u00e8s par rapport \u00e0 la S53.<\/strong> Les pays de la r\u00e9gion Europe ayant signal\u00e9 le plus grand nombre de nouveaux cas \u00e9taient le Royaume-Uni, la Russie et l&rsquo;Allemagne ; suivis de la France et de l&rsquo;Italie. Le plus grand nombre de d\u00e9c\u00e8s a \u00e9t\u00e9 signal\u00e9 au Royaume-Uni (6\u00a0298, +51%), en Allemagne (6\u00a0071, +35%) et en Italie (3\u00a0409, +1%).<\/p>\n<p style=\"text-align: center;\"><strong>R\u00e9partition g\u00e9ographique du nombre cumulatif de cas de COVID-19\u00a0signal\u00e9s pour 100\u00a0000\u00a0habitants, en Europe, sur les semaines du 28\u00a0d\u00e9cembre 2020 au 10\u00a0janvier 2021<\/strong><\/p>\n<div style=\"text-align:center\">\n<figure class=\"image\" style=\"display:inline-block\"><a class=\"fancy\" href=\"https:\/\/img-3.journaldesfemmes.fr\/YAlV1fmkIPsjFa3ru5XngJv2NtQ=\/1080x\/smart\/aa4abddce1324e93ba86fbcdcbbaca80\/ccmcms-jdf\/21600969.png\"><img decoding=\"async\" alt=\"carte-covid-europe-cas\" src=\"https:\/\/img-3.journaldesfemmes.fr\/L7bqNM_NIgdVDOLJsT0vVzMKzQE=\/600x\/smart\/aa4abddce1324e93ba86fbcdcbbaca80\/ccmcms-jdf\/21600969.png\"\/><\/a><figcaption data-credit=\"Ecdc.europa.eu\" data-legend=\"R\u00e9partition g\u00e9ographique du nombre cumulatif de cas de COVID-19\u00a0signal\u00e9s pour 100\u00a0000\u00a0habitants, en Europe, sur les semaines du 28 d\u00e9cembre 2020 au 10 janvier 2021\">R\u00e9partition g\u00e9ographique du nombre cumulatif de cas de COVID-19\u00a0signal\u00e9s pour 100\u00a0000\u00a0habitants, en Europe, sur les semaines du 28 d\u00e9cembre 2020 au 10 janvier 2021 <small>\u00a9\u00a0Ecdc.europa.eu<\/small><\/figcaption><\/figure>\n<\/div>\n<h3><u>Parmi les derni\u00e8res infos :<\/u><\/h3>\n<ul>\n<li><b>Mesures prolong\u00e9es en Allemagne. <\/b>Le pays renforce et prolonge ses mesures sanitaires\u00a0(confinement, port du masque FFP2\u00a0et la fermeture des commerces non-essentiels) jusqu&rsquo;\u00e0 la mi-f\u00e9vrier. Le t\u00e9l\u00e9travail sera obligatoire \u00ab\u00a0partout o\u00f9 cela est possible\u00a0\u00bb au moins jusqu&rsquo;\u00e0 la mi-mars. La Chanceli\u00e8re Angela Merkel a d\u00e9clar\u00e9\u00a0:\u00a0<em>\u00ab\u00a0Les restrictions s\u00e9v\u00e8res que les gens respectent commencent \u00e0 porter leurs fruits\u00a0\u00bb. <\/em>Ces mesures devaient prendre fin le 31\u00a0janvier.<\/li>\n<li><strong>Les sans-abris prioritaires au Danemark?<\/strong>\u00a0Le pays a annonc\u00e9 que les sans-abris seraient dans l&rsquo;ordre de priorit\u00e9 d&rsquo;acc\u00e8s au vaccin contre le Covid-19, apr\u00e8s des appels en ce sens d&rsquo;associations et d&rsquo;\u00e9lus en raison du risque particulier pour cette population fragile.\u00a0<\/li>\n<li><strong>Nouvelles mesures pour\u00a0voyager en Europe\u00a0?<\/strong>\u00a0Un Conseil europ\u00e9en aura lieu\u00a0jeudi 21\u00a0janvier. L&rsquo;obligation d&rsquo;un test PCR pour les voyageurs au sein de l&rsquo;Espagne Schengen pourrait \u00eatre envisag\u00e9. Le secr\u00e9taire d&rsquo;Etat au tourisme Jean-Baptiste Lemoyne s&rsquo;y est dit favorable, lors d&rsquo;une visite \u00e0 Madrid, rapporte Les Echos.\u00a0<\/li>\n<\/ul>\n<section>\n<p><em style=\"font-size: 1rem;\">\u00a0<\/em><a id=\"coronavirus-espagne-covid-cas-nombre-mort\" name=\"coronavirus-espagne-covid-cas-nombre-mort\" style=\"font-size: 1.125rem; background-color: rgb(255, 255, 255);\">Coronavirus en Espagne : plus de 2,3 millions de cas, vers une troisi\u00e8me vague ?<\/a><\/p>\n<p><span style=\"font-size: 1rem;\">L&rsquo;Espagne compte <\/span><strong>2\u00a0370\u00a0742<\/strong><strong style=\"font-size: 1rem;\"> cas de Covid-19<\/strong><span style=\"font-size: 1rem;\"> et 54<\/span>\u00a0173<span style=\"font-size: 1rem;\"> morts au 20\u00a0janvier 2021, selon les donn\u00e9es de\u00a0l&rsquo;universit\u00e9\u00a0Johns Hopkins, et l&rsquo;\u00e9pid\u00e9mie reprend de l&rsquo;ampleur avec peut-\u00eatre une troisi\u00e8me vague \u00e0 venir. La vaccination a d\u00e9but\u00e9 le 27 d\u00e9cembre. Le gouvernement espagnol a annonc\u00e9 lundi 28 d\u00e9cembre\u00a0qu&rsquo;il allait\u00a0<\/span><strong style=\"font-size: 1rem;\">recenser les personnes refusant de se faire vacciner contre la\u00a0Covid-19. <\/strong><span style=\"font-size: 1rem;\">Un registre sera partag\u00e9 avec d&rsquo;autres pays europ\u00e9ens mais ne sera pas rendu public, a pr\u00e9cis\u00e9 le\u00a0ministre espagnol de la Sant\u00e9.\u00a0Le gouvernement espagnol a d\u00e9cr\u00e9t\u00e9, pour l&rsquo;ensemble du territoire national \u00e0 l&rsquo;exception des Canaries, un nouvel <\/span><strong style=\"font-size: 1rem;\">\u00e9tat d&rsquo;alerte sanitaire jusqu&rsquo;au 9\u00a0mai 2021.\u00a0<\/strong><\/p>\n<\/section>\n<p><strong>\u2192 Pour voyager en Espagne : <\/strong>Depuis le\u00a023\u00a0novembre, un test PCR effectu\u00e9 moins de 72h avant l&rsquo;arriv\u00e9e et dont le r\u00e9sultat est n\u00e9gatif, est exig\u00e9\u00a0\u00e0 l&rsquo;entr\u00e9e du territoire espagnol par voie a\u00e9rienne (a\u00e9roports) ou maritime (ports).\u00a0Les enfants \u00e2g\u00e9s de moins de six ans et les voyageurs en transit ne sont pas concern\u00e9s par cette mesure. Celle-ci s&rsquo;applique aux voyageurs, quelle que soit leur nationalit\u00e9 et le motif de leur entr\u00e9e en Espagne, venant d&rsquo;un pays class\u00e9 \u00ab\u00a0\u00e0 risque\u00a0\u00bb, c&rsquo;est-\u00e0-dire enregistrant un taux d&rsquo;incidence \u00e9gal ou sup\u00e9rieur \u00e0 150\u00a0cas pour 100\u00a0000\u00a0habitants.\u00a0Les voyageurs en provenance de France sont donc concern\u00e9s par cette obligation.\u00a0Une p\u00e9nalit\u00e9 financi\u00e8re dissuasive est pr\u00e9vue en cas de non pr\u00e9sentation de test PCR n\u00e9gatif \u00e0 l&rsquo;arriv\u00e9e. Le document pr\u00e9sentant le r\u00e9sultat du test PCR doit \u00eatre r\u00e9dig\u00e9 en espagnol, en fran\u00e7ais, en allemand ou en anglais.<\/p>\n<p><strong>L&rsquo;ensemble du territoire espagnol est soumis aux r\u00e8gles suivantes<\/strong>\u00a0:<\/p>\n<ul>\n<li><strong>le port du masque obligatoire pour toute personne de plus de 6\u00a0ans, dans les espaces publics ou dans les lieux recevant du public<\/strong>, y compris les h\u00f4tels et les commerces, lorsqu&rsquo;une distance d&rsquo;un m\u00e8tre cinquante ne peut \u00eatre respect\u00e9e entre deux personnes\u00a0;<\/li>\n<\/ul>\n<ul>\n<li><strong>le port du masque obligatoire dans les v\u00e9hicules, si les passagers ne r\u00e9sident pas dans le m\u00eame foyer<\/strong>\u00a0;<\/li>\n<\/ul>\n<ul>\n<li>le respect des gestes barri\u00e8res\u00a0;<\/li>\n<\/ul>\n<ul>\n<li><strong>la tenue de registres de passagers par les op\u00e9rateurs de transports, conserv\u00e9s pendant quatre semaines<\/strong>.<\/li>\n<\/ul>\n<p style=\"text-align: center;\"><strong>Evolution des cas de Covid-19 en Espagne, par jour au 18 janvier.<\/strong><\/p>\n<div style=\"text-align:center\">\n<figure class=\"image\" style=\"display:inline-block\"><a class=\"fancy\" href=\"https:\/\/img-3.journaldesfemmes.fr\/vIxcOlK0XxuuL1An-7y5nTc66co=\/1080x\/smart\/1dfb1e5ff7b84359afd29c7a91fd81d7\/ccmcms-jdf\/21701001.jpg\"><img decoding=\"async\" alt=\"courbe-cas-covid-19-espagne\" src=\"https:\/\/img-3.journaldesfemmes.fr\/dbuFspVwVHndd5YD2OUfxuOOcOE=\/600x\/smart\/1dfb1e5ff7b84359afd29c7a91fd81d7\/ccmcms-jdf\/21701001.jpg\"\/><\/a><figcaption data-credit=\"Universit\u00e9 Johns Hopkins\" data-legend=\"Evolution des nouveaux cas de Covid-19\u00a0en Espagne, par jour.\">Evolution des nouveaux cas de Covid-19\u00a0en Espagne, par jour. <small>\u00a9\u00a0Universit\u00e9 Johns Hopkins<\/small><\/figcaption><\/figure>\n<\/div>\n<p>L&rsquo;Italie compte\u00a0<strong>2\u00a0400\u00a0598 cas de Covid-19\u00a0<\/strong>et <strong>83<\/strong>\u00a0<strong>157\u00a0morts<\/strong> selon l&rsquo;Universit\u00e9 Johns Hopkins, mercredi 20 janvier.\u00a0En raison de l&rsquo;augmentation du nombre de cas de covid-19, les autorit\u00e9s italiennes ont adopt\u00e9 de nouvelles restrictions li\u00e9es au contexte sanitaire. Le d\u00e9cret-loi (DPCM) en vigueur du 16\u00a0janvier au 5\u00a0mars instaure <strong>quatre cat\u00e9gories de risque de transmission<\/strong> du virus selon les r\u00e9gions italiennes, d\u00e9taill\u00e9es sur le site <a href=\"https:\/\/www.diplomatie.gouv.fr\/fr\/conseils-aux-voyageurs\/conseils-par-pays-destination\/italie\/\" target=\"_blank\" rel=\"noopener noreferrer\">France Diplomatie<\/a> :<\/p>\n<ol>\n<li><strong>zone rouge pour un risque maximal<\/strong>\u00a0: Lombardie, Sicile, Province autonome de Bolzano.<\/li>\n<li><strong>zone orange pour un risque \u00e9lev\u00e9<\/strong>\u00a0: Abruzzes, Calabre, \u00c9milie-Romagne, Frioul-V\u00e9n\u00e9tie Julienne, Latium, Ligurie, Marches, Pi\u00e9mont, Pouilles, Ombrie, Val d&rsquo;Aoste, V\u00e9n\u00e9tie.<\/li>\n<li><strong>zone jaune pour un risque mod\u00e9r\u00e9<\/strong>\u00a0: Sardaigne, Basilicate, Toscane, Province autonome de Trente, Molise et Campanie.<\/li>\n<li><strong>zone blanche pour un risque r\u00e9duit<\/strong>\u00a0: aucune r\u00e9gion.<\/li>\n<\/ol>\n<p>Le placement d&rsquo;une r\u00e9gion dans l&rsquo;une de ces trois cat\u00e9gories est d\u00e9cid\u00e9 par le ministre de la Sant\u00e9, en tenant compte de nombreux indicateurs. Chaque r\u00e9gion peut moduler \u00e0 la hausse ou \u00e0 la baisse les mesures restrictives (au niveau des provinces voire des communes).<\/p>\n<p>La situation sanitaire est r\u00e9\u00e9valu\u00e9e r\u00e9guli\u00e8rement ainsi que le classement des r\u00e9gions.\u00a0<\/p>\n<p><strong>Au niveau national<\/strong>, des restrictions s&rsquo;appliquent dans les 3\u00a0zones (rouge, orange ou jaune). En zone blanche des mesures sp\u00e9cifiques pourront \u00eatre adopt\u00e9es\u00a0:<\/p>\n<ol>\n<li>Un<strong> couvre-feu de 22h00\u00a0\u00e0 5h00<\/strong>\u00a0du matin (saufs pour des raisons professionnelles, de sant\u00e9 ou de n\u00e9cessit\u00e9)\u00a0; une attestation (disponible sur\u00a0<a href=\"https:\/\/www.interno.gov.it\/it\" rel=\"external noopener noreferrer\" target=\"_blank\" title=\"lien externe\">le site du minist\u00e8re de l&rsquo;Int\u00e9rieur<\/a>) devient n\u00e9cessaire pour toute sortie pendant les horaires du couvre-feu.<\/li>\n<li>L&rsquo;interdiction jusqu&rsquo;au 15\u00a0f\u00e9vrier de se d\u00e9placer entre les R\u00e9gions (m\u00eame entre r\u00e9gions d&rsquo;une m\u00eame couleur)\u00a0;<\/li>\n<li>La fermeture des salles de spectacles, des congr\u00e8s, des salles de sport et piscines\u00a0; dans les zones jaunes, les mus\u00e9es pourront rouvrir en semaine\u00a0;<\/li>\n<li>La<strong> fermeture des services de restauration<\/strong> sur place (bars, pubs, restaurants, glaciers,\u2026) \u00e0 18h00\u00a0;<\/li>\n<li>L&rsquo;obligation de porter un masque en permanence\u00a0: dans les lieux ferm\u00e9s accessibles au public, mais aussi dans les lieux ferm\u00e9s autres que les domiciles priv\u00e9s, et \u00e0 l&rsquo;ext\u00e9rieur\u00a0;<\/li>\n<li>L&rsquo;interdiction des festivit\u00e9s en int\u00e9rieur ou en ext\u00e9rieur, \u00e0 l&rsquo;exception de celles li\u00e9es \u00e0 des c\u00e9r\u00e9monies civiles ou religieuses\u00a0;<\/li>\n<li>La recommandation d&rsquo;<strong>\u00e9viter les festivit\u00e9s dans les domiciles priv\u00e9s<\/strong> et de s&rsquo;abstenir de recevoir des personnes ext\u00e9rieures au foyer (max. 2\u00a0personnes).<\/li>\n<\/ol>\n<p>Dans les zones orange et rouge des restrictions suppl\u00e9mentaires, notamment en mati\u00e8re de d\u00e9placements, sont impos\u00e9es\u00a0:<\/p>\n<p><strong>Zones orange\u00a0:<\/strong><\/p>\n<ol>\n<li>Interdiction des d\u00e9placements \u00e0 partir de et vers ces zones (saufs pour des raisons professionnelles, de sant\u00e9 ou de n\u00e9cessit\u00e9), ainsi que les d\u00e9placements entre les communes de ces zones\u00a0;<\/li>\n<li>Les services de restauration (bars, pubs, restaurants, glaciers,\u2026) peuvent rester ouverts uniquement pour la vente \u00e0 emporter.<\/li>\n<\/ol>\n<p><strong>Zones rouge\u00a0:<\/strong><\/p>\n<ol>\n<li>Fermeture des services de restauration (bars, pubs, restaurants, glaciers,\u2026) ainsi que des commerces (hormis ceux alimentaires ou de premi\u00e8re n\u00e9cessit\u00e9) et activit\u00e9s de service aux personnes\u00a0;<\/li>\n<li>Interdiction des d\u00e9placements \u00e0 partir de, vers et \u00e0 l&rsquo;int\u00e9rieur de ces zones (saufs pour des raisons professionnelles, de sant\u00e9 ou de n\u00e9cessit\u00e9).<\/li>\n<\/ol>\n<p><strong>Le transit par ces zones reste autoris\u00e9<\/strong>, \u00e0 condition que le d\u00e9placement soit motiv\u00e9 par des raisons professionnelles, de sant\u00e9, de n\u00e9cessit\u00e9 ou le retour au domicile habituel.<\/p>\n<p style=\"text-align: center;\"><strong>Evolution des nouveaux cas de Covid-19\u00a0en Italie, par jour, au 18\u00a0janvier<\/strong><\/p>\n<div style=\"text-align:center\">\n<figure class=\"image\" style=\"display:inline-block\"><a class=\"fancy\" href=\"https:\/\/img-3.journaldesfemmes.fr\/7sRZhtPMZuf9hwPuxaWhKbh_VMI=\/1080x\/smart\/1310a06a8ce94ab7b3cde754bfb03722\/ccmcms-jdf\/21700963.jpg\"><img decoding=\"async\" alt=\"courbe-cas-covid-19-italie\" src=\"https:\/\/img-3.journaldesfemmes.fr\/JSL0jadnNOvkcNq6o0odzKv_170=\/600x\/smart\/1310a06a8ce94ab7b3cde754bfb03722\/ccmcms-jdf\/21700963.jpg\"\/><\/a><figcaption data-credit=\"Universit\u00e9 Johns Hopkins\" data-legend=\"Evolution des nouveaux cas de Covid-19\u00a0en Italie, par jour.\">Evolution des nouveaux cas de Covid-19\u00a0en Italie, par jour. <small>\u00a9\u00a0Universit\u00e9 Johns Hopkins<\/small><\/figcaption><\/figure>\n<\/div>\n<p>L&rsquo;Allemagne totalise <strong>2\u00a0074\u00a0964 cas de\u00a0Covid-19<\/strong>\u00a0et <strong>48<\/strong>\u00a0<strong>998\u00a0morts<\/strong> au 20\u00a0janvier, selon l&rsquo;universit\u00e9 Johns Hopkins.\u00a0Le pays renforce et prolonge ses mesures sanitaires\u00a0(confinement, port du masque FFP2\u00a0et la fermeture des commerces non-essentiels) jusqu&rsquo;\u00e0 la mi-f\u00e9vrier. Le t\u00e9l\u00e9travail sera obligatoire \u00ab\u00a0partout o\u00f9 cela est possible\u00a0\u00bb au moins jusqu&rsquo;\u00e0 la mi-mars. La Chanceli\u00e8re Angela Merkel a d\u00e9clar\u00e9\u00a0:\u00a0<em>\u00ab\u00a0Les restrictions s\u00e9v\u00e8res que les gens respectent commencent \u00e0 porter leurs fruits\u00a0\u00bb. <\/em>Ces mesures devaient prendre fin le 31\u00a0janvier. Mardi 5\u00a0janvier, elle avait d\u00e9j\u00e0 annonc\u00e9\u00a0que les <strong>cr\u00e8ches, les \u00e9coles et les commerces non essentiels resteraient ferm\u00e9s au moins jusqu&rsquo;au 31\u00a0janvier. <\/strong>Les salles de sport, cin\u00e9mas, restaurants et bars restent\u00a0ferm\u00e9s.\u00a0De plus, les <strong>d\u00e9placements vont \u00eatre limit\u00e9s\u00a0\u00e0 un rayon de 15\u00a0kilom\u00e8tres<\/strong> autour du domicile dans les arrondissements\u00a0<em>(Landkreise)<\/em>\u00a0o\u00f9 le taux d&rsquo;incidence est sup\u00e9rieur \u00e0 200\u00a0cas pour 100\u00a0000\u00a0habitants. Il est aussi d\u00e9sormais <strong>interdit aux Allemands de recevoir chez eux plus d&rsquo;une personne ext\u00e9rieure \u00e0 son propre foyer.<\/strong> Jusque-l\u00e0, le seuil \u00e9tait fix\u00e9 \u00e0 cinq personnes appartenant \u00e0 deux foyers diff\u00e9rents.\u00a0<\/p>\n<p><strong>Jusqu&rsquo;au 15 f\u00e9vrier 2021, sont interdits sur tout le territoire f\u00e9d\u00e9ral\u00a0:<\/strong><\/p>\n<ol>\n<li>Les rassemblements de plus de 1\u00a0foyer plus 1\u00a0personne maximum\u00a0;<\/li>\n<li>Les nuit\u00e9es touristiques (les d\u00e9placements priv\u00e9s non imp\u00e9rieux sont fortement d\u00e9conseill\u00e9s, y compris pour rendre visite \u00e0 la famille)\u00a0;<\/li>\n<li>Les d\u00e9placements sup\u00e9rieurs \u00e0 15\u00a0km autour de la ville de r\u00e9sidence dans les districts (Landkreis) o\u00f9 le taux d&rsquo;incidence d\u00e9passe 200\u00a0nouvelles contaminations cumul\u00e9es en 7\u00a0jours pour 100\u00a0000\u00a0habitants (sauf deux motifs imp\u00e9rieux\u00a0: activit\u00e9s professionnelles et RDV m\u00e9dicaux).<\/li>\n<\/ol>\n<p><strong>Jusqu&rsquo;au 15 f\u00e9vrier 2021, sont ferm\u00e9s sur tout le territoire f\u00e9d\u00e9ral\u00a0:<\/strong>\u00a0les commerces non essentiels, les lieux de spectacles (dont les th\u00e9\u00e2tres, op\u00e9ras, salles de concert, cin\u00e9mas), les lieux de loisirs (dont les mus\u00e9es, salles de jeux, foires, parcs d&rsquo;attraction, discoth\u00e8ques, maisons closes), les lieux de sports (dont les piscines, bains, saunas, centres de fitness), les lieux de restauration (dont les bars, clubs, restaurants), les lieux de soins corporels (dont les salons de beaut\u00e9, cabinets de massage, studios de tatouage).<\/p>\n<p>Depuis le\u00a011\u00a0janvier 2021, l&rsquo;Allemagne a d\u00e9cid\u00e9 de<strong> renforcer\u00a0les r\u00e8gles de quarantaine<\/strong>\u00a0auxquelles doivent se soumettre les voyageurs en provenance de zone \u00e0 risque. Les changements majeurs pr\u00e9vus sont en particulier\u00a0:<\/p>\n<p>Toute personne entrant sur le territoire allemand (par voie a\u00e9rienne, maritime, fluviale, ferroviaire ou routi\u00e8re) ayant s\u00e9journ\u00e9 ou transit\u00e9 dans les 10\u00a0derniers jours dans une zone class\u00e9e comme \u00a0\u00bb\u00a0\u00e0 risque\u00a0\u00a0\u00bb par les autorit\u00e9s sanitaires allemandes devra se conformer \u00e0 quatre principales obligations\u00a0:<\/p>\n<ol>\n<li><strong>Mesure 1\u00a0:<\/strong>\u00a0Informer les autorit\u00e9s sanitaires locales de son entr\u00e9e sur le territoire allemand<\/li>\n<li><strong>Mesure 2\u00a0:<\/strong>\u00a0: Obligation de passer un test soit au minimum 48\u00a0heures avant l&rsquo;arriv\u00e9e en Allemagne, soit juste apr\u00e8s l&rsquo;entr\u00e9e sur le territoire allemand<\/li>\n<li><strong>Mesure 3\u00a0:<\/strong>\u00a0Observer une quarantaine de 10\u00a0jours \u00e0 son domicile, sans y recevoir de visite (hors autres membres du domicile)\u00a0; cette quarantaine peut \u00eatre r\u00e9duite \u00e0 5\u00a0jours sur pr\u00e9sentation d&rsquo;un second test PCR n\u00e9gatif r\u00e9alis\u00e9 en Allemagne au plus t\u00f4t 5\u00a0jours apr\u00e8s l&rsquo;entr\u00e9e sur le territoire allemand.<\/li>\n<li><strong>Mesure 4\u00a0:<\/strong>\u00a0Informer les autorit\u00e9s sanitaires de toute apparition de sympt\u00f4mes.<\/li>\n<\/ol>\n<h3 style=\"text-align: center;\">Evolution des nouveaux cas de Covid-19\u00a0en Allemagne, par jour au 18\u00a0janvier<\/h3>\n<div style=\"text-align:center\">\n<figure class=\"image\" style=\"display:inline-block\"><a class=\"fancy\" href=\"https:\/\/img-3.journaldesfemmes.fr\/jz7Ev2Y8qfDM3pG8_BdXexpFxuU=\/1080x\/smart\/185dbb6d170442e6b13152921e797521\/ccmcms-jdf\/21700942.jpg\"><img decoding=\"async\" alt=\"courbe-cas-covid-19-allemagne\" src=\"https:\/\/img-3.journaldesfemmes.fr\/XE92twnHzr045lDK8Vz-ks1H9c0=\/600x\/smart\/185dbb6d170442e6b13152921e797521\/ccmcms-jdf\/21700942.jpg\"\/><\/a><figcaption data-credit=\"Universit\u00e9 Johns Hopkins\" data-legend=\"Evolution des nouveaux cas de Covid-19 en Allemagne, par jour. \">Evolution des nouveaux cas de Covid-19 en Allemagne, par jour. <small>\u00a9\u00a0Universit\u00e9 Johns Hopkins<\/small><\/figcaption><\/figure>\n<\/div>\n<p>Les \u00c9tats-Unis sont le<b>\u00a0pays le plus lourdement affect\u00e9 au monde\u00a0<\/b>par la pand\u00e9mie de coronavirus en chiffres absolus (cas et d\u00e9c\u00e8s). Mercredi 20 janvier, le pays enregistre plus\u00a0de <strong>24<\/strong><b><strong>\u00a0<\/strong>millions de personnes contamin\u00e9es <\/b><strong>(24 254\u00a0284<\/strong><strong>)<\/strong><b>\u00a0<\/b>et plus de\u00a0400 000 morts\u00a0<strong>(401\u00a0777)<\/strong>. Le 14\u00a0d\u00e9cembre,<strong> le pays avait commenc\u00e9 \u00e0 administrer\u00a0le vaccin<\/strong> d\u00e9velopp\u00e9 par Pfizer et BioNTech. Un comit\u00e9 consultatif d&rsquo;experts a vot\u00e9 le 18 d\u00e9cembre,\u00a0pour\u00a0recommander l&rsquo;autorisation d&rsquo;urgence aux Etats-Unis du vaccin Moderna.\u00a0<\/p>\n<p>Les mesures adopt\u00e9es par les autorit\u00e9s am\u00e9ricaines sont \u00e9volutives et le plus souvent d&rsquo;<b>application imm\u00e9diate<\/b>, pr\u00e9vient le site\u00a0<a href=\"https:\/\/www.diplomatie.gouv.fr\/fr\/conseils-aux-voyageurs\/conseils-par-pays-destination\/etats-unis\/#\" target=\"_blank\" rel=\"noopener noreferrer\">France Diplomatie<\/a>. En fonction de l&rsquo;\u00e9volution de la situation sanitaire, les autorit\u00e9s am\u00e9ricaines sont susceptibles de<b>\u00a0modifier, avec un tr\u00e8s court pr\u00e9avis, la liste des pays et des voyageurs faisant l&rsquo;objet de mesures sp\u00e9cifiques<\/b>\u00a0\u00e0 l&rsquo;arriv\u00e9e aux \u00c9tats-Unis. Le pays a annonc\u00e9, mardi 12\u00a0janvier,\u00a0que les personnes qui souhaitent se rendre sur le sol am\u00e9ricain doivent montrer un test PCR\u00a0n\u00e9gatif datant de moins de 3\u00a0jours.\u00a0Cette r\u00e8gle sera applicable \u00e0 partir du 26\u00a0janvier.\u00a0<\/p>\n<h3 style=\"text-align: center;\">Evolution des nouveaux cas de Covid-19\u00a0aux Etats-Unis, par jour au 18\u00a0janvier<\/h3>\n<div style=\"text-align:center\">\n<figure class=\"image\" style=\"display:inline-block\"><a class=\"fancy\" href=\"https:\/\/img-3.journaldesfemmes.fr\/RlhLSmd5iWO045I32Ja9Rhqp9YE=\/1080x\/smart\/96dac96ba1994c829429c6ccca30a00e\/ccmcms-jdf\/21700890.jpg\"><img decoding=\"async\" alt=\"courbe-cas-covid-19-etats-unis\" src=\"https:\/\/img-3.journaldesfemmes.fr\/3SNgQRuUgBGxTJ1eBl78avqzu_A=\/600x\/smart\/96dac96ba1994c829429c6ccca30a00e\/ccmcms-jdf\/21700890.jpg\"\/><\/a><figcaption data-credit=\"Universit\u00e9 Johns Hopkins\" data-legend=\"Evolution des nouveaux cas de Covid-19\u00a0aux Etats-Unis, par jour. \">Evolution des nouveaux cas de Covid-19\u00a0aux Etats-Unis, par jour. <small>\u00a9\u00a0Universit\u00e9 Johns Hopkins<\/small><\/figcaption><\/figure>\n<\/div>\n<aside id=\"NL_1085427322\" class=\"newsletter_subscription jNlBlock\"><noscript><br \/>\n            <\/noscript><\/p>\n<h3 class=\"newsletter_subscription-title\">Newsletter <\/h3>\n<p><a href=\"\/\/mailing.ccmbg.com\/archive\/last-85\" target=\"_blank\" class=\"a_hover\" rel=\"noopener noreferrer\">Voir un exemple<\/a><\/p>\n<\/aside>\n<p>Les fronti\u00e8res ext\u00e9rieures \u00e0 l&rsquo;Union Europ\u00e9enne sont ferm\u00e9es. Les Fran\u00e7ais de l&rsquo;\u00e9tranger\u00a0restent\u00a0libres de regagner le territoire national.\u00a0Un test n\u00e9gatif de moins de 72h est obligatoire pour entrer sur le territoire fran\u00e7ais \u00e0 compter du 28 octobre. Par ailleurs dans les ports et les a\u00e9roports des tests rapides antig\u00e9niques sont d\u00e9ploy\u00e9s pour toutes les arriv\u00e9es.\u00a0<\/p>\n<table border=\"1\" cellpadding=\"1\" cellspacing=\"1\">\n<thead>\n<tr>\n<th scope=\"col\" style=\"text-align: center;\">\n<h3><strong>DATES CL\u00c9S DE L&rsquo;\u00c9PID\u00c9MIE DANS LE MONDE<\/strong><\/h3>\n<\/th>\n<\/tr>\n<tr>\n<td>\n<ul>\n<li><strong>Le 31\u00a0d\u00e9cembre 2019,<\/strong> l&rsquo;Organisation mondiale de la Sant\u00e9 en Chine est inform\u00e9e de plusieurs cas de pneumonies dans la ville de Wuhan. 44\u00a0personnes sont infect\u00e9es entre cette date et le 3\u00a0janvier 2020.<\/li>\n<li><strong>Le 7\u00a0janvier 2020, <\/strong>les autorit\u00e9s chinoises identifient un \u00ab\u00a0nouveau type de coronavirus\u00a0\u00bb.<\/li>\n<li><strong>Le 13\u00a0janvier, <\/strong>un cas import\u00e9 est recens\u00e9 en Tha\u00eflande.<\/li>\n<li><strong>Le 15\u00a0janvier<\/strong>, le virus cause\u00a0la mort d&rsquo;<strong>une premi\u00e8re\u00a0personne \u00e0 Wuhan<\/strong>, un homme de 69\u00a0ans.\u00a0<\/li>\n<li><strong>Le 23\u00a0janvier,<\/strong> trois villes chinoises dont Wuhan sont plac\u00e9es en quarantaine.<\/li>\n<li><strong>Le 25\u00a0janvier, trois personnes\u00a0contamin\u00e9es sont recens\u00e9es en France<\/strong>, deux \u00e0 Paris et une Bordeaux. Ce sont les premiers cas enregistr\u00e9s sur le continent europ\u00e9en.<\/li>\n<li><strong>Le 30\u00a0janvier, <\/strong>l&rsquo;Organisation mondiale de la Sant\u00e9 <strong>d\u00e9cr\u00e8te\u00a0l&rsquo;<a href=\"https:\/\/sante.journaldesfemmes.fr\/fiches-maladies\/2608035-urgence-de-sante-publique-de-portee-internationale-definition-oms-coronavirus\/\" target=\"_blank\" rel=\"noopener noreferrer\">urgence de sant\u00e9 mondiale<\/a><\/strong>.\u00a0Cette mesure n&rsquo;avait \u00e9t\u00e9 d\u00e9cr\u00e9t\u00e9e que 5\u00a0fois depuis sa cr\u00e9ation (pour Ebola (deux fois), la grippe H1N1, Zika et la poliomy\u00e9lite).\u00a0<\/li>\n<li><strong>Le 11\u00a0mars, <\/strong>l&rsquo;OMS classifie de <strong>pand\u00e9mie <\/strong>la diffusion de la maladie \u00e0 coronavirus Covid-19\u00a0dans le monde.<\/li>\n<li><strong>Le 13\u00a0mars<\/strong>, l&rsquo;OMS d\u00e9signe d\u00e9sormais l&rsquo;Europe comme \u00e9picentre.<\/li>\n<li><strong>Le 16\u00a0mars, <\/strong>l&rsquo;Europe <a href=\"http:\/\/www.affinite.fr\/index.php\/2022\/10\/22\/la-creme-glacee-la-nouvelle-culture-commerciale\/\">ferme<\/a> ses fronti\u00e8res ainsi que celles de l&rsquo;espace Schengen. La France met en place un dispositif de confinement interdisant les d\u00e9placements.<\/li>\n<li><strong>Le 2\u00a0avril,<\/strong>\u00a0le <strong>million de cas<\/strong> de coronavirus dans le monde est d\u00e9pass\u00e9, et plus de 51.000\u00a0morts, selon le d\u00e9compte de l&rsquo;h\u00f4pital am\u00e9ricain de r\u00e9f\u00e9rence Johns-Hopkins.<\/li>\n<li><strong>Le 28\u00a0juin,<\/strong> le cap des<strong> 10\u00a0millions de cas <\/strong>de coronavirus est franchi\u00a0dans le monde, et les\u00a0<strong>500\u00a0000\u00a0d\u00e9c\u00e8s <\/strong>ont \u00e9t\u00e9 atteints dans la nuit du 28\u00a0au 29\u00a0juin 2020, selon les chiffres de l&rsquo;h\u00f4pital am\u00e9ricain de r\u00e9f\u00e9rence Johns-Hopkins.<\/li>\n<li><strong>Le 11\u00a0ao\u00fbt<\/strong>,\u00a0le cap des<strong>\u00a020\u00a0millions de cas <\/strong>de coronavirus est franchi\u00a0dans le monde, et les <strong>730\u00a0000\u00a0d\u00e9c\u00e8s <\/strong>ont \u00e9t\u00e9 atteints, selon les chiffres de l&rsquo;h\u00f4pital am\u00e9ricain de r\u00e9f\u00e9rence Johns-Hopkins.<\/li>\n<li><strong>Le 30\u00a0ao\u00fbt, <\/strong>le cap\u00a0des <strong>25\u00a0millions de cas<\/strong> de\u00a0Covid-19\u00a0a \u00e9t\u00e9 officiellement franchi \u00e0 travers le monde dans la nuit de samedi \u00e0\u00a0dimanche, dont plus de la moiti\u00e9 en Am\u00e9rique, selon un comptage r\u00e9alis\u00e9\u00a0par l&rsquo;AFP.<\/li>\n<li><strong>Le 18\u00a0septembre<\/strong>, le cap des <strong>30\u00a0millions de cas<\/strong> de coronavirus est franchi dans le monde, et 947\u00a0000\u00a0d\u00e9c\u00e8s sont d\u00e9clar\u00e9s, selon les chiffres de l&rsquo;h\u00f4pital am\u00e9ricain de r\u00e9f\u00e9rence Johns-Hopkins.<\/li>\n<li><strong>Au 1er octobre<\/strong>, le cap du million de morts du Covid-19 dans le monde est franchi.<\/li>\n<li><strong>Au 9 novembre,<\/strong> plus de <strong>50 millions <\/strong>de personnes sont contamin\u00e9es par la Covid-19 dans le monde.\u00a0<\/li>\n<li><strong>Au<\/strong> <strong>10 novembre,<\/strong> les Etats-Unis ont d\u00e9pass\u00e9 les 10 millions de cas.<\/li>\n<li><strong>Au 15 novembre<\/strong>, le Mexique a d\u00e9pass\u00e9 le million de cas de Covid-19.<\/li>\n<li><strong>Au 17 novembre<\/strong>, la France a d\u00e9pass\u00e9 les 2 millions de cas Covid-19.\u00a0<\/li>\n<li><strong>Au 19 novembre,<\/strong> les Etats-Unis d\u00e9plorent plus de 250 000 morts de la Covid-19.<\/li>\n<li><strong>Au 26 novembre<\/strong>, plus de <strong>60 millions de personnes<\/strong> sont contamin\u00e9es dans le monde.<\/li>\n<li><strong>Le 9 d\u00e9cembre,<\/strong> les Etats-Unis franchissent le cap des <strong>15 millions de cas Covid-19.<\/strong>\u00a0<\/li>\n<li><strong>Le 14 d\u00e9cembre,<\/strong> plus de <strong>72 millions<\/strong> de personnes sont infect\u00e9es par la Covid-19 dans le monde.\u00a0<\/li>\n<li><strong>Le 11 janvier,<\/strong> plus de <strong>90 millions <\/strong>de personnes ont \u00e9t\u00e9 infect\u00e9es par le nouveau coronavirus dans le monde.\u00a0<\/li>\n<\/ul>\n<\/td>\n<\/tr>\n<\/thead>\n<\/table>\n<h3><u>Sources :<\/u><\/h3>\n<h3>&#8211;\u00a0<a href=\"https:\/\/systems.jhu.edu\/research\/public-health\/ncov\/\" target=\"_blank\" rel=\"noopener noreferrer\">Universit\u00e9 John Hopkins<\/a><\/h3>\n<h3>&#8211;\u00a0<a href=\"https:\/\/www.ecdc.europa.eu\/en\/covid-19-pandemic\" target=\"_blank\" rel=\"noopener noreferrer\">ECDC<\/a><\/h3>\n<h3>&#8211; Flamb\u00e9e de maladie \u00e0 coronavirus 2019 ( Covid-19), <a href=\"https:\/\/www.who.int\/fr\/emergencies\/diseases\/novel-coronavirus-2019\" target=\"_blank\" rel=\"noopener noreferrer\">OMS\u00a0<\/a><\/h3>\n<\/p><\/div>\n<p>[ad_2]<br \/>\n<br \/><a href=\"https:\/\/sante.journaldesfemmes.fr\/fiches-maladies\/2657799-coronavirus-monde-covid-mort-carte-courbe-chiffre-bilan-direct-aujourd-hui-japon-grande-bretagne\/\">Source link <\/a><\/p>\n","protected":false},"excerpt":{"rendered":"<p>[ad_1] COVID MONDE DIRECT &#8211; La pand\u00e9mie de Covid-19\u00a0continue de progresser dans le monde alors que plus de 96\u00a0millions de &hellip; <a href=\"http:\/\/www.affinite.fr\/index.php\/2021\/01\/20\/en-direct-allemagne-royaume-uni-morts\/\" class=\"more-link\">Plus <span class=\"screen-reader-text\">en direct, Allemagne, Royaume-Uni, morts<\/span> <span class=\"meta-nav\">&rarr;<\/span><\/a><\/p>\n","protected":false},"author":1,"featured_media":5831,"comment_status":"open","ping_status":"open","sticky":false,"template":"","format":"standard","meta":{"_sitemap_exclude":false,"_sitemap_priority":"","_sitemap_frequency":"","footnotes":""},"categories":[1],"tags":[],"class_list":["post-5830","post","type-post","status-publish","format-standard","has-post-thumbnail","hentry","category-tous"],"_links":{"self":[{"href":"http:\/\/www.affinite.fr\/index.php\/wp-json\/wp\/v2\/posts\/5830"}],"collection":[{"href":"http:\/\/www.affinite.fr\/index.php\/wp-json\/wp\/v2\/posts"}],"about":[{"href":"http:\/\/www.affinite.fr\/index.php\/wp-json\/wp\/v2\/types\/post"}],"author":[{"embeddable":true,"href":"http:\/\/www.affinite.fr\/index.php\/wp-json\/wp\/v2\/users\/1"}],"replies":[{"embeddable":true,"href":"http:\/\/www.affinite.fr\/index.php\/wp-json\/wp\/v2\/comments?post=5830"}],"version-history":[{"count":0,"href":"http:\/\/www.affinite.fr\/index.php\/wp-json\/wp\/v2\/posts\/5830\/revisions"}],"wp:featuredmedia":[{"embeddable":true,"href":"http:\/\/www.affinite.fr\/index.php\/wp-json\/wp\/v2\/media\/5831"}],"wp:attachment":[{"href":"http:\/\/www.affinite.fr\/index.php\/wp-json\/wp\/v2\/media?parent=5830"}],"wp:term":[{"taxonomy":"category","embeddable":true,"href":"http:\/\/www.affinite.fr\/index.php\/wp-json\/wp\/v2\/categories?post=5830"},{"taxonomy":"post_tag","embeddable":true,"href":"http:\/\/www.affinite.fr\/index.php\/wp-json\/wp\/v2\/tags?post=5830"}],"curies":[{"name":"wp","href":"https:\/\/api.w.org\/{rel}","templated":true}]}}