{"id":5824,"date":"2021-01-19T14:13:10","date_gmt":"2021-01-19T14:13:10","guid":{"rendered":"https:\/\/www.affinite.fr\/index.php\/2021\/01\/19\/la-saga-winx-sur-netflix-une-bande-annonce-ensorcelante-pour-ladaptation-de-la-serie-animee-news-series-a-la-tv\/"},"modified":"2021-01-19T14:13:10","modified_gmt":"2021-01-19T14:13:10","slug":"la-saga-winx-sur-netflix-une-bande-annonce-ensorcelante-pour-ladaptation-de-la-serie-animee-news-series-a-la-tv","status":"publish","type":"post","link":"http:\/\/www.affinite.fr\/index.php\/2021\/01\/19\/la-saga-winx-sur-netflix-une-bande-annonce-ensorcelante-pour-ladaptation-de-la-serie-animee-news-series-a-la-tv\/","title":{"rendered":"La Saga Winx sur Netflix : une bande-annonce ensorcelante pour l&rsquo;adaptation de la s\u00e9rie anim\u00e9e &#8211; News S\u00e9ries \u00e0 la TV"},"content":{"rendered":"<p> [ad_1]<br \/>\n<\/p>\n<div id=\"article-container\">\n<p class=\"article-lead\">Relecture de la s\u00e9rie anim\u00e9e italienne, Destin : La Saga Winx se d\u00e9voile dans une bande-annonce captivante qui pr\u00e9sente l&rsquo;univers de la bande de f\u00e9es culte pour toute une g\u00e9n\u00e9ration.<\/p>\n<div id=\"article-content\">\n<figure class=\"article-figure article-main-figure\"><img loading=\"lazy\" decoding=\"async\" class=\"article-figure-img\" width=\"640\" height=\"360\" src=\"https:\/\/fr.web.img6.acsta.net\/r_640_360\/newsv7\/21\/01\/19\/14\/24\/5402199.jpg\"\/><figcaption class=\"article-figcaption-copy\">Jonathan Hession\/NETFLIX<\/figcaption><\/figure>\n<p>Le monde du dessin anim\u00e9 <a title=\"Winx Club (Italie) (Animation)\" href=\"http:\/\/www.allocine.fr\/series\/ficheserie_gen_cserie=5654.html\">Winx Club<\/a>, culte pour toute une g\u00e9n\u00e9ration, revient sur le devant de la sc\u00e8ne avec une adaptation en live action \u00e0 d\u00e9couvrir sur Netflix d\u00e8s ce 22 janvier. Cette relecture en prises de vue r\u00e9elles de la s\u00e9rie des ann\u00e9es 2000 cr\u00e9\u00e9e et produite par\u00a0<a title=\"Iginio Straffi (Ind\u00e9fini) (Producteur,R\u00e9alisateur,Sc\u00e9nariste)\" href=\"http:\/\/www.allocine.fr\/personne\/fichepersonne_gen_cpersonne=212431.html\">Iginio Straffi<\/a> se d\u00e9voile dans une bande-annonce captivante dans laquelle on d\u00e9couvre un peu plus les interpr\u00e8tes de la bande de f\u00e9es.\u00a0<a title=\"Destin : La saga Winx (U.S.A.,Italie) (Aventure,Fantastique)\" href=\"http:\/\/www.allocine.fr\/series\/ficheserie_gen_cserie=23415.html\">Destin : La Saga Winx<\/a> est une adaptation moderne du dessin anim\u00e9 qui a pris quelques libert\u00e9s avec le mat\u00e9riau d\u2019origine.<\/p>\n<p><iframe loading=\"lazy\" src=\"http:\/\/www.allocine.fr\/about:blank\" data-src=\"https:\/\/www.youtube.com\/embed\/1e2naA6q8rQ\" width=\"480\" height=\"270\"><\/iframe><\/p>\n<p>Sign\u00e9s\u00a0<a title=\"Brian Young (Ind\u00e9fini) (Sc\u00e9nariste,Producteur d\u00e9l\u00e9gu\u00e9,Producteur ex\u00e9cutif)\" href=\"http:\/\/www.allocine.fr\/personne\/fichepersonne_gen_cpersonne=191995.html\">Brian Young<\/a> (sc\u00e9nariste sur <a title=\"Vampire Diaries (U.S.A.) (Drame,Fantastique,Romance)\" href=\"http:\/\/www.allocine.fr\/series\/ficheserie_gen_cserie=5154.html\">The Vampire Diaries<\/a>), les six \u00e9pisodes de Destin : La Saga Winx ont \u00e9t\u00e9 tourn\u00e9s en Irlande. C\u2019est dans un paysage mystique et intrigant que les f\u00e9es vont devoir appr\u00e9hender leur univers magique mais aussi g\u00e9rer leurs relations amoureuses, amicales et scolaires. Le pensionnat d\u2019Alfea, situ\u00e9 dans l\u2019Autre Monde, sera le th\u00e9\u00e2tre de nombreux rebondissements et de d\u00e9monstrations ensorcelantes.<\/p>\n<p>L\u2019ambiance de Destin : La Saga Winx n\u2019est pas sans rappeler un autre succ\u00e8s de Netflix, <a title=\"Les Nouvelles aventures de Sabrina (U.S.A.) (Fantastique,Epouvante-horreur,Drame)\" href=\"http:\/\/www.allocine.fr\/series\/ficheserie_gen_cserie=22720.html\">Les Nouvelles aventures de Sabrina<\/a>. C\u2019est d\u2019ailleurs l\u2019actrice\u00a0<a title=\"Abigail F. Cowen (U.S.A.) (Acteur)\" href=\"http:\/\/www.allocine.fr\/personne\/fichepersonne_gen_cpersonne=822019.html\">Abigail Cowen<\/a> (Dorcas dans Sabrina) qui incarne Bloom, l\u2019h\u00e9ro\u00efne principale. Au reste du casting, on retrouve\u00a0<a title=\"Hannah van der Westhuysen (Grande-Bretagne) (Acteur)\" href=\"http:\/\/www.allocine.fr\/personne\/fichepersonne_gen_cpersonne=847291.html\">Hannah van der Westhuysen<\/a> (Grantchester) dans le r\u00f4le de Stella,\u00a0<a title=\"Precious Mustapha (Grande-Bretagne) (Acteur)\" href=\"http:\/\/www.allocine.fr\/personne\/fichepersonne_gen_cpersonne=873864.html\">Precious Mustapha<\/a> (Les Enqu\u00eates De Morse) dans celui d&rsquo;Aisha,\u00a0<a title=\"Eliot Salt (Grande-Bretagne) (Acteur)\" href=\"http:\/\/www.allocine.fr\/personne\/fichepersonne_gen_cpersonne=896588.html\">Eliot Salt<\/a> (Normal People) dans celui de Terra et\u00a0<a title=\"Elisha Applebaum (U.S.A.) (Acteur)\" href=\"http:\/\/www.allocine.fr\/personne\/fichepersonne_gen_cpersonne=921384.html\">Elisha Applebaum<\/a> (Undercover Hooligan) dans celui de Musa. Les Winx devront faire face \u00e0 Beatrix, une ennemie redoutable, incarn\u00e9e par\u00a0<a title=\"Sadie Soverall (Grande-Bretagne) (Acteur)\" href=\"http:\/\/www.allocine.fr\/personne\/fichepersonne_gen_cpersonne=921385.html\">Sadie Soverall<\/a> (Rose Plays Julie). Mais elles pourront compter sur l\u2019aide des Sp\u00e9cialistes Riven (<a title=\"Freddie Thorp (U.S.A.) (Acteur)\" href=\"http:\/\/www.allocine.fr\/personne\/fichepersonne_gen_cpersonne=764737.html\">Freddie Thorp<\/a>), Sky (<a title=\"Danny Griffin (Grande-Bretagne) (Acteur)\" href=\"http:\/\/www.allocine.fr\/personne\/fichepersonne_gen_cpersonne=910562.html\">Danny Griffin<\/a>), Dane (<a title=\"Theo Graham (Grande-Bretagne) (Acteur)\" href=\"http:\/\/www.allocine.fr\/personne\/fichepersonne_gen_cpersonne=921386.html\">Theo Graham<\/a>) et Sam (<a title=\"Jacob Dudman (Grande-Bretagne) (Acteur)\" href=\"http:\/\/www.allocine.fr\/personne\/fichepersonne_gen_cpersonne=882617.html\">Jacob Dudman<\/a>).<\/p>\n<\/p><\/div>\n<\/p><\/div>\n<p>[ad_2]<br \/>\n<br \/><a href=\"http:\/\/rss.allocine.fr\/~r\/ac\/actualites\/~3\/VSfJ-3hcAzI\/fichearticle_gen_carticle=18696151.html\">Source link <\/a><\/p>\n","protected":false},"excerpt":{"rendered":"<p>[ad_1] Relecture de la s\u00e9rie anim\u00e9e italienne, Destin : La Saga Winx se d\u00e9voile dans une bande-annonce captivante qui pr\u00e9sente &hellip; <a href=\"http:\/\/www.affinite.fr\/index.php\/2021\/01\/19\/la-saga-winx-sur-netflix-une-bande-annonce-ensorcelante-pour-ladaptation-de-la-serie-animee-news-series-a-la-tv\/\" class=\"more-link\">Plus <span class=\"screen-reader-text\">La Saga Winx sur Netflix : une bande-annonce ensorcelante pour l&rsquo;adaptation de la s\u00e9rie anim\u00e9e &#8211; News S\u00e9ries \u00e0 la TV<\/span> <span class=\"meta-nav\">&rarr;<\/span><\/a><\/p>\n","protected":false},"author":1,"featured_media":5825,"comment_status":"open","ping_status":"open","sticky":false,"template":"","format":"standard","meta":{"_sitemap_exclude":false,"_sitemap_priority":"","_sitemap_frequency":"","footnotes":""},"categories":[1],"tags":[],"class_list":["post-5824","post","type-post","status-publish","format-standard","has-post-thumbnail","hentry","category-tous"],"_links":{"self":[{"href":"http:\/\/www.affinite.fr\/index.php\/wp-json\/wp\/v2\/posts\/5824"}],"collection":[{"href":"http:\/\/www.affinite.fr\/index.php\/wp-json\/wp\/v2\/posts"}],"about":[{"href":"http:\/\/www.affinite.fr\/index.php\/wp-json\/wp\/v2\/types\/post"}],"author":[{"embeddable":true,"href":"http:\/\/www.affinite.fr\/index.php\/wp-json\/wp\/v2\/users\/1"}],"replies":[{"embeddable":true,"href":"http:\/\/www.affinite.fr\/index.php\/wp-json\/wp\/v2\/comments?post=5824"}],"version-history":[{"count":0,"href":"http:\/\/www.affinite.fr\/index.php\/wp-json\/wp\/v2\/posts\/5824\/revisions"}],"wp:featuredmedia":[{"embeddable":true,"href":"http:\/\/www.affinite.fr\/index.php\/wp-json\/wp\/v2\/media\/5825"}],"wp:attachment":[{"href":"http:\/\/www.affinite.fr\/index.php\/wp-json\/wp\/v2\/media?parent=5824"}],"wp:term":[{"taxonomy":"category","embeddable":true,"href":"http:\/\/www.affinite.fr\/index.php\/wp-json\/wp\/v2\/categories?post=5824"},{"taxonomy":"post_tag","embeddable":true,"href":"http:\/\/www.affinite.fr\/index.php\/wp-json\/wp\/v2\/tags?post=5824"}],"curies":[{"name":"wp","href":"https:\/\/api.w.org\/{rel}","templated":true}]}}