{"id":5822,"date":"2021-01-18T19:15:53","date_gmt":"2021-01-18T19:15:53","guid":{"rendered":"https:\/\/www.affinite.fr\/index.php\/2021\/01\/18\/variant-anglais-dominant-mi-mars-chiffres\/"},"modified":"2021-01-18T19:15:53","modified_gmt":"2021-01-18T19:15:53","slug":"variant-anglais-dominant-mi-mars-chiffres","status":"publish","type":"post","link":"http:\/\/www.affinite.fr\/index.php\/2021\/01\/18\/variant-anglais-dominant-mi-mars-chiffres\/","title":{"rendered":"variant anglais dominant mi-mars, chiffres"},"content":{"rendered":"<p> [ad_1]<br \/>\n<\/p>\n<p>\n                CORONAVIRUS DIRECT &#8211; L&rsquo;\u00e9pid\u00e9mie s\u00e9vit toujours en France. Le nombre de personnes hospitalis\u00e9es progresse et 404\u00a0nouveaux d\u00e9c\u00e8s sont enregistr\u00e9s. Le variant anglais pourrait dominer mi-mars en France. Derniers chiffres et actus.            <\/p>\n<div>\n<aside class=\"ccmsummary marqueur_module ccmcss_cms_summary ccmcss_cms_summary--right\">\n<p>\u00a0Sommaire<\/p>\n<\/aside>\n<p><strong>[Mis\u00a0\u00e0 jour le lundi 18 janvier \u00e0 20h10<\/strong><b>]<\/b>\u00a0La pand\u00e9mie ne faiblit pas. La France d\u00e9nombre<strong>\u00a03 736\u00a0nouveaux cas et 404 d\u00e9c\u00e8s<\/strong> dus au Covid-19 au cours des derni\u00e8res 24 heures. Les chiffres en hospitalisation sont en hausse.\u00a0<em>\u00ab\u00a0Notre situation reste <strong>pr\u00e9occupante <\/strong>m\u00eame si elle s&rsquo;est globalis\u00e9e au cours des derniers jours, nous restons sur un plateau \u00e9lev\u00e9 avec une moyenne de 16 000 contaminations par jour. La pression sur nos h\u00f4pitaux reste stable mais \u00e9lev\u00e9e\u00a0\u00bb<\/em> a expliqu\u00e9 le Premier ministre<strong> Jean Castex <\/strong>au d\u00e9but de la conf\u00e9rence de presse du\u00a014 janvier. <strong><em>\u00ab\u00a0Notre situation est ma\u00eetris\u00e9e mais fragile\u00a0\u00bb <\/em><\/strong>a-t-il r\u00e9sum\u00e9. Plus encore \u00e0 cause de l&rsquo;<a href=\"https:\/\/sante.journaldesfemmes.fr\/fiches-maladies\/2685453-mutation-coronavirus-variant-covid-19-france-angleterre-afrique-du-sud-c-est-quoi-symptomes-nom-definition\/\" target=\"_blank\" rel=\"noopener noreferrer\">\u00e9mergence des nouvelles souches<\/a> <em>\u00ab\u00a0qui restent limit\u00e9es\u00a0\u00bb <\/em>en France mais repr\u00e9sentent<strong> entre 200 et 300 contaminations par jour en France, <\/strong>et pourrait devenir\u00a0dominant \u00ab\u00a0entre fin f\u00e9vrier et mi-mars\u00a0\u00bb selon l&rsquo;Inserm. La campagne de vaccination du grand public d\u00e9marre ce lundi avec les plus de 75 ans. Les centres de vaccination sont d&rsquo;ores et d\u00e9j\u00e0 satur\u00e9s. Une \u00ab\u00a0pouss\u00e9e\u00a0\u00bb de l&rsquo;\u00e9pid\u00e9mie de Covid-19\u00a0est probable en mars, avec l&rsquo;impact des nouveaux variants, a estim\u00e9 l&rsquo;\u00e9pid\u00e9miologiste et\u00a0membre du Conseil scientifique Arnaud Fontanet, ce dimanche 17\u00a0janvier\u00a0sur <em>RTL.<\/em>\u00a0En cons\u00e9quence, le\u00a0<strong>couvre-feu \u00e0 18 heures est appliqu\u00e9 depuis samedi 16 janvier\u00a0dans tout le territoire fran\u00e7ais pendant 15 jours.<\/strong><em>\u00a0<\/em>Jeudi 14 janvier, le Premier ministre a confirm\u00e9 l&rsquo;espoir d&rsquo;une<em> <strong>\u00ab\u00a0sortie de crise \u00e0 l&rsquo;\u00e9t\u00e9 prochain<\/strong>\u00ab\u00a0<\/em>.\u00a0Que disent les\u00a0<a data-auth=\"NotApplicable\" href=\"https:\/\/sante.journaldesfemmes.fr\/fiches-maladies\/2667643-carte-covid-19-france-zone-rouge-departement-contamination-ile-de-france-couvre-feu-alerte-europe\/\" rel=\"noopener noreferrer\" target=\"_blank\">cartes<\/a> de suivi de l&rsquo;\u00e9pid\u00e9mie ? Quelles sont les r\u00e9gions sous tension hospitali\u00e8re ?\u00a0<a data-auth=\"NotApplicable\" href=\"https:\/\/sante.journaldesfemmes.fr\/fiches-maladies\/2629823-taux-de-reproduction-covid-france-coronavirus-r0-r-effectif-calcul-evolution-aujourd-hui-departement-valeur\/\" rel=\"noopener noreferrer\" target=\"_blank\">Quel est le taux de R0 du coronavirus en France<\/a>\u00a0? Quand est-on contagieux ? Que sait-on des\u00a0<a href=\"https:\/\/sante.journaldesfemmes.fr\/fiches-maladies\/2620433-vaccin-coronavirus-covid-19-action-europe-pfizer-moderna-commande-delai-dose-differences-fiabilite\/\" target=\"_blank\" rel=\"noopener noreferrer\">vaccins<\/a>\u00a0? Des\u00a0<a href=\"https:\/\/sante.journaldesfemmes.fr\/fiches-maladies\/2686947-effets-secondaires-vaccin-covid-bilan-ansm-france-pfizer-frequent-indesirable-grave-moderna\/\" target=\"_blank\" rel=\"noopener noreferrer\">effets secondaires<\/a>\u00a0apr\u00e8s la vaccination ? Chiffres et infos du jour.<\/p>\n<ul>\n<li><strong>Immunit\u00e9.\u00a0<\/strong>L&rsquo;immunit\u00e9 des personnes contamin\u00e9es\u00a0par le SARS-CoV-2 \u00ab\u00a0peuvent potentiellement d\u00e9velopper une r\u00e9ponse (immunitaire) rapide et efficace en cas de r\u00e9exposition au virus\u00a0\u00bb, selon une \u00e9tude men\u00e9e par des chercheurs de la Rockefeller University \u00e0 New York, et\u00a0publi\u00e9e lundi\u00a0dans\u00a0le journal <em>Nature<\/em>.\u00a0L&rsquo;immunit\u00e9 contre le\u00a0Covid-19\u00a0pourrait durer au moins 6 mois, puis\u00a0diminuer\u00a0avec le temps. La production d&rsquo;anticorps peut se d\u00e9clencher \u00e0\u00a0nouveau\u00a0en cas de nouvelle infection par le m\u00eame agent pathog\u00e8ne.<\/li>\n<li><strong>Variant anglais dominant en France ?<\/strong>\u00a0Le variant britannique repr\u00e9sentait 1,4% des contaminations d\u00e9tect\u00e9es en France lors de la premi\u00e8re semaine de janvier, indique l&rsquo;Inserm dans un rapport. L&rsquo;institut\u00a0estime\u00a0qu&rsquo;il deviendra dominant \u00ab\u00a0entre fin f\u00e9vrier et mi-mars\u00a0\u00bb et que\u00a0\u00ab\u00a0les nouvelles hospitalisations hebdomadaires devraient atteindre le niveau du pic de la premi\u00e8re vague (environ 25\u00a0000\u00a0hospitalisations) entre mi-f\u00e9vrier et d\u00e9but avril, en l&rsquo;absence de mesures\u00a0\u00bb.\u00a0\u00ab\u00a0Ces r\u00e9sultats montrent la n\u00e9cessit\u00e9 de renforcer les mesures de distanciation sociale et d&rsquo;acc\u00e9l\u00e9rer la campagne de vaccination pour faire face \u00e0 la menace du variant\u00a0\u00bb indique t-il.<\/li>\n<li><strong>Ouverture de la vaccination aux plus de 75 ans.<\/strong>\u00a0La campagne de vaccination du grand public pour les plus de 75 ans, hors Ehpad et EMS, d\u00e9bute ce lundi 18 janvier.\u00a0Les centres de vaccination commencent n\u00e9anmoins \u00e0 \u00eatre satur\u00e9s ou en p\u00e9nurie de dose.\u00a0\u00ab\u00a0<em>En Ile-de-France des centres de vaccination n&rsquo;auront que des centaines de doses au lieu des milliers qui \u00e9taient pr\u00e9vues<\/em>\u00ab\u00a0, d\u00e9clare Val\u00e9rie P\u00e9cresse, la pr\u00e9sidente du conseil r\u00e9gional d&rsquo;Ile-de-France sur BFMTV.<\/li>\n<li><strong>Les masques en tissu, pas efficaces ?<\/strong> Selon des sources cit\u00e9es par <a href=\"https:\/\/www.lavoixdunord.fr\/921830\/article\/2021-01-18\/variant-anglais-le-haut-conseil-de-sante-publique-recommande-de-ne-plus-utiliser\" target=\"_blank\" rel=\"noopener noreferrer\">La Voix du Nord<\/a>, le Haut conseil de sant\u00e9 publique (HCSP), r\u00e9uni ce week-end, recommande aupr\u00e8s du minist\u00e8re de la Sant\u00e9 de ne plus porter de masque en tissu lavable <strong>aux normes Afnor de cat\u00e9gorie 2 <\/strong>d\u00e8s <strong>l&rsquo;\u00e2ge de 6 ans<\/strong> pour faire davantage face au variant anglais, actuellement en circulation en France et qui repr\u00e9sente 1,4\u00a0% des cas diagnostiqu\u00e9s en France, selon une estimation de l&rsquo;Inserm. Elle pr\u00e9conise le port de masques chirurgicaux, de cat\u00e9gorie 1\u00a0ou FFP2, qui filtrent plus de 90% des nanoparticules.\u00a0<\/li>\n<\/ul>\n<ul>\n<li><strong>Isolement obligatoire en Guadeloupe.<\/strong> Tous les voyageurs \u00e0 destination de la\u00a0Guadeloupe, sauf ceux en provenance de la Martinique, devront \u00e0 partir de ce lundi 18 janvier s&rsquo;engager \u00ab\u00a0sur l&rsquo;honneur\u00a0\u00bb \u00e0 respecter un isolement de sept jours, annonce la pr\u00e9fecture dans un communiqu\u00e9 de presse.<\/li>\n<li><strong>Ecoles ferm\u00e9es dans l&rsquo;Oise. <\/strong>4 \u00e9coles dans le d\u00e9partement de l&rsquo;Oise sont ferm\u00e9es depuis ce lundi 18 janvier, notamment une situ\u00e9e au Plessis-Belleville o\u00f9 sont comptabilis\u00e9s 27 cas de Covid-19 (22 \u00e9l\u00e8ves et 5 enseignants). La pr\u00e9fecture a pris un arr\u00eat\u00e9 de fermeture de cette \u00e9cole \u00e9l\u00e9mentaire du Plessis-Belleville, du 18\u00a0janvier jusqu&rsquo;au mardi 26\u00a0janvier inclus.<\/li>\n<\/ul>\n<ul>\n<li><strong>Nombre de vaccination en France.\u00a0<\/strong>Au 17 janvier, la France a vaccin\u00e9 plus de 420 000 personnes, soit 0.6% de sa population.\u00a0La France esp\u00e8re vacciner 4 millions de personnes d&rsquo;ici la fin du mois de f\u00e9vrier, annonce Olivier V\u00e9ran.\u00a0<\/li>\n<li><strong>Passeport vaccinal.<\/strong> D&rsquo;apr\u00e8s <a href=\"https:\/\/www.leparisien.fr\/societe\/sante\/passeport-vaccinal-l-etonnante-adhesion-des-francais-16-01-2021-8419516.php\">un sondage Ifop<\/a> pour la soci\u00e9t\u00e9 Lemon, en partenariat avec <em>Le Parisien,\u00a0<\/em>publi\u00e9 ce samedi 16 janvier,\u00a0\u00a0<span style=\"font-size: 1rem;\">62\u00a0% des Fran\u00e7ais\u00a0se disent\u00a0favorables \u00e0 ce que la vaccination soit obligatoire pour <a href=\"http:\/\/www.affinite.fr\/index.php\/2023\/07\/29\/changer-de-vie-voyager-complement-de-retraite-devenez-vendeur-de-glace-a-litalienne\/\">voyager<\/a> \u00e0 l&rsquo;\u00e9tranger.\u00a0Le passeport vaccinal permettrait aux personnes vaccin\u00e9es contre la Covid-19\u00a0de se rendre dans un autre pays sans faire de test ou de quarantaine\u00a0et\/ou d&rsquo;acc\u00e9der \u00e0 certains lieux publics. C&rsquo;est quoi concr\u00e8tement\u00a0?<\/span><\/li>\n<\/ul>\n<figure class=\"image\" style=\"float:right\"><a class=\"fancy\" href=\"https:\/\/img-3.journaldesfemmes.fr\/ZUimfv96_I3aQVMCUMOqhA5IB5Y=\/1080x\/smart\/4c748d9f623249ae80d36be15284d476\/ccmcms-jdf\/21604553.jpg\"><img decoding=\"async\" alt=\"carte taux occupation lit r\u00e9animation\" src=\"https:\/\/img-3.journaldesfemmes.fr\/Yp_v5OYExhuEHa3HO2J4bqTCPHY=\/450x\/smart\/4c748d9f623249ae80d36be15284d476\/ccmcms-jdf\/21604553.jpg\"\/><\/a><figcaption data-credit=\"Gouvernement.fr\" data-legend=\"Carte du taux d'occupation des lits en r\u00e9animation par des patients Covid-19 au 15 janvier 2021.\">Carte du taux d&rsquo;occupation des lits en r\u00e9animation par des patients Covid-19 au 15 janvier 2021. <small>\u00a9\u00a0Gouvernement.fr<\/small><\/figcaption><\/figure>\n<p>Face \u00e0 une\u00a0situation \u00e9pid\u00e9mique\u00a0<em>\u00ab\u00a0ma\u00eetris\u00e9e mais fragile\u00a0\u00bb<\/em>, Jean Castex a annonc\u00e9 le 14 janvier, la mise en place d&rsquo;un<strong> couvre-feu \u00e0 18 heures sur tout le territoire fran\u00e7ais<\/strong> \u00e0 partir de samedi 16 janvier et pour au moins 15 jours. <em>\u00ab\u00a0Il ne sera pas possible de sortir pour des motifs personnels\u00a0\u00bb<\/em> et<em> \u00ab\u00a0tous\u00a0les lieux recevant du public seront ferm\u00e9s \u00e0 18\u00a0heures\u00a0\u00bb <\/em>a annonc\u00e9 Jean Castex. <em>\u00ab\u00a0Nous verrons s&rsquo;il y a lieu de prolonger ces mesures en f\u00e9vrier\u00a0\u00bb <\/em>a-t-il poursuivi. Le confinement est pour l&rsquo;instant exclu :\u00a0<em>\u00ab\u00a0Quand nous avons d\u00e9cid\u00e9 le second confinement, nous observions 50\u00a0000\u00a0contaminations par jour quand nous observons 16-17 000\u00a0aujourd&rsquo;hui, la situation hospitali\u00e8re \u00e9tait aussi beaucoup plus tendue\u00a0\u00bb<\/em> a expliqu\u00e9 Jean Castex. Mais<em> \u00ab\u00a0nous devons nous pr\u00e9parer \u00e0 toutes \u00e9ventualit\u00e9s\u00a0\u00bb<\/em>.\u00a0<\/p>\n<ul>\n<li>La pratique sportive ou la promenade en plein air est interdite pendant les horaires de couvre-feu\u00a0;<\/li>\n<li>Pendant la journ\u00e9e, les d\u00e9placements sont autoris\u00e9s et l&rsquo;attestation n&rsquo;est pas n\u00e9cessaire\u00a0;<\/li>\n<li>Les d\u00e9placements entre r\u00e9gions sont autoris\u00e9s\u00a0;<\/li>\n<li>Les lieux de culte doivent respecter une certaine jauge\u00a0\u00a0;<\/li>\n<li>Les salles de cin\u00e9ma, les th\u00e9\u00e2tres et les mus\u00e9es restent ferm\u00e9s ;<\/li>\n<li>L&rsquo;accueil du public dans les enceintes sportives, dans les cirques, les parcs zoologiques ou encore les salles de jeux et les casinos est interdit\u00a0;<\/li>\n<li>Les restaurants et les caf\u00e9s sont ferm\u00e9s ;<\/li>\n<li>Le t\u00e9l\u00e9travail doit se poursuivre quand il est possible.<\/li>\n<\/ul>\n<p>Un couvre-feu national \u00e9tait mis en place depuis le 15 d\u00e9cembre dans toute la France,\u00a0de 20h \u00e0 6h.\u00a0Le samedi 2 janvier, des d\u00e9partements ont \u00e9t\u00e9 plac\u00e9s sous couvre-feu avanc\u00e9 \u00e0 18 heures. Le samedi 16 janvier 2021,\u00a0toute la France est concern\u00e9e par cette mesure,\u00a0<strong>pour au moins deux semaines<\/strong>.<\/p>\n<p>Pendant le couvre-feu, <em>\u00ab\u00a0il ne sera pas possible de sortir pour des motifs personnels\u00a0\u00bb<\/em> et<em> \u00ab\u00a0tous\u00a0les lieux recevant du public seront ferm\u00e9s \u00e0 18\u00a0heures\u00a0\u00bb <\/em>a annonc\u00e9 Jean Castex. <em>\u00ab\u00a0Nous verrons s&rsquo;il y a lieu de <strong>prolonger ces mesures en f\u00e9vrier<\/strong>\u00a0\u00bb <\/em>a-t-il poursuivi. Seuls certains d\u00e9placements sont donc possibles (rentrer du travail notamment), \u00e0 condition de se munir d&rsquo;une <strong><a href=\"https:\/\/www.interieur.gouv.fr\/Actualites\/L-actu-du-Ministere\/Attestations-de-deplacement-couvre-feu\" target=\"_blank\" rel=\"noopener noreferrer\">attestation<\/a> <\/strong>notamment\u00a0:<\/p>\n<ul>\n<li>se rendre ou revenir de son lieu de travail, \u00e0 une <a href=\"http:\/\/www.affinite.fr\/index.php\/2022\/11\/09\/formation-de-glacier-apprenez-le-metier-de-glacier-et-changez-votre-vie\/\">formation<\/a> professionnelle, effectuer un d\u00e9placement professionnel ne pouvant \u00eatre report\u00e9\u00a0;<\/li>\n<li>des motifs familiaux imp\u00e9rieux, pour l&rsquo;assistance aux personnes vuln\u00e9rables et pr\u00e9caires, notamment aux personnes en situation de handicap ou pour la garde d&rsquo;enfants\u00a0;<\/li>\n<li>des motifs m\u00e9dicaux\u00a0: aller \u00e0 l&rsquo;h\u00f4pital, examens et soins ne pouvant \u00eatre assur\u00e9s \u00e0 distance et achat de m\u00e9dicaments\u00a0;<\/li>\n<li>participer \u00e0 des missions d&rsquo;int\u00e9r\u00eat g\u00e9n\u00e9ral sur demande de l&rsquo;autorit\u00e9 administrative (maraudes des associations de lutte contre la pauvret\u00e9 ou distributions d&rsquo;aides alimentaires \u00e0 domicile)\u00a0;<\/li>\n<li>les personnes en situation de handicap et leur accompagnant\u00a0;<\/li>\n<li>promener un animal domestique autour de son domicile.<\/li>\n<\/ul>\n<p><strong style=\"font-size: 1rem;\">Le non-respect du couvre-feu entraine\u00a0:<\/strong><\/p>\n<ul>\n<li>Premi\u00e8re sanction\u00a0: une amende de 135\u00a0euros, major\u00e9e \u00e0 375\u00a0euros (en cas de non-paiement ou de non-contestation dans le d\u00e9lai indiqu\u00e9 sur l&rsquo;avis de contravention)<\/li>\n<li>En cas de r\u00e9cidive dans les 15\u00a0jours\u00a0: une amende de 200\u00a0euros, major\u00e9e \u00e0 450\u00a0euros (en cas de non-paiement ou de non-contestation dans le d\u00e9lai indiqu\u00e9 sur l&rsquo;avis de contravention)<\/li>\n<li>Apr\u00e8s 3\u00a0infractions en 30\u00a0jours\u00a0: une amende de 3750\u00a0euros passible de 6\u00a0mois d&#8217;emprisonnement.<\/li>\n<\/ul>\n<blockquote>\n<p>Les formes graves surviennent avec un d\u00e9calage d&rsquo;une \u00e0 deux semaines apr\u00e8s le d\u00e9but des signes.<\/p>\n<\/blockquote>\n<p>Selon les derniers chiffres publi\u00e9s par <a href=\"https:\/\/www.santepubliquefrance.fr\/dossiers\/coronavirus-covid-19\/coronavirus-chiffres-cles-et-evolution-de-la-covid-19-en-france-et-dans-le-monde\" target=\"_blank\" rel=\"noopener noreferrer\">Sant\u00e9 Publique France<\/a>, au lundi 18\u00a0janvier 2021, en France :\u00a0<\/p>\n<p>\u2022 2 914 725\u00a0personnes ont \u00e9t\u00e9 contamin\u00e9es par le coronavirus <strong>(+ 3 736\u00a0en 24 heures)<\/strong>.<\/p>\n<p>\u2022 70 686 personnes sont d\u00e9c\u00e9d\u00e9es en France <strong>(+404\u00a0en 24 heures),<\/strong><strong>\u00a0<\/strong>dont 49 327\u00a0\u00e0 l&rsquo;h\u00f4pital.<\/p>\n<p>Selon les donn\u00e9es du gouvernement au 18\u00a0janvier 2021, en France :\u00a0<\/p>\n<p>\u2022 2 803 patients Covid-19 sont en r\u00e9animation (+37)<\/p>\n<p>\u2022 25 584 patients Covid-19 sont hospitalis\u00e9s (+349)<\/p>\n<blockquote>\n<p style=\"text-align: right;\">\u00a0<\/p>\n<\/blockquote>\n<blockquote>\n<p style=\"text-align: right;\">\u00a0<\/p>\n<\/blockquote>\n<p><em>\u00ab\u00a0Notre situation reste <strong>pr\u00e9occupante <\/strong>m\u00eame si elle sait globalis\u00e9e au cours des derniers jours, nous restons sur un plateau \u00e9lev\u00e9 avec une moyenne de 16\u00a0000\u00a0contaminations par jour. La pression sur nos h\u00f4pitaux reste stable mais \u00e9lev\u00e9e\u00a0\u00bb<\/em> a expliqu\u00e9 le Premier ministre<strong> Jean Castex <\/strong>au d\u00e9but de la conf\u00e9rence de presse du jeudi 14\u00a0janvier. <strong><em>\u00ab\u00a0Notre situation est ma\u00eetris\u00e9e mais fragile\u00a0\u00bb <\/em><\/strong>a-t-il r\u00e9sum\u00e9.<\/p>\n<p>Sur la semaine du 4 au 10 janvier, <a href=\"https:\/\/www.santepubliquefrance.fr\/maladies-et-traumatismes\/maladies-et-infections-respiratoires\/infection-a-coronavirus\/documents\/bulletin-national\/covid-19-point-epidemiologique-du-14-janvier-2021\" target=\"_blank\" rel=\"noopener noreferrer\">Sant\u00e9 Publique France<\/a> indique dans son point du 14 janvier une <em>\u00ab\u00a0progression de la circulation du SARS-CoV-2\u00a0\u00e0 un niveau \u00e9lev\u00e9\u00a0\u00bb<\/em> avec :\u00a0<\/p>\n<ul>\n<li><strong>Forte augmentation du nombre de cas confirm\u00e9s, plus marqu\u00e9e chez les moins de 20\u00a0ans<\/strong><\/li>\n<li>Augmentation de l&rsquo;activit\u00e9 de d\u00e9pistage parmi les personnes symptomatiques \u2022 Tendance \u00e0 l&rsquo;augmentation des hospitalisations et admissions en service de r\u00e9animation<\/li>\n<li>R\u00e9gions les plus touch\u00e9es\u00a0: Provence-Alpes-C\u00f4te d&rsquo;Azur, Bourgogne-Franche-Comt\u00e9, Grand Est et Auvergne-Rh\u00f4ne-Alpes<\/li>\n<\/ul>\n<p>\u2192 L&rsquo;indicateur utilis\u00e9 pour suivre l&rsquo;\u00e9volution de l&rsquo;\u00e9pid\u00e9mie de coronavirus en France est le<strong> taux d&rsquo;incidence<\/strong> soit le nombre de patients ayant un test positif (PCR ou antig\u00e9nique) pour 100 000 habitants par semaine sur les 7 derniers jours. Au 15 janvier, ce taux monte encore \u00e0 183.51\u00a0contre 153.49 le 6 janvier, 131,53 le 2 janvier, et 124,71 le 31 d\u00e9cembre. Il se maintient \u00e0 un niveau \u00e9lev\u00e9 mais stable.<\/p>\n<div style=\"text-align:center\">\n<figure class=\"image\" style=\"display:inline-block\"><a class=\"fancy\" href=\"https:\/\/img-3.journaldesfemmes.fr\/zwGRH8R_moUQOsEuS4LqrYERikA=\/1080x\/smart\/8102557dc2fb429296c68112e106abae\/ccmcms-jdf\/21654556.png\"><img decoding=\"async\" alt=\"courbe taux incidence covid 19 france\" src=\"https:\/\/img-3.journaldesfemmes.fr\/mlDbTJCixVLAJJ3hjFmMyWHiXRs=\/450x\/smart\/8102557dc2fb429296c68112e106abae\/ccmcms-jdf\/21654556.png\"\/><\/a><figcaption data-credit=\"Gouvernement.fr\" data-legend=\"Nombre de nouvelles personnes positives au Sars-Cov-2 (PCR\/antig\u00e9nique) sur une semaine glissante, pour la premi\u00e8re fois depuis plus de 60 jours, rapport\u00e9 \u00e0 la taille de la population, au 15 janvier.\">Nombre de nouvelles personnes positives au Sars-Cov-2 (PCR\/antig\u00e9nique) sur une semaine glissante, pour la premi\u00e8re fois depuis plus de 60 jours, rapport\u00e9 \u00e0 la taille de la population, au 15 janvier. <small>\u00a9\u00a0Gouvernement.fr<\/small><\/figcaption><\/figure>\n<\/div>\n<p>Le gouvernement suit \u00e9galement l&rsquo;\u00e9volution du taux d&rsquo;occupation des lits en r\u00e9animation par des patients Covid-19 (sur les capacit\u00e9s initiales). Ce taux met en lumi\u00e8re une \u00e9ventuelle tension hospitali\u00e8re.\u00a0La tension hospitali\u00e8re est actuellement mod\u00e9r\u00e9e et stable.<\/p>\n<div style=\"text-align:center\">\n<figure class=\"image\" style=\"display:inline-block\"><a class=\"fancy\" href=\"https:\/\/img-3.journaldesfemmes.fr\/HYZ7TsceO5rIyP76zPNum7V1O3w=\/1080x\/smart\/9036b80367fd4061869845e7186eeee2\/ccmcms-jdf\/21654533.png\"><img decoding=\"async\" alt=\"Taux d'occupation des lits en r\u00e9animation au 11 janvier par des patients Covid-19 \" src=\"https:\/\/img-3.journaldesfemmes.fr\/Y1EvrzHUhNftF7rldBzIGpIlwCc=\/450x\/smart\/9036b80367fd4061869845e7186eeee2\/ccmcms-jdf\/21654533.png\"\/><\/a><figcaption data-credit=\"Gouvernement.fr\" data-legend=\"Taux d'occupation des lits en r\u00e9animation au 15 janvier par des patients Covid-19 \">Taux d&rsquo;occupation des lits en r\u00e9animation au 15 janvier par des patients Covid-19 <small>\u00a9\u00a0Gouvernement.fr<\/small><\/figcaption><\/figure>\n<\/div>\n<p>Le\u00a0<strong>pic \u00e9pid\u00e9mique<\/strong>\u00a0de la premi\u00e8re vague a \u00e9t\u00e9 observ\u00e9 la\u00a0<strong>semaine du 6\u00a0au 12\u00a0avril<\/strong>, soit 15\u00a0jours\u00a0apr\u00e8s la mise en \u0153uvre des mesures de confinement de la population g\u00e9n\u00e9rale, le 17\u00a0mars 2020. Le <strong>pic de la deuxi\u00e8me vague <\/strong>a eu lieu\u00a0du <strong>16\u00a0au 20\u00a0novembre,\u00a0<\/strong>trois semaines apr\u00e8s le reconfinement,<\/p>\n<p>Au 18\u00a0janvier 2021, un total de<strong>\u00a02 914 725<\/strong>\u00a0<strong>cas\u00a0confirm\u00e9s\u00a0<\/strong>de coronavirus est rapport\u00e9 depuis le d\u00e9but de la pand\u00e9mie.\u00a0En semaine (4-10 janvier),\u00a0l<strong>&lsquo;augmentation du nombre de nouveaux cas confirm\u00e9s s&rsquo;accentue <\/strong>davantage par rapport \u00e0 la semaine pr\u00e9c\u00e9dente (+30% vs +17% entre S53\u00a0et S52) dans l&rsquo;ensemble des classes d&rsquo;\u00e2ge, indique Sant\u00e9 Publique France dans le point hebdomadaire du 14 janvier.\u00a018\u00a0003\u00a0cas \u00e9taient confirm\u00e9s en moyenne chaque jour. Les personnes de <strong>15\u00a0\u00e0 44\u00a0ans \u00e9taient les plus touch\u00e9es <\/strong>par le SARS-CoV-2, suivies de celles \u00e2g\u00e9es de 75\u00a0ans et plus puis des 45-64\u00a0ans.<\/p>\n<h3 style=\"text-align: center;\">Nombre incident de cas confirm\u00e9s de Covid-19\u00a0par semaine, rapport\u00e9s \u00e0 Sant\u00e9 publique France, du 11\u00a0mai au 10\u00a0janvier 2021, France enti\u00e8re (donn\u00e9es au 13 janvier)<\/h3>\n<div style=\"text-align:center\">\n<figure class=\"image\" style=\"display:inline-block\"><a class=\"fancy\" href=\"https:\/\/img-3.journaldesfemmes.fr\/wYSAo5P3v5scsbQOUTwOXURT3KE=\/1080x\/smart\/b4ed3ac98c8247de8dc96fdb99e49e20\/ccmcms-jdf\/21604172.jpg\"><img decoding=\"async\" alt=\"cas confirm\u00e9 covid\" src=\"https:\/\/img-3.journaldesfemmes.fr\/c5fEDqA7vbCPOoc2GVXLYompVpE=\/600x\/smart\/b4ed3ac98c8247de8dc96fdb99e49e20\/ccmcms-jdf\/21604172.jpg\"\/><\/a><figcaption data-credit=\"Sant\u00e9 Publique France\" data-legend=\"Nombre incident de cas confirm\u00e9s de COVID-19 par semaine (date de pr\u00e9l\u00e8vement), rapport\u00e9s \u00e0 Sant\u00e9 publique France du 11 mai 2020 au 10 janvier 2021, France (donn\u00e9es au 13 janvier 2021)\">Nombre incident de cas confirm\u00e9s de COVID-19 par semaine (date de pr\u00e9l\u00e8vement), rapport\u00e9s \u00e0 Sant\u00e9 publique France du 11 mai 2020 au 10 janvier 2021, France (donn\u00e9es au 13 janvier 2021) <small>\u00a9\u00a0Sant\u00e9 Publique France<\/small><\/figcaption><\/figure>\n<\/div>\n<h3 style=\"text-align: center;\">Nombre de cas confirm\u00e9s de COVID-19\u00a0chez les r\u00e9sidents et le personnel en ESMS (\u00e9tablissements sociaux et m\u00e9dico-sociaux)\u00a0par semaine calendaire, du 20\u00a0juillet au 10 janvier 2021, en France<\/h3>\n<div style=\"text-align:center\">\n<figure class=\"image\" style=\"display:inline-block\"><a class=\"fancy\" href=\"https:\/\/img-3.journaldesfemmes.fr\/HaA6h0EueUXeGhatwM7CJRiA8H0=\/1080x\/smart\/6f6a7c21767f406c891bf0bb7a9a6177\/ccmcms-jdf\/21604207.jpg\"><img decoding=\"async\" alt=\"courbe cas de covid en france dans les ESMS dont Ehpad\" src=\"https:\/\/img-3.journaldesfemmes.fr\/w-ndHfA9fVJaxSaiRS_Tswyguic=\/600x\/smart\/6f6a7c21767f406c891bf0bb7a9a6177\/ccmcms-jdf\/21604207.jpg\"\/><\/a><figcaption data-credit=\"Sant\u00e9 Publique France\" data-legend=\"Nombre de cas confirm\u00e9s de COVID-19 chez les r\u00e9sidents et le personnel en ESMS par semaine calendaire, du 20 juillet au 10 janvier 2021, en France \">Nombre de cas confirm\u00e9s de COVID-19 chez les r\u00e9sidents et le personnel en ESMS par semaine calendaire, du 20 juillet au 10 janvier 2021, en France <small>\u00a9\u00a0Sant\u00e9 Publique France<\/small><\/figcaption><\/figure>\n<\/div>\n<p>Lundi 18\u00a0janvier,<strong> 3 736\u00a0nouvelles personnes<\/strong> ont re\u00e7u un test positif au Covid-19 par rapport \u00e0 la veille.<\/p>\n<div style=\"text-align:center\">\n<figure class=\"image\" style=\"display:inline-block\"><a class=\"fancy\" href=\"https:\/\/img-3.journaldesfemmes.fr\/fNZcvfKiVelWWbJU3nRc7umft4Q=\/1080x\/smart\/753383fff8ca4210a1124e48bf02e289\/ccmcms-jdf\/21580803.jpg\"><img decoding=\"async\" alt=\"courbe variation cas covid par jour en france\" src=\"https:\/\/img-3.journaldesfemmes.fr\/aqm1gNmMRVFv4hroDli1wU3_Tzc=\/600x\/smart\/753383fff8ca4210a1124e48bf02e289\/ccmcms-jdf\/21580803.jpg\"\/><\/a><figcaption data-credit=\"Gouvernement.fr\" data-legend=\"Courbe de variation quotidienne des cas de Covid-19 en France.\">Courbe de variation quotidienne des cas de Covid-19 en France. <small>\u00a9\u00a0Gouvernement.fr<\/small><\/figcaption><\/figure>\n<\/div>\n<p>Le nombre de nouvelles hospitalisations pour COVID-19\u00a0a augment\u00e9 de <strong>+19%<\/strong> au cours de la semaine du 4 au 10 janvier par rapport \u00e0 la semaine pr\u00e9c\u00e9dente <strong>(+21% en r\u00e9animation). <\/strong>Lundi 18\u00a0janvier,<b>\u00a02 803\u00a0<\/b>personnes sont\u00a0hospitalis\u00e9es\u00a0en\u00a0r\u00e9animation (+37\u00a0en 24 heures).\u00a0Le nombre d&rsquo;hospitalisation en r\u00e9animation pour Covid-19 reste \u00e0 un niveau \u00e9lev\u00e9.\u00a0<\/p>\n<div style=\"text-align:center\">\n<figure class=\"image\" style=\"display:inline-block\"><a class=\"fancy\" href=\"https:\/\/img-3.journaldesfemmes.fr\/xgeWo4VVpIzY03B0MQSNVqXNHc0=\/1080x\/smart\/20bb4694367446f78822099438ffa106\/ccmcms-jdf\/21604208.jpg\"><img decoding=\"async\" alt=\"courbe r\u00e9animation covid-19\" src=\"https:\/\/img-3.journaldesfemmes.fr\/0l-oucB-4xlczGQ6gpUXuWpAQTo=\/600x\/smart\/20bb4694367446f78822099438ffa106\/ccmcms-jdf\/21604208.jpg\"\/><\/a><figcaption data-credit=\"Sant\u00e9 Publique France\" data-legend=\" Nombre hebdomadaire de patients COVID-19 admis en service de r\u00e9animation pendant leur hospitalisation, par semaine d\u2019admission en r\u00e9animation, depuis le 24 f\u00e9vrier 2020, France, donn\u00e9es au 12 janvier\">Nombre hebdomadaire de patients COVID-19 admis en service de r\u00e9animation pendant leur hospitalisation, par semaine d\u2019admission en r\u00e9animation, depuis le 24 f\u00e9vrier 2020, France, donn\u00e9es au 12 janvier <small>\u00a9\u00a0Sant\u00e9 Publique France<\/small><\/figcaption><\/figure>\n<\/div>\n<p>\u2192 Les <strong>plus forts taux hebdomadaires d&rsquo;admissions en r\u00e9animation<\/strong> \u00e9taient rapport\u00e9s en Provence-Alpes-C\u00f4te d&rsquo;Azur (3,3\/100\u00a0000\u00a0habitants), Bourgogne-Franche-Comt\u00e9 (2,8), Grand Est (2,7), Auvergne-Rh\u00f4ne-Alpes (2,6), \u00cele-de-France (2,3), Corse (2,3) et Hauts-de-France.<\/p>\n<p>\u2192\u00a0En semaine 01 (4-10 janvier), le taux hebdomadaire de nouvelles admissions en r\u00e9animation a augment\u00e9 dans toutes les r\u00e9gions de France m\u00e9tropolitaine, except\u00e9 en Grand Est (-8%), Bourgogne-Franche-Comt\u00e9 (-7%), Bretagne (-6%) et Centre-Val de Loire (-2%) o\u00f9 il a diminu\u00e9.<\/p>\n<p>\u2192 Entre le 05\u00a0octobre 2020\u00a0et le 12\u00a0janvier 2021, parmi les 4\u00a0887\u00a0patients signal\u00e9s avec un diagnostic confirm\u00e9 de COVID-19,<strong> 71% \u00e9taient des hommes <\/strong>; l&rsquo;\u00e2ge m\u00e9dian des patients \u00e9tait de<strong> 68\u00a0ans\u00a0<\/strong>et 63% \u00e9taient \u00e2g\u00e9s de 65\u00a0ans et plus ; 63\u00a0\u00e9taient des professionnels de sant\u00e9.<\/p>\n<p>Selon les <a href=\"https:\/\/www.gouvernement.fr\/info-coronavirus\/carte-et-donnees\" target=\"_blank\" rel=\"noopener noreferrer\">chiffres communiqu\u00e9s par le gouvernement<\/a>, consolid\u00e9s avec l&rsquo;Agence Sant\u00e9 Publique France et\u00a0les ARS (Agences r\u00e9gionales de Sant\u00e9), voici l&rsquo;\u00e9volution des hospitalisations (dont la r\u00e9animation) et des d\u00e9c\u00e8s\u00a0en France par r\u00e9gion.<\/p>\n<h3 style=\"text-align: center;\"><a id=\"cas-covid-19-tableau-par-region\" name=\"cas-covid-19-tableau-par-region\">Evolution des hospitalisations (dont en r\u00e9animation) et d\u00e9c\u00e8s \u00e0 l&rsquo;h\u00f4pital du Covid-19\u00a0par r\u00e9gion au 17\u00a0janvier<\/a><\/h3>\n<table border=\"1\" cellpadding=\"1\" cellspacing=\"1\" style=\"width:100%;\">\n<thead>\n<tr>\n<th scope=\"col\" style=\"width: 210px;\">R\u00e9gions<\/th>\n<th scope=\"col\" style=\"width: 169px; text-align: center;\">Hospitalisations en cours<\/th>\n<th scope=\"col\" style=\"width: 143px; text-align: center;\">Evolution des nouveaux patients sur les\u00a0 derni\u00e8res 24\u00a0H<\/th>\n<th scope=\"col\" style=\"width: 149px; text-align: center;\">R\u00e9animation Soins intensif<\/th>\n<th scope=\"col\" style=\"width: 155px; text-align: center;\">Evolution des nouveaux patients sur les\u00a0 derni\u00e8res 24\u00a0H<\/th>\n<th scope=\"col\" style=\"width: 220px; text-align: center;\">D\u00e9c\u00e8s<\/th>\n<\/tr>\n<tr>\n<td style=\"width: 210px;\"><b>\u00cele-de-France<\/b><\/td>\n<td style=\"width: 169px;\">4 797<\/td>\n<td style=\"width: 143px;\">-93<\/td>\n<td style=\"width: 149px;\">565<\/td>\n<td style=\"width: 155px;\">-20<\/td>\n<td style=\"width: 220px;\">12 756<\/td>\n<\/tr>\n<tr>\n<td style=\"width: 210px;\"><strong>Grand Est<\/strong><\/td>\n<td style=\"width: 169px;\">3 149<\/td>\n<td style=\"width: 143px;\">+12<\/td>\n<td style=\"width: 149px;\">319<\/td>\n<td style=\"width: 155px;\">+12<\/td>\n<td style=\"width: 220px;\">6 545<\/td>\n<\/tr>\n<tr>\n<td style=\"width: 210px;\"><strong>Auvergne-Rh\u00f4ne-Alpes<\/strong><\/td>\n<td style=\"width: 169px;\">3 887<\/td>\n<td style=\"width: 143px;\">-28<\/td>\n<td style=\"width: 149px;\">397<\/td>\n<td style=\"width: 155px;\">+10<\/td>\n<td style=\"width: 220px;\">7 346<\/td>\n<\/tr>\n<tr>\n<td style=\"width: 210px;\"><strong>Hauts-de-France<\/strong><\/td>\n<td style=\"width: 169px;\">2 306<\/td>\n<td style=\"width: 143px;\">+27<\/td>\n<td style=\"width: 149px;\">252<\/td>\n<td style=\"width: 155px;\">+3<\/td>\n<td style=\"width: 220px;\">4 825<\/td>\n<\/tr>\n<tr>\n<td style=\"width: 210px;\"><strong>Bourgogne-Franche-Comt\u00e9<\/strong><\/td>\n<td style=\"width: 169px;\">1 846<\/td>\n<td style=\"width: 143px;\">+27<\/td>\n<td style=\"width: 149px;\">180<\/td>\n<td style=\"width: 155px;\">+6<\/td>\n<td style=\"width: 220px;\">2 950<\/td>\n<\/tr>\n<tr>\n<td style=\"width: 210px;\"><strong>Provence-Alpes-C\u00f4te d&rsquo;Azur<\/strong><\/td>\n<td style=\"width: 169px;\">2 638<\/td>\n<td style=\"width: 143px;\">+10<\/td>\n<td style=\"width: 149px;\">335<\/td>\n<td style=\"width: 155px;\">+20<\/td>\n<td style=\"width: 220px;\">3 971<\/td>\n<\/tr>\n<tr>\n<td style=\"width: 210px;\"><strong>Occitanie<\/strong><\/td>\n<td style=\"width: 169px;\">1 390<\/td>\n<td style=\"width: 143px;\">+15<\/td>\n<td style=\"width: 149px;\">183<\/td>\n<td style=\"width: 155px;\">+7<\/td>\n<td style=\"width: 220px;\">2 335<\/td>\n<\/tr>\n<tr>\n<td style=\"width: 210px;\"><strong>Bretagne<\/strong><\/td>\n<td style=\"width: 169px;\">585<\/td>\n<td style=\"width: 143px;\">NC<\/td>\n<td style=\"width: 149px;\">35<\/td>\n<td style=\"width: 155px;\">-2<\/td>\n<td style=\"width: 220px;\">794<\/td>\n<\/tr>\n<tr>\n<td style=\"width: 210px;\"><strong>Nouvelle-Aquitaine<\/strong><\/td>\n<td style=\"width: 169px;\">1 194<\/td>\n<td style=\"width: 143px;\">-40<\/td>\n<td style=\"width: 149px;\">156<\/td>\n<td style=\"width: 155px;\">NC<\/td>\n<td style=\"width: 220px;\">1 962<\/td>\n<\/tr>\n<tr>\n<td style=\"width: 210px;\"><strong><a href=\"http:\/\/www.affinite.fr\/index.php\/2024\/11\/21\/construire-votre-maison-en-normandie\/\">Normandie<\/a><\/strong><\/td>\n<td style=\"width: 169px;\">1 302<\/td>\n<td style=\"width: 143px;\">-13<\/td>\n<td style=\"width: 149px;\">99<\/td>\n<td style=\"width: 155px;\">-1<\/td>\n<td style=\"width: 220px;\">1 664<\/td>\n<\/tr>\n<tr>\n<td style=\"width: 210px;\"><strong>Centre Val-de-Loire<\/strong><\/td>\n<td style=\"width: 169px;\">990<\/td>\n<td style=\"width: 143px;\">-8<\/td>\n<td style=\"width: 149px;\">115<\/td>\n<td style=\"width: 155px;\">+7<\/td>\n<td style=\"width: 220px;\">1 463<\/td>\n<\/tr>\n<tr>\n<td style=\"width: 210px;\"><strong>Pays de la Loire<\/strong><\/td>\n<td style=\"width: 169px;\">871<\/td>\n<td style=\"width: 143px;\">+36<\/td>\n<td style=\"width: 149px;\">75<\/td>\n<td style=\"width: 155px;\">NC<\/td>\n<td style=\"width: 220px;\">1 508<\/td>\n<\/tr>\n<tr>\n<td style=\"width: 210px;\"><strong>Corse<\/strong><\/td>\n<td style=\"width: 169px;\">33<\/td>\n<td style=\"width: 143px;\">-4<\/td>\n<td style=\"width: 149px;\">9<\/td>\n<td style=\"width: 155px;\">+1<\/td>\n<td style=\"width: 220px;\">117<\/td>\n<\/tr>\n<tr>\n<td style=\"width: 210px;\"><strong>Martinique<\/strong><\/td>\n<td style=\"width: 169px;\">14<\/td>\n<td style=\"width: 143px;\">-1<\/td>\n<td style=\"width: 149px;\">2<\/td>\n<td style=\"width: 155px;\">0<\/td>\n<td style=\"width: 220px;\">44<\/td>\n<\/tr>\n<tr>\n<td style=\"width: 210px;\"><strong>Guadeloupe<\/strong><\/td>\n<td style=\"width: 169px;\">53<\/td>\n<td style=\"width: 143px;\">+1<\/td>\n<td style=\"width: 149px;\">5<\/td>\n<td style=\"width: 155px;\">+1<\/td>\n<td style=\"width: 220px;\">168<\/td>\n<\/tr>\n<tr>\n<td style=\"width: 210px;\"><strong>La R\u00e9union<\/strong><\/td>\n<td style=\"width: 169px;\">53<\/td>\n<td style=\"width: 143px;\">-2<\/td>\n<td style=\"width: 149px;\">7<\/td>\n<td style=\"width: 155px;\">NC<\/td>\n<td style=\"width: 220px;\">54<\/td>\n<\/tr>\n<tr>\n<td style=\"width: 210px;\"><strong>Guyane<\/strong><\/td>\n<td style=\"width: 169px;\">38<\/td>\n<td style=\"width: 143px;\">NC<\/td>\n<td style=\"width: 149px;\">6<\/td>\n<td style=\"width: 155px;\">NC<\/td>\n<td style=\"width: 220px;\">70<\/td>\n<\/tr>\n<tr>\n<td style=\"width: 210px;\"><strong>Mayotte<\/strong><\/td>\n<td style=\"width: 169px;\">9<\/td>\n<td style=\"width: 143px;\">+1<\/td>\n<td style=\"width: 149px;\">5<\/td>\n<td style=\"width: 155px;\">NC<\/td>\n<td style=\"width: 220px;\">44<\/td>\n<\/tr>\n<tr>\n<td style=\"width: 210px;\"><strong>TOTAL<\/strong><\/td>\n<td style=\"width: 169px;\"><strong>25 269<\/strong><\/td>\n<td style=\"width: 143px;\">-500<\/td>\n<td style=\"width: 149px;\"><b>2 776<\/b><\/td>\n<td style=\"width: 155px;\">+35<\/td>\n<td style=\"width: 220px;\">\n<p><b>48 924<\/b><\/p>\n<\/td>\n<\/tr>\n<\/thead>\n<\/table>\n<p>Entre le 1er mars 2020\u00a0et le 12\u00a0janvier 2021, 68\u00a0802\u00a0d\u00e9c\u00e8s de patients COVID-19\u00a0ont \u00e9t\u00e9 rapport\u00e9s \u00e0 Sant\u00e9 publique France\u00a0: 47\u00a0799\u00a0d\u00e9c\u00e8s \u00e9taient survenus au cours d&rsquo;une hospitalisation et 21\u00a0003\u00a0d\u00e9c\u00e8s en \u00e9tablissements d&rsquo;h\u00e9bergement pour personnes \u00e2g\u00e9es (EHPA) et autres \u00e9tablissements m\u00e9dico-sociaux (EMS) (donn\u00e9es au 10\u00a0janvier 2021). Au 18\u00a0janvier, <strong>70 686\u00a0<\/strong>personnes sont d\u00e9c\u00e9d\u00e9es du coronavirus depuis le d\u00e9but de l&rsquo;\u00e9pid\u00e9mie dont 49 327\u00a0\u00e0 l&rsquo;h\u00f4pital\u00a0(<strong>+404\u00a0<\/strong>en 24h).\u00a0<strong>92% ont 65 ans ou plus<\/strong>, <strong>54% sont des hommes, 65% des personnes d\u00e9c\u00e9d\u00e9es pr\u00e9sentaient au moins une comorbidit\u00e9<\/strong>. La France a franchi la barre des 40 000 morts samedi 7 novembre,\u00a0celle des 50 000 le 24 novembre et celle des 60 000 le 18 d\u00e9cembre.\u00a0<strong>Un pic de mortalit\u00e9 a \u00e9t\u00e9 atteint\u00a0le 7\u00a0novembre <\/strong>(40\u00a0169\u00a0morts).\u00a0<\/p>\n<p><strong>\u2192<\/strong>\u00a0<strong>Sur la semaine du 4-10 janvier, les plus forts taux de d\u00e9c\u00e8s <\/strong>dus \u00e0 la Covid-19\u00a0par r\u00e9gion rapport\u00e9s \u00e0 la population \u00e9taient toujours observ\u00e9s en Bourgogne-Franche-Comt\u00e9 (7,4\/100\u00a0000\u00a0habitants), Provence-Alpes-C\u00f4te d&rsquo;Azur (5,4) et Grand Est (5,1) suivis de la r\u00e9gion Auvergne-Rh\u00f4ne-Alpes (4,5).<\/p>\n<h3 style=\"text-align: center;\">Nombre hebdomadaire de d\u00e9c\u00e8s certifi\u00e9s par voie \u00e9lectronique avec une mention de COVID-19\u00a0dans les causes m\u00e9dicales de d\u00e9c\u00e8s, du 1er mars au\u00a010 janvier 2021, France (donn\u00e9es au 12 janvier)<\/h3>\n<div style=\"text-align:center\">\n<figure class=\"image\" style=\"display:inline-block\"><a class=\"fancy\" href=\"https:\/\/img-3.journaldesfemmes.fr\/tKdeoAWQ-tG_Pf-opH2OWWcYVhs=\/1080x\/smart\/21c24ec32ad04b4a80cb21755ff3f1d0\/ccmcms-jdf\/21604345.jpg\"><img decoding=\"async\" alt=\"courbe d\u00e9c\u00e8s covid france\" src=\"https:\/\/img-3.journaldesfemmes.fr\/pBatmhnk7Znce67LoP4Ll1X-55M=\/600x\/smart\/21c24ec32ad04b4a80cb21755ff3f1d0\/ccmcms-jdf\/21604345.jpg\"\/><\/a><figcaption data-credit=\"Sant\u00e9 Publique France\" data-legend=\"Nombre hebdomadaire de d\u00e9c\u00e8s certifi\u00e9s par voie \u00e9lectronique, avec une mention de COVID-19 dans les causes m\u00e9dicales de d\u00e9c\u00e8s, en France, du 1er mars au 10 janvier (donn\u00e9es au 12 janvier) \">Nombre hebdomadaire de d\u00e9c\u00e8s certifi\u00e9s par voie \u00e9lectronique, avec une mention de COVID-19 dans les causes m\u00e9dicales de d\u00e9c\u00e8s, en France, du 1er mars au 10 janvier (donn\u00e9es au 12 janvier) <small>\u00a9\u00a0Sant\u00e9 Publique France<\/small><\/figcaption><\/figure>\n<\/div>\n<p><iframe loading=\"lazy\" height=\"1000\" src=\"https:\/\/mapthenews.maps.arcgis.com\/apps\/opsdashboard\/index.html#\/bae8aaa7a0b14261b4621c31db410c44\" style=\"border: 0px\" width=\"600\"><\/iframe><\/p>\n<p>La majorit\u00e9 des r\u00e9gions m\u00e9tropolitaines restent fortement touch\u00e9e par l&rsquo;\u00e9pid\u00e9mie sur la semaine du 4 au 10 janvier. Les plus forts taux d&rsquo;incidence \u00e9taient \u00e0 nouveau observ\u00e9s dans l&rsquo;est de la France dans les r\u00e9gions les plus impact\u00e9es\u00a0: Provence-Alpes-C\u00f4te d&rsquo;Azur, Bourgogne-Franche-Comt\u00e9, Grand Est\u00a0et Auvergne-Rh\u00f4ne-Alpes.\u00a0Les <strong>taux d&rsquo;hospitalisations les plus \u00e9lev\u00e9s (y compris en r\u00e9animation)\u00a0<\/strong>ont \u00e9t\u00e9 enregistr\u00e9s en Bourgogne-Franche-Comt\u00e9, Grand Est, Provence-Alpes-C\u00f4te d&rsquo;Azur et Auvergne-Rh\u00f4ne-Alpes. Ces quatre r\u00e9gions comptent aussi les plus forts taux de d\u00e9c\u00e8s du Covid sur la semaine du 4 au 10 janvier.<\/p>\n<p><iframe loading=\"lazy\" height=\"600\" src=\"https:\/\/geodes.santepubliquefrance.fr\/?view=map1&amp;indics=sp_pe_tb_heb.tx_pe_hebdo&amp;serie=2020-S42&amp;f1code=0&amp;lang=fr&amp;iframe=1\" width=\"600\"><\/iframe><\/p>\n<aside id=\"NL_437672989\" class=\"newsletter_subscription jNlBlock\"><noscript><br \/>\n            <\/noscript><\/p>\n<h3 class=\"newsletter_subscription-title\">Newsletter <\/h3>\n<p><a href=\"\/\/mailing.ccmbg.com\/archive\/last-85\" target=\"_blank\" class=\"a_hover\" rel=\"noopener noreferrer\">Voir un exemple<\/a><\/p>\n<\/aside>\n<p>Au 18\u00a0janvier<strong>, 100<\/strong>\u00a0<strong>d\u00e9partements <\/strong>ont un nombre de cas de Covid-19 au-dessus du seuil d&rsquo;alerte de 50\/100 000 habitants et sont en niveau de vuln\u00e9rabilit\u00e9 \u00ab\u00a0\u00e9lev\u00e9\u00a0\u00bb.\u00a0Les d\u00e9partements pr\u00e9sentant les taux d&rsquo;incidence les plus \u00e9lev\u00e9s sur la derni\u00e8re semaine de d\u00e9cembre sont les Hautes-Alpes, Alpes-Maritimes, Ardennes, Doubs, Jura, Marne, Haute-Marne, Meurthe et Moselle, Meuse, Moselle, Haute-Sa\u00f4ne, Ni\u00e8vre, Sa\u00f4ne-et-Loire, Territoire-de-Belfort, Vosges.<\/p>\n<div style=\"text-align:center\">\n<figure class=\"image\" style=\"display:inline-block\"><a class=\"fancy\" href=\"https:\/\/img-3.journaldesfemmes.fr\/5bm1S4xHdO2GVEgqrkFLoNe-zs0=\/1080x\/smart\/dce64c0b77c441c6b7b3a3e81e35bc61\/ccmcms-jdf\/21629430.png\"><img decoding=\"async\" alt=\"Niveau de vuln\u00e9rabilit\u00e9 par d\u00e9partement et \u00e9volution, France, au 5 janvier 2021\" src=\"https:\/\/img-3.journaldesfemmes.fr\/9o6-_-Rwl4AmY__mpev2UE6JGCI=\/450x\/smart\/dce64c0b77c441c6b7b3a3e81e35bc61\/ccmcms-jdf\/21629430.png\"\/><\/a><figcaption data-credit=\"Sant\u00e9 publique France\" data-legend=\"Niveau de vuln\u00e9rabilit\u00e9 par d\u00e9partement et \u00e9volution, France, au 17 janvier 2021\">Niveau de vuln\u00e9rabilit\u00e9 par d\u00e9partement et \u00e9volution, France, au 17 janvier 2021 <small>\u00a9\u00a0Sant\u00e9 publique France<\/small><\/figcaption><\/figure>\n<\/div>\n<section>\n<blockquote>\n<p style=\"text-align: right;\">\u00a0<\/p>\n<\/blockquote>\n<p>Les taux de reproduction du virus appel\u00e9s \u00ab\u00a0R-effectifs\u00a0\u00bb ou \u00ab\u00a0Reff\u00a0\u00bb\u00a0permettent de d\u00e9crire la dynamique de l&rsquo;\u00e9pid\u00e9mie\u00a0: lorsque le Reff est significativement sup\u00e9rieur \u00e0 1, ceci signifie que l&rsquo;\u00e9pid\u00e9mie est en progression, lorsqu&rsquo;il est \u00e9gal \u00e0 1, l&rsquo;\u00e9pid\u00e9mie se stabilise, lorsqu&rsquo;il est significativement inf\u00e9rieur \u00e0 1, l&rsquo;\u00e9pid\u00e9mie r\u00e9gresse. Le 14 janvier, Sant\u00e9 Publique France indique que l&rsquo;estimation du nombre de reproduction effectif en France m\u00e9tropolitaine est sup\u00e9rieure \u00e0 1\u00a0de fa\u00e7on significative<strong> (1.19 le 15 janvier)<\/strong>dans les trois sources de donn\u00e9es (en hausse donc par rapport \u00e0 la premi\u00e8re semaine de janvier).<\/p>\n<p>Le d\u00e9pistage du Covid-19 est r\u00e9alis\u00e9 en France par RT-PCT et par tests antig\u00e9niques. Au 15 janvier, le taux de positivit\u00e9 national s&rsquo;\u00e9tablit \u00e0<strong>\u00a06,4 %.<\/strong>\u00a0<em>\u00ab\u00a0Il reste d\u00e9terminant que chaque personne pr\u00e9sentant des sympt\u00f4mes \u00e9vocateurs de COVID-19\u00a0s&rsquo;isole imm\u00e9diatement et r\u00e9alise un test diagnostique dans les plus brefs d\u00e9lais\u00a0\u00bb<\/em> rappelle Sant\u00e9 Publique France dans ses bulletins hebdomadaires.<\/p>\n<p>Si au d\u00e9but, on ne parlait que de fi\u00e8vre, toux s\u00e8che, rhume, \u00e9tat grippal et de fatigue, les sympt\u00f4mes de l&rsquo;infection par le coronavirus ont \u00e9volu\u00e9. On sait d\u00e9sormais que le virus peut avoir des <strong>effets sur la peau<\/strong> (urticaire, l\u00e9sions inflammatoires sur les orteils), la sph\u00e8re digestive (vomissements, diarrh\u00e9es&#8230;), <strong>l&rsquo;odorat<\/strong>, le <strong>go\u00fbt <\/strong>et m\u00eame le cerveau.<em> \u00ab\u00a0Sur 100 personnes atteintes du coronavirus, 90 ne vont pas d\u00e9velopper de sympt\u00f4mes\u00a0\u00bb<\/em> a inform\u00e9 le ministre de la Sant\u00e9 le 5 novembre.<\/p>\n<div class=\"ccminsert\">\n<aside class=\"app_widget_fo app_widget_fo--list app_widget_fo--list-2-col\">\n<ul>\n<li>\n<h3>\n                    <a href=\"https:\/\/sante.journaldesfemmes.fr\/fiches-maladies\/2683439-symptomes-covid-19-coronavirus-boutons-visage-corps-dermatologiques-peau-bras-pieds-engelure\/\" class=\"jGTMWidgetGAEventClick\" data-gtmwidgetgaeventaction=\"clickWidgetListOnTwoColumns\" data-gtmwidgetgaeventlabel=\"Sympt\u00f4mes Covid sur la peau\u00a0: engelures, boutons, quand consulter\u00a0?\"><br \/>\n                        Sympt\u00f4mes Covid sur la peau\u00a0: engelures, boutons, quand consulter\u00a0?<br \/>\n                    <\/a><br \/>\n                <\/h3>\n<\/li>\n<li>\n<h3>\n                    <a href=\"https:\/\/sante.journaldesfemmes.fr\/fiches-maladies\/2630069-coronavirus-covid-19-cerveau-symptomes-sequelles-odorat-effet-lesion-attaque\/\" class=\"jGTMWidgetGAEventClick\" data-gtmwidgetgaeventaction=\"clickWidgetListOnTwoColumns\" data-gtmwidgetgaeventlabel=\"Coronavirus\u00a0et cerveau\u00a0: effets, quels sympt\u00f4mes\u00a0?\"><br \/>\n                        Coronavirus\u00a0et cerveau\u00a0: effets, quels sympt\u00f4mes\u00a0?<br \/>\n                    <\/a><br \/>\n                <\/h3>\n<\/li>\n<li>\n<h3>\n                    <a href=\"https:\/\/sante.journaldesfemmes.fr\/fiches-sante-du-quotidien\/2627657-perte-odorat-anosmie-symptome-covid-19-covidanosmie-duree-rhume-definition-cause-traitement\/\" class=\"jGTMWidgetGAEventClick\" data-gtmwidgetgaeventaction=\"clickWidgetListOnTwoColumns\" data-gtmwidgetgaeventlabel=\"Perte de l'odorat\u00a0(anosmie)\u00a0: sympt\u00f4mes du Covid, dur\u00e9e, r\u00e9\u00e9ducation\"><br \/>\n                        Perte de l&rsquo;odorat\u00a0(anosmie)\u00a0: sympt\u00f4mes du Covid, dur\u00e9e, r\u00e9\u00e9ducation<br \/>\n                    <\/a><br \/>\n                <\/h3>\n<\/li>\n<li>\n<h3>\n                    <a href=\"https:\/\/sante.journaldesfemmes.fr\/fiches-maladies\/2661241-rhume-ou-covid-19-coronavirus-rhinopharyngite-difference-duree-fievre-test-tableau-symptomes\/\" class=\"jGTMWidgetGAEventClick\" data-gtmwidgetgaeventaction=\"clickWidgetListOnTwoColumns\" data-gtmwidgetgaeventlabel=\"Rhume ou Covid-19\u00a0: diff\u00e9rences, sympt\u00f4me, dur\u00e9e\u00a0?\"><br \/>\n                        Rhume ou Covid-19\u00a0: diff\u00e9rences, sympt\u00f4me, dur\u00e9e\u00a0?<br \/>\n                    <\/a><br \/>\n                <\/h3>\n<\/li>\n<li>\n<h3>\n                    <a href=\"https:\/\/sante.journaldesfemmes.fr\/fiches-maladies\/2679367-diarrhee-covid-coronavirus-symptome-digestif-intestinaux-duree-que-faire-vomissement-traitement-bebe-jeune\/\" class=\"jGTMWidgetGAEventClick\" data-gtmwidgetgaeventaction=\"clickWidgetListOnTwoColumns\" data-gtmwidgetgaeventlabel=\"Diarrh\u00e9e et Covid-19\u00a0: dur\u00e9e, que faire, un vrai sympt\u00f4me\u00a0?\"><br \/>\n                        Diarrh\u00e9e et Covid-19\u00a0: dur\u00e9e, que faire, un vrai sympt\u00f4me\u00a0?<br \/>\n                    <\/a><br \/>\n                <\/h3>\n<\/li>\n<li>\n<h3>\n                    <a href=\"https:\/\/sante.journaldesfemmes.fr\/fiches-maladies\/2676955-covid-19-ou-gastro-enterite-difference-symptomes-fievre-diarrhee-que-faire-complications\/\" class=\"jGTMWidgetGAEventClick\" data-gtmwidgetgaeventaction=\"clickWidgetListOnTwoColumns\" data-gtmwidgetgaeventlabel=\"Covid-19\u00a0ou gastro-ent\u00e9rite\u00a0: sympt\u00f4mes, quelles diff\u00e9rences\u00a0?\"><br \/>\n                        Covid-19\u00a0ou gastro-ent\u00e9rite\u00a0: sympt\u00f4mes, quelles diff\u00e9rences\u00a0?<br \/>\n                    <\/a><br \/>\n                <\/h3>\n<\/li>\n<li>\n<h3>\n                    <a href=\"https:\/\/sante.journaldesfemmes.fr\/fiches-maladies\/2665621-angine-ou-covid-19-points-communs-symptome-fievre-mal-gorge-test-difference-contagion-qui-consulter\/\" class=\"jGTMWidgetGAEventClick\" data-gtmwidgetgaeventaction=\"clickWidgetListOnTwoColumns\" data-gtmwidgetgaeventlabel=\"Angine ou Covid-19\u00a0: sympt\u00f4mes, diff\u00e9rences, test\"><br \/>\n                        Angine ou Covid-19\u00a0: sympt\u00f4mes, diff\u00e9rences, test<br \/>\n                    <\/a><br \/>\n                <\/h3>\n<\/li>\n<li>\n<h3>\n                    <a href=\"https:\/\/sante.journaldesfemmes.fr\/fiches-maladies\/2626825-coronavirus-allergie-pollen-asthme-symptomes-traitement-recommandation-conseil\/\" class=\"jGTMWidgetGAEventClick\" data-gtmwidgetgaeventaction=\"clickWidgetListOnTwoColumns\" data-gtmwidgetgaeventlabel=\"Coronavirus ou allergie\u00a0: sympt\u00f4mes, conseils pratiques\"><br \/>\n                        Coronavirus ou allergie\u00a0: sympt\u00f4mes, conseils pratiques<br \/>\n                    <\/a><br \/>\n                <\/h3>\n<\/li>\n<li>\n<h3>\n                    <a href=\"https:\/\/sante.journaldesfemmes.fr\/fiches-maladies\/2619471-grippe-ou-covid-19-coronavirus-differences-symptomes-incubation-transmission-vaccin\/\" class=\"jGTMWidgetGAEventClick\" data-gtmwidgetgaeventaction=\"clickWidgetListOnTwoColumns\" data-gtmwidgetgaeventlabel=\"Grippe ou Covid-19\u00a0: sympt\u00f4mes, comment faire la diff\u00e9rence\u00a0?\"><br \/>\n                        Grippe ou Covid-19\u00a0: sympt\u00f4mes, comment faire la diff\u00e9rence\u00a0?<br \/>\n                    <\/a><br \/>\n                <\/h3>\n<\/li>\n<li>\n<h3>\n                    <a href=\"https:\/\/sante.journaldesfemmes.fr\/fiches-maladies\/2644147-symptomes-coronavirus-qui-reviennent-durent-syndrome-post-covid-que-faire\/\" class=\"jGTMWidgetGAEventClick\" data-gtmwidgetgaeventaction=\"clickWidgetListOnTwoColumns\" data-gtmwidgetgaeventlabel=\"Syndrome post-Covid\u00a0: que faire quand les sympt\u00f4mes reviennent\u00a0?\"><br \/>\n                        Syndrome post-Covid\u00a0: que faire quand les sympt\u00f4mes reviennent\u00a0?<br \/>\n                    <\/a><br \/>\n                <\/h3>\n<\/li>\n<\/ul>\n<\/aside>\n<\/div>\n<ul>\n<li><strong>Si vous pr\u00e9sentez des\u00a0sympt\u00f4mes (toux, fi\u00e8vre, mal de t\u00eate) : <\/strong>\u00e9vitez\u00a0les contacts, restez\u00a0\u00e0 domicile, prenez du parac\u00e9tamol si besoin, appelez\u00a0un m\u00e9decin pour prendre rendez-vous dans l&rsquo;\u00e9ventualit\u00e9 qu&rsquo;il vous fasse passer un test de d\u00e9pistage.\u00a0<\/li>\n<li><strong>Appeler le\u00a015 en cas de\u00a0difficult\u00e9s respiratoires : \u00ab\u00a0<\/strong><em>Si cette toux et cette fi\u00e8vre s&rsquo;accompagnent d&rsquo;une g\u00eane respiratoire qui devient permanente avec souffle court, difficult\u00e9 \u00e0 inspirer et \u00e0 expirer, d&rsquo;une aggravation importante de la toux, cela peut signifier une \u00e9volution de la maladie sous la forme d&rsquo;une pneumopathie. Il s&rsquo;agit alors d&rsquo;une urgence respiratoire potentielle et comme dans tous les cas d&rsquo;urgence, il faut alors appeler le 15\u00a0qui prendra les meilleures dispositions pour r\u00e9pondre \u00e0 la situation\u00a0\u00bb, <\/em>pr\u00e9vient le Dr\u00a0Patrick Aub\u00e9, m\u00e9decin g\u00e9n\u00e9raliste. \u00a0<\/li>\n<\/ul>\n<p>Apr\u00e8s les r\u00e9sidents en Ehpad, les personnes en situation de handicap en \u00e9tablissements et\u00a0les professionnels de sant\u00e9 \u00e0 risque, plus de 6\u00a0millions de Fran\u00e7ais peuvent aller se faire vacciner depuis le lundi 18\u00a0janvier\u00a0: les\u00a0<strong>Fran\u00e7ais de 75\u00a0ans et plus <\/strong>et les <strong>personnes vuln\u00e9rables aux formes graves. <\/strong>\u00a0La prise de<strong> rendez-vous<\/strong> (<strong>obligatoire<\/strong>) est ouverte<b> <\/b>sur les sites Internet <strong>Doctolib, Maiia et KelDoc<\/strong> et peut aussi se faire en contactant par t\u00e9l\u00e9phone le <strong>centre de vaccination<\/strong> le plus proche de chez soi (liste disponible sur\u00a0<a href=\"https:\/\/www.sante.fr\/centres-vaccination-covid.html\" target=\"_blank\" rel=\"noopener noreferrer\">Sante.fr<\/a>) ou en appelant le <strong>0\u00a0800\u00a0009\u00a0110 <\/strong>(ouvert de 6\u00a0heures du matin \u00e0 22\u00a0heures, 7\u00a0jours sur 7).<em>\u00a0\u00ab\u00a0Chacun pourra \u00eatre vaccin\u00e9, au fur et \u00e0 mesure des livraisons de doses de vaccin \u00e0 la France. Cela <strong>prendra plusieurs semaines<\/strong> et se fera donc progressivement\u00a0\u00bb<\/em> a pr\u00e9venu le ministre de la Sant\u00e9. De son c\u00f4t\u00e9, le Premier ministre Jean Castex a indiqu\u00e9 qu&rsquo;il faudra \u00eatre \u00ab\u00a0<strong>patient<\/strong>\u00ab\u00a0.\u00a0<\/p>\n<p>\u00c0 partir de lundi\u00a018\u00a0janvier\u00a02021, tous les voyageurs entrant en France en provenance d&rsquo;un pays hors Union-Europ\u00e9enne devront\u00a0:<\/p>\n<ul>\n<li>pr\u00e9senter un test PCR n\u00e9gatif\u00a0;<\/li>\n<li>s&rsquo;isoler pendant 7\u00a0jours une fois arriv\u00e9s en France et faire un 2<sup>e<\/sup>\u00a0test \u00e0 l&rsquo;issue de cette p\u00e9riode.<\/li>\n<\/ul>\n<p>Les personnes n&rsquo;ayant pu r\u00e9aliser un test dans leur pays de d\u00e9part auront la possibilit\u00e9 de se faire tester \u00e0 leur arriv\u00e9e en France et seront contraintes de s&rsquo;isoler 7\u00a0jours dans un lieu d&rsquo;h\u00e9bergement d\u00e9sign\u00e9 par les autorit\u00e9s publiques (Le test n\u00e9gatif est d\u00e9j\u00e0 exig\u00e9 pour les voyageurs venant du Royaume-Uni).<\/p>\n<table border=\"1\" cellpadding=\"1\" cellspacing=\"1\" style=\"width:100%;\">\n<thead>\n<tr>\n<th scope=\"col\" style=\"text-align: center;\"><strong>DATES CL\u00c9S DE L&rsquo;\u00c9PID\u00c9MIE EN FRANCE<\/strong><\/th>\n<\/tr>\n<\/thead>\n<tbody>\n<tr>\n<td>\n<ul>\n<li><strong>31\u00a0d\u00e9cembre 2019,<\/strong> l&rsquo;Organisation mondiale de la Sant\u00e9 en Chine est inform\u00e9e de plusieurs cas de pneumonies dans la ville de Wuhan. 44\u00a0personnes sont infect\u00e9es entre cette date et le 3\u00a0janvier 2020.<\/li>\n<li><strong>7\u00a0janvier 2020, <\/strong>les autorit\u00e9s chinoises identifient un \u00ab\u00a0nouveau type de coronavirus\u00a0\u00bb.<\/li>\n<li><strong>13\u00a0janvier, <\/strong>un cas import\u00e9 est recens\u00e9 en Tha\u00eflande.<\/li>\n<li><strong>15\u00a0janvier<\/strong>, le virus cause\u00a0la mort d&rsquo;<strong>une premi\u00e8re\u00a0personne \u00e0 Wuhan<\/strong>, un homme de 69\u00a0ans.\u00a0<\/li>\n<li><strong>23\u00a0janvier,<\/strong> trois villes chinoises dont Wuhan sont plac\u00e9es en quarantaine.<\/li>\n<li><strong>25\u00a0janvier, trois personnes\u00a0contamin\u00e9es sont recens\u00e9es en France<\/strong>, deux \u00e0 Paris et une Bordeaux. Ce sont les premiers cas enregistr\u00e9s sur le continent europ\u00e9en.<\/li>\n<li><strong>30\u00a0janvier, <\/strong>l&rsquo;Organisation mondiale de la Sant\u00e9 <strong>d\u00e9cr\u00e8te\u00a0l&rsquo;<a href=\"https:\/\/sante.journaldesfemmes.fr\/fiches-maladies\/2608035-urgence-de-sante-publique-de-portee-internationale-definition-oms-coronavirus\/\" target=\"_blank\" rel=\"noopener noreferrer\">urgence de sant\u00e9 mondiale<\/a><\/strong>.\u00a0Cette mesure n&rsquo;avait \u00e9t\u00e9 d\u00e9cr\u00e9t\u00e9e que 5\u00a0fois depuis sa cr\u00e9ation (pour Ebola (deux fois), la grippe H1N1, Zika et la poliomy\u00e9lite).\u00a0<\/li>\n<li><strong>23\u00a0f\u00e9vrier, <\/strong>la France d\u00e9clenche le <a href=\"https:\/\/sante.journaldesfemmes.fr\/fiches-maladies\/2622449-plan-orsan-reb-definition-signification-qui-declenche-coronavirus-definition-duree\/\" target=\"_blank\" rel=\"noopener noreferrer\">plan ORSAN<\/a>, un dispositif exceptionnel d&rsquo;organisation des soins.<\/li>\n<li><strong>28\u00a0f\u00e9vrier,<\/strong> la France passe en stade 2\u00a0de l&rsquo;\u00e9pid\u00e9mie.<\/li>\n<li><strong>11\u00a0mars, <\/strong>l&rsquo;OMS classifie de <strong>pand\u00e9mie <\/strong>la diffusion de la maladie \u00e0 coronavirus Covid-19\u00a0dans le monde.<\/li>\n<li><strong>12\u00a0mars<\/strong>, le pr\u00e9sident de la R\u00e9publique Emmanuel Macron annonce la fermeture nationale des cr\u00e8ches et \u00e9tablissements scolaires de France \u00e0 compter du 16\u00a0mars et \u00ab\u00a0jusqu&rsquo;\u00e0 nouvel ordre\u00a0\u00bb.<\/li>\n<li><strong>14\u00a0mars<\/strong>, la France passe au <a href=\"https:\/\/sante.journaldesfemmes.fr\/fiches-maladies\/2625289-coronavirus-covid-19-stade-1-2-3-4-duree-mesure-france-signification-quand\/\" target=\"_blank\" rel=\"noopener noreferrer\"><strong>stade 3 <\/strong><\/a>de l&rsquo;\u00e9pid\u00e9mie.<\/li>\n<li><strong>16\u00a0mars\u00a0:<\/strong>\u00a0la France met en place un dispositif de confinement interdisant les d\u00e9placements.<\/li>\n<li><strong>18\u00a0mars<\/strong> le premier transfert de patients Covid-19\u00a0en France est r\u00e9alis\u00e9\u00a0gr\u00e2ce \u00e0 l&rsquo;Arm\u00e9e, par voie terrestre et a\u00e9rienne.\u00a0<\/li>\n<li><strong>26\u00a0mars<\/strong>, un premier cas jeune meurt en France, une adolescente de 16\u00a0ans, en Ile-de-France originaire de Morsang-sur-Orge.<\/li>\n<li><strong>27\u00a0mars,<\/strong> le confinement de la population fran\u00e7aise est renouvel\u00e9 jusqu&rsquo;au 15\u00a0avril.<\/li>\n<li><strong>13\u00a0avril,<\/strong> Emmanuel Macron annonce le prolongement du confinement jusqu&rsquo;au 11\u00a0mai.<\/li>\n<li><strong>11\u00a0mai, <\/strong>la France commence son d\u00e9confinement.<\/li>\n<li><strong>\u00a015\u00a0juin<\/strong>, toute la France passe en zone verte, sauf Mayotte et la Guyane. \u00c0\u00a0Paris, les restaurants et bars peuvent rouvrir compl\u00e8tement.<\/li>\n<li><strong>22\u00a0juin, <\/strong>les \u00e9coles sont de nouveaux obligatoires en France pour tous les \u00e9l\u00e8ves. Les cin\u00e9mas, salles de jeux, casinos rouvrent. Les sports collectifs peuvent \u00eatre autoris\u00e9s tout en respectant certaines conditions sanitaires.<\/li>\n<li><strong>10\u00a0juillet<\/strong>, la <strong>France <\/strong>a franchi la barre des 30\u00a0000\u00a0morts. Dans la nuit du 10\u00a0au 11\u00a0juillet \u00e0 minuit, l&rsquo;\u00e9tat d&rsquo;urgence sanitaire prend fin en France.<\/li>\n<li><strong>\u00a020\u00a0juillet,<\/strong>\u00a0le <strong>port du masque est obligatoire <\/strong>dans les lieux publics clos en France.<\/li>\n<li><strong>8 octobre, <\/strong>le<strong> plan blanc est r\u00e9activ\u00e9 <\/strong>dans les h\u00f4pitaux d&rsquo;Ile-de-France.<\/li>\n<li><strong>17 octobre \u00e0 0h01<\/strong>, la France repasse en \u00e9tat d&rsquo;urgence sanitaire et un <strong>couvre-feu <\/strong>est instaur\u00e9 dans 9 territoires\u00a0(Paris-Ile-de-France, Rouen, Grenoble, Lille, Lyon, Aix-Marseille, Montpellier, Saint-Etienne, Toulouse).<\/li>\n<li><strong>24 octobre \u00e0 0h01 :<\/strong> extension des mesures de couvre-feu \u00e0 38 nouveaux d\u00e9partements fran\u00e7ais.<\/li>\n<li><strong>29 octobre \u00e0 0h01<\/strong> : reconfinement national pour 4 semaines, jusqu&rsquo;au 1er d\u00e9cembre au minimum.<\/li>\n<li><strong>28 novembre : <\/strong>premi\u00e8re \u00e9tape d&rsquo;all\u00e8gement du confinement avec la r\u00e9ouverture des commerces non essentiels.<\/li>\n<li><strong>15 d\u00e9cembre : <\/strong>seconde \u00e9tape\u00a0d&rsquo;all\u00e8gement du confinement avec le passage \u00e0 un couvre-feu de 20 heures \u00e0 6 heures du matin.<\/li>\n<li><strong>31 d\u00e9cembre<\/strong> : couvre-feu impos\u00e9 le soir du 31 d\u00e9cembre, de 20 heures \u00e0 6 heures du matin.<\/li>\n<li><strong>21 d\u00e9cembre<\/strong> : autorisation du vaccin Pfizer en Europe.<\/li>\n<li><strong>24 d\u00e9cembre<\/strong> : autorisation du vaccin Pfizer BioNTech en France.<\/li>\n<li><strong>27 d\u00e9cembre :<\/strong> d\u00e9but de la vaccination en France et dans l&rsquo;Union europ\u00e9enne avec le vaccin Pfizer BioNTech.<\/li>\n<li><strong>8 janvier 2021<\/strong> :\u00a0autorisation du vaccin Moderna en France.<\/li>\n<\/ul>\n<\/td>\n<\/tr>\n<\/tbody>\n<\/table>\n<p><em>Cet article est mis \u00e0 jour quotidiennement par <a href=\"https:\/\/www.journaldesfemmes.fr\/account\/ablaize-11409696\" target=\"_blank\" rel=\"noopener noreferrer\">Aur\u00e9lie Blaize<\/a>, <a href=\"https:\/\/www.journaldesfemmes.fr\/account\/anaisthiebaux-10573564\" target=\"_blank\" rel=\"noopener noreferrer\">Ana\u00efs Thi\u00e9baux<\/a> et <a href=\"https:\/\/www.journaldesfemmes.fr\/account\/samanthapages-11598093\" target=\"_blank\" rel=\"noopener noreferrer\">Samantha Pag\u00e8s<\/a>.\u00a0<\/em><\/p>\n<\/section>\n<\/div>\n<p>[ad_2]<br \/>\n<br \/><a href=\"https:\/\/sante.journaldesfemmes.fr\/fiches-maladies\/2605417-covid-19-france-coronavirus-chiffres-cas-bilan-fermeture-ecole-oise-vaccination\/\">Source link <\/a><\/p>\n","protected":false},"excerpt":{"rendered":"<p>[ad_1] CORONAVIRUS DIRECT &#8211; L&rsquo;\u00e9pid\u00e9mie s\u00e9vit toujours en France. Le nombre de personnes hospitalis\u00e9es progresse et 404\u00a0nouveaux d\u00e9c\u00e8s sont enregistr\u00e9s. &hellip; <a href=\"http:\/\/www.affinite.fr\/index.php\/2021\/01\/18\/variant-anglais-dominant-mi-mars-chiffres\/\" class=\"more-link\">Plus <span class=\"screen-reader-text\">variant anglais dominant mi-mars, chiffres<\/span> <span class=\"meta-nav\">&rarr;<\/span><\/a><\/p>\n","protected":false},"author":1,"featured_media":5823,"comment_status":"open","ping_status":"open","sticky":false,"template":"","format":"standard","meta":{"_sitemap_exclude":false,"_sitemap_priority":"","_sitemap_frequency":"","footnotes":""},"categories":[1],"tags":[],"class_list":["post-5822","post","type-post","status-publish","format-standard","has-post-thumbnail","hentry","category-tous"],"_links":{"self":[{"href":"http:\/\/www.affinite.fr\/index.php\/wp-json\/wp\/v2\/posts\/5822"}],"collection":[{"href":"http:\/\/www.affinite.fr\/index.php\/wp-json\/wp\/v2\/posts"}],"about":[{"href":"http:\/\/www.affinite.fr\/index.php\/wp-json\/wp\/v2\/types\/post"}],"author":[{"embeddable":true,"href":"http:\/\/www.affinite.fr\/index.php\/wp-json\/wp\/v2\/users\/1"}],"replies":[{"embeddable":true,"href":"http:\/\/www.affinite.fr\/index.php\/wp-json\/wp\/v2\/comments?post=5822"}],"version-history":[{"count":0,"href":"http:\/\/www.affinite.fr\/index.php\/wp-json\/wp\/v2\/posts\/5822\/revisions"}],"wp:featuredmedia":[{"embeddable":true,"href":"http:\/\/www.affinite.fr\/index.php\/wp-json\/wp\/v2\/media\/5823"}],"wp:attachment":[{"href":"http:\/\/www.affinite.fr\/index.php\/wp-json\/wp\/v2\/media?parent=5822"}],"wp:term":[{"taxonomy":"category","embeddable":true,"href":"http:\/\/www.affinite.fr\/index.php\/wp-json\/wp\/v2\/categories?post=5822"},{"taxonomy":"post_tag","embeddable":true,"href":"http:\/\/www.affinite.fr\/index.php\/wp-json\/wp\/v2\/tags?post=5822"}],"curies":[{"name":"wp","href":"https:\/\/api.w.org\/{rel}","templated":true}]}}