{"id":5800,"date":"2021-01-12T19:09:50","date_gmt":"2021-01-12T19:09:50","guid":{"rendered":"https:\/\/www.affinite.fr\/index.php\/2021\/01\/12\/un-nouveau-lieu-annonce-pour-le-prochain-defile-chanel\/"},"modified":"2021-01-12T19:09:50","modified_gmt":"2021-01-12T19:09:50","slug":"un-nouveau-lieu-annonce-pour-le-prochain-defile-chanel","status":"publish","type":"post","link":"http:\/\/www.affinite.fr\/index.php\/2021\/01\/12\/un-nouveau-lieu-annonce-pour-le-prochain-defile-chanel\/","title":{"rendered":"Un nouveau lieu annonc\u00e9 pour le prochain d\u00e9fil\u00e9 Chanel"},"content":{"rendered":"<p> [ad_1]<br \/>\n<\/p>\n<p>\n                Covid ou non, la Croisi\u00e8re s&rsquo;amuse. La maison Chanel a d\u00e9voil\u00e9 le lieu de la prochaine \u00e9dition de son d\u00e9fil\u00e9 traditionnellement voyageur et il s&rsquo;agit d&rsquo;un lieu unique en France.            <\/p>\n<div>\n<aside class=\"ccmsummary marqueur_module ccmcss_cms_summary ccmcss_cms_summary--right\">\n<p>Sommaire<\/p>\n<\/aside>\n<p>C&rsquo;est officiel, mardi 4\u00a0mai 2021, <strong>Chanel donnera son d\u00e9fil\u00e9 Croisi\u00e8re 2021\/22<\/strong> dans l&rsquo;Hexagone. Si la maison nous avait habitu\u00e9 \u00e0 des destinations exotiques pour donner ses d\u00e9fil\u00e9s \u00e9v\u00e8nement, notamment la Croisi\u00e8re et les M\u00e9tiers d&rsquo;arts, Covid oblige, un rapatriement sur le sol fran\u00e7ais a \u00e9t\u00e9 op\u00e9r\u00e9.\u00a0<\/p>\n<p>Soit, notre territoire regorge de tr\u00e9sors.\u00a0Et c&rsquo;est sur un site tr\u00e8s particulier que la maison au double C a d\u00e9cid\u00e9 de miser. Le prochain d\u00e9fil\u00e9 Croisi\u00e8re aura lieu\u00a0aux <strong>Carri\u00e8res de Lumi\u00e8res<\/strong>, situ\u00e9es dans le village des Baux-de-Provence a-t-elle annonc\u00e9 par communiqu\u00e9. Cette ancienne carri\u00e8re de calcaire immacul\u00e9 a \u00e9t\u00e9 transform\u00e9e en \u00e9crin de projection o\u00f9 sont projet\u00e9 des \u0153uvres lors d&rsquo;expositions immersives.\u00a0De quoi nous promettre une exp\u00e9rience des plus oniriques.\u00a0Le rendez-vous est pris.<\/p>\n<p><a id=\"chanel-haute-couture-automne-hiver-2019-2020-virginie-viard\" name=\"chanel-haute-couture-automne-hiver-2019-2020-virginie-viard\">Juillet 2019 : les premiers pas de Virginie Viard chez Chanel\u00a0<\/a><\/p>\n<p>Apr\u00e8s un d\u00e9fil\u00e9 Croisi\u00e8re largement appr\u00e9ci\u00e9, Virginie Viard s&rsquo;est\u00a0lanc\u00e9e seule sur sc\u00e8ne le 2 juillet 2019. Lors du d\u00e9fil\u00e9 Chanel haute couture automne-hiver 2019-2020 au Grand Palais, la directrice artistique <a href=\"http:\/\/www.affinite.fr\/index.php\/2023\/08\/24\/lart-de-la-glace-transforme-en-business-la-vision-unique-de-fabien-gris\/\">livre<\/a> une interpr\u00e9tation tr\u00e8s fid\u00e8le de la couture de Karl\u00a0Lagerfeld pour Chanel. Petites vestes en tweed orn\u00e9es de boutons pr\u00e9cieux, robes chastes et chignon stricte, la femme Chanel marche dans les pas du designer star, la sobri\u00e9t\u00e9 en plus. D\u00e9ambulant parmi les livres d&rsquo;une biblioth\u00e8que reconstitu\u00e9e, sans doute encore\u00a0un clin d\u2019\u0153il au collectionneur d&rsquo;ouvrages qu&rsquo;il \u00e9tait, elle rend un dernier hommage au cr\u00e9ateur.\u00a0<\/p>\n<figure class=\"image\" style=\"float:right\"><a href=\"#succession-karl\" pour=\"\" qui=\"\" succ=\"\"><img decoding=\"async\" alt=\"\" src=\"https:\/\/img-3.journaldesfemmes.fr\/3dX9fsli0qJx4TZbq2SgZaFcmE0=\/250x\/smart\/7f3d3ed943e94ca48a79fcf1ef9e42df\/ccmcms-jdf\/10859790.jpg\"\/><\/a><figcaption data-credit=\"Chanel\" data-legend=\"Portrait de la jeune Gabrielle Chanel\"><a href=\"#succession-karl\">Portrait de la jeune Gabrielle Chanel <small>\u00a9\u00a0Chanel<\/small><\/a><\/figcaption><a href=\"#succession-karl\" pour=\"\" qui=\"\" succ=\"\"> <\/a><\/figure>\n<p>Sans doute la griffe la plus connue dans le monde entier, <strong>Chanel <\/strong>&#8211;\u00a0dont le logo est reconnaissable au premier coup d&rsquo;\u0153il gr\u00e2ce \u00e0 ces deux \u00ab\u00a0C\u00a0\u00bb entrelac\u00e9s\u00a0&#8211;\u00a0n&rsquo;en reste pas moins une maison fran\u00e7aise ayant vu le jour de mani\u00e8re tr\u00e8s discr\u00e8te en 1910. Gabrielle Chanel na\u00eet le 19\u00a0ao\u00fbt 1883\u00a0\u00e0 Saumur. De sa petite enfance, on garde peu de traces. Sa m\u00e8re s&rsquo;\u00e9teint suite \u00e0 une tuberculose alors que la fillette n&rsquo;a que 12\u00a0ans. Abandonn\u00e9e par son p\u00e8re, elle est plac\u00e9e \u00e0\u00a0<strong>l&rsquo;orphelinat d&rsquo;Aubazine<\/strong>. Gabrielle Chanel y rev\u00eat pendant 9\u00a0ans le sarrau noir, tenue qui inspirera l&rsquo;une de ses plus c\u00e9l\u00e8bres cr\u00e9ations.<br \/>\u00c0 20\u00a0ans, la jeune Gabrielle d\u00e9cide de tenter sa chance \u00e0 la ville et devient \u00ab\u00a0<a href=\"http:\/\/www.affinite.fr\/index.php\/2022\/11\/09\/formation-de-glacier-apprenez-le-metier-de-glacier-et-changez-votre-vie\/\">Coco<\/a>\u00a0\u00bb, chanteuse de \u00ab\u00a0caf\u00e9s-concerts\u00a0\u00bb \u00e0 Vichy. Elle y rencontre son premier protecteur\u00a0:\u00a0<strong>Etienne Balsan<\/strong>. S\u00e9duit, le jeune officier l&rsquo;initie \u00e0 la vie mondaine et finance ses premi\u00e8res cr\u00e9ations. C&rsquo;est aussi par l&rsquo;interm\u00e9diaire de Balsan que Gabrielle rencontre l&rsquo;amour de sa vie\u00a0:\u00a0<strong>Boy Capel<\/strong>.<\/p>\n<p><iframe loading=\"lazy\" allow=\"autoplay; encrypted-media\" allowfullscreen=\"\" frameborder=\"0\" height=\"315\" src=\"https:\/\/www.youtube.com\/embed\/epYByG9fVjc\" width=\"560\"><\/iframe><\/p>\n<figure class=\"image\" style=\"float:right\"><img decoding=\"async\" alt=\"\" src=\"https:\/\/img-3.journaldesfemmes.fr\/oFzUv8SJH-7bnljgCXa_-TK06Vg=\/250x\/smart\/1e24db34337445aab3fe0f51c08d7e11\/ccmcms-jdf\/10859791.jpg\"\/><figcaption data-credit=\"Hdj - Sipa\" data-legend=\"La premi\u00e8re boutique Chanel rue Cambon \u00e0 Paris\">La premi\u00e8re boutique Chanel rue Cambon \u00e0 Paris <small>\u00a9\u00a0Hdj &#8211; Sipa<\/small><\/figcaption><\/figure>\n<p>En 1910, Gabrielle &#8211; \u00ab\u00a0Coco\u00a0\u00bb de son nom de sc\u00e8ne &#8211; r\u00e9alise son r\u00eave et devient modiste.\u00a0Apr\u00e8s avoir travaill\u00e9 dans la gar\u00e7onni\u00e8re parisienne d&rsquo;Etienne Balsan, elle<b>\u00a0ouvre sa premi\u00e8re boutique <\/b>au 21, rue Cambon\u00a0: \u00ab\u00a0Chanel Modes\u00a0\u00bb. D\u00e8s lors, la maison Chanel ne cesse de grandir. En 1913, la cr\u00e9atrice ouvre une boutique de chapeaux et d&rsquo;accessoires \u00e0 Deauville et,\u00a0en 1915, sa maison de couture \u00e0 Biarritz.\u00a0<br \/>En pleine ascension, Coco conna\u00eet toutefois un drame\u00a0: en 1919, son amour Boy Capel d\u00e9c\u00e8de dans un accident de la route.<br \/>Deux ans plus tard, Mademoiselle donne naissance \u00e0 la plus embl\u00e9matique de ses cr\u00e9ations.\u00a0<b>Le N\u00b05<\/b>, premier parfum compos\u00e9 du march\u00e9, fait mouche d\u00e8s son lancement. Un mythe est n\u00e9.<\/p>\n<p><iframe loading=\"lazy\" allow=\"autoplay; encrypted-media\" allowfullscreen=\"\" frameborder=\"0\" height=\"315\" src=\"https:\/\/www.youtube.com\/embed\/IUHt87vDNbU\" width=\"560\"><\/iframe><\/p>\n<figure class=\"image\" style=\"float:right\"><img decoding=\"async\" alt=\"\" src=\"https:\/\/img-3.journaldesfemmes.fr\/95HygOv1RB0nTTiS5B3DW5u8R9U=\/250x\/smart\/b1aa9374a6414a98bbc15324e5cfb2d5\/ccmcms-jdf\/10859793.jpg\"\/><figcaption data-credit=\"Nebinger Taamallah - Abaca\" data-legend=\"Diane Kruger en petite robe noire Chanel version 2008\">Diane Kruger en petite robe noire Chanel version 2008 <small>\u00a9\u00a0Nebinger Taamallah &#8211; Abaca<\/small><\/figcaption><\/figure>\n<p>Pour la jeune modiste, 1926\u00a0est une ann\u00e9e faste qui voit la naissance de bon nombre des tenues embl\u00e9matiques de la maison.\u00a0<br \/>Gabrielle Chanel impose la\u00a0<b>\u00ab\u00a0petite robe noire\u00a0\u00bb<\/b>. En contradiction totale avec la mode de l&rsquo;\u00e9poque, elle s\u00e9duit par sa simplicit\u00e9. Premiers conquis\u00a0: les critiques du magazine am\u00e9ricain Vogue qui voient en elle <em>\u00ab\u00a0l&rsquo;uniforme de la femme moderne\u00a0\u00bb<\/em>. La petite robe noire est baptis\u00e9e\u00a0<b>\u00ab\u00a0la Ford de Chanel\u00a0\u00bb<\/b>, r\u00e9f\u00e9rence au fleuron am\u00e9ricain de l&rsquo;automobile.<br \/>C&rsquo;est aussi en 1926\u00a0que Chanel introduit dans ses collections,\u00a0<b>l&rsquo;imperm\u00e9able et la veste\u00a0\u00e0 boutons dor\u00e9s<\/b>. Peu \u00e0 peu, les codes de la maison se mettent en place.<\/p>\n<p><iframe loading=\"lazy\" allow=\"autoplay; encrypted-media\" allowfullscreen=\"\" frameborder=\"0\" height=\"315\" src=\"https:\/\/www.youtube.com\/embed\/SmpA_Sih6BM\" width=\"560\"><\/iframe><\/p>\n<figure class=\"image\" style=\"float:right\"><img decoding=\"async\" alt=\"\" src=\"https:\/\/img-3.journaldesfemmes.fr\/O9PnyvUuyMCRTVJw2an9hQ24FDo=\/250x\/smart\/4bb13ab21b5a49bc897a9e418cdc776c\/ccmcms-jdf\/10859798.jpg\"\/><figcaption data-credit=\"Java - Abaca\" data-legend=\"Tailleur en tweed Chanel version 2004 revisit\u00e9 par Karl Lagerfeld\">Tailleur en tweed Chanel version 2004 revisit\u00e9 par Karl Lagerfeld <small>\u00a9\u00a0Java &#8211; Abaca<\/small><\/figcaption><\/figure>\n<p>Si Chanel fait l&rsquo;objet de toutes les convo\u00eetises d\u00e8s ses d\u00e9buts, c&rsquo;est avant tout parce qu&rsquo;elle sait s&rsquo;inspirer de son \u00e9poque et de ses rencontres pour cr\u00e9er un style r\u00e9volutionnaire. D\u00e9j\u00e0 en 1920, sa liaison avec le Duc Dimitiri Pavlovitch est l&rsquo;occasion d&rsquo;int\u00e9grer la mode russe \u00e0 ses collections. De son amour avec le Duc de Westminster et leurs voyages en Ecosse na\u00eetra, en 1928, l&rsquo;id\u00e9e de\u00a0<b>ses premiers tailleurs en tweed<\/b>.\u00a0<br \/>Le succ\u00e8s ne se fait pas attendre. En 1929, Mademoiselle int\u00e9gre une boutique d&rsquo;accessoires \u00e0 sa maison de couture. Le\u00a0<b>\u00ab\u00a0total look\u00a0\u00bb Chanel<\/b>\u00a0est n\u00e9. Il s&rsquo;exporte jusqu&rsquo;aux Etats-Unis et d\u00e8s le d\u00e9but des ann\u00e9es 30, Coco devient la conseill\u00e8re des stars \u00e0 l&rsquo;instar de Greta Garbo ou Marl\u00e8ne Dietrich.<\/p>\n<p><iframe loading=\"lazy\" allow=\"autoplay; encrypted-media\" allowfullscreen=\"\" frameborder=\"0\" height=\"315\" src=\"https:\/\/www.youtube.com\/embed\/In4-oBbbZwE\" width=\"560\"><\/iframe><\/p>\n<figure class=\"image\" style=\"float:right\"><img decoding=\"async\" alt=\"\" src=\"https:\/\/img-3.journaldesfemmes.fr\/azp79V-d3gEfRVXyRo-MkCCTywM=\/250x\/smart\/328eae569c1c45c0a034976d88c34f3b\/ccmcms-jdf\/10859800.jpg\"\/><figcaption data-credit=\"Chanel\" data-legend=\"Collier Gabrielle Chanel de la collection haute joaillerie &quot;Coco avant Chanel&quot; en 2017\">Collier Gabrielle Chanel de la collection haute joaillerie \u00ab\u00a0Coco avant Chanel\u00a0\u00bb en 2017 <small>\u00a9\u00a0Chanel<\/small><\/figcaption><\/figure>\n<p>Toujours coquette, Mademoiselle ne se d\u00e9pla\u00e7ait jamais sans ses perles et avait un go\u00fbt\u00a0tr\u00e8s prononc\u00e9 pour les bijoux. D\u00e8s 1924, elle ouvre donc son\u00a0<b>atelier de bijoux fantaisie<\/b>. Comme \u00e0 son habitude, la cr\u00e9atrice sait s&rsquo;entourer\u00a0: Etienne de Beaumont puis le duc Fulco de Verdura contribuent au d\u00e9veloppement des bijoux de la maison.\u00a0<br \/>Mais c&rsquo;est en 1932\u00a0que Gabrielle Chanel d\u00e9fraye \u00e0 nouveau la chronique. \u00c0\u00a0la demande de la Guilde internationale du Diamant, Coco cr\u00e9e\u00a0<b>\u00ab\u00a0Bijoux de Diamants\u00a0\u00bb<\/b>\u00a0sa premi\u00e8re collection de Haute Joaillerie. A l&rsquo;honneur, les diamants sont mont\u00e9s sur platine, une extravagance que seule Coco peut se permettre en plein marasme \u00e9conomique.<\/p>\n<p><iframe loading=\"lazy\" allow=\"autoplay; encrypted-media\" allowfullscreen=\"\" frameborder=\"0\" height=\"315\" src=\"https:\/\/www.youtube.com\/embed\/7ZVG916CbBU\" width=\"560\"><\/iframe><\/p>\n<figure class=\"image\" style=\"float:right\"><img decoding=\"async\" alt=\"\" src=\"https:\/\/img-3.journaldesfemmes.fr\/w-lOUFc8fY2TbIY2hRGkgcsFwCk=\/250x\/smart\/6dab906ac7054aafac9e5c7cf957c89b\/ccmcms-jdf\/10859806.jpg\"\/><figcaption data-credit=\"UPPA Photoshot - Abaca\" data-legend=\"Coco Chanel \u00e0 la fin des ann\u00e9es 30\">Coco Chanel \u00e0 la fin des ann\u00e9es 30 <small>\u00a9\u00a0UPPA Photoshot &#8211; Abaca<\/small><\/figcaption><\/figure>\n<p>Dans les ann\u00e9es 30, la cr\u00e9atrice cinquantenaire est au sommet de sa gloire. Son palmar\u00e8s est \u00e9loquent\u00a0: en 20\u00a0ans de carri\u00e8re, Chanel a su imposer la marini\u00e8re, le jersey, le pantalon, le bijoux fantaisie, le tweed, la petite robe noire&#8230; Elle est aussi la premi\u00e8re cr\u00e9atrice de mode \u00e0 avoir donn\u00e9 naissance \u00e0 un parfum et\u00a0\u00e0 une ligne de produits de beaut\u00e9.\u00a0<br \/>En 1935, elle emploie pr\u00e8s de\u00a0<b>4\u00a0000\u00a0ouvri\u00e8res<\/b>, poss\u00e8de 5\u00a0immeubles de la rue Cambon et vend pr\u00e8s de\u00a0<b>28\u00a0000\u00a0mod\u00e8les<\/b>\u00a0par an.\u00a0<br \/>Mais l&rsquo;av\u00e8nement de la Seconde Guerre Mondiale marque le d\u00e9clin de la maison. En 1939,\u00a0<b>Chanel doit fermer ses portes.<\/b>\u00a0En 1944, apr\u00e8s un s\u00e9jour en province, Mademoiselle s&rsquo;exile en Suisse.<\/p>\n<p><iframe loading=\"lazy\" allow=\"autoplay; encrypted-media\" allowfullscreen=\"\" frameborder=\"0\" height=\"315\" src=\"https:\/\/www.youtube.com\/embed\/uLbu2PXK0CE\" width=\"560\"><\/iframe><\/p>\n<figure class=\"image\" style=\"float:right\"><img decoding=\"async\" alt=\"\" src=\"https:\/\/img-3.journaldesfemmes.fr\/NcjDbf2RqisA_1ALeWTiWityK94=\/250x\/smart\/ceea34f78aa1416889eb28edee2fae31\/ccmcms-jdf\/10859807.jpg\"\/><figcaption data-credit=\"Apaydin Alain - Abaca\" data-legend=\"Flacon du c\u00e9l\u00e8bre parfum Chanel N\u00b05\">Flacon du c\u00e9l\u00e8bre parfum Chanel N\u00b05 <small>\u00a9\u00a0Apaydin Alain &#8211; Abaca<\/small><\/figcaption><\/figure>\n<p>La Guerre et l&rsquo;exil ne mettent pas fin aux activit\u00e9s de Chanel\u00a0: la boutique d&rsquo;accessoires reste ouverte et l&rsquo;arriv\u00e9e des GI am\u00e9ricains assoit la notori\u00e9t\u00e9 du parfum phare de la maison, le N\u00b05.\u00a0<br \/>L&rsquo;apr\u00e8s-guerre est pourtant une p\u00e9riode d\u00e9cisive pour Chanel. \u00c0\u00a0son retour d&rsquo;exil, Coco Chanel d\u00e9couvre une France passionn\u00e9e par le<b>\u00a0\u00ab\u00a0New Look\u00a0\u00bb<\/b><b>de Christian Dior<\/b>, une mode \u00e0 l&rsquo;oppos\u00e9 de la sobri\u00e9t\u00e9 f\u00e9minine qu&rsquo;avait su imposer Mademoiselle.\u00a0<br \/>Alors ag\u00e9e de 71\u00a0ans, Gabrielle pr\u00e9pare son retour. En 1954, la Maison de Couture de la rue Cambon ouvre \u00e0 nouveau ses portes et\u00a0une nouvelle collection voit le jour. La critique est frileuse mais peu importe,\u00a0<b>Chanel est de retour !<\/b><\/p>\n<p><iframe loading=\"lazy\" allow=\"autoplay; encrypted-media\" allowfullscreen=\"\" frameborder=\"0\" height=\"315\" src=\"https:\/\/www.youtube.com\/embed\/FW5lgdWHn4A\" width=\"560\"><\/iframe><\/p>\n<figure class=\"image\" style=\"float:right\"><img decoding=\"async\" alt=\"\" src=\"https:\/\/img-3.journaldesfemmes.fr\/4zL1WGrnE-ejVMkBw6DtRIEUTs8=\/250x\/smart\/3321b1d0e0f24c2fb01b00ec72133a40\/ccmcms-jdf\/10859808.jpg\"\/><figcaption data-credit=\"Dalmas - Sipa\" data-legend=\"Romy Schneider en total look Chanel et Slingback en 1962\">Romy Schneider en total look Chanel et Slingback en 1962 <small>\u00a9\u00a0Dalmas &#8211; Sipa<\/small><\/figcaption><\/figure>\n<p>D\u00e8s la fin des ann\u00e9es 50, les codes de la maison Chanel s&rsquo;affinent. En 1955,\u00a0<b>le sac matelass\u00e9\u00a0<\/b>appara\u00eet<b>\u00a0<\/b>dans sa version d\u00e9finitive et le sac surpiqu\u00e9 \u00e0 cha\u00eenes dor\u00e9es s&rsquo;impose.<br \/>En 1957,\u00a0<b>les sandales \u00e0 bout noir<\/b>,<b>\u00a0<\/b>dites \u00ab\u00a0Slingback\u00a0\u00bb, voient le jour.\u00a0<br \/>Pour Coco, c&rsquo;est l&rsquo;ann\u00e9e du sacre\u00a0: la <em>\u00ab\u00a0cr\u00e9atrice la plus influente du XXe si\u00e8cle\u00a0\u00bb<\/em> re\u00e7oit \u00e0 Dallas un\u00a0<b>Oscar de la mode<\/b>.\u00a0<br \/>C\u00f4t\u00e9 parfums, la maison donne naissance\u00a0en 1955\u00a0\u00e0 sa premi\u00e8re fragrance pour homme, \u00ab\u00a0Pour Monsieur\u00a0\u00bb. La m\u00eame ann\u00e9e, Marilyn Monroe d\u00e9clare ne porter que \u00ab\u00a0quelques gouttes de N\u00b05\u00a0\u00bb pour se v\u00eatir\u00a0la nuit\u00a0: c&rsquo;est une nouvelle cons\u00e9cration.<br \/>Chanel est alors dans le c\u0153ur de toutes les femmes qui voient en cette griffe le symbole de <strong>l&rsquo;\u00e9l\u00e9gance \u00e0 la fran\u00e7aise.<\/strong><\/p>\n<p><iframe loading=\"lazy\" allow=\"autoplay; encrypted-media\" allowfullscreen=\"\" frameborder=\"0\" height=\"315\" src=\"https:\/\/www.youtube.com\/embed\/ES-LIGYv8pc\" width=\"560\"><\/iframe><\/p>\n<figure class=\"image\" style=\"float:right\"><img decoding=\"async\" alt=\"\" src=\"https:\/\/img-3.journaldesfemmes.fr\/uiYKKhPV48SJ4YXsZnzfXCE-Bko=\/250x\/smart\/7bfe8c008b67455c933e0e88c0cd996a\/ccmcms-jdf\/10859813.jpg\"\/><figcaption data-credit=\"Associated Press AP - Sipa\" data-legend=\"Coco Chanel en 1970\">Coco Chanel en 1970 <small>\u00a9\u00a0Associated Press AP &#8211; Sipa<\/small><\/figcaption><\/figure>\n<p>Le 10\u00a0janvier 1971, Coco Chanel d\u00e9c\u00e8de \u00e0 l&rsquo;\u00e2ge de 88\u00a0ans dans l&rsquo;appartement du Ritz qu&rsquo;elle occupait depuis plus de 20\u00a0ans. Le lendemain, sa derni\u00e8re collection couture est pr\u00e9sent\u00e9e et remporte les louanges de la critique.\u00a0<br \/>Visionnaire, Coco Chanel laisse derri\u00e8re elle 60\u00a0ans de carri\u00e8re ainsi qu&rsquo;un style qu&rsquo;elle a su forger et imposer en fonction de ses <em>\u00ab\u00a0go\u00fbts\u00a0et d\u00e9go\u00fbts\u00a0\u00bb<\/em> personnels.\u00a0<br \/>Sept ans apr\u00e8s la disparition de Mademoiselle, Phillipe Guibourg\u00e9 se voit confier le soin de donner naissance \u00e0 la\u00a0<b>premi\u00e8re ligne de pr\u00eat-\u00e0-porter\u00a0<\/b>de la maison, sobrement baptis\u00e9e \u00ab\u00a0Chanel Boutique\u00a0\u00bb. Les premi\u00e8res<b>\u00a0tenues en maille<\/b>\u00a0de Chanel voient le jour. M\u00eame sans sa cr\u00e9atrice, la maison perdure&#8230;<\/p>\n<p><iframe loading=\"lazy\" allow=\"autoplay; encrypted-media\" allowfullscreen=\"\" frameborder=\"0\" height=\"315\" src=\"https:\/\/www.youtube.com\/embed\/hdKw6OHafvU\" width=\"560\"><\/iframe><\/p>\n<figure class=\"image\" style=\"float:right\"><img decoding=\"async\" alt=\"\" src=\"https:\/\/img-3.journaldesfemmes.fr\/YAoxPsyKuX3W17_hUUUsMmcS2jY=\/250x\/smart\/62c9760c5d84458e9a81fee10bb7ba9b\/ccmcms-jdf\/10859829.jpg\"\/><figcaption data-credit=\"Laski - Sipa\" data-legend=\"Karl Lagerfeld lors d'un final de d\u00e9fil\u00e9 en 1984\">Karl Lagerfeld lors d&rsquo;un final de d\u00e9fil\u00e9 en 1984 <small>\u00a9\u00a0Laski &#8211; Sipa<\/small><\/figcaption><\/figure>\n<p>Pendant plus de 10\u00a0ans, la maison Chanel se fait moins retentissante. Mademoiselle s&rsquo;en est all\u00e9e et trouver un successeur \u00e0 sa mesure semble bien difficile.\u00a0<br \/>Pour assurer la p\u00e9rennit\u00e9 de la maison, un seul personnage s&rsquo;impose\u00a0:\u00a0<b>Karl Lagerfeld<\/b>. Le cr\u00e9ateur a fait ses armes chez Balmain avant de collaborer, \u00e0 partir des ann\u00e9es 1960, avec Fendi et surtout\u00a0Chlo\u00e9. Arriv\u00e9 en 1983\u00a0chez Chanel, Lagerfeld impose\u00a0sa patte tout en conservant les codes de la maison si chers \u00e0 Mademoiselle. En 1986, il re\u00e7oit, pour sa collection automne-hiver,\u00a0<b>le D\u00e9 d&rsquo;Or<\/b>, prix r\u00e9compensant la collection haute couture la plus cr\u00e9ative de l&rsquo;ann\u00e9e. La maison <strong>Chanel a trouv\u00e9 son h\u00e9ritier<\/strong> et ce n&rsquo;est que le d\u00e9but d&rsquo;une longue histoire !<\/p>\n<p><iframe loading=\"lazy\" allow=\"autoplay; encrypted-media\" allowfullscreen=\"\" frameborder=\"0\" height=\"315\" src=\"https:\/\/www.youtube.com\/embed\/oNM-sXffq28\" width=\"560\"><\/iframe><\/p>\n<figure class=\"image\" style=\"float:right\"><img decoding=\"async\" alt=\"\" src=\"https:\/\/img-3.journaldesfemmes.fr\/Od1Tc02SvD6GqFln5QPiUbDjwkU=\/250x\/smart\/353ea9acf13f430ea8081d71887b73b0\/ccmcms-jdf\/10859841.jpg\"\/><figcaption data-credit=\"Chanel\" data-legend=\"Montre Premi\u00e8re de Chanel dans sa version 2018\">Montre Premi\u00e8re de Chanel dans sa version 2018 <small>\u00a9\u00a0Chanel<\/small><\/figcaption><\/figure>\n<p>La fin des ann\u00e9es 80\u00a0marque le d\u00e9but d&rsquo;une \u00e8re d&rsquo;expansion pour Chanel. Apr\u00e8s avoir privil\u00e9gi\u00e9 la mode, la maison cr\u00e9e\u00a0<b>l&rsquo;Horlogerie Chanel en 1987 <\/b>et une\u00a0premi\u00e8re boutique d\u00e9di\u00e9e avenue Montaigne. La m\u00eame ann\u00e9e, la montre \u00ab\u00a0Premi\u00e8re\u00a0\u00bb voit le jour et marque ainsi le d\u00e9but d&rsquo;une longue s\u00e9rie de succ\u00e8s.\u00a0<br \/>En 1993, Chanel rend hommage \u00e0 sa cr\u00e9atrice et donne naissance \u00e0\u00a0<b>Chanel Joaillerie<\/b>. Quatre ans plus tard, les deux p\u00f4les sont rassembl\u00e9s au 18, place Vend\u00f4me. C&rsquo;est en cette nouvelle adresse de prestige que la collection\u00a0<b>\u00ab\u00a0Bijoux de Diamants\u00a0\u00bb est r\u00e9\u00e9dit\u00e9e\u00a0<\/b>en 2002.<\/p>\n<p><iframe loading=\"lazy\" allow=\"autoplay; encrypted-media\" allowfullscreen=\"\" frameborder=\"0\" height=\"315\" src=\"https:\/\/www.youtube.com\/embed\/Th3066H2t44\" width=\"560\"><\/iframe><\/p>\n<p>Le 19 f\u00e9vrier 2019, Karl Lagerfeld dispara\u00eet.\u00a0Son d\u00e9c\u00e8s enclenche imm\u00e9diatement une <strong>vague de sp\u00e9culation quant \u00e0 l&rsquo;avenir de la maison Chanel<\/strong>, si intimement li\u00e9e au \u00ab\u00a0Kaiser\u00a0\u00bb, ainsi que sur les noms des cr\u00e9ateurs susceptibles de lui succ\u00e9der \u00e0 un poste aussi prestigieux qu&rsquo;expos\u00e9. Mais les paris ne sont pas longtemps ouverts : quelques heures apr\u00e8s l&rsquo;annonce du d\u00e9c\u00e8s de Karl, la maison Chanel confirme la nomination de <strong>Virginie Viard, directrice du studio<\/strong>, son tr\u00e8s discret bras droit jusqu&rsquo;\u00e0 pr\u00e9sent.<\/p>\n<aside id=\"NL_2021748484\" class=\"newsletter_subscription jNlBlock\"><noscript><br \/>\n            <\/noscript><\/p>\n<h3 class=\"newsletter_subscription-title\">Newsletter <\/h3>\n<p><a href=\"\/\/mailing.ccmbg.com\/archive\/last-85\" target=\"_blank\" class=\"a_hover\" rel=\"noopener noreferrer\">Voir un exemple<\/a><\/p>\n<\/aside>\n<p>Apr\u00e8s un d\u00e9fil\u00e9 Croisi\u00e8re largement appr\u00e9ci\u00e9, Virginie Viard se lance seule sur sc\u00e8ne pour son premier show en juillet 2019. Lors du d\u00e9fil\u00e9 Chanel haute couture automne-hiver 2019-2020\u00a0au Grand Palais, la directrice artistique livre une interpr\u00e9tation tr\u00e8s fid\u00e8le de la couture de Karl\u00a0Lagerfeld pour Chanel. Un nouveau chapitre s&rsquo;ouvre pour les cr\u00e9ations Chanel&#8230;<\/p>\n<p><iframe loading=\"lazy\" allow=\"autoplay; encrypted-media\" allowfullscreen=\"\" frameborder=\"0\" height=\"315\" src=\"https:\/\/www.youtube.com\/embed\/HXc3fyBgCcs\" width=\"560\"><\/iframe><\/p>\n<\/p><\/div>\n<p>[ad_2]<br \/>\n<br \/><a href=\"https:\/\/www.journaldesfemmes.fr\/mode\/conseils-mode\/2116235-chanel-defile-croisiere-2021-carriere-lumieres-baux-provence\/\">Source link <\/a><\/p>\n","protected":false},"excerpt":{"rendered":"<p>[ad_1] Covid ou non, la Croisi\u00e8re s&rsquo;amuse. La maison Chanel a d\u00e9voil\u00e9 le lieu de la prochaine \u00e9dition de son &hellip; <a href=\"http:\/\/www.affinite.fr\/index.php\/2021\/01\/12\/un-nouveau-lieu-annonce-pour-le-prochain-defile-chanel\/\" class=\"more-link\">Plus <span class=\"screen-reader-text\">Un nouveau lieu annonc\u00e9 pour le prochain d\u00e9fil\u00e9 Chanel<\/span> <span class=\"meta-nav\">&rarr;<\/span><\/a><\/p>\n","protected":false},"author":1,"featured_media":5586,"comment_status":"open","ping_status":"open","sticky":false,"template":"","format":"standard","meta":{"_sitemap_exclude":false,"_sitemap_priority":"","_sitemap_frequency":"","footnotes":""},"categories":[1],"tags":[],"class_list":["post-5800","post","type-post","status-publish","format-standard","has-post-thumbnail","hentry","category-tous"],"_links":{"self":[{"href":"http:\/\/www.affinite.fr\/index.php\/wp-json\/wp\/v2\/posts\/5800"}],"collection":[{"href":"http:\/\/www.affinite.fr\/index.php\/wp-json\/wp\/v2\/posts"}],"about":[{"href":"http:\/\/www.affinite.fr\/index.php\/wp-json\/wp\/v2\/types\/post"}],"author":[{"embeddable":true,"href":"http:\/\/www.affinite.fr\/index.php\/wp-json\/wp\/v2\/users\/1"}],"replies":[{"embeddable":true,"href":"http:\/\/www.affinite.fr\/index.php\/wp-json\/wp\/v2\/comments?post=5800"}],"version-history":[{"count":0,"href":"http:\/\/www.affinite.fr\/index.php\/wp-json\/wp\/v2\/posts\/5800\/revisions"}],"wp:featuredmedia":[{"embeddable":true,"href":"http:\/\/www.affinite.fr\/index.php\/wp-json\/wp\/v2\/media\/5586"}],"wp:attachment":[{"href":"http:\/\/www.affinite.fr\/index.php\/wp-json\/wp\/v2\/media?parent=5800"}],"wp:term":[{"taxonomy":"category","embeddable":true,"href":"http:\/\/www.affinite.fr\/index.php\/wp-json\/wp\/v2\/categories?post=5800"},{"taxonomy":"post_tag","embeddable":true,"href":"http:\/\/www.affinite.fr\/index.php\/wp-json\/wp\/v2\/tags?post=5800"}],"curies":[{"name":"wp","href":"https:\/\/api.w.org\/{rel}","templated":true}]}}