{"id":5796,"date":"2021-01-12T02:24:09","date_gmt":"2021-01-12T02:24:09","guid":{"rendered":"https:\/\/www.affinite.fr\/index.php\/2021\/01\/12\/pose-dun-visuel-decoratif-sur-un-foyer-de-cheminee\/"},"modified":"2021-01-12T02:24:09","modified_gmt":"2021-01-12T02:24:09","slug":"pose-dun-visuel-decoratif-sur-un-foyer-de-cheminee","status":"publish","type":"post","link":"http:\/\/www.affinite.fr\/index.php\/2021\/01\/12\/pose-dun-visuel-decoratif-sur-un-foyer-de-cheminee\/","title":{"rendered":"Pose d\u2019un visuel d\u00e9coratif sur un foyer de chemin\u00e9e"},"content":{"rendered":"<p> [ad_1]<br \/>\n<br \/><img decoding=\"async\" src=\"https:\/\/maison1.advcdn.net\/images\/medias\/000\/054\/000054776\/200.jpg\" \/><\/p>\n<div itemprop=\"articleBody\">\n<p>\n  Nombreux sont les <strong>appartements parisiens style haussmannien \u00e0 poss\u00e9der une chemin\u00e9e\u00a0:<\/strong> dans le salon, salle \u00e0 manger ou chambre. Nombreuses sont ces chemin\u00e9es parisiennes qui sont condamn\u00e9es \u00e0 ne plus fonctionner et servant uniquement comme attribut de d\u00e9coration. Ce sont de splendides \u0153uvres d\u2019art en marbres (Sarrancolin, br\u00e8che grise, br\u00e8che violette\u2026).\n<\/p>\n<p>\n  Toutefois reste le foyer, ou plus po\u00e9tiquement appel\u00e9 le c\u0153ur de la chemin\u00e9e, l\u00e0 o\u00f9 les b\u00fbches se consument, qui lui repr\u00e9sente une cavit\u00e9 recouverte par une banale <strong>plaque de t\u00f4le d\u2019acier<\/strong> plus ou moins esth\u00e9tique et commune \u00e0 l\u2019ensemble des diff\u00e9rentes chemin\u00e9es existantes.\n<\/p>\n<p>\n  Une solution contemporaine, design et surtout \u00e9l\u00e9gante consiste \u00e0 <strong>poser devant le foyer de la chemin\u00e9e un visuel haute d\u00e9finition imprim\u00e9 sur plaque rigide<\/strong> et relativement l\u00e9g\u00e8re, facile \u00e0 manipuler. PicsMyHome se charge de l\u2019impression \u00e0 la livraison\u00a0; il suffit en passant par le site de l\u2019entreprise de choisir le visuel, donner les dimensions exactes et attendre la livraison dans un cours d\u00e9lai. La pose, quant \u00e0 elle, reste \u00e0 la port\u00e9e de toutes et tous.\u00a0\n<\/p>\n<p>\n  <strong style=\"text-decoration: underline\">Pour de plus amples informations<\/strong>\u00a0: <a href=\"http:\/\/www.picsmyhome.com\/\">www.picsmyhome.com<\/a>\n<\/p>\n<p>\n  PicsMyHome est un service\u00a0d\u2019impression photo plexiglas a\u0300 vocation d\u00e9corative cr\u00e9e\u0301 par\u00a0E\u0301ric Soh-Deffo a\u0300 Paris en 2016.\u00a0Les photographies personnelles\u00a0ou choisies par le client\u00a0au sein\u00a0de la biblioth\u00e8que d\u2019images sont\u00a0trait\u00e9es manuellement afin\u00a0d\u2019optimiser la qualit\u00e9\u0301 de rendu\u00a0avant d\u2019\u00eatre\u00a0imprim\u00e9es au format choisi. Les architectes d\u2019int\u00e9rieurs, d\u00e9corateurs, designers et autres professionnels peuvent effectuer des impressions\u00a0photo plexiglas sur mesure en utilisant le site web de la soci\u00e9t\u00e9 ou en contactant directement PicsMyHome pour des projets aux besoins plus sp\u00e9cifiques.\n<\/p>\n<\/p><\/div>\n<p><script async defer crossorigin=\"anonymous\" src=\"https:\/\/connect.facebook.net\/fr_FR\/sdk.js#xfbml=1&#038;version=v6.0&#038;appId=252025098257546&#038;autoLogAppEvents=1\"><\/script><br \/>\n<br \/>[ad_2]<br \/>\n<br \/><a href=\"http:\/\/feedproxy.google.com\/~r\/maison-actus\/~3\/SvUrXcZ0oVo\/\">Source link <\/a><\/p>\n","protected":false},"excerpt":{"rendered":"<p>[ad_1] Nombreux sont les appartements parisiens style haussmannien \u00e0 poss\u00e9der une chemin\u00e9e\u00a0: dans le salon, salle \u00e0 manger ou chambre. &hellip; <a href=\"http:\/\/www.affinite.fr\/index.php\/2021\/01\/12\/pose-dun-visuel-decoratif-sur-un-foyer-de-cheminee\/\" class=\"more-link\">Plus <span class=\"screen-reader-text\">Pose d\u2019un visuel d\u00e9coratif sur un foyer de chemin\u00e9e<\/span> <span class=\"meta-nav\">&rarr;<\/span><\/a><\/p>\n","protected":false},"author":1,"featured_media":5797,"comment_status":"open","ping_status":"open","sticky":false,"template":"","format":"standard","meta":{"_sitemap_exclude":false,"_sitemap_priority":"","_sitemap_frequency":"","footnotes":""},"categories":[1],"tags":[],"class_list":["post-5796","post","type-post","status-publish","format-standard","has-post-thumbnail","hentry","category-tous"],"_links":{"self":[{"href":"http:\/\/www.affinite.fr\/index.php\/wp-json\/wp\/v2\/posts\/5796"}],"collection":[{"href":"http:\/\/www.affinite.fr\/index.php\/wp-json\/wp\/v2\/posts"}],"about":[{"href":"http:\/\/www.affinite.fr\/index.php\/wp-json\/wp\/v2\/types\/post"}],"author":[{"embeddable":true,"href":"http:\/\/www.affinite.fr\/index.php\/wp-json\/wp\/v2\/users\/1"}],"replies":[{"embeddable":true,"href":"http:\/\/www.affinite.fr\/index.php\/wp-json\/wp\/v2\/comments?post=5796"}],"version-history":[{"count":0,"href":"http:\/\/www.affinite.fr\/index.php\/wp-json\/wp\/v2\/posts\/5796\/revisions"}],"wp:featuredmedia":[{"embeddable":true,"href":"http:\/\/www.affinite.fr\/index.php\/wp-json\/wp\/v2\/media\/5797"}],"wp:attachment":[{"href":"http:\/\/www.affinite.fr\/index.php\/wp-json\/wp\/v2\/media?parent=5796"}],"wp:term":[{"taxonomy":"category","embeddable":true,"href":"http:\/\/www.affinite.fr\/index.php\/wp-json\/wp\/v2\/categories?post=5796"},{"taxonomy":"post_tag","embeddable":true,"href":"http:\/\/www.affinite.fr\/index.php\/wp-json\/wp\/v2\/tags?post=5796"}],"curies":[{"name":"wp","href":"https:\/\/api.w.org\/{rel}","templated":true}]}}