{"id":5792,"date":"2021-01-11T19:09:13","date_gmt":"2021-01-11T19:09:13","guid":{"rendered":"https:\/\/www.affinite.fr\/index.php\/2021\/01\/11\/confinement-vers-un-reconfinement-en-2021-dates-castex-nouvelles-restrictions\/"},"modified":"2021-01-11T19:09:13","modified_gmt":"2021-01-11T19:09:13","slug":"confinement-vers-un-reconfinement-en-2021-dates-castex-nouvelles-restrictions","status":"publish","type":"post","link":"http:\/\/www.affinite.fr\/index.php\/2021\/01\/11\/confinement-vers-un-reconfinement-en-2021-dates-castex-nouvelles-restrictions\/","title":{"rendered":"Confinement\u00a0: vers un Reconfinement en 2021, Dates, Castex: nouvelles Restrictions&#8230;"},"content":{"rendered":"<p> [ad_1]<br \/>\n<\/p>\n<p>\n                Le Couvre-feu \u00e0 18h se g\u00e9n\u00e9ralise: les d\u00e9partements concern\u00e9s, 3e Vague et Reconfinement envisag\u00e9 en f\u00e9vrier-mars, Nouvelles mesures annonc\u00e9es jeudi 14\u00a0janvier, Vaccins et strat\u00e9gie, R\u00e9ouverture impossible des Restaurants, Cin\u00e9mas, Stations de ski&#8230; Voici les d\u00e9clarations du gouvernement, les Infos, Actus, R\u00e8gles et Dates-cl\u00e9s.            <\/p>\n<div>\n<aside class=\"ccmsummary marqueur_module ccmcss_cms_summary ccmcss_cms_summary--right\">\n<p>\u00a0Sommaire<\/p>\n<\/aside>\n<p><strong>[Mis \u00e0 jour lundi 11\u00a0janvier \u00e0 18h26] <\/strong>Jean Castex prendra la parole lors d&rsquo;une conf\u00e9rence de presse le <strong>14 janvier<\/strong>, le lendemain d&rsquo;un <strong>Conseil de D\u00e9fense.\u00a0Le<\/strong> Premier ministre, accompagn\u00e9 d&rsquo;Olivier V\u00e9ran,\u00a0devrait faire le point sur la situation des restaurants, stations de ski, salles de sport, cin\u00e9mas et autres espaces dont le sort est pour l&rsquo;instant incertain.\u00a0<br \/>Certains vont jusqu&rsquo;\u00e0 parier sur un <strong>reconfinement<\/strong>. Mais si l&rsquo;hypoth\u00e8se de l&rsquo;assignation \u00e0 domicile \u00e9tait mise sur la table, il se pourrait qu&rsquo;elle ne concerne que quelques r\u00e9gions. L&rsquo;indicateur qui indique que la situation est critique est\u00a0le taux d&rsquo;occupation\u00a0des <strong>patients atteints de la\u00a0Covid-19 <\/strong>dans les services de <strong>r\u00e9animation<\/strong>. On note cinq r\u00e9gions dans lesquelles il est le plus \u00e9lev\u00e9, selon le site <em>Sortir A Paris<\/em> : le Grand-Est (66,9%), Bourgogne\u2013Franche-Comt\u00e9 (84,3\u00a0%), Auvergne-Rh\u00f4ne-Alpes (66,4\u00a0%), Provence-Alpes-C\u00f4te d&rsquo;Azur (66,7\u00a0%) et Centre-Val de Loire (61,1\u00a0%). En cas de<strong> reconfinement local<\/strong>, ce sont donc les r\u00e9gions susmentionn\u00e9es qui seraient en premi\u00e8re ligne&#8230;<\/p>\n<p>La perspective d&rsquo;un<strong>\u00a0troisi\u00e8me confinement <\/strong>semble se dessiner de plus en plus&#8230; Face \u00e0<strong> l&rsquo;augmentation des cas de <a href=\"https:\/\/sante.journaldesfemmes.fr\/fiches-maladies\/2605417-covid-19-france-coronavirus-chiffres-nombre-vaccination-variant-lille-reconfinement-arret-travail-direct\/\" title=\"Covid-19\">coronavirus<\/a> <\/strong>(pr\u00e8s de 16\u00a0000 contaminations recens\u00e9es le 10 janvier) et \u00e0 l&rsquo;arriv\u00e9e de la <strong>nouvelle variante du virus <\/strong>sur le territoire fran\u00e7ais, <strong>Olivier V\u00e9ran <\/strong>n&rsquo;a pas \u00e9cart\u00e9 la possibilit\u00e9 d&rsquo;un reconfinement dans les prochaines semaines&#8230; mais il s&rsquo;est voulu toutefois <strong>rassurant<\/strong>. \u00ab\u00a0<em>Nous n&rsquo;avons pas de plan cach\u00e9, mais <strong>on ne s&rsquo;interdit rien<\/strong>. Si nous devions constater une \u00e9volution n\u00e9gative dans les indicateurs, bien s\u00fbr que cela aura des cons\u00e9quences sur les d\u00e9cisions de nous prenons. Mais <strong>pour l&rsquo;heure, ce n&rsquo;est pas le cas<\/strong><\/em>\u00ab\u00a0, a-t-il expliqu\u00e9 au micro d&rsquo;<em>Europe 1<\/em>.<\/p>\n<p>Quant \u00e0<strong> Gabriel Attal<\/strong>, il a\u00a0assur\u00e9 qu&rsquo;un confinement n&rsquo;\u00e9tait <strong>pas \u00e0 l&rsquo;ordre du jour<\/strong>. \u00ab\u00a0<em>\u00c0 ce stade il n&rsquo;y a<strong> pas de reconfinement pr\u00e9vu<\/strong>. On voit ce qu&rsquo;il se passe autour de nous, un certain nombre de pays ont d\u00fb reconfiner.\u00a0La circulation du virus y est parfois deux \u00e0 trois fois plus importante que chez nous, parce que les Fran\u00e7ais ont fait beaucoup d&rsquo;efforts et qu&rsquo;on a pris des d\u00e9cisions tr\u00e8s t\u00f4t<\/em>\u00ab\u00a0, s&rsquo;est f\u00e9licit\u00e9 le porte-parole du gouvernement au micro d&rsquo;<em>Europe 1<\/em>.<\/p>\n<p>Pourtant, de plus en plus de voix s&rsquo;\u00e9l\u00e8vent pour souligner la n\u00e9cessit\u00e9 d&rsquo;un reconfinement. <strong>Mich\u00e8le Rubirola<\/strong>, ex-maire de Marseille, a notamment d\u00e9clar\u00e9 \u00e0 l&rsquo;AFP : \u00ab\u00a0<em>Le <a href=\"https:\/\/www.journaldesfemmes.fr\/societe\/actu\/2667169-couvre-feu-20h-6h-18h-departements-attestation-confinement\/\" title=\"Couvre Feu\">couvre-feu<\/a> \u00e0 18\u00a0heures n&rsquo;apporte pas forc\u00e9ment quelque chose, affirme-t-elle. Il faut casser la cha\u00eene de transmission<\/em> (&#8230;)\u00a0<em>En tant que professionnelle de sant\u00e9, puisque je suis quand m\u00eame m\u00e9decin avant tout, <strong>pourquoi pas reconfiner<\/strong>?<\/em>\u00ab\u00a0. Toutefois, l&rsquo;ancienne maire de la cit\u00e9 phoc\u00e9enne a pr\u00e9cis\u00e9 que pour l&rsquo;instant, son opinion ne refl\u00e9tait pas celle de la ville.<\/p>\n<p><a name=\"confinement-mi-janvier\">Un confinement \u00e0 la mi-janvier ?<\/a><\/p>\n<p><strong>Gilles Pialoux<\/strong>, chef de service des maladies infectieuses et tropicales \u00e0 l&rsquo;h\u00f4pital Tenon \u00e0 Paris, a assur\u00e9 sur <em>BFM TV<\/em> : \u00ab\u00a0<em>Sur le plan sanitaire, un <strong>reconfinement est in\u00e9vitable<\/strong><\/em>\u00ab\u00a0. Un confinement le plus t\u00f4t possible, donc d\u00e8s la mi-janvier, serait alors envisageable.<\/p>\n<p>\u00ab\u00a0<em>Le <strong>confinement strict et pr\u00e9coce <\/strong>est la meilleure arme contre la propagation virale, m\u00eame s&rsquo;il est de plus en plus mal v\u00e9cu par la population<\/em>\u00ab\u00a0, lit-on \u00e9galement le 11\u00a0janvier, dans une tribune dans <em>Le Monde<\/em>, sign\u00e9e par plusieurs m\u00e9decins de l&rsquo;association Fondation PandemIA.<\/p>\n<p><a id=\"confinement-fervier\" name=\"confinement-fervier\">20 janvier : Confinement en f\u00e9vrier et mars ?<\/a><\/p>\n<p>Quant au restaurateur et pr\u00e9sident du Groupe Eclore, St\u00e9phane Manigold, il a tout bonnement <strong>pr\u00e9dit un reconfinement<\/strong> d\u00e9cid\u00e9 \u00e0 la mi-janvier. \u00ab\u00a0<em>Le 3e confinement pour fevrier et mars 2021, sera annonc\u00e9 le 20\u00a0janvier&#8230; plus que jamais. Bruno Le Maire doit \u00eatre aux c\u00f4t\u00e9s de toutes les entreprises<\/em>\u00ab\u00a0, a-t-il l\u00e2ch\u00e9 sur Twitter avant de pr\u00e9ciser aux \u00ab\u00a0<em>sceptiques<\/em>\u00a0\u00bb : \u00a0\u00bb\u00a0<em>Le 24\u00a0septembre j&rsquo;annon\u00e7ais le deuxi\u00e8me confinement d&rsquo;octobre<\/em>\u00ab\u00a0.<\/p>\n<p>Depuis le 10 janvier, comme l&rsquo;avait annonc\u00e9 Jean Castex, le couvre-feu a \u00e9t\u00e9 avanc\u00e9 \u00e0 18h dans certains d\u00e9partement.\u00a0Il s&rsquo;agit du\u00a0<strong>Cher, l&rsquo;Allier, la C\u00f4te-d&rsquo;Or, le Haut-Rhin et le Bas-Rhin, le Vaucluse, les Alpes-de-Haute-Provence, les Bouches-du-Rh\u00f4ne, le Var et la Dr\u00f4me<\/strong>.<\/p>\n<p>Il avait d\u00e9j\u00e0 \u00e9t\u00e9 avanc\u00e9 \u00e0 18h dans <strong>quinze d\u00e9partements<\/strong>\u00a0: les Ardennes, la Marne, la Haute-Marne, la Meurthe-et-Moselle, la Meuse, la Moselle, les Vosges, le Doubs, le\u00a0Jura,\u00a0la Ni\u00e8vre, la Haute-Sa\u00f4ne, la Sa\u00f4ne-et-Loire, le\u00a0Territoire de Belfort, les Hautes-Alpes ainsi que\u00a0les Alpes-Maritimes.<\/p>\n<h2>Fermeture des lieux culturels : l&rsquo;exp\u00e9rience qui change tout ?<\/h2>\n<p>Une exp\u00e9rience espagnole a remis en cause la n\u00e9cessit\u00e9 de fermer les salles de <strong>spectacle, cin\u00e9mas, et autres mus\u00e9es<\/strong>. La Fondation de lutte contre le sida et les maladies infectieuses et\u00a0l&rsquo;h\u00f4pital universitaire allemand Trias i Pujol de Barcelone ont r\u00e9uni\u00a0<strong>463 personnes<\/strong>, \u00e2g\u00e9es de 18 \u00e0 59 ans. Celles-ci\u00a0ont <strong>assist\u00e9 \u00e0 un concert <\/strong>qui s&rsquo;est d\u00e9roul\u00e9 le 12\u00a0d\u00e9cembre dans une grande salle de Barcelone.<\/p>\n<p>Toutes \u00e9taient masqu\u00e9es et respectaient, dans la mesure du possible les r\u00e8gles de <strong>distanciation sociale<\/strong>.\u00a0Un <strong>espace pour fumeurs <\/strong>avait \u00e9galement \u00e9t\u00e9 mis en place, mais le nombre de personnes pouvant s&rsquo;y rendre \u00e9tait limit\u00e9. Le<strong> syst\u00e8me de ventilation <\/strong>\u00e9tait\u00a0adapt\u00e9 \u00e0 la situation et \u00ab\u00a0<em>des mesures ont \u00e9t\u00e9 mises en place pour \u00e9viter les files d&rsquo;attente dans les toilettes et \u00e0 l&rsquo;entr\u00e9e et \u00e0 la sortie du concert<\/em>\u00ab\u00a0, lit-on dans l&rsquo;\u00e9tude.<\/p>\n<p>R\u00e9sultat ?\u00a0<strong>Aucune <\/strong>de ces personnes <strong>n&rsquo;a \u00e9t\u00e9 test\u00e9e positive au coronavirus<\/strong> apr\u00e8s le concert.\u00a0<\/p>\n<p>Qu&rsquo;en pense donc notre\u00a0ministre de la Culture\u00a0?\u00a0\u00ab\u00a0<em>Je regarde cette exp\u00e9rimentation avec beaucoup de soin<\/em>\u00ab\u00a0, a d\u00e9clar\u00e9 <strong>Roselyne Bachelot<\/strong>, au micro de <em>France Info<\/em>. Et d&rsquo;ajouter : \u00ab\u00a0O<em>n va en parler avec les professionnels<\/em>\u00ab\u00a0.<\/p>\n<h2>Un \u00ab\u00a0confinement dur en vue\u00a0\u00bb ?<\/h2>\n<p>\u00ab\u00a0<em>Un <strong>confinement dur<\/strong> est en vue<\/em>\u00ab\u00a0, a annonc\u00e9\u00a0le g\u00e9n\u00e9ticien et pr\u00e9sident de la Ligue contre le cancer Axel Kahn, sur son compte Twitter. Et de d\u00e9tailler : \u00ab\u00a0<em>Recroissance exponentielle des contaminations par souche \u00e9tablie de CoV-2, diffusion de la souche V1 &lsquo;anglaise&rsquo;\u00a0implantation de la V2\u00a0sud-africaine. Un confinement dur en vue<\/em>\u00ab\u00a0.<\/p>\n<p>Pour autant, ces informations ne sont encore que des suppositions, et le message de Jean Castex \u00e9tait <strong>moins alarmiste<\/strong> durant sa conf\u00e9rence de presse du 7 janvier.<\/p>\n<p>Pas de <strong>reconfinement\u00a0<\/strong>pour l&rsquo;instant, mais une poursuite de certaines mesures restrictives, a fait savoir le Premier ministre. Jean Castex a alert\u00e9 les Fran\u00e7ais sur la n\u00e9cessit\u00e9 de rester vigilants, mais a soulign\u00e9 : \u00ab\u00a0<em>Le vaccin constitue la principale source d&rsquo;espoir pour sortir de la crise<\/em>\u00ab\u00a0.<\/p>\n<div class=\"ccminsert\">\n<blockquote class=\"twitter-tweet\">\n<p dir=\"ltr\" lang=\"fr\">URGENCE. Coup de tabac <a href=\"https:\/\/twitter.com\/hashtag\/COVID19?src=hash&amp;ref_src=twsrc%5Etfw\">#COVID19<\/a> annonc\u00e9 : recroissance exponentielle des contaminations par souche \u00e9tablie de CoV-2, diffusion de la souche V1 anglaise , implantation de la V2 sud-africaine. Un confinement dur en vue. MOBILISATION G\u00c9N\u00c9RALE vaccination avant, adaptation apr\u00e8s.<\/p>\n<p>\u2014 Axel Kahn (@axelkahn) <a href=\"https:\/\/twitter.com\/axelkahn\/status\/1347414551621488645?ref_src=twsrc%5Etfw\">January 8, 2021<\/a><\/p><\/blockquote>\n<\/div>\n<p>Les <strong>restaurants et bars<\/strong>\u00a0ne pourront pas rouvrir avant \u00ab\u00a0<em>a minima d\u00e9but f\u00e9vrier<\/em>\u00ab\u00a0, a pr\u00e9cis\u00e9 le Premier ministre.<\/p>\n<p>En ce qui concerne la<strong> r\u00e9ouverture des salles de spectacle, mus\u00e9es et cin\u00e9mas<\/strong>, le Premier ministre a expliqu\u00e9 qu&rsquo;il \u00e9tait encore un peu t\u00f4t pour avancer une date de reprise de l&rsquo;activit\u00e9. Les effets des <strong>soir\u00e9es et r\u00e9unions du <a href=\"https:\/\/www.journaldesfemmes.fr\/maman\/guide-sorties-en-famille\/2678323-nouvel-an-rave-party-troisieme-vague-covid\/\" title=\"Saint-Sylvestre\">Nouvel An<\/a> <\/strong>devraient se faire ressentir \u00e0 la mi-janvier et l&rsquo;ex\u00e9cutif devrait donc avoir une meilleure visibilit\u00e9 pour prendre des d\u00e9cisions d&rsquo;ici l\u00e0.\u00a0<\/p>\n<p>\u00ab\u00a0<em>Les mus\u00e9es, les cin\u00e9mas, les th\u00e9\u00e2tres, les salles de spectacle, les \u00e9quipements sportifs ou de loisirs ne conna\u00eetront dans les semaines qui viennent, aucun assouplissement<\/em>\u00ab\u00a0, a pr\u00e9cis\u00e9 Jean Castex qui a renvoy\u00e9 jeudi au 20\u00a0janvier la d\u00e9cision sur une \u00e9ventuelle r\u00e9ouverture d\u00e9but f\u00e9vrier des secteurs du sport et de la culture, ferm\u00e9s depuis la fin octobre.<\/p>\n<p><strong>La r\u00e9ouverture des lieux culturels pourrait se faire par \u00e9tape, de fa\u00e7on \u00e9chelonn\u00e9e,<\/strong> a indiqu\u00e9 vendredi sur <em>France Info<\/em> la ministre de la Culture Roselyne Bachelot, qui a distingu\u00e9\u00a0trois cat\u00e9gories:<strong> les mus\u00e9es et monuments (qui pourraient \u00ab\u00a0rouvrir en premier\u00a0\u00bb), le cin\u00e9ma et le spectacle vivant. <\/strong><br \/><em>\u00ab\u00a0Je fais tout pour que ce soit possible (&#8230;) mais je ne prends pas d&rsquo;engagement (&#8230;) Nous sommes en pleine incertitude\u00a0\u00bb, <\/em>a-t-elle rappel\u00e9, \u00e9voquant notamment l&rsquo;impact du nouveau variant, plus contagieux, du coronavirus d\u00e9couvert au Royaume-Uni. \u00ab\u00a0Cela change beaucoup la donne pour prendre des d\u00e9cisions\u00a0\u00bb.<\/p>\n<p>La ministre de la Culture a n\u00e9anmoins voulu donner<em> \u00ab\u00a0un message d&rsquo;espoir\u00a0\u00bb. \u00ab\u00a0Je pense que les festivals d&rsquo;\u00e9t\u00e9, je suis confiante, on doit pouvoir y arriver\u00a0\u00bb, <\/em>a-t-elle dit.<\/p>\n<p>Quant aux <strong>stations de ski<\/strong>, elles ne rouvriront pas pour l&rsquo;instant. Le 20\u00a0janvier, l&rsquo;ex\u00e9cutif d\u00e9cidera ou non d&rsquo;une r\u00e9ouverture \u00ab\u00a0<em>d\u00e9but f\u00e9vrier<\/em>\u00ab\u00a0.<\/p>\n<p>Les remont\u00e9es m\u00e9caniques des\u00a0<strong>stations de ski <\/strong>devaient rouvrir le<strong> 7\u00a0janvier<\/strong>, mais l&rsquo;\u00e9ch\u00e9ance ne sera donc finalement pas respect\u00e9e.\u00a0\u00ab\u00a0<em>On constate que la situation sanitaire en France est, au mieux, sur un palier en termes de nouveaux cas et de personnes en r\u00e9animation. C&rsquo;est pourquoi il n&rsquo;a pas \u00e9t\u00e9 possible de concr\u00e9tiser une r\u00e9ouverture des remont\u00e9es m\u00e9caniques le 7\u00a0janvier, qui \u00e9tait conditionn\u00e9e \u00e0 l&rsquo;\u00e9volution des donn\u00e9es sanitaires<\/em>\u00ab\u00a0,\u00a0a expliqu\u00e9 le secr\u00e9taire d&rsquo;Etat charg\u00e9 du tourisme, Jean-Baptiste Lemoyne.<\/p>\n<h2>Un arr\u00eat de travail imm\u00e9diat en cas de contamination<\/h2>\n<p>D\u00e8s le 10\u00a0janvier, un travailleur\u00a0qui constate des sympt\u00f4mes ou qui a \u00e9t\u00e9 en contact avec un ou plusieurs contamin\u00e9s au coronavirus, pourra s&rsquo;inscrire sur le site de l&rsquo;Assurance maladie pour obtenir un arr\u00eat de travail \u00ab\u00a0<em>imm\u00e9diat<\/em>\u00a0\u00bb indemnis\u00e9 sans jour de carence, a annonc\u00e9 le Premier ministre.<\/p>\n<p>D\u00e8s le 20\u00a0janvier, chaque personne d\u00e9clar\u00e9e positive pourra b\u00e9n\u00e9ficier d&rsquo;une visite \u00e0 domicile par un infirmier.<\/p>\n<p>Et d&rsquo;ajouter : \u00ab\u00a0<em>L&rsquo;Assurance maladie proc\u00e8dera \u00e0 un suivi syst\u00e9matique avec deux \u00e0 trois appels t\u00e9l\u00e9phoniques sur 7\u00a0jours<\/em>\u00ab\u00a0.<\/p>\n<h2>Vers une fermeture des \u00e9coles ?<\/h2>\n<p>Pour l&rsquo;instant, la fermeture des \u00e9coles ne semble pas au programme.\u00a0\u00ab\u00a0I<em>l faut vraiment que la situation sanitaire soit gravissime pour fermer les \u00e9coles, car nous savons que les cons\u00e9quences, y compris sanitaires, (\u2026) sont absolument dramatiques<\/em>\u00ab\u00a0, a expliqu\u00e9 Jean Castex, lors de sa conf\u00e9rence de presse.<\/p>\n<p>Alors que certains de<strong> nos voisins europ\u00e9ens<\/strong>, tels que<strong> l&rsquo;Angleterre ou l&rsquo;Irlande,<\/strong> ont mis en place un confinement strict, avec fermeture des \u00e9coles, le pr\u00e9sident du conseil scientifique qui guide le gouvernement Jean-Fran\u00e7ois Delfraissy a tent\u00e9 de rassurer les Fran\u00e7ais : \u00ab\u00a0<em>\u00c7a va mieux actuellement que dans les autres pays europ\u00e9ens<\/em>\u00ab\u00a0,\u00a0Pourtant, pas moins de <strong>25\u00a0000\u00a0cas de coronavirus<\/strong>\u00a0ont \u00e9t\u00e9 recens\u00e9s le 6\u00a0janvier, et <strong>plus de 21\u00a0000<\/strong>, le 7 janvier.<\/p>\n<p>Cette hausse pr\u00e9occupante des cas de coronavirus\u00a0pourrait se poursuivre la deuxi\u00e8me semaine de janvier, lorsque nous saurons dans quelle mesure les<strong> f\u00eates de fin d&rsquo;ann\u00e9e<\/strong> ont impact\u00e9 les chiffres des contaminations.\u00a0<\/p>\n<p>\u00ab\u00a0<em>Ce sera peut-\u00eatre le moment de discuter de<strong> mesures plus lourdes<\/strong><\/em>\u00ab\u00a0, a averti le pr\u00e9sident du conseil scientifique. En d&rsquo;autres termes, si un <strong>reconfinement<\/strong> ne semble pas d&rsquo;actualit\u00e9, il pourrait l&rsquo;\u00eatre d\u00e8s la semaine prochaine&#8230; Serons-nous confin\u00e9s une troisi\u00e8me fois en janvier ?\u00a0<\/p>\n<h2>L&rsquo;\u00e9tat d&rsquo;urgence sanitaire prolong\u00e9 ?<\/h2>\n<p>Le gouvernement devrait proposer\u00a0en Conseil des ministres du 13 janvier un texte de loi qui prolongerait <strong>l&rsquo;\u00e9tat d&rsquo;urgence sanitaire au 1er juin 2021\u00a0<\/strong>(au lieu du 16\u00a0f\u00e9vrier initialement vot\u00e9) . Le r\u00e9gime transitoire devrait, lui, \u00eatre fix\u00e9 jusqu&rsquo;au\u00a0au <strong>31\u00a0d\u00e9cembre 2021,<\/strong> contre la date du 1er avril initialement propos\u00e9e.<\/p>\n<p>La nouvelle version du protocole sanitaire en entreprise, d\u00e9voil\u00e9e le 6\u00a0janvier, permet aux salari\u00e9s volontaires, dont les t\u00e2ches peuvent \u00eatre t\u00e9l\u00e9travaill\u00e9es, de retourner au bureau une fois par semaine. \u00ab\u00a0<em>Pour les salari\u00e9s en t\u00e9l\u00e9travail \u00e0 100%, un retour en pr\u00e9sentiel est possible un jour par semaine au maximum lorsqu&rsquo;ils en expriment le besoin, avec l&rsquo;accord de leur employeur<\/em>\u00ab\u00a0, lit-on dans cette nouvelle version du protocole sanitaire. Une mesure prise pour soulager les salari\u00e9s dont la sant\u00e9 mentale est en jeu.\u00a0<\/p>\n<p>\u00ab\u00a0<em>Le t\u00e9l\u00e9travail pour ceux qui le peuvent reste la r\u00e8gle. Mais j&rsquo;entends les salari\u00e9s qui sont en t\u00e9l\u00e9travail 5j\/5\u00a0depuis 2\u00a0mois et qui souffrent d&rsquo;isolement<\/em>\u00ab\u00a0, a expliqu\u00e9 la ministre du Travail Elisabeth Borne, sur Twitter.\u00a0<\/p>\n<h2>F\u00eates clandestines au Nouvel An<\/h2>\n<p>Pour le <strong>Nouvel An<\/strong>, plusieurs f\u00eates clandestines ont rassembl\u00e9 des milliers de personnes en France. Une<strong> rave-party en Ille-et-Vilaine,<\/strong> en Bretagne, a m\u00eame r\u00e9uni <strong>2500 f\u00eatards<\/strong> pendant 36h, dans des hangars d\u00e9saffect\u00e9s.\u00a0Le 6 janvier, quatre personnes ont \u00e9t\u00e9 interpell\u00e9es et plac\u00e9es <strong>en garde \u00e0 vue<\/strong>. Elles sont soup\u00e7onn\u00e9es d&rsquo;avoir particip\u00e9 \u00e0 l&rsquo;organisation de la f\u00eate.<\/p>\n<p>G\u00e9rald Darmanin avait annonc\u00e9 que\u00a0<strong>6.650\u00a0personnes<\/strong> avaient \u00e9t\u00e9 verbalis\u00e9es au total, pour non respect du couvre-feu le soir du 31 d\u00e9cembre. 662\u00a0personnes ont \u00e9t\u00e9 interpell\u00e9es et 407 ont \u00e9t\u00e9 plac\u00e9es en garde \u00e0 vue. Au total, les forces de l&rsquo;ordre ont proc\u00e9d\u00e9 \u00e0 plus de <strong>45.000\u00a0contr\u00f4les <\/strong>le soir du r\u00e9veillon.\u00a0<\/p>\n<h2>F\u00eates de fin d&rsquo;ann\u00e9es : un reconfinement \u00e9vit\u00e9<\/h2>\n<p>Avant les f\u00eates de fin d&rsquo;ann\u00e9e, des voix s&rsquo;\u00e9taient \u00e9lev\u00e9es pour proposer un reconfinement d\u00e8s le 26 d\u00e9cembre. S&rsquo;il n&rsquo;a finalement pas \u00e9t\u00e9 mis en place au lendemain de No\u00ebl, l&rsquo;ex\u00e9cutif craint une reprise de l&rsquo;\u00e9pid\u00e9mie\u00a0courant janvier.\u00a0<\/p>\n<p>Le 22\u00a0d\u00e9cembre, Arnaud Robinet, maire LR de Reims, avait propos\u00e9 au micro de <em>Franceinfo\u00a0<\/em>un<strong> reconfinement \u00ab\u00a0<em>territorial\u00a0\u00bb<\/em> ou \u00ab\u00a0<em>national<\/em>\u00ab\u00a0<\/strong>, en r\u00e9ponse \u00e0 l&rsquo;augmentation des cas de coronavirus, notamment dans le <strong>Grand Est<\/strong>. Selon lui, le<strong> reconfinement <\/strong>devait d\u00e9buter \u00ab\u00a0<em>le 25\u00a0ou\u00a026\u00a0jusqu&rsquo;\u00e0 la rentr\u00e9e, c&rsquo;est-\u00e0-dire jusqu&rsquo;au 3\u00a0ou 4\u00a0janvier<\/em>\u00ab\u00a0.\u00a0<\/p>\n<p>Le professeur\u00a0Djillali Annane, m\u00e9decin \u00e0\u00a0l&rsquo;h\u00f4pital Raymond-Poincar\u00e9 de Garches, dans les Hauts-de-Seine, recommandait\u00a0\u00e9galement un<strong> reconfinement d\u00e8s le 26\u00a0d\u00e9cembre<\/strong>. Il avait expliqu\u00e9 aupr\u00e8s de <em>France 3 <\/em>qu&rsquo;il aurait fallu \u00ab\u00a0<em><strong>quelque chose de drastique, court,<\/strong> qui se terminerait autour du 20\u00a0janvier [&#8230;] et qui permettrait, et c&rsquo;est \u00e7a qui est important, de ramener le nombre de contaminations quotidiennes proche de 1\u00a0000\u00a0par jour\u00a0\u00bb. <\/em>Et de conclure : <em>\u00ab\u00a0\u00c7a, combin\u00e9 au d\u00e9ploiement de la vaccination, permettra d&rsquo;envisager une <strong>sortie du tunnel d\u00e9finitive \u00e0 la fin du printemps<\/strong><\/em>\u00ab\u00a0.\u00a0<\/p>\n<h2>Question du jour : Que\u00a0risque-t-on\u00a0s&rsquo;il on est\u00a0bloqu\u00e9 dans les embouteillages en plein couvre-feu ?<\/h2>\n<p>\u00c0 20h (ou 18h dans les d\u00e9partements susmentionn\u00e9s), sauf motif imp\u00e9rieux, vous devez \u00eatre arriv\u00e9 chez vous. Mais suis-je en tort si je suis encore <strong>bloqu\u00e9 dans les embouteillages<\/strong> alors que le couvre-feu a d\u00e9j\u00e0 commenc\u00e9 ?\u00a0\u00a0Selon <em>La Voix du Nord<\/em>, qui a interrog\u00e9 la pr\u00e9fecture du Nord et du Pas-de-Calais, \u00ab\u00a0<em>chacun est invit\u00e9 \u00e0 prendre ses pr\u00e9cautions pour pouvoir arriver \u00e0 l&rsquo;heure chez soi<\/em> \u00ab\u00a0, mais en cas de<strong> r\u00e9els embouteillages<\/strong> \u00ab\u00a0<em>les forces de l&rsquo;ordre pourront faire preuve de discernement et \u00e9tudier chaque situation au cas par cas\u00a0\u00bb.<\/em>\u00a0<\/p>\n<p>Pour les <strong>travailleurs <\/strong>qui n&rsquo;auraient pas r\u00e9ussi \u00e0 rentrer chez eux dans les temps,\u00a0\u00ab\u00a0<em>il conviendra de pr\u00e9senter le<strong> justificatif de d\u00e9placement professionnel<\/strong>, compl\u00e9t\u00e9 par l&#8217;employeur<\/em>\u00ab\u00a0, lit-on.<\/p>\n<h2>L&rsquo;\u00e9conomie, moins touch\u00e9e par le confinement de novembre<\/h2>\n<p>L&rsquo;activit\u00e9 a beaucoup mieux r\u00e9sist\u00e9 au confinement de novembre qu&rsquo;\u00e0 celui du\u00a0printemps,\u00a0selon une \u00e9tude de la Dares publi\u00e9e le 23 d\u00e9cembre. Pour le <strong>reconfinement<\/strong>, moins de\u00a0salari\u00e9s \u00e9taient en <strong>ch\u00f4mage partiel.<\/strong><\/p>\n<p>En novembre, <strong>39% des entreprises<\/strong> \u00e9taient en perte d&rsquo;activit\u00e9 (contre 80\u00a0% en avril) et <strong>4% \u00e9taient en arr\u00eat\u00a0<\/strong>(contre 12% d&rsquo;arr\u00eat au premier confinement), selon des statistiques du minist\u00e8re du Travail.\u00a0<\/p>\n<p>Les secteurs les plus touch\u00e9s par le confinement de novembre sont rest\u00e9s <strong>l&rsquo;h\u00e9bergement-restauration<\/strong> ainsi que\u00a0les \u00ab\u00a0<strong><em>autres activit\u00e9s de service<\/em><\/strong>\u00ab\u00a0, notamment le secteur des arts.<\/p>\n<p>En outre,<strong> 2,9\u00a0millions de salari\u00e9s<\/strong> \u00e9taient en activit\u00e9 partielle, contre 8,4 millions en avril.<\/p>\n<p>Depuis le 15 d\u00e9cembre, nous pouvons de nouveau <strong>nous d\u00e9placer dans les rues<\/strong> sans attestation, mais il faut\u00a0continuer \u00e0 respecter certaines mesures restrictives, comme l&rsquo;a annonc\u00e9 le Premier ministre le 10 d\u00e9cembre.<\/p>\n<p><strong>Qu&rsquo;avons-nous le droit de faire ou pas depuis\u00a0le 15 d\u00e9cembre ?<\/strong><\/p>\n<h3>Se d\u00e9placer sans attestation en journ\u00e9e<\/h3>\n<p>Il vous est d\u00e9sormais permis de <strong>vous d\u00e9placer sans attestation<\/strong>, sauf entre 20h et 6 du matin o\u00f9 le couvre-feu sera en vigueur. Il vous faudra alors une attestation de d\u00e9placement d\u00e9rogatoire si vous devez vous d\u00e9placer en cas de motifs imp\u00e9rieux. Le couvre-feu n&rsquo;est toutefois pas en vigueur dans les territoires d&rsquo;Outre-mer.<\/p>\n<h3>Rendre visite \u00e0 des amis ou voisins<\/h3>\n<p>Vous pouvez rendre visite \u00e0 des amis ou voisins jusqu&rsquo;\u00e0 20h.\u00a0<\/p>\n<h3>Se d\u00e9placer entre les r\u00e9gions<\/h3>\n<p>Vous pouvez d\u00e9sormais vous d\u00e9placer entre les r\u00e9gions sans limite de distance.<\/p>\n<h3>Se rendre sur les territoires d&rsquo;Outre-Mer<\/h3>\n<p>Il vous est possible de vous <strong>rendre sur les territoires d&rsquo;Outre-Mer,<\/strong> mais \u00ab\u00a0<em>le contr\u00f4le sanitaire fait l&rsquo;objet de mesures diff\u00e9renci\u00e9es selon les d\u00e9partements<\/em>\u00ab\u00a0, lit-on sur le site de la pr\u00e9fecture de la R\u00e9union. Un <a href=\"https:\/\/sante.journaldesfemmes.fr\/fiches-maladies\/2635621-test-pcr-covid-sans-ordonnance-prix-signification-fiabilite-resultats-rembourse\/\" title=\"Test RT-PCR\">test PCR<\/a> n\u00e9gatif est obligatoire pour se rendre en Guyane,\u00a0\u00e0 la R\u00e9union, ou en Martinique, par exemple.\u00a0<\/p>\n<h3>Voyager \u00e0 l&rsquo;\u00e9tranger<\/h3>\n<p>Il vous est possible de<strong> <a href=\"http:\/\/www.affinite.fr\/index.php\/2023\/07\/29\/changer-de-vie-voyager-complement-de-retraite-devenez-vendeur-de-glace-a-litalienne\/\">voyager<\/a> \u00e0 l&rsquo;\u00e9tranger<\/strong>, en th\u00e9orie. Toutefois, le quai d&rsquo;Orsay pr\u00e9cise : \u00ab\u00a0<em>Compte tenu de l&rsquo;\u00e9volution rapide de la <a href=\"https:\/\/sante.journaldesfemmes.fr\/fiches-maladies\/2619795-pandemie-coronavirus-covid-19-definition-signification-difference-epidemie-exemple-monde\/\" title=\"Pand\u00e9mie\">pand\u00e9mie<\/a> dans le monde, il sera indispensable de se tenir inform\u00e9 avant d&rsquo;envisager tout d\u00e9placement, en consultant les conseils aux voyageurs du minist\u00e8re des Affaires \u00e9trang\u00e8res<\/em>\u00ab\u00a0. Certains pays n&rsquo;autorisent pas, pour l&rsquo;instant, l&rsquo;acc\u00e8s aux voyageurs \u00e9trangers ou leur imposent une quatorzaine.<\/p>\n<h3>Se rendre dans un lieu de culte<\/h3>\n<p>Vous pouvez vous rendre dans les lieux de culte, mais mais deux si\u00e8ges doivent rester libres entre chaque personne ou entit\u00e9 familiale et<br \/>seule une rang\u00e9e sur deux doit \u00eatre\u00a0occup\u00e9e.<\/p>\n<p>Les r\u00e8gles des<strong> lieux de culte<\/strong> ne seront pas revues \u00e0 la hausse pour l&rsquo;instant, afin de r\u00e9duire les brassages et concentrations de public.\u00a0<\/p>\n<h3>Reprendre une activit\u00e9 extra-scolaire<\/h3>\n<p>Les enfants pourront reprendre leur activit\u00e9 extra-scolaire si elle se d\u00e9roule en int\u00e9rieur, comme la piscine\u00a0ou\u00a0la danse, sauf s&rsquo;il s&rsquo;agit d&rsquo;un sport de contact. Toutefois, pour les adultes, les salles de sport restent ferm\u00e9es.<\/p>\n<h3>Se d\u00e9placer entre 20h (ou 18h) et 6h du matin, sauf&#8230;<\/h3>\n<p>Il ne vous est pas permis de vous d\u00e9placer pendant les heures du couvre-feu, sauf motif imp\u00e9rieux, \u00e0 savoir les\u00a0motifs professionnels, motifs familiaux, raisons m\u00e9dicales, pour r\u00e9aliser des missions d&rsquo;int\u00e9r\u00eat g\u00e9n\u00e9ral, pour les personnes en situation de handicap et leur accompagnants, et pour promener son animal domestique.<\/p>\n<h3>Faire son jogging le soir<\/h3>\n<p>La <strong>pratique sportive<\/strong>\u00a0ne repr\u00e9sente\u00a0pas un motif d\u00e9rogatoire au couvre-feu, puisqu&rsquo;elle est possible en journ\u00e9e.<\/p>\n<h3>Se rendre dans un cin\u00e9ma, salle de spectacle, casino&#8230;<\/h3>\n<p>Les cin\u00e9mas, th\u00e9\u00e2tres, salles de spectacle, mus\u00e9es, ne rouvriront\u00a0pas leurs portes avant le 7 janvier.\u00a0L&rsquo;accueil du public dans les cirques, salles de jeu, casinos, et autres rencontres sportives est \u00e9galement interdit.\u00a0<\/p>\n<h3>Se rendre au restaurant ou dans un bar<\/h3>\n<p>Jean Castex a affirm\u00e9 que la <strong>situation des restaurants et bars <\/strong>demeurait inchang\u00e9e pour l&rsquo;instant. Ils\u00a0devraient \u00eatre en mesure d&rsquo;ouvrir le 20\u00a0janvier, sauf si la situation sanitaire se d\u00e9t\u00e9riore.\u00a0<\/p>\n<h3>Se rendre \u00e0 l&rsquo;universit\u00e9<\/h3>\n<p>Le Conseil d&rsquo;\u00c9tat a rejet\u00e9 la demande de 77\u00a0\u00e9tudiants de l&rsquo;universit\u00e9 Paris 1\u00a0Panth\u00e9on-Sorbonne d&rsquo;avancer \u00e0 d\u00e9but janvier la r\u00e9ouverture des universit\u00e9s. La situation devrait donc rester identique jusqu&rsquo;au 20\u00a0janvier. Toutefois, d\u00e8s d\u00e9but janvier, le Premier ministre a indiqu\u00e9 que certains \u00e9tudiants, comme les \u00e9tudiants \u00e9trangers, pourraient revenir en pr\u00e9sentiel \u00e0 titre d\u00e9rogatoire.<\/p>\n<h3>Se rendre dans une salle de sport<\/h3>\n<p>Les salles de sport ne devraient pas rouvrir avant le 20 janvier.<\/p>\n<h2>Restaurants et bars : pas de r\u00e9ouverture le 20 janvier ?<\/h2>\n<p>Les restaurants et bars pourraient finalement ne pas<strong> rouvrir le 20 janvier<\/strong>.\u00a0\u00ab\u00a0<em>Je ne peux pas vous dire <strong>avec certitude<\/strong> que nous rouvrirons les bars et les restaurants le 20\u00a0janvier<\/em>\u00ab\u00a0, a expliqu\u00e9\u00a0Bruno Le Maire, le\u00a014\u00a0d\u00e9cembre sur <em>Franceinfo<\/em>. Pour que cette \u00e9ch\u00e9ance soit respect\u00e9e, il faut que \u00ab\u00a0<em>la p\u00e9riode des f\u00eates de fin d&rsquo;ann\u00e9e ne se soit pas traduite par un <strong>rebond de l&rsquo;\u00e9pid\u00e9mie<\/strong><\/em>\u00ab\u00a0.<\/p>\n<p>Le ministre de l&rsquo;\u00c9conomie a ajout\u00e9 qu&rsquo;il serait \u00ab\u00a0<em>malhonn\u00eate<\/em>\u00a0\u00bb de sa part de d\u00e9clarer avec certitude que les restaurants et bars seraient de nouveau en mesure d&rsquo;accueillir du monde d\u00e8s fin janvier.\u00a0\u00a0Et d&rsquo;ajouter: \u00ab\u00a0<em>Je crois avoir tenu un discours de v\u00e9rit\u00e9 depuis le premier jour de cette crise, je continuerai \u00e0 le tenir<\/em>\u00ab\u00a0.<\/p>\n<p><strong>L&rsquo;attestation de d\u00e9placement d\u00e9rogatoire <\/strong>n&rsquo;est plus en vigueur, sauf entre 20h (ou 18h pour les d\u00e9partements susmention\u00e9s)\u00a0et 6h du matin.\u00a0<\/p>\n<p>Les<strong> d\u00e9rogations au couvre-feu seront possibles<\/strong> en cas de motifs professionnels, motifs familiaux, raisons m\u00e9dicales, pour r\u00e9aliser des missions d&rsquo;int\u00e9r\u00eat g\u00e9n\u00e9ral, pour les personnes en situation de handicap et leur accompagnants, et pour promener son animal domestique.<\/p>\n<p>En cas de voyage, notamment pour les d\u00e9parts en vacances, vous pourrez pr\u00e9senter votre<strong> billet de train ou d&rsquo;avion,\u00a0<\/strong>par exemple, afin de pouvoir vous <strong>d\u00e9placer <\/strong>ou\u00a0vous rendre jusqu&rsquo;\u00e0 votre destination<strong> apr\u00e8s 20h. Le titre de transport fait foi en cas de contr\u00f4le de Police.<\/strong><\/p>\n<h3>Pourrai-je me rendre chez des amis ou voisins apr\u00e8s le 15 d\u00e9cembre ?\u00a0<\/h3>\n<p>Vous aurez tout \u00e0 fait le droit de vous rendre chez des amis ou voisins en journ\u00e9e, apr\u00e8s le 15 d\u00e9cembre. Toutefois, \u00e0 20h, vous devrez avoir regagn\u00e9 votre domicile, sauf en cas de d\u00e9rogations et except\u00e9 le soir du 24 d\u00e9cembre o\u00f9 le couvre-feu est lev\u00e9.<\/p>\n<h3>Dois-je me d\u00e9placer avec une attestation ?\u00a0<\/h3>\n<p>Vous ne serez plus dans l&rsquo;obligation d&rsquo;\u00eatre muni d&rsquo;une attestation pour vous d\u00e9placer, sauf entre 20h et 6 du matin. Attention, l&rsquo;attestation de d\u00e9placement d\u00e9rogatoire pendant le couvre-feu sera diff\u00e9rente de celle du confinement.<\/p>\n<h3>Pourrai-je me rendre dans les territoires d&rsquo;Outre-mer\u00a0?<\/h3>\n<p>Vous pourrez tout \u00e0 fait vous rendre dans ces territoires. Toutefois, il vous faudra effectuer un test PCR dans les 72\u00a0heures avant le voyage. Si vous souhaitez vous rendre en Nouvelle-Cal\u00e9donie, vous devrez \u00e9galement subir une quatorzaine&#8230;<\/p>\n<h3>Pourrais-je me rendre \u00e0 l&rsquo;\u00e9tranger ?<\/h3>\n<p>Le gouvernement autorise les d\u00e9placements \u00e0 l&rsquo;\u00e9tranger. Toutefois, le minist\u00e8re des Affaires \u00c9trang\u00e8res a pr\u00e9cis\u00e9 au <em>Parisien<\/em> :\u00a0\u00ab\u00a0<em>Les d\u00e9placements \u00e0 l&rsquo;\u00e9tranger en dehors de l&rsquo;espace Schengen d\u00e9pendent du pays o\u00f9 vous souhaitez vous rendre et des r\u00e8gles d&rsquo;entr\u00e9e \u00e9tablie sur leur territoire<\/em>\u00ab\u00a0.<\/p>\n<h3>Faut-il se faire tester avant d&rsquo;aller voir ses proches\u00a0?<\/h3>\n<p>Cela n&rsquo;est pas une obligation.\u00a0\u00ab\u00a0<em>Vous pouvez \u00e9videmment vous faire tester, mais, s&rsquo;il vous pla\u00eet, n&rsquo;utilisez pas le test comme une sorte de totem d&rsquo;immunit\u00e9<\/em>\u00a0\u00bb , a pr\u00e9cis\u00e9\u00a0Olivier V\u00e9ran, qui a alert\u00e9 face aux probabilit\u00e9s de\u00a0\u00ab\u00a0<em>faux n\u00e9gatifs<\/em>\u00ab\u00a0.<\/p>\n<h3>Peut-on voyager apr\u00e8s 20h pendant le couvre- feu\u00a0?<\/h3>\n<p>En ce qui concerne les\u00a0voyages en train ou en avion apr\u00e8s 20\u00a0heures, ils sont autoris\u00e9s pendant le couvre-feu. Mais vous devez pouvoir pr\u00e9senter votre billet de transport en cas de contr\u00f4le.<\/p>\n<p>\u00ab\u00a0<em>Bien \u00e9videmment que les forces de l&rsquo;ordre, si vous \u00eates \u00e0 quelques dizaines de kilom\u00e8tres de votre lieu de destination et si vous pouvez \u00e9videmment le prouver par votre attestation, vous laisseront rejoindre votre lieu de vacances<\/em>\u00ab\u00a0, a ajout\u00e9 G\u00e9rald Darmanin durant la conf\u00e9rence de presse.<\/p>\n<h3>Puis-je sortir faire un jogging pendant le couvre-feu ?<\/h3>\n<p>Non, il ne vous sera pas possible de sortir pendant le couvre-feu pour pratiquer un sport, dans la mesure o\u00f9 c&rsquo;est d\u00e9j\u00e0 permis pendant la journ\u00e9e, a expliqu\u00e9 Jean Castex.\u00a0<\/p>\n<h3>Les enfants pourront-ils pratiquer leurs activit\u00e9s extra-scolaires\u00a0en int\u00e9rieur\u00a0?<\/h3>\n<p>Les enfants pourront, comme pr\u00e9vu, reprendre leurs activit\u00e9s extra-scolaires en int\u00e9rieur, telles que la piscine, le basket ou la danse, a d\u00e9clar\u00e9\u00a0le minist\u00e8re des Sports.<\/p>\n<h2>\u00c9changes et remboursements sans frais \u00e0 la SNCF<\/h2>\n<p>La SNCF\u00a0a annonc\u00e9 que les <strong>\u00e9changes et annulations sans frais <\/strong>pour les trajets grandes lignes pourraient \u00eatre prolong\u00e9s jusqu&rsquo;au 7 mars.\u00a0Alain Krakovitch, directeur g\u00e9n\u00e9ral de Voyages SNCF, a indiqu\u00e9 sur Twitter, le 7 d\u00e9cembre : \u00ab\u00a0<em>Une bonne nouvelle pour d\u00e9marrer cette semaine: les \u00e9changes et remboursements pour les trajets du 5\u00a0janvier au 7\u00a0mars 2021\u00a0avec TGV Inoui, Ouigo et Intercit\u00e9s resteront sans frais, jusqu&rsquo;\u00e0 3\u00a0jours inclus avant le d\u00e9part\u00a0\u00bb<\/em>.<\/p>\n<h2>Vacances d&rsquo;hiver : exit le ski, place \u00e0 la mer et \u00e0 la campagne !<\/h2>\n<p>Le coronavirus a totalement perturb\u00e9 nos vacances d&rsquo;hiver&#8230; En novembre, les Fran\u00e7ais ont d\u00e9couvert que les remont\u00e9es m\u00e9caniques des <strong>stations de ski <\/strong>ne rouvriraient pas pour les f\u00eates de fin d&rsquo;ann\u00e9e&#8230; et ont donc totalement modifi\u00e9 leurs<strong> projets de vacances <\/strong>!\u00a0<\/p>\n<p>Abritel, expert de la location de vacances pour les familles, a remarqu\u00e9 que les <strong>destinations les plus recherch\u00e9es <\/strong>sur leur plateforme \u00e9taient, dans l&rsquo;ordre,\u00a0le <strong>Morbihan, les Bouches-du-Rh\u00f4ne, les Pyr\u00e9n\u00e9es-Atlantiques, le Vaucluse ou encore le Finist\u00e8re<\/strong>. Conclusion\u00a0?\u00a0Les destinations montagnardes restent demand\u00e9es, mais contrairement aux vacances de fin d&rsquo;ann\u00e9e habituelles, l&rsquo;int\u00e9r\u00eat pour les <strong>destinations r\u00e9put\u00e9es estivales<\/strong> est presque aussi fort.<\/p>\n<p>Timoth\u00e9e de Roux, directeur g\u00e9n\u00e9ral d&rsquo;Abritel, a toutefois remarqu\u00e9\u00a0: \u00ab\u00a0<em>Parmi les massifs fran\u00e7ais, les <strong>Vosges <\/strong>semblent mieux r\u00e9sister que les Alpes car les pratiques sportives locales sont moins d\u00e9pendantes des remont\u00e9es m\u00e9caniques et des infrastructures qui pourraient rester ferm\u00e9es pendant les vacances de No\u00ebl<\/em>\u00ab\u00a0.<\/p>\n<h2>Comment les Fran\u00e7ais vivront-ils la fin d&rsquo;ann\u00e9e ?<\/h2>\n<p>Pour 42 % des Fran\u00e7ais, <strong>2020 a \u00e9t\u00e9 la pire ann\u00e9e de leur vie<\/strong>, selon une enqu\u00eate Groupon r\u00e9alis\u00e9e aupr\u00e8s de 2000 sond\u00e9s.\u00a0Trois Fran\u00e7ais sur quatre sont d\u00e9termin\u00e9s \u00e0 <strong>c\u00e9l\u00e9brer les f\u00eates de fin d&rsquo;ann\u00e9e<\/strong>, mais ils sont trois sur dix \u00e0 envisager de le faire <strong>\u00e0 distance<\/strong>.<\/p>\n<p>Toutefois, <strong>l&rsquo;optimisme <\/strong>n&rsquo;est pas perdu, puisque <strong>52 % des sond\u00e9s souhaitent \u00ab\u00a0<em>rattraper tout ce qu&rsquo;ils ont manqu\u00e9 en 2020<\/em>\u00a0\u00bb et 70 % sont convaincus que \u00ab\u00a0<em>l&rsquo;esprit de No\u00ebl<\/em>\u00a0\u00bb pourra s&#8217;emparer de nous pour nous donner la positive attitude !\u00a0<\/strong><br \/>M\u00eame si pour beaucoup\u00a0la <strong>situation financi\u00e8re <\/strong>est pr\u00e9caire,\u00a0 77% des sond\u00e9s souhaitent se faire plaisir en <strong>s&rsquo;offrant des cadeaux,<\/strong> pour lesquels ils d\u00e9penseraient\u00a0en moyenne<strong> 206 euros.<\/strong>\u00a0<\/p>\n<p>41\u00a0% assurent que rien ne les emp\u00eachera de faire leurs achats de No\u00ebl dans <strong>les petits commerces.\u00a0<\/strong>Le <strong>commerce en ligne<\/strong> reste toutefois une mani\u00e8re pratique d&rsquo;effectuer ses achats, puisque 36 % pr\u00e9f\u00e8rent y avoir recours.\u00a0Les jeunes de 18 \u00e0 34 ans sont d&rsquo;ailleurs 52 % \u00e0 le faire davantage que les autres ann\u00e9es.\u00a0<br \/>Un quart des Fran\u00e7ais pense tout de m\u00eame <strong>d\u00e9penser moins pour les cadeaux<\/strong>, cette ann\u00e9e.<\/p>\n<h2>Un confinement moins difficile gr\u00e2ce \u00e0 nos boules de poils ?<\/h2>\n<p>Selon le chercheur en neuroscience, Christophe Rodo, vous pouvez passer un confinement plus agr\u00e9able gr\u00e2ce \u00e0&#8230; votre<strong> animal de compagnie<\/strong> !<\/p>\n<p>C&rsquo;est la conclusion d&rsquo;une \u00e9tude de\u00a0plusieurs chercheurs anglais, qui ont compar\u00e9 les <strong>effets du confinement sur la sant\u00e9 mentale<\/strong>, en fonction de plusieurs param\u00e8tres.\u00a0<\/p>\n<p>Il en ressort qu&rsquo;avoir \u00e0 ses c\u00f4t\u00e9s un matou, un toutou ou un gentil perroquet aurait des <strong>effets b\u00e9n\u00e9fiques sur le moral<\/strong> et permettrait donc de vivre le confinement de mani\u00e8re moins difficile, a expliqu\u00e9 le scientifique dans le podcast de <em>Ouest-France<\/em>, <em>La T\u00eate Dans Le Cerveau<\/em>.<\/p>\n<h2>Station de ski : des contr\u00f4les aux fronti\u00e8res\u00a0?<\/h2>\n<p>Jean Castex a annonc\u00e9 la mise en place de <strong>contr\u00f4les al\u00e9atoires aux fronti\u00e8res (et d&rsquo;\u00e9ventuelles\u00a0\u00ab\u00a0quarantaines)<\/strong>. Les personnes se faisant contr\u00f4ler devraient \u00eatre test\u00e9es, et dans le cas o\u00f9 elles seraient <strong>positives au coronavirus<\/strong>, seraient plac\u00e9es \u00e0 l&rsquo;isolement pendant\u00a0<strong>sept jours<\/strong>.\u00a0<\/p>\n<p>\u00ab\u00a0<em>L&rsquo;id\u00e9e, c&rsquo;est d&#8217;emp\u00eacher les Fran\u00e7ais d&rsquo;aller <strong>se contaminer dans les stations<\/strong><\/em>\u00a0\u00bb de Suisse ou d&rsquo;Espagne, qui, elles, ne sont pas ferm\u00e9es, a expliqu\u00e9 le Premier ministre sur <em>RMC<\/em> et <em>BFM<\/em>, face \u00e0 Jean-Jacques Bourdin. Il a toutefois pr\u00e9cis\u00e9 que les tentatives d&rsquo;<strong>harmonisation des mesures europ\u00e9ennes<\/strong> \u00e9taient toujours en cours.<\/p>\n<h2>Insolite du jour\u00a0: Joseph, 92\u00a0ans, ermite et aficionado de pizza<\/h2>\n<p>Joseph, 92\u00a0ans, habite Suc\u00e9-sur-Erdre, pr\u00e8s de Nantes, et passe son confinement&#8230; \u00e0 <strong>savourer des pizzas<\/strong> ! Avant l&rsquo;assignation \u00e0 domicile, il cassait la cro\u00fbte dans le restaurant favori de sa ville. Mais depuis le confinement, il ne met plus le nez dehors, a d\u00e9couvert <strong>la livraison \u00e0 domicile<\/strong> et commande donc tous les jours une pizza, son <strong>unique repas de la journ\u00e9e<\/strong> (assortie de canettes de Coca-Cola).<\/p>\n<p>Le menu du restaurant\u00a0? Il ne le consulte m\u00eame pas\u00a0! \u00ab\u00a0<em>Ce qu&rsquo;il y a dedans ne m&rsquo;int\u00e9resse pas<\/em>\u00ab\u00a0, a-t-il confi\u00e9 \u00e0 <em>Ouest-France<\/em>.<\/p>\n<p>Il s&rsquo;agit d\u00e9sormais de son<strong> 34e jour de pizza<\/strong>. \u00ab\u00a0<em>C&rsquo;est une exp\u00e9rience qui me convient. Je peux manger la m\u00eame chose toute ma vie et ne pas sortir. J&rsquo;ai \u00e9t\u00e9 marin. J&rsquo;aurais fait un tr\u00e8s bon prisonnier de guerre<\/em>\u00ab\u00a0, a expliqu\u00e9 celui qui n&rsquo;a jamais rempli d&rsquo;attestation de d\u00e9placement&#8230;\u00a0<\/p>\n<p>Pour ce fervent croyant qui vit reclus, la<strong> r\u00e9ouverture des lieux de culte<\/strong> n&rsquo;est pas une n\u00e9cessit\u00e9\u00a0:\u00a0\u00ab\u00a0<em>La messe n&rsquo;a jamais \u00e9t\u00e9 vraiment indispensable aux chr\u00e9tiens. La plupart des saints ont v\u00e9cu comme des ermites et ils avaient la nature pour \u00e9glise<\/em>\u00ab\u00a0.<\/p>\n<h2>Un \u0153uf secoue l&rsquo;Angleterre<\/h2>\n<p>En Angleterre, l&rsquo;\u00e9tau se desserre. Les commerces et restaurants peuvent rouvrir&#8230; mais pas <strong>les pubs<\/strong>, sauf s&rsquo;ils servent un \u00ab\u00a0<strong><em>repas complet<\/em><\/strong>\u00ab\u00a0.\u00a0Une condition qui secoue le pays du th\u00e9 depuis quelques jours. Qu&rsquo;est-ce qu&rsquo;un \u00ab\u00a0<em>repas complet<\/em>\u00a0\u00bb\u00a0? Certains peuvent consid\u00e9rer qu&rsquo;il s&rsquo;agit d&rsquo;une salade quand d&rsquo;autres argueront qu&rsquo;il n&rsquo;est point de \u00ab\u00a0<em>repas complet<\/em>\u00a0\u00bb sans prot\u00e9ines et f\u00e9culents.\u00a0<\/p>\n<p>Il a \u00e9t\u00e9 rapport\u00e9 par les autorit\u00e9s que le\u00a0<strong>scotch egg<\/strong>, un\u00a0\u0153uf mollet entour\u00e9 de chair \u00e0 saucisse et de chapelure, une sp\u00e9cialit\u00e9\u00a0britannique, est bien consid\u00e9r\u00e9e\u00a0comme un <strong>repas complet<\/strong>. Un soulagement&#8230; de courte dur\u00e9e\u00a0! Michael Gove, ministre charg\u00e9 de coordonner l&rsquo;action du gouvernement, a lui d\u00e9clar\u00e9 que ce met ne constituait qu&rsquo;une <strong>simple entr\u00e9e<\/strong>.\u00a0<\/p>\n<p>Quant au porte-parole du gouvernement, il a simplement d\u00e9clar\u00e9\u00a0: \u00ab\u00a0<em>Les snacks pris au bar ne comptent pas<\/em>\u00ab\u00a0. Les patrons de pubs sont <strong>rest\u00e9s pantois et confus<\/strong>.<\/p>\n<p>La<strong> cacophonie et les contradictions<\/strong> ne sont donc pas l&rsquo;apanage de nos politiques fran\u00e7ais\u00a0!\u00a0<\/p>\n<h2>(Encore) Une f\u00eate qui d\u00e9g\u00e9n\u00e8re<\/h2>\n<p>Une quarantaine de personnes ont<strong> c\u00e9l\u00e9br\u00e9 un anniversaire\u00a0<\/strong>au Pellerin sur une parcelle proche de la Loire, dans la nuit du 28\u00a0au 29\u00a0novembre, selon <em>Ouest-France<\/em>.<\/p>\n<p>La f\u00eate s&rsquo;\u00e9tait tenue sur un terrain, en ext\u00e9rieur, et les participants \u00e9taient \u00e2g\u00e9s de <strong>20\u00a0\u00e0 25\u00a0ans<\/strong>, en moyenne. Les gendarmes sont intervenus dans la matin\u00e9e, et ont dress\u00e9 <strong>31\u00a0verbalisations<\/strong>, dont une qui incluait la d\u00e9tention de stup\u00e9fiants et conduite sous stup\u00e9fiants.<\/p>\n<p>Quant \u00e0 l&rsquo;organisateur de la soir\u00e9e, il va faire l&rsquo;objet d&rsquo;une proc\u00e9dure judiciaire pour\u00a0 <strong>mise en danger de la vie d&rsquo;autrui<\/strong>.<\/p>\n<p>Jean Castex a annonc\u00e9 la mise en place de <strong>contr\u00f4les al\u00e9atoires aux fronti\u00e8res<\/strong>. Les personnes se faisant contr\u00f4ler devraient \u00eatre test\u00e9es, et dans le cas o\u00f9 elles seraient <strong>positives au coronavirus<\/strong>, seraient imm\u00e9diatement plac\u00e9es en quarantaine pendant<strong> sept jours<\/strong>.\u00a0\u00ab\u00a0<em>L&rsquo;id\u00e9e, c&rsquo;est d&#8217;emp\u00eacher les Fran\u00e7ais d&rsquo;aller <strong>se contaminer dans les stations<\/strong><\/em>\u00a0\u00bb de Suisse ou d&rsquo;Espagne, qui, elles, ne sont pas ferm\u00e9es, a expliqu\u00e9 le Premier ministre sur <em>RMC<\/em> et <em>BFM<\/em>, face \u00e0 Jean-Jacques Bourdin. Il a toutefois pr\u00e9cis\u00e9 que les tentatives d&rsquo;<strong>harmonisation des mesures europ\u00e9ennes<\/strong> \u00e9taient toujours en cours.<\/p>\n<h2>Une rave-party en plein confinement<\/h2>\n<p>Encore une f\u00eate en plein confinement&#8230; Le confinement n&rsquo;a pas emp\u00each\u00e9 200 personnes de se r\u00e9unir pour une<strong> rave-party, \u00e0 Saint-Marcellin, en Is\u00e8re<\/strong>, dans la nuit du 28 au 29 novembre. Ils s&rsquo;\u00e9taient rassembl\u00e9s dans un b\u00e2timent d\u00e9saffect\u00e9 du centre-ville.\u00a0Ils auraient m\u00eame proc\u00e9d\u00e9 par deux fois \u00e0 des <strong>tirs de feux d&rsquo;artifice<\/strong>.<\/p>\n<p>Ce sont les <strong>voisins <\/strong>qui, perturb\u00e9s par les <strong>nuisances sonores<\/strong>, ont pr\u00e9venu les gendarmes.\u00a0Ceux-ci se sont rapidement rendus sur place. Ils ont d&rsquo;abord surveill\u00e9 le d\u00e9roulement de la soir\u00e9e, et ont attendu avant d&rsquo;agir, afin de pouvoir\u00a0\u00ab\u00a0<em>\u00e9vacuer dans de bonnes conditions de s\u00e9curit\u00e9<\/em>\u00ab\u00a0, selon<em> France 3<\/em>.<\/p>\n<p>Puis, ils\u00a0ont <strong>verbalis\u00e9<\/strong> les f\u00eatards inv\u00e9t\u00e9r\u00e9s pour non-respect du confinement, dans la matin\u00e9e du 29\u00a0novembre. Certains \u00e9taient \u00e9galement coupables de <strong>conduite sous l&#8217;emprise de l&rsquo;alcool ou de stup\u00e9fiants<\/strong>. Le propri\u00e9taire des lieux, qui n&rsquo;\u00e9tait pas au courant de cette f\u00eate clandestine, a <strong>port\u00e9 plainte<\/strong>.\u00a0<\/p>\n<h2>Les Fran\u00e7ais ont-ils quitt\u00e9 leur r\u00e9sidence principale ?<\/h2>\n<p>Pour ce <strong>deuxi\u00e8me confinement,\u00a0<\/strong>10 % de Fran\u00e7ais ont quitt\u00e9 leur<strong> r\u00e9sidence principale<\/strong>, selon un sondage Odoxa-CGI pour <em>Franceinfo<\/em> et <em>France Bleu<\/em>. Concr\u00e8tement, cela repr\u00e9sente <strong>cinq millions de Fran\u00e7ais<\/strong>, soit <strong>un million de plus<\/strong> que lors du premier confinement. Parmi eux, 14\u00a0% viennent d&rsquo;\u00eele-de-France, 13\u00a0%, des Hauts-de-France, et 11 %, d&rsquo;Occitanie.\u00a0\u00a0<\/p>\n<p>Bien que ce confinement ait \u00e9t\u00e9 moins strict que le pr\u00e9c\u00e9dent, la <strong>sant\u00e9 mentale <\/strong>des Fran\u00e7ais est plus inqui\u00e9tante qu&rsquo;au printemps. Selon le m\u00eame sondage, <strong>62 %<\/strong> des des habitants de l&rsquo;Hexagone gardent le moral&#8230;\u00a0ce qui repr\u00e9sente<strong> 13 points de moins<\/strong> que lors du premier confinement.<\/p>\n<h2>Librairies : un bilan (relativement) positif<\/h2>\n<p>Les librairies ont enfin pu rouvrir le 28 novembre. D\u00e9sormais, l&rsquo;heure est au rattrapage du chiffre d&rsquo;affaires perdu pendant ce mois de confinement. Toutefois, gr\u00e2ce au syst\u00e8me du \u00ab\u00a0Click &amp; Collect\u00a0\u00bb et \u00e0 la livraison \u00e0 domicile, beaucoup d&rsquo;entre eux\u00a0ont pu <strong>poursuivre les ventes<\/strong>.<\/p>\n<p>R\u00e9sultat ? En moyenne, les librairies ont r\u00e9alis\u00e9 <strong>40\u00a0% de leur chiffre d&rsquo;affaires habituel<\/strong>, selon le syndicat de la librairie fran\u00e7aise. Un chiffre qui n&rsquo;est pas si catastrophique, notamment compar\u00e9 au confinement de novembre.\u00a0<\/p>\n<p>Il semble que les Fran\u00e7ais aient \u00e9t\u00e9 port\u00e9s par un \u00e9lan de solidarit\u00e9 qui les a pouss\u00e9s \u00e0 soutenir les livres et les libraires !<\/p>\n<div class=\"ccminsert\">\n<blockquote class=\"twitter-tweet\">\n<p dir=\"ltr\" lang=\"fr\">Les librairies ont r\u00e9sist\u00e9 en novembre: au terme de ces quatre semaines in\u00e9dites, la situation est finalement moins mauvaise que pr\u00e9vu <a href=\"https:\/\/t.co\/C07wKZl5NU\">pic.twitter.com\/C07wKZl5NU<\/a><\/p>\n<p>\u2014 BFM Business (@bfmbusiness) <a href=\"https:\/\/twitter.com\/bfmbusiness\/status\/1333302500816982018?ref_src=twsrc%5Etfw\">November 30, 2020<\/a><\/p><\/blockquote>\n<\/div>\n<h2><strong>Ces messages commerciaux qui agacent <\/strong><\/h2>\n<p><strong>En ces deux\u00a0confinements<\/strong>,<strong>\u00a0<\/strong>les marques ont tenu \u00e0 <strong>exprimer leur soutien <\/strong>aupr\u00e8s des consommateurs afin de les fid\u00e9liser. Une d\u00e9marche qui a \u00e9t\u00e9 appr\u00e9ci\u00e9e par 48\u00a0% des consommateurs, selon une enqu\u00eate de\u00a0Selligent Marketing Cloud, mais que 25\u00a0% ont consid\u00e9r\u00e9e comme une perte de temps. Certains <strong>messages scand\u00e9s par les marques <\/strong>ont m\u00eame particuli\u00e8rement agac\u00e9 certains. Le slogan\u00a0\u00ab\u00a0<strong><em>on est tous ensemble<\/em><\/strong>\u00a0\u00bb a par exemple irrit\u00e9 un bon nombre de consommateurs (20\u00a0%), suivi de pr\u00e8s par l&rsquo;expression\u00a0\u00ab\u00a0<strong><em>face \u00e0 ces temps incertains<\/em><\/strong>\u00a0\u00bb (18\u00a0%), et le message \u00ab\u00a0<strong><em>nous sommes l\u00e0 pour vous<\/em><\/strong>\u00ab\u00a0.\u00a0<br \/>Une tentative de cr\u00e9er un lien avec le consommateur qui fait souvent un flop. Les principaux int\u00e9ress\u00e9s sont <strong>54\u00a0% \u00e0 pr\u00e9f\u00e9rer une communication plus concr\u00e8te<\/strong>, par le biais d&rsquo;offres et r\u00e9ductions\u00a0!\u00a0<\/p>\n<h2>L&#8217;empreinte carbone en baisse, mais pas la consommation<\/h2>\n<p><strong>L&#8217;empreinte carbone des Fran\u00e7ais <\/strong>a chut\u00e9 d&rsquo;environ <strong>36\u00a0%\u00a0<\/strong>durant les deux premi\u00e8res semaines d&rsquo;assignation \u00e0 domicile, par rapport \u00e0 la moyenne hors-confinement, selon une \u00e9tude Greenly. Il s&rsquo;agit tout de m\u00eame une baisse moins importante que durant les deux premi\u00e8res semaines du\u00a0<strong>confinement de printemps<\/strong>, o\u00f9 l&#8217;empreinte carbone des Fran\u00e7ais avait <strong>diminu\u00e9 de 65\u00a0%<\/strong>.<\/p>\n<p>Dans le d\u00e9tail, <strong>l&#8217;empreinte carbone des transports<\/strong> a baiss\u00e9 de <strong>67\u00a0%<\/strong>\u00a0pour cette deuxi\u00e8me vague, par rapport \u00e0 une p\u00e9riode hors-confinement.\u00a0<\/p>\n<p>Quant \u00e0 la <strong>consommation des Fran\u00e7ais<\/strong>, elle reste stable, selon l&rsquo;\u00e9tude, sauf en ce qui concerne <strong>l&rsquo;habillement<\/strong>. Les habitants de l&rsquo;Hexagone avaient <strong>achet\u00e9 en masse<\/strong> des v\u00eatements durant la p\u00e9riode qui a pr\u00e9c\u00e9d\u00e9 le couvre-feu, mais la consommation en habillement a ensuite remarquablement baiss\u00e9.\u00a0<\/p>\n<h2>Confinement = tapage nocturne&#8230; CQFD ?<\/h2>\n<p>Cons\u00e9quence directe du (non-respect du) confinement ? Les<strong> verbalisations pour tapage nocturne<\/strong> ont augment\u00e9 significativement \u00e0 Paris depuis le 22 septembre, soit l&rsquo;annonce de la fermeture des bars \u00e0 22h, selon <em>20 Minutes<\/em>.<\/p>\n<p>Comme l&rsquo;avait pr\u00e9cis\u00e9 <a href=\"https:\/\/www.journaldesfemmes.fr\/people\/emmanuel-macron\/\" title=\"Emmanuel Macron\">Emmanuel Macron<\/a>, la premi\u00e8re phase de cet<strong>\u00a0\u00ab\u00a0<em>all\u00e8gement du confinement<\/em>\u00a0\u00bb <\/strong>est\u00a0caract\u00e9ris\u00e9e par le maintien des\u00a0d\u00e9placements contraints et l&rsquo;attestation reste\u00a0obligatoire.\u00a0<\/p>\n<h3><a name=\"protocole-commerces\">R\u00e9ouverture des commerces : le protocole sanitaire<\/a><\/h3>\n<p>En ce qui concerne la<strong> r\u00e9ouverture des commerces<\/strong>, Alain Griset, ministre d\u00e9l\u00e9gu\u00e9 au Petites et Moyennes Entreprises, a d\u00e9taill\u00e9 le \u00ab\u00a0<em>protocole sanitaire renforc\u00e9<\/em>\u00ab\u00a0.<\/p>\n<p>Dans ces commerces, la jauge est port\u00e9e \u00e0 <strong>8 m\u00e8tres carr\u00e9s par client<\/strong>. Elle s&rsquo;applique \u00e0 la <strong>surface de vente totale<\/strong>, sans compter les mobiliers du magasin et les salari\u00e9s. Ces mesures peuvent \u00eatre adapt\u00e9es selon le bon sens. Ainsi, un couple ou une famille compte pour une seule personne.<\/p>\n<p>Pour les<strong> magasins de plus de 400 m\u00e8tres carr\u00e9s<\/strong>, un <strong>syst\u00e8me de comptage<\/strong>\u00a0est mis en place pour garantir le respect de la distanciation sociale.<\/p>\n<p>Un<strong> sens unique de circulation<\/strong> doit\u00a0\u00eatre mis en place lorsque\u00a0c&rsquo;est possible, le renouvellement r\u00e9gulier de l&rsquo;air devra \u00eatre garanti, et le gel hydroalcoolique mis \u00e0 disposition.\u00a0<\/p>\n<p>Les <strong>horaires d&rsquo;ouverture<\/strong> peuvent\u00a0s&rsquo;\u00e9tendre jusqu&rsquo;\u00e0 21h et des\u00a0d\u00e9rogations d&rsquo;ouverture le dimanche pourront \u00eatre mises en place.<\/p>\n<h3><a name=\"libraries-bibilo\">Quid des librairies et\u00a0biblioth\u00e8ques\u00a0?\u00a0<\/a><\/h3>\n<p>Les librairies, magasins d&rsquo;instruments de musique, peuvent\u00a0rouvrir, comme les autres commerces. Les biblioth\u00e8ques et archives sont\u00a0 accessibles au public.<\/p>\n<p><a name=\"auto-ecoles\"><span style=\"font-size: 1rem; font-weight: 700;\">R\u00e9ouverture des auto-\u00e9coles<\/span><\/a><\/p>\n<p>Les<strong> auto-\u00e9coles<\/strong>\u00a0reprennent\u00a0les activit\u00e9s de pr\u00e9paration \u00e0 l&rsquo;examen du permis de conduire. Toutefois, la <strong>pr\u00e9paration \u00e0\u00a0l&rsquo;\u00e9preuve th\u00e9orique<\/strong> devra se faire \u00e0 distance.<\/p>\n<h3><a name=\"lieux-culte\">R\u00e9ouverture des lieux de culte<\/a><\/h3>\n<p>Les<strong> lieux de culte<\/strong> sont rouverts d\u00e8s ce samedi\u00a028\u00a0novembre, les <strong>offices religieux<\/strong> peuvent se tenir \u00e0 condition de respecter la<strong>\u00a0jauge<\/strong>.\u00a0<\/p>\n<p>Il s&rsquo;agit d\u00e9sormais\u00a0\u00ab\u00a0<em>pour l&rsquo;organisation des c\u00e9r\u00e9monies, de laisser libres deux si\u00e8ges entre chaque personne ou entit\u00e9 familiale et de n&rsquo;occuper qu&rsquo;une rang\u00e9e sur deux<\/em>\u00ab\u00a0, lit-on dans le\u00a0communiqu\u00e9.\u00a0<\/p>\n<p>Auparavant, le gouvernement avait annonc\u00e9 un nombre de fid\u00e8les maximum de <strong>30\u00a0personnes<\/strong>. Une jauge qui ne prenait pas en compte la <strong>taille des lieux de culte<\/strong>, et qui n&rsquo;\u00e9tait donc pas jug\u00e9e pertinente.<\/p>\n<p>D&rsquo;autres discussions auront lieu avec les repr\u00e9sentants des religions dans les prochains jours, afin <strong>d&rsquo;assouplir davantage <\/strong>cette nouvelle jauge \u00e0 partir du 15\u00a0d\u00e9cembre.\u00a0<\/p>\n<h3><a name=\"visites-immo\">Reprise des visites immobili\u00e8res et services \u00e0 domicile<\/a><\/h3>\n<p>Les<strong> visites immobili\u00e8res <\/strong>reprennent \u00e9galement, dans le respect d&rsquo;un protocole strict, ainsi que les\u00a0services \u00e0 domicile.<\/p>\n<h3><a name=\"deplacements-plus-loin\">Des d\u00e9placements plus longs, plus loin<\/a><\/h3>\n<p>D\u00e9sormais, le p\u00e9rim\u00e8tre autoris\u00e9 pour votre d\u00e9placement s&rsquo;\u00e9largit\u00a0\u00e0 <strong>20\u00a0kilom\u00e8tres<\/strong>, et votre sortie peut\u00a0s&rsquo;\u00e9tendre <strong>durant trois heures<\/strong>. Mais attention, vous n&rsquo;avez toujours <strong>pas le droit de vous rendre chez des amis ou des membres de votre famille.<\/strong><\/p>\n<h2>Les aides pour les jeunes<\/h2>\n<p>Les jeunes font partie des <strong>principales victimes <\/strong>de la crise sanitaire. \u00ab\u00a0<em>La rar\u00e9faction des petits jobs accro\u00eet le risque de pr\u00e9carit\u00e9 pour les \u00e9tudiants<\/em>\u00ab\u00a0, a expliqu\u00e9 Jean Castex.<strong> 20.000\u00a0contrats pass\u00e9s par les Crous<\/strong> pour une dur\u00e9e de 4\u00a0mois, \u00e0 raison de 10\u00a0heures par semaine, seront donc cr\u00e9es.\u00a0<\/p>\n<p>Le budget allou\u00e9 au Crous pour donner des aides d&rsquo;urgence sera doubl\u00e9. \u00ab\u00a0<em>Elles repr\u00e9senteront un co\u00fbt de 56\u00a0millions d&rsquo;euros sur les prochains mois<\/em>\u00ab\u00a0, a-t-il ajout\u00e9.<\/p>\n<h2>Les aides aux secteurs touch\u00e9s par la crise<\/h2>\n<p>L&rsquo;aide aux secteurs les plus touch\u00e9s par la crise sera renforc\u00e9e. Il s&rsquo;agira de \u00ab\u00a0<em><strong>couvrir int\u00e9gralement la charge <\/strong>des entreprises oblig\u00e9es de rester ferm\u00e9es jusqu&rsquo;au 20\u00a0Janvier<\/em>\u00ab\u00a0.<\/p>\n<p>\u00ab\u00a0<em>Il restait \u00e0 mieux couvrir leurs charges fixes ce que nous faisons avec le <strong>fonds de solidarit\u00e9 d&rsquo;urgence<\/strong>. Pour les entreprises de taille plus importante, nous souhaitons que <strong>ce fonds de solidarit\u00e9 soit r\u00e9nov\u00e9<\/strong><\/em>\u00ab\u00a0, a pr\u00e9cis\u00e9 le Premier ministre.<\/p>\n<p>Une aide mensuelle de 900\u00a0euros sera dispens\u00e9e pour les saisonniers, intermittents et travailleurs pr\u00e9caires, a pr\u00e9cis\u00e9 Elisabeth Borne.<\/p>\n<h2>Reprise des visites de maisons et appartements\u00a0: St\u00e9phane Plaza fait tomber le bas<\/h2>\n<figure class=\"image\" style=\"float:left\"><a class=\"fancy\" href=\"https:\/\/img-3.journaldesfemmes.fr\/9ZmgdrRYAlIGSIzbjIMNd5JIhug=\/1080x\/smart\/4af351fb4b964d27b0034222c85f4943\/ccmcms-jdf\/20350626.png\"><img decoding=\"async\" alt=\"\" src=\"https:\/\/img-3.journaldesfemmes.fr\/bczUR5Ltimq2q-KZPNl1OlPmyPU=\/250x\/smart\/4af351fb4b964d27b0034222c85f4943\/ccmcms-jdf\/20350626.png\"\/><\/a><figcaption data-credit=\"Capture d'\u00e9cran - Story Instagram\"><small>\u00a9\u00a0Capture d&rsquo;\u00e9cran &#8211; Story Instagram<\/small><\/figcaption><\/figure>\n<p><strong>Les agences immobili\u00e8res peuvent\u00a0<\/strong>rouvrir leurs portes au public\u00a0<strong>d\u00e8s le 28 novembre<\/strong>. \u00ab\u00a0<em>Les visites reprennent, c&rsquo;est une bonne nouvelle, qui vient soulager l&rsquo;ensemble de nos professionnels, dont la situation devenait pour beaucoup intenable<\/em>\u00ab\u00a0, s&rsquo;est r\u00e9joui dans un communiqu\u00e9 Jean-Marc Torrollion, Pr\u00e9sident de la FNAIM (F\u00e9d\u00e9ration nationale de l&rsquo;immobilier). Mais celles-ci devront respecter un<strong> protocole sanitaire de branche<\/strong>, diff\u00e9rent de celui des petits commerces. Celui-ci a d\u00e9j\u00e0 \u00e9t\u00e9 \u00ab\u00a0<em>n\u00e9goci\u00e9 avec les organisations syndicales<\/em>\u00ab\u00a0, mais il n&rsquo;a pas encore \u00e9t\u00e9 valid\u00e9 par le Conseil scientifique.<\/p>\n<p>Selon le <em>Figaro<\/em>,\u00a0seules les visites de biens pour <strong>l&rsquo;achat ou la location d&rsquo;une r\u00e9sidence principale <\/strong>et qui ont \u00e9t\u00e9 valid\u00e9es par le propri\u00e9taire du bien immobilier, seront autoris\u00e9es. Le propri\u00e9taire devra avoir \u00e9t\u00e9<strong> pr\u00e9venu par \u00e9crit<\/strong> de la date et de l&rsquo;heure de la visite.<\/p>\n<p>Les visites dans les biens occup\u00e9s devraient \u00eatre<strong> limit\u00e9es<\/strong>, mais s&rsquo;ils sont<strong> vides<\/strong>, ils pourront \u00eatre visit\u00e9s <strong>une fois par demi-journ\u00e9e<\/strong>, par un visiteur unique,<strong> accompagn\u00e9 seulement de l&rsquo;agent immobilier<\/strong>.<\/p>\n<p>Et s&rsquo;il y&rsquo;en a un qui est ravi de cette nouvelle annonce, c&rsquo;est bien <strong>St\u00e9phane Plaza<\/strong> !<\/p>\n<p><strong>L&rsquo;agent immobilier favori du PAF<\/strong> avait promis \u00e0<em>\u00a0<\/em>la ministre du logement Emmanuelle Wargon qu&rsquo;il <strong>enl\u00e8verait le bas<\/strong> si les restrictions \u00e9taient lev\u00e9es. \u00ab\u00a0<em>Madame la ministre, si les visites reprennent avant le 1er d\u00e9cembre, j&rsquo;enl\u00e8ve le bas. Une promesse net vendeur what else<\/em>\u00ab\u00a0, a-t-il d\u00e9clar\u00e9 en Story Instagram.<\/p>\n<p>L&rsquo;animateur va donc devoir tenir sa promesse&#8230; Alors, heureux ?<\/p>\n<h2>\u00ab\u00a0\u00c9vitons un nouveau confinement\u00a0\u00bb<\/h2>\n<p>\u00ab\u00a0<em>Tous ensemble, <strong>\u00e9vitons un nouveau confinement<\/strong><\/em>\u00ab\u00a0, a d\u00e9clar\u00e9 dans une tribune l&rsquo;organisation France Assos Sant\u00e9, qui r\u00e9unit 85 associations de professionnels de la sant\u00e9.<\/p>\n<p>Alors qu&rsquo;un Conseil de d\u00e9fense se tient au sommet, l&rsquo;organisme souhaite \u00e9viter \u00ab\u00a0<em>une<strong> troisi\u00e8me voire quatri\u00e8me flamb\u00e9e<\/strong>\u00ab\u00a0<\/em>, et demande la mise en place d&rsquo;une <strong>strat\u00e9gie efficace<\/strong>\u00a0et \u00ab\u00a0<em>plus <a href=\"http:\/\/www.affinite.fr\/index.php\/2022\/10\/22\/la-creme-glacee-la-nouvelle-culture-commerciale\/\">ferme<\/a> du dispositif &lsquo;tester-tracer-isoler<\/em>&lsquo;\u00a0\u00bb ainsi que la poursuite de la distanciation sociale.<\/p>\n<h2>Une baisse des suicides malgr\u00e9 tout&#8230;<\/h2>\n<p>M\u00eame si les chiffres montrent que la <strong>sant\u00e9 mentale des Fran\u00e7ais<\/strong> en a pris un coup avec ce deuxi\u00e8me confinement, il semblerait que le <strong>nombre de suicides<\/strong> n&rsquo;ait pas augment\u00e9 dans l&rsquo;Hexagone.\u00a0<\/p>\n<p>\u00ab\u00a0<em>On n&rsquo;a pas aujourd&rsquo;hui une vague suicidaire. On assiste m\u00eame plut\u00f4t au contraire\u00a0: selon les remont\u00e9es de terrain que j&rsquo;ai, nous sommes en dessous des chiffres de 2019, un peu partout en France<\/em>\u00ab\u00a0, a confirm\u00e9 au <em>Monde<\/em>\u00a0Guillaume Vaiva,\u00a0vice-pr\u00e9sident du Groupement d&rsquo;\u00e9tudes et de pr\u00e9vention du suicide.<\/p>\n<h2>Macron, de plus en plus populaire\u00a0<\/h2>\n<p>En novembre, la cote de<strong> popularit\u00e9 d&rsquo;Emmanuel Macron <\/strong>a progress\u00e9 de trois points, contre toute attente,\u00a0d&rsquo;apr\u00e8s un sondage de l&rsquo;Ifop pour le <em>Journal du Dimanche<\/em>.<\/p>\n<p>Avec<strong> 41\u00a0% d&rsquo;opinions favorables,<\/strong> le pr\u00e9sident de la R\u00e9publique n&rsquo;avait pas autant convaincu les Fran\u00e7ais depuis six mois. Il est m\u00eame plus populaire que <strong>Nicolas Sarkozy <\/strong>(32\u00a0%) et <strong>Fran\u00e7ois Hollande<\/strong> (27 %) au m\u00eame moment de leur mandat.<br \/>Quant au <strong>Premier ministre Jean Castex<\/strong>, il r\u00e9unit 39\u00a0% d&rsquo;opinions favorables. Un score stable.<\/p>\n<h2>Enferm\u00e9s&#8230; sous les U.V<\/h2>\n<p>Cette ann\u00e9e a \u00e9t\u00e9 \u00e9prouvante pour moult Fran\u00e7ais, mais au moins, <strong>le soleil a brill\u00e9 sur l&rsquo;Hexagone<\/strong>&#8230; et m\u00eame sur la capitale ! Selon des donn\u00e9es relev\u00e9es par la station M\u00e9t\u00e9o-France du parc Montsouris, la barre des<strong> 2.000\u00a0heures d&rsquo;ensoleillement<\/strong> \u00e0 Paris a \u00e9t\u00e9 d\u00e9pass\u00e9e sur 2020, ce qui n&rsquo;\u00e9tait pas arriv\u00e9 depuis 1959\u00a0!\u00a0<\/p>\n<p>Plus de <strong>2.023\u00a0heures de soleil <\/strong>ont \u00e9t\u00e9 pour l&rsquo;instant relev\u00e9es \u00e0 Paris, depuis le 1er janvier. \u00c0 titre de comparaison, chaque ann\u00e9e, le soleil brille en moyenne pendant <strong>1600 heures<\/strong> dans la Ville Lumi\u00e8re (qui porte bien son nom, cette ann\u00e9e).<\/p>\n<h2>La jeunesse, g\u00e9n\u00e9ration sacrifi\u00e9e ?<\/h2>\n<p>Pour 75 % des Fran\u00e7ais, les jeunes d&rsquo;aujourd&rsquo;hui sont une <strong>g\u00e9n\u00e9ration sacrifi\u00e9e<\/strong>, selon un sondage Odoxa pour <em>Le Figaro<\/em> et <em>France Info<\/em>.<\/p>\n<p>Environ 65\u00a0%\u00a0des sond\u00e9s estiment que la <strong>jeunesse<\/strong> est \u00ab\u00a0<em>celle qui est actuellement la plus p\u00e9nalis\u00e9e par la crise sanitaire et ses cons\u00e9quences<\/em>\u00a0\u00bb et 85\u00a0% consid\u00e8rent qu&rsquo;elle \u00ab\u00a0<em>sera plus encore \u00e0 l&rsquo;avenir p\u00e9nalis\u00e9e par les cons\u00e9quences \u00e9conomiques de cette crise sanitaire<\/em>\u00ab\u00a0.<\/p>\n<p>Quant aux principaux int\u00e9ress\u00e9s, les jeunes, ils sont 75\u00a0%\u00a0\u00e0 d\u00e9clarer qu&rsquo;ils subissent \u00ab\u00a0<em>des<strong> pr\u00e9judices importants<\/strong><\/em>\u00ab\u00a0, depuis le d\u00e9but de la pand\u00e9mie, que ce soit sur le plan professionnel, \u00e9conomique ou sentimental.<\/p>\n<p>Ils sont 57\u00a0% \u00e0 avoir du mal \u00e0 supporter le confinement, mais 46\u00a0% d&rsquo;entre eux sont <strong>inquiets<\/strong> pour leur sant\u00e9, et 80\u00a0%\u00a0<strong>craignent pour celle de leur proche<\/strong>.<\/p>\n<p>D&rsquo;un autre c\u00f4t\u00e9, un Fran\u00e7ais sur deux estime que la jeunesse est en grande partie <strong>responsable<\/strong> \u00ab\u00a0<em>de la situation sanitaire actuelle car c&rsquo;est elle qui a le plus propag\u00e9 l&rsquo;\u00e9pid\u00e9mie<\/em>\u00ab\u00a0.\u00a0<\/p>\n<h2>Un troisi\u00e8me confinement ?<\/h2>\n<p>Devrons-nous subir un <strong>troisi\u00e8me confinement<\/strong> en mars ? C&rsquo;est ce que semblait indiquer un <strong>document qui a fuit\u00e9 sur les r\u00e9seaux sociaux<\/strong> et a provoqu\u00e9 la panique de bon nombre de Fran\u00e7ais. Il s&rsquo;agissait d&rsquo;une \u00ab\u00a0<em>note d&rsquo;information<\/em>\u00a0\u00bb qui semblait provenir\u00a0de la direction g\u00e9n\u00e9rale de la soci\u00e9t\u00e9 civile du minist\u00e8re de l&rsquo;Int\u00e9rieur. Elle indiquait: \u00ab\u00a0<em>Le Conseil de D\u00e9fense ayant statu\u00e9 pour un <strong>troisi\u00e8me confinement au 12\/03\/2021<\/strong>, un climat contestataire ne saurait \u00eatre admis avant le d\u00e9confinement du printemps 2021, sans quoi la campagne de vaccination massive ne pourra susciter un consentement populaire<\/em>\u00ab\u00a0.<\/p>\n<p>Certains ont mordu \u00e0 l&rsquo;hame\u00e7on, mais heureusement, <em>20 Minutes<\/em>, qui a contact\u00e9 le minist\u00e8re de l&rsquo;Int\u00e9rieur, a affirm\u00e9 qu&rsquo;il s&rsquo;agissait simplement d&rsquo;une<strong> mauvaise plaisanterie<\/strong>, le document \u00e9tant<strong> totalement faux<\/strong>.<\/p>\n<p>De surcro\u00eet, la direction g\u00e9n\u00e9rale de la s\u00e9curit\u00e9 civile et de la gestion des crises a assur\u00e9\u00a0\u00e0 l&rsquo;AFP que la note ne correspondait \u00ab\u00a0<em>pas \u00e0 la charte graphique des documents de la s\u00e9curit\u00e9 civile\u00a0\u00bb.<\/em><\/p>\n<h2>Plus de Blablabus avant mars 2021\u00a0<\/h2>\n<p>Les <strong>Blablabus ne circuleront plus en Europe<\/strong> avant le printemps 2021.\u00a0\u00ab\u00a0<em>On veut \u00e9viter de faire le yo-yo\u00a0: relancer pour No\u00ebl, refermer d\u00e9but janvier<\/em>\u00ab\u00a0, a expliqu\u00e9 Nicolas Brusson, directeur g\u00e9n\u00e9ral du groupe.<\/p>\n<p>Et de pr\u00e9ciser que d&rsquo;ici mars, le groupe esp\u00e8re que l&rsquo;on \u00ab\u00a0<em>aura quitt\u00e9 le stop &amp; go, le confinement\/d\u00e9confinement. Les annonces de ces derniers jours sur les vaccins ont l&rsquo;air d&rsquo;aller dans ce sens<\/em>\u00ab\u00a0.<\/p>\n<p>Quant aux billets d\u00e9j\u00e0 vendus, ils <strong>seront rembours\u00e9s<\/strong>.<\/p>\n<h2>D\u00e9pression : les Fran\u00e7ais confin\u00e9s, 2 fois plus touch\u00e9s\u00a0<\/h2>\n<p><span style=\"font-size: 1rem;\">Enfermement, isolement, limitation des d\u00e9placements, des contacts sociaux, des achats&#8230; Depuis un mois, une <\/span><strong style=\"font-size: 1rem;\">nouvelle vague de d\u00e9pression<\/strong><span style=\"font-size: 1rem;\"> est observ\u00e9e en France. <\/span><\/p>\n<p><span style=\"font-size: 1rem;\">Le nombre de personnes consid\u00e9r\u00e9es comme \u00ab\u00a0<\/span><em style=\"font-size: 1rem;\">en \u00e9tat d\u00e9pressif\u00a0\u00bb<\/em><span style=\"font-size: 1rem;\"> a presque doubl\u00e9 entre la fin septembre et le d\u00e9but novembre, passant de 11\u00a0% \u00e0 21\u00a0%\u00a0comme l&rsquo;a pr\u00e9cis\u00e9 le directeur g\u00e9n\u00e9ral de la Sant\u00e9, J\u00e9r\u00f4me Salomon. <\/span><\/p>\n<p><span style=\"font-size: 1rem;\">Manifestement, outre le ph\u00e9nom\u00e8ne de la d\u00e9pression saisonni\u00e8re, le <\/span><strong style=\"font-size: 1rem;\">couvre-feu et le deuxi\u00e8me confinement<\/strong><span style=\"font-size: 1rem;\"> ont pes\u00e9\u00a0lourd sur la <\/span><strong style=\"font-size: 1rem;\">sant\u00e9 mentale des Fran\u00e7ais<\/strong><span style=\"font-size: 1rem;\">. <\/span><\/p>\n<h3><span style=\"font-size: 1rem;\">Solitude et tristesse<\/span><\/h3>\n<p><span style=\"font-size: 1rem;\">\u00ab\u00a0<\/span><em style=\"font-size: 1rem;\">La crise sanitaire du Covid-19\u00a0a r\u00e9v\u00e9l\u00e9 la vuln\u00e9rabilit\u00e9 psychique de nombreux Fran\u00e7ais<\/em><span style=\"font-size: 1rem;\">\u00ab\u00a0, a comment\u00e9 le directeur g\u00e9n\u00e9ral de la sant\u00e9. Parmi les plus touch\u00e9s, on trouve les jeunes de 18\u00a0\u00e0 24\u00a0ans, les inactifs, les seniors et les personnes en difficult\u00e9 financi\u00e8re.<\/span><\/p>\n<h2>Un homme se fait contr\u00f4ler sans attestation&#8230; et se retrouve en prison<\/h2>\n<p>Un habitant de Dunkerque, dans le Nord, \u00e2g\u00e9 de 22\u00a0ans, s&rsquo;est fait <strong>contr\u00f4ler trois fois<\/strong> depuis le 1er novembre, alors qu&rsquo;il se d\u00e9pla\u00e7ait&#8230; sans attestation. Il a d&rsquo;abord \u00e9cop\u00e9 d&rsquo;une <strong>amende de 135 euros, puis de 200 euros<\/strong>. Mais la troisi\u00e8me fois qu&rsquo;il s&rsquo;est fait prendre la main dans le sac, le 14 novembre, vers 1h du matin, il a \u00e9t\u00e9 <strong>directement interpell\u00e9<\/strong>, raconte le site <em>Actu.fr<\/em>.<\/p>\n<p>Il est m\u00eame pass\u00e9 devant un juge, puis a \u00e9t\u00e9, ni plus ni moins, incarc\u00e9r\u00e9. Verdict ? <strong>Deux mois de prison ferme<\/strong>, auxquels se sont ajout\u00e9s six mois suppl\u00e9mentaires de prison ferme pour <strong>deux peines<\/strong> qu&rsquo;il n&rsquo;avait pas purg\u00e9es.<\/p>\n<p>Il faut dire que\u00a0G\u00e9rald Darmanin avait somm\u00e9 les pr\u00e9fets de faire preuve de <strong>davantage de fermet\u00e9<\/strong> face au non-respect du confinement&#8230;<\/p>\n<h2>En \u00cele-de-France, l&rsquo;offre de\u00a0m\u00e9tro\u00a0se r\u00e9duit<\/h2>\n<p>Face \u00e0 la<strong> baisse de la fr\u00e9quentation des m\u00e9tros<\/strong>, la RATP\u00a0<strong>r\u00e9duit\u00a0son offre de 50\u00a0% <\/strong>en \u00cele-de-France, en heures creuses (c&rsquo;est-\u00e0-dire entre 10 et 16\u00a0heures), selon <em>Le Parisien<\/em>. Toutefois, les<strong> lignes 13, 1\u00a0et 14 <\/strong>ne seront pas concern\u00e9es par cette baisse de l&rsquo;offre.<\/p>\n<p>Le week-end et lors des vacances scolaires, les m\u00e9tros circulent\u00a0\u00e0 75\u00a0%.<\/p>\n<p>En ce qui concerne les<strong> RER A, B, C et E<\/strong>, le trafic devrait rester normal. En revanche, quelques trains sont\u00a0supprim\u00e9s par la SNCF sur<strong> le RER D<\/strong> en heures creuses, depuis le 16 novembre.\u00a0<\/p>\n<div class=\"ccminsert\">\n<blockquote class=\"twitter-tweet\">\n<p dir=\"ltr\" lang=\"fr\"><a href=\"https:\/\/twitter.com\/hashtag\/Covid19?src=hash&amp;ref_src=twsrc%5Etfw\">#Covid19<\/a> <a href=\"https:\/\/twitter.com\/hashtag\/qml?src=hash&amp;ref_src=twsrc%5Etfw\">#qml<\/a> <a href=\"https:\/\/twitter.com\/hashtag\/RERD?src=hash&amp;ref_src=twsrc%5Etfw\">#RERD<\/a> Sur le nord, pr\u00e9voyez un \u00e9cart entre 2 trains de 10 \u00e0 25 min. Attention au nord de Goussainville, il y a 2 trous de desserte d&rsquo;une heure dans chaque sens !<br \/>Sur la branche Melun, pr\u00e9voir un train toutes les 30 minutes. <a href=\"https:\/\/t.co\/uEqY5t9ukG\">pic.twitter.com\/uEqY5t9ukG<\/a><\/p>\n<p>\u2014 SaDur, usagers RER D (@Asso_SaDur) <a href=\"https:\/\/twitter.com\/Asso_SaDur\/status\/1327570736249233409?ref_src=twsrc%5Etfw\">November 14, 2020<\/a><\/p><\/blockquote>\n<\/div>\n<h2>Plus d&rsquo;arr\u00eats de travail longs ?<\/h2>\n<p>Difficile pour certains de pouvoir se rendre au travail en s\u00e9r\u00e9nit\u00e9, lorsqu&rsquo;ils ne peuvent t\u00e9l\u00e9travailler, qu&rsquo;ils ont des enfants \u00e0 charge ou qu&rsquo;ils vivent avec des personnes \u00e0 risque. Selon le Barom\u00e8tre Absent\u00e9isme annuel de Malakoff Humanis, la quantit\u00e9\u00a0de longs arr\u00eats de travail a augment\u00e9 de 33\u00a0% en 2020. Cette ann\u00e9e,\u00a0les arr\u00eats de travail dus au Covid-19\u00a0ont repr\u00e9sent\u00e9 6% de l&rsquo;ensemble des arr\u00eats de travail. Ils constituent 12\u00a0% des arr\u00eats maladie, contre 9\u00a0% l&rsquo;ann\u00e9e pr\u00e9c\u00e9dente et s&rsquo;\u00e9l\u00e8vent en moyenne \u00e0 94 jours.<\/p>\n<h2>Le (d\u00e9but) de la\u00a0fin du r\u00e8gne d&rsquo;Amazon ?<\/h2>\n<p>Les Fran\u00e7ais en ont soup\u00e9 de <strong>l&rsquo;h\u00e9g\u00e9monie Amazon<\/strong>. Le 16 novembre, une p\u00e9tition sign\u00e9e par 120\u00a0politiques, syndicalistes et \u00e9diteurs a demand\u00e9 \u00e0 ce que le g\u00e9ant du net soit<strong> tax\u00e9 lourdement<\/strong>. En outre, les habitants de l&rsquo;Hexagone ont <strong>r\u00e9duit leur consommation sur Amazon<\/strong> ces derni\u00e8res semaines, selon une information d&rsquo;\u00c9douard Natt\u00e9e, PDG de Foxintelligence, aupr\u00e8s de <em>France Info<\/em>.<\/p>\n<h2>Faits (insolites)\u00a0: P\u00e9nurie de raclette et courses en slip\u00a0:<\/h2>\n<h2>Dix \u00e0 table\u00a0? Calculez le risque d&rsquo;attraper\u00a0le coronavirus<\/h2>\n<p><strong>Conna\u00eetre votre risque d&rsquo;attraper le Coronavirus<\/strong> en fonction de la taille des \u00e9v\u00e9nements auxquels vous souhaitez participer, <strong>c&rsquo;est d\u00e9sormais possible<\/strong>\u00a0! Mis en ligne mi-juillet, le site\u00a0<em><a href=\"https:\/\/covid19risk.biosci.gatech.edu\/\">Covid-19 Event Risk Assessment Planning Tool<\/a><\/em> le calcule pour vous !\u00a0<\/p>\n<p>Vous souhaitez participer \u00e0 un diner <strong>de dix personnes dans les Yvelines<\/strong>\u00a0? Vous avez <strong>32\u00a0% <\/strong>de risque d&rsquo;attraper le Covid-19. Vous souhaitez c\u00e9l\u00e9brer votre anniversaire <strong>avec quinze de vos amis dans le Bas-Rhin<\/strong>\u00a0? <strong>Risqu\u00e9<\/strong>, puisque vous avez <strong>56\u00a0%<\/strong> de chance d&rsquo;\u00eatre contamin\u00e9. Vous avez pr\u00e9vu d&rsquo;organiser votre mariage <strong>recensant 80\u00a0invit\u00e9s en Vend\u00e9e<\/strong>\u00a0? Vous devriez envisager de reporter car vous avez <strong>77\u00a0% de chance d&rsquo;attraper le Coronavirus<\/strong>.\u00a0<\/p>\n<p>Des statistiques fiables qui se basent sur <strong>le raisonnement de chercheurs de l&rsquo;universit\u00e9 Georgia Tech<\/strong> dont le travail a r\u00e9cemment \u00e9t\u00e9 valid\u00e9 par une publication dans l&rsquo;une des prestigieuses revues scientifiques <i>Nature<\/i>.\u00a0<\/p>\n<p><strong>Alors comment \u00e7a fonctionne\u00a0? <\/strong>Pour proc\u00e9der \u00e0 leurs calculs, les chercheurs se basent sur <strong>les nombres officiels des contaminations par d\u00e9partement<\/strong>. Un recensement auquel s&rsquo;ajoute l&rsquo;hypoth\u00e8se selon laquelle les contaminations r\u00e9elles seraient <strong>cinq \u00e0 dix fois sup\u00e9rieures <\/strong>que<strong>\u00a0<\/strong>les chiffres officiels ne l&rsquo;indiquent. Ainsi, les pr\u00e9c\u00e9dentes estimations se sont bas\u00e9es sur l&rsquo;id\u00e9e que seul un cas sur dix \u00e9tait d\u00e9tect\u00e9.\u00a0<\/p>\n<div style=\"text-align:center\">\n<figure class=\"image\" style=\"display:inline-block\"><img decoding=\"async\" alt=\"\" src=\"https:\/\/img-3.journaldesfemmes.fr\/gIOCdRY9cYlgEiZC1SqG3ahihuQ=\/600x\/smart\/f3e468d1b2bf4511952cd902f4af89fe\/ccmcms-jdf\/20074670.png\"\/><figcaption data-credit=\"Capture d'\u00e9cran du site Covid-19 Event Risk Assessment Planning Tool\"><small>\u00a9\u00a0Capture d&rsquo;\u00e9cran du site Covid-19 Event Risk Assessment Planning Tool<\/small><\/figcaption><\/figure>\n<\/div>\n<p>A noter que,\u00a0selon les propos tenus par son cr\u00e9ateur, Joshua Weitz\u00a0\u00e0 l&rsquo;AFP, l&rsquo;outil\u00a0base ses calculs sur l&rsquo;id\u00e9e qu&rsquo;<strong>une personne positive reste contagieuse pendant dix jours<\/strong>. Une pr\u00e9vision qui\u00a0s&rsquo;\u00e9l\u00e8ve pourtant plut\u00f4t \u00e0 <strong>cinq-six jours<\/strong>. Le cas de figure de <strong>l&rsquo;isolement des personnes contamin\u00e9es<\/strong> n&rsquo;est pas non plus pris en compte. Mais, le site souligne tout de m\u00eame que la plupart des contaminations proviennent de personnes qui n&rsquo;ont <strong>pas ou peu de sympt\u00f4mes.\u00a0<\/strong><\/p>\n<p>Une <strong>approche qui poursuit un objectif <\/strong>selon les confidences de Joshua Weitz\u00a0: <i>\u00ab\u00a0Nous esp\u00e9rons que ces informations conduiront les gens \u00e0 ne pas organiser ou \u00e0 remettre en question leur participation \u00e0 de grands \u00e9v\u00e9nements, ainsi qu&rsquo;\u00e0 un renforcement du port du <a href=\"https:\/\/sante.journaldesfemmes.fr\/fiches-maladies\/2609189-masque-covid-19-coronavirus-transparent-chirurgical-jetable-lavable-tissu-ffp2-achat-afnor-prix-filtre\/\" title=\"Masque anti-virus\">masque<\/a>.\u00a0\u00bb<\/i>\u00a0<\/p>\n<h2>Un confinement altern\u00e9 permettrait de r\u00e9duire le risque de contamination par 4<\/h2>\n<h3><strong>Se confiner une semaine sur deux<\/strong>.<\/h3>\n<p>C&rsquo;est ce que propose une \u00e9quipe de chercheurs majoritairement isra\u00e9liens dont le travail vient d&rsquo;\u00eatre pr\u00e9-publi\u00e9 dans la rue <em>Nature Communications<\/em>.<br \/>Leur <strong>id\u00e9e<\/strong> est simple\u00a0: <strong>permettre \u00e0 seulement 50\u00a0% de la population<\/strong> de sortir en m\u00eame temps. Un stratag\u00e8me qui permettrait de <strong>r\u00e9duire le risque de contamination par quatre,<\/strong> \u00e0 en croire leurs recherches. \u00ab\u00a0<em>Une personne reste chez elle une semaine sur deux, ce qui divise par deux la chance d&rsquo;\u00eatre contamin\u00e9e par des gens \u00e0 l&rsquo;ext\u00e9rieur<\/em>, d\u00e9taille \u00e0 <em>Sciences et <a href=\"http:\/\/www.affinite.fr\/index.php\/2024\/12\/08\/chere-maman-et-si-ce-noel-vous-offriez-a-votre-ado-un-avenir-%f0%9f%8e%84%e2%9c%a8\/\">Avenir<\/a><\/em>\u00a0la chercheuse fran\u00e7aise Navi Schulmann, qui a particip\u00e9 aux recherches.\u00a0<em>La semaine o\u00f9 elle sort, elle ne rencontre que la moiti\u00e9 de la population qu&rsquo;elle a l&rsquo;habitude de rencontrer, ce qui divise encore une fois par deux les chances de contamination<\/em>.\u00a0\u00bb\u00a0<br \/>Tout en \u00e9tant <strong>presque aussi efficace<\/strong> selon les scientifiques, cette solution pourrait permettre d&rsquo;<strong>\u00e9viter de recourir au confinement total<\/strong>.\u00a0\u00ab\u00a0<em>On voit que notre m\u00e9thode [&#8230;] est comparable au confinement classique de 75\u00a0\u00e0 80% de la population<\/em>\u00ab\u00a0, pr\u00e9cise Nava Schulmann,\u00a0dont le travail consistait \u00e0 effectuer\u00a0les simulations num\u00e9rique d&rsquo;un confinement altern\u00e9.\u00a0\u00a0<\/p>\n<p><strong>Une solution pour autant compliqu\u00e9e\u00a0\u00e0 mettre en oeuvre<\/strong>, comme a tenu \u00e0 le souligner l&rsquo;urgentiste Patrick Pelloux sur le plateau de <em>BFM-TV<\/em>: \u00ab\u00a0<em>La gestion d&rsquo;un peuple doit \u00eatre simple et pas contraignante<\/em>\u00ab\u00a0, a-t-il indiqu\u00e9.<\/p>\n<p>Et pour cause\u00a0: la mise en place d&rsquo;une telle solution demanderait \u00e0 ce que <strong>chaque personne appartenant au m\u00eame foyer fasse partie du m\u00eame groupe <\/strong>de sortie afin d&rsquo;\u00e9viter la multiplication des contacts avec l&rsquo;autre groupe.Un v\u00e9ritable casse-t\u00eate !\u00a0<\/p>\n<h2>Faits du jour\u00a0:<\/h2>\n<section>\n<h2>Des envies d&rsquo;\u00e9vasion (contrari\u00e9es)<\/h2>\n<\/section>\n<h2>Les Fran\u00e7ais d\u00e9pensent beaucoup et stockent toujours<\/h2>\n<h2>Les ap\u00e9ros-jardins, la tendance de ce confinement\u00a0?<\/h2>\n<p>Vous ne pouvez plus recevoir d&rsquo;invit\u00e9s chez vous pendant le <strong>confinement<\/strong>&#8230; mais si vous vous languissez des fins d&rsquo;apr\u00e8s-midi pass\u00e9es \u00e0 prendre<strong> l&rsquo;ap\u00e9ro entre amis<\/strong>, et que vous disposez d&rsquo;une terrasse (ou d&rsquo;un balcon), vous pouvez adopter la tendance de <strong>l&rsquo;ap\u00e9ro-jardin<\/strong>, popularis\u00e9e dans le Nord\u00a0!<\/p>\n<p>\u00c0 Saint-Andr\u00e9-Lez-Lille, des voisins d&rsquo;un quartier sortent d\u00e9sormais le dimanche \u00e0 la m\u00eame heure, et restent devant leurs p\u00e2t\u00e9s de maisons respectifs, certains munis de masques afin de redoubler de vigilance, pour prendre un verre et<strong> discuter\u00a0par jardins interpos\u00e9s <\/strong>! Un bon moyen de <strong>conserver le lien social<\/strong> tout en respectant le confinement. Et si vous vous lanciez aussi\u00a0?<\/p>\n<h2>Une amende pour les personnes atteintes de Covid-19\u00a0qui ne respectent pas l&rsquo;isolement\u00a0?<\/h2>\n<p>D&rsquo;apr\u00e8s les informations d&rsquo;<em>Europe 1<\/em>, <strong>le gouvernement fran\u00e7ais r\u00e9fl\u00e9chit \u00e0 rendre obligatoire l&rsquo;isolement des personnes atteintes du Covid-19. <\/strong>Les personnes infect\u00e9es\u00a0pourraient alors \u00eatre contr\u00f4l\u00e9es de pr\u00e8s, avec des amendes en cas de manquement. Des patients test\u00e9s positifs choisissent, en effet, de ne pas \u00e9bruiter leur \u00e9tat de sant\u00e9 pour continuer \u00e0 travailler et ne pas s&rsquo;isoler une semaine, au risque de continuer \u00e0 propager le virus. Au cours de\u00a0son allocution le 28\u00a0octobre dernier, pour annoncer le reconfinement, Emmanuel Macron avait appel\u00e9 \u00e0 un isolement plus efficace des p\u00e9riodes positives pour pouvoir sortir efficacement du confinement.\u00a0En Suisse, au Royaume-Uni et dans de nombreux pays d&rsquo;Asie, les patients contamin\u00e9s peuvent d\u00e9j\u00e0 se voir infliger une lourde contravention s&rsquo;ils sortent de chez eux avant la fin du d\u00e9lai impos\u00e9 par les autorit\u00e9s sanitaires.<\/p>\n<h2><b data-original-fontsize=\"19px\" data-original-lineheight=\"30px\">Pas de confinement cibl\u00e9\u00a0pour les personnes \u00e2g\u00e9es<\/b><\/h2>\n<p>Le porte-parole du gouvernement Gabriel Attal \u00e9carte un confinement impos\u00e9 pour les seniors.\u00a0<em>\u00ab\u00a0D&rsquo;abord parce qu&rsquo;\u00e9thiquement, ce serait objectivement compliqu\u00e9\u00a0\u00bb, <\/em>a-t-il soulign\u00e9 sur <em>Europe1<\/em>.\u00a0<em>\u00ab\u00a0Ensuite parce que c&rsquo;est parfois m\u00e9conna\u00eetre la situation de beaucoup de personnes \u00e2g\u00e9es qui ne vivent pas seules et qui vivent avec parfois plusieurs g\u00e9n\u00e9rations de la m\u00eame famille dans le m\u00eame appartement\u00a0\u00bb<\/em>, a-t-il ajout\u00e9.<\/p>\n<p><strong><em>\u00ab\u00a0Aujourd&rsquo;hui, il n&rsquo;y a pas un pays qui ait mis un confinement pour les personnes fragiles. Aujourd&rsquo;hui, la strat\u00e9gie qui fonctionne, c&rsquo;est celle d&rsquo;un confinement g\u00e9n\u00e9ralis\u00e9\u00a0\u00bb,<\/em><\/strong> a martel\u00e9 Olivier V\u00e9ran ce dimanche sur <em>France Inter<\/em>. Le ministre de la Sant\u00e9 a \u00e9galement not\u00e9\u00a0<em>\u00ab\u00a0un ralentissement de la progression de l&rsquo;\u00e9pid\u00e9mie\u00a0\u00bb<\/em> gr\u00e2ce au respect de l&rsquo;isolement par les Fran\u00e7ais.<\/p>\n<p>L&rsquo;ex\u00e9cutif avait r\u00e9fl\u00e9chi\u00a0\u00e0 un possible <strong>confinement\u00a0des personnes \u00e0 risques<\/strong>, selon les informations du <em>Monde <\/em>du 6\u00a0novembre.\u00a0\u00ab\u00a0<em>On travaille dessus, si l&rsquo;\u00e9pid\u00e9mie r\u00e9duit<\/em>\u00ab\u00a0, aurait-on d\u00e9clar\u00e9 dans l&rsquo;entourage d&rsquo;Emmanuel Macron. Le 26\u00a0octobre, le conseil scientifique avait estim\u00e9 \u00e0 <strong>22\u00a0millions<\/strong> le nombre de personnes dites vuln\u00e9rables, en France. Un chiffre qui comprend les <strong>seniors,<\/strong> mais aussi des <strong>jeunes<\/strong> avec \u00ab\u00a0<em><strong>facteurs de comorbidit\u00e9<\/strong> (diab\u00e8te, surpoids, insuffisance r\u00e9nale, cancer)<\/em>\u00ab\u00a0.<\/p>\n<p>Toutefois, pour le conseil scientifique, ce type de confinement \u00ab\u00a0<em><strong>ne pourrait \u00eatre obligatoire<\/strong>, pour des raisons \u00e0 la fois \u00e9thiques, sociales et sans doute juridiques (rupture d&rsquo;\u00e9galit\u00e9)<\/em>\u00ab\u00a0. \u00ab\u00a0<em>Cela serait penser que les jeunes ne sont pas touch\u00e9s par la maladie<\/em>\u00ab\u00a0, avait d\u00e9j\u00e0 mod\u00e9r\u00e9 un membre du minist\u00e8re.<\/p>\n<h2>Alerte sur les d\u00e9rives du Click and Collect<\/h2>\n<p>Vous avez s\u00fbrement crois\u00e9 des attroupements de personnes devant des magasins d&rsquo;articles de loisirs, de v\u00eatements, de jouets ? Le minist\u00e8re de l&rsquo;Economie a alert\u00e9 sur de <strong>mauvaises pratiques qui ont \u00e9t\u00e9 observ\u00e9es dans le cadre du syst\u00e8me Click and Collect<\/strong>. Un dispositif qui permet \u00e0 de nombreuses enseignes dites \u00ab\u00a0<em>non-essentielles<\/em>\u00a0\u00bb de continuer \u00e0 vendre leurs produits, \u00e0 condition que ces derniers soient command\u00e9s \u00e0 l&rsquo;avance.<\/p>\n<p>Parmi les d\u00e9rives observ\u00e9es, Bercy pointe du doigt les commandes qui sont pass\u00e9es devant ou \u00e0 l&rsquo;int\u00e9rieur du magasin, et non plus au domicile comme l&rsquo;exige pourtant ce syst\u00e8me. <strong>Une mauvaise habitude qui provoque la cr\u00e9ation de files d&rsquo;attente <\/strong>devant les enseignes des magasins.\u00a0\u00ab\u00a0<i>Ce n&rsquo;est pas acceptable car les files d&rsquo;attente multiplient les contacts<\/i>\u00ab\u00a0, a rappel\u00e9\u00a0un proche de Bruno Le Maire, ministre de l&rsquo;Economie, dans les colonnes du <em>Parisien<\/em>.<\/p>\n<h2>D\u00e9placements : les Fran\u00e7ais bougent 2\u00a0\u00e0 3\u00a0plus<strong>\u00a0<\/strong>que lors du premier Confinement<\/h2>\n<p>Nous nous d\u00e9pla\u00e7ons beaucoup plus que lors du premier Confinement. C&rsquo;est l&rsquo;enseignement que nous pouvons tirer des r\u00e9centes donn\u00e9es partag\u00e9es par de nombreuses entreprises, \u00e0 l&rsquo;instar de <strong>Orange<\/strong> ou encore <strong>Waze<\/strong>. Une baisse de<strong> 30\u00a0% du trafic autoroutier<\/strong> a ainsi \u00e9t\u00e9 observ\u00e9e par la Soci\u00e9t\u00e9 des autoroutes du Nord et de l&rsquo;Est de la France (Sanef). Un chiffre qui avait atteint <strong>60\u00a0% lors du premier confinement<\/strong>.<\/p>\n<p>Pour autant, <strong>aucun exode rural\u00a0massif<\/strong> n&rsquo;a pas \u00e9t\u00e9 observ\u00e9 selon Orange. Seule la capitale\u00a0a vu le nombre de sa population diminuer: <strong>&#8211;\u00a0150\u00a0000\u00a0habitants \u00e0 Paris<\/strong>. Aucune r\u00e9gion fran\u00e7aise ne semble, pour autant, en <strong>avoir fait les frais<\/strong>. \u00ab\u00a0<em>Il n&rsquo;y pas une zone en particulier qui a vu une arriv\u00e9e massive de gens<\/em>\u00a0\u00ab\u00a0, atteste Micha\u00ebl Trabbia, directeur de l&rsquo;innovation d&rsquo;Orange. Des <strong>d\u00e9placements en hausse<\/strong> par rapport au premier confinement qui sont cependant \u00e0 <strong>remettre en perspective<\/strong>. Ce second \u00e9pisode de confinement est, en effet, <strong>une version all\u00e9g\u00e9e<\/strong> de celui qui nous avait \u00e9t\u00e9 concoct\u00e9 au printemps.\u00a0<strong>En moyenne, pour l&rsquo;instant, une personne contr\u00f4l\u00e9e sur 10 est verbalis\u00e9e.<\/strong><\/p>\n<h2>Le coup de gueule d&rsquo;Olivier V\u00e9ran<\/h2>\n<p>Les d\u00e9put\u00e9s de l&rsquo;Opposition sont parvenus le 4 novembre \u00e0 voter pour le prolongement de <strong>l&rsquo;\u00e9tat d&rsquo;urgence sanitaire<\/strong> jusqu&rsquo;au 14\u00a0<strong>d\u00e9cembre<\/strong>, alors que la Majorit\u00e9 souhaitait le maintenir jusqu&rsquo;\u00e0 <strong>f\u00e9vrier<\/strong>.\u00a0Scandalis\u00e9 par ce coup politique\u00a0et las des <strong>critiques<\/strong>\u00a0face aux mesures restrictives du gouvernement, <strong>Olivier V\u00e9ran a pouss\u00e9 un v\u00e9ritable coup de gueule<\/strong> \u00e0 l&rsquo;Assembl\u00e9e Nationale.<\/p>\n<p>Le ministre de la Sant\u00e9 a expliqu\u00e9 qu&rsquo;il venait de visiter le service de r\u00e9animation d&rsquo;un\u00a0h\u00f4pital de Corbeil-Essonnes, en \u00cele-de-France&#8230; et\u00a0a <strong>perdu son sang froid<\/strong>, en interpellant ceux qui ne mesuraient pas la <strong>gravit\u00e9 du coronavirus<\/strong>: \u00ab\u00a0<em>Dans la premi\u00e8re chambre, il y avait un jeune homme de 28\u00a0ans, dans le coma, intub\u00e9 et ventil\u00e9 avec pas loin de dix pousse-seringue pour pouvoir \u00e0 la fois l&rsquo;alimenter et lui fournir les m\u00e9dicaments essentiels pour le maintenir en vie<\/em>\u00ab\u00a0. Laissant la col\u00e8re monter, il a martel\u00e9: \u00ab\u00a0<em>Dans la deuxi\u00e8me chambre, il y avait un homme de 35\u00a0ans en surpoids. C&rsquo;est \u00e7a la r\u00e9alit\u00e9, mesdames et messieurs les d\u00e9put\u00e9s. <strong>Si vous ne voulez pas l&rsquo;entendre, sortez d&rsquo;ici<\/strong><\/em>\u00ab\u00a0.<\/p>\n<h2>Le e-commerce raflera-t-il la mise ?<\/h2>\n<p><strong>Internet <\/strong>sera-t-il (de nouveau) le<strong> grand gagnant du confinement<\/strong> ? Alors que le<strong> chiffre d&rsquo;affaires d&rsquo;Amazon <\/strong>a bondi de 37\u00a0% au troisi\u00e8me trimestre et que son b\u00e9n\u00e9fice a tripl\u00e9, les<strong> petits commer\u00e7ants<\/strong>, dont les <strong>libraires<\/strong>, qui avaient\u00a0d\u00fb fermer \u00e0 cause de l&rsquo;assignation \u00e0 domicile, redoublent d&rsquo;inqui\u00e9tude.\u00a0\u00ab\u00a0<em>N&rsquo;achetez pas des livres sur les plateformes num\u00e9riques<\/em>\u00ab\u00a0, a l\u00e2ch\u00e9 la ministre de la Culture Roselyne Bachelot sur <em>LCI<\/em>. \u00ab\u00a0<em>Amazon se gave, mais \u00e0 nous de pas les gaver<\/em>\u00ab\u00a0, a-t-elle pr\u00e9cis\u00e9.<\/p>\n<p>Pour faire preuve de solidarit\u00e9, le <strong>site Rakuten<\/strong> a lanc\u00e9 un <strong>fonds d&rsquo;aide aux commerces<\/strong>. \u00ab\u00a0<em>Nous avons propos\u00e9 de reverser 50% des commissions de notre chiffre d&rsquo;affaires r\u00e9alis\u00e9 sur les cat\u00e9gories de produits en tension, celles dont les magasins sont ferm\u00e9s et pour lesquelles la p\u00e9riode de No\u00ebl est si cruciale<\/em>\u00ab\u00a0, a pr\u00e9cis\u00e9 \u00e0 <em>France 3<\/em> Fabien Versavau, PDG de Rakuten France.<\/p>\n<h3>Quid de la fr\u00e9quentation des m\u00e9tros\u00a0?<\/h3>\n<p><span style=\"font-size: 1rem;\">Jean-Baptiste Djebbari a indiqu\u00e9, au micro de Franceinfo, qu&rsquo;il y avait 100<\/span>\u00a0% de l&rsquo;offre de m\u00e9tros pour 35\u00a0%\u00a0de la fr\u00e9quentation. Aux heures de pointe, la fr\u00e9quentation \u00ab\u00a0<em>est r\u00e9duite de moiti\u00e9 par rapport \u00e0 l&rsquo;ann\u00e9e derni\u00e8re<\/em>\u00ab\u00a0.<\/p>\n<p>En<strong> \u00cele-de-France<\/strong>, la <strong>fr\u00e9quentation des transports a\u00a0baiss\u00e9<\/strong> de 50% avant 7\u00a0heures, et entre 25\u00a0et 40% selon les lignes entre 7\u00a0heures et 9\u00a0heures, comme l&rsquo;a pr\u00e9cis\u00e9 le porte-parole du gouvernement Gabriel Attal \u00e0\u00a0<em>RMC-BFMTV<\/em>. Jusqu&rsquo;\u00e0 21h, pour l&rsquo;instant, les m\u00e9tros, bus, RER et tramways de la r\u00e9gion restent\u00a0<strong>assur\u00e9s \u00e0 100%<\/strong>, jusqu&rsquo;\u00e0 nouvel ordre.<\/p>\n<p>Si l&rsquo;entreprise ferroviaire avait maintenu l&rsquo;int\u00e9gralit\u00e9 de son trafic\u00a0afin d&rsquo;assurer\u00a0le retour de vacances de la Toussaint, la <strong>SNCF<\/strong> a\u00a0r\u00e9duit\u00a0son<strong> offre de transports longue distance<\/strong> d\u00e8s le 5\u00a0novembre, en raison du confinement. D\u00e8s jeudi 75% des TGV\u00a0sont supprim\u00e9s.\u00a0Sur certaines lignes, jusqu&rsquo;\u00e0 80\u00a0% des trains devraient \u00eatre annul\u00e9s.\u00a0<\/p>\n<p>L&rsquo;ensemble des billets d\u00e9j\u00e0 achet\u00e9s pour les trajets retir\u00e9s seront annul\u00e9s et rembours\u00e9s.\u00a0<\/p>\n<p>Les TER devraient eux aussi \u00eatre impact\u00e9s par la r\u00e9duction de circulation. Les discussions sont plus complexes, les TER \u00e9tant subventionn\u00e9s par les r\u00e9gions.\u00a0<\/p>\n<p>La direction de la SNCF indique que l&rsquo;activit\u00e9 de fret \u00a0\u00bb\u00a0<em>devrait \u00eatre comparable \u00e0 celle du premier confinement\u00a0<\/em>\u00ab\u00a0, soit un peu moins de 60% de l&rsquo;activit\u00e9 initialement pr\u00e9vue.<\/p>\n<p>Sur le site de la SCNF, il est \u00e9galement pr\u00e9cis\u00e9 que l&rsquo;offre de <strong>restauration \u00e0 bord<\/strong> est d\u00e9sormais suspendue. Pour rappel, en mars 2020, seuls 7% des trains circulaient.<\/p>\n<div class=\"ccminsert\">\n<aside class=\"app_widget_fo app_widget_fo--list app_widget_fo--list-2-col\">\n<ul>\n<li>\n<h3>\n                    <a href=\"https:\/\/sante.journaldesfemmes.fr\/fiches-maladies\/2634451-sport-covid-19-gouvernement-reouverture-salle-de-sport-ferme-janvier-2021-castex-piscine-club-collectif\/\" class=\"jGTMWidgetGAEventClick\" data-gtmwidgetgaeventaction=\"clickWidgetListOnTwoColumns\" data-gtmwidgetgaeventlabel=\"Sport et Covid-19\u00a0: calendrier de r\u00e9ouverture des salles, clubs...\"><br \/>\n                        Sport et Covid-19\u00a0: calendrier de r\u00e9ouverture des salles, clubs&#8230;<br \/>\n                    <\/a><br \/>\n                <\/h3>\n<\/li>\n<li>\n<h3>\n                    <a href=\"https:\/\/sante.journaldesfemmes.fr\/fiches-maladies\/2608487-voyage-covid-19-vacances-france-etranger-europe-test-air-france-condition-outre-mer-guadeloupe-frontieres\/\" class=\"jGTMWidgetGAEventClick\" data-gtmwidgetgaeventaction=\"clickWidgetListOnTwoColumns\" data-gtmwidgetgaeventlabel=\"Voyage et Covid-19\u00a0: o\u00f9 aller, France, Europe, pays sans restriction\"><br \/>\n                        Voyage et Covid-19\u00a0: o\u00f9 aller, France, Europe, pays sans restriction<br \/>\n                    <\/a><br \/>\n                <\/h3>\n<\/li>\n<li>\n<h3>\n                    <a href=\"https:\/\/sante.journaldesfemmes.fr\/fiches-sante-du-quotidien\/2677829-sante-mentale-covid-19-impact-confinement-france-travail-definition-test-jeunes\/\" class=\"jGTMWidgetGAEventClick\" data-gtmwidgetgaeventaction=\"clickWidgetListOnTwoColumns\" data-gtmwidgetgaeventlabel=\"Sant\u00e9 mentale\u00a0et Covid-19\u00a0: d\u00e9finition, chiffres, impact du confinement\"><br \/>\n                        Sant\u00e9 mentale\u00a0et Covid-19\u00a0: d\u00e9finition, chiffres, impact du confinement<br \/>\n                    <\/a><br \/>\n                <\/h3>\n<\/li>\n<li>\n<h3>\n                    <a href=\"https:\/\/sante.journaldesfemmes.fr\/quotidien\/2626091-effets-psychologiques-reconfinement-isolement-coronavirus-covid-conseaquences-bien-le-vivre-depression\/\" class=\"jGTMWidgetGAEventClick\" data-gtmwidgetgaeventaction=\"clickWidgetListOnTwoColumns\" data-gtmwidgetgaeventlabel=\"Quelles sont les cons\u00e9quences psychologiques d'un confinement\u00a0?\"><br \/>\n                        Quelles sont les cons\u00e9quences psychologiques d&rsquo;un confinement\u00a0?<br \/>\n                    <\/a><br \/>\n                <\/h3>\n<\/li>\n<li>\n<h3>\n                    <a href=\"https:\/\/sante.journaldesfemmes.fr\/fiches-sexo-gyneco\/2627829-pilule-confinement-renouvellement-ordonnance-expiree-comment-faire\/\" class=\"jGTMWidgetGAEventClick\" data-gtmwidgetgaeventaction=\"clickWidgetListOnTwoColumns\" data-gtmwidgetgaeventlabel=\"Pilule\u00a0et confinement\u00a0: urgence, ordonnance expir\u00e9e, comment faire\u00a0?\"><br \/>\n                        Pilule\u00a0et confinement\u00a0: urgence, ordonnance expir\u00e9e, comment faire\u00a0?<br \/>\n                    <\/a><br \/>\n                <\/h3>\n<\/li>\n<li>\n<h3>\n                    <a href=\"https:\/\/sante.journaldesfemmes.fr\/fiches-sante-du-quotidien\/2675911-ordonnance-expiree-perimee-confinement-pilule-prise-de-sang-contraception-pharmacie-renouvellement\/\" class=\"jGTMWidgetGAEventClick\" data-gtmwidgetgaeventaction=\"clickWidgetListOnTwoColumns\" data-gtmwidgetgaeventlabel=\"Ordonnance expir\u00e9e\u00a0pendant le confinement\u00a0: comment faire\u00a0?\"><br \/>\n                        Ordonnance expir\u00e9e\u00a0pendant le confinement\u00a0: comment faire\u00a0?<br \/>\n                    <\/a><br \/>\n                <\/h3>\n<\/li>\n<li>\n<h3>\n                    <a href=\"https:\/\/sante.journaldesfemmes.fr\/maladies\/2675859-ivg-medicamenteuse-confinement-covid-domicile-delai-protocole-deroulement-france\/\" class=\"jGTMWidgetGAEventClick\" data-gtmwidgetgaeventaction=\"clickWidgetListOnTwoColumns\" data-gtmwidgetgaeventlabel=\"IVG et confinement\u00a0: d\u00e9lai allong\u00e9, \u00e0 domicile\"><br \/>\n                        IVG et confinement\u00a0: d\u00e9lai allong\u00e9, \u00e0 domicile<br \/>\n                    <\/a><br \/>\n                <\/h3>\n<\/li>\n<li>\n<h3>\n                    <a href=\"https:\/\/sante.journaldesfemmes.fr\/quotidien\/2671845-confinement-automne-2020-covid-19-depression-conseils-moral-psychologue\/\" class=\"jGTMWidgetGAEventClick\" data-gtmwidgetgaeventaction=\"clickWidgetListOnTwoColumns\" data-gtmwidgetgaeventlabel=\"Confinement en automne\u00a0: 10\u00a0conseils pour garder le moral\"><br \/>\n                        Confinement en automne\u00a0: 10\u00a0conseils pour garder le moral<br \/>\n                    <\/a><br \/>\n                <\/h3>\n<\/li>\n<li>\n<h3>\n                    <a href=\"https:\/\/sante.journaldesfemmes.fr\/maladies\/2632039-consultation-medicale-covid-19-confinement-medecin-dentiste-kine-orthodontiste-ophtalmologue-psychologue\/\" class=\"jGTMWidgetGAEventClick\" data-gtmwidgetgaeventaction=\"clickWidgetListOnTwoColumns\" data-gtmwidgetgaeventlabel=\"Consultation m\u00e9dicale et confinement\u00a0: attestation, psychologue...\"><br \/>\n                        Consultation m\u00e9dicale et confinement\u00a0: attestation, psychologue&#8230;<br \/>\n                    <\/a><br \/>\n                <\/h3>\n<\/li>\n<\/ul>\n<\/aside>\n<\/div>\n<h3>Le retour de l&rsquo;attestation<\/h3>\n<p>Comme au printemps, <strong>les sorties ne sont autoris\u00e9es qu&rsquo;\u00e0 certaines conditions<\/strong>. \u00ab\u00a0<em>C&rsquo;est le retour de l&rsquo;attestation<\/em>\u00ab\u00a0, a indiqu\u00e9 le Pr\u00e9sident. Il ne sera possible de <strong>sortir de chez soi <\/strong>qu&rsquo;\u00e0 condition\u00a0:<\/p>\n<ul>\n<li>D&rsquo;aller travailler<\/li>\n<li>De faire ses courses<\/li>\n<li>D&rsquo;aller chez le m\u00e9decin<\/li>\n<li>De se rendre aupr\u00e8s d&rsquo;une personne en situation de d\u00e9pendance<\/li>\n<li>De se promener autour de chez soi dans un rayon de vingt kilom\u00e8tres<\/li>\n<li>D&rsquo;accompagner son enfant \u00e0 l&rsquo;\u00e9cole<\/li>\n<\/ul>\n<p>Cette fois, <strong>trois attestations diff\u00e9rentes <\/strong>sont disponibles puisqu&rsquo;il en existe d\u00e9sormais une bien distincte \u00e0 fournir en cas de <strong>d\u00e9placement professionnel<\/strong> et en cas de <strong>trajet professionnel<\/strong>.\u00a0<a id=\"confinement-aides-gouvernement\" name=\"confinement-aides-gouvernement\"\/><\/p>\n<p><a name=\"confinement-aides-gouvernement\"><br \/>Quelles sont les aides du gouvernement ?<\/a><\/p>\n<p>Pour faire face \u00e0 l<strong>&lsquo;impact \u00e9conomique d&rsquo;une telle mesure<\/strong>, le ministre de l&rsquo;Economie Bruno le Maire a d\u00e9clar\u00e9 que l&rsquo;aide \u00e9conomique serait plus importante que lors du premier confinement. Il a pr\u00e9sent\u00e9 une batterie de mesures de soutien aux entreprises, pour un montant de <strong>15\u00a0milliards d&rsquo;euros<\/strong> par mois\u00a0:<\/p>\n<ul>\n<li>\u00a0\u00ab\u00a0<em>Toutes les entreprises et tous les commerces qui sont ferm\u00e9s par d\u00e9cision administrative pourront recevoir une <strong>indemnisation allant jusqu&rsquo;\u00e0 10\u00a0000\u00a0euros<\/strong><\/em>\u00ab\u00a0, et ce, \u00ab\u00a0<em>peu importe le secteur d&rsquo;activit\u00e9, peu importe le secteur g\u00e9ographique<\/em>.\u00a0\u00bb Il a annonc\u00e9 l&rsquo;activation d&rsquo;un fonds de solidarit\u00e9 de 6\u00a0milliards d&rsquo;euros par mois de confinement.<\/li>\n<li><strong>Exon\u00e9ration totale des cotisation sociales <\/strong>pour toutes les entreprises de moins de 50\u00a0salari\u00e9s ferm\u00e9es administrativement.<\/li>\n<li>Les <strong>pr\u00eats garantis<\/strong> par l&rsquo;Etat et les pr\u00eats directs de l&rsquo;Etat seront renforc\u00e9s.\u00a0<\/li>\n<li>Un<strong> cr\u00e9dit d&rsquo;imp\u00f4t<\/strong> incitant les bailleurs \u00e0 annuler une partie des loyers sera ajout\u00e9\u00a0dans le projet de loi de finances pour 2021.<\/li>\n<li>Le<strong> ch\u00f4mage partiel<\/strong> pour les salari\u00e9s et les employeurs qui ne pourront pas travailler.<\/li>\n<\/ul>\n<aside id=\"NL_1334931623\" class=\"newsletter_subscription jNlBlock\"><noscript><br \/>\n            <\/noscript><\/p>\n<h3 class=\"newsletter_subscription-title\">Newsletter <\/h3>\n<p><a href=\"\/\/mailing.ccmbg.com\/archive\/last-85\" target=\"_blank\" class=\"a_hover\" rel=\"noopener noreferrer\">Voir un exemple<\/a><\/p>\n<\/aside>\n<p>Le pr\u00e9sident de la R\u00e9publique avait\u00a0annonc\u00e9 qu&rsquo;un <strong>plan sp\u00e9cial <\/strong>pour les ind\u00e9pendants, les commer\u00e7ants, les tr\u00e8s petites et moyennes entreprises serait pens\u00e9. \u00ab\u00a0<em>Je le sais, [ils] redoutent plus que tout les prochaines semaines<\/em>\u00ab\u00a0, a-t-il d\u00e9clar\u00e9.<\/p>\n<\/p><\/div>\n<p><script async src=\"http:\/\/platform.twitter.com\/widgets.js\" charset=\"utf-8\"><\/script><br \/>\n<br \/>[ad_2]<br \/>\n<br \/><a href=\"https:\/\/www.journaldesfemmes.fr\/societe\/actu\/2670599-confinement-couvre-feu-dates-20-janvier-reconfinement-fevrier-mars-2021castex\/\">Source link <\/a><\/p>\n","protected":false},"excerpt":{"rendered":"<p>[ad_1] Le Couvre-feu \u00e0 18h se g\u00e9n\u00e9ralise: les d\u00e9partements concern\u00e9s, 3e Vague et Reconfinement envisag\u00e9 en f\u00e9vrier-mars, Nouvelles mesures annonc\u00e9es &hellip; <a href=\"http:\/\/www.affinite.fr\/index.php\/2021\/01\/11\/confinement-vers-un-reconfinement-en-2021-dates-castex-nouvelles-restrictions\/\" class=\"more-link\">Plus <span class=\"screen-reader-text\">Confinement\u00a0: vers un Reconfinement en 2021, Dates, Castex: nouvelles Restrictions&#8230;<\/span> <span class=\"meta-nav\">&rarr;<\/span><\/a><\/p>\n","protected":false},"author":1,"featured_media":5793,"comment_status":"open","ping_status":"open","sticky":false,"template":"","format":"standard","meta":{"_sitemap_exclude":false,"_sitemap_priority":"","_sitemap_frequency":"","footnotes":""},"categories":[1],"tags":[],"class_list":["post-5792","post","type-post","status-publish","format-standard","has-post-thumbnail","hentry","category-tous"],"_links":{"self":[{"href":"http:\/\/www.affinite.fr\/index.php\/wp-json\/wp\/v2\/posts\/5792"}],"collection":[{"href":"http:\/\/www.affinite.fr\/index.php\/wp-json\/wp\/v2\/posts"}],"about":[{"href":"http:\/\/www.affinite.fr\/index.php\/wp-json\/wp\/v2\/types\/post"}],"author":[{"embeddable":true,"href":"http:\/\/www.affinite.fr\/index.php\/wp-json\/wp\/v2\/users\/1"}],"replies":[{"embeddable":true,"href":"http:\/\/www.affinite.fr\/index.php\/wp-json\/wp\/v2\/comments?post=5792"}],"version-history":[{"count":0,"href":"http:\/\/www.affinite.fr\/index.php\/wp-json\/wp\/v2\/posts\/5792\/revisions"}],"wp:featuredmedia":[{"embeddable":true,"href":"http:\/\/www.affinite.fr\/index.php\/wp-json\/wp\/v2\/media\/5793"}],"wp:attachment":[{"href":"http:\/\/www.affinite.fr\/index.php\/wp-json\/wp\/v2\/media?parent=5792"}],"wp:term":[{"taxonomy":"category","embeddable":true,"href":"http:\/\/www.affinite.fr\/index.php\/wp-json\/wp\/v2\/categories?post=5792"},{"taxonomy":"post_tag","embeddable":true,"href":"http:\/\/www.affinite.fr\/index.php\/wp-json\/wp\/v2\/tags?post=5792"}],"curies":[{"name":"wp","href":"https:\/\/api.w.org\/{rel}","templated":true}]}}