{"id":5790,"date":"2021-01-10T22:46:09","date_gmt":"2021-01-10T22:46:09","guid":{"rendered":"https:\/\/www.affinite.fr\/index.php\/2021\/01\/10\/il-etait-une-fois-la-patisserie-73\/"},"modified":"2021-01-10T22:46:09","modified_gmt":"2021-01-10T22:46:09","slug":"il-etait-une-fois-la-patisserie-73","status":"publish","type":"post","link":"http:\/\/www.affinite.fr\/index.php\/2021\/01\/10\/il-etait-une-fois-la-patisserie-73\/","title":{"rendered":"Il \u00e9tait une fois la p\u00e2tisserie"},"content":{"rendered":"<p> [ad_1]<br \/>\n<\/p>\n<div id=\"post-body-1539781026973856814\" itemprop=\"articleBody\">\n<div dir=\"ltr\" style=\"text-align: left;\" trbidi=\"on\">\nLe mois de janvier r\u00e9serve bien des surprises avec des <a href=\"http:\/\/www.affinite.fr\/index.php\/2023\/07\/29\/valoriser-ses-invendus-une-demarche-ecologique-et-rentable-pour-les-marchands-de-fruits\/\">fruits<\/a> et l\u00e9gumes au top pour le dessert ! Vous trouverez ici environ <span style=\"font-size: large;\"><b>150 recettes avec les fruits et l\u00e9gumes de janvier<\/b><\/span>, pour p\u00e2tisser de saison ! Pour ceux qui en ont marre de la <a href=\"https:\/\/www.iletaitunefoislapatisserie.com\/2020\/01\/recette-galette-des-rois.html\" target=\"_blank\" rel=\"noopener noreferrer\">galette<\/a>, voici quelques id\u00e9es \ud83d\ude09<\/p>\n<div style=\"text-align: center;\">\n<a href=\"https:\/\/www.iletaitunefoislapatisserie.com\/2020\/01\/recettes-avec-fruits-et-legumes-de-janvier.html\"><img decoding=\"async\" alt=\"dessert janvier id\u00e9e\" border=\"0\" class=\"photo\" data-original-height=\"440\" data-original-width=\"628\" src=\"https:\/\/4.bp.blogspot.com\/-tH4AOVZm7ws\/WoRuKPIouiI\/AAAAAAAAjbs\/EkS9Ku5MSREj2tEa989WpC_8sJVbwmkoACLcBGAs\/s1600\/tarte-au-citron.jpg\" title=\"fruits janvier recette\"\/><\/a><\/div>\n<p>\nCliquez sur le titre des recettes pour acc\u00e9der \u00e0 celles-ci. <\/p>\n<h3 style=\"text-align: left;\">\nAnanas<\/h3>\n<p>Les fruits exotiques sont \u00e0 l&rsquo;honneur tout l&rsquo;hiver ! On est donc en pleine saison pour l&rsquo;ananas.<\/p>\n<p><a href=\"https:\/\/www.iletaitunefoislapatisserie.com\/2016\/10\/gateau-renverse-ananas-noix-de-coco.html\" target=\"_blank\" rel=\"noopener noreferrer\"><img decoding=\"async\" alt=\"recettes fruits janvier\" border=\"0\" src=\"https:\/\/2.bp.blogspot.com\/-AJxaz3Nbums\/V_zhEtqfvWI\/AAAAAAAAQ0M\/dZwA2aY3EYQmflqkX8KfoWIuJV6yeP4WQCLcB\/s1600\/recette-gateau-renvers%25C3%25A9.jpg\" title=\"fruits janvier\"\/><\/a><\/p>\n<h3 style=\"text-align: left;\">\nBanane<\/h3>\n<p>Un fruit nourrissant et plein de bonnes choses : la banane !<\/p>\n<p>Voici quelques recettes avec de la banane :<\/p>\n<p><\/p>\n<div class=\"separator\" style=\"clear: both; text-align: center;\">\n<a href=\"https:\/\/www.iletaitunefoislapatisserie.com\/2015\/08\/smoothie-banane-recette-facile.html\" target=\"_blank\" rel=\"noopener noreferrer\"><img decoding=\"async\" alt=\"recettes fruits et l\u00e9gumes janvier\" border=\"0\" class=\"photo\" src=\"https:\/\/1.bp.blogspot.com\/-KLtoLZ3x4n0\/VdjQkm2LhKI\/AAAAAAAAHJE\/8GqVVhaabrQ\/s1600\/milk-shake-banane.jpg\" title=\"recette fruits janvier\"\/><\/a><\/div>\n<p><\/p>\n<h3>\nCarotte<\/h3>\n<p>Il y a quelques recettes avec des carottes sur mon blog : 2 sal\u00e9es et 2 sucr\u00e9es.<\/p>\n<h3>\nCitron<\/h3>\n<p>Le citron est un fruit roi en p\u00e2tisserie ! Personnellement, je l&rsquo;adore. On profite donc de la pleine saison et du mois de janvier pour s&rsquo;en r\u00e9galer \ud83d\ude42<\/p>\n<p><a href=\"https:\/\/www.iletaitunefoislapatisserie.com\/2018\/05\/gateau-citron-pavot-hyper-moelleux.html\" target=\"_blank\" rel=\"noopener noreferrer\"><img decoding=\"async\" alt=\"fruits et l\u00e9gumes janvier\" border=\"0\" class=\"photo\" data-original-height=\"975\" data-original-width=\"650\" src=\"https:\/\/1.bp.blogspot.com\/-pgYLlx9nJ0Y\/Wu7wyyMjlMI\/AAAAAAAAn8k\/ePfByVlQoYoUZ_Xt6AT_lbZK2kktL_YYgCLcBGAs\/s1600\/gateau-citron-pavot.jpg\" title=\"recette de janvier\"\/><\/a><\/div>\n<div dir=\"ltr\" style=\"text-align: left;\" trbidi=\"on\">\u00a0<\/p>\n<h3>\nCoing<\/h3>\n<p>\nOn pense peu \u00e0 l&rsquo;utiliser dans les g\u00e2teaux, et pourtant c&rsquo;est d\u00e9licieux !<\/p>\n<h3 style=\"text-align: left;\">\nFruit de la passion<\/h3>\n<p>\nOn peut manger des <b>fruits de la passion<\/b> toute l&rsquo;ann\u00e9e, alors autant ne pas se priver \ud83d\ude42<br \/><a href=\"https:\/\/www.iletaitunefoislapatisserie.com\/2018\/03\/number-cake-ou-gateau-chiffre.html\" target=\"_blank\" rel=\"noopener noreferrer\"><img decoding=\"async\" alt=\"fruits de janvier\" border=\"0\" class=\"photo\" data-original-height=\"447\" data-original-width=\"650\" src=\"https:\/\/4.bp.blogspot.com\/-zaGr_XVPSHA\/WqGt7WScmUI\/AAAAAAAAk9M\/FEFYAqZL-SgMKibkSJhWxrEK0IMTiNYPACLcBGAs\/s1600\/number-cake.jpg\" title=\"recette fruit janvier\"\/><\/a> <\/p>\n<h3 style=\"text-align: left;\">\nLitchi<\/h3>\n<p>\nSeulement 2 recettes au litchi sur mon blog pour le moment :<\/p>\n<p><a href=\"https:\/\/www.iletaitunefoislapatisserie.com\/2018\/12\/buche-ispahan-framboise-rose-et-litchi.html\" target=\"_blank\" rel=\"noopener noreferrer\"><img decoding=\"async\" alt=\"recette litchi\" border=\"0\" data-original-height=\"899\" data-original-width=\"650\" src=\"https:\/\/4.bp.blogspot.com\/-QpWiwR0rV_o\/XBoQ0U-jNOI\/AAAAAAAA4XM\/pm33Yg9RvF07S08mvQuZ2Bgtc5fNGBwmgCEwYBhgL\/s1600\/buche-noel-framboise.jpg\" title=\"recette avec des litchis\"\/><\/a><\/p>\n<h3 style=\"text-align: left;\">\nMandarine et cl\u00e9mentine<\/h3>\n<p>\nJe regroupe les <b>mandarines et les cl\u00e9mentines<\/b> dans la m\u00eame rubrique car,<br \/>\n la saison passant vite, je n&rsquo;ai pas beaucoup de recettes avec ces<br \/>\nfruits sur le blog.<\/p>\n<p>De plus, vous pouvez sans probl\u00e8me intervertir l&rsquo;une<br \/>\n pour l&rsquo;autre dans n&rsquo;importe quelle p\u00e2tisserie.<\/p>\n<p><\/p>\n<div style=\"text-align: center;\">\n<a href=\"https:\/\/www.iletaitunefoislapatisserie.com\/2018\/12\/confiture-de-clementines.html\" target=\"_blank\" rel=\"noopener noreferrer\"><img decoding=\"async\" alt=\"id\u00e9es dessert janvier\" border=\"0\" class=\"photo\" data-original-height=\"488\" data-original-width=\"650\" src=\"https:\/\/2.bp.blogspot.com\/-OM7Qipu3JzU\/XA6b8zDxtnI\/AAAAAAAA3so\/FHIISCAzlW8X7QsQYp7HQ7_HjyVvSQrQQCLcBGAs\/s1600\/recette-de-confiture-de-cl%25C3%25A9mentines.jpg\" title=\"id\u00e9es recette janvier\"\/><\/a><\/div>\n<h3 style=\"text-align: left;\">\nMangue<\/h3>\n<p>Il parait que la mangue est un des fruits pr\u00e9f\u00e9r\u00e9s des Fran\u00e7aises. Vous confirmez ? Moi oui !<\/p>\n<p><\/p>\n<div style=\"text-align: center;\">\n<a href=\"https:\/\/www.iletaitunefoislapatisserie.com\/2017\/03\/macarons-mangue-passion.html\" target=\"_blank\" rel=\"noopener noreferrer\"><img decoding=\"async\" alt=\"id\u00e9es fruits de saison\" border=\"0\" class=\"photo\" src=\"https:\/\/2.bp.blogspot.com\/-970tLO6TXK0\/WLmSeoMXehI\/AAAAAAAAXOI\/ftRMHOd4ZSknXey796zM-vomspGZ_WyRwCLcB\/s1600\/recette-macarons-mangue-passion.jpg\" title=\"fruits et l\u00e9gumes janvier\"\/><\/a><\/div>\n<h3 style=\"text-align: left;\">\nNoix de coco<\/h3>\n<p>Le top pour manger de la <b>noix de <a href=\"http:\/\/www.affinite.fr\/index.php\/2022\/11\/09\/formation-de-glacier-apprenez-le-metier-de-glacier-et-changez-votre-vie\/\">coco<\/a><\/b>, c&rsquo;est de novembre \u00e0 f\u00e9vrier. On est donc en pleine saison !<\/p>\n<p><\/p>\n<div style=\"text-align: center;\">\n\u00a0<a href=\"https:\/\/www.iletaitunefoislapatisserie.com\/2013\/09\/recette-des-rochers-noix-de-coco.html\" target=\"_blank\" rel=\"noopener noreferrer\"><img decoding=\"async\" alt=\"p\u00e2tisserie fruits janvier\" border=\"0\" class=\"photo\" src=\"https:\/\/2.bp.blogspot.com\/-TZjpegozZSE\/UkRDXAWptJI\/AAAAAAAAB7s\/_eBSmBmramU\/s640\/recette+rochers+coco.jpg\" title=\"dessert fruits janvier\" width=\"640\"\/><\/a><\/div>\n<p>\u00a0<\/p>\n<h3 style=\"text-align: left;\">\nOrange<\/h3>\n<p>On est en plein <b>dans la saison<\/b>, alors voici quelques recettes avec des <b>oranges <\/b>:<\/p>\n<p><\/p>\n<div style=\"text-align: center;\">\n<a href=\"https:\/\/www.iletaitunefoislapatisserie.com\/2019\/11\/orangettes-au-chocolat.html\" target=\"_blank\" rel=\"noopener noreferrer\"><img decoding=\"async\" alt=\"que faire avec des fruits janvier\" border=\"0\" class=\"photo\" data-original-height=\"975\" data-original-width=\"650\" src=\"https:\/\/1.bp.blogspot.com\/-u4icHooG5Bk\/XeGWKAl2KiI\/AAAAAAABGek\/j60qU2EGcxkkXf_CzChK_6ycnCwgClD3wCLcBGAsYHQ\/s1600\/orangettes.jpg\" title=\"recette fruits janvier\"\/><\/a><\/div>\n<h3>\nPoire<\/h3>\n<p>Un fruit tout doux, juteux et sucr\u00e9 \u00e0 souhait : j&rsquo;ai nomm\u00e9 <b>la poire<\/b> ! Voici quelques recettes \u00e0 base de ce fruit de janvier :<\/p>\n<div style=\"text-align: center;\">\n<a href=\"https:\/\/www.iletaitunefoislapatisserie.com\/2015\/08\/croque-cake-sucre-poire-chocolat.html\" target=\"_blank\" rel=\"noopener noreferrer\"><img decoding=\"async\" alt=\"que faire avec fruits janvier\" border=\"0\" class=\"photo\" src=\"https:\/\/3.bp.blogspot.com\/-pn8U0W80bVQ\/VeLv7Lr8orI\/AAAAAAAAHhA\/SvSS5-p4mf4\/s1600\/croque-cake-sucr%25C3%25A9.jpg\" title=\"recette fruit de janvier\"\/><\/a><\/div>\n<h3>\nPomme<\/h3>\n<p>On trouve des pommes toute l&rsquo;ann\u00e9e, mais janvier fait partie des mois \u00e0 privil\u00e9gier pour manger des pommes. Alors profitons-en !<\/p>\n<p>Vous trouverez ici toutes mes <a href=\"https:\/\/www.iletaitunefoislapatisserie.com\/2019\/10\/9-recettes-de-tartes-aux-pommes.html\" target=\"_blank\" rel=\"noopener noreferrer\">recettes de tartes aux pommes<\/a>. <\/p>\n<p>Et maintenant tous mes <b>desserts avec des pommes <\/b>:<\/p>\n<p>\u00a0<a href=\"https:\/\/www.iletaitunefoislapatisserie.com\/2016\/02\/tarte-aux-pommes-alsacienne.html\" target=\"_blank\" rel=\"noopener noreferrer\"><img decoding=\"async\" alt=\"fruits janvier\" border=\"0\" class=\"photo\" src=\"https:\/\/4.bp.blogspot.com\/-SaoTgHP7hG8\/VrYIxV5oY5I\/AAAAAAAAJcM\/Ud5998gp4fU\/s1600\/tarte-pommes-alsacienne.jpg\" title=\"recettes fruits janvier\"\/><\/a>\n<\/div>\n<\/div>\n<p>[ad_2]<br \/>\n<br \/><a href=\"https:\/\/www.iletaitunefoislapatisserie.com\/2020\/01\/recettes-avec-fruits-et-legumes-de-janvier.html\">Source link <\/a><\/p>\n","protected":false},"excerpt":{"rendered":"<p>[ad_1] Le mois de janvier r\u00e9serve bien des surprises avec des fruits et l\u00e9gumes au top pour le dessert ! &hellip; <a href=\"http:\/\/www.affinite.fr\/index.php\/2021\/01\/10\/il-etait-une-fois-la-patisserie-73\/\" class=\"more-link\">Plus <span class=\"screen-reader-text\">Il \u00e9tait une fois la p\u00e2tisserie<\/span> <span class=\"meta-nav\">&rarr;<\/span><\/a><\/p>\n","protected":false},"author":1,"featured_media":5791,"comment_status":"open","ping_status":"open","sticky":false,"template":"","format":"standard","meta":{"_sitemap_exclude":false,"_sitemap_priority":"","_sitemap_frequency":"","footnotes":""},"categories":[1],"tags":[],"class_list":["post-5790","post","type-post","status-publish","format-standard","has-post-thumbnail","hentry","category-tous"],"_links":{"self":[{"href":"http:\/\/www.affinite.fr\/index.php\/wp-json\/wp\/v2\/posts\/5790"}],"collection":[{"href":"http:\/\/www.affinite.fr\/index.php\/wp-json\/wp\/v2\/posts"}],"about":[{"href":"http:\/\/www.affinite.fr\/index.php\/wp-json\/wp\/v2\/types\/post"}],"author":[{"embeddable":true,"href":"http:\/\/www.affinite.fr\/index.php\/wp-json\/wp\/v2\/users\/1"}],"replies":[{"embeddable":true,"href":"http:\/\/www.affinite.fr\/index.php\/wp-json\/wp\/v2\/comments?post=5790"}],"version-history":[{"count":0,"href":"http:\/\/www.affinite.fr\/index.php\/wp-json\/wp\/v2\/posts\/5790\/revisions"}],"wp:featuredmedia":[{"embeddable":true,"href":"http:\/\/www.affinite.fr\/index.php\/wp-json\/wp\/v2\/media\/5791"}],"wp:attachment":[{"href":"http:\/\/www.affinite.fr\/index.php\/wp-json\/wp\/v2\/media?parent=5790"}],"wp:term":[{"taxonomy":"category","embeddable":true,"href":"http:\/\/www.affinite.fr\/index.php\/wp-json\/wp\/v2\/categories?post=5790"},{"taxonomy":"post_tag","embeddable":true,"href":"http:\/\/www.affinite.fr\/index.php\/wp-json\/wp\/v2\/tags?post=5790"}],"curies":[{"name":"wp","href":"https:\/\/api.w.org\/{rel}","templated":true}]}}