{"id":5777,"date":"2021-01-07T19:04:54","date_gmt":"2021-01-07T19:04:54","guid":{"rendered":"https:\/\/www.affinite.fr\/index.php\/2021\/01\/07\/remontees-fermees-reouverture-en-fevrier\/"},"modified":"2021-01-07T19:04:54","modified_gmt":"2021-01-07T19:04:54","slug":"remontees-fermees-reouverture-en-fevrier","status":"publish","type":"post","link":"http:\/\/www.affinite.fr\/index.php\/2021\/01\/07\/remontees-fermees-reouverture-en-fevrier\/","title":{"rendered":"remont\u00e9es ferm\u00e9es, r\u00e9ouverture en f\u00e9vrier\u00a0?"},"content":{"rendered":"<p> [ad_1]<br \/>\n<br \/><img decoding=\"async\" src=\"https:\/\/img-3.journaldesfemmes.fr\/vCGMpnan7AWfTx0a3hZwM9J5HtA=\/1280x\/smart\/7ddcf94c9a024c89aeda721f7fae5037\/ccmcms-jdf\/21396996.jpg\" \/><\/p>\n<p>\n                Le Premier ministre Jean Castex a confirm\u00e9 ce 7\u00a0janvier que les stations de ski ne pourraient pas rouvrir leurs remont\u00e9es m\u00e9caniques. Les acteurs de la montagne devront patienter le 20\u00a0janvier, pour savoir si une r\u00e9ouverture sera possible d\u00e9but f\u00e9vrier.            <\/p>\n<div>\n<aside class=\"ccmsummary marqueur_module ccmcss_cms_summary ccmcss_cms_summary--right\">\n<p>aSommaire<\/p>\n<\/aside>\n<p><strong>[Mise \u00e0 jour du 7\u00a0janvier \u00e0 20h02]<\/strong>. Lors d&rsquo;une conf\u00e9rence de presse organis\u00e9e ce 7 janvier, <strong>le Premier ministre Jean Castex <\/strong>a confirm\u00e9 que<strong> les remont\u00e9es m\u00e9caniques<\/strong> ne pourraient pas rouvrir \u00e0 ce stade.\u00a0\u00ab\u00a0<em><strong>Toutes les activit\u00e9s et tous les \u00e9quipements aujourd&rsquo;hui ferm\u00e9s le resteront encore jusqu&rsquo;\u00e0 la fin de ce mois<\/strong>\u00ab\u00a0, <\/em>a-t-il pr\u00e9cis\u00e9, ajoutant qu&rsquo;une r\u00e9ouverture ne <em>\u00ab\u00a0serait pas r\u00e9aliste\u00a0\u00bb et qu&rsquo;il faudrait attendre \u00ab\u00a0a minima mi-f\u00e9vrier\u00a0\u00bb. <\/em>Cela\u00a0concerne les mus\u00e9es, les cin\u00e9mas, les salles de spectacles, les th\u00e9\u00e2tres ainsi que les \u00e9quipements sportifs ou de loisirs.\u00a0<strong>Les acteurs de la montagne (et de la culture) devront quant \u00e0 eux\u00a0patienter le 20 janvier,<\/strong> date \u00e0 laquelle le gouvernement \u00e9tudiera de nouveau la situation sanitaire en France, avec <strong>une possible r\u00e9ouverture pour le d\u00e9but du mois de f\u00e9vrier. <\/strong>Quant \u00e0 la r\u00e9ouverture des bars et des restaurants, ou encore des salles de sport, il faudra attendre\u00a0 \u00ab\u00a0jusqu&rsquo;\u00e0 mi-f\u00e9vrier\u00a0\u00bb.<\/p>\n<p>Ce 6\u00a0janvier, le <strong>secr\u00e9taire d&rsquo;Etat\u00a0charg\u00e9 du Tourisme<\/strong> avait d\u00e9j\u00e0 annonc\u00e9 que les stations de ski resteraient en partie ferm\u00e9es. \u00ab\u00a0<em>Le gouvernement est bien conscient qu&rsquo;il y a un besoin de visibilit\u00e9 pour le secteur de la montagne et on s&rsquo;attache \u00e0 leur donner le plus vite possible cette visibilit\u00e9 pour la suite de la saison<\/em>\u00ab\u00a0, a confi\u00e9 \u00e0 l&rsquo;AFP\u00a0Jean-Baptiste Lemoyne, qui \u00e9voque\u00a0\u00ab\u00a0<em>un palier plut\u00f4t ascendant en termes de nouveaux cas et de r\u00e9animations.\u00a0<strong>C&rsquo;est pourquoi il n&rsquo;a pas \u00e9t\u00e9 possible de concr\u00e9tiser une r\u00e9ouverture des remont\u00e9es m\u00e9caniques le 7\u00a0janvier,<\/strong> qui \u00e9tait conditionn\u00e9e \u00e0 l&rsquo;\u00e9volution des donn\u00e9es sanitaires<\/em>\u00ab\u00a0.\u00a0<\/p>\n<blockquote>\n<p>\u00ab\u00a0La date du 7 janvier n&rsquo;a pas \u00e9t\u00e9 annonc\u00e9e comme une date de r\u00e9ouverture\u00a0\u00bb<\/p>\n<\/blockquote>\n<p>A l&rsquo;issue du Conseil des\u00a0ministres organis\u00e9 ce 6 janvier, Gabriel Attal avait lui aussi donn\u00e9 le ton.\u00a0Il\u00a0a\u00a0pr\u00e9cis\u00e9 que le gouvernement avait \u00ab\u00a0<strong>\u00e9videmment conscience du besoin de visibilit\u00e9 pour les acteurs de la montagne\u00a0\u00bb.<\/strong>\u00a0Mais que \u00ab\u00a0<em><strong>la date du 7 janvier a \u00e9t\u00e9 annonc\u00e9e comme un point de rendez-vous, de revoyure, et non pas comme une date de r\u00e9ouverture<\/strong><\/em>\u00ab\u00a0.<span style=\"font-size: 1rem;\">\u00a0En effet, le gouvernement souhaite\u00a0<em>\u00ab\u00a0d&rsquo;abord voir quels sont les effets des f\u00eates de fin d&rsquo;ann\u00e9e sur l&rsquo;\u00e9pid\u00e9mie, si le nombre de cas s&rsquo;envole de nouveau ou pas\u00a0\u00bb.\u00a0<\/em>Sur les r\u00e9seaux sociaux, le porte-parole du gouvernement a \u00e9galement pr\u00e9cis\u00e9 :\u00a0<em>\u00ab\u00a0Il y a une demande tr\u00e8s forte pour les <strong>vacances de f\u00e9vrier.<\/strong><\/em><\/span><em>\u00a0Cela d\u00e9pendra de l&rsquo;\u00e9volution sanitaire, mais on travaille d\u00e8s \u00e0 pr\u00e9sent avec les acteurs de la montagne pour a<strong>nticiper tous les sc\u00e9narios.<\/strong>\u00a0Evidemment, l&rsquo;accompagnement \u00e9conomique pour les restaurants, op\u00e9rateurs de remont\u00e9es, moniteurs de ski et saisonniers se poursuit\u00a0\u00bb. <\/em><\/p>\n<h2>Les acteurs de la montagne r\u00e9clament une date de r\u00e9ouverture des stations de ski<\/h2>\n<p><span style=\"font-size: 1rem;\">L&rsquo;<b>Agence Savoie Mont Blanc r\u00e9clame au gouvernement une date de r\u00e9ouverture pr\u00e9cise pour les stations de ski.<\/b><\/span>\u00a0<span style=\"font-size: 1rem;\">Dans une lettre ouverte adress\u00e9e au gouvernement ce 31\u00a0d\u00e9cembre,\u00a0l&rsquo;Agence Savoie Mont Blanc, qui repr\u00e9sente 112\u00a0stations de ski en Savoie et Haute-Savoie, \u00ab\u00a0exige\u00a0\u00bb une date d&rsquo;ouverture pr\u00e9cise pour avoir une visibilit\u00e9 sur les prochaines <strong>vacances de f\u00e9vrier<\/strong>.<\/span>\u00a0Les acteurs de la montagne se retrouvent \u00ab\u00a0une fois de plus dans une incertitude totale, sans aucune visibilit\u00e9 pour janvier, impactant de fait les potentielles r\u00e9servations de f\u00e9vrier\u00a0\u00bb, d\u00e9plorent-ils.<\/p>\n<p><strong>Une ouverture des stations de ski selon les d\u00e9partements ?<\/strong>\u00a0Dans un communiqu\u00e9 du 5 janvier, les Domaines Skiables de France (DSF) estiment que \u00ab\u00a0<strong>plus rien ne justifie la fermeture compl\u00e8te des domaines skiables<\/strong>\u00a0\u00bb et propose une ouverture imm\u00e9diate \u00ab\u00a0selon la situation sanitaire de chaque d\u00e9partement\u00a0\u00bb.\u00a0\u00a0\u00ab\u00a0<em>A 4\u00a0semaines des vacances de f\u00e9vrier, l&rsquo;enjeu est majeur pour remettre en route les stations, priv\u00e9es de 80% d&rsquo;activit\u00e9 \u00e0 <a href=\"https:\/\/www.journaldesfemmes.fr\/maman\/guide-sorties-en-famille\/2571145-noel-covid-fetes-de-fin-d-annee-reveillon-messes-repas-de-noel\/\" title=\"No\u00ebl 2020\">No\u00ebl<\/a>\u00ab\u00a0<\/em> pr\u00e9cise la chambre professionnelle des op\u00e9rateurs de domaines skiables. Pour Alexandre Maulin, Pr\u00e9sident de DSK, &lsquo;Il est temps que le gouvernement jette un regard objectif sur ce dossier et respecte la parole donn\u00e9e d&rsquo;ouvrir le 7\u00a0janvier, car plus rien ne justifie que l&rsquo;on interdise une activit\u00e9 qui se d\u00e9roule en plein air et avec des protocoles sanitaires adapt\u00e9s\u00a0\u00bb.<\/p>\n<ul>\n<li><strong>D\u00e9partements en couvre-feu.\u00a0<\/strong>Depuis le 2 janvier, 15 d\u00e9partements sont en couvre-feu \u00e0 18 heures :\u00a0<span style=\"font-size: 1rem;\">Hautes-Alpes, des Alpes-Maritimes, des Ardennes, du Doubs, du Jura, de la Marne, de la Haute-Marne, de la Meurthe-et-Moselle, de la Meuse, de la Haute-Sa\u00f4ne, des Vosges, du Territoire de Belfort, de la Moselle, de la Ni\u00e8vre, de la Sa\u00f4ne-et-Loire.\u00a0<\/span>Jean Castex a annonc\u00e9 ce 7 janvier que <strong>dix autres d\u00e9partements (situ\u00e9s \u00e0 l&rsquo;Est) pourraient \u00eatre concern\u00e9s par l&rsquo;avanc\u00e9e de ce couvre-feu \u00e0 18 heures<\/strong>. Des d\u00e9cisions seront prises d&rsquo;ici ce vendredi pour d\u00e9terminer les d\u00e9partements en question.\u00a0Pour les autres d\u00e9partements, ils resteront en couvre-feu \u00e0 20 heures, jusqu&rsquo;au 20 janvier. <em>\u00ab\u00a0Je ne peux exclure que nous ayons \u00e0 prendre des mesures nationales suppl\u00e9mentaires dans les prochains jours si nous en avons besoin<\/em>\u00a0\u00bb a-t-il ajout\u00e9.<\/li>\n<li><strong>L&rsquo;Italie a repouss\u00e9 l&rsquo;ouverture de ses stations de ski au 18\u00a0janvier<\/strong> car les autorit\u00e9s r\u00e9gionales estiment que les conditions ne sont pas r\u00e9unies pour une ouverture initialement pr\u00e9vue le 7\u00a0janvier.<\/li>\n<li>Depuis ce 2\u00a0janvier, <strong>Andorre<\/strong> <strong>a rouvert ses domaines skiables mais uniquement pour ses r\u00e9sidents<\/strong>. Le 31\u00a0d\u00e9cembre,\u00a0le gouvernement andorran a indiqu\u00e9 que ses voisins fran\u00e7ais et espagnols pourraient venir skier dans la principaut\u00e9 \u00e0 compter du 9\u00a0janvier si la situation sanitaire s&rsquo;am\u00e9liorait.\u00a0<\/li>\n<li><strong>\u00ab\u00a0La montagne en d\u00e9p\u00f4t de bilan\u00a0\u00bb.\u00a0<\/strong>Cinq propri\u00e9taires de 200\u00a0magasins de sports estiment, dans une lettre adress\u00e9e aux m\u00e9dias et intitul\u00e9e \u00ab\u00a0la montagne, en d\u00e9p\u00f4t de bilan\u00a0\u00bb, que <strong>\u00ab\u00a0leur saison, \u00e0 peine commenc\u00e9e, est d&rsquo;ores et d\u00e9j\u00e0 termin\u00e9e\u00a0\u00bb.<\/strong>\u00a0Ils se disent impuissant face \u00ab\u00a0\u00e0 l&rsquo;agonie\u00a0\u00bb de la montagne, bien que toutes les mesures sanitaires aient \u00e9t\u00e9 respect\u00e9es pour l&rsquo;ouverture des commerces. \u00ab\u00a0Pour les magasins de sport, tout se joue entre le 15\u00a0d\u00e9cembre et le 30\u00a0avril. On va red\u00e9marrer en f\u00e9vrier apr\u00e8s le traditionnel creux de janvier avec une deuxi\u00e8me ann\u00e9e de suite amput\u00e9e de quasiment la moiti\u00e9\u00a0\u00bb, pr\u00e9cise\u00a0Francis Charbonnel, \u00e0 l&rsquo;initiative de cette d\u00e9marche.<\/li>\n<li><strong>Les stations de ski de Savoie et Haute-Savoie peu fr\u00e9quent\u00e9es pendant les f\u00eates.<\/strong>\u00a0Selon un barom\u00e8tre du cabinet Contours pour l&rsquo;agence Savoie Mont-Blanc r\u00e9v\u00e9l\u00e9 ce 15\u00a0d\u00e9cembre,<strong> la fr\u00e9quentation devrait chuter de 56% lors des vacances de No\u00ebl<\/strong> par rapport \u00e0 la m\u00eame p\u00e9riode l&rsquo;an dernier en raison de la fermeture des remont\u00e9es m\u00e9caniques et de la crise sanitaire. Or, cette p\u00e9riode\u00a0repr\u00e9sente pour les 112\u00a0stations des Pays de Savoie, 19% des 41,1\u00a0millions de nuit\u00e9es enregistr\u00e9es chaque ann\u00e9e. <em>\u00ab\u00a0Notre grand d\u00e9fi consiste maintenant \u00e0 convaincre les ind\u00e9cis, qui p\u00e8sent encore \u00e0 date 32\u00a0% et de renouer de mani\u00e8re progressive avec la client\u00e8le \u00e9trang\u00e8re de proximit\u00e9, au fur et \u00e0 mesure des \u00e9claircies sanitaires esp\u00e9r\u00e9es au plan europ\u00e9en dans les prochaines semaines\u00a0\u00bb<\/em>, a expliqu\u00e9\u00a0Micha\u00ebl Ruysschaert, directeur g\u00e9n\u00e9ral de l&rsquo;agence Savoie Mont-Blanc dans un communiqu\u00e9.<\/li>\n<li><a id=\"ski-etranger\" name=\"ski-etranger\" target=\"_blank\" rel=\"noopener noreferrer\">Pas de ski \u00e0 l&rsquo;\u00e9tranger, contr\u00f4les al\u00e9atoires et isolement de 7\u00a0jours<\/a>. Si la Suisse \u00e0 d\u00e9cid\u00e9 de rendre accessibles\u00a0ses pistes pour les f\u00eates de No\u00ebl,\u00a0Emmanuel Macron compte\u00a0instaurer des<strong> mesures restrictives pour les dissuader de skier dans d&rsquo;autres pays<\/strong>. \u00ab\u00a0<em>S&rsquo;il y a des pays qui maintiennent des stations ouvertes, il y aura des contr\u00f4les pour dissuader les Fran\u00e7ais<\/em>\u00a0\u00bb afin de \u00ab\u00a0<em>ne pas cr\u00e9er une situation de d\u00e9s\u00e9quilibre avec des stations en France<\/em>\u00ab\u00a0, a expliqu\u00e9 le Chef de l&rsquo;Etat lors d&rsquo;une conf\u00e9rence de presse ce 1er d\u00e9cembre. Ainsi, le gouvernement envisage de mettre en place <strong>des \u00ab\u00a0contr\u00f4les al\u00e9atoires\u00a0\u00bb aux fronti\u00e8res de la Suisse et de l&rsquo;Espagne<\/strong> pour \u00ab\u00a0emp\u00eacher les Fran\u00e7ais d&rsquo;aller se contaminer dans les stations\u00a0\u00bb a d\u00e9clar\u00e9 le Premier ministre Jean Castex ce 2\u00a0d\u00e9cembre sur BFMTV-RMC.\u00a0Dans les d\u00e9partements limitrophes,<strong> les pr\u00e9fets \u00ab\u00a0pourraient ordonner un isolement de sept jours\u00a0\u00bb.<\/strong>\u00a0Cet isolement pourra se faire \u00ab\u00a0\u00e0 domicile ou dans un lieu d&rsquo;h\u00e9bergement\u00a0\u00bb et concernera \u00e9galement les \u00e9trangers qui viendraient de Suisse, d&rsquo;Espagne ou d&rsquo;Autriche.<\/li>\n<\/ul>\n<p>Conscient que les professionnels de la montagne sont en grande difficult\u00e9 en raison du report de la r\u00e9ouverture des remont\u00e9es m\u00e9caniques, le gouvernement a annonc\u00e9, ce 14\u00a0d\u00e9cembre, des mesures de soutien exceptionnelles.<\/p>\n<ul>\n<li><strong>Les exploitants de remont\u00e9es m\u00e9caniques<\/strong> peuvent\u00a0pr\u00e9tendre \u00e0 un fonds de soutien leur permettant de compenser 70\u00a0% des charges fixes li\u00e9es \u00e0 l&rsquo;exploitation des remont\u00e9es m\u00e9caniques, elles-m\u00eames fix\u00e9es \u00e0 70\u00a0% du chiffre d&rsquo;affaires, calcul\u00e9 sur la moyenne des trois\u00a0derni\u00e8res ann\u00e9es correspondant \u00e0 la p\u00e9riode de fermeture.<\/li>\n<li><strong>Les commerces situ\u00e9s dans les stations de ski <\/strong>qui ont moins de 50\u00a0salari\u00e9s et qui souffrent d&rsquo;une perte de chiffre d&rsquo;affaires de plus de 50\u00a0%, int\u00e8grent les secteurs faisant l&rsquo;objet du \u00ab\u00a0plan tourisme\u00a0\u00bb. Ils\u00a0peuvent b\u00e9n\u00e9ficier d&rsquo;une aide au titre du fonds de solidarit\u00e9 pouvant aller jusqu&rsquo;\u00e0 10\u00a0000\u00a0euros\u00a0et de l&rsquo;activit\u00e9 partielle avec une prise en charge \u00e0 100\u00a0%. Cette mesure concerne aussi les communes qui d\u00e9pendent des stations de ski.<\/li>\n<li><strong>Les moniteurs de ski peuvent aussi\u00a0pr\u00e9tendre au fonds de solidarit\u00e9<\/strong> leur permettant de compenser la perte de leur chiffre d&rsquo;affaires allant jusqu&rsquo;\u00e0 10\u00a0000\u00a0euros\u00a0ou 20\u00a0% de leur chiffre d&rsquo;affaires r\u00e9alis\u00e9 sur la m\u00eame p\u00e9riode en 2019. Enfin, les\u00a0autres activit\u00e9s touristiques et h\u00f4teli\u00e8res de la montagne continuent \u00e0 b\u00e9n\u00e9ficier d&rsquo;une aide renforc\u00e9e du fonds de solidarit\u00e9 gr\u00e2ce \u00e0 leur int\u00e9gration au \u00ab\u00a0plan tourisme \u00ab\u00a0.\u00a0<\/li>\n<\/ul>\n<p><strong>Lors de la r\u00e9ouverture des stations de ski, les Fran\u00e7ais<\/strong>\u00a0ne devront pas rel\u00e2cher leur vigilance pour autant :<\/p>\n<ul>\n<li><strong>Le\u00a0masque sera obligatoire dans les stations de ski <\/strong>que soit en ext\u00e9rieur ou en int\u00e9rieur, mais aussi dans la file d&rsquo;attente des remont\u00e9es m\u00e9caniques.<\/li>\n<li>Les enfants devront\u00a0porter leur <strong>masque \u00e0 partir de 11 ans.<\/strong><\/li>\n<li><strong>Les skieurs non masqu\u00e9s pourront se voir refuser l&rsquo;acc\u00e8s<\/strong> aux \u00e9quipements de ski et un contr\u00f4le sera effectu\u00e9 par les personnels des remont\u00e9es m\u00e9caniques.<\/li>\n<li>A noter que <strong>le port du masque n&rsquo;est pas obligatoire<\/strong>\u00a0: pour les skieurs sur les remont\u00e9es lorsque chaque si\u00e8ge suspendu n&rsquo;est occup\u00e9 que par une personne ou par des personnes laissant entre elles au moins une place vide.<\/li>\n<li><strong>Une r\u00e9duction du nombre de personnes<\/strong> pr\u00e9sentes dans les t\u00e9l\u00e9ph\u00e9riques, les \u0153ufs ou les t\u00e9l\u00e9si\u00e8ges est \u00e9galement \u00e0 l&rsquo;\u00e9tude, mais rien n&rsquo;a \u00e9t\u00e9 d\u00e9cid\u00e9 pour le moment.<\/li>\n<li><strong>Un local destin\u00e9 \u00e0 l&rsquo;isolement des personnes contamin\u00e9es <\/strong>sera mis \u00e0 disposition dans chaque station. France Montagnes a diffus\u00e9 une <a href=\"https:\/\/www.france-montagnes.com\/covid-19-quel-protocole-cet-hiver-dans-les-stations-de-ski\" target=\"_blank\" rel=\"noopener noreferrer\">version simplifi\u00e9e du protocole sanitaire<\/a> qui sera impos\u00e9 dans les stations de ski.<\/li>\n<\/ul>\n<p>Si vous souhaitez <strong>partir \u00e0 la montagne lors des vacances de f\u00e9vrier ou durant le mois de janvier,<\/strong> vous pouvez effectuer vos r\u00e9servations d\u00e8s \u00e0 pr\u00e9sent pour <strong>louer un meubl\u00e9, un appartement\u00a0ou un chalet.<\/strong>\u00a0Vous pouvez \u00e9galement r\u00e9server vos s\u00e9jours dans les h\u00f4tels, d&rsquo;autant que\u00a0certains accueillent\u00a0des clients d\u00e8s le 19\u00a0d\u00e9cembre. Les r\u00e9sidences de tourisme comme<strong> Pierre &amp; Vacances <\/strong>par exemple\u00a0ont ouvert certains de leurs sites d\u00e8s les <a href=\"https:\/\/www.journaldesfemmes.fr\/maman\/guide-sorties-en-famille\/2613151-dates-vacances-noel-2020\/\" target=\"_blank\" rel=\"noopener noreferrer\">vacances de No\u00ebl<\/a> puis l&rsquo;ensemble quand les remont\u00e9es m\u00e9caniques fonctionneront de nouveau. Par ailleurs, <strong>les clubs de vacances ouvriront leurs portes en janvier<\/strong> :\u00a0Belhambra le fera le 16 janvier, Club Med le 17 janvier, Villages Clubs du Soleil les 16\u00a0ou le 17 janvier et MMV Vacances le 23 janvier. Enfin,\u00a0si les remont\u00e9es m\u00e9caniques ne devaient finalement pas r\u00e9ouvrir le 7 janvier en raison d&rsquo;une situation \u00e9pid\u00e9mique insuffisamment contr\u00f4l\u00e9e, vous seriez int\u00e9gralement rembours\u00e9(e) jusqu&rsquo;\u00e0 la veille, voire le jour pr\u00e9vu de votre arriv\u00e9e en station.<\/p>\n<p>D&rsquo;ici le mois de janvier, les remont\u00e9es m\u00e9caniques sont accessibles sous conditions.\u00a0Ce 5 d\u00e9cembre est paru le d\u00e9cret concernant la<strong> fermeture des remont\u00e9es m\u00e9caniques<\/strong> et il pr\u00e9voit <strong>quelques exceptions<\/strong>. Ainsi, elles seront <strong>accessibles, avant leur r\u00e9ouverture totale\u00a0: <\/strong><\/p>\n<ul>\n<li><strong>aux \u00ab\u00a0professionnels dans l&rsquo;exercice de leur activit\u00e9\u00a0\u00bb<\/strong> (techniciens charg\u00e9s de l&rsquo;entretien et de la maintenance des remont\u00e9es m\u00e9caniques, pisteurs charg\u00e9s d&rsquo;assurer la s\u00e9curit\u00e9 des pistes,\u00a0professionnels en <a href=\"http:\/\/www.affinite.fr\/index.php\/2022\/11\/09\/formation-de-glacier-apprenez-le-metier-de-glacier-et-changez-votre-vie\/\">formation<\/a> comme les moniteurs).<\/li>\n<li>aux<strong> sportifs de comp\u00e9tition ou en formation <\/strong>(sportifs de haut niveau pour leurs entra\u00eenements sur les pistes)<\/li>\n<li>aux<strong> \u00ab\u00a0pratiquants mineurs licenci\u00e9s<\/strong> au sein d&rsquo;une association sportive affili\u00e9e \u00e0 la F\u00e9d\u00e9ration fran\u00e7aise de ski\u00a0\u00bb.\u00a0Il s&rsquo;agit des\u00a0\u00e9l\u00e8ves des clubs de ski, des\u00a0jeunes espoirs, des athl\u00e8tes de clubs list\u00e9s Projet de performance f\u00e9d\u00e9ral (PPF) qui se forment \u00e0 une carri\u00e8re professionnelle pour repr\u00e9senter la France en comp\u00e9titions (qui avaient d\u00e9j\u00e0 acc\u00e8s aux remont\u00e9es m\u00e9caniques).<\/li>\n<\/ul>\n<aside id=\"NL_258620177\" class=\"newsletter_subscription jNlBlock\"><noscript><br \/>\n            <\/noscript><\/p>\n<h3 class=\"newsletter_subscription-title\">Newsletter <\/h3>\n<p><a href=\"\/\/mailing.ccmbg.com\/archive\/last-85\" target=\"_blank\" class=\"a_hover\" rel=\"noopener noreferrer\">Voir un exemple<\/a><\/p>\n<\/aside>\n<p>Le d\u00e9cret pr\u00e9voit aussi que<strong> les pr\u00e9fets pourront autoriser le fonctionnement des \u00ab\u00a0remont\u00e9es m\u00e9caniques \u00e0 vocation urbaine et interurbaine\u00a0\u00bb<\/strong>, pour \u00ab\u00a0l&rsquo;accueil d&rsquo;autres usagers dans les services de transport collectif public de voyageurs\u00a0\u00bb.\u00a0D\u00e8s qu&rsquo;il a pris connaissance de ce point du d\u00e9cret, le PDG de la Compagnie du Mont-Blanc a entam\u00e9 des discussions\u00a0avec le pr\u00e9fet de Haute-Savoie pour maintenir ouvert le t\u00e9l\u00e9ph\u00e9rique de l&rsquo;aiguille du Midi.<\/p>\n<\/p><\/div>\n<p>[ad_2]<br \/>\n<br \/><a href=\"https:\/\/www.journaldesfemmes.fr\/maman\/guide-sorties-en-famille\/2667681-station-de-ski-covid-date-reouverture-remontees-mecaniques-fevrier-jean-castex\/\">Source link <\/a><\/p>\n","protected":false},"excerpt":{"rendered":"<p>[ad_1] Le Premier ministre Jean Castex a confirm\u00e9 ce 7\u00a0janvier que les stations de ski ne pourraient pas rouvrir leurs &hellip; <a href=\"http:\/\/www.affinite.fr\/index.php\/2021\/01\/07\/remontees-fermees-reouverture-en-fevrier\/\" class=\"more-link\">Plus <span class=\"screen-reader-text\">remont\u00e9es ferm\u00e9es, r\u00e9ouverture en f\u00e9vrier\u00a0?<\/span> <span class=\"meta-nav\">&rarr;<\/span><\/a><\/p>\n","protected":false},"author":1,"featured_media":5778,"comment_status":"open","ping_status":"open","sticky":false,"template":"","format":"standard","meta":{"_sitemap_exclude":false,"_sitemap_priority":"","_sitemap_frequency":"","footnotes":""},"categories":[1],"tags":[],"class_list":["post-5777","post","type-post","status-publish","format-standard","has-post-thumbnail","hentry","category-tous"],"_links":{"self":[{"href":"http:\/\/www.affinite.fr\/index.php\/wp-json\/wp\/v2\/posts\/5777"}],"collection":[{"href":"http:\/\/www.affinite.fr\/index.php\/wp-json\/wp\/v2\/posts"}],"about":[{"href":"http:\/\/www.affinite.fr\/index.php\/wp-json\/wp\/v2\/types\/post"}],"author":[{"embeddable":true,"href":"http:\/\/www.affinite.fr\/index.php\/wp-json\/wp\/v2\/users\/1"}],"replies":[{"embeddable":true,"href":"http:\/\/www.affinite.fr\/index.php\/wp-json\/wp\/v2\/comments?post=5777"}],"version-history":[{"count":0,"href":"http:\/\/www.affinite.fr\/index.php\/wp-json\/wp\/v2\/posts\/5777\/revisions"}],"wp:featuredmedia":[{"embeddable":true,"href":"http:\/\/www.affinite.fr\/index.php\/wp-json\/wp\/v2\/media\/5778"}],"wp:attachment":[{"href":"http:\/\/www.affinite.fr\/index.php\/wp-json\/wp\/v2\/media?parent=5777"}],"wp:term":[{"taxonomy":"category","embeddable":true,"href":"http:\/\/www.affinite.fr\/index.php\/wp-json\/wp\/v2\/categories?post=5777"},{"taxonomy":"post_tag","embeddable":true,"href":"http:\/\/www.affinite.fr\/index.php\/wp-json\/wp\/v2\/tags?post=5777"}],"curies":[{"name":"wp","href":"https:\/\/api.w.org\/{rel}","templated":true}]}}