{"id":5767,"date":"2021-01-05T19:02:51","date_gmt":"2021-01-05T19:02:51","guid":{"rendered":"https:\/\/www.affinite.fr\/index.php\/2021\/01\/05\/nombre-de-cas-bilan-variant-detecte-a-paris\/"},"modified":"2021-01-05T19:02:51","modified_gmt":"2021-01-05T19:02:51","slug":"nombre-de-cas-bilan-variant-detecte-a-paris","status":"publish","type":"post","link":"http:\/\/www.affinite.fr\/index.php\/2021\/01\/05\/nombre-de-cas-bilan-variant-detecte-a-paris\/","title":{"rendered":"nombre de cas, bilan, variant d\u00e9tect\u00e9 \u00e0 Paris"},"content":{"rendered":"<p> [ad_1]<br \/>\n<\/p>\n<p>\n                CORONAVIRUS DIRECT &#8211; En France, 20\u00a0489\u00a0nouveaux cas de contamination sont enregistr\u00e9s en 24h et 345\u00a0nouveaux d\u00e9c\u00e8s, alors que la circulation de deux variants britanniques inqui\u00e8te. Un nouveau conseil de d\u00e9fense est pr\u00e9vu mercredi et des annonces jeudi. Nombre de vaccination, derniers chiffres&#8230;            <\/p>\n<div>\n<aside class=\"ccmsummary marqueur_module ccmcss_cms_summary ccmcss_cms_summary--right\">\n<p>\u00a0Sommaire<\/p>\n<\/aside>\n<p><strong>[Mise \u00e0 jour le mardi 5 janvier \u00e0 19h44<\/strong><b>]<\/b> L&rsquo;\u00e9pid\u00e9mie de coronavirus ne faiblit pas en France. Mardi 5\u00a0janvier 2021,<strong>\u00a020 489\u00a0nouvelles contaminations<\/strong> ont \u00e9t\u00e9 confirm\u00e9es\u00a0au cours des derni\u00e8res 24\u00a0heures\u00a0et<strong>\u00a0345 nouveaux d\u00e9c\u00e8s <\/strong>sont d\u00e9plor\u00e9s \u00e0 l&rsquo;h\u00f4pital, auxquels s&rsquo;ajoutent 522 d\u00e9c\u00e8s en Ehpad et \u00e9tablissements sociaux et socio-m\u00e9dicaux entre le 30 d\u00e9cembre et le 5 janvier. Actuellement, 24 904 personnes sont hospitalis\u00e9es dont 2 625 en r\u00e9animation. \u00ab\u00a0<em>On peut estimer que <strong>12% des Fran\u00e7ais ont attrap\u00e9 le Covid-19<\/strong><\/em><strong>\u00ab\u00a0<\/strong>, a indiqu\u00e9 le professeur Arnaud Fontanet, \u00e9pid\u00e9miologiste et membre du Conseil scientifique sur <em>FranceInfo<\/em>.\u00a0Alors que la campagne de vaccination anti-Covid a d\u00e9but\u00e9 le 27 d\u00e9cembre, les cons\u00e9quences des f\u00eates de\u00a0fin d&rsquo;ann\u00e9e avec les regroupements familiaux sur l&rsquo;\u00e9pid\u00e9mie\u00a0seront connues la semaine prochaine. <strong>Deux nouvelles variantes du virus<\/strong> venues du Royaume-Uni inqui\u00e8tent particuli\u00e8rement les autorit\u00e9s sanitaires. Une dizaines de cas du variant britannique ont \u00e9t\u00e9 recens\u00e9s en France. Dans ce contexte, le gouvernement <strong>veut acc\u00e9l\u00e9rer la campagne de vaccination<\/strong> et pr\u00e9voit d&rsquo;ouvrir 500 \u00e0 600 centres de vaccination en ville d&rsquo;ici fin janvier, annonce Olivier V\u00e9ran ce mardi 5 janvier. Sous<strong> couvre-feu \u00e0 20 heures depuis le 15 d\u00e9cembre<\/strong>, la France a vu<strong> 15 de ses d\u00e9partements avancer ce couvre-feu \u00e0 18 heures<\/strong> depuis le 2 janvier. La liste des d\u00e9partements concern\u00e9s devrait \u00eatre\u00a0r\u00e9vis\u00e9e dans une semaine. Pour tout d\u00e9placement au-del\u00e0 de ces heures, il faut se munir d&rsquo;une <a href=\"https:\/\/media.interieur.gouv.fr\/attestation-couvre-feu-covid-19\/\" target=\"_blank\" rel=\"noopener noreferrer\">attestation<\/a> d\u00e9di\u00e9e, sous peine sinon de recevoir une <strong>amende de 135 euros<\/strong>. En parall\u00e8le \u00e0 cela, la France devrait<strong> acc\u00e9l\u00e9rer sa campagne de vaccination<\/strong> qui peine \u00e0 d\u00e9marrer depuis le 27 d\u00e9cembre. Nombre de cas de Covid-19\u00a0en France, \u00e9volution sur 24\u00a0heures, d\u00e9c\u00e8s,\u00a0<a data-auth=\"NotApplicable\" href=\"https:\/\/sante.journaldesfemmes.fr\/fiches-maladies\/2667643-carte-covid-19-france-zone-rouge-departement-ile-de-france-temps-reel-monde-europe-couvre-feu-18-h\/\" rel=\"noopener noreferrer\" target=\"_blank\">cartes pour suivre l&rsquo;\u00e9pid\u00e9mie par d\u00e9partement et r\u00e9gion<\/a>,\u00a0<a data-auth=\"NotApplicable\" href=\"https:\/\/sante.journaldesfemmes.fr\/fiches-maladies\/2636717-cluster-covid-19-coronavirus-france-definition-c-est-quoi-liste-nouveaux\/\" rel=\"noopener noreferrer\" target=\"_blank\">clusters<\/a>,\u00a0<a data-auth=\"NotApplicable\" href=\"https:\/\/sante.journaldesfemmes.fr\/fiches-maladies\/2629823-taux-de-reproduction-covid-france-coronavirus-r0-r-effectif-calcul-evolution-aujourd-hui-departement\/\" rel=\"noopener noreferrer\" target=\"_blank\">R0\u00a0en France<\/a>,\u00a0<a data-auth=\"NotApplicable\" href=\"https:\/\/sante.journaldesfemmes.fr\/fiches-maladies\/2679521-contagion-covid-19-combien-de-temps-jours-duree-asymptomatique-symptomes-incubation-contagieux\/\" rel=\"noopener noreferrer\" target=\"_blank\">contagion du coronavirus<\/a>,\u00a0<a data-auth=\"NotApplicable\" href=\"https:\/\/sante.journaldesfemmes.fr\/fiches-maladies\/2620433-vaccin-coronavirus-covid-19-europe-pfizer-arn-moderna-france-astrazeneca-effet-secondaire-chiffre-calendrier\/\" rel=\"noopener noreferrer\" target=\"_blank\">strat\u00e9gie vaccinale<\/a>&#8230; Chiffres et infos du jour.<\/p>\n<ul>\n<li><strong>Les mus\u00e9es\u00a0rouvriraient en premier. <\/strong>La ministre de la Culture , Roselyne Bachelot a annonc\u00e9 sur RTL mardi\u00a0que <em>\u00ab\u00a0les mus\u00e9es pourraient \u00eatre les premi\u00e8res structures \u00e0 rouvrir\u00a0\u00bb.<\/em> La ministre a indiqu\u00e9\u00a0qu'\u00a0\u00bbil n&rsquo;a jamais \u00e9t\u00e9 pris d&rsquo;engagement de r\u00e9ouverture des salles de spectacle\u00a0\u00bb le 7\u00a0janvier, affirmant un \u00ab\u00a0<em>manque de visibilit\u00e9<\/em>\u00a0\u00bb sur <em>\u00ab\u00a0une reprise massive de l&rsquo;\u00e9pid\u00e9mie, qu&rsquo;on ne peut pas exclure\u00a0\u00bb.<\/em>\u00a0\u00a0<\/li>\n<li><strong>500 centres de vaccination.<\/strong> Invit\u00e9 de RTL, Olivier V\u00e9ran annonce ce mardi l&rsquo;ouverture de 500 \u00e0 600 centres de vaccinations de villes d&rsquo;ici la fin du mois de janvier. De plus, le ministre de la Sant\u00e9 a annonc\u00e9 l&rsquo;amplification de la campagne de vaccination en autorisant les vaccins : \u00e0\u00a0tous les professionnels de sant\u00e9 de ville et d&rsquo;h\u00f4pital de plus de 50\u00a0ans, aux pompiers de plus de 50 ans et aux aides \u00e0 domicile de plus de 50 ans. 100 h\u00f4pitaux seront dot\u00e9s de vaccin d&rsquo;ici ce mercredi. Davantage de soignants pourront vacciner sous la responsabilit\u00e9 d&rsquo;un m\u00e9decin. La pr\u00e9-inscription se fait par internet, t\u00e9l\u00e9phone ou sur l&rsquo;application TousAntiCovid.\u00a0<\/li>\n<li><strong>Vaccination en Haute-Savoie. <\/strong>Lundi 4 janvier,\u00a0les centres hospitaliers d&rsquo;Annecy et de Chamb\u00e9ry ont confirm\u00e9 qu&rsquo;ils allaient recevoir d\u00e8s ce mercredi 10 000 doses de vaccins qui seront conserv\u00e9s dans des cong\u00e9lateurs sp\u00e9ciaux. Les personnels soignants et les r\u00e9sidents en Ehpad seront les premiers \u00e0 \u00eatre vaccin\u00e9s.\u00a0<\/li>\n<li><strong>Un Conseil de D\u00e9fense<\/strong> se d\u00e9roulera mercredi 6 janvier \u00e0 l&rsquo;Elys\u00e9e, juste avant le Conseil des ministres, apprend-on sur BFMTV ce mardi 5 janvier. Le lendemain, Jean Castex tiendra une conf\u00e9rence de presse d\u00e9di\u00e9e \u00e0 la campagne de vaccination jug\u00e9e \u00ab\u00a0trop lente\u00a0\u00bb par de nombreux professionnels de sant\u00e9 et politiques.\u00a0<\/li>\n<li><strong>T\u00e9l\u00e9travail assoupli.<\/strong> Les salari\u00e9s \u00ab\u00a0qui en \u00e9prouvent le besoin\u00a0\u00bb pourront revenir en pr\u00e9sentiel\u00a0<strong>un jour par semaine<\/strong>, avec l&rsquo;accord de leur employeur \u00e0 partir du 7\u00a0janvier 2021, indique l&rsquo;AFP qui reprend une source syndicale. Le t\u00e9l\u00e9travail int\u00e9gral se fera donc sur la base du volontariat.<\/li>\n<\/ul>\n<ul>\n<li><strong>\u00ab\u00a0Une dizaine de cas\u00a0\u00bb du variant britannique<\/strong> ont \u00e9t\u00e9 recens\u00e9s en France pour l&rsquo;instant, informe Olivier V\u00e9ran.\u00a0Ce variant du Covid circulerait en ce moment sur Paris et dans la r\u00e9gion parisienne, pr\u00e9cise Martin Hirsch, directeur g\u00e9n\u00e9ral de l&rsquo;AP-HP sur France 2.\u00a0Ce cas aurait\u00a0\u00e9t\u00e9 d\u00e9tect\u00e9 dans un laboratoire parisien pour un patient de r\u00e9gion parisienne.<\/li>\n<\/ul>\n<ul>\n<li><strong>Ouverture des commerces le dimanche.<\/strong> Certains commerces pourraient ouvrir les dimanches de janvier, indique Elisabeth Borne, ministre du Travail sur FranceInfo. Des d\u00e9cisions locales seront prises prochainement en fonction de la situation sanitaire dans le d\u00e9partement.\u00a0<\/li>\n<li><strong>Le vaccin disponible dans une quarantaine de CHU. <\/strong>Une quarantaine de centres hospitaliers universitaires ont re\u00e7u\u00a0 560\u00a0000\u00a0doses du vaccin Pfizer BioNTech, la semaine derni\u00e8re, selon <a href=\"https:\/\/covidtracker.fr\/vaccintracker\/\" target=\"_blank\" rel=\"noopener noreferrer\">CovidTracker<\/a>.\u00a0Le gouvernement\u00a0a fait le choix de\u00a0livrer plus de doses \u00e0 un nombre restreint de CHU plut\u00f4t qu&rsquo;une faible\u00a0quantit\u00e9 \u00e0 tous les h\u00f4pitaux pour d\u00e9marrer la campagne vaccinale aupr\u00e8s des personnes prioritaires. A\u00a0partir de mardi, 500 000\u00a0nouvelles doses seront livr\u00e9es \u00e0\u00a090% des CHU. et les derniers \u00e9tablissements\u00a0seront livr\u00e9s la semaine prochaine.\u00a0\u00ab\u00a0<em>Nous voulons de la vaccination de proximit\u00e9<\/em>\u00ab\u00a0, a d\u00e9clar\u00e9 Olivier V\u00e9ran, le ministre de la sant\u00e9 en visite dans un centre de vaccination \u00e0 l&rsquo;H\u00f4tel-Dieu (AP-HP, Paris) lundi. <em>\u00ab\u00a0Je ne suis pas du tout certain, c&rsquo;est mon opinion, que cela doive prendre la forme de grands stades dans lesquels viendraient faire la queue des milliers de personnes en plein hiver<\/em>\u00ab\u00a0, s&rsquo;est-il d\u00e9fendu.<\/li>\n<li><strong>R\u00e9ouverture des restaurants report\u00e9e.<\/strong>\u00a0La date de r\u00e9ouverture des bars et restaurants \u00e9tait fix\u00e9e au mercredi 20 janvier 2021 si la situation sanitaire le permettait. Or, selon les informations divulgu\u00e9es par <a href=\"https:\/\/www.rtl.fr\/actu\/debats-societe\/les-infos-de-5h-coronavirus-les-restaurants-ne-rouvriront-pas-le-20-janvier-7800949535\" target=\"_blank\" rel=\"noopener noreferrer\">RTL<\/a> le 4\u00a0janvier, l&rsquo;ex\u00e9cutif a d\u00e9cid\u00e9 de <strong>reporter cette date\u00a0de plusieurs semaines<\/strong>, avant m\u00eame de conna\u00eetre l&rsquo;impact des f\u00eates de fin d&rsquo;ann\u00e9e sur l&rsquo;\u00e9pid\u00e9mie. Le Premier ministre Jean Castex se pr\u00e9pare \u00e0 annoncer\u00a0ce report aux professionnels du secteur lors d&rsquo;une prochaine conf\u00e9rence de presse.<\/li>\n<\/ul>\n<ul>\n<li><strong>Un comit\u00e9 citoyen de 35 membres<\/strong> sera en charge d&rsquo;accompagner la strat\u00e9gie de vaccination du gouvernement. Ces 35 personnes sont tir\u00e9s au sort d\u00e8s ce lundi 4 janvier et commenceront leurs travaux le 16 janvier. Un bilan est attendu \u00e0 l&rsquo;\u00e9t\u00e9 prochain.\u00a0<\/li>\n<\/ul>\n<blockquote>\n<p style=\"text-align: right;\">Au 4\u00a0janvier, 2 000<strong>\u00a0personnes ont \u00e9t\u00e9 vaccin\u00e9es<\/strong><\/p>\n<\/blockquote>\n<ul>\n<li><strong>Bilan de la vaccination.<\/strong>\u00a0Au 4 janvier 20h30, <strong>2 000 personnes ont \u00e9t\u00e9 vaccin\u00e9es<\/strong> selon l&rsquo;outil num\u00e9rique <a href=\"https:\/\/covidtracker.fr\/vaccintracker\/\" target=\"_blank\" rel=\"noopener noreferrer\">CovidTracker<\/a>. Le gouvernement est point\u00e9 du doigt pour sa strat\u00e9gie vaccinale \u00ab\u00a0trop lente\u00a0\u00bb par rapport \u00e0 ses voisins europ\u00e9ens. Une \u00ab\u00a0r\u00e9union de suivi\u00a0\u00bb de la vaccination anti-Covid en France a \u00e9t\u00e9 organis\u00e9e lundi avec Emmanuel Macron, le chef du gouvernement, Jean Castex, Olivier V\u00e9ran ainsi que deux autres membres du gouvernement. Les membres du gouvernement s&rsquo;exprimeront jeudi.<\/li>\n<\/ul>\n<p>Pour freiner la deuxi\u00e8me vague de l&rsquo;\u00e9pid\u00e9mie de Covid-19 en France et y faire face, plusieurs mesures ont \u00e9t\u00e9 prises \u00e0 la rentr\u00e9e 2020\u00a0:<\/p>\n<p>\u25ba Emmanuel Macron a annonc\u00e9 un<strong>\u00a0deuxi\u00e8me confinement<\/strong>\u00a0(apr\u00e8s celui du mois de mars) du 29 octobre au 15\u00a0d\u00e9cembre.<\/p>\n<p>\u25ba Le ministre de la Sant\u00e9 Olivier V\u00e9ran a red\u00e9clench\u00e9 <strong>le\u00a0plan blanc\u00a0au niveau national<\/strong>\u00a0le 29\u00a0octobre. Cela implique la d\u00e9programmation des hospitalisations non-urgentes dans tous les h\u00f4pitaux.<\/p>\n<p>\u25ba Samedi 7\u00a0novembre, les d\u00e9put\u00e9s ont adopt\u00e9 la prolongation de l&rsquo;<a href=\"https:\/\/sante.journaldesfemmes.fr\/fiches-maladies\/2627081-etat-urgence-sanitaire-france-covid-fin-prolongation-loi-decret-assemblee-senat-constitution-mesures\/\" target=\"_blank\" rel=\"noopener noreferrer\">\u00e9tat d&rsquo;urgence sanitaire<\/a>\u00a0jusqu&rsquo;au <strong>16\u00a0f\u00e9vrier 2021.\u00a0<\/strong><\/p>\n<p><b>\u25ba 15\u00a0d\u00e9cembre 2020 : Fin du confinement strict et mise en place d&rsquo;un couvre-feu de 20h00\u00a0\u00e0 6h00<\/b><\/p>\n<ul>\n<li>Fin des attestations et d\u00e9placements entre r\u00e9gions autoris\u00e9s ;<\/li>\n<li>Instauration d&rsquo;un <strong>couvre-feu de 20h00\u00a0\u00e0 06h00\u00a0<\/strong>du matin \u00e0 l&rsquo;exception du r\u00e9veillon du 24\u00a0d\u00e9cembre ;<\/li>\n<li>Prolongation pendant 3\u00a0semaines de la fermeture des lieux accueillants du public (salles de cin\u00e9ma, th\u00e9\u00e2tres, mus\u00e9es). Possibilit\u00e9 de r\u00e9ouverture le 7\u00a0janvier 2021.<\/li>\n<li>Interdiction des rassemblements sur la voie publique.<\/li>\n<\/ul>\n<ul>\n<li>Les salles de cin\u00e9ma, les th\u00e9\u00e2tres et les mus\u00e9es restent ferm\u00e9s.<\/li>\n<li>L&rsquo;accueil du public dans les enceintes sportives, dans les cirques, les parcs zoologiques ou encore les salles de jeux et les casinos reste\u00a0interdit.<\/li>\n<li>Les restaurants et les caf\u00e9s restent ferm\u00e9s au moins jusqu&rsquo;au 20\u00a0janvier\u00a02021.<\/li>\n<li>Le t\u00e9l\u00e9travail doit se poursuivre quand il est possible.<\/li>\n<\/ul>\n<p><b>\u25ba2\u00a0janvier 2021 : Mise en place d&rsquo;un couvre-feu \u00e0 18 heures dans 15\u00a0d\u00e9partements.<\/b><\/p>\n<p>Les d\u00e9partements concern\u00e9s par le couvre-feu \u00e0 18h sont\u00a0: Hautes-Alpes, Alpes-Maritimes, Ardennes, Doubs, Jura, Marne, Haute-Marne, Meurthe-et-Moselle, Meuse, Haute-Sa\u00f4ne, Vosges, Territoire de Belfort, Ni\u00e8vre, Sa\u00f4ne-et-Loire.<\/p>\n<p>Un couvre-feu national est mis en place depuis le 15 d\u00e9cembre dans toute la France,\u00a0de 20h \u00e0 6h. <strong>Depuis le samedi 2 janvier, 15 d\u00e9partements<\/strong> en proie \u00e0 une tension particuli\u00e8rement forte dans les h\u00f4pitaux\u00a0passent<strong><strong> <\/strong><\/strong>\u00e0\u00a0<strong>un couvre-feu avanc\u00e9 \u00e0 18 heures<\/strong>.<\/p>\n<p><strong>Les 15\u00a0d\u00e9partements concern\u00e9s par le couvre-feu avanc\u00e9 sont les suivants\u00a0:<\/strong> Hautes-Alpes\u00a0(05), Alpes-Maritimes\u00a0(06), Ardennes\u00a0(08), Doubs\u00a0(25), Jura\u00a0(39), Marne\u00a0(51), Haute-Marne\u00a0(52), Meurthe-et-Moselle\u00a0(54), Meuse\u00a0(55), Moselle\u00a0(57), Ni\u00e8vre\u00a0(58), Haute-Sa\u00f4ne\u00a0(70), Sa\u00f4ne-et-Loire\u00a0(71), Vosges\u00a0(88), Territoire de Belfort\u00a0(90).<\/p>\n<div style=\"text-align:center\">\n<figure class=\"image\" style=\"display:inline-block\"><a class=\"fancy\" href=\"https:\/\/img-3.journaldesfemmes.fr\/mqa1gUU5aBhp5iTYCie7OS2c0ro=\/1080x\/smart\/c585c93bc6354a64ac32471a0a59db5d\/ccmcms-jdf\/21306252.jpg\" target=\"_blank\" rel=\"noopener noreferrer\"><img decoding=\"async\" alt=\"carte covid france couvre-feu 18 heures\" src=\"https:\/\/img-3.journaldesfemmes.fr\/lh6_k9gjUWwPoYHVfthI39Rvq3k=\/450x\/smart\/c585c93bc6354a64ac32471a0a59db5d\/ccmcms-jdf\/21306252.jpg\"\/><\/a><figcaption data-credit=\"Minist\u00e8re de l'Int\u00e9rieur\" data-legend=\"Carte des d\u00e9partements sous couvre-feu en France \u00e0 20 heures ou 18 heures\">Carte des d\u00e9partements sous couvre-feu en France \u00e0 20\u00a0heures ou 18\u00a0heures <small>\u00a9\u00a0Minist\u00e8re de l&rsquo;Int\u00e9rieur<\/small><\/figcaption><\/figure>\n<\/div>\n<p><strong>Cette liste pourrait s&rsquo;allonger<\/strong>\u00a0en fonction de la situation \u00e9pid\u00e9miologique et notamment du taux d&rsquo;incidence (plus de 200\u00a0cas pour 100\u00a0000\u00a0habitants). Pendant le couvre-feu, seuls certains d\u00e9placements sont possibles, \u00e0 condition de se munir d&rsquo;une <strong><a href=\"https:\/\/media.interieur.gouv.fr\/attestation-couvre-feu-covid-19\/\" target=\"_blank\" rel=\"noopener noreferrer\">attestation<\/a> <\/strong>notamment\u00a0:<\/p>\n<ul>\n<li>se rendre ou revenir de son lieu de travail, \u00e0 une <a href=\"http:\/\/www.affinite.fr\/index.php\/2022\/11\/09\/formation-de-glacier-apprenez-le-metier-de-glacier-et-changez-votre-vie\/\">formation<\/a> professionnelle, effectuer un d\u00e9placement professionnel ne pouvant \u00eatre report\u00e9\u00a0;<\/li>\n<li>des motifs familiaux imp\u00e9rieux, pour l&rsquo;assistance aux personnes vuln\u00e9rables et pr\u00e9caires, notamment aux personnes en situation de handicap ou pour la garde d&rsquo;enfants\u00a0;<\/li>\n<li>des motifs m\u00e9dicaux\u00a0: aller \u00e0 l&rsquo;h\u00f4pital, examens et soins ne pouvant \u00eatre assur\u00e9s \u00e0 distance et achat de m\u00e9dicaments\u00a0;<\/li>\n<li>participer \u00e0 des missions d&rsquo;int\u00e9r\u00eat g\u00e9n\u00e9ral sur demande de l&rsquo;autorit\u00e9 administrative (maraudes des associations de lutte contre la pauvret\u00e9 ou distributions d&rsquo;aides alimentaires \u00e0 domicile)\u00a0;<\/li>\n<li>les personnes en situation de handicap et leur accompagnant\u00a0;<\/li>\n<li>promener un animal domestique autour de son domicile.<\/li>\n<\/ul>\n<p><strong>Le non-respect du couvre-feu entraine\u00a0:<\/strong><\/p>\n<ul>\n<li>Premi\u00e8re sanction\u00a0: une amende de 135\u00a0euros, major\u00e9e \u00e0 375\u00a0euros (en cas de non-paiement ou de non-contestation dans le d\u00e9lai indiqu\u00e9 sur l&rsquo;avis de contravention)<\/li>\n<li>En cas de r\u00e9cidive dans les 15\u00a0jours\u00a0: une amende de 200\u00a0euros, major\u00e9e \u00e0 450\u00a0euros (en cas de non-paiement ou de non-contestation dans le d\u00e9lai indiqu\u00e9 sur l&rsquo;avis de contravention)<\/li>\n<li>Apr\u00e8s 3\u00a0infractions en 30\u00a0jours\u00a0: une amende de 3750\u00a0euros passible de 6\u00a0mois d&#8217;emprisonnement.<\/li>\n<\/ul>\n<p>La crainte d&rsquo;un rebond \u00e9pid\u00e9mique suite aux rassemblements des f\u00eates est redout\u00e9e par les pouvoirs politiques et les m\u00e9decins.<em> \u00ab\u00a0La stabilisation des contaminations \u00e0 un niveau pr\u00e9occupant fait courir le risque d&rsquo;une reprise si nous ne sommes pas prudents\u00a0\u00bb<\/em> pr\u00e9venait Olivier V\u00e9ran lors de la conf\u00e9rence de presse du 10 d\u00e9cembre. Des maires notamment \u00e0 Reims et Nancy demandent aussi le reconfinement. Mais le ministre de la Sant\u00e9 a indiqu\u00e9 sur TF1 mardi 22 d\u00e9cembre que cela n&rsquo;\u00e9tait pas envisag\u00e9 par le gouvernement\u00a0<em>: \u00ab\u00a0Toutes les solutions sont dans les tuyaux,<\/em> a-t-il expliqu\u00e9<em>, mais elles ne sont pas fonction de l&rsquo;appel d&rsquo;un maire ou d&rsquo;un autre, elles sont fonction de la situation sanitaire. Aujourd&rsquo;hui, il y a trop de cas (..) mais\u00a0nous ne sommes pas en flamb\u00e9e \u00e9pid\u00e9mique. En France nous avons pris des d\u00e9cisions t\u00f4t pour \u00e9viter un reconfinement tel qu&rsquo;il est constat\u00e9 chez nos voisins.\u00a0\u00bb\u00a0<\/em>Une \u00e9tude du Centre hospitalier r\u00e9gional et universitaire de Nancy (CHRU) et de la F\u00e9d\u00e9ration Hospitali\u00e8re de France (FHF), publi\u00e9e le dimanche 20\u00a0d\u00e9cembre dans le<a href=\"https:\/\/www.lejdd.fr\/Societe\/Sante\/exclusif-covid-19-une-etude-pointe-un-risque-de-troisieme-vague-hospitaliere-des-le-7-janvier-4013659\" target=\"_blank\" rel=\"noopener noreferrer\"> Journal du Dimanche<\/a> a annonc\u00e9\u00a0une<strong> troisi\u00e8me vague hospitali\u00e8re \u00e0 partir du 7\u00a0janvier.<\/strong>\u00a0<em>\u00ab\u00a0D\u00e8s les prochains jours, les h\u00f4pitaux pourraient avoir\u00a0des difficult\u00e9s \u00e0 faire face car la pression va inexorablement autour de No\u00ebl. Le probl\u00e8me c&rsquo;est que les r\u00e9as sont d\u00e9j\u00e0 en tension malgr\u00e9 des lits suppl\u00e9mentaires\u00a0\u00bb, <\/em>expliquait le Pr Rabaud, infectiologue, au Journal du Dimanche.\u00a0<\/p>\n<p>Selon les derniers chiffres publi\u00e9s par <a href=\"https:\/\/www.santepubliquefrance.fr\/dossiers\/coronavirus-covid-19\/coronavirus-chiffres-cles-et-evolution-de-la-covid-19-en-france-et-dans-le-monde\" target=\"_blank\" rel=\"noopener noreferrer\">Sant\u00e9 Publique France<\/a> au mardi 5\u00a0janvier 2021, en France :\u00a0<\/p>\n<p>\u2022 2 680 239\u00a0personnes ont \u00e9t\u00e9 contamin\u00e9es par le coronavirus <strong>(+20 489\u00a0en 24 heures)<\/strong>.<\/p>\n<p>\u2022 66 282\u00a0personnes sont d\u00e9c\u00e9d\u00e9es en France <strong>(+345\u00a0en 24 heures \u00e0 l&rsquo;h\u00f4pital),<\/strong><strong>\u00a0<\/strong>dont 45 980 \u00e0 l&rsquo;h\u00f4pital,\u00a0auxquels s&rsquo;ajoutent 522\u00a0d\u00e9c\u00e8s en Ehpad et \u00e9tablissements sociaux et socio-m\u00e9dicaux entre le 30\u00a0d\u00e9cembre et le 5\u00a0janvier.<\/p>\n<p>\u2022 2 625 patients Covid-19 sont en r\u00e9animation <strong>(-41\u00a0en 24 heures<\/strong><strong>)<\/strong>.<\/p>\n<p>\u2022 24 904 patients Covid-19 sont hospitalis\u00e9s\u00a0<strong>(-91\u00a0en 24 heures)<\/strong>.<\/p>\n<blockquote>\n<p style=\"text-align: right;\">\u00a0<\/p>\n<\/blockquote>\n<blockquote>\n<p style=\"text-align: right;\">\u00a0<\/p>\n<\/blockquote>\n<p>Invit\u00e9 du journal t\u00e9l\u00e9vis\u00e9 sur France 2\u00a0mardi 29\u00a0d\u00e9cembre, le ministre de la sant\u00e9 Olivier V\u00e9ran a indiqu\u00e9 :\u00a0<em>\u00ab\u00a0<strong>Nous sommes sur un plateau<\/strong> depuis maintenant 3\u00a0semaines.<\/em>\u00a0\u00bb Sur la semaine du 21\u00a0au 27 d\u00e9cembre, les indicateurs de suivi de l&rsquo;\u00e9pid\u00e9mie montrent une augmentation de la circulation du SARS-CoV-2, indique Sant\u00e9 Publique France dans son <a href=\"https:\/\/www.santepubliquefrance.fr\/maladies-et-traumatismes\/maladies-et-infections-respiratoires\/infection-a-coronavirus\/documents\/bulletin-national\/covid-19-point-epidemiologique-du-31-decembre-2020\" target=\"_blank\" rel=\"noopener noreferrer\">point du 31\u00a0d\u00e9cembre<\/a>.\u00a0Le nombre de <strong>personnes test\u00e9es a continu\u00e9 d&rsquo;augmenter,<\/strong>\u00a0de 26% par rapport \u00e0 la semaine pr\u00e9c\u00e9dente,\u00a0le nombre hebdomadaire de nouvelles <strong>hospitalisations <\/strong>pour COVID-19\u00a0s&rsquo;est <strong>stabilis\u00e9<\/strong>, apr\u00e8s plusieurs semaines de diminution. Le nombre de nouvelles admissions en <strong>r\u00e9animation<\/strong>, apr\u00e8s avoir fortement diminu\u00e9 depuis la semaine 46, s&rsquo;est aussi stabilis\u00e9. Le <strong>taux de reproduction<\/strong> du virus oscille \u00e0 un niveau mod\u00e9r\u00e9 stable autour de<strong>\u00a01<\/strong>, notamment\u00a0dans 2\u00a0r\u00e9gions m\u00e9tropolitaines\u00a0: Corse et Provence-Alpes-C\u00f4te d&rsquo;Azur. L&rsquo;\u00e9pid\u00e9mie progresse lorsque ce taux passe au dessus de 1. Il\u00a0est\u00a0inf\u00e9rieur\u00a0\u00e0 1\u00a0dans les autres r\u00e9gions. Le nombre de nouveaux d\u00e9c\u00e8s li\u00e9s \u00e0 la COVID-19, incluant les d\u00e9c\u00e8s survenus \u00e0 l&rsquo;h\u00f4pital et en \u00e9tablissements m\u00e9dico-sociaux (d\u00e9c\u00e8s survenus \u00e0 domicile non inclus), restait \u00e9galement tr\u00e8s \u00e9lev\u00e9.\u00a0<\/p>\n<p>\u2192 L&rsquo;indicateur utilis\u00e9 pour suivre l&rsquo;\u00e9volution de l&rsquo;\u00e9pid\u00e9mie de coronavirus en France est le<strong> taux d&rsquo;incidence<\/strong> soit le nombre de patients ayant un test PCR positif pour 100 000 habitants par semaine sur les 7 derniers jours. Au 5\u00a0janvier, ce taux monte encore \u00e0 137,\u00a0contre 131,53 le 2 janvier, et 124,71 le 31 d\u00e9cembre. Il se maintient \u00e0 un niveau \u00e9lev\u00e9 mais stable.<\/p>\n<div style=\"text-align:center\">\n<figure class=\"image\" style=\"display:inline-block\"><a class=\"fancy\" href=\"https:\/\/img-3.journaldesfemmes.fr\/IIEWxYwocACPUY9hBvXpSp-rpzA=\/1080x\/smart\/1d85f4377b244c9da22d32eb7225cd2f\/ccmcms-jdf\/21308152.png\"><img decoding=\"async\" alt=\"Nombre de nouvelles personnes positives au Sars-Cov-2 rapport\u00e9 \u00e0 la taille de la population, au 4 janvier.\" src=\"https:\/\/img-3.journaldesfemmes.fr\/prvzEoKQ96a1LhQJ4Gnv95JCO2M=\/450x\/smart\/1d85f4377b244c9da22d32eb7225cd2f\/ccmcms-jdf\/21308152.png\"\/><\/a><figcaption data-credit=\"Gouvernement.fr\" data-legend=\"Nombre de nouvelles personnes positives au Sars-Cov-2 rapport\u00e9 \u00e0 la taille de la population, au 4 janvier.\">Nombre de nouvelles personnes positives au Sars-Cov-2 rapport\u00e9 \u00e0 la taille de la population, au 4 janvier. <small>\u00a9\u00a0Gouvernement.fr<\/small><\/figcaption><\/figure>\n<\/div>\n<p>Le gouvernement suit \u00e9galement l&rsquo;\u00e9volution du taux d&rsquo;occupation des lits en r\u00e9animation par des patients Covid-19 (sur les capacit\u00e9s initiales). Ce taux met en lumi\u00e8re une \u00e9ventuelle tension hospitali\u00e8re.\u00a0La tension hospitali\u00e8re est actuellement mod\u00e9r\u00e9e et stable.<\/p>\n<div style=\"text-align:center\">\n<figure class=\"image\" style=\"display:inline-block\"><a class=\"fancy\" href=\"https:\/\/img-3.journaldesfemmes.fr\/i660OI63hLcZHDumxocommqsl6c=\/1080x\/smart\/ce50e75a3c72495f8f05543e9499e11e\/ccmcms-jdf\/21336449.png\"><img decoding=\"async\" alt=\"Taux d'occupation des lits en r\u00e9animation au 5 janvier par des patients Covid-19 \" src=\"https:\/\/img-3.journaldesfemmes.fr\/4t0vlBVpRfPPPmikAd8lDBnFEYw=\/450x\/smart\/ce50e75a3c72495f8f05543e9499e11e\/ccmcms-jdf\/21336449.png\"\/><\/a><figcaption data-credit=\"Gouvernement.fr\" data-legend=\"Taux d'occupation des lits en r\u00e9animation au 5 janvier par des patients Covid-19 \">Taux d&rsquo;occupation des lits en r\u00e9animation au 5 janvier par des patients Covid-19 <small>\u00a9\u00a0Gouvernement.fr<\/small><\/figcaption><\/figure>\n<\/div>\n<p>Au 5\u00a0janvier, Sant\u00e9 publique France rapporte\u00a0un total de<strong>\u00a02 680 239<\/strong>\u00a0<strong>cas\u00a0confirm\u00e9s\u00a0<\/strong>de coronavirus depuis le d\u00e9but de la pand\u00e9mie. Dans son bulletin \u00e9pid\u00e9miologique du 31\u00a0d\u00e9cembre, Sant\u00e9 Publique France rapporte une<strong> diminution de 16,5% des nouveaux cas<\/strong> confirm\u00e9s par test RT-PCR ou antig\u00e9nique sur la semaine du 21\u00a0au 27\u00a0d\u00e9cembre, en comparaison \u00e0 la semaine pr\u00e9c\u00e9dente. Le\u00a0<strong>pic \u00e9pid\u00e9mique<\/strong>\u00a0de la premi\u00e8re vague a \u00e9t\u00e9 observ\u00e9 la\u00a0<strong>semaine du 6\u00a0au 12 avril<\/strong>, soit 15\u00a0jours\u00a0apr\u00e8s la mise en \u0153uvre des mesures de confinement de la population g\u00e9n\u00e9rale, le 17\u00a0mars 2020. Le <strong>pic de la deuxi\u00e8me vague <\/strong>est pass\u00e9, indique Emmanuel Macron le 24\u00a0novembre dans son allocution t\u00e9l\u00e9vis\u00e9e, trois semaines apr\u00e8s le reconfinement, soit du <strong>16 au 20 novembre<\/strong>.\u00a0<\/p>\n<h3 style=\"text-align: center;\">Nombre incident de cas confirm\u00e9s de Covid-19\u00a0par semaine, rapport\u00e9s \u00e0 Sant\u00e9 publique France, du 11\u00a0mai au 27\u00a0d\u00e9cembre, France enti\u00e8re<\/h3>\n<div style=\"text-align:center\">\n<figure class=\"image\" style=\"display:inline-block\"><a class=\"fancy\" href=\"https:\/\/img-3.journaldesfemmes.fr\/aOYpAjTPCvoe-5DkUKxWdL76huo=\/1080x\/smart\/681798f593824c648441baa50a0db090\/ccmcms-jdf\/21243145.png\"><img decoding=\"async\" alt=\"cas confirm\u00e9 covid\" src=\"https:\/\/img-3.journaldesfemmes.fr\/8Nl5jNCH2yc2lwoY4MyovXYDSQI=\/600x\/smart\/681798f593824c648441baa50a0db090\/ccmcms-jdf\/21243145.png\"\/><\/a><figcaption data-credit=\"Sant\u00e9 Publique France\" data-legend=\"Nombre incident de cas confirm\u00e9s de COVID-19 par semaine, rapport\u00e9s \u00e0 Sant\u00e9 publique France, du 11 mai au 27 d\u00e9cembre 2020, France enti\u00e8re\">Nombre incident de cas confirm\u00e9s de COVID-19 par semaine, rapport\u00e9s \u00e0 Sant\u00e9 publique France, du 11 mai au 27 d\u00e9cembre 2020, France enti\u00e8re <small>\u00a9\u00a0Sant\u00e9 Publique France<\/small><\/figcaption><\/figure>\n<\/div>\n<h3 style=\"text-align: center;\">Nombre de cas confirm\u00e9s de COVID-19\u00a0chez les r\u00e9sidents et le personnel en ESMS (\u00e9tablissements sociaux et m\u00e9dico-sociaux)\u00a0par semaine calendaire, du 20\u00a0juillet au 27\u00a0d\u00e9cembre, en France<\/h3>\n<div style=\"text-align:center\">\n<figure class=\"image\" style=\"display:inline-block\"><a class=\"fancy\" href=\"https:\/\/img-3.journaldesfemmes.fr\/vEtzHryD61HvZTaLT8XaiCoPZ2c=\/1080x\/smart\/d1117b15d484433388c3141686803d9f\/ccmcms-jdf\/21243182.png\"><img decoding=\"async\" alt=\"Nombre de cas confirm\u00e9s de COVID-19 chez les r\u00e9sidents et le personnel en ESMS par semaine calendaire, du 20 juillet au 13 d\u00e9cembre 2020, en France \" src=\"https:\/\/img-3.journaldesfemmes.fr\/pGY71PXBkiW48ACQGnIHt0OAzKE=\/600x\/smart\/d1117b15d484433388c3141686803d9f\/ccmcms-jdf\/21243182.png\"\/><\/a><figcaption data-credit=\"Sant\u00e9 Publique France\" data-legend=\"Nombre de cas confirm\u00e9s de COVID-19 chez les r\u00e9sidents et le personnel en ESMS par semaine calendaire, du 20 juillet au 27 d\u00e9cembre 2020, en France \">Nombre de cas confirm\u00e9s de COVID-19 chez les r\u00e9sidents et le personnel en ESMS par semaine calendaire, du 20 juillet au 27 d\u00e9cembre 2020, en France <small>\u00a9\u00a0Sant\u00e9 Publique France<\/small><\/figcaption><\/figure>\n<\/div>\n<p>Mardi 5\u00a0janvier,<strong>\u00a020 489\u00a0nouvelles personnes<\/strong> ont re\u00e7u un test positif au Covid-19 sur les derni\u00e8res\u00a024\u00a0heures.<\/p>\n<div style=\"text-align:center\">\n<figure class=\"image\" style=\"display:inline-block\"><a class=\"fancy\" href=\"https:\/\/img-3.journaldesfemmes.fr\/Gp5O0VE4YsnMTC1d4K8-2ZVAL_c=\/1080x\/smart\/faaca00f9c484d6799b88eeafc6e21d7\/ccmcms-jdf\/21335732.png\"><img decoding=\"async\" alt=\"cas positifs en France par jour\" src=\"https:\/\/img-3.journaldesfemmes.fr\/LuRykZ-SRenTbV0KjjQEP3sxE1U=\/600x\/smart\/faaca00f9c484d6799b88eeafc6e21d7\/ccmcms-jdf\/21335732.png\"\/><\/a><figcaption data-credit=\"Sant\u00e9 publique France\" data-legend=\"Courbe des cas positifs en France par jour du 23 novembre au 1er janvier 2021 \u00a9\u00a0CovidTracker\">Courbe des cas positifs en France par jour du 23 novembre au 1er janvier 2021 \u00a9\u00a0CovidTracker <small>\u00a9\u00a0Sant\u00e9 publique France<\/small><\/figcaption><\/figure>\n<\/div>\n<p>Mardi 5\u00a0janvier,<b>\u00a02 625\u00a0<\/b>personnes sont\u00a0hospitalis\u00e9es\u00a0en\u00a0r\u00e9animation (-41\u00a0en 24 heures).\u00a0Le nombre hebdomadaire de nouvelles hospitalisations en r\u00e9animation a augment\u00e9\u00a0en semaine 52\u00a0(21\u00a0au 27\u00a0d\u00e9cembre),\u00a0rapporte Sant\u00e9 Publique France. Le <a href=\"https:\/\/sante.journaldesfemmes.fr\/fiches-maladies\/2624681-plan-blanc-hopital-ile-de-france-paris-aphp-definition-covid-niveau-1-2-elargi\/\" target=\"_blank\" rel=\"noopener noreferrer\">plan blanc<\/a>\u00a0est r\u00e9activ\u00e9 sur tout le territoire national depuis le 29 octobre. Le temps de doublement du nombre hebdomadaire d&rsquo;admissions en r\u00e9animation est de<strong> 30 jours.<\/strong><\/p>\n<div style=\"text-align:center\">\n<figure class=\"image\" style=\"display:inline-block\"><a class=\"fancy\" href=\"https:\/\/img-3.journaldesfemmes.fr\/j0BpDo4_tMi7DaqOyU9QnIMnIbQ=\/1080x\/smart\/8ef3f4df541f4a409f2587fd27db5587\/ccmcms-jdf\/21243267.png\"><img decoding=\"async\" alt=\"courbe r\u00e9animation covid-19\" src=\"https:\/\/img-3.journaldesfemmes.fr\/a4wQJ7hThEFp2qyqPC2S_2VLMFU=\/600x\/smart\/8ef3f4df541f4a409f2587fd27db5587\/ccmcms-jdf\/21243267.png\"\/><\/a><figcaption data-credit=\"Sant\u00e9 Publique France\" data-legend=\" Nombre hebdomadaire de patients COVID-19 admis en service de r\u00e9animation pendant leur hospitalisation, par semaine d\u2019admission en r\u00e9animation, depuis le 24 f\u00e9vrier 2020, France, donn\u00e9es au 27 d\u00e9cembre\">Nombre hebdomadaire de patients COVID-19 admis en service de r\u00e9animation pendant leur hospitalisation, par semaine d\u2019admission en r\u00e9animation, depuis le 24 f\u00e9vrier 2020, France, donn\u00e9es au 27 d\u00e9cembre <small>\u00a9\u00a0Sant\u00e9 Publique France<\/small><\/figcaption><\/figure>\n<\/div>\n<p>\u2192 Le taux de<strong> nouvelles admissions en r\u00e9animation <\/strong>a <strong>augment\u00e9 <\/strong>dans les Hauts-de-France (+14%), Pays de la Loire (+11%), Bourgogne-Franche-Comt\u00e9 (+7%), Grand Est (+6%) et Occitanie (+4%). Il s&rsquo;est stabilis\u00e9 en Corse et en Provence-Alpes-C\u00f4te d&rsquo;Azur. Il a diminu\u00e9 dans les autres r\u00e9gions de France m\u00e9tropolitains.<\/p>\n<p>\u2192<strong> <\/strong>Les<strong> plus forts taux hebdomadaires d&rsquo;admission en r\u00e9animation<\/strong> \u00e9taient rapport\u00e9s en Bourgogne-Franche-Comt\u00e9 (3,2\/100\u00a0000\u00a0habitants), Grand Est (2,9), Provence-Alpes-C\u00f4te d&rsquo;Azur (2,3) et Auvergne-Rh\u00f4ne-Alpes (2,1). Les autres r\u00e9gions de France m\u00e9tropolitaine rapportaient des taux inf\u00e9rieurs \u00e0 2,0\u00a0pour 100\u00a0000\u00a0habitants.<\/p>\n<p>\u2192 <strong>Profil des personnes admises en ce moment en r\u00e9animation :<\/strong> 71% sont des hommes, l&rsquo;\u00e2ge m\u00e9dian est de 68 ans.\u00a089% des patients pr\u00e9sentent au moins une comorbidit\u00e9. L&rsquo;\u00e2ge m\u00e9dian des personnes d\u00e9c\u00e9d\u00e9es est de 74 ans.<\/p>\n<p><iframe loading=\"lazy\" height=\"600\" src=\"https:\/\/geodes.santepubliquefrance.fr\/?view=map1&amp;indics=covid_hospit.rea&amp;serie=2020-11-08&amp;f1code=0&amp;lang=fr&amp;iframe=1\" width=\"600\"><\/iframe><\/p>\n<p>Selon les <a href=\"https:\/\/www.gouvernement.fr\/info-coronavirus\/carte-et-donnees\" target=\"_blank\" rel=\"noopener noreferrer\">chiffres communiqu\u00e9s par le gouvernement<\/a>, consolid\u00e9s avec l&rsquo;Agence Sant\u00e9 Publique France et\u00a0les ARS (Agences r\u00e9gionales de Sant\u00e9), voici l&rsquo;\u00e9volution des hospitalisations (dont la r\u00e9animation) et des d\u00e9c\u00e8s\u00a0en France par r\u00e9gion.<\/p>\n<h3 style=\"text-align: center;\">Evolution des hospitalisations (dont en r\u00e9animation) et d\u00e9c\u00e8s \u00e0 l&rsquo;h\u00f4pital du Covid-19\u00a0par r\u00e9gion au 5\u00a0janvier (source\u00a0: Sant\u00e9 publique France)<strong>.<\/strong><\/h3>\n<table border=\"1\" cellpadding=\"1\" cellspacing=\"1\" style=\"width:100%;\">\n<thead>\n<tr>\n<th scope=\"col\" style=\"width: 210px;\">R\u00e9gions<\/th>\n<th scope=\"col\" style=\"width: 169px; text-align: center;\">Hospitalisations en cours<\/th>\n<th scope=\"col\" style=\"width: 143px; text-align: center;\">Evolution des nouveaux patients sur les\u00a0 derni\u00e8res 24\u00a0H<\/th>\n<th scope=\"col\" style=\"width: 149px; text-align: center;\">R\u00e9animation Soins intensif<\/th>\n<th scope=\"col\" style=\"width: 155px; text-align: center;\">Evolution des nouveaux patients sur les\u00a0 derni\u00e8res 24\u00a0H<\/th>\n<th scope=\"col\" style=\"width: 220px; text-align: center;\">D\u00e9c\u00e8s<\/th>\n<\/tr>\n<tr>\n<td style=\"width: 210px;\"><b>\u00cele-de-France<\/b><\/td>\n<td style=\"width: 169px;\">4 753<\/td>\n<td style=\"width: 143px;\">+81<\/td>\n<td style=\"width: 149px;\">564<\/td>\n<td style=\"width: 155px;\">-7<\/td>\n<td style=\"width: 220px;\">12 326<\/td>\n<\/tr>\n<tr>\n<td style=\"width: 210px;\"><strong>Grand Est<\/strong><\/td>\n<td style=\"width: 169px;\">3 111<\/td>\n<td style=\"width: 143px;\">+105<\/td>\n<td style=\"width: 149px;\">296<\/td>\n<td style=\"width: 155px;\">+1<\/td>\n<td style=\"width: 220px;\">6 170<\/td>\n<\/tr>\n<tr>\n<td style=\"width: 210px;\"><strong>Auvergne-Rh\u00f4ne-Alpes<\/strong><\/td>\n<td style=\"width: 169px;\">4 207<\/td>\n<td style=\"width: 143px;\">+83<\/td>\n<td style=\"width: 149px;\">386<\/td>\n<td style=\"width: 155px;\">+12<\/td>\n<td style=\"width: 220px;\">6 925<\/td>\n<\/tr>\n<tr>\n<td style=\"width: 210px;\"><strong>Hauts-de-France<\/strong><\/td>\n<td style=\"width: 169px;\">2 389<\/td>\n<td style=\"width: 143px;\">+72<\/td>\n<td style=\"width: 149px;\">239<\/td>\n<td style=\"width: 155px;\">-2<\/td>\n<td style=\"width: 220px;\">4 572<\/td>\n<\/tr>\n<tr>\n<td style=\"width: 210px;\"><strong>Bourgogne-Franche-Comt\u00e9<\/strong><\/td>\n<td style=\"width: 169px;\">1 838<\/td>\n<td style=\"width: 143px;\">+22<\/td>\n<td style=\"width: 149px;\">183<\/td>\n<td style=\"width: 155px;\">+5<\/td>\n<td style=\"width: 220px;\">2 752<\/td>\n<\/tr>\n<tr>\n<td style=\"width: 210px;\"><strong>Provence-Alpes-C\u00f4te d&rsquo;Azur<\/strong><\/td>\n<td style=\"width: 169px;\">2 504<\/td>\n<td style=\"width: 143px;\">+51<\/td>\n<td style=\"width: 149px;\">304<\/td>\n<td style=\"width: 155px;\">+6<\/td>\n<td style=\"width: 220px;\">3 668<\/td>\n<\/tr>\n<tr>\n<td style=\"width: 210px;\"><strong>Occitanie<\/strong><\/td>\n<td style=\"width: 169px;\">1 257<\/td>\n<td style=\"width: 143px;\">+2<\/td>\n<td style=\"width: 149px;\">165<\/td>\n<td style=\"width: 155px;\">-18<\/td>\n<td style=\"width: 220px;\">2 182<\/td>\n<\/tr>\n<tr>\n<td style=\"width: 210px;\"><strong>Bretagne<\/strong><\/td>\n<td style=\"width: 169px;\">545<\/td>\n<td style=\"width: 143px;\">+14<\/td>\n<td style=\"width: 149px;\">41<\/td>\n<td style=\"width: 155px;\">-1<\/td>\n<td style=\"width: 220px;\">745<\/td>\n<\/tr>\n<tr>\n<td style=\"width: 210px;\"><strong>Nouvelle-Aquitaine<\/strong><\/td>\n<td style=\"width: 169px;\">1 140<\/td>\n<td style=\"width: 143px;\">+34<\/td>\n<td style=\"width: 149px;\">141<\/td>\n<td style=\"width: 155px;\">+7<\/td>\n<td style=\"width: 220px;\">1 797<\/td>\n<\/tr>\n<tr>\n<td style=\"width: 210px;\"><strong><a href=\"http:\/\/www.affinite.fr\/index.php\/2024\/11\/21\/construire-votre-maison-en-normandie\/\">Normandie<\/a><\/strong><\/td>\n<td style=\"width: 169px;\">1 154<\/td>\n<td style=\"width: 143px;\">+4<\/td>\n<td style=\"width: 149px;\">97<\/td>\n<td style=\"width: 155px;\">NC<\/td>\n<td style=\"width: 220px;\">1 568<\/td>\n<\/tr>\n<tr>\n<td style=\"width: 210px;\"><strong>Centre Val-de-Loire<\/strong><\/td>\n<td style=\"width: 169px;\">912<\/td>\n<td style=\"width: 143px;\">+13<\/td>\n<td style=\"width: 149px;\">111<\/td>\n<td style=\"width: 155px;\">-6<\/td>\n<td style=\"width: 220px;\">1 360<\/td>\n<\/tr>\n<tr>\n<td style=\"width: 210px;\"><strong>Pays de la Loire<\/strong><\/td>\n<td style=\"width: 169px;\">901<\/td>\n<td style=\"width: 143px;\">-7<\/td>\n<td style=\"width: 149px;\">65<\/td>\n<td style=\"width: 155px;\">-1<\/td>\n<td style=\"width: 220px;\">1 401<\/td>\n<\/tr>\n<tr>\n<td style=\"width: 210px;\"><strong>Corse<\/strong><\/td>\n<td style=\"width: 169px;\">19<\/td>\n<td style=\"width: 143px;\">+1<\/td>\n<td style=\"width: 149px;\">6<\/td>\n<td style=\"width: 155px;\">+1<\/td>\n<td style=\"width: 220px;\">116<\/td>\n<\/tr>\n<tr>\n<td style=\"width: 210px;\"><strong>Martinique<\/strong><\/td>\n<td style=\"width: 169px;\">17<\/td>\n<td style=\"width: 143px;\">+2<\/td>\n<td style=\"width: 149px;\">5<\/td>\n<td style=\"width: 155px;\">+1<\/td>\n<td style=\"width: 220px;\">43<\/td>\n<\/tr>\n<tr>\n<td style=\"width: 210px;\"><strong>Guadeloupe<\/strong><\/td>\n<td style=\"width: 169px;\">50<\/td>\n<td style=\"width: 143px;\">+1<\/td>\n<td style=\"width: 149px;\">4<\/td>\n<td style=\"width: 155px;\">0<\/td>\n<td style=\"width: 220px;\">167<\/td>\n<\/tr>\n<tr>\n<td style=\"width: 210px;\"><strong>La R\u00e9union<\/strong><\/td>\n<td style=\"width: 169px;\">41<\/td>\n<td style=\"width: 143px;\">+1<\/td>\n<td style=\"width: 149px;\">3<\/td>\n<td style=\"width: 155px;\">+1<\/td>\n<td style=\"width: 220px;\">52<\/td>\n<\/tr>\n<tr>\n<td style=\"width: 210px;\"><strong>Guyane<\/strong><\/td>\n<td style=\"width: 169px;\">27<\/td>\n<td style=\"width: 143px;\">+2<\/td>\n<td style=\"width: 149px;\">5<\/td>\n<td style=\"width: 155px;\">0<\/td>\n<td style=\"width: 220px;\">68<\/td>\n<\/tr>\n<tr>\n<td style=\"width: 210px;\"><strong>Mayotte<\/strong><\/td>\n<td style=\"width: 169px;\">6<\/td>\n<td style=\"width: 143px;\">+4<\/td>\n<td style=\"width: 149px;\">1<\/td>\n<td style=\"width: 155px;\">0<\/td>\n<td style=\"width: 220px;\">42<\/td>\n<\/tr>\n<tr>\n<td style=\"width: 210px;\"><strong>TOTAL<\/strong><\/td>\n<td style=\"width: 169px;\"><strong>24 904<\/strong><\/td>\n<td style=\"width: 143px;\">+479<\/td>\n<td style=\"width: 149px;\"><b>2 625<\/b><\/td>\n<td style=\"width: 155px;\">-1<\/td>\n<td style=\"width: 220px;\">\n<p><b>45 980<\/b><\/p>\n<\/td>\n<\/tr>\n<\/thead>\n<\/table>\n<p>La mortalit\u00e9 de la Covid-19 est\u00a0\u00e9lev\u00e9e en France au 31\u00a0d\u00e9cembre, selon le bulletin de Sant\u00e9 Publique France (0.10% de la population totale). Au niveau national, apr\u00e8s consolidation des donn\u00e9es, le nombre hebdomadaire de d\u00e9c\u00e8s avait diminu\u00e9 en semaine 51, avec 2\u00a0421\u00a0d\u00e9c\u00e8s contre 2\u00a0878\u00a0en S50\u00a0(-16%). En semaine 52 (21 au 27 d\u00e9cembre), 2\u00a0170 d\u00e9c\u00e8s ont \u00e9t\u00e9 recens\u00e9s, mais les donn\u00e9es n&rsquo;\u00e9tant pas consolid\u00e9es, cette tendance ne peut pas encore \u00eatre interpr\u00e9t\u00e9e, souligne Sant\u00e9 publique France dans son bulletin. En S52, les d\u00e9c\u00e8s survenus \u00e0 l&rsquo;h\u00f4pital ont stagn\u00e9 (-1,8%, donn\u00e9es consolid\u00e9es). <strong>Au 5\u00a0janvier, 66 282\u00a0<\/strong>personnes sont d\u00e9c\u00e9d\u00e9es du coronavirus depuis le d\u00e9but de l&rsquo;\u00e9pid\u00e9mie (<strong>+345\u00a0<\/strong>en 24h \u00e0 l&rsquo;h\u00f4pital, auxquels s&rsquo;ajoutent 522\u00a0d\u00e9c\u00e8s en Ehpad et \u00e9tablissements sociaux et socio-m\u00e9dicaux entre le 30\u00a0d\u00e9cembre et le 5\u00a0janvier).\u00a0<strong>93% ont 65 ans ou plus<\/strong>, <strong>55% sont des hommes<\/strong>. La France a franchi la barre des 40 000 morts samedi 7 novembre,\u00a0celle des 50 000 le 24 novembre et celle des 60 000 le 18 d\u00e9cembre.\u00a0<strong>Un pic de mortalit\u00e9 a \u00e9t\u00e9 atteint\u00a0le 7\u00a0novembre<\/strong>. La France enregistrait \u00e0 cette date 40\u00a0169\u00a0morts du Covid-19\u00a0depuis le d\u00e9but de l&rsquo;\u00e9pid\u00e9mie.\u00a0<\/p>\n<p><strong>\u2192 <\/strong>Les plus <strong>forts taux de d\u00e9c\u00e8s de patients Covid-19\u00a0par r\u00e9gion<\/strong> rapport\u00e9s \u00e0 la population (\/100\u00a0000\u00a0habitants) sur la premi\u00e8re semaine de d\u00e9cembre\u00a0sont\u00a0observ\u00e9s en Bourgogne-Franche-Comt\u00e9 (7,6\/100\u00a0000\u00a0habitants), Grand Est (5,8) et Hauts-de-France (4,3).<\/p>\n<h3 style=\"text-align: center;\">Nombre hebdomadaire de d\u00e9c\u00e8s certifi\u00e9s par voie \u00e9lectronique avec une mention de COVID-19\u00a0dans les causes m\u00e9dicales de d\u00e9c\u00e8s, du 1er mars au 27\u00a0d\u00e9cembre 2020, France (donn\u00e9es au 29\u00a0d\u00e9cembre 2020)<\/h3>\n<div style=\"text-align:center\">\n<figure class=\"image\" style=\"display:inline-block\"><a class=\"fancy\" href=\"https:\/\/img-3.journaldesfemmes.fr\/_k_4zTM0nhUsSi97RWCa4oTVgwg=\/1080x\/smart\/519f0477a8d14e2e937fe5a8d379cab5\/ccmcms-jdf\/21243455.png\"><img decoding=\"async\" alt=\"courbe d\u00e9c\u00e8s covid france\" src=\"https:\/\/img-3.journaldesfemmes.fr\/HN9porFae3VIvSNpHJ0zylMhlss=\/600x\/smart\/519f0477a8d14e2e937fe5a8d379cab5\/ccmcms-jdf\/21243455.png\"\/><\/a><figcaption data-credit=\"Sant\u00e9 Publique France\" data-legend=\"Nombre hebdomadaire de d\u00e9c\u00e8s certifi\u00e9s par voie \u00e9lectronique, avec une mention de COVID-19 dans les causes m\u00e9dicales de d\u00e9c\u00e8s, en France, du 1er mars au 27 d\u00e9cembre 2020 (donn\u00e9es au 29 d\u00e9cembre 2020) \">Nombre hebdomadaire de d\u00e9c\u00e8s certifi\u00e9s par voie \u00e9lectronique, avec une mention de COVID-19 dans les causes m\u00e9dicales de d\u00e9c\u00e8s, en France, du 1er mars au 27 d\u00e9cembre 2020 (donn\u00e9es au 29 d\u00e9cembre 2020) <small>\u00a9\u00a0Sant\u00e9 Publique France<\/small><\/figcaption><\/figure>\n<\/div>\n<p><iframe loading=\"lazy\" height=\"1000\" src=\"https:\/\/mapthenews.maps.arcgis.com\/apps\/opsdashboard\/index.html#\/bae8aaa7a0b14261b4621c31db410c44\" style=\"border: 0px\" width=\"600\"><\/iframe><\/p>\n<p>Si l&rsquo;ensemble des r\u00e9gions m\u00e9tropolitaines \u00e9tait encore fortement touch\u00e9 par l&rsquo;\u00e9pid\u00e9mie en semaine 52\u00a0(21-27\u00a0d\u00e9cembre), les r\u00e9gions <strong>Bourgogne-Franche-Comt\u00e9, Auvergne-Rh\u00f4ne-Alpes,\u00a0Grand Est et le d\u00e9partement des Alpes-Maritimes\u00a0<\/strong>sont les plus impact\u00e9s et pr\u00e9sentent les plus forts taux d&rsquo;incidence et taux de positivit\u00e9 des pr\u00e9l\u00e8vements.\u00a0<\/p>\n<p><iframe loading=\"lazy\" height=\"600\" src=\"https:\/\/geodes.santepubliquefrance.fr\/?view=map1&amp;indics=sp_pe_tb_heb.tx_pe_hebdo&amp;serie=2020-S42&amp;f1code=0&amp;lang=fr&amp;iframe=1\" width=\"600\"><\/iframe><\/p>\n<aside id=\"NL_756667445\" class=\"newsletter_subscription jNlBlock\"><noscript><br \/>\n            <\/noscript><\/p>\n<h3 class=\"newsletter_subscription-title\">Newsletter <\/h3>\n<p><a href=\"\/\/mailing.ccmbg.com\/archive\/last-85\" target=\"_blank\" class=\"a_hover\" rel=\"noopener noreferrer\">Voir un exemple<\/a><\/p>\n<\/aside>\n<p>Au 4\u00a0janvier<strong>, 100<\/strong>\u00a0<strong>d\u00e9partements <\/strong>ont un nombre de cas de Covid-19 au-dessus du seuil d&rsquo;alerte de 50\/100 000 habitants et sont en niveau de vuln\u00e9rabilit\u00e9 \u00ab\u00a0\u00e9lev\u00e9\u00a0\u00bb.\u00a0Les d\u00e9partements pr\u00e9sentant les taux d&rsquo;incidence les plus \u00e9lev\u00e9s sur la derni\u00e8re semaine de d\u00e9cembre sont les Hautes-Alpes, Alpes-Maritimes, Ardennes, Doubs, Jura, Marne, Haute-Marne, Meurthe et Moselle, Meuse, Moselle, Haute-Sa\u00f4ne, Ni\u00e8vre, Sa\u00f4ne-et-Loire, Territoire-de-Belfort, Vosges.<\/p>\n<h3 style=\"text-align: center;\">Taux d&rsquo;incidence : nombre de personnes test\u00e9es positives sur les 7\u00a0derniers jours pour 100\u00a0000\u00a0habitants, en France, au 4\u00a0janvier 2021.<\/h3>\n<div style=\"text-align:center\">\n<figure class=\"image\" style=\"display:inline-block\"><a class=\"fancy\" href=\"https:\/\/img-3.journaldesfemmes.fr\/y82mMevzJryzSouTJx8kdJLZeGA=\/1080x\/smart\/9b1bd0cf8fca4f91a7850bc459d1c2cd\/ccmcms-jdf\/21335869.png\"><img decoding=\"async\" alt=\"Taux d'incidence par d\u00e9partement et \u00e9volution, France, au 4 janvier 2021\" src=\"https:\/\/img-3.journaldesfemmes.fr\/VfX7IMq7RYhSYRo-BV459vrDgpw=\/600x\/smart\/9b1bd0cf8fca4f91a7850bc459d1c2cd\/ccmcms-jdf\/21335869.png\"\/><\/a><figcaption data-credit=\"Sant\u00e9 Publique France - Guillaume Rozier \/ CovidTracker.fr\" data-legend=\"Taux d'incidence par d\u00e9partement et \u00e9volution, France, au 4 janvier 2021 - Sant\u00e9 Publique France\">Taux d&rsquo;incidence par d\u00e9partement et \u00e9volution, France, au 4 janvier 2021 &#8211; Sant\u00e9 Publique France <small>\u00a9\u00a0Sant\u00e9 Publique France &#8211; Guillaume Rozier \/ CovidTracker.fr<\/small><\/figcaption><\/figure>\n<\/div>\n<section>\n<blockquote>\n<p style=\"text-align: right;\">\u00a0<\/p>\n<\/blockquote>\n<p>Les taux de reproduction du virus appel\u00e9s \u00ab\u00a0R-effectifs\u00a0\u00bb ou \u00ab\u00a0Reff\u00a0\u00bb\u00a0permettent de d\u00e9crire la dynamique de l&rsquo;\u00e9pid\u00e9mie\u00a0: lorsque le Reff est significativement sup\u00e9rieur \u00e0 1, ceci signifie que l&rsquo;\u00e9pid\u00e9mie est en progression, lorsqu&rsquo;il est \u00e9gal \u00e0 1, l&rsquo;\u00e9pid\u00e9mie se stabilise, lorsqu&rsquo;il est significativement inf\u00e9rieur \u00e0 1, l&rsquo;\u00e9pid\u00e9mie r\u00e9gresse. Au 5\u00a0janvier, le<strong> R effectif est inf\u00e9rieur \u00e0\u00a01 (0,94).<\/strong>\u00a0Comment ce nombre est-il calcul\u00e9\u00a0?\u00a0<\/p>\n<p>Le d\u00e9pistage du Covid-19 est r\u00e9alis\u00e9 en France par RT-PCT et par tests antig\u00e9niques. Au 4\u00a0janvier, le taux de positivit\u00e9 s&rsquo;\u00e9tablit \u00e0<strong>\u00a05,41\u00a0%. <\/strong>Il est en hausse par rapport au taux consolid\u00e9 des semaines pr\u00e9c\u00e9dentes (4,3% en semaine 51).\u00a0<strong>590 laboratoires<\/strong> testent par PCR les Fran\u00e7ais sur l&rsquo;ensemble du territoire et sont soutenus\u00a0par les pharmacies (pour les tests antig\u00e9niques).<em> \u00ab\u00a0Il reste d\u00e9terminant que chaque personne pr\u00e9sentant des sympt\u00f4mes \u00e9vocateurs de COVID-19\u00a0s&rsquo;isole imm\u00e9diatement et r\u00e9alise un test diagnostique dans les plus brefs d\u00e9lais\u00a0\u00bb<\/em> rappelle Sant\u00e9 Publique France dans ses bulletins hebdomadaires.<\/p>\n<p>Si au d\u00e9but, on ne parlait que de fi\u00e8vre, toux s\u00e8che, rhume, \u00e9tat grippal et de fatigue, les sympt\u00f4mes de l&rsquo;infection par le coronavirus ont \u00e9volu\u00e9. On sait d\u00e9sormais que le virus peut avoir des <strong>effets sur la peau<\/strong> (urticaire, l\u00e9sions inflammatoires sur les orteils), la sph\u00e8re digestive (vomissements, diarrh\u00e9es&#8230;), <strong>l&rsquo;odorat<\/strong>, le <strong>go\u00fbt <\/strong>et m\u00eame le cerveau.<em> \u00ab\u00a0Sur 100 personnes atteintes du coronavirus, 90 ne vont pas d\u00e9velopper de sympt\u00f4mes\u00a0\u00bb<\/em> a inform\u00e9 le ministre de la Sant\u00e9 le 5 novembre.<\/p>\n<div class=\"ccminsert\">\n<aside class=\"app_widget_fo app_widget_fo--list app_widget_fo--list-2-col\">\n<ul>\n<li>\n<h3>\n                    <a href=\"https:\/\/sante.journaldesfemmes.fr\/fiches-maladies\/2661241-rhume-ou-covid-19-coronavirus-rhinopharyngite-difference-duree-fievre-test-tableau-symptomes\/\" class=\"jGTMWidgetGAEventClick\" data-gtmwidgetgaeventaction=\"clickWidgetListOnTwoColumns\" data-gtmwidgetgaeventlabel=\"Rhume ou Covid-19\u00a0: diff\u00e9rences, sympt\u00f4me, dur\u00e9e\u00a0?\"><br \/>\n                        Rhume ou Covid-19\u00a0: diff\u00e9rences, sympt\u00f4me, dur\u00e9e\u00a0?<br \/>\n                    <\/a><br \/>\n                <\/h3>\n<\/li>\n<li>\n<h3>\n                    <a href=\"https:\/\/sante.journaldesfemmes.fr\/fiches-maladies\/2679367-diarrhee-covid-coronavirus-symptome-digestif-intestinaux-duree-que-faire-vomissement-traitement-bebe-jeune\/\" class=\"jGTMWidgetGAEventClick\" data-gtmwidgetgaeventaction=\"clickWidgetListOnTwoColumns\" data-gtmwidgetgaeventlabel=\"Diarrh\u00e9e et Covid-19\u00a0: dur\u00e9e, que faire, un vrai sympt\u00f4me\u00a0?\"><br \/>\n                        Diarrh\u00e9e et Covid-19\u00a0: dur\u00e9e, que faire, un vrai sympt\u00f4me\u00a0?<br \/>\n                    <\/a><br \/>\n                <\/h3>\n<\/li>\n<li>\n<h3>\n                    <a href=\"https:\/\/sante.journaldesfemmes.fr\/fiches-maladies\/2676955-covid-19-ou-gastro-enterite-difference-symptomes-fievre-diarrhee-que-faire-complications\/\" class=\"jGTMWidgetGAEventClick\" data-gtmwidgetgaeventaction=\"clickWidgetListOnTwoColumns\" data-gtmwidgetgaeventlabel=\"Covid-19\u00a0ou gastro-ent\u00e9rite\u00a0: sympt\u00f4mes, quelles diff\u00e9rences\u00a0?\"><br \/>\n                        Covid-19\u00a0ou gastro-ent\u00e9rite\u00a0: sympt\u00f4mes, quelles diff\u00e9rences\u00a0?<br \/>\n                    <\/a><br \/>\n                <\/h3>\n<\/li>\n<li>\n<h3>\n                    <a href=\"https:\/\/sante.journaldesfemmes.fr\/fiches-sante-du-quotidien\/2627657-perte-odorat-anosmie-symptome-coronavirus-covid-duree-rhume-definition-cause-traitement\/\" class=\"jGTMWidgetGAEventClick\" data-gtmwidgetgaeventaction=\"clickWidgetListOnTwoColumns\" data-gtmwidgetgaeventlabel=\"Perte de l'odorat\u00a0(anosmie)\u00a0: sympt\u00f4mes du Covid-19\u00a0ou du rhume, dur\u00e9e\"><br \/>\n                        Perte de l&rsquo;odorat\u00a0(anosmie)\u00a0: sympt\u00f4mes du Covid-19\u00a0ou du rhume, dur\u00e9e<br \/>\n                    <\/a><br \/>\n                <\/h3>\n<\/li>\n<li>\n<h3>\n                    <a href=\"https:\/\/sante.journaldesfemmes.fr\/fiches-maladies\/2665621-angine-ou-covid-19-points-communs-symptome-fievre-mal-gorge-test-difference-contagion-qui-consulter\/\" class=\"jGTMWidgetGAEventClick\" data-gtmwidgetgaeventaction=\"clickWidgetListOnTwoColumns\" data-gtmwidgetgaeventlabel=\"Angine ou Covid-19\u00a0: sympt\u00f4mes, diff\u00e9rences, test\"><br \/>\n                        Angine ou Covid-19\u00a0: sympt\u00f4mes, diff\u00e9rences, test<br \/>\n                    <\/a><br \/>\n                <\/h3>\n<\/li>\n<li>\n<h3>\n                    <a href=\"https:\/\/sante.journaldesfemmes.fr\/fiches-maladies\/2626825-coronavirus-allergie-pollen-asthme-symptomes-traitement-recommandation-conseil\/\" class=\"jGTMWidgetGAEventClick\" data-gtmwidgetgaeventaction=\"clickWidgetListOnTwoColumns\" data-gtmwidgetgaeventlabel=\"Coronavirus ou allergie\u00a0: sympt\u00f4mes, conseils pratiques\"><br \/>\n                        Coronavirus ou allergie\u00a0: sympt\u00f4mes, conseils pratiques<br \/>\n                    <\/a><br \/>\n                <\/h3>\n<\/li>\n<li>\n<h3>\n                    <a href=\"https:\/\/sante.journaldesfemmes.fr\/fiches-maladies\/2619471-grippe-ou-covid-19-coronavirus-differences-symptomes-incubation-transmission-vaccin\/\" class=\"jGTMWidgetGAEventClick\" data-gtmwidgetgaeventaction=\"clickWidgetListOnTwoColumns\" data-gtmwidgetgaeventlabel=\"Grippe ou Covid-19\u00a0: sympt\u00f4mes, comment faire la diff\u00e9rence\u00a0?\"><br \/>\n                        Grippe ou Covid-19\u00a0: sympt\u00f4mes, comment faire la diff\u00e9rence\u00a0?<br \/>\n                    <\/a><br \/>\n                <\/h3>\n<\/li>\n<li>\n<h3>\n                    <a href=\"https:\/\/sante.journaldesfemmes.fr\/fiches-maladies\/2630069-coronavirus-covid-19-cerveau-symptomes-sequelles-odorat-atteinte-lesion-attaque\/\" class=\"jGTMWidgetGAEventClick\" data-gtmwidgetgaeventaction=\"clickWidgetListOnTwoColumns\" data-gtmwidgetgaeventlabel=\"Coronavirus\u00a0et cerveau\u00a0: quels sympt\u00f4mes\u00a0?\"><br \/>\n                        Coronavirus\u00a0et cerveau\u00a0: quels sympt\u00f4mes\u00a0?<br \/>\n                    <\/a><br \/>\n                <\/h3>\n<\/li>\n<li>\n<h3>\n                    <a href=\"https:\/\/sante.journaldesfemmes.fr\/fiches-maladies\/2644147-symptomes-coronavirus-qui-reviennent-durent-syndrome-post-covid-que-faire\/\" class=\"jGTMWidgetGAEventClick\" data-gtmwidgetgaeventaction=\"clickWidgetListOnTwoColumns\" data-gtmwidgetgaeventlabel=\"Syndrome post-Covid\u00a0: que faire quand les sympt\u00f4mes reviennent\u00a0?\"><br \/>\n                        Syndrome post-Covid\u00a0: que faire quand les sympt\u00f4mes reviennent\u00a0?<br \/>\n                    <\/a><br \/>\n                <\/h3>\n<\/li>\n<li>\n<h3>\n                    <a href=\"https:\/\/sante.journaldesfemmes.fr\/fiches-sante-du-quotidien\/2627543-perte-sens-gout-agueusie-symptome-coronavirus-covid-19-cause-traitement\/\" class=\"jGTMWidgetGAEventClick\" data-gtmwidgetgaeventaction=\"clickWidgetListOnTwoColumns\" data-gtmwidgetgaeventlabel=\"Perte du go\u00fbt (agueusie)\u00a0: causes et comment le retrouver\u00a0?\"><br \/>\n                        Perte du go\u00fbt (agueusie)\u00a0: causes et comment le retrouver\u00a0?<br \/>\n                    <\/a><br \/>\n                <\/h3>\n<\/li>\n<\/ul>\n<\/aside>\n<\/div>\n<ul>\n<li><strong>Si vous pr\u00e9sentez des\u00a0sympt\u00f4mes (toux, fi\u00e8vre, mal de t\u00eate) : <\/strong>\u00e9vitez\u00a0les contacts, restez\u00a0\u00e0 domicile, prenez du parac\u00e9tamol si besoin, appelez\u00a0un m\u00e9decin pour prendre rendez-vous dans l&rsquo;\u00e9ventualit\u00e9 qu&rsquo;il vous fasse passer un test de d\u00e9pistage.\u00a0<\/li>\n<li><strong>Appeler le\u00a015 en cas de\u00a0difficult\u00e9s respiratoires : \u00ab\u00a0<\/strong><em>Si cette toux et cette fi\u00e8vre s&rsquo;accompagnent d&rsquo;une g\u00eane respiratoire qui devient permanente avec souffle court, difficult\u00e9 \u00e0 inspirer et \u00e0 expirer, d&rsquo;une aggravation importante de la toux, cela peut signifier une \u00e9volution de la maladie sous la forme d&rsquo;une pneumopathie. Il s&rsquo;agit alors d&rsquo;une urgence respiratoire potentielle et comme dans tous les cas d&rsquo;urgence, il faut alors appeler le 15\u00a0qui prendra les meilleures dispositions pour r\u00e9pondre \u00e0 la situation\u00a0\u00bb, <\/em>pr\u00e9vient le Dr\u00a0Patrick Aub\u00e9, m\u00e9decin g\u00e9n\u00e9raliste. \u00a0<\/li>\n<\/ul>\n<p>Le vaccin Pfizer est autoris\u00e9 dans l&rsquo;Europe le 21 d\u00e9cembre. <strong>La vaccination a commenc\u00e9\u00a0en France dimanche 27 d\u00e9cembre.<\/strong>\u00a0Samedi 26 d\u00e9cembre, <strong>les premi\u00e8res doses du vaccin Pfizer\/BioNtech sont arriv\u00e9es en France<\/strong>, en provenance de Puurs (Belgique). Le plan de vaccination des Fran\u00e7ais contre l&rsquo;infection Covid-19\u00a0a \u00e9t\u00e9 pr\u00e9sent\u00e9 par Jean Castex et Olivier V\u00e9ran\u00a0le 16\u00a0d\u00e9cembre \u00e0 l&rsquo;Assembl\u00e9e. Il suit les recommandations de la Haute Autorit\u00e9 de Sant\u00e9 pour l&rsquo;ordre des personnes \u00e0 vacciner, en commen\u00e7ant d&rsquo;abord par les personnes \u00e2g\u00e9es en Ehpad et le personnel soignant (1 million). La vaccination pour le grand public devrait commencer au\u00a0<strong>printemps.<\/strong><\/p>\n<table border=\"1\" cellpadding=\"1\" cellspacing=\"1\" style=\"width:100%;\">\n<thead>\n<tr>\n<th scope=\"col\" style=\"text-align: center;\"><strong>DATES CL\u00c9S DE L&rsquo;\u00c9PID\u00c9MIE EN FRANCE<\/strong><\/th>\n<\/tr>\n<\/thead>\n<tbody>\n<tr>\n<td>\n<ul>\n<li><strong>31\u00a0d\u00e9cembre 2019,<\/strong> l&rsquo;Organisation mondiale de la Sant\u00e9 en Chine est inform\u00e9e de plusieurs cas de pneumonies dans la ville de Wuhan. 44\u00a0personnes sont infect\u00e9es entre cette date et le 3\u00a0janvier 2020.<\/li>\n<li><strong>7\u00a0janvier 2020, <\/strong>les autorit\u00e9s chinoises identifient un \u00ab\u00a0nouveau type de coronavirus\u00a0\u00bb.<\/li>\n<li><strong>13\u00a0janvier, <\/strong>un cas import\u00e9 est recens\u00e9 en Tha\u00eflande.<\/li>\n<li><strong>15\u00a0janvier<\/strong>, le virus cause\u00a0la mort d&rsquo;<strong>une premi\u00e8re\u00a0personne \u00e0 Wuhan<\/strong>, un homme de 69\u00a0ans.\u00a0<\/li>\n<li><strong>23\u00a0janvier,<\/strong> trois villes chinoises dont Wuhan sont plac\u00e9es en quarantaine.<\/li>\n<li><strong>25\u00a0janvier, trois personnes\u00a0contamin\u00e9es sont recens\u00e9es en France<\/strong>, deux \u00e0 Paris et une Bordeaux. Ce sont les premiers cas enregistr\u00e9s sur le continent europ\u00e9en.<\/li>\n<li><strong>30\u00a0janvier, <\/strong>l&rsquo;Organisation mondiale de la Sant\u00e9 <strong>d\u00e9cr\u00e8te\u00a0l&rsquo;<a href=\"https:\/\/sante.journaldesfemmes.fr\/fiches-maladies\/2608035-urgence-de-sante-publique-de-portee-internationale-definition-oms-coronavirus\/\" target=\"_blank\" rel=\"noopener noreferrer\">urgence de sant\u00e9 mondiale<\/a><\/strong>.\u00a0Cette mesure n&rsquo;avait \u00e9t\u00e9 d\u00e9cr\u00e9t\u00e9e que 5\u00a0fois depuis sa cr\u00e9ation (pour Ebola (deux fois), la grippe H1N1, Zika et la poliomy\u00e9lite).\u00a0<\/li>\n<li><strong>23\u00a0f\u00e9vrier, <\/strong>la France d\u00e9clenche le <a href=\"https:\/\/sante.journaldesfemmes.fr\/fiches-maladies\/2622449-plan-orsan-reb-definition-signification-qui-declenche-coronavirus-definition-duree\/\" target=\"_blank\" rel=\"noopener noreferrer\">plan ORSAN<\/a>, un dispositif exceptionnel d&rsquo;organisation des soins.<\/li>\n<li><strong>28\u00a0f\u00e9vrier,<\/strong> la France passe en stade 2\u00a0de l&rsquo;\u00e9pid\u00e9mie.<\/li>\n<li><strong>11\u00a0mars, <\/strong>l&rsquo;OMS classifie de <strong>pand\u00e9mie <\/strong>la diffusion de la maladie \u00e0 coronavirus Covid-19\u00a0dans le monde.<\/li>\n<li><strong>12\u00a0mars<\/strong>, le pr\u00e9sident de la R\u00e9publique Emmanuel Macron annonce la fermeture nationale des cr\u00e8ches et \u00e9tablissements scolaires de France \u00e0 compter du 16\u00a0mars et \u00ab\u00a0jusqu&rsquo;\u00e0 nouvel ordre\u00a0\u00bb.<\/li>\n<li><strong>14\u00a0mars<\/strong>, la France passe au <a href=\"https:\/\/sante.journaldesfemmes.fr\/fiches-maladies\/2625289-coronavirus-covid-19-stade-1-2-3-4-duree-mesure-france-signification-quand\/\" target=\"_blank\" rel=\"noopener noreferrer\"><strong>stade 3 <\/strong><\/a>de l&rsquo;\u00e9pid\u00e9mie.<\/li>\n<li><strong>16\u00a0mars\u00a0:<\/strong>\u00a0la France met en place un dispositif de confinement interdisant les d\u00e9placements.<\/li>\n<li><strong>18\u00a0mars<\/strong> le premier transfert de patients Covid-19\u00a0en France est r\u00e9alis\u00e9\u00a0gr\u00e2ce \u00e0 l&rsquo;Arm\u00e9e, par voie terrestre et a\u00e9rienne.\u00a0<\/li>\n<li><strong>26\u00a0mars<\/strong>, un premier cas jeune meurt en France, une adolescente de 16\u00a0ans, en Ile-de-France originaire de Morsang-sur-Orge.<\/li>\n<li><strong>27\u00a0mars,<\/strong> le confinement de la population fran\u00e7aise est renouvel\u00e9 jusqu&rsquo;au 15\u00a0avril.<\/li>\n<li><strong>13\u00a0avril,<\/strong> Emmanuel Macron annonce le prolongement du confinement jusqu&rsquo;au 11\u00a0mai.<\/li>\n<li><strong>11\u00a0mai, <\/strong>la France commence son d\u00e9confinement.<\/li>\n<li><strong>\u00a015\u00a0juin<\/strong>, toute la France passe en zone verte, sauf Mayotte et la Guyane. \u00c0\u00a0Paris, les restaurants et bars peuvent rouvrir compl\u00e8tement.<\/li>\n<li><strong>22\u00a0juin, <\/strong>les \u00e9coles sont de nouveaux obligatoires en France pour tous les \u00e9l\u00e8ves. Les cin\u00e9mas, salles de jeux, casinos rouvrent. Les sports collectifs peuvent \u00eatre autoris\u00e9s tout en respectant certaines conditions sanitaires.<\/li>\n<li><strong>10\u00a0juillet<\/strong>, la <strong>France <\/strong>a franchi la barre des 30\u00a0000\u00a0morts. Dans la nuit du 10\u00a0au 11\u00a0juillet \u00e0 minuit, l&rsquo;\u00e9tat d&rsquo;urgence sanitaire prend fin en France.<\/li>\n<li><strong>\u00a020\u00a0juillet,<\/strong>\u00a0le <strong>port du masque est obligatoire <\/strong>dans les lieux publics clos en France.<\/li>\n<li><strong>8 octobre, <\/strong>le<strong> plan blanc est r\u00e9activ\u00e9 <\/strong>dans les h\u00f4pitaux d&rsquo;Ile-de-France.<\/li>\n<li><strong>17 octobre \u00e0 0h01<\/strong>, la France repasse en \u00e9tat d&rsquo;urgence sanitaire et un <strong>couvre-feu <\/strong>est instaur\u00e9 dans 9 territoires\u00a0(Paris-Ile-de-France, Rouen, Grenoble, Lille, Lyon, Aix-Marseille, Montpellier, Saint-Etienne, Toulouse).<\/li>\n<li><strong>24 octobre \u00e0 0h01 :<\/strong> extension des mesures de couvre-feu \u00e0 38 nouveaux d\u00e9partements fran\u00e7ais.<\/li>\n<li><strong>29 octobre \u00e0 0h01<\/strong> : reconfinement national pour 4 semaines, jusqu&rsquo;au 1er d\u00e9cembre au minimum.<\/li>\n<li><strong>28 novembre : <\/strong>premi\u00e8re \u00e9tape d&rsquo;all\u00e8gement du confinement avec la r\u00e9ouverture des commerces non essentiels.<\/li>\n<li><strong>15 d\u00e9cembre : <\/strong>seconde \u00e9tape\u00a0d&rsquo;all\u00e8gement du confinement avec le passage \u00e0 un couvre-feu de 20 heures \u00e0 6 heures du matin.<\/li>\n<li><strong>31 d\u00e9cembre<\/strong> : couvre-feu impos\u00e9 le soir du 31 d\u00e9cembre, de 20 heures \u00e0 6 heures du matin.<\/li>\n<li><strong>21 d\u00e9cembre<\/strong> : autorisation du vaccin Pfizer en Europe.<\/li>\n<li><strong>24 d\u00e9cembre<\/strong> : autorisation du vaccin Pfizer BioNTech en France.<\/li>\n<li><strong>27 d\u00e9cembre :<\/strong> d\u00e9but de la vaccination en France et dans l&rsquo;Union europ\u00e9enne avec le vaccin Pfizer BioNTech.<\/li>\n<\/ul>\n<\/td>\n<\/tr>\n<\/tbody>\n<\/table>\n<p><em>Cet article est mis \u00e0 jour quotidiennement par <a href=\"https:\/\/www.journaldesfemmes.fr\/account\/ablaize-11409696\" target=\"_blank\" rel=\"noopener noreferrer\">Aur\u00e9lie Blaize<\/a>, <a href=\"https:\/\/www.journaldesfemmes.fr\/account\/anaisthiebaux-10573564\" target=\"_blank\" rel=\"noopener noreferrer\">Ana\u00efs Thi\u00e9baux<\/a> et <a href=\"https:\/\/www.journaldesfemmes.fr\/account\/samanthapages-11598093\" target=\"_blank\" rel=\"noopener noreferrer\">Samantha Pag\u00e8s<\/a>.\u00a0<\/em><\/p>\n<\/section>\n<\/div>\n<p>[ad_2]<br \/>\n<br \/><a href=\"https:\/\/sante.journaldesfemmes.fr\/fiches-maladies\/2605417-covid-19-france-coronavirus-chiffres-nombre-nouveaux-cas-bilan-evolution-variant-mutant\/\">Source link <\/a><\/p>\n","protected":false},"excerpt":{"rendered":"<p>[ad_1] CORONAVIRUS DIRECT &#8211; En France, 20\u00a0489\u00a0nouveaux cas de contamination sont enregistr\u00e9s en 24h et 345\u00a0nouveaux d\u00e9c\u00e8s, alors que la &hellip; <a href=\"http:\/\/www.affinite.fr\/index.php\/2021\/01\/05\/nombre-de-cas-bilan-variant-detecte-a-paris\/\" class=\"more-link\">Plus <span class=\"screen-reader-text\">nombre de cas, bilan, variant d\u00e9tect\u00e9 \u00e0 Paris<\/span> <span class=\"meta-nav\">&rarr;<\/span><\/a><\/p>\n","protected":false},"author":1,"featured_media":5768,"comment_status":"open","ping_status":"open","sticky":false,"template":"","format":"standard","meta":{"_sitemap_exclude":false,"_sitemap_priority":"","_sitemap_frequency":"","footnotes":""},"categories":[1],"tags":[],"class_list":["post-5767","post","type-post","status-publish","format-standard","has-post-thumbnail","hentry","category-tous"],"_links":{"self":[{"href":"http:\/\/www.affinite.fr\/index.php\/wp-json\/wp\/v2\/posts\/5767"}],"collection":[{"href":"http:\/\/www.affinite.fr\/index.php\/wp-json\/wp\/v2\/posts"}],"about":[{"href":"http:\/\/www.affinite.fr\/index.php\/wp-json\/wp\/v2\/types\/post"}],"author":[{"embeddable":true,"href":"http:\/\/www.affinite.fr\/index.php\/wp-json\/wp\/v2\/users\/1"}],"replies":[{"embeddable":true,"href":"http:\/\/www.affinite.fr\/index.php\/wp-json\/wp\/v2\/comments?post=5767"}],"version-history":[{"count":0,"href":"http:\/\/www.affinite.fr\/index.php\/wp-json\/wp\/v2\/posts\/5767\/revisions"}],"wp:featuredmedia":[{"embeddable":true,"href":"http:\/\/www.affinite.fr\/index.php\/wp-json\/wp\/v2\/media\/5768"}],"wp:attachment":[{"href":"http:\/\/www.affinite.fr\/index.php\/wp-json\/wp\/v2\/media?parent=5767"}],"wp:term":[{"taxonomy":"category","embeddable":true,"href":"http:\/\/www.affinite.fr\/index.php\/wp-json\/wp\/v2\/categories?post=5767"},{"taxonomy":"post_tag","embeddable":true,"href":"http:\/\/www.affinite.fr\/index.php\/wp-json\/wp\/v2\/tags?post=5767"}],"curies":[{"name":"wp","href":"https:\/\/api.w.org\/{rel}","templated":true}]}}