{"id":5761,"date":"2021-01-04T14:06:53","date_gmt":"2021-01-04T14:06:53","guid":{"rendered":"https:\/\/www.affinite.fr\/index.php\/2021\/01\/04\/the-mandalorian-mark-hamill-remercie-les-createurs-de-la-serie-star-wars-pour-son-cameo-news-series\/"},"modified":"2021-01-04T14:06:53","modified_gmt":"2021-01-04T14:06:53","slug":"the-mandalorian-mark-hamill-remercie-les-createurs-de-la-serie-star-wars-pour-son-cameo-news-series","status":"publish","type":"post","link":"http:\/\/www.affinite.fr\/index.php\/2021\/01\/04\/the-mandalorian-mark-hamill-remercie-les-createurs-de-la-serie-star-wars-pour-son-cameo-news-series\/","title":{"rendered":"The Mandalorian\u00a0: Mark Hamill remercie les cr\u00e9ateurs de la s\u00e9rie Star Wars pour son cameo &#8211; News S\u00e9ries"},"content":{"rendered":"<p> [ad_1]<br \/>\n<br \/><img decoding=\"async\" src=\"http:\/\/fr.web.img1.acsta.net\/newsv7\/21\/01\/04\/11\/06\/1435823.jpg\" \/><\/p>\n<div id=\"article-container\">\n<p class=\"article-lead\">Apparu dans l\u2019ultime \u00e9pisode de \u00ab\u00a0The Mandalorian\u00a0\u00bb saison 2, Mark Hamill a publiquement remerci\u00e9 les cr\u00e9ateurs de la s\u00e9rie Star Wars pour ce cameo qualifi\u00e9 de \u00ab\u00a0plus beau des cadeaux\u00a0\u00bb.<\/p>\n<div id=\"article-content\">\n<figure class=\"player player-auto-play js-player\" data-model=\"{&quot;context&quot;:&quot;newspage_news&quot;,&quot;launch&quot;:&quot;auto-play&quot;,&quot;followScroll&quot;:true,&quot;endScreen&quot;:true,&quot;disableAutoPause&quot;:true,&quot;videos&quot;:[{&quot;id&quot;:19589898,&quot;sources&quot;:{&quot;medium&quot;:&quot;\/\/fr.vid.web.acsta.net\/nmedia\/33\/20\/09\/15\/16\/\/19589898_sd_013.mp4&quot;,&quot;high&quot;:&quot;\/\/fr.vid.web.acsta.net\/nmedia\/33\/20\/09\/15\/16\/\/19589898_hd_013.mp4&quot;},&quot;image&quot;:&quot;\/videothumbnails\/20\/09\/15\/16\/55\/0961847.jpg&quot;,&quot;title&quot;:&quot;The Mandalorian - saison 2 Bande-annonce VF&quot;,&quot;trackingIdentifier&quot;:&quot;19589898-the_mandalorian_saison_2_bande_annonce_vf&quot;,&quot;embedUrl&quot;:&quot;ACraHRACr0cHM6Ly9wbGF5ZXIuYWxsb2NpbmUuZnIvMTk1ODk4OTguaHRtbA==&quot;,&quot;id_type&quot;:31003,&quot;file_type&quot;:&quot;trailer&quot;,&quot;description&quot;:&quot;The Mandalorian - saison 2 Bande-annonce VF&quot;,&quot;duration&quot;:111,&quot;view_count&quot;:23672,&quot;added_at&quot;:{&quot;date&quot;:&quot;2020-09-15 16:54:00.000000&quot;,&quot;timezone_type&quot;:3,&quot;timezone&quot;:&quot;Europe\/Paris&quot;},&quot;metas&quot;:{&quot;genre_main_series&quot;:[{&quot;name&quot;:&quot;Aventure&quot;,&quot;id&quot;:&quot;13001&quot;},{&quot;name&quot;:&quot;Science fiction&quot;,&quot;id&quot;:&quot;13021&quot;}],&quot;id_main_season&quot;:35871,&quot;id_main_series&quot;:22963,&quot;image_main_series&quot;:&quot;\/pictures\/20\/09\/16\/09\/09\/4156636.jpg&quot;,&quot;localized_file_type&quot;:&quot;trailer&quot;,&quot;main_season_number&quot;:2,&quot;main_season_rating&quot;:4.23023987,&quot;main_season_user_note_count&quot;:82,&quot;main_series_rating&quot;:4.25680017,&quot;name_main_season&quot;:&quot;The Mandalorian - Saison 2&quot;,&quot;name_main_series&quot;:&quot;The Mandalorian&quot;,&quot;release_status_series&quot;:&quot;En cours&quot;,&quot;trans_file_type&quot;:&quot;Bande-annonce&quot;},&quot;relatedEntityType&quot;:&quot;series&quot;,&quot;relatedEntityTrackingIdentifier&quot;:&quot;22963-the_mandalorian&quot;,&quot;relatedEntityTitle&quot;:&quot;The Mandalorian&quot;,&quot;relatedEntityId&quot;:22963,&quot;relatedEntityUrl&quot;:&quot;ACraHRACr0cHM6Ly93d3cuYWxsb2NpbmUuZnIvc2VyaWVzL2ZpY2hlc2VyaWVfZ2VuX2NzZXJpZT0yMjk2My5odG1s&quot;,&quot;mediaUrl&quot;:&quot;ACraHRACr0cHM6Ly93d3cuYWxsb2NpbmUuZnIvdmlkZW8vcGxheWVyX2dlbl9jbWVkaWE9MTk1ODk4OTgmY3NlcmllPTIyOTYzLmh0bWw=&quot;}],&quot;disablePreroll&quot;:false,&quot;disablePostroll&quot;:false}\" data-thumb=\"https:\/\/fr.web.img2.acsta.net\/r_640_360\/videothumbnails\/20\/09\/15\/16\/55\/0961847.jpg\">\n<\/figure>\n<p>Ce n\u2019est d\u00e9sormais plus un secret\u00a0: Luke Skywalker a fait\u00a0<a title=\"The Mandalorian sur Disney+ : comment le retour de ce personnage culte a \u00e9t\u00e9 pr\u00e9par\u00e9 ?\" href=\"http:\/\/www.allocine.fr\/article\/fichearticle_gen_carticle=18695537.html\">son grand retour<\/a> dans l\u2019univers Star Wars \u00e0 l\u2019occasion du final de\u00a0<a title=\"The Mandalorian (U.S.A.) (Science fiction,Aventure)\" href=\"http:\/\/www.allocine.fr\/series\/ficheserie_gen_cserie=22963.html\">The Mandalorian<\/a> saison 2, diffus\u00e9 en d\u00e9cembre dernier sur Disney+. Sous ses traits de jeune homme, le Jedi est apparu pour emmener avec lui Grogu (anciennement connu sous le nom de \u00ab\u00a0Baby Yoda\u00a0\u00bb) pour parfaire son apprentissage de la Force. Une sc\u00e8ne devenue instantan\u00e9ment culte, qui restera tr\u00e8s certainement dans la m\u00e9moire des fans de la saga\u00a0!<\/p>\n<p>Pour incarner Luke Skywalker, nul autre que\u00a0<a title=\"Mark Hamill (U.S.A.) (Acteur,R\u00e9alisateur,Producteur)\" href=\"http:\/\/www.allocine.fr\/personne\/fichepersonne_gen_cpersonne=427.html\">Mark Hamill<\/a> n\u2019aurait pu endosser le r\u00f4le. Une pr\u00e9sence n\u00e9anmoins surprenante, l\u2019acteur de 69 ans ayant annonc\u00e9 plus t\u00f4t dans l\u2019ann\u00e9e qu\u2019il n\u2019appara\u00eetrait plus dans Star Wars, afin de laisser la place \u00e0 une toute nouvelle g\u00e9n\u00e9ration de com\u00e9diens. Mais de toute \u00e9vidence, l\u2019offre \u00e9tait trop belle, en atteste son message post\u00e9 sur les r\u00e9seaux sociaux \u00e0 l\u2019attention des cr\u00e9ateurs de la s\u00e9rie,\u00a0<a title=\"Jon Favreau (U.S.A.) (Acteur,R\u00e9alisateur,Producteur d\u00e9l\u00e9gu\u00e9)\" href=\"http:\/\/www.allocine.fr\/personne\/fichepersonne_gen_cpersonne=24377.html\">Jon Favreau<\/a> et\u00a0<a title=\"Dave Filoni (U.S.A.) (R\u00e9alisateur,Superviseur de production,Producteur d\u00e9l\u00e9gu\u00e9)\" href=\"http:\/\/www.allocine.fr\/personne\/fichepersonne_gen_cpersonne=199179.html\">Dave Filoni<\/a> :<\/p>\n<div class=\"js-async-embed\" data-type=\"tw-embed\">\n<blockquote class=\"twitter-tweet\"><p>&#13;<\/p>\n<p dir=\"ltr\" lang=\"en\">Sometimes the greatest gifts are the most unexpected and something you never realized you wanted until it was given.<span class=\"ACraHRACr0cHM6Ly90d2l0dGVyLmNvbS9oYXNodGFnL1RoYW5rWW91Sm9uQW5kRGF2ZT9zcmM9aGFzaCZyZWZfc3JjPXR3c3JjJTVFdGZ3\">#ThankYouJonAndDave<\/span> ? <span class=\"ACraHRACr0cHM6Ly90LmNvLzRuTmpTdmJ2SU4=\">pic.twitter.com\/4nNjSvbvIN<\/span><\/p>\n<p>&#13;<br \/>\n\u2014 Mark Hamill (@HamillHimself) <span class=\"ACraHRACr0cHM6Ly90d2l0dGVyLmNvbS9IYW1pbGxIaW1zZWxmL3N0YXR1cy8xMzQ0Mzk0MzE1MDQxMTAzODcyP3JlZl9zcmM9dHdzcmMlNUV0Znc=\">December 30, 2020<\/span><\/p><\/blockquote>\n<\/div>\n<p><i>(Parfois les plus beaux cadeaux sont les plus inattendus et on ne r\u00e9alise que l\u2019on voulait quelque chose qu\u2019une fois qu\u2019on nous l\u2019a offert. #MerciJonetDave)<\/i><\/p>\n<p>Difficile de ne pas voir dans ce tweet un message \u00e0 double-sens, Mark Hamill n\u2019ayant jamais cach\u00e9\u00a0<a title=\"Star Wars 8 sur TF1 : Mark Hamill m\u00e9content du traitement de Luke Skywalker\" href=\"http:\/\/www.allocine.fr\/article\/fichearticle_gen_carticle=18693658.html\">sa d\u00e9ception<\/a> quant \u00e0 la tournure prise par son personnage dans la nouvelle trilogie, ni ses diff\u00e9rents artistiques avec Rian Johnson lors du tournage des\u00a0<a title=\"Star Wars - Les Derniers Jedi (U.S.A.) - 2017 (Science fiction,Action)\" href=\"http:\/\/www.allocine.fr\/film\/fichefilm_gen_cfilm=215099.html\">Derniers Jedi<\/a> (\u00c9pisode 8). Nul doute que cette apparition surprise dans <i>The Mandalorian<\/i> lui aura donc permis de faire ses adieux en bonne et due forme au personnage qui l\u2019accompagne depuis plus de quarante ans, avant de raccrocher (pour de bon?) son sabre-laser.<\/p>\n<p>Rappelons tout de m\u00eame qu\u2019il ne s\u2019agissait pas de la premi\u00e8re participation de Mark Hamill dans la s\u00e9rie live-action Star Wars, puisque ce dernier avait\u00a0<a title=\"The Mandalorian (Disney+) : un cam\u00e9o de Mark Hamill pass\u00e9 inaper\u00e7u !\" href=\"http:\/\/www.allocine.fr\/article\/fichearticle_gen_carticle=18690908.html\">pr\u00eat\u00e9 sa voix<\/a> \u00e0 un dro\u00efde dans la premi\u00e8re saison du programme (une prestation non-cr\u00e9dit\u00e9e au g\u00e9n\u00e9rique)\u00a0!<\/p>\n<p>Les deux saisons de <i>The Mandalorian<\/i> sont \u00e0 retrouver en exclusivit\u00e9 sur la plateforme Disney Plus\u00a0!<\/p>\n<\/p><\/div>\n<\/p><\/div>\n<p><script async src=\"http:\/\/platform.twitter.com\/widgets.js\" charset=\"utf-8\"><\/script><br \/>\n<br \/>[ad_2]<br \/>\n<br \/><a href=\"http:\/\/rss.allocine.fr\/~r\/ac\/actualites\/~3\/ZsX6hY5VCVU\/fichearticle_gen_carticle=18695735.html\">Source link <\/a><\/p>\n","protected":false},"excerpt":{"rendered":"<p>[ad_1] Apparu dans l\u2019ultime \u00e9pisode de \u00ab\u00a0The Mandalorian\u00a0\u00bb saison 2, Mark Hamill a publiquement remerci\u00e9 les cr\u00e9ateurs de la s\u00e9rie &hellip; <a href=\"http:\/\/www.affinite.fr\/index.php\/2021\/01\/04\/the-mandalorian-mark-hamill-remercie-les-createurs-de-la-serie-star-wars-pour-son-cameo-news-series\/\" class=\"more-link\">Plus <span class=\"screen-reader-text\">The Mandalorian\u00a0: Mark Hamill remercie les cr\u00e9ateurs de la s\u00e9rie Star Wars pour son cameo &#8211; News S\u00e9ries<\/span> <span class=\"meta-nav\">&rarr;<\/span><\/a><\/p>\n","protected":false},"author":1,"featured_media":5762,"comment_status":"open","ping_status":"open","sticky":false,"template":"","format":"standard","meta":{"_sitemap_exclude":false,"_sitemap_priority":"","_sitemap_frequency":"","footnotes":""},"categories":[1],"tags":[],"class_list":["post-5761","post","type-post","status-publish","format-standard","has-post-thumbnail","hentry","category-tous"],"_links":{"self":[{"href":"http:\/\/www.affinite.fr\/index.php\/wp-json\/wp\/v2\/posts\/5761"}],"collection":[{"href":"http:\/\/www.affinite.fr\/index.php\/wp-json\/wp\/v2\/posts"}],"about":[{"href":"http:\/\/www.affinite.fr\/index.php\/wp-json\/wp\/v2\/types\/post"}],"author":[{"embeddable":true,"href":"http:\/\/www.affinite.fr\/index.php\/wp-json\/wp\/v2\/users\/1"}],"replies":[{"embeddable":true,"href":"http:\/\/www.affinite.fr\/index.php\/wp-json\/wp\/v2\/comments?post=5761"}],"version-history":[{"count":0,"href":"http:\/\/www.affinite.fr\/index.php\/wp-json\/wp\/v2\/posts\/5761\/revisions"}],"wp:featuredmedia":[{"embeddable":true,"href":"http:\/\/www.affinite.fr\/index.php\/wp-json\/wp\/v2\/media\/5762"}],"wp:attachment":[{"href":"http:\/\/www.affinite.fr\/index.php\/wp-json\/wp\/v2\/media?parent=5761"}],"wp:term":[{"taxonomy":"category","embeddable":true,"href":"http:\/\/www.affinite.fr\/index.php\/wp-json\/wp\/v2\/categories?post=5761"},{"taxonomy":"post_tag","embeddable":true,"href":"http:\/\/www.affinite.fr\/index.php\/wp-json\/wp\/v2\/tags?post=5761"}],"curies":[{"name":"wp","href":"https:\/\/api.w.org\/{rel}","templated":true}]}}