{"id":5751,"date":"2021-01-02T02:05:46","date_gmt":"2021-01-02T02:05:46","guid":{"rendered":"https:\/\/www.affinite.fr\/index.php\/2021\/01\/02\/plus-belle-la-vie-du-lundi-4-janvier-2021-resume-en-avance-de-lepisode-4186-spoilers-news-series-a-la-tv\/"},"modified":"2021-01-02T02:05:46","modified_gmt":"2021-01-02T02:05:46","slug":"plus-belle-la-vie-du-lundi-4-janvier-2021-resume-en-avance-de-lepisode-4186-spoilers-news-series-a-la-tv","status":"publish","type":"post","link":"http:\/\/www.affinite.fr\/index.php\/2021\/01\/02\/plus-belle-la-vie-du-lundi-4-janvier-2021-resume-en-avance-de-lepisode-4186-spoilers-news-series-a-la-tv\/","title":{"rendered":"Plus belle la vie du lundi 4 janvier 2021 : r\u00e9sum\u00e9 en avance de l&rsquo;\u00e9pisode 4186 [SPOILERS] &#8211; News S\u00e9ries \u00e0 la TV"},"content":{"rendered":"<p> [ad_1]<br \/>\n<\/p>\n<div id=\"article-container\">\n<p class=\"article-lead\">Dans le prochain \u00e9pisode de \u00ab\u00a0Plus belle la vie\u00a0\u00bb&#8230; Tandis que le lapsus de Boher d\u00e9chaine les foules, L\u00e9o et Claire assument leur relation. Sabrina, quant \u00e0 elle, est de plus en plus borderline.<\/p>\n<div id=\"article-content\">\n<figure class=\"article-figure article-main-figure\"><img loading=\"lazy\" decoding=\"async\" class=\"article-figure-img\" width=\"640\" height=\"360\" src=\"https:\/\/fr.web.img5.acsta.net\/r_640_360\/newsv7\/20\/12\/31\/17\/25\/1045116.jpg\"\/><figcaption class=\"article-figcaption-copy\">Capture d&rsquo;\u00e9cran\/FTV<\/figcaption><\/figure>\n<p><strong>Attention, les paragraphes qui suivent contiennent des spoilers sur l&rsquo;\u00e9pisode de<span>\u00a0<\/span><a title=\"Plus belle la vie (France) (Drame,Soap)\" href=\"http:\/\/www.allocine.fr\/series\/ficheserie_gen_cserie=322.html\">Plus Belle la vie<\/a><\/strong><strong>\u00a0diffus\u00e9 lundi soir sur France 3 !<\/strong><\/p>\n<p>Pavel veut venger sa fille<\/p>\n<p>Suite \u00e0 son lapsus, Jean-Paul avoue \u00e0 Irina qu\u2019il ne peut pas l\u2019\u00e9pouser, tandis que Samia quitte la c\u00e9r\u00e9monie. Le week-end passe et la police ne retrouve pas la trace de Pavel. Alors que L\u00e9a rassure Samia \u00e0 propos des v\u00e9ritables sentiments de Jean-Paul, ce dernier tente de s\u2019excuser aupr\u00e8s d\u2019Irina. La jeune femme ne veut rien entendre et retrouve son p\u00e8re, qui lui promet de la venger\u2026<\/p>\n<p>Sabrina se rapproche de Chlo\u00e9<\/p>\n<p>Apr\u00e8s le r\u00e9veillon du Nouvel An, Sabrina rentre \u00e0 la coloc o\u00f9 elle se dispute avec Mila au sujet de ses loyers impay\u00e9s. Nathan prend sa d\u00e9fense et lui trouve un poste de serveuse dans un bar. Reconnaissante, Sabrina se rapproche tout de m\u00eame de Chlo\u00e9, \u00e0 laquelle elle se confie sur le meurtre de Melmont.<\/p>\n<p>De son c\u00f4t\u00e9, Mouss encourage Bertrand \u00e0 reconqu\u00e9rir Luna.<\/p>\n<p>Mirta d\u00e9couvre un nouveau couple<\/p>\n<p>Au Celeste, Mirta d\u00e9couvre que L\u00e9o et Claire sont ensemble et ne se prive pas de le raconter \u00e0 sa fille. Rochat surprend leur conversation et exige des explications de la part de Claire, avec laquelle il reste finalement en bons termes.<\/p>\n<p><iframe loading=\"lazy\" src=\"https:\/\/embedftv-a.akamaihd.net\/aee9f48c9d931baa17a43a7cee23f224\" width=\"560\" height=\"315\" frameborder=\"0\" allowfullscreen=\"\" scrolling=\"no\"><\/iframe><\/p>\n<p>\u00a0<\/p>\n<\/p><\/div>\n<\/p><\/div>\n<p>[ad_2]<br \/>\n<br \/><a href=\"http:\/\/rss.allocine.fr\/~r\/ac\/actualites\/~3\/iR4YEKzjA6M\/fichearticle_gen_carticle=18695481.html\">Source link <\/a><\/p>\n","protected":false},"excerpt":{"rendered":"<p>[ad_1] Dans le prochain \u00e9pisode de \u00ab\u00a0Plus belle la vie\u00a0\u00bb&#8230; Tandis que le lapsus de Boher d\u00e9chaine les foules, L\u00e9o &hellip; <a href=\"http:\/\/www.affinite.fr\/index.php\/2021\/01\/02\/plus-belle-la-vie-du-lundi-4-janvier-2021-resume-en-avance-de-lepisode-4186-spoilers-news-series-a-la-tv\/\" class=\"more-link\">Plus <span class=\"screen-reader-text\">Plus belle la vie du lundi 4 janvier 2021 : r\u00e9sum\u00e9 en avance de l&rsquo;\u00e9pisode 4186 [SPOILERS] &#8211; News S\u00e9ries \u00e0 la TV<\/span> <span class=\"meta-nav\">&rarr;<\/span><\/a><\/p>\n","protected":false},"author":1,"featured_media":5752,"comment_status":"open","ping_status":"open","sticky":false,"template":"","format":"standard","meta":{"_sitemap_exclude":false,"_sitemap_priority":"","_sitemap_frequency":"","footnotes":""},"categories":[1],"tags":[],"class_list":["post-5751","post","type-post","status-publish","format-standard","has-post-thumbnail","hentry","category-tous"],"_links":{"self":[{"href":"http:\/\/www.affinite.fr\/index.php\/wp-json\/wp\/v2\/posts\/5751"}],"collection":[{"href":"http:\/\/www.affinite.fr\/index.php\/wp-json\/wp\/v2\/posts"}],"about":[{"href":"http:\/\/www.affinite.fr\/index.php\/wp-json\/wp\/v2\/types\/post"}],"author":[{"embeddable":true,"href":"http:\/\/www.affinite.fr\/index.php\/wp-json\/wp\/v2\/users\/1"}],"replies":[{"embeddable":true,"href":"http:\/\/www.affinite.fr\/index.php\/wp-json\/wp\/v2\/comments?post=5751"}],"version-history":[{"count":0,"href":"http:\/\/www.affinite.fr\/index.php\/wp-json\/wp\/v2\/posts\/5751\/revisions"}],"wp:featuredmedia":[{"embeddable":true,"href":"http:\/\/www.affinite.fr\/index.php\/wp-json\/wp\/v2\/media\/5752"}],"wp:attachment":[{"href":"http:\/\/www.affinite.fr\/index.php\/wp-json\/wp\/v2\/media?parent=5751"}],"wp:term":[{"taxonomy":"category","embeddable":true,"href":"http:\/\/www.affinite.fr\/index.php\/wp-json\/wp\/v2\/categories?post=5751"},{"taxonomy":"post_tag","embeddable":true,"href":"http:\/\/www.affinite.fr\/index.php\/wp-json\/wp\/v2\/tags?post=5751"}],"curies":[{"name":"wp","href":"https:\/\/api.w.org\/{rel}","templated":true}]}}