{"id":5719,"date":"2020-12-27T18:53:54","date_gmt":"2020-12-27T18:53:54","guid":{"rendered":"https:\/\/www.affinite.fr\/index.php\/2020\/12\/27\/premieres-vaccinations-dans-le-monde\/"},"modified":"2020-12-27T18:53:54","modified_gmt":"2020-12-27T18:53:54","slug":"premieres-vaccinations-dans-le-monde","status":"publish","type":"post","link":"http:\/\/www.affinite.fr\/index.php\/2020\/12\/27\/premieres-vaccinations-dans-le-monde\/","title":{"rendered":"premi\u00e8res vaccinations dans le monde"},"content":{"rendered":"<p> [ad_1]<br \/>\n<\/p>\n<p>\n                COVID-19\u00a0MONDE. Plus de 80\u00a0millions de personnes ont \u00e9t\u00e9 contamin\u00e9es par le coronavirus \u00e0 travers le monde. Ce dimanche, l&rsquo;Europe d\u00e9bute sa campagne de vaccination tandis que le groupe AstraZeneca estime avoir \u00ab\u00a0trouv\u00e9 la formule gagnante\u00a0\u00bb.            <\/p>\n<div>\n<aside class=\"ccmsummary marqueur_module ccmcss_cms_summary ccmcss_cms_summary--right\">\n<p>Sommaire<\/p>\n<\/aside>\n<p><b>[Mise \u00e0 jour du dimanche 27\u00a0d\u00e9cembre\u00a02020\u00a0\u00e0 18h03]<\/b>\u00a0\u00a0L&rsquo;\u00e9pid\u00e9mie de coronavirus continue sa progression dans le monde.\u00a0Dimanche\u00a027\u00a0d\u00e9cembre, plus de\u00a0<strong>1,7\u00a0million<\/strong>\u00a0de personnes sont d\u00e9c\u00e9d\u00e9es du\u00a0Covid-19\u00a0et plus de\u00a0<strong>80\u00a0millions<\/strong> ont \u00e9t\u00e9 contamin\u00e9es selon l&rsquo;Universit\u00e9\u00a0Johns-Hopkins.\u00a0Ce dimanche\u00a0marque le <strong>lancement officiel de la campagne de vaccination en Europe.<\/strong>\u00a0Plusieurs pays europ\u00e9ens ont d\u00e9but\u00e9 les injections la veille, comme l&rsquo;Allemagne, la Hongrie et la Slovaquie.\u00a0L&rsquo;Europe a franchi le palier des <strong>25\u00a0millions de contaminations <\/strong>depuis le d\u00e9but de la pand\u00e9mie.\u00a0Avant l&rsquo;Europe, de nombreux pays ont commenc\u00e9 les\u00a0injections :\u00a0apr\u00e8s\u00a0les\u00a0\u00c9tats-Unis, le Royaume-Uni, le Canada, la Chine\u00a0et la Russie, les\u00a0\u00c9mirats\u00a0arabes unis\u00a0ont lanc\u00e9\u00a0les vaccinations massives.\u00a0En Am\u00e9rique du Sud, le Mexique, le Chili et le Costa Rica ont d\u00e9but\u00e9 les premi\u00e8res injections jeudi 24\u00a0d\u00e9cembre.<strong>\u00a0Les foyers actuels<\/strong> majeurs de l&rsquo;\u00e9pid\u00e9mie se situent toujours dans la zone\u00a0<strong>Am\u00e9riques<\/strong>\u00a0et en <strong>Europe<\/strong>, \u00e0 l&rsquo;origine respectivement de<strong>\u00a047%\u00a0et\u00a038%\u00a0des cas<\/strong> rapport\u00e9s dans le monde pour la semaine 50\u00a0(donn\u00e9es OMS pour la p\u00e9riode du 7\u00a0au 13\u00a0d\u00e9cembre 2020).\u00a0<strong>Quels sont les\u00a0pays les plus touch\u00e9s<\/strong>\u00a0dans le monde en nombre de cas et de morts du coronavirus\u00a0?\u00a0<strong>Quel<\/strong>\u00a0<strong>pourcentage de contamination<\/strong>\u00a0et de <strong>d\u00e9c\u00e8s<\/strong> par rapport \u00e0 la population totale\u00a0de chaque territoire\u00a0?\u00a0Chiffres, courbes et point de situation en direct.<\/p>\n<p><strong>Derni\u00e8res infos Covid-19 dans le monde\u00a0:<\/strong><\/p>\n<ul>\n<li><strong>Isra\u00ebl se reconfine une troisi\u00e8me fois<\/strong> \u00e0 partir de 17h (heure locale), dimanche 27\u00a0d\u00e9cembre. Ce confinement quasi-g\u00e9n\u00e9ral d&rsquo;une dur\u00e9e de deux semaines pourrait \u00eatre <strong>prolong\u00e9 d&rsquo;un mois<\/strong> si le nombre de contaminations journali\u00e8res reste au dessus de 1\u00a0000. La plupart des commerces seront ferm\u00e9s, les Isra\u00e9liens ne pourront pas se d\u00e9placer \u00e0 plus d&rsquo;un kilom\u00e8tre de leur domicile.<\/li>\n<li><strong>\u00ab\u00a0Nous pensons avoir trouv\u00e9 la formule gagnante\u00a0\u00bb<\/strong>, a indiqu\u00e9 le groupe pharmaceutique britannique <strong>AstraZeneca<\/strong> apr\u00e8s des recherches suppl\u00e9mentaires.\u00a0Le directeur g\u00e9n\u00e9ral, Pascal\u00a0Soriot, a affirm\u00e9 dans le\u00a0Sunday\u00a0Times\u00a0que son vaccin assure une \u00ab\u00a0<em>protection de\u00a0100%<\/em>\u00a0\u00bb contre les formes s\u00e9v\u00e8res du\u00a0Covid-19.<\/li>\n<li>\u00ab\u00a0<em><strong>L&rsquo;histoire nous dit que \u00e7a ne sera pas la derni\u00e8re pand\u00e9mie\u00a0\u00bb<\/strong><\/em>, met en garde le directeur de l&rsquo;Organisation mondiale de la Sant\u00e9\u00a0(OMS),\u00a0Tedros\u00a0Adhanom\u00a0Ghebreyesus.\u00a0Dans une vid\u00e9o publi\u00e9e ce dimanche sur <a href=\"https:\/\/twitter.com\/DrTedros\/status\/1343137156399816704\">Twitter<\/a>, le directeur\u00a0a\u00a0pr\u00e9venu que la pand\u00e9mie de Covid-19\u00a0ne serait pas la derni\u00e8re si l&rsquo;on ne s&rsquo;attaquait pas au <strong>changement climatique<\/strong> et au <strong>bien-\u00eatre animal.<\/strong>\u00a0Tedros\u00a0Adhanom\u00a0Ghebreyesus\u00a0a condamn\u00e9 la gestion \u00ab\u00a0<em>dangereusement myope<\/em>\u00a0\u00bb de l&rsquo;\u00e9pid\u00e9mie\u00a0:\u00a0\u00ab\u00a0<em>Pendant\u00a0trop longtemps, le monde a fonctionn\u00e9 selon un cycle de panique et de n\u00e9gligences.\u00a0Nous jetons de l&rsquo;argent sur une \u00e9pid\u00e9mie et quand elle est termin\u00e9e, nous l&rsquo;oublions et ne faisons rien pour emp\u00eacher la suivante.<\/em>\u00ab\u00a0<\/li>\n<li><strong>L&rsquo;Italie a d\u00e9marr\u00e9 sa campagne de vaccination<\/strong>.\u00a0\u00ab\u00a0<em>L&rsquo;Italie se r\u00e9veille<\/em>\u00ab\u00a0, a r\u00e9agi le Premier ministre Giuseppe Conte sur Twitter, saluant une date qui \u00ab\u00a0<em>restera \u00e0 jamais grav\u00e9e dans nos m\u00e9moires<\/em>\u00ab\u00a0.\u00a0La\u00a0vaccination de masse d\u00e9butera le <strong>8\u00a0janvier,<\/strong> \u00e0 partir de cette date 470\u00a0000\u00a0doses du vaccin arriveront chaque semaine en Italie.<\/li>\n<li><strong>Premi\u00e8re injection du vaccin en Espagne.<\/strong>\u00a0Une r\u00e9sidente d&rsquo;une maison de <a href=\"http:\/\/www.affinite.fr\/index.php\/2023\/07\/29\/changer-de-vie-voyager-complement-de-retraite-devenez-vendeur-de-glace-a-litalienne\/\">retraite<\/a> de 96\u00a0ans est la premi\u00e8re personne \u00e0 avoir re\u00e7u le vaccin contre le\u00a0Covid-19.\u00a0Araceli\u00a0Rosario Hidalgo Sanchez\u00a0a\u00a0affirm\u00e9\u00a0ne \u00ab\u00a0<em>rien<\/em>\u00a0\u00bb sentir lors de l&rsquo;injection.\u00a0<\/li>\n<li><strong>Le Canada a d\u00e9couvert deux premiers cas<\/strong> de\u00a0contamination\u00a0par le nouveau variant du coronavirus, ont annonc\u00e9 samedi 26\u00a0d\u00e9cembre les autorit\u00e9s.\u00a0\u00ab\u00a0<em>Les cas sont un couple de\u00a0Durham<\/em>\u00a0(proche de Toronto)\u00a0<em>qui n&rsquo;ont pas d&rsquo;ant\u00e9c\u00e9dents de voyages, d&rsquo;expositions<\/em>\u00a0(au virus)\u00a0<em>ni de contacts \u00e0 risques \u00e9lev\u00e9s\u00a0\u00bb<\/em>, pr\u00e9cise le minist\u00e8re de la Sant\u00e9 de cette province du centre du Canada.\u00a0Ce dimanche, l&rsquo;Ontario a r\u00e9install\u00e9 un confinement pour plusieurs semaines.\u00a0<\/li>\n<li><strong>Isra\u00ebl envisage de vacciner\u00a025%\u00a0de sa population en un mois<\/strong>.\u00a0Le\u00a0Premier ministre\u00a0isra\u00e9lien, Benjamin Netanyahu, a annonc\u00e9 samedi 26\u00a0d\u00e9cembre que le pays souhaite <strong>vacciner 150\u00a0000\u00a0personnes par jour<\/strong>.\u00a0Une offensive de vaccination pr\u00e9sent\u00e9e comme \u00ab\u00a0<em>sans pr\u00e9c\u00e9dent dans le monde<\/em>\u00ab\u00a0, visant \u00e0 immuniser le quart de sa population en un mois.\u00a0L&rsquo;\u00c9tat va d\u00e9pendre de la livraison des 14\u00a0millions de doses command\u00e9es aux laboratoires Pfizer et\u00a0Moderna,\u00a0\u00ab\u00a0<em>Je leur ai demand\u00e9 de r\u00e9pondre \u00e0 notre cadence\u00a0(&#8230;)\u00a0Ils\u00a0ont dit qu&rsquo;ils pensent pouvoir y arriver<\/em>\u00ab\u00a0, a indiqu\u00e9 le chef du gouvernement.\u00a0<\/li>\n<li>Samedi 26\u00a0d\u00e9cembre, <strong>l&rsquo;Allemagne, la Hongrie et la Slovaquie ont commenc\u00e9 leur campagne de vaccination<\/strong>, avec un jour d&rsquo;avance sur le calendrier europ\u00e9en.\u00a0<\/li>\n<\/ul>\n<ul>\n<li>\u00c0 la veille du d\u00e9marrage de la campagne de vaccination de l&rsquo;Union europ\u00e9enne, <strong>la pr\u00e9sidente de la Commission europ\u00e9enne<\/strong>, Ursula Von der\u00a0Leyen, a adress\u00e9 un message post\u00e9 sur\u00a0Twitter, ce samedi 26\u00a0d\u00e9cembre.\u00a0Elle garantit que la vaccination est \u00ab\u00a0<em><strong>la solution durable pour mettre fin \u00e0 l&rsquo;\u00e9pid\u00e9mie<\/strong><\/em>\u00ab\u00a0, assurant que les prochains jours seront \u00ab\u00a0<em>un moment \u00e9mouvant d&rsquo;unit\u00e9<\/em>\u00ab\u00a0.\u00a0\u00a0<\/li>\n<\/ul>\n<ul>\n<li><strong>Le Japon a annonc\u00e9 la fermeture temporaire de ses fronti\u00e8res aux \u00e9trangers<\/strong> ne r\u00e9sidant\u00a0pas dans le pays, apr\u00e8s la d\u00e9tection sur son territoire d&rsquo;un variant du coronavirus. Dans un communiqu\u00e9 publi\u00e9 samedi 26\u00a0d\u00e9cembre, le gouvernement a fait savoir que l&rsquo;interdiction prendrait effet le 28\u00a0d\u00e9cembre jusque fin janvier.\u00a0<\/li>\n<li><strong>La Russie<\/strong> vient de franchir la barre symbolique des <strong>3\u00a0millions de contaminations<\/strong>. Les autorit\u00e9s se refusent \u00e0 tout confinement national. Samedi 26\u00a0d\u00e9cembre, la Russie enregistre 53\u00a0539\u00a0morts du coronavirus depuis le d\u00e9but de l&rsquo;\u00e9pid\u00e9mie, selon les chiffres de l&rsquo;universit\u00e9 Johns Hopkins.\u00a0<\/li>\n<li><strong>Le district de P\u00e9kin entre en urgence \u00e9pid\u00e9mique \u00ab\u00a0de temps de guerre\u00a0\u00bb<\/strong>, ont rapport\u00e9 samedi 26\u00a0d\u00e9cembre les autorit\u00e9s locales. En cause, la d\u00e9tection de cinq nouveaux cas de coronavirus, apr\u00e8s les deux infections locales enregistr\u00e9es vendredi. Le directeur adjoint du Beijing Center for Disease Control Prevention, Pang Xinghuo, a d\u00e9clar\u00e9 lors d&rsquo;une conf\u00e9rence de presse samedi que <strong>800\u00a0000\u00a0habitants seront test\u00e9s<\/strong> pour le coronavirus. Les villes de Xidulan et Donghaihong, dans le district de Shunyi, sont confin\u00e9es.\u00a0<\/li>\n<li>Vendredi 25\u00a0d\u00e9cembre, <strong>l&rsquo;Europe <\/strong>a franchi un palier symbolique\u00a0:<strong> 25\u00a0millions de personnes ont \u00e9t\u00e9 contamin\u00e9es<\/strong> au Covid-19\u00a0depuis le d\u00e9but de l&rsquo;\u00e9pid\u00e9mie. \u00c0 date, 79\u00a0469\u00a0709\u00a0personnes ont \u00e9t\u00e9 contamin\u00e9es dans le monde depuis le d\u00e9but de l&rsquo;\u00e9pid\u00e9mie, selon les chiffres de l&rsquo;universit\u00e9\u00a0Johns-Hopkins.\u00a0<\/li>\n<\/ul>\n<blockquote>\n<p>La France, 5e pays du monde en nombre de cas de Covid-19.<\/p>\n<\/blockquote>\n<h3 style=\"text-align: center;\">Evolution des nouveaux cas de Covid-19\u00a0dans les 10\u00a0pays du monde les plus affect\u00e9s (nombre de cas), au 27\u00a0d\u00e9cembre\u00a02020<\/h3>\n<div style=\"text-align:center\">\n<figure class=\"image\" style=\"display:inline-block\"><a class=\"fancy\" href=\"https:\/\/img-3.journaldesfemmes.fr\/wPA7LiwBbrWw1xYCvZGFJKH5tC8=\/1080x\/smart\/ad780d59e1e14e2fbb573735423a4df4\/ccmcms-jdf\/21117891.png\"><img decoding=\"async\" alt=\"courbe-cas-covid-monde-pays\" src=\"https:\/\/img-3.journaldesfemmes.fr\/81uRkT3yxP7l6l1EBsyWcnIEp1Y=\/600x\/smart\/ad780d59e1e14e2fbb573735423a4df4\/ccmcms-jdf\/21117891.png\"\/><\/a><figcaption data-credit=\"Universit\u00e9 Johns Hopkins\" data-legend=\"Evolution des nouveaux cas de Covid-19\u00a0dans les 10\u00a0pays du monde les plus affect\u00e9s (nombre de cas), au 27 d\u00e9cembre 2020\">Evolution des nouveaux cas de Covid-19\u00a0dans les 10\u00a0pays du monde les plus affect\u00e9s (nombre de cas), au 27 d\u00e9cembre 2020 <small>\u00a9\u00a0Universit\u00e9 Johns Hopkins<\/small><\/figcaption><\/figure>\n<\/div>\n<p>Le nombre de cas de coronavirus continue d&rsquo;augmenter chaque jour dans le monde. Au 25\u00a0d\u00e9cembre 2020, plus\u00a0de <strong>79\u00a0millions\u00a0de personnes ont \u00e9t\u00e9 test\u00e9es positives<\/strong> au virus selon les comptages de l&rsquo;<a href=\"https:\/\/gisanddata.maps.arcgis.com\/apps\/opsdashboard\/index.html#\/bda7594740fd40299423467b48e9ecf6\" target=\"_blank\" rel=\"noopener noreferrer\">Universit\u00e9 John Hopkins<\/a>\u00a0(79 933 551).\u00a0Pour le\u00a0<a href=\"https:\/\/www.ecdc.europa.eu\/en\/geographical-distribution-2019-ncov-cases\" target=\"_blank\" rel=\"noopener noreferrer\">Centre europ\u00e9en de pr\u00e9vention et de contr\u00f4le des maladies<\/a>,\u00a0<strong>76\u00a0103\u00a0424<\/strong> cas ont \u00e9t\u00e9 confirm\u00e9s en semaine 50 (7\u00a0au 13 d\u00e9cembre), depuis le 31 d\u00e9cembre 2019.\u00a0Ces chiffres varient\u00a0selon les d\u00e9finitions de cas appliqu\u00e9es dans chaque pays et leurs strat\u00e9gies de d\u00e9pistage.\u00a0<\/p>\n<table border=\"1\" cellpadding=\"1\" cellspacing=\"1\">\n<caption>\n<h3 style=\"text-align: center;\">Nombre de cas de Covid-19\u00a0par continent du\u00a031\u00a0d\u00e9cembre 2019\u00a0au 27\u00a0d\u00e9cembre 2020\u00a0(source\u00a0: Ecdc.Europa.eu \/ Ined.fr)<\/h3>\n<\/caption>\n<tbody>\n<tr>\n<td style=\"width: 105px;\">\u00a0<\/td>\n<td style=\"width: 347px;\">\n<p><strong>Nombre de cas positifs au Covid-19\u00a0<\/strong><\/p>\n<\/td>\n<td style=\"width: 544px;\">\n<p><strong>Pourcentage de la population positive au Covid-19<\/strong><\/p>\n<\/td>\n<\/tr>\n<tr>\n<td style=\"width: 105px;\">\n<p><strong>Am\u00e9rique<\/strong><\/p>\n<\/td>\n<td style=\"width: 347px;\">33\u00a0216\u00a0866<\/td>\n<td style=\"width: 544px;\">3,25%<\/td>\n<\/tr>\n<tr>\n<td style=\"width: 105px;\">\n<p><strong>Europe<\/strong><\/p>\n<\/td>\n<td style=\"width: 347px;\">23\u00a0081\u00a0330<\/td>\n<td style=\"width: 544px;\">\n<p>3,09%<\/p>\n<\/td>\n<\/tr>\n<tr>\n<td style=\"width: 105px;\">\n<p><strong>Asie<\/strong><\/p>\n<\/td>\n<td style=\"width: 347px;\">17\u00a0238\u00a0546<\/td>\n<td style=\"width: 544px;\">0,37%<\/td>\n<\/tr>\n<tr>\n<td style=\"width: 105px;\">\n<p><strong>Afrique<\/strong><\/p>\n<\/td>\n<td style=\"width: 347px;\">2\u00a0511\u00a0635<\/td>\n<td style=\"width: 544px;\">\n<p>0,19%<\/p>\n<\/td>\n<\/tr>\n<tr>\n<td style=\"width: 105px;\">\n<p><strong>Oc\u00e9anie<\/strong><\/p>\n<\/td>\n<td style=\"width: 347px;\">54\u00a0342\u00a0<\/td>\n<td style=\"width: 544px;\">\n<p>0,13%<\/p>\n<\/td>\n<\/tr>\n<tr>\n<td style=\"width: 105px;\">\n<p><strong>Autres<\/strong><\/p>\n<\/td>\n<td style=\"width: 347px;\">\n<p>705<\/p>\n<\/td>\n<td style=\"width: 544px;\">\n<p>\u2248 0%<\/p>\n<\/td>\n<\/tr>\n<tr>\n<td style=\"width: 105px;\">\n<p><strong>Total\u00a0<\/strong><\/p>\n<\/td>\n<td style=\"width: 347px;\"><b>76 103 424<\/b><\/td>\n<td style=\"width: 544px;\">\n<p>1,4%<\/p>\n<\/td>\n<\/tr>\n<\/tbody>\n<\/table>\n<table border=\"1\" cellpadding=\"1\" cellspacing=\"1\">\n<caption>\n<h3 style=\"text-align: center;\">Les 10\u00a0pays recensant le plus grand nombre de cas de Covid-19\u00a0dans le monde au 27\u00a0d\u00e9cembre\u00a02020 (Sources\u00a0: Universit\u00e9 John Hopkins)<\/h3>\n<\/caption>\n<thead>\n<tr>\n<th scope=\"col\" style=\"width: 144px;\">\n<p>Pays<\/p>\n<\/th>\n<th scope=\"col\" style=\"width: 208px;\">\n<p>Nombre de cas confirm\u00e9s<\/p>\n<\/th>\n<th scope=\"col\" style=\"width: 254px;\">\n<p>Nombre total d&rsquo;habitants (en millions)<\/p>\n<\/th>\n<th scope=\"col\" style=\"width: 290px;\">\n<p>Pourcentage de la population infect\u00e9e<\/p>\n<\/th>\n<\/tr>\n<\/thead>\n<tbody>\n<tr>\n<td style=\"width: 144px;\">\n<p><strong>Etats-Unis <\/strong><\/p>\n<\/td>\n<td style=\"width: 208px;\">\n<h5><strong>18 990 107<\/strong><\/h5>\n<\/td>\n<td style=\"width: 254px;\">\n<p>328,2<\/p>\n<\/td>\n<td style=\"width: 290px;\">\n<p>5,79%<\/p>\n<\/td>\n<\/tr>\n<tr>\n<td style=\"width: 144px;\">\n<p><strong>Inde<\/strong><\/p>\n<\/td>\n<td style=\"width: 208px;\">\n<p>10 187 850<\/p>\n<\/td>\n<td style=\"width: 254px;\">\n<p>1\u00a0353<\/p>\n<\/td>\n<td style=\"width: 290px;\">\n<p>0,75%<\/p>\n<\/td>\n<\/tr>\n<tr>\n<td style=\"width: 144px;\">\n<p><strong>Br\u00e9sil<\/strong><\/p>\n<\/td>\n<td style=\"width: 208px;\">\n<p>7 465 806<\/p>\n<\/td>\n<td style=\"width: 254px;\">\n<p>209.5<\/p>\n<\/td>\n<td style=\"width: 290px;\">\n<p>3,56%<\/p>\n<\/td>\n<\/tr>\n<tr>\n<td style=\"width: 144px;\">\n<p><strong>Russie<\/strong><\/p>\n<\/td>\n<td style=\"width: 208px;\">3 019 872<\/td>\n<td style=\"width: 254px;\">144,5<\/td>\n<td style=\"width: 290px;\">\n<p>2,09%\u00a0<strong>\u00a0<\/strong><\/p>\n<\/td>\n<\/tr>\n<tr>\n<td style=\"width: 144px;\">\n<p><b>France<\/b><\/p>\n<\/td>\n<td style=\"width: 208px;\">\n<p><strong>2 608 277<\/strong><\/p>\n<\/td>\n<td style=\"width: 254px;\">\n<p><strong>66,9<\/strong><\/p>\n<\/td>\n<td style=\"width: 290px;\">\n<p><strong>3,90%<\/strong><\/p>\n<\/td>\n<\/tr>\n<tr>\n<td style=\"width: 144px;\"><b>Royaume-Uni<\/b><\/td>\n<td style=\"width: 208px;\">2 262 735<\/td>\n<td style=\"width: 254px;\">66,65<\/td>\n<td style=\"width: 290px;\">3,39%<\/td>\n<\/tr>\n<tr>\n<td style=\"width: 144px;\"><b>Turquie<\/b><\/td>\n<td style=\"width: 208px;\">2 133 373<\/td>\n<td style=\"width: 254px;\">84,3<\/td>\n<td style=\"width: 290px;\">2,53%<\/td>\n<\/tr>\n<tr>\n<td style=\"width: 144px;\">\n<p><b>Italie<\/b><\/p>\n<\/td>\n<td style=\"width: 208px;\">2 038 759<\/td>\n<td style=\"width: 254px;\">\n<p>60,4<\/p>\n<\/td>\n<td style=\"width: 290px;\">\n<p>3,38%<\/p>\n<\/td>\n<\/tr>\n<tr>\n<td style=\"width: 144px;\"><strong>Espagne<\/strong><\/td>\n<td style=\"width: 208px;\">\n<p>1 854 951<\/p>\n<\/td>\n<td style=\"width: 254px;\">\n<p>\t\t\t47<\/p>\n<\/td>\n<td style=\"width: 290px;\">\n<p>3,95%<\/p>\n<\/td>\n<\/tr>\n<tr>\n<td style=\"width: 144px;\">\n<p><strong>Allemagne<\/strong><\/p>\n<\/td>\n<td style=\"width: 208px;\">\n<h5>1 656 599<\/h5>\n<\/td>\n<td style=\"width: 254px;\">\n<p>83,1<\/p>\n<\/td>\n<td style=\"width: 290px;\">\n<p>1,99%<\/p>\n<\/td>\n<\/tr>\n<\/tbody>\n<\/table>\n<h3>&gt; <strong><a href=\"https:\/\/gisanddata.maps.arcgis.com\/apps\/opsdashboard\/index.html#\/bda7594740fd40299423467b48e9ecf6\" target=\"_blank\" rel=\"noopener noreferrer\">Voir le nombre de cas des autres pays\u00a0<\/a><\/strong><\/h3>\n<h3 style=\"text-align: center;\">R\u00e9partition g\u00e9ographique du nombre cumulatif de cas de COVID-19\u00a0signal\u00e9s pour 100\u00a0000\u00a0habitants, dans le monde, sur les 14\u00a0derniers jours, pour les semaines 50-51\u00a0(7 d\u00e9cembre-20\u00a0d\u00e9cembre)<\/h3>\n<div style=\"text-align:center\">\n<figure class=\"image\" style=\"display:inline-block\"><a class=\"fancy\" href=\"https:\/\/img-3.journaldesfemmes.fr\/K9e-sIq38T5ZvSWuFEwEM8wswck=\/1080x\/smart\/e5ae92e334cd4366ac95cfb0683bd328\/ccmcms-jdf\/21092335.png\"><img decoding=\"async\" alt=\"carte-coronavirus-monde\" src=\"https:\/\/img-3.journaldesfemmes.fr\/w7vLKNYSG0XADkSguTZn9qGHxRQ=\/600x\/smart\/e5ae92e334cd4366ac95cfb0683bd328\/ccmcms-jdf\/21092335.png\"\/><\/a><figcaption data-credit=\"Ecdc.europa.eu\" data-legend=\"R\u00e9partition g\u00e9ographique du nombre cumulatif de cas de COVID-19\u00a0signal\u00e9s pour 100\u00a0000\u00a0habitants, dans le monde, sur les 14\u00a0derniers jours, pour les semaines 50-51 (7 d\u00e9cembre-20 d\u00e9cembre)\">R\u00e9partition g\u00e9ographique du nombre cumulatif de cas de COVID-19\u00a0signal\u00e9s pour 100\u00a0000\u00a0habitants, dans le monde, sur les 14\u00a0derniers jours, pour les semaines 50-51 (7 d\u00e9cembre-20 d\u00e9cembre) <small>\u00a9\u00a0Ecdc.europa.eu<\/small><\/figcaption><\/figure>\n<\/div>\n<p>Apr\u00e8s l&rsquo;apparition du virus en Chine en d\u00e9cembre, l&rsquo;Europe est rapidement devenue l&rsquo;\u00e9picentre de l&rsquo;\u00e9pid\u00e9mie obligeant plusieurs pays \u00e0 confiner les populations d\u00e8s le mois de mars. Puis le virus s&rsquo;est propag\u00e9 aux\u00a0Etats-Unis, en Am\u00e9rique du Sud et en\u00a0Inde.\u00a0Au 17\u00a0d\u00e9cembre, selon <a href=\"https:\/\/www.santepubliquefrance.fr\/maladies-et-traumatismes\/maladies-et-infections-respiratoires\/infection-a-coronavirus\/documents\/bulletin-national\/covid-19-point-epidemiologique-du-17-decembre-2020\" target=\"_blank\" rel=\"noopener noreferrer\">Sant\u00e9 publique France<\/a>, les Am\u00e9riques et l&rsquo;Europe demeurent les <strong>deux foyers majeurs de l&rsquo;\u00e9pid\u00e9mie<\/strong>, avec respectivement <strong>47% <\/strong>et<strong>\u00a038%<\/strong> des nouveaux cas rapport\u00e9s au niveau mondial, entre le 7 et le\u00a013\u00a0d\u00e9cembre (semaine 50).\u00a0Comme en semaine 49, une <strong>augmentation du nombre de nouveaux cas <\/strong>(+11%) et de d\u00e9c\u00e8s par Covid-19\u00a0(+12%) est observ\u00e9e dans la zone Am\u00e9riques. En Europe, le <strong>nombre de nouveaux cas est stable<\/strong> et le nombre de nouveaux d\u00e9c\u00e8s est en baisse <strong>pour la 3e semaine cons\u00e9cutive<\/strong>, bien que restant \u00e0 des niveaux \u00e9lev\u00e9s. L&rsquo;<strong>Afrique<\/strong> rapporte les plus fortes augmentations du nombre de nouveaux cas (+40%) et de nouveaux d\u00e9c\u00e8s. L&rsquo;<strong>Asie du Sud-Est<\/strong> et le <strong>Moyen-Orient<\/strong> poursuivent leurs baisses en nombre de nouveaux cas et de nouveaux d\u00e9c\u00e8s en semaine 50.<\/p>\n<h3 style=\"text-align: center;\">Courbe d&rsquo;\u00e9volution des cas journaliers du Covid-19\u00a0dans le monde jusqu&rsquo;au 27\u00a0d\u00e9cembre 2020<\/h3>\n<div style=\"text-align:center\">\n<figure class=\"image\" style=\"display:inline-block\"><a class=\"fancy\" href=\"https:\/\/img-3.journaldesfemmes.fr\/z6PK235LPBoYsUamrKDARkQKHCs=\/1080x\/smart\/60cbc3c86a614c51a2caaaab933f3a2c\/ccmcms-jdf\/21092374.png\"><img decoding=\"async\" alt=\"courbe-cas-covid-monde\" src=\"https:\/\/img-3.journaldesfemmes.fr\/0uzAnoF_hG5JqGWaK_rNJsmsp08=\/600x\/smart\/60cbc3c86a614c51a2caaaab933f3a2c\/ccmcms-jdf\/21092374.png\"\/><\/a><figcaption data-credit=\"Universit\u00e9 Johns Hopkins\" data-legend=\"Courbe d'\u00e9volution des cas journaliers du covid-19 dans le monde jusqu'au 26 d\u00e9cembre 2020\">Courbe d&rsquo;\u00e9volution des cas journaliers du covid-19 dans le monde jusqu&rsquo;au 27 d\u00e9cembre 2020 <small>\u00a9\u00a0Universit\u00e9 Johns Hopkins<\/small><\/figcaption><\/figure>\n<\/div>\n<p><strong>Dans son bilan international, Sant\u00e9 publique France rapporte le 17\u00a0d\u00e9cembre :\u00a0<\/strong><\/p>\n<p>\u25ba <strong>Europe\u00a0: <\/strong>Plusieurs pays de l&rsquo;UE\/EEA et le Royaume-Uni rapportent <strong>une stabilisation ou une baisse de certains indicateurs \u00e9pid\u00e9miologiques <\/strong>sur les 7\u00a0derniers jours (taux d&rsquo;incidence, taux de positivit\u00e9 et nouvelles admissions \u00e0 l&rsquo;h\u00f4pital ou en r\u00e9animation pour Covid-19). Malgr\u00e9 ces tendances, ces indicateurs restent \u00e0 des <strong>niveaux \u00e9lev\u00e9s<\/strong>, t\u00e9moignant d&rsquo;une circulation toujours active du SARS-CoV-2\u00a0dans de nombreux pays. Les taux d&rsquo;incidence chez les personnes \u00e2g\u00e9es de plus de 65\u00a0ans sont en augmentation dans 10\u00a0pays, ainsi que les taux de mortalit\u00e9 dans 17\u00a0pays en semaine 49. Le taux d&rsquo;occupation des h\u00f4pitaux et\/ou des soins intensifs et\/ou les nouvelles admissions dues \u00e0 la Covid-19\u00a0\u00e9taient \u00e9lev\u00e9s (au moins 25% du niveau le plus \u00e9lev\u00e9 pendant la pand\u00e9mie) ou avaient augment\u00e9 par rapport \u00e0 la semaine pr\u00e9c\u00e9dente dans 28\u00a0pays.<\/p>\n<p>\u25ba <strong>Am\u00e9rique<\/strong>\u00a0: Le nombre de <strong>nouveaux cas est en hausse <\/strong>de 11% en semaine 50, ainsi que les d\u00e9c\u00e8s (+12%). La r\u00e9gion repr\u00e9sente 47% des nouveaux cas et 40% des nouveaux d\u00e9c\u00e8s dans le monde pour la semaine 50, avec <strong>2\u00a0millions de cas et plus de 30\u00a0000\u00a0d\u00e9c\u00e8s, <\/strong>nombres hebdomadaires qui sont les plus \u00e9lev\u00e9s pour la r\u00e9gion depuis le d\u00e9but de la pand\u00e9mie. Le nombre de d\u00e9c\u00e8s journaliers d\u00e9passait les 30\u00a0000\u00a0la semaine derni\u00e8re, nombre bien sup\u00e9rieur au pic d\u00e9crit au printemps dernier.<\/p>\n<p>\u25ba <strong>Moyen-Orient :<\/strong> L&rsquo;\u00e9pid\u00e9mie<strong> reflue pour la 3e semaine cons\u00e9cutive\u00a0<\/strong>avec, n\u00e9anmoins, une situation toujours contrast\u00e9e. M\u00eame si le nombre de nouveaux cas est tr\u00e8s l\u00e9g\u00e8rement en baisse, les pays rapportant le plus grand nombre de cas sont \u00e0 nouveau l&rsquo;Iran, la Jordanie et la Palestine ; l&rsquo;\u00e9pid\u00e9mie poursuit sa phase ascendante aux \u00c9mirats arabes unis<\/p>\n<p>\u25ba<strong> Asie\u00a0: <\/strong>Les\u00a0indicateurs de l&rsquo;\u00e9pid\u00e9mie en d\u00e9clin depuis mi-septembre <strong>poursuivent leurs baisses\u00a0<\/strong>: -13% de cas et -12% de d\u00e9c\u00e8s entre les semaines 49\u00a0et 50. Seuls quelques pays rapportaient des hausses\u00a0: le Sri-Lanka, l&rsquo;Indon\u00e9sie, la Tha\u00eflande, la Malaisie et le Pakistan, qui connait une hausse de cas depuis la mi-octobre.\u00a0L&rsquo;<strong>\u00e9pid\u00e9mie poursuit sa phase ascendante au Japon<\/strong> depuis maintenant 8\u00a0semaines, avec un nombre record de nouveaux cas la semaine derni\u00e8re (+17\u00a0200).<\/p>\n<p>\u25ba <strong>Afrique\u00a0:<\/strong>\u00a0Apr\u00e8s un d\u00e9clin de l&rsquo;\u00e9pid\u00e9mie en juillet-ao\u00fbt puis une stabilisation en septembre-octobre, le nombre de nouveaux cas et de nouveaux d\u00e9c\u00e8s, <strong>en phase ascendante depuis novembre, poursuit sa hausse en semaine 50<\/strong>\u00a0: +40% de cas et +43% de d\u00e9c\u00e8s par rapport \u00e0 la semaine 49.\u00a0<\/p>\n<p>\u25ba <strong>Oc\u00e9anie : <\/strong>L&rsquo;\u00e9pid\u00e9mie est <strong>ma\u00eetris\u00e9e<\/strong> en Australie et en Nouvelle-Z\u00e9lande. La Polyn\u00e9sie fran\u00e7aise continue de rapporter le plus grand nombre de cas en semaine 50\u00a0avec une incidence tr\u00e8s \u00e9lev\u00e9e.<\/p>\n<div style=\"text-align:center\">\n<figure class=\"image\" style=\"display:inline-block\"><a class=\"fancy\" href=\"https:\/\/img-3.journaldesfemmes.fr\/bkC6vrhqVRWR7t4eqIyriuLZbBU=\/1080x\/smart\/52516b2ffd3f4484b6cc7078b173172b\/ccmcms-jdf\/20892567.jpg\"><img decoding=\"async\" alt=\"courbe-covid-19-monde\" src=\"https:\/\/img-3.journaldesfemmes.fr\/W-dylkxzaZPQxsAAgvsxrswmc9Q=\/600x\/smart\/52516b2ffd3f4484b6cc7078b173172b\/ccmcms-jdf\/20892567.jpg\"\/><\/a><figcaption data-credit=\"Sante Publique France\" data-legend=\". Nombre de cas et de d\u00e9c\u00e8s par COVID-19, par semaine, dans les r\u00e9gions OMS au 13 d\u00e9cembre 2020\">. Nombre de cas et de d\u00e9c\u00e8s par COVID-19, par semaine, dans les r\u00e9gions OMS au 13 d\u00e9cembre 2020 <small>\u00a9\u00a0Sante Publique France<\/small><\/figcaption><\/figure>\n<\/div>\n<p>L&rsquo;\u00e9pid\u00e9mie de coronavirus continue de faire des morts. Dimanche 27 d\u00e9cembre, plus\u00a0d&rsquo;<strong>1,7\u00a0million\u00a0de d\u00e9c\u00e8s<\/strong> sont d\u00e9plor\u00e9s,\u00a0selon les comptages de l&rsquo;<a href=\"https:\/\/gisanddata.maps.arcgis.com\/apps\/opsdashboard\/index.htm\" target=\"_blank\" rel=\"noopener noreferrer\">Universit\u00e9 John Hopkins<\/a>\u00a0\u00a0(<strong>1\u00a0759 907<\/strong>)\u00a0et du\u00a0<a href=\"https:\/\/www.ecdc.europa.eu\/en\/geographical-distribution-2019-ncov-cases\" target=\"_blank\" rel=\"noopener noreferrer\">Centre europ\u00e9en de pr\u00e9vention et de contr\u00f4le des maladies<\/a>\u00a0(<strong>1\u00a0693 858<\/strong>)\u00a0dans la semaine 50, depuis d\u00e9cembre 2019).\u00a0<\/p>\n<table border=\"1\" cellpadding=\"1\" cellspacing=\"1\">\n<caption>\n<h3 style=\"text-align: center;\"><strong>Nombre de morts du Covid-19\u00a0par continent <\/strong>du\u00a031\u00a0d\u00e9cembre 2019\u00a0au 27\u00a0d\u00e9cembre 2020<strong>\u00a0(source\u00a0: Ecdc.Europa.eu)<\/strong><\/h3>\n<\/caption>\n<tbody>\n<tr>\n<td>\u00a0<\/td>\n<td>\n<p><strong>Nombre de d\u00e9c\u00e8s Covid-19<\/strong><\/p>\n<\/td>\n<td>\n<p><strong>Pourcentage de la population d\u00e9c\u00e9d\u00e9e du Covid-19<\/strong><\/p>\n<\/td>\n<\/tr>\n<tr>\n<td>\n<p><strong>Am\u00e9rique<\/strong><\/p>\n<\/td>\n<td>820\u00a0300<\/td>\n<td>\n<p>0.08%<\/p>\n<\/td>\n<\/tr>\n<tr>\n<td>\n<p><strong>Europe<\/strong><\/p>\n<\/td>\n<td>516\u00a0257<\/td>\n<td>\n<p>0.07%<\/p>\n<\/td>\n<\/tr>\n<tr>\n<td>\n<p><strong>Asie<\/strong><\/p>\n<\/td>\n<td>297\u00a0828<\/td>\n<td>0,01%<\/td>\n<\/tr>\n<tr>\n<td>\n<p><strong>Afrique<\/strong><\/p>\n<\/td>\n<td>59\u00a0157<\/td>\n<td>\n<p>&lt; 0.01%<\/p>\n<\/td>\n<\/tr>\n<tr>\n<td>\n<p><strong>Oc\u00e9anie<\/strong><\/p>\n<\/td>\n<td>1\u00a0169<\/td>\n<td>\n<p>&lt; 0.01%<\/p>\n<\/td>\n<\/tr>\n<tr>\n<td>\n<p><strong>Autres<\/strong><\/p>\n<\/td>\n<td>\n<p>6<\/p>\n<\/td>\n<td>\n<p>0%<\/p>\n<\/td>\n<\/tr>\n<tr>\n<td>\n<p><strong>Total<\/strong><\/p>\n<\/td>\n<td>1\u00a0694 717<\/td>\n<td>\n<p>0.02%<\/p>\n<\/td>\n<\/tr>\n<\/tbody>\n<\/table>\n<table border=\"1\" cellpadding=\"1\" cellspacing=\"1\">\n<caption>\n<h3 style=\"text-align: center;\">Les 10\u00a0pays recensant le plus grand nombre de d\u00e9c\u00e8s par Covid-19\u00a0dans le monde au 27\u00a0d\u00e9cembre\u00a02020\u00a0(Source\u00a0: John Hopkins Universit\u00e9)<\/h3>\n<\/caption>\n<thead>\n<tr>\n<th scope=\"col\">\n<p>Pays<\/p>\n<\/th>\n<th scope=\"col\">\n<p>Nombre de d\u00e9c\u00e8s<\/p>\n<\/th>\n<th scope=\"col\">\n<p>Pourcentage de la population d\u00e9c\u00e9d\u00e9e<\/p>\n<\/th>\n<\/tr>\n<\/thead>\n<tbody>\n<tr>\n<td>\n<p><strong>Etats-Unis<\/strong><\/p>\n<\/td>\n<td>332 013<\/td>\n<td>\n<p>0.10%<\/p>\n<\/td>\n<\/tr>\n<tr>\n<td>\n<p><strong>Br\u00e9sil<\/strong><\/p>\n<\/td>\n<td>190 795<\/td>\n<td>\n<p>0.09%<\/p>\n<\/td>\n<\/tr>\n<tr>\n<td>\n<p><strong>Inde<\/strong><\/p>\n<\/td>\n<td>147 622<\/td>\n<td>\n<p>0.01%<\/p>\n<\/td>\n<\/tr>\n<tr>\n<td>\n<p><strong>Mexique<\/strong><\/p>\n<\/td>\n<td>122 026<\/td>\n<td>\n<p>0.10%<\/p>\n<\/td>\n<\/tr>\n<tr>\n<td>\n<p><strong>Italie<\/strong><\/p>\n<\/td>\n<td>71 620<\/td>\n<td>\n<p>0.12%<\/p>\n<\/td>\n<\/tr>\n<tr>\n<td>\n<p><strong>Royaume-Uni<\/strong><\/p>\n<\/td>\n<td>70 513<\/td>\n<td>\n<p>0.11%<\/p>\n<\/td>\n<\/tr>\n<tr>\n<td>\n<p><strong>France<\/strong><\/p>\n<\/td>\n<td><strong>62 694<\/strong><\/td>\n<td>\n<p><strong>0.09%<\/strong><\/p>\n<\/td>\n<\/tr>\n<tr>\n<td>\n<p><strong>Iran<\/strong><\/p>\n<\/td>\n<td>54 693<\/td>\n<td>\n<p>0.07%<\/p>\n<\/td>\n<\/tr>\n<tr>\n<td>\n<p><strong>Russie<\/strong><\/p>\n<\/td>\n<td>54 080<\/td>\n<td>0.04%<\/td>\n<\/tr>\n<tr>\n<td><strong>Espagne<\/strong><\/td>\n<td>49 824<\/td>\n<td>\n<p>0,11%<\/p>\n<\/td>\n<\/tr>\n<\/tbody>\n<\/table>\n<h3>&gt; <strong><a href=\"https:\/\/gisanddata.maps.arcgis.com\/apps\/opsdashboard\/index.html#\/bda7594740fd40299423467b48e9ecf6\" target=\"_blank\" rel=\"noopener noreferrer\">Voir le nombre de d\u00e9c\u00e8s\u00a0des autres pays\u00a0<\/a><\/strong><\/h3>\n<h3>\u2022 <a id=\"courbe-evolution-deces-coronavirus-monde\" name=\"courbe-evolution-deces-coronavirus-monde\">Evolution des d\u00e9c\u00e8s du\u00a0Covid-19\u00a0dans le monde, globale et\u00a0par continent, de\u00a0d\u00e9cembre 2019 au 20\u00a0d\u00e9cembre 2020<\/a><br \/>\u00a0<\/h3>\n<div style=\"text-align:center\">\n<figure class=\"image\" style=\"display:inline-block\"><a class=\"fancy\" href=\"https:\/\/img-3.journaldesfemmes.fr\/zQ_VTuOU0PCqxxeSzy0guM_exQE=\/1080x\/smart\/04fb1c5012724fa2a5d7f2dab0acb56e\/ccmcms-jdf\/21063543.png\"><img decoding=\"async\" alt=\"courbe-coronavirus-cas\" src=\"https:\/\/img-3.journaldesfemmes.fr\/L_jSFXpQGDboGoj9QlM08jOyO_g=\/600x\/smart\/04fb1c5012724fa2a5d7f2dab0acb56e\/ccmcms-jdf\/21063543.png\"\/><\/a><figcaption data-credit=\"Ecdc.europa.eu\" data-legend=\"Evolution des d\u00e9c\u00e8s du Covid-19 dans le monde, globale et par continent, de d\u00e9cembre 2019 au 20 d\u00e9cembre2020\">Evolution des d\u00e9c\u00e8s du Covid-19 dans le monde, globale et par continent, de d\u00e9cembre 2019 au 20 d\u00e9cembre2020 <small>\u00a9\u00a0Ecdc.europa.eu<\/small><\/figcaption><\/figure>\n<\/div>\n<p>Parmi les pays de l&rsquo;UE\/EEA ayant des taux d&rsquo;incidence \u00e9lev\u00e9s, 6\u00a0pays rapportaient sur les 7\u00a0derniers jours de <strong>fortes augmentations<\/strong> (Croatie, Chypre, Estonie, Finlande, Lettonie et Lituanie) ; 2\u00a0pays (Danemark et Su\u00e8de) ont connu des <strong>augmentations de moins de sept jours<\/strong>. Les tendances sont <strong>stables ou \u00e0 la baisse <\/strong>depuis plusieurs semaines dans certains pays (Autriche, Belgique, Bulgarie, R\u00e9publique tch\u00e8que, France, Gr\u00e8ce, Hongrie, Irlande, Italie, Liechtenstein, Luxembourg, Malte, Norv\u00e8ge, Pologne, Portugal, Roumanie, et Espagne). Une <strong>reprise de l&rsquo;\u00e9pid\u00e9mie est amorc\u00e9e aux Pays-Bas.<\/strong><\/p>\n<p style=\"text-align: center;\"><strong>R\u00e9partition g\u00e9ographique du nombre cumulatif de cas de COVID-19\u00a0signal\u00e9s pour 100\u00a0000\u00a0habitants, en Europe, sur les semaines du 7 d\u00e9cembre au 20 d\u00e9cembre 2020<\/strong><\/p>\n<div style=\"text-align:center\">\n<figure class=\"image\" style=\"display:inline-block\"><a class=\"fancy\" href=\"https:\/\/img-3.journaldesfemmes.fr\/h9J61nnURaUoDJ8KxW0AoqgbVBk=\/1080x\/smart\/425cb9bca0194d0eb61ac29c0f679801\/ccmcms-jdf\/21063648.png\"><img decoding=\"async\" alt=\"carte-coronavirus-monde\" src=\"https:\/\/img-3.journaldesfemmes.fr\/9q5WuyFGSvhQxYxY2pWGdq_hfvU=\/600x\/smart\/425cb9bca0194d0eb61ac29c0f679801\/ccmcms-jdf\/21063648.png\"\/><\/a><figcaption data-credit=\"Ecdc.europa.eu\" data-legend=\"R\u00e9partition g\u00e9ographique du nombre cumulatif de cas de COVID-19\u00a0signal\u00e9s pour 100\u00a0000\u00a0habitants, en Europe, sur les semaines du 7 d\u00e9cembre au 20 d\u00e9cembre\">R\u00e9partition g\u00e9ographique du nombre cumulatif de cas de COVID-19\u00a0signal\u00e9s pour 100\u00a0000\u00a0habitants, en Europe, sur les semaines du 7 d\u00e9cembre au 20 d\u00e9cembre <small>\u00a9\u00a0Ecdc.europa.eu<\/small><\/figcaption><\/figure>\n<\/div>\n<h3><u>Parmi les derni\u00e8res infos :<\/u><\/h3>\n<ul>\n<li><strong>L&rsquo;Italie a d\u00e9marr\u00e9 sa campagne de vaccination<\/strong>.\u00a0\u00ab\u00a0<em>L&rsquo;Italie se r\u00e9veille<\/em>\u00ab\u00a0, a r\u00e9agi le Premier ministre Giuseppe Conte sur Twitter, saluant une date qui \u00ab\u00a0<em>restera \u00e0 jamais grav\u00e9e dans nos m\u00e9moires<\/em>\u00ab\u00a0.\u00a0La\u00a0vaccination de masse d\u00e9butera le <strong>8\u00a0janvier,<\/strong> \u00e0 partir de cette date 470\u00a0000\u00a0doses du vaccin arriveront chaque semaine en Italie.<\/li>\n<li><strong>Premi\u00e8re injection du vaccin en Espagne.<\/strong>\u00a0Une r\u00e9sidente d&rsquo;une maison de retraite de 96\u00a0ans est la premi\u00e8re personne \u00e0 avoir re\u00e7u le vaccin contre le\u00a0Covid-19.\u00a0Araceli\u00a0Rosario Hidalgo Sanchez\u00a0a\u00a0affirm\u00e9\u00a0ne \u00ab\u00a0<em>rien<\/em>\u00a0\u00bb sentir lors de l&rsquo;injection.\u00a0<\/li>\n<li><strong>Le Canada a d\u00e9couvert deux premiers cas<\/strong> de\u00a0contamination\u00a0par le nouveau variant du coronavirus, ont annonc\u00e9 samedi 26\u00a0d\u00e9cembre les autorit\u00e9s.\u00a0\u00ab\u00a0<em>Les cas sont un couple de\u00a0Durham<\/em>\u00a0(proche de Toronto)\u00a0<em>qui n&rsquo;ont pas d&rsquo;ant\u00e9c\u00e9dents de voyages, d&rsquo;expositions<\/em>\u00a0(au virus)\u00a0<em>ni de contacts \u00e0 risques \u00e9lev\u00e9s\u00a0\u00bb<\/em>, pr\u00e9cise le minist\u00e8re de la Sant\u00e9 de cette province du centre du Canada.\u00a0Ce dimanche, l&rsquo;Ontario a r\u00e9install\u00e9 un confinement pour plusieurs semaines.\u00a0<\/li>\n<\/ul>\n<ul>\n<li>Vendredi 25\u00a0d\u00e9cembre, <strong>l&rsquo;Europe <\/strong>a franchi un palier symbolique\u00a0:<strong> 25\u00a0millions de personnes ont \u00e9t\u00e9 contamin\u00e9es<\/strong> au Covid-19\u00a0depuis le d\u00e9but de l&rsquo;\u00e9pid\u00e9mie. \u00c0 date, 79\u00a0469\u00a0709\u00a0personnes ont \u00e9t\u00e9 contamin\u00e9es dans le monde depuis le d\u00e9but de l&rsquo;\u00e9pid\u00e9mie, selon les chiffres de l&rsquo;universit\u00e9\u00a0Johns-Hopkins.\u00a0<\/li>\n<\/ul>\n<ul>\n<li>La <strong>nouvelle variante du coronavirus\u00a0<\/strong>d\u00e9tect\u00e9e\u00a0au Royaume-Uni est bien<strong> \u00ab\u00a050% \u00e0 74%\u00a0\u00bb plus contagieuse\u00a0\u00bb<\/strong>, selon les chercheurs de la London School of\u00a0Hygiene\u00a0and Tropical Medicine.\u00a0<\/li>\n<li>Le <strong>Mexique, le Chili et le Costa Rica<\/strong> ont d\u00e9but\u00e9 leur <strong>campagne de vaccination<\/strong> contre le Covid, jeudi 24\u00a0d\u00e9cembre, quelques heures\u00a0apr\u00e8s\u00a0avoir re\u00e7u les premi\u00e8res doses du vaccin Pfizer\/BioNtech.<\/li>\n<\/ul>\n<p>L&rsquo;Espagne compte plus d&rsquo;<strong>1,8\u00a0million\u00a0de\u00a0cas de Covid-19<\/strong> et pr\u00e8s de 50 000 morts, selon les donn\u00e9es de\u00a0l&rsquo;universit\u00e9\u00a0Johns Hopkins, dimanche 27\u00a0d\u00e9cembre. Les<strong> r\u00e9unions entre proches sont limit\u00e9es \u00e0 dix personnes les 24\u00a0et 25\u00a0d\u00e9cembre et les 31\u00a0d\u00e9cembre et 1er janvier.<\/strong>\u00a0Le couvre-feu nocturne en Espagne continentale pourra \u00eatre retard\u00e9 par les r\u00e9gions jusqu&rsquo;\u00e0 1H30\u00a0les nuits du<strong> 24\u00a0au 25\u00a0d\u00e9cembre <\/strong>et du <strong>31\u00a0d\u00e9cembre au 1er janvier<\/strong>.\u00a0Depuis le\u00a0<strong>23\u00a0novembre, un test PCR effectu\u00e9 moins de 72h avant l&rsquo;arriv\u00e9e et dont le r\u00e9sultat est n\u00e9gatif, est exig\u00e9<\/strong>\u00a0\u00e0 l&rsquo;entr\u00e9e du territoire espagnol par voie a\u00e9rienne (a\u00e9roports) ou maritime (ports).\u00a0<\/p>\n<p><strong>Un test PCR effectu\u00e9 moins de 72h avant l&rsquo;arriv\u00e9e et dont le r\u00e9sultat doit \u00eatre n\u00e9gatif, est exig\u00e9<\/strong>\u00a0\u00e0 l&rsquo;entr\u00e9e du territoire espagnol par voie a\u00e9rienne (a\u00e9roports) ou maritime (ports) uniquement.\u00a0<strong>Les enfants \u00e2g\u00e9s de moins de six ans et les voyageurs en transit ne sont pas concern\u00e9s par cette mesure<\/strong>. Celle-ci s&rsquo;applique aux voyageurs, quelle que soit leur nationalit\u00e9 et le motif de leur entr\u00e9e en Espagne, venant d&rsquo;un pays class\u00e9 \u00ab\u00a0\u00e0 risque\u00a0\u00bb, c&rsquo;est-\u00e0-dire enregistrant un taux d&rsquo;incidence \u00e9gal ou sup\u00e9rieur \u00e0 150\u00a0cas pour 100\u00a0000\u00a0habitants.\u00a0<strong>Les voyageurs en provenance de France sont donc concern\u00e9s par cette obligation<\/strong>.\u00a0<\/p>\n<p><strong>Entre le 23\u00a0d\u00e9cembre 2020\u00a0et le 6\u00a0janvier 2021,<\/strong> toutes les communaut\u00e9s autonomes &#8211; sauf Bal\u00e9ares et Canaries &#8211; interdiront l&rsquo;entr\u00e9e et la sortie de leur territoire, sauf pour un des motifs essentiels \u00e9num\u00e9r\u00e9s par le d\u00e9cret 926\/2020\u00a0du 25\u00a0octobre \u00e9tablissant l&rsquo;\u00e9tat d&rsquo;alerte, ou sauf pour se rendre dans les lieux de r\u00e9sidence habituelle de parents ou d&rsquo;amis proches.<\/p>\n<p><strong>Ces motifs essentiels sont\u00a0:<\/strong><\/p>\n<ul>\n<li>acquisition de m\u00e9dicaments, produits sanitaires et autres biens de premi\u00e8re n\u00e9cessit\u00e9\u00a0;<\/li>\n<li>rendez-vous m\u00e9dicaux\u00a0;<\/li>\n<li>consultations aux centres v\u00e9t\u00e9rinaires pour urgence av\u00e9r\u00e9e\u00a0;<\/li>\n<li>obligations professionnelles, administratives, juridiques ou judiciaires\u00a0;<\/li>\n<li>obligations scolaires, universitaires et d&rsquo;apprentissage\u00a0;<\/li>\n<li>retour \u00e0 la r\u00e9sidence habituelle\u00a0;<\/li>\n<li>assistance aux personnes vuln\u00e9rables (\u00e2g\u00e9es, mineures, personnes plac\u00e9es en tutelle ou curatelle, personnes handicap\u00e9es)\u00a0;<\/li>\n<li>cas de force majeure av\u00e9r\u00e9e\u00a0;<\/li>\n<li>acc\u00e8s aux stations-service servant pour assurer les activit\u00e9s cit\u00e9s pr\u00e9c\u00e9demment.<\/li>\n<\/ul>\n<p><strong>Il ne sera\u00a0pas possible de se rendre en Espagne depuis la France pour des activit\u00e9s de loisirs, telles que le ski.\u00a0<\/strong>Le Premier ministre Pedro S\u00e1nchez avait<b>\u00a0<\/b>annonc\u00e9 <b>un nouvel \u00e9tat d&rsquo;urgence sanitaire le 25 octobre<\/b>\u00a0(sauf dans les \u00eeles Canaries) impliquant :\u00a0<\/p>\n<blockquote>\n<p style=\"text-align: right;\">Le soir du 31\u00a0d\u00e9cembre en Espagne, le couvre-feu sera de 1h du\u00a0matin \u00e0 6h.<\/p>\n<\/blockquote>\n<ul>\n<li>Un couvre-feu\u00a0de 23h \u00e0 06h du matin.<\/li>\n<li>Restrictions de circulation \u00e0 l&rsquo;entr\u00e9e et la sortie de 10\u00a0communaut\u00e9s\u00a0autonomes (confinement territorial)\u00a0: le\u00a0Pays basque, la Communaut\u00e9 forale de Navarre, l&rsquo;Aragon, la principaut\u00e9 des Asturies, La Rioja, la Cantabrie, la Catalogne, l&rsquo;Andalousie, la Castille-et-L\u00e9on, la Castille-La Manche.<\/li>\n<li>Toute r\u00e9union ou rassemblement tant en espace ferm\u00e9 qu&rsquo;ouvert ne doit pas compter plus de six personnes,\u00a0sauf dans le cas de cohabitation familiale ou colocation.<\/li>\n<li>La fr\u00e9quentation des lieux de cultes est soumise \u00e0 des contraintes\u00a0fix\u00e9es par chaque communaut\u00e9 autonome.<\/li>\n<li>Les r\u00e9unions \u00e0 caract\u00e8re professionnel, social ou syndical\u00a0peuvent \u00eatre soumises \u00e0 des limitations au cas par cas.<\/li>\n<\/ul>\n<p><strong>Par ailleurs, selon le site\u00a0<a href=\"https:\/\/www.diplomatie.gouv.fr\/fr\/conseils-aux-voyageurs\/conseils-par-pays-destination\/espagne\/?xtor=RSS-2&amp;t=20201030121656\" target=\"_blank\" rel=\"noopener noreferrer\">France-Diplomatie<\/a>, \u00e0\u00a0Madrid : <\/strong><\/p>\n<ul>\n<li>Interdiction de toute r\u00e9union, dans les espaces publics et priv\u00e9s, de minuit \u00e0 6h du matin\u00a0;<\/li>\n<li>fermeture de tous les bars et restaurants \u00e0 minuit, les clients ne pouvant \u00eatre accueillis au-del\u00e0 de 23h.<\/li>\n<li>restrictions \u00e0 la mobilit\u00e9 entre les communaut\u00e9s\u00a0: l&rsquo;entr\u00e9e ou la sortie de la communaut\u00e9 autonome de Madrid n&rsquo;est pas autoris\u00e9, sauf sur justificatif.<\/li>\n<\/ul>\n<h3 style=\"text-align: center;\">Evolution des nouveaux cas de Covid-19\u00a0en Espagne, par jour au 27\u00a0d\u00e9cembre.<\/h3>\n<div style=\"text-align:center\">\n<figure class=\"image\" style=\"display:inline-block\"><a class=\"fancy\" href=\"https:\/\/img-3.journaldesfemmes.fr\/NKVbQatZipEVZ67j4w9aCN2yYtI=\/1080x\/smart\/9095bb719a894d08a9362330de9d5da7\/ccmcms-jdf\/21063770.png\"><img decoding=\"async\" alt=\"courbe-cas-covid-espagne\" src=\"https:\/\/img-3.journaldesfemmes.fr\/ZVZdejLV0ZclOpor8tfhjumgE5w=\/600x\/smart\/9095bb719a894d08a9362330de9d5da7\/ccmcms-jdf\/21063770.png\"\/><\/a><figcaption data-credit=\"Universit\u00e9 Johns Hopkins\" data-legend=\"Evolution des nouveaux cas de Covid-19\u00a0en Espagne, par jour. \">Evolution des nouveaux cas de Covid-19\u00a0en Espagne, par jour. <small>\u00a9\u00a0Universit\u00e9 Johns Hopkins<\/small><\/figcaption><\/figure>\n<\/div>\n<p>L&rsquo;Italie compte <strong>plus de 2\u00a0millions de<\/strong>\u00a0<strong>cas de Covid-19\u00a0<\/strong>et plus de <strong>71 000<\/strong>\u00a0<strong>morts<\/strong> selon l&rsquo;Universit\u00e9 Johns Hopkins, dimanche 27\u00a0d\u00e9cembre.\u00a0Face \u00e0 la propagation de l&rsquo;\u00e9pid\u00e9mie, le Premier ministre, Giuseppe Conte a annonc\u00e9 que<strong> l&rsquo;Italie serait reconfin\u00e9e pour les f\u00eates<\/strong>. Entre le <strong>21\u00a0d\u00e9cembre et le 6\u00a0janvier<\/strong>, les Italiens seront contraints \u00e0 une seule sortie par jour. <i>\u00ab\u00a0Nos experts craignent que la courbe de contagion n&rsquo;augmente pendant la p\u00e9riode de No\u00ebl\u00a0\u00bb<\/i>, a expliqu\u00e9 Giuseppe Conte.\u00a0<\/p>\n<p><strong>Mesures en vigueur du 21\u00a0d\u00e9cembre au 6\u00a0janvier :<\/strong><\/p>\n<ul>\n<li>Les<strong> d\u00e9placements entre r\u00e9gions seront interdits<\/strong> quelle que soit la couleur de la r\u00e9gion (sauf\u00a0pour des raisons professionnelles, de sant\u00e9 ou de n\u00e9cessit\u00e9), y compris entre r\u00e9gions class\u00e9es dans la m\u00eame cat\u00e9gorie.<\/li>\n<li>Les<strong> 25\u00a0et 26\u00a0d\u00e9cembre et le 1er janvier, les d\u00e9placements seront interdits entre communes <\/strong>(sauf motifs imp\u00e9rieux). Le soir du <strong>31\u00a0d\u00e9cembre, le couvre-feu sera de 22h \u00e0 7h<\/strong>.<\/li>\n<li>Le retour au domicile habituel sera toujours autoris\u00e9 (mais pas le d\u00e9placement vers les r\u00e9sidences secondaires).<\/li>\n<li><strong>Les voyageurs en provenance de France qui viendraient en Italie entre le 21\u00a0d\u00e9cembre et le 6\u00a0janvier seront soumis \u00e0 une quatorzaine sur place (14\u00a0jours),\u00a0m\u00eame s&rsquo;ils disposent d&rsquo;un test n\u00e9gatif<\/strong>. Un voyageur ayant s\u00e9journ\u00e9 en France entre le 21\u00a0d\u00e9cembre et le 6\u00a0janvier sera soumis \u00e0 quarantaine m\u00eame s&rsquo;il arrive apr\u00e8s le 6\u00a0janvier (le d\u00e9cret est valable jusqu&rsquo;au 15\u00a0janvier).<\/li>\n<\/ul>\n<p>Un\u00a0d\u00e9cret-loi en vigueur du 4\u00a0d\u00e9cembre au 15 janvier instaure trois cat\u00e9gories de risque de transmission du virus selon les r\u00e9gions italiennes, comme d\u00e9taill\u00e9 sur le site <a href=\"https:\/\/www.diplomatie.gouv.fr\/fr\/conseils-aux-voyageurs\/conseils-par-pays-destination\/italie\/#\" target=\"_blank\" rel=\"noopener noreferrer\">France-Diplomatie<\/a> :<\/p>\n<ol>\n<li><strong>zone rouge pour un risque maximal<\/strong>\u00a0: aucune r\u00e9gion ;<\/li>\n<li><strong>zone orange pour un risque \u00e9lev\u00e9<\/strong>\u00a0: les Abruzzes, la Campanie, la province autonome de Bolzano, la Toscane et le Val d&rsquo;Aoste\u00a0;<\/li>\n<li><strong>zone jaune pour un risque mod\u00e9r\u00e9<\/strong>\u00a0: autres r\u00e9gions.<\/li>\n<\/ol>\n<p>Le placement d&rsquo;une r\u00e9gion dans l&rsquo;une de ces trois cat\u00e9gories sera d\u00e9cid\u00e9 par le ministre de la Sant\u00e9, en tenant compte de nombreux indicateurs. Chaque r\u00e9gion peut moduler \u00e0 la hausse ou \u00e0 la baisse les mesures restrictives (au niveau des provinces voire des communes).<\/p>\n<h3><strong>Au niveau national, des restrictions s&rsquo;appliquent dans les 3\u00a0zones (rouge, orange ou jaune)\u00a0:<\/strong><\/h3>\n<ul>\n<li>un couvre-feu de 22h00\u00a0\u00e0 5h00\u00a0du matin (saufs pour des raisons professionnelles, de sant\u00e9 ou de n\u00e9cessit\u00e9)\u00a0; une attestation devient n\u00e9cessaire pour toute sortie pendant les horaires du couvre-feu.<\/li>\n<li>la fermeture des mus\u00e9es et expositions, des spectacles, des congr\u00e8s, des salles de sport et piscines\u00a0;<\/li>\n<li>la fermeture des services de restauration sur place (bars, pubs, restaurants, glaciers,\u2026) \u00e0 18h00\u00a0; la vente \u00e0 emporter restant autoris\u00e9e jusqu&rsquo;\u00e0 22h\u00a0;<\/li>\n<li>l&rsquo;obligation de porter un masque en permanence\u00a0: dans les lieux ferm\u00e9s accessibles au public, mais aussi dans les lieux ferm\u00e9s autres que les domiciles priv\u00e9s, et \u00e0 l&rsquo;ext\u00e9rieur\u00a0;<\/li>\n<li>l&rsquo;interdiction des festivit\u00e9s en int\u00e9rieur ou en ext\u00e9rieur, \u00e0 l&rsquo;exception de celles li\u00e9es \u00e0 des c\u00e9r\u00e9monies civiles ou religieuses (max. 30\u00a0personnes)\u00a0;<\/li>\n<li>la recommandation d&rsquo;\u00e9viter les festivit\u00e9s dans les domiciles priv\u00e9s et de s&rsquo;abstenir de recevoir des personnes ext\u00e9rieures au foyer (max. 6\u00a0personnes).<\/li>\n<\/ul>\n<p><strong>De plus, en zones orange\u00a0:<\/strong><\/p>\n<ul>\n<li>interdiction des d\u00e9placements \u00e0 partir de et vers ces zones (saufs pour des raisons professionnelles, de sant\u00e9 ou de n\u00e9cessit\u00e9), ainsi que les d\u00e9placements entre les communes de ces zones\u00a0;<\/li>\n<li>fermeture des services de restauration (bars, pubs, restaurants, glaciers,\u2026).<\/li>\n<\/ul>\n<h3><strong>De plus, en zones rouges :<\/strong><\/h3>\n<ul>\n<li>fermeture des services de restauration (bars, pubs, restaurants, glaciers,\u2026) ainsi que des commerces (hormis ceux alimentaires ou de premi\u00e8re n\u00e9cessit\u00e9) et activit\u00e9s de service aux personnes\u00a0;<\/li>\n<li>interdiction des d\u00e9placements \u00e0 partir de, vers et \u00e0 l&rsquo;int\u00e9rieur de ces zones (saufs pour des raisons professionnelles, de sant\u00e9 ou de n\u00e9cessit\u00e9).<\/li>\n<\/ul>\n<p>Tout d\u00e9placement pendant le couvre-feu ou dans les zones orange et rouge doit \u00eatre justifi\u00e9 par une attestation.<\/p>\n<p>\u2192 Lors\u00a0de la premi\u00e8re vague, le pays avait \u00e9t\u00e9 confin\u00e9 d\u00e8s le 9\u00a0mars et le pic de l&rsquo;\u00e9pid\u00e9mie atteint le 5\u00a0avril.\u00a0<\/p>\n<p>\u2192 L&rsquo;\u00e9tat d&rsquo;urgence sanitaire a \u00e9t\u00e9 prolong\u00e9 jusqu&rsquo;au<strong>\u00a031\u00a0janvier 2021<\/strong>.\u00a0<\/p>\n<p style=\"text-align: center;\"><strong>Evolution des nouveaux cas de Covid-19\u00a0en Italie, par jour\u00a0au 27\u00a0d\u00e9cembre.<\/strong><\/p>\n<div style=\"text-align:center\">\n<figure class=\"image\" style=\"display:inline-block\"><a class=\"fancy\" href=\"https:\/\/img-3.journaldesfemmes.fr\/v5SlqaqvwcjrBWeNVztAVi75LCY=\/1080x\/smart\/3dac083ca57c4115b3df35d80f97b33c\/ccmcms-jdf\/21011150.png\"><img decoding=\"async\" alt=\"courbe-cas-covid-italie\" src=\"https:\/\/img-3.journaldesfemmes.fr\/d9PCSpmxhOtfwPbrNjJdAOQq1fg=\/600x\/smart\/3dac083ca57c4115b3df35d80f97b33c\/ccmcms-jdf\/21011150.png\"\/><\/a><figcaption data-credit=\"Universit\u00e9 Johns Hopkins\" data-legend=\"Evolution des nouveaux cas de Covid-19\u00a0en Italie, par mois\">Evolution des nouveaux cas de Covid-19\u00a0en Italie, par jour\u00a0<small>\u00a9\u00a0Universit\u00e9 Johns Hopkins<\/small><\/figcaption><\/figure>\n<\/div>\n<p>L&rsquo;Allemagne a d\u00e9pass\u00e9 le 1,6\u00a0million de<strong>\u00a0cas de\u00a0Covid-19<\/strong>\u00a0et\u00a0compte plus de <strong>30 000 morts<\/strong>, selon l&rsquo;universit\u00e9 Johns Hopkins, dimanche 27 d\u00e9cembre.\u00a0Le pays a annonc\u00e9, au mercredi 16\u00a0d\u00e9cembre, qu&rsquo;il a enregistr\u00e9 un <strong>nombre record de d\u00e9c\u00e8s li\u00e9e \u00e0 la pand\u00e9mie de Covid-19<\/strong>, au premier jour de l&rsquo;entr\u00e9e en vigueur d&rsquo;un reconfinement partiel pour tenter de limiter la propagation de la pand\u00e9mie, rapporte l&rsquo;AFP sur <a href=\"https:\/\/twitter.com\/afpfr\/status\/1339114287025909763\" target=\"_blank\" rel=\"noopener noreferrer\">Twitter<\/a>.\u00a0Les mesures de <strong>restrictions sanitaires sont prolong\u00e9es jusqu&rsquo;au 10 janvier<\/strong>. Face \u00e0 l&rsquo;ampleur de l&rsquo;\u00e9pid\u00e9mie, la chanceli\u00e8re Allemande, Angela Merkel,\u00a0a annonc\u00e9 dimanche 13 d\u00e9cembre, la fermeture des commerces non-essentiels \u00e0 partir du mercredi 16\u00a0d\u00e9cembre, et ce jusqu&rsquo;au 10\u00a0janvier. Les enfants en bas \u00e2ge devront \u00eatre gard\u00e9s \u00e0 la maison autant que possible, le t\u00e9l\u00e9travail devra \u00eatre encourag\u00e9\u00a0et<strong> les rassemblements pour No\u00ebl seront limit\u00e9s \u00e0 5\u00a0personnes.<\/strong>\u00a0La vente d&rsquo;alcool sur la voie publique sera interdite d\u00e8s mercredi 16\u00a0d\u00e9cembre pour \u00e9viter les attroupements.\u00a0Depuis d\u00e9but novembre, salles de sport, cin\u00e9mas, restaurants et bars sont d\u00e9j\u00e0 ferm\u00e9s.\u00a0Le pays a d\u00e9cid\u00e9 de<strong> prolonger\u00a0la fermeture des fronti\u00e8res avec la Grande-Bretagne et l&rsquo;Afrique du Sud <\/strong>jusqu&rsquo;au 6\u00a0janvier, rapporte l&rsquo;<a href=\"https:\/\/twitter.com\/afpfr\/status\/1341311633365348352\" target=\"_blank\" rel=\"noopener noreferrer\">AFP<\/a>.\u00a0Cette d\u00e9cision fait suite \u00e0 la d\u00e9couverte de deux nouvelles souches du SARS-CoV-2\u00a0dans ces deux pays.\u00a0<\/p>\n<blockquote>\n<p style=\"text-align: right;\">Les rassemblements pour No\u00ebl seront limit\u00e9s \u00e0 5 personnes.<\/p>\n<\/blockquote>\n<p><strong>Jusqu&rsquo;au 10 janvier sont interdits sur tout le territoire f\u00e9d\u00e9ral\u00a0:<\/strong><\/p>\n<ol>\n<li>Les rassemblements de plus de 2\u00a0foyers ou 5\u00a0personnes maximum dans l&rsquo;espace public.<\/li>\n<li>Les nuit\u00e9es touristiques (les d\u00e9placements priv\u00e9s non imp\u00e9rieux sont fortement d\u00e9conseill\u00e9s, y compris pour rendre visite \u00e0 la famille).<\/li>\n<\/ol>\n<p><strong>Jusqu&rsquo;au 10 janvier, sont ferm\u00e9s sur tout le territoire f\u00e9d\u00e9ral\u00a0:<\/strong>\u00a0les lieux de spectacles (dont les th\u00e9\u00e2tres, op\u00e9ras, salles de concert, cin\u00e9mas), les lieux de loisirs (dont les mus\u00e9es, salles de jeux, foires, parcs d&rsquo;attraction, discoth\u00e8ques, maisons closes), les lieux de sports (dont les piscines, bains, saunas, centres de fitness), les lieux de restauration (dont les bars, clubs, restaurants), les lieux de soins corporels (dont les salons de beaut\u00e9, cabinets de massage, studios de tatouage).\u00a0<\/p>\n<p><strong>Depuis le 8\u00a0novembre 2020<\/strong>, l\u00b4Allemagne\u00a0<strong>renforce les r\u00e8gles de quarantaine<\/strong>\u00a0auxquelles doivent se soumettre les voyageurs en provenance de zone \u00e0 risque. Depuis le 15 novembre, la France et les DROM-COM sont qualifi\u00e9es comme \u00ab\u00a0\u00e0 risque\u00a0\u00bb par l&rsquo;Allemagne.<\/p>\n<ul>\n<li>toute personne entrant sur le territoire allemand (par voie a\u00e9rienne, maritime, fluviale, ferroviaire ou routi\u00e8re) ayant s\u00e9journ\u00e9 ou transit\u00e9 dans les 10\u00a0derniers jours dans une zone class\u00e9e comme \u00a0\u00bb\u00a0\u00e0 risque\u00a0\u00a0\u00bb par les autorit\u00e9s sanitaires allemandes devra se conformer \u00e0 deux principales obligations\u00a0:<\/li>\n<\/ul>\n<ol>\n<li><strong>Mesure 1\u00a0:<\/strong>\u00a0Informer les autorit\u00e9s sanitaires locales de son entr\u00e9e sur le territoire allemand.<\/li>\n<li><strong>Mesure 2\u00a0:<\/strong>\u00a0Observer une quarantaine de 10\u00a0jours \u00e0 son domicile, sans y recevoir de visite (hors autres membres du domicile)<\/li>\n<li><strong>Mesure 3 <\/strong>:\u00a0Informer les autorit\u00e9s sanitaires de toute apparition de sympt\u00f4mes.<\/li>\n<\/ol>\n<p>La quarantaine peut prendre fin de mani\u00e8re anticip\u00e9e uniquement sur pr\u00e9sentation d&rsquo;un test PCR n\u00e9gatif r\u00e9alis\u00e9 en Allemagne au plus t\u00f4t 5\u00a0jours apr\u00e8s l&rsquo;entr\u00e9e sur le territoire allemand.<\/p>\n<p><strong>Des r\u00e9gions et territoires fran\u00e7ais sont class\u00e9s zones \u00e0 risques par les autorit\u00e9s allemandes<\/strong>. A la date du 16\u00a0d\u00e9cembre 2020, toutes les r\u00e9gions m\u00e9tropolitaines fran\u00e7aises sont consid\u00e9r\u00e9es comme zones \u00e0 risques (\u00e0 l&rsquo;exception de la Corse et de la Bretagne), ainsi que la Guyane, Saint-Martin et la Polyn\u00e9sie fran\u00e7aise.\u00a0<\/p>\n<h3 style=\"text-align: center;\">Evolution des nouveaux cas de Covid-19\u00a0en Allemagne, par jour au 27\u00a0d\u00e9cembre.<\/h3>\n<div style=\"text-align:center\">\n<figure class=\"image\" style=\"display:inline-block\"><a class=\"fancy\" href=\"https:\/\/img-3.journaldesfemmes.fr\/yc9UQHQzhoDneeB9OrV-_5svpGU=\/1080x\/smart\/2819b10d67a144b3a262c90ce41ebb06\/ccmcms-jdf\/21117947.png\"><img decoding=\"async\" alt=\"courbe-cas-covid-allemagne\" src=\"https:\/\/img-3.journaldesfemmes.fr\/i2Fm7B-I4-b_K8Ww1rH0JPpUGlQ=\/600x\/smart\/2819b10d67a144b3a262c90ce41ebb06\/ccmcms-jdf\/21117947.png\"\/><\/a><figcaption data-credit=\"Universit\u00e9 Johns Hopkins\" data-legend=\"Evolution des nouveaux cas de Covid-19 en Allemagne, par jour.\">Evolution des nouveaux cas de Covid-19 en Allemagne, par jour. <small>\u00a9\u00a0Universit\u00e9 Johns Hopkins<\/small><\/figcaption><\/figure>\n<\/div>\n<p>Les \u00c9tats-Unis sont le<b>\u00a0pays le plus lourdement affect\u00e9 au monde\u00a0<\/b>par la pand\u00e9mie de coronavirus en chiffres absolus (cas et d\u00e9c\u00e8s). Dimanche\u00a027\u00a0d\u00e9cembre, le pays enregistre pr\u00e8s de<strong> 19<\/strong><b><strong>\u00a0<\/strong>millions de personnes ont \u00e9t\u00e9 contamin\u00e9es <\/b><strong>(18 990 107)<\/strong><b>\u00a0<\/b>et a pass\u00e9\u00a0le cap des\u00a0<strong>330\u00a0<\/strong><strong>000\u00a0<\/strong><b>morts <\/b><strong>(332 013)\u00a0<\/strong>. Lundi 14\u00a0d\u00e9cembre,<strong> le pays a commenc\u00e9 \u00e0 administrer\u00a0le vaccin<\/strong> d\u00e9velopp\u00e9 par Pfizer et BioNTech. Dans un premier temps, 3\u00a0millions de personnes devraient \u00eatre vaccin\u00e9es avec les 100\u00a0millions de doses pr\u00e9command\u00e9es par le pays.Un comit\u00e9 consultatif d&rsquo;experts a vot\u00e9 vendredi 18 d\u00e9cembre,\u00a0pour\u00a0recommander l&rsquo;autorisation d&rsquo;urgence aux Etats-Unis du vaccin Moderna. Des doses devraient d\u00e9j\u00e0 \u00eatre livr\u00e9es ce week-end, rapporte l&rsquo;AFP sur <a href=\"https:\/\/twitter.com\/afpfr\/status\/1339699123444985863\" target=\"_blank\" rel=\"noopener noreferrer\">Twitter.<\/a>\u00a0<strong>Joe Biden, futur pr\u00e9sident a \u00e9t\u00e9 vaccin\u00e9\u00a0lundi 21 d\u00e9cembre.<\/strong><\/p>\n<p>Les mesures adopt\u00e9es par les autorit\u00e9s am\u00e9ricaines sont \u00e9volutives et le plus souvent d&rsquo;<b>application imm\u00e9diate<\/b>, pr\u00e9vient le site\u00a0<a href=\"https:\/\/www.diplomatie.gouv.fr\/fr\/conseils-aux-voyageurs\/conseils-par-pays-destination\/etats-unis\/#\" target=\"_blank\" rel=\"noopener noreferrer\">France Diplomatie<\/a>. En fonction de l&rsquo;\u00e9volution de la situation sanitaire, les autorit\u00e9s am\u00e9ricaines sont susceptibles de<b>\u00a0modifier, avec un tr\u00e8s court pr\u00e9avis, la liste des pays et des voyageurs faisant l&rsquo;objet de mesures sp\u00e9cifiques<\/b>\u00a0\u00e0 l&rsquo;arriv\u00e9e aux \u00c9tats-Unis. Le premier cas de Covid-19\u00a0avait \u00e9t\u00e9 rapport\u00e9 le 22\u00a0janvier 2020.<\/p>\n<ul>\n<li>Les voyageurs \u00e2g\u00e9s de 11\u00a0ans ou plus au d\u00e9part des \u00c9tats-Unis doivent pr\u00e9senter, depuis le 1er ao\u00fbt, le r\u00e9sultat d&rsquo;un test PCR r\u00e9alis\u00e9 moins de 72\u00a0heures avant le vol ne concluant pas \u00e0 une contamination par le Covid-19.<\/li>\n<li>Toutes les personnes arrivant dans l&rsquo;\u00c9tat de New York devront syst\u00e9matiquement s&rsquo;isoler pendant trois jours avant d&rsquo;effectuer un test de d\u00e9tection du coronavirus. Si celui-ci s&rsquo;av\u00e8re n\u00e9gatif, la personne pourra quitter son isolement. Il s&rsquo;agit l\u00e0 d&rsquo;une baisse drastique du temps d&rsquo;isolement qui \u00e9tait de 14\u00a0jours jusqu&rsquo;\u00e0 pr\u00e9sent et ce peu importe le r\u00e9sultat d&rsquo;\u00e9ventuels tests subis pendant ce laps de temps.<\/li>\n<\/ul>\n<h3 style=\"text-align: center;\">Evolution des nouveaux cas de Covid-19\u00a0aux Etats-Unis, par jour au 27\u00a0d\u00e9cembre.<\/h3>\n<div style=\"text-align:center\">\n<figure class=\"image\" style=\"display:inline-block\"><a class=\"fancy\" href=\"https:\/\/img-3.journaldesfemmes.fr\/blsK1rYve7Xv1EA0EC4lPMDKvxU=\/1080x\/smart\/2e523fd61fcc482ba0d197cec81f8d95\/ccmcms-jdf\/21063930.png\"><img decoding=\"async\" alt=\"courbe-cas-covid-usa\" src=\"https:\/\/img-3.journaldesfemmes.fr\/yu_BiMedMUMTdb9seVebzrgCwUQ=\/600x\/smart\/2e523fd61fcc482ba0d197cec81f8d95\/ccmcms-jdf\/21063930.png\"\/><\/a><figcaption data-credit=\"Universit\u00e9 Johns Hopkins\" data-legend=\"Evolution des nouveaux cas de Covid-19\u00a0aux Etats-Unis, par jour.\">Evolution des nouveaux cas de Covid-19\u00a0aux Etats-Unis, par jour. <small>\u00a9\u00a0Universit\u00e9 Johns Hopkins<\/small><\/figcaption><\/figure>\n<\/div>\n<aside id=\"NL_1085427322\" class=\"newsletter_subscription jNlBlock\"><noscript><br \/>\n            <\/noscript><\/p>\n<h3 class=\"newsletter_subscription-title\">Newsletter <\/h3>\n<p><a href=\"\/\/mailing.ccmbg.com\/archive\/last-85\" target=\"_blank\" class=\"a_hover\" rel=\"noopener noreferrer\">Voir un exemple<\/a><\/p>\n<\/aside>\n<p>Les fronti\u00e8res ext\u00e9rieures \u00e0 l&rsquo;Union Europ\u00e9enne sont ferm\u00e9es. Les Fran\u00e7ais de l&rsquo;\u00e9tranger\u00a0restent\u00a0libres de regagner le territoire national.\u00a0Un test n\u00e9gatif de moins de 72h est obligatoire pour entrer sur le territoire fran\u00e7ais \u00e0 compter du 28 octobre. Par ailleurs dans les ports et les a\u00e9roports des tests rapides antig\u00e9niques sont d\u00e9ploy\u00e9s pour toutes les arriv\u00e9es. La France a suspendu ses vols avec le Royaume-Uni d\u00e8s dimanche 20 d\u00e9cembre.<\/p>\n<table border=\"1\" cellpadding=\"1\" cellspacing=\"1\">\n<thead>\n<tr>\n<th scope=\"col\" style=\"text-align: center;\">\n<h3><strong>DATES CL\u00c9S DE L&rsquo;\u00c9PID\u00c9MIE DANS LE MONDE<\/strong><\/h3>\n<\/th>\n<\/tr>\n<tr>\n<td>\n<ul>\n<li><strong>Le 31\u00a0d\u00e9cembre 2019,<\/strong> l&rsquo;Organisation mondiale de la Sant\u00e9 en Chine est inform\u00e9e de plusieurs cas de pneumonies dans la ville de Wuhan. 44\u00a0personnes sont infect\u00e9es entre cette date et le 3\u00a0janvier 2020.<\/li>\n<li><strong>Le 7\u00a0janvier 2020, <\/strong>les autorit\u00e9s chinoises identifient un \u00ab\u00a0nouveau type de coronavirus\u00a0\u00bb.<\/li>\n<li><strong>Le 13\u00a0janvier, <\/strong>un cas import\u00e9 est recens\u00e9 en Tha\u00eflande.<\/li>\n<li><strong>Le 15\u00a0janvier<\/strong>, le virus cause\u00a0la mort d&rsquo;<strong>une premi\u00e8re\u00a0personne \u00e0 Wuhan<\/strong>, un homme de 69\u00a0ans.\u00a0<\/li>\n<li><strong>Le 23\u00a0janvier,<\/strong> trois villes chinoises dont Wuhan sont plac\u00e9es en quarantaine.<\/li>\n<li><strong>Le 25\u00a0janvier, trois personnes\u00a0contamin\u00e9es sont recens\u00e9es en France<\/strong>, deux \u00e0 Paris et une Bordeaux. Ce sont les premiers cas enregistr\u00e9s sur le continent europ\u00e9en.<\/li>\n<li><strong>Le 30\u00a0janvier, <\/strong>l&rsquo;Organisation mondiale de la Sant\u00e9 <strong>d\u00e9cr\u00e8te\u00a0l&rsquo;<a href=\"https:\/\/sante.journaldesfemmes.fr\/fiches-maladies\/2608035-urgence-de-sante-publique-de-portee-internationale-definition-oms-coronavirus\/\" target=\"_blank\" rel=\"noopener noreferrer\">urgence de sant\u00e9 mondiale<\/a><\/strong>.\u00a0Cette mesure n&rsquo;avait \u00e9t\u00e9 d\u00e9cr\u00e9t\u00e9e que 5\u00a0fois depuis sa cr\u00e9ation (pour Ebola (deux fois), la grippe H1N1, Zika et la poliomy\u00e9lite).\u00a0<\/li>\n<li><strong>Le 11\u00a0mars, <\/strong>l&rsquo;OMS classifie de <strong>pand\u00e9mie <\/strong>la diffusion de la maladie \u00e0 coronavirus Covid-19\u00a0dans le monde.<\/li>\n<li><strong>Le 13\u00a0mars<\/strong>, l&rsquo;OMS d\u00e9signe d\u00e9sormais l&rsquo;Europe comme \u00e9picentre.<\/li>\n<li><strong>Le 16\u00a0mars, <\/strong>l&rsquo;Europe <a href=\"http:\/\/www.affinite.fr\/index.php\/2022\/10\/22\/la-creme-glacee-la-nouvelle-culture-commerciale\/\">ferme<\/a> ses fronti\u00e8res ainsi que celles de l&rsquo;espace Schengen. La France met en place un dispositif de confinement interdisant les d\u00e9placements.<\/li>\n<li><strong>Le 2\u00a0avril,<\/strong>\u00a0le <strong>million de cas<\/strong> de coronavirus dans le monde est d\u00e9pass\u00e9, et plus de 51.000\u00a0morts, selon le d\u00e9compte de l&rsquo;h\u00f4pital am\u00e9ricain de r\u00e9f\u00e9rence Johns-Hopkins.<\/li>\n<li><strong>Le 28\u00a0juin,<\/strong> le cap des<strong> 10\u00a0millions de cas <\/strong>de coronavirus est franchi\u00a0dans le monde, et les\u00a0<strong>500\u00a0000\u00a0d\u00e9c\u00e8s <\/strong>ont \u00e9t\u00e9 atteints dans la nuit du 28\u00a0au 29\u00a0juin 2020, selon les chiffres de l&rsquo;h\u00f4pital am\u00e9ricain de r\u00e9f\u00e9rence Johns-Hopkins.<\/li>\n<li><strong>Le 11\u00a0ao\u00fbt<\/strong>,\u00a0le cap des<strong>\u00a020\u00a0millions de cas <\/strong>de coronavirus est franchi\u00a0dans le monde, et les <strong>730\u00a0000\u00a0d\u00e9c\u00e8s <\/strong>ont \u00e9t\u00e9 atteints, selon les chiffres de l&rsquo;h\u00f4pital am\u00e9ricain de r\u00e9f\u00e9rence Johns-Hopkins.<\/li>\n<li><strong>Le 30\u00a0ao\u00fbt, <\/strong>le cap\u00a0des <strong>25\u00a0millions de cas<\/strong> de\u00a0Covid-19\u00a0a \u00e9t\u00e9 officiellement franchi \u00e0 travers le monde dans la nuit de samedi \u00e0\u00a0dimanche, dont plus de la moiti\u00e9 en Am\u00e9rique, selon un comptage r\u00e9alis\u00e9\u00a0par l&rsquo;AFP.<\/li>\n<li><strong>Le 18\u00a0septembre<\/strong>, le cap des <strong>30\u00a0millions de cas<\/strong> de coronavirus est franchi dans le monde, et 947\u00a0000\u00a0d\u00e9c\u00e8s sont d\u00e9clar\u00e9s, selon les chiffres de l&rsquo;h\u00f4pital am\u00e9ricain de r\u00e9f\u00e9rence Johns-Hopkins.<\/li>\n<li><strong>Au 1er octobre<\/strong>, le cap du million de morts du Covid-19 dans le monde est franchi.<\/li>\n<li><strong>Au 9 novembre,<\/strong> plus de <strong>50 millions <\/strong>de personnes sont contamin\u00e9es par la Covid-19 dans le monde.\u00a0<\/li>\n<li><strong>Au<\/strong> <strong>10 novembre,<\/strong> les Etats-Unis ont d\u00e9pass\u00e9 les 10 millions de cas.<\/li>\n<li><strong>Au 15 novembre<\/strong>, le Mexique a d\u00e9pass\u00e9 le million de cas de Covid-19.<\/li>\n<li><strong>Au 17 novembre<\/strong>, la France a d\u00e9pass\u00e9 les 2 millions de cas Covid-19.\u00a0<\/li>\n<li><strong>Au 19 novembre,<\/strong> les Etats-Unis d\u00e9plorent plus de 250 000 morts de la Covid-19.<\/li>\n<li><strong>Au 26 novembre<\/strong>, plus de <strong>60 millions de personnes<\/strong> sont contamin\u00e9es dans le monde.<\/li>\n<li><strong>Le 9 d\u00e9cembre,<\/strong> les Etats-Unis franchissent le cap des <strong>15 millions de cas Covid-19.<\/strong>\u00a0<\/li>\n<li><strong>Le 14 d\u00e9cembre,<\/strong> plus de <strong>72 millions<\/strong> de personnes sont infect\u00e9es par la Covid-19 dans le monde.\u00a0<\/li>\n<\/ul>\n<\/td>\n<\/tr>\n<\/thead>\n<\/table>\n<h3><u>Sources :<\/u><\/h3>\n<h3>&#8211;\u00a0<a href=\"https:\/\/systems.jhu.edu\/research\/public-health\/ncov\/\" target=\"_blank\" rel=\"noopener noreferrer\">Universit\u00e9 John Hopkins<\/a><\/h3>\n<h3>&#8211;\u00a0<a href=\"https:\/\/www.ecdc.europa.eu\/en\/covid-19-pandemic\" target=\"_blank\" rel=\"noopener noreferrer\">ECDC<\/a><\/h3>\n<h3>&#8211; Flamb\u00e9e de maladie \u00e0 coronavirus 2019 ( Covid-19), <a href=\"https:\/\/www.who.int\/fr\/emergencies\/diseases\/novel-coronavirus-2019\" target=\"_blank\" rel=\"noopener noreferrer\">OMS\u00a0<\/a><\/h3>\n<\/p><\/div>\n<p><script async src=\"http:\/\/platform.twitter.com\/widgets.js\" charset=\"utf-8\"><\/script><br \/>\n<br \/>[ad_2]<br \/>\n<br \/><a href=\"https:\/\/sante.journaldesfemmes.fr\/fiches-maladies\/2657799-coronavirus-monde-mort-carte-chiffre-nombre-vaccination-europe-pfizer-direct\/\">Source link <\/a><\/p>\n","protected":false},"excerpt":{"rendered":"<p>[ad_1] COVID-19\u00a0MONDE. Plus de 80\u00a0millions de personnes ont \u00e9t\u00e9 contamin\u00e9es par le coronavirus \u00e0 travers le monde. Ce dimanche, l&rsquo;Europe &hellip; <a href=\"http:\/\/www.affinite.fr\/index.php\/2020\/12\/27\/premieres-vaccinations-dans-le-monde\/\" class=\"more-link\">Plus <span class=\"screen-reader-text\">premi\u00e8res vaccinations dans le monde<\/span> <span class=\"meta-nav\">&rarr;<\/span><\/a><\/p>\n","protected":false},"author":1,"featured_media":5720,"comment_status":"open","ping_status":"open","sticky":false,"template":"","format":"standard","meta":{"_sitemap_exclude":false,"_sitemap_priority":"","_sitemap_frequency":"","footnotes":""},"categories":[1],"tags":[],"class_list":["post-5719","post","type-post","status-publish","format-standard","has-post-thumbnail","hentry","category-tous"],"_links":{"self":[{"href":"http:\/\/www.affinite.fr\/index.php\/wp-json\/wp\/v2\/posts\/5719"}],"collection":[{"href":"http:\/\/www.affinite.fr\/index.php\/wp-json\/wp\/v2\/posts"}],"about":[{"href":"http:\/\/www.affinite.fr\/index.php\/wp-json\/wp\/v2\/types\/post"}],"author":[{"embeddable":true,"href":"http:\/\/www.affinite.fr\/index.php\/wp-json\/wp\/v2\/users\/1"}],"replies":[{"embeddable":true,"href":"http:\/\/www.affinite.fr\/index.php\/wp-json\/wp\/v2\/comments?post=5719"}],"version-history":[{"count":0,"href":"http:\/\/www.affinite.fr\/index.php\/wp-json\/wp\/v2\/posts\/5719\/revisions"}],"wp:featuredmedia":[{"embeddable":true,"href":"http:\/\/www.affinite.fr\/index.php\/wp-json\/wp\/v2\/media\/5720"}],"wp:attachment":[{"href":"http:\/\/www.affinite.fr\/index.php\/wp-json\/wp\/v2\/media?parent=5719"}],"wp:term":[{"taxonomy":"category","embeddable":true,"href":"http:\/\/www.affinite.fr\/index.php\/wp-json\/wp\/v2\/categories?post=5719"},{"taxonomy":"post_tag","embeddable":true,"href":"http:\/\/www.affinite.fr\/index.php\/wp-json\/wp\/v2\/tags?post=5719"}],"curies":[{"name":"wp","href":"https:\/\/api.w.org\/{rel}","templated":true}]}}