{"id":5717,"date":"2020-12-26T18:52:54","date_gmt":"2020-12-26T18:52:54","guid":{"rendered":"https:\/\/www.affinite.fr\/index.php\/2020\/12\/26\/le-gouvernement-adapte-le-baccalaureat-au-covid\/"},"modified":"2020-12-26T18:52:54","modified_gmt":"2020-12-26T18:52:54","slug":"le-gouvernement-adapte-le-baccalaureat-au-covid","status":"publish","type":"post","link":"http:\/\/www.affinite.fr\/index.php\/2020\/12\/26\/le-gouvernement-adapte-le-baccalaureat-au-covid\/","title":{"rendered":"le gouvernement adapte le baccalaur\u00e9at au covid"},"content":{"rendered":"<p> [ad_1]<br \/>\n<br \/><img decoding=\"async\" src=\"https:\/\/img-3.journaldesfemmes.fr\/wBJbvW8qIDEIMWWE2kUnd5oS-Bc=\/1280x\/smart\/7aef817fe72b4a3c94b41ba2cce6e60b\/ccmcms-jdf\/21093885.jpg\" \/><\/p>\n<p>\n                Une ordonnance publi\u00e9e au Journal Officiel permet au gouvernement d&rsquo;adapter les modalit\u00e9s du baccalaur\u00e9at 2021\u00a0en fonction de l&rsquo;\u00e9volution de la situation sanitaire en France, jusqu&rsquo;\u00e0 deux semaines avant le d\u00e9but des \u00e9preuves.            <\/p>\n<div>\n<div>\n<aside class=\"ccmsummary marqueur_module ccmcss_cms_summary ccmcss_cms_summary--right\">\n<p>Sommaire<\/p>\n<\/aside>\n<p><strong>[Mise \u00e0 jour du 26 d\u00e9cembre \u00e0 18h38].<\/strong>\u00a0Les <strong>modalit\u00e9s du baccalaur\u00e9at<\/strong> et autres dipl\u00f4mes de l&rsquo;enseignement sup\u00e9rieur\u00a0pourront \u00eatre <strong>adapt\u00e9es en fonction de l&rsquo;\u00e9volution de la situation sanitaire en France<\/strong>.\u00a0Une ordonnance publi\u00e9e ce 24 d\u00e9cembre au <a href=\"https:\/\/www.legifrance.gouv.fr\/jorf\/id\/JORFTEXT000042739670?tab_selection=all&amp;searchField=ALL&amp;query=modalit%C3%A9s+de+d%C3%A9livrance+des+dipl%C3%B4mes+de+l%27enseignement+sup%C3%A9rieur%2C+y+compris+le+baccalaur%C3%A9at&amp;searchType=ALL&amp;fonds=JORF&amp;typePagination=DEFAULT&amp;pageSize=10&amp;page=1&amp;tab_selection=all\" target=\"_blank\" rel=\"noopener noreferrer\">Journal Officiel<\/a>\u00a0permet au gouvernement d&rsquo;<strong>adapter les mesures jusqu&rsquo;\u00e0 deux semaines avant le d\u00e9but des \u00e9preuves<\/strong>. \u00ab\u00a0Les adaptations apport\u00e9es en application du pr\u00e9sent article sont port\u00e9es \u00e0 la connaissance des candidats par tout moyen dans un d\u00e9lai qui ne peut \u00eatre inf\u00e9rieur \u00e0 deux semaines avant le d\u00e9but des \u00e9preuves\u00a0\u00bb pr\u00e9cise l&rsquo;ordonnance\u00a0n\u00b02020-1694. En ce qui concerne les <strong>\u00e9preuves des examens ou des concours, <\/strong>\u00ab\u00a0ces adaptations peuvent porter, dans le respect du principe d&rsquo;\u00e9galit\u00e9 de traitement des candidats,<strong> sur leur nature, leur nombre, leur contenu, leur coefficient ou leurs conditions d&rsquo;organisation<\/strong>, qui peut notamment s&rsquo;effectuer de mani\u00e8re d\u00e9mat\u00e9rialis\u00e9e\u00a0\u00bb. Ce 21 d\u00e9cembre, \u00e0 l&rsquo;issue du Conseil des ministres, Gabriel Attal avait comment\u00e9 cette nouvelle mesure.\u00a0<em>\u00ab\u00a0Il s&rsquo;agit d&rsquo;anticiper et de nous permettre d&rsquo;adapter aux besoins, les modalit\u00e9s des concours et des examens d&rsquo;acc\u00e8s \u00e0 l&rsquo;enseignement sup\u00e9rieur, d&rsquo;obtention des dipl\u00f4mes et d&rsquo;acc\u00e8s \u00e0 la fonction publique, a-t-il expliqu\u00e9. <strong>Cette ordonnance inclut (&#8230;) le baccalaur\u00e9at et permet donc de l&rsquo;adapter si la situation sanitaire l&rsquo;imposait\u00a0\u00bb.<\/strong><\/em><\/p>\n<p>En novembre dernier, le minist\u00e8re de l&rsquo;<a href=\"https:\/\/www.journaldesfemmes.fr\/maman\/enfant\/2666343-education-de-l-enfant\/\" title=\"Education\">Education<\/a> nationale avait d\u00e9j\u00e0 annonc\u00e9 que le<strong> baccalaur\u00e9at 2020-2021<\/strong>\u00a0se passerait cette ann\u00e9e sous forme de <strong>contr\u00f4le continu, avec l&rsquo;annulation des \u00e9preuves communes<\/strong>.\u00a0<em>\u00ab\u00a0Pour tenir compte des cons\u00e9quences de la crise sanitaire sur les conditions de <strong>pr\u00e9paration du baccalaur\u00e9at g\u00e9n\u00e9ral et technologique,<\/strong> et afin de privil\u00e9gier le temps d&rsquo;apprentissage des lyc\u00e9ens dans cette p\u00e9riode fortement contrainte pour leur progression et l&rsquo;acquisition de nouvelles connaissances, Jean-Michel Blanquer a d\u00e9cid\u00e9 de mettre en place diff\u00e9rentes mesures, \u00e0 titre exceptionnel, pour <strong>l&rsquo;ann\u00e9e scolaire 2020-2021<\/strong><\/em>\u00ab\u00a0.<\/p>\n<ul>\n<li><strong>Les \u00e9valuations communes sont annul\u00e9es <\/strong>: les moyennes de bulletins scolaires des \u00e9l\u00e8ves de Premi\u00e8re et de Terminale seront donc prises en compte \u00e0 la place.<\/li>\n<li><strong>De quelles mati\u00e8res s&rsquo;agit-il ?<\/strong> Cette mesure concerne\u00a0<strong>l&rsquo;histoire-g\u00e9ographie, les langues vivantes, et la sp\u00e9cialit\u00e9<\/strong> qui n&rsquo;est pas poursuivie en terminale, ainsi que<strong> les math\u00e9matiques<\/strong> pour la voie technologique et <strong>l&rsquo;enseignement scientifique<\/strong> pour la voie g\u00e9n\u00e9rale.<\/li>\n<li><strong>Qui est concern\u00e9 ?<\/strong>\u00a0Elle concerne les \u00e9l\u00e8ves en terminale, inscrits pour la session 2021, comme les \u00e9l\u00e8ves en premi\u00e8re inscrits \u00e0 la session 2022, pour les \u00e9valuations communes pr\u00e9vues cette ann\u00e9e scolaire.<\/li>\n<\/ul>\n<p><strong>En mars 2021, les \u00e9preuves de sp\u00e9cialit\u00e9 sont maintenues, mais elles seront adapt\u00e9es<\/strong>. <em>\u00ab\u00a0Concr\u00e8tement, cela permettra la prise en compte des notes obtenues aux \u00e9preuves de sp\u00e9cialit\u00e9 au sein de Parcoursup, dont le calendrier sera inchang\u00e9<\/em>\u00ab\u00a0, pr\u00e9cise le minist\u00e8re de l&rsquo;Education.\u00a0Aussi, les \u00e9preuves seront adapt\u00e9es pour s&rsquo;assurer que les \u00e9l\u00e8ves seront interrog\u00e9s sur des \u00e9l\u00e9ments \u00e9tudi\u00e9s en classe.<\/p>\n<ul>\n<li><strong>Deux sujets ou des exercices au choix <\/strong>seront propos\u00e9s aux \u00e9l\u00e8ves afin de couvrir l&rsquo;ensemble des th\u00e9matiques \u00e9tudi\u00e9es,<\/li>\n<li>Dans chaque discipline, <strong>des r\u00e9f\u00e9rentiels sur les comp\u00e9tences et connaissances attendues <\/strong>pour ces \u00e9preuves seront publi\u00e9s.<\/li>\n<\/ul>\n<p><strong>Des grilles d&rsquo;\u00e9valuations<\/strong> pr\u00e9cises accompagneront ces sujets pour les correcteurs.<\/p>\n<p>Pour les candidats emp\u00each\u00e9s pour cause de force majeure aux \u00e9preuves de sp\u00e9cialit\u00e9 du mois de mars, <strong>les \u00e9preuves de remplacement auront lieu au mois de juin 2021.<\/strong><\/p>\n<p>Le minist\u00e8re de l&rsquo;Education avait d\u00e9voil\u00e9 le calendrier des \u00e9preuves du bac 2021 :<\/p>\n<table border=\"1\" cellpadding=\"1\" cellspacing=\"1\" style=\"width:100%;\">\n<tbody>\n<tr>\n<td>Epreuves communes annul\u00e9es\u00a0<\/td>\n<td>\u00a0<\/td>\n<\/tr>\n<tr>\n<td>Les \u00e9preuves finales pour les enseignements de sp\u00e9cialit\u00e9<\/td>\n<td>du 16\u00a0au 17\u00a0mars 2021 (et du 24\u00a0au 26\u00a0mars \u00e0 la R\u00e9union)<\/td>\n<\/tr>\n<tr>\n<td>Grand oral<\/td>\n<td>du 21\u00a0juin au 2\u00a0juillet 2021<\/td>\n<\/tr>\n<tr>\n<td>Epreuves de remplacement<\/td>\n<td>juin 2021<\/td>\n<\/tr>\n<tr>\n<td>R\u00e9sultats du baccalaur\u00e9at<\/td>\n<td>le 6 juillet<\/td>\n<\/tr>\n<tr>\n<td>Oraux de rattrapage<\/td>\n<td>du 7 au 9 juillet<\/td>\n<\/tr>\n<\/tbody>\n<\/table>\n<p>\u00a0A partir de quelle note obtient-on une mention ?\u00a0<\/p>\n<ul>\n<li><strong>Mention Assez bien <\/strong>pour une moyenne entre 12\u00a0et 14<\/li>\n<li><strong>Mention Bien<\/strong> : entre 14\u00a0et 16<\/li>\n<li><strong>Mention Tr\u00e8s bien<\/strong> : entre 16\u00a0et 18\u00a0;<\/li>\n<li><strong>Mention Tr\u00e8s bien avec les f\u00e9licitations du jury<\/strong> pour une moyenne sup\u00e9rieure \u00e0 18.<\/li>\n<\/ul>\n<\/div><\/div>\n<p>[ad_2]<br \/>\n<br \/><a href=\"https:\/\/www.journaldesfemmes.fr\/maman\/guide-des-parents\/1444813-bac-2021-adaptations-covid\/\">Source link <\/a><\/p>\n","protected":false},"excerpt":{"rendered":"<p>[ad_1] Une ordonnance publi\u00e9e au Journal Officiel permet au gouvernement d&rsquo;adapter les modalit\u00e9s du baccalaur\u00e9at 2021\u00a0en fonction de l&rsquo;\u00e9volution de &hellip; <a href=\"http:\/\/www.affinite.fr\/index.php\/2020\/12\/26\/le-gouvernement-adapte-le-baccalaureat-au-covid\/\" class=\"more-link\">Plus <span class=\"screen-reader-text\">le gouvernement adapte le baccalaur\u00e9at au covid<\/span> <span class=\"meta-nav\">&rarr;<\/span><\/a><\/p>\n","protected":false},"author":1,"featured_media":5718,"comment_status":"open","ping_status":"open","sticky":false,"template":"","format":"standard","meta":{"_sitemap_exclude":false,"_sitemap_priority":"","_sitemap_frequency":"","footnotes":""},"categories":[1],"tags":[],"class_list":["post-5717","post","type-post","status-publish","format-standard","has-post-thumbnail","hentry","category-tous"],"_links":{"self":[{"href":"http:\/\/www.affinite.fr\/index.php\/wp-json\/wp\/v2\/posts\/5717"}],"collection":[{"href":"http:\/\/www.affinite.fr\/index.php\/wp-json\/wp\/v2\/posts"}],"about":[{"href":"http:\/\/www.affinite.fr\/index.php\/wp-json\/wp\/v2\/types\/post"}],"author":[{"embeddable":true,"href":"http:\/\/www.affinite.fr\/index.php\/wp-json\/wp\/v2\/users\/1"}],"replies":[{"embeddable":true,"href":"http:\/\/www.affinite.fr\/index.php\/wp-json\/wp\/v2\/comments?post=5717"}],"version-history":[{"count":0,"href":"http:\/\/www.affinite.fr\/index.php\/wp-json\/wp\/v2\/posts\/5717\/revisions"}],"wp:featuredmedia":[{"embeddable":true,"href":"http:\/\/www.affinite.fr\/index.php\/wp-json\/wp\/v2\/media\/5718"}],"wp:attachment":[{"href":"http:\/\/www.affinite.fr\/index.php\/wp-json\/wp\/v2\/media?parent=5717"}],"wp:term":[{"taxonomy":"category","embeddable":true,"href":"http:\/\/www.affinite.fr\/index.php\/wp-json\/wp\/v2\/categories?post=5717"},{"taxonomy":"post_tag","embeddable":true,"href":"http:\/\/www.affinite.fr\/index.php\/wp-json\/wp\/v2\/tags?post=5717"}],"curies":[{"name":"wp","href":"https:\/\/api.w.org\/{rel}","templated":true}]}}